{"id":49335,"date":"2020-11-26T00:00:08","date_gmt":"2020-11-25T23:00:08","guid":{"rendered":"http:\/\/www.rassegnastampa-totustuus.it\/cattolica\/?p=49335"},"modified":"2020-11-25T11:41:54","modified_gmt":"2020-11-25T10:41:54","slug":"le-nde-esperienze-di-pre-morte-e-il-suicidio","status":"publish","type":"post","link":"https:\/\/www.rassegnastampa-totustuus.it\/cattolica\/le-nde-esperienze-di-pre-morte-e-il-suicidio\/","title":{"rendered":"Le NDE (esperienze di pre morte) e il suicidio"},"content":{"rendered":"<p style=\"text-align: center;\"><span style=\"color: #000000;\"><strong><a href=\"https:\/\/www.rassegnastampa-totustuus.it\/cattolica\/wp-content\/uploads\/2020\/11\/morte.jpg\"><img loading=\"lazy\" decoding=\"async\" class=\"size-medium wp-image-49339 alignleft\" src=\"https:\/\/www.rassegnastampa-totustuus.it\/cattolica\/wp-content\/uploads\/2020\/11\/morte-300x169.jpg\" alt=\"\" width=\"300\" height=\"169\" srcset=\"https:\/\/www.rassegnastampa-totustuus.it\/cattolica\/wp-content\/uploads\/2020\/11\/morte-300x169.jpg 300w, https:\/\/www.rassegnastampa-totustuus.it\/cattolica\/wp-content\/uploads\/2020\/11\/morte-768x432.jpg 768w, https:\/\/www.rassegnastampa-totustuus.it\/cattolica\/wp-content\/uploads\/2020\/11\/morte-1024x576.jpg 1024w, https:\/\/www.rassegnastampa-totustuus.it\/cattolica\/wp-content\/uploads\/2020\/11\/morte.jpg 1280w\" sizes=\"auto, (max-width: 300px) 100vw, 300px\" \/><\/a>Libert\u00e0 e Persona<\/strong> 21 Novembre 2020\u00a0<\/span><\/p>\n<p style=\"text-align: center;\"><span style=\"color: #000000;\">di<strong> Francesco Agnoli <\/strong><\/span><\/p>\n<p style=\"text-align: justify;\"><span style=\"color: #000000;\">Molti testi di medici americani, inglesi, olandesi, italiani\u2026 che si occupano di e<em>sperienze di pre morte<\/em> (NDE) riportano un fatto: i ritornati, in qualche caso persone che avevano tentato il suicidio, raccontano non solo di aver visto in faccia la morte e \u201cla vita oltre la vita\u201d, ma anche di aver compreso che questa vita terrena \u00e8 un \u201ccompito da assolvere\u201d, cui non ci si pu\u00f2 sottrarre, mentre il suicidio \u00e8 un gesto che all\u2019uomo non \u00e8 permesso. <\/span><\/p>\n<p><!--more--><\/p>\n<p style=\"text-align: justify;\"><span style=\"color: #000000;\">Lo scriveva gi\u00e0 il medico e filosofo Raymond A. Moody jr. nella postfazione al suo celebre <em>La vita oltre la vita<\/em>, il testo che per primo sollev\u00f2 la questione NDE: \u201c<em>Di particolare importanza sono stati i resoconti di esperienze di pre morte legate a tentativi di suicidio\u2026 Tutti, in una parola, dichiarano che le angosce alle quali avevano voluto sfuggire con il suicidio erano presenti, e in modo pi\u00f9 tempestoso anche dopo la \u2018morte\u2019.<\/em>..\u201d (R. Moody jr,\u00a0<em>La vita oltre la vita<\/em>, Mondadori, Milano, 1977). <\/span><\/p>\n<p style=\"text-align: justify;\"><span style=\"color: #000000;\"><a href=\"https:\/\/www.rassegnastampa-totustuus.it\/cattolica\/wp-content\/uploads\/2010\/12\/suicidio-1.jpg\"><img loading=\"lazy\" decoding=\"async\" class=\"size-full wp-image-33901 alignright\" src=\"https:\/\/www.rassegnastampa-totustuus.it\/cattolica\/wp-content\/uploads\/2010\/12\/suicidio-1.jpg\" alt=\"\" width=\"194\" height=\"259\" \/><\/a>Analogamente la studiosa Paola Giovetti afferma che la maggior parte di NDE negative, infernali, quelle in cui si sperimentano vuoto, terrore, solitudine assoluta\u2026 sono, nella sua esperienza e nelle sue indagini, <strong>successive ad un tentato suicidio<\/strong> (Paola Giovetti,\u00a0<em>NDE Near-Death Experiences: Testimonianze di esperienze in punto di morte,\u00a0<\/em>Mediterranee, Roma, 2014). <\/span><\/p>\n<p style=\"text-align: justify;\"><span style=\"color: #000000;\">La Giovetti nota inoltre che queste NDE, che iniziano, come si \u00e8 detto, in modo negativo, poi si trasformano, cos\u00eccch\u00e8 allo spavento iniziale subentra un senso di sollievo, come se fosse concessa una seconda possibilit\u00e0, come che al \u201critornante\u201d venisse detto: \u201c<em>Rischiavi la perdizione, ma ti \u00e8 data un\u2019altra chance<\/em>\u201c.<\/span><\/p>\n<p style=\"text-align: justify;\"><span style=\"color: #000000;\">Quanto al celebre studio sulle NDE di Pim van Lommel, il medico olandese ricorda che \u201c<em>almeno il 20% dei suicidi falliti riporta una NDE, che pu\u00f2 avere un impatto profondo e talora positivo sulle vite future di questi pazienti che sono spesso gravemente depressi. La Nde insegna loro che togliersi la vita non risolve affatto i problemi da cui cercavano di fuggire\u2026 ritentare un suicidio dopo una NDE \u00e8 un evento estremamente raro.<\/em>..\u201d (Pim van Lommel, <em>Coscienza oltre la vita,<\/em> Amrita, Torino, 2016). <\/span><\/p>\n<div id=\"attachment_49341\" style=\"width: 300px\" class=\"wp-caption alignleft\"><a href=\"https:\/\/www.rassegnastampa-totustuus.it\/cattolica\/wp-content\/uploads\/2020\/11\/Umberto_Scapagnini.jpg\"><img loading=\"lazy\" decoding=\"async\" aria-describedby=\"caption-attachment-49341\" class=\"wp-image-49341 size-medium\" src=\"https:\/\/www.rassegnastampa-totustuus.it\/cattolica\/wp-content\/uploads\/2020\/11\/Umberto_Scapagnini-300x168.jpg\" alt=\"\" width=\"300\" height=\"168\" \/><\/a><p id=\"caption-attachment-49341\" class=\"wp-caption-text\">Umberto_Scapagnini<\/p><\/div>\n<p style=\"text-align: justify;\"><span style=\"color: #000000;\">A tal riguardo, noi italiani possiamo citare un caso molto famoso, quello di <strong>Umberto Scapagnin<\/strong>i, autore di <em>Il cielo pu\u00f2 attendere <\/em>(2011)<em>, <\/em>nel quale egli stesso raccontava, seppur brevemente, di aver vissuto una esperienza di pre morte. Ma chi era Scapagnini? Un uomo di mondo, a tutto tondo: medico personale di Silvio Berlusconi alla ricerca dell\u2019elisir di lunga vita, per l\u2019uomo di Arcore e per s\u00e8 medesimo, amante della bella vita e delle donne, del successo e dei soldi, parlamentare, europarlamentare, due volte sindaco di Catania e neuroscienziato di fama mondiale (con cattedre in Italia, Belgio, California, al Mit di Boston, consulenze alla Nasa\u2026 )\u2026 <\/span><span style=\"color: #000000;\"><strong>Tutto, insomma, tranne che un mistico. <\/strong><\/span><span style=\"color: #000000;\"><strong>Fino al tumore, scoperto nel 2007, e alla citata NDE<\/strong>. <\/span><\/p>\n<p style=\"text-align: justify;\"><span style=\"color: #000000;\">Cos\u00ec, dopo il suo decesso nel 2013, il suo amico e giornalista Pierangelo Buttafuoco: \u201c<em>Beato lui che ebbe l\u2019intuizione dell\u2019immortalit\u00e0 per via di medicina\u2026 Beato lui che viaggi\u00f2 tanto, nei luoghi incontaminati del mondo\u2026 Apprezzato nella comunit\u00e0 dei ricercatori e invitato a tutte le pi\u00f9 belle feste, dovunque ci fosse la bellezza e la gioia di vivere, ci arriv\u00f2 lui e perci\u00f2 sempre beato lui. Beato lui che pratic\u00f2 tutti gli sport\u2026 Beato lui che ebbe accanto le donne tutte alte di calcagno<\/em>\u2026\u201d. E soprattutto: \u201cBeato lui che, un giorno, nel pieno del coma profondo \u2013 colpito da un tumore, quindi sfasciato da un terribile incidente automobilistico \u2013 si ritrov\u00f2 accanto padre Pio. Il santo gli strinse forte la mano, lo rimbrott\u00f2 a proposito di qualcosa e lo riport\u00f2 alle giornate sue\u201d (<em>Il foglio<\/em>, 2 aprile 2013). <\/span><\/p>\n<p style=\"text-align: justify;\"><span style=\"color: #000000;\"><a href=\"https:\/\/www.rassegnastampa-totustuus.it\/cattolica\/wp-content\/uploads\/2018\/05\/eutanasia.jpg\"><img loading=\"lazy\" decoding=\"async\" class=\" wp-image-40273 alignright\" src=\"https:\/\/www.rassegnastampa-totustuus.it\/cattolica\/wp-content\/uploads\/2018\/05\/eutanasia.jpg\" alt=\"\" width=\"320\" height=\"213\" \/><\/a>Rientrato in parlamento, dopo la Nde, nel 2009 Scapagnini si trov\u00f2 a dibattere un disegno di legge sul testamento biologico: lui che in precedenza si era dichiarato a favore dell\u2019eutanasia e della morte di Eluana Englaro, sostenne con forza, prima davanti ai suoi colleghi, poi sui giornali, che la vita non \u00e8 possesso dell\u2019uomo, e che il compito del medico \u00e8 sfuggire ogni forma di dominio, cio\u00e8 sia l\u2019accanimento terapeutico, sia la tentazione dell\u2019eutanasia. <\/span><\/p>\n<p style=\"text-align: justify;\"><span style=\"color: #000000;\">Cos\u00ec dichiar\u00f2, tra l\u2019altro, alla giornalista di\u00a0<em>Tempi<\/em>, Bendetta Frigerio, nell\u2019aprile 2011: \u201c<em>Sicuramente la visione che ho avuto durante il coma \u2013 mia madre e padre Pio che mi hanno detto che la vita vale la pena di essere vissuta fino in fondo e che si vive per fare la volont\u00e0 di Dio \u2013 mi ha dato forza e mi serve ora per vivere una vita pi\u00f9 vera di quella che facevo prima. Per\u00f2 se medici e parenti mi avessero \u201clasciato andare\u201d che ne sarebbe stato di me?\u2026 senza l\u2019amore dei miei cari e il miracolo che ho ricevuto non sarei qui, ma sarei morto anche se i medici avessero sospeso le cure o l\u2019alimentazione e l\u2019idratazione. Insomma, se il malato non lo consideri come un mistero ma come un morto solo perch\u00e9 non parla, non puoi curarlo bene, non usi bene la scienza: ammettere che chi hai di fronte non \u00e8 fatto solo di materia \u00e8 pi\u00f9 ragionevole e professionale<\/em>\u201c. <\/span><\/p>\n<p style=\"text-align: justify;\"><span style=\"color: #000000;\">Per approfondire:<\/span><span style=\"color: #0000ff;\"><a style=\"color: #0000ff;\" href=\"%20https:\/www.fontanadisiloe.it\/Libri\/Sorella-morte-corporale\" target=\"_blank\" rel=\"noopener noreferrer\"> https:\/\/www.fontanadisiloe.it\/Libri\/Sorella-morte-corporale<\/a><\/span><\/p>\n\n\n<p><\/p>\n","protected":false},"excerpt":{"rendered":"<p>Libert\u00e0 e Persona 21 Novembre 2020\u00a0 di Francesco Agnoli Molti testi di medici americani, inglesi, olandesi, italiani\u2026 che si occupano di esperienze di pre morte (NDE) riportano un fatto: i ritornati, in qualche caso persone che avevano tentato il suicidio, raccontano non solo di aver visto in faccia la morte e \u201cla vita oltre la &hellip; <\/p>\n<p><a class=\"more-link btn\" href=\"https:\/\/www.rassegnastampa-totustuus.it\/cattolica\/le-nde-esperienze-di-pre-morte-e-il-suicidio\/\">Continua a leggere<\/a><\/p>\n","protected":false},"author":6,"featured_media":49339,"comment_status":"closed","ping_status":"closed","sticky":false,"template":"","format":"standard","meta":{"footnotes":""},"categories":[42,55],"tags":[458,141,500,606],"class_list":["post-49335","post","type-post","status-publish","format-standard","has-post-thumbnail","hentry","category-dottrina-e-morale","category-eutanasia","tag-dottrina-e-morale-2","tag-eutanasia-2","tag-morte","tag-suicidio","item-wrap"],"yoast_head":"<!-- This site is optimized with the Yoast SEO plugin v27.5 - https:\/\/yoast.com\/product\/yoast-seo-wordpress\/ -->\n<title>Le NDE (esperienze di pre morte) e il suicidio - Rassegna Stampa Cattolica<\/title>\n<meta name=\"description\" content=\"Rassegna Stampa Cattolica - Per una cultura che nasce dalla Rivelazione cristiana in conformit\u00e0 alla tradizione e al Magistero della Chiesa in opposizione ad ogni relativismo e totalitarismo\" \/>\n<meta name=\"robots\" content=\"index, follow, max-snippet:-1, max-image-preview:large, max-video-preview:-1\" \/>\n<link rel=\"canonical\" href=\"https:\/\/www.rassegnastampa-totustuus.it\/cattolica\/le-nde-esperienze-di-pre-morte-e-il-suicidio\/\" \/>\n<meta property=\"og:locale\" content=\"it_IT\" \/>\n<meta property=\"og:type\" content=\"article\" \/>\n<meta property=\"og:title\" content=\"Le NDE (esperienze di pre morte) e il suicidio - Rassegna Stampa Cattolica\" \/>\n<meta property=\"og:description\" content=\"Rassegna Stampa Cattolica - Per una cultura che nasce dalla Rivelazione cristiana in conformit\u00e0 alla tradizione e al Magistero della Chiesa in opposizione ad ogni relativismo e totalitarismo\" \/>\n<meta property=\"og:url\" content=\"https:\/\/www.rassegnastampa-totustuus.it\/cattolica\/le-nde-esperienze-di-pre-morte-e-il-suicidio\/\" \/>\n<meta property=\"og:site_name\" content=\"Rassegna Stampa Cattolica\" \/>\n<meta property=\"article:publisher\" content=\"https:\/\/www.facebook.com\/rassegnastampacattolica\" \/>\n<meta property=\"article:published_time\" content=\"2020-11-25T23:00:08+00:00\" \/>\n<meta property=\"og:image\" content=\"https:\/\/www.rassegnastampa-totustuus.it\/cattolica\/wp-content\/uploads\/2020\/11\/morte.jpg\" \/>\n\t<meta property=\"og:image:width\" content=\"1280\" \/>\n\t<meta property=\"og:image:height\" content=\"720\" \/>\n\t<meta property=\"og:image:type\" content=\"image\/jpeg\" \/>\n<meta name=\"author\" content=\"Redazione\" \/>\n<meta name=\"twitter:card\" content=\"summary_large_image\" \/>\n<meta name=\"twitter:creator\" content=\"@rassegnastampa9\" \/>\n<meta name=\"twitter:site\" content=\"@rassegnastampa9\" \/>\n<meta name=\"twitter:label1\" content=\"Scritto da\" \/>\n\t<meta name=\"twitter:data1\" content=\"Redazione\" \/>\n\t<meta name=\"twitter:label2\" content=\"Tempo di lettura stimato\" \/>\n\t<meta name=\"twitter:data2\" content=\"4 minuti\" \/>\n<script type=\"application\/ld+json\" class=\"yoast-schema-graph\">{\"@context\":\"https:\\\/\\\/schema.org\",\"@graph\":[{\"@type\":\"Article\",\"@id\":\"https:\\\/\\\/www.rassegnastampa-totustuus.it\\\/cattolica\\\/le-nde-esperienze-di-pre-morte-e-il-suicidio\\\/#article\",\"isPartOf\":{\"@id\":\"https:\\\/\\\/www.rassegnastampa-totustuus.it\\\/cattolica\\\/le-nde-esperienze-di-pre-morte-e-il-suicidio\\\/\"},\"author\":{\"name\":\"Redazione\",\"@id\":\"https:\\\/\\\/www.rassegnastampa-totustuus.it\\\/cattolica\\\/#\\\/schema\\\/person\\\/08f319d2bd1a0904ad9e2bfb7b15e5c3\"},\"headline\":\"Le NDE (esperienze di pre morte) e il suicidio\",\"datePublished\":\"2020-11-25T23:00:08+00:00\",\"mainEntityOfPage\":{\"@id\":\"https:\\\/\\\/www.rassegnastampa-totustuus.it\\\/cattolica\\\/le-nde-esperienze-di-pre-morte-e-il-suicidio\\\/\"},\"wordCount\":863,\"publisher\":{\"@id\":\"https:\\\/\\\/www.rassegnastampa-totustuus.it\\\/cattolica\\\/#organization\"},\"image\":{\"@id\":\"https:\\\/\\\/www.rassegnastampa-totustuus.it\\\/cattolica\\\/le-nde-esperienze-di-pre-morte-e-il-suicidio\\\/#primaryimage\"},\"thumbnailUrl\":\"https:\\\/\\\/www.rassegnastampa-totustuus.it\\\/cattolica\\\/wp-content\\\/uploads\\\/2020\\\/11\\\/morte.jpg\",\"keywords\":[\"dottrina e morale\",\"eutanasia\",\"morte\",\"suicidio\"],\"articleSection\":[\"Dottrina e morale\",\"Eutanasia\"],\"inLanguage\":\"it-IT\"},{\"@type\":\"WebPage\",\"@id\":\"https:\\\/\\\/www.rassegnastampa-totustuus.it\\\/cattolica\\\/le-nde-esperienze-di-pre-morte-e-il-suicidio\\\/\",\"url\":\"https:\\\/\\\/www.rassegnastampa-totustuus.it\\\/cattolica\\\/le-nde-esperienze-di-pre-morte-e-il-suicidio\\\/\",\"name\":\"Le NDE (esperienze di pre morte) e il suicidio - Rassegna Stampa Cattolica\",\"isPartOf\":{\"@id\":\"https:\\\/\\\/www.rassegnastampa-totustuus.it\\\/cattolica\\\/#website\"},\"primaryImageOfPage\":{\"@id\":\"https:\\\/\\\/www.rassegnastampa-totustuus.it\\\/cattolica\\\/le-nde-esperienze-di-pre-morte-e-il-suicidio\\\/#primaryimage\"},\"image\":{\"@id\":\"https:\\\/\\\/www.rassegnastampa-totustuus.it\\\/cattolica\\\/le-nde-esperienze-di-pre-morte-e-il-suicidio\\\/#primaryimage\"},\"thumbnailUrl\":\"https:\\\/\\\/www.rassegnastampa-totustuus.it\\\/cattolica\\\/wp-content\\\/uploads\\\/2020\\\/11\\\/morte.jpg\",\"datePublished\":\"2020-11-25T23:00:08+00:00\",\"description\":\"Rassegna Stampa Cattolica - Per una cultura che nasce dalla Rivelazione cristiana in conformit\u00e0 alla tradizione e al Magistero della Chiesa in opposizione ad ogni relativismo e totalitarismo\",\"breadcrumb\":{\"@id\":\"https:\\\/\\\/www.rassegnastampa-totustuus.it\\\/cattolica\\\/le-nde-esperienze-di-pre-morte-e-il-suicidio\\\/#breadcrumb\"},\"inLanguage\":\"it-IT\",\"potentialAction\":[{\"@type\":\"ReadAction\",\"target\":[\"https:\\\/\\\/www.rassegnastampa-totustuus.it\\\/cattolica\\\/le-nde-esperienze-di-pre-morte-e-il-suicidio\\\/\"]}]},{\"@type\":\"ImageObject\",\"inLanguage\":\"it-IT\",\"@id\":\"https:\\\/\\\/www.rassegnastampa-totustuus.it\\\/cattolica\\\/le-nde-esperienze-di-pre-morte-e-il-suicidio\\\/#primaryimage\",\"url\":\"https:\\\/\\\/www.rassegnastampa-totustuus.it\\\/cattolica\\\/wp-content\\\/uploads\\\/2020\\\/11\\\/morte.jpg\",\"contentUrl\":\"https:\\\/\\\/www.rassegnastampa-totustuus.it\\\/cattolica\\\/wp-content\\\/uploads\\\/2020\\\/11\\\/morte.jpg\",\"width\":1280,\"height\":720},{\"@type\":\"BreadcrumbList\",\"@id\":\"https:\\\/\\\/www.rassegnastampa-totustuus.it\\\/cattolica\\\/le-nde-esperienze-di-pre-morte-e-il-suicidio\\\/#breadcrumb\",\"itemListElement\":[{\"@type\":\"ListItem\",\"position\":1,\"name\":\"Home\",\"item\":\"https:\\\/\\\/www.rassegnastampa-totustuus.it\\\/cattolica\\\/\"},{\"@type\":\"ListItem\",\"position\":2,\"name\":\"Le NDE (esperienze di pre morte) e il suicidio\"}]},{\"@type\":\"WebSite\",\"@id\":\"https:\\\/\\\/www.rassegnastampa-totustuus.it\\\/cattolica\\\/#website\",\"url\":\"https:\\\/\\\/www.rassegnastampa-totustuus.it\\\/cattolica\\\/\",\"name\":\"Rassegna Stampa Cattolica\",\"description\":\"Per una cultura che nasce dalla Rivelazione cristiana in conformit\u00e0 alla tradizione e al Magistero della Chiesa in opposizione ad ogni relativismo e totalitarismo\",\"publisher\":{\"@id\":\"https:\\\/\\\/www.rassegnastampa-totustuus.it\\\/cattolica\\\/#organization\"},\"alternateName\":\"Rass. Cattolica\",\"potentialAction\":[{\"@type\":\"SearchAction\",\"target\":{\"@type\":\"EntryPoint\",\"urlTemplate\":\"https:\\\/\\\/www.rassegnastampa-totustuus.it\\\/cattolica\\\/?s={search_term_string}\"},\"query-input\":{\"@type\":\"PropertyValueSpecification\",\"valueRequired\":true,\"valueName\":\"search_term_string\"}}],\"inLanguage\":\"it-IT\"},{\"@type\":\"Organization\",\"@id\":\"https:\\\/\\\/www.rassegnastampa-totustuus.it\\\/cattolica\\\/#organization\",\"name\":\"Rassegna Stampa Cattolica\",\"url\":\"https:\\\/\\\/www.rassegnastampa-totustuus.it\\\/cattolica\\\/\",\"logo\":{\"@type\":\"ImageObject\",\"inLanguage\":\"it-IT\",\"@id\":\"https:\\\/\\\/www.rassegnastampa-totustuus.it\\\/cattolica\\\/#\\\/schema\\\/logo\\\/image\\\/\",\"url\":\"https:\\\/\\\/www.rassegnastampa-totustuus.it\\\/cattolica\\\/wp-content\\\/uploads\\\/2014\\\/04\\\/logo-rassegna1.gif\",\"contentUrl\":\"https:\\\/\\\/www.rassegnastampa-totustuus.it\\\/cattolica\\\/wp-content\\\/uploads\\\/2014\\\/04\\\/logo-rassegna1.gif\",\"width\":600,\"height\":163,\"caption\":\"Rassegna Stampa Cattolica\"},\"image\":{\"@id\":\"https:\\\/\\\/www.rassegnastampa-totustuus.it\\\/cattolica\\\/#\\\/schema\\\/logo\\\/image\\\/\"},\"sameAs\":[\"https:\\\/\\\/www.facebook.com\\\/rassegnastampacattolica\",\"https:\\\/\\\/x.com\\\/rassegnastampa9\"]},{\"@type\":\"Person\",\"@id\":\"https:\\\/\\\/www.rassegnastampa-totustuus.it\\\/cattolica\\\/#\\\/schema\\\/person\\\/08f319d2bd1a0904ad9e2bfb7b15e5c3\",\"name\":\"Redazione\",\"image\":{\"@type\":\"ImageObject\",\"inLanguage\":\"it-IT\",\"@id\":\"https:\\\/\\\/secure.gravatar.com\\\/avatar\\\/2fcdf27c78ea025fbdb44e914cc63c72249ffec9dc8aafd5c82b26240ef3f346?s=96&d=mm&r=g\",\"url\":\"https:\\\/\\\/secure.gravatar.com\\\/avatar\\\/2fcdf27c78ea025fbdb44e914cc63c72249ffec9dc8aafd5c82b26240ef3f346?s=96&d=mm&r=g\",\"contentUrl\":\"https:\\\/\\\/secure.gravatar.com\\\/avatar\\\/2fcdf27c78ea025fbdb44e914cc63c72249ffec9dc8aafd5c82b26240ef3f346?s=96&d=mm&r=g\",\"caption\":\"Redazione\"},\"url\":\"https:\\\/\\\/www.rassegnastampa-totustuus.it\\\/cattolica\\\/author\\\/pietroelle\\\/\"}]}<\/script>\n<!-- \/ Yoast SEO plugin. -->","yoast_head_json":{"title":"Le NDE (esperienze di pre morte) e il suicidio - Rassegna Stampa Cattolica","description":"Rassegna Stampa Cattolica - Per una cultura che nasce dalla Rivelazione cristiana in conformit\u00e0 alla tradizione e al Magistero della Chiesa in opposizione ad ogni relativismo e totalitarismo","robots":{"index":"index","follow":"follow","max-snippet":"max-snippet:-1","max-image-preview":"max-image-preview:large","max-video-preview":"max-video-preview:-1"},"canonical":"https:\/\/www.rassegnastampa-totustuus.it\/cattolica\/le-nde-esperienze-di-pre-morte-e-il-suicidio\/","og_locale":"it_IT","og_type":"article","og_title":"Le NDE (esperienze di pre morte) e il suicidio - Rassegna Stampa Cattolica","og_description":"Rassegna Stampa Cattolica - Per una cultura che nasce dalla Rivelazione cristiana in conformit\u00e0 alla tradizione e al Magistero della Chiesa in opposizione ad ogni relativismo e totalitarismo","og_url":"https:\/\/www.rassegnastampa-totustuus.it\/cattolica\/le-nde-esperienze-di-pre-morte-e-il-suicidio\/","og_site_name":"Rassegna Stampa Cattolica","article_publisher":"https:\/\/www.facebook.com\/rassegnastampacattolica","article_published_time":"2020-11-25T23:00:08+00:00","og_image":[{"width":1280,"height":720,"url":"https:\/\/www.rassegnastampa-totustuus.it\/cattolica\/wp-content\/uploads\/2020\/11\/morte.jpg","type":"image\/jpeg"}],"author":"Redazione","twitter_card":"summary_large_image","twitter_creator":"@rassegnastampa9","twitter_site":"@rassegnastampa9","twitter_misc":{"Scritto da":"Redazione","Tempo di lettura stimato":"4 minuti"},"schema":{"@context":"https:\/\/schema.org","@graph":[{"@type":"Article","@id":"https:\/\/www.rassegnastampa-totustuus.it\/cattolica\/le-nde-esperienze-di-pre-morte-e-il-suicidio\/#article","isPartOf":{"@id":"https:\/\/www.rassegnastampa-totustuus.it\/cattolica\/le-nde-esperienze-di-pre-morte-e-il-suicidio\/"},"author":{"name":"Redazione","@id":"https:\/\/www.rassegnastampa-totustuus.it\/cattolica\/#\/schema\/person\/08f319d2bd1a0904ad9e2bfb7b15e5c3"},"headline":"Le NDE (esperienze di pre morte) e il suicidio","datePublished":"2020-11-25T23:00:08+00:00","mainEntityOfPage":{"@id":"https:\/\/www.rassegnastampa-totustuus.it\/cattolica\/le-nde-esperienze-di-pre-morte-e-il-suicidio\/"},"wordCount":863,"publisher":{"@id":"https:\/\/www.rassegnastampa-totustuus.it\/cattolica\/#organization"},"image":{"@id":"https:\/\/www.rassegnastampa-totustuus.it\/cattolica\/le-nde-esperienze-di-pre-morte-e-il-suicidio\/#primaryimage"},"thumbnailUrl":"https:\/\/www.rassegnastampa-totustuus.it\/cattolica\/wp-content\/uploads\/2020\/11\/morte.jpg","keywords":["dottrina e morale","eutanasia","morte","suicidio"],"articleSection":["Dottrina e morale","Eutanasia"],"inLanguage":"it-IT"},{"@type":"WebPage","@id":"https:\/\/www.rassegnastampa-totustuus.it\/cattolica\/le-nde-esperienze-di-pre-morte-e-il-suicidio\/","url":"https:\/\/www.rassegnastampa-totustuus.it\/cattolica\/le-nde-esperienze-di-pre-morte-e-il-suicidio\/","name":"Le NDE (esperienze di pre morte) e il suicidio - Rassegna Stampa Cattolica","isPartOf":{"@id":"https:\/\/www.rassegnastampa-totustuus.it\/cattolica\/#website"},"primaryImageOfPage":{"@id":"https:\/\/www.rassegnastampa-totustuus.it\/cattolica\/le-nde-esperienze-di-pre-morte-e-il-suicidio\/#primaryimage"},"image":{"@id":"https:\/\/www.rassegnastampa-totustuus.it\/cattolica\/le-nde-esperienze-di-pre-morte-e-il-suicidio\/#primaryimage"},"thumbnailUrl":"https:\/\/www.rassegnastampa-totustuus.it\/cattolica\/wp-content\/uploads\/2020\/11\/morte.jpg","datePublished":"2020-11-25T23:00:08+00:00","description":"Rassegna Stampa Cattolica - Per una cultura che nasce dalla Rivelazione cristiana in conformit\u00e0 alla tradizione e al Magistero della Chiesa in opposizione ad ogni relativismo e totalitarismo","breadcrumb":{"@id":"https:\/\/www.rassegnastampa-totustuus.it\/cattolica\/le-nde-esperienze-di-pre-morte-e-il-suicidio\/#breadcrumb"},"inLanguage":"it-IT","potentialAction":[{"@type":"ReadAction","target":["https:\/\/www.rassegnastampa-totustuus.it\/cattolica\/le-nde-esperienze-di-pre-morte-e-il-suicidio\/"]}]},{"@type":"ImageObject","inLanguage":"it-IT","@id":"https:\/\/www.rassegnastampa-totustuus.it\/cattolica\/le-nde-esperienze-di-pre-morte-e-il-suicidio\/#primaryimage","url":"https:\/\/www.rassegnastampa-totustuus.it\/cattolica\/wp-content\/uploads\/2020\/11\/morte.jpg","contentUrl":"https:\/\/www.rassegnastampa-totustuus.it\/cattolica\/wp-content\/uploads\/2020\/11\/morte.jpg","width":1280,"height":720},{"@type":"BreadcrumbList","@id":"https:\/\/www.rassegnastampa-totustuus.it\/cattolica\/le-nde-esperienze-di-pre-morte-e-il-suicidio\/#breadcrumb","itemListElement":[{"@type":"ListItem","position":1,"name":"Home","item":"https:\/\/www.rassegnastampa-totustuus.it\/cattolica\/"},{"@type":"ListItem","position":2,"name":"Le NDE (esperienze di pre morte) e il suicidio"}]},{"@type":"WebSite","@id":"https:\/\/www.rassegnastampa-totustuus.it\/cattolica\/#website","url":"https:\/\/www.rassegnastampa-totustuus.it\/cattolica\/","name":"Rassegna Stampa Cattolica","description":"Per una cultura che nasce dalla Rivelazione cristiana in conformit\u00e0 alla tradizione e al Magistero della Chiesa in opposizione ad ogni relativismo e totalitarismo","publisher":{"@id":"https:\/\/www.rassegnastampa-totustuus.it\/cattolica\/#organization"},"alternateName":"Rass. Cattolica","potentialAction":[{"@type":"SearchAction","target":{"@type":"EntryPoint","urlTemplate":"https:\/\/www.rassegnastampa-totustuus.it\/cattolica\/?s={search_term_string}"},"query-input":{"@type":"PropertyValueSpecification","valueRequired":true,"valueName":"search_term_string"}}],"inLanguage":"it-IT"},{"@type":"Organization","@id":"https:\/\/www.rassegnastampa-totustuus.it\/cattolica\/#organization","name":"Rassegna Stampa Cattolica","url":"https:\/\/www.rassegnastampa-totustuus.it\/cattolica\/","logo":{"@type":"ImageObject","inLanguage":"it-IT","@id":"https:\/\/www.rassegnastampa-totustuus.it\/cattolica\/#\/schema\/logo\/image\/","url":"https:\/\/www.rassegnastampa-totustuus.it\/cattolica\/wp-content\/uploads\/2014\/04\/logo-rassegna1.gif","contentUrl":"https:\/\/www.rassegnastampa-totustuus.it\/cattolica\/wp-content\/uploads\/2014\/04\/logo-rassegna1.gif","width":600,"height":163,"caption":"Rassegna Stampa Cattolica"},"image":{"@id":"https:\/\/www.rassegnastampa-totustuus.it\/cattolica\/#\/schema\/logo\/image\/"},"sameAs":["https:\/\/www.facebook.com\/rassegnastampacattolica","https:\/\/x.com\/rassegnastampa9"]},{"@type":"Person","@id":"https:\/\/www.rassegnastampa-totustuus.it\/cattolica\/#\/schema\/person\/08f319d2bd1a0904ad9e2bfb7b15e5c3","name":"Redazione","image":{"@type":"ImageObject","inLanguage":"it-IT","@id":"https:\/\/secure.gravatar.com\/avatar\/2fcdf27c78ea025fbdb44e914cc63c72249ffec9dc8aafd5c82b26240ef3f346?s=96&d=mm&r=g","url":"https:\/\/secure.gravatar.com\/avatar\/2fcdf27c78ea025fbdb44e914cc63c72249ffec9dc8aafd5c82b26240ef3f346?s=96&d=mm&r=g","contentUrl":"https:\/\/secure.gravatar.com\/avatar\/2fcdf27c78ea025fbdb44e914cc63c72249ffec9dc8aafd5c82b26240ef3f346?s=96&d=mm&r=g","caption":"Redazione"},"url":"https:\/\/www.rassegnastampa-totustuus.it\/cattolica\/author\/pietroelle\/"}]}},"_links":{"self":[{"href":"https:\/\/www.rassegnastampa-totustuus.it\/cattolica\/wp-json\/wp\/v2\/posts\/49335","targetHints":{"allow":["GET"]}}],"collection":[{"href":"https:\/\/www.rassegnastampa-totustuus.it\/cattolica\/wp-json\/wp\/v2\/posts"}],"about":[{"href":"https:\/\/www.rassegnastampa-totustuus.it\/cattolica\/wp-json\/wp\/v2\/types\/post"}],"author":[{"embeddable":true,"href":"https:\/\/www.rassegnastampa-totustuus.it\/cattolica\/wp-json\/wp\/v2\/users\/6"}],"replies":[{"embeddable":true,"href":"https:\/\/www.rassegnastampa-totustuus.it\/cattolica\/wp-json\/wp\/v2\/comments?post=49335"}],"version-history":[{"count":3,"href":"https:\/\/www.rassegnastampa-totustuus.it\/cattolica\/wp-json\/wp\/v2\/posts\/49335\/revisions"}],"predecessor-version":[{"id":49342,"href":"https:\/\/www.rassegnastampa-totustuus.it\/cattolica\/wp-json\/wp\/v2\/posts\/49335\/revisions\/49342"}],"wp:featuredmedia":[{"embeddable":true,"href":"https:\/\/www.rassegnastampa-totustuus.it\/cattolica\/wp-json\/wp\/v2\/media\/49339"}],"wp:attachment":[{"href":"https:\/\/www.rassegnastampa-totustuus.it\/cattolica\/wp-json\/wp\/v2\/media?parent=49335"}],"wp:term":[{"taxonomy":"category","embeddable":true,"href":"https:\/\/www.rassegnastampa-totustuus.it\/cattolica\/wp-json\/wp\/v2\/categories?post=49335"},{"taxonomy":"post_tag","embeddable":true,"href":"https:\/\/www.rassegnastampa-totustuus.it\/cattolica\/wp-json\/wp\/v2\/tags?post=49335"}],"curies":[{"name":"wp","href":"https:\/\/api.w.org\/{rel}","templated":true}]}}