{"id":49323,"date":"2020-11-26T00:00:00","date_gmt":"2020-11-25T23:00:00","guid":{"rendered":"http:\/\/www.rassegnastampa-totustuus.it\/cattolica\/?p=49323"},"modified":"2020-11-25T11:07:20","modified_gmt":"2020-11-25T10:07:20","slug":"eli-e-i-suoi-32-fratellastri","status":"publish","type":"post","link":"https:\/\/www.rassegnastampa-totustuus.it\/cattolica\/eli-e-i-suoi-32-fratellastri\/","title":{"rendered":"Eli e i suoi 32 fratellastri"},"content":{"rendered":"<p style=\"text-align: center;\"><span style=\"color: #000000;\"><strong><a href=\"https:\/\/www.rassegnastampa-totustuus.it\/cattolica\/wp-content\/uploads\/2020\/11\/giovani_solitudine.jpg\"><img loading=\"lazy\" decoding=\"async\" class=\"size-medium wp-image-49324 alignright\" src=\"https:\/\/www.rassegnastampa-totustuus.it\/cattolica\/wp-content\/uploads\/2020\/11\/giovani_solitudine-300x214.jpg\" alt=\"\" width=\"300\" height=\"214\" srcset=\"https:\/\/www.rassegnastampa-totustuus.it\/cattolica\/wp-content\/uploads\/2020\/11\/giovani_solitudine-300x214.jpg 300w, https:\/\/www.rassegnastampa-totustuus.it\/cattolica\/wp-content\/uploads\/2020\/11\/giovani_solitudine.jpg 350w\" sizes=\"auto, (max-width: 300px) 100vw, 300px\" \/><\/a>International Family News<\/strong> <\/span><\/p>\n<p style=\"text-align: center;\"><span style=\"color: #000000;\">23 Novembre 2020 <\/span><\/p>\n<p style=\"text-align: justify;\"><span style=\"color: #000000;\"><em>Storia della cavia di un esperimento lesbico di donazione del seme. Fino a quando dovremo sopportare questi orrori?<\/em> <\/span><\/p>\n<p style=\"text-align: center;\"><span style=\"color: #000000;\">di <strong>Giacomo Bertoni <\/strong><\/span><\/p>\n<p><!--more--><\/p>\n<p style=\"text-align: justify;\"><span style=\"color: #000000;\">Da dove veniamo? Chi siamo? Dove andiamo? Forse il dipinto di Paul Gauguin (1848-1903), realizzato nel 1897 e oggi conservato al Museum of Fine Arts di Boston, \u00e8 la migliore descrizione dello smarrimento che ha provato Eli Baden-Lasar il giorno del suo undicesimo compleanno. <\/span><\/p>\n<p style=\"text-align: justify;\"><span style=\"color: #000000;\">Eli \u00e8 un giovane di Oakland, in California. L\u00ec oggi frequenta il secondo anno della Wesleyan University. Classe 1998, \u00e8 cresciuto in una coppia di donne e fin da piccolo gli \u00e8 stato comunicato che suo padre era un donatore di seme. Anonimo. <\/span><\/p>\n<p style=\"text-align: justify;\"><span style=\"color: #000000;\"><a href=\"https:\/\/www.rassegnastampa-totustuus.it\/cattolica\/wp-content\/uploads\/2020\/11\/giovani_solitudine-1.jpg\"><img loading=\"lazy\" decoding=\"async\" class=\"size-full wp-image-49325 alignleft\" src=\"https:\/\/www.rassegnastampa-totustuus.it\/cattolica\/wp-content\/uploads\/2020\/11\/giovani_solitudine-1.jpg\" alt=\"\" width=\"272\" height=\"185\" \/><\/a>Quando compie 11 anni per\u00f2 le domande iniziano a diventare prepotenti e il bisogno di conoscere le proprie radici prende il sopravvento: chiede maggiori informazioni su suo padre e le donne che lo hanno cresciuto gli danno una copia del questionario che il donatore aveva compilato al momento della registrazione nella banca del seme. <\/span><\/p>\n<p style=\"text-align: justify;\"><span style=\"color: #000000;\">Per Eli quel foglio freddo e precompilato ha un valore inestimabile, tanto che inizia a portarlo con s\u00e9 nello zaino, a scuola, a toccarlo di tanto in tanto. <\/span><\/p>\n<p style=\"text-align: justify;\"><span style=\"color: #000000;\"><strong>Un foglio pieno di domande <\/strong><\/span><\/p>\n<p style=\"text-align: justify;\"><span style=\"color: #000000;\">\u00abC\u2019era questo senso del tatto\u2026 Questa persona aveva usato la mano per rispondere a queste domande; potevo vedere dove aveva cancellato le cose. Non che fossi cos\u00ec disperato nell\u2019immaginare chi fosse; bastava avere la prova che era reale, invischiato in quello che sono e tuttavia, come quel documento mostrava, totalmente separato. <\/span><\/p>\n<p style=\"text-align: justify;\"><span style=\"color: #000000;\"><a href=\"https:\/\/www.rassegnastampa-totustuus.it\/cattolica\/wp-content\/uploads\/2009\/03\/adozioni_gay.jpg\"><img loading=\"lazy\" decoding=\"async\" class=\" wp-image-26578 alignright\" src=\"https:\/\/www.rassegnastampa-totustuus.it\/cattolica\/wp-content\/uploads\/2009\/03\/adozioni_gay.jpg\" alt=\"\" width=\"316\" height=\"201\" \/><\/a>La forma lo rendeva concreto, anche se imperscrutabile\u00bb, confida Eli a Susan Dominus il 20 giugno del 2019, realizzando cos\u00ec<\/span> <span style=\"color: #0000ff;\"><a style=\"color: #0000ff;\" href=\"https:\/\/www.nytimes.com\/interactive\/2019\/06\/26\/magazine\/sperm-donor-siblings.html\" target=\"_blank\" rel=\"noreferrer noopener\">un incredibile <em>reportage<\/em> per <em>The New York Times<\/em><\/a><\/span>. <span style=\"color: #000000;\">Gli anni passano, Eli trascorre un semestre in un <em>college<\/em> a New York e stringe amicizia con un ragazzo, Gus Lumb. Con il tempo, l\u2019amicizia si fa pi\u00f9 profonda e arriva la confidenza sulle proprie origini. <\/span><\/p>\n<p style=\"text-align: justify;\"><span style=\"color: #000000;\">Con grande sorpresa Eli scopre che anche Gus ha un padre donatore di seme ed \u00e8 cresciuto in una coppia di donne. Entrambi sono registrati alla California Cryobank, dunque si scambiano i codici dei donatori il cui seme li ha messi al mondo. Sono fratellastri. \u00ab\u00c8 stato un momento di gioia, ma anche di orrore\u00bb, racconta Eli. <\/span><\/p>\n<p style=\"text-align: justify;\"><span style=\"color: #000000;\">\u00abNel nostro programma di apprendimento esperienziale, ci veniva costantemente chiesto di scrivere saggi personali per cercare di capire le nostre vite. Per quattro mesi lo abbiamo fatto leggendo il lavoro l\u2019uno dell\u2019altro e dormendo sullo stesso piano di un dormitorio, senza sapere che eravamo fratellastri\u00bb. <\/span><\/p>\n<p style=\"text-align: justify;\"><span style=\"color: #000000;\"><strong>Cavia in un esperimento <\/strong><\/span><\/p>\n<p style=\"text-align: justify;\"><span style=\"color: #000000;\"><a href=\"https:\/\/www.rassegnastampa-totustuus.it\/cattolica\/wp-content\/uploads\/2013\/11\/adozioni_gay.jpg\"><img loading=\"lazy\" decoding=\"async\" class=\" wp-image-7195 alignleft\" src=\"https:\/\/www.rassegnastampa-totustuus.it\/cattolica\/wp-content\/uploads\/2013\/11\/adozioni_gay.jpg\" alt=\"\" width=\"321\" height=\"229\" \/><\/a>Eli inizia a sentirsi parte di un esperimento molto pi\u00f9 grande di lui, anche se con Gus non si crea nessun legame indissolubile e i due si perdono presto di vista. La sorella di Gus per\u00f2, Izzy, aveva fatto qualche ricerca per motivi medici dopo una brutta appendicite scoprendo che \u00abci sono tonnellate di fratelli\u00bb. Lo riferisce cos\u00ec a Eli e per il giovane \u00e8 uno <em>shock<\/em>. <\/span><\/p>\n<p style=\"text-align: justify;\"><span style=\"color: #000000;\">Il trauma per\u00f2 non lo devasta completamente, anzi, lo spinge a reagire: si arma di una\u00a0<em>view camera<\/em>\u00a0e parte per scattare foto ai fratellastri. Con lui, inizialmente, viaggia anche Ruby, la sorella minore, concepita utilizzando un donatore diverso dal suo. Eli fa ricerche su ricerche e, appena scopre un fratellastro, lo raggiunge, se ne fa raccontare la storia e lo fotografa. <\/span><\/p>\n<p style=\"text-align: justify;\"><span style=\"color: #000000;\">Ogni fotografia, impaginata in modo perfetto da\u00a0<em>The New York Times<\/em>, sembra essere un ramo di quell\u2019albero genealogico che la vita sembrava avergli negato. Il tentativo di riscattare il proprio diritto a sapere, a conoscersi, a chiamarsi per nome. \u00abCi sono alcune cose su una persona che non puoi capire senza vedere il luogo in cui \u00e8 cresciuta\u00bb, racconta Eli, per questo vuole raggiungere tutti di persona, per questo scatta con una macchina fotografica cos\u00ec antiquata, che richiede oltre un\u2019ora di preparazione per scattare la foto. <\/span><\/p>\n<p style=\"text-align: justify;\"><span style=\"color: #000000;\"><a href=\"https:\/\/www.rassegnastampa-totustuus.it\/cattolica\/wp-content\/uploads\/2020\/11\/folla_anonima_massa.jpg\"><img loading=\"lazy\" decoding=\"async\" class=\" wp-image-49326 alignright\" src=\"https:\/\/www.rassegnastampa-totustuus.it\/cattolica\/wp-content\/uploads\/2020\/11\/folla_anonima_massa.jpg\" alt=\"\" width=\"310\" height=\"206\" \/><\/a>Il risultato \u00e8 sconvolgente: le foto sono reali, vere, vive. Sono tutto il contrario delle foto in serie, degli scatti fatti con lo <em>smartphone<\/em>, delle cartoline. Sono uniche. Ma trasmettono una drammaticit\u00e0 potente. Un senso di disperazione che rende la lettura di questo straordinario reportage un viaggio nella vita di Eli. <\/span><\/p>\n<p style=\"text-align: justify;\"><span style=\"color: #000000;\">Il messaggio lanciato dalle grandi banche del seme \u00e8 ben diverso, e a questo Eli si oppone: \u00abUn messaggio chiaro, semplice e commerciale sull\u2019aiutare le famiglie e annunci che presentano i donatori come supereroi, i loro futuri bambini come geni. Io invece volevo produrre qualcosa che fosse esaustivo e travolgente, che complicasse il messaggio dell\u2019industria, che confutasse qualsiasi semplice narrativa\u00bb.<\/span><\/p>\n<p style=\"text-align: justify;\"><span style=\"color: #000000;\"> <strong>\u00abProdotto in serie\u00bb <\/strong><\/span><\/p>\n<p style=\"text-align: justify;\"><span style=\"color: #000000;\">Eli viaggia per 10 mesi, attraversa 16 Stati e fotografa i 32 fratellastri: \u00abDi tanto in tanto vedevo qualcosa di inquietante a proposito di me stesso in uno degli altri fratelli che poteva rimescolare completamente il mio senso del s\u00e9, il modo in cui il collo di una persona diventava chiazzato quando era a disagio o il modo in cui un altro si mordeva il labbro. Una volta ho sentito una risata tra fratelli ed era cos\u00ec tanto la mia risata che mi ha fatto rizzare i capelli sulla nuca\u00bb. <\/span><\/p>\n<p style=\"text-align: justify;\"><span style=\"color: #000000;\"><a href=\"https:\/\/www.rassegnastampa-totustuus.it\/cattolica\/wp-content\/uploads\/2020\/11\/bambini_demografia_neonati.jpg\"><img loading=\"lazy\" decoding=\"async\" class=\" wp-image-49333 alignleft\" src=\"https:\/\/www.rassegnastampa-totustuus.it\/cattolica\/wp-content\/uploads\/2020\/11\/bambini_demografia_neonati-300x169.jpg\" alt=\"\" width=\"357\" height=\"201\" srcset=\"https:\/\/www.rassegnastampa-totustuus.it\/cattolica\/wp-content\/uploads\/2020\/11\/bambini_demografia_neonati-300x169.jpg 300w, https:\/\/www.rassegnastampa-totustuus.it\/cattolica\/wp-content\/uploads\/2020\/11\/bambini_demografia_neonati-768x432.jpg 768w, https:\/\/www.rassegnastampa-totustuus.it\/cattolica\/wp-content\/uploads\/2020\/11\/bambini_demografia_neonati-1024x576.jpg 1024w, https:\/\/www.rassegnastampa-totustuus.it\/cattolica\/wp-content\/uploads\/2020\/11\/bambini_demografia_neonati.jpg 1280w\" sizes=\"auto, (max-width: 357px) 100vw, 357px\" \/><\/a>Anche il lettore non pu\u00f2 fare a meno di cercare queste somiglianze scorrendo le foto: quello sguardo, quell\u2019espressione, il mento, il sorriso che tarda ad arrivare. Su questa ricerca aleggiava la presenza del donatore, che Eli definisce \u00abquasi una figura spettrale che si libra sopra le nostre vite\u00bb. Izzy riesce a ricuperare un audio del donatore, pagando un <em>extra<\/em> alle banche del seme \u00e8 possibile ottenere questionari pi\u00f9 estesi e <em>file<\/em> audio.<\/span><\/p>\n<p style=\"text-align: justify;\"><span style=\"color: #000000;\"> Al termine dell\u2019intervista registrata prima della donazione l\u2019uomo, parlando dei futuri possibili figli, dice: \u00abAuguro loro ogni fortuna\u00bb.\u00a0 Eli ha ritrovato 33 fratellastri, 32 hanno accettato di incontrarlo e di farsi fotografare. Ma dice che potrebbero essercene altri, e questo accresce un sentimento provato dai figli di donatori anonimi: \u00ab[\u2026] la nostra paranoia per il fatto che potremmo camminare accanto a fratelli tutto il tempo senza saperlo\u00bb. <\/span><\/p>\n<p style=\"text-align: justify;\"><span style=\"color: #000000;\">L\u2019idea continua e onnipresente che lo sconosciuto seduto di fronte sulla metropolitana possa essere un fratellastro. Eli e i suoi fratellastri stanno chiudendo nell\u2019armadio i simboli della propria adolescenza, come i vestiti per la festa di fine anno o i giocattoli che ha voluto immortalare. Eppure sulle loro vite continuano ad aleggiare domande e speranze che forse non avranno mai ristoro.<\/span><\/p>\n","protected":false},"excerpt":{"rendered":"<p>International Family News 23 Novembre 2020 Storia della cavia di un esperimento lesbico di donazione del seme. Fino a quando dovremo sopportare questi orrori? di Giacomo Bertoni<\/p><p><a class=\"more-link btn\" href=\"https:\/\/www.rassegnastampa-totustuus.it\/cattolica\/eli-e-i-suoi-32-fratellastri\/\">Continua a leggere<\/a><\/p>\n","protected":false},"author":6,"featured_media":49333,"comment_status":"closed","ping_status":"closed","sticky":false,"template":"","format":"standard","meta":{"footnotes":""},"categories":[4],"tags":[602,2388,360],"class_list":["post-49323","post","type-post","status-publish","format-standard","has-post-thumbnail","hentry","category-bioetica","tag-adozioni-gay","tag-bioetica","tag-fecondazione-artificiale","item-wrap"],"yoast_head":"<!-- This site is optimized with the Yoast SEO plugin v27.5 - https:\/\/yoast.com\/product\/yoast-seo-wordpress\/ -->\n<title>Eli e i suoi 32 fratellastri - Rassegna Stampa Cattolica<\/title>\n<meta name=\"description\" content=\"Rassegna Stampa Cattolica - Per una cultura che nasce dalla Rivelazione cristiana in conformit\u00e0 alla tradizione e al Magistero della Chiesa in opposizione ad ogni relativismo e totalitarismo\" \/>\n<meta name=\"robots\" content=\"index, follow, max-snippet:-1, max-image-preview:large, max-video-preview:-1\" \/>\n<link rel=\"canonical\" href=\"https:\/\/www.rassegnastampa-totustuus.it\/cattolica\/eli-e-i-suoi-32-fratellastri\/\" \/>\n<meta property=\"og:locale\" content=\"it_IT\" \/>\n<meta property=\"og:type\" content=\"article\" \/>\n<meta property=\"og:title\" content=\"Eli e i suoi 32 fratellastri - Rassegna Stampa Cattolica\" \/>\n<meta property=\"og:description\" content=\"Rassegna Stampa Cattolica - Per una cultura che nasce dalla Rivelazione cristiana in conformit\u00e0 alla tradizione e al Magistero della Chiesa in opposizione ad ogni relativismo e totalitarismo\" \/>\n<meta property=\"og:url\" content=\"https:\/\/www.rassegnastampa-totustuus.it\/cattolica\/eli-e-i-suoi-32-fratellastri\/\" \/>\n<meta property=\"og:site_name\" content=\"Rassegna Stampa Cattolica\" \/>\n<meta property=\"article:publisher\" content=\"https:\/\/www.facebook.com\/rassegnastampacattolica\" \/>\n<meta property=\"article:published_time\" content=\"2020-11-25T23:00:00+00:00\" \/>\n<meta property=\"og:image\" content=\"https:\/\/www.rassegnastampa-totustuus.it\/cattolica\/wp-content\/uploads\/2020\/11\/bambini_demografia_neonati.jpg\" \/>\n\t<meta property=\"og:image:width\" content=\"1280\" \/>\n\t<meta property=\"og:image:height\" content=\"720\" \/>\n\t<meta property=\"og:image:type\" content=\"image\/jpeg\" \/>\n<meta name=\"author\" content=\"Redazione\" \/>\n<meta name=\"twitter:card\" content=\"summary_large_image\" \/>\n<meta name=\"twitter:creator\" content=\"@rassegnastampa9\" \/>\n<meta name=\"twitter:site\" content=\"@rassegnastampa9\" \/>\n<meta name=\"twitter:label1\" content=\"Scritto da\" \/>\n\t<meta name=\"twitter:data1\" content=\"Redazione\" \/>\n\t<meta name=\"twitter:label2\" content=\"Tempo di lettura stimato\" \/>\n\t<meta name=\"twitter:data2\" content=\"5 minuti\" \/>\n<script type=\"application\/ld+json\" class=\"yoast-schema-graph\">{\"@context\":\"https:\\\/\\\/schema.org\",\"@graph\":[{\"@type\":\"Article\",\"@id\":\"https:\\\/\\\/www.rassegnastampa-totustuus.it\\\/cattolica\\\/eli-e-i-suoi-32-fratellastri\\\/#article\",\"isPartOf\":{\"@id\":\"https:\\\/\\\/www.rassegnastampa-totustuus.it\\\/cattolica\\\/eli-e-i-suoi-32-fratellastri\\\/\"},\"author\":{\"name\":\"Redazione\",\"@id\":\"https:\\\/\\\/www.rassegnastampa-totustuus.it\\\/cattolica\\\/#\\\/schema\\\/person\\\/08f319d2bd1a0904ad9e2bfb7b15e5c3\"},\"headline\":\"Eli e i suoi 32 fratellastri\",\"datePublished\":\"2020-11-25T23:00:00+00:00\",\"mainEntityOfPage\":{\"@id\":\"https:\\\/\\\/www.rassegnastampa-totustuus.it\\\/cattolica\\\/eli-e-i-suoi-32-fratellastri\\\/\"},\"wordCount\":1036,\"publisher\":{\"@id\":\"https:\\\/\\\/www.rassegnastampa-totustuus.it\\\/cattolica\\\/#organization\"},\"image\":{\"@id\":\"https:\\\/\\\/www.rassegnastampa-totustuus.it\\\/cattolica\\\/eli-e-i-suoi-32-fratellastri\\\/#primaryimage\"},\"thumbnailUrl\":\"https:\\\/\\\/www.rassegnastampa-totustuus.it\\\/cattolica\\\/wp-content\\\/uploads\\\/2020\\\/11\\\/bambini_demografia_neonati.jpg\",\"keywords\":[\"adozioni gay\",\"Bioetica\",\"fecondazione artificiale\"],\"articleSection\":[\"Bioetica\"],\"inLanguage\":\"it-IT\"},{\"@type\":\"WebPage\",\"@id\":\"https:\\\/\\\/www.rassegnastampa-totustuus.it\\\/cattolica\\\/eli-e-i-suoi-32-fratellastri\\\/\",\"url\":\"https:\\\/\\\/www.rassegnastampa-totustuus.it\\\/cattolica\\\/eli-e-i-suoi-32-fratellastri\\\/\",\"name\":\"Eli e i suoi 32 fratellastri - Rassegna Stampa Cattolica\",\"isPartOf\":{\"@id\":\"https:\\\/\\\/www.rassegnastampa-totustuus.it\\\/cattolica\\\/#website\"},\"primaryImageOfPage\":{\"@id\":\"https:\\\/\\\/www.rassegnastampa-totustuus.it\\\/cattolica\\\/eli-e-i-suoi-32-fratellastri\\\/#primaryimage\"},\"image\":{\"@id\":\"https:\\\/\\\/www.rassegnastampa-totustuus.it\\\/cattolica\\\/eli-e-i-suoi-32-fratellastri\\\/#primaryimage\"},\"thumbnailUrl\":\"https:\\\/\\\/www.rassegnastampa-totustuus.it\\\/cattolica\\\/wp-content\\\/uploads\\\/2020\\\/11\\\/bambini_demografia_neonati.jpg\",\"datePublished\":\"2020-11-25T23:00:00+00:00\",\"description\":\"Rassegna Stampa Cattolica - Per una cultura che nasce dalla Rivelazione cristiana in conformit\u00e0 alla tradizione e al Magistero della Chiesa in opposizione ad ogni relativismo e totalitarismo\",\"breadcrumb\":{\"@id\":\"https:\\\/\\\/www.rassegnastampa-totustuus.it\\\/cattolica\\\/eli-e-i-suoi-32-fratellastri\\\/#breadcrumb\"},\"inLanguage\":\"it-IT\",\"potentialAction\":[{\"@type\":\"ReadAction\",\"target\":[\"https:\\\/\\\/www.rassegnastampa-totustuus.it\\\/cattolica\\\/eli-e-i-suoi-32-fratellastri\\\/\"]}]},{\"@type\":\"ImageObject\",\"inLanguage\":\"it-IT\",\"@id\":\"https:\\\/\\\/www.rassegnastampa-totustuus.it\\\/cattolica\\\/eli-e-i-suoi-32-fratellastri\\\/#primaryimage\",\"url\":\"https:\\\/\\\/www.rassegnastampa-totustuus.it\\\/cattolica\\\/wp-content\\\/uploads\\\/2020\\\/11\\\/bambini_demografia_neonati.jpg\",\"contentUrl\":\"https:\\\/\\\/www.rassegnastampa-totustuus.it\\\/cattolica\\\/wp-content\\\/uploads\\\/2020\\\/11\\\/bambini_demografia_neonati.jpg\",\"width\":1280,\"height\":720},{\"@type\":\"BreadcrumbList\",\"@id\":\"https:\\\/\\\/www.rassegnastampa-totustuus.it\\\/cattolica\\\/eli-e-i-suoi-32-fratellastri\\\/#breadcrumb\",\"itemListElement\":[{\"@type\":\"ListItem\",\"position\":1,\"name\":\"Home\",\"item\":\"https:\\\/\\\/www.rassegnastampa-totustuus.it\\\/cattolica\\\/\"},{\"@type\":\"ListItem\",\"position\":2,\"name\":\"Eli e i suoi 32 fratellastri\"}]},{\"@type\":\"WebSite\",\"@id\":\"https:\\\/\\\/www.rassegnastampa-totustuus.it\\\/cattolica\\\/#website\",\"url\":\"https:\\\/\\\/www.rassegnastampa-totustuus.it\\\/cattolica\\\/\",\"name\":\"Rassegna Stampa Cattolica\",\"description\":\"Per una cultura che nasce dalla Rivelazione cristiana in conformit\u00e0 alla tradizione e al Magistero della Chiesa in opposizione ad ogni relativismo e totalitarismo\",\"publisher\":{\"@id\":\"https:\\\/\\\/www.rassegnastampa-totustuus.it\\\/cattolica\\\/#organization\"},\"alternateName\":\"Rass. Cattolica\",\"potentialAction\":[{\"@type\":\"SearchAction\",\"target\":{\"@type\":\"EntryPoint\",\"urlTemplate\":\"https:\\\/\\\/www.rassegnastampa-totustuus.it\\\/cattolica\\\/?s={search_term_string}\"},\"query-input\":{\"@type\":\"PropertyValueSpecification\",\"valueRequired\":true,\"valueName\":\"search_term_string\"}}],\"inLanguage\":\"it-IT\"},{\"@type\":\"Organization\",\"@id\":\"https:\\\/\\\/www.rassegnastampa-totustuus.it\\\/cattolica\\\/#organization\",\"name\":\"Rassegna Stampa Cattolica\",\"url\":\"https:\\\/\\\/www.rassegnastampa-totustuus.it\\\/cattolica\\\/\",\"logo\":{\"@type\":\"ImageObject\",\"inLanguage\":\"it-IT\",\"@id\":\"https:\\\/\\\/www.rassegnastampa-totustuus.it\\\/cattolica\\\/#\\\/schema\\\/logo\\\/image\\\/\",\"url\":\"https:\\\/\\\/www.rassegnastampa-totustuus.it\\\/cattolica\\\/wp-content\\\/uploads\\\/2014\\\/04\\\/logo-rassegna1.gif\",\"contentUrl\":\"https:\\\/\\\/www.rassegnastampa-totustuus.it\\\/cattolica\\\/wp-content\\\/uploads\\\/2014\\\/04\\\/logo-rassegna1.gif\",\"width\":600,\"height\":163,\"caption\":\"Rassegna Stampa Cattolica\"},\"image\":{\"@id\":\"https:\\\/\\\/www.rassegnastampa-totustuus.it\\\/cattolica\\\/#\\\/schema\\\/logo\\\/image\\\/\"},\"sameAs\":[\"https:\\\/\\\/www.facebook.com\\\/rassegnastampacattolica\",\"https:\\\/\\\/x.com\\\/rassegnastampa9\"]},{\"@type\":\"Person\",\"@id\":\"https:\\\/\\\/www.rassegnastampa-totustuus.it\\\/cattolica\\\/#\\\/schema\\\/person\\\/08f319d2bd1a0904ad9e2bfb7b15e5c3\",\"name\":\"Redazione\",\"image\":{\"@type\":\"ImageObject\",\"inLanguage\":\"it-IT\",\"@id\":\"https:\\\/\\\/secure.gravatar.com\\\/avatar\\\/2fcdf27c78ea025fbdb44e914cc63c72249ffec9dc8aafd5c82b26240ef3f346?s=96&d=mm&r=g\",\"url\":\"https:\\\/\\\/secure.gravatar.com\\\/avatar\\\/2fcdf27c78ea025fbdb44e914cc63c72249ffec9dc8aafd5c82b26240ef3f346?s=96&d=mm&r=g\",\"contentUrl\":\"https:\\\/\\\/secure.gravatar.com\\\/avatar\\\/2fcdf27c78ea025fbdb44e914cc63c72249ffec9dc8aafd5c82b26240ef3f346?s=96&d=mm&r=g\",\"caption\":\"Redazione\"},\"url\":\"https:\\\/\\\/www.rassegnastampa-totustuus.it\\\/cattolica\\\/author\\\/pietroelle\\\/\"}]}<\/script>\n<!-- \/ Yoast SEO plugin. -->","yoast_head_json":{"title":"Eli e i suoi 32 fratellastri - Rassegna Stampa Cattolica","description":"Rassegna Stampa Cattolica - Per una cultura che nasce dalla Rivelazione cristiana in conformit\u00e0 alla tradizione e al Magistero della Chiesa in opposizione ad ogni relativismo e totalitarismo","robots":{"index":"index","follow":"follow","max-snippet":"max-snippet:-1","max-image-preview":"max-image-preview:large","max-video-preview":"max-video-preview:-1"},"canonical":"https:\/\/www.rassegnastampa-totustuus.it\/cattolica\/eli-e-i-suoi-32-fratellastri\/","og_locale":"it_IT","og_type":"article","og_title":"Eli e i suoi 32 fratellastri - Rassegna Stampa Cattolica","og_description":"Rassegna Stampa Cattolica - Per una cultura che nasce dalla Rivelazione cristiana in conformit\u00e0 alla tradizione e al Magistero della Chiesa in opposizione ad ogni relativismo e totalitarismo","og_url":"https:\/\/www.rassegnastampa-totustuus.it\/cattolica\/eli-e-i-suoi-32-fratellastri\/","og_site_name":"Rassegna Stampa Cattolica","article_publisher":"https:\/\/www.facebook.com\/rassegnastampacattolica","article_published_time":"2020-11-25T23:00:00+00:00","og_image":[{"width":1280,"height":720,"url":"https:\/\/www.rassegnastampa-totustuus.it\/cattolica\/wp-content\/uploads\/2020\/11\/bambini_demografia_neonati.jpg","type":"image\/jpeg"}],"author":"Redazione","twitter_card":"summary_large_image","twitter_creator":"@rassegnastampa9","twitter_site":"@rassegnastampa9","twitter_misc":{"Scritto da":"Redazione","Tempo di lettura stimato":"5 minuti"},"schema":{"@context":"https:\/\/schema.org","@graph":[{"@type":"Article","@id":"https:\/\/www.rassegnastampa-totustuus.it\/cattolica\/eli-e-i-suoi-32-fratellastri\/#article","isPartOf":{"@id":"https:\/\/www.rassegnastampa-totustuus.it\/cattolica\/eli-e-i-suoi-32-fratellastri\/"},"author":{"name":"Redazione","@id":"https:\/\/www.rassegnastampa-totustuus.it\/cattolica\/#\/schema\/person\/08f319d2bd1a0904ad9e2bfb7b15e5c3"},"headline":"Eli e i suoi 32 fratellastri","datePublished":"2020-11-25T23:00:00+00:00","mainEntityOfPage":{"@id":"https:\/\/www.rassegnastampa-totustuus.it\/cattolica\/eli-e-i-suoi-32-fratellastri\/"},"wordCount":1036,"publisher":{"@id":"https:\/\/www.rassegnastampa-totustuus.it\/cattolica\/#organization"},"image":{"@id":"https:\/\/www.rassegnastampa-totustuus.it\/cattolica\/eli-e-i-suoi-32-fratellastri\/#primaryimage"},"thumbnailUrl":"https:\/\/www.rassegnastampa-totustuus.it\/cattolica\/wp-content\/uploads\/2020\/11\/bambini_demografia_neonati.jpg","keywords":["adozioni gay","Bioetica","fecondazione artificiale"],"articleSection":["Bioetica"],"inLanguage":"it-IT"},{"@type":"WebPage","@id":"https:\/\/www.rassegnastampa-totustuus.it\/cattolica\/eli-e-i-suoi-32-fratellastri\/","url":"https:\/\/www.rassegnastampa-totustuus.it\/cattolica\/eli-e-i-suoi-32-fratellastri\/","name":"Eli e i suoi 32 fratellastri - Rassegna Stampa Cattolica","isPartOf":{"@id":"https:\/\/www.rassegnastampa-totustuus.it\/cattolica\/#website"},"primaryImageOfPage":{"@id":"https:\/\/www.rassegnastampa-totustuus.it\/cattolica\/eli-e-i-suoi-32-fratellastri\/#primaryimage"},"image":{"@id":"https:\/\/www.rassegnastampa-totustuus.it\/cattolica\/eli-e-i-suoi-32-fratellastri\/#primaryimage"},"thumbnailUrl":"https:\/\/www.rassegnastampa-totustuus.it\/cattolica\/wp-content\/uploads\/2020\/11\/bambini_demografia_neonati.jpg","datePublished":"2020-11-25T23:00:00+00:00","description":"Rassegna Stampa Cattolica - Per una cultura che nasce dalla Rivelazione cristiana in conformit\u00e0 alla tradizione e al Magistero della Chiesa in opposizione ad ogni relativismo e totalitarismo","breadcrumb":{"@id":"https:\/\/www.rassegnastampa-totustuus.it\/cattolica\/eli-e-i-suoi-32-fratellastri\/#breadcrumb"},"inLanguage":"it-IT","potentialAction":[{"@type":"ReadAction","target":["https:\/\/www.rassegnastampa-totustuus.it\/cattolica\/eli-e-i-suoi-32-fratellastri\/"]}]},{"@type":"ImageObject","inLanguage":"it-IT","@id":"https:\/\/www.rassegnastampa-totustuus.it\/cattolica\/eli-e-i-suoi-32-fratellastri\/#primaryimage","url":"https:\/\/www.rassegnastampa-totustuus.it\/cattolica\/wp-content\/uploads\/2020\/11\/bambini_demografia_neonati.jpg","contentUrl":"https:\/\/www.rassegnastampa-totustuus.it\/cattolica\/wp-content\/uploads\/2020\/11\/bambini_demografia_neonati.jpg","width":1280,"height":720},{"@type":"BreadcrumbList","@id":"https:\/\/www.rassegnastampa-totustuus.it\/cattolica\/eli-e-i-suoi-32-fratellastri\/#breadcrumb","itemListElement":[{"@type":"ListItem","position":1,"name":"Home","item":"https:\/\/www.rassegnastampa-totustuus.it\/cattolica\/"},{"@type":"ListItem","position":2,"name":"Eli e i suoi 32 fratellastri"}]},{"@type":"WebSite","@id":"https:\/\/www.rassegnastampa-totustuus.it\/cattolica\/#website","url":"https:\/\/www.rassegnastampa-totustuus.it\/cattolica\/","name":"Rassegna Stampa Cattolica","description":"Per una cultura che nasce dalla Rivelazione cristiana in conformit\u00e0 alla tradizione e al Magistero della Chiesa in opposizione ad ogni relativismo e totalitarismo","publisher":{"@id":"https:\/\/www.rassegnastampa-totustuus.it\/cattolica\/#organization"},"alternateName":"Rass. Cattolica","potentialAction":[{"@type":"SearchAction","target":{"@type":"EntryPoint","urlTemplate":"https:\/\/www.rassegnastampa-totustuus.it\/cattolica\/?s={search_term_string}"},"query-input":{"@type":"PropertyValueSpecification","valueRequired":true,"valueName":"search_term_string"}}],"inLanguage":"it-IT"},{"@type":"Organization","@id":"https:\/\/www.rassegnastampa-totustuus.it\/cattolica\/#organization","name":"Rassegna Stampa Cattolica","url":"https:\/\/www.rassegnastampa-totustuus.it\/cattolica\/","logo":{"@type":"ImageObject","inLanguage":"it-IT","@id":"https:\/\/www.rassegnastampa-totustuus.it\/cattolica\/#\/schema\/logo\/image\/","url":"https:\/\/www.rassegnastampa-totustuus.it\/cattolica\/wp-content\/uploads\/2014\/04\/logo-rassegna1.gif","contentUrl":"https:\/\/www.rassegnastampa-totustuus.it\/cattolica\/wp-content\/uploads\/2014\/04\/logo-rassegna1.gif","width":600,"height":163,"caption":"Rassegna Stampa Cattolica"},"image":{"@id":"https:\/\/www.rassegnastampa-totustuus.it\/cattolica\/#\/schema\/logo\/image\/"},"sameAs":["https:\/\/www.facebook.com\/rassegnastampacattolica","https:\/\/x.com\/rassegnastampa9"]},{"@type":"Person","@id":"https:\/\/www.rassegnastampa-totustuus.it\/cattolica\/#\/schema\/person\/08f319d2bd1a0904ad9e2bfb7b15e5c3","name":"Redazione","image":{"@type":"ImageObject","inLanguage":"it-IT","@id":"https:\/\/secure.gravatar.com\/avatar\/2fcdf27c78ea025fbdb44e914cc63c72249ffec9dc8aafd5c82b26240ef3f346?s=96&d=mm&r=g","url":"https:\/\/secure.gravatar.com\/avatar\/2fcdf27c78ea025fbdb44e914cc63c72249ffec9dc8aafd5c82b26240ef3f346?s=96&d=mm&r=g","contentUrl":"https:\/\/secure.gravatar.com\/avatar\/2fcdf27c78ea025fbdb44e914cc63c72249ffec9dc8aafd5c82b26240ef3f346?s=96&d=mm&r=g","caption":"Redazione"},"url":"https:\/\/www.rassegnastampa-totustuus.it\/cattolica\/author\/pietroelle\/"}]}},"_links":{"self":[{"href":"https:\/\/www.rassegnastampa-totustuus.it\/cattolica\/wp-json\/wp\/v2\/posts\/49323","targetHints":{"allow":["GET"]}}],"collection":[{"href":"https:\/\/www.rassegnastampa-totustuus.it\/cattolica\/wp-json\/wp\/v2\/posts"}],"about":[{"href":"https:\/\/www.rassegnastampa-totustuus.it\/cattolica\/wp-json\/wp\/v2\/types\/post"}],"author":[{"embeddable":true,"href":"https:\/\/www.rassegnastampa-totustuus.it\/cattolica\/wp-json\/wp\/v2\/users\/6"}],"replies":[{"embeddable":true,"href":"https:\/\/www.rassegnastampa-totustuus.it\/cattolica\/wp-json\/wp\/v2\/comments?post=49323"}],"version-history":[{"count":3,"href":"https:\/\/www.rassegnastampa-totustuus.it\/cattolica\/wp-json\/wp\/v2\/posts\/49323\/revisions"}],"predecessor-version":[{"id":49334,"href":"https:\/\/www.rassegnastampa-totustuus.it\/cattolica\/wp-json\/wp\/v2\/posts\/49323\/revisions\/49334"}],"wp:featuredmedia":[{"embeddable":true,"href":"https:\/\/www.rassegnastampa-totustuus.it\/cattolica\/wp-json\/wp\/v2\/media\/49333"}],"wp:attachment":[{"href":"https:\/\/www.rassegnastampa-totustuus.it\/cattolica\/wp-json\/wp\/v2\/media?parent=49323"}],"wp:term":[{"taxonomy":"category","embeddable":true,"href":"https:\/\/www.rassegnastampa-totustuus.it\/cattolica\/wp-json\/wp\/v2\/categories?post=49323"},{"taxonomy":"post_tag","embeddable":true,"href":"https:\/\/www.rassegnastampa-totustuus.it\/cattolica\/wp-json\/wp\/v2\/tags?post=49323"}],"curies":[{"name":"wp","href":"https:\/\/api.w.org\/{rel}","templated":true}]}}