{"id":4929,"date":"2012-03-09T11:54:18","date_gmt":"2012-03-09T10:54:18","guid":{"rendered":""},"modified":"2015-04-23T09:27:49","modified_gmt":"2015-04-23T07:27:49","slug":"il-regime-dei-predoni","status":"publish","type":"post","link":"https:\/\/www.rassegnastampa-totustuus.it\/cattolica\/il-regime-dei-predoni\/","title":{"rendered":"Il regime dei predoni"},"content":{"rendered":"<div style=\"text-align: center;\"><strong><a href=\"https:\/\/www.rassegnastampa-totustuus.it\/cattolica\/wp-content\/uploads\/2012\/03\/Tripoli_2015.jpg\"><img loading=\"lazy\" decoding=\"async\" class=\"alignright wp-image-23680\" src=\"https:\/\/www.rassegnastampa-totustuus.it\/cattolica\/wp-content\/uploads\/2012\/03\/Tripoli_2015.jpg\" alt=\"Tripoli_2015\" width=\"250\" height=\"140\" \/><\/a>Tempi<\/strong> n.10 14 marzo 2012<\/div>\n<p style=\"text-align: justify;\"><em>Reportage da Tripoli un anno dopo la rivolta che ha messo fine al regime di Gheddafi. Cos\u00ec vendette, razzie e scontri fra trib\u00f9 rivali insanguinano la strada verso le prime elezioni della nuova Libia. Un paese fuori controllo<br \/>\n<\/em><\/p>\n<p style=\"text-align: center;\">da Tripoli <strong>Sergio Bianchi<\/strong><\/p>\n<p><!--more--><\/p>\n<div style=\"text-align: justify;\">Avevo lasciato Tripoli un anno fa. L&#8217;ultima immagine che ho negli occhi sono i lampi rosso-blu e le colonne di fumo che si alzavano imponenti in cielo per i bombardamenti Nato, facendo tremare i vetri dell&#8217;hotel Rixos. Un anno dopo i gheddafiani, che coloravano di verde le piazze e le strade della Libia, sono spariti.<\/div>\n<p style=\"text-align: justify;\">Come per il nostro 25 luglio, dalla sconfitta politico-militare sgorga oggi un fiume di sangue, una scia infinita di vendette e lutti. A un&#8217;amica, che per sicurezza chiamiamo solo Samira, hanno rapito il cognato qualche giorno fa, il 18 febbraio. Era sulla strada dell&#8217;aeroporto con moglie e tre figli. In pieno giorno una banda di shabab li ha bloccati, ha immobilizzato l&#8217;autista, strappato l&#8217;anziano uomo dalla macchina e lo ha caricato di peso sul pick-up con la scritta &#8220;Katibah Zintan&#8221;. Sabato scorso anche la moglie \u00e8 stata presa mentre si recava a un appuntamento con i rapitori, una banda di guerriglieri che si \u00e8 insediata in una lussuosa villa &#8220;sequestrata&#8221; nelle vicinanze dell&#8217;aeroporto. Tutti sanno chi sono, ma avvicinarsi \u00e8 impossibile.<\/p>\n<p style=\"text-align: justify;\">\u00abLi ho cercati, mia sorella e suo marito, in tutte le carceri. Niente\u00bb, ci dice Samira. \u00abHo fatto denunce all&#8217;ufficio di Mustaf\u00e0 Abdel Jalil, il presidente, di Abdel Rahim al-Kib, il capo del governo provvisorio, e ho personalmente telefonato ai ministri pi\u00f9 importanti. Nessuno pu\u00f2 fare niente. Sono disperata, oramai siamo solo farisah, prede\u00bb, balbetta la donna, con lo sguardo terrorizzato.<\/p>\n<p style=\"text-align: justify;\">Ci sono una decina di prigioni segrete solo a Tripoli, tutte porte spalancate verso l&#8217;inferno. Il clima \u00e8 pesante. Tripoli \u00e8 in mano a circa 250 bande di miliziani armati fino ai denti, che fanno posti di blocco, rubano auto, violentano donne e spesso saccheggiano con l&#8217;alibi della rivoluzione. Intendono chiaramente far valere le proprie armi e il proprio peso nell&#8217;equilibrio del nuovo potere, al di l\u00e0 di come andranno le elezioni.<\/p>\n<p style=\"text-align: justify;\">I pi\u00f9 pericolosi sono gli zintani, gli ex straccioni dei monti Nafusa, che hanno fatto capitolare Gheddafi a Tripoli. Sono una decina di kata&#8217;ib (brigate) che occupano l&#8217;area dell&#8217;aeroporto e le strade che conducono al centro della capitale. \u00abNon intendiamo andarcene da Tripoli perch\u00e9 noi difendiamo la rivoluzione\u00bb, ci dice un loro leader militare che incontriamo fra gli specchi e gli stucchi dorati della sala convegni del Rixos, dove sembra essersi perfettamente ambientato.<\/p>\n<p style=\"text-align: justify;\">L&#8217;altra potente milizia \u00e8 quella dei misrati, i guerriglieri della citt\u00e0-stato, che oramai opera fuori dal controllo del sistema politico nazionale, ha un proprio aeroporto, collegamenti diretti con vari paesi esteri e sollecita perfino l&#8217;ambasciata italiana ad aprire un consolato in citt\u00e0. I guerriglieri di Misurata, che hanno attaccato nell&#8217;agosto scorso le truppe di Gheddafi dal mare con una spettacolare operazione navale, occupano oggi l&#8217;area strategica del lungomare di Tripoli verso sud-est.<\/p>\n<p style=\"text-align: justify;\"><strong>Chi comanda fuori dalle citt\u00e0?<\/strong><\/p>\n<p style=\"text-align: justify;\">La ricca Misurata \u00e8 una citt\u00e0 martire che ha resistito per mesi all&#8217;assedio dell&#8217;esercito di Gheddafi, dei miliziani di Bani Walid e Tawargha, dove viveva una comunit\u00e0 libica nera alleata di Gheddafi. Quando il regime \u00e8 caduto, violenze atroci e indicibili sono state commesse dai thuwwar a Tawargha, oggi una citt\u00e0 spettrale, completamente vuota. Ai suoi 40 mila abitanti, che si sono trasferiti a Tripoli, \u00e8 proibito tornare. La citt\u00e0 di Misurata \u00e8 l&#8217;unica che abbia fatto le elezioni municipali, con una larga partecipazione popolare, vinte dai Fratelli Musulmani e, inaspettatamente, da gruppi religiosi locali.<\/p>\n<p style=\"text-align: justify;\">Il confronto territoriale fra le milizie zintani e misrati, in qualche caso anche militare, tende a spostarsi con sempre maggiore frequenza sul piano politico: di fatto non vi \u00e8 alcun coordinamento fra il ministro dell&#8217;Interno, Fawzi Abdelali, ex giudice istruttore di Misurata, e Osama al-Juwali, il ministro della Difesa, di Zintan. Due mondi in costante conflitto, anche se quello della sicurezza dovrebbe essere il maggior nodo da risolvere per l&#8217;attuale governo. Come se non bastasse nel Sud del paese sono decine le vittime degli scontri fra le popolazioni tebu e quelle amasikh per il controllo dei ricchi traffici di immigrati africani, armi, droga e benzina.<\/p>\n<p style=\"text-align: justify;\">Il rapporto fra centro e periferia, fra citt\u00e0 e trib\u00f9, pi\u00f9 che la questione islamica, sta diventando il nodo politico primario della nuova Libia. Lo confermano le proteste sempre pi\u00f9 frequenti contro il nuovo governo provvisorio, che oramai diventano pubbliche. In piazza Algeria, da settimane, c&#8217;\u00e8 una tenda dove si radunano i disobbedienti dell\u2019 I\u2019tisam.<\/p>\n<p style=\"text-align: justify;\">\u00abIl popolo vuole fatti, non parole\u00bb, recita uno striscione. In un tazebao l&#8217;urgenza di cambiare strada \u00e8 messa nero su bianco in 16 punti, fra i quali spiccano il federalismo politico (hanno inventato un neologismo arabo: al-lamarkaziyyah), maggiore trasparenza nella suddivisione territoriale dei proventi del petrolio e del gas, che intanto stanno tornando ai livelli ante-guerra civile, ma i cui frutti non si vedono a livello locale.<\/p>\n<p style=\"text-align: justify;\"><strong>Prospettiva polverizzazione<\/strong><\/p>\n<p style=\"text-align: justify;\">Le tensioni territoriali e tribali si sommano alla crisi politica. Il 21 giugno si dovrebbero tenere le prime elezioni politiche della nuova Libia. Si voter\u00e0 con un sistema all&#8217;egiziana, con la maggioranza dei seggi eletti fra personalit\u00e0 indipendenti e una quota di un terzo scelti nelle liste dei partiti. \u00c8 un sistema che favorisce la polverizzazione politica: 64 sono ad oggi i partiti &#8220;registrati&#8221;, anche se alcune coalizioni sembrano avere la forza per diventare poli di attrazione politici nazionali.<\/p>\n<p style=\"text-align: justify;\">Il 21 febbraio si \u00e8 tenuto l&#8217;incontro di fondazione della nuova Alleanza nazional-popolare (Tahaluf al-Qawmy al-Wataniy-yah). La guida Mahmud Jibril, l&#8217;ex primo ministro e segretario degli Esteri del primo governo di transizione. Jibril ha messo insieme l&#8217;intellighenzia laica del paese, come Ali Tarhuni <em>e <\/em>Abdel Rahman Shalgam, molti quadri non compromessi del passato regime e una quarantina di partitini fra cui le rissose trib\u00f9 del Fezzan e quelle dei monti Nafusa.<\/p>\n<p style=\"text-align: justify;\">\u00abNoi non concepiamo questa Alleanza come un movimento politico, bens\u00ec come una movimento patriottico\u00bb, ci spiega in un&#8217;intervista esclusiva. Jibril tenta di recuperare voti contro i Fratelli Musulmani e si prepara per future alleanze alla loro destra: \u00abLa sharia \u00e8 un elemento vincolante per noi. Ma nella misura in cui \u00e8 una sharia consensuale. L&#8217;islam libico \u00e8 moderato per sua propria natura, ci\u00f2 che in arabo si chiama wasatiyyah\u00bb. Da un mesetto il moderato Jibril ha perfino assunto toni bellicosi anche contro l&#8217;Italia, accusata nientemeno che di voler occupare la Libia.<\/p>\n<p style=\"text-align: justify;\">Tra le fila dei suoi supporter ci sono anche gli uomini della Liwa&#8217; Tarabulasah, organizzazione paramilitare fortemente supportata dagli inglesi. Alla testa di queste milizie c&#8217;\u00e8 His-ham Abu Hajar, che ha un passato fra i quadri militari del Fronte di Salvezza nazionale e ha passato gli ultimi dieci anni negli Stati Uniti. Abu Hajar \u00e8 pessimista sulle elezioni: \u00abIo supporto Jibril, ma vinceranno i Fratelli Musulmani, perch\u00e9 la distanza fra questi politici laici e il popolo \u00e8 troppo grande. Le elezioni saranno un grande caos: non abbiamo un censimento, anagrafe, sicurezza, direttive chiare. Il potere esistente \u00e8 nelle mani delle trib\u00f9, quelle di Zintan, di Tarhu-na, di Bani Walid, di Gharyan&#8230;\u00bb.<\/p>\n<p style=\"text-align: justify;\">Come se ne esce allora?, gli chiediamo nel suo campo di addestramento, circondato da quadri militari ben preparati e ben armati, forse il primo vero germe di una forza di sicurezza. \u00abAbbiamo un governo gentile ma debole. Quando hai l&#8217;autorit\u00e0? Quando hai soldi e armi. Riguardo ai soldi, il vero bilancio finanziario del governo, anche contando i fondi scongelati, \u00e8 in rosso.<\/p>\n<p style=\"text-align: justify;\">Armi? Dopo 4 mesi di campagna per il ritiro delle armi siamo riusciti ad avere poco meno di 5 mila combattenti regolari&#8230; Giusto per fare un paragone: solo gli shabab sono 100 mila. Quelli di Zintan sono pi\u00f9 numerosi delle forze nazionali. Abbiamo 23 mila poliziotti inadeguati\u00bb. Poi dalla bocca di Abu Hajar esce la parola magica che tante volte abbiamo sentito in Libia in questi giorni: \u00abQui ci vuole un uomo forte\u00bb. Sentiremo ancora parlare di loro.<\/p>\n<p style=\"text-align: justify;\">All&#8217;estremo opposto del quadro politico, anche i salafiti dell&#8217;ex Gruppo combattente si stanno organizzando. \u00abFra poche settimane annunceremo la nascita di un partito\u00bb, promette Abdel Hakim Belhaj, attuale capo del Consiglio militare di Tripoli, nel suo ufficio dentro la base dell&#8217;aeronautica militare di Mitiga. Un passato nelle file del movimento terroristico Lifg fra la Libia e l&#8217;Afghanistan, Abdel Hakim Belhaj spera di seguire il modello egiziano dell&#8217;Alleanza an-Nur, che ha ottenuto risultati sorprendenti alle prime elezioni libere post-Mubarak. Ma per Belhaj il compito non \u00e8 facile, perch\u00e9 deve guardarsi dalle ambizioni di as-Sallabi, un ex fratello musulmano che lo ha anticipato nella fondazione di uno pseudo-partito di matrice salafita a Bengasi e con cui si sta alleando.<\/p>\n<p style=\"text-align: justify;\">Soprattutto fra i suoi sodali vi sono defezioni importanti verso formule pi\u00f9 radicali, come quelle di Sami Sadi e Sharif Khalid, leader ideologici del movimento salafita combattente libico. In realt\u00e0 i salafiti in Libia sono pi\u00f9 deboli che in Egitto. Sono una creatura del Qatar e di Al Jazee-ra, ma non hanno vere basi territoriali e ad oggi non godono neppure dell&#8217;appoggio di Sadeq al-Gharyani, il Gran Muft\u00ec della Libia, d&#8217;ispirazione salafita non jihadista e troppo timoroso per schierarsi con Belhaj.<\/p>\n<p style=\"text-align: justify;\">Intanto il 3 marzo a Tripoli \u00e8 scesa in campo anche la Fratellanza libica, che esce dalla clandestinit\u00e0. Sotto la nuova guida di Bashir al-Kabti e Abdellatif Karmos i Fratelli Musulmani annunciano il loro partito, \u00abindipendente dal movimento religioso\u00bb. \u00abSiamo pronti a governare\u00bb, garantisce Karmos. Il problema \u00e8 come.<\/p>\n","protected":false},"excerpt":{"rendered":"<p>Tempi n.10 14 marzo 2012 Reportage da Tripoli un anno dopo la rivolta che ha messo fine al regime di Gheddafi. Cos\u00ec vendette, razzie e scontri fra trib\u00f9 rivali insanguinano la strada verso le prime elezioni della nuova Libia. Un paese fuori controllo da Tripoli Sergio Bianchi<\/p><p><a class=\"more-link btn\" href=\"https:\/\/www.rassegnastampa-totustuus.it\/cattolica\/il-regime-dei-predoni\/\">Continua a leggere<\/a><\/p>\n","protected":false},"author":6,"featured_media":23680,"comment_status":"closed","ping_status":"open","sticky":false,"template":"","format":"standard","meta":{"footnotes":""},"categories":[16,108],"tags":[1915,1919],"class_list":["post-4929","post","type-post","status-publish","format-standard","has-post-thumbnail","hentry","category-islam","category-paesi-e-continenti","tag-libia","tag-primavere-arabe","item-wrap"],"yoast_head":"<!-- This site is optimized with the Yoast SEO plugin v27.5 - https:\/\/yoast.com\/product\/yoast-seo-wordpress\/ -->\n<title>Il regime dei predoni - Rassegna Stampa Cattolica<\/title>\n<meta name=\"description\" content=\"Rassegna Stampa Cattolica - Per una cultura che nasce dalla Rivelazione cristiana in conformit\u00e0 alla tradizione e al Magistero della Chiesa in opposizione ad ogni relativismo e totalitarismo\" \/>\n<meta name=\"robots\" content=\"index, follow, max-snippet:-1, max-image-preview:large, max-video-preview:-1\" \/>\n<link rel=\"canonical\" href=\"https:\/\/www.rassegnastampa-totustuus.it\/cattolica\/il-regime-dei-predoni\/\" \/>\n<meta property=\"og:locale\" content=\"it_IT\" \/>\n<meta property=\"og:type\" content=\"article\" \/>\n<meta property=\"og:title\" content=\"Il regime dei predoni - Rassegna Stampa Cattolica\" \/>\n<meta property=\"og:description\" content=\"Rassegna Stampa Cattolica - Per una cultura che nasce dalla Rivelazione cristiana in conformit\u00e0 alla tradizione e al Magistero della Chiesa in opposizione ad ogni relativismo e totalitarismo\" \/>\n<meta property=\"og:url\" content=\"https:\/\/www.rassegnastampa-totustuus.it\/cattolica\/il-regime-dei-predoni\/\" \/>\n<meta property=\"og:site_name\" content=\"Rassegna Stampa Cattolica\" \/>\n<meta property=\"article:publisher\" content=\"https:\/\/www.facebook.com\/rassegnastampacattolica\" \/>\n<meta property=\"article:published_time\" content=\"2012-03-09T10:54:18+00:00\" \/>\n<meta property=\"article:modified_time\" content=\"2015-04-23T07:27:49+00:00\" \/>\n<meta property=\"og:image\" content=\"https:\/\/www.rassegnastampa-totustuus.it\/cattolica\/wp-content\/uploads\/2012\/03\/Tripoli_2015.jpg\" \/>\n\t<meta property=\"og:image:width\" content=\"299\" \/>\n\t<meta property=\"og:image:height\" content=\"168\" \/>\n\t<meta property=\"og:image:type\" content=\"image\/jpeg\" \/>\n<meta name=\"author\" content=\"Redazione\" \/>\n<meta name=\"twitter:card\" content=\"summary_large_image\" \/>\n<meta name=\"twitter:creator\" content=\"@rassegnastampa9\" \/>\n<meta name=\"twitter:site\" content=\"@rassegnastampa9\" \/>\n<meta name=\"twitter:label1\" content=\"Scritto da\" \/>\n\t<meta name=\"twitter:data1\" content=\"Redazione\" \/>\n\t<meta name=\"twitter:label2\" content=\"Tempo di lettura stimato\" \/>\n\t<meta name=\"twitter:data2\" content=\"8 minuti\" \/>\n<script type=\"application\/ld+json\" class=\"yoast-schema-graph\">{\"@context\":\"https:\\\/\\\/schema.org\",\"@graph\":[{\"@type\":\"Article\",\"@id\":\"https:\\\/\\\/www.rassegnastampa-totustuus.it\\\/cattolica\\\/il-regime-dei-predoni\\\/#article\",\"isPartOf\":{\"@id\":\"https:\\\/\\\/www.rassegnastampa-totustuus.it\\\/cattolica\\\/il-regime-dei-predoni\\\/\"},\"author\":{\"name\":\"Redazione\",\"@id\":\"https:\\\/\\\/www.rassegnastampa-totustuus.it\\\/cattolica\\\/#\\\/schema\\\/person\\\/08f319d2bd1a0904ad9e2bfb7b15e5c3\"},\"headline\":\"Il regime dei predoni\",\"datePublished\":\"2012-03-09T10:54:18+00:00\",\"dateModified\":\"2015-04-23T07:27:49+00:00\",\"mainEntityOfPage\":{\"@id\":\"https:\\\/\\\/www.rassegnastampa-totustuus.it\\\/cattolica\\\/il-regime-dei-predoni\\\/\"},\"wordCount\":1575,\"publisher\":{\"@id\":\"https:\\\/\\\/www.rassegnastampa-totustuus.it\\\/cattolica\\\/#organization\"},\"image\":{\"@id\":\"https:\\\/\\\/www.rassegnastampa-totustuus.it\\\/cattolica\\\/il-regime-dei-predoni\\\/#primaryimage\"},\"thumbnailUrl\":\"https:\\\/\\\/www.rassegnastampa-totustuus.it\\\/cattolica\\\/wp-content\\\/uploads\\\/2012\\\/03\\\/Tripoli_2015.jpg\",\"keywords\":[\"Libia\",\"primavere arabe\"],\"articleSection\":[\"Islam\",\"Paesi e continenti\"],\"inLanguage\":\"it-IT\"},{\"@type\":\"WebPage\",\"@id\":\"https:\\\/\\\/www.rassegnastampa-totustuus.it\\\/cattolica\\\/il-regime-dei-predoni\\\/\",\"url\":\"https:\\\/\\\/www.rassegnastampa-totustuus.it\\\/cattolica\\\/il-regime-dei-predoni\\\/\",\"name\":\"Il regime dei predoni - Rassegna Stampa Cattolica\",\"isPartOf\":{\"@id\":\"https:\\\/\\\/www.rassegnastampa-totustuus.it\\\/cattolica\\\/#website\"},\"primaryImageOfPage\":{\"@id\":\"https:\\\/\\\/www.rassegnastampa-totustuus.it\\\/cattolica\\\/il-regime-dei-predoni\\\/#primaryimage\"},\"image\":{\"@id\":\"https:\\\/\\\/www.rassegnastampa-totustuus.it\\\/cattolica\\\/il-regime-dei-predoni\\\/#primaryimage\"},\"thumbnailUrl\":\"https:\\\/\\\/www.rassegnastampa-totustuus.it\\\/cattolica\\\/wp-content\\\/uploads\\\/2012\\\/03\\\/Tripoli_2015.jpg\",\"datePublished\":\"2012-03-09T10:54:18+00:00\",\"dateModified\":\"2015-04-23T07:27:49+00:00\",\"description\":\"Rassegna Stampa Cattolica - Per una cultura che nasce dalla Rivelazione cristiana in conformit\u00e0 alla tradizione e al Magistero della Chiesa in opposizione ad ogni relativismo e totalitarismo\",\"breadcrumb\":{\"@id\":\"https:\\\/\\\/www.rassegnastampa-totustuus.it\\\/cattolica\\\/il-regime-dei-predoni\\\/#breadcrumb\"},\"inLanguage\":\"it-IT\",\"potentialAction\":[{\"@type\":\"ReadAction\",\"target\":[\"https:\\\/\\\/www.rassegnastampa-totustuus.it\\\/cattolica\\\/il-regime-dei-predoni\\\/\"]}]},{\"@type\":\"ImageObject\",\"inLanguage\":\"it-IT\",\"@id\":\"https:\\\/\\\/www.rassegnastampa-totustuus.it\\\/cattolica\\\/il-regime-dei-predoni\\\/#primaryimage\",\"url\":\"https:\\\/\\\/www.rassegnastampa-totustuus.it\\\/cattolica\\\/wp-content\\\/uploads\\\/2012\\\/03\\\/Tripoli_2015.jpg\",\"contentUrl\":\"https:\\\/\\\/www.rassegnastampa-totustuus.it\\\/cattolica\\\/wp-content\\\/uploads\\\/2012\\\/03\\\/Tripoli_2015.jpg\",\"width\":299,\"height\":168},{\"@type\":\"BreadcrumbList\",\"@id\":\"https:\\\/\\\/www.rassegnastampa-totustuus.it\\\/cattolica\\\/il-regime-dei-predoni\\\/#breadcrumb\",\"itemListElement\":[{\"@type\":\"ListItem\",\"position\":1,\"name\":\"Home\",\"item\":\"https:\\\/\\\/www.rassegnastampa-totustuus.it\\\/cattolica\\\/\"},{\"@type\":\"ListItem\",\"position\":2,\"name\":\"Il regime dei predoni\"}]},{\"@type\":\"WebSite\",\"@id\":\"https:\\\/\\\/www.rassegnastampa-totustuus.it\\\/cattolica\\\/#website\",\"url\":\"https:\\\/\\\/www.rassegnastampa-totustuus.it\\\/cattolica\\\/\",\"name\":\"Rassegna Stampa Cattolica\",\"description\":\"Per una cultura che nasce dalla Rivelazione cristiana in conformit\u00e0 alla tradizione e al Magistero della Chiesa in opposizione ad ogni relativismo e totalitarismo\",\"publisher\":{\"@id\":\"https:\\\/\\\/www.rassegnastampa-totustuus.it\\\/cattolica\\\/#organization\"},\"alternateName\":\"Rass. Cattolica\",\"potentialAction\":[{\"@type\":\"SearchAction\",\"target\":{\"@type\":\"EntryPoint\",\"urlTemplate\":\"https:\\\/\\\/www.rassegnastampa-totustuus.it\\\/cattolica\\\/?s={search_term_string}\"},\"query-input\":{\"@type\":\"PropertyValueSpecification\",\"valueRequired\":true,\"valueName\":\"search_term_string\"}}],\"inLanguage\":\"it-IT\"},{\"@type\":\"Organization\",\"@id\":\"https:\\\/\\\/www.rassegnastampa-totustuus.it\\\/cattolica\\\/#organization\",\"name\":\"Rassegna Stampa Cattolica\",\"url\":\"https:\\\/\\\/www.rassegnastampa-totustuus.it\\\/cattolica\\\/\",\"logo\":{\"@type\":\"ImageObject\",\"inLanguage\":\"it-IT\",\"@id\":\"https:\\\/\\\/www.rassegnastampa-totustuus.it\\\/cattolica\\\/#\\\/schema\\\/logo\\\/image\\\/\",\"url\":\"https:\\\/\\\/www.rassegnastampa-totustuus.it\\\/cattolica\\\/wp-content\\\/uploads\\\/2014\\\/04\\\/logo-rassegna1.gif\",\"contentUrl\":\"https:\\\/\\\/www.rassegnastampa-totustuus.it\\\/cattolica\\\/wp-content\\\/uploads\\\/2014\\\/04\\\/logo-rassegna1.gif\",\"width\":600,\"height\":163,\"caption\":\"Rassegna Stampa Cattolica\"},\"image\":{\"@id\":\"https:\\\/\\\/www.rassegnastampa-totustuus.it\\\/cattolica\\\/#\\\/schema\\\/logo\\\/image\\\/\"},\"sameAs\":[\"https:\\\/\\\/www.facebook.com\\\/rassegnastampacattolica\",\"https:\\\/\\\/x.com\\\/rassegnastampa9\"]},{\"@type\":\"Person\",\"@id\":\"https:\\\/\\\/www.rassegnastampa-totustuus.it\\\/cattolica\\\/#\\\/schema\\\/person\\\/08f319d2bd1a0904ad9e2bfb7b15e5c3\",\"name\":\"Redazione\",\"image\":{\"@type\":\"ImageObject\",\"inLanguage\":\"it-IT\",\"@id\":\"https:\\\/\\\/secure.gravatar.com\\\/avatar\\\/2fcdf27c78ea025fbdb44e914cc63c72249ffec9dc8aafd5c82b26240ef3f346?s=96&d=mm&r=g\",\"url\":\"https:\\\/\\\/secure.gravatar.com\\\/avatar\\\/2fcdf27c78ea025fbdb44e914cc63c72249ffec9dc8aafd5c82b26240ef3f346?s=96&d=mm&r=g\",\"contentUrl\":\"https:\\\/\\\/secure.gravatar.com\\\/avatar\\\/2fcdf27c78ea025fbdb44e914cc63c72249ffec9dc8aafd5c82b26240ef3f346?s=96&d=mm&r=g\",\"caption\":\"Redazione\"},\"url\":\"https:\\\/\\\/www.rassegnastampa-totustuus.it\\\/cattolica\\\/author\\\/pietroelle\\\/\"}]}<\/script>\n<!-- \/ Yoast SEO plugin. -->","yoast_head_json":{"title":"Il regime dei predoni - Rassegna Stampa Cattolica","description":"Rassegna Stampa Cattolica - Per una cultura che nasce dalla Rivelazione cristiana in conformit\u00e0 alla tradizione e al Magistero della Chiesa in opposizione ad ogni relativismo e totalitarismo","robots":{"index":"index","follow":"follow","max-snippet":"max-snippet:-1","max-image-preview":"max-image-preview:large","max-video-preview":"max-video-preview:-1"},"canonical":"https:\/\/www.rassegnastampa-totustuus.it\/cattolica\/il-regime-dei-predoni\/","og_locale":"it_IT","og_type":"article","og_title":"Il regime dei predoni - Rassegna Stampa Cattolica","og_description":"Rassegna Stampa Cattolica - Per una cultura che nasce dalla Rivelazione cristiana in conformit\u00e0 alla tradizione e al Magistero della Chiesa in opposizione ad ogni relativismo e totalitarismo","og_url":"https:\/\/www.rassegnastampa-totustuus.it\/cattolica\/il-regime-dei-predoni\/","og_site_name":"Rassegna Stampa Cattolica","article_publisher":"https:\/\/www.facebook.com\/rassegnastampacattolica","article_published_time":"2012-03-09T10:54:18+00:00","article_modified_time":"2015-04-23T07:27:49+00:00","og_image":[{"width":299,"height":168,"url":"https:\/\/www.rassegnastampa-totustuus.it\/cattolica\/wp-content\/uploads\/2012\/03\/Tripoli_2015.jpg","type":"image\/jpeg"}],"author":"Redazione","twitter_card":"summary_large_image","twitter_creator":"@rassegnastampa9","twitter_site":"@rassegnastampa9","twitter_misc":{"Scritto da":"Redazione","Tempo di lettura stimato":"8 minuti"},"schema":{"@context":"https:\/\/schema.org","@graph":[{"@type":"Article","@id":"https:\/\/www.rassegnastampa-totustuus.it\/cattolica\/il-regime-dei-predoni\/#article","isPartOf":{"@id":"https:\/\/www.rassegnastampa-totustuus.it\/cattolica\/il-regime-dei-predoni\/"},"author":{"name":"Redazione","@id":"https:\/\/www.rassegnastampa-totustuus.it\/cattolica\/#\/schema\/person\/08f319d2bd1a0904ad9e2bfb7b15e5c3"},"headline":"Il regime dei predoni","datePublished":"2012-03-09T10:54:18+00:00","dateModified":"2015-04-23T07:27:49+00:00","mainEntityOfPage":{"@id":"https:\/\/www.rassegnastampa-totustuus.it\/cattolica\/il-regime-dei-predoni\/"},"wordCount":1575,"publisher":{"@id":"https:\/\/www.rassegnastampa-totustuus.it\/cattolica\/#organization"},"image":{"@id":"https:\/\/www.rassegnastampa-totustuus.it\/cattolica\/il-regime-dei-predoni\/#primaryimage"},"thumbnailUrl":"https:\/\/www.rassegnastampa-totustuus.it\/cattolica\/wp-content\/uploads\/2012\/03\/Tripoli_2015.jpg","keywords":["Libia","primavere arabe"],"articleSection":["Islam","Paesi e continenti"],"inLanguage":"it-IT"},{"@type":"WebPage","@id":"https:\/\/www.rassegnastampa-totustuus.it\/cattolica\/il-regime-dei-predoni\/","url":"https:\/\/www.rassegnastampa-totustuus.it\/cattolica\/il-regime-dei-predoni\/","name":"Il regime dei predoni - Rassegna Stampa Cattolica","isPartOf":{"@id":"https:\/\/www.rassegnastampa-totustuus.it\/cattolica\/#website"},"primaryImageOfPage":{"@id":"https:\/\/www.rassegnastampa-totustuus.it\/cattolica\/il-regime-dei-predoni\/#primaryimage"},"image":{"@id":"https:\/\/www.rassegnastampa-totustuus.it\/cattolica\/il-regime-dei-predoni\/#primaryimage"},"thumbnailUrl":"https:\/\/www.rassegnastampa-totustuus.it\/cattolica\/wp-content\/uploads\/2012\/03\/Tripoli_2015.jpg","datePublished":"2012-03-09T10:54:18+00:00","dateModified":"2015-04-23T07:27:49+00:00","description":"Rassegna Stampa Cattolica - Per una cultura che nasce dalla Rivelazione cristiana in conformit\u00e0 alla tradizione e al Magistero della Chiesa in opposizione ad ogni relativismo e totalitarismo","breadcrumb":{"@id":"https:\/\/www.rassegnastampa-totustuus.it\/cattolica\/il-regime-dei-predoni\/#breadcrumb"},"inLanguage":"it-IT","potentialAction":[{"@type":"ReadAction","target":["https:\/\/www.rassegnastampa-totustuus.it\/cattolica\/il-regime-dei-predoni\/"]}]},{"@type":"ImageObject","inLanguage":"it-IT","@id":"https:\/\/www.rassegnastampa-totustuus.it\/cattolica\/il-regime-dei-predoni\/#primaryimage","url":"https:\/\/www.rassegnastampa-totustuus.it\/cattolica\/wp-content\/uploads\/2012\/03\/Tripoli_2015.jpg","contentUrl":"https:\/\/www.rassegnastampa-totustuus.it\/cattolica\/wp-content\/uploads\/2012\/03\/Tripoli_2015.jpg","width":299,"height":168},{"@type":"BreadcrumbList","@id":"https:\/\/www.rassegnastampa-totustuus.it\/cattolica\/il-regime-dei-predoni\/#breadcrumb","itemListElement":[{"@type":"ListItem","position":1,"name":"Home","item":"https:\/\/www.rassegnastampa-totustuus.it\/cattolica\/"},{"@type":"ListItem","position":2,"name":"Il regime dei predoni"}]},{"@type":"WebSite","@id":"https:\/\/www.rassegnastampa-totustuus.it\/cattolica\/#website","url":"https:\/\/www.rassegnastampa-totustuus.it\/cattolica\/","name":"Rassegna Stampa Cattolica","description":"Per una cultura che nasce dalla Rivelazione cristiana in conformit\u00e0 alla tradizione e al Magistero della Chiesa in opposizione ad ogni relativismo e totalitarismo","publisher":{"@id":"https:\/\/www.rassegnastampa-totustuus.it\/cattolica\/#organization"},"alternateName":"Rass. Cattolica","potentialAction":[{"@type":"SearchAction","target":{"@type":"EntryPoint","urlTemplate":"https:\/\/www.rassegnastampa-totustuus.it\/cattolica\/?s={search_term_string}"},"query-input":{"@type":"PropertyValueSpecification","valueRequired":true,"valueName":"search_term_string"}}],"inLanguage":"it-IT"},{"@type":"Organization","@id":"https:\/\/www.rassegnastampa-totustuus.it\/cattolica\/#organization","name":"Rassegna Stampa Cattolica","url":"https:\/\/www.rassegnastampa-totustuus.it\/cattolica\/","logo":{"@type":"ImageObject","inLanguage":"it-IT","@id":"https:\/\/www.rassegnastampa-totustuus.it\/cattolica\/#\/schema\/logo\/image\/","url":"https:\/\/www.rassegnastampa-totustuus.it\/cattolica\/wp-content\/uploads\/2014\/04\/logo-rassegna1.gif","contentUrl":"https:\/\/www.rassegnastampa-totustuus.it\/cattolica\/wp-content\/uploads\/2014\/04\/logo-rassegna1.gif","width":600,"height":163,"caption":"Rassegna Stampa Cattolica"},"image":{"@id":"https:\/\/www.rassegnastampa-totustuus.it\/cattolica\/#\/schema\/logo\/image\/"},"sameAs":["https:\/\/www.facebook.com\/rassegnastampacattolica","https:\/\/x.com\/rassegnastampa9"]},{"@type":"Person","@id":"https:\/\/www.rassegnastampa-totustuus.it\/cattolica\/#\/schema\/person\/08f319d2bd1a0904ad9e2bfb7b15e5c3","name":"Redazione","image":{"@type":"ImageObject","inLanguage":"it-IT","@id":"https:\/\/secure.gravatar.com\/avatar\/2fcdf27c78ea025fbdb44e914cc63c72249ffec9dc8aafd5c82b26240ef3f346?s=96&d=mm&r=g","url":"https:\/\/secure.gravatar.com\/avatar\/2fcdf27c78ea025fbdb44e914cc63c72249ffec9dc8aafd5c82b26240ef3f346?s=96&d=mm&r=g","contentUrl":"https:\/\/secure.gravatar.com\/avatar\/2fcdf27c78ea025fbdb44e914cc63c72249ffec9dc8aafd5c82b26240ef3f346?s=96&d=mm&r=g","caption":"Redazione"},"url":"https:\/\/www.rassegnastampa-totustuus.it\/cattolica\/author\/pietroelle\/"}]}},"_links":{"self":[{"href":"https:\/\/www.rassegnastampa-totustuus.it\/cattolica\/wp-json\/wp\/v2\/posts\/4929","targetHints":{"allow":["GET"]}}],"collection":[{"href":"https:\/\/www.rassegnastampa-totustuus.it\/cattolica\/wp-json\/wp\/v2\/posts"}],"about":[{"href":"https:\/\/www.rassegnastampa-totustuus.it\/cattolica\/wp-json\/wp\/v2\/types\/post"}],"author":[{"embeddable":true,"href":"https:\/\/www.rassegnastampa-totustuus.it\/cattolica\/wp-json\/wp\/v2\/users\/6"}],"replies":[{"embeddable":true,"href":"https:\/\/www.rassegnastampa-totustuus.it\/cattolica\/wp-json\/wp\/v2\/comments?post=4929"}],"version-history":[{"count":3,"href":"https:\/\/www.rassegnastampa-totustuus.it\/cattolica\/wp-json\/wp\/v2\/posts\/4929\/revisions"}],"predecessor-version":[{"id":23681,"href":"https:\/\/www.rassegnastampa-totustuus.it\/cattolica\/wp-json\/wp\/v2\/posts\/4929\/revisions\/23681"}],"wp:featuredmedia":[{"embeddable":true,"href":"https:\/\/www.rassegnastampa-totustuus.it\/cattolica\/wp-json\/wp\/v2\/media\/23680"}],"wp:attachment":[{"href":"https:\/\/www.rassegnastampa-totustuus.it\/cattolica\/wp-json\/wp\/v2\/media?parent=4929"}],"wp:term":[{"taxonomy":"category","embeddable":true,"href":"https:\/\/www.rassegnastampa-totustuus.it\/cattolica\/wp-json\/wp\/v2\/categories?post=4929"},{"taxonomy":"post_tag","embeddable":true,"href":"https:\/\/www.rassegnastampa-totustuus.it\/cattolica\/wp-json\/wp\/v2\/tags?post=4929"}],"curies":[{"name":"wp","href":"https:\/\/api.w.org\/{rel}","templated":true}]}}