{"id":4928,"date":"2012-03-09T08:06:19","date_gmt":"2012-03-09T07:06:19","guid":{"rendered":""},"modified":"2015-04-23T09:34:21","modified_gmt":"2015-04-23T07:34:21","slug":"donne-senza-paura-di-essere-buone-e-belle","status":"publish","type":"post","link":"https:\/\/www.rassegnastampa-totustuus.it\/cattolica\/donne-senza-paura-di-essere-buone-e-belle\/","title":{"rendered":"Donne senza paura di essere buone e belle"},"content":{"rendered":"<div style=\"text-align: center;\"><strong><a href=\"https:\/\/www.rassegnastampa-totustuus.it\/cattolica\/wp-content\/uploads\/2012\/03\/Costanza_Miriano.jpg\"><img loading=\"lazy\" decoding=\"async\" class=\"alignright wp-image-23684\" src=\"https:\/\/www.rassegnastampa-totustuus.it\/cattolica\/wp-content\/uploads\/2012\/03\/Costanza_Miriano.jpg\" alt=\"Costanza_Miriano\" width=\"250\" height=\"179\" \/><\/a>Ag Zenit<\/strong> (ZENIT.org) marted\u00ec, 6 marzo 2012<\/div>\n<p style=\"text-align: center;\"><em>La giornalista e scrittrice Costanza Miriano dice la sua sulla festa dell&#8217;8 marzo<\/em><\/p>\n<p style=\"text-align: center;\">di <strong>Luca Marcolivio<\/strong><\/p>\n<p style=\"text-align: justify;\">La giornalista del TG3 Costanza Miriano \u00e8 quanto di pi\u00f9 lontano possa esistere dallo stereotipo della femminista. \u00c8 profondamente cattolica ma molto diversa dallo stereotipo della ragazza cresciuta in oratorio. Il suo primo libro <em>Sposati e sii sottomessa <\/em>(Vallecchi) \u00e8 stato il caso editoriale dello scorso anno, spazzando via tutti i luoghi comuni sulle donne e sulle famiglie di oggi. Nell\u2019intervista che ha rilasciato a Zenit, a pochi giorni dalla Festa della Donna, la Miriano torna a parlare dei temi da lei affrontati, con la consueta acuta ironia \u201cchestertoniana\u201d.<\/p>\n<p><!--more--><\/p>\n<p style=\"text-align: justify;\"><strong>Siamo vicinissimi alla festa dell\u20198 marzo, una ricorrenza che \u00e8 un \u201ctotem\u201d per le femministe. Altre donne,invece, vorrebbero abolirla\u2026<\/strong><\/p>\n<p style=\"text-align: justify;\"><span style=\"text-decoration: underline;\">Costanza Miriano<\/span>: Io appartengo alla seconda categoria! Oggi come oggi vedo una situazione sbilanciata a nostro favore, nel senso che non vedo cos\u00ec tante donne cos\u00ec discriminate, salvo casi, che non voglio sminuire, di maltrattamenti. Vedo piuttosto una figura dell\u2019uomo sempre pi\u00f9 svilita, indebolita, sentimentalizzata, costretta a ruoli di cura ed accudimento che non sono propriamente maschili. Parlare di un uomo come <em>autorevole<\/em>, <em>energico<\/em> o <em>forte<\/em> equivale ormai quasi a insultarlo, a bollarlo come <em>prepotente<\/em> o <em>maschilista<\/em>. Io invece credo che i due ruoli vadano assolutamente ritrovati e valorizzati, essendo l\u2019uno complementare all\u2019altro. Quindi le rivendicazioni femministe non le condivido.<\/p>\n<p style=\"text-align: justify;\">Se spengo la televisione e se chiudo i giornali, se guardo alle donne \u201cin carne ed ossa\u201d che conosco, le rivendicazioni che loro fanno sono sulla maternit\u00e0, sui figli; non vogliono essere costrette a lavorare o, quantomeno, vogliono farlo, dando un contributo alla societ\u00e0, senza essere costrette ad abbandonare i figli per un tempo irragionevole. Credo sia questa la vera battaglia: quella delle mamme.<\/p>\n<p style=\"text-align: justify;\">Sul fronte della \u201cemancipazione\u201d la battaglia \u00e8 ampiamente vinta: si pensi che il direttore del mio TG, Bianca Berlinguer, e il mio direttore generale, Lorenza Lei, sono donne\u2026 Per acquisire ruoli \u201cdi potere\u201d, che hanno tempi e modi maschili, per\u00f2, le donne devono accantonare la famiglia, la parte umana.<\/p>\n<p style=\"text-align: justify;\"><strong>Negli ultimi quarant\u2019anni \u00e8 stato pi\u00f9 l\u2019uomo o la donna a vedere snaturato il proprio ruolo?<\/strong><\/p>\n<p style=\"text-align: justify;\"><span style=\"text-decoration: underline;\">Costanza Miriano<\/span>: L\u2019uomo, senza ombra di dubbio. Roberto Marchesini ha scritto un libro in proposito, <em>Quello che gli uomini non dicono<\/em> (Sugarco). Questo saggio spiega la retorica per la quale l\u2019uomo dovrebbe \u201cfemminilizzarsi\u201d, assumere ruoli di cura, accudire i figli, prendere congedi parentali. Io, personalmente, condivido il magistero della Chiesa e la Bibbia che afferma \u201c<em>maschio e femmina li cre\u00f2<\/em>\u201d. La distinzione sessuale non \u00e8 una \u201ccarrozzeria esterna\u201d ma si riferisce a due incarnazioni diverse dell\u2019amore di Dio. L\u2019uomo dovrebbe avere il ruolo della guida: se inizia anche lui a cambiare i pannolini o a preparare le pappe non potr\u00e0 essere autorevole\u2026<\/p>\n<p style=\"text-align: justify;\"><strong>Papa Benedetto XVI ha proposto, come intenzione di preghiera per marzo, il riconoscimento del contributo delle donne allo sviluppo della societ\u00e0. Che tipo di riconoscimento auspica, a suo avviso, il Santo Padre?<\/strong><\/p>\n<p style=\"text-align: justify;\"><span style=\"text-decoration: underline;\">Costanza Miriano<\/span>: Di certo non il riconoscimento delle quote rosa! Credo intenda che le donne debbano riscoprire la bellezza del loro ruolo, in particolare quello materno. Siamo noi le prime che tendiamo a dimenticare questo ruolo o a metterlo tra parentesi. Come il Papa stesso ha scritto nella Lettera sulla collaborazione tra uomo e donna, la pi\u00f9 nobile vocazione per la donna \u00e8 risvegliare il bene che c\u2019\u00e8 nell\u2019altro, a favorire la sua crescita. \u00c8 colei che dona la vita prima al suo bambino e poi a coloro che ha intorno, con la sua capacit\u00e0 di valorizzare i talenti, di mettere in relazione, di accogliere, di mediare, di vedere le cose da pi\u00f9 punti di vista.<\/p>\n<p style=\"text-align: justify;\">L\u2019uomo, anche in famiglia, ha un tipo di amore pi\u00f9 rivolto verso l\u2019esterno, \u00e8 colui che costruisce nel mondo del lavoro, che feconda la terra. L\u2019uomo caccia e la donna raccoglie! Sono certa che il Papa non si riferisca alle battaglie femministe ma auspichi che la donna torni ad abbracciare il suo ruolo, perch\u00e9, come tutto quello che la Chiesa ci insegna, \u00e8 per la nostra felicit\u00e0 pi\u00f9 profonda. Vedo tante donne che hanno rinnegato questa parte pi\u00f9 femminile della loro vocazione, che hanno investito tutto sul lavoro, o meglio sulla <em>carriera<\/em>, rinunciando ai figli e, alla fine, ne soffrono.<\/p>\n<p style=\"text-align: justify;\"><strong>Qual \u00e8 stato il modello femminile della sua vita?<\/strong><\/p>\n<p style=\"text-align: justify;\"><span style=\"text-decoration: underline;\">Costanza Miriano<\/span>: Ne ho molti. Le donne che sanno \u201cspargere la vita\u201d davanti a s\u00e9 sono tutte profondamente cristiane. Due di loro, guarda caso, sono entrambe madri di sei figli: una ha scelto di rimanere a casa, l\u2019altra di fare il medico. Quest\u2019ultima, con un\u2019attivit\u00e0 privata, quindi elastica come orari, \u00e8 riuscita ad armonizzare bene famiglia e lavoro.<\/p>\n<p style=\"text-align: justify;\">Penso, per\u00f2, anche a suor Elvira, della Comunit\u00e0 Cenacolo di Saluzzo, che \u00e8 madre, in un altro modo, di migliaia di ragazzi. Prima di lei abbiamo avuto moltissime sante: Teresa d\u2019Avila, Teresa di Lisieux, Caterina da Siena, Teresa Benedetta della Croce (Edith Stein), Gianna Beretta Molla, tutte donne molto forti e coraggiose che mi ispirano e a cui vorrei somigliare.<\/p>\n<p style=\"text-align: justify;\"><strong>Nel mondo dello spettacolo, della TV e del cinema c\u2019\u00e8 un\u2019enfasi particolare sulla bellezza femminile, spesso non sempre nella cornice del buongusto e dell\u2019eleganza. Possono i mezzi di comunicazione restituire la giusta dignit\u00e0 all\u2019immagine della donna?<\/strong><\/p>\n<p style=\"text-align: justify;\"><span style=\"text-decoration: underline;\">Costanza Miriano<\/span>: Una giusta cura di s\u00e9 da parte della donna non guasta. Noi donne cattoliche, talvolta, ci illudiamo che curando lo spirito si possa fare a meno di curare il corpo, invece io credo che per una donna sposata sia quasi un dovere essere piacevole. Io stessa amo essere un minimo vanitosa e \u201dfrivola\u201d! Spesso ho le encicliche del Papa sporche di smalto\u2026<\/p>\n<p style=\"text-align: justify;\">Non vedo nessun contrasto tra la bellezza fisica e quella spirituale. Io amo molto lo sport e tuttora lo pratico. La bellezza \u00e8 un dono: va accolto, coltivato e custodito, ovviamente senza \u201cbuttare le perle ai porci\u201d, senza esibirla in modo volgare. Alla fine quello che vediamo in televisione \u00e8 il naturale esito della battaglia femminista.<\/p>\n<p style=\"text-align: justify;\">Penso che i mezzi di comunicazione possono restituire dignit\u00e0 alla bellezza femminile, non censurando o condannando, n\u00e9 sottolineando il male ma mostrando che la vera bellezza e la vera felicit\u00e0 sono altro. La sfida di noi cattolici non \u00e8 fare i moralisti o i bacchettoni: non \u00e8 questo che convince il cuore. Dobbiamo fare vedere una bellezza pi\u00f9 grande, testimoniando, anche con lo smalto e i colpi di sole, che la vera felicit\u00e0 \u00e8 un\u2019altra.<\/p>\n<p style=\"text-align: justify;\">Non \u00e8 detto che una donna che ha molti figli e vive tutta la vita con un unico marito, debba per forza abbrutirsi. La nostra sfida di cattolici dobbiamo mostrare la profonda ragionevolezza della fede e l\u2019infelicit\u00e0 profonda ed inevitabile che viene dal non credere. Non credo possa esistere una felicit\u00e0 senza Dio, il nostro cuore \u00e8 fatto per Lui. Nemmeno per Brad Pitt e Angelina Jolie ci sar\u00e0 alcuna felicit\u00e0 senza Dio!<\/p>\n","protected":false},"excerpt":{"rendered":"<p>Ag Zenit (ZENIT.org) marted\u00ec, 6 marzo 2012 La giornalista e scrittrice Costanza Miriano dice la sua sulla festa dell&#8217;8 marzo di Luca Marcolivio La giornalista del TG3 Costanza Miriano \u00e8 quanto di pi\u00f9 lontano possa esistere dallo stereotipo della femminista. \u00c8 profondamente cattolica ma molto diversa dallo stereotipo della ragazza cresciuta in oratorio. Il suo &hellip; <\/p>\n<p><a class=\"more-link btn\" href=\"https:\/\/www.rassegnastampa-totustuus.it\/cattolica\/donne-senza-paura-di-essere-buone-e-belle\/\">Continua a leggere<\/a><\/p>\n","protected":false},"author":6,"featured_media":23684,"comment_status":"closed","ping_status":"open","sticky":false,"template":"","format":"standard","meta":{"footnotes":""},"categories":[7],"tags":[2043,256,255],"class_list":["post-4928","post","type-post","status-publish","format-standard","has-post-thumbnail","hentry","category-costume","tag-8-marzo","tag-donne","tag-femminismo","item-wrap"],"yoast_head":"<!-- This site is optimized with the Yoast SEO plugin v27.5 - https:\/\/yoast.com\/product\/yoast-seo-wordpress\/ -->\n<title>Donne senza paura di essere buone e belle - Rassegna Stampa Cattolica<\/title>\n<meta name=\"description\" content=\"Rassegna Stampa Cattolica - Per una cultura che nasce dalla Rivelazione cristiana in conformit\u00e0 alla tradizione e al Magistero della Chiesa in opposizione ad ogni relativismo e totalitarismo\" \/>\n<meta name=\"robots\" content=\"index, follow, max-snippet:-1, max-image-preview:large, max-video-preview:-1\" \/>\n<link rel=\"canonical\" href=\"https:\/\/www.rassegnastampa-totustuus.it\/cattolica\/donne-senza-paura-di-essere-buone-e-belle\/\" \/>\n<meta property=\"og:locale\" content=\"it_IT\" \/>\n<meta property=\"og:type\" content=\"article\" \/>\n<meta property=\"og:title\" content=\"Donne senza paura di essere buone e belle - Rassegna Stampa Cattolica\" \/>\n<meta property=\"og:description\" content=\"Rassegna Stampa Cattolica - Per una cultura che nasce dalla Rivelazione cristiana in conformit\u00e0 alla tradizione e al Magistero della Chiesa in opposizione ad ogni relativismo e totalitarismo\" \/>\n<meta property=\"og:url\" content=\"https:\/\/www.rassegnastampa-totustuus.it\/cattolica\/donne-senza-paura-di-essere-buone-e-belle\/\" \/>\n<meta property=\"og:site_name\" content=\"Rassegna Stampa Cattolica\" \/>\n<meta property=\"article:publisher\" content=\"https:\/\/www.facebook.com\/rassegnastampacattolica\" \/>\n<meta property=\"article:published_time\" content=\"2012-03-09T07:06:19+00:00\" \/>\n<meta property=\"article:modified_time\" content=\"2015-04-23T07:34:21+00:00\" \/>\n<meta property=\"og:image\" content=\"https:\/\/www.rassegnastampa-totustuus.it\/cattolica\/wp-content\/uploads\/2012\/03\/Costanza_Miriano.jpg\" \/>\n\t<meta property=\"og:image:width\" content=\"265\" \/>\n\t<meta property=\"og:image:height\" content=\"190\" \/>\n\t<meta property=\"og:image:type\" content=\"image\/jpeg\" \/>\n<meta name=\"author\" content=\"Redazione\" \/>\n<meta name=\"twitter:card\" content=\"summary_large_image\" \/>\n<meta name=\"twitter:creator\" content=\"@rassegnastampa9\" \/>\n<meta name=\"twitter:site\" content=\"@rassegnastampa9\" \/>\n<meta name=\"twitter:label1\" content=\"Scritto da\" \/>\n\t<meta name=\"twitter:data1\" content=\"Redazione\" \/>\n\t<meta name=\"twitter:label2\" content=\"Tempo di lettura stimato\" \/>\n\t<meta name=\"twitter:data2\" content=\"6 minuti\" \/>\n<script type=\"application\/ld+json\" class=\"yoast-schema-graph\">{\"@context\":\"https:\\\/\\\/schema.org\",\"@graph\":[{\"@type\":\"Article\",\"@id\":\"https:\\\/\\\/www.rassegnastampa-totustuus.it\\\/cattolica\\\/donne-senza-paura-di-essere-buone-e-belle\\\/#article\",\"isPartOf\":{\"@id\":\"https:\\\/\\\/www.rassegnastampa-totustuus.it\\\/cattolica\\\/donne-senza-paura-di-essere-buone-e-belle\\\/\"},\"author\":{\"name\":\"Redazione\",\"@id\":\"https:\\\/\\\/www.rassegnastampa-totustuus.it\\\/cattolica\\\/#\\\/schema\\\/person\\\/08f319d2bd1a0904ad9e2bfb7b15e5c3\"},\"headline\":\"Donne senza paura di essere buone e belle\",\"datePublished\":\"2012-03-09T07:06:19+00:00\",\"dateModified\":\"2015-04-23T07:34:21+00:00\",\"mainEntityOfPage\":{\"@id\":\"https:\\\/\\\/www.rassegnastampa-totustuus.it\\\/cattolica\\\/donne-senza-paura-di-essere-buone-e-belle\\\/\"},\"wordCount\":1151,\"publisher\":{\"@id\":\"https:\\\/\\\/www.rassegnastampa-totustuus.it\\\/cattolica\\\/#organization\"},\"image\":{\"@id\":\"https:\\\/\\\/www.rassegnastampa-totustuus.it\\\/cattolica\\\/donne-senza-paura-di-essere-buone-e-belle\\\/#primaryimage\"},\"thumbnailUrl\":\"https:\\\/\\\/www.rassegnastampa-totustuus.it\\\/cattolica\\\/wp-content\\\/uploads\\\/2012\\\/03\\\/Costanza_Miriano.jpg\",\"keywords\":[\"8 marzo\",\"donne\",\"femminismo\"],\"articleSection\":[\"Costume\"],\"inLanguage\":\"it-IT\"},{\"@type\":\"WebPage\",\"@id\":\"https:\\\/\\\/www.rassegnastampa-totustuus.it\\\/cattolica\\\/donne-senza-paura-di-essere-buone-e-belle\\\/\",\"url\":\"https:\\\/\\\/www.rassegnastampa-totustuus.it\\\/cattolica\\\/donne-senza-paura-di-essere-buone-e-belle\\\/\",\"name\":\"Donne senza paura di essere buone e belle - Rassegna Stampa Cattolica\",\"isPartOf\":{\"@id\":\"https:\\\/\\\/www.rassegnastampa-totustuus.it\\\/cattolica\\\/#website\"},\"primaryImageOfPage\":{\"@id\":\"https:\\\/\\\/www.rassegnastampa-totustuus.it\\\/cattolica\\\/donne-senza-paura-di-essere-buone-e-belle\\\/#primaryimage\"},\"image\":{\"@id\":\"https:\\\/\\\/www.rassegnastampa-totustuus.it\\\/cattolica\\\/donne-senza-paura-di-essere-buone-e-belle\\\/#primaryimage\"},\"thumbnailUrl\":\"https:\\\/\\\/www.rassegnastampa-totustuus.it\\\/cattolica\\\/wp-content\\\/uploads\\\/2012\\\/03\\\/Costanza_Miriano.jpg\",\"datePublished\":\"2012-03-09T07:06:19+00:00\",\"dateModified\":\"2015-04-23T07:34:21+00:00\",\"description\":\"Rassegna Stampa Cattolica - Per una cultura che nasce dalla Rivelazione cristiana in conformit\u00e0 alla tradizione e al Magistero della Chiesa in opposizione ad ogni relativismo e totalitarismo\",\"breadcrumb\":{\"@id\":\"https:\\\/\\\/www.rassegnastampa-totustuus.it\\\/cattolica\\\/donne-senza-paura-di-essere-buone-e-belle\\\/#breadcrumb\"},\"inLanguage\":\"it-IT\",\"potentialAction\":[{\"@type\":\"ReadAction\",\"target\":[\"https:\\\/\\\/www.rassegnastampa-totustuus.it\\\/cattolica\\\/donne-senza-paura-di-essere-buone-e-belle\\\/\"]}]},{\"@type\":\"ImageObject\",\"inLanguage\":\"it-IT\",\"@id\":\"https:\\\/\\\/www.rassegnastampa-totustuus.it\\\/cattolica\\\/donne-senza-paura-di-essere-buone-e-belle\\\/#primaryimage\",\"url\":\"https:\\\/\\\/www.rassegnastampa-totustuus.it\\\/cattolica\\\/wp-content\\\/uploads\\\/2012\\\/03\\\/Costanza_Miriano.jpg\",\"contentUrl\":\"https:\\\/\\\/www.rassegnastampa-totustuus.it\\\/cattolica\\\/wp-content\\\/uploads\\\/2012\\\/03\\\/Costanza_Miriano.jpg\",\"width\":265,\"height\":190},{\"@type\":\"BreadcrumbList\",\"@id\":\"https:\\\/\\\/www.rassegnastampa-totustuus.it\\\/cattolica\\\/donne-senza-paura-di-essere-buone-e-belle\\\/#breadcrumb\",\"itemListElement\":[{\"@type\":\"ListItem\",\"position\":1,\"name\":\"Home\",\"item\":\"https:\\\/\\\/www.rassegnastampa-totustuus.it\\\/cattolica\\\/\"},{\"@type\":\"ListItem\",\"position\":2,\"name\":\"Donne senza paura di essere buone e belle\"}]},{\"@type\":\"WebSite\",\"@id\":\"https:\\\/\\\/www.rassegnastampa-totustuus.it\\\/cattolica\\\/#website\",\"url\":\"https:\\\/\\\/www.rassegnastampa-totustuus.it\\\/cattolica\\\/\",\"name\":\"Rassegna Stampa Cattolica\",\"description\":\"Per una cultura che nasce dalla Rivelazione cristiana in conformit\u00e0 alla tradizione e al Magistero della Chiesa in opposizione ad ogni relativismo e totalitarismo\",\"publisher\":{\"@id\":\"https:\\\/\\\/www.rassegnastampa-totustuus.it\\\/cattolica\\\/#organization\"},\"alternateName\":\"Rass. Cattolica\",\"potentialAction\":[{\"@type\":\"SearchAction\",\"target\":{\"@type\":\"EntryPoint\",\"urlTemplate\":\"https:\\\/\\\/www.rassegnastampa-totustuus.it\\\/cattolica\\\/?s={search_term_string}\"},\"query-input\":{\"@type\":\"PropertyValueSpecification\",\"valueRequired\":true,\"valueName\":\"search_term_string\"}}],\"inLanguage\":\"it-IT\"},{\"@type\":\"Organization\",\"@id\":\"https:\\\/\\\/www.rassegnastampa-totustuus.it\\\/cattolica\\\/#organization\",\"name\":\"Rassegna Stampa Cattolica\",\"url\":\"https:\\\/\\\/www.rassegnastampa-totustuus.it\\\/cattolica\\\/\",\"logo\":{\"@type\":\"ImageObject\",\"inLanguage\":\"it-IT\",\"@id\":\"https:\\\/\\\/www.rassegnastampa-totustuus.it\\\/cattolica\\\/#\\\/schema\\\/logo\\\/image\\\/\",\"url\":\"https:\\\/\\\/www.rassegnastampa-totustuus.it\\\/cattolica\\\/wp-content\\\/uploads\\\/2014\\\/04\\\/logo-rassegna1.gif\",\"contentUrl\":\"https:\\\/\\\/www.rassegnastampa-totustuus.it\\\/cattolica\\\/wp-content\\\/uploads\\\/2014\\\/04\\\/logo-rassegna1.gif\",\"width\":600,\"height\":163,\"caption\":\"Rassegna Stampa Cattolica\"},\"image\":{\"@id\":\"https:\\\/\\\/www.rassegnastampa-totustuus.it\\\/cattolica\\\/#\\\/schema\\\/logo\\\/image\\\/\"},\"sameAs\":[\"https:\\\/\\\/www.facebook.com\\\/rassegnastampacattolica\",\"https:\\\/\\\/x.com\\\/rassegnastampa9\"]},{\"@type\":\"Person\",\"@id\":\"https:\\\/\\\/www.rassegnastampa-totustuus.it\\\/cattolica\\\/#\\\/schema\\\/person\\\/08f319d2bd1a0904ad9e2bfb7b15e5c3\",\"name\":\"Redazione\",\"image\":{\"@type\":\"ImageObject\",\"inLanguage\":\"it-IT\",\"@id\":\"https:\\\/\\\/secure.gravatar.com\\\/avatar\\\/2fcdf27c78ea025fbdb44e914cc63c72249ffec9dc8aafd5c82b26240ef3f346?s=96&d=mm&r=g\",\"url\":\"https:\\\/\\\/secure.gravatar.com\\\/avatar\\\/2fcdf27c78ea025fbdb44e914cc63c72249ffec9dc8aafd5c82b26240ef3f346?s=96&d=mm&r=g\",\"contentUrl\":\"https:\\\/\\\/secure.gravatar.com\\\/avatar\\\/2fcdf27c78ea025fbdb44e914cc63c72249ffec9dc8aafd5c82b26240ef3f346?s=96&d=mm&r=g\",\"caption\":\"Redazione\"},\"url\":\"https:\\\/\\\/www.rassegnastampa-totustuus.it\\\/cattolica\\\/author\\\/pietroelle\\\/\"}]}<\/script>\n<!-- \/ Yoast SEO plugin. -->","yoast_head_json":{"title":"Donne senza paura di essere buone e belle - Rassegna Stampa Cattolica","description":"Rassegna Stampa Cattolica - Per una cultura che nasce dalla Rivelazione cristiana in conformit\u00e0 alla tradizione e al Magistero della Chiesa in opposizione ad ogni relativismo e totalitarismo","robots":{"index":"index","follow":"follow","max-snippet":"max-snippet:-1","max-image-preview":"max-image-preview:large","max-video-preview":"max-video-preview:-1"},"canonical":"https:\/\/www.rassegnastampa-totustuus.it\/cattolica\/donne-senza-paura-di-essere-buone-e-belle\/","og_locale":"it_IT","og_type":"article","og_title":"Donne senza paura di essere buone e belle - Rassegna Stampa Cattolica","og_description":"Rassegna Stampa Cattolica - Per una cultura che nasce dalla Rivelazione cristiana in conformit\u00e0 alla tradizione e al Magistero della Chiesa in opposizione ad ogni relativismo e totalitarismo","og_url":"https:\/\/www.rassegnastampa-totustuus.it\/cattolica\/donne-senza-paura-di-essere-buone-e-belle\/","og_site_name":"Rassegna Stampa Cattolica","article_publisher":"https:\/\/www.facebook.com\/rassegnastampacattolica","article_published_time":"2012-03-09T07:06:19+00:00","article_modified_time":"2015-04-23T07:34:21+00:00","og_image":[{"width":265,"height":190,"url":"https:\/\/www.rassegnastampa-totustuus.it\/cattolica\/wp-content\/uploads\/2012\/03\/Costanza_Miriano.jpg","type":"image\/jpeg"}],"author":"Redazione","twitter_card":"summary_large_image","twitter_creator":"@rassegnastampa9","twitter_site":"@rassegnastampa9","twitter_misc":{"Scritto da":"Redazione","Tempo di lettura stimato":"6 minuti"},"schema":{"@context":"https:\/\/schema.org","@graph":[{"@type":"Article","@id":"https:\/\/www.rassegnastampa-totustuus.it\/cattolica\/donne-senza-paura-di-essere-buone-e-belle\/#article","isPartOf":{"@id":"https:\/\/www.rassegnastampa-totustuus.it\/cattolica\/donne-senza-paura-di-essere-buone-e-belle\/"},"author":{"name":"Redazione","@id":"https:\/\/www.rassegnastampa-totustuus.it\/cattolica\/#\/schema\/person\/08f319d2bd1a0904ad9e2bfb7b15e5c3"},"headline":"Donne senza paura di essere buone e belle","datePublished":"2012-03-09T07:06:19+00:00","dateModified":"2015-04-23T07:34:21+00:00","mainEntityOfPage":{"@id":"https:\/\/www.rassegnastampa-totustuus.it\/cattolica\/donne-senza-paura-di-essere-buone-e-belle\/"},"wordCount":1151,"publisher":{"@id":"https:\/\/www.rassegnastampa-totustuus.it\/cattolica\/#organization"},"image":{"@id":"https:\/\/www.rassegnastampa-totustuus.it\/cattolica\/donne-senza-paura-di-essere-buone-e-belle\/#primaryimage"},"thumbnailUrl":"https:\/\/www.rassegnastampa-totustuus.it\/cattolica\/wp-content\/uploads\/2012\/03\/Costanza_Miriano.jpg","keywords":["8 marzo","donne","femminismo"],"articleSection":["Costume"],"inLanguage":"it-IT"},{"@type":"WebPage","@id":"https:\/\/www.rassegnastampa-totustuus.it\/cattolica\/donne-senza-paura-di-essere-buone-e-belle\/","url":"https:\/\/www.rassegnastampa-totustuus.it\/cattolica\/donne-senza-paura-di-essere-buone-e-belle\/","name":"Donne senza paura di essere buone e belle - Rassegna Stampa Cattolica","isPartOf":{"@id":"https:\/\/www.rassegnastampa-totustuus.it\/cattolica\/#website"},"primaryImageOfPage":{"@id":"https:\/\/www.rassegnastampa-totustuus.it\/cattolica\/donne-senza-paura-di-essere-buone-e-belle\/#primaryimage"},"image":{"@id":"https:\/\/www.rassegnastampa-totustuus.it\/cattolica\/donne-senza-paura-di-essere-buone-e-belle\/#primaryimage"},"thumbnailUrl":"https:\/\/www.rassegnastampa-totustuus.it\/cattolica\/wp-content\/uploads\/2012\/03\/Costanza_Miriano.jpg","datePublished":"2012-03-09T07:06:19+00:00","dateModified":"2015-04-23T07:34:21+00:00","description":"Rassegna Stampa Cattolica - Per una cultura che nasce dalla Rivelazione cristiana in conformit\u00e0 alla tradizione e al Magistero della Chiesa in opposizione ad ogni relativismo e totalitarismo","breadcrumb":{"@id":"https:\/\/www.rassegnastampa-totustuus.it\/cattolica\/donne-senza-paura-di-essere-buone-e-belle\/#breadcrumb"},"inLanguage":"it-IT","potentialAction":[{"@type":"ReadAction","target":["https:\/\/www.rassegnastampa-totustuus.it\/cattolica\/donne-senza-paura-di-essere-buone-e-belle\/"]}]},{"@type":"ImageObject","inLanguage":"it-IT","@id":"https:\/\/www.rassegnastampa-totustuus.it\/cattolica\/donne-senza-paura-di-essere-buone-e-belle\/#primaryimage","url":"https:\/\/www.rassegnastampa-totustuus.it\/cattolica\/wp-content\/uploads\/2012\/03\/Costanza_Miriano.jpg","contentUrl":"https:\/\/www.rassegnastampa-totustuus.it\/cattolica\/wp-content\/uploads\/2012\/03\/Costanza_Miriano.jpg","width":265,"height":190},{"@type":"BreadcrumbList","@id":"https:\/\/www.rassegnastampa-totustuus.it\/cattolica\/donne-senza-paura-di-essere-buone-e-belle\/#breadcrumb","itemListElement":[{"@type":"ListItem","position":1,"name":"Home","item":"https:\/\/www.rassegnastampa-totustuus.it\/cattolica\/"},{"@type":"ListItem","position":2,"name":"Donne senza paura di essere buone e belle"}]},{"@type":"WebSite","@id":"https:\/\/www.rassegnastampa-totustuus.it\/cattolica\/#website","url":"https:\/\/www.rassegnastampa-totustuus.it\/cattolica\/","name":"Rassegna Stampa Cattolica","description":"Per una cultura che nasce dalla Rivelazione cristiana in conformit\u00e0 alla tradizione e al Magistero della Chiesa in opposizione ad ogni relativismo e totalitarismo","publisher":{"@id":"https:\/\/www.rassegnastampa-totustuus.it\/cattolica\/#organization"},"alternateName":"Rass. Cattolica","potentialAction":[{"@type":"SearchAction","target":{"@type":"EntryPoint","urlTemplate":"https:\/\/www.rassegnastampa-totustuus.it\/cattolica\/?s={search_term_string}"},"query-input":{"@type":"PropertyValueSpecification","valueRequired":true,"valueName":"search_term_string"}}],"inLanguage":"it-IT"},{"@type":"Organization","@id":"https:\/\/www.rassegnastampa-totustuus.it\/cattolica\/#organization","name":"Rassegna Stampa Cattolica","url":"https:\/\/www.rassegnastampa-totustuus.it\/cattolica\/","logo":{"@type":"ImageObject","inLanguage":"it-IT","@id":"https:\/\/www.rassegnastampa-totustuus.it\/cattolica\/#\/schema\/logo\/image\/","url":"https:\/\/www.rassegnastampa-totustuus.it\/cattolica\/wp-content\/uploads\/2014\/04\/logo-rassegna1.gif","contentUrl":"https:\/\/www.rassegnastampa-totustuus.it\/cattolica\/wp-content\/uploads\/2014\/04\/logo-rassegna1.gif","width":600,"height":163,"caption":"Rassegna Stampa Cattolica"},"image":{"@id":"https:\/\/www.rassegnastampa-totustuus.it\/cattolica\/#\/schema\/logo\/image\/"},"sameAs":["https:\/\/www.facebook.com\/rassegnastampacattolica","https:\/\/x.com\/rassegnastampa9"]},{"@type":"Person","@id":"https:\/\/www.rassegnastampa-totustuus.it\/cattolica\/#\/schema\/person\/08f319d2bd1a0904ad9e2bfb7b15e5c3","name":"Redazione","image":{"@type":"ImageObject","inLanguage":"it-IT","@id":"https:\/\/secure.gravatar.com\/avatar\/2fcdf27c78ea025fbdb44e914cc63c72249ffec9dc8aafd5c82b26240ef3f346?s=96&d=mm&r=g","url":"https:\/\/secure.gravatar.com\/avatar\/2fcdf27c78ea025fbdb44e914cc63c72249ffec9dc8aafd5c82b26240ef3f346?s=96&d=mm&r=g","contentUrl":"https:\/\/secure.gravatar.com\/avatar\/2fcdf27c78ea025fbdb44e914cc63c72249ffec9dc8aafd5c82b26240ef3f346?s=96&d=mm&r=g","caption":"Redazione"},"url":"https:\/\/www.rassegnastampa-totustuus.it\/cattolica\/author\/pietroelle\/"}]}},"_links":{"self":[{"href":"https:\/\/www.rassegnastampa-totustuus.it\/cattolica\/wp-json\/wp\/v2\/posts\/4928","targetHints":{"allow":["GET"]}}],"collection":[{"href":"https:\/\/www.rassegnastampa-totustuus.it\/cattolica\/wp-json\/wp\/v2\/posts"}],"about":[{"href":"https:\/\/www.rassegnastampa-totustuus.it\/cattolica\/wp-json\/wp\/v2\/types\/post"}],"author":[{"embeddable":true,"href":"https:\/\/www.rassegnastampa-totustuus.it\/cattolica\/wp-json\/wp\/v2\/users\/6"}],"replies":[{"embeddable":true,"href":"https:\/\/www.rassegnastampa-totustuus.it\/cattolica\/wp-json\/wp\/v2\/comments?post=4928"}],"version-history":[{"count":3,"href":"https:\/\/www.rassegnastampa-totustuus.it\/cattolica\/wp-json\/wp\/v2\/posts\/4928\/revisions"}],"predecessor-version":[{"id":23685,"href":"https:\/\/www.rassegnastampa-totustuus.it\/cattolica\/wp-json\/wp\/v2\/posts\/4928\/revisions\/23685"}],"wp:featuredmedia":[{"embeddable":true,"href":"https:\/\/www.rassegnastampa-totustuus.it\/cattolica\/wp-json\/wp\/v2\/media\/23684"}],"wp:attachment":[{"href":"https:\/\/www.rassegnastampa-totustuus.it\/cattolica\/wp-json\/wp\/v2\/media?parent=4928"}],"wp:term":[{"taxonomy":"category","embeddable":true,"href":"https:\/\/www.rassegnastampa-totustuus.it\/cattolica\/wp-json\/wp\/v2\/categories?post=4928"},{"taxonomy":"post_tag","embeddable":true,"href":"https:\/\/www.rassegnastampa-totustuus.it\/cattolica\/wp-json\/wp\/v2\/tags?post=4928"}],"curies":[{"name":"wp","href":"https:\/\/api.w.org\/{rel}","templated":true}]}}