{"id":49260,"date":"2020-11-26T00:00:29","date_gmt":"2020-11-25T23:00:29","guid":{"rendered":"http:\/\/www.rassegnastampa-totustuus.it\/cattolica\/?p=49260"},"modified":"2020-11-19T12:20:21","modified_gmt":"2020-11-19T11:20:21","slug":"bogdan-suchodolski-1903-1992","status":"publish","type":"post","link":"https:\/\/www.rassegnastampa-totustuus.it\/cattolica\/bogdan-suchodolski-1903-1992\/","title":{"rendered":"Bogdan Suchodolski (1903-1992)"},"content":{"rendered":"<p style=\"text-align: center;\"><span style=\"color: #000000;\">I.D.I.S. &#8211; Istituto per la Dottrina e l&#8217;Informazione Sociale<\/span><\/p>\n<p style=\"text-align: center;\"><span style=\"color: #000000;\"><strong>Voci per un dizionario del pensiero forte<\/strong><\/span><\/p>\n<p><a href=\"https:\/\/www.rassegnastampa-totustuus.it\/cattolica\/wp-content\/uploads\/2020\/11\/Bogdan_Suchodolski_educazione.jpg\"><img loading=\"lazy\" decoding=\"async\" class=\"size-full wp-image-49261 aligncenter\" src=\"https:\/\/www.rassegnastampa-totustuus.it\/cattolica\/wp-content\/uploads\/2020\/11\/Bogdan_Suchodolski_educazione.jpg\" alt=\"\" width=\"190\" height=\"265\" \/><\/a><\/p>\n<p style=\"text-align: center;\"><span style=\"color: #000000;\">di <strong>David Botti<\/strong><\/span><\/p>\n<p><!--more--><\/p>\n<p style=\"text-align: justify;\"><strong style=\"font-size: inherit; color: #000000;\">1. Il marxismo pedagogico in Occidente<\/strong><\/p>\n<p style=\"text-align: justify;\"><span style=\"font-size: inherit; color: #000000;\">La storia dei fatti, delle idee e delle tendenze, relativi all\u2019educazione e alla scuola in Occidente dopo la Seconda Guerra Mondiale (1939-1945), \u00e8 pure la storia degli uomini che \u2014 appartenendo a partiti comunisti attivi in societ\u00e0 formatesi sotto l\u2019influsso della cultura cattolica \u2014 agiscono sostanzialmente sulla base del giudizio di Antonio Gramsci (1891-1937) secondo cui il comunismo \u00e8 coronamento e sintesi di precedenti movimenti rivoluzionari quali <\/span><em style=\"font-size: inherit; color: #000000;\">\u00ab<\/em><span style=\"font-size: inherit; color: #000000;\">[\u2026] <\/span><em style=\"font-size: inherit; color: #000000;\">la Rinascita e la Riforma, la filosofia tedesca e la rivoluzione francese, il calvinismo e la economia classica inglese, il liberalismo laico e lo storicismo che \u00e8 alla base di tutta la concezione moderna della vita\u00bb<\/em><span style=\"font-size: inherit; color: #000000;\">. In coerenza con tale giudizio nei Paesi occidentali si costituisce un fronte \u00abdemocratico e progressista\u00bb, che in Italia origina, nell\u2019area pedagogica, fin dai primi anni 1950, un processo di mediazione politico-culturale di cui \u00e8 protagonista Dina Bertoni Jovine (1898-1970), il maggior storico marxista italiano dell\u2019educazione. <\/span><\/p>\n<p style=\"text-align: justify;\"><span style=\"font-size: inherit; color: #000000;\"><a href=\"https:\/\/www.rassegnastampa-totustuus.it\/cattolica\/wp-content\/uploads\/2020\/11\/montessori_educazione.jpg\"><img loading=\"lazy\" decoding=\"async\" class=\" wp-image-49273 alignleft\" src=\"https:\/\/www.rassegnastampa-totustuus.it\/cattolica\/wp-content\/uploads\/2020\/11\/montessori_educazione.jpg\" alt=\"\" width=\"338\" height=\"225\" \/><\/a>La <\/span><em style=\"font-size: inherit; color: #000000;\">\u00abreciproca fecondazione\u00bb<\/em><span style=\"font-size: inherit; color: #000000;\"> \u2014 l\u2019espressione \u00e8 del pedagogista comunista Lucio Lombardo Radice (1916-1982) \u2014 fra il pensiero di Karl Marx (1818-1883) e il contributo del pedagogista sovietico Anton Semionovic Makarenko (1888-1939) da un lato \u2014 rappresentati da esponenti \u00abstorici\u00bb del marxismo pedagogico italiano come Antonio Banfi (1886-1957) e Mario Alighiero Manacorda (1914-2013) \u2014 e la pedagogia \u00abattiva\u00bb pi\u00f9 radicale del francese Celestin Freinet (1896-1966) e dello statunitense John Dewey (1859-1952) dall\u2019altro \u2014 proposta in Italia dagli esponenti di una corrente pedagogica \u00ablaica e progressista\u00bb, quali Ernesto Codignola (1885-1965) e Lamberto Borghi (1907-2000) \u2014 ha portato alla diffusione del pensiero di Bogdan Suchodolski, definito dalla Bertoni Jovine <\/span><em style=\"font-size: inherit; color: #000000;\">\u00abla pi\u00f9 organica elaborazione compiuta finora dei principi marxisti nel campo dell\u2019educazione\u00bb<\/em><span style=\"font-size: inherit; color: #000000;\">, da Borghi considerato <\/span><em style=\"font-size: inherit; color: #000000;\">\u00abin consapevole sintonia con quello del Dewey\u00bb<\/em><span style=\"font-size: inherit; color: #000000;\">\u00a0e qualificato dal pedagogista Guido Giugni come caratteristico della contemporanea <\/span><em style=\"font-size: inherit; color: #000000;\">\u00abeducazione nuova per un mondo nuovo\u00bb<\/em><span style=\"font-size: inherit; color: #000000;\">. <\/span><\/p>\n<p style=\"text-align: justify;\"><strong style=\"font-size: inherit; color: #000000;\">2. La vita<\/strong><\/p>\n<p style=\"text-align: justify;\"><span style=\"font-size: inherit; color: #000000;\">Bogdan Suchodolski nasce a Sosnowiec, in Polonia, il 27 dicembre 1903. Compiuti i primi studi a Cracovia, nel 1925 si laurea in filosofia a Varsavia, quindi passa a Parigi e a Berlino dove, fino al 1928, frequenta le lezioni impregnate di storicismo tedesco di Eduard Spranger (1882-1963) e di sociologismo di Alfred Vierkandt (1867-1953). Ancora cattolico, ma imbevuto di spiritualismo filosofico, nel 1932 \u00e8 libero docente e nel 1938 professore di Pedagogia nell\u2019universit\u00e0 di Leopoli, dove collabora con il pedagogista russo Sergei Osipovic Hessen (1887-1950). <\/span><\/p>\n<p style=\"text-align: justify;\"><span style=\"font-size: inherit; color: #000000;\"><a href=\"https:\/\/www.rassegnastampa-totustuus.it\/cattolica\/wp-content\/uploads\/2020\/11\/guerra_mondiale.jpg\"><img loading=\"lazy\" decoding=\"async\" class=\" wp-image-49275 alignright\" src=\"https:\/\/www.rassegnastampa-totustuus.it\/cattolica\/wp-content\/uploads\/2020\/11\/guerra_mondiale.jpg\" alt=\"\" width=\"334\" height=\"229\" \/><\/a>Allo scoppio della Seconda Guerra Mondiale torna a Varsavia e, dal 1939 al 1943, docente nell\u2019universit\u00e0 clandestina durante l\u2019occupazione nazionalsocialista, matura una forte attenzione alle correnti di pensiero che hanno determinato la rottura dell\u2019unit\u00e0 culturale dell\u2019Occidente, testimoniata da saggi sull\u2019Umanesimo, sul Rinascimento e, in particolare, sul pedagogista e poligrafo moravo, di religione protestante, Jan Amos Komensky (1592-1670), pi\u00f9 noto con il nome latinizzato di Comenio. <\/span><\/p>\n<p style=\"text-align: justify;\"><span style=\"font-size: inherit; color: #000000;\">Tutta la vasta produzione successiva rester\u00e0 legata ai temi educativi. \u00a0Al termine del conflitto, divenuto marxista, Suchodolski\u00e8 direttore di una scuola media a Varsavia e nel 1946 presenta una memoria alla Societ\u00e0 Filosofica Polacca. Nel 1947 pubblica il <\/span><em style=\"font-size: inherit; color: #000000;\">Trattato di pedagogia generale. Educazione per il tempo futuro<\/em><span style=\"font-size: inherit; color: #000000;\">, che gli d\u00e0 notoriet\u00e0 mondiale, e ottiene dal governo comunista la cattedra di pedagogia generale a Varsavia, che mantiene fino al 1969. <\/span><\/p>\n<p style=\"text-align: justify;\"><span style=\"font-size: inherit; color: #000000;\">Attivissimo in patria e all\u2019estero, sono da segnalare gl\u2019interventi del 1979 al convegno su <\/span><em style=\"font-size: inherit; color: #000000;\">L\u2019educazione attiva: un bilancio critico<\/em><span style=\"font-size: inherit; color: #000000;\">, organizzato dal Centro Educativo Italo-Svizzero, del 1980 all\u2019universit\u00e0 di Siena su <\/span><em style=\"font-size: inherit; color: #000000;\">La sfida degli anni \u201980 all\u2019educazione<\/em><span style=\"font-size: inherit; color: #000000;\">, del 1983 per il conferimento della laurea <\/span><em style=\"font-size: inherit; color: #000000;\">honoris causa<\/em><span style=\"font-size: inherit; color: #000000;\"> da parte dell\u2019universit\u00e0 di Padova \u2014 che segue quelle di Berlino, di Rappersville e di Parigi \u2014 e del 1986 alla Conferenza per il 25\u00b0 Anniversario del CEDE, il Centro Europeo dell\u2019Educazione. Il pedagogista marxista muore il 2 ottobre 1992. <\/span><\/p>\n<p style=\"text-align: justify;\"><strong style=\"font-size: inherit; color: #000000;\">3. L\u2019<em>\u00abeducazione per il tempo futuro\u00bb<\/em><\/strong><\/p>\n<p style=\"text-align: justify;\"><span style=\"font-size: inherit; color: #000000;\"><a href=\"https:\/\/www.rassegnastampa-totustuus.it\/cattolica\/wp-content\/uploads\/2020\/11\/Suchodolsky_cover_educazione.jpg\"><img loading=\"lazy\" decoding=\"async\" class=\"size-medium wp-image-49276 alignleft\" src=\"https:\/\/www.rassegnastampa-totustuus.it\/cattolica\/wp-content\/uploads\/2020\/11\/Suchodolsky_cover_educazione-300x225.jpg\" alt=\"\" width=\"300\" height=\"225\" srcset=\"https:\/\/www.rassegnastampa-totustuus.it\/cattolica\/wp-content\/uploads\/2020\/11\/Suchodolsky_cover_educazione-300x225.jpg 300w, https:\/\/www.rassegnastampa-totustuus.it\/cattolica\/wp-content\/uploads\/2020\/11\/Suchodolsky_cover_educazione.jpg 400w\" sizes=\"auto, (max-width: 300px) 100vw, 300px\" \/><\/a>Fra i motivi della straordinaria diffusione del pensiero di Suchodolski e del suo concetto di <\/span><em style=\"font-size: inherit; color: #000000;\">\u00abeducazione per il tempo futuro\u00bb<\/em><span style=\"font-size: inherit; color: #000000;\"> va annoverata la presentazione con una terminologia \u00abumanistica\u00bb, che non ne ha sempre permesso l\u2019immediata associazione con il socialismo marxista. Si tratta invece di un marxismo autentico, finalizzato a <\/span><em style=\"font-size: inherit; color: #000000;\">\u00ab<\/em><span style=\"font-size: inherit; color: #000000;\">[\u2026] <\/span><em style=\"font-size: inherit; color: #000000;\">una rivoluzione permanente, da realizzarsi mediante un\u2019incessante attivit\u00e0 che modifichi le condizioni in atto\u00bb<\/em><span style=\"font-size: inherit; color: #000000;\">\u00a0e comprendente la lotta contro le correnti che considerano <\/span><em style=\"font-size: inherit; color: #000000;\">\u00abla rivoluzione socialista come unica azione storica e non come un lungo processo di trasformazione sociale\u00bb<\/em><span style=\"font-size: inherit; color: #000000;\">. <\/span><\/p>\n<p style=\"text-align: justify;\"><span style=\"font-size: inherit; color: #000000;\">Infatti non bisogna <\/span><em style=\"font-size: inherit; color: #000000;\">\u00ab<\/em><span style=\"font-size: inherit; color: #000000;\">[\u2026] <\/span><em style=\"font-size: inherit; color: #000000;\">adattare gli uomini alle forme di vita esistenti\u00bb<\/em><em style=\"font-size: inherit; color: #000000;\"> &#8211; <\/em><span style=\"font-size: inherit; color: #000000;\">come sosteneva Dewey \u2014 perch\u00e9 l\u2019uomo, <\/span><em style=\"font-size: inherit; color: #000000;\">\u00ab<\/em><span style=\"font-size: inherit; color: #000000;\">[\u2026] <\/span><em style=\"font-size: inherit; color: #000000;\">di fronte a situazioni politico-sociali, non soltanto\u00a0<\/em><span style=\"font-size: inherit; color: #000000;\">\u201creagisce\u201d\u00a0<\/span><em style=\"font-size: inherit; color: #000000;\">ma addirittura modifica la sua natura\u00bb<\/em><span style=\"font-size: inherit; color: #000000;\">;\u00a0<\/span><em style=\"font-size: inherit; color: #000000;\">\u00abla pedagogia socialista non deve perci\u00f2 attingere le sue norme dall\u2019oggettiva realt\u00e0 sociale, bens\u00ec dedurle dalle necessit\u00e0 evolutive della realt\u00e0 stessa\u00bb<\/em><span style=\"font-size: inherit; color: #000000;\">:\u00a0<\/span><em style=\"font-size: inherit; color: #000000;\">\u00abIl vero criterio educativo \u00e8 la realt\u00e0 futura\u00bb<\/em><span style=\"font-size: inherit; color: #000000;\">. <\/span><\/p>\n<p style=\"text-align: justify;\"><span style=\"font-size: inherit; color: #000000;\"><a href=\"https:\/\/www.rassegnastampa-totustuus.it\/cattolica\/wp-content\/uploads\/2018\/11\/Platone.jpg\"><img loading=\"lazy\" decoding=\"async\" class=\"size-full wp-image-41573 alignright\" src=\"https:\/\/www.rassegnastampa-totustuus.it\/cattolica\/wp-content\/uploads\/2018\/11\/Platone.jpg\" alt=\"\" width=\"196\" height=\"257\" \/><\/a>Suchodolski sa che sono esistiti un mondo e una pedagogia fondati su una <\/span><em style=\"font-size: inherit; color: #000000;\">philosophia perennis<\/em><span style=\"font-size: inherit; color: #000000;\">, che non aveva come compito <\/span><em style=\"font-size: inherit; color: #000000;\">\u00ab<\/em><span style=\"font-size: inherit; color: #000000;\">[\u2026] <\/span><em style=\"font-size: inherit; color: #000000;\">quello di distogliere l\u2019uomo dal suo posto nel tempo e nello spazio per inserirlo in un mondo di valori extratemporali, bens\u00ec quello di indicargli la strada della vita sulla base di quell\u2019ordine di valori\u00bb<\/em><span style=\"font-size: inherit; color: #000000;\">; filosofia che\u00a0<\/span><em style=\"font-size: inherit; color: #000000;\">\u00ab<\/em><span style=\"font-size: inherit; color: #000000;\">[\u2026]\u00a0<\/span><em style=\"font-size: inherit; color: #000000;\">si presenta per la prima volta in Platone\u00bb<\/em><span style=\"font-size: inherit; color: #000000;\"> e le cui caratteristiche principali <\/span><em style=\"font-size: inherit; color: #000000;\">\u00ab<\/em><span style=\"font-size: inherit; color: #000000;\">[\u2026] <\/span><em style=\"font-size: inherit; color: #000000;\">furono riprese dalla concezione educativa del cristianesimo che rappresenta, sotto un certo punto di vista, la continuazione del platonismo, anche quando utilizza elementi della filosofia aristotelica\u00bb<\/em><span style=\"font-size: inherit; color: #000000;\">. <\/span><\/p>\n<p style=\"text-align: justify;\"><span style=\"font-size: inherit; color: #000000;\">E sa pure che <\/span><em style=\"font-size: inherit; color: #000000;\">\u00abla teoria dell\u2019educazione intesa come adeguamento dell\u2019uomo a valori assoluti, immutabili<\/em><span style=\"font-size: inherit; color: #000000;\"> [\u2026] <\/span><em style=\"font-size: inherit; color: #000000;\">non \u00e8 la sola teoria che il corso plurisecolare del pensiero pedagogico ci abbia tramandata. Accanto ad essa, e spesso in intima connessione, si pone la concezione tradizionalista che intende l\u2019educazione come una attivit\u00e0 diretta a trasfondere nei giovani il patrimonio culturale del passato\u00bb<\/em><span style=\"font-size: inherit; color: #000000;\">.<\/span><\/p>\n<p style=\"text-align: justify;\"><span style=\"font-size: inherit; color: #000000;\">Ma la sua analisi storica \u00e8 tesa a mostrare che <\/span><em style=\"font-size: inherit; color: #000000;\">\u00ab<\/em><span style=\"font-size: inherit; color: #000000;\">[\u2026] <\/span><em style=\"font-size: inherit; color: #000000;\">nello sviluppo storico del pensiero pedagogico \u00e8 anche esistita una corrente che, opponendosi alle altre, ha sentito la particolare validit\u00e0 di una problematica educativa del futuro\u00bb<\/em><span style=\"font-size: inherit; color: #000000;\">. <\/span><\/p>\n<p style=\"text-align: justify;\"><span style=\"font-size: inherit; color: #000000;\"><a href=\"https:\/\/www.rassegnastampa-totustuus.it\/cattolica\/wp-content\/uploads\/2018\/04\/educazione.jpg\"><img loading=\"lazy\" decoding=\"async\" class=\"size-full wp-image-40134 alignleft\" src=\"https:\/\/www.rassegnastampa-totustuus.it\/cattolica\/wp-content\/uploads\/2018\/04\/educazione.jpg\" alt=\"\" width=\"194\" height=\"260\" \/><\/a>L\u2019<\/span><em style=\"font-size: inherit; color: #000000;\">\u00ab<\/em><span style=\"font-size: inherit; color: #000000;\">[\u2026] <\/span><em style=\"font-size: inherit; color: #000000;\">inizio di un processo che potremmo definire, genericamente, come una\u00a0<\/em><span style=\"font-size: inherit; color: #000000;\">\u201crivolta del presente\u201d <\/span><em style=\"font-size: inherit; color: #000000;\">contro l\u2019eterno ed il passato\u00bb<\/em><span style=\"font-size: inherit; color: #000000;\"> viene correttamente individuato negli intellettuali dell\u2019Umanesimo e negli utopisti del Rinascimento, che rifiutavano <\/span><em style=\"font-size: inherit; color: #000000;\">\u00ab<\/em><span style=\"font-size: inherit; color: #000000;\">[\u2026] <\/span><em style=\"font-size: inherit; color: #000000;\">il mondo dei valori atemporali e delle istituzioni che s\u2019imponevano in nome di essi\u00bb<\/em><span style=\"font-size: inherit; color: #000000;\">, sviluppando <\/span><em style=\"font-size: inherit; color: #000000;\">\u00ab<\/em><span style=\"font-size: inherit; color: #000000;\">[\u2026] <\/span><em style=\"font-size: inherit; color: #000000;\">una vasta critica verso la Chiesa, verso il dogmatismo della tradizione scolastica, verso le basi sacrali del potere politico e della morale\u00bb<\/em><span style=\"font-size: inherit; color: #000000;\">, e prendendo di mira <\/span><em style=\"font-size: inherit; color: #000000;\">\u00ab<\/em><span style=\"font-size: inherit; color: #000000;\">[\u2026] <\/span><em style=\"font-size: inherit; color: #000000;\">i valori tradizionali e le istituzioni che vi si appoggiavano, i privilegi feudali, la tradizione cavalleresca ed i privilegi di rango\u00bb<\/em><span style=\"font-size: inherit; color: #000000;\">. <\/span><\/p>\n<p style=\"text-align: justify;\"><span style=\"font-size: inherit; color: #000000;\">E all\u2019obiezione secondo cui l\u2019azione degli utopisti rinascimentali manc\u00f2 quasi di risultati pratici, egli risponde che <\/span><em style=\"font-size: inherit; color: #000000;\">\u00ab<\/em><span style=\"font-size: inherit; color: #000000;\">[\u2026] <\/span><em style=\"font-size: inherit; color: #000000;\">proprio dallo spirito dell\u2019utopia Comenio attinge la sua fede e la sua ideologia.<\/em><span style=\"font-size: inherit; color: #000000;\"> [\u2026] <\/span><em style=\"font-size: inherit; color: #000000;\">Ma egli non intende fermarsi all\u2019utopia, bens\u00ec emendare la scuola, la Chiesa, il mondo, per giungere ad un miglioramento reale della vita terrena. Egli cerca insomma concrete direttrici d\u2019azione\u00bb<\/em><span style=\"font-size: inherit; color: #000000;\">. <\/span><\/p>\n<p style=\"text-align: justify;\"><span style=\"font-size: inherit; color: #000000;\"><a href=\"https:\/\/www.rassegnastampa-totustuus.it\/cattolica\/wp-content\/uploads\/2005\/06\/Sartre.jpg\"><img loading=\"lazy\" decoding=\"async\" class=\" wp-image-35845 alignright\" src=\"https:\/\/www.rassegnastampa-totustuus.it\/cattolica\/wp-content\/uploads\/2005\/06\/Sartre.jpg\" alt=\"\" width=\"219\" height=\"307\" \/><\/a>Nella valutazione del processo di sovversione educativa \u2014 da Vittorino da Feltre (1378-1446) a Jean-Paul Sartre (1905-1980) \u2014 Suchodolski distingue <\/span><em style=\"font-size: inherit; color: #000000;\">\u00ab<\/em><span style=\"font-size: inherit; color: #000000;\">[\u2026] <\/span><em style=\"font-size: inherit; color: #000000;\">due fasi fondamentali. La prima comprende le conseguenze del lungo processo storico che pose le basi della societ\u00e0, della cultura e dell\u2019economia moderna, conducendo alla rivoluzione francese ed alla formazione della civilt\u00e0 del Novecento. La seconda fase, iniziatasi con la Rivoluzione d\u2019Ottobre, comprende il processo della nascita, del rafforzamento e dello sviluppo dell\u2019ordine socialista. In questa seconda fase vengono conservati i risultati fondamentali della prima fase, mentre si aprono nuove prospettive di un ulteriore progresso\u00bb<\/em><span style=\"font-size: inherit; color: #000000;\">. <\/span><\/p>\n<p style=\"text-align: justify;\"><span style=\"font-size: inherit; color: #000000;\">A questo processo si oppone per\u00f2 la natura umana, la quale <\/span><em style=\"font-size: inherit; color: #000000;\">\u00ab<\/em><span style=\"font-size: inherit; color: #000000;\">[\u2026] <\/span><em style=\"font-size: inherit; color: #000000;\">si rivela pi\u00f9 conservatrice della vita stessa\u00bb<\/em><span style=\"font-size: inherit; color: #000000;\"> perch\u00e9 <\/span><em style=\"font-size: inherit; color: #000000;\">\u00abtanto nel remoto passato quanto ai giorni nostri l\u2019educazione naturale mantiene un carattere conservatore in rapporto alla realt\u00e0 esistente\u00bb<\/em><span style=\"font-size: inherit; color: #000000;\">. Per giunta, il <\/span><em style=\"font-size: inherit; color: #000000;\">\u00ab<\/em><span style=\"font-size: inherit; color: #000000;\">[\u2026] <\/span><em style=\"font-size: inherit; color: #000000;\">timore che nel contatto esterno possa andar perduta quella impronta di famiglia che<\/em><span style=\"font-size: inherit; color: #000000;\"> [\u2026] <\/span><em style=\"font-size: inherit; color: #000000;\">l\u2019educazione naturale provvede a perpetuare attraverso le generazioni\u00bb<\/em><span style=\"font-size: inherit; color: #000000;\">, favorisce <\/span><em style=\"font-size: inherit; color: #000000;\">\u00abeventuali processi formativi di nuove \u00e9lite<\/em><span style=\"font-size: inherit; color: #000000;\">s\u00bb, che finiscono con l\u2019impedire <\/span><em style=\"font-size: inherit; color: #000000;\">\u00abil passaggio da un\u2019eguaglianza formale ad un\u2019eguaglianza di fatto\u00bb<\/em><span style=\"font-size: inherit; color: #000000;\">. <\/span><\/p>\n<p style=\"text-align: justify;\"><span style=\"font-size: inherit; color: #000000;\"><a href=\"https:\/\/www.rassegnastampa-totustuus.it\/cattolica\/wp-content\/uploads\/2020\/02\/scuola_maestra.jpg\"><img loading=\"lazy\" decoding=\"async\" class=\" wp-image-46035 alignleft\" src=\"https:\/\/www.rassegnastampa-totustuus.it\/cattolica\/wp-content\/uploads\/2020\/02\/scuola_maestra.jpg\" alt=\"\" width=\"287\" height=\"206\" \/><\/a>Ebbene, posto <\/span><em style=\"font-size: inherit; color: #000000;\">\u00ab<\/em><span style=\"font-size: inherit; color: #000000;\">[\u2026] <\/span><em style=\"font-size: inherit; color: #000000;\">che la misura del progresso moderno \u00e8 data dal grado di sviluppo del processo di liquidazione delle \u00e9lites\u00bb<\/em><span style=\"font-size: inherit; color: #000000;\">, bisogna <\/span><em style=\"font-size: inherit; color: #000000;\">\u00ab<\/em><span style=\"font-size: inherit; color: #000000;\">[\u2026] <\/span><em style=\"font-size: inherit; color: #000000;\">affermare che se l\u2019epoca attuale, ormai alla vigilia della sua conclusione, pu\u00f2 essere considerata come contraddistinta dalla lotta per la diffusione dell\u2019istruzione elementare,<\/em><span style=\"font-size: inherit; color: #000000;\"> l\u2019epoca in cui stiamo entrando sar\u00e0 l\u2019epoca della lotta per la diffusione dell\u2019istruzione media e dell\u2019istruzione per adulti<\/span><em style=\"font-size: inherit; color: #000000;\">\u00bb<\/em><span style=\"font-size: inherit; color: #000000;\">. <\/span><\/p>\n<p style=\"text-align: justify;\"><span style=\"font-size: inherit; color: #000000;\">Da ci\u00f2 la proposta di provvedimenti atti a <\/span><em style=\"font-size: inherit; color: #000000;\">\u00ab<\/em><span style=\"font-size: inherit; color: #000000;\">[\u2026] <\/span><em style=\"font-size: inherit; color: #000000;\">socializzare il processo didattico\u00bb<\/em><span style=\"font-size: inherit; color: #000000;\">: per esempio, il mutamento del rapporto corretto fra docente e discente, <\/span><em style=\"font-size: inherit; color: #000000;\">\u00ab<\/em><span style=\"font-size: inherit; color: #000000;\">[\u2026] <\/span><em style=\"font-size: inherit; color: #000000;\">perch\u00e9 i giovani maturino in un mutuo scambio di pensieri, nella fertile discussione\u00bb<\/em><span style=\"font-size: inherit; color: #000000;\"> in <\/span><em style=\"font-size: inherit; color: #000000;\">\u00abuna scuola unica per tutti\u00bb<\/em><span style=\"font-size: inherit; color: #000000;\">; l\u2019innalzamento dell\u2019obbligo scolastico fino a diciotto anni a tempo pieno; e l\u2019istituzione di una scuola che combatta <\/span><em style=\"font-size: inherit; color: #000000;\">\u00abun\u2019educazione che possiamo definire disinteressata\u00bb<\/em><span style=\"font-size: inherit; color: #000000;\"> e nella quale, siccome <\/span><em style=\"font-size: inherit; color: #000000;\">\u00ab<\/em><span style=\"font-size: inherit; color: #000000;\">[\u2026] <\/span><em style=\"font-size: inherit; color: #000000;\">l\u2019attivit\u00e0 pedagogica ha come fine l\u2019educare l\u2019uomo al lavoro\u00bb<\/em><span style=\"font-size: inherit; color: #000000;\">, <\/span><em style=\"font-size: inherit; color: #000000;\">\u00ab<\/em><span style=\"font-size: inherit; color: #000000;\">[\u2026] <\/span><em style=\"font-size: inherit; color: #000000;\">la cultura generale e l\u2019istruzione professionale dovranno presentarsi<\/em><span style=\"font-size: inherit; color: #000000;\"> [\u2026] <\/span><em style=\"font-size: inherit; color: #000000;\">in intima connessione\u00bb<\/em><span style=\"font-size: inherit; color: #000000;\">. <\/span><\/p>\n<p style=\"text-align: justify;\"><span style=\"font-size: inherit; color: #000000;\">Rimosso il Muro di Berlino nel 1989, come molti pensatori marxisti, Suchodolski non abbandona le sue posizioni sul <\/span><em style=\"font-size: inherit; color: #000000;\">\u00abtempo futuro\u00bb<\/em><span style=\"font-size: inherit; color: #000000;\">: <\/span><em style=\"font-size: inherit; color: #000000;\">\u00abSe si sogna una civilt\u00e0 dell\u2019avvenire come sintesi della civilt\u00e0 scientifica e tecnologica e nello stesso tempo di uno spirito umanista\u00bb<\/em><span style=\"font-size: inherit; color: #000000;\">, oggi <\/span><em style=\"font-size: inherit; color: #000000;\">\u00ablo spirito di lotta contro la realt\u00e0, motivo di impulso nel lavoro educativo del socialismo nelle strutture delle societ\u00e0 capitalistiche, cede il posto alla necessit\u00e0 ed alla possibilit\u00e0 di approfondire la partecipazione dell\u2019educazione nelle trasformazioni sociali e politiche\u00bb<\/em><span style=\"font-size: inherit; color: #000000;\">. <\/span><\/p>\n<p style=\"text-align: justify;\"><span style=\"font-size: inherit; color: #000000;\"><a href=\"https:\/\/www.rassegnastampa-totustuus.it\/cattolica\/wp-content\/uploads\/2014\/11\/Unit\u00e0_Muro.jpg\"><img loading=\"lazy\" decoding=\"async\" class=\" wp-image-13062 alignright\" src=\"https:\/\/www.rassegnastampa-totustuus.it\/cattolica\/wp-content\/uploads\/2014\/11\/Unit\u00e0_Muro.jpg\" alt=\"\" width=\"313\" height=\"253\" \/><\/a>Nelle opere successive egli sposta perci\u00f2 l\u2019accento sulla necessit\u00e0 dell\u2019<\/span><em style=\"font-size: inherit; color: #000000;\">\u00abestensione dell\u2019educazione su tutto l\u2019arco della vita umana\u00bb<\/em><span style=\"font-size: inherit; color: #000000;\">: \u00e8 l\u2019\u00abeducazione permanente\u00bb \u2014 gi\u00e0 profetizzata nel 1644 da Comenio nella <\/span><em style=\"font-size: inherit; color: #000000;\">Pampaedia<\/em><span style=\"font-size: inherit; color: #000000;\"> \u2014, al cui proposito nota che mai nessun altro concetto pedagogico ha avuto cos\u00ec ampia risonanza. Dalle prime definizioni come \u00abistruzione degli adulti\u00bb alle attuali di <\/span><em style=\"font-size: inherit; color: #000000;\">\u00ablong life learning\u00bb<\/em><span style=\"font-size: inherit; color: #000000;\"> dell\u2019UNESCO, l\u2019Organizzazione delle Nazioni Unite per l\u2019Educazione, la Scienza e la Cultura fondata nel 1945, viene auspicata una nuova \u00abcitt\u00e0 educativa\u00bb secolarizzata, in cui <\/span><em style=\"font-size: inherit; color: #000000;\">\u00abnon solo i bambini dovrebbero essere aiutati nella maniera pi\u00f9 completa, ma anche gli adolescenti e gli adulti non dovrebbero essere lasciati in bal\u00eca a se stessi\u00bb<\/em><span style=\"font-size: inherit; color: #000000;\">, toccando <\/span><em style=\"font-size: inherit; color: #000000;\">\u00ab<\/em><span style=\"font-size: inherit; color: #000000;\">[\u2026] <\/span><em style=\"font-size: inherit; color: #000000;\">i processi profondi della formazione degli individui<\/em><span style=\"font-size: inherit; color: #000000;\"> [per] <\/span><em style=\"font-size: inherit; color: #000000;\">accompagnarli ai bivi attraverso i quali essi passano, nell\u2019inquietudine e nel dubbio, nella speranza e nella gioia, nei conflitti drammatici\u00bb<\/em><span style=\"font-size: inherit; color: #000000;\">. <\/span><\/p>\n<p style=\"text-align: justify;\"><span style=\"font-size: inherit; color: #000000;\">Perci\u00f2 la lucida analisi di Suchodolski costituisce una indicazione decisiva per l\u2019avvento della <\/span><em style=\"font-size: inherit; color: #000000;\">\u00ab<\/em><span style=\"font-size: inherit; color: #000000;\">[\u2026] <\/span><em style=\"font-size: inherit; color: #000000;\">moderna filosofia del progresso<\/em><span style=\"font-size: inherit; color: #000000;\"> [\u2026]<\/span><em style=\"font-size: inherit; color: #000000;\">: essa non consentir\u00e0 che una ragionevole critica delle forme della civilt\u00e0 moderna si tramuti in una critica ingiusta e dannosa delle fondamentali direttrici dell\u2019evoluzione civile, in una condanna di tutto il mondo moderno\u00bb<\/em><span style=\"font-size: inherit; color: #000000;\">.<\/span><\/p>\n<p style=\"text-align: justify;\"><span style=\"color: #000000;\"><strong>Per approfondire<\/strong><strong>:<\/strong> di Bogdan Suchodolski vedi <em>Trattato di pedagogia generale. Educazione per il tempo futuro<\/em>, trad. it., Armando, Roma 1964; Idem, <em>Pedagogia dell\u2019essenza e pedagogia dell\u2019esistenza<\/em>, del 1960, trad. it., Armando, Roma 1965, con una prefazione di Maurice Debesse (1903-1998); e Idem, <em>Educazione permanente in profondit\u00e0<\/em>, la cui prima ed. \u00e8 italiana, con una prefazione di Rosetta Finazzi Sartor, Alfasessanta, Padova 1992; vedi una corretta impostazione di principio e filosofica della problematica, in Carlos Cardona, <em>Etica del lavoro educativo<\/em>, trad. it., Ares, Milano 1991; un\u2019adeguata valutazione storica, in Christopher Dawson (1889-1970), <em>La crisi dell\u2019educazione occidentale<\/em>, trad. it., a cura di Paolo Mazzeranghi e con presentazione di Lorenzo Cantoni, D\u2019Ettoris Editori, Crotone 2012.<\/span><\/p>\n","protected":false},"excerpt":{"rendered":"<p>I.D.I.S. &#8211; Istituto per la Dottrina e l&#8217;Informazione Sociale Voci per un dizionario del pensiero forte di David Botti<\/p><p><a class=\"more-link btn\" href=\"https:\/\/www.rassegnastampa-totustuus.it\/cattolica\/bogdan-suchodolski-1903-1992\/\">Continua a leggere<\/a><\/p>\n","protected":false},"author":6,"featured_media":49272,"comment_status":"closed","ping_status":"closed","sticky":false,"template":"","format":"standard","meta":{"footnotes":""},"categories":[18,23,27],"tags":[2839,234,283,533],"class_list":["post-49260","post","type-post","status-publish","format-standard","has-post-thumbnail","hentry","category-personaggi","category-scuola-ed-educazione","category-socialismo-e-comunismo","tag-bogdan-suchodolski","tag-educazione","tag-personaggi-2","tag-socialcomunismo","item-wrap"],"yoast_head":"<!-- This site is optimized with the Yoast SEO plugin v27.4 - https:\/\/yoast.com\/product\/yoast-seo-wordpress\/ -->\n<title>Bogdan Suchodolski (1903-1992) - Rassegna Stampa Cattolica<\/title>\n<meta name=\"description\" content=\"Rassegna Stampa Cattolica - Per una cultura che nasce dalla Rivelazione cristiana in conformit\u00e0 alla tradizione e al Magistero della Chiesa in opposizione ad ogni relativismo e totalitarismo\" \/>\n<meta name=\"robots\" content=\"index, follow, max-snippet:-1, max-image-preview:large, max-video-preview:-1\" \/>\n<link rel=\"canonical\" href=\"https:\/\/www.rassegnastampa-totustuus.it\/cattolica\/bogdan-suchodolski-1903-1992\/\" \/>\n<meta property=\"og:locale\" content=\"it_IT\" \/>\n<meta property=\"og:type\" content=\"article\" \/>\n<meta property=\"og:title\" content=\"Bogdan Suchodolski (1903-1992) - Rassegna Stampa Cattolica\" \/>\n<meta property=\"og:description\" content=\"Rassegna Stampa Cattolica - Per una cultura che nasce dalla Rivelazione cristiana in conformit\u00e0 alla tradizione e al Magistero della Chiesa in opposizione ad ogni relativismo e totalitarismo\" \/>\n<meta property=\"og:url\" content=\"https:\/\/www.rassegnastampa-totustuus.it\/cattolica\/bogdan-suchodolski-1903-1992\/\" \/>\n<meta property=\"og:site_name\" content=\"Rassegna Stampa Cattolica\" \/>\n<meta property=\"article:publisher\" content=\"https:\/\/www.facebook.com\/rassegnastampacattolica\" \/>\n<meta property=\"article:published_time\" content=\"2020-11-25T23:00:29+00:00\" \/>\n<meta property=\"og:image\" content=\"https:\/\/www.rassegnastampa-totustuus.it\/cattolica\/wp-content\/uploads\/2020\/11\/giovani_comunisti.jpg\" \/>\n\t<meta property=\"og:image:width\" content=\"1599\" \/>\n\t<meta property=\"og:image:height\" content=\"887\" \/>\n\t<meta property=\"og:image:type\" content=\"image\/jpeg\" \/>\n<meta name=\"author\" content=\"Redazione\" \/>\n<meta name=\"twitter:card\" content=\"summary_large_image\" \/>\n<meta name=\"twitter:creator\" content=\"@rassegnastampa9\" \/>\n<meta name=\"twitter:site\" content=\"@rassegnastampa9\" \/>\n<meta name=\"twitter:label1\" content=\"Scritto da\" \/>\n\t<meta name=\"twitter:data1\" content=\"Redazione\" \/>\n\t<meta name=\"twitter:label2\" content=\"Tempo di lettura stimato\" \/>\n\t<meta name=\"twitter:data2\" content=\"9 minuti\" \/>\n<script type=\"application\/ld+json\" class=\"yoast-schema-graph\">{\"@context\":\"https:\\\/\\\/schema.org\",\"@graph\":[{\"@type\":\"Article\",\"@id\":\"https:\\\/\\\/www.rassegnastampa-totustuus.it\\\/cattolica\\\/bogdan-suchodolski-1903-1992\\\/#article\",\"isPartOf\":{\"@id\":\"https:\\\/\\\/www.rassegnastampa-totustuus.it\\\/cattolica\\\/bogdan-suchodolski-1903-1992\\\/\"},\"author\":{\"name\":\"Redazione\",\"@id\":\"https:\\\/\\\/www.rassegnastampa-totustuus.it\\\/cattolica\\\/#\\\/schema\\\/person\\\/08f319d2bd1a0904ad9e2bfb7b15e5c3\"},\"headline\":\"Bogdan Suchodolski (1903-1992)\",\"datePublished\":\"2020-11-25T23:00:29+00:00\",\"mainEntityOfPage\":{\"@id\":\"https:\\\/\\\/www.rassegnastampa-totustuus.it\\\/cattolica\\\/bogdan-suchodolski-1903-1992\\\/\"},\"wordCount\":1855,\"publisher\":{\"@id\":\"https:\\\/\\\/www.rassegnastampa-totustuus.it\\\/cattolica\\\/#organization\"},\"image\":{\"@id\":\"https:\\\/\\\/www.rassegnastampa-totustuus.it\\\/cattolica\\\/bogdan-suchodolski-1903-1992\\\/#primaryimage\"},\"thumbnailUrl\":\"https:\\\/\\\/www.rassegnastampa-totustuus.it\\\/cattolica\\\/wp-content\\\/uploads\\\/2020\\\/11\\\/giovani_comunisti.jpg\",\"keywords\":[\"Bogdan Suchodolski\",\"educazione\",\"personaggi\",\"socialcomunismo\"],\"articleSection\":[\"Personaggi\",\"Scuola ed educazione\",\"Socialcomunismo\"],\"inLanguage\":\"it-IT\"},{\"@type\":\"WebPage\",\"@id\":\"https:\\\/\\\/www.rassegnastampa-totustuus.it\\\/cattolica\\\/bogdan-suchodolski-1903-1992\\\/\",\"url\":\"https:\\\/\\\/www.rassegnastampa-totustuus.it\\\/cattolica\\\/bogdan-suchodolski-1903-1992\\\/\",\"name\":\"Bogdan Suchodolski (1903-1992) - Rassegna Stampa Cattolica\",\"isPartOf\":{\"@id\":\"https:\\\/\\\/www.rassegnastampa-totustuus.it\\\/cattolica\\\/#website\"},\"primaryImageOfPage\":{\"@id\":\"https:\\\/\\\/www.rassegnastampa-totustuus.it\\\/cattolica\\\/bogdan-suchodolski-1903-1992\\\/#primaryimage\"},\"image\":{\"@id\":\"https:\\\/\\\/www.rassegnastampa-totustuus.it\\\/cattolica\\\/bogdan-suchodolski-1903-1992\\\/#primaryimage\"},\"thumbnailUrl\":\"https:\\\/\\\/www.rassegnastampa-totustuus.it\\\/cattolica\\\/wp-content\\\/uploads\\\/2020\\\/11\\\/giovani_comunisti.jpg\",\"datePublished\":\"2020-11-25T23:00:29+00:00\",\"description\":\"Rassegna Stampa Cattolica - Per una cultura che nasce dalla Rivelazione cristiana in conformit\u00e0 alla tradizione e al Magistero della Chiesa in opposizione ad ogni relativismo e totalitarismo\",\"breadcrumb\":{\"@id\":\"https:\\\/\\\/www.rassegnastampa-totustuus.it\\\/cattolica\\\/bogdan-suchodolski-1903-1992\\\/#breadcrumb\"},\"inLanguage\":\"it-IT\",\"potentialAction\":[{\"@type\":\"ReadAction\",\"target\":[\"https:\\\/\\\/www.rassegnastampa-totustuus.it\\\/cattolica\\\/bogdan-suchodolski-1903-1992\\\/\"]}]},{\"@type\":\"ImageObject\",\"inLanguage\":\"it-IT\",\"@id\":\"https:\\\/\\\/www.rassegnastampa-totustuus.it\\\/cattolica\\\/bogdan-suchodolski-1903-1992\\\/#primaryimage\",\"url\":\"https:\\\/\\\/www.rassegnastampa-totustuus.it\\\/cattolica\\\/wp-content\\\/uploads\\\/2020\\\/11\\\/giovani_comunisti.jpg\",\"contentUrl\":\"https:\\\/\\\/www.rassegnastampa-totustuus.it\\\/cattolica\\\/wp-content\\\/uploads\\\/2020\\\/11\\\/giovani_comunisti.jpg\",\"width\":1599,\"height\":887},{\"@type\":\"BreadcrumbList\",\"@id\":\"https:\\\/\\\/www.rassegnastampa-totustuus.it\\\/cattolica\\\/bogdan-suchodolski-1903-1992\\\/#breadcrumb\",\"itemListElement\":[{\"@type\":\"ListItem\",\"position\":1,\"name\":\"Home\",\"item\":\"https:\\\/\\\/www.rassegnastampa-totustuus.it\\\/cattolica\\\/\"},{\"@type\":\"ListItem\",\"position\":2,\"name\":\"Bogdan Suchodolski (1903-1992)\"}]},{\"@type\":\"WebSite\",\"@id\":\"https:\\\/\\\/www.rassegnastampa-totustuus.it\\\/cattolica\\\/#website\",\"url\":\"https:\\\/\\\/www.rassegnastampa-totustuus.it\\\/cattolica\\\/\",\"name\":\"Rassegna Stampa Cattolica\",\"description\":\"Per una cultura che nasce dalla Rivelazione cristiana in conformit\u00e0 alla tradizione e al Magistero della Chiesa in opposizione ad ogni relativismo e totalitarismo\",\"publisher\":{\"@id\":\"https:\\\/\\\/www.rassegnastampa-totustuus.it\\\/cattolica\\\/#organization\"},\"alternateName\":\"Rass. Cattolica\",\"potentialAction\":[{\"@type\":\"SearchAction\",\"target\":{\"@type\":\"EntryPoint\",\"urlTemplate\":\"https:\\\/\\\/www.rassegnastampa-totustuus.it\\\/cattolica\\\/?s={search_term_string}\"},\"query-input\":{\"@type\":\"PropertyValueSpecification\",\"valueRequired\":true,\"valueName\":\"search_term_string\"}}],\"inLanguage\":\"it-IT\"},{\"@type\":\"Organization\",\"@id\":\"https:\\\/\\\/www.rassegnastampa-totustuus.it\\\/cattolica\\\/#organization\",\"name\":\"Rassegna Stampa Cattolica\",\"url\":\"https:\\\/\\\/www.rassegnastampa-totustuus.it\\\/cattolica\\\/\",\"logo\":{\"@type\":\"ImageObject\",\"inLanguage\":\"it-IT\",\"@id\":\"https:\\\/\\\/www.rassegnastampa-totustuus.it\\\/cattolica\\\/#\\\/schema\\\/logo\\\/image\\\/\",\"url\":\"https:\\\/\\\/www.rassegnastampa-totustuus.it\\\/cattolica\\\/wp-content\\\/uploads\\\/2014\\\/04\\\/logo-rassegna1.gif\",\"contentUrl\":\"https:\\\/\\\/www.rassegnastampa-totustuus.it\\\/cattolica\\\/wp-content\\\/uploads\\\/2014\\\/04\\\/logo-rassegna1.gif\",\"width\":600,\"height\":163,\"caption\":\"Rassegna Stampa Cattolica\"},\"image\":{\"@id\":\"https:\\\/\\\/www.rassegnastampa-totustuus.it\\\/cattolica\\\/#\\\/schema\\\/logo\\\/image\\\/\"},\"sameAs\":[\"https:\\\/\\\/www.facebook.com\\\/rassegnastampacattolica\",\"https:\\\/\\\/x.com\\\/rassegnastampa9\"]},{\"@type\":\"Person\",\"@id\":\"https:\\\/\\\/www.rassegnastampa-totustuus.it\\\/cattolica\\\/#\\\/schema\\\/person\\\/08f319d2bd1a0904ad9e2bfb7b15e5c3\",\"name\":\"Redazione\",\"image\":{\"@type\":\"ImageObject\",\"inLanguage\":\"it-IT\",\"@id\":\"https:\\\/\\\/secure.gravatar.com\\\/avatar\\\/2fcdf27c78ea025fbdb44e914cc63c72249ffec9dc8aafd5c82b26240ef3f346?s=96&d=mm&r=g\",\"url\":\"https:\\\/\\\/secure.gravatar.com\\\/avatar\\\/2fcdf27c78ea025fbdb44e914cc63c72249ffec9dc8aafd5c82b26240ef3f346?s=96&d=mm&r=g\",\"contentUrl\":\"https:\\\/\\\/secure.gravatar.com\\\/avatar\\\/2fcdf27c78ea025fbdb44e914cc63c72249ffec9dc8aafd5c82b26240ef3f346?s=96&d=mm&r=g\",\"caption\":\"Redazione\"},\"url\":\"https:\\\/\\\/www.rassegnastampa-totustuus.it\\\/cattolica\\\/author\\\/pietroelle\\\/\"}]}<\/script>\n<!-- \/ Yoast SEO plugin. -->","yoast_head_json":{"title":"Bogdan Suchodolski (1903-1992) - Rassegna Stampa Cattolica","description":"Rassegna Stampa Cattolica - Per una cultura che nasce dalla Rivelazione cristiana in conformit\u00e0 alla tradizione e al Magistero della Chiesa in opposizione ad ogni relativismo e totalitarismo","robots":{"index":"index","follow":"follow","max-snippet":"max-snippet:-1","max-image-preview":"max-image-preview:large","max-video-preview":"max-video-preview:-1"},"canonical":"https:\/\/www.rassegnastampa-totustuus.it\/cattolica\/bogdan-suchodolski-1903-1992\/","og_locale":"it_IT","og_type":"article","og_title":"Bogdan Suchodolski (1903-1992) - Rassegna Stampa Cattolica","og_description":"Rassegna Stampa Cattolica - Per una cultura che nasce dalla Rivelazione cristiana in conformit\u00e0 alla tradizione e al Magistero della Chiesa in opposizione ad ogni relativismo e totalitarismo","og_url":"https:\/\/www.rassegnastampa-totustuus.it\/cattolica\/bogdan-suchodolski-1903-1992\/","og_site_name":"Rassegna Stampa Cattolica","article_publisher":"https:\/\/www.facebook.com\/rassegnastampacattolica","article_published_time":"2020-11-25T23:00:29+00:00","og_image":[{"width":1599,"height":887,"url":"https:\/\/www.rassegnastampa-totustuus.it\/cattolica\/wp-content\/uploads\/2020\/11\/giovani_comunisti.jpg","type":"image\/jpeg"}],"author":"Redazione","twitter_card":"summary_large_image","twitter_creator":"@rassegnastampa9","twitter_site":"@rassegnastampa9","twitter_misc":{"Scritto da":"Redazione","Tempo di lettura stimato":"9 minuti"},"schema":{"@context":"https:\/\/schema.org","@graph":[{"@type":"Article","@id":"https:\/\/www.rassegnastampa-totustuus.it\/cattolica\/bogdan-suchodolski-1903-1992\/#article","isPartOf":{"@id":"https:\/\/www.rassegnastampa-totustuus.it\/cattolica\/bogdan-suchodolski-1903-1992\/"},"author":{"name":"Redazione","@id":"https:\/\/www.rassegnastampa-totustuus.it\/cattolica\/#\/schema\/person\/08f319d2bd1a0904ad9e2bfb7b15e5c3"},"headline":"Bogdan Suchodolski (1903-1992)","datePublished":"2020-11-25T23:00:29+00:00","mainEntityOfPage":{"@id":"https:\/\/www.rassegnastampa-totustuus.it\/cattolica\/bogdan-suchodolski-1903-1992\/"},"wordCount":1855,"publisher":{"@id":"https:\/\/www.rassegnastampa-totustuus.it\/cattolica\/#organization"},"image":{"@id":"https:\/\/www.rassegnastampa-totustuus.it\/cattolica\/bogdan-suchodolski-1903-1992\/#primaryimage"},"thumbnailUrl":"https:\/\/www.rassegnastampa-totustuus.it\/cattolica\/wp-content\/uploads\/2020\/11\/giovani_comunisti.jpg","keywords":["Bogdan Suchodolski","educazione","personaggi","socialcomunismo"],"articleSection":["Personaggi","Scuola ed educazione","Socialcomunismo"],"inLanguage":"it-IT"},{"@type":"WebPage","@id":"https:\/\/www.rassegnastampa-totustuus.it\/cattolica\/bogdan-suchodolski-1903-1992\/","url":"https:\/\/www.rassegnastampa-totustuus.it\/cattolica\/bogdan-suchodolski-1903-1992\/","name":"Bogdan Suchodolski (1903-1992) - Rassegna Stampa Cattolica","isPartOf":{"@id":"https:\/\/www.rassegnastampa-totustuus.it\/cattolica\/#website"},"primaryImageOfPage":{"@id":"https:\/\/www.rassegnastampa-totustuus.it\/cattolica\/bogdan-suchodolski-1903-1992\/#primaryimage"},"image":{"@id":"https:\/\/www.rassegnastampa-totustuus.it\/cattolica\/bogdan-suchodolski-1903-1992\/#primaryimage"},"thumbnailUrl":"https:\/\/www.rassegnastampa-totustuus.it\/cattolica\/wp-content\/uploads\/2020\/11\/giovani_comunisti.jpg","datePublished":"2020-11-25T23:00:29+00:00","description":"Rassegna Stampa Cattolica - Per una cultura che nasce dalla Rivelazione cristiana in conformit\u00e0 alla tradizione e al Magistero della Chiesa in opposizione ad ogni relativismo e totalitarismo","breadcrumb":{"@id":"https:\/\/www.rassegnastampa-totustuus.it\/cattolica\/bogdan-suchodolski-1903-1992\/#breadcrumb"},"inLanguage":"it-IT","potentialAction":[{"@type":"ReadAction","target":["https:\/\/www.rassegnastampa-totustuus.it\/cattolica\/bogdan-suchodolski-1903-1992\/"]}]},{"@type":"ImageObject","inLanguage":"it-IT","@id":"https:\/\/www.rassegnastampa-totustuus.it\/cattolica\/bogdan-suchodolski-1903-1992\/#primaryimage","url":"https:\/\/www.rassegnastampa-totustuus.it\/cattolica\/wp-content\/uploads\/2020\/11\/giovani_comunisti.jpg","contentUrl":"https:\/\/www.rassegnastampa-totustuus.it\/cattolica\/wp-content\/uploads\/2020\/11\/giovani_comunisti.jpg","width":1599,"height":887},{"@type":"BreadcrumbList","@id":"https:\/\/www.rassegnastampa-totustuus.it\/cattolica\/bogdan-suchodolski-1903-1992\/#breadcrumb","itemListElement":[{"@type":"ListItem","position":1,"name":"Home","item":"https:\/\/www.rassegnastampa-totustuus.it\/cattolica\/"},{"@type":"ListItem","position":2,"name":"Bogdan Suchodolski (1903-1992)"}]},{"@type":"WebSite","@id":"https:\/\/www.rassegnastampa-totustuus.it\/cattolica\/#website","url":"https:\/\/www.rassegnastampa-totustuus.it\/cattolica\/","name":"Rassegna Stampa Cattolica","description":"Per una cultura che nasce dalla Rivelazione cristiana in conformit\u00e0 alla tradizione e al Magistero della Chiesa in opposizione ad ogni relativismo e totalitarismo","publisher":{"@id":"https:\/\/www.rassegnastampa-totustuus.it\/cattolica\/#organization"},"alternateName":"Rass. Cattolica","potentialAction":[{"@type":"SearchAction","target":{"@type":"EntryPoint","urlTemplate":"https:\/\/www.rassegnastampa-totustuus.it\/cattolica\/?s={search_term_string}"},"query-input":{"@type":"PropertyValueSpecification","valueRequired":true,"valueName":"search_term_string"}}],"inLanguage":"it-IT"},{"@type":"Organization","@id":"https:\/\/www.rassegnastampa-totustuus.it\/cattolica\/#organization","name":"Rassegna Stampa Cattolica","url":"https:\/\/www.rassegnastampa-totustuus.it\/cattolica\/","logo":{"@type":"ImageObject","inLanguage":"it-IT","@id":"https:\/\/www.rassegnastampa-totustuus.it\/cattolica\/#\/schema\/logo\/image\/","url":"https:\/\/www.rassegnastampa-totustuus.it\/cattolica\/wp-content\/uploads\/2014\/04\/logo-rassegna1.gif","contentUrl":"https:\/\/www.rassegnastampa-totustuus.it\/cattolica\/wp-content\/uploads\/2014\/04\/logo-rassegna1.gif","width":600,"height":163,"caption":"Rassegna Stampa Cattolica"},"image":{"@id":"https:\/\/www.rassegnastampa-totustuus.it\/cattolica\/#\/schema\/logo\/image\/"},"sameAs":["https:\/\/www.facebook.com\/rassegnastampacattolica","https:\/\/x.com\/rassegnastampa9"]},{"@type":"Person","@id":"https:\/\/www.rassegnastampa-totustuus.it\/cattolica\/#\/schema\/person\/08f319d2bd1a0904ad9e2bfb7b15e5c3","name":"Redazione","image":{"@type":"ImageObject","inLanguage":"it-IT","@id":"https:\/\/secure.gravatar.com\/avatar\/2fcdf27c78ea025fbdb44e914cc63c72249ffec9dc8aafd5c82b26240ef3f346?s=96&d=mm&r=g","url":"https:\/\/secure.gravatar.com\/avatar\/2fcdf27c78ea025fbdb44e914cc63c72249ffec9dc8aafd5c82b26240ef3f346?s=96&d=mm&r=g","contentUrl":"https:\/\/secure.gravatar.com\/avatar\/2fcdf27c78ea025fbdb44e914cc63c72249ffec9dc8aafd5c82b26240ef3f346?s=96&d=mm&r=g","caption":"Redazione"},"url":"https:\/\/www.rassegnastampa-totustuus.it\/cattolica\/author\/pietroelle\/"}]}},"_links":{"self":[{"href":"https:\/\/www.rassegnastampa-totustuus.it\/cattolica\/wp-json\/wp\/v2\/posts\/49260","targetHints":{"allow":["GET"]}}],"collection":[{"href":"https:\/\/www.rassegnastampa-totustuus.it\/cattolica\/wp-json\/wp\/v2\/posts"}],"about":[{"href":"https:\/\/www.rassegnastampa-totustuus.it\/cattolica\/wp-json\/wp\/v2\/types\/post"}],"author":[{"embeddable":true,"href":"https:\/\/www.rassegnastampa-totustuus.it\/cattolica\/wp-json\/wp\/v2\/users\/6"}],"replies":[{"embeddable":true,"href":"https:\/\/www.rassegnastampa-totustuus.it\/cattolica\/wp-json\/wp\/v2\/comments?post=49260"}],"version-history":[{"count":8,"href":"https:\/\/www.rassegnastampa-totustuus.it\/cattolica\/wp-json\/wp\/v2\/posts\/49260\/revisions"}],"predecessor-version":[{"id":49278,"href":"https:\/\/www.rassegnastampa-totustuus.it\/cattolica\/wp-json\/wp\/v2\/posts\/49260\/revisions\/49278"}],"wp:featuredmedia":[{"embeddable":true,"href":"https:\/\/www.rassegnastampa-totustuus.it\/cattolica\/wp-json\/wp\/v2\/media\/49272"}],"wp:attachment":[{"href":"https:\/\/www.rassegnastampa-totustuus.it\/cattolica\/wp-json\/wp\/v2\/media?parent=49260"}],"wp:term":[{"taxonomy":"category","embeddable":true,"href":"https:\/\/www.rassegnastampa-totustuus.it\/cattolica\/wp-json\/wp\/v2\/categories?post=49260"},{"taxonomy":"post_tag","embeddable":true,"href":"https:\/\/www.rassegnastampa-totustuus.it\/cattolica\/wp-json\/wp\/v2\/tags?post=49260"}],"curies":[{"name":"wp","href":"https:\/\/api.w.org\/{rel}","templated":true}]}}