{"id":4922,"date":"2012-03-06T09:03:10","date_gmt":"2012-03-06T08:03:10","guid":{"rendered":""},"modified":"2016-02-26T11:54:47","modified_gmt":"2016-02-26T10:54:47","slug":"monti-vuole-abolire-dio-e-i-cosiddetti-ministri-cattolici-approvano","status":"publish","type":"post","link":"https:\/\/www.rassegnastampa-totustuus.it\/cattolica\/monti-vuole-abolire-dio-e-i-cosiddetti-ministri-cattolici-approvano\/","title":{"rendered":"Monti vuole \u201cabolire\u201d Dio? E i cosiddetti \u201cministri cattolici\u201d approvano\u2026"},"content":{"rendered":"<div style=\"text-align: center;\"><strong><a href=\"https:\/\/www.rassegnastampa-totustuus.it\/cattolica\/wp-content\/uploads\/2012\/03\/Mario_Monti.jpg\"><img loading=\"lazy\" decoding=\"async\" class=\"alignleft wp-image-31041\" src=\"https:\/\/www.rassegnastampa-totustuus.it\/cattolica\/wp-content\/uploads\/2012\/03\/Mario_Monti.jpg\" alt=\"Mario_Monti\" width=\"189\" height=\"200\" \/><\/a>Libero,<\/strong> 4 marzo 2012<\/div>\n<p style=\"text-align: center;\">di <strong>Antonio Socci<\/strong><\/p>\n<p style=\"text-align: justify;\">Monte Mario \u00e8 una collinetta che sovrasta il Vaticano. Non vorrei che Monti Mario pretendesse di sovrastare Dio stesso, spazzando via, con un codicillo, quattromila anni di civilt\u00e0 giudaico-cristiana (e pure islamica) imperniata sul giorno del Signore, \u201cDies Dominicus\u201d. Comandamento divino, nel Decalogo di Mos\u00e8, che \u00e8 diventato il ritmo della civilt\u00e0 anche laica, dappertutto. Perfino in Cina.<\/p>\n<p><!--more--><\/p>\n<div style=\"text-align: justify;\">Il codicillo del governo che \u201cabolisce\u201d Dio (o meglio abolisce il diritto di Dio che \u00e8 stato il primo embrione dei diritti dell\u2019uomo, come vedremo) \u00e8 l\u2019articolo 31 del \u201cdecreto salva Italia\u201d. Dove praticamente si decide che dovunque si possono aprire tutti gli esercizi commerciali 7 giorni su 7 e 24 ore al giorno. Norma che finir\u00e0 per allargarsi anche all\u2019industria nella quale gi\u00e0 \u00e8 presente questa spinta.<\/div>\n<p style=\"text-align: justify;\">Dunque produrre, vendere e comprare a ciclo continuo. Senza pi\u00f9 distinzione fra giorni feriali e festivi (Natale compreso), fra giorno e notte, fra mattina e sera. Sembra una banale norma amministrativa, invece \u00e8 una svolta di (in)civilt\u00e0 perch\u00e9 abolendo la festa comune \u2013 e i momenti comuni della giornata \u2013 distrugge non solo il fondamento della comunit\u00e0 religiosa, ma l\u2019esperienza stessa della comunit\u00e0, qualunque comunit\u00e0, dalla famiglia a quella amicale e ricreativa dello stadio.<\/p>\n<p style=\"text-align: justify;\">Distrugge la sincronia sociale dei tempi comuni e quindi l\u2019appartenenza a un gruppo, a un popolo. Per questo c\u2019\u00e8 l\u2019opposizione indignata della Chiesa e dei sindacati (pure di associazioni di commercianti). La cosa infatti non riguarda solo chi \u2013 per motivi religiosi \u2013 vede praticamente abolita la domenica, il giorno del Signore (per i cristiani \u00e8 memoria della Resurrezione di Cristo e simbolo dell\u2019Eterno in cui sfocer\u00e0 il tempo).<\/p>\n<p style=\"text-align: justify;\">Riguarda tutti, ci riguarda come famiglie, come comunit\u00e0 locali o particolari. Infatti \u00e8 vero che ci sono lavori di necessit\u00e0 sociale che sempre sono stati fatti anche la domenica (pure il commercio in localit\u00e0 turistiche e in tempi di vacanza). Ma \u00e8 proprio l\u2019eccezione che conferma la regola.<\/p>\n<p style=\"text-align: justify;\">La regola di un giorno di festa comune, non individuale, ma comune (sia per la liturgia religiosa che per le liturgie laiche), \u00e8 infatti ci\u00f2 che ci permette di riconoscerci. \u00a0Ci\u00f2 che consente di stare insieme ai figli, di vedere gli amici (allo stadio, al mare, in campagna, in bici, a caccia), di ritrovarsi con i parenti, di dar vita ai tanti momenti comuni o associativi.<\/p>\n<p style=\"text-align: justify;\">Se ai ritmi individuali gi\u00e0 forsennati della vita si toglie anche l\u2019unico momento comune della festa settimanale (o, per esempio, del \u201cdopocena\u201d), le famiglie ne escono veramente a pezzi. Tutti diventano conviventi notturni casuali come i clienti di un albergo. E si dissolvono i \u201ccorpi intermedi\u201d, i gruppi e le associazioni in cui l\u2019individuo si realizza.<\/p>\n<p style=\"text-align: justify;\">Il giorno di festa comune ci ricorda infatti che non siamo solo individui, ma persone con relazioni e rapporti affettivi. Non siamo solo produttori\/consumatori, ma siamo padri, madri, figli, fidanzati, siamo amici, siamo appassionati di questo o di quello, apparteniamo a gruppi, comunit\u00e0, a un popolo.<\/p>\n<p style=\"text-align: justify;\">Il \u201cgiorno del Signore\u201d nasce quattromila anni fa per affermare che tutto appartiene a Dio. Ed \u00e8 significativo che il comandamento del riposo che fu dato da Dio nella Sacra Scrittura riguardasse \u2013 in quell\u2019antichissima civilt\u00e0 \u2013 anche servi, schiavi e animali: era il primo embrione in forma di legge di una liberazione, di un riconoscimento della dignit\u00e0 di tutti, che poi si sarebbe affermato col cristianesimo.<\/p>\n<p style=\"text-align: justify;\">Proclamare il diritto di Dio come diritto al riposo per tutti (e addirittura riposo comune) significava cominciare a far capire che niente e nessuno pu\u00f2 arrogarsi un potere assoluto sulle creature. Perch\u00e9 tutti hanno una dignit\u00e0 e perfino gli animali vanno rispettati. Come pure la terra (i ritmi della terra) che non pu\u00f2 essere sfruttata senza riguardo.<\/p>\n<p style=\"text-align: justify;\">Non a caso, proprio sul ritmo settenario della settimana, Dio, nella Sacra Scrittura, comanda al suo popolo quegli anni \u201csabbatici\u201d, che corrispondevano al \u201cgiorno del Signore\u201d, per cui ogni sette, c\u2019era un anno in cui si liberavano gli schiavi, si condonavano i debiti e si faceva riposare la terra. Questo \u00e8 il retroterra storico della \u201cGiornata europea per le domeniche libere dal lavoro\u201d che \u00e8 stata indetta oggi, in dodici paesi europei.<\/p>\n<p style=\"text-align: justify;\">E\u2019 promossa dalla \u201cEuropean Sunday alliance\u201d a cui aderiscono 80 organizzazioni, non solo chiese e comunit\u00e0 religiose (in qualche paese pure ebraica e musulmana), ma anche \u2013 e soprattutto \u2013 sindacati dei lavoratori e associazioni dei commercianti.<\/p>\n<p style=\"text-align: justify;\">Un\u2019inedita coalizione impegnata in una battaglia anche laica. Battaglia di civilt\u00e0 come fu quella per la giornata otto ore all\u2019albore del movimento sindacale: infatti si cita come esemplare il caso delle lavoratrici rumene di una catena di supermercati tedeschi che a Natale e Capodanno scorsi si sono ribellate al lavoro festivo e hanno vinto. Fra l\u2019altro la Corte Costituzionale tedesca ha dichiarato anticostituzionale l\u2019apertura festiva perch\u00e9 lede la libert\u00e0 religiosa e il diritto al riposo: la vita dell\u2019uomo non \u00e8 solo comprare e vendere. Perch\u00e9 non siamo schiavi.<\/p>\n<p style=\"text-align: justify;\">La situazione italiana si annuncia come la pi\u00f9 dura. Infatti \u201cin nessun Paese europeo esiste che i negozi stanno aperti 24 ore al giorno e sette giorni su sette\u201d, dichiara ad \u201cAvvenire\u201d il sindacalista della Cisl Raineri. Oltretutto con una decisione piombata dall\u2019alto. Cgil, Cisl e Uil stamattina distribuiscono un volantino dove si legge: \u201cOggi non fare shopping! La domenica non ha prezzo\u201d.<\/p>\n<p style=\"text-align: justify;\">I sindacati dicono che sarebbero soprattutto le donne a pagare il prezzo pi\u00f9 duro perch\u00e9 sono quasi il 70 per cento del personale nel commercio e sono quelle che gi\u00e0 oggi soffrono di pi\u00f9 la difficile armonizzazione dei \u201ctempi di lavoro\u201d con la famiglia. E\u2019 anche provato, dagli esperimenti fatti finora, che questa devastante trovata non avrebbe alcun beneficio n\u00e9 sull\u2019occupazione, n\u00e9 sui consumi, infatti la gente non compra perch\u00e9 \u00e8 tartassata dallo stato e dalla recessione, non perch\u00e9 il supermercato \u00e8 chiuso alla domenica.<\/p>\n<p style=\"text-align: justify;\">Infatti la Regione Lombardia ha gi\u00e0 annunciato ricorso alla Corte Costituzionale contro la norma \u201cammazza domeniche\u201d. E la seguono a ruota Toscana e Veneto. Il mondo cattolico giudica inaccettabile quella norma ed \u00e8 in subbuglio. Ora agli italiani, oltre ai soldi, pretendono di sottrarre pure Dio e la domenica. La Chiesa si sente \u201cderubata\u201d di una cosa assai pi\u00f9 preziosa dei soldi che dovr\u00e0 pagare per l\u2019Imu (a proposito della quale non \u00e8 affatto chiaro se e come le scuole cattoliche si salveranno).<\/p>\n<p style=\"text-align: justify;\">Gi\u00e0 la presunzione di Monti nel chiamare \u201csalva Italia\u201d il suo decreto tartassatorio, oltrech\u00e9 irridente \u00e8 quasi blasfema. Per i cristiani infatti a \u201csalvare\u201d \u00e8 solo Dio. \u00a0Non imperatori, tecnocrati, partiti, condottieri, duci o idoli vari. Al sedicente \u201csalvatore\u201d SuperMario si addice la battuta: \u201cDio esiste, ma non sei tu. Rilassati\u201d.<\/p>\n<p style=\"text-align: justify;\">Non \u00e8 un caso se ieri questa decisione del \u201cgoverno mari e Monti\u201d \u00e8 stata fulminata nell\u2019editoriale di <em>Avvenire<\/em> come \u201cemblematica di una deriva culturale, un nuovo \u2018pensiero unico\u2019 che maschera come una maggiore libert\u00e0 e progresso, ci\u00f2 che in realt\u00e0 \u00e8 un impoverimento e una restrizione della libert\u00e0 stessa\u201d.<\/p>\n<p style=\"text-align: justify;\">\u201cAvvenire\u201d (che ieri, con una bella pagina, ha fornito tutte le informazioni sull\u2019iniziativa di oggi) denuncia il \u201cribaltamento di valore\u201d che spazza via l\u2019uomo e il giorno del Signore e \u201cmette al centro la merce\u201d. Sacrosanto. Ma allora perch\u00e9 sostenere entusiasti questo governo e far accreditare perfino l\u2019idea che esso segni il \u201critorno alla politica\u201d dei cattolici?<\/p>\n<p style=\"text-align: justify;\">Vorrei chiedere pure ai cosiddetti \u201cministri cattolici\u201d Riccardi, Passera e Ornaghi: com\u2019\u00e8 stato possibile approvare entusiasticamente una tale assurdit\u00e0? \u00a0Perch\u00e9 una poltroncina val bene una messa? Speriamo di no. Ma se non \u00e8 cos\u00ec si oppongano a questa norma. Si facciano sentire.<\/p>\n","protected":false},"excerpt":{"rendered":"<p>Libero, 4 marzo 2012 di Antonio Socci Monte Mario \u00e8 una collinetta che sovrasta il Vaticano. Non vorrei che Monti Mario pretendesse di sovrastare Dio stesso, spazzando via, con un codicillo, quattromila anni di civilt\u00e0 giudaico-cristiana (e pure islamica) imperniata sul giorno del Signore, \u201cDies Dominicus\u201d. Comandamento divino, nel Decalogo di Mos\u00e8, che \u00e8 diventato &hellip; <\/p>\n<p><a class=\"more-link btn\" href=\"https:\/\/www.rassegnastampa-totustuus.it\/cattolica\/monti-vuole-abolire-dio-e-i-cosiddetti-ministri-cattolici-approvano\/\">Continua a leggere<\/a><\/p>\n","protected":false},"author":6,"featured_media":31041,"comment_status":"closed","ping_status":"open","sticky":false,"template":"","format":"standard","meta":{"footnotes":""},"categories":[7,103,20],"tags":[2032],"class_list":["post-4922","post","type-post","status-publish","format-standard","has-post-thumbnail","hentry","category-costume","category-laicismo","category-politica-nazionale","tag-chiusura-domenicale","item-wrap"],"yoast_head":"<!-- This site is optimized with the Yoast SEO plugin v27.5 - https:\/\/yoast.com\/product\/yoast-seo-wordpress\/ -->\n<title>Monti vuole \u201cabolire\u201d Dio? E i cosiddetti \u201cministri cattolici\u201d approvano\u2026 - Rassegna Stampa Cattolica<\/title>\n<meta name=\"description\" content=\"Rassegna Stampa Cattolica - Per una cultura che nasce dalla Rivelazione cristiana in conformit\u00e0 alla tradizione e al Magistero della Chiesa in opposizione ad ogni relativismo e totalitarismo\" \/>\n<meta name=\"robots\" content=\"index, follow, max-snippet:-1, max-image-preview:large, max-video-preview:-1\" \/>\n<link rel=\"canonical\" href=\"https:\/\/www.rassegnastampa-totustuus.it\/cattolica\/monti-vuole-abolire-dio-e-i-cosiddetti-ministri-cattolici-approvano\/\" \/>\n<meta property=\"og:locale\" content=\"it_IT\" \/>\n<meta property=\"og:type\" content=\"article\" \/>\n<meta property=\"og:title\" content=\"Monti vuole \u201cabolire\u201d Dio? E i cosiddetti \u201cministri cattolici\u201d approvano\u2026 - Rassegna Stampa Cattolica\" \/>\n<meta property=\"og:description\" content=\"Rassegna Stampa Cattolica - Per una cultura che nasce dalla Rivelazione cristiana in conformit\u00e0 alla tradizione e al Magistero della Chiesa in opposizione ad ogni relativismo e totalitarismo\" \/>\n<meta property=\"og:url\" content=\"https:\/\/www.rassegnastampa-totustuus.it\/cattolica\/monti-vuole-abolire-dio-e-i-cosiddetti-ministri-cattolici-approvano\/\" \/>\n<meta property=\"og:site_name\" content=\"Rassegna Stampa Cattolica\" \/>\n<meta property=\"article:publisher\" content=\"https:\/\/www.facebook.com\/rassegnastampacattolica\" \/>\n<meta property=\"article:published_time\" content=\"2012-03-06T08:03:10+00:00\" \/>\n<meta property=\"article:modified_time\" content=\"2016-02-26T10:54:47+00:00\" \/>\n<meta property=\"og:image\" content=\"https:\/\/www.rassegnastampa-totustuus.it\/cattolica\/wp-content\/uploads\/2012\/03\/Mario_Monti.jpg\" \/>\n\t<meta property=\"og:image:width\" content=\"218\" \/>\n\t<meta property=\"og:image:height\" content=\"231\" \/>\n\t<meta property=\"og:image:type\" content=\"image\/jpeg\" \/>\n<meta name=\"author\" content=\"Redazione\" \/>\n<meta name=\"twitter:card\" content=\"summary_large_image\" \/>\n<meta name=\"twitter:creator\" content=\"@rassegnastampa9\" \/>\n<meta name=\"twitter:site\" content=\"@rassegnastampa9\" \/>\n<meta name=\"twitter:label1\" content=\"Scritto da\" \/>\n\t<meta name=\"twitter:data1\" content=\"Redazione\" \/>\n\t<meta name=\"twitter:label2\" content=\"Tempo di lettura stimato\" \/>\n\t<meta name=\"twitter:data2\" content=\"6 minuti\" \/>\n<script type=\"application\/ld+json\" class=\"yoast-schema-graph\">{\"@context\":\"https:\\\/\\\/schema.org\",\"@graph\":[{\"@type\":\"Article\",\"@id\":\"https:\\\/\\\/www.rassegnastampa-totustuus.it\\\/cattolica\\\/monti-vuole-abolire-dio-e-i-cosiddetti-ministri-cattolici-approvano\\\/#article\",\"isPartOf\":{\"@id\":\"https:\\\/\\\/www.rassegnastampa-totustuus.it\\\/cattolica\\\/monti-vuole-abolire-dio-e-i-cosiddetti-ministri-cattolici-approvano\\\/\"},\"author\":{\"name\":\"Redazione\",\"@id\":\"https:\\\/\\\/www.rassegnastampa-totustuus.it\\\/cattolica\\\/#\\\/schema\\\/person\\\/08f319d2bd1a0904ad9e2bfb7b15e5c3\"},\"headline\":\"Monti vuole \u201cabolire\u201d Dio? E i cosiddetti \u201cministri cattolici\u201d approvano\u2026\",\"datePublished\":\"2012-03-06T08:03:10+00:00\",\"dateModified\":\"2016-02-26T10:54:47+00:00\",\"mainEntityOfPage\":{\"@id\":\"https:\\\/\\\/www.rassegnastampa-totustuus.it\\\/cattolica\\\/monti-vuole-abolire-dio-e-i-cosiddetti-ministri-cattolici-approvano\\\/\"},\"wordCount\":1239,\"publisher\":{\"@id\":\"https:\\\/\\\/www.rassegnastampa-totustuus.it\\\/cattolica\\\/#organization\"},\"image\":{\"@id\":\"https:\\\/\\\/www.rassegnastampa-totustuus.it\\\/cattolica\\\/monti-vuole-abolire-dio-e-i-cosiddetti-ministri-cattolici-approvano\\\/#primaryimage\"},\"thumbnailUrl\":\"https:\\\/\\\/www.rassegnastampa-totustuus.it\\\/cattolica\\\/wp-content\\\/uploads\\\/2012\\\/03\\\/Mario_Monti.jpg\",\"keywords\":[\"chiusura domenicale\"],\"articleSection\":[\"Costume\",\"Laicismo\",\"Politica nazionale\"],\"inLanguage\":\"it-IT\"},{\"@type\":\"WebPage\",\"@id\":\"https:\\\/\\\/www.rassegnastampa-totustuus.it\\\/cattolica\\\/monti-vuole-abolire-dio-e-i-cosiddetti-ministri-cattolici-approvano\\\/\",\"url\":\"https:\\\/\\\/www.rassegnastampa-totustuus.it\\\/cattolica\\\/monti-vuole-abolire-dio-e-i-cosiddetti-ministri-cattolici-approvano\\\/\",\"name\":\"Monti vuole \u201cabolire\u201d Dio? E i cosiddetti \u201cministri cattolici\u201d approvano\u2026 - Rassegna Stampa Cattolica\",\"isPartOf\":{\"@id\":\"https:\\\/\\\/www.rassegnastampa-totustuus.it\\\/cattolica\\\/#website\"},\"primaryImageOfPage\":{\"@id\":\"https:\\\/\\\/www.rassegnastampa-totustuus.it\\\/cattolica\\\/monti-vuole-abolire-dio-e-i-cosiddetti-ministri-cattolici-approvano\\\/#primaryimage\"},\"image\":{\"@id\":\"https:\\\/\\\/www.rassegnastampa-totustuus.it\\\/cattolica\\\/monti-vuole-abolire-dio-e-i-cosiddetti-ministri-cattolici-approvano\\\/#primaryimage\"},\"thumbnailUrl\":\"https:\\\/\\\/www.rassegnastampa-totustuus.it\\\/cattolica\\\/wp-content\\\/uploads\\\/2012\\\/03\\\/Mario_Monti.jpg\",\"datePublished\":\"2012-03-06T08:03:10+00:00\",\"dateModified\":\"2016-02-26T10:54:47+00:00\",\"description\":\"Rassegna Stampa Cattolica - Per una cultura che nasce dalla Rivelazione cristiana in conformit\u00e0 alla tradizione e al Magistero della Chiesa in opposizione ad ogni relativismo e totalitarismo\",\"breadcrumb\":{\"@id\":\"https:\\\/\\\/www.rassegnastampa-totustuus.it\\\/cattolica\\\/monti-vuole-abolire-dio-e-i-cosiddetti-ministri-cattolici-approvano\\\/#breadcrumb\"},\"inLanguage\":\"it-IT\",\"potentialAction\":[{\"@type\":\"ReadAction\",\"target\":[\"https:\\\/\\\/www.rassegnastampa-totustuus.it\\\/cattolica\\\/monti-vuole-abolire-dio-e-i-cosiddetti-ministri-cattolici-approvano\\\/\"]}]},{\"@type\":\"ImageObject\",\"inLanguage\":\"it-IT\",\"@id\":\"https:\\\/\\\/www.rassegnastampa-totustuus.it\\\/cattolica\\\/monti-vuole-abolire-dio-e-i-cosiddetti-ministri-cattolici-approvano\\\/#primaryimage\",\"url\":\"https:\\\/\\\/www.rassegnastampa-totustuus.it\\\/cattolica\\\/wp-content\\\/uploads\\\/2012\\\/03\\\/Mario_Monti.jpg\",\"contentUrl\":\"https:\\\/\\\/www.rassegnastampa-totustuus.it\\\/cattolica\\\/wp-content\\\/uploads\\\/2012\\\/03\\\/Mario_Monti.jpg\",\"width\":218,\"height\":231},{\"@type\":\"BreadcrumbList\",\"@id\":\"https:\\\/\\\/www.rassegnastampa-totustuus.it\\\/cattolica\\\/monti-vuole-abolire-dio-e-i-cosiddetti-ministri-cattolici-approvano\\\/#breadcrumb\",\"itemListElement\":[{\"@type\":\"ListItem\",\"position\":1,\"name\":\"Home\",\"item\":\"https:\\\/\\\/www.rassegnastampa-totustuus.it\\\/cattolica\\\/\"},{\"@type\":\"ListItem\",\"position\":2,\"name\":\"Monti vuole \u201cabolire\u201d Dio? E i cosiddetti \u201cministri cattolici\u201d approvano\u2026\"}]},{\"@type\":\"WebSite\",\"@id\":\"https:\\\/\\\/www.rassegnastampa-totustuus.it\\\/cattolica\\\/#website\",\"url\":\"https:\\\/\\\/www.rassegnastampa-totustuus.it\\\/cattolica\\\/\",\"name\":\"Rassegna Stampa Cattolica\",\"description\":\"Per una cultura che nasce dalla Rivelazione cristiana in conformit\u00e0 alla tradizione e al Magistero della Chiesa in opposizione ad ogni relativismo e totalitarismo\",\"publisher\":{\"@id\":\"https:\\\/\\\/www.rassegnastampa-totustuus.it\\\/cattolica\\\/#organization\"},\"alternateName\":\"Rass. Cattolica\",\"potentialAction\":[{\"@type\":\"SearchAction\",\"target\":{\"@type\":\"EntryPoint\",\"urlTemplate\":\"https:\\\/\\\/www.rassegnastampa-totustuus.it\\\/cattolica\\\/?s={search_term_string}\"},\"query-input\":{\"@type\":\"PropertyValueSpecification\",\"valueRequired\":true,\"valueName\":\"search_term_string\"}}],\"inLanguage\":\"it-IT\"},{\"@type\":\"Organization\",\"@id\":\"https:\\\/\\\/www.rassegnastampa-totustuus.it\\\/cattolica\\\/#organization\",\"name\":\"Rassegna Stampa Cattolica\",\"url\":\"https:\\\/\\\/www.rassegnastampa-totustuus.it\\\/cattolica\\\/\",\"logo\":{\"@type\":\"ImageObject\",\"inLanguage\":\"it-IT\",\"@id\":\"https:\\\/\\\/www.rassegnastampa-totustuus.it\\\/cattolica\\\/#\\\/schema\\\/logo\\\/image\\\/\",\"url\":\"https:\\\/\\\/www.rassegnastampa-totustuus.it\\\/cattolica\\\/wp-content\\\/uploads\\\/2014\\\/04\\\/logo-rassegna1.gif\",\"contentUrl\":\"https:\\\/\\\/www.rassegnastampa-totustuus.it\\\/cattolica\\\/wp-content\\\/uploads\\\/2014\\\/04\\\/logo-rassegna1.gif\",\"width\":600,\"height\":163,\"caption\":\"Rassegna Stampa Cattolica\"},\"image\":{\"@id\":\"https:\\\/\\\/www.rassegnastampa-totustuus.it\\\/cattolica\\\/#\\\/schema\\\/logo\\\/image\\\/\"},\"sameAs\":[\"https:\\\/\\\/www.facebook.com\\\/rassegnastampacattolica\",\"https:\\\/\\\/x.com\\\/rassegnastampa9\"]},{\"@type\":\"Person\",\"@id\":\"https:\\\/\\\/www.rassegnastampa-totustuus.it\\\/cattolica\\\/#\\\/schema\\\/person\\\/08f319d2bd1a0904ad9e2bfb7b15e5c3\",\"name\":\"Redazione\",\"image\":{\"@type\":\"ImageObject\",\"inLanguage\":\"it-IT\",\"@id\":\"https:\\\/\\\/secure.gravatar.com\\\/avatar\\\/2fcdf27c78ea025fbdb44e914cc63c72249ffec9dc8aafd5c82b26240ef3f346?s=96&d=mm&r=g\",\"url\":\"https:\\\/\\\/secure.gravatar.com\\\/avatar\\\/2fcdf27c78ea025fbdb44e914cc63c72249ffec9dc8aafd5c82b26240ef3f346?s=96&d=mm&r=g\",\"contentUrl\":\"https:\\\/\\\/secure.gravatar.com\\\/avatar\\\/2fcdf27c78ea025fbdb44e914cc63c72249ffec9dc8aafd5c82b26240ef3f346?s=96&d=mm&r=g\",\"caption\":\"Redazione\"},\"url\":\"https:\\\/\\\/www.rassegnastampa-totustuus.it\\\/cattolica\\\/author\\\/pietroelle\\\/\"}]}<\/script>\n<!-- \/ Yoast SEO plugin. -->","yoast_head_json":{"title":"Monti vuole \u201cabolire\u201d Dio? E i cosiddetti \u201cministri cattolici\u201d approvano\u2026 - Rassegna Stampa Cattolica","description":"Rassegna Stampa Cattolica - Per una cultura che nasce dalla Rivelazione cristiana in conformit\u00e0 alla tradizione e al Magistero della Chiesa in opposizione ad ogni relativismo e totalitarismo","robots":{"index":"index","follow":"follow","max-snippet":"max-snippet:-1","max-image-preview":"max-image-preview:large","max-video-preview":"max-video-preview:-1"},"canonical":"https:\/\/www.rassegnastampa-totustuus.it\/cattolica\/monti-vuole-abolire-dio-e-i-cosiddetti-ministri-cattolici-approvano\/","og_locale":"it_IT","og_type":"article","og_title":"Monti vuole \u201cabolire\u201d Dio? E i cosiddetti \u201cministri cattolici\u201d approvano\u2026 - Rassegna Stampa Cattolica","og_description":"Rassegna Stampa Cattolica - Per una cultura che nasce dalla Rivelazione cristiana in conformit\u00e0 alla tradizione e al Magistero della Chiesa in opposizione ad ogni relativismo e totalitarismo","og_url":"https:\/\/www.rassegnastampa-totustuus.it\/cattolica\/monti-vuole-abolire-dio-e-i-cosiddetti-ministri-cattolici-approvano\/","og_site_name":"Rassegna Stampa Cattolica","article_publisher":"https:\/\/www.facebook.com\/rassegnastampacattolica","article_published_time":"2012-03-06T08:03:10+00:00","article_modified_time":"2016-02-26T10:54:47+00:00","og_image":[{"width":218,"height":231,"url":"https:\/\/www.rassegnastampa-totustuus.it\/cattolica\/wp-content\/uploads\/2012\/03\/Mario_Monti.jpg","type":"image\/jpeg"}],"author":"Redazione","twitter_card":"summary_large_image","twitter_creator":"@rassegnastampa9","twitter_site":"@rassegnastampa9","twitter_misc":{"Scritto da":"Redazione","Tempo di lettura stimato":"6 minuti"},"schema":{"@context":"https:\/\/schema.org","@graph":[{"@type":"Article","@id":"https:\/\/www.rassegnastampa-totustuus.it\/cattolica\/monti-vuole-abolire-dio-e-i-cosiddetti-ministri-cattolici-approvano\/#article","isPartOf":{"@id":"https:\/\/www.rassegnastampa-totustuus.it\/cattolica\/monti-vuole-abolire-dio-e-i-cosiddetti-ministri-cattolici-approvano\/"},"author":{"name":"Redazione","@id":"https:\/\/www.rassegnastampa-totustuus.it\/cattolica\/#\/schema\/person\/08f319d2bd1a0904ad9e2bfb7b15e5c3"},"headline":"Monti vuole \u201cabolire\u201d Dio? E i cosiddetti \u201cministri cattolici\u201d approvano\u2026","datePublished":"2012-03-06T08:03:10+00:00","dateModified":"2016-02-26T10:54:47+00:00","mainEntityOfPage":{"@id":"https:\/\/www.rassegnastampa-totustuus.it\/cattolica\/monti-vuole-abolire-dio-e-i-cosiddetti-ministri-cattolici-approvano\/"},"wordCount":1239,"publisher":{"@id":"https:\/\/www.rassegnastampa-totustuus.it\/cattolica\/#organization"},"image":{"@id":"https:\/\/www.rassegnastampa-totustuus.it\/cattolica\/monti-vuole-abolire-dio-e-i-cosiddetti-ministri-cattolici-approvano\/#primaryimage"},"thumbnailUrl":"https:\/\/www.rassegnastampa-totustuus.it\/cattolica\/wp-content\/uploads\/2012\/03\/Mario_Monti.jpg","keywords":["chiusura domenicale"],"articleSection":["Costume","Laicismo","Politica nazionale"],"inLanguage":"it-IT"},{"@type":"WebPage","@id":"https:\/\/www.rassegnastampa-totustuus.it\/cattolica\/monti-vuole-abolire-dio-e-i-cosiddetti-ministri-cattolici-approvano\/","url":"https:\/\/www.rassegnastampa-totustuus.it\/cattolica\/monti-vuole-abolire-dio-e-i-cosiddetti-ministri-cattolici-approvano\/","name":"Monti vuole \u201cabolire\u201d Dio? E i cosiddetti \u201cministri cattolici\u201d approvano\u2026 - Rassegna Stampa Cattolica","isPartOf":{"@id":"https:\/\/www.rassegnastampa-totustuus.it\/cattolica\/#website"},"primaryImageOfPage":{"@id":"https:\/\/www.rassegnastampa-totustuus.it\/cattolica\/monti-vuole-abolire-dio-e-i-cosiddetti-ministri-cattolici-approvano\/#primaryimage"},"image":{"@id":"https:\/\/www.rassegnastampa-totustuus.it\/cattolica\/monti-vuole-abolire-dio-e-i-cosiddetti-ministri-cattolici-approvano\/#primaryimage"},"thumbnailUrl":"https:\/\/www.rassegnastampa-totustuus.it\/cattolica\/wp-content\/uploads\/2012\/03\/Mario_Monti.jpg","datePublished":"2012-03-06T08:03:10+00:00","dateModified":"2016-02-26T10:54:47+00:00","description":"Rassegna Stampa Cattolica - Per una cultura che nasce dalla Rivelazione cristiana in conformit\u00e0 alla tradizione e al Magistero della Chiesa in opposizione ad ogni relativismo e totalitarismo","breadcrumb":{"@id":"https:\/\/www.rassegnastampa-totustuus.it\/cattolica\/monti-vuole-abolire-dio-e-i-cosiddetti-ministri-cattolici-approvano\/#breadcrumb"},"inLanguage":"it-IT","potentialAction":[{"@type":"ReadAction","target":["https:\/\/www.rassegnastampa-totustuus.it\/cattolica\/monti-vuole-abolire-dio-e-i-cosiddetti-ministri-cattolici-approvano\/"]}]},{"@type":"ImageObject","inLanguage":"it-IT","@id":"https:\/\/www.rassegnastampa-totustuus.it\/cattolica\/monti-vuole-abolire-dio-e-i-cosiddetti-ministri-cattolici-approvano\/#primaryimage","url":"https:\/\/www.rassegnastampa-totustuus.it\/cattolica\/wp-content\/uploads\/2012\/03\/Mario_Monti.jpg","contentUrl":"https:\/\/www.rassegnastampa-totustuus.it\/cattolica\/wp-content\/uploads\/2012\/03\/Mario_Monti.jpg","width":218,"height":231},{"@type":"BreadcrumbList","@id":"https:\/\/www.rassegnastampa-totustuus.it\/cattolica\/monti-vuole-abolire-dio-e-i-cosiddetti-ministri-cattolici-approvano\/#breadcrumb","itemListElement":[{"@type":"ListItem","position":1,"name":"Home","item":"https:\/\/www.rassegnastampa-totustuus.it\/cattolica\/"},{"@type":"ListItem","position":2,"name":"Monti vuole \u201cabolire\u201d Dio? E i cosiddetti \u201cministri cattolici\u201d approvano\u2026"}]},{"@type":"WebSite","@id":"https:\/\/www.rassegnastampa-totustuus.it\/cattolica\/#website","url":"https:\/\/www.rassegnastampa-totustuus.it\/cattolica\/","name":"Rassegna Stampa Cattolica","description":"Per una cultura che nasce dalla Rivelazione cristiana in conformit\u00e0 alla tradizione e al Magistero della Chiesa in opposizione ad ogni relativismo e totalitarismo","publisher":{"@id":"https:\/\/www.rassegnastampa-totustuus.it\/cattolica\/#organization"},"alternateName":"Rass. Cattolica","potentialAction":[{"@type":"SearchAction","target":{"@type":"EntryPoint","urlTemplate":"https:\/\/www.rassegnastampa-totustuus.it\/cattolica\/?s={search_term_string}"},"query-input":{"@type":"PropertyValueSpecification","valueRequired":true,"valueName":"search_term_string"}}],"inLanguage":"it-IT"},{"@type":"Organization","@id":"https:\/\/www.rassegnastampa-totustuus.it\/cattolica\/#organization","name":"Rassegna Stampa Cattolica","url":"https:\/\/www.rassegnastampa-totustuus.it\/cattolica\/","logo":{"@type":"ImageObject","inLanguage":"it-IT","@id":"https:\/\/www.rassegnastampa-totustuus.it\/cattolica\/#\/schema\/logo\/image\/","url":"https:\/\/www.rassegnastampa-totustuus.it\/cattolica\/wp-content\/uploads\/2014\/04\/logo-rassegna1.gif","contentUrl":"https:\/\/www.rassegnastampa-totustuus.it\/cattolica\/wp-content\/uploads\/2014\/04\/logo-rassegna1.gif","width":600,"height":163,"caption":"Rassegna Stampa Cattolica"},"image":{"@id":"https:\/\/www.rassegnastampa-totustuus.it\/cattolica\/#\/schema\/logo\/image\/"},"sameAs":["https:\/\/www.facebook.com\/rassegnastampacattolica","https:\/\/x.com\/rassegnastampa9"]},{"@type":"Person","@id":"https:\/\/www.rassegnastampa-totustuus.it\/cattolica\/#\/schema\/person\/08f319d2bd1a0904ad9e2bfb7b15e5c3","name":"Redazione","image":{"@type":"ImageObject","inLanguage":"it-IT","@id":"https:\/\/secure.gravatar.com\/avatar\/2fcdf27c78ea025fbdb44e914cc63c72249ffec9dc8aafd5c82b26240ef3f346?s=96&d=mm&r=g","url":"https:\/\/secure.gravatar.com\/avatar\/2fcdf27c78ea025fbdb44e914cc63c72249ffec9dc8aafd5c82b26240ef3f346?s=96&d=mm&r=g","contentUrl":"https:\/\/secure.gravatar.com\/avatar\/2fcdf27c78ea025fbdb44e914cc63c72249ffec9dc8aafd5c82b26240ef3f346?s=96&d=mm&r=g","caption":"Redazione"},"url":"https:\/\/www.rassegnastampa-totustuus.it\/cattolica\/author\/pietroelle\/"}]}},"_links":{"self":[{"href":"https:\/\/www.rassegnastampa-totustuus.it\/cattolica\/wp-json\/wp\/v2\/posts\/4922","targetHints":{"allow":["GET"]}}],"collection":[{"href":"https:\/\/www.rassegnastampa-totustuus.it\/cattolica\/wp-json\/wp\/v2\/posts"}],"about":[{"href":"https:\/\/www.rassegnastampa-totustuus.it\/cattolica\/wp-json\/wp\/v2\/types\/post"}],"author":[{"embeddable":true,"href":"https:\/\/www.rassegnastampa-totustuus.it\/cattolica\/wp-json\/wp\/v2\/users\/6"}],"replies":[{"embeddable":true,"href":"https:\/\/www.rassegnastampa-totustuus.it\/cattolica\/wp-json\/wp\/v2\/comments?post=4922"}],"version-history":[{"count":4,"href":"https:\/\/www.rassegnastampa-totustuus.it\/cattolica\/wp-json\/wp\/v2\/posts\/4922\/revisions"}],"predecessor-version":[{"id":31042,"href":"https:\/\/www.rassegnastampa-totustuus.it\/cattolica\/wp-json\/wp\/v2\/posts\/4922\/revisions\/31042"}],"wp:featuredmedia":[{"embeddable":true,"href":"https:\/\/www.rassegnastampa-totustuus.it\/cattolica\/wp-json\/wp\/v2\/media\/31041"}],"wp:attachment":[{"href":"https:\/\/www.rassegnastampa-totustuus.it\/cattolica\/wp-json\/wp\/v2\/media?parent=4922"}],"wp:term":[{"taxonomy":"category","embeddable":true,"href":"https:\/\/www.rassegnastampa-totustuus.it\/cattolica\/wp-json\/wp\/v2\/categories?post=4922"},{"taxonomy":"post_tag","embeddable":true,"href":"https:\/\/www.rassegnastampa-totustuus.it\/cattolica\/wp-json\/wp\/v2\/tags?post=4922"}],"curies":[{"name":"wp","href":"https:\/\/api.w.org\/{rel}","templated":true}]}}