{"id":4921,"date":"2012-03-01T08:45:04","date_gmt":"2012-03-01T07:45:04","guid":{"rendered":""},"modified":"2021-02-05T13:39:20","modified_gmt":"2021-02-05T12:39:20","slug":"lepopea-dei-cristeros-nel-messico-martire","status":"publish","type":"post","link":"https:\/\/www.rassegnastampa-totustuus.it\/cattolica\/lepopea-dei-cristeros-nel-messico-martire\/","title":{"rendered":"L&#8217;epopea dei &quot;cristeros&quot; nel Messico martire"},"content":{"rendered":"<div style=\"text-align: center;\">\n<p style=\"text-align: center;\"><strong><a href=\"https:\/\/www.rassegnastampa-totustuus.it\/cattolica\/wp-content\/uploads\/2012\/03\/cristeros.jpg\"><img loading=\"lazy\" decoding=\"async\" class=\"alignleft wp-image-30780\" src=\"https:\/\/www.rassegnastampa-totustuus.it\/cattolica\/wp-content\/uploads\/2012\/03\/cristeros.jpg\" alt=\"cristeros\" width=\"308\" height=\"196\" \/><\/a><span style=\"color: #000000;\">La Bussola quotidiana<\/span><\/strong><\/p>\n<p style=\"text-align: center;\"><span style=\"color: #000000;\">4 febbraio 2012<\/span><\/p>\n<p style=\"text-align: center;\"><span style=\"color: #000000;\">di <strong>Marco Respinti<\/strong><\/span><\/p>\n<\/div>\n<p style=\"text-align: justify;\"><span style=\"color: #000000;\">Pochi, purtroppo, ricordano che nel cuore nero del Novecento il Messico martire offr\u00ec una testimonianza di fede e di fedelt\u00e0 al Soglio di Pietro pressoch\u00e9 unica al mondo.<\/span><\/p>\n<p><!--more--><\/p>\n<p style=\"text-align: justify;\"><span style=\"color: #000000;\"><strong>Dall\u2019inizio del secolo, il Paese nordamericano<\/strong> era stato squassato da una serie di colpi di Stato inframmezzati a faide politiche che altro non erano se non &#8220;guerre civili&#8221; intestine all\u2019unico apparato massonico-laicista costantemente al potere, che, attraversato pure da inquietanti atmosfere giacobino-nazionalistiche e da forti pulsioni socialistiche, era rigorosamente definito dall\u2019anticattolicesimo &#8220;scientifico&#8221;. Nel 1917, del resto &#8211; un <em>annus fatalis<\/em> &#8211; il Messico retto dal despota Venustiano Carranza (1859-1920) giunse persino a darsi una Costituzione che quell\u2019anticattolicesimo formalizzava positivamente e coscientemente in legge fondamentale del Paese.<\/span><\/p>\n<p style=\"text-align: justify;\"><span style=\"color: #000000;\"><strong>Raccogliendo dunque la tempesta che tale vento aveva da tempo seminato,<\/strong> fu in <a href=\"https:\/\/www.rassegnastampa-totustuus.it\/cattolica\/wp-content\/uploads\/2021\/02\/cristeros-8.jpg\"><img loading=\"lazy\" decoding=\"async\" class=\" wp-image-50032 alignright\" src=\"https:\/\/www.rassegnastampa-totustuus.it\/cattolica\/wp-content\/uploads\/2021\/02\/cristeros-8.jpg\" alt=\"\" width=\"361\" height=\"209\" \/><\/a>specie il governo del generale Plutarco El\u00edas Calles (1877-1945), ennesimo despota, che mir\u00f2 alla rivoluzione socio-culturale pi\u00f9 compiuta e &#8220;globalizzante&#8221; da ottenersi attraverso la lotta frontale all\u2019unico, vero grande ostacolo che, nella pratica e nella quotidianit\u00e0, ancora aveva il potere di arrestarne la marcia: la Chiesa Cattolica, cio\u00e8 la sua gerarchia e il suo popolo di fedeli, generatori di istituti, di societ\u00e0, di storia.<\/span><\/p>\n<p style=\"text-align: justify;\"><span style=\"color: #000000;\"><strong>In questo quadro, le insopportabili angherie e le persecuzioni scatenate<\/strong> dal governo contro i cattolici risvegliarono una vera e propria &#8220;Vandea messicana&#8221;, disposta anche al sacrificio in armi di s\u00e9 pur di difendere il diritto di cittadinanza che spetta alla verit\u00e0 delle cose e a quell\u2019unico umanesimo autentico che solo la prospettiva cattolica anche sulla societ\u00e0 e sulla polticia garantisce per tutti, non cio\u00e8 solo per i cattolici.<\/span><\/p>\n<p style=\"text-align: justify;\"><span style=\"color: #000000;\"><strong>L\u2019insurrezione messicana prese un nome<\/strong> divenuto &#8211; in un circolo di cultori che non hanno rinunciato alla memoria viva &#8211; famoso. Si chiam\u00f2 \u201cCristiada\u201d, praticamente una crociata, e i suoi cavalieri dell\u2019ideale, nobilmente straccioni, furono i &#8220;<em>cristeros<\/em>&#8220;. Era infatti cos\u00ec che con arroganza e saccenza li apostrofavano i nemici, storpiando la dizione &#8220;Cristos Reyes&#8221;, cio\u00e8 i &#8220;Cristi-Re&#8221;, insomma quella gente che si ostinava a battersi e a soccombere al grido di \u00abViva Cristo Re!\u00bb.<\/span><\/p>\n<p style=\"text-align: justify;\"><span style=\"color: #000000;\"><a href=\"https:\/\/www.rassegnastampa-totustuus.it\/cattolica\/wp-content\/uploads\/2021\/02\/cristeros.jpg\"><img loading=\"lazy\" decoding=\"async\" class=\" wp-image-50019 alignleft\" src=\"https:\/\/www.rassegnastampa-totustuus.it\/cattolica\/wp-content\/uploads\/2021\/02\/cristeros.jpg\" alt=\"\" width=\"349\" height=\"222\" \/><\/a>Del resto, i <em>cristeros <\/em>combatterono indossando l\u2019uniforme del rosario o di un grande crocifisso appesi al collo, proprio come i loro &#8220;avi&#8221; in Vandea. E quegli insorti, per nulla offesi, se ne fecero un vanto adottando volentieri l\u2019epiteto (del resto \u201ccretino\u201d viene da \u201ccristiano\u201d usato per offendere\u2026): come san Paolo insegna che &#8220;cristiano&#8221; \u00e8 una &#8220;aggettivo di possesso&#8221; che indica &#8220;colui che appartiene a Cristo&#8221; cos\u00ec <em>cristero <\/em>indic\u00f2 chi apparteneva <em>in toto <\/em>all\u2019unico re, Ges\u00f9. Fu una bandiera, insomma, quel nomignolo; anzi <em>la <\/em>bandiera, emblema di una concezione diversa dell\u2019agire politico e dell\u2019organizzare la societ\u00e0, antitetica a quella che li perseguitava.<\/span><\/p>\n<p style=\"text-align: justify;\"><span style=\"color: #000000;\"><strong>Nel 1926 i <em>cristeros<\/em> insorsero e tennero per tre anni, fino al 1929, <\/strong>testa a un nemico incommensurabile. Irrorarono il suolo del Messico di sangue martire, quello che genera conversioni, santi e l\u2019unico bene autentico: la memoria corre qui doverosamente almeno al giovane presbitero gesuita Miguel Agust\u00edn Pro (1891-1927), beatificato dal beato Giovanni Paolo II (1920-2005) il 25 settembre 1988, ma i martiri messicani, laici e consacrati, furono legione. Alla fine sui campi di battaglia ne rimasero un numero calcolato tra i 70 e gli 85mila.<\/span><\/p>\n<p style=\"text-align: justify;\"><span style=\"color: #000000;\"><strong>Dopo quel triennio di sangue, la guerra si ferm\u00f2<\/strong> pur senza davvero (mai) finire. N\u00e9 si esaurirono le cause profonde che l\u2019avevano generata. Il governo era solamente riuscito di fatto a dividere gli avversari e, complice anche la pavidit\u00e0 di certi vertici cattolici, le armi furono deposte (almeno da una delle parti in causa, visto che le rappresaglie della vendetta governativa continuarono a mietere vittime).<\/span><\/p>\n<p style=\"text-align: justify;\"><span style=\"color: #000000;\"><strong>A quasi un secolo di distanza resta la memoria di un sacrifico immenso:<\/strong> che non <a href=\"https:\/\/www.rassegnastampa-totustuus.it\/cattolica\/wp-content\/uploads\/2021\/02\/cristeros-9.jpg\"><img loading=\"lazy\" decoding=\"async\" class=\" wp-image-50034 alignright\" src=\"https:\/\/www.rassegnastampa-totustuus.it\/cattolica\/wp-content\/uploads\/2021\/02\/cristeros-9.jpg\" alt=\"\" width=\"190\" height=\"189\" srcset=\"https:\/\/www.rassegnastampa-totustuus.it\/cattolica\/wp-content\/uploads\/2021\/02\/cristeros-9.jpg 225w, https:\/\/www.rassegnastampa-totustuus.it\/cattolica\/wp-content\/uploads\/2021\/02\/cristeros-9-150x150.jpg 150w\" sizes=\"auto, (max-width: 190px) 100vw, 190px\" \/><\/a>\u00e8 una semplice consolazione, ma la testimonianza, dura, di una storia gloriosa verso la quale un certo mondo non ha ancora fatto bene tutti i conti. A partire dagli anni 1960 ne ha raccontato le vicende in modo ancora insuperato lo storico e sociologo alsaziano Jean Meyer Barth (da non confondere con lo storico francese Jean Meyer, che, assieme al collega Pierre Chaunu [1923-2009], ha dato impulso alle ricerche sul genocidio vandeano condotte dallo studioso bretone Reynald Secher).<\/span><\/p>\n<p style=\"text-align: justify;\"><span style=\"color: #000000;\">Tra 1973 e 1974 Meyer Barth ha quindi dato alle stampe una monografia in tre tomi, <em>La Cristiada<\/em>, continuamente &#8211; per fortuna &#8211; in edizione (la pi\u00f9 recente \u00e8 uscita a Buenos Aires nel 2003 per l\u2019editore Siglo XXI), un\u2019opera monumentale di cui in italiano esiste solo una sintesi &#8211; il saggio <em>Quando la storia \u00e8 scritta dai vincitori. Insurrezione vandeana e rivolta dei cristeros messicani: due sollevazioni popolari escluse dalla storia ufficiale e dalla memoria nazionale<\/em>, accolto nel volume a pi\u00f9 mani <em>La Vandea <\/em>(trad. it., Corbaccio, Milano 1995) &#8211; e qualche &#8220;reperto&#8221; in forma di intervista giornalistica.<\/span><\/p>\n<p style=\"text-align: justify;\"><span style=\"color: #000000;\"><strong>Utilissimi sono dunque due volumi di recenti produzione italiana.<\/strong> Anzitutt<\/span>o <em><span style=\"text-decoration: underline;\"><a href=\"http:\/\/www.iltimone.org\/index.php?option=com_content&amp;view=article&amp;id=4194&amp;Itemid=41\" target=\"_blank\" rel=\"noopener noreferrer\"><span style=\"color: #0000ff; text-decoration: underline;\">Dio, Patria e libert\u00e0! L\u2019epopea dei Cristeros<\/span>,<\/a><\/span><\/em> <span style=\"color: #000000;\">firmato dallo storico militare Alberto Leoni e uscito nella collana &#8220;I quaderni del Timone&#8221; (Edizioni Art, Milano 2010, pp. 64, euro 6,00), poi il freschissimo di stampa<\/span> <span style=\"color: #0000ff;\"><a style=\"color: #0000ff;\" href=\"http:\/\/www.edizioniamiciziacristiana.it\/cristeros.htm\" target=\"_blank\" rel=\"noopener noreferrer\"><em>Cristiada. Messico martire. Storia della persecuzione<\/em><\/a><\/span> <span style=\"color: #000000;\">di Luigi Ziliani (Amicizia Cristiana, Chieti 2012, pp. 216, euro 15,00).<\/span><\/p>\n<p style=\"text-align: justify;\"><span style=\"color: #000000;\"><strong>Il libro di Zuliani \u00e8 un felice <\/strong><em><strong>reprint<\/strong> <\/em>di un\u2019opera pubblicata in presa diretta, una <a href=\"https:\/\/www.rassegnastampa-totustuus.it\/cattolica\/wp-content\/uploads\/2021\/02\/cristeros-3.jpg\"><img loading=\"lazy\" decoding=\"async\" class=\"size-full wp-image-50026 alignleft\" src=\"https:\/\/www.rassegnastampa-totustuus.it\/cattolica\/wp-content\/uploads\/2021\/02\/cristeros-3.jpg\" alt=\"\" width=\"251\" height=\"201\" \/><\/a>cronaca frutto di un viaggio &#8211; pellegrinaggio effettuato dall\u2019autore, un sacerdote cattolico italiano, sul posto nel 1928. Don Ziliani (che tra il 1928 e il 1938 tenne in Italia e in tutta Europa circa 300 conferenze per denunciare il &#8220;dispotismo giacobino-bolscevico&#8221; del governo Calles) pubblic\u00f2 il <em>proprio reportage <\/em>esplosivo dapprima con il titolo <em>Tre mesi nel Messico Martire <\/em>e poi lo trasform\u00f2 in <em>Messico martire. Storia della persecuzione, eroi e martiri di Cristo Re<\/em> (Societ\u00e0 Editrice S. Alessandro, Bergamo, 1929). Il testo venne ripubblicato ben 15 volte in 10 anni, dall&#8217;edizione del 1933 rec\u00f2 l&#8217;approvazione dell&#8217;arcivescovo messicano di Guadalajara, mons. Francisco Orozco y Jim\u00e9nez (1864-1936), e diverse altre edizioni postume uscirono sino all\u2019ultima del 1951.<\/span><\/p>\n<p style=\"text-align: justify;\"><span style=\"color: #000000;\"><strong>In esso il sacerdote spieg\u00f2 benissimo come fu la natura autenticamente popolare<\/strong> del cattolicesimo messicano a far s\u00ec che a quelle latitudini la fede costituisse anche una irrinunciabile quanto cristallina scelta sociale e politica, che dunque non poteva per forza di cose essere tollerata dalle forze laiciste in quel frangente al potere nel Paese. Lo scontro fra le due civilt\u00e0 antagoniste &#8211; quella edificata prendendo sul serio in ogni piega anche della storia temporale la Rivelazione del Dio che si fa uomo e quella che vorrebbe costruire prescindendo coscientemente da Dio &#8211; fu dunque &#8220;naturale&#8221;, inevitabile; meraviglierebbe, cio\u00e8, se in Messico, date le premesse, fosse accaduto qualcosa di diverso da una guerra aperta.<\/span><\/p>\n<p style=\"text-align: justify;\"><span style=\"color: #000000;\"><strong>Perch\u00e9, una volta fallito il tentativo di rispondere alla persecuzione sul piano<\/strong> <a href=\"https:\/\/www.rassegnastampa-totustuus.it\/cattolica\/wp-content\/uploads\/2021\/02\/cristeros-1.jpg\"><img loading=\"lazy\" decoding=\"async\" class=\" wp-image-50020 alignright\" src=\"https:\/\/www.rassegnastampa-totustuus.it\/cattolica\/wp-content\/uploads\/2021\/02\/cristeros-1.jpg\" alt=\"\" width=\"325\" height=\"201\" \/><\/a>legislativo e dunque legale, non rimase che l\u2019<em>extrema ratio <\/em>dell\u2019insurrezione. Non a caso il Messico <em>cristero <\/em>godette \u201cdell\u2019<em>imprimatur<\/em>\u201d &#8211; caso pi\u00f9 unico che raro &#8211; della stessa Santa Sede. Papa Pio XI (1857-1939) dedic\u00f2 infatti alla persecuzione anticattolica di quello sfortunato Paese nordamericano non uno ma ben quattro documenti magisteriali, tre dei quali furono nientemeno che encicliche, oggi opportunamente raccolti nel volume<\/span> <span style=\"color: #0000ff;\"><a style=\"color: #0000ff;\" href=\"http:\/\/www.edizioniamiciziacristiana.it\/enciclichesulmessico.htm\" target=\"_blank\" rel=\"noopener noreferrer\"><em>Encicliche sulle persecuzioni in Messico, 1926-1937<\/em><\/a> <\/span><span style=\"color: #000000;\">(Amicizia Cristiana, 2012, pp. 78, euro 7,00).<\/span><\/p>\n<p style=\"text-align: justify;\"><span style=\"color: #000000;\"><strong>Il primo fu la lettera apostolica <em>Paterna sane<\/em>, del 2 febbraio 1926,<\/strong> con cui il pontefice suggeriva all\u2019episcopato messicano modi concreti per contrastare le leggi anticristiane promosse dal governo di Citt\u00e0 del Messico. La seconda fu la lettera enciclica <em>Iniquis afflitisque<\/em>, del 18 novembre del medesimo anno, che, rivolgendosi significativamente alla Chiesa universale, additava la sofferenza del popolo cattolico messicano a modello di virt\u00f9 per tutti. Dunque, a guerra finita, il Papa promulg\u00f2 la lettera enciclica <em>Acerba animi<\/em>, del 29 settembre 1932, esortando i cattolici messicani a una nuova (forma di) resistenza. Infine venne la lettera enciclica <em>Firmissimam constantiam<\/em>, del 28 marzo 1937, la quale persino legittim\u00f2 &#8211; a norma dell\u2019antichissimo diritto di resistenza all\u2019oppressione tirannica, che il diritto naturale e la dottrina cattolica contemplano positivamente -, l\u2019insurrezione dei <em>cristeros<\/em>.<\/span><\/p>\n<p style=\"text-align: justify;\"><span style=\"color: #000000;\"><strong>Solo pochi giorni, anzi ore prima di quest\u2019ultimo documento &#8220;messicano&#8221;,<\/strong> <a href=\"https:\/\/www.rassegnastampa-totustuus.it\/cattolica\/wp-content\/uploads\/2021\/02\/cristeros-7.jpg\"><img loading=\"lazy\" decoding=\"async\" class=\" wp-image-50031 alignleft\" src=\"https:\/\/www.rassegnastampa-totustuus.it\/cattolica\/wp-content\/uploads\/2021\/02\/cristeros-7.jpg\" alt=\"\" width=\"309\" height=\"217\" \/><\/a>rispettivamente il 14 e il 28 marzo, Pio XI aveva promulgato le due storiche encicliche di scomunica delle ideologie violente pi\u00f9 note del secolo XX e in quel momento massimamente distruttive, ovvero il nazionalsocialismo ateo (e l&#8217;eresia del &#8220;cristianesimo tedesco&#8221;) attraverso l\u2019enciclica <em>Mit brennender sorge<\/em>, nonch\u00e9 il socialcomunismo materialistico e altrettanto ateo con l\u2019enciclica <em>Divini redemptoris<\/em>. Alla Cattedra sempiterna di Pietro era cio\u00e8 chiaro il volto che l\u2019anticristianesimo militante, non certo una novit\u00e0, assumeva in quel momento: la somma tra i due totalitarismi di massa che avvelenavano l\u2019Europa e la persecuzione &#8220;liberale&#8221; americana che divorava il Messico.<\/span><\/p>\n<p style=\"text-align: justify;\"><span style=\"color: #000000;\"><strong>Un vero peccato che oggi solo pochi ricordino il fato dei <em>cristeros<\/em>.<\/strong> Eppure \u00e8 un argomento di cui dovrebbe impossessarsi l\u2019immaginario collettivo. Pensare che nel 2011 vi \u00e8 stato dedicato persino un <em>film<\/em><\/span>, <span style=\"color: #0000ff;\"><a style=\"color: #0000ff;\" href=\"http:\/\/www.cristiadafilm.com\/\" target=\"_blank\" rel=\"noopener noreferrer\"><em>Cristiada<\/em><\/a>,<\/span> <span style=\"color: #000000;\">con un <em>cast <\/em>(Andy Garcia, Peter O\u2019Toole, Eduardo Ver\u00e1stegui, Eva Longoria; musiche del talentuoso James Horner; effetti speciali di chi ha lavorato per i Tolkien cinematografici di Peter Jackson) e un <em>budget <\/em>da vero <em>kolossal<\/em>, ma che forse nessuno riuscir\u00e0 a vedere, dato che da mesi e mesi cerca invano un distributore<\/span> [<span style=\"color: #0000ff;\"><a style=\"color: #0000ff;\" href=\"http:\/\/www.eduardoverastegui.com.ar\/Espanol\/Cineytv\/cineytv_espanol_pag_41.htm\" target=\"_blank\" rel=\"noopener noreferrer\">qui <\/a><\/span><span style=\"color: #000000;\">alcune immagini del film]. Che i poveri <em>cristeros <\/em>scamiciati e con le pezze alle ginocchia facciano ancora tremare i potenti del mondo?.<\/span><\/p>\n<p style=\"text-align: justify;\">________________________<\/p>\n<p><strong><span style=\"color: #000000;\">Sullo stesso argomento:<\/span><\/strong><\/p>\n<p><span style=\"color: #0000ff;\"><a style=\"color: #0000ff;\" title=\"PermaLink a Libert\u00e0 religiosa e diritto di resistenza: il caso della guerra cristera\" href=\"https:\/\/www.rassegnastampa-totustuus.it\/cattolica\/?p=50012\" target=\"_blank\" rel=\"bookmark noopener noreferrer\">Libert\u00e0 religiosa e diritto di resistenza: il caso della guerra cristera<\/a><\/span><\/p>\n<p><span style=\"color: #0000ff;\"><a style=\"color: #0000ff;\" title=\"PermaLink a Gorostieta, il generale dei cristeros: cristiano!\" href=\"https:\/\/www.rassegnastampa-totustuus.it\/cattolica\/?p=36968\" target=\"_blank\" rel=\"bookmark noopener noreferrer\">Gorostieta, il generale dei cristeros: cristiano!<\/a><\/span><\/p>\n<p><span style=\"color: #0000ff;\"><a style=\"color: #0000ff;\" title=\"PermaLink a A ottant\u2019anni dalla fine della \u201cguerra cristera\u201d\" href=\"https:\/\/www.rassegnastampa-totustuus.it\/cattolica\/?p=3519\" target=\"_blank\" rel=\"bookmark noopener noreferrer\">A ottant\u2019anni dalla fine della \u201cguerra cristera\u201d<\/a><\/span><\/p>\n<p><span style=\"color: #0000ff;\"><a style=\"color: #0000ff;\" title=\"PermaLink a \u00abCristeros\u00bb, quell\u2019eccidio dimenticato\" href=\"https:\/\/www.rassegnastampa-totustuus.it\/cattolica\/?p=2159\" target=\"_blank\" rel=\"bookmark noopener noreferrer\">\u00abCristeros\u00bb, quell\u2019eccidio dimenticato<\/a><\/span><\/p>\n<p><span style=\"color: #0000ff;\"><a style=\"color: #0000ff;\" title=\"PermaLink a Parde Pro. Un martire d\u2019oggi (di Karlheinz Riedel)\" href=\"https:\/\/www.rassegnastampa-totustuus.it\/cattolica\/?p=43142\" target=\"_blank\" rel=\"bookmark noopener noreferrer\">Parde Pro. Un martire d\u2019oggi (di Karlheinz Riedel)<\/a><\/span><\/p>\n<p><span style=\"color: #0000ff;\"><a style=\"color: #0000ff;\" title=\"PermaLink a Cristiada. Cos\u00ec un\u2019armata di zotici riusc\u00ec a tenere testa all\u2019esercito del Messico anticattolico. Al grido di \u00abViva Cristo re\u00bb\" href=\"https:\/\/www.rassegnastampa-totustuus.it\/cattolica\/?p=11509\" target=\"_blank\" rel=\"bookmark noopener noreferrer\">Cristiada. Cos\u00ec un\u2019armata di zotici riusc\u00ec a tenere testa all\u2019esercito del Messico anticattolico. Al grido di \u00abViva Cristo re\u00bb<\/a><\/span><\/p>\n<p><span style=\"color: #0000ff;\"><a style=\"color: #0000ff;\" title=\"PermaLink a Cristeros: Messico martire. Storia della persecuzione (di rev. prof. Luigi Ziliani)\" href=\"https:\/\/www.rassegnastampa-totustuus.it\/cattolica\/?p=8419\" rel=\"bookmark\">Cristeros: Messico martire. Storia della persecuzione <\/a><\/span><span style=\"color: #000000;\">(di rev. prof. Luigi Ziliani) libro<\/span><\/p>\n","protected":false},"excerpt":{"rendered":"<p>La Bussola quotidiana 4 febbraio 2012 di Marco Respinti Pochi, purtroppo, ricordano che nel cuore nero del Novecento il Messico martire offr\u00ec una testimonianza di fede e di fedelt\u00e0 al Soglio di Pietro pressoch\u00e9 unica al mondo.<\/p><p><a class=\"more-link btn\" href=\"https:\/\/www.rassegnastampa-totustuus.it\/cattolica\/lepopea-dei-cristeros-nel-messico-martire\/\">Continua a leggere<\/a><\/p>\n","protected":false},"author":6,"featured_media":30780,"comment_status":"open","ping_status":"open","sticky":false,"template":"","format":"standard","meta":{"footnotes":""},"categories":[5,44,24],"tags":[469,264,162],"class_list":["post-4921","post","type-post","status-publish","format-standard","has-post-thumbnail","hentry","category-chiesa","category-cristiani-perseguitati","category-storia","tag-cristeros","tag-persecuzioni","tag-storia-2","item-wrap"],"yoast_head":"<!-- This site is optimized with the Yoast SEO plugin v27.5 - https:\/\/yoast.com\/product\/yoast-seo-wordpress\/ -->\n<title>L&#039;epopea dei &quot;cristeros&quot; nel Messico martire - Rassegna Stampa Cattolica<\/title>\n<meta name=\"description\" content=\"Rassegna Stampa Cattolica - Per una cultura che nasce dalla Rivelazione cristiana in conformit\u00e0 alla tradizione e al Magistero della Chiesa in opposizione ad ogni relativismo e totalitarismo\" \/>\n<meta name=\"robots\" content=\"index, follow, max-snippet:-1, max-image-preview:large, max-video-preview:-1\" \/>\n<link rel=\"canonical\" href=\"https:\/\/www.rassegnastampa-totustuus.it\/cattolica\/lepopea-dei-cristeros-nel-messico-martire\/\" \/>\n<meta property=\"og:locale\" content=\"it_IT\" \/>\n<meta property=\"og:type\" content=\"article\" \/>\n<meta property=\"og:title\" content=\"L&#039;epopea dei &quot;cristeros&quot; nel Messico martire - Rassegna Stampa Cattolica\" \/>\n<meta property=\"og:description\" content=\"Rassegna Stampa Cattolica - Per una cultura che nasce dalla Rivelazione cristiana in conformit\u00e0 alla tradizione e al Magistero della Chiesa in opposizione ad ogni relativismo e totalitarismo\" \/>\n<meta property=\"og:url\" content=\"https:\/\/www.rassegnastampa-totustuus.it\/cattolica\/lepopea-dei-cristeros-nel-messico-martire\/\" \/>\n<meta property=\"og:site_name\" content=\"Rassegna Stampa Cattolica\" \/>\n<meta property=\"article:publisher\" content=\"https:\/\/www.facebook.com\/rassegnastampacattolica\" \/>\n<meta property=\"article:published_time\" content=\"2012-03-01T07:45:04+00:00\" \/>\n<meta property=\"article:modified_time\" content=\"2021-02-05T12:39:20+00:00\" \/>\n<meta property=\"og:image\" content=\"https:\/\/www.rassegnastampa-totustuus.it\/cattolica\/wp-content\/uploads\/2012\/03\/cristeros.jpg\" \/>\n\t<meta property=\"og:image:width\" content=\"240\" \/>\n\t<meta property=\"og:image:height\" content=\"153\" \/>\n\t<meta property=\"og:image:type\" content=\"image\/jpeg\" \/>\n<meta name=\"author\" content=\"Redazione\" \/>\n<meta name=\"twitter:card\" content=\"summary_large_image\" \/>\n<meta name=\"twitter:creator\" content=\"@rassegnastampa9\" \/>\n<meta name=\"twitter:site\" content=\"@rassegnastampa9\" \/>\n<meta name=\"twitter:label1\" content=\"Scritto da\" \/>\n\t<meta name=\"twitter:data1\" content=\"Redazione\" \/>\n\t<meta name=\"twitter:label2\" content=\"Tempo di lettura stimato\" \/>\n\t<meta name=\"twitter:data2\" content=\"8 minuti\" \/>\n<script type=\"application\/ld+json\" class=\"yoast-schema-graph\">{\"@context\":\"https:\\\/\\\/schema.org\",\"@graph\":[{\"@type\":\"Article\",\"@id\":\"https:\\\/\\\/www.rassegnastampa-totustuus.it\\\/cattolica\\\/lepopea-dei-cristeros-nel-messico-martire\\\/#article\",\"isPartOf\":{\"@id\":\"https:\\\/\\\/www.rassegnastampa-totustuus.it\\\/cattolica\\\/lepopea-dei-cristeros-nel-messico-martire\\\/\"},\"author\":{\"name\":\"Redazione\",\"@id\":\"https:\\\/\\\/www.rassegnastampa-totustuus.it\\\/cattolica\\\/#\\\/schema\\\/person\\\/08f319d2bd1a0904ad9e2bfb7b15e5c3\"},\"headline\":\"L&#8217;epopea dei &quot;cristeros&quot; nel Messico martire\",\"datePublished\":\"2012-03-01T07:45:04+00:00\",\"dateModified\":\"2021-02-05T12:39:20+00:00\",\"mainEntityOfPage\":{\"@id\":\"https:\\\/\\\/www.rassegnastampa-totustuus.it\\\/cattolica\\\/lepopea-dei-cristeros-nel-messico-martire\\\/\"},\"wordCount\":1601,\"commentCount\":0,\"publisher\":{\"@id\":\"https:\\\/\\\/www.rassegnastampa-totustuus.it\\\/cattolica\\\/#organization\"},\"image\":{\"@id\":\"https:\\\/\\\/www.rassegnastampa-totustuus.it\\\/cattolica\\\/lepopea-dei-cristeros-nel-messico-martire\\\/#primaryimage\"},\"thumbnailUrl\":\"https:\\\/\\\/www.rassegnastampa-totustuus.it\\\/cattolica\\\/wp-content\\\/uploads\\\/2012\\\/03\\\/cristeros.jpg\",\"keywords\":[\"Cristeros\",\"persecuzioni\",\"storia\"],\"articleSection\":[\"Chiesa\",\"Cristiani perseguitati\",\"Storia\"],\"inLanguage\":\"it-IT\",\"potentialAction\":[{\"@type\":\"CommentAction\",\"name\":\"Comment\",\"target\":[\"https:\\\/\\\/www.rassegnastampa-totustuus.it\\\/cattolica\\\/lepopea-dei-cristeros-nel-messico-martire\\\/#respond\"]}]},{\"@type\":\"WebPage\",\"@id\":\"https:\\\/\\\/www.rassegnastampa-totustuus.it\\\/cattolica\\\/lepopea-dei-cristeros-nel-messico-martire\\\/\",\"url\":\"https:\\\/\\\/www.rassegnastampa-totustuus.it\\\/cattolica\\\/lepopea-dei-cristeros-nel-messico-martire\\\/\",\"name\":\"L'epopea dei &quot;cristeros&quot; nel Messico martire - Rassegna Stampa Cattolica\",\"isPartOf\":{\"@id\":\"https:\\\/\\\/www.rassegnastampa-totustuus.it\\\/cattolica\\\/#website\"},\"primaryImageOfPage\":{\"@id\":\"https:\\\/\\\/www.rassegnastampa-totustuus.it\\\/cattolica\\\/lepopea-dei-cristeros-nel-messico-martire\\\/#primaryimage\"},\"image\":{\"@id\":\"https:\\\/\\\/www.rassegnastampa-totustuus.it\\\/cattolica\\\/lepopea-dei-cristeros-nel-messico-martire\\\/#primaryimage\"},\"thumbnailUrl\":\"https:\\\/\\\/www.rassegnastampa-totustuus.it\\\/cattolica\\\/wp-content\\\/uploads\\\/2012\\\/03\\\/cristeros.jpg\",\"datePublished\":\"2012-03-01T07:45:04+00:00\",\"dateModified\":\"2021-02-05T12:39:20+00:00\",\"description\":\"Rassegna Stampa Cattolica - Per una cultura che nasce dalla Rivelazione cristiana in conformit\u00e0 alla tradizione e al Magistero della Chiesa in opposizione ad ogni relativismo e totalitarismo\",\"breadcrumb\":{\"@id\":\"https:\\\/\\\/www.rassegnastampa-totustuus.it\\\/cattolica\\\/lepopea-dei-cristeros-nel-messico-martire\\\/#breadcrumb\"},\"inLanguage\":\"it-IT\",\"potentialAction\":[{\"@type\":\"ReadAction\",\"target\":[\"https:\\\/\\\/www.rassegnastampa-totustuus.it\\\/cattolica\\\/lepopea-dei-cristeros-nel-messico-martire\\\/\"]}]},{\"@type\":\"ImageObject\",\"inLanguage\":\"it-IT\",\"@id\":\"https:\\\/\\\/www.rassegnastampa-totustuus.it\\\/cattolica\\\/lepopea-dei-cristeros-nel-messico-martire\\\/#primaryimage\",\"url\":\"https:\\\/\\\/www.rassegnastampa-totustuus.it\\\/cattolica\\\/wp-content\\\/uploads\\\/2012\\\/03\\\/cristeros.jpg\",\"contentUrl\":\"https:\\\/\\\/www.rassegnastampa-totustuus.it\\\/cattolica\\\/wp-content\\\/uploads\\\/2012\\\/03\\\/cristeros.jpg\",\"width\":240,\"height\":153},{\"@type\":\"BreadcrumbList\",\"@id\":\"https:\\\/\\\/www.rassegnastampa-totustuus.it\\\/cattolica\\\/lepopea-dei-cristeros-nel-messico-martire\\\/#breadcrumb\",\"itemListElement\":[{\"@type\":\"ListItem\",\"position\":1,\"name\":\"Home\",\"item\":\"https:\\\/\\\/www.rassegnastampa-totustuus.it\\\/cattolica\\\/\"},{\"@type\":\"ListItem\",\"position\":2,\"name\":\"L&#8217;epopea dei &quot;cristeros&quot; nel Messico martire\"}]},{\"@type\":\"WebSite\",\"@id\":\"https:\\\/\\\/www.rassegnastampa-totustuus.it\\\/cattolica\\\/#website\",\"url\":\"https:\\\/\\\/www.rassegnastampa-totustuus.it\\\/cattolica\\\/\",\"name\":\"Rassegna Stampa Cattolica\",\"description\":\"Per una cultura che nasce dalla Rivelazione cristiana in conformit\u00e0 alla tradizione e al Magistero della Chiesa in opposizione ad ogni relativismo e totalitarismo\",\"publisher\":{\"@id\":\"https:\\\/\\\/www.rassegnastampa-totustuus.it\\\/cattolica\\\/#organization\"},\"alternateName\":\"Rass. Cattolica\",\"potentialAction\":[{\"@type\":\"SearchAction\",\"target\":{\"@type\":\"EntryPoint\",\"urlTemplate\":\"https:\\\/\\\/www.rassegnastampa-totustuus.it\\\/cattolica\\\/?s={search_term_string}\"},\"query-input\":{\"@type\":\"PropertyValueSpecification\",\"valueRequired\":true,\"valueName\":\"search_term_string\"}}],\"inLanguage\":\"it-IT\"},{\"@type\":\"Organization\",\"@id\":\"https:\\\/\\\/www.rassegnastampa-totustuus.it\\\/cattolica\\\/#organization\",\"name\":\"Rassegna Stampa Cattolica\",\"url\":\"https:\\\/\\\/www.rassegnastampa-totustuus.it\\\/cattolica\\\/\",\"logo\":{\"@type\":\"ImageObject\",\"inLanguage\":\"it-IT\",\"@id\":\"https:\\\/\\\/www.rassegnastampa-totustuus.it\\\/cattolica\\\/#\\\/schema\\\/logo\\\/image\\\/\",\"url\":\"https:\\\/\\\/www.rassegnastampa-totustuus.it\\\/cattolica\\\/wp-content\\\/uploads\\\/2014\\\/04\\\/logo-rassegna1.gif\",\"contentUrl\":\"https:\\\/\\\/www.rassegnastampa-totustuus.it\\\/cattolica\\\/wp-content\\\/uploads\\\/2014\\\/04\\\/logo-rassegna1.gif\",\"width\":600,\"height\":163,\"caption\":\"Rassegna Stampa Cattolica\"},\"image\":{\"@id\":\"https:\\\/\\\/www.rassegnastampa-totustuus.it\\\/cattolica\\\/#\\\/schema\\\/logo\\\/image\\\/\"},\"sameAs\":[\"https:\\\/\\\/www.facebook.com\\\/rassegnastampacattolica\",\"https:\\\/\\\/x.com\\\/rassegnastampa9\"]},{\"@type\":\"Person\",\"@id\":\"https:\\\/\\\/www.rassegnastampa-totustuus.it\\\/cattolica\\\/#\\\/schema\\\/person\\\/08f319d2bd1a0904ad9e2bfb7b15e5c3\",\"name\":\"Redazione\",\"image\":{\"@type\":\"ImageObject\",\"inLanguage\":\"it-IT\",\"@id\":\"https:\\\/\\\/secure.gravatar.com\\\/avatar\\\/2fcdf27c78ea025fbdb44e914cc63c72249ffec9dc8aafd5c82b26240ef3f346?s=96&d=mm&r=g\",\"url\":\"https:\\\/\\\/secure.gravatar.com\\\/avatar\\\/2fcdf27c78ea025fbdb44e914cc63c72249ffec9dc8aafd5c82b26240ef3f346?s=96&d=mm&r=g\",\"contentUrl\":\"https:\\\/\\\/secure.gravatar.com\\\/avatar\\\/2fcdf27c78ea025fbdb44e914cc63c72249ffec9dc8aafd5c82b26240ef3f346?s=96&d=mm&r=g\",\"caption\":\"Redazione\"},\"url\":\"https:\\\/\\\/www.rassegnastampa-totustuus.it\\\/cattolica\\\/author\\\/pietroelle\\\/\"}]}<\/script>\n<!-- \/ Yoast SEO plugin. -->","yoast_head_json":{"title":"L'epopea dei &quot;cristeros&quot; nel Messico martire - Rassegna Stampa Cattolica","description":"Rassegna Stampa Cattolica - Per una cultura che nasce dalla Rivelazione cristiana in conformit\u00e0 alla tradizione e al Magistero della Chiesa in opposizione ad ogni relativismo e totalitarismo","robots":{"index":"index","follow":"follow","max-snippet":"max-snippet:-1","max-image-preview":"max-image-preview:large","max-video-preview":"max-video-preview:-1"},"canonical":"https:\/\/www.rassegnastampa-totustuus.it\/cattolica\/lepopea-dei-cristeros-nel-messico-martire\/","og_locale":"it_IT","og_type":"article","og_title":"L'epopea dei &quot;cristeros&quot; nel Messico martire - Rassegna Stampa Cattolica","og_description":"Rassegna Stampa Cattolica - Per una cultura che nasce dalla Rivelazione cristiana in conformit\u00e0 alla tradizione e al Magistero della Chiesa in opposizione ad ogni relativismo e totalitarismo","og_url":"https:\/\/www.rassegnastampa-totustuus.it\/cattolica\/lepopea-dei-cristeros-nel-messico-martire\/","og_site_name":"Rassegna Stampa Cattolica","article_publisher":"https:\/\/www.facebook.com\/rassegnastampacattolica","article_published_time":"2012-03-01T07:45:04+00:00","article_modified_time":"2021-02-05T12:39:20+00:00","og_image":[{"width":240,"height":153,"url":"https:\/\/www.rassegnastampa-totustuus.it\/cattolica\/wp-content\/uploads\/2012\/03\/cristeros.jpg","type":"image\/jpeg"}],"author":"Redazione","twitter_card":"summary_large_image","twitter_creator":"@rassegnastampa9","twitter_site":"@rassegnastampa9","twitter_misc":{"Scritto da":"Redazione","Tempo di lettura stimato":"8 minuti"},"schema":{"@context":"https:\/\/schema.org","@graph":[{"@type":"Article","@id":"https:\/\/www.rassegnastampa-totustuus.it\/cattolica\/lepopea-dei-cristeros-nel-messico-martire\/#article","isPartOf":{"@id":"https:\/\/www.rassegnastampa-totustuus.it\/cattolica\/lepopea-dei-cristeros-nel-messico-martire\/"},"author":{"name":"Redazione","@id":"https:\/\/www.rassegnastampa-totustuus.it\/cattolica\/#\/schema\/person\/08f319d2bd1a0904ad9e2bfb7b15e5c3"},"headline":"L&#8217;epopea dei &quot;cristeros&quot; nel Messico martire","datePublished":"2012-03-01T07:45:04+00:00","dateModified":"2021-02-05T12:39:20+00:00","mainEntityOfPage":{"@id":"https:\/\/www.rassegnastampa-totustuus.it\/cattolica\/lepopea-dei-cristeros-nel-messico-martire\/"},"wordCount":1601,"commentCount":0,"publisher":{"@id":"https:\/\/www.rassegnastampa-totustuus.it\/cattolica\/#organization"},"image":{"@id":"https:\/\/www.rassegnastampa-totustuus.it\/cattolica\/lepopea-dei-cristeros-nel-messico-martire\/#primaryimage"},"thumbnailUrl":"https:\/\/www.rassegnastampa-totustuus.it\/cattolica\/wp-content\/uploads\/2012\/03\/cristeros.jpg","keywords":["Cristeros","persecuzioni","storia"],"articleSection":["Chiesa","Cristiani perseguitati","Storia"],"inLanguage":"it-IT","potentialAction":[{"@type":"CommentAction","name":"Comment","target":["https:\/\/www.rassegnastampa-totustuus.it\/cattolica\/lepopea-dei-cristeros-nel-messico-martire\/#respond"]}]},{"@type":"WebPage","@id":"https:\/\/www.rassegnastampa-totustuus.it\/cattolica\/lepopea-dei-cristeros-nel-messico-martire\/","url":"https:\/\/www.rassegnastampa-totustuus.it\/cattolica\/lepopea-dei-cristeros-nel-messico-martire\/","name":"L'epopea dei &quot;cristeros&quot; nel Messico martire - Rassegna Stampa Cattolica","isPartOf":{"@id":"https:\/\/www.rassegnastampa-totustuus.it\/cattolica\/#website"},"primaryImageOfPage":{"@id":"https:\/\/www.rassegnastampa-totustuus.it\/cattolica\/lepopea-dei-cristeros-nel-messico-martire\/#primaryimage"},"image":{"@id":"https:\/\/www.rassegnastampa-totustuus.it\/cattolica\/lepopea-dei-cristeros-nel-messico-martire\/#primaryimage"},"thumbnailUrl":"https:\/\/www.rassegnastampa-totustuus.it\/cattolica\/wp-content\/uploads\/2012\/03\/cristeros.jpg","datePublished":"2012-03-01T07:45:04+00:00","dateModified":"2021-02-05T12:39:20+00:00","description":"Rassegna Stampa Cattolica - Per una cultura che nasce dalla Rivelazione cristiana in conformit\u00e0 alla tradizione e al Magistero della Chiesa in opposizione ad ogni relativismo e totalitarismo","breadcrumb":{"@id":"https:\/\/www.rassegnastampa-totustuus.it\/cattolica\/lepopea-dei-cristeros-nel-messico-martire\/#breadcrumb"},"inLanguage":"it-IT","potentialAction":[{"@type":"ReadAction","target":["https:\/\/www.rassegnastampa-totustuus.it\/cattolica\/lepopea-dei-cristeros-nel-messico-martire\/"]}]},{"@type":"ImageObject","inLanguage":"it-IT","@id":"https:\/\/www.rassegnastampa-totustuus.it\/cattolica\/lepopea-dei-cristeros-nel-messico-martire\/#primaryimage","url":"https:\/\/www.rassegnastampa-totustuus.it\/cattolica\/wp-content\/uploads\/2012\/03\/cristeros.jpg","contentUrl":"https:\/\/www.rassegnastampa-totustuus.it\/cattolica\/wp-content\/uploads\/2012\/03\/cristeros.jpg","width":240,"height":153},{"@type":"BreadcrumbList","@id":"https:\/\/www.rassegnastampa-totustuus.it\/cattolica\/lepopea-dei-cristeros-nel-messico-martire\/#breadcrumb","itemListElement":[{"@type":"ListItem","position":1,"name":"Home","item":"https:\/\/www.rassegnastampa-totustuus.it\/cattolica\/"},{"@type":"ListItem","position":2,"name":"L&#8217;epopea dei &quot;cristeros&quot; nel Messico martire"}]},{"@type":"WebSite","@id":"https:\/\/www.rassegnastampa-totustuus.it\/cattolica\/#website","url":"https:\/\/www.rassegnastampa-totustuus.it\/cattolica\/","name":"Rassegna Stampa Cattolica","description":"Per una cultura che nasce dalla Rivelazione cristiana in conformit\u00e0 alla tradizione e al Magistero della Chiesa in opposizione ad ogni relativismo e totalitarismo","publisher":{"@id":"https:\/\/www.rassegnastampa-totustuus.it\/cattolica\/#organization"},"alternateName":"Rass. Cattolica","potentialAction":[{"@type":"SearchAction","target":{"@type":"EntryPoint","urlTemplate":"https:\/\/www.rassegnastampa-totustuus.it\/cattolica\/?s={search_term_string}"},"query-input":{"@type":"PropertyValueSpecification","valueRequired":true,"valueName":"search_term_string"}}],"inLanguage":"it-IT"},{"@type":"Organization","@id":"https:\/\/www.rassegnastampa-totustuus.it\/cattolica\/#organization","name":"Rassegna Stampa Cattolica","url":"https:\/\/www.rassegnastampa-totustuus.it\/cattolica\/","logo":{"@type":"ImageObject","inLanguage":"it-IT","@id":"https:\/\/www.rassegnastampa-totustuus.it\/cattolica\/#\/schema\/logo\/image\/","url":"https:\/\/www.rassegnastampa-totustuus.it\/cattolica\/wp-content\/uploads\/2014\/04\/logo-rassegna1.gif","contentUrl":"https:\/\/www.rassegnastampa-totustuus.it\/cattolica\/wp-content\/uploads\/2014\/04\/logo-rassegna1.gif","width":600,"height":163,"caption":"Rassegna Stampa Cattolica"},"image":{"@id":"https:\/\/www.rassegnastampa-totustuus.it\/cattolica\/#\/schema\/logo\/image\/"},"sameAs":["https:\/\/www.facebook.com\/rassegnastampacattolica","https:\/\/x.com\/rassegnastampa9"]},{"@type":"Person","@id":"https:\/\/www.rassegnastampa-totustuus.it\/cattolica\/#\/schema\/person\/08f319d2bd1a0904ad9e2bfb7b15e5c3","name":"Redazione","image":{"@type":"ImageObject","inLanguage":"it-IT","@id":"https:\/\/secure.gravatar.com\/avatar\/2fcdf27c78ea025fbdb44e914cc63c72249ffec9dc8aafd5c82b26240ef3f346?s=96&d=mm&r=g","url":"https:\/\/secure.gravatar.com\/avatar\/2fcdf27c78ea025fbdb44e914cc63c72249ffec9dc8aafd5c82b26240ef3f346?s=96&d=mm&r=g","contentUrl":"https:\/\/secure.gravatar.com\/avatar\/2fcdf27c78ea025fbdb44e914cc63c72249ffec9dc8aafd5c82b26240ef3f346?s=96&d=mm&r=g","caption":"Redazione"},"url":"https:\/\/www.rassegnastampa-totustuus.it\/cattolica\/author\/pietroelle\/"}]}},"_links":{"self":[{"href":"https:\/\/www.rassegnastampa-totustuus.it\/cattolica\/wp-json\/wp\/v2\/posts\/4921","targetHints":{"allow":["GET"]}}],"collection":[{"href":"https:\/\/www.rassegnastampa-totustuus.it\/cattolica\/wp-json\/wp\/v2\/posts"}],"about":[{"href":"https:\/\/www.rassegnastampa-totustuus.it\/cattolica\/wp-json\/wp\/v2\/types\/post"}],"author":[{"embeddable":true,"href":"https:\/\/www.rassegnastampa-totustuus.it\/cattolica\/wp-json\/wp\/v2\/users\/6"}],"replies":[{"embeddable":true,"href":"https:\/\/www.rassegnastampa-totustuus.it\/cattolica\/wp-json\/wp\/v2\/comments?post=4921"}],"version-history":[{"count":5,"href":"https:\/\/www.rassegnastampa-totustuus.it\/cattolica\/wp-json\/wp\/v2\/posts\/4921\/revisions"}],"predecessor-version":[{"id":50040,"href":"https:\/\/www.rassegnastampa-totustuus.it\/cattolica\/wp-json\/wp\/v2\/posts\/4921\/revisions\/50040"}],"wp:featuredmedia":[{"embeddable":true,"href":"https:\/\/www.rassegnastampa-totustuus.it\/cattolica\/wp-json\/wp\/v2\/media\/30780"}],"wp:attachment":[{"href":"https:\/\/www.rassegnastampa-totustuus.it\/cattolica\/wp-json\/wp\/v2\/media?parent=4921"}],"wp:term":[{"taxonomy":"category","embeddable":true,"href":"https:\/\/www.rassegnastampa-totustuus.it\/cattolica\/wp-json\/wp\/v2\/categories?post=4921"},{"taxonomy":"post_tag","embeddable":true,"href":"https:\/\/www.rassegnastampa-totustuus.it\/cattolica\/wp-json\/wp\/v2\/tags?post=4921"}],"curies":[{"name":"wp","href":"https:\/\/api.w.org\/{rel}","templated":true}]}}