{"id":4920,"date":"2012-03-01T08:36:08","date_gmt":"2012-03-01T07:36:08","guid":{"rendered":""},"modified":"2015-04-22T11:35:07","modified_gmt":"2015-04-22T09:35:07","slug":"cultura","status":"publish","type":"post","link":"https:\/\/www.rassegnastampa-totustuus.it\/cattolica\/cultura\/","title":{"rendered":"Cultura"},"content":{"rendered":"<div style=\"text-align: center;\"><strong><a href=\"https:\/\/www.rassegnastampa-totustuus.it\/cattolica\/wp-content\/uploads\/2012\/03\/Feltrinelli_libreria.jpg\"><img loading=\"lazy\" decoding=\"async\" class=\"alignright wp-image-23569\" src=\"https:\/\/www.rassegnastampa-totustuus.it\/cattolica\/wp-content\/uploads\/2012\/03\/Feltrinelli_libreria.jpg\" alt=\"Feltrinelli_libreria\" width=\"250\" height=\"181\" \/><\/a>il Timone<\/strong> n.69, gennaio 2008<\/div>\n<p style=\"text-align: center;\">di <strong>Rino Cammilleri<\/strong><\/p>\n<p style=\"text-align: justify;\">L\u2019architetto perugino Luigi Fressoia, comunista in giovent\u00f9, entrato nell&#8217;et\u00e0 della ragione \u00e8 divenuto liberal-conservatore ed ha ricoperto incarichi in Forza Italia. Lodevolmente fa la cassandra in un notiziario di riflessioni che spedisce via internet a chi le voglia leggere. Il vostro Kattolico \u00e8 tra i suoi destinatari e oggi rilancia qui alcune acute sue considerazioni sul primato gramsciano della cultura in politica.<\/p>\n<p><!--more--><\/p>\n<div style=\"text-align: justify;\">Manca nel centrodestra (ma anche nella Chiesa, ed \u00e8 per questo che ce ne occupiamo qui) un piano sistematico di riappropriazione della cultura; meglio, di liberazione da un&#8217;egemonia mediatica che occupa tutto, anche i rotocalchi, anche le riviste di divulgazione scientifica (Fressoia fa l&#8217;esempio di un numero della rivista \u00abFocus\u00bb dedicato alla tortura che spazia dall&#8217;Inquisizione al nazismo passando per la prigione americana di Abu Graib, ma tace sull&#8217;islam e sul comunismo sovietico). Senza tale egemonia sui media, nota, ben diversi sarebbero gli equilibri politici in Italia (e non solo).<\/div>\n<p style=\"text-align: justify;\">Ecco un elenco dei luoghi comuni diventati ormai mentalit\u00e0 corrente anche di molti cattolici e di non pochi conservatori, luoghi comuni che si sono impossessati dei cervelli grazie alla strategia gramsciana di conquista della cultura e, soprattutto, del significato delle parole:<\/p>\n<p style=\"text-align: justify;\">1) le sinistre sono per il popolo e le destre per i padroni (in verit\u00e0 le sinistre, di cui fanno parte i cattolici &#8220;adulti&#8221;, sono solo stataliste);<br \/>\n2) ci\u00f2 che \u00e8 di interesse pubblico deve essere per sua natura statale;<br \/>\n3) il &#8220;progresso&#8221; sta a sinistra;<br \/>\n4) la sinistra \u00e8 , contro il Potere (invece, \u00e8 la sinistra ad avere creato i poteri pi\u00f9 assoluti della storia);<br \/>\n5) in Italia lo scopo del terrorismo brigatista negli &#8220;anni di piombo&#8221; era di fermare l&#8217;ascesa del Pci;<br \/>\n6) le sinistre sono l&#8217;antidoto naturale alla mafia;<br \/>\n7) se il nazismo era il male, il comunismo era a fin di bene (invece, erano cugini);<br \/>\n8) la lotta per la libert\u00e0 \u00e8 antifascista ma non anticomunista;<br \/>\n9) la Resistenza l&#8217;hanno fatta i comunisti;<br \/>\n10) il comunismo \u00e8 di sua natura pacifista;<br \/>\n11) senza Usa e Israele ci sarebbe la pace nel mondo;<br \/>\n12) il terrorismo islamico \u00e8 causato dalle ingiustizie presenti nel mondo;<br \/>\n13) esso \u00e8 solo contro gli Usa ma non contro l&#8217;Europa;<br \/>\n14) il capitalismo \u00e8 una mostruosit\u00e0 (e non la normale propensione di tutti gli uomini a risparmiare, investire ed espandersi);<br \/>\n15) il profitto \u00e8 intrinsecamente perverso;<br \/>\n16) la povert\u00e0 \u00e8 causata dalla ricchezza;<br \/>\n17) l&#8217;Occidente \u00e8 colpevole della povert\u00e0 nel mondo;<br \/>\n18) le risorse per la solidariet\u00e0 sociale sono una variabile indipendente dall&#8217;economia;<br \/>\n19) la causa dei problemi ambientali \u00e8 lo sviluppo;<br \/>\n20) l&#8217;uomo \u00e8 il cancro del pianeta;<br \/>\n21) la meritocrazia \u00e8 classismo (invece, \u00e8 l&#8217;unica chance per i poveri e i privi di raccomandazione);<br \/>\n22) la delinquenza \u00e8 colpa della societ\u00e0;<br \/>\n23) i criminali devono essere recuperati, non puniti;<br \/>\n24) la scienza esclude la fede (invece, la religione comincia l\u00e0 dove la scienza non arriva);<br \/>\n25) la laicit\u00e0 esclude la religione (come se laicit\u00e0 fosse sinonimo di ateismo);<br \/>\n26) la famiglia tradizionale \u00e8 un concetto religioso, non di ordine naturale;<br \/>\n27) la famiglia \u00e8 per sua natura oppressiva;<br \/>\n28) animali e piante hanno la stessa dignit\u00e0 dell&#8217;uomo.<\/p>\n<p style=\"text-align: justify;\">Questo necessariamente sommario elenco (cui ho personalmente aggiunto qualcosina) discende dal plagio scolastico ed \u00e8 ormai presente nei media a prescindere dall&#8217;orientamento ideologico. La scuola \u00abpubblica\u00bb (cio\u00e8, di Stato), infatti, \u00e8 frutto dell&#8217;appropriazione giacobina durante la Rivoluzione francese, poi esportata da Napoleone.<\/p>\n<p style=\"text-align: justify;\">I liberalmassoni ottocenteschi ne fecero il loro fiore all&#8217;occhiello, facendoselo poi scippare dai fascisti. Ma sempre scuola di regime era. \u00c8 stata infine, con l&#8217;universit\u00e0, l&#8217;oggetto principale della strategia gramsciana, e quegli ex sessantottini che non riuscirono a entrare nel giornalismo andarono a fare gli insegnanti.<\/p>\n<p style=\"text-align: justify;\">Oggi l&#8217;attuale ministro della Pubblica Istruzione ordina che i programmi di storia della terza media si concentrino sul Novecento: conoscendo l&#8217;orientamento ideologico della gran parte degli insegnanti, ci sar\u00e0 da ridere. Ma non divaghiamo. Dice Fressoia, e concordiamo: \u00abQuesto quadro cultural-psicologico \u00e8 il brodo di coltura di ogni Tg o grande quotidiano nazionale, dell&#8217;intrattenimento, dell&#8217;approfondimento e di moltissime omelie\u00bb.<\/p>\n<p style=\"text-align: justify;\">Esso \u00abconferisce alla sinistra una forza enorme senza sforzo alcuno, <em>sic et simpliciter,<\/em> facendone il vero partito televisivo e di plastica\u00bb. Per giunta, \u00e8 proteiforme e capace di adattarsi a chiunque: passa disinvoltamente dal pacifismo alle mitologie rivoluzionarie, dal socialismo reale al progressismo liberaI, dal cattolicesimo fascinato dal marxismo al neo-post-comunismo, al noglobal, al terzomondismo, al libertarismo, perfino dal materialismo al moralismo. E ci\u00f2 perch\u00e9 la strategia gramsciana ha vinto, come anticipato, la battaglia delle parole.<\/p>\n<p style=\"text-align: justify;\">Termini come profitto, ricchezza, Occidente, persona, impresa, educazione, libert\u00e0, ecologia, responsabilit\u00e0, risorse, famiglia, immigrazione, tasse, Stato sono ormai parole totemiche che hanno perso il loro vero significato e sono diventate cavalli di Troia per scardinare il buonsenso. Di esse si serve ogni giorno quella che Fressoia chiama \u00abl&#8217;egemonia filo-postmarxista\u00bb e che impera ormai in tutti gli ambiti: cultura, istruzione, enti pubblici, giustizia, media, case editrici, ecologia, economia, volontariato, chiese, sanit\u00e0, urbanistica.<\/p>\n<p style=\"text-align: justify;\">Dubitiamo che l&#8217;architetto perugino venga ascoltato da quelli a cui principalmente cerca di rivolgersi, perch\u00e9 ogni loro realt\u00e0, anche minima, anche insignificante, tende a farsi il suo organetto di stampa, il suo bollettino, la sua rivistuzza, l&#8217;ennesima, senza che ci sia un progetto complessivo, coordinato e strategico. Se abbiamo qui riportato il lamento dell&#8217;architetto \u00e8 perch\u00e9 esso si adatta perfettamente anche all&#8217;universo cattolico, che di complessivo e strategico ha ormai solo i discorsi del Papa.<\/p>\n<p style=\"text-align: justify;\">L&#8217;incidenza culturale di gran parte delle valanghe di carta e delle parole prodotte da congressi, convegni, piani pastorali, tavole rotonde dialogiche, periodici, agenzie, radio, tivu e internet \u00e8 gravemente insufficiente.<\/p>\n<p style=\"text-align: justify;\">Ed \u00e8 gi\u00e0 tanto quando non vi compaiono i luoghi comuni che abbiamo elencato.<\/p>\n","protected":false},"excerpt":{"rendered":"<p>il Timone n.69, gennaio 2008 di Rino Cammilleri L\u2019architetto perugino Luigi Fressoia, comunista in giovent\u00f9, entrato nell&#8217;et\u00e0 della ragione \u00e8 divenuto liberal-conservatore ed ha ricoperto incarichi in Forza Italia. Lodevolmente fa la cassandra in un notiziario di riflessioni che spedisce via internet a chi le voglia leggere. Il vostro Kattolico \u00e8 tra i suoi destinatari &hellip; <\/p>\n<p><a class=\"more-link btn\" href=\"https:\/\/www.rassegnastampa-totustuus.it\/cattolica\/cultura\/\">Continua a leggere<\/a><\/p>\n","protected":false},"author":6,"featured_media":0,"comment_status":"closed","ping_status":"open","sticky":false,"template":"","format":"standard","meta":{"footnotes":""},"categories":[82],"tags":[563],"class_list":["post-4920","post","type-post","status-publish","format-standard","hentry","category-comunismo-in-italia","tag-cultura","item-wrap"],"yoast_head":"<!-- This site is optimized with the Yoast SEO plugin v27.5 - https:\/\/yoast.com\/product\/yoast-seo-wordpress\/ -->\n<title>Cultura - Rassegna Stampa Cattolica<\/title>\n<meta name=\"description\" content=\"Rassegna Stampa Cattolica - Per una cultura che nasce dalla Rivelazione cristiana in conformit\u00e0 alla tradizione e al Magistero della Chiesa in opposizione ad ogni relativismo e totalitarismo\" \/>\n<meta name=\"robots\" content=\"index, follow, max-snippet:-1, max-image-preview:large, max-video-preview:-1\" \/>\n<link rel=\"canonical\" href=\"https:\/\/www.rassegnastampa-totustuus.it\/cattolica\/cultura\/\" \/>\n<meta property=\"og:locale\" content=\"it_IT\" \/>\n<meta property=\"og:type\" content=\"article\" \/>\n<meta property=\"og:title\" content=\"Cultura - Rassegna Stampa Cattolica\" \/>\n<meta property=\"og:description\" content=\"Rassegna Stampa Cattolica - Per una cultura che nasce dalla Rivelazione cristiana in conformit\u00e0 alla tradizione e al Magistero della Chiesa in opposizione ad ogni relativismo e totalitarismo\" \/>\n<meta property=\"og:url\" content=\"https:\/\/www.rassegnastampa-totustuus.it\/cattolica\/cultura\/\" \/>\n<meta property=\"og:site_name\" content=\"Rassegna Stampa Cattolica\" \/>\n<meta property=\"article:publisher\" content=\"https:\/\/www.facebook.com\/rassegnastampacattolica\" \/>\n<meta property=\"article:published_time\" content=\"2012-03-01T07:36:08+00:00\" \/>\n<meta property=\"article:modified_time\" content=\"2015-04-22T09:35:07+00:00\" \/>\n<meta property=\"og:image\" content=\"http:\/\/www.rassegnastampa-totustuus.it\/cattolica\/wp-content\/uploads\/2012\/03\/Feltrinelli_libreria.jpg\" \/>\n<meta name=\"author\" content=\"Redazione\" \/>\n<meta name=\"twitter:card\" content=\"summary_large_image\" \/>\n<meta name=\"twitter:creator\" content=\"@rassegnastampa9\" \/>\n<meta name=\"twitter:site\" content=\"@rassegnastampa9\" \/>\n<meta name=\"twitter:label1\" content=\"Scritto da\" \/>\n\t<meta name=\"twitter:data1\" content=\"Redazione\" \/>\n\t<meta name=\"twitter:label2\" content=\"Tempo di lettura stimato\" \/>\n\t<meta name=\"twitter:data2\" content=\"4 minuti\" \/>\n<script type=\"application\/ld+json\" class=\"yoast-schema-graph\">{\"@context\":\"https:\\\/\\\/schema.org\",\"@graph\":[{\"@type\":\"Article\",\"@id\":\"https:\\\/\\\/www.rassegnastampa-totustuus.it\\\/cattolica\\\/cultura\\\/#article\",\"isPartOf\":{\"@id\":\"https:\\\/\\\/www.rassegnastampa-totustuus.it\\\/cattolica\\\/cultura\\\/\"},\"author\":{\"name\":\"Redazione\",\"@id\":\"https:\\\/\\\/www.rassegnastampa-totustuus.it\\\/cattolica\\\/#\\\/schema\\\/person\\\/08f319d2bd1a0904ad9e2bfb7b15e5c3\"},\"headline\":\"Cultura\",\"datePublished\":\"2012-03-01T07:36:08+00:00\",\"dateModified\":\"2015-04-22T09:35:07+00:00\",\"mainEntityOfPage\":{\"@id\":\"https:\\\/\\\/www.rassegnastampa-totustuus.it\\\/cattolica\\\/cultura\\\/\"},\"wordCount\":914,\"publisher\":{\"@id\":\"https:\\\/\\\/www.rassegnastampa-totustuus.it\\\/cattolica\\\/#organization\"},\"image\":{\"@id\":\"https:\\\/\\\/www.rassegnastampa-totustuus.it\\\/cattolica\\\/cultura\\\/#primaryimage\"},\"thumbnailUrl\":\"http:\\\/\\\/www.rassegnastampa-totustuus.it\\\/cattolica\\\/wp-content\\\/uploads\\\/2012\\\/03\\\/Feltrinelli_libreria.jpg\",\"keywords\":[\"cultura\"],\"articleSection\":[\"Comunismo in Italia\"],\"inLanguage\":\"it-IT\"},{\"@type\":\"WebPage\",\"@id\":\"https:\\\/\\\/www.rassegnastampa-totustuus.it\\\/cattolica\\\/cultura\\\/\",\"url\":\"https:\\\/\\\/www.rassegnastampa-totustuus.it\\\/cattolica\\\/cultura\\\/\",\"name\":\"Cultura - Rassegna Stampa Cattolica\",\"isPartOf\":{\"@id\":\"https:\\\/\\\/www.rassegnastampa-totustuus.it\\\/cattolica\\\/#website\"},\"primaryImageOfPage\":{\"@id\":\"https:\\\/\\\/www.rassegnastampa-totustuus.it\\\/cattolica\\\/cultura\\\/#primaryimage\"},\"image\":{\"@id\":\"https:\\\/\\\/www.rassegnastampa-totustuus.it\\\/cattolica\\\/cultura\\\/#primaryimage\"},\"thumbnailUrl\":\"http:\\\/\\\/www.rassegnastampa-totustuus.it\\\/cattolica\\\/wp-content\\\/uploads\\\/2012\\\/03\\\/Feltrinelli_libreria.jpg\",\"datePublished\":\"2012-03-01T07:36:08+00:00\",\"dateModified\":\"2015-04-22T09:35:07+00:00\",\"description\":\"Rassegna Stampa Cattolica - Per una cultura che nasce dalla Rivelazione cristiana in conformit\u00e0 alla tradizione e al Magistero della Chiesa in opposizione ad ogni relativismo e totalitarismo\",\"breadcrumb\":{\"@id\":\"https:\\\/\\\/www.rassegnastampa-totustuus.it\\\/cattolica\\\/cultura\\\/#breadcrumb\"},\"inLanguage\":\"it-IT\",\"potentialAction\":[{\"@type\":\"ReadAction\",\"target\":[\"https:\\\/\\\/www.rassegnastampa-totustuus.it\\\/cattolica\\\/cultura\\\/\"]}]},{\"@type\":\"ImageObject\",\"inLanguage\":\"it-IT\",\"@id\":\"https:\\\/\\\/www.rassegnastampa-totustuus.it\\\/cattolica\\\/cultura\\\/#primaryimage\",\"url\":\"http:\\\/\\\/www.rassegnastampa-totustuus.it\\\/cattolica\\\/wp-content\\\/uploads\\\/2012\\\/03\\\/Feltrinelli_libreria.jpg\",\"contentUrl\":\"http:\\\/\\\/www.rassegnastampa-totustuus.it\\\/cattolica\\\/wp-content\\\/uploads\\\/2012\\\/03\\\/Feltrinelli_libreria.jpg\"},{\"@type\":\"BreadcrumbList\",\"@id\":\"https:\\\/\\\/www.rassegnastampa-totustuus.it\\\/cattolica\\\/cultura\\\/#breadcrumb\",\"itemListElement\":[{\"@type\":\"ListItem\",\"position\":1,\"name\":\"Home\",\"item\":\"https:\\\/\\\/www.rassegnastampa-totustuus.it\\\/cattolica\\\/\"},{\"@type\":\"ListItem\",\"position\":2,\"name\":\"Cultura\"}]},{\"@type\":\"WebSite\",\"@id\":\"https:\\\/\\\/www.rassegnastampa-totustuus.it\\\/cattolica\\\/#website\",\"url\":\"https:\\\/\\\/www.rassegnastampa-totustuus.it\\\/cattolica\\\/\",\"name\":\"Rassegna Stampa Cattolica\",\"description\":\"Per una cultura che nasce dalla Rivelazione cristiana in conformit\u00e0 alla tradizione e al Magistero della Chiesa in opposizione ad ogni relativismo e totalitarismo\",\"publisher\":{\"@id\":\"https:\\\/\\\/www.rassegnastampa-totustuus.it\\\/cattolica\\\/#organization\"},\"alternateName\":\"Rass. Cattolica\",\"potentialAction\":[{\"@type\":\"SearchAction\",\"target\":{\"@type\":\"EntryPoint\",\"urlTemplate\":\"https:\\\/\\\/www.rassegnastampa-totustuus.it\\\/cattolica\\\/?s={search_term_string}\"},\"query-input\":{\"@type\":\"PropertyValueSpecification\",\"valueRequired\":true,\"valueName\":\"search_term_string\"}}],\"inLanguage\":\"it-IT\"},{\"@type\":\"Organization\",\"@id\":\"https:\\\/\\\/www.rassegnastampa-totustuus.it\\\/cattolica\\\/#organization\",\"name\":\"Rassegna Stampa Cattolica\",\"url\":\"https:\\\/\\\/www.rassegnastampa-totustuus.it\\\/cattolica\\\/\",\"logo\":{\"@type\":\"ImageObject\",\"inLanguage\":\"it-IT\",\"@id\":\"https:\\\/\\\/www.rassegnastampa-totustuus.it\\\/cattolica\\\/#\\\/schema\\\/logo\\\/image\\\/\",\"url\":\"https:\\\/\\\/www.rassegnastampa-totustuus.it\\\/cattolica\\\/wp-content\\\/uploads\\\/2014\\\/04\\\/logo-rassegna1.gif\",\"contentUrl\":\"https:\\\/\\\/www.rassegnastampa-totustuus.it\\\/cattolica\\\/wp-content\\\/uploads\\\/2014\\\/04\\\/logo-rassegna1.gif\",\"width\":600,\"height\":163,\"caption\":\"Rassegna Stampa Cattolica\"},\"image\":{\"@id\":\"https:\\\/\\\/www.rassegnastampa-totustuus.it\\\/cattolica\\\/#\\\/schema\\\/logo\\\/image\\\/\"},\"sameAs\":[\"https:\\\/\\\/www.facebook.com\\\/rassegnastampacattolica\",\"https:\\\/\\\/x.com\\\/rassegnastampa9\"]},{\"@type\":\"Person\",\"@id\":\"https:\\\/\\\/www.rassegnastampa-totustuus.it\\\/cattolica\\\/#\\\/schema\\\/person\\\/08f319d2bd1a0904ad9e2bfb7b15e5c3\",\"name\":\"Redazione\",\"image\":{\"@type\":\"ImageObject\",\"inLanguage\":\"it-IT\",\"@id\":\"https:\\\/\\\/secure.gravatar.com\\\/avatar\\\/2fcdf27c78ea025fbdb44e914cc63c72249ffec9dc8aafd5c82b26240ef3f346?s=96&d=mm&r=g\",\"url\":\"https:\\\/\\\/secure.gravatar.com\\\/avatar\\\/2fcdf27c78ea025fbdb44e914cc63c72249ffec9dc8aafd5c82b26240ef3f346?s=96&d=mm&r=g\",\"contentUrl\":\"https:\\\/\\\/secure.gravatar.com\\\/avatar\\\/2fcdf27c78ea025fbdb44e914cc63c72249ffec9dc8aafd5c82b26240ef3f346?s=96&d=mm&r=g\",\"caption\":\"Redazione\"},\"url\":\"https:\\\/\\\/www.rassegnastampa-totustuus.it\\\/cattolica\\\/author\\\/pietroelle\\\/\"}]}<\/script>\n<!-- \/ Yoast SEO plugin. -->","yoast_head_json":{"title":"Cultura - Rassegna Stampa Cattolica","description":"Rassegna Stampa Cattolica - Per una cultura che nasce dalla Rivelazione cristiana in conformit\u00e0 alla tradizione e al Magistero della Chiesa in opposizione ad ogni relativismo e totalitarismo","robots":{"index":"index","follow":"follow","max-snippet":"max-snippet:-1","max-image-preview":"max-image-preview:large","max-video-preview":"max-video-preview:-1"},"canonical":"https:\/\/www.rassegnastampa-totustuus.it\/cattolica\/cultura\/","og_locale":"it_IT","og_type":"article","og_title":"Cultura - Rassegna Stampa Cattolica","og_description":"Rassegna Stampa Cattolica - Per una cultura che nasce dalla Rivelazione cristiana in conformit\u00e0 alla tradizione e al Magistero della Chiesa in opposizione ad ogni relativismo e totalitarismo","og_url":"https:\/\/www.rassegnastampa-totustuus.it\/cattolica\/cultura\/","og_site_name":"Rassegna Stampa Cattolica","article_publisher":"https:\/\/www.facebook.com\/rassegnastampacattolica","article_published_time":"2012-03-01T07:36:08+00:00","article_modified_time":"2015-04-22T09:35:07+00:00","og_image":[{"url":"http:\/\/www.rassegnastampa-totustuus.it\/cattolica\/wp-content\/uploads\/2012\/03\/Feltrinelli_libreria.jpg","type":"","width":"","height":""}],"author":"Redazione","twitter_card":"summary_large_image","twitter_creator":"@rassegnastampa9","twitter_site":"@rassegnastampa9","twitter_misc":{"Scritto da":"Redazione","Tempo di lettura stimato":"4 minuti"},"schema":{"@context":"https:\/\/schema.org","@graph":[{"@type":"Article","@id":"https:\/\/www.rassegnastampa-totustuus.it\/cattolica\/cultura\/#article","isPartOf":{"@id":"https:\/\/www.rassegnastampa-totustuus.it\/cattolica\/cultura\/"},"author":{"name":"Redazione","@id":"https:\/\/www.rassegnastampa-totustuus.it\/cattolica\/#\/schema\/person\/08f319d2bd1a0904ad9e2bfb7b15e5c3"},"headline":"Cultura","datePublished":"2012-03-01T07:36:08+00:00","dateModified":"2015-04-22T09:35:07+00:00","mainEntityOfPage":{"@id":"https:\/\/www.rassegnastampa-totustuus.it\/cattolica\/cultura\/"},"wordCount":914,"publisher":{"@id":"https:\/\/www.rassegnastampa-totustuus.it\/cattolica\/#organization"},"image":{"@id":"https:\/\/www.rassegnastampa-totustuus.it\/cattolica\/cultura\/#primaryimage"},"thumbnailUrl":"http:\/\/www.rassegnastampa-totustuus.it\/cattolica\/wp-content\/uploads\/2012\/03\/Feltrinelli_libreria.jpg","keywords":["cultura"],"articleSection":["Comunismo in Italia"],"inLanguage":"it-IT"},{"@type":"WebPage","@id":"https:\/\/www.rassegnastampa-totustuus.it\/cattolica\/cultura\/","url":"https:\/\/www.rassegnastampa-totustuus.it\/cattolica\/cultura\/","name":"Cultura - Rassegna Stampa Cattolica","isPartOf":{"@id":"https:\/\/www.rassegnastampa-totustuus.it\/cattolica\/#website"},"primaryImageOfPage":{"@id":"https:\/\/www.rassegnastampa-totustuus.it\/cattolica\/cultura\/#primaryimage"},"image":{"@id":"https:\/\/www.rassegnastampa-totustuus.it\/cattolica\/cultura\/#primaryimage"},"thumbnailUrl":"http:\/\/www.rassegnastampa-totustuus.it\/cattolica\/wp-content\/uploads\/2012\/03\/Feltrinelli_libreria.jpg","datePublished":"2012-03-01T07:36:08+00:00","dateModified":"2015-04-22T09:35:07+00:00","description":"Rassegna Stampa Cattolica - Per una cultura che nasce dalla Rivelazione cristiana in conformit\u00e0 alla tradizione e al Magistero della Chiesa in opposizione ad ogni relativismo e totalitarismo","breadcrumb":{"@id":"https:\/\/www.rassegnastampa-totustuus.it\/cattolica\/cultura\/#breadcrumb"},"inLanguage":"it-IT","potentialAction":[{"@type":"ReadAction","target":["https:\/\/www.rassegnastampa-totustuus.it\/cattolica\/cultura\/"]}]},{"@type":"ImageObject","inLanguage":"it-IT","@id":"https:\/\/www.rassegnastampa-totustuus.it\/cattolica\/cultura\/#primaryimage","url":"http:\/\/www.rassegnastampa-totustuus.it\/cattolica\/wp-content\/uploads\/2012\/03\/Feltrinelli_libreria.jpg","contentUrl":"http:\/\/www.rassegnastampa-totustuus.it\/cattolica\/wp-content\/uploads\/2012\/03\/Feltrinelli_libreria.jpg"},{"@type":"BreadcrumbList","@id":"https:\/\/www.rassegnastampa-totustuus.it\/cattolica\/cultura\/#breadcrumb","itemListElement":[{"@type":"ListItem","position":1,"name":"Home","item":"https:\/\/www.rassegnastampa-totustuus.it\/cattolica\/"},{"@type":"ListItem","position":2,"name":"Cultura"}]},{"@type":"WebSite","@id":"https:\/\/www.rassegnastampa-totustuus.it\/cattolica\/#website","url":"https:\/\/www.rassegnastampa-totustuus.it\/cattolica\/","name":"Rassegna Stampa Cattolica","description":"Per una cultura che nasce dalla Rivelazione cristiana in conformit\u00e0 alla tradizione e al Magistero della Chiesa in opposizione ad ogni relativismo e totalitarismo","publisher":{"@id":"https:\/\/www.rassegnastampa-totustuus.it\/cattolica\/#organization"},"alternateName":"Rass. Cattolica","potentialAction":[{"@type":"SearchAction","target":{"@type":"EntryPoint","urlTemplate":"https:\/\/www.rassegnastampa-totustuus.it\/cattolica\/?s={search_term_string}"},"query-input":{"@type":"PropertyValueSpecification","valueRequired":true,"valueName":"search_term_string"}}],"inLanguage":"it-IT"},{"@type":"Organization","@id":"https:\/\/www.rassegnastampa-totustuus.it\/cattolica\/#organization","name":"Rassegna Stampa Cattolica","url":"https:\/\/www.rassegnastampa-totustuus.it\/cattolica\/","logo":{"@type":"ImageObject","inLanguage":"it-IT","@id":"https:\/\/www.rassegnastampa-totustuus.it\/cattolica\/#\/schema\/logo\/image\/","url":"https:\/\/www.rassegnastampa-totustuus.it\/cattolica\/wp-content\/uploads\/2014\/04\/logo-rassegna1.gif","contentUrl":"https:\/\/www.rassegnastampa-totustuus.it\/cattolica\/wp-content\/uploads\/2014\/04\/logo-rassegna1.gif","width":600,"height":163,"caption":"Rassegna Stampa Cattolica"},"image":{"@id":"https:\/\/www.rassegnastampa-totustuus.it\/cattolica\/#\/schema\/logo\/image\/"},"sameAs":["https:\/\/www.facebook.com\/rassegnastampacattolica","https:\/\/x.com\/rassegnastampa9"]},{"@type":"Person","@id":"https:\/\/www.rassegnastampa-totustuus.it\/cattolica\/#\/schema\/person\/08f319d2bd1a0904ad9e2bfb7b15e5c3","name":"Redazione","image":{"@type":"ImageObject","inLanguage":"it-IT","@id":"https:\/\/secure.gravatar.com\/avatar\/2fcdf27c78ea025fbdb44e914cc63c72249ffec9dc8aafd5c82b26240ef3f346?s=96&d=mm&r=g","url":"https:\/\/secure.gravatar.com\/avatar\/2fcdf27c78ea025fbdb44e914cc63c72249ffec9dc8aafd5c82b26240ef3f346?s=96&d=mm&r=g","contentUrl":"https:\/\/secure.gravatar.com\/avatar\/2fcdf27c78ea025fbdb44e914cc63c72249ffec9dc8aafd5c82b26240ef3f346?s=96&d=mm&r=g","caption":"Redazione"},"url":"https:\/\/www.rassegnastampa-totustuus.it\/cattolica\/author\/pietroelle\/"}]}},"_links":{"self":[{"href":"https:\/\/www.rassegnastampa-totustuus.it\/cattolica\/wp-json\/wp\/v2\/posts\/4920","targetHints":{"allow":["GET"]}}],"collection":[{"href":"https:\/\/www.rassegnastampa-totustuus.it\/cattolica\/wp-json\/wp\/v2\/posts"}],"about":[{"href":"https:\/\/www.rassegnastampa-totustuus.it\/cattolica\/wp-json\/wp\/v2\/types\/post"}],"author":[{"embeddable":true,"href":"https:\/\/www.rassegnastampa-totustuus.it\/cattolica\/wp-json\/wp\/v2\/users\/6"}],"replies":[{"embeddable":true,"href":"https:\/\/www.rassegnastampa-totustuus.it\/cattolica\/wp-json\/wp\/v2\/comments?post=4920"}],"version-history":[{"count":3,"href":"https:\/\/www.rassegnastampa-totustuus.it\/cattolica\/wp-json\/wp\/v2\/posts\/4920\/revisions"}],"predecessor-version":[{"id":23570,"href":"https:\/\/www.rassegnastampa-totustuus.it\/cattolica\/wp-json\/wp\/v2\/posts\/4920\/revisions\/23570"}],"wp:attachment":[{"href":"https:\/\/www.rassegnastampa-totustuus.it\/cattolica\/wp-json\/wp\/v2\/media?parent=4920"}],"wp:term":[{"taxonomy":"category","embeddable":true,"href":"https:\/\/www.rassegnastampa-totustuus.it\/cattolica\/wp-json\/wp\/v2\/categories?post=4920"},{"taxonomy":"post_tag","embeddable":true,"href":"https:\/\/www.rassegnastampa-totustuus.it\/cattolica\/wp-json\/wp\/v2\/tags?post=4920"}],"curies":[{"name":"wp","href":"https:\/\/api.w.org\/{rel}","templated":true}]}}