{"id":49183,"date":"2020-11-19T00:00:53","date_gmt":"2020-11-18T23:00:53","guid":{"rendered":"http:\/\/www.rassegnastampa-totustuus.it\/cattolica\/?p=49183"},"modified":"2020-11-16T11:02:41","modified_gmt":"2020-11-16T10:02:41","slug":"da-fatima-a-civitavecchia-siamo-dentro-il-terzo-segreto","status":"publish","type":"post","link":"https:\/\/www.rassegnastampa-totustuus.it\/cattolica\/da-fatima-a-civitavecchia-siamo-dentro-il-terzo-segreto\/","title":{"rendered":"\u00abDa Fatima a Civitavecchia, siamo dentro il Terzo Segreto\u00bb"},"content":{"rendered":"<p style=\"text-align: center;\"><span style=\"color: #000000;\"><strong><a href=\"https:\/\/www.rassegnastampa-totustuus.it\/cattolica\/wp-content\/uploads\/2020\/11\/Madonna_Medjugorje_chiesa.jpg\"><img loading=\"lazy\" decoding=\"async\" class=\"size-medium wp-image-49194 alignleft\" src=\"https:\/\/www.rassegnastampa-totustuus.it\/cattolica\/wp-content\/uploads\/2020\/11\/Madonna_Medjugorje_chiesa-300x169.jpg\" alt=\"\" width=\"300\" height=\"169\" srcset=\"https:\/\/www.rassegnastampa-totustuus.it\/cattolica\/wp-content\/uploads\/2020\/11\/Madonna_Medjugorje_chiesa-300x169.jpg 300w, https:\/\/www.rassegnastampa-totustuus.it\/cattolica\/wp-content\/uploads\/2020\/11\/Madonna_Medjugorje_chiesa-768x432.jpg 768w, https:\/\/www.rassegnastampa-totustuus.it\/cattolica\/wp-content\/uploads\/2020\/11\/Madonna_Medjugorje_chiesa-1024x576.jpg 1024w, https:\/\/www.rassegnastampa-totustuus.it\/cattolica\/wp-content\/uploads\/2020\/11\/Madonna_Medjugorje_chiesa.jpg 1280w\" sizes=\"auto, (max-width: 300px) 100vw, 300px\" \/><\/a>La Nuova Bussola quotidiana<\/strong> <\/span><\/p>\n<p style=\"text-align: center;\"><span style=\"color: #000000;\">13 maggio 2020 <\/span><\/p>\n<p style=\"text-align: justify;\"><span style=\"color: #000000;\"><em>\u00abL\u2019apostasia all\u2019interno della Chiesa \u00e8 la cosa pi\u00f9 grave e scioccante\u00bb che emerge dalle mariofanie del XX secolo. \u00abIl cardinale Ciappi, che aveva letto il Terzo Segreto, specificava che la Vergine aveva detto che l\u2019apostasia sarebbe iniziata dai vertici della Chiesa\u00bb. \u00abNoi siamo governati dalla massoneria, perch\u00e9 tanti politici e diversi vescovi e cardinali purtroppo sono affiliati\u00bb e, a Civitavecchia, \u00abl\u2019Italia \u00e8 stata avvertita\u00bb perch\u00e9 c\u2019\u00e8 questa convergenza. La sospensione delle Messe con popolo pu\u00f2 essere \u00abun\u2019apostasia pratica\u00bb, perch\u00e9 \u00abse la Madonna raccomanda l\u2019Eucaristia ogni giorno, e tu la neghi, evidentemente \u00e8 in atto un forte scontro tra Lei e Satana, che finir\u00e0 con il trionfo del Cuore Immacolato di Maria\u00bb. La Nuova BQ intervista padre Flavio Ubodi, teologo cappuccino, per il 103\u00b0 anniversario dell\u2019inizio delle apparizio <\/em><\/span><\/p>\n<p style=\"text-align: center;\"><span style=\"color: #000000;\">di <strong>Luca Marcolivio<\/strong> <\/span><\/p>\n<p><!--more--><\/p>\n<p style=\"text-align: justify;\"><span style=\"color: #000000;\">Apostasia a partire dalle gerarchie ecclesiastiche, persecuzione alla Chiesa non solo da parte del mondo ma all\u2019interno della Chiesa stessa, l\u2019ingresso nei tempi del Terzo Segreto di Fatima che porteranno al trionfo del Cuore Immacolato di Maria. In definitiva: siamo all\u2019apice dello scontro tra la Madonna e Satana. \u00c8 questa la lettura che padre Flavio Ubodi &#8211; sulla base delle rivelazioni mariane a Fatima e Civitavecchia &#8211; d\u00e0 dei tempi che stiamo vivendo. Teologo cappuccino, autore del libro \u201c<\/span><span style=\"color: #0000ff;\"><a style=\"color: #0000ff;\" href=\"https:\/\/www.edizioniares.it\/it\/prodotti\/spiritualita\/civitavecchia\" target=\"_blank\" rel=\"noreferrer noopener\"><em>Civitavecchia. 25 anni con Maria<\/em><\/a><\/span><span style=\"color: #000000;\">\u201d (Ares, 2020), padre Ubodi \u00e8 stato il vicepresidente della Commissione teologica diocesana che a met\u00e0 anni Novanta si espresse in favore della soprannaturalit\u00e0 delle lacrime della Madonna di Civitavecchia. <\/span><\/p>\n<p style=\"text-align: justify;\"><span style=\"color: #000000;\"><a href=\"https:\/\/www.rassegnastampa-totustuus.it\/cattolica\/wp-content\/uploads\/2020\/11\/Madonna_Civitavecchia_chiesa.jpg\"><img loading=\"lazy\" decoding=\"async\" class=\" wp-image-49196 alignright\" src=\"https:\/\/www.rassegnastampa-totustuus.it\/cattolica\/wp-content\/uploads\/2020\/11\/Madonna_Civitavecchia_chiesa.jpg\" alt=\"\" width=\"336\" height=\"246\" \/><\/a>Una mariofania che \u00e8 proseguita con le apparizioni e i messaggi alla famiglia Gregori, fatti che la Chiesa ha via via riconosciuto (<\/span><span style=\"color: #0000ff;\"><a style=\"color: #0000ff;\" href=\"https:\/\/lanuovabq.it\/it\/civitavecchia-la-madonna-e-veramente-apparsa\" target=\"_blank\" rel=\"noreferrer noopener\">per approfondire vedi <strong>qui<\/strong><\/a><\/span><span style=\"color: #000000;\">). <\/span><\/p>\n<p style=\"text-align: justify;\"><span style=\"color: #000000;\">In quei messaggi \u00e8 esplicito il legame tra Fatima e Civitavecchia, diocesi alle porte di Roma dove la Beata Vergine si \u00e8 manifestata per portare a compimento quanto preannunciato ai tre pastorelli. In occasione del 103 \u00a0anniversario dell\u2019inizio delle <a style=\"color: #000000;\" href=\"https:\/\/lanuovabq.it\/it\/madonna-di-fatima-1-1\" target=\"_blank\" rel=\"noreferrer noopener\">apparizioni<\/a> alla Cova d&#8217;Iria, la <em>Nuova Bussola<\/em> ha intervistato padre Ubodi. <\/span><\/p>\n<p style=\"text-align: justify;\"><span style=\"color: #000000;\"><strong>Padre Ubodi, il 13 maggio 2010, nel 10\u00b0 anniversario della beatificazione di Giacinta e Francesco, Benedetto XVI disse: \u00abSi illuderebbe chi pensasse che la missione profetica di Fatima sia conclusa\u00bb. Qual \u00e8 questa missione profetica?<\/strong> \u00a0<\/span><\/p>\n<p style=\"text-align: justify;\"><span style=\"color: #000000;\">Intanto bisogna dire che quella frase di Benedetto XVI, di fatto, metteva in evidenza che era falso quanto era stato detto dal cardinal Bertone circa la conclusione del messaggio di Fatima. La missione profetica \u00e8 l\u2019annuncio di ci\u00f2 che sarebbe accaduto in questi ultimi tempi. Trattandosi di profezia contenuta in un segreto, \u00e8 difficile dire con precisione di cosa si tratti. Possiamo comunque dire, con una certa sicurezza, che si tratti dell\u2019apostasia all\u2019interno della Chiesa (annunciata anche a Civitavecchia), questa \u00e8 la cosa pi\u00f9 grave e scioccante. I cardinali Oddi e Ciappi dicevano che la Madonna aveva annunciato la grande apostasia all\u2019interno della Chiesa. E Ciappi, che aveva letto il Terzo Segreto, specificava che la Vergine aveva detto che l\u2019apostasia sarebbe iniziata dai suoi vertici. A mio avviso, questa \u00e8 la grande profezia. <\/span><\/p>\n<p style=\"text-align: justify;\"><span style=\"color: #000000;\"><strong>Questo come si lega con la terza parte del Segreto, in particolare con la visione dei martiri e delle persecuzioni alla Chiesa?<\/strong> <\/span><\/p>\n<p style=\"text-align: justify;\"><span style=\"color: #000000;\"><a href=\"https:\/\/www.rassegnastampa-totustuus.it\/cattolica\/wp-content\/uploads\/2016\/11\/Fatima.jpg\"><img loading=\"lazy\" decoding=\"async\" class=\" wp-image-36735 alignleft\" src=\"https:\/\/www.rassegnastampa-totustuus.it\/cattolica\/wp-content\/uploads\/2016\/11\/Fatima.jpg\" alt=\"\" width=\"303\" height=\"227\" \/><\/a>Se all\u2019interno della Chiesa c\u2019\u00e8 un\u2019apostasia, a cominciare dai vertici, \u00e8 chiaro che chi non \u00e8 in linea con le direttive dei vertici automaticamente verr\u00e0 perseguitato. Oltre a una persecuzione da parte del potere laico avverso alla Chiesa. <\/span><\/p>\n<p style=\"text-align: justify;\"><span style=\"color: #000000;\"><strong>A Fatima la Madonna aveva chiesto, assieme alla Comunione riparatrice dei primi sabati, la consacrazione della Russia al suo Cuore Immacolato per preservare il mondo dalla Seconda Guerra Mondiale. Non fu ascoltata per tempo. A Civitavecchia, 25 anni fa, ha chiesto in particolare la consacrazione dell\u2019Italia. Perch\u00e9?<\/strong> <\/span><\/p>\n<p style=\"text-align: justify;\"><span style=\"color: #000000;\">Dell\u2019Italia e, anche, del mondo. Riguardo all\u2019Italia, ha detto: \u00abLa vostra Nazione \u00e8 in grave pericolo\u00bb. Non ha specificato di quale pericolo si tratta, se fisico, morale, spirituale, sociale, catastrofi naturali. Certamente l\u2019Italia sta subendo degli sbandamenti enormi, una perdita dei valori cristiani. L\u2019Italia \u00e8 stata avvertita, secondo me, perch\u00e9 la posizione dei capi, dei governanti pu\u00f2 essere in sintonia con l\u2019apostasia all\u2019interno della Chiesa e anche favorirla, creando restrizioni, imposizioni sull\u2019amministrazione dei Sacramenti, limitazioni al culto e cos\u00ec via. Ho l\u2019impressione che il Covid-19 sia stata l\u2019occasione per delle prove generali. <\/span><\/p>\n<p style=\"text-align: justify;\"><span style=\"color: #000000;\"><strong>Crede che la Chiesa stia rinunciando alla sua libert\u00e0?<\/strong> <\/span><\/p>\n<p style=\"text-align: justify;\"><span style=\"color: #000000;\">S\u00ec. Si ha l\u2019impressione che ci sia come un accordo massonico, ai vertici. Noi siamo governati dalla massoneria, perch\u00e9 tanti politici e diversi vescovi e cardinali purtroppo sono affiliati o rispondono a un\u2019obbedienza massonica. Perci\u00f2 se c\u2019\u00e8 un potere, al di sopra degli altri, che ordina, d\u00e0 delle direttive, questa parte di gerarchia deviata deve obbedire. E dal momento che hanno potere, possono imporre e condizionare la vita dei fedeli. <\/span><\/p>\n<p style=\"text-align: justify;\"><span style=\"color: #000000;\"><strong><a href=\"https:\/\/www.rassegnastampa-totustuus.it\/cattolica\/wp-content\/uploads\/2019\/09\/adorazione_eucaristica.jpg\"><img loading=\"lazy\" decoding=\"async\" class=\"size-full wp-image-44177 alignleft\" src=\"https:\/\/www.rassegnastampa-totustuus.it\/cattolica\/wp-content\/uploads\/2019\/09\/adorazione_eucaristica.jpg\" alt=\"\" width=\"188\" height=\"269\" \/><\/a>Sia Fatima che Civitavecchia hanno l\u2019Eucaristia al centro. Ai Gregori la Madonna ha parlato di Comunione quotidiana per santificarsi. All\u2019opposto, da quasi 3 mesi i fedeli sono senza Messa, che riprenderanno il 18 maggio con gravi condizionamenti alla liturgia. Come si pu\u00f2 leggere questa situazione di privazione dell\u2019Eucaristia?<\/strong> <\/span><\/p>\n<p style=\"text-align: justify;\"><span style=\"color: #000000;\">\u00c8 un attacco al cuore del cristianesimo. Il centro di tutto \u00e8 Ges\u00f9 Cristo, e Lui lo troviamo nell\u2019Eucaristia. Se vogliamo avere vita, vita piena, dobbiamo ricevere l\u2019Eucaristia. Se invece eliminiamo l\u2019Eucaristia dalla Chiesa, dalla vita dei fedeli, ci sar\u00e0 un impoverimento spirituale pauroso. Privare i fedeli dell\u2019Eucaristia \u00e8 stato un grande atto satanico. Nelle parole della Madonna questo \u00e8 implicito: se Lei raccomanda l\u2019Eucaristia ogni giorno, e tu la neghi, evidentemente \u00e8 in atto un forte scontro tra la Madonna e Satana, tra il cuore del cristianesimo che \u00e8 Ges\u00f9 Cristo e le potenze nemiche che vogliono allontanare gli uomini da Lui. Sono convinto che noi siamo gi\u00e0 dentro il Terzo Segreto di Fatima, si sta realizzando. <\/span><\/p>\n<p style=\"text-align: justify;\"><span style=\"color: #000000;\"><strong>Vescovi di intere nazioni, a partire dall\u2019Italia, che sospendono le Messe, in duemila anni di Chiesa non si era mai visto.<\/strong> <\/span><\/p>\n<p style=\"text-align: justify;\"><span style=\"color: #000000;\">Questo potrebbe essere un aspetto dell\u2019apostasia generale, cio\u00e8 un\u2019apostasia pratica. Prima c\u2019\u00e8 un\u2019apostasia dottrinale che consiste nel rinnegare i fondamenti del cristianesimo come la Rivelazione &#8211; negare che sia Parola di Dio valida per tutti i tempi e luoghi &#8211; e poi la Tradizione, i dogmi, le verit\u00e0 contenute nel Credo. Si arriva anche a negare la divinit\u00e0 di Ges\u00f9 Cristo, riducendolo a un semplice uomo. E cos\u00ec si nega la presenza reale di Ges\u00f9 nell\u2019Eucaristia, l\u2019importanza dei Sacramenti, ecc. Questo sul piano dottrinale. Poi c\u2019\u00e8 l\u2019apostasia pratica: l\u2019abbandono della pratica religiosa. <\/span><\/p>\n<p style=\"text-align: justify;\"><span style=\"color: #000000;\"><strong>Cosa pensa del fatto di dare Ges\u00f9 con i guanti?<\/strong> <\/span><\/p>\n<p style=\"text-align: justify;\"><span style=\"color: #000000;\"><a href=\"https:\/\/www.rassegnastampa-totustuus.it\/cattolica\/wp-content\/uploads\/2020\/07\/comunione_virus_chiesa.jpg\"><img loading=\"lazy\" decoding=\"async\" class=\" wp-image-47716 alignright\" src=\"https:\/\/www.rassegnastampa-totustuus.it\/cattolica\/wp-content\/uploads\/2020\/07\/comunione_virus_chiesa.jpg\" alt=\"\" width=\"335\" height=\"223\" \/><\/a>Secondo me si tratta di una profanazione che rasenta il sacrilegio. Dare la Comunione con i guanti significa non avere rispetto per Ges\u00f9 Cristo presente nell\u2019Eucaristia e neanche per il fedele che la riceve. C\u2019\u00e8 anche il problema dei frammenti del Corpo di Cristo che possono rimanere attaccati ai guanti e non si sa che fine facciano. <\/span><\/p>\n<p style=\"text-align: justify;\"><span style=\"color: #000000;\"><strong>Torniamo a Fatima e Civitavecchia. Il passaggio di testimone tra suor Lucia e Jessica Gregori che cosa ci dice?<\/strong> <\/span><\/p>\n<p style=\"text-align: justify;\"><span style=\"color: #000000;\">A Jessica la Madonna ha affidato il Terzo Segreto. Lei nel 1996 si \u00e8 incontrata con suor Lucia, hanno parlato in privato e, da quello che ho saputo da Jessica, hanno confrontato i messaggi della Madonna e questi combaciavano perfettamente. C\u2019\u00e8 un rapporto strettissimo tra Fatima e Civitavecchia. Fatima \u00e8 all\u2019inizio del secolo, Civitavecchia \u00e8 alla fine. Fatima \u00e8 l\u2019annuncio di quello che sarebbe accaduto, Civitavecchia \u00e8 l\u2019ingresso nelle cose che sono state annunciate a Fatima. A Civitavecchia la Madonna, quando dice che Satana sta cercando di oscurare il mondo e anche la Chiesa, avverte: \u00abPreparatevi a vivere quanto io avevo svelato alle mie piccole figlie di Fatima\u00bb. Siamo entrati in quei tempi. <\/span><\/p>\n<p style=\"text-align: justify;\"><span style=\"color: #000000;\"><strong>Quali sono i contenuti in comune?<\/strong> <\/span><\/p>\n<p style=\"text-align: justify;\"><span style=\"color: #000000;\"><a href=\"https:\/\/www.rassegnastampa-totustuus.it\/cattolica\/wp-content\/uploads\/2020\/11\/Jessica_Gregori_Civitavecchia.jpg\"><img loading=\"lazy\" decoding=\"async\" class=\" wp-image-49197 alignleft\" src=\"https:\/\/www.rassegnastampa-totustuus.it\/cattolica\/wp-content\/uploads\/2020\/11\/Jessica_Gregori_Civitavecchia.jpg\" alt=\"\" width=\"235\" height=\"247\" \/><\/a>L\u2019invito, urgente, alla conversione. La consacrazione al Cuore Immacolato di Maria. Sia a Fatima che a Civitavecchia si parla di consacrazione, non di affidamento: c\u2019\u00e8 una differenza profonda. L\u2019affidamento \u00e8 pi\u00f9 superficiale, la consacrazione \u00e8 molto pi\u00f9 potente perch\u00e9 coinvolge di pi\u00f9 la persona, la famiglia, la Chiesa o nazione che la fa: \u00e8 come dire \u201cio sono tuo, consegno a te tutto il mio essere, perch\u00e9 tu lo possa consegnare al Padre\u201d. Un altro punto in comune tra Fatima e Civitavecchia \u00e8 la recita del Rosario come arma per sconfiggere Satana, quindi allontanare ogni pericolo per l\u2019anima e non solo. <\/span><\/p>\n<p style=\"text-align: justify;\"><span style=\"color: #000000;\"><strong>Un esempio di pericolo?<\/strong> <\/span><\/p>\n<p style=\"text-align: justify;\"><span style=\"color: #000000;\">A Civitavecchia si mette in evidenza che Satana avrebbe tentato di distruggere il mondo cercando di provocare una guerra nucleare. <\/span><\/p>\n<p style=\"text-align: justify;\"><span style=\"color: #000000;\"><strong>A Civitavecchia \u00e8 chiaro l\u2019odio di Satana contro la Chiesa e la famiglia.<\/strong> <\/span><\/p>\n<p style=\"text-align: justify;\"><span style=\"color: #000000;\">Civitavecchia si caratterizza soprattutto per la famiglia, cio\u00e8 la distruzione della famiglia, quindi della cellula primordiale della societ\u00e0. Quando ci sono stati questi avvertimenti della Madonna, non c\u2019era ancora il martellamento su coppie di fatto, coppie omosessuali, utero in affitto, ecc. Io vedo questo collegamento: a Fatima la preoccupazione principale \u00e8 la Chiesa, a Medjugorje la parrocchia, a Civitavecchia la famiglia. Questa si potrebbe dire la specificit\u00e0 delle mariofanie, che per il resto hanno molti punti in comune, come il richiamo costante alla preghiera, alla penitenza e quindi alla conversione. <\/span><\/p>\n<p style=\"text-align: justify;\"><span style=\"color: #000000;\"><strong>Che legame c\u2019\u00e8 tra la visione di Fatima sull\u2019Inferno e le lacrime di Civitavecchia?<\/strong>\u00a0<\/span><\/p>\n<p style=\"text-align: justify;\"><span style=\"color: #000000;\"> <a href=\"https:\/\/www.rassegnastampa-totustuus.it\/cattolica\/wp-content\/uploads\/2020\/04\/Fatima_terzo_segreto.jpg\"><img loading=\"lazy\" decoding=\"async\" class=\" wp-image-46932 alignright\" src=\"https:\/\/www.rassegnastampa-totustuus.it\/cattolica\/wp-content\/uploads\/2020\/04\/Fatima_terzo_segreto.jpg\" alt=\"\" width=\"320\" height=\"236\" \/><\/a>Le lacrime di Civitavecchia mettono in evidenza il dolore della Madonna che piange il sangue di suo Figlio versato invano per molti. La visione dell\u2019Inferno a Fatima ci ricorda che nonostante la Croce, il sangue versato da Ges\u00f9, tanti si dannano. La stessa cosa, in altro modo, viene detta a Civitavecchia. Il sangue che la Madonna piange \u00e8 il sangue di Cristo perch\u00e9 tanti non beneficiano di questo sangue, rifiutando la Misericordia di Dio, e quindi dannandosi. <\/span><\/p>\n<p style=\"text-align: justify;\"><span style=\"color: #000000;\"><strong>Mentre la seconda Madonnina di Civitavecchia, sempre proveniente da Medjugorje, che essuda olio profumato che significato ha?<\/strong> <\/span><\/p>\n<p style=\"text-align: justify;\"><span style=\"color: #000000;\">Anche questo \u00e8 un fenomeno significativo. Questa statuina &#8211; donata dal cardinal Deskur e benedetta a nome di Giovanni Paolo II &#8211; manifesta queste essudazioni quando meno te lo aspetti, davanti a gruppi o singole persone, spesso durante feste liturgiche: \u00e8 segno della protezione di Maria e delle grazie dello Spirito Santo. <\/span><\/p>\n<p style=\"text-align: justify;\"><span style=\"color: #000000;\"><strong>Se stiamo andando verso l\u2019apice della battaglia, significa che il trionfo promesso dalla Madonna \u00e8 vicino?<\/strong> <\/span><\/p>\n<p style=\"text-align: justify;\"><span style=\"color: #000000;\">Certo, ma non sappiamo quanto pu\u00f2 durare questa battaglia. Anche questo \u00e8 un elemento comune a Fatima e Civitavecchia: la Madonna dice che ci saranno prove, tribolazioni, ma alla fine il Cuore Immacolato di Maria trionfer\u00e0. Questo trionfo si staglia nelle rivelazioni di Fatima e Civitavecchia e infonde fortezza al cristiano che<\/span> <span style=\"color: #000000;\">crede.<\/span><\/p>\n","protected":false},"excerpt":{"rendered":"<p>La Nuova Bussola quotidiana 13 maggio 2020 \u00abL\u2019apostasia all\u2019interno della Chiesa \u00e8 la cosa pi\u00f9 grave e scioccante\u00bb che emerge dalle mariofanie del XX secolo. \u00abIl cardinale Ciappi, che aveva letto il Terzo Segreto, specificava che la Vergine aveva detto che l\u2019apostasia sarebbe iniziata dai vertici della Chiesa\u00bb. \u00abNoi siamo governati dalla massoneria, perch\u00e9 tanti &hellip; <\/p>\n<p><a class=\"more-link btn\" href=\"https:\/\/www.rassegnastampa-totustuus.it\/cattolica\/da-fatima-a-civitavecchia-siamo-dentro-il-terzo-segreto\/\">Continua a leggere<\/a><\/p>\n","protected":false},"author":6,"featured_media":49194,"comment_status":"closed","ping_status":"closed","sticky":false,"template":"","format":"standard","meta":{"footnotes":""},"categories":[5],"tags":[157,962,564,1776],"class_list":["post-49183","post","type-post","status-publish","format-standard","has-post-thumbnail","hentry","category-chiesa","tag-chiesa-2","tag-fatima","tag-medjugorje","tag-terzo-segreto","item-wrap"],"yoast_head":"<!-- This site is optimized with the Yoast SEO plugin v27.5 - https:\/\/yoast.com\/product\/yoast-seo-wordpress\/ -->\n<title>\u00abDa Fatima a Civitavecchia, siamo dentro il Terzo Segreto\u00bb - Rassegna Stampa Cattolica<\/title>\n<meta name=\"description\" content=\"Rassegna Stampa Cattolica - Per una cultura che nasce dalla Rivelazione cristiana in conformit\u00e0 alla tradizione e al Magistero della Chiesa in opposizione ad ogni relativismo e totalitarismo\" \/>\n<meta name=\"robots\" content=\"index, follow, max-snippet:-1, max-image-preview:large, max-video-preview:-1\" \/>\n<link rel=\"canonical\" href=\"https:\/\/www.rassegnastampa-totustuus.it\/cattolica\/da-fatima-a-civitavecchia-siamo-dentro-il-terzo-segreto\/\" \/>\n<meta property=\"og:locale\" content=\"it_IT\" \/>\n<meta property=\"og:type\" content=\"article\" \/>\n<meta property=\"og:title\" content=\"\u00abDa Fatima a Civitavecchia, siamo dentro il Terzo Segreto\u00bb - Rassegna Stampa Cattolica\" \/>\n<meta property=\"og:description\" content=\"Rassegna Stampa Cattolica - Per una cultura che nasce dalla Rivelazione cristiana in conformit\u00e0 alla tradizione e al Magistero della Chiesa in opposizione ad ogni relativismo e totalitarismo\" \/>\n<meta property=\"og:url\" content=\"https:\/\/www.rassegnastampa-totustuus.it\/cattolica\/da-fatima-a-civitavecchia-siamo-dentro-il-terzo-segreto\/\" \/>\n<meta property=\"og:site_name\" content=\"Rassegna Stampa Cattolica\" \/>\n<meta property=\"article:publisher\" content=\"https:\/\/www.facebook.com\/rassegnastampacattolica\" \/>\n<meta property=\"article:published_time\" content=\"2020-11-18T23:00:53+00:00\" \/>\n<meta property=\"og:image\" content=\"https:\/\/www.rassegnastampa-totustuus.it\/cattolica\/wp-content\/uploads\/2020\/11\/Madonna_Medjugorje_chiesa.jpg\" \/>\n\t<meta property=\"og:image:width\" content=\"1280\" \/>\n\t<meta property=\"og:image:height\" content=\"720\" \/>\n\t<meta property=\"og:image:type\" content=\"image\/jpeg\" \/>\n<meta name=\"author\" content=\"Redazione\" \/>\n<meta name=\"twitter:card\" content=\"summary_large_image\" \/>\n<meta name=\"twitter:creator\" content=\"@rassegnastampa9\" \/>\n<meta name=\"twitter:site\" content=\"@rassegnastampa9\" \/>\n<meta name=\"twitter:label1\" content=\"Scritto da\" \/>\n\t<meta name=\"twitter:data1\" content=\"Redazione\" \/>\n\t<meta name=\"twitter:label2\" content=\"Tempo di lettura stimato\" \/>\n\t<meta name=\"twitter:data2\" content=\"9 minuti\" \/>\n<script type=\"application\/ld+json\" class=\"yoast-schema-graph\">{\"@context\":\"https:\\\/\\\/schema.org\",\"@graph\":[{\"@type\":\"Article\",\"@id\":\"https:\\\/\\\/www.rassegnastampa-totustuus.it\\\/cattolica\\\/da-fatima-a-civitavecchia-siamo-dentro-il-terzo-segreto\\\/#article\",\"isPartOf\":{\"@id\":\"https:\\\/\\\/www.rassegnastampa-totustuus.it\\\/cattolica\\\/da-fatima-a-civitavecchia-siamo-dentro-il-terzo-segreto\\\/\"},\"author\":{\"name\":\"Redazione\",\"@id\":\"https:\\\/\\\/www.rassegnastampa-totustuus.it\\\/cattolica\\\/#\\\/schema\\\/person\\\/08f319d2bd1a0904ad9e2bfb7b15e5c3\"},\"headline\":\"\u00abDa Fatima a Civitavecchia, siamo dentro il Terzo Segreto\u00bb\",\"datePublished\":\"2020-11-18T23:00:53+00:00\",\"mainEntityOfPage\":{\"@id\":\"https:\\\/\\\/www.rassegnastampa-totustuus.it\\\/cattolica\\\/da-fatima-a-civitavecchia-siamo-dentro-il-terzo-segreto\\\/\"},\"wordCount\":1728,\"publisher\":{\"@id\":\"https:\\\/\\\/www.rassegnastampa-totustuus.it\\\/cattolica\\\/#organization\"},\"image\":{\"@id\":\"https:\\\/\\\/www.rassegnastampa-totustuus.it\\\/cattolica\\\/da-fatima-a-civitavecchia-siamo-dentro-il-terzo-segreto\\\/#primaryimage\"},\"thumbnailUrl\":\"https:\\\/\\\/www.rassegnastampa-totustuus.it\\\/cattolica\\\/wp-content\\\/uploads\\\/2020\\\/11\\\/Madonna_Medjugorje_chiesa.jpg\",\"keywords\":[\"chiesa\",\"Fatima\",\"Medjugorje\",\"terzo segreto\"],\"articleSection\":[\"Chiesa\"],\"inLanguage\":\"it-IT\"},{\"@type\":\"WebPage\",\"@id\":\"https:\\\/\\\/www.rassegnastampa-totustuus.it\\\/cattolica\\\/da-fatima-a-civitavecchia-siamo-dentro-il-terzo-segreto\\\/\",\"url\":\"https:\\\/\\\/www.rassegnastampa-totustuus.it\\\/cattolica\\\/da-fatima-a-civitavecchia-siamo-dentro-il-terzo-segreto\\\/\",\"name\":\"\u00abDa Fatima a Civitavecchia, siamo dentro il Terzo Segreto\u00bb - Rassegna Stampa Cattolica\",\"isPartOf\":{\"@id\":\"https:\\\/\\\/www.rassegnastampa-totustuus.it\\\/cattolica\\\/#website\"},\"primaryImageOfPage\":{\"@id\":\"https:\\\/\\\/www.rassegnastampa-totustuus.it\\\/cattolica\\\/da-fatima-a-civitavecchia-siamo-dentro-il-terzo-segreto\\\/#primaryimage\"},\"image\":{\"@id\":\"https:\\\/\\\/www.rassegnastampa-totustuus.it\\\/cattolica\\\/da-fatima-a-civitavecchia-siamo-dentro-il-terzo-segreto\\\/#primaryimage\"},\"thumbnailUrl\":\"https:\\\/\\\/www.rassegnastampa-totustuus.it\\\/cattolica\\\/wp-content\\\/uploads\\\/2020\\\/11\\\/Madonna_Medjugorje_chiesa.jpg\",\"datePublished\":\"2020-11-18T23:00:53+00:00\",\"description\":\"Rassegna Stampa Cattolica - Per una cultura che nasce dalla Rivelazione cristiana in conformit\u00e0 alla tradizione e al Magistero della Chiesa in opposizione ad ogni relativismo e totalitarismo\",\"breadcrumb\":{\"@id\":\"https:\\\/\\\/www.rassegnastampa-totustuus.it\\\/cattolica\\\/da-fatima-a-civitavecchia-siamo-dentro-il-terzo-segreto\\\/#breadcrumb\"},\"inLanguage\":\"it-IT\",\"potentialAction\":[{\"@type\":\"ReadAction\",\"target\":[\"https:\\\/\\\/www.rassegnastampa-totustuus.it\\\/cattolica\\\/da-fatima-a-civitavecchia-siamo-dentro-il-terzo-segreto\\\/\"]}]},{\"@type\":\"ImageObject\",\"inLanguage\":\"it-IT\",\"@id\":\"https:\\\/\\\/www.rassegnastampa-totustuus.it\\\/cattolica\\\/da-fatima-a-civitavecchia-siamo-dentro-il-terzo-segreto\\\/#primaryimage\",\"url\":\"https:\\\/\\\/www.rassegnastampa-totustuus.it\\\/cattolica\\\/wp-content\\\/uploads\\\/2020\\\/11\\\/Madonna_Medjugorje_chiesa.jpg\",\"contentUrl\":\"https:\\\/\\\/www.rassegnastampa-totustuus.it\\\/cattolica\\\/wp-content\\\/uploads\\\/2020\\\/11\\\/Madonna_Medjugorje_chiesa.jpg\",\"width\":1280,\"height\":720},{\"@type\":\"BreadcrumbList\",\"@id\":\"https:\\\/\\\/www.rassegnastampa-totustuus.it\\\/cattolica\\\/da-fatima-a-civitavecchia-siamo-dentro-il-terzo-segreto\\\/#breadcrumb\",\"itemListElement\":[{\"@type\":\"ListItem\",\"position\":1,\"name\":\"Home\",\"item\":\"https:\\\/\\\/www.rassegnastampa-totustuus.it\\\/cattolica\\\/\"},{\"@type\":\"ListItem\",\"position\":2,\"name\":\"\u00abDa Fatima a Civitavecchia, siamo dentro il Terzo Segreto\u00bb\"}]},{\"@type\":\"WebSite\",\"@id\":\"https:\\\/\\\/www.rassegnastampa-totustuus.it\\\/cattolica\\\/#website\",\"url\":\"https:\\\/\\\/www.rassegnastampa-totustuus.it\\\/cattolica\\\/\",\"name\":\"Rassegna Stampa Cattolica\",\"description\":\"Per una cultura che nasce dalla Rivelazione cristiana in conformit\u00e0 alla tradizione e al Magistero della Chiesa in opposizione ad ogni relativismo e totalitarismo\",\"publisher\":{\"@id\":\"https:\\\/\\\/www.rassegnastampa-totustuus.it\\\/cattolica\\\/#organization\"},\"alternateName\":\"Rass. Cattolica\",\"potentialAction\":[{\"@type\":\"SearchAction\",\"target\":{\"@type\":\"EntryPoint\",\"urlTemplate\":\"https:\\\/\\\/www.rassegnastampa-totustuus.it\\\/cattolica\\\/?s={search_term_string}\"},\"query-input\":{\"@type\":\"PropertyValueSpecification\",\"valueRequired\":true,\"valueName\":\"search_term_string\"}}],\"inLanguage\":\"it-IT\"},{\"@type\":\"Organization\",\"@id\":\"https:\\\/\\\/www.rassegnastampa-totustuus.it\\\/cattolica\\\/#organization\",\"name\":\"Rassegna Stampa Cattolica\",\"url\":\"https:\\\/\\\/www.rassegnastampa-totustuus.it\\\/cattolica\\\/\",\"logo\":{\"@type\":\"ImageObject\",\"inLanguage\":\"it-IT\",\"@id\":\"https:\\\/\\\/www.rassegnastampa-totustuus.it\\\/cattolica\\\/#\\\/schema\\\/logo\\\/image\\\/\",\"url\":\"https:\\\/\\\/www.rassegnastampa-totustuus.it\\\/cattolica\\\/wp-content\\\/uploads\\\/2014\\\/04\\\/logo-rassegna1.gif\",\"contentUrl\":\"https:\\\/\\\/www.rassegnastampa-totustuus.it\\\/cattolica\\\/wp-content\\\/uploads\\\/2014\\\/04\\\/logo-rassegna1.gif\",\"width\":600,\"height\":163,\"caption\":\"Rassegna Stampa Cattolica\"},\"image\":{\"@id\":\"https:\\\/\\\/www.rassegnastampa-totustuus.it\\\/cattolica\\\/#\\\/schema\\\/logo\\\/image\\\/\"},\"sameAs\":[\"https:\\\/\\\/www.facebook.com\\\/rassegnastampacattolica\",\"https:\\\/\\\/x.com\\\/rassegnastampa9\"]},{\"@type\":\"Person\",\"@id\":\"https:\\\/\\\/www.rassegnastampa-totustuus.it\\\/cattolica\\\/#\\\/schema\\\/person\\\/08f319d2bd1a0904ad9e2bfb7b15e5c3\",\"name\":\"Redazione\",\"image\":{\"@type\":\"ImageObject\",\"inLanguage\":\"it-IT\",\"@id\":\"https:\\\/\\\/secure.gravatar.com\\\/avatar\\\/2fcdf27c78ea025fbdb44e914cc63c72249ffec9dc8aafd5c82b26240ef3f346?s=96&d=mm&r=g\",\"url\":\"https:\\\/\\\/secure.gravatar.com\\\/avatar\\\/2fcdf27c78ea025fbdb44e914cc63c72249ffec9dc8aafd5c82b26240ef3f346?s=96&d=mm&r=g\",\"contentUrl\":\"https:\\\/\\\/secure.gravatar.com\\\/avatar\\\/2fcdf27c78ea025fbdb44e914cc63c72249ffec9dc8aafd5c82b26240ef3f346?s=96&d=mm&r=g\",\"caption\":\"Redazione\"},\"url\":\"https:\\\/\\\/www.rassegnastampa-totustuus.it\\\/cattolica\\\/author\\\/pietroelle\\\/\"}]}<\/script>\n<!-- \/ Yoast SEO plugin. -->","yoast_head_json":{"title":"\u00abDa Fatima a Civitavecchia, siamo dentro il Terzo Segreto\u00bb - Rassegna Stampa Cattolica","description":"Rassegna Stampa Cattolica - Per una cultura che nasce dalla Rivelazione cristiana in conformit\u00e0 alla tradizione e al Magistero della Chiesa in opposizione ad ogni relativismo e totalitarismo","robots":{"index":"index","follow":"follow","max-snippet":"max-snippet:-1","max-image-preview":"max-image-preview:large","max-video-preview":"max-video-preview:-1"},"canonical":"https:\/\/www.rassegnastampa-totustuus.it\/cattolica\/da-fatima-a-civitavecchia-siamo-dentro-il-terzo-segreto\/","og_locale":"it_IT","og_type":"article","og_title":"\u00abDa Fatima a Civitavecchia, siamo dentro il Terzo Segreto\u00bb - Rassegna Stampa Cattolica","og_description":"Rassegna Stampa Cattolica - Per una cultura che nasce dalla Rivelazione cristiana in conformit\u00e0 alla tradizione e al Magistero della Chiesa in opposizione ad ogni relativismo e totalitarismo","og_url":"https:\/\/www.rassegnastampa-totustuus.it\/cattolica\/da-fatima-a-civitavecchia-siamo-dentro-il-terzo-segreto\/","og_site_name":"Rassegna Stampa Cattolica","article_publisher":"https:\/\/www.facebook.com\/rassegnastampacattolica","article_published_time":"2020-11-18T23:00:53+00:00","og_image":[{"width":1280,"height":720,"url":"https:\/\/www.rassegnastampa-totustuus.it\/cattolica\/wp-content\/uploads\/2020\/11\/Madonna_Medjugorje_chiesa.jpg","type":"image\/jpeg"}],"author":"Redazione","twitter_card":"summary_large_image","twitter_creator":"@rassegnastampa9","twitter_site":"@rassegnastampa9","twitter_misc":{"Scritto da":"Redazione","Tempo di lettura stimato":"9 minuti"},"schema":{"@context":"https:\/\/schema.org","@graph":[{"@type":"Article","@id":"https:\/\/www.rassegnastampa-totustuus.it\/cattolica\/da-fatima-a-civitavecchia-siamo-dentro-il-terzo-segreto\/#article","isPartOf":{"@id":"https:\/\/www.rassegnastampa-totustuus.it\/cattolica\/da-fatima-a-civitavecchia-siamo-dentro-il-terzo-segreto\/"},"author":{"name":"Redazione","@id":"https:\/\/www.rassegnastampa-totustuus.it\/cattolica\/#\/schema\/person\/08f319d2bd1a0904ad9e2bfb7b15e5c3"},"headline":"\u00abDa Fatima a Civitavecchia, siamo dentro il Terzo Segreto\u00bb","datePublished":"2020-11-18T23:00:53+00:00","mainEntityOfPage":{"@id":"https:\/\/www.rassegnastampa-totustuus.it\/cattolica\/da-fatima-a-civitavecchia-siamo-dentro-il-terzo-segreto\/"},"wordCount":1728,"publisher":{"@id":"https:\/\/www.rassegnastampa-totustuus.it\/cattolica\/#organization"},"image":{"@id":"https:\/\/www.rassegnastampa-totustuus.it\/cattolica\/da-fatima-a-civitavecchia-siamo-dentro-il-terzo-segreto\/#primaryimage"},"thumbnailUrl":"https:\/\/www.rassegnastampa-totustuus.it\/cattolica\/wp-content\/uploads\/2020\/11\/Madonna_Medjugorje_chiesa.jpg","keywords":["chiesa","Fatima","Medjugorje","terzo segreto"],"articleSection":["Chiesa"],"inLanguage":"it-IT"},{"@type":"WebPage","@id":"https:\/\/www.rassegnastampa-totustuus.it\/cattolica\/da-fatima-a-civitavecchia-siamo-dentro-il-terzo-segreto\/","url":"https:\/\/www.rassegnastampa-totustuus.it\/cattolica\/da-fatima-a-civitavecchia-siamo-dentro-il-terzo-segreto\/","name":"\u00abDa Fatima a Civitavecchia, siamo dentro il Terzo Segreto\u00bb - Rassegna Stampa Cattolica","isPartOf":{"@id":"https:\/\/www.rassegnastampa-totustuus.it\/cattolica\/#website"},"primaryImageOfPage":{"@id":"https:\/\/www.rassegnastampa-totustuus.it\/cattolica\/da-fatima-a-civitavecchia-siamo-dentro-il-terzo-segreto\/#primaryimage"},"image":{"@id":"https:\/\/www.rassegnastampa-totustuus.it\/cattolica\/da-fatima-a-civitavecchia-siamo-dentro-il-terzo-segreto\/#primaryimage"},"thumbnailUrl":"https:\/\/www.rassegnastampa-totustuus.it\/cattolica\/wp-content\/uploads\/2020\/11\/Madonna_Medjugorje_chiesa.jpg","datePublished":"2020-11-18T23:00:53+00:00","description":"Rassegna Stampa Cattolica - Per una cultura che nasce dalla Rivelazione cristiana in conformit\u00e0 alla tradizione e al Magistero della Chiesa in opposizione ad ogni relativismo e totalitarismo","breadcrumb":{"@id":"https:\/\/www.rassegnastampa-totustuus.it\/cattolica\/da-fatima-a-civitavecchia-siamo-dentro-il-terzo-segreto\/#breadcrumb"},"inLanguage":"it-IT","potentialAction":[{"@type":"ReadAction","target":["https:\/\/www.rassegnastampa-totustuus.it\/cattolica\/da-fatima-a-civitavecchia-siamo-dentro-il-terzo-segreto\/"]}]},{"@type":"ImageObject","inLanguage":"it-IT","@id":"https:\/\/www.rassegnastampa-totustuus.it\/cattolica\/da-fatima-a-civitavecchia-siamo-dentro-il-terzo-segreto\/#primaryimage","url":"https:\/\/www.rassegnastampa-totustuus.it\/cattolica\/wp-content\/uploads\/2020\/11\/Madonna_Medjugorje_chiesa.jpg","contentUrl":"https:\/\/www.rassegnastampa-totustuus.it\/cattolica\/wp-content\/uploads\/2020\/11\/Madonna_Medjugorje_chiesa.jpg","width":1280,"height":720},{"@type":"BreadcrumbList","@id":"https:\/\/www.rassegnastampa-totustuus.it\/cattolica\/da-fatima-a-civitavecchia-siamo-dentro-il-terzo-segreto\/#breadcrumb","itemListElement":[{"@type":"ListItem","position":1,"name":"Home","item":"https:\/\/www.rassegnastampa-totustuus.it\/cattolica\/"},{"@type":"ListItem","position":2,"name":"\u00abDa Fatima a Civitavecchia, siamo dentro il Terzo Segreto\u00bb"}]},{"@type":"WebSite","@id":"https:\/\/www.rassegnastampa-totustuus.it\/cattolica\/#website","url":"https:\/\/www.rassegnastampa-totustuus.it\/cattolica\/","name":"Rassegna Stampa Cattolica","description":"Per una cultura che nasce dalla Rivelazione cristiana in conformit\u00e0 alla tradizione e al Magistero della Chiesa in opposizione ad ogni relativismo e totalitarismo","publisher":{"@id":"https:\/\/www.rassegnastampa-totustuus.it\/cattolica\/#organization"},"alternateName":"Rass. Cattolica","potentialAction":[{"@type":"SearchAction","target":{"@type":"EntryPoint","urlTemplate":"https:\/\/www.rassegnastampa-totustuus.it\/cattolica\/?s={search_term_string}"},"query-input":{"@type":"PropertyValueSpecification","valueRequired":true,"valueName":"search_term_string"}}],"inLanguage":"it-IT"},{"@type":"Organization","@id":"https:\/\/www.rassegnastampa-totustuus.it\/cattolica\/#organization","name":"Rassegna Stampa Cattolica","url":"https:\/\/www.rassegnastampa-totustuus.it\/cattolica\/","logo":{"@type":"ImageObject","inLanguage":"it-IT","@id":"https:\/\/www.rassegnastampa-totustuus.it\/cattolica\/#\/schema\/logo\/image\/","url":"https:\/\/www.rassegnastampa-totustuus.it\/cattolica\/wp-content\/uploads\/2014\/04\/logo-rassegna1.gif","contentUrl":"https:\/\/www.rassegnastampa-totustuus.it\/cattolica\/wp-content\/uploads\/2014\/04\/logo-rassegna1.gif","width":600,"height":163,"caption":"Rassegna Stampa Cattolica"},"image":{"@id":"https:\/\/www.rassegnastampa-totustuus.it\/cattolica\/#\/schema\/logo\/image\/"},"sameAs":["https:\/\/www.facebook.com\/rassegnastampacattolica","https:\/\/x.com\/rassegnastampa9"]},{"@type":"Person","@id":"https:\/\/www.rassegnastampa-totustuus.it\/cattolica\/#\/schema\/person\/08f319d2bd1a0904ad9e2bfb7b15e5c3","name":"Redazione","image":{"@type":"ImageObject","inLanguage":"it-IT","@id":"https:\/\/secure.gravatar.com\/avatar\/2fcdf27c78ea025fbdb44e914cc63c72249ffec9dc8aafd5c82b26240ef3f346?s=96&d=mm&r=g","url":"https:\/\/secure.gravatar.com\/avatar\/2fcdf27c78ea025fbdb44e914cc63c72249ffec9dc8aafd5c82b26240ef3f346?s=96&d=mm&r=g","contentUrl":"https:\/\/secure.gravatar.com\/avatar\/2fcdf27c78ea025fbdb44e914cc63c72249ffec9dc8aafd5c82b26240ef3f346?s=96&d=mm&r=g","caption":"Redazione"},"url":"https:\/\/www.rassegnastampa-totustuus.it\/cattolica\/author\/pietroelle\/"}]}},"_links":{"self":[{"href":"https:\/\/www.rassegnastampa-totustuus.it\/cattolica\/wp-json\/wp\/v2\/posts\/49183","targetHints":{"allow":["GET"]}}],"collection":[{"href":"https:\/\/www.rassegnastampa-totustuus.it\/cattolica\/wp-json\/wp\/v2\/posts"}],"about":[{"href":"https:\/\/www.rassegnastampa-totustuus.it\/cattolica\/wp-json\/wp\/v2\/types\/post"}],"author":[{"embeddable":true,"href":"https:\/\/www.rassegnastampa-totustuus.it\/cattolica\/wp-json\/wp\/v2\/users\/6"}],"replies":[{"embeddable":true,"href":"https:\/\/www.rassegnastampa-totustuus.it\/cattolica\/wp-json\/wp\/v2\/comments?post=49183"}],"version-history":[{"count":5,"href":"https:\/\/www.rassegnastampa-totustuus.it\/cattolica\/wp-json\/wp\/v2\/posts\/49183\/revisions"}],"predecessor-version":[{"id":49198,"href":"https:\/\/www.rassegnastampa-totustuus.it\/cattolica\/wp-json\/wp\/v2\/posts\/49183\/revisions\/49198"}],"wp:featuredmedia":[{"embeddable":true,"href":"https:\/\/www.rassegnastampa-totustuus.it\/cattolica\/wp-json\/wp\/v2\/media\/49194"}],"wp:attachment":[{"href":"https:\/\/www.rassegnastampa-totustuus.it\/cattolica\/wp-json\/wp\/v2\/media?parent=49183"}],"wp:term":[{"taxonomy":"category","embeddable":true,"href":"https:\/\/www.rassegnastampa-totustuus.it\/cattolica\/wp-json\/wp\/v2\/categories?post=49183"},{"taxonomy":"post_tag","embeddable":true,"href":"https:\/\/www.rassegnastampa-totustuus.it\/cattolica\/wp-json\/wp\/v2\/tags?post=49183"}],"curies":[{"name":"wp","href":"https:\/\/api.w.org\/{rel}","templated":true}]}}