{"id":49163,"date":"2020-11-19T00:00:21","date_gmt":"2020-11-18T23:00:21","guid":{"rendered":"http:\/\/www.rassegnastampa-totustuus.it\/cattolica\/?p=49163"},"modified":"2020-11-14T12:04:13","modified_gmt":"2020-11-14T11:04:13","slug":"lamerica-di-trump-e-intatta-e-mobilitata-il-conflitto-tra-tecnocrazia-globalista-progressista-e-democrazia-nazionale","status":"publish","type":"post","link":"https:\/\/www.rassegnastampa-totustuus.it\/cattolica\/lamerica-di-trump-e-intatta-e-mobilitata-il-conflitto-tra-tecnocrazia-globalista-progressista-e-democrazia-nazionale\/","title":{"rendered":"L\u2019America di Trump \u00e8 intatta e mobilitata: il conflitto tra tecnocrazia globalista progressista e democrazia nazionale"},"content":{"rendered":"<p style=\"text-align: center;\"><span style=\"color: #000000;\"><strong><a href=\"https:\/\/www.rassegnastampa-totustuus.it\/cattolica\/wp-content\/uploads\/2020\/11\/Usa_elezioni-1.jpg\"><img loading=\"lazy\" decoding=\"async\" class=\"size-full wp-image-49072 alignleft\" src=\"https:\/\/www.rassegnastampa-totustuus.it\/cattolica\/wp-content\/uploads\/2020\/11\/Usa_elezioni-1.jpg\" alt=\"\" width=\"275\" height=\"183\"><\/a>Atlantico <\/strong>13 Novembre 2020 <strong>&nbsp;<\/strong><\/span><\/p>\n<p style=\"text-align: center;\"><span style=\"color: #000000;\">di <strong>Federico PunzI<\/strong>,<\/span><\/p>\n<p style=\"text-align: justify;\"><span style=\"color: #000000;\">Mentre riconteggi e iniziative legali fanno il loro corso, e torneremo ad occuparcene (una seconda ordinanza favorevole a Trump, sebbene non decisiva, \u00e8 arrivata ieri sera), \u00e8 tempo di analisi che a prescindere dall\u2019esito finale restano a nostro avviso valide (come il<\/span> <span style=\"color: #0000ff;\"><a style=\"color: #0000ff;\" href=\"http:\/\/www.atlanticoquotidiano.it\/quotidiano\/grazie-a-trump-e-oltre-trump-bilancio-di-una-presidenza-feconda-di-successi-e-di-lascito-futuro\/\" target=\"_blank\" rel=\"noopener noreferrer\">bilancio della presidenza Trump<\/a><\/span> <span style=\"color: #000000;\">firmato da Marco Faraci). <\/span><\/p>\n<p><!--more--><\/p>\n<p style=\"text-align: justify;\"><span style=\"color: #000000;\">Uno dei temi di questi giorni \u00e8 il \u201csovranismo\u201d: con l\u2019uscita di Trump dalla Casa Bianca \u201csi sgonfier\u00e0\u201d, come ha sostenuto tra gli altri Enrico Letta? Oppure il \u201ctrumpismo\u201d sopravviver\u00e0 a Trump, come hanno osservato alcuni commentatori, considerando la straordinaria performance di voti del presidente uscente? A nostro avviso si continua a scambiare l\u2019effetto per la causa. <\/span><\/p>\n<p style=\"text-align: justify;\"><span style=\"color: #000000;\"><a href=\"https:\/\/www.rassegnastampa-totustuus.it\/cattolica\/wp-content\/uploads\/2016\/11\/Donald_Trump.jpg\"><img loading=\"lazy\" decoding=\"async\" class=\" wp-image-36610 alignright\" src=\"https:\/\/www.rassegnastampa-totustuus.it\/cattolica\/wp-content\/uploads\/2016\/11\/Donald_Trump.jpg\" alt=\"\" width=\"180\" height=\"266\"><\/a>Trump \u00e8 l\u2019effetto di una drammatica polarizzazione politica gi\u00e0 in atto durante i due mandati di Obama, ha dato voce all\u2019America dei dimenticati e degli svantaggiati dalla globalizzazione, e a chi non sopporta pi\u00f9 di sentirsi dire come deve comportarsi, esprimersi e financo pensare, dai sacerdoti del politicamente corretto. <\/span><\/p>\n<p style=\"text-align: justify;\"><span style=\"color: #000000;\">Certo, pu\u00f2 darsi che abbia perso il controllo della pi\u00f9 influente posizione di potere politico, la Casa Bianca, ma quello che in modo sprezzante viene definito \u201csovranismo\u201d o \u201ctrumpismo\u201d esce intatto dalle presidenziali 2020, le sue ragioni persistono. Biden e i Democratici non sono riusciti nemmeno a scalfirlo, nonostante tutta la potenza di fuoco politica e mediatica della sinistra. Anzi, per certi versi, la base elettorale di Trump si \u00e8 persino allargata rispetto al 2016, andando oltre la <em>working class<\/em> bianca. <\/span><\/p>\n<p style=\"text-align: justify;\"><span style=\"color: #000000;\">Ma ha senso chiamare <em>\u201ctrumpismo\u201d<\/em>&nbsp;qualcosa che c\u2019era gi\u00e0 prima di Trump? S\u00ec e no. Vero che Trump lo ha trasformato in un movimento politico, in una coalizione elettorale, e lo ha portato alla Casa Bianca, ma chiamandolo \u201ctrumpismo\u201d si induce all\u2019errore di pensare che sia nato con lui, e con lui sia destinato a sparire. Nulla nei risultati delle presidenziali 2020 autorizza a pensare che le ragioni della grande frattura emersa prepotentemente nel 2016 \u2013 con l\u2019elezione di Trump negli Stati Uniti e Brexit nel Regno Unito \u2013 siano state riassorbite. <\/span><\/p>\n<p style=\"text-align: justify;\"><span style=\"color: #000000;\"><a href=\"https:\/\/www.rassegnastampa-totustuus.it\/cattolica\/wp-content\/uploads\/2005\/07\/americani.jpg\"><img loading=\"lazy\" decoding=\"async\" class=\" wp-image-34823 alignleft\" src=\"https:\/\/www.rassegnastampa-totustuus.it\/cattolica\/wp-content\/uploads\/2005\/07\/americani.jpg\" alt=\"\" width=\"307\" height=\"204\"><\/a>\u00c8 la frattura sociale e culturale profonda descritta da David Goodhart, presente in tutte le societ\u00e0 occidentali a causa delle distorsioni della globalizzazione. Quella tra <em>Anywheres <\/em>e <em>Somewheres<\/em>. Due gruppi sociali legati a valori contrapposti, che vedono il mondo da due diverse prospettive: globalista, cosmopolita il primo; pi\u00f9 locale, comunitario, nazionale il secondo. <\/span><\/p>\n<p style=\"text-align: justify;\"><span style=\"color: #000000;\">Pi\u00f9 istruiti e inclini alla mobilit\u00e0, i primi sono i \u201ccompetenti\u201d, esercitano professioni intellettuali, sono impiegati nel&nbsp;<em>Big Tech<\/em>, abitano nelle grandi metropoli, le loro reti relazionali vanno oltre i confini nazionali, la loro carriera e il loro status sociale prescindono dal territorio in cui vivono, dal benessere e dalla sicurezza della comunit\u00e0 che si trovano intorno ma alla quale di fatto non sentono di appartenere. <\/span><\/p>\n<p style=\"text-align: justify;\"><span style=\"color: #000000;\"><a href=\"https:\/\/www.rassegnastampa-totustuus.it\/cattolica\/wp-content\/uploads\/2020\/11\/Agricoltura_Usa_contadino.jpg\"><img loading=\"lazy\" decoding=\"async\" class=\"size-full wp-image-49164 alignright\" src=\"https:\/\/www.rassegnastampa-totustuus.it\/cattolica\/wp-content\/uploads\/2020\/11\/Agricoltura_Usa_contadino.jpg\" alt=\"\" width=\"299\" height=\"168\"><\/a>Al contrario, i <em>Somewheres <\/em>devono tutto ad essa: sono meno istruiti e le loro vite, attivit\u00e0 e settori produttivi sono radicati in un particolare territorio. Si tratta di agricoltori, operai, piccoli imprenditori, poliziotti. Per costoro restano fondamentali i legami famigliari, locali e nazionali, i valori tradizionali, la sicurezza. <\/span><\/p>\n<p style=\"text-align: justify;\"><span style=\"color: #000000;\">Non sorprende dunque che i primi abbiano pi\u00f9 a cuore ideali pi\u00f9 distanti dalla loro realt\u00e0 quotidiana, come salvare il pianeta dal riscaldamento globale, lottare contro il razzismo, le discriminazioni di genere e orientamento sessuale, e che non si pongano il problema di una immigrazione incontrollata, per loro i confini non esistono o non devono esistere; mentre i secondi sono pi\u00f9 preoccupati dei posti di lavoro e dell\u2019ordine pubblico, ma sono meno ascoltati e rappresentati dall\u2019establishment politico e mediatico, da cui si sentono anzi giudicati e disprezzati e covano quindi un forte risentimento. <\/span><\/p>\n<p style=\"text-align: justify;\"><span style=\"color: #000000;\"><a href=\"https:\/\/www.rassegnastampa-totustuus.it\/cattolica\/wp-content\/uploads\/2020\/08\/Joe_Biden.jpg\"><img loading=\"lazy\" decoding=\"async\" class=\"size-full wp-image-48145 alignleft\" src=\"https:\/\/www.rassegnastampa-totustuus.it\/cattolica\/wp-content\/uploads\/2020\/08\/Joe_Biden.jpg\" alt=\"\" width=\"201\" height=\"251\"><\/a>Sentimenti rafforzati da espressioni come \u201cil 25 aprile dell\u2019America e del mondo\u201d, o \u201cha vinto la democrazia\u201d, che oltre a risultare piuttosto banali e<\/span> <span style=\"color: #000000;\">intellettualmente disoneste, rivelano qualcosa di sottilmente antidemocratico in chi le pronuncia. Primo, si sta implicitamente affermando che quella met\u00e0 del Paese che ha sostenuto Trump \u00e8 fascista e razzista. Secondo, che se avesse vinto Trump, non avrebbe \u201cvinto la democrazia\u201d e quindi non sarebbe stato legittimo. <\/span><\/p>\n<p style=\"text-align: justify;\"><span style=\"color: #000000;\">Ed infatti, \u00e8 esattamente quello che \u00e8 accaduto dal 2016 ad oggi, quando i Democratici e i media di sinistra hanno provato in tutti i modi di delegittimarlo alimentando la bufala del&nbsp;<em>Russiagate&nbsp;<\/em>e accusandolo di razzismo e complicit\u00e0 con i <em>white supremacist<\/em>. Con quale credibilit\u00e0, dopo quattro anni di demonizzazione e fascistizzazione di Trump e dei suoi elettori, Biden pu\u00f2 lanciare oggi appelli all\u2019unit\u00e0? <\/span><\/p>\n<p style=\"text-align: justify;\"><span style=\"color: #000000;\">Carlo Pelanda, su <em>La Verit\u00e0<\/em>, l\u2019ha descritta come una sorta di nuova lotta di classe: un\u2019alleanza tra elites globaliste e sinistra, che controllano i media, contro il ceto produttivo legato al territorio e alle produzioni tradizionali. Un conflitto non solo tra citt\u00e0 e campagna \u2013 \u201crappresentazione finalizzata a demonizzare il ceto produttivo per la bassa scolarizzazione\u201d \u2013 ma tra \u201cdue modi di accesso alla ricchezza\u201d. <\/span><\/p>\n<p style=\"text-align: justify;\"><span style=\"color: #000000;\"><a href=\"https:\/\/www.rassegnastampa-totustuus.it\/cattolica\/wp-content\/uploads\/2019\/06\/green-new-deal.jpg\"><img loading=\"lazy\" decoding=\"async\" class=\" wp-image-43263 alignright\" src=\"https:\/\/www.rassegnastampa-totustuus.it\/cattolica\/wp-content\/uploads\/2019\/06\/green-new-deal.jpg\" alt=\"\" width=\"295\" height=\"216\"><\/a>Le elites finanziarie e <em>Big Tech<\/em> \u201cpuntano a posizioni monopolistiche o di cartello per le quali hanno bisogno di complicit\u00e0 politiche\u201d. Complicit\u00e0 che trovano a sinistra, dove \u201cprevale un concetto <em>passivo<\/em> di accesso alla ricchezza per diritto\u201d (sussidi e salario minimo). Quella che Pelanda descrive \u00e8 una manovra a tenaglia contro \u201cil ceto produttivo incline a trovare accesso alla ricchezza in modi <em>attivi<\/em>, accettandone rischi e fatiche\u201d, che viene sfidato da una parte dalla globalizzazione, dalla <em>green<\/em> e <em>new economy<\/em>, dalla delocalizzazione; dall\u2019altra \u201cda una crescente massa di <em>passivi<\/em>, sia non poveri sia impoveriti, organizzata politicamente dalla sinistra sostenuta strumentalmente da oligarchie economiche\u201d, sia per loro vantaggio sia \u201cper non esporsi a dissensi\u201d. <\/span><\/p>\n<p style=\"text-align: justify;\"><span style=\"color: #000000;\">L\u2019oligarca \u201caiuta\u201d la sinistra assistenzialista a vincere, \u201caffinch\u00e9 il meno abbiente non gli rompa le scatole\u201d, e \u201crecita banalit\u00e0 buoniste e ambientaliste\u201d. Da un punto di vista pi\u00f9 ideologico, la frattura \u00e8 tra tecnocrazia cosmopolita progressista e democrazia nazionale. <\/span><\/p>\n<p style=\"text-align: justify;\"><span style=\"color: #000000;\">Da una parte, si punta ad una governance globale dei processi economici e sociali, sempre pi\u00f9 sottratti al controllo democratico dei territori, ricompensati con una promessa di redistribuzione della ricchezza e di \u201cnuovi diritti\u201d; dall\u2019altra, la difesa della sovranit\u00e0 e delle prerogative delle istituzioni democratiche espressione dei territori, dei loro interessi e della loro identit\u00e0. <\/span><\/p>\n<p style=\"text-align: justify;\"><span style=\"color: #000000;\"><a href=\"https:\/\/www.rassegnastampa-totustuus.it\/cattolica\/wp-content\/uploads\/2019\/10\/massa_eguaglianza.jpg\"><img loading=\"lazy\" decoding=\"async\" class=\" wp-image-44765 alignleft\" src=\"https:\/\/www.rassegnastampa-totustuus.it\/cattolica\/wp-content\/uploads\/2019\/10\/massa_eguaglianza.jpg\" alt=\"\" width=\"306\" height=\"226\"><\/a>Ma il \u201cmondo nuovo\u201d globalizzato richiede anche un \u201cuomo nuovo\u201d, rimodellato dal politicamente corretto e dalla <em>cancel culture<\/em>, alienato dalla propria cultura d\u2019origine, \u201cbianca\u201d e occidentale, quindi razzista, e dai vecchi vincoli di solidariet\u00e0 nazionale. I globalisti sono fiduciosi che il mondo globalizzato abbraccer\u00e0 i principi liberaldemocratici, ma l\u2019esempio cinese li ha smentiti e la storia \u2013 che si vorrebbe cancellare \u2013 dimostra che democrazia e liberalismo si sono affermati e sono evoluti all\u2019interno della cornice dello stato-nazione. <\/span><span style=\"color: #000000;\">E nel frattempo, le loro politiche producono esiti illiberali (dirigismo economico, ingegneria sociale, assistenzialismo). <\/span><\/p>\n<p style=\"text-align: justify;\"><span style=\"color: #000000;\">Trump \u00e8 stato fino ad oggi il leader pi\u00f9 capace, grazie anche al sistema elettorale Usa, di rappresentare le istanze dei <em>Somewheres<\/em> e dei <em>Forgotten Man<\/em>, e farsi loro portabandiera. L\u2019establishment politico ed economico che ha guidato i Paesi occidentali nella globalizzazione non ha ancora indicato una via credibile per una ricomposizione di questa frattura, ammesso che sia questa l\u2019intenzione. <\/span><\/p>\n<p style=\"text-align: justify;\"><span style=\"color: #000000;\"><a href=\"https:\/\/www.rassegnastampa-totustuus.it\/cattolica\/wp-content\/uploads\/2017\/01\/Trump_Cina.jpg\"><img loading=\"lazy\" decoding=\"async\" class=\"size-full wp-image-37066 alignright\" src=\"https:\/\/www.rassegnastampa-totustuus.it\/cattolica\/wp-content\/uploads\/2017\/01\/Trump_Cina.jpg\" alt=\"\" width=\"278\" height=\"181\"><\/a>Mentre destra e sinistra tradizionali sono state assorbite piuttosto facilmente, ha invece puntato sulla demonizzazione e delegittimazione di Trump, aumentando la pressione sociale, rendendo sempre pi\u00f9 alto per il cittadino americano il \u201ccosto reputazionale\u201d di sostenere il presidente, nella convinzione che quella del 2016 fosse una fiammata, un ultimo colpo di coda. Le presidenziali del 2020 mostrano che non \u00e8 cos\u00ec. Non c\u2019\u00e8 stato alcun rigetto di Trump. La \u201csua\u201d America c\u2019\u00e8. Forte, orgogliosa, mobilitata. <\/span><\/p>\n<p style=\"text-align: justify;\"><span style=\"color: #000000;\">La preannunciata \u201conda blu\u201d non si \u00e8 sollevata, al contrario Trump \u00e8 stato inaspettatamente in partita, fino all\u2019ultimo, e ha davvero sfiorato l\u2019impresa, la<\/span> <span style=\"color: #0000ff;\"><em><a style=\"color: #0000ff;\" href=\"http:\/\/www.atlanticoquotidiano.it\/quotidiano\/mission-impossible-2-per-trump-unimpresa-piu-dura-del-2016-ecco-i-fattori-che-decideranno-la-corsa-alla-casa-bianca\/\" target=\"_blank\" rel=\"noopener noreferrer\">Mission Impossible 2<\/a><\/em><\/span>. <span style=\"color: #000000;\">La sua presidenza \u00e8 stata promossa, non bocciata, dal suo blocco elettorale. <\/span><\/p>\n<p style=\"text-align: justify;\"><span style=\"color: #000000;\"><a href=\"https:\/\/www.rassegnastampa-totustuus.it\/cattolica\/wp-content\/uploads\/2020\/11\/Usa_operai.jpg\"><img loading=\"lazy\" decoding=\"async\" class=\" wp-image-49165 alignleft\" src=\"https:\/\/www.rassegnastampa-totustuus.it\/cattolica\/wp-content\/uploads\/2020\/11\/Usa_operai.jpg\" alt=\"\" width=\"337\" height=\"224\"><\/a>Ha mantenuto molte promesse: una radicale&nbsp;<em>deregulation<\/em>, il pi\u00f9 grande taglio di tasse dell\u2019epoca della globalizzazione, la piena occupazione, indipendenza energetica, nuovi accordi commerciali, confronto con la Cina. La <em>Trumponomics<\/em> ha funzionato ed \u00e8 andata a beneficio dell\u2019intera nazione, \u00e8 stato il periodo pi\u00f9 prospero per le \u201cminoranze\u201d, come mostrano i livelli record di occupazione di donne, afroamericani e ispanici, elettori tradizionalmente Democratici.<\/span><\/p>\n<p style=\"text-align: justify;\"><span style=\"color: #0000ff;\"><a style=\"color: #0000ff;\" href=\"http:\/\/www.atlanticoquotidiano.it\/quotidiano\/grazie-a-trump-e-oltre-trump-bilancio-di-una-presidenza-feconda-di-successi-e-di-lascito-futuro\/\" target=\"_blank\" rel=\"noopener noreferrer\">Come ha osservato Marco Faraci<\/a>,<\/span> <span style=\"color: #000000;\">la strada intrapresa, rendere evidente che le idee conservatrici funzionano per tutti e non solo per la vecchia \u201cAmerica bianca\u201d, \u00e8 quella giusta per ampliare la base politica del Gop. Dunque, Trump non \u00e8 stato affatto una sciagura per il Gop. Questo dovrebbe essere ormai un dato acquisito. Infatti \u00e8 in partita per salvare la sua maggioranza al Senato e ha conquistato diversi seggi alla Camera, dove secondo tutte le previsioni avrebbe dovuto sfondare il Partito democratico. <\/span><\/p>\n<p style=\"text-align: justify;\"><span style=\"color: #000000;\"><a href=\"https:\/\/www.rassegnastampa-totustuus.it\/cattolica\/wp-content\/uploads\/2020\/11\/Usa_elezioni_Trump.jpg\"><img loading=\"lazy\" decoding=\"async\" class=\" wp-image-49166 alignright\" src=\"https:\/\/www.rassegnastampa-totustuus.it\/cattolica\/wp-content\/uploads\/2020\/11\/Usa_elezioni_Trump.jpg\" alt=\"\" width=\"304\" height=\"206\"><\/a>Una delle ragioni per cui influenti pezzi dell\u2019establishment repubbicano hanno combattuto Trump era la convinzione che con lui il Gop sarebbe diventato il partito degli uomini, bianchi ed eterosessuali, facendo affondare i consensi tra le donne e le minoranze. Non \u00e8 accaduto. Al contrario, la notizia \u00e8 la considerevole crescita di consensi tra afroamericani, ispanici e altre minoranze. <\/span><\/p>\n<p style=\"text-align: justify;\"><span style=\"color: #000000;\">Un\u2019altra notizia ancora pi\u00f9 emblematica, \u00e8 che tutti o quasi i candidati Repubblicani che hanno strappato seggi della Camera (una decina) ai Democratici sono donne e\/o appartengono a minoranze. Anche se dovesse essere confermata l\u2019elezione di Biden, Trump ha condotto il partito nella direzione da molti auspicata. <\/span><\/p>\n<p style=\"text-align: justify;\"><span style=\"color: #000000;\"><a href=\"https:\/\/www.rassegnastampa-totustuus.it\/cattolica\/wp-content\/uploads\/2019\/09\/Usa_Cina.jpg\"><img loading=\"lazy\" decoding=\"async\" class=\" wp-image-44438 alignleft\" src=\"https:\/\/www.rassegnastampa-totustuus.it\/cattolica\/wp-content\/uploads\/2019\/09\/Usa_Cina-300x169.jpg\" alt=\"\" width=\"334\" height=\"188\" srcset=\"https:\/\/www.rassegnastampa-totustuus.it\/cattolica\/wp-content\/uploads\/2019\/09\/Usa_Cina-300x169.jpg 300w, https:\/\/www.rassegnastampa-totustuus.it\/cattolica\/wp-content\/uploads\/2019\/09\/Usa_Cina.jpg 750w\" sizes=\"auto, (max-width: 334px) 100vw, 334px\" \/><\/a>La sensazione \u00e8 che pi\u00f9 dei cambiamenti demografici, il Gop debba temere il vero e proprio assedio culturale e mediatico e la propria accondiscendenza. C\u2019\u00e8 un esito paradossale per\u00f2 della pandemia causata dal virus venuto dalla Cina: da una parte, ha intaccato la fiducia nelle sorti magnifiche e progressive della globalizzazione, mostrando limiti e rischi dell\u2019interdipendenza economica e commerciale con regimi inaffidabili e totalitari come quello di Pechino, tanto da introdurre il dibattito sul <em>decoupling <\/em>delle catene di fornitura; dall\u2019altra, pare aver fatto fuori il leader mondiale che pi\u00f9 di ogni altro aveva esposto quei limiti e sfidato l\u2019ascesa della Cina, e ha colpito ancor pi\u00f9 pesantemente proprio i ceti produttivi gi\u00e0 malconci per gli effetti della globalizzazione. <\/span><\/p>\n<p style=\"text-align: justify;\"><span style=\"color: #000000;\">Dunque, la pandemia potrebbe accelerare il processo di deglobalizzazione o la correzione delle distorsioni, ma avendo indebolito politicamente le forze che spingono in quella direzione, potremmo anche assistere, al contrario, ad un tentativo di rilancio della globalizzazione.<\/span><\/p>\n","protected":false},"excerpt":{"rendered":"<p>Atlantico 13 Novembre 2020 &nbsp; di Federico PunzI, Mentre riconteggi e iniziative legali fanno il loro corso, e torneremo ad occuparcene (una seconda ordinanza favorevole a Trump, sebbene non decisiva, \u00e8 arrivata ieri sera), \u00e8 tempo di analisi che a prescindere dall\u2019esito finale restano a nostro avviso valide (come il bilancio della presidenza Trump firmato &hellip; <\/p>\n<p><a class=\"more-link btn\" href=\"https:\/\/www.rassegnastampa-totustuus.it\/cattolica\/lamerica-di-trump-e-intatta-e-mobilitata-il-conflitto-tra-tecnocrazia-globalista-progressista-e-democrazia-nazionale\/\">Continua a leggere<\/a><\/p>\n","protected":false},"author":6,"featured_media":49171,"comment_status":"closed","ping_status":"closed","sticky":false,"template":"","format":"standard","meta":{"footnotes":""},"categories":[108,19,76],"tags":[2523,1298,545,148,2401],"class_list":["post-49163","post","type-post","status-publish","format-standard","has-post-thumbnail","hentry","category-paesi-e-continenti","category-politica-internazionale","category-stati-uniti","tag-donald-trump","tag-elezioni-presidenziali","tag-paesi-e-continenti-2","tag-politica-internazionale-2","tag-stati-uniti","item-wrap"],"yoast_head":"<!-- This site is optimized with the Yoast SEO plugin v27.5 - https:\/\/yoast.com\/product\/yoast-seo-wordpress\/ -->\n<title>L\u2019America di Trump \u00e8 intatta e mobilitata: il conflitto tra tecnocrazia globalista progressista e democrazia nazionale - Rassegna Stampa Cattolica<\/title>\n<meta name=\"description\" content=\"Rassegna Stampa Cattolica - Per una cultura che nasce dalla Rivelazione cristiana in conformit\u00e0 alla tradizione e al Magistero della Chiesa in opposizione ad ogni relativismo e totalitarismo\" \/>\n<meta name=\"robots\" content=\"index, follow, max-snippet:-1, max-image-preview:large, max-video-preview:-1\" \/>\n<link rel=\"canonical\" href=\"https:\/\/www.rassegnastampa-totustuus.it\/cattolica\/lamerica-di-trump-e-intatta-e-mobilitata-il-conflitto-tra-tecnocrazia-globalista-progressista-e-democrazia-nazionale\/\" \/>\n<meta property=\"og:locale\" content=\"it_IT\" \/>\n<meta property=\"og:type\" content=\"article\" \/>\n<meta property=\"og:title\" content=\"L\u2019America di Trump \u00e8 intatta e mobilitata: il conflitto tra tecnocrazia globalista progressista e democrazia nazionale - Rassegna Stampa Cattolica\" \/>\n<meta property=\"og:description\" content=\"Rassegna Stampa Cattolica - Per una cultura che nasce dalla Rivelazione cristiana in conformit\u00e0 alla tradizione e al Magistero della Chiesa in opposizione ad ogni relativismo e totalitarismo\" \/>\n<meta property=\"og:url\" content=\"https:\/\/www.rassegnastampa-totustuus.it\/cattolica\/lamerica-di-trump-e-intatta-e-mobilitata-il-conflitto-tra-tecnocrazia-globalista-progressista-e-democrazia-nazionale\/\" \/>\n<meta property=\"og:site_name\" content=\"Rassegna Stampa Cattolica\" \/>\n<meta property=\"article:publisher\" content=\"https:\/\/www.facebook.com\/rassegnastampacattolica\" \/>\n<meta property=\"article:published_time\" content=\"2020-11-18T23:00:21+00:00\" \/>\n<meta property=\"og:image\" content=\"https:\/\/www.rassegnastampa-totustuus.it\/cattolica\/wp-content\/uploads\/2020\/11\/elezioni_Usa_2020.png\" \/>\n\t<meta property=\"og:image:width\" content=\"1300\" \/>\n\t<meta property=\"og:image:height\" content=\"682\" \/>\n\t<meta property=\"og:image:type\" content=\"image\/png\" \/>\n<meta name=\"author\" content=\"Redazione\" \/>\n<meta name=\"twitter:card\" content=\"summary_large_image\" \/>\n<meta name=\"twitter:creator\" content=\"@rassegnastampa9\" \/>\n<meta name=\"twitter:site\" content=\"@rassegnastampa9\" \/>\n<meta name=\"twitter:label1\" content=\"Scritto da\" \/>\n\t<meta name=\"twitter:data1\" content=\"Redazione\" \/>\n\t<meta name=\"twitter:label2\" content=\"Tempo di lettura stimato\" \/>\n\t<meta name=\"twitter:data2\" content=\"8 minuti\" \/>\n<script type=\"application\/ld+json\" class=\"yoast-schema-graph\">{\"@context\":\"https:\\\/\\\/schema.org\",\"@graph\":[{\"@type\":\"Article\",\"@id\":\"https:\\\/\\\/www.rassegnastampa-totustuus.it\\\/cattolica\\\/lamerica-di-trump-e-intatta-e-mobilitata-il-conflitto-tra-tecnocrazia-globalista-progressista-e-democrazia-nazionale\\\/#article\",\"isPartOf\":{\"@id\":\"https:\\\/\\\/www.rassegnastampa-totustuus.it\\\/cattolica\\\/lamerica-di-trump-e-intatta-e-mobilitata-il-conflitto-tra-tecnocrazia-globalista-progressista-e-democrazia-nazionale\\\/\"},\"author\":{\"name\":\"Redazione\",\"@id\":\"https:\\\/\\\/www.rassegnastampa-totustuus.it\\\/cattolica\\\/#\\\/schema\\\/person\\\/08f319d2bd1a0904ad9e2bfb7b15e5c3\"},\"headline\":\"L\u2019America di Trump \u00e8 intatta e mobilitata: il conflitto tra tecnocrazia globalista progressista e democrazia nazionale\",\"datePublished\":\"2020-11-18T23:00:21+00:00\",\"mainEntityOfPage\":{\"@id\":\"https:\\\/\\\/www.rassegnastampa-totustuus.it\\\/cattolica\\\/lamerica-di-trump-e-intatta-e-mobilitata-il-conflitto-tra-tecnocrazia-globalista-progressista-e-democrazia-nazionale\\\/\"},\"wordCount\":1687,\"publisher\":{\"@id\":\"https:\\\/\\\/www.rassegnastampa-totustuus.it\\\/cattolica\\\/#organization\"},\"image\":{\"@id\":\"https:\\\/\\\/www.rassegnastampa-totustuus.it\\\/cattolica\\\/lamerica-di-trump-e-intatta-e-mobilitata-il-conflitto-tra-tecnocrazia-globalista-progressista-e-democrazia-nazionale\\\/#primaryimage\"},\"thumbnailUrl\":\"https:\\\/\\\/www.rassegnastampa-totustuus.it\\\/cattolica\\\/wp-content\\\/uploads\\\/2020\\\/11\\\/elezioni_Usa_2020.png\",\"keywords\":[\"Donald Trump\",\"elezioni presidenziali\",\"paesi e continenti\",\"politica internazionale\",\"Stati Uniti\"],\"articleSection\":[\"Paesi e continenti\",\"Politica internazionale\",\"Stati Uniti\"],\"inLanguage\":\"it-IT\"},{\"@type\":\"WebPage\",\"@id\":\"https:\\\/\\\/www.rassegnastampa-totustuus.it\\\/cattolica\\\/lamerica-di-trump-e-intatta-e-mobilitata-il-conflitto-tra-tecnocrazia-globalista-progressista-e-democrazia-nazionale\\\/\",\"url\":\"https:\\\/\\\/www.rassegnastampa-totustuus.it\\\/cattolica\\\/lamerica-di-trump-e-intatta-e-mobilitata-il-conflitto-tra-tecnocrazia-globalista-progressista-e-democrazia-nazionale\\\/\",\"name\":\"L\u2019America di Trump \u00e8 intatta e mobilitata: il conflitto tra tecnocrazia globalista progressista e democrazia nazionale - Rassegna Stampa Cattolica\",\"isPartOf\":{\"@id\":\"https:\\\/\\\/www.rassegnastampa-totustuus.it\\\/cattolica\\\/#website\"},\"primaryImageOfPage\":{\"@id\":\"https:\\\/\\\/www.rassegnastampa-totustuus.it\\\/cattolica\\\/lamerica-di-trump-e-intatta-e-mobilitata-il-conflitto-tra-tecnocrazia-globalista-progressista-e-democrazia-nazionale\\\/#primaryimage\"},\"image\":{\"@id\":\"https:\\\/\\\/www.rassegnastampa-totustuus.it\\\/cattolica\\\/lamerica-di-trump-e-intatta-e-mobilitata-il-conflitto-tra-tecnocrazia-globalista-progressista-e-democrazia-nazionale\\\/#primaryimage\"},\"thumbnailUrl\":\"https:\\\/\\\/www.rassegnastampa-totustuus.it\\\/cattolica\\\/wp-content\\\/uploads\\\/2020\\\/11\\\/elezioni_Usa_2020.png\",\"datePublished\":\"2020-11-18T23:00:21+00:00\",\"description\":\"Rassegna Stampa Cattolica - Per una cultura che nasce dalla Rivelazione cristiana in conformit\u00e0 alla tradizione e al Magistero della Chiesa in opposizione ad ogni relativismo e totalitarismo\",\"breadcrumb\":{\"@id\":\"https:\\\/\\\/www.rassegnastampa-totustuus.it\\\/cattolica\\\/lamerica-di-trump-e-intatta-e-mobilitata-il-conflitto-tra-tecnocrazia-globalista-progressista-e-democrazia-nazionale\\\/#breadcrumb\"},\"inLanguage\":\"it-IT\",\"potentialAction\":[{\"@type\":\"ReadAction\",\"target\":[\"https:\\\/\\\/www.rassegnastampa-totustuus.it\\\/cattolica\\\/lamerica-di-trump-e-intatta-e-mobilitata-il-conflitto-tra-tecnocrazia-globalista-progressista-e-democrazia-nazionale\\\/\"]}]},{\"@type\":\"ImageObject\",\"inLanguage\":\"it-IT\",\"@id\":\"https:\\\/\\\/www.rassegnastampa-totustuus.it\\\/cattolica\\\/lamerica-di-trump-e-intatta-e-mobilitata-il-conflitto-tra-tecnocrazia-globalista-progressista-e-democrazia-nazionale\\\/#primaryimage\",\"url\":\"https:\\\/\\\/www.rassegnastampa-totustuus.it\\\/cattolica\\\/wp-content\\\/uploads\\\/2020\\\/11\\\/elezioni_Usa_2020.png\",\"contentUrl\":\"https:\\\/\\\/www.rassegnastampa-totustuus.it\\\/cattolica\\\/wp-content\\\/uploads\\\/2020\\\/11\\\/elezioni_Usa_2020.png\",\"width\":1300,\"height\":682},{\"@type\":\"BreadcrumbList\",\"@id\":\"https:\\\/\\\/www.rassegnastampa-totustuus.it\\\/cattolica\\\/lamerica-di-trump-e-intatta-e-mobilitata-il-conflitto-tra-tecnocrazia-globalista-progressista-e-democrazia-nazionale\\\/#breadcrumb\",\"itemListElement\":[{\"@type\":\"ListItem\",\"position\":1,\"name\":\"Home\",\"item\":\"https:\\\/\\\/www.rassegnastampa-totustuus.it\\\/cattolica\\\/\"},{\"@type\":\"ListItem\",\"position\":2,\"name\":\"L\u2019America di Trump \u00e8 intatta e mobilitata: il conflitto tra tecnocrazia globalista progressista e democrazia nazionale\"}]},{\"@type\":\"WebSite\",\"@id\":\"https:\\\/\\\/www.rassegnastampa-totustuus.it\\\/cattolica\\\/#website\",\"url\":\"https:\\\/\\\/www.rassegnastampa-totustuus.it\\\/cattolica\\\/\",\"name\":\"Rassegna Stampa Cattolica\",\"description\":\"Per una cultura che nasce dalla Rivelazione cristiana in conformit\u00e0 alla tradizione e al Magistero della Chiesa in opposizione ad ogni relativismo e totalitarismo\",\"publisher\":{\"@id\":\"https:\\\/\\\/www.rassegnastampa-totustuus.it\\\/cattolica\\\/#organization\"},\"alternateName\":\"Rass. Cattolica\",\"potentialAction\":[{\"@type\":\"SearchAction\",\"target\":{\"@type\":\"EntryPoint\",\"urlTemplate\":\"https:\\\/\\\/www.rassegnastampa-totustuus.it\\\/cattolica\\\/?s={search_term_string}\"},\"query-input\":{\"@type\":\"PropertyValueSpecification\",\"valueRequired\":true,\"valueName\":\"search_term_string\"}}],\"inLanguage\":\"it-IT\"},{\"@type\":\"Organization\",\"@id\":\"https:\\\/\\\/www.rassegnastampa-totustuus.it\\\/cattolica\\\/#organization\",\"name\":\"Rassegna Stampa Cattolica\",\"url\":\"https:\\\/\\\/www.rassegnastampa-totustuus.it\\\/cattolica\\\/\",\"logo\":{\"@type\":\"ImageObject\",\"inLanguage\":\"it-IT\",\"@id\":\"https:\\\/\\\/www.rassegnastampa-totustuus.it\\\/cattolica\\\/#\\\/schema\\\/logo\\\/image\\\/\",\"url\":\"https:\\\/\\\/www.rassegnastampa-totustuus.it\\\/cattolica\\\/wp-content\\\/uploads\\\/2014\\\/04\\\/logo-rassegna1.gif\",\"contentUrl\":\"https:\\\/\\\/www.rassegnastampa-totustuus.it\\\/cattolica\\\/wp-content\\\/uploads\\\/2014\\\/04\\\/logo-rassegna1.gif\",\"width\":600,\"height\":163,\"caption\":\"Rassegna Stampa Cattolica\"},\"image\":{\"@id\":\"https:\\\/\\\/www.rassegnastampa-totustuus.it\\\/cattolica\\\/#\\\/schema\\\/logo\\\/image\\\/\"},\"sameAs\":[\"https:\\\/\\\/www.facebook.com\\\/rassegnastampacattolica\",\"https:\\\/\\\/x.com\\\/rassegnastampa9\"]},{\"@type\":\"Person\",\"@id\":\"https:\\\/\\\/www.rassegnastampa-totustuus.it\\\/cattolica\\\/#\\\/schema\\\/person\\\/08f319d2bd1a0904ad9e2bfb7b15e5c3\",\"name\":\"Redazione\",\"image\":{\"@type\":\"ImageObject\",\"inLanguage\":\"it-IT\",\"@id\":\"https:\\\/\\\/secure.gravatar.com\\\/avatar\\\/2fcdf27c78ea025fbdb44e914cc63c72249ffec9dc8aafd5c82b26240ef3f346?s=96&d=mm&r=g\",\"url\":\"https:\\\/\\\/secure.gravatar.com\\\/avatar\\\/2fcdf27c78ea025fbdb44e914cc63c72249ffec9dc8aafd5c82b26240ef3f346?s=96&d=mm&r=g\",\"contentUrl\":\"https:\\\/\\\/secure.gravatar.com\\\/avatar\\\/2fcdf27c78ea025fbdb44e914cc63c72249ffec9dc8aafd5c82b26240ef3f346?s=96&d=mm&r=g\",\"caption\":\"Redazione\"},\"url\":\"https:\\\/\\\/www.rassegnastampa-totustuus.it\\\/cattolica\\\/author\\\/pietroelle\\\/\"}]}<\/script>\n<!-- \/ Yoast SEO plugin. -->","yoast_head_json":{"title":"L\u2019America di Trump \u00e8 intatta e mobilitata: il conflitto tra tecnocrazia globalista progressista e democrazia nazionale - Rassegna Stampa Cattolica","description":"Rassegna Stampa Cattolica - Per una cultura che nasce dalla Rivelazione cristiana in conformit\u00e0 alla tradizione e al Magistero della Chiesa in opposizione ad ogni relativismo e totalitarismo","robots":{"index":"index","follow":"follow","max-snippet":"max-snippet:-1","max-image-preview":"max-image-preview:large","max-video-preview":"max-video-preview:-1"},"canonical":"https:\/\/www.rassegnastampa-totustuus.it\/cattolica\/lamerica-di-trump-e-intatta-e-mobilitata-il-conflitto-tra-tecnocrazia-globalista-progressista-e-democrazia-nazionale\/","og_locale":"it_IT","og_type":"article","og_title":"L\u2019America di Trump \u00e8 intatta e mobilitata: il conflitto tra tecnocrazia globalista progressista e democrazia nazionale - Rassegna Stampa Cattolica","og_description":"Rassegna Stampa Cattolica - Per una cultura che nasce dalla Rivelazione cristiana in conformit\u00e0 alla tradizione e al Magistero della Chiesa in opposizione ad ogni relativismo e totalitarismo","og_url":"https:\/\/www.rassegnastampa-totustuus.it\/cattolica\/lamerica-di-trump-e-intatta-e-mobilitata-il-conflitto-tra-tecnocrazia-globalista-progressista-e-democrazia-nazionale\/","og_site_name":"Rassegna Stampa Cattolica","article_publisher":"https:\/\/www.facebook.com\/rassegnastampacattolica","article_published_time":"2020-11-18T23:00:21+00:00","og_image":[{"width":1300,"height":682,"url":"https:\/\/www.rassegnastampa-totustuus.it\/cattolica\/wp-content\/uploads\/2020\/11\/elezioni_Usa_2020.png","type":"image\/png"}],"author":"Redazione","twitter_card":"summary_large_image","twitter_creator":"@rassegnastampa9","twitter_site":"@rassegnastampa9","twitter_misc":{"Scritto da":"Redazione","Tempo di lettura stimato":"8 minuti"},"schema":{"@context":"https:\/\/schema.org","@graph":[{"@type":"Article","@id":"https:\/\/www.rassegnastampa-totustuus.it\/cattolica\/lamerica-di-trump-e-intatta-e-mobilitata-il-conflitto-tra-tecnocrazia-globalista-progressista-e-democrazia-nazionale\/#article","isPartOf":{"@id":"https:\/\/www.rassegnastampa-totustuus.it\/cattolica\/lamerica-di-trump-e-intatta-e-mobilitata-il-conflitto-tra-tecnocrazia-globalista-progressista-e-democrazia-nazionale\/"},"author":{"name":"Redazione","@id":"https:\/\/www.rassegnastampa-totustuus.it\/cattolica\/#\/schema\/person\/08f319d2bd1a0904ad9e2bfb7b15e5c3"},"headline":"L\u2019America di Trump \u00e8 intatta e mobilitata: il conflitto tra tecnocrazia globalista progressista e democrazia nazionale","datePublished":"2020-11-18T23:00:21+00:00","mainEntityOfPage":{"@id":"https:\/\/www.rassegnastampa-totustuus.it\/cattolica\/lamerica-di-trump-e-intatta-e-mobilitata-il-conflitto-tra-tecnocrazia-globalista-progressista-e-democrazia-nazionale\/"},"wordCount":1687,"publisher":{"@id":"https:\/\/www.rassegnastampa-totustuus.it\/cattolica\/#organization"},"image":{"@id":"https:\/\/www.rassegnastampa-totustuus.it\/cattolica\/lamerica-di-trump-e-intatta-e-mobilitata-il-conflitto-tra-tecnocrazia-globalista-progressista-e-democrazia-nazionale\/#primaryimage"},"thumbnailUrl":"https:\/\/www.rassegnastampa-totustuus.it\/cattolica\/wp-content\/uploads\/2020\/11\/elezioni_Usa_2020.png","keywords":["Donald Trump","elezioni presidenziali","paesi e continenti","politica internazionale","Stati Uniti"],"articleSection":["Paesi e continenti","Politica internazionale","Stati Uniti"],"inLanguage":"it-IT"},{"@type":"WebPage","@id":"https:\/\/www.rassegnastampa-totustuus.it\/cattolica\/lamerica-di-trump-e-intatta-e-mobilitata-il-conflitto-tra-tecnocrazia-globalista-progressista-e-democrazia-nazionale\/","url":"https:\/\/www.rassegnastampa-totustuus.it\/cattolica\/lamerica-di-trump-e-intatta-e-mobilitata-il-conflitto-tra-tecnocrazia-globalista-progressista-e-democrazia-nazionale\/","name":"L\u2019America di Trump \u00e8 intatta e mobilitata: il conflitto tra tecnocrazia globalista progressista e democrazia nazionale - Rassegna Stampa Cattolica","isPartOf":{"@id":"https:\/\/www.rassegnastampa-totustuus.it\/cattolica\/#website"},"primaryImageOfPage":{"@id":"https:\/\/www.rassegnastampa-totustuus.it\/cattolica\/lamerica-di-trump-e-intatta-e-mobilitata-il-conflitto-tra-tecnocrazia-globalista-progressista-e-democrazia-nazionale\/#primaryimage"},"image":{"@id":"https:\/\/www.rassegnastampa-totustuus.it\/cattolica\/lamerica-di-trump-e-intatta-e-mobilitata-il-conflitto-tra-tecnocrazia-globalista-progressista-e-democrazia-nazionale\/#primaryimage"},"thumbnailUrl":"https:\/\/www.rassegnastampa-totustuus.it\/cattolica\/wp-content\/uploads\/2020\/11\/elezioni_Usa_2020.png","datePublished":"2020-11-18T23:00:21+00:00","description":"Rassegna Stampa Cattolica - Per una cultura che nasce dalla Rivelazione cristiana in conformit\u00e0 alla tradizione e al Magistero della Chiesa in opposizione ad ogni relativismo e totalitarismo","breadcrumb":{"@id":"https:\/\/www.rassegnastampa-totustuus.it\/cattolica\/lamerica-di-trump-e-intatta-e-mobilitata-il-conflitto-tra-tecnocrazia-globalista-progressista-e-democrazia-nazionale\/#breadcrumb"},"inLanguage":"it-IT","potentialAction":[{"@type":"ReadAction","target":["https:\/\/www.rassegnastampa-totustuus.it\/cattolica\/lamerica-di-trump-e-intatta-e-mobilitata-il-conflitto-tra-tecnocrazia-globalista-progressista-e-democrazia-nazionale\/"]}]},{"@type":"ImageObject","inLanguage":"it-IT","@id":"https:\/\/www.rassegnastampa-totustuus.it\/cattolica\/lamerica-di-trump-e-intatta-e-mobilitata-il-conflitto-tra-tecnocrazia-globalista-progressista-e-democrazia-nazionale\/#primaryimage","url":"https:\/\/www.rassegnastampa-totustuus.it\/cattolica\/wp-content\/uploads\/2020\/11\/elezioni_Usa_2020.png","contentUrl":"https:\/\/www.rassegnastampa-totustuus.it\/cattolica\/wp-content\/uploads\/2020\/11\/elezioni_Usa_2020.png","width":1300,"height":682},{"@type":"BreadcrumbList","@id":"https:\/\/www.rassegnastampa-totustuus.it\/cattolica\/lamerica-di-trump-e-intatta-e-mobilitata-il-conflitto-tra-tecnocrazia-globalista-progressista-e-democrazia-nazionale\/#breadcrumb","itemListElement":[{"@type":"ListItem","position":1,"name":"Home","item":"https:\/\/www.rassegnastampa-totustuus.it\/cattolica\/"},{"@type":"ListItem","position":2,"name":"L\u2019America di Trump \u00e8 intatta e mobilitata: il conflitto tra tecnocrazia globalista progressista e democrazia nazionale"}]},{"@type":"WebSite","@id":"https:\/\/www.rassegnastampa-totustuus.it\/cattolica\/#website","url":"https:\/\/www.rassegnastampa-totustuus.it\/cattolica\/","name":"Rassegna Stampa Cattolica","description":"Per una cultura che nasce dalla Rivelazione cristiana in conformit\u00e0 alla tradizione e al Magistero della Chiesa in opposizione ad ogni relativismo e totalitarismo","publisher":{"@id":"https:\/\/www.rassegnastampa-totustuus.it\/cattolica\/#organization"},"alternateName":"Rass. Cattolica","potentialAction":[{"@type":"SearchAction","target":{"@type":"EntryPoint","urlTemplate":"https:\/\/www.rassegnastampa-totustuus.it\/cattolica\/?s={search_term_string}"},"query-input":{"@type":"PropertyValueSpecification","valueRequired":true,"valueName":"search_term_string"}}],"inLanguage":"it-IT"},{"@type":"Organization","@id":"https:\/\/www.rassegnastampa-totustuus.it\/cattolica\/#organization","name":"Rassegna Stampa Cattolica","url":"https:\/\/www.rassegnastampa-totustuus.it\/cattolica\/","logo":{"@type":"ImageObject","inLanguage":"it-IT","@id":"https:\/\/www.rassegnastampa-totustuus.it\/cattolica\/#\/schema\/logo\/image\/","url":"https:\/\/www.rassegnastampa-totustuus.it\/cattolica\/wp-content\/uploads\/2014\/04\/logo-rassegna1.gif","contentUrl":"https:\/\/www.rassegnastampa-totustuus.it\/cattolica\/wp-content\/uploads\/2014\/04\/logo-rassegna1.gif","width":600,"height":163,"caption":"Rassegna Stampa Cattolica"},"image":{"@id":"https:\/\/www.rassegnastampa-totustuus.it\/cattolica\/#\/schema\/logo\/image\/"},"sameAs":["https:\/\/www.facebook.com\/rassegnastampacattolica","https:\/\/x.com\/rassegnastampa9"]},{"@type":"Person","@id":"https:\/\/www.rassegnastampa-totustuus.it\/cattolica\/#\/schema\/person\/08f319d2bd1a0904ad9e2bfb7b15e5c3","name":"Redazione","image":{"@type":"ImageObject","inLanguage":"it-IT","@id":"https:\/\/secure.gravatar.com\/avatar\/2fcdf27c78ea025fbdb44e914cc63c72249ffec9dc8aafd5c82b26240ef3f346?s=96&d=mm&r=g","url":"https:\/\/secure.gravatar.com\/avatar\/2fcdf27c78ea025fbdb44e914cc63c72249ffec9dc8aafd5c82b26240ef3f346?s=96&d=mm&r=g","contentUrl":"https:\/\/secure.gravatar.com\/avatar\/2fcdf27c78ea025fbdb44e914cc63c72249ffec9dc8aafd5c82b26240ef3f346?s=96&d=mm&r=g","caption":"Redazione"},"url":"https:\/\/www.rassegnastampa-totustuus.it\/cattolica\/author\/pietroelle\/"}]}},"_links":{"self":[{"href":"https:\/\/www.rassegnastampa-totustuus.it\/cattolica\/wp-json\/wp\/v2\/posts\/49163","targetHints":{"allow":["GET"]}}],"collection":[{"href":"https:\/\/www.rassegnastampa-totustuus.it\/cattolica\/wp-json\/wp\/v2\/posts"}],"about":[{"href":"https:\/\/www.rassegnastampa-totustuus.it\/cattolica\/wp-json\/wp\/v2\/types\/post"}],"author":[{"embeddable":true,"href":"https:\/\/www.rassegnastampa-totustuus.it\/cattolica\/wp-json\/wp\/v2\/users\/6"}],"replies":[{"embeddable":true,"href":"https:\/\/www.rassegnastampa-totustuus.it\/cattolica\/wp-json\/wp\/v2\/comments?post=49163"}],"version-history":[{"count":4,"href":"https:\/\/www.rassegnastampa-totustuus.it\/cattolica\/wp-json\/wp\/v2\/posts\/49163\/revisions"}],"predecessor-version":[{"id":49172,"href":"https:\/\/www.rassegnastampa-totustuus.it\/cattolica\/wp-json\/wp\/v2\/posts\/49163\/revisions\/49172"}],"wp:featuredmedia":[{"embeddable":true,"href":"https:\/\/www.rassegnastampa-totustuus.it\/cattolica\/wp-json\/wp\/v2\/media\/49171"}],"wp:attachment":[{"href":"https:\/\/www.rassegnastampa-totustuus.it\/cattolica\/wp-json\/wp\/v2\/media?parent=49163"}],"wp:term":[{"taxonomy":"category","embeddable":true,"href":"https:\/\/www.rassegnastampa-totustuus.it\/cattolica\/wp-json\/wp\/v2\/categories?post=49163"},{"taxonomy":"post_tag","embeddable":true,"href":"https:\/\/www.rassegnastampa-totustuus.it\/cattolica\/wp-json\/wp\/v2\/tags?post=49163"}],"curies":[{"name":"wp","href":"https:\/\/api.w.org\/{rel}","templated":true}]}}