{"id":4916,"date":"2012-03-01T00:00:00","date_gmt":"2012-02-29T23:00:00","guid":{"rendered":""},"modified":"2015-04-22T11:42:12","modified_gmt":"2015-04-22T09:42:12","slug":"la-mi-a-vita-con-trig","status":"publish","type":"post","link":"https:\/\/www.rassegnastampa-totustuus.it\/cattolica\/la-mi-a-vita-con-trig\/","title":{"rendered":"La mi a vita con Trig"},"content":{"rendered":"<div style=\"text-align: center;\"><strong><a href=\"https:\/\/www.rassegnastampa-totustuus.it\/cattolica\/wp-content\/uploads\/2012\/03\/Sarah_Palin.jpg\"><img loading=\"lazy\" decoding=\"async\" class=\"alignright wp-image-23573\" src=\"https:\/\/www.rassegnastampa-totustuus.it\/cattolica\/wp-content\/uploads\/2012\/03\/Sarah_Palin.jpg\" alt=\"Sarah_Palin\" width=\"250\" height=\"169\" \/><\/a>La Bussola quotidiana <\/strong>23 febbraio2012<\/div>\n<p style=\"text-align: justify;\"><em><a href=\"http:\/\/labussolaquotidiana.it\/ita\/articoli-chi--sarah-palin-4599.htm\" target=\"_blank\">Sarah Palin <\/a><\/em>\u00e8 un segno di contraddizione. O la si ama o la si odia. Newsweek<em>, invece, il famosissimo settimanale statunitense diffuso in tutto il mondo, fa entrambe le cose. Per tornaconto, ovvio. <\/em>\u00a0Ma gli \u00e8 comunque che, dopo averla canzonata spesso e in malo modo sulle proprie copertine, oggi alla Palin d\u00e0 <a href=\"http:\/\/www.thedailybeast.com\/newsweek\/2012\/02\/05\/life-with-trig-sarah-palin-on-raising-a-special-needs-child.html\" target=\"_blank\">spazio<\/a> per parlare del suo ultimo nato, il quintogenito: il piccolo Trig, venuto alla luce nel 2008 affetto da sindrome di Down. Il fascicolo di Newsweek<em> su cui la Palin racconta <\/em>(<em>con stile piano, gergo quotidiano, talora vocaboli al limite del dialettale<\/em>)<em> la bella storia della sua bella famiglia \u00e8 lo stesso che in copertina mette l\u2019importante denuncia della guerra che il mondo conduce contro i cristiani firmata da <a href=\"http:\/\/www.labussolaquotidiana.it\/ita\/articoli-se-la-cristianofobia-unoccasione-4516.htm\" target=\"_blank\">Ayaan Hirsi Ali<\/a>. \u00abCi sono pi\u00f9 cose in cielo e in terra, Orazio, di quante ne sogni la tua filosofia\u00bb, diceva William Shakespeare nell\u2019<\/em>Amleto<em>, il quale forse oggi a quel cielo e a quella terra aggiungerebbe pure <\/em>Newsweek<em>.<\/em><\/p>\n<p style=\"text-align: center;\">di <strong>Sarah Palin<\/strong><\/p>\n<p><!--more--><\/p>\n<div style=\"text-align: justify;\">Settimana scorsa, Rick Santorum e la sua famiglia ci hanno ricordato cos\u2019\u00e8 che conta davvero. Quando sua figlia, Bella, di tre anni, nata con la Trisonomia 18, \u00e8 stata ricoverata in ospedale per una polmonite, Rick ha abbandonato il tour elettorale per correre al suo capezzale.<\/div>\n<p style=\"text-align: justify;\">Molti di noi si sono cos\u00ec ritrovati &#8211; nel pieno dell\u2019attuale, caldissimo momento politico &#8211; a pregare tra le lacrime affinch\u00e9 la salute di Bella migliorasse, e a spendere pure qualche preghiera di ringraziamento in pi\u00f9 per l\u2019esempio pubblico offerto da una persona che ha scelto di sacrificarsi per i motivi giusti. Un sacrificio, peraltro, che \u00e8 nelle corde di tutti i genitori e di tutti coloro che si curano dei bambini con bisogni speciali.<\/p>\n<p style=\"text-align: justify;\"><strong>C\u2019\u00e8 un\u2019esperienza che accomuna tutte le famiglie <\/strong>dei bimbi bisognosi di attenzioni particolari, e questa \u00e8 il vivere le gioie, le sfide, le paure e le benedizioni che comporta il crescere questi nostri figli, che noi vediamo perfetti, in questo mondo imperfetto. Durante la campagna per le elezioni presidenziali del 2008, ai cordoni di sicurezza che ci separavano dalla gente in occasione di quei numerosi raduni che chi hanno portato in giro per tutto il Paese, mio marito Todd e io ne abbiamo incontrate moltissime di famiglie e di persone che si occupano di quei bimbi particolari, e di tutte loro non potr\u00f2 mai dimenticarmi. Scattava tra noi un legame immediato: una specie di riconoscimento reciproco che diceva: &#8220;S\u00ec, questi bambini sono preziosi e sono amati. S\u00ec, dobbiamo confrontarci con paure e con sfide nuove, ma i nostri figli sono una benedizione, e il resto del mondo si perde qualcosa a non saperlo&#8221;.<\/p>\n<p style=\"text-align: justify;\"><strong>Ogni genitore fa i salti mortali per conciliare gli impegni <\/strong>del lavoro e le esigenze della famiglia. Le donne lo sanno particolarmente bene. Lungo gli anni ho imparato che le donne &#8220;possono fare tutto&#8221;, solo non tutto subito e assieme. A me l\u2019ha insegnato una scuola fatta di batoste; ma mia madre mi ci aveva preparata bene quando, serenamente, un giorno mi disse che, da madre lavoratrice attiva nella nell\u2019arena rissosa della politica, sarebbe prima o poi giunto il momento di compiere scelte difficili. Lo facciamo tutti di compiere scelte difficili. Ora, nel prendere le decisioni che hanno riguardato la mia carriera, io ho sempre messo al primo posto la mia famiglia, e non me ne sono mai pentita, bench\u00e9 questo abbia a volte significato mettere temporaneamente da parte alcune cose particolari.<\/p>\n<p style=\"text-align: justify;\"><strong>Quando, all\u2019inizio della gravidanza, ho scoperto che mio figlio sarebbe nato <\/strong>con un cromosoma in pi\u00f9, la sindrome di Down che gli fu diagnosticata mi spavent\u00f2 cos\u00ec tanto che per diversi mesi non osai parlare dalla mia situazione. Quel che solo riuscii ancora a fare fu appellarmi a Dio affinch\u00e9 preparasse il mio cuore a ci\u00f2 che mi attendeva. Ebbene, le mie preghiere sono state esaudite ben oltre la mia capacit\u00e0 superficiale di comprendere quale gioia autentica potesse invece essere quella maternit\u00e0. S\u00ec, crescere un bambino con necessit\u00e0 particolari \u00e8 una sfida che non ha pari, e io temo ancora per il futuro di mio figlio Trig, viste le prove a cui la salute e la societ\u00e0 lo sottoporranno; e, ovviamente, alcuni giorni sono ora assai pi\u00f9 difficili da vivere che se avessi un figlio &#8220;normale&#8221;.<\/p>\n<p style=\"text-align: justify;\"><strong>Molte faccende quotidiane<\/strong> &#8211; gli appuntamenti con i dottori, i momenti di convivialit\u00e0, gli accomodamenti per i viaggi e persino i tempi dei pasti o una bella notte di sonno pieno &#8211; sono in questi casi ancora pi\u00f9 difficili; ma alla fine di ogni giornata non scambierei queste difficolt\u00e0 relative per alcun altro vantaggio o per l\u2019assenza della paura. Dio sapeva cosa stava facendo quando ci ha benedetti con Trig. E noi siamo passati dal terrore dell\u2019ignoto dall\u2019ostentare orgogliosi un adesivo, che qualcuno ci aveva mandato, con su scritto: \u00abMio figlio ha pi\u00f9 cromosomi del tuo!\u00bb. Forse non diventer\u00e0 il prossimo Wayne Gretzky (1), ma il nostro cuore \u00e8 orgogliosissimo quando Trig sorride ai peluche delle sue sorelle o si dondola al ritmo dei suoi DVD della serie tiv\u00f9 Little Angels (2), e in quei momenti \u00e8 come se quel piccolino tirasse su la Stanley Cup (3).<\/p>\n<p style=\"text-align: justify;\"><strong>Sicuro, so di essere probabilmente pi\u00f9 fortunata di molti altri <\/strong>perch\u00e9 ho amici che mi vogliono bene e una grande famiglia che mi sostiene e a cui chiedo aiuto, incluso un marito che passa molti notti insonni assieme a quell\u2019irrequieto piccolino (del resto \u00e8 Todd che prepara le pappe di Trig!). C\u2019\u00e8 insomma chi non \u00e8 egualmente fortunato, e questa nostra riconoscenza fa di me una donna pi\u00f9 compassionevole verso gli altri che hanno meno.<\/p>\n<p style=\"text-align: justify;\"><strong>Spesso oggi penso: cosa faremmo senza Trig?<\/strong> Lui \u00e8 il nostro &#8220;tutto ci\u00f2 che conta davvero&#8221;. Oggi Trig ha quasi quattro anni, e ogni mattino, quando si sveglia, si tira su, si frega via il sonno dagli occhietti, si guarda attorno e poi comincia a battere le manine! Accoglie ogni nuovo giorno con un\u2019acclamazione fragorosa e una risata. D\u00e0 una occhiata al creato tutto intorno e applaude come per dire: &#8220;OK mondo, cos\u2019hai in serbo per me oggi?&#8221;.<\/p>\n<p style=\"text-align: justify;\"><strong>La mia famiglia sa che Trig dovr\u00e0 lottare <\/strong>come a pochi di noi toccher\u00e0 mai fare, comprese le persone che sanno essere sul serio crudeli verso coloro che la societ\u00e0 non ritiene &#8220;perfetti&#8221;. Ma quella crudelt\u00e0 \u00e8 pi\u00f9 che compensata quando qualcuno rivolge a nostro figlio anche un semplice sorriso. Nulla mi rende pi\u00f9 orgogliosa. Come ho spiegato in un messaggio scritto per il Giorno del Ringraziamento (4), vedo che succede spesso negli aeroporti. I passeggeri che gli camminano per caso davanti, quando lo vedono buttano subito una seconda occhiata, forse curiosi per l\u2019aria curiosa che Trig ha sul viso; o forse per un attimo mio figlio esercita un\u2019attrazione irrefrenabile che prende di sorpresa le persone che passano di l\u00ec.<\/p>\n<p style=\"text-align: justify;\">Forse, come ha detto un altro bimbo candido e innocente quando ha visto Trig per la prima volta, quelle persone negli aeroporti pensano: \u00ab\u00c8 goffo\u00bb. Ma quando quella gente si ferma a guardare Trig la seconda volta e lui sorride, io mi riempio di orgoglio. Sono cos\u00ec grata per il loro buon cuore. Quelle persone rappresentano il meglio del nostro Paese, e la loro gentilezza mostra la speranza autentica di cui abbiamo bisogno oggi.<\/p>\n<p style=\"text-align: justify;\"><strong>La mia famiglia comprende bene <\/strong>che, nel domani, alcuni giorni saranno migliori di altri. Ma sistemeremo le cose, per farlo ci inventeremo anche i modi pi\u00f9 astrusi, e alla fine la sfangheremo. Trig applaude a ogni nuovo giorno. Questo \u00e8 ci\u00f2 che lui insegna a noi, e questa \u00e8 la nostra priorit\u00e0. E ne siamo benedetti.<\/p>\n<p style=\"text-align: justify;\">______________________<\/p>\n<p style=\"text-align: justify;\"><em>Traduzione dell\u2019articolo <\/em><em><a href=\"http:\/\/www.thedailybeast.com\/newsweek\/2012\/02\/05\/life-with-trig-sarah-palin-on-raising-a-special-needs-child.html\" target=\"_blank\">My Life with Trig<\/a><\/em><em>, in <\/em>Newsweek<em>, vol. <\/em><em>CLIX, n. 7,\u00a0<\/em><em>New York 13-02-2012, pp. 12-13, e note di Marco Respint<\/em>i<\/p>\n<p style=\"text-align: justify;\"><strong>(1)<\/strong> Wayne Douglas Gretzky, classe 1961, prima giocatore e poi allenatore, \u00e8 un &#8220;mito&#8221; dell\u2019<em>hockey <\/em>su ghiaccio.<br \/>\n<strong>(2)<\/strong> <em>Little Angels <\/em>\u00e8 un <em>reality-show <\/em>trasmesso del terzo canale della rete britannica di Stato BBC dal 2004 al 2006 che presenta casi di famiglie i cui figli hanno problemi comportamentali e che alcuni esperti aiutano a superare.<br \/>\n<strong>(3)<\/strong> La Stanley Cup \u00e8 l\u2019amb\u00ecto premio finale del campionato annuale della National Hockey League.<br \/>\n<strong>(4)<\/strong> Il Giorno del Ringraziamento \u00e8 la tradizionale festa religiosa con cui in origine gli americani dei futuri Stati Uniti e Canada mostravano gratitudine per la fine della stagione del raccolto. La tradizione fu inaugurata dai pellegrini puritani giunti sulle coste del Massachusetts nel 1621 a bordo del Mayflower. L\u2019articolo a cui si fa riferimento nel testo \u00e8 stato inviato dall\u2019ex governatrice delliAlaska a <a href=\"http:\/\/blogs.cbn.com\/thebrodyfile\/archive\/2011\/11\/23\/exclusive-sarah-palins-thanksgiving-message.aspx\" target=\"_blank\"><em>The Brody File<\/em><\/a>, il <em>blog <\/em>politico curato, sul sito della rete televisiva evangelicale Christian Broadcasting Network (CBN, di Virginia Beach, in Virginia), da David Brody, corrispondente dalla casa Bianca per la CBN, e l\u00ec pubblicato il 23 novembre 2012.<\/p>\n","protected":false},"excerpt":{"rendered":"<p>La Bussola quotidiana 23 febbraio2012 Sarah Palin \u00e8 un segno di contraddizione. O la si ama o la si odia. Newsweek, invece, il famosissimo settimanale statunitense diffuso in tutto il mondo, fa entrambe le cose. Per tornaconto, ovvio. \u00a0Ma gli \u00e8 comunque che, dopo averla canzonata spesso e in malo modo sulle proprie copertine, oggi &hellip; <\/p>\n<p><a class=\"more-link btn\" href=\"https:\/\/www.rassegnastampa-totustuus.it\/cattolica\/la-mi-a-vita-con-trig\/\">Continua a leggere<\/a><\/p>\n","protected":false},"author":6,"featured_media":23573,"comment_status":"closed","ping_status":"open","sticky":false,"template":"","format":"standard","meta":{"footnotes":""},"categories":[4,18],"tags":[2031,1698],"class_list":["post-4916","post","type-post","status-publish","format-standard","has-post-thumbnail","hentry","category-bioetica","category-personaggi","tag-sarah-palin","tag-testimonianze","item-wrap"],"yoast_head":"<!-- This site is optimized with the Yoast SEO plugin v27.5 - https:\/\/yoast.com\/product\/yoast-seo-wordpress\/ -->\n<title>La mi a vita con Trig - Rassegna Stampa Cattolica<\/title>\n<meta name=\"description\" content=\"Rassegna Stampa Cattolica - Per una cultura che nasce dalla Rivelazione cristiana in conformit\u00e0 alla tradizione e al Magistero della Chiesa in opposizione ad ogni relativismo e totalitarismo\" \/>\n<meta name=\"robots\" content=\"index, follow, max-snippet:-1, max-image-preview:large, max-video-preview:-1\" \/>\n<link rel=\"canonical\" href=\"https:\/\/www.rassegnastampa-totustuus.it\/cattolica\/la-mi-a-vita-con-trig\/\" \/>\n<meta property=\"og:locale\" content=\"it_IT\" \/>\n<meta property=\"og:type\" content=\"article\" \/>\n<meta property=\"og:title\" content=\"La mi a vita con Trig - Rassegna Stampa Cattolica\" \/>\n<meta property=\"og:description\" content=\"Rassegna Stampa Cattolica - Per una cultura che nasce dalla Rivelazione cristiana in conformit\u00e0 alla tradizione e al Magistero della Chiesa in opposizione ad ogni relativismo e totalitarismo\" \/>\n<meta property=\"og:url\" content=\"https:\/\/www.rassegnastampa-totustuus.it\/cattolica\/la-mi-a-vita-con-trig\/\" \/>\n<meta property=\"og:site_name\" content=\"Rassegna Stampa Cattolica\" \/>\n<meta property=\"article:publisher\" content=\"https:\/\/www.facebook.com\/rassegnastampacattolica\" \/>\n<meta property=\"article:published_time\" content=\"2012-02-29T23:00:00+00:00\" \/>\n<meta property=\"article:modified_time\" content=\"2015-04-22T09:42:12+00:00\" \/>\n<meta property=\"og:image\" content=\"https:\/\/www.rassegnastampa-totustuus.it\/cattolica\/wp-content\/uploads\/2012\/03\/Sarah_Palin.jpg\" \/>\n\t<meta property=\"og:image:width\" content=\"273\" \/>\n\t<meta property=\"og:image:height\" content=\"185\" \/>\n\t<meta property=\"og:image:type\" content=\"image\/jpeg\" \/>\n<meta name=\"author\" content=\"Redazione\" \/>\n<meta name=\"twitter:card\" content=\"summary_large_image\" \/>\n<meta name=\"twitter:creator\" content=\"@rassegnastampa9\" \/>\n<meta name=\"twitter:site\" content=\"@rassegnastampa9\" \/>\n<meta name=\"twitter:label1\" content=\"Scritto da\" \/>\n\t<meta name=\"twitter:data1\" content=\"Redazione\" \/>\n\t<meta name=\"twitter:label2\" content=\"Tempo di lettura stimato\" \/>\n\t<meta name=\"twitter:data2\" content=\"7 minuti\" \/>\n<script type=\"application\/ld+json\" class=\"yoast-schema-graph\">{\"@context\":\"https:\\\/\\\/schema.org\",\"@graph\":[{\"@type\":\"Article\",\"@id\":\"https:\\\/\\\/www.rassegnastampa-totustuus.it\\\/cattolica\\\/la-mi-a-vita-con-trig\\\/#article\",\"isPartOf\":{\"@id\":\"https:\\\/\\\/www.rassegnastampa-totustuus.it\\\/cattolica\\\/la-mi-a-vita-con-trig\\\/\"},\"author\":{\"name\":\"Redazione\",\"@id\":\"https:\\\/\\\/www.rassegnastampa-totustuus.it\\\/cattolica\\\/#\\\/schema\\\/person\\\/08f319d2bd1a0904ad9e2bfb7b15e5c3\"},\"headline\":\"La mi a vita con Trig\",\"datePublished\":\"2012-02-29T23:00:00+00:00\",\"dateModified\":\"2015-04-22T09:42:12+00:00\",\"mainEntityOfPage\":{\"@id\":\"https:\\\/\\\/www.rassegnastampa-totustuus.it\\\/cattolica\\\/la-mi-a-vita-con-trig\\\/\"},\"wordCount\":1444,\"publisher\":{\"@id\":\"https:\\\/\\\/www.rassegnastampa-totustuus.it\\\/cattolica\\\/#organization\"},\"image\":{\"@id\":\"https:\\\/\\\/www.rassegnastampa-totustuus.it\\\/cattolica\\\/la-mi-a-vita-con-trig\\\/#primaryimage\"},\"thumbnailUrl\":\"https:\\\/\\\/www.rassegnastampa-totustuus.it\\\/cattolica\\\/wp-content\\\/uploads\\\/2012\\\/03\\\/Sarah_Palin.jpg\",\"keywords\":[\"Sarah Palin\",\"testimonianze\"],\"articleSection\":[\"Bioetica\",\"Personaggi\"],\"inLanguage\":\"it-IT\"},{\"@type\":\"WebPage\",\"@id\":\"https:\\\/\\\/www.rassegnastampa-totustuus.it\\\/cattolica\\\/la-mi-a-vita-con-trig\\\/\",\"url\":\"https:\\\/\\\/www.rassegnastampa-totustuus.it\\\/cattolica\\\/la-mi-a-vita-con-trig\\\/\",\"name\":\"La mi a vita con Trig - Rassegna Stampa Cattolica\",\"isPartOf\":{\"@id\":\"https:\\\/\\\/www.rassegnastampa-totustuus.it\\\/cattolica\\\/#website\"},\"primaryImageOfPage\":{\"@id\":\"https:\\\/\\\/www.rassegnastampa-totustuus.it\\\/cattolica\\\/la-mi-a-vita-con-trig\\\/#primaryimage\"},\"image\":{\"@id\":\"https:\\\/\\\/www.rassegnastampa-totustuus.it\\\/cattolica\\\/la-mi-a-vita-con-trig\\\/#primaryimage\"},\"thumbnailUrl\":\"https:\\\/\\\/www.rassegnastampa-totustuus.it\\\/cattolica\\\/wp-content\\\/uploads\\\/2012\\\/03\\\/Sarah_Palin.jpg\",\"datePublished\":\"2012-02-29T23:00:00+00:00\",\"dateModified\":\"2015-04-22T09:42:12+00:00\",\"description\":\"Rassegna Stampa Cattolica - Per una cultura che nasce dalla Rivelazione cristiana in conformit\u00e0 alla tradizione e al Magistero della Chiesa in opposizione ad ogni relativismo e totalitarismo\",\"breadcrumb\":{\"@id\":\"https:\\\/\\\/www.rassegnastampa-totustuus.it\\\/cattolica\\\/la-mi-a-vita-con-trig\\\/#breadcrumb\"},\"inLanguage\":\"it-IT\",\"potentialAction\":[{\"@type\":\"ReadAction\",\"target\":[\"https:\\\/\\\/www.rassegnastampa-totustuus.it\\\/cattolica\\\/la-mi-a-vita-con-trig\\\/\"]}]},{\"@type\":\"ImageObject\",\"inLanguage\":\"it-IT\",\"@id\":\"https:\\\/\\\/www.rassegnastampa-totustuus.it\\\/cattolica\\\/la-mi-a-vita-con-trig\\\/#primaryimage\",\"url\":\"https:\\\/\\\/www.rassegnastampa-totustuus.it\\\/cattolica\\\/wp-content\\\/uploads\\\/2012\\\/03\\\/Sarah_Palin.jpg\",\"contentUrl\":\"https:\\\/\\\/www.rassegnastampa-totustuus.it\\\/cattolica\\\/wp-content\\\/uploads\\\/2012\\\/03\\\/Sarah_Palin.jpg\",\"width\":273,\"height\":185},{\"@type\":\"BreadcrumbList\",\"@id\":\"https:\\\/\\\/www.rassegnastampa-totustuus.it\\\/cattolica\\\/la-mi-a-vita-con-trig\\\/#breadcrumb\",\"itemListElement\":[{\"@type\":\"ListItem\",\"position\":1,\"name\":\"Home\",\"item\":\"https:\\\/\\\/www.rassegnastampa-totustuus.it\\\/cattolica\\\/\"},{\"@type\":\"ListItem\",\"position\":2,\"name\":\"La mi a vita con Trig\"}]},{\"@type\":\"WebSite\",\"@id\":\"https:\\\/\\\/www.rassegnastampa-totustuus.it\\\/cattolica\\\/#website\",\"url\":\"https:\\\/\\\/www.rassegnastampa-totustuus.it\\\/cattolica\\\/\",\"name\":\"Rassegna Stampa Cattolica\",\"description\":\"Per una cultura che nasce dalla Rivelazione cristiana in conformit\u00e0 alla tradizione e al Magistero della Chiesa in opposizione ad ogni relativismo e totalitarismo\",\"publisher\":{\"@id\":\"https:\\\/\\\/www.rassegnastampa-totustuus.it\\\/cattolica\\\/#organization\"},\"alternateName\":\"Rass. Cattolica\",\"potentialAction\":[{\"@type\":\"SearchAction\",\"target\":{\"@type\":\"EntryPoint\",\"urlTemplate\":\"https:\\\/\\\/www.rassegnastampa-totustuus.it\\\/cattolica\\\/?s={search_term_string}\"},\"query-input\":{\"@type\":\"PropertyValueSpecification\",\"valueRequired\":true,\"valueName\":\"search_term_string\"}}],\"inLanguage\":\"it-IT\"},{\"@type\":\"Organization\",\"@id\":\"https:\\\/\\\/www.rassegnastampa-totustuus.it\\\/cattolica\\\/#organization\",\"name\":\"Rassegna Stampa Cattolica\",\"url\":\"https:\\\/\\\/www.rassegnastampa-totustuus.it\\\/cattolica\\\/\",\"logo\":{\"@type\":\"ImageObject\",\"inLanguage\":\"it-IT\",\"@id\":\"https:\\\/\\\/www.rassegnastampa-totustuus.it\\\/cattolica\\\/#\\\/schema\\\/logo\\\/image\\\/\",\"url\":\"https:\\\/\\\/www.rassegnastampa-totustuus.it\\\/cattolica\\\/wp-content\\\/uploads\\\/2014\\\/04\\\/logo-rassegna1.gif\",\"contentUrl\":\"https:\\\/\\\/www.rassegnastampa-totustuus.it\\\/cattolica\\\/wp-content\\\/uploads\\\/2014\\\/04\\\/logo-rassegna1.gif\",\"width\":600,\"height\":163,\"caption\":\"Rassegna Stampa Cattolica\"},\"image\":{\"@id\":\"https:\\\/\\\/www.rassegnastampa-totustuus.it\\\/cattolica\\\/#\\\/schema\\\/logo\\\/image\\\/\"},\"sameAs\":[\"https:\\\/\\\/www.facebook.com\\\/rassegnastampacattolica\",\"https:\\\/\\\/x.com\\\/rassegnastampa9\"]},{\"@type\":\"Person\",\"@id\":\"https:\\\/\\\/www.rassegnastampa-totustuus.it\\\/cattolica\\\/#\\\/schema\\\/person\\\/08f319d2bd1a0904ad9e2bfb7b15e5c3\",\"name\":\"Redazione\",\"image\":{\"@type\":\"ImageObject\",\"inLanguage\":\"it-IT\",\"@id\":\"https:\\\/\\\/secure.gravatar.com\\\/avatar\\\/2fcdf27c78ea025fbdb44e914cc63c72249ffec9dc8aafd5c82b26240ef3f346?s=96&d=mm&r=g\",\"url\":\"https:\\\/\\\/secure.gravatar.com\\\/avatar\\\/2fcdf27c78ea025fbdb44e914cc63c72249ffec9dc8aafd5c82b26240ef3f346?s=96&d=mm&r=g\",\"contentUrl\":\"https:\\\/\\\/secure.gravatar.com\\\/avatar\\\/2fcdf27c78ea025fbdb44e914cc63c72249ffec9dc8aafd5c82b26240ef3f346?s=96&d=mm&r=g\",\"caption\":\"Redazione\"},\"url\":\"https:\\\/\\\/www.rassegnastampa-totustuus.it\\\/cattolica\\\/author\\\/pietroelle\\\/\"}]}<\/script>\n<!-- \/ Yoast SEO plugin. -->","yoast_head_json":{"title":"La mi a vita con Trig - Rassegna Stampa Cattolica","description":"Rassegna Stampa Cattolica - Per una cultura che nasce dalla Rivelazione cristiana in conformit\u00e0 alla tradizione e al Magistero della Chiesa in opposizione ad ogni relativismo e totalitarismo","robots":{"index":"index","follow":"follow","max-snippet":"max-snippet:-1","max-image-preview":"max-image-preview:large","max-video-preview":"max-video-preview:-1"},"canonical":"https:\/\/www.rassegnastampa-totustuus.it\/cattolica\/la-mi-a-vita-con-trig\/","og_locale":"it_IT","og_type":"article","og_title":"La mi a vita con Trig - Rassegna Stampa Cattolica","og_description":"Rassegna Stampa Cattolica - Per una cultura che nasce dalla Rivelazione cristiana in conformit\u00e0 alla tradizione e al Magistero della Chiesa in opposizione ad ogni relativismo e totalitarismo","og_url":"https:\/\/www.rassegnastampa-totustuus.it\/cattolica\/la-mi-a-vita-con-trig\/","og_site_name":"Rassegna Stampa Cattolica","article_publisher":"https:\/\/www.facebook.com\/rassegnastampacattolica","article_published_time":"2012-02-29T23:00:00+00:00","article_modified_time":"2015-04-22T09:42:12+00:00","og_image":[{"width":273,"height":185,"url":"https:\/\/www.rassegnastampa-totustuus.it\/cattolica\/wp-content\/uploads\/2012\/03\/Sarah_Palin.jpg","type":"image\/jpeg"}],"author":"Redazione","twitter_card":"summary_large_image","twitter_creator":"@rassegnastampa9","twitter_site":"@rassegnastampa9","twitter_misc":{"Scritto da":"Redazione","Tempo di lettura stimato":"7 minuti"},"schema":{"@context":"https:\/\/schema.org","@graph":[{"@type":"Article","@id":"https:\/\/www.rassegnastampa-totustuus.it\/cattolica\/la-mi-a-vita-con-trig\/#article","isPartOf":{"@id":"https:\/\/www.rassegnastampa-totustuus.it\/cattolica\/la-mi-a-vita-con-trig\/"},"author":{"name":"Redazione","@id":"https:\/\/www.rassegnastampa-totustuus.it\/cattolica\/#\/schema\/person\/08f319d2bd1a0904ad9e2bfb7b15e5c3"},"headline":"La mi a vita con Trig","datePublished":"2012-02-29T23:00:00+00:00","dateModified":"2015-04-22T09:42:12+00:00","mainEntityOfPage":{"@id":"https:\/\/www.rassegnastampa-totustuus.it\/cattolica\/la-mi-a-vita-con-trig\/"},"wordCount":1444,"publisher":{"@id":"https:\/\/www.rassegnastampa-totustuus.it\/cattolica\/#organization"},"image":{"@id":"https:\/\/www.rassegnastampa-totustuus.it\/cattolica\/la-mi-a-vita-con-trig\/#primaryimage"},"thumbnailUrl":"https:\/\/www.rassegnastampa-totustuus.it\/cattolica\/wp-content\/uploads\/2012\/03\/Sarah_Palin.jpg","keywords":["Sarah Palin","testimonianze"],"articleSection":["Bioetica","Personaggi"],"inLanguage":"it-IT"},{"@type":"WebPage","@id":"https:\/\/www.rassegnastampa-totustuus.it\/cattolica\/la-mi-a-vita-con-trig\/","url":"https:\/\/www.rassegnastampa-totustuus.it\/cattolica\/la-mi-a-vita-con-trig\/","name":"La mi a vita con Trig - Rassegna Stampa Cattolica","isPartOf":{"@id":"https:\/\/www.rassegnastampa-totustuus.it\/cattolica\/#website"},"primaryImageOfPage":{"@id":"https:\/\/www.rassegnastampa-totustuus.it\/cattolica\/la-mi-a-vita-con-trig\/#primaryimage"},"image":{"@id":"https:\/\/www.rassegnastampa-totustuus.it\/cattolica\/la-mi-a-vita-con-trig\/#primaryimage"},"thumbnailUrl":"https:\/\/www.rassegnastampa-totustuus.it\/cattolica\/wp-content\/uploads\/2012\/03\/Sarah_Palin.jpg","datePublished":"2012-02-29T23:00:00+00:00","dateModified":"2015-04-22T09:42:12+00:00","description":"Rassegna Stampa Cattolica - Per una cultura che nasce dalla Rivelazione cristiana in conformit\u00e0 alla tradizione e al Magistero della Chiesa in opposizione ad ogni relativismo e totalitarismo","breadcrumb":{"@id":"https:\/\/www.rassegnastampa-totustuus.it\/cattolica\/la-mi-a-vita-con-trig\/#breadcrumb"},"inLanguage":"it-IT","potentialAction":[{"@type":"ReadAction","target":["https:\/\/www.rassegnastampa-totustuus.it\/cattolica\/la-mi-a-vita-con-trig\/"]}]},{"@type":"ImageObject","inLanguage":"it-IT","@id":"https:\/\/www.rassegnastampa-totustuus.it\/cattolica\/la-mi-a-vita-con-trig\/#primaryimage","url":"https:\/\/www.rassegnastampa-totustuus.it\/cattolica\/wp-content\/uploads\/2012\/03\/Sarah_Palin.jpg","contentUrl":"https:\/\/www.rassegnastampa-totustuus.it\/cattolica\/wp-content\/uploads\/2012\/03\/Sarah_Palin.jpg","width":273,"height":185},{"@type":"BreadcrumbList","@id":"https:\/\/www.rassegnastampa-totustuus.it\/cattolica\/la-mi-a-vita-con-trig\/#breadcrumb","itemListElement":[{"@type":"ListItem","position":1,"name":"Home","item":"https:\/\/www.rassegnastampa-totustuus.it\/cattolica\/"},{"@type":"ListItem","position":2,"name":"La mi a vita con Trig"}]},{"@type":"WebSite","@id":"https:\/\/www.rassegnastampa-totustuus.it\/cattolica\/#website","url":"https:\/\/www.rassegnastampa-totustuus.it\/cattolica\/","name":"Rassegna Stampa Cattolica","description":"Per una cultura che nasce dalla Rivelazione cristiana in conformit\u00e0 alla tradizione e al Magistero della Chiesa in opposizione ad ogni relativismo e totalitarismo","publisher":{"@id":"https:\/\/www.rassegnastampa-totustuus.it\/cattolica\/#organization"},"alternateName":"Rass. Cattolica","potentialAction":[{"@type":"SearchAction","target":{"@type":"EntryPoint","urlTemplate":"https:\/\/www.rassegnastampa-totustuus.it\/cattolica\/?s={search_term_string}"},"query-input":{"@type":"PropertyValueSpecification","valueRequired":true,"valueName":"search_term_string"}}],"inLanguage":"it-IT"},{"@type":"Organization","@id":"https:\/\/www.rassegnastampa-totustuus.it\/cattolica\/#organization","name":"Rassegna Stampa Cattolica","url":"https:\/\/www.rassegnastampa-totustuus.it\/cattolica\/","logo":{"@type":"ImageObject","inLanguage":"it-IT","@id":"https:\/\/www.rassegnastampa-totustuus.it\/cattolica\/#\/schema\/logo\/image\/","url":"https:\/\/www.rassegnastampa-totustuus.it\/cattolica\/wp-content\/uploads\/2014\/04\/logo-rassegna1.gif","contentUrl":"https:\/\/www.rassegnastampa-totustuus.it\/cattolica\/wp-content\/uploads\/2014\/04\/logo-rassegna1.gif","width":600,"height":163,"caption":"Rassegna Stampa Cattolica"},"image":{"@id":"https:\/\/www.rassegnastampa-totustuus.it\/cattolica\/#\/schema\/logo\/image\/"},"sameAs":["https:\/\/www.facebook.com\/rassegnastampacattolica","https:\/\/x.com\/rassegnastampa9"]},{"@type":"Person","@id":"https:\/\/www.rassegnastampa-totustuus.it\/cattolica\/#\/schema\/person\/08f319d2bd1a0904ad9e2bfb7b15e5c3","name":"Redazione","image":{"@type":"ImageObject","inLanguage":"it-IT","@id":"https:\/\/secure.gravatar.com\/avatar\/2fcdf27c78ea025fbdb44e914cc63c72249ffec9dc8aafd5c82b26240ef3f346?s=96&d=mm&r=g","url":"https:\/\/secure.gravatar.com\/avatar\/2fcdf27c78ea025fbdb44e914cc63c72249ffec9dc8aafd5c82b26240ef3f346?s=96&d=mm&r=g","contentUrl":"https:\/\/secure.gravatar.com\/avatar\/2fcdf27c78ea025fbdb44e914cc63c72249ffec9dc8aafd5c82b26240ef3f346?s=96&d=mm&r=g","caption":"Redazione"},"url":"https:\/\/www.rassegnastampa-totustuus.it\/cattolica\/author\/pietroelle\/"}]}},"_links":{"self":[{"href":"https:\/\/www.rassegnastampa-totustuus.it\/cattolica\/wp-json\/wp\/v2\/posts\/4916","targetHints":{"allow":["GET"]}}],"collection":[{"href":"https:\/\/www.rassegnastampa-totustuus.it\/cattolica\/wp-json\/wp\/v2\/posts"}],"about":[{"href":"https:\/\/www.rassegnastampa-totustuus.it\/cattolica\/wp-json\/wp\/v2\/types\/post"}],"author":[{"embeddable":true,"href":"https:\/\/www.rassegnastampa-totustuus.it\/cattolica\/wp-json\/wp\/v2\/users\/6"}],"replies":[{"embeddable":true,"href":"https:\/\/www.rassegnastampa-totustuus.it\/cattolica\/wp-json\/wp\/v2\/comments?post=4916"}],"version-history":[{"count":3,"href":"https:\/\/www.rassegnastampa-totustuus.it\/cattolica\/wp-json\/wp\/v2\/posts\/4916\/revisions"}],"predecessor-version":[{"id":23574,"href":"https:\/\/www.rassegnastampa-totustuus.it\/cattolica\/wp-json\/wp\/v2\/posts\/4916\/revisions\/23574"}],"wp:featuredmedia":[{"embeddable":true,"href":"https:\/\/www.rassegnastampa-totustuus.it\/cattolica\/wp-json\/wp\/v2\/media\/23573"}],"wp:attachment":[{"href":"https:\/\/www.rassegnastampa-totustuus.it\/cattolica\/wp-json\/wp\/v2\/media?parent=4916"}],"wp:term":[{"taxonomy":"category","embeddable":true,"href":"https:\/\/www.rassegnastampa-totustuus.it\/cattolica\/wp-json\/wp\/v2\/categories?post=4916"},{"taxonomy":"post_tag","embeddable":true,"href":"https:\/\/www.rassegnastampa-totustuus.it\/cattolica\/wp-json\/wp\/v2\/tags?post=4916"}],"curies":[{"name":"wp","href":"https:\/\/api.w.org\/{rel}","templated":true}]}}