{"id":491,"date":"2005-05-13T00:00:00","date_gmt":"2005-05-12T22:00:00","guid":{"rendered":""},"modified":"2015-11-04T08:58:30","modified_gmt":"2015-11-04T07:58:30","slug":"sale-la-febbre-nel-nome-di-jamer-dean","status":"publish","type":"post","link":"https:\/\/www.rassegnastampa-totustuus.it\/cattolica\/sale-la-febbre-nel-nome-di-jamer-dean\/","title":{"rendered":"Sale la febbre nel nome di Jamer Dean"},"content":{"rendered":"<div style=\"text-align: center;\"><a href=\"https:\/\/www.rassegnastampa-totustuus.it\/cattolica\/wp-content\/uploads\/2005\/05\/discoteca.jpg\"><img loading=\"lazy\" decoding=\"async\" class=\"alignright wp-image-27124\" src=\"https:\/\/www.rassegnastampa-totustuus.it\/cattolica\/wp-content\/uploads\/2005\/05\/discoteca.jpg\" alt=\"discoteca\" width=\"200\" height=\"134\" \/><\/a>Pubblicato su <strong>Avvenire<\/strong> del 1 aprile 1990<\/div>\n<p style=\"text-align: center;\"><em>Un esperto dimostra: la musica ad alto volume danneggia l\u2019organismo<\/em><\/p>\n<p style=\"text-align: center;\">di <strong>Carlo Striano<\/strong><\/p>\n<p><!--more--><\/p>\n<div style=\"text-align: justify;\">Dall\u2019arcipelago &#8220;Discoteca&#8221; giungono notizie allarmanti. Riescono a filtrare lo spesso strato d\u2019ignoranza che le ricopre e giungono, frammentariamente, a galla sulle pagine dei giornali. la febbre del sabato sera percorre il mondo come un virus maligno e diventa mortale.<\/div>\n<p style=\"text-align: justify;\">I giochi giocati dai nuovi gladiatori hanno spesso conseguenze tragiche, che si tratti di viaggiare appesi al predellino del treno in Svizzera, oppure sul tetto delle carrozze della metropolitana a Londra, o in moto a fari spenti sulle strade della Romagna, oppure ricordando le gesta di Jeames Dean e della prima giovent\u00f9 bruciata in auto, abbaglianti accesi, sulla stessa corsia fino a vedere chi per primo sterza e lascia il passo.<\/p>\n<p style=\"text-align: justify;\">Si scommette, ripremia, la sempre presente piccola folla acclama o condanna. E\u2019 vero che la colpa \u00e8 delle discoteche? I due fatti &#8211; l\u2019andare in discoteca e il morire &#8211; sono in qualche modo correlati? Che cosa succede quando si entra in questa specie di cerchio irreale? Quali sono i fatti?<\/p>\n<p style=\"text-align: justify;\">L\u2019ambiente della discoteca \u00e8 saturo dal rumore: oltre 105 decibel al centro della sala, oltre 120 vicini ai diffusori. L\u2019audiologia insegna che oltre la soglia dei 90 decibel il rumore diventa pericoloso, 120 decibel significa che ci si trova oltre qualsiasi livello di sicurezza, come essere sul ponte di una portaerei mentre decollano gli aerei, senza cuffia assorbente.<\/p>\n<p style=\"text-align: justify;\">Inoltre sempre pi\u00f9 nelle discoteche si usano i laser come complemento d\u2019atmosfera. Un raggio laser sparato negli occhi brucia la retina e acceca. I lampi del laser poi sono sincronizzati con il &#8220;beat&#8221;, il battito della musica, per aumentare gli effetti di coinvolgimento. In queste condizioni \u00e8 difficile non solo parlare ma anche pensare. Tutto quello che si pu\u00f2 fare \u00e8 bere o andare in mezzo alla pista a ballare. ballare? Chi conduce il ballo?<\/p>\n<p style=\"text-align: justify;\">Per capirne di pi\u00f9 una persona che lavora in un istituto di fonologi universitario europeo, che fa ricerche sulle basse frequenze, quelle per intenderci, che si trovano attorno ai 50 hertz, cio\u00e8 intorno alla soglia inferiore di udibilit\u00e0 dell\u2019orecchio umano, ci ha offerto di compiere un piccolo esperimento. nel sotterraneo dell\u2019istituto, la sala insonorizzata &#8211; bisogna prendere qualche precauzione per non rompere i vetri del vicinato, dice con un sorriso di scusa l\u2019accompagnatore &#8211; rassomiglia molto ad uno studio di incisione. \u00abAdesso prendo questa chitarra e suono il &#8220;LA&#8221;.<\/p>\n<p style=\"text-align: justify;\">Su questo strumento si legge che la nota si colloca intorno ai 440 hertz. Lo sto registrando a 39 cm al secondo. Adesso cambio la velocit\u00e0 di scorrimento del nastro e la porto intorno a 4 cm al secondo. La frequenza, grossolanamente, si dimezza due volte: adesso il suono che si ascolta \u00e8 sempre, pi\u00f9 o meno, un &#8220;LA&#8221; ma a 60 hertz. Sposto con questo interruttore l\u2019uscita verso l\u2019amplificatore, cos\u00ec il segnale passa a quel grosso altoparlante &#8211; un woofer di circa 40 cm di diametro &#8211; che ritrova puntato verso di noi. Rimani qui e dimmi che succede. Se appena senti qualche disturbo fammi segno che spengo tutto\u00bb.<\/p>\n<p style=\"text-align: justify;\">Il ronzio dell\u2019altoparlante diventa un rombo e subito si sente una pressione quasi insostenibile al diaframma, dalle parti del plesso solare. A un pi\u00f9 alto volume si percepisce distintamente che qualcosa all\u2019interno del corpo comincia a vibrare. A un certo punto sopravviene un colpo di nausea. L\u2019operatore spegne. La nausea permane.<\/p>\n<p style=\"text-align: justify;\">Che \u00e8 successo? \u00abE\u2019 successo, risponde l\u2019esperto, che il corpo ha iniziato a risuonare alla bassa frequenza emessa dal woofer e che ha interferito con il plesso solare e ha provocato la nausea. In qualche altro provoca fenomeni diversi. ma il peggio avviene quando si passa alle frequenze ancora pi\u00f9 basse, tra l\u2019altro esaltate dalla concatenazione degli accordi. In quel caso il corpo umano, tentando sempre di risuonare alle onde di pressione dell\u2019energia acustica, si comporta come un mezzo elastico e tutte le funzioni del simpatico sono interessate.<\/p>\n<p style=\"text-align: justify;\">Sotto il livello dei 50 hertz il suono non si &#8220;ascolta&#8221; pi\u00f9 con le orecchie, ma con il diaframma, le ossa, le cartilagini, lo stomaco. Tutto l\u2019organismo \u00e8 coinvolto\u00bb. E le discoteche? \u00abLe discoteche sono sature di basse frequenze. Senza i &#8220;bassi&#8221; esasperati, il rock non esisterebbe\u00bb. sarebbe bello avere a disposizione uno studio che spiattellasse i suoi risultati dimostrando che c\u2019\u00e8 un rapporto di causa ed effetto tra l\u2019andare in discoteca e gli incidenti d\u2019auto, i suicidi adolescenziali, l\u2019uso di droga, la decadenza morale e tutto il negativo della vita dei giovani oggi. Ma non esiste tale studio, e se anche esistesse a che serve dimostrarlo?Si pu\u00f2 procedere solo per indizi, pazientemente raccolti.<\/p>\n<p style=\"text-align: justify;\">Si pu\u00f2 iniziare dal nome della musica: rock and roll. Se si cerca la traduzione sui dizionari si trova che sono due verbi, all\u2019imperativo. Rock si traduce con dondolare, cullarsi. Roll con rotolare, rullare di tamburi, rombare, etc. ma se si prende un dizionario dello &#8220;slang&#8221; americano (slang = gergo) si scopre che l\u2019espressione significa tutt\u2019altra cosa e cio\u00e8 indica quei movimenti caratteristici del &#8220;petting&#8221; ai quali obbliga lo stare con una ragazza sul sedile posteriore di un\u2019auto. Rock and Roll in altri termini \u00e8 un ordine, un\u2019esortazione a far qualcosa di diverso dal dondolare e dal rotolare. Allora il rock \u00e8 satanico? Intrinsecamente cattivo? Bisogna mobilitare l\u2019opinione pubblica?<\/p>\n<p style=\"text-align: justify;\">Forse sarebbe sufficiente dire pane al pane. per esempio domandarsi semplicemente che fine hanno fatto le star del rock? Elvis Presley, morto a 40 anni, di che \u00e8 morto? E Bon Scott del gruppo AC\/DC non \u00e8 forse morto impalato sulla sua chitarra dopo un concerto? E John Lennon, il gentile cantore di Yesterday, non gli hanno sparato? John Lennon che nel \u201966 dichiarava: \u00abNon so chi finir\u00e0 prima, se il rock o il Cristianesimo. Adesso siamo pi\u00f9 celebri di Ges\u00f9 Cristo. Il cristianesimo svanir\u00e0 ridotto a pezzi. Non c\u2019\u00e8 pi\u00f9 neanche bisogno di parlarne\u00bb.<\/p>\n<p style=\"text-align: justify;\">Bisognerebbe tenerlo d\u2019occhio il fenomeno del rock, delle discoteche, metterlo in relazione con altri fatti della nostra vita. ma con il giro di miliardi che il business dello spettacolo fa ballare, \u00e8 lecito essere pessimisti. nessuno proporr\u00e0 mai una legge che vieti il rock and roll, ma qualcuno proporr\u00e0 che si vada in discoteca con i tappi nelle orecchie e due carabinieri controlleranno per un mese all\u2019entrata che tutti abbiano i tappi. Se poi li usano dentro, affar loro. Di una cosa per\u00f2 si pu\u00f2 esser sicuri, non se ne dolga il fu John Lennon, che il rock sparir\u00e0 prima del Cristianesimo.<\/p>\n","protected":false},"excerpt":{"rendered":"<p>Pubblicato su Avvenire del 1 aprile 1990 Un esperto dimostra: la musica ad alto volume danneggia l\u2019organismo di Carlo Striano<\/p><p><a class=\"more-link btn\" href=\"https:\/\/www.rassegnastampa-totustuus.it\/cattolica\/sale-la-febbre-nel-nome-di-jamer-dean\/\">Continua a leggere<\/a><\/p>\n","protected":false},"author":6,"featured_media":27124,"comment_status":"closed","ping_status":"open","sticky":false,"template":"","format":"standard","meta":{"footnotes":""},"categories":[25],"tags":[574],"class_list":["post-491","post","type-post","status-publish","format-standard","has-post-thumbnail","hentry","category-sguardo-sul-nostro-tempo","tag-rock","item-wrap"],"yoast_head":"<!-- This site is optimized with the Yoast SEO plugin v27.5 - https:\/\/yoast.com\/product\/yoast-seo-wordpress\/ -->\n<title>Sale la febbre nel nome di Jamer Dean - Rassegna Stampa Cattolica<\/title>\n<meta name=\"description\" content=\"Rassegna Stampa Cattolica - Per una cultura che nasce dalla Rivelazione cristiana in conformit\u00e0 alla tradizione e al Magistero della Chiesa in opposizione ad ogni relativismo e totalitarismo\" \/>\n<meta name=\"robots\" content=\"index, follow, max-snippet:-1, max-image-preview:large, max-video-preview:-1\" \/>\n<link rel=\"canonical\" href=\"https:\/\/www.rassegnastampa-totustuus.it\/cattolica\/sale-la-febbre-nel-nome-di-jamer-dean\/\" \/>\n<meta property=\"og:locale\" content=\"it_IT\" \/>\n<meta property=\"og:type\" content=\"article\" \/>\n<meta property=\"og:title\" content=\"Sale la febbre nel nome di Jamer Dean - Rassegna Stampa Cattolica\" \/>\n<meta property=\"og:description\" content=\"Rassegna Stampa Cattolica - Per una cultura che nasce dalla Rivelazione cristiana in conformit\u00e0 alla tradizione e al Magistero della Chiesa in opposizione ad ogni relativismo e totalitarismo\" \/>\n<meta property=\"og:url\" content=\"https:\/\/www.rassegnastampa-totustuus.it\/cattolica\/sale-la-febbre-nel-nome-di-jamer-dean\/\" \/>\n<meta property=\"og:site_name\" content=\"Rassegna Stampa Cattolica\" \/>\n<meta property=\"article:publisher\" content=\"https:\/\/www.facebook.com\/rassegnastampacattolica\" \/>\n<meta property=\"article:published_time\" content=\"2005-05-12T22:00:00+00:00\" \/>\n<meta property=\"article:modified_time\" content=\"2015-11-04T07:58:30+00:00\" \/>\n<meta property=\"og:image\" content=\"https:\/\/www.rassegnastampa-totustuus.it\/cattolica\/wp-content\/uploads\/2005\/05\/discoteca.jpg\" \/>\n\t<meta property=\"og:image:width\" content=\"274\" \/>\n\t<meta property=\"og:image:height\" content=\"184\" \/>\n\t<meta property=\"og:image:type\" content=\"image\/jpeg\" \/>\n<meta name=\"author\" content=\"Redazione\" \/>\n<meta name=\"twitter:card\" content=\"summary_large_image\" \/>\n<meta name=\"twitter:creator\" content=\"@rassegnastampa9\" \/>\n<meta name=\"twitter:site\" content=\"@rassegnastampa9\" \/>\n<meta name=\"twitter:label1\" content=\"Scritto da\" \/>\n\t<meta name=\"twitter:data1\" content=\"Redazione\" \/>\n\t<meta name=\"twitter:label2\" content=\"Tempo di lettura stimato\" \/>\n\t<meta name=\"twitter:data2\" content=\"5 minuti\" \/>\n<script type=\"application\/ld+json\" class=\"yoast-schema-graph\">{\"@context\":\"https:\\\/\\\/schema.org\",\"@graph\":[{\"@type\":\"Article\",\"@id\":\"https:\\\/\\\/www.rassegnastampa-totustuus.it\\\/cattolica\\\/sale-la-febbre-nel-nome-di-jamer-dean\\\/#article\",\"isPartOf\":{\"@id\":\"https:\\\/\\\/www.rassegnastampa-totustuus.it\\\/cattolica\\\/sale-la-febbre-nel-nome-di-jamer-dean\\\/\"},\"author\":{\"name\":\"Redazione\",\"@id\":\"https:\\\/\\\/www.rassegnastampa-totustuus.it\\\/cattolica\\\/#\\\/schema\\\/person\\\/08f319d2bd1a0904ad9e2bfb7b15e5c3\"},\"headline\":\"Sale la febbre nel nome di Jamer Dean\",\"datePublished\":\"2005-05-12T22:00:00+00:00\",\"dateModified\":\"2015-11-04T07:58:30+00:00\",\"mainEntityOfPage\":{\"@id\":\"https:\\\/\\\/www.rassegnastampa-totustuus.it\\\/cattolica\\\/sale-la-febbre-nel-nome-di-jamer-dean\\\/\"},\"wordCount\":1084,\"publisher\":{\"@id\":\"https:\\\/\\\/www.rassegnastampa-totustuus.it\\\/cattolica\\\/#organization\"},\"image\":{\"@id\":\"https:\\\/\\\/www.rassegnastampa-totustuus.it\\\/cattolica\\\/sale-la-febbre-nel-nome-di-jamer-dean\\\/#primaryimage\"},\"thumbnailUrl\":\"https:\\\/\\\/www.rassegnastampa-totustuus.it\\\/cattolica\\\/wp-content\\\/uploads\\\/2005\\\/05\\\/discoteca.jpg\",\"keywords\":[\"rock\"],\"articleSection\":[\"Sguardo sul nostro tempo\"],\"inLanguage\":\"it-IT\"},{\"@type\":\"WebPage\",\"@id\":\"https:\\\/\\\/www.rassegnastampa-totustuus.it\\\/cattolica\\\/sale-la-febbre-nel-nome-di-jamer-dean\\\/\",\"url\":\"https:\\\/\\\/www.rassegnastampa-totustuus.it\\\/cattolica\\\/sale-la-febbre-nel-nome-di-jamer-dean\\\/\",\"name\":\"Sale la febbre nel nome di Jamer Dean - Rassegna Stampa Cattolica\",\"isPartOf\":{\"@id\":\"https:\\\/\\\/www.rassegnastampa-totustuus.it\\\/cattolica\\\/#website\"},\"primaryImageOfPage\":{\"@id\":\"https:\\\/\\\/www.rassegnastampa-totustuus.it\\\/cattolica\\\/sale-la-febbre-nel-nome-di-jamer-dean\\\/#primaryimage\"},\"image\":{\"@id\":\"https:\\\/\\\/www.rassegnastampa-totustuus.it\\\/cattolica\\\/sale-la-febbre-nel-nome-di-jamer-dean\\\/#primaryimage\"},\"thumbnailUrl\":\"https:\\\/\\\/www.rassegnastampa-totustuus.it\\\/cattolica\\\/wp-content\\\/uploads\\\/2005\\\/05\\\/discoteca.jpg\",\"datePublished\":\"2005-05-12T22:00:00+00:00\",\"dateModified\":\"2015-11-04T07:58:30+00:00\",\"description\":\"Rassegna Stampa Cattolica - Per una cultura che nasce dalla Rivelazione cristiana in conformit\u00e0 alla tradizione e al Magistero della Chiesa in opposizione ad ogni relativismo e totalitarismo\",\"breadcrumb\":{\"@id\":\"https:\\\/\\\/www.rassegnastampa-totustuus.it\\\/cattolica\\\/sale-la-febbre-nel-nome-di-jamer-dean\\\/#breadcrumb\"},\"inLanguage\":\"it-IT\",\"potentialAction\":[{\"@type\":\"ReadAction\",\"target\":[\"https:\\\/\\\/www.rassegnastampa-totustuus.it\\\/cattolica\\\/sale-la-febbre-nel-nome-di-jamer-dean\\\/\"]}]},{\"@type\":\"ImageObject\",\"inLanguage\":\"it-IT\",\"@id\":\"https:\\\/\\\/www.rassegnastampa-totustuus.it\\\/cattolica\\\/sale-la-febbre-nel-nome-di-jamer-dean\\\/#primaryimage\",\"url\":\"https:\\\/\\\/www.rassegnastampa-totustuus.it\\\/cattolica\\\/wp-content\\\/uploads\\\/2005\\\/05\\\/discoteca.jpg\",\"contentUrl\":\"https:\\\/\\\/www.rassegnastampa-totustuus.it\\\/cattolica\\\/wp-content\\\/uploads\\\/2005\\\/05\\\/discoteca.jpg\",\"width\":274,\"height\":184},{\"@type\":\"BreadcrumbList\",\"@id\":\"https:\\\/\\\/www.rassegnastampa-totustuus.it\\\/cattolica\\\/sale-la-febbre-nel-nome-di-jamer-dean\\\/#breadcrumb\",\"itemListElement\":[{\"@type\":\"ListItem\",\"position\":1,\"name\":\"Home\",\"item\":\"https:\\\/\\\/www.rassegnastampa-totustuus.it\\\/cattolica\\\/\"},{\"@type\":\"ListItem\",\"position\":2,\"name\":\"Sale la febbre nel nome di Jamer Dean\"}]},{\"@type\":\"WebSite\",\"@id\":\"https:\\\/\\\/www.rassegnastampa-totustuus.it\\\/cattolica\\\/#website\",\"url\":\"https:\\\/\\\/www.rassegnastampa-totustuus.it\\\/cattolica\\\/\",\"name\":\"Rassegna Stampa Cattolica\",\"description\":\"Per una cultura che nasce dalla Rivelazione cristiana in conformit\u00e0 alla tradizione e al Magistero della Chiesa in opposizione ad ogni relativismo e totalitarismo\",\"publisher\":{\"@id\":\"https:\\\/\\\/www.rassegnastampa-totustuus.it\\\/cattolica\\\/#organization\"},\"alternateName\":\"Rass. Cattolica\",\"potentialAction\":[{\"@type\":\"SearchAction\",\"target\":{\"@type\":\"EntryPoint\",\"urlTemplate\":\"https:\\\/\\\/www.rassegnastampa-totustuus.it\\\/cattolica\\\/?s={search_term_string}\"},\"query-input\":{\"@type\":\"PropertyValueSpecification\",\"valueRequired\":true,\"valueName\":\"search_term_string\"}}],\"inLanguage\":\"it-IT\"},{\"@type\":\"Organization\",\"@id\":\"https:\\\/\\\/www.rassegnastampa-totustuus.it\\\/cattolica\\\/#organization\",\"name\":\"Rassegna Stampa Cattolica\",\"url\":\"https:\\\/\\\/www.rassegnastampa-totustuus.it\\\/cattolica\\\/\",\"logo\":{\"@type\":\"ImageObject\",\"inLanguage\":\"it-IT\",\"@id\":\"https:\\\/\\\/www.rassegnastampa-totustuus.it\\\/cattolica\\\/#\\\/schema\\\/logo\\\/image\\\/\",\"url\":\"https:\\\/\\\/www.rassegnastampa-totustuus.it\\\/cattolica\\\/wp-content\\\/uploads\\\/2014\\\/04\\\/logo-rassegna1.gif\",\"contentUrl\":\"https:\\\/\\\/www.rassegnastampa-totustuus.it\\\/cattolica\\\/wp-content\\\/uploads\\\/2014\\\/04\\\/logo-rassegna1.gif\",\"width\":600,\"height\":163,\"caption\":\"Rassegna Stampa Cattolica\"},\"image\":{\"@id\":\"https:\\\/\\\/www.rassegnastampa-totustuus.it\\\/cattolica\\\/#\\\/schema\\\/logo\\\/image\\\/\"},\"sameAs\":[\"https:\\\/\\\/www.facebook.com\\\/rassegnastampacattolica\",\"https:\\\/\\\/x.com\\\/rassegnastampa9\"]},{\"@type\":\"Person\",\"@id\":\"https:\\\/\\\/www.rassegnastampa-totustuus.it\\\/cattolica\\\/#\\\/schema\\\/person\\\/08f319d2bd1a0904ad9e2bfb7b15e5c3\",\"name\":\"Redazione\",\"image\":{\"@type\":\"ImageObject\",\"inLanguage\":\"it-IT\",\"@id\":\"https:\\\/\\\/secure.gravatar.com\\\/avatar\\\/2fcdf27c78ea025fbdb44e914cc63c72249ffec9dc8aafd5c82b26240ef3f346?s=96&d=mm&r=g\",\"url\":\"https:\\\/\\\/secure.gravatar.com\\\/avatar\\\/2fcdf27c78ea025fbdb44e914cc63c72249ffec9dc8aafd5c82b26240ef3f346?s=96&d=mm&r=g\",\"contentUrl\":\"https:\\\/\\\/secure.gravatar.com\\\/avatar\\\/2fcdf27c78ea025fbdb44e914cc63c72249ffec9dc8aafd5c82b26240ef3f346?s=96&d=mm&r=g\",\"caption\":\"Redazione\"},\"url\":\"https:\\\/\\\/www.rassegnastampa-totustuus.it\\\/cattolica\\\/author\\\/pietroelle\\\/\"}]}<\/script>\n<!-- \/ Yoast SEO plugin. -->","yoast_head_json":{"title":"Sale la febbre nel nome di Jamer Dean - Rassegna Stampa Cattolica","description":"Rassegna Stampa Cattolica - Per una cultura che nasce dalla Rivelazione cristiana in conformit\u00e0 alla tradizione e al Magistero della Chiesa in opposizione ad ogni relativismo e totalitarismo","robots":{"index":"index","follow":"follow","max-snippet":"max-snippet:-1","max-image-preview":"max-image-preview:large","max-video-preview":"max-video-preview:-1"},"canonical":"https:\/\/www.rassegnastampa-totustuus.it\/cattolica\/sale-la-febbre-nel-nome-di-jamer-dean\/","og_locale":"it_IT","og_type":"article","og_title":"Sale la febbre nel nome di Jamer Dean - Rassegna Stampa Cattolica","og_description":"Rassegna Stampa Cattolica - Per una cultura che nasce dalla Rivelazione cristiana in conformit\u00e0 alla tradizione e al Magistero della Chiesa in opposizione ad ogni relativismo e totalitarismo","og_url":"https:\/\/www.rassegnastampa-totustuus.it\/cattolica\/sale-la-febbre-nel-nome-di-jamer-dean\/","og_site_name":"Rassegna Stampa Cattolica","article_publisher":"https:\/\/www.facebook.com\/rassegnastampacattolica","article_published_time":"2005-05-12T22:00:00+00:00","article_modified_time":"2015-11-04T07:58:30+00:00","og_image":[{"width":274,"height":184,"url":"https:\/\/www.rassegnastampa-totustuus.it\/cattolica\/wp-content\/uploads\/2005\/05\/discoteca.jpg","type":"image\/jpeg"}],"author":"Redazione","twitter_card":"summary_large_image","twitter_creator":"@rassegnastampa9","twitter_site":"@rassegnastampa9","twitter_misc":{"Scritto da":"Redazione","Tempo di lettura stimato":"5 minuti"},"schema":{"@context":"https:\/\/schema.org","@graph":[{"@type":"Article","@id":"https:\/\/www.rassegnastampa-totustuus.it\/cattolica\/sale-la-febbre-nel-nome-di-jamer-dean\/#article","isPartOf":{"@id":"https:\/\/www.rassegnastampa-totustuus.it\/cattolica\/sale-la-febbre-nel-nome-di-jamer-dean\/"},"author":{"name":"Redazione","@id":"https:\/\/www.rassegnastampa-totustuus.it\/cattolica\/#\/schema\/person\/08f319d2bd1a0904ad9e2bfb7b15e5c3"},"headline":"Sale la febbre nel nome di Jamer Dean","datePublished":"2005-05-12T22:00:00+00:00","dateModified":"2015-11-04T07:58:30+00:00","mainEntityOfPage":{"@id":"https:\/\/www.rassegnastampa-totustuus.it\/cattolica\/sale-la-febbre-nel-nome-di-jamer-dean\/"},"wordCount":1084,"publisher":{"@id":"https:\/\/www.rassegnastampa-totustuus.it\/cattolica\/#organization"},"image":{"@id":"https:\/\/www.rassegnastampa-totustuus.it\/cattolica\/sale-la-febbre-nel-nome-di-jamer-dean\/#primaryimage"},"thumbnailUrl":"https:\/\/www.rassegnastampa-totustuus.it\/cattolica\/wp-content\/uploads\/2005\/05\/discoteca.jpg","keywords":["rock"],"articleSection":["Sguardo sul nostro tempo"],"inLanguage":"it-IT"},{"@type":"WebPage","@id":"https:\/\/www.rassegnastampa-totustuus.it\/cattolica\/sale-la-febbre-nel-nome-di-jamer-dean\/","url":"https:\/\/www.rassegnastampa-totustuus.it\/cattolica\/sale-la-febbre-nel-nome-di-jamer-dean\/","name":"Sale la febbre nel nome di Jamer Dean - Rassegna Stampa Cattolica","isPartOf":{"@id":"https:\/\/www.rassegnastampa-totustuus.it\/cattolica\/#website"},"primaryImageOfPage":{"@id":"https:\/\/www.rassegnastampa-totustuus.it\/cattolica\/sale-la-febbre-nel-nome-di-jamer-dean\/#primaryimage"},"image":{"@id":"https:\/\/www.rassegnastampa-totustuus.it\/cattolica\/sale-la-febbre-nel-nome-di-jamer-dean\/#primaryimage"},"thumbnailUrl":"https:\/\/www.rassegnastampa-totustuus.it\/cattolica\/wp-content\/uploads\/2005\/05\/discoteca.jpg","datePublished":"2005-05-12T22:00:00+00:00","dateModified":"2015-11-04T07:58:30+00:00","description":"Rassegna Stampa Cattolica - Per una cultura che nasce dalla Rivelazione cristiana in conformit\u00e0 alla tradizione e al Magistero della Chiesa in opposizione ad ogni relativismo e totalitarismo","breadcrumb":{"@id":"https:\/\/www.rassegnastampa-totustuus.it\/cattolica\/sale-la-febbre-nel-nome-di-jamer-dean\/#breadcrumb"},"inLanguage":"it-IT","potentialAction":[{"@type":"ReadAction","target":["https:\/\/www.rassegnastampa-totustuus.it\/cattolica\/sale-la-febbre-nel-nome-di-jamer-dean\/"]}]},{"@type":"ImageObject","inLanguage":"it-IT","@id":"https:\/\/www.rassegnastampa-totustuus.it\/cattolica\/sale-la-febbre-nel-nome-di-jamer-dean\/#primaryimage","url":"https:\/\/www.rassegnastampa-totustuus.it\/cattolica\/wp-content\/uploads\/2005\/05\/discoteca.jpg","contentUrl":"https:\/\/www.rassegnastampa-totustuus.it\/cattolica\/wp-content\/uploads\/2005\/05\/discoteca.jpg","width":274,"height":184},{"@type":"BreadcrumbList","@id":"https:\/\/www.rassegnastampa-totustuus.it\/cattolica\/sale-la-febbre-nel-nome-di-jamer-dean\/#breadcrumb","itemListElement":[{"@type":"ListItem","position":1,"name":"Home","item":"https:\/\/www.rassegnastampa-totustuus.it\/cattolica\/"},{"@type":"ListItem","position":2,"name":"Sale la febbre nel nome di Jamer Dean"}]},{"@type":"WebSite","@id":"https:\/\/www.rassegnastampa-totustuus.it\/cattolica\/#website","url":"https:\/\/www.rassegnastampa-totustuus.it\/cattolica\/","name":"Rassegna Stampa Cattolica","description":"Per una cultura che nasce dalla Rivelazione cristiana in conformit\u00e0 alla tradizione e al Magistero della Chiesa in opposizione ad ogni relativismo e totalitarismo","publisher":{"@id":"https:\/\/www.rassegnastampa-totustuus.it\/cattolica\/#organization"},"alternateName":"Rass. Cattolica","potentialAction":[{"@type":"SearchAction","target":{"@type":"EntryPoint","urlTemplate":"https:\/\/www.rassegnastampa-totustuus.it\/cattolica\/?s={search_term_string}"},"query-input":{"@type":"PropertyValueSpecification","valueRequired":true,"valueName":"search_term_string"}}],"inLanguage":"it-IT"},{"@type":"Organization","@id":"https:\/\/www.rassegnastampa-totustuus.it\/cattolica\/#organization","name":"Rassegna Stampa Cattolica","url":"https:\/\/www.rassegnastampa-totustuus.it\/cattolica\/","logo":{"@type":"ImageObject","inLanguage":"it-IT","@id":"https:\/\/www.rassegnastampa-totustuus.it\/cattolica\/#\/schema\/logo\/image\/","url":"https:\/\/www.rassegnastampa-totustuus.it\/cattolica\/wp-content\/uploads\/2014\/04\/logo-rassegna1.gif","contentUrl":"https:\/\/www.rassegnastampa-totustuus.it\/cattolica\/wp-content\/uploads\/2014\/04\/logo-rassegna1.gif","width":600,"height":163,"caption":"Rassegna Stampa Cattolica"},"image":{"@id":"https:\/\/www.rassegnastampa-totustuus.it\/cattolica\/#\/schema\/logo\/image\/"},"sameAs":["https:\/\/www.facebook.com\/rassegnastampacattolica","https:\/\/x.com\/rassegnastampa9"]},{"@type":"Person","@id":"https:\/\/www.rassegnastampa-totustuus.it\/cattolica\/#\/schema\/person\/08f319d2bd1a0904ad9e2bfb7b15e5c3","name":"Redazione","image":{"@type":"ImageObject","inLanguage":"it-IT","@id":"https:\/\/secure.gravatar.com\/avatar\/2fcdf27c78ea025fbdb44e914cc63c72249ffec9dc8aafd5c82b26240ef3f346?s=96&d=mm&r=g","url":"https:\/\/secure.gravatar.com\/avatar\/2fcdf27c78ea025fbdb44e914cc63c72249ffec9dc8aafd5c82b26240ef3f346?s=96&d=mm&r=g","contentUrl":"https:\/\/secure.gravatar.com\/avatar\/2fcdf27c78ea025fbdb44e914cc63c72249ffec9dc8aafd5c82b26240ef3f346?s=96&d=mm&r=g","caption":"Redazione"},"url":"https:\/\/www.rassegnastampa-totustuus.it\/cattolica\/author\/pietroelle\/"}]}},"_links":{"self":[{"href":"https:\/\/www.rassegnastampa-totustuus.it\/cattolica\/wp-json\/wp\/v2\/posts\/491","targetHints":{"allow":["GET"]}}],"collection":[{"href":"https:\/\/www.rassegnastampa-totustuus.it\/cattolica\/wp-json\/wp\/v2\/posts"}],"about":[{"href":"https:\/\/www.rassegnastampa-totustuus.it\/cattolica\/wp-json\/wp\/v2\/types\/post"}],"author":[{"embeddable":true,"href":"https:\/\/www.rassegnastampa-totustuus.it\/cattolica\/wp-json\/wp\/v2\/users\/6"}],"replies":[{"embeddable":true,"href":"https:\/\/www.rassegnastampa-totustuus.it\/cattolica\/wp-json\/wp\/v2\/comments?post=491"}],"version-history":[{"count":3,"href":"https:\/\/www.rassegnastampa-totustuus.it\/cattolica\/wp-json\/wp\/v2\/posts\/491\/revisions"}],"predecessor-version":[{"id":27125,"href":"https:\/\/www.rassegnastampa-totustuus.it\/cattolica\/wp-json\/wp\/v2\/posts\/491\/revisions\/27125"}],"wp:featuredmedia":[{"embeddable":true,"href":"https:\/\/www.rassegnastampa-totustuus.it\/cattolica\/wp-json\/wp\/v2\/media\/27124"}],"wp:attachment":[{"href":"https:\/\/www.rassegnastampa-totustuus.it\/cattolica\/wp-json\/wp\/v2\/media?parent=491"}],"wp:term":[{"taxonomy":"category","embeddable":true,"href":"https:\/\/www.rassegnastampa-totustuus.it\/cattolica\/wp-json\/wp\/v2\/categories?post=491"},{"taxonomy":"post_tag","embeddable":true,"href":"https:\/\/www.rassegnastampa-totustuus.it\/cattolica\/wp-json\/wp\/v2\/tags?post=491"}],"curies":[{"name":"wp","href":"https:\/\/api.w.org\/{rel}","templated":true}]}}