{"id":49092,"date":"2020-11-12T00:00:14","date_gmt":"2020-11-11T23:00:14","guid":{"rendered":"http:\/\/www.rassegnastampa-totustuus.it\/cattolica\/?p=49092"},"modified":"2020-11-10T19:02:46","modified_gmt":"2020-11-10T18:02:46","slug":"ecologismo-e-climatismo-usa-le-nuove-ideologie-politiche","status":"publish","type":"post","link":"https:\/\/www.rassegnastampa-totustuus.it\/cattolica\/ecologismo-e-climatismo-usa-le-nuove-ideologie-politiche\/","title":{"rendered":"Ecologismo e climatismo USA: le nuove ideologie politiche"},"content":{"rendered":"<p style=\"text-align: center;\"><span style=\"color: #000000;\"><strong>Ricognizioni <\/strong>2 Novembre 2020 \u00a0<\/span><\/p>\n<p><a href=\"https:\/\/www.rassegnastampa-totustuus.it\/cattolica\/wp-content\/uploads\/2020\/11\/ambientalismo_clima.jpg\"><img loading=\"lazy\" decoding=\"async\" class=\"size-full wp-image-49093 aligncenter\" src=\"https:\/\/www.rassegnastampa-totustuus.it\/cattolica\/wp-content\/uploads\/2020\/11\/ambientalismo_clima.jpg\" alt=\"\" width=\"293\" height=\"172\" \/><\/a><\/p>\n<p style=\"text-align: center;\"><span style=\"color: #000000;\">di <strong>Fabio Trevisan \u00a0<\/strong><\/span><\/p>\n<p style=\"text-align: center;\"><span style=\"color: #000000;\"><strong>Alcuni cenni storici essenziali<\/strong><\/span><\/p>\n<p style=\"text-align: justify;\"><span style=\"color: #000000;\">Per cercare di comprendere l\u2019evoluzione dell\u2019ecologismo e del climatismo negli Stati Uniti, \u00e8 necessario analizzare, seppur a brevi cenni, la portata del movimento ambientalista, almeno a partire dalla fine del XIX secolo, quando sorsero organizzazioni a tutela del vasto territorio americano, come ad esempio il\u00a0<em>Sierra Club<\/em>, fondato nel 1892 in California.<\/span><\/p>\n<p><span style=\"color: #000000;\"><!--more--><\/span><\/p>\n<p style=\"text-align: justify;\"><span style=\"color: #000000;\">Questa organizzazione ambientalista rappresentava gi\u00e0 nel suo motto: <em>\u201cExplore, enjoy and protect the planet\u201d<\/em> l\u2019ardore e il credo del suo fondatore, il naturalista scozzese-americano John Muir (1838-1914). Muir, denominato anche \u201cIl padre dei parchi nazionali\u201d, primo fra tutti il primo parco naturale della storia degli USA, il celebre <em>Yellowstone Park,<\/em>\u00a0non era soltanto un ingegnere appassionato di geologia, botanica e zoologia, ma era soprattutto uno scrittore e pubblicista, a cui si deve lo slancio per la preservazione della cosiddetta \u201cnatura selvaggia\u201d (<em>wilderness)<\/em>.<\/span><\/p>\n<p style=\"text-align: justify;\"><span style=\"color: #000000;\"><a href=\"https:\/\/www.rassegnastampa-totustuus.it\/cattolica\/wp-content\/uploads\/2020\/11\/ambientalismo.png\"><img loading=\"lazy\" decoding=\"async\" class=\"size-full wp-image-49094 alignleft\" src=\"https:\/\/www.rassegnastampa-totustuus.it\/cattolica\/wp-content\/uploads\/2020\/11\/ambientalismo.png\" alt=\"\" width=\"226\" height=\"223\" \/><\/a>Dopo di lui, infatti, sorsero sul territorio statunitense organizzazioni ambientaliste come la <em>Wilderness Society<\/em> (1935) o la <em>Defenders of Wildlife<\/em> (1947), precorritrici di altre associazioni sul territorio, tese a sottolineare l\u2019importanza della conservazione e preservazione della natura. Sull\u2019attivismo di John Muir, basta menzionare l\u2019attenzione di milioni di lettori ai suoi libri riguardanti osservazioni e avventure naturalistiche, in particolare nella <em>Sierra Nevada,<\/em> dalla quale prese il nome la successiva organizzazione.<\/span><\/p>\n<p style=\"text-align: justify;\"><span style=\"color: #000000;\">L\u2019ideologia della <em>Wilderness<\/em> fu talmente potente e attraente al punto che un suo biografo, Steven J. Holmes, <em>lecturer<\/em> alla <em>Harvard University,<\/em> parl\u00f2 di Muir come \u201cun santo patrono dell\u2019attivit\u00e0 ambientalista americana\u201d. In effetti, l\u2019entusiasmo e il fervore appassionato che trasparivano dai suoi scritti non hanno suscitato solo l\u2019ammirazione di innumerevoli schiere di lettori, ma hanno ispirato politici, ecologisti, profeti religiosi, divenendo un costante punto di riferimento nell\u2019elaborazione di idee sulla relazione uomo-ambiente e, pi\u00f9 precisamente, sul rapporto cultura-natura.<\/span><\/p>\n<p style=\"text-align: justify;\"><span style=\"color: #000000;\">Un altro autore, William Anderson, ha parlato di Muir come \u201cl\u2019archetipo della nostra unione con la terra\u201d, cos\u00ec come Donald Worster, Professore di Storia americana all\u2019Universit\u00e0 del Kansas, ha riconosciuto a lui la portata missionaria di \u201csalvare il territorio americano dalla totale resa al materialismo\u201d. La sua vasta popolarit\u00e0 \u00e8 stata ed \u00e8 talmente diffusa che, ancora oggi, lo si ricorda attraverso il \u201cJohn Muir Day\u201d, il 21 aprile di ogni anno.<\/span><\/p>\n<div id=\"attachment_49095\" style=\"width: 181px\" class=\"wp-caption alignright\"><a href=\"https:\/\/www.rassegnastampa-totustuus.it\/cattolica\/wp-content\/uploads\/2020\/11\/Theodore_Roosevelt_ambiente.jpg\"><img loading=\"lazy\" decoding=\"async\" aria-describedby=\"caption-attachment-49095\" class=\"wp-image-49095 size-full\" src=\"https:\/\/www.rassegnastampa-totustuus.it\/cattolica\/wp-content\/uploads\/2020\/11\/Theodore_Roosevelt_ambiente.jpg\" alt=\"\" width=\"181\" height=\"279\" \/><\/a><p id=\"caption-attachment-49095\" class=\"wp-caption-text\">Theodore Roosevelt<\/p><\/div>\n<p style=\"text-align: justify;\"><span style=\"color: #000000;\">Un\u2019altra eminente figura dell\u2019ambientalismo americano fu Theodore Roosevelt (1858-1919), amico di John Muir, 26\u00b0 Presidente degli Stati Uniti dal 1901 al 1909, che istitu\u00ec il Servizio Forestale degli Stati Uniti e favor\u00ec la creazione dei primi parchi nazionali. Memorabile il suo discorso, nel maggio 1908 alla <em>Casa Bianca<\/em>, in cui parl\u00f2 dell\u2019impegno alla conservazione del patrimonio naturalistico come un dovere imprescindibile della Nazione. Roosevelt \u00e8 considerato un \u201cPadre della Patria\u201d, tanto che la sua figura \u00e8 scolpita a <em>Mount Rushmore,<\/em> nel Sud Dakota, assieme a George Washington, Abraham Lincoln e Thomas Jefferson.<\/span><\/p>\n<p style=\"text-align: justify;\"><span style=\"color: #000000;\">Potenti alleati di Theodore Roosevelt, solo per citarne alcuni, furono l\u2019antropologo, naturalista e scrittore, George Bird Grinnell (1849-1938) e il politico e guardia forestale Gifford Pinchot (1865-1946), i quali fondarono nel 1887, assieme a Roosevelt, il <em>Boone and Crockett Club,<\/em> che raccolse un importante numero di ambientalisti, scienziati, politici e intellettuali, dediti alla preservazione <em>dell\u2019American Widlands.<\/em> <\/span><\/p>\n<p style=\"text-align: justify;\"><span style=\"color: #000000;\">Successivamente, il cugino di Theodore, Franklin Delano Roosevelt (1882-1945), 32\u00b0 Presidente degli Stati Uniti, conosciuto per il <em>New Deal<\/em> dopo la crisi di Wall Street del 1929, fu a sua volta un tenace ambientalista, tanto che il suo <em>Civilian Conservative Corps<\/em> impieg\u00f2 milioni di giovani americani nelle zone rurali e selvagge americane. <\/span><\/p>\n<div id=\"attachment_49096\" style=\"width: 300px\" class=\"wp-caption alignleft\"><a href=\"https:\/\/www.rassegnastampa-totustuus.it\/cattolica\/wp-content\/uploads\/2020\/11\/Franklin_Delano_Roosevelt.jpg\"><img loading=\"lazy\" decoding=\"async\" aria-describedby=\"caption-attachment-49096\" class=\"wp-image-49096 size-medium\" src=\"https:\/\/www.rassegnastampa-totustuus.it\/cattolica\/wp-content\/uploads\/2020\/11\/Franklin_Delano_Roosevelt-300x168.jpg\" alt=\"\" width=\"300\" height=\"168\" \/><\/a><p id=\"caption-attachment-49096\" class=\"wp-caption-text\">Franklin Delano Roosevelt<\/p><\/div>\n<p style=\"text-align: justify;\"><span style=\"color: #000000;\">La sua amministrazione persegu\u00ec un risoluto programma ecologico, culminato nella <em>Wildlife Restoration Act<\/em> del 1937. Sin dagli albori, quindi, la questione ambientale negli USA ha visto un\u2019alleanza tra eminenti figure politiche e naturalisti, tra scienziati e scrittori, quasi a suggellare un patto per la conservazione del territorio, dai suoi grandi laghi alle montagne, dai canyon alle riserve naturali, dalla protezione dei parchi a tutta la flora e fauna circostante. <\/span><\/p>\n<p style=\"text-align: center;\"><span style=\"color: #000000;\"><strong>Dalle prime organizzazioni al movimento ambientalista moderno<\/strong> <\/span><\/p>\n<p style=\"text-align: justify;\"><span style=\"color: #000000;\">Fino ai primi anni \u201920 del XX secolo sorsero sull\u2019enorme territorio statunitense una serie di organizzazioni ambientaliste, come ad esempio la <em>National Audobon Society<\/em> e l\u2019<em>Izaak Walton League,<\/em> le quali si prefiggevano inizialmente il compito della preservazione del patrimonio ornitologico e ittico della Nazione. La <em>National Audobon Society<\/em> (fondata nel 1905) prendeva infatti il nome dal famoso ornitologo, illustratore e pittore franco-americano John James Audobon (1785-1851), che illustr\u00f2, con grande successo, la variet\u00e0 degli uccelli dell\u2019America; l\u2019<em>Izaak Walton League<\/em> (fondata nel 1922) si riferiva allo scrittore britannico Izaak Walton (1593-1683), che nel suo libro di successo: <em>\u201cThe compleat angler\u201d<\/em> (Il perfetto pescatore) illustrava l\u2019opportunit\u00e0 della pesca e delle attivit\u00e0 ricreative all\u2019aperto. <\/span><\/p>\n<p style=\"text-align: justify;\"><span style=\"color: #000000;\"><a href=\"https:\/\/www.rassegnastampa-totustuus.it\/cattolica\/wp-content\/uploads\/2020\/11\/uccello_animali.jpg\"><img loading=\"lazy\" decoding=\"async\" class=\"size-full wp-image-49097 alignright\" src=\"https:\/\/www.rassegnastampa-totustuus.it\/cattolica\/wp-content\/uploads\/2020\/11\/uccello_animali.jpg\" alt=\"\" width=\"259\" height=\"194\" \/><\/a>Entrambe le organizzazioni avevano nel tempo ampliato i loro <em>target<\/em><em> i<\/em>niziali, divenendo non solo preservatrici degli uccelli (organizzando, ad esempio, escursioni <em>birdwatching)<\/em> o delle attivit\u00e0 a cielo aperto come la pesca, ma occupandosi della conservazione degli ecosistemi o, come si evince dal logo della <em>Izaak Walton,<\/em> della difesa del suolo, dell\u2019aria, delle foreste, dell\u2019acqua e della\u00a0<em>wildlife,<\/em> basti pensare all\u2019istituzione gi\u00e0 nel 1924 del <em>Mississipi River National Wildlife Refuge.<\/em> <\/span><\/p>\n<p style=\"text-align: justify;\"><span style=\"color: #000000;\">Con il trascorrere del tempo queste organizzazioni ambientaliste statunitensi hanno visto incrementare le risorse finanziarie, le alleanze economiche e politiche, che hanno permesso non solo di divenire importanti <em>lobbies<\/em>, annoverando tra le loro fila illustri giuristi, scrittori, politici, naturalisti, ma di intessere stretti rapporti con i movimenti ambientalisti moderni. In particolare va menzionata la figura della biologa statunitense Rachel Carson (1907-1964), appartenente alla <em>Audobon Society<\/em> e autrice, nel 1962, di <em>Silent spring<\/em> (Primavera silenziosa), un volume che divenne punto di riferimento per i movimenti ambientalisti moderni al punto da condizionare la stessa politica nazionale americana in merito alla condanna dell\u2019uso dei fitofarmaci, pesticidi, in particolare del famoso insetticida DDT, che poteva suscitare effetti cancerogeni sull\u2019uomo. <\/span><\/p>\n<p style=\"text-align: justify;\"><span style=\"color: #000000;\"><a href=\"https:\/\/www.rassegnastampa-totustuus.it\/cattolica\/wp-content\/uploads\/2020\/11\/ambientalismo-1.png\"><img loading=\"lazy\" decoding=\"async\" class=\"size-full wp-image-49099 alignleft\" src=\"https:\/\/www.rassegnastampa-totustuus.it\/cattolica\/wp-content\/uploads\/2020\/11\/ambientalismo-1.png\" alt=\"\" width=\"223\" height=\"226\" \/><\/a>Anche la <em>Izaak Walton League<\/em> ha conseguito, nel tempo, successi politici di rilievo, avendo concorso concretamente e influenzando, ad esempio, leggi federali come la <em>Clean Water Act<\/em> del 1972 (sull\u2019inquinamento delle acque) o la <em>Save our streams,<\/em> programma incentrato soprattutto sul monitoraggio e la qualit\u00e0 dell\u2019ambiente. <\/span><\/p>\n<p style=\"text-align: justify;\"><span style=\"color: #000000;\">Dagli anni \u201960 del XX secolo le questioni ambientali hanno incluso via via concetti come \u201csostenibilit\u00e0\u201d, \u201cecologia profonda\u201d, \u201cgiustizia ambientale\u201d, rinsaldando le prime organizzazioni ambientaliste a programmi e ideologie sempre pi\u00f9 pervasive e collegando tali movimenti a campagne e attivit\u00e0 dagli aspetti socio-politici sempre pi\u00f9 marcati, in relazione ai temi della pace, dei diritti umani e degli animali, spesso solidarizzando con contestazioni (emblematica quella del rivoluzionario \u201968, che ha visto una forte crescita proprio negli Stati Uniti) e battaglie non solo di natura ecologica. <\/span><\/p>\n<p style=\"text-align: justify;\"><span style=\"color: #000000;\">Altre rilevanti questioni di cui queste organizzazioni ambientaliste si sono occupate hanno riguardato varie tematiche, dal \u201cbuco dell\u2019ozono\u201d alle \u201cpiogge acide\u201d e, pi\u00f9 recentemente, l\u2019\u201deffetto serra\u201d e il \u201criscaldamento globale\u201d. Il panorama dei movimenti ambientalisti moderni, che vanno, ad esempio dal WWF-Stati Uniti del 1961 ai <em>Friends of the Earth<\/em> del 1969 fino a <em>Greenpeace USA<\/em> del 1972, ha visto cos\u00ec un ampio spettro di iniziative, come le proteste contro l\u2019energia nucleare, l\u2019inquinamento petrolifero, l\u2019emissione di anidride carbonica e altri gas ad effetto serra. <\/span><\/p>\n<p style=\"text-align: center;\"><span style=\"color: #000000;\"><strong>L\u2019ideologia<\/strong> <em><strong>wilderness<\/strong><\/em> <\/span><\/p>\n<p style=\"text-align: justify;\"><span style=\"color: #000000;\"><a href=\"https:\/\/www.rassegnastampa-totustuus.it\/cattolica\/wp-content\/uploads\/2020\/11\/paesaggio_ambiente.jpg\"><img loading=\"lazy\" decoding=\"async\" class=\"size-full wp-image-49100 alignright\" src=\"https:\/\/www.rassegnastampa-totustuus.it\/cattolica\/wp-content\/uploads\/2020\/11\/paesaggio_ambiente.jpg\" alt=\"\" width=\"275\" height=\"183\" \/><\/a>Come ha ben descritto il Direttore di <em>Survival International<\/em>, Stephen Corry, autore dell\u2019interessante libro, dal titolo: <em>\u201cTribal peoples for tomorrow\u2019s world\u201d,<\/em> il mito della <em>wilderness<\/em> riposa sulle origini del protestantesimo, in particolare della dottrina calvinista. Corry, che \u00e8 direttore dei progetti del movimento mondiale per i diritti dei popoli indigeni e che si \u00e8 battuto contro lo stereotipo colonialista del \u201ccattivo selvaggio\u201d, al punto da ricevere il prestigioso riconoscimento del <em>Right livelihood Award<\/em> nel 1989, ha approfondito la ricostruzione della <em>Yosemite Valley<\/em>, ossia delle battaglie tra uomini bianchi e nativi Americani (indiani). <\/span><\/p>\n<p style=\"text-align: justify;\"><span style=\"color: #000000;\">Questa Valle, famosa per le bellezze naturali della Sierra Nevada in California e luogo di incontro, ad esempio, tra i gi\u00e0 menzionati John Muir e Theodore Roosevelt, si pu\u00f2 connotare ed esaminare in termini religiosi, come ha rilevato il famoso pastore protestante Thomas Starr King (1824-1864) in un suo significativo sermone: <em>\u201cSu ogni roccia \u00e8 scritto un passo della Sacra Scrittura\u201d<\/em>. <\/span><\/p>\n<p style=\"text-align: justify;\"><span style=\"color: #000000;\"><a href=\"https:\/\/www.rassegnastampa-totustuus.it\/cattolica\/wp-content\/uploads\/2020\/11\/Usa_paesaggio_Sierra_Nevada.jpg\"><img loading=\"lazy\" decoding=\"async\" class=\"size-full wp-image-49101 alignleft\" src=\"https:\/\/www.rassegnastampa-totustuus.it\/cattolica\/wp-content\/uploads\/2020\/11\/Usa_paesaggio_Sierra_Nevada.jpg\" alt=\"\" width=\"275\" height=\"183\" \/><\/a>Lo stesso, pi\u00f9 volte menzionato John Muir, descriveva l\u2019ascesa sulle montagne della Sierra Nevada in questi termini: <em>\u201cOgni cosa diviene religione, il mondo intero sembra una chiesa e le montagne altari\u2026 nell\u2019essenza incontaminata di Dio sta la speranza del mondo, non esiste nulla di veramente selvaggio che sia impuro\u201d.<\/em> <\/span><\/p>\n<p style=\"text-align: justify;\"><span style=\"color: #000000;\">L\u2019ideologia <em>wilderness<\/em> \u00e8 sostenuta, come ha precisato Stephen Corry, da tre precetti centrali del calvinismo: la Bibbia come verit\u00e0 letterale, Dio che si manifesta nel creato (nella Natura) e il genere umano, che \u00e8 corrotto dal peccato. Questa matrice calvinista ha dato luogo a una concezione che ha unito questa base teologica al rapimento estatico del romanticismo verso il paesaggio, in cui la Natura (la <em>Wilderness<\/em>) era il divino e l\u2019uomo il male, destinato a contaminare la buona creazione di Dio. <\/span><\/p>\n<p style=\"text-align: justify;\"><span style=\"color: #000000;\">Da ci\u00f2 si evince il rapporto sproporzionato tra Bene e male, tra l\u2019opera Somma di Dio e la devastazione dell\u2019essere umano corrotto dal peccato e quindi della relazione asimmetrica tra Natura e cultura. Secondo l\u2019autorevole Direttore della <em>Survival International,<\/em> non si pu\u00f2 comprendere la nascita del movimento ambientalista americano a prescindere dalla matrice calvinista. <\/span><\/p>\n<p style=\"text-align: justify;\"><span style=\"color: #000000;\"><a href=\"https:\/\/www.rassegnastampa-totustuus.it\/cattolica\/wp-content\/uploads\/2020\/11\/demografia.jpg\"><img loading=\"lazy\" decoding=\"async\" class=\"size-full wp-image-49102 alignright\" src=\"https:\/\/www.rassegnastampa-totustuus.it\/cattolica\/wp-content\/uploads\/2020\/11\/demografia.jpg\" alt=\"\" width=\"177\" height=\"285\" \/><\/a>Non a caso i pi\u00f9 importanti ambientalisti statunitensi, come ha descritto nei suoi studi, provenivano da questo substrato religioso-culturale: <em>\u201cRachel Carson era la figlia di un devoto presbiteriano calvinista, David Brower<\/em> (uno dei fondatori di\u00a0<em>Friends of the Earth<\/em>) <em>si descriveva come un ex presbiteriano,<\/em>\u00a0<em>Aldo Leopold, considerato l\u2019ispiratore della moderna biologia di conservazione, era nato in una famiglia di protestanti luterani di origine tedesca\u2026\u201d.<\/em> <\/span><\/p>\n<p style=\"text-align: justify;\"><span style=\"color: #000000;\">L\u2019ideologia della <em>wilderness<\/em> sta nell\u2019errore di considerarla quale Natura Vergine e Incontaminata (da rilevare l\u2019analogia con alcuni dogmi cattolici Mariani) che l\u2019opera dell\u2019uomo peccatore ha deturpato; pertanto \u00e8 necessario liberare la <em>wilderness<\/em> dalla presenza umana. Non \u00e8 un caso che il <em>Sierra Club<\/em> pubblic\u00f2 nel 1968 <em>The Population Bomb<\/em>, un libro del famoso ambientalista e biologo statunitense Paul R.Ehrlich , in cui si prospettava il dramma della sovrappopolazione come fattore del degrado ambientale. <\/span><\/p>\n<p style=\"text-align: justify;\"><span style=\"color: #000000;\">Il mondo, infatti, \u00e8 visto e descritto come un terreno di scontro tra l\u2019uomo e la Natura divina, tanto da farci comprendere posizioni eugenetiche e razziste volte a ridurre il presunto eccessivo popolamento, come quella emblematica di Dave Foreman, fondatore di <em>Earth First!<\/em> ed ex direttore del <em>Sierra Club<\/em>: <em>\u201cLa Terra \u00e8 divinit\u00e0 e il vero oggetto della devozione umana\u201d<\/em>. <\/span><\/p>\n<p style=\"text-align: justify;\"><span style=\"color: #000000;\"><a href=\"https:\/\/www.rassegnastampa-totustuus.it\/cattolica\/wp-content\/uploads\/2020\/11\/ambientalismo_Sierra_club.png\"><img loading=\"lazy\" decoding=\"async\" class=\"size-full wp-image-49103 alignleft\" src=\"https:\/\/www.rassegnastampa-totustuus.it\/cattolica\/wp-content\/uploads\/2020\/11\/ambientalismo_Sierra_club.png\" alt=\"\" width=\"200\" height=\"200\" srcset=\"https:\/\/www.rassegnastampa-totustuus.it\/cattolica\/wp-content\/uploads\/2020\/11\/ambientalismo_Sierra_club.png 200w, https:\/\/www.rassegnastampa-totustuus.it\/cattolica\/wp-content\/uploads\/2020\/11\/ambientalismo_Sierra_club-150x150.png 150w\" sizes=\"auto, (max-width: 200px) 100vw, 200px\" \/><\/a>Roger G. Kennedy (1926-2011), che oltre ad essere stato a capo della <em>National Park Service,<\/em> ha assunto preminenti ruoli nel settore bancario, nella produzione di programmi televisivi e nell\u2019amministrazione di musei, cos\u00ec esprimeva la sua concezione: <em>\u201cDovremmo concepire la wilderness come parte della nostra vita religiosa\u201d.<\/em> <\/span><\/p>\n<p style=\"text-align: justify;\"><span style=\"color: #000000;\">Da queste prese di posizione, in cui l\u2019umanit\u00e0 \u00e8 vista come \u201cqualcosa di maligno\u201d, non \u00e8 difficile dedurne le \u201clogiche\u201d conseguenze tese, ad esempio, a ridurre l\u2019attuale popolazione di circa 7 miliardi a 2 miliardi. Sarebbe interessante osservare, ma ci\u00f2 andrebbe oltre lo specifico studio delle radici ideologiche dell\u2019ambientalismo statunitense, come queste tesi della <em>wilderness<\/em> si sposino con concezioni \u201cetiche\u201d dettate dal mondo della finanza, basti pensare alle analoghe prese di posizione contro la presunta sovrappopolazione di Bill Gates o dalle osservazioni contro il male prodotto dal genere umano di Elon Musk. <\/span><\/p>\n<p style=\"text-align: justify;\"><span style=\"color: #000000;\">Sta di fatto che coloro che visitano il Parco Nazionale di Yosemite, venerato come un tempio sacro dai <em>guru<\/em> dell\u2019ambientalismo americano, si trovano a sottostare a delle ferree decisioni come il registrarsi, indicando scrupolosamente gli itinerari e i luoghi in cui vorrebbero sostare, portando i necessari permessi, pena l\u2019espulsione e il divieto di non lasciare alcuna traccia di s\u00e9. Nella <em>wilderness<\/em> dell\u2019Eden le persone sono a malapena tollerate. <\/span><\/p>\n<p style=\"text-align: center;\"><span style=\"color: #000000;\"><strong>Ecologismo e climatismo<\/strong> <\/span><\/p>\n<p style=\"text-align: justify;\"><span style=\"color: #000000;\"><a href=\"https:\/\/www.rassegnastampa-totustuus.it\/cattolica\/wp-content\/uploads\/2012\/02\/clima.jpg\"><img loading=\"lazy\" decoding=\"async\" class=\"size-full wp-image-30174 alignleft\" src=\"https:\/\/www.rassegnastampa-totustuus.it\/cattolica\/wp-content\/uploads\/2012\/02\/clima.jpg\" alt=\"\" width=\"275\" height=\"183\" \/><\/a>Il protestantesimo in generale, e il calvinismo nello specifico, non hanno plasmato soltanto l\u2019ambientalismo degli Stati Uniti, ma anche il mondo finanziario dell\u2019intero sistema liberal-capitalistico. Quando, ad esempio, l\u2019<em>American Committee for International Wildlife<\/em> arriv\u00f2 nel 1938 a porre sotto accusa la civilt\u00e0 tecnologica, rea della distruzione della <em>wilderness<\/em> originaria, non solo ripropose la tematica dello scontro tra Natura-cultura ma aliment\u00f2 l\u2019importanza del singolo individuo rispetto alla societ\u00e0 umana nel suo complesso. <\/span><\/p>\n<p style=\"text-align: justify;\"><span style=\"color: #000000;\">Gli Stati Uniti infatti, non avendo conosciuto storicamente la <em>Cristianit\u00e0,<\/em> ad esempio quella medievale europea, non hanno potuto considerare l\u2019equilibrio e la potenza di una visione autoritaria e organica come fu quella cattolica di quel periodo, connotata dall\u2019interdipendenza dei principi fondamentali della Dottrina sociale della Chiesa, <em>in primis<\/em> quelli di solidariet\u00e0 e sussidiariet\u00e0, e dall\u2019esplosione vitale dei corpi intermedi, delle corporazioni di arti e mestieri, delle piccole municipalit\u00e0, dei banchi di mutuo soccorso e delle diverse articolazioni sociali, culturali e religiose presenti nel territorio. <\/span><\/p>\n<p style=\"text-align: justify;\"><span style=\"color: #000000;\"><a href=\"https:\/\/www.rassegnastampa-totustuus.it\/cattolica\/wp-content\/uploads\/2020\/05\/Greta_Thunberg.jpg\"><img loading=\"lazy\" decoding=\"async\" class=\"size-medium wp-image-47251 alignright\" src=\"https:\/\/www.rassegnastampa-totustuus.it\/cattolica\/wp-content\/uploads\/2020\/05\/Greta_Thunberg-300x168.jpg\" alt=\"\" width=\"300\" height=\"168\" srcset=\"https:\/\/www.rassegnastampa-totustuus.it\/cattolica\/wp-content\/uploads\/2020\/05\/Greta_Thunberg-300x168.jpg 300w, https:\/\/www.rassegnastampa-totustuus.it\/cattolica\/wp-content\/uploads\/2020\/05\/Greta_Thunberg-768x431.jpg 768w, https:\/\/www.rassegnastampa-totustuus.it\/cattolica\/wp-content\/uploads\/2020\/05\/Greta_Thunberg-1024x574.jpg 1024w, https:\/\/www.rassegnastampa-totustuus.it\/cattolica\/wp-content\/uploads\/2020\/05\/Greta_Thunberg.jpg 1920w\" sizes=\"auto, (max-width: 300px) 100vw, 300px\" \/><\/a>Parafrasando un celebre detto, si potrebbe dire che un motto come potrebbe essere: <em>\u201cDimmi che Dio hai e ti dir\u00f2 chi sei\u201d<\/em> rimane il tema centrale della visione dell\u2019uomo negli Stati Uniti e quindi del posto della persona umana nel mondo e della sua qualit\u00e0. Se l\u2019uomo \u00e8 essenzialmente corrotto nella sua natura, come deriva da una concezione protestante, differisce sostanzialmente dalla visione cattolica in cui l\u2019uomo \u00e8 solo segnato dal peccato originale; conseguentemente l\u2019uomo non solo non pu\u00f2 fare parte integrante della Natura (intesa come manifestazione divina) e se ne deve stare fuori per non contaminarla. <\/span><\/p>\n<p style=\"text-align: justify;\"><span style=\"color: #000000;\">Posizioni come quelle, ad esempio, del biologo e politico statunitense Barry Commoner (1917-2012), docente di fisiologia vegetale all\u2019Universit\u00e0 di Washington, riferite al primo <em>Earth Day<\/em> del 22 aprile 1970 tenutosi al <em>Fairmount Park<\/em> di Philadelphia, sono rivelatrici di un pensiero ecologista e climatista ancora presente, basti pensare ai <em>Fridays for Future<\/em> e ai <em>Climatestrike<\/em> della giovane e celebre attivista Greta Thunberg: <em>\u201cQuesto pianeta \u00e8 minacciato dalla distruzione e noi che ci viviamo siamo minacciati dalla morte. I cieli sono appestati, le acque sporche\u2026viviamo sull\u2019orlo dell\u2019annientamento nucleare: siamo nel mezzo di una crisi di sopravvivenza\u201d.<\/em> <\/span><\/p>\n<div id=\"attachment_49104\" style=\"width: 300px\" class=\"wp-caption alignleft\"><a href=\"https:\/\/www.rassegnastampa-totustuus.it\/cattolica\/wp-content\/uploads\/2020\/11\/Alexandria_Villasenor_ambientalismo.jpg\"><img loading=\"lazy\" decoding=\"async\" aria-describedby=\"caption-attachment-49104\" class=\"wp-image-49104 size-medium\" src=\"https:\/\/www.rassegnastampa-totustuus.it\/cattolica\/wp-content\/uploads\/2020\/11\/Alexandria_Villasenor_ambientalismo-300x168.jpg\" alt=\"\" width=\"300\" height=\"168\" \/><\/a><p id=\"caption-attachment-49104\" class=\"wp-caption-text\">Alexandria Villasenor<\/p><\/div>\n<p style=\"text-align: justify;\"><span style=\"color: #000000;\">Gli stessi concetti di Barry Commoner del 1970, a distanza di cinquant\u2019anni, si possono ancora udire nei volti pi\u00f9 celebri della rivoluzione giovanile <em>green<\/em> dei nostri tempi, dalla svedese Greta Thunberg alla californiana Alexandria Villasenor, considerata la \u201cGreta Thunberg degli Stati Uniti\u201d. Come la pi\u00f9 celebre Greta, anche lei ogni venerd\u00ec espone cartelloni di protesta all\u2019esterno del palazzo di vetro delle nazioni Unite a New York, nei quali si possono leggere: <em>\u201cStrike for climate\u201d<\/em> o altri slogan, come ad esempio: <em>\u201cCOP24 failed us<\/em>\u201d, riferite al fallimento delle conferenze sui cambiamenti climatici, come quella di Katowice del 2018 e dopo che l\u2019amministrazione di Donald Trump aveva notificato all\u2019ONU il ritiro dagli accordi della <em>Climate change conference<\/em> di Parigi, in particolare quello sulle emissioni delle centrali elettriche a carbone. <\/span><\/p>\n<p style=\"text-align: justify;\"><span style=\"color: #000000;\">La battaglia politica interna tra democratici (in particolare la giovane progressista Alexandria Ocasio-Cortez ha sostenuto l\u2019impegno ad azzerare le emissioni di gas a effetto serra negli Stati Uniti entro il 2050) e repubblicani (Trump ha sempre dichiarato l\u2019esagerata preoccupazione dell\u2019ambientalismo moderno e la tendenza a falsificarne i dati, criticando in modo esplicito la teoria del cambiamento climatico) non deve tuttavia non farci considerare le radici ideologiche di natura teologico-culturale gi\u00e0 precedentemente enunciate. <\/span><\/p>\n<p style=\"text-align: justify;\"><span style=\"color: #000000;\"><a href=\"https:\/\/www.rassegnastampa-totustuus.it\/cattolica\/wp-content\/uploads\/2020\/11\/ambientalismo.jpg\"><img loading=\"lazy\" decoding=\"async\" class=\"size-full wp-image-49105 alignright\" src=\"https:\/\/www.rassegnastampa-totustuus.it\/cattolica\/wp-content\/uploads\/2020\/11\/ambientalismo.jpg\" alt=\"\" width=\"183\" height=\"275\" \/><\/a>In questo clima politico-economico va letta anche la polemica sostenuta dagli ambientalisti statunitensi agli inizi del 2020 contro il regista Michael Moore, precedentemente riconosciuto come idolo della sinistra progressista e <em>green<\/em> americana, per aver attaccato la produzione delle auto elettriche e dei pannelli solari, sostenuti dai movimenti ecologisti e climatisti. In un documentario: <em>\u201cPlanet of the Humans\u201d<\/em>, Moore ha attaccato la Tesla di Elon Musk, produttrice di auto elettriche, rea di saccheggiare minerali naturali, con un impatto devastante proprio sullo stesso ambiente e si \u00e8 scagliato contro la produzione dei pannelli solari, di cui si \u00e8 arricchita ad esempio la dinastia capitalista dei Koch. <\/span><\/p>\n<p style=\"text-align: justify;\"><span style=\"color: #000000;\">Queste diatribe e polemiche interne, che smascherano l\u2019ipocrisia del movimento ambientalista e del capitalismo americano non devono infine farci dimenticare che, dal <em>New Deal<\/em> di Roosevelt al <em>Green New Deal<\/em> attuale, le nuove ideologie politiche dell\u2019ecologismo e del climatismo globale hanno percorso la medesima direzione. Attraverso la pur doverosa salvaguardia dell\u2019ambiente e del vasto territorio americano, hanno permesso di farci riconoscere cosa c\u2019\u00e8 veramente in gioco, ossia l\u2019ideologia della <em>wilderness<\/em> e del conflitto Natura-cultura con tutte le contraddizioni conseguenti.<\/span><\/p>\n","protected":false},"excerpt":{"rendered":"<p>Ricognizioni 2 Novembre 2020 \u00a0 di Fabio Trevisan \u00a0 Alcuni cenni storici essenziali Per cercare di comprendere l\u2019evoluzione dell\u2019ecologismo e del climatismo negli Stati Uniti, \u00e8 necessario analizzare, seppur a brevi cenni, la portata del movimento ambientalista, almeno a partire dalla fine del XIX secolo, quando sorsero organizzazioni a tutela del vasto territorio americano, come &hellip; <\/p>\n<p><a class=\"more-link btn\" href=\"https:\/\/www.rassegnastampa-totustuus.it\/cattolica\/ecologismo-e-climatismo-usa-le-nuove-ideologie-politiche\/\">Continua a leggere<\/a><\/p>\n","protected":false},"author":6,"featured_media":49106,"comment_status":"closed","ping_status":"closed","sticky":false,"template":"","format":"standard","meta":{"footnotes":""},"categories":[3,30],"tags":[2387,1708,512],"class_list":["post-49092","post","type-post","status-publish","format-standard","has-post-thumbnail","hentry","category-ambientalismo","category-ideologia-ambientalista","tag-ambientalismo","tag-ecologismo","tag-ideologia-ambientale","item-wrap"],"yoast_head":"<!-- This site is optimized with the Yoast SEO plugin v27.5 - https:\/\/yoast.com\/product\/yoast-seo-wordpress\/ -->\n<title>Ecologismo e climatismo USA: le nuove ideologie politiche - Rassegna Stampa Cattolica<\/title>\n<meta name=\"description\" content=\"Rassegna Stampa Cattolica - Per una cultura che nasce dalla Rivelazione cristiana in conformit\u00e0 alla tradizione e al Magistero della Chiesa in opposizione ad ogni relativismo e totalitarismo\" \/>\n<meta name=\"robots\" content=\"index, follow, max-snippet:-1, max-image-preview:large, max-video-preview:-1\" \/>\n<link rel=\"canonical\" href=\"https:\/\/www.rassegnastampa-totustuus.it\/cattolica\/ecologismo-e-climatismo-usa-le-nuove-ideologie-politiche\/\" \/>\n<meta property=\"og:locale\" content=\"it_IT\" \/>\n<meta property=\"og:type\" content=\"article\" \/>\n<meta property=\"og:title\" content=\"Ecologismo e climatismo USA: le nuove ideologie politiche - Rassegna Stampa Cattolica\" \/>\n<meta property=\"og:description\" content=\"Rassegna Stampa Cattolica - Per una cultura che nasce dalla Rivelazione cristiana in conformit\u00e0 alla tradizione e al Magistero della Chiesa in opposizione ad ogni relativismo e totalitarismo\" \/>\n<meta property=\"og:url\" content=\"https:\/\/www.rassegnastampa-totustuus.it\/cattolica\/ecologismo-e-climatismo-usa-le-nuove-ideologie-politiche\/\" \/>\n<meta property=\"og:site_name\" content=\"Rassegna Stampa Cattolica\" \/>\n<meta property=\"article:publisher\" content=\"https:\/\/www.facebook.com\/rassegnastampacattolica\" \/>\n<meta property=\"article:published_time\" content=\"2020-11-11T23:00:14+00:00\" \/>\n<meta property=\"og:image\" content=\"https:\/\/www.rassegnastampa-totustuus.it\/cattolica\/wp-content\/uploads\/2020\/11\/ambientalismo_protesta.jpg\" \/>\n\t<meta property=\"og:image:width\" content=\"1600\" \/>\n\t<meta property=\"og:image:height\" content=\"800\" \/>\n\t<meta property=\"og:image:type\" content=\"image\/jpeg\" \/>\n<meta name=\"author\" content=\"Redazione\" \/>\n<meta name=\"twitter:card\" content=\"summary_large_image\" \/>\n<meta name=\"twitter:creator\" content=\"@rassegnastampa9\" \/>\n<meta name=\"twitter:site\" content=\"@rassegnastampa9\" \/>\n<meta name=\"twitter:label1\" content=\"Scritto da\" \/>\n\t<meta name=\"twitter:data1\" content=\"Redazione\" \/>\n\t<meta name=\"twitter:label2\" content=\"Tempo di lettura stimato\" \/>\n\t<meta name=\"twitter:data2\" content=\"13 minuti\" \/>\n<script type=\"application\/ld+json\" class=\"yoast-schema-graph\">{\"@context\":\"https:\\\/\\\/schema.org\",\"@graph\":[{\"@type\":\"Article\",\"@id\":\"https:\\\/\\\/www.rassegnastampa-totustuus.it\\\/cattolica\\\/ecologismo-e-climatismo-usa-le-nuove-ideologie-politiche\\\/#article\",\"isPartOf\":{\"@id\":\"https:\\\/\\\/www.rassegnastampa-totustuus.it\\\/cattolica\\\/ecologismo-e-climatismo-usa-le-nuove-ideologie-politiche\\\/\"},\"author\":{\"name\":\"Redazione\",\"@id\":\"https:\\\/\\\/www.rassegnastampa-totustuus.it\\\/cattolica\\\/#\\\/schema\\\/person\\\/08f319d2bd1a0904ad9e2bfb7b15e5c3\"},\"headline\":\"Ecologismo e climatismo USA: le nuove ideologie politiche\",\"datePublished\":\"2020-11-11T23:00:14+00:00\",\"mainEntityOfPage\":{\"@id\":\"https:\\\/\\\/www.rassegnastampa-totustuus.it\\\/cattolica\\\/ecologismo-e-climatismo-usa-le-nuove-ideologie-politiche\\\/\"},\"wordCount\":2689,\"publisher\":{\"@id\":\"https:\\\/\\\/www.rassegnastampa-totustuus.it\\\/cattolica\\\/#organization\"},\"image\":{\"@id\":\"https:\\\/\\\/www.rassegnastampa-totustuus.it\\\/cattolica\\\/ecologismo-e-climatismo-usa-le-nuove-ideologie-politiche\\\/#primaryimage\"},\"thumbnailUrl\":\"https:\\\/\\\/www.rassegnastampa-totustuus.it\\\/cattolica\\\/wp-content\\\/uploads\\\/2020\\\/11\\\/ambientalismo_protesta.jpg\",\"keywords\":[\"Ambientalismo\",\"ecologismo\",\"ideologia ambientale\"],\"articleSection\":[\"Ambientalismo\",\"Ideologia ambientale\"],\"inLanguage\":\"it-IT\"},{\"@type\":\"WebPage\",\"@id\":\"https:\\\/\\\/www.rassegnastampa-totustuus.it\\\/cattolica\\\/ecologismo-e-climatismo-usa-le-nuove-ideologie-politiche\\\/\",\"url\":\"https:\\\/\\\/www.rassegnastampa-totustuus.it\\\/cattolica\\\/ecologismo-e-climatismo-usa-le-nuove-ideologie-politiche\\\/\",\"name\":\"Ecologismo e climatismo USA: le nuove ideologie politiche - Rassegna Stampa Cattolica\",\"isPartOf\":{\"@id\":\"https:\\\/\\\/www.rassegnastampa-totustuus.it\\\/cattolica\\\/#website\"},\"primaryImageOfPage\":{\"@id\":\"https:\\\/\\\/www.rassegnastampa-totustuus.it\\\/cattolica\\\/ecologismo-e-climatismo-usa-le-nuove-ideologie-politiche\\\/#primaryimage\"},\"image\":{\"@id\":\"https:\\\/\\\/www.rassegnastampa-totustuus.it\\\/cattolica\\\/ecologismo-e-climatismo-usa-le-nuove-ideologie-politiche\\\/#primaryimage\"},\"thumbnailUrl\":\"https:\\\/\\\/www.rassegnastampa-totustuus.it\\\/cattolica\\\/wp-content\\\/uploads\\\/2020\\\/11\\\/ambientalismo_protesta.jpg\",\"datePublished\":\"2020-11-11T23:00:14+00:00\",\"description\":\"Rassegna Stampa Cattolica - Per una cultura che nasce dalla Rivelazione cristiana in conformit\u00e0 alla tradizione e al Magistero della Chiesa in opposizione ad ogni relativismo e totalitarismo\",\"breadcrumb\":{\"@id\":\"https:\\\/\\\/www.rassegnastampa-totustuus.it\\\/cattolica\\\/ecologismo-e-climatismo-usa-le-nuove-ideologie-politiche\\\/#breadcrumb\"},\"inLanguage\":\"it-IT\",\"potentialAction\":[{\"@type\":\"ReadAction\",\"target\":[\"https:\\\/\\\/www.rassegnastampa-totustuus.it\\\/cattolica\\\/ecologismo-e-climatismo-usa-le-nuove-ideologie-politiche\\\/\"]}]},{\"@type\":\"ImageObject\",\"inLanguage\":\"it-IT\",\"@id\":\"https:\\\/\\\/www.rassegnastampa-totustuus.it\\\/cattolica\\\/ecologismo-e-climatismo-usa-le-nuove-ideologie-politiche\\\/#primaryimage\",\"url\":\"https:\\\/\\\/www.rassegnastampa-totustuus.it\\\/cattolica\\\/wp-content\\\/uploads\\\/2020\\\/11\\\/ambientalismo_protesta.jpg\",\"contentUrl\":\"https:\\\/\\\/www.rassegnastampa-totustuus.it\\\/cattolica\\\/wp-content\\\/uploads\\\/2020\\\/11\\\/ambientalismo_protesta.jpg\",\"width\":1600,\"height\":800},{\"@type\":\"BreadcrumbList\",\"@id\":\"https:\\\/\\\/www.rassegnastampa-totustuus.it\\\/cattolica\\\/ecologismo-e-climatismo-usa-le-nuove-ideologie-politiche\\\/#breadcrumb\",\"itemListElement\":[{\"@type\":\"ListItem\",\"position\":1,\"name\":\"Home\",\"item\":\"https:\\\/\\\/www.rassegnastampa-totustuus.it\\\/cattolica\\\/\"},{\"@type\":\"ListItem\",\"position\":2,\"name\":\"Ecologismo e climatismo USA: le nuove ideologie politiche\"}]},{\"@type\":\"WebSite\",\"@id\":\"https:\\\/\\\/www.rassegnastampa-totustuus.it\\\/cattolica\\\/#website\",\"url\":\"https:\\\/\\\/www.rassegnastampa-totustuus.it\\\/cattolica\\\/\",\"name\":\"Rassegna Stampa Cattolica\",\"description\":\"Per una cultura che nasce dalla Rivelazione cristiana in conformit\u00e0 alla tradizione e al Magistero della Chiesa in opposizione ad ogni relativismo e totalitarismo\",\"publisher\":{\"@id\":\"https:\\\/\\\/www.rassegnastampa-totustuus.it\\\/cattolica\\\/#organization\"},\"alternateName\":\"Rass. Cattolica\",\"potentialAction\":[{\"@type\":\"SearchAction\",\"target\":{\"@type\":\"EntryPoint\",\"urlTemplate\":\"https:\\\/\\\/www.rassegnastampa-totustuus.it\\\/cattolica\\\/?s={search_term_string}\"},\"query-input\":{\"@type\":\"PropertyValueSpecification\",\"valueRequired\":true,\"valueName\":\"search_term_string\"}}],\"inLanguage\":\"it-IT\"},{\"@type\":\"Organization\",\"@id\":\"https:\\\/\\\/www.rassegnastampa-totustuus.it\\\/cattolica\\\/#organization\",\"name\":\"Rassegna Stampa Cattolica\",\"url\":\"https:\\\/\\\/www.rassegnastampa-totustuus.it\\\/cattolica\\\/\",\"logo\":{\"@type\":\"ImageObject\",\"inLanguage\":\"it-IT\",\"@id\":\"https:\\\/\\\/www.rassegnastampa-totustuus.it\\\/cattolica\\\/#\\\/schema\\\/logo\\\/image\\\/\",\"url\":\"https:\\\/\\\/www.rassegnastampa-totustuus.it\\\/cattolica\\\/wp-content\\\/uploads\\\/2014\\\/04\\\/logo-rassegna1.gif\",\"contentUrl\":\"https:\\\/\\\/www.rassegnastampa-totustuus.it\\\/cattolica\\\/wp-content\\\/uploads\\\/2014\\\/04\\\/logo-rassegna1.gif\",\"width\":600,\"height\":163,\"caption\":\"Rassegna Stampa Cattolica\"},\"image\":{\"@id\":\"https:\\\/\\\/www.rassegnastampa-totustuus.it\\\/cattolica\\\/#\\\/schema\\\/logo\\\/image\\\/\"},\"sameAs\":[\"https:\\\/\\\/www.facebook.com\\\/rassegnastampacattolica\",\"https:\\\/\\\/x.com\\\/rassegnastampa9\"]},{\"@type\":\"Person\",\"@id\":\"https:\\\/\\\/www.rassegnastampa-totustuus.it\\\/cattolica\\\/#\\\/schema\\\/person\\\/08f319d2bd1a0904ad9e2bfb7b15e5c3\",\"name\":\"Redazione\",\"image\":{\"@type\":\"ImageObject\",\"inLanguage\":\"it-IT\",\"@id\":\"https:\\\/\\\/secure.gravatar.com\\\/avatar\\\/2fcdf27c78ea025fbdb44e914cc63c72249ffec9dc8aafd5c82b26240ef3f346?s=96&d=mm&r=g\",\"url\":\"https:\\\/\\\/secure.gravatar.com\\\/avatar\\\/2fcdf27c78ea025fbdb44e914cc63c72249ffec9dc8aafd5c82b26240ef3f346?s=96&d=mm&r=g\",\"contentUrl\":\"https:\\\/\\\/secure.gravatar.com\\\/avatar\\\/2fcdf27c78ea025fbdb44e914cc63c72249ffec9dc8aafd5c82b26240ef3f346?s=96&d=mm&r=g\",\"caption\":\"Redazione\"},\"url\":\"https:\\\/\\\/www.rassegnastampa-totustuus.it\\\/cattolica\\\/author\\\/pietroelle\\\/\"}]}<\/script>\n<!-- \/ Yoast SEO plugin. -->","yoast_head_json":{"title":"Ecologismo e climatismo USA: le nuove ideologie politiche - Rassegna Stampa Cattolica","description":"Rassegna Stampa Cattolica - Per una cultura che nasce dalla Rivelazione cristiana in conformit\u00e0 alla tradizione e al Magistero della Chiesa in opposizione ad ogni relativismo e totalitarismo","robots":{"index":"index","follow":"follow","max-snippet":"max-snippet:-1","max-image-preview":"max-image-preview:large","max-video-preview":"max-video-preview:-1"},"canonical":"https:\/\/www.rassegnastampa-totustuus.it\/cattolica\/ecologismo-e-climatismo-usa-le-nuove-ideologie-politiche\/","og_locale":"it_IT","og_type":"article","og_title":"Ecologismo e climatismo USA: le nuove ideologie politiche - Rassegna Stampa Cattolica","og_description":"Rassegna Stampa Cattolica - Per una cultura che nasce dalla Rivelazione cristiana in conformit\u00e0 alla tradizione e al Magistero della Chiesa in opposizione ad ogni relativismo e totalitarismo","og_url":"https:\/\/www.rassegnastampa-totustuus.it\/cattolica\/ecologismo-e-climatismo-usa-le-nuove-ideologie-politiche\/","og_site_name":"Rassegna Stampa Cattolica","article_publisher":"https:\/\/www.facebook.com\/rassegnastampacattolica","article_published_time":"2020-11-11T23:00:14+00:00","og_image":[{"width":1600,"height":800,"url":"https:\/\/www.rassegnastampa-totustuus.it\/cattolica\/wp-content\/uploads\/2020\/11\/ambientalismo_protesta.jpg","type":"image\/jpeg"}],"author":"Redazione","twitter_card":"summary_large_image","twitter_creator":"@rassegnastampa9","twitter_site":"@rassegnastampa9","twitter_misc":{"Scritto da":"Redazione","Tempo di lettura stimato":"13 minuti"},"schema":{"@context":"https:\/\/schema.org","@graph":[{"@type":"Article","@id":"https:\/\/www.rassegnastampa-totustuus.it\/cattolica\/ecologismo-e-climatismo-usa-le-nuove-ideologie-politiche\/#article","isPartOf":{"@id":"https:\/\/www.rassegnastampa-totustuus.it\/cattolica\/ecologismo-e-climatismo-usa-le-nuove-ideologie-politiche\/"},"author":{"name":"Redazione","@id":"https:\/\/www.rassegnastampa-totustuus.it\/cattolica\/#\/schema\/person\/08f319d2bd1a0904ad9e2bfb7b15e5c3"},"headline":"Ecologismo e climatismo USA: le nuove ideologie politiche","datePublished":"2020-11-11T23:00:14+00:00","mainEntityOfPage":{"@id":"https:\/\/www.rassegnastampa-totustuus.it\/cattolica\/ecologismo-e-climatismo-usa-le-nuove-ideologie-politiche\/"},"wordCount":2689,"publisher":{"@id":"https:\/\/www.rassegnastampa-totustuus.it\/cattolica\/#organization"},"image":{"@id":"https:\/\/www.rassegnastampa-totustuus.it\/cattolica\/ecologismo-e-climatismo-usa-le-nuove-ideologie-politiche\/#primaryimage"},"thumbnailUrl":"https:\/\/www.rassegnastampa-totustuus.it\/cattolica\/wp-content\/uploads\/2020\/11\/ambientalismo_protesta.jpg","keywords":["Ambientalismo","ecologismo","ideologia ambientale"],"articleSection":["Ambientalismo","Ideologia ambientale"],"inLanguage":"it-IT"},{"@type":"WebPage","@id":"https:\/\/www.rassegnastampa-totustuus.it\/cattolica\/ecologismo-e-climatismo-usa-le-nuove-ideologie-politiche\/","url":"https:\/\/www.rassegnastampa-totustuus.it\/cattolica\/ecologismo-e-climatismo-usa-le-nuove-ideologie-politiche\/","name":"Ecologismo e climatismo USA: le nuove ideologie politiche - Rassegna Stampa Cattolica","isPartOf":{"@id":"https:\/\/www.rassegnastampa-totustuus.it\/cattolica\/#website"},"primaryImageOfPage":{"@id":"https:\/\/www.rassegnastampa-totustuus.it\/cattolica\/ecologismo-e-climatismo-usa-le-nuove-ideologie-politiche\/#primaryimage"},"image":{"@id":"https:\/\/www.rassegnastampa-totustuus.it\/cattolica\/ecologismo-e-climatismo-usa-le-nuove-ideologie-politiche\/#primaryimage"},"thumbnailUrl":"https:\/\/www.rassegnastampa-totustuus.it\/cattolica\/wp-content\/uploads\/2020\/11\/ambientalismo_protesta.jpg","datePublished":"2020-11-11T23:00:14+00:00","description":"Rassegna Stampa Cattolica - Per una cultura che nasce dalla Rivelazione cristiana in conformit\u00e0 alla tradizione e al Magistero della Chiesa in opposizione ad ogni relativismo e totalitarismo","breadcrumb":{"@id":"https:\/\/www.rassegnastampa-totustuus.it\/cattolica\/ecologismo-e-climatismo-usa-le-nuove-ideologie-politiche\/#breadcrumb"},"inLanguage":"it-IT","potentialAction":[{"@type":"ReadAction","target":["https:\/\/www.rassegnastampa-totustuus.it\/cattolica\/ecologismo-e-climatismo-usa-le-nuove-ideologie-politiche\/"]}]},{"@type":"ImageObject","inLanguage":"it-IT","@id":"https:\/\/www.rassegnastampa-totustuus.it\/cattolica\/ecologismo-e-climatismo-usa-le-nuove-ideologie-politiche\/#primaryimage","url":"https:\/\/www.rassegnastampa-totustuus.it\/cattolica\/wp-content\/uploads\/2020\/11\/ambientalismo_protesta.jpg","contentUrl":"https:\/\/www.rassegnastampa-totustuus.it\/cattolica\/wp-content\/uploads\/2020\/11\/ambientalismo_protesta.jpg","width":1600,"height":800},{"@type":"BreadcrumbList","@id":"https:\/\/www.rassegnastampa-totustuus.it\/cattolica\/ecologismo-e-climatismo-usa-le-nuove-ideologie-politiche\/#breadcrumb","itemListElement":[{"@type":"ListItem","position":1,"name":"Home","item":"https:\/\/www.rassegnastampa-totustuus.it\/cattolica\/"},{"@type":"ListItem","position":2,"name":"Ecologismo e climatismo USA: le nuove ideologie politiche"}]},{"@type":"WebSite","@id":"https:\/\/www.rassegnastampa-totustuus.it\/cattolica\/#website","url":"https:\/\/www.rassegnastampa-totustuus.it\/cattolica\/","name":"Rassegna Stampa Cattolica","description":"Per una cultura che nasce dalla Rivelazione cristiana in conformit\u00e0 alla tradizione e al Magistero della Chiesa in opposizione ad ogni relativismo e totalitarismo","publisher":{"@id":"https:\/\/www.rassegnastampa-totustuus.it\/cattolica\/#organization"},"alternateName":"Rass. Cattolica","potentialAction":[{"@type":"SearchAction","target":{"@type":"EntryPoint","urlTemplate":"https:\/\/www.rassegnastampa-totustuus.it\/cattolica\/?s={search_term_string}"},"query-input":{"@type":"PropertyValueSpecification","valueRequired":true,"valueName":"search_term_string"}}],"inLanguage":"it-IT"},{"@type":"Organization","@id":"https:\/\/www.rassegnastampa-totustuus.it\/cattolica\/#organization","name":"Rassegna Stampa Cattolica","url":"https:\/\/www.rassegnastampa-totustuus.it\/cattolica\/","logo":{"@type":"ImageObject","inLanguage":"it-IT","@id":"https:\/\/www.rassegnastampa-totustuus.it\/cattolica\/#\/schema\/logo\/image\/","url":"https:\/\/www.rassegnastampa-totustuus.it\/cattolica\/wp-content\/uploads\/2014\/04\/logo-rassegna1.gif","contentUrl":"https:\/\/www.rassegnastampa-totustuus.it\/cattolica\/wp-content\/uploads\/2014\/04\/logo-rassegna1.gif","width":600,"height":163,"caption":"Rassegna Stampa Cattolica"},"image":{"@id":"https:\/\/www.rassegnastampa-totustuus.it\/cattolica\/#\/schema\/logo\/image\/"},"sameAs":["https:\/\/www.facebook.com\/rassegnastampacattolica","https:\/\/x.com\/rassegnastampa9"]},{"@type":"Person","@id":"https:\/\/www.rassegnastampa-totustuus.it\/cattolica\/#\/schema\/person\/08f319d2bd1a0904ad9e2bfb7b15e5c3","name":"Redazione","image":{"@type":"ImageObject","inLanguage":"it-IT","@id":"https:\/\/secure.gravatar.com\/avatar\/2fcdf27c78ea025fbdb44e914cc63c72249ffec9dc8aafd5c82b26240ef3f346?s=96&d=mm&r=g","url":"https:\/\/secure.gravatar.com\/avatar\/2fcdf27c78ea025fbdb44e914cc63c72249ffec9dc8aafd5c82b26240ef3f346?s=96&d=mm&r=g","contentUrl":"https:\/\/secure.gravatar.com\/avatar\/2fcdf27c78ea025fbdb44e914cc63c72249ffec9dc8aafd5c82b26240ef3f346?s=96&d=mm&r=g","caption":"Redazione"},"url":"https:\/\/www.rassegnastampa-totustuus.it\/cattolica\/author\/pietroelle\/"}]}},"_links":{"self":[{"href":"https:\/\/www.rassegnastampa-totustuus.it\/cattolica\/wp-json\/wp\/v2\/posts\/49092","targetHints":{"allow":["GET"]}}],"collection":[{"href":"https:\/\/www.rassegnastampa-totustuus.it\/cattolica\/wp-json\/wp\/v2\/posts"}],"about":[{"href":"https:\/\/www.rassegnastampa-totustuus.it\/cattolica\/wp-json\/wp\/v2\/types\/post"}],"author":[{"embeddable":true,"href":"https:\/\/www.rassegnastampa-totustuus.it\/cattolica\/wp-json\/wp\/v2\/users\/6"}],"replies":[{"embeddable":true,"href":"https:\/\/www.rassegnastampa-totustuus.it\/cattolica\/wp-json\/wp\/v2\/comments?post=49092"}],"version-history":[{"count":1,"href":"https:\/\/www.rassegnastampa-totustuus.it\/cattolica\/wp-json\/wp\/v2\/posts\/49092\/revisions"}],"predecessor-version":[{"id":49107,"href":"https:\/\/www.rassegnastampa-totustuus.it\/cattolica\/wp-json\/wp\/v2\/posts\/49092\/revisions\/49107"}],"wp:featuredmedia":[{"embeddable":true,"href":"https:\/\/www.rassegnastampa-totustuus.it\/cattolica\/wp-json\/wp\/v2\/media\/49106"}],"wp:attachment":[{"href":"https:\/\/www.rassegnastampa-totustuus.it\/cattolica\/wp-json\/wp\/v2\/media?parent=49092"}],"wp:term":[{"taxonomy":"category","embeddable":true,"href":"https:\/\/www.rassegnastampa-totustuus.it\/cattolica\/wp-json\/wp\/v2\/categories?post=49092"},{"taxonomy":"post_tag","embeddable":true,"href":"https:\/\/www.rassegnastampa-totustuus.it\/cattolica\/wp-json\/wp\/v2\/tags?post=49092"}],"curies":[{"name":"wp","href":"https:\/\/api.w.org\/{rel}","templated":true}]}}