{"id":49067,"date":"2020-11-12T00:00:11","date_gmt":"2020-11-11T23:00:11","guid":{"rendered":"http:\/\/www.rassegnastampa-totustuus.it\/cattolica\/?p=49067"},"modified":"2020-11-07T20:51:38","modified_gmt":"2020-11-07T19:51:38","slug":"lattacco-al-diritto-alla-proprieta-privata","status":"publish","type":"post","link":"https:\/\/www.rassegnastampa-totustuus.it\/cattolica\/lattacco-al-diritto-alla-proprieta-privata\/","title":{"rendered":"L\u2019attacco al diritto alla propriet\u00e0 privata."},"content":{"rendered":"<p style=\"text-align: center;\"><span style=\"color: #000000;\"><strong>Osservatorio Internazionale Cardinale Van Thu\u00e2n <\/strong><\/span><\/p>\n<p style=\"text-align: center;\"><span style=\"color: #000000;\"><strong>sulla Dottrina sociale della Chiesa<\/strong><\/span><\/p>\n<p><a href=\"https:\/\/www.rassegnastampa-totustuus.it\/cattolica\/wp-content\/uploads\/2020\/11\/propriet\u00e0_esproprio.jpg\"><img loading=\"lazy\" decoding=\"async\" class=\"size-full wp-image-49068 aligncenter\" src=\"https:\/\/www.rassegnastampa-totustuus.it\/cattolica\/wp-content\/uploads\/2020\/11\/propriet\u00e0_esproprio.jpg\" alt=\"\" width=\"286\" height=\"176\" \/><\/a><\/p>\n<p style=\"text-align: center;\"><span style=\"color: #000000;\"><strong>Newsletter n.1112 <\/strong>del 6 Novembre 2020 <strong>\u00a0<\/strong><\/span><\/p>\n<p style=\"text-align: justify;\"><span style=\"color: #000000;\">In questo momento il diritto alla propriet\u00e0 privata, cos\u00ec come lo intende la Dottrina sociale della Chiesa, \u00e8 in pericolo. Recentemente il nostro Osservatorio ha dedicato una notevole attenzione al fenomeno e continuer\u00e0 a farlo anche in futuro. <\/span><\/p>\n<p><!--more--><\/p>\n<p style=\"text-align: justify;\"><span style=\"color: #000000;\">Il 17 giugno 2020, alla ripresa delle attivit\u00e0 in Italia dopo il lockdown, il vescovo Giampaolo Crepaldi pubblicava nel nostro sito una Nota dal titolo \u201cDopo il coronavirus: la strada della vera libert\u00e0\u201d [<span style=\"color: #0000ff;\"><a style=\"color: #0000ff;\" href=\"https:\/\/vanthuan.invionews.net\/nl\/pdfd0j\/zeey5t3\/jbuj3cv\/uf\/3\/aHR0cHM6Ly93d3cudmFudGh1YW5vYnNlcnZhdG9yeS5vcmcvaXRhL2RvcG8taWwtY29yb25hdmlydXMtbGEtc3RyYWRhLWRlbGxhLXZlcmEtbGliZXJ0YS0xNy0wNi0yMDIwLw?_d=5A5&amp;_c=815f9ad1\" target=\"_blank\" rel=\"noreferrer noopener\">vedila qui<\/a><\/span>], nella quale, tra l\u2019altro, metteva un guardia da un nuovo statalismo ri-accentratore e da una impennata del prelievo fiscale. In particolare egli segnalava pericolose riforme come: il reddito di emergenza, la regolarizzazione in blocco degli immigrati irregolari, le massicce assunzioni nel pubblico impiego condotte senza reali motivi funzionali. <\/span><\/p>\n<p style=\"text-align: justify;\"><span style=\"color: #000000;\"><a href=\"https:\/\/www.rassegnastampa-totustuus.it\/cattolica\/wp-content\/uploads\/2005\/05\/propriet\u00e0_privata.jpg\"><img loading=\"lazy\" decoding=\"async\" class=\"size-full wp-image-36011 alignleft\" src=\"https:\/\/www.rassegnastampa-totustuus.it\/cattolica\/wp-content\/uploads\/2005\/05\/propriet\u00e0_privata.jpg\" alt=\"\" width=\"243\" height=\"207\" \/><\/a>Lo stesso mons. Crepaldi, nella Lectio magistralis tenuta il 17 ottobre scorso alla Terza Giornata Nazionale della Dottrina sociale della Chiesa a Lonigo, tornava sull\u2019argomento della propriet\u00e0 privata indicando alcune visioni ideologiche che oggi la mettono in pericolo, tra le quali la tendenza a considerarla strumentale ad altro e non un principio dalla dignit\u00e0 originaria e un elemento di diritto naturale e rivelato, presente addirittura in due comandamenti del Decalogo. <\/span><\/p>\n<p style=\"text-align: justify;\"><span style=\"color: #000000;\">Sulla scia delle parole del vescovo Crepaldi sono intervenuti nel nostro sito Silvio Brachetta e Guido Vignelli con due eccellenti studi sulla propriet\u00e0 privata nella Dottrina sociale della Chiesa. Silvio Brachetta, nell\u2019articolo dal titolo \u201cLa propriet\u00e0 privata come diritto \u201cvero e perfetto\u201d [<span style=\"color: #0000ff;\"><a style=\"color: #0000ff;\" href=\"https:\/\/vanthuan.invionews.net\/nl\/pdfd0j\/zeey5t3\/jbuj3cv\/uf\/6\/aHR0cHM6Ly93d3cudmFudGh1YW5vYnNlcnZhdG9yeS5vcmcvaXRhL2xhLXByb3ByaWV0YS1wcml2YXRhLWNvbWUtZGlyaXR0by12ZXJvLWUtcGVyZmV0dG8tZGktc2lsdmlvLWJyYWNoZXR0YS8?_d=5A5&amp;_c=ca9a8eaa\" target=\"_blank\" rel=\"noreferrer noopener\">leggilo qui<\/a><\/span>] analizza a fondo il principio della propriet\u00e0 privata nella Rerum novarum di Leone XIII, sottolineando, tra l\u2019altro, che tenere troppo alto il carico fiscale equivale a rubare e che l\u2019abolizione della propriet\u00e0 privata voluta dai socialisti non ha avuto alcun carattere sociale, al contrario ad avere un carattere sociale \u00e8 proprio la propriet\u00e0 privata. <\/span><\/p>\n<p style=\"text-align: justify;\"><span style=\"color: #000000;\"><a href=\"https:\/\/www.rassegnastampa-totustuus.it\/cattolica\/wp-content\/uploads\/2020\/10\/Fratelli_tutti_cover.jpg\"><img loading=\"lazy\" decoding=\"async\" class=\" wp-image-48794 alignright\" src=\"https:\/\/www.rassegnastampa-totustuus.it\/cattolica\/wp-content\/uploads\/2020\/10\/Fratelli_tutti_cover.jpg\" alt=\"\" width=\"178\" height=\"254\" \/><\/a>Guido Vignelli, in un magistrale articolo dal titolo \u201cQuello alla propriet\u00e0 privata \u00e8 un diritto relativo? Osservazioni su un giudizio fuorviante di papa Francesco\u201d [<span style=\"color: #0000ff;\"><a style=\"color: #0000ff;\" href=\"https:\/\/vanthuan.invionews.net\/nl\/pdfd0j\/zeey5t3\/jbuj3cv\/uf\/7\/aHR0cHM6Ly93d3cudmFudGh1YW5vYnNlcnZhdG9yeS5vcmcvaXRhL3F1ZWxsby1hbGxhLXByb3ByaWV0YS1lLXVuLWRpcml0dG8tcmVsYXRpdm8tb3NzZXJ2YXppb25pLXN1LXVuLWdpdWRpemlvLWZ1b3J2aWFudGUtZGktcGFwYS1mcmFuY2VzY28tZGktZ3VpZG8tdmlnbmVsbGkv?_d=5A5&amp;_c=4cb14384\" target=\"_blank\" rel=\"noreferrer noopener\">leggilo qui]<\/a><\/span>, esamina i paragrafi 118, 119 e 120 dell\u2019enciclica Fratelli tutti, in particolare la subordinazione del diritto alla propriet\u00e0 privata a quello della destinazione universale dei beni. <\/span><span style=\"color: #000000;\">Se subordinato ad altro principio, quello della propriet\u00e0 privata non \u00e8 pi\u00f9 un principio originario. <\/span><\/p>\n<p style=\"text-align: justify;\"><span style=\"color: #000000;\">Vignelli contesta questa impostazione alla luce della Dottrina sociale della Chiesa. Lo studio \u00e8 di grande interesse. La messa in questione del principio della propriet\u00e0 privata \u00e8 molto evidente in tutto questo periodo di pandemia da covid-19. Le disposizioni governative lo hanno di fatto negato, imponendo restrizioni e addirittura chiusure di libere attivit\u00e0 economiche per motivi sanitari. <\/span><\/p>\n<p style=\"text-align: justify;\"><span style=\"color: #000000;\">Molti osservatori temono un nuovo autoritarismo economico di cui la pandemia sarebbe occasione. Si sta imponendo il cosiddetto \u201cmodello cinese\u201d nella lotta alla pandemia. Se questo \u00e8 capitato un po\u2019 dappertutto, in alcuni Paesi \u00e8 in atto un grande reset neo-socialista molto evidente e costoso per la popolazione. \u00c8 il caso dell\u2019Argentina alla cui situazione il nostro Osservatorio ha dedicato tre approfondimenti. <\/span><\/p>\n<p style=\"text-align: justify;\"><span style=\"color: #000000;\"><a href=\"https:\/\/www.rassegnastampa-totustuus.it\/cattolica\/wp-content\/uploads\/2020\/04\/negozio_chiuso.jpg\"><img loading=\"lazy\" decoding=\"async\" class=\" wp-image-47034 alignleft\" src=\"https:\/\/www.rassegnastampa-totustuus.it\/cattolica\/wp-content\/uploads\/2020\/04\/negozio_chiuso.jpg\" alt=\"\" width=\"292\" height=\"219\" \/><\/a>Daniel Passaniti, direttore del CIES di Buenos Aires e collaboratore del nostro Osservatorio, ha scritto due interventi per il nostro sito sulla situazione nel suo Paese: \u201cArgentina, la riedizione del Leviatano dopo la pandemia\u201d [leggilo <span style=\"color: #0000ff;\"><a style=\"color: #0000ff;\" href=\"https:\/\/vanthuan.invionews.net\/nl\/pdfd0j\/zeey5t3\/jbuj3cv\/uf\/8\/aHR0cHM6Ly93d3cudmFudGh1YW5vYnNlcnZhdG9yeS5vcmcvaXRhL2FyZ2VudGluYS1sYS1yaWVkaXppb25lLWRlbC1sZXZpYXRhbm8taWwtZnV0dXJvLWRvcG8tbGEtcGFuZGVtaWEtZGktZGFuaWVsLXBhc3Nhbml0aS8?_d=5A5&amp;_c=550233c6\" target=\"_blank\" rel=\"noreferrer noopener\">qui in italiano<\/a><\/span> e qui <span style=\"color: #0000ff;\"><a style=\"color: #0000ff;\" href=\"https:\/\/vanthuan.invionews.net\/nl\/pdfd0j\/zeey5t3\/jbuj3cv\/uf\/9\/aHR0cHM6Ly93d3cudmFudGh1YW5vYnNlcnZhdG9yeS5vcmcvZXNwL2FyZ2VudGluYS15LWxhLXJlZWRpY2lvbi1kZWwtbGV2aWF0aGFuLWVsLWZ1dHVyby1kZXNwdWVzLWRlLWxhLXBhbmRlbWlhLXBvci1kYW5pZWwtcGFzc2FuaXRpLw?_d=5A5&amp;_c=63747f8e\" target=\"_blank\" rel=\"noreferrer noopener\">in spagnolo<\/a><\/span>], e \u201cArgentina: verso una \u2018nuova normalit\u00e0\u2019. Pericoloso avanzamento del populismo demagogico\u201d [leggilo <span style=\"color: #0000ff;\"><a style=\"color: #0000ff;\" href=\"https:\/\/vanthuan.invionews.net\/nl\/pdfd0j\/zeey5t3\/jbuj3cv\/uf\/10\/aHR0cHM6Ly93d3cudmFudGh1YW5vYnNlcnZhdG9yeS5vcmcvaXRhL2FyZ2VudGluYS12ZXJzby11bmEtbnVvdmEtbm9ybWFsaXRhLXBlcmljb2xvc28tYXZhbnphbWVudG8tZGVsLXBvcHVsaXNtby1kZW1hZ29naWNvLWRpLWRhbmllbC1wYXNzYW5pdGkv?_d=5A5&amp;_c=9d150b25\" target=\"_blank\" rel=\"noreferrer noopener\">qui in italiano<\/a><\/span> e <span style=\"color: #0000ff;\">qui in <a style=\"color: #0000ff;\" href=\"https:\/\/vanthuan.invionews.net\/nl\/pdfd0j\/zeey5t3\/jbuj3cv\/uf\/11\/aHR0cHM6Ly93d3cudmFudGh1YW5vYnNlcnZhdG9yeS5vcmcvZXNwL2hhY2lhLXVuYS1udWV2YS1ub3JtYWxpZGFkLXBlbGlncm9zby1hdmFuY2UtZGVsLXBvcHVsaXNtby1kZW1hZ29naWNvLXBvci1kYW5pZWwtcGFzc2FuaXRpLw?_d=5A5&amp;_c=63e0a293\" target=\"_blank\" rel=\"noreferrer noopener\">spagnolo<\/a><\/span>]. <\/span><\/p>\n<p style=\"text-align: justify;\"><span style=\"color: #000000;\">Egli scrive: \u201cnon possiamo non avvertire il pericolo che comporta la legittimazione di un potere politico che viola le libert\u00e0 e le responsabilit\u00e0 non solo a livello individuale, ma anche sociale, in relazione al corretto e ordinato funzionamento della societ\u00e0 e dell\u2019economia, cercando la sua giustificazione proprio in questa stessa eccezionalit\u00e0\u201d Renato Cristin, docente all\u2019universit\u00e0 di Trieste, ha scritto un articolo che noi abbiamo volentieri rilanciato nel nostro sito con un titolo inequivocabile: \u201cEsperimento Argentina: il neocomunismo all\u2019attacco della propriet\u00e0 privata\u201d [leggilo <span style=\"color: #0000ff;\">qui <\/span><a style=\"color: #000000;\" href=\"https:\/\/vanthuan.invionews.net\/nl\/pdfd0j\/zeey5t3\/jbuj3cv\/uf\/12\/aHR0cHM6Ly93d3cudmFudGh1YW5vYnNlcnZhdG9yeS5vcmcvaXRhL2VzcGVyaW1lbnRvLWFyZ2VudGluYS1pbC1uZW9jb211bmlzbW8tYWxsYXR0YWNjby1lbGxhLXByb3ByaWV0YS1wcml2YXRhLw?_d=5A5&amp;_c=04ab7f76\" target=\"_blank\" rel=\"noreferrer noopener\"><span style=\"color: #0000ff;\">in italiano<\/span><\/a> e qui i<a style=\"color: #000000;\" href=\"https:\/\/vanthuan.invionews.net\/nl\/pdfd0j\/zeey5t3\/jbuj3cv\/uf\/13\/aHR0cHM6Ly93d3cudmFudGh1YW5vYnNlcnZhdG9yeS5vcmcvZXNwL2V4cGVyaW1lbnRvLWFyZ2VudGluYS1lbC1uZW9jb211bmlzbW8tYWwtYXRhcXVlLWRlLWxhLXByb3BpZWRhZC1wcml2YWRhLXBvci1yZW5hdG8tY3Jpc3Rpbi8?_d=5A5&amp;_c=50ad4ca1\" target=\"_blank\" rel=\"noreferrer noopener\">n <span style=\"color: #0000ff;\">lingua spagnola<\/span><\/a>]. <\/span><\/p>\n<p style=\"text-align: justify;\"><span style=\"color: #000000;\">Scrive Cristin: \u201cStupisce cio\u00e8 che la Chiesa sostenga un\u2019azione, ormai diventata dilagante, di distruzione, di requisizione e di denigrazione della propriet\u00e0 privata e dei beni personali (e spesso anche pubblici), di intimidazione e ricatto nei confronti di imprenditori (piccoli o grandi che siano) e singoli cittadini, di centralizzazione e di statalizzazione dell\u2019economia e della societ\u00e0 in tutti i suoi aspetti, dall\u2019educazione all\u2019informazione\u201d.<!--more--><\/span><\/p>\n","protected":false},"excerpt":{"rendered":"<p>Osservatorio Internazionale Cardinale Van Thu\u00e2n sulla Dottrina sociale della Chiesa Newsletter n.1112 del 6 Novembre 2020 \u00a0 In questo momento il diritto alla propriet\u00e0 privata, cos\u00ec come lo intende la Dottrina sociale della Chiesa, \u00e8 in pericolo. Recentemente il nostro Osservatorio ha dedicato una notevole attenzione al fenomeno e continuer\u00e0 a farlo anche in futuro.<\/p><p><a class=\"more-link btn\" href=\"https:\/\/www.rassegnastampa-totustuus.it\/cattolica\/lattacco-al-diritto-alla-proprieta-privata\/\">Continua a leggere<\/a><\/p>\n","protected":false},"author":6,"featured_media":49069,"comment_status":"closed","ping_status":"closed","sticky":false,"template":"","format":"standard","meta":{"footnotes":""},"categories":[11,13],"tags":[146,2389,593],"class_list":["post-49067","post","type-post","status-publish","format-standard","has-post-thumbnail","hentry","category-dottrina-sociale","category-economia","tag-dottrina-sociale-2","tag-economia","tag-proprieta-privata","item-wrap"],"yoast_head":"<!-- This site is optimized with the Yoast SEO plugin v27.5 - https:\/\/yoast.com\/product\/yoast-seo-wordpress\/ -->\n<title>L\u2019attacco al diritto alla propriet\u00e0 privata. - Rassegna Stampa Cattolica<\/title>\n<meta name=\"description\" content=\"Rassegna Stampa Cattolica - Per una cultura che nasce dalla Rivelazione cristiana in conformit\u00e0 alla tradizione e al Magistero della Chiesa in opposizione ad ogni relativismo e totalitarismo\" \/>\n<meta name=\"robots\" content=\"index, follow, max-snippet:-1, max-image-preview:large, max-video-preview:-1\" \/>\n<link rel=\"canonical\" href=\"https:\/\/www.rassegnastampa-totustuus.it\/cattolica\/lattacco-al-diritto-alla-proprieta-privata\/\" \/>\n<meta property=\"og:locale\" content=\"it_IT\" \/>\n<meta property=\"og:type\" content=\"article\" \/>\n<meta property=\"og:title\" content=\"L\u2019attacco al diritto alla propriet\u00e0 privata. - Rassegna Stampa Cattolica\" \/>\n<meta property=\"og:description\" content=\"Rassegna Stampa Cattolica - Per una cultura che nasce dalla Rivelazione cristiana in conformit\u00e0 alla tradizione e al Magistero della Chiesa in opposizione ad ogni relativismo e totalitarismo\" \/>\n<meta property=\"og:url\" content=\"https:\/\/www.rassegnastampa-totustuus.it\/cattolica\/lattacco-al-diritto-alla-proprieta-privata\/\" \/>\n<meta property=\"og:site_name\" content=\"Rassegna Stampa Cattolica\" \/>\n<meta property=\"article:publisher\" content=\"https:\/\/www.facebook.com\/rassegnastampacattolica\" \/>\n<meta property=\"article:published_time\" content=\"2020-11-11T23:00:11+00:00\" \/>\n<meta property=\"og:image\" content=\"https:\/\/www.rassegnastampa-totustuus.it\/cattolica\/wp-content\/uploads\/2020\/11\/esproprio_terra_grab.jpg\" \/>\n\t<meta property=\"og:image:width\" content=\"1280\" \/>\n\t<meta property=\"og:image:height\" content=\"640\" \/>\n\t<meta property=\"og:image:type\" content=\"image\/jpeg\" \/>\n<meta name=\"author\" content=\"Redazione\" \/>\n<meta name=\"twitter:card\" content=\"summary_large_image\" \/>\n<meta name=\"twitter:creator\" content=\"@rassegnastampa9\" \/>\n<meta name=\"twitter:site\" content=\"@rassegnastampa9\" \/>\n<meta name=\"twitter:label1\" content=\"Scritto da\" \/>\n\t<meta name=\"twitter:data1\" content=\"Redazione\" \/>\n\t<meta name=\"twitter:label2\" content=\"Tempo di lettura stimato\" \/>\n\t<meta name=\"twitter:data2\" content=\"4 minuti\" \/>\n<script type=\"application\/ld+json\" class=\"yoast-schema-graph\">{\"@context\":\"https:\\\/\\\/schema.org\",\"@graph\":[{\"@type\":\"Article\",\"@id\":\"https:\\\/\\\/www.rassegnastampa-totustuus.it\\\/cattolica\\\/lattacco-al-diritto-alla-proprieta-privata\\\/#article\",\"isPartOf\":{\"@id\":\"https:\\\/\\\/www.rassegnastampa-totustuus.it\\\/cattolica\\\/lattacco-al-diritto-alla-proprieta-privata\\\/\"},\"author\":{\"name\":\"Redazione\",\"@id\":\"https:\\\/\\\/www.rassegnastampa-totustuus.it\\\/cattolica\\\/#\\\/schema\\\/person\\\/08f319d2bd1a0904ad9e2bfb7b15e5c3\"},\"headline\":\"L\u2019attacco al diritto alla propriet\u00e0 privata.\",\"datePublished\":\"2020-11-11T23:00:11+00:00\",\"mainEntityOfPage\":{\"@id\":\"https:\\\/\\\/www.rassegnastampa-totustuus.it\\\/cattolica\\\/lattacco-al-diritto-alla-proprieta-privata\\\/\"},\"wordCount\":709,\"publisher\":{\"@id\":\"https:\\\/\\\/www.rassegnastampa-totustuus.it\\\/cattolica\\\/#organization\"},\"image\":{\"@id\":\"https:\\\/\\\/www.rassegnastampa-totustuus.it\\\/cattolica\\\/lattacco-al-diritto-alla-proprieta-privata\\\/#primaryimage\"},\"thumbnailUrl\":\"https:\\\/\\\/www.rassegnastampa-totustuus.it\\\/cattolica\\\/wp-content\\\/uploads\\\/2020\\\/11\\\/esproprio_terra_grab.jpg\",\"keywords\":[\"dottrina sociale\",\"Economia\",\"propriet\u00e0 privata\"],\"articleSection\":[\"Dottrina sociale\",\"Economia\"],\"inLanguage\":\"it-IT\"},{\"@type\":\"WebPage\",\"@id\":\"https:\\\/\\\/www.rassegnastampa-totustuus.it\\\/cattolica\\\/lattacco-al-diritto-alla-proprieta-privata\\\/\",\"url\":\"https:\\\/\\\/www.rassegnastampa-totustuus.it\\\/cattolica\\\/lattacco-al-diritto-alla-proprieta-privata\\\/\",\"name\":\"L\u2019attacco al diritto alla propriet\u00e0 privata. - Rassegna Stampa Cattolica\",\"isPartOf\":{\"@id\":\"https:\\\/\\\/www.rassegnastampa-totustuus.it\\\/cattolica\\\/#website\"},\"primaryImageOfPage\":{\"@id\":\"https:\\\/\\\/www.rassegnastampa-totustuus.it\\\/cattolica\\\/lattacco-al-diritto-alla-proprieta-privata\\\/#primaryimage\"},\"image\":{\"@id\":\"https:\\\/\\\/www.rassegnastampa-totustuus.it\\\/cattolica\\\/lattacco-al-diritto-alla-proprieta-privata\\\/#primaryimage\"},\"thumbnailUrl\":\"https:\\\/\\\/www.rassegnastampa-totustuus.it\\\/cattolica\\\/wp-content\\\/uploads\\\/2020\\\/11\\\/esproprio_terra_grab.jpg\",\"datePublished\":\"2020-11-11T23:00:11+00:00\",\"description\":\"Rassegna Stampa Cattolica - Per una cultura che nasce dalla Rivelazione cristiana in conformit\u00e0 alla tradizione e al Magistero della Chiesa in opposizione ad ogni relativismo e totalitarismo\",\"breadcrumb\":{\"@id\":\"https:\\\/\\\/www.rassegnastampa-totustuus.it\\\/cattolica\\\/lattacco-al-diritto-alla-proprieta-privata\\\/#breadcrumb\"},\"inLanguage\":\"it-IT\",\"potentialAction\":[{\"@type\":\"ReadAction\",\"target\":[\"https:\\\/\\\/www.rassegnastampa-totustuus.it\\\/cattolica\\\/lattacco-al-diritto-alla-proprieta-privata\\\/\"]}]},{\"@type\":\"ImageObject\",\"inLanguage\":\"it-IT\",\"@id\":\"https:\\\/\\\/www.rassegnastampa-totustuus.it\\\/cattolica\\\/lattacco-al-diritto-alla-proprieta-privata\\\/#primaryimage\",\"url\":\"https:\\\/\\\/www.rassegnastampa-totustuus.it\\\/cattolica\\\/wp-content\\\/uploads\\\/2020\\\/11\\\/esproprio_terra_grab.jpg\",\"contentUrl\":\"https:\\\/\\\/www.rassegnastampa-totustuus.it\\\/cattolica\\\/wp-content\\\/uploads\\\/2020\\\/11\\\/esproprio_terra_grab.jpg\",\"width\":1280,\"height\":640},{\"@type\":\"BreadcrumbList\",\"@id\":\"https:\\\/\\\/www.rassegnastampa-totustuus.it\\\/cattolica\\\/lattacco-al-diritto-alla-proprieta-privata\\\/#breadcrumb\",\"itemListElement\":[{\"@type\":\"ListItem\",\"position\":1,\"name\":\"Home\",\"item\":\"https:\\\/\\\/www.rassegnastampa-totustuus.it\\\/cattolica\\\/\"},{\"@type\":\"ListItem\",\"position\":2,\"name\":\"L\u2019attacco al diritto alla propriet\u00e0 privata.\"}]},{\"@type\":\"WebSite\",\"@id\":\"https:\\\/\\\/www.rassegnastampa-totustuus.it\\\/cattolica\\\/#website\",\"url\":\"https:\\\/\\\/www.rassegnastampa-totustuus.it\\\/cattolica\\\/\",\"name\":\"Rassegna Stampa Cattolica\",\"description\":\"Per una cultura che nasce dalla Rivelazione cristiana in conformit\u00e0 alla tradizione e al Magistero della Chiesa in opposizione ad ogni relativismo e totalitarismo\",\"publisher\":{\"@id\":\"https:\\\/\\\/www.rassegnastampa-totustuus.it\\\/cattolica\\\/#organization\"},\"alternateName\":\"Rass. Cattolica\",\"potentialAction\":[{\"@type\":\"SearchAction\",\"target\":{\"@type\":\"EntryPoint\",\"urlTemplate\":\"https:\\\/\\\/www.rassegnastampa-totustuus.it\\\/cattolica\\\/?s={search_term_string}\"},\"query-input\":{\"@type\":\"PropertyValueSpecification\",\"valueRequired\":true,\"valueName\":\"search_term_string\"}}],\"inLanguage\":\"it-IT\"},{\"@type\":\"Organization\",\"@id\":\"https:\\\/\\\/www.rassegnastampa-totustuus.it\\\/cattolica\\\/#organization\",\"name\":\"Rassegna Stampa Cattolica\",\"url\":\"https:\\\/\\\/www.rassegnastampa-totustuus.it\\\/cattolica\\\/\",\"logo\":{\"@type\":\"ImageObject\",\"inLanguage\":\"it-IT\",\"@id\":\"https:\\\/\\\/www.rassegnastampa-totustuus.it\\\/cattolica\\\/#\\\/schema\\\/logo\\\/image\\\/\",\"url\":\"https:\\\/\\\/www.rassegnastampa-totustuus.it\\\/cattolica\\\/wp-content\\\/uploads\\\/2014\\\/04\\\/logo-rassegna1.gif\",\"contentUrl\":\"https:\\\/\\\/www.rassegnastampa-totustuus.it\\\/cattolica\\\/wp-content\\\/uploads\\\/2014\\\/04\\\/logo-rassegna1.gif\",\"width\":600,\"height\":163,\"caption\":\"Rassegna Stampa Cattolica\"},\"image\":{\"@id\":\"https:\\\/\\\/www.rassegnastampa-totustuus.it\\\/cattolica\\\/#\\\/schema\\\/logo\\\/image\\\/\"},\"sameAs\":[\"https:\\\/\\\/www.facebook.com\\\/rassegnastampacattolica\",\"https:\\\/\\\/x.com\\\/rassegnastampa9\"]},{\"@type\":\"Person\",\"@id\":\"https:\\\/\\\/www.rassegnastampa-totustuus.it\\\/cattolica\\\/#\\\/schema\\\/person\\\/08f319d2bd1a0904ad9e2bfb7b15e5c3\",\"name\":\"Redazione\",\"image\":{\"@type\":\"ImageObject\",\"inLanguage\":\"it-IT\",\"@id\":\"https:\\\/\\\/secure.gravatar.com\\\/avatar\\\/2fcdf27c78ea025fbdb44e914cc63c72249ffec9dc8aafd5c82b26240ef3f346?s=96&d=mm&r=g\",\"url\":\"https:\\\/\\\/secure.gravatar.com\\\/avatar\\\/2fcdf27c78ea025fbdb44e914cc63c72249ffec9dc8aafd5c82b26240ef3f346?s=96&d=mm&r=g\",\"contentUrl\":\"https:\\\/\\\/secure.gravatar.com\\\/avatar\\\/2fcdf27c78ea025fbdb44e914cc63c72249ffec9dc8aafd5c82b26240ef3f346?s=96&d=mm&r=g\",\"caption\":\"Redazione\"},\"url\":\"https:\\\/\\\/www.rassegnastampa-totustuus.it\\\/cattolica\\\/author\\\/pietroelle\\\/\"}]}<\/script>\n<!-- \/ Yoast SEO plugin. -->","yoast_head_json":{"title":"L\u2019attacco al diritto alla propriet\u00e0 privata. - Rassegna Stampa Cattolica","description":"Rassegna Stampa Cattolica - Per una cultura che nasce dalla Rivelazione cristiana in conformit\u00e0 alla tradizione e al Magistero della Chiesa in opposizione ad ogni relativismo e totalitarismo","robots":{"index":"index","follow":"follow","max-snippet":"max-snippet:-1","max-image-preview":"max-image-preview:large","max-video-preview":"max-video-preview:-1"},"canonical":"https:\/\/www.rassegnastampa-totustuus.it\/cattolica\/lattacco-al-diritto-alla-proprieta-privata\/","og_locale":"it_IT","og_type":"article","og_title":"L\u2019attacco al diritto alla propriet\u00e0 privata. - Rassegna Stampa Cattolica","og_description":"Rassegna Stampa Cattolica - Per una cultura che nasce dalla Rivelazione cristiana in conformit\u00e0 alla tradizione e al Magistero della Chiesa in opposizione ad ogni relativismo e totalitarismo","og_url":"https:\/\/www.rassegnastampa-totustuus.it\/cattolica\/lattacco-al-diritto-alla-proprieta-privata\/","og_site_name":"Rassegna Stampa Cattolica","article_publisher":"https:\/\/www.facebook.com\/rassegnastampacattolica","article_published_time":"2020-11-11T23:00:11+00:00","og_image":[{"width":1280,"height":640,"url":"https:\/\/www.rassegnastampa-totustuus.it\/cattolica\/wp-content\/uploads\/2020\/11\/esproprio_terra_grab.jpg","type":"image\/jpeg"}],"author":"Redazione","twitter_card":"summary_large_image","twitter_creator":"@rassegnastampa9","twitter_site":"@rassegnastampa9","twitter_misc":{"Scritto da":"Redazione","Tempo di lettura stimato":"4 minuti"},"schema":{"@context":"https:\/\/schema.org","@graph":[{"@type":"Article","@id":"https:\/\/www.rassegnastampa-totustuus.it\/cattolica\/lattacco-al-diritto-alla-proprieta-privata\/#article","isPartOf":{"@id":"https:\/\/www.rassegnastampa-totustuus.it\/cattolica\/lattacco-al-diritto-alla-proprieta-privata\/"},"author":{"name":"Redazione","@id":"https:\/\/www.rassegnastampa-totustuus.it\/cattolica\/#\/schema\/person\/08f319d2bd1a0904ad9e2bfb7b15e5c3"},"headline":"L\u2019attacco al diritto alla propriet\u00e0 privata.","datePublished":"2020-11-11T23:00:11+00:00","mainEntityOfPage":{"@id":"https:\/\/www.rassegnastampa-totustuus.it\/cattolica\/lattacco-al-diritto-alla-proprieta-privata\/"},"wordCount":709,"publisher":{"@id":"https:\/\/www.rassegnastampa-totustuus.it\/cattolica\/#organization"},"image":{"@id":"https:\/\/www.rassegnastampa-totustuus.it\/cattolica\/lattacco-al-diritto-alla-proprieta-privata\/#primaryimage"},"thumbnailUrl":"https:\/\/www.rassegnastampa-totustuus.it\/cattolica\/wp-content\/uploads\/2020\/11\/esproprio_terra_grab.jpg","keywords":["dottrina sociale","Economia","propriet\u00e0 privata"],"articleSection":["Dottrina sociale","Economia"],"inLanguage":"it-IT"},{"@type":"WebPage","@id":"https:\/\/www.rassegnastampa-totustuus.it\/cattolica\/lattacco-al-diritto-alla-proprieta-privata\/","url":"https:\/\/www.rassegnastampa-totustuus.it\/cattolica\/lattacco-al-diritto-alla-proprieta-privata\/","name":"L\u2019attacco al diritto alla propriet\u00e0 privata. - Rassegna Stampa Cattolica","isPartOf":{"@id":"https:\/\/www.rassegnastampa-totustuus.it\/cattolica\/#website"},"primaryImageOfPage":{"@id":"https:\/\/www.rassegnastampa-totustuus.it\/cattolica\/lattacco-al-diritto-alla-proprieta-privata\/#primaryimage"},"image":{"@id":"https:\/\/www.rassegnastampa-totustuus.it\/cattolica\/lattacco-al-diritto-alla-proprieta-privata\/#primaryimage"},"thumbnailUrl":"https:\/\/www.rassegnastampa-totustuus.it\/cattolica\/wp-content\/uploads\/2020\/11\/esproprio_terra_grab.jpg","datePublished":"2020-11-11T23:00:11+00:00","description":"Rassegna Stampa Cattolica - Per una cultura che nasce dalla Rivelazione cristiana in conformit\u00e0 alla tradizione e al Magistero della Chiesa in opposizione ad ogni relativismo e totalitarismo","breadcrumb":{"@id":"https:\/\/www.rassegnastampa-totustuus.it\/cattolica\/lattacco-al-diritto-alla-proprieta-privata\/#breadcrumb"},"inLanguage":"it-IT","potentialAction":[{"@type":"ReadAction","target":["https:\/\/www.rassegnastampa-totustuus.it\/cattolica\/lattacco-al-diritto-alla-proprieta-privata\/"]}]},{"@type":"ImageObject","inLanguage":"it-IT","@id":"https:\/\/www.rassegnastampa-totustuus.it\/cattolica\/lattacco-al-diritto-alla-proprieta-privata\/#primaryimage","url":"https:\/\/www.rassegnastampa-totustuus.it\/cattolica\/wp-content\/uploads\/2020\/11\/esproprio_terra_grab.jpg","contentUrl":"https:\/\/www.rassegnastampa-totustuus.it\/cattolica\/wp-content\/uploads\/2020\/11\/esproprio_terra_grab.jpg","width":1280,"height":640},{"@type":"BreadcrumbList","@id":"https:\/\/www.rassegnastampa-totustuus.it\/cattolica\/lattacco-al-diritto-alla-proprieta-privata\/#breadcrumb","itemListElement":[{"@type":"ListItem","position":1,"name":"Home","item":"https:\/\/www.rassegnastampa-totustuus.it\/cattolica\/"},{"@type":"ListItem","position":2,"name":"L\u2019attacco al diritto alla propriet\u00e0 privata."}]},{"@type":"WebSite","@id":"https:\/\/www.rassegnastampa-totustuus.it\/cattolica\/#website","url":"https:\/\/www.rassegnastampa-totustuus.it\/cattolica\/","name":"Rassegna Stampa Cattolica","description":"Per una cultura che nasce dalla Rivelazione cristiana in conformit\u00e0 alla tradizione e al Magistero della Chiesa in opposizione ad ogni relativismo e totalitarismo","publisher":{"@id":"https:\/\/www.rassegnastampa-totustuus.it\/cattolica\/#organization"},"alternateName":"Rass. Cattolica","potentialAction":[{"@type":"SearchAction","target":{"@type":"EntryPoint","urlTemplate":"https:\/\/www.rassegnastampa-totustuus.it\/cattolica\/?s={search_term_string}"},"query-input":{"@type":"PropertyValueSpecification","valueRequired":true,"valueName":"search_term_string"}}],"inLanguage":"it-IT"},{"@type":"Organization","@id":"https:\/\/www.rassegnastampa-totustuus.it\/cattolica\/#organization","name":"Rassegna Stampa Cattolica","url":"https:\/\/www.rassegnastampa-totustuus.it\/cattolica\/","logo":{"@type":"ImageObject","inLanguage":"it-IT","@id":"https:\/\/www.rassegnastampa-totustuus.it\/cattolica\/#\/schema\/logo\/image\/","url":"https:\/\/www.rassegnastampa-totustuus.it\/cattolica\/wp-content\/uploads\/2014\/04\/logo-rassegna1.gif","contentUrl":"https:\/\/www.rassegnastampa-totustuus.it\/cattolica\/wp-content\/uploads\/2014\/04\/logo-rassegna1.gif","width":600,"height":163,"caption":"Rassegna Stampa Cattolica"},"image":{"@id":"https:\/\/www.rassegnastampa-totustuus.it\/cattolica\/#\/schema\/logo\/image\/"},"sameAs":["https:\/\/www.facebook.com\/rassegnastampacattolica","https:\/\/x.com\/rassegnastampa9"]},{"@type":"Person","@id":"https:\/\/www.rassegnastampa-totustuus.it\/cattolica\/#\/schema\/person\/08f319d2bd1a0904ad9e2bfb7b15e5c3","name":"Redazione","image":{"@type":"ImageObject","inLanguage":"it-IT","@id":"https:\/\/secure.gravatar.com\/avatar\/2fcdf27c78ea025fbdb44e914cc63c72249ffec9dc8aafd5c82b26240ef3f346?s=96&d=mm&r=g","url":"https:\/\/secure.gravatar.com\/avatar\/2fcdf27c78ea025fbdb44e914cc63c72249ffec9dc8aafd5c82b26240ef3f346?s=96&d=mm&r=g","contentUrl":"https:\/\/secure.gravatar.com\/avatar\/2fcdf27c78ea025fbdb44e914cc63c72249ffec9dc8aafd5c82b26240ef3f346?s=96&d=mm&r=g","caption":"Redazione"},"url":"https:\/\/www.rassegnastampa-totustuus.it\/cattolica\/author\/pietroelle\/"}]}},"_links":{"self":[{"href":"https:\/\/www.rassegnastampa-totustuus.it\/cattolica\/wp-json\/wp\/v2\/posts\/49067","targetHints":{"allow":["GET"]}}],"collection":[{"href":"https:\/\/www.rassegnastampa-totustuus.it\/cattolica\/wp-json\/wp\/v2\/posts"}],"about":[{"href":"https:\/\/www.rassegnastampa-totustuus.it\/cattolica\/wp-json\/wp\/v2\/types\/post"}],"author":[{"embeddable":true,"href":"https:\/\/www.rassegnastampa-totustuus.it\/cattolica\/wp-json\/wp\/v2\/users\/6"}],"replies":[{"embeddable":true,"href":"https:\/\/www.rassegnastampa-totustuus.it\/cattolica\/wp-json\/wp\/v2\/comments?post=49067"}],"version-history":[{"count":1,"href":"https:\/\/www.rassegnastampa-totustuus.it\/cattolica\/wp-json\/wp\/v2\/posts\/49067\/revisions"}],"predecessor-version":[{"id":49070,"href":"https:\/\/www.rassegnastampa-totustuus.it\/cattolica\/wp-json\/wp\/v2\/posts\/49067\/revisions\/49070"}],"wp:featuredmedia":[{"embeddable":true,"href":"https:\/\/www.rassegnastampa-totustuus.it\/cattolica\/wp-json\/wp\/v2\/media\/49069"}],"wp:attachment":[{"href":"https:\/\/www.rassegnastampa-totustuus.it\/cattolica\/wp-json\/wp\/v2\/media?parent=49067"}],"wp:term":[{"taxonomy":"category","embeddable":true,"href":"https:\/\/www.rassegnastampa-totustuus.it\/cattolica\/wp-json\/wp\/v2\/categories?post=49067"},{"taxonomy":"post_tag","embeddable":true,"href":"https:\/\/www.rassegnastampa-totustuus.it\/cattolica\/wp-json\/wp\/v2\/tags?post=49067"}],"curies":[{"name":"wp","href":"https:\/\/api.w.org\/{rel}","templated":true}]}}