{"id":4903,"date":"2012-02-16T00:00:00","date_gmt":"2012-02-15T23:00:00","guid":{"rendered":""},"modified":"2016-04-21T11:05:05","modified_gmt":"2016-04-21T09:05:05","slug":"ii-sangue-di-porzs","status":"publish","type":"post","link":"https:\/\/www.rassegnastampa-totustuus.it\/cattolica\/ii-sangue-di-porzs\/","title":{"rendered":"II sangue di Porz&ugrave;s"},"content":{"rendered":"<div style=\"text-align: center;\">\n<div id=\"attachment_33251\" style=\"width: 250px\" class=\"wp-caption alignright\"><img loading=\"lazy\" decoding=\"async\" aria-describedby=\"caption-attachment-33251\" class=\"wp-image-33251\" src=\"https:\/\/www.rassegnastampa-totustuus.it\/cattolica\/wp-content\/uploads\/2012\/02\/Porzus.jpg\" alt=\"Porzus\" width=\"250\" height=\"187\" \/><p id=\"caption-attachment-33251\" class=\"wp-caption-text\">La malga di Porzus, teatro della strage<\/p><\/div>\n<p><strong>Tempi<\/strong> n.5 8 febbraio 2012<\/div>\n<p style=\"text-align: justify;\"><em>A 67 anni dall&#8217;eccidio comunista che macchi\u00f2 per sempre la storia della Resistenza partigiana, sei studiosi riflettono sulle radici di una ferocia che fu culturale prima ancora che fisica. Ecco la verit\u00e0 su un episodio tutt&#8217;altro che marginale<\/em><\/p>\n<p><!--more--><\/p>\n<div style=\"text-align: justify;\">\u00abMi dimenticavo: i commissari garibaldini (la notizia ci giunge da parte non controllata) hanno intenzione di costituire la repubblica (armata) sovietica del Friuli: pedina di lancio per la bolscevizzazione dell&#8217;Italia!!!\u00bb. Il 27 novembre 1944 il partigiano diciannovenne Ermes scrive a suo fratello dal confine orientale dell&#8217;Italia, dove combatte insieme ai compagni della formazione &#8220;Osoppo&#8221;. Da un lato ci sono gli osovani, di matrice cattolica e azionista, dall&#8217;altro i garibaldini, ideologicamente e strategicamente attratti dalla Jugoslavia di Tito.<\/div>\n<p style=\"text-align: justify;\">Ermes, nome di battaglia di Guido Pasolini, scrive la lunga lettera nella speranza che suo fratello giornalista possa dare una mano alla causa. Quel fratello si chiamava Pier Paolo Pasolini e la lettera di Ermes fu pubblicata integralmente da Tempi nel numero del 29 ottobre 1997. Sono righe concitate come solo possono esserlo quelle scritte in un fronte che in quegli anni \u00e8 insidioso e nevrotico. Ma soprattutto sono righe che tratteggiano la sintetica eppure lucida analisi di quanto va accadendo nel confine orientale e che per lunghi anni la storiografia italiana della resistenza e la memoria collettiva paiono aver rimosso quando non mistificato.<\/p>\n<p style=\"text-align: justify;\">Dentro quello che \u00e8 descritto come \u00abil pi\u00f9 grande scontro interno al movimento antifascista italiano\u00bb indaga il volume <em>Porz\u00f9s, violenza e resistenza sul confine orientale<\/em>, curato da Tommaso Piffer e in libreria per II Mulino dal 9 febbraio. Sei saggi scritti da altrettanti studiosi della resistenza (lo stesso Piffer, Orietta Moscarda Oblak, Raoul Pupo, Patrick Karlsen, Elena Aga-Rossi e Paolo Pezzino) che hanno il pregio di mostrare l&#8217;incidenza dell&#8217;eccidio nel dibattito pubblico italiano.<\/p>\n<p style=\"text-align: justify;\">Ora per la follia della rimozione, ora per la violenta logica dello scontro ideologico di cui sono stati oggetto, ora per l&#8217;assoluta e palese incomprensione del fenomeno storico, leggendo questo volume si ha l&#8217;impressione che i fatti di Porz\u00f9s siano molto di pi\u00f9 che un esercizio accademico per storici della resistenza.<\/p>\n<p style=\"text-align: justify;\">Porz\u00f9s, come scrive Piffer nell&#8217;introduzione, \u00e8 per certi versi un evento paradigmatico: \u00abPer gli uni del tentativo di delegittimare la Resistenza proiettando sull&#8217;intero movimento partigiano un episodio ritenuto marginale, per gli altri della vera natura totalitaria e antidemocratica del Partito comunista italiano\u00bb.<\/p>\n<p style=\"text-align: justify;\">Nel gennaio-febbraio del 1945 i partigiani della formazione &#8220;Osoppo&#8221; e i garibaldini sono ormai due entit\u00e0 separate dal punto di vista non solo ideologico ma strategico. Operano in completa indipendenza e non nascondono le divergenze. Un ruolo centrale nel contrasto tra i due gruppi &#8211; racconta ancora Piffer &#8211; \u00e8 giocato dalle pretese territoriali della vicina Resistenza jugoslava, \u00abfieramente osteggiate dagli osovani ma in quella zona appoggiate dai garibaldini in virt\u00f9 della comune appartenenza ideologica al campo comunista. La situazione era andata deteriorandosi quando in quell&#8217;area, in seguito a un incontro tra Togliatti e gli iugoslavi, il Pci si era di fatto allineato alle posizioni titine\u00bb<\/p>\n<p style=\"text-align: justify;\">\u00c8 in questo quadro che si compie l&#8217;eccidio: il 7 febbraio un commando dei Gruppi armati proletari (Gap) comunisti attacca il commando delle formazioni &#8220;Osoppo&#8221; che si era insediato nelle Malghe. Accusati di tradimento e di collaborazione con il nemico fascista, i 20 partigiani osovani vengono trucidati. Se la dinamica dei fatti \u00e8 ormai nota e acclarata, non altrettanto si pu\u00f2 dire della loro interpretazione.<\/p>\n<p style=\"text-align: justify;\">Elena Aga-Rossi ricostruisce la memoria dell&#8217;eccidio e il dibattito &#8211; definirlo cos\u00ec fu per lunghi anni un eufemismo &#8211; che l&#8217;Italia ha conosciuto. Nei primissimi anni del Dopoguerra la commemorazione \u00e8 stata oggetto di scontro tra le associazioni di partigiani, da un lato l\u2019Associazione Partigiani Osoppo e dall&#8217;altro l&#8217;Associazione Nazionale Partigiani d&#8217;Italia con quest&#8217;ultima che si \u00e8 sempre rifiutata di prendere parte alle commemorazioni.<\/p>\n<p style=\"text-align: justify;\">Non c&#8217;\u00e8 bisogno poi di frequentare i libri di storia per ricordare il caso del film di Renzo Martinelli. A met\u00e0 degli anni Novanta (dunque oltre cin-quant&#8217;anni dopo), il regista fu costretto a girare il film in Abruzzo per l&#8217;opposizione dei sindaci del posto. La presentazione della pellicola nel 1997 al festival del Cinema di Venezia gener\u00f2 uno scontro durissimo con accuse di \u00abrevisionismo\u00bb e \u00abdelegittimazione della Resistenza\u00bb.<\/p>\n<p style=\"text-align: justify;\">Walter Veltroni, allora vicepresidente del Consiglio, raccont\u00f2 di aver ricevuto molte pressioni perch\u00e9 il film venisse ritirato. L&#8217;Anpi diffid\u00f2 sindaci e presidi dal trasmetterlo nelle scuole, non fu praticamente mai distribuito n\u00e9 mandato mai in onda dalla Rai che tuttora ne detiene i diritti. Ancora prima, nel 1992, l&#8217;allora presidente della Repubblica Francesco Cossiga dovette rinunciare a visitare le Malghe nell&#8217;anniversario dell&#8217;eccidio su forte pressione del Pds di Occhetto.<\/p>\n<p style=\"text-align: justify;\">Perch\u00e9? Nel 1990 Andreotti aveva svelato l&#8217;esistenza di Gladio e presto fu reso noto che proprio tra i membri dell&#8217;Osoppo la struttura, nata clandestinamente in ambito Nato per rispondere all&#8217;eventuale invasione delle truppe del patto di Varsavia, aveva trovato un ampio bacino di reclutamento.<\/p>\n<p style=\"text-align: justify;\"><strong>Quel vizietto<\/strong><\/p>\n<p style=\"text-align: justify;\">II volume ha il pregio di non limitarsi a mettere in fila episodi incredibili o esecrabili, ma di mettere in luce il vizio ideologico che li ha generati. Scrive ancora Elena Aga-Rossi: \u00abSi \u00e8 voluto ridurre Porzus a un episodio di violenza come tanti altri, evitando di inquadrarlo nella particolare situazione del confine orientale, che non pu\u00f2 essere ricondotta nei termini di una contrapposizione tra fascismo e antifascismo: qui emerse nel modo pi\u00f9 evidente la triplice contrapposizione tra fascisti, antifascisti democratici e antifascisti comunisti e il carattere internazionalista del Pci, che subordinava la liberazione del paese all&#8217;obiettivo dell&#8217;instaurazione di un regime socialista\u00bb.<\/p>\n<p style=\"text-align: justify;\">Lo scontro \u00e8 sempre stato sul tema del tradimento. I garibaldini non potevano accettare infatti che i partigiani osovani caduti a Porzus fossero salutati come dei patrioti, perch\u00e9 questo avrebbe automaticamente screditato la loro lotta. Per questo si \u00e8 resa necessaria un&#8217;opera di discredito del nemico che ha puntato subito a delegittimarlo, inserendolo nell&#8217;odioso fronte dei filofascisti.<\/p>\n<p style=\"text-align: justify;\">Tutto si regge dunque sull&#8217;equivoco che squalifica automaticamente come fascista chi combatteva per una resistenza non comunista (e soprattutto non filo-titina). La strategia \u00e8 quella subdola di accreditarsi non come fieri difensori di una visione del mondo, ma come unici depositari della visione giusta, democratica e legittima della storia. Un vizio duro a morire.<\/p>\n","protected":false},"excerpt":{"rendered":"<p>Tempi n.5 8 febbraio 2012 A 67 anni dall&#8217;eccidio comunista che macchi\u00f2 per sempre la storia della Resistenza partigiana, sei studiosi riflettono sulle radici di una ferocia che fu culturale prima ancora che fisica. Ecco la verit\u00e0 su un episodio tutt&#8217;altro che marginale<\/p><p><a class=\"more-link btn\" href=\"https:\/\/www.rassegnastampa-totustuus.it\/cattolica\/ii-sangue-di-porzs\/\">Continua a leggere<\/a><\/p>\n","protected":false},"author":6,"featured_media":33251,"comment_status":"closed","ping_status":"open","sticky":false,"template":"","format":"standard","meta":{"footnotes":""},"categories":[100,96],"tags":[2022],"class_list":["post-4903","post","type-post","status-publish","format-standard","has-post-thumbnail","hentry","category-resistenza","category-storia-italiana","tag-porzus","item-wrap"],"yoast_head":"<!-- This site is optimized with the Yoast SEO plugin v27.5 - https:\/\/yoast.com\/product\/yoast-seo-wordpress\/ -->\n<title>II sangue di Porz&ugrave;s - Rassegna Stampa Cattolica<\/title>\n<meta name=\"description\" content=\"Rassegna Stampa Cattolica - Per una cultura che nasce dalla Rivelazione cristiana in conformit\u00e0 alla tradizione e al Magistero della Chiesa in opposizione ad ogni relativismo e totalitarismo\" \/>\n<meta name=\"robots\" content=\"index, follow, max-snippet:-1, max-image-preview:large, max-video-preview:-1\" \/>\n<link rel=\"canonical\" href=\"https:\/\/www.rassegnastampa-totustuus.it\/cattolica\/ii-sangue-di-porzs\/\" \/>\n<meta property=\"og:locale\" content=\"it_IT\" \/>\n<meta property=\"og:type\" content=\"article\" \/>\n<meta property=\"og:title\" content=\"II sangue di Porz&ugrave;s - Rassegna Stampa Cattolica\" \/>\n<meta property=\"og:description\" content=\"Rassegna Stampa Cattolica - Per una cultura che nasce dalla Rivelazione cristiana in conformit\u00e0 alla tradizione e al Magistero della Chiesa in opposizione ad ogni relativismo e totalitarismo\" \/>\n<meta property=\"og:url\" content=\"https:\/\/www.rassegnastampa-totustuus.it\/cattolica\/ii-sangue-di-porzs\/\" \/>\n<meta property=\"og:site_name\" content=\"Rassegna Stampa Cattolica\" \/>\n<meta property=\"article:publisher\" content=\"https:\/\/www.facebook.com\/rassegnastampacattolica\" \/>\n<meta property=\"article:published_time\" content=\"2012-02-15T23:00:00+00:00\" \/>\n<meta property=\"article:modified_time\" content=\"2016-04-21T09:05:05+00:00\" \/>\n<meta property=\"og:image\" content=\"https:\/\/www.rassegnastampa-totustuus.it\/cattolica\/wp-content\/uploads\/2012\/02\/Porzus.jpg\" \/>\n\t<meta property=\"og:image:width\" content=\"259\" \/>\n\t<meta property=\"og:image:height\" content=\"194\" \/>\n\t<meta property=\"og:image:type\" content=\"image\/jpeg\" \/>\n<meta name=\"author\" content=\"Redazione\" \/>\n<meta name=\"twitter:card\" content=\"summary_large_image\" \/>\n<meta name=\"twitter:creator\" content=\"@rassegnastampa9\" \/>\n<meta name=\"twitter:site\" content=\"@rassegnastampa9\" \/>\n<meta name=\"twitter:label1\" content=\"Scritto da\" \/>\n\t<meta name=\"twitter:data1\" content=\"Redazione\" \/>\n\t<meta name=\"twitter:label2\" content=\"Tempo di lettura stimato\" \/>\n\t<meta name=\"twitter:data2\" content=\"5 minuti\" \/>\n<script type=\"application\/ld+json\" class=\"yoast-schema-graph\">{\"@context\":\"https:\\\/\\\/schema.org\",\"@graph\":[{\"@type\":\"Article\",\"@id\":\"https:\\\/\\\/www.rassegnastampa-totustuus.it\\\/cattolica\\\/ii-sangue-di-porzs\\\/#article\",\"isPartOf\":{\"@id\":\"https:\\\/\\\/www.rassegnastampa-totustuus.it\\\/cattolica\\\/ii-sangue-di-porzs\\\/\"},\"author\":{\"name\":\"Redazione\",\"@id\":\"https:\\\/\\\/www.rassegnastampa-totustuus.it\\\/cattolica\\\/#\\\/schema\\\/person\\\/08f319d2bd1a0904ad9e2bfb7b15e5c3\"},\"headline\":\"II sangue di Porz&ugrave;s\",\"datePublished\":\"2012-02-15T23:00:00+00:00\",\"dateModified\":\"2016-04-21T09:05:05+00:00\",\"mainEntityOfPage\":{\"@id\":\"https:\\\/\\\/www.rassegnastampa-totustuus.it\\\/cattolica\\\/ii-sangue-di-porzs\\\/\"},\"wordCount\":1052,\"publisher\":{\"@id\":\"https:\\\/\\\/www.rassegnastampa-totustuus.it\\\/cattolica\\\/#organization\"},\"image\":{\"@id\":\"https:\\\/\\\/www.rassegnastampa-totustuus.it\\\/cattolica\\\/ii-sangue-di-porzs\\\/#primaryimage\"},\"thumbnailUrl\":\"https:\\\/\\\/www.rassegnastampa-totustuus.it\\\/cattolica\\\/wp-content\\\/uploads\\\/2012\\\/02\\\/Porzus.jpg\",\"keywords\":[\"Porzus\"],\"articleSection\":[\"Resistenza\",\"Storia italiana\"],\"inLanguage\":\"it-IT\"},{\"@type\":\"WebPage\",\"@id\":\"https:\\\/\\\/www.rassegnastampa-totustuus.it\\\/cattolica\\\/ii-sangue-di-porzs\\\/\",\"url\":\"https:\\\/\\\/www.rassegnastampa-totustuus.it\\\/cattolica\\\/ii-sangue-di-porzs\\\/\",\"name\":\"II sangue di Porz&ugrave;s - Rassegna Stampa Cattolica\",\"isPartOf\":{\"@id\":\"https:\\\/\\\/www.rassegnastampa-totustuus.it\\\/cattolica\\\/#website\"},\"primaryImageOfPage\":{\"@id\":\"https:\\\/\\\/www.rassegnastampa-totustuus.it\\\/cattolica\\\/ii-sangue-di-porzs\\\/#primaryimage\"},\"image\":{\"@id\":\"https:\\\/\\\/www.rassegnastampa-totustuus.it\\\/cattolica\\\/ii-sangue-di-porzs\\\/#primaryimage\"},\"thumbnailUrl\":\"https:\\\/\\\/www.rassegnastampa-totustuus.it\\\/cattolica\\\/wp-content\\\/uploads\\\/2012\\\/02\\\/Porzus.jpg\",\"datePublished\":\"2012-02-15T23:00:00+00:00\",\"dateModified\":\"2016-04-21T09:05:05+00:00\",\"description\":\"Rassegna Stampa Cattolica - Per una cultura che nasce dalla Rivelazione cristiana in conformit\u00e0 alla tradizione e al Magistero della Chiesa in opposizione ad ogni relativismo e totalitarismo\",\"breadcrumb\":{\"@id\":\"https:\\\/\\\/www.rassegnastampa-totustuus.it\\\/cattolica\\\/ii-sangue-di-porzs\\\/#breadcrumb\"},\"inLanguage\":\"it-IT\",\"potentialAction\":[{\"@type\":\"ReadAction\",\"target\":[\"https:\\\/\\\/www.rassegnastampa-totustuus.it\\\/cattolica\\\/ii-sangue-di-porzs\\\/\"]}]},{\"@type\":\"ImageObject\",\"inLanguage\":\"it-IT\",\"@id\":\"https:\\\/\\\/www.rassegnastampa-totustuus.it\\\/cattolica\\\/ii-sangue-di-porzs\\\/#primaryimage\",\"url\":\"https:\\\/\\\/www.rassegnastampa-totustuus.it\\\/cattolica\\\/wp-content\\\/uploads\\\/2012\\\/02\\\/Porzus.jpg\",\"contentUrl\":\"https:\\\/\\\/www.rassegnastampa-totustuus.it\\\/cattolica\\\/wp-content\\\/uploads\\\/2012\\\/02\\\/Porzus.jpg\",\"width\":259,\"height\":194},{\"@type\":\"BreadcrumbList\",\"@id\":\"https:\\\/\\\/www.rassegnastampa-totustuus.it\\\/cattolica\\\/ii-sangue-di-porzs\\\/#breadcrumb\",\"itemListElement\":[{\"@type\":\"ListItem\",\"position\":1,\"name\":\"Home\",\"item\":\"https:\\\/\\\/www.rassegnastampa-totustuus.it\\\/cattolica\\\/\"},{\"@type\":\"ListItem\",\"position\":2,\"name\":\"II sangue di Porz&ugrave;s\"}]},{\"@type\":\"WebSite\",\"@id\":\"https:\\\/\\\/www.rassegnastampa-totustuus.it\\\/cattolica\\\/#website\",\"url\":\"https:\\\/\\\/www.rassegnastampa-totustuus.it\\\/cattolica\\\/\",\"name\":\"Rassegna Stampa Cattolica\",\"description\":\"Per una cultura che nasce dalla Rivelazione cristiana in conformit\u00e0 alla tradizione e al Magistero della Chiesa in opposizione ad ogni relativismo e totalitarismo\",\"publisher\":{\"@id\":\"https:\\\/\\\/www.rassegnastampa-totustuus.it\\\/cattolica\\\/#organization\"},\"alternateName\":\"Rass. Cattolica\",\"potentialAction\":[{\"@type\":\"SearchAction\",\"target\":{\"@type\":\"EntryPoint\",\"urlTemplate\":\"https:\\\/\\\/www.rassegnastampa-totustuus.it\\\/cattolica\\\/?s={search_term_string}\"},\"query-input\":{\"@type\":\"PropertyValueSpecification\",\"valueRequired\":true,\"valueName\":\"search_term_string\"}}],\"inLanguage\":\"it-IT\"},{\"@type\":\"Organization\",\"@id\":\"https:\\\/\\\/www.rassegnastampa-totustuus.it\\\/cattolica\\\/#organization\",\"name\":\"Rassegna Stampa Cattolica\",\"url\":\"https:\\\/\\\/www.rassegnastampa-totustuus.it\\\/cattolica\\\/\",\"logo\":{\"@type\":\"ImageObject\",\"inLanguage\":\"it-IT\",\"@id\":\"https:\\\/\\\/www.rassegnastampa-totustuus.it\\\/cattolica\\\/#\\\/schema\\\/logo\\\/image\\\/\",\"url\":\"https:\\\/\\\/www.rassegnastampa-totustuus.it\\\/cattolica\\\/wp-content\\\/uploads\\\/2014\\\/04\\\/logo-rassegna1.gif\",\"contentUrl\":\"https:\\\/\\\/www.rassegnastampa-totustuus.it\\\/cattolica\\\/wp-content\\\/uploads\\\/2014\\\/04\\\/logo-rassegna1.gif\",\"width\":600,\"height\":163,\"caption\":\"Rassegna Stampa Cattolica\"},\"image\":{\"@id\":\"https:\\\/\\\/www.rassegnastampa-totustuus.it\\\/cattolica\\\/#\\\/schema\\\/logo\\\/image\\\/\"},\"sameAs\":[\"https:\\\/\\\/www.facebook.com\\\/rassegnastampacattolica\",\"https:\\\/\\\/x.com\\\/rassegnastampa9\"]},{\"@type\":\"Person\",\"@id\":\"https:\\\/\\\/www.rassegnastampa-totustuus.it\\\/cattolica\\\/#\\\/schema\\\/person\\\/08f319d2bd1a0904ad9e2bfb7b15e5c3\",\"name\":\"Redazione\",\"image\":{\"@type\":\"ImageObject\",\"inLanguage\":\"it-IT\",\"@id\":\"https:\\\/\\\/secure.gravatar.com\\\/avatar\\\/2fcdf27c78ea025fbdb44e914cc63c72249ffec9dc8aafd5c82b26240ef3f346?s=96&d=mm&r=g\",\"url\":\"https:\\\/\\\/secure.gravatar.com\\\/avatar\\\/2fcdf27c78ea025fbdb44e914cc63c72249ffec9dc8aafd5c82b26240ef3f346?s=96&d=mm&r=g\",\"contentUrl\":\"https:\\\/\\\/secure.gravatar.com\\\/avatar\\\/2fcdf27c78ea025fbdb44e914cc63c72249ffec9dc8aafd5c82b26240ef3f346?s=96&d=mm&r=g\",\"caption\":\"Redazione\"},\"url\":\"https:\\\/\\\/www.rassegnastampa-totustuus.it\\\/cattolica\\\/author\\\/pietroelle\\\/\"}]}<\/script>\n<!-- \/ Yoast SEO plugin. -->","yoast_head_json":{"title":"II sangue di Porz&ugrave;s - Rassegna Stampa Cattolica","description":"Rassegna Stampa Cattolica - Per una cultura che nasce dalla Rivelazione cristiana in conformit\u00e0 alla tradizione e al Magistero della Chiesa in opposizione ad ogni relativismo e totalitarismo","robots":{"index":"index","follow":"follow","max-snippet":"max-snippet:-1","max-image-preview":"max-image-preview:large","max-video-preview":"max-video-preview:-1"},"canonical":"https:\/\/www.rassegnastampa-totustuus.it\/cattolica\/ii-sangue-di-porzs\/","og_locale":"it_IT","og_type":"article","og_title":"II sangue di Porz&ugrave;s - Rassegna Stampa Cattolica","og_description":"Rassegna Stampa Cattolica - Per una cultura che nasce dalla Rivelazione cristiana in conformit\u00e0 alla tradizione e al Magistero della Chiesa in opposizione ad ogni relativismo e totalitarismo","og_url":"https:\/\/www.rassegnastampa-totustuus.it\/cattolica\/ii-sangue-di-porzs\/","og_site_name":"Rassegna Stampa Cattolica","article_publisher":"https:\/\/www.facebook.com\/rassegnastampacattolica","article_published_time":"2012-02-15T23:00:00+00:00","article_modified_time":"2016-04-21T09:05:05+00:00","og_image":[{"width":259,"height":194,"url":"https:\/\/www.rassegnastampa-totustuus.it\/cattolica\/wp-content\/uploads\/2012\/02\/Porzus.jpg","type":"image\/jpeg"}],"author":"Redazione","twitter_card":"summary_large_image","twitter_creator":"@rassegnastampa9","twitter_site":"@rassegnastampa9","twitter_misc":{"Scritto da":"Redazione","Tempo di lettura stimato":"5 minuti"},"schema":{"@context":"https:\/\/schema.org","@graph":[{"@type":"Article","@id":"https:\/\/www.rassegnastampa-totustuus.it\/cattolica\/ii-sangue-di-porzs\/#article","isPartOf":{"@id":"https:\/\/www.rassegnastampa-totustuus.it\/cattolica\/ii-sangue-di-porzs\/"},"author":{"name":"Redazione","@id":"https:\/\/www.rassegnastampa-totustuus.it\/cattolica\/#\/schema\/person\/08f319d2bd1a0904ad9e2bfb7b15e5c3"},"headline":"II sangue di Porz&ugrave;s","datePublished":"2012-02-15T23:00:00+00:00","dateModified":"2016-04-21T09:05:05+00:00","mainEntityOfPage":{"@id":"https:\/\/www.rassegnastampa-totustuus.it\/cattolica\/ii-sangue-di-porzs\/"},"wordCount":1052,"publisher":{"@id":"https:\/\/www.rassegnastampa-totustuus.it\/cattolica\/#organization"},"image":{"@id":"https:\/\/www.rassegnastampa-totustuus.it\/cattolica\/ii-sangue-di-porzs\/#primaryimage"},"thumbnailUrl":"https:\/\/www.rassegnastampa-totustuus.it\/cattolica\/wp-content\/uploads\/2012\/02\/Porzus.jpg","keywords":["Porzus"],"articleSection":["Resistenza","Storia italiana"],"inLanguage":"it-IT"},{"@type":"WebPage","@id":"https:\/\/www.rassegnastampa-totustuus.it\/cattolica\/ii-sangue-di-porzs\/","url":"https:\/\/www.rassegnastampa-totustuus.it\/cattolica\/ii-sangue-di-porzs\/","name":"II sangue di Porz&ugrave;s - Rassegna Stampa Cattolica","isPartOf":{"@id":"https:\/\/www.rassegnastampa-totustuus.it\/cattolica\/#website"},"primaryImageOfPage":{"@id":"https:\/\/www.rassegnastampa-totustuus.it\/cattolica\/ii-sangue-di-porzs\/#primaryimage"},"image":{"@id":"https:\/\/www.rassegnastampa-totustuus.it\/cattolica\/ii-sangue-di-porzs\/#primaryimage"},"thumbnailUrl":"https:\/\/www.rassegnastampa-totustuus.it\/cattolica\/wp-content\/uploads\/2012\/02\/Porzus.jpg","datePublished":"2012-02-15T23:00:00+00:00","dateModified":"2016-04-21T09:05:05+00:00","description":"Rassegna Stampa Cattolica - Per una cultura che nasce dalla Rivelazione cristiana in conformit\u00e0 alla tradizione e al Magistero della Chiesa in opposizione ad ogni relativismo e totalitarismo","breadcrumb":{"@id":"https:\/\/www.rassegnastampa-totustuus.it\/cattolica\/ii-sangue-di-porzs\/#breadcrumb"},"inLanguage":"it-IT","potentialAction":[{"@type":"ReadAction","target":["https:\/\/www.rassegnastampa-totustuus.it\/cattolica\/ii-sangue-di-porzs\/"]}]},{"@type":"ImageObject","inLanguage":"it-IT","@id":"https:\/\/www.rassegnastampa-totustuus.it\/cattolica\/ii-sangue-di-porzs\/#primaryimage","url":"https:\/\/www.rassegnastampa-totustuus.it\/cattolica\/wp-content\/uploads\/2012\/02\/Porzus.jpg","contentUrl":"https:\/\/www.rassegnastampa-totustuus.it\/cattolica\/wp-content\/uploads\/2012\/02\/Porzus.jpg","width":259,"height":194},{"@type":"BreadcrumbList","@id":"https:\/\/www.rassegnastampa-totustuus.it\/cattolica\/ii-sangue-di-porzs\/#breadcrumb","itemListElement":[{"@type":"ListItem","position":1,"name":"Home","item":"https:\/\/www.rassegnastampa-totustuus.it\/cattolica\/"},{"@type":"ListItem","position":2,"name":"II sangue di Porz&ugrave;s"}]},{"@type":"WebSite","@id":"https:\/\/www.rassegnastampa-totustuus.it\/cattolica\/#website","url":"https:\/\/www.rassegnastampa-totustuus.it\/cattolica\/","name":"Rassegna Stampa Cattolica","description":"Per una cultura che nasce dalla Rivelazione cristiana in conformit\u00e0 alla tradizione e al Magistero della Chiesa in opposizione ad ogni relativismo e totalitarismo","publisher":{"@id":"https:\/\/www.rassegnastampa-totustuus.it\/cattolica\/#organization"},"alternateName":"Rass. Cattolica","potentialAction":[{"@type":"SearchAction","target":{"@type":"EntryPoint","urlTemplate":"https:\/\/www.rassegnastampa-totustuus.it\/cattolica\/?s={search_term_string}"},"query-input":{"@type":"PropertyValueSpecification","valueRequired":true,"valueName":"search_term_string"}}],"inLanguage":"it-IT"},{"@type":"Organization","@id":"https:\/\/www.rassegnastampa-totustuus.it\/cattolica\/#organization","name":"Rassegna Stampa Cattolica","url":"https:\/\/www.rassegnastampa-totustuus.it\/cattolica\/","logo":{"@type":"ImageObject","inLanguage":"it-IT","@id":"https:\/\/www.rassegnastampa-totustuus.it\/cattolica\/#\/schema\/logo\/image\/","url":"https:\/\/www.rassegnastampa-totustuus.it\/cattolica\/wp-content\/uploads\/2014\/04\/logo-rassegna1.gif","contentUrl":"https:\/\/www.rassegnastampa-totustuus.it\/cattolica\/wp-content\/uploads\/2014\/04\/logo-rassegna1.gif","width":600,"height":163,"caption":"Rassegna Stampa Cattolica"},"image":{"@id":"https:\/\/www.rassegnastampa-totustuus.it\/cattolica\/#\/schema\/logo\/image\/"},"sameAs":["https:\/\/www.facebook.com\/rassegnastampacattolica","https:\/\/x.com\/rassegnastampa9"]},{"@type":"Person","@id":"https:\/\/www.rassegnastampa-totustuus.it\/cattolica\/#\/schema\/person\/08f319d2bd1a0904ad9e2bfb7b15e5c3","name":"Redazione","image":{"@type":"ImageObject","inLanguage":"it-IT","@id":"https:\/\/secure.gravatar.com\/avatar\/2fcdf27c78ea025fbdb44e914cc63c72249ffec9dc8aafd5c82b26240ef3f346?s=96&d=mm&r=g","url":"https:\/\/secure.gravatar.com\/avatar\/2fcdf27c78ea025fbdb44e914cc63c72249ffec9dc8aafd5c82b26240ef3f346?s=96&d=mm&r=g","contentUrl":"https:\/\/secure.gravatar.com\/avatar\/2fcdf27c78ea025fbdb44e914cc63c72249ffec9dc8aafd5c82b26240ef3f346?s=96&d=mm&r=g","caption":"Redazione"},"url":"https:\/\/www.rassegnastampa-totustuus.it\/cattolica\/author\/pietroelle\/"}]}},"_links":{"self":[{"href":"https:\/\/www.rassegnastampa-totustuus.it\/cattolica\/wp-json\/wp\/v2\/posts\/4903","targetHints":{"allow":["GET"]}}],"collection":[{"href":"https:\/\/www.rassegnastampa-totustuus.it\/cattolica\/wp-json\/wp\/v2\/posts"}],"about":[{"href":"https:\/\/www.rassegnastampa-totustuus.it\/cattolica\/wp-json\/wp\/v2\/types\/post"}],"author":[{"embeddable":true,"href":"https:\/\/www.rassegnastampa-totustuus.it\/cattolica\/wp-json\/wp\/v2\/users\/6"}],"replies":[{"embeddable":true,"href":"https:\/\/www.rassegnastampa-totustuus.it\/cattolica\/wp-json\/wp\/v2\/comments?post=4903"}],"version-history":[{"count":4,"href":"https:\/\/www.rassegnastampa-totustuus.it\/cattolica\/wp-json\/wp\/v2\/posts\/4903\/revisions"}],"predecessor-version":[{"id":33252,"href":"https:\/\/www.rassegnastampa-totustuus.it\/cattolica\/wp-json\/wp\/v2\/posts\/4903\/revisions\/33252"}],"wp:featuredmedia":[{"embeddable":true,"href":"https:\/\/www.rassegnastampa-totustuus.it\/cattolica\/wp-json\/wp\/v2\/media\/33251"}],"wp:attachment":[{"href":"https:\/\/www.rassegnastampa-totustuus.it\/cattolica\/wp-json\/wp\/v2\/media?parent=4903"}],"wp:term":[{"taxonomy":"category","embeddable":true,"href":"https:\/\/www.rassegnastampa-totustuus.it\/cattolica\/wp-json\/wp\/v2\/categories?post=4903"},{"taxonomy":"post_tag","embeddable":true,"href":"https:\/\/www.rassegnastampa-totustuus.it\/cattolica\/wp-json\/wp\/v2\/tags?post=4903"}],"curies":[{"name":"wp","href":"https:\/\/api.w.org\/{rel}","templated":true}]}}