{"id":48912,"date":"2020-10-29T00:00:12","date_gmt":"2020-10-28T23:00:12","guid":{"rendered":"http:\/\/www.rassegnastampa-totustuus.it\/cattolica\/?p=48912"},"modified":"2020-10-26T10:06:34","modified_gmt":"2020-10-26T09:06:34","slug":"quei-bimbi-positivi-alla-droga-cosi-i-casi-sono-raddoppiati","status":"publish","type":"post","link":"https:\/\/www.rassegnastampa-totustuus.it\/cattolica\/quei-bimbi-positivi-alla-droga-cosi-i-casi-sono-raddoppiati\/","title":{"rendered":"Quei bimbi positivi alla droga: &#8220;Cos\u00ec i casi sono raddoppiati&#8221;"},"content":{"rendered":"<p style=\"text-align: center;\"><span style=\"color: #000000;\"><strong><a href=\"https:\/\/www.rassegnastampa-totustuus.it\/cattolica\/wp-content\/uploads\/2020\/10\/droga_bambini.jpg\"><img loading=\"lazy\" decoding=\"async\" class=\"size-full wp-image-48913 alignleft\" src=\"https:\/\/www.rassegnastampa-totustuus.it\/cattolica\/wp-content\/uploads\/2020\/10\/droga_bambini.jpg\" alt=\"\" width=\"299\" height=\"168\" \/><\/a>Il Giornale.it<\/strong> 25 Ottobre 2020 <\/span><\/p>\n<p style=\"text-align: justify;\"><span style=\"color: #000000;\"><em>Aumentano i casi di bambini piccoli positivi alla marijuana. &#8221;Si tratta di un fenomeno sommerso ma i casi stanno moltiplicando&#8221;, spiega a Il Giornale.it il direttore del Cav di Pavia Carlo Locatelli <\/em><\/span><\/p>\n<p style=\"text-align: center;\"><span style=\"color: #000000;\"><strong>Rosa Scognamiglio<\/strong><\/span><\/p>\n<p><!--more--><\/p>\n<p style=\"text-align: justify;\"><span style=\"color: #000000;\"><strong>B<\/strong><\/span><span style=\"color: #000000;\"><strong>ambini<\/strong> piccoli, talvolta ancora in fasce, e gi\u00e0 positivi alla <strong>droga<\/strong>. Giungono ai pronto soccorso in stato di <strong>coma<\/strong>, trasportati in ambulanze che corrono a sirene spiegate, da un capo all&#8217;altro della citt\u00e0, nel tentativo di salvare loro la vita. Si tratta dei cossidetti &#8221;assuntori accidentali di stupefacenti&#8221;, beb\u00e9 o poco pi\u00f9, che ingeriscono dosi disseminate in giro per casa dai propri genitori, abituali consumatori si sostanze droganti. <\/span><\/p>\n<p style=\"text-align: justify;\"><span style=\"color: #000000;\"><a href=\"https:\/\/www.rassegnastampa-totustuus.it\/cattolica\/wp-content\/uploads\/2020\/10\/Carlo_Locatelli.jpg\"><img loading=\"lazy\" decoding=\"async\" class=\"size-full wp-image-48914 alignright\" src=\"https:\/\/www.rassegnastampa-totustuus.it\/cattolica\/wp-content\/uploads\/2020\/10\/Carlo_Locatelli.jpg\" alt=\"\" width=\"217\" height=\"232\" \/><\/a>Un dramma silenzioso, l&#8217;allarme ignorato, che la gigantesca ombra del Covid rischia di oscurare pericolosamente. &#8221;Si tratta di un fenomeno in repentino aumento, &#8211; spiega alla redazione de <em>Il Giornale.it<\/em> il Dottor Carlo Locatelli, tossicologo di fama conclamata e direttore del Centro Antiveleni Maugeri di Pavia &#8211; i casi stanno raddoppiando anno dopo anno. Ci sono bambini che neanche gattonano e risultano positivi alle sostanze droganti&#8221;. <\/span><\/p>\n<p style=\"text-align: justify;\"><span style=\"color: #000000;\"><strong>La cronaca recente riporta casi di bambini, talvolta di pochi mesi, positivi alla marijuana. Cosa sta succedendo?<\/strong> <\/span><\/p>\n<p style=\"text-align: justify;\"><span style=\"color: #000000;\">&#8221;Si tratta di un fenomeno in repentino crescendo. C&#8217;\u00e8 un numero elevato di casi, in aumento costante da ormai circa 10 anni, di bambini positivi al Thc, il principio attivo drogante della marijuana in foglie o dell&#8217;hashish in resina. La maggior parte dei pazienti che diagnostichiamo con problematiche di questo genere, talvolta beb\u00e8 che hanno appena imparato a gattonare, viene da contesti familiari in cui si fa uso di stupefacenti. Questi bambini trovano accidentalmente in casa una pallina di color marroncino e, pensando che sia un cioccolatino o una caramella, la ingeriscono. Si tratta di piccole quantit\u00e0, che magari su un adulto non sortirebbero alcun effetto ma per un bambino, invece, sono potenzialmente letali. Tant&#8217;\u00e8 che molto spesso arrivano al pronto soccorso in coma&#8221;. <\/span><\/p>\n<p style=\"text-align: justify;\"><span style=\"color: #000000;\"><strong>Come si individua tempestivamente un caso di coma da sostanza drogante?<\/strong> <\/span><\/p>\n<p style=\"text-align: justify;\"><span style=\"color: #000000;\"><a href=\"https:\/\/www.rassegnastampa-totustuus.it\/cattolica\/wp-content\/uploads\/2020\/10\/ambulanza_sanit\u00e0.jpg\"><img loading=\"lazy\" decoding=\"async\" class=\"size-full wp-image-48915 alignleft\" src=\"https:\/\/www.rassegnastampa-totustuus.it\/cattolica\/wp-content\/uploads\/2020\/10\/ambulanza_sanit\u00e0.jpg\" alt=\"\" width=\"259\" height=\"194\" \/><\/a>&#8221;Quando un bambino arriva in ospedale in coma e non ci sono chiare evidenze di una malattia classica, si cercano cause tossicologiche. A quel punto, lo si sottopone ad un esame del sangue o delle urine. Considerano che in un bimbo piccolo i livelli di tetraidrocannabinolo dovrebbero essere completamente negativi, basta quella variazione minima per definire un quadro clinico di intossicazione da sostanze droganti. In tal caso, ovviamente, dapprima si provvede a ristabilire il paziente &#8211; pi\u00f9 o meno occorrono dalle 24 alle 36 ore &#8211; e poi, laddove le circostanze relative alle modalit\u00e0 di assunzione siano poco chiare, si attivano altre procedure&#8221;.<\/span><\/p>\n<p style=\"text-align: justify;\"><span style=\"color: #000000;\"> <strong>In che senso &#8216;poco chiare&#8217;, non si tratta sempre di assunzione accidentale?<\/strong> <\/span><\/p>\n<p style=\"text-align: justify;\"><span style=\"color: #000000;\">&#8221;Purtroppo no. Anzi, il maltrattamento di minori mediante la somministrazione di droghe \u00e8 un sommerso di cui si parla poco, ma \u00e8 molto diffuso. Ma talvolta \u00e8 problematico per noi capire se c&#8217;\u00e8 un dolo, quindi una intenzionalit\u00e0, da parte del genitore oppure no. Ormai ci sono in giro prodotti che contengono marijuana in piccola quantit\u00e0 (caramelle, biscotti, eccetera) acquistabili agevolmente. Non servono a nulla, se non per vendere marijuana a basso tenore, ma quella dose minima di tetraidrocannabinolo che contengono \u00e8 sufficiente a segnalare un valore positivo nelle urine del bambino&#8221;. <\/span><\/p>\n<p style=\"text-align: justify;\"><span style=\"color: #000000;\"><strong>Quindi ci sono genitori che drogano volontariamente i propri figli? Se s\u00ec, in che modo lo fanno?<\/strong> <\/span><\/p>\n<p style=\"text-align: justify;\"><span style=\"color: #000000;\"><a href=\"https:\/\/www.rassegnastampa-totustuus.it\/cattolica\/wp-content\/uploads\/2012\/10\/fumatore_cannabis.jpg\"><img loading=\"lazy\" decoding=\"async\" class=\"size-full wp-image-24410 alignright\" src=\"https:\/\/www.rassegnastampa-totustuus.it\/cattolica\/wp-content\/uploads\/2012\/10\/fumatore_cannabis.jpg\" alt=\"\" width=\"276\" height=\"183\" \/><\/a>&#8221;S\u00ec. Talvolta lo fanno per stare tranquilli, magari il bimbo piange e loro vogliono zittirlo per consumare la dose in santa pace. Cos\u00ec, gli somministrano una piccola quantit\u00e0 di marijuana per farlo addormentare. Ma \u00e8 chiaro che, specie per un beb\u00e8 di pochi mesi, pu\u00f2 essere pericolosissimo. Quanto alle modalit\u00e0, invece, la somministrazione \u00e8 molto semplice. Sul mercato ci sono olii da cucina alla marijuana, ad esempio, quindi basta condire una pappa. Tuttavia si tratta di situazioni meno frequenti rispetto agli episodi accidentali&#8221;. <\/span><\/p>\n<p style=\"text-align: justify;\"><span style=\"color: #000000;\"><strong>Riscontrate mai casi di positivit\u00e0 a cocaina o eroina?<\/strong>* <\/span><\/p>\n<p style=\"text-align: justify;\"><span style=\"color: #000000;\">&#8221;In genere si tratta di hashish o marijuana. La cocaina o l&#8217;eroina, posto qualche caso eccezionale, non sono cos\u00ec diffuse. Anche perch\u00e9 \u00e8 difficile che un bambino sia attratto da della polvere bianca, ad esempio, o da un triciato di foglia. Sono anche meno belli nel colore. Invece, \u00e8 pi\u00f9 probabile che riconosca in una pallina colorata qualcosa di appettibile, commestibile. Quando siamo di fronte ad una situazione in cui si rileva la presenza di droghe diverse da quelle comunemente definite &#8221;leggere&#8221;, vuol dire che \u00e8 stata somministrata per via iniettiva. Ma ripeto, si tratta di casi rari, per fortuna&#8221;. <\/span><\/p>\n<p style=\"text-align: justify;\"><span style=\"color: #000000;\"><strong>Quali sono le conseguenze per i bambini assuntori accidentali di droghe?<\/strong> <\/span><\/p>\n<p style=\"text-align: justify;\"><span style=\"color: #000000;\"><a href=\"https:\/\/www.rassegnastampa-totustuus.it\/cattolica\/wp-content\/uploads\/2020\/10\/bambini_sanit\u00e0.jpg\"><img loading=\"lazy\" decoding=\"async\" class=\"size-full wp-image-48916 alignleft\" src=\"https:\/\/www.rassegnastampa-totustuus.it\/cattolica\/wp-content\/uploads\/2020\/10\/bambini_sanit\u00e0.jpg\" alt=\"\" width=\"293\" height=\"172\" \/><\/a>&#8221;Generalmente nessuna, in 24\/36 ore si rimettono e torna tutto alla normalit\u00e0, l&#8217;evento viene rimosso in fretta. Si tratta spesso di casi reversibili. Poi, \u00e8 chiaro, che se l&#8217;intervento \u00e8 tardivo, perch\u00e9 magari i genitori sono sotto l&#8217;effetto di sostanze stupefacenti quando il bambino sta male e quindi non si rendono conto della gravit\u00e0, si pu\u00f2 arrivare financo al decesso&#8221;. <\/span><\/p>\n<p style=\"text-align: justify;\"><span style=\"color: #000000;\"><strong>Quindi ci sono stati dei bambini che sono morti?<\/strong> <\/span><\/p>\n<p style=\"text-align: justify;\"><span style=\"color: #000000;\">&#8221;S\u00ec. Per fortuna, per\u00f2, non \u00e8 cos\u00ec frequente. Nei rari casi in cui si \u00e8 accaduto, il decesso \u00e8 stato causato da un mix di sostanze stupefacenti. Ma si tratta di situazioni ben pi\u00f9 articolate e complesse che talvolta finiscono nelle mani della magistratura&#8221;. <\/span><\/p>\n<p style=\"text-align: justify;\"><span style=\"color: #000000;\"><strong>Pu\u00f2 accadere che un bambino sviluppi una dipendenza da stupefacente dopo un&#8217;intossicazione?<\/strong> <\/span><\/p>\n<p style=\"text-align: justify;\"><span style=\"color: #000000;\">&#8221;Se si tratta di un episodio accidentale e unico, assolutamente no. Se invece, mettiamo nel caso di un bambino gi\u00e0 pi\u00f9 grande e consapevole, c&#8217;\u00e8 una reiterazione, \u00e8 chiaro che pu\u00f2 insorgere una dipendenza. Ci sono dei bambini dipendenti da diverse sostanze stupefacenti gi\u00e0 all&#8217;et\u00e0 di 9 o 10 anni. Magari hanno cominciato per emulazione dei genitori, un po&#8217; come accade per il fumo o il tabacco, e poi ne sono diventati consumatori abituali. Ma che per una singola intossicazione da sostanza drogante si possa sviluppare una dipendenza, lo escludo&#8221;.<\/span><\/p>\n<p style=\"text-align: justify;\"><span style=\"color: #000000;\"> <strong>Il vostro monitoraggio si estende sull&#8217;intero territorio nazionale. Da quale citt\u00e0 ricevete pi\u00f9 segnalazioni?<\/strong> <\/span><\/p>\n<p style=\"text-align: justify;\"><span style=\"color: #000000;\"><a href=\"https:\/\/www.rassegnastampa-totustuus.it\/cattolica\/wp-content\/uploads\/2020\/10\/droga_spaccio.jpg\"><img loading=\"lazy\" decoding=\"async\" class=\"size-full wp-image-48917 alignright\" src=\"https:\/\/www.rassegnastampa-totustuus.it\/cattolica\/wp-content\/uploads\/2020\/10\/droga_spaccio.jpg\" alt=\"\" width=\"291\" height=\"173\" \/><\/a>&#8221;Purtroppo \u00e8 un fenomeno che non distingue aree geografiche pi\u00f9 a rischio di altre, nessun luogo \u00e8 immune da questo fenomeno. La situazione \u00e8 la medesima da Bolzano a Palermo, da Milano a Roma. Non \u00e8 possibile fare un distinguo per citt\u00e0 o contesto sociale. Ad oggi, \u00e8 diventato agevolissimo procurarsi della droga, in qualunque luogo ci si trovi. Dopotutto stiamo parlando di sostanze con un costo accessibile, non proibitivo come nel caso della cocaina e non sono difficili da reperire&#8221;. <\/span><\/p>\n<p style=\"text-align: justify;\"><span style=\"color: #000000;\"><strong>Durante l&#8217;emergenza Covid \u00e8 cambiata l&#8217;incidenza di casi?<\/strong> &#8221;Non \u00e8 cambiato assolutamente nulla. Noi pensavamo che ci sarebbe stato un minore spaccio ma, in realt\u00e0, non abbiamo registrato nessuna variazione significativa, alcuna diminuzione di casi. Il nostro Osservatorio si occupa di intossicazioni acute, di cose che riguardano l&#8217;urgenza, e posso assicurare che il trend \u00e8 rimasto stabile durante il periodo del Covid. Ripeto, sono dieci anni che il fenomeno \u00e8 in aumento, duplica di anno in anno, ma se ne parla davvero poco&#8221;. <\/span><\/p>\n<p style=\"text-align: justify;\"><span style=\"color: #000000;\"><strong>Neanche il lockdown \u00e8 riuscito a far segnare un&#8217;inversione di tendenza?<\/strong><a href=\"https:\/\/www.rassegnastampa-totustuus.it\/cattolica\/wp-content\/uploads\/2017\/02\/marijuana-1.jpg\"><img loading=\"lazy\" decoding=\"async\" class=\"size-full wp-image-37125 alignleft\" src=\"https:\/\/www.rassegnastampa-totustuus.it\/cattolica\/wp-content\/uploads\/2017\/02\/marijuana-1.jpg\" alt=\"\" width=\"275\" height=\"183\" \/><\/a> &#8221;Il lockdown ha fermato tante cose ma non l&#8217;attivit\u00e0 di spaccio delle droghe. Nel caso delle cosiddette &#8216;sostanze leggere&#8217; &#8211; che sono comunque sostanze tossiche, ci tengo a sottolinearlo &#8211; non ci sono state variazioni. Dopotutto, si vendono anche su internet e il commercio online non si \u00e8 mai fermato. Anzi, \u00e8 pi\u00f9 probabile che restando chiusi in casa, magari in preda alla noia, si consumi pi\u00f9 hashish o marijuana&#8221;. <\/span><\/p>\n<p style=\"text-align: justify;\"><span style=\"color: #000000;\"><strong>Ritornando al caso dei bambini assuntori accidentali di sostanze stupefacenti, c&#8217;\u00e8 un modo per arginare il fenomeno?<\/strong> <\/span><\/p>\n<p style=\"text-align: justify;\"><span style=\"color: #000000;\">&#8221;Finch\u00e9 c&#8217;\u00e8 spaccio di droga, il rischio ci sar\u00e0 sempre. Bisogna per\u00f2 smettere di pensare che la marijuana o l&#8217;hashish non abbiano effetti deleteri sui comportamenti. Chi ne assume crede di sapersi gestire, di mantenere livelli ottimali di autocontrollo, ma non \u00e8 cos\u00ec. Diminuiscono i riflessi, non si \u00e8 nel pieno delle proprie facolt\u00e0 mentali. Bisogna dirlo in modo chiaro: la droga \u00e8 un veleno&#8221;.<\/span><\/p>\n","protected":false},"excerpt":{"rendered":"<p>Il Giornale.it 25 Ottobre 2020 Aumentano i casi di bambini piccoli positivi alla marijuana. &#8221;Si tratta di un fenomeno sommerso ma i casi stanno moltiplicando&#8221;, spiega a Il Giornale.it il direttore del Cav di Pavia Carlo Locatelli Rosa Scognamiglio<\/p><p><a class=\"more-link btn\" href=\"https:\/\/www.rassegnastampa-totustuus.it\/cattolica\/quei-bimbi-positivi-alla-droga-cosi-i-casi-sono-raddoppiati\/\">Continua a leggere<\/a><\/p>\n","protected":false},"author":6,"featured_media":46780,"comment_status":"closed","ping_status":"closed","sticky":false,"template":"","format":"standard","meta":{"footnotes":""},"categories":[12],"tags":[1612,278,352],"class_list":["post-48912","post","type-post","status-publish","format-standard","has-post-thumbnail","hentry","category-droga","tag-bambini","tag-droga-2","tag-marijuana","item-wrap"],"yoast_head":"<!-- This site is optimized with the Yoast SEO plugin v27.4 - https:\/\/yoast.com\/product\/yoast-seo-wordpress\/ -->\n<title>Quei bimbi positivi alla droga: &quot;Cos\u00ec i casi sono raddoppiati&quot; - Rassegna Stampa Cattolica<\/title>\n<meta name=\"description\" content=\"Rassegna Stampa Cattolica - Per una cultura che nasce dalla Rivelazione cristiana in conformit\u00e0 alla tradizione e al Magistero della Chiesa in opposizione ad ogni relativismo e totalitarismo\" \/>\n<meta name=\"robots\" content=\"index, follow, max-snippet:-1, max-image-preview:large, max-video-preview:-1\" \/>\n<link rel=\"canonical\" href=\"https:\/\/www.rassegnastampa-totustuus.it\/cattolica\/quei-bimbi-positivi-alla-droga-cosi-i-casi-sono-raddoppiati\/\" \/>\n<meta property=\"og:locale\" content=\"it_IT\" \/>\n<meta property=\"og:type\" content=\"article\" \/>\n<meta property=\"og:title\" content=\"Quei bimbi positivi alla droga: &quot;Cos\u00ec i casi sono raddoppiati&quot; - Rassegna Stampa Cattolica\" \/>\n<meta property=\"og:description\" content=\"Rassegna Stampa Cattolica - Per una cultura che nasce dalla Rivelazione cristiana in conformit\u00e0 alla tradizione e al Magistero della Chiesa in opposizione ad ogni relativismo e totalitarismo\" \/>\n<meta property=\"og:url\" content=\"https:\/\/www.rassegnastampa-totustuus.it\/cattolica\/quei-bimbi-positivi-alla-droga-cosi-i-casi-sono-raddoppiati\/\" \/>\n<meta property=\"og:site_name\" content=\"Rassegna Stampa Cattolica\" \/>\n<meta property=\"article:publisher\" content=\"https:\/\/www.facebook.com\/rassegnastampacattolica\" \/>\n<meta property=\"article:published_time\" content=\"2020-10-28T23:00:12+00:00\" \/>\n<meta property=\"og:image\" content=\"https:\/\/www.rassegnastampa-totustuus.it\/cattolica\/wp-content\/uploads\/2020\/03\/droga_cannabis.png\" \/>\n\t<meta property=\"og:image:width\" content=\"1700\" \/>\n\t<meta property=\"og:image:height\" content=\"650\" \/>\n\t<meta property=\"og:image:type\" content=\"image\/png\" \/>\n<meta name=\"author\" content=\"Redazione\" \/>\n<meta name=\"twitter:card\" content=\"summary_large_image\" \/>\n<meta name=\"twitter:creator\" content=\"@rassegnastampa9\" \/>\n<meta name=\"twitter:site\" content=\"@rassegnastampa9\" \/>\n<meta name=\"twitter:label1\" content=\"Scritto da\" \/>\n\t<meta name=\"twitter:data1\" content=\"Redazione\" \/>\n\t<meta name=\"twitter:label2\" content=\"Tempo di lettura stimato\" \/>\n\t<meta name=\"twitter:data2\" content=\"6 minuti\" \/>\n<script type=\"application\/ld+json\" class=\"yoast-schema-graph\">{\"@context\":\"https:\\\/\\\/schema.org\",\"@graph\":[{\"@type\":\"Article\",\"@id\":\"https:\\\/\\\/www.rassegnastampa-totustuus.it\\\/cattolica\\\/quei-bimbi-positivi-alla-droga-cosi-i-casi-sono-raddoppiati\\\/#article\",\"isPartOf\":{\"@id\":\"https:\\\/\\\/www.rassegnastampa-totustuus.it\\\/cattolica\\\/quei-bimbi-positivi-alla-droga-cosi-i-casi-sono-raddoppiati\\\/\"},\"author\":{\"name\":\"Redazione\",\"@id\":\"https:\\\/\\\/www.rassegnastampa-totustuus.it\\\/cattolica\\\/#\\\/schema\\\/person\\\/08f319d2bd1a0904ad9e2bfb7b15e5c3\"},\"headline\":\"Quei bimbi positivi alla droga: &#8220;Cos\u00ec i casi sono raddoppiati&#8221;\",\"datePublished\":\"2020-10-28T23:00:12+00:00\",\"mainEntityOfPage\":{\"@id\":\"https:\\\/\\\/www.rassegnastampa-totustuus.it\\\/cattolica\\\/quei-bimbi-positivi-alla-droga-cosi-i-casi-sono-raddoppiati\\\/\"},\"wordCount\":1300,\"publisher\":{\"@id\":\"https:\\\/\\\/www.rassegnastampa-totustuus.it\\\/cattolica\\\/#organization\"},\"image\":{\"@id\":\"https:\\\/\\\/www.rassegnastampa-totustuus.it\\\/cattolica\\\/quei-bimbi-positivi-alla-droga-cosi-i-casi-sono-raddoppiati\\\/#primaryimage\"},\"thumbnailUrl\":\"https:\\\/\\\/www.rassegnastampa-totustuus.it\\\/cattolica\\\/wp-content\\\/uploads\\\/2020\\\/03\\\/droga_cannabis.png\",\"keywords\":[\"bambini\",\"droga\",\"marijuana\"],\"articleSection\":[\"Droga\"],\"inLanguage\":\"it-IT\"},{\"@type\":\"WebPage\",\"@id\":\"https:\\\/\\\/www.rassegnastampa-totustuus.it\\\/cattolica\\\/quei-bimbi-positivi-alla-droga-cosi-i-casi-sono-raddoppiati\\\/\",\"url\":\"https:\\\/\\\/www.rassegnastampa-totustuus.it\\\/cattolica\\\/quei-bimbi-positivi-alla-droga-cosi-i-casi-sono-raddoppiati\\\/\",\"name\":\"Quei bimbi positivi alla droga: \\\"Cos\u00ec i casi sono raddoppiati\\\" - Rassegna Stampa Cattolica\",\"isPartOf\":{\"@id\":\"https:\\\/\\\/www.rassegnastampa-totustuus.it\\\/cattolica\\\/#website\"},\"primaryImageOfPage\":{\"@id\":\"https:\\\/\\\/www.rassegnastampa-totustuus.it\\\/cattolica\\\/quei-bimbi-positivi-alla-droga-cosi-i-casi-sono-raddoppiati\\\/#primaryimage\"},\"image\":{\"@id\":\"https:\\\/\\\/www.rassegnastampa-totustuus.it\\\/cattolica\\\/quei-bimbi-positivi-alla-droga-cosi-i-casi-sono-raddoppiati\\\/#primaryimage\"},\"thumbnailUrl\":\"https:\\\/\\\/www.rassegnastampa-totustuus.it\\\/cattolica\\\/wp-content\\\/uploads\\\/2020\\\/03\\\/droga_cannabis.png\",\"datePublished\":\"2020-10-28T23:00:12+00:00\",\"description\":\"Rassegna Stampa Cattolica - Per una cultura che nasce dalla Rivelazione cristiana in conformit\u00e0 alla tradizione e al Magistero della Chiesa in opposizione ad ogni relativismo e totalitarismo\",\"breadcrumb\":{\"@id\":\"https:\\\/\\\/www.rassegnastampa-totustuus.it\\\/cattolica\\\/quei-bimbi-positivi-alla-droga-cosi-i-casi-sono-raddoppiati\\\/#breadcrumb\"},\"inLanguage\":\"it-IT\",\"potentialAction\":[{\"@type\":\"ReadAction\",\"target\":[\"https:\\\/\\\/www.rassegnastampa-totustuus.it\\\/cattolica\\\/quei-bimbi-positivi-alla-droga-cosi-i-casi-sono-raddoppiati\\\/\"]}]},{\"@type\":\"ImageObject\",\"inLanguage\":\"it-IT\",\"@id\":\"https:\\\/\\\/www.rassegnastampa-totustuus.it\\\/cattolica\\\/quei-bimbi-positivi-alla-droga-cosi-i-casi-sono-raddoppiati\\\/#primaryimage\",\"url\":\"https:\\\/\\\/www.rassegnastampa-totustuus.it\\\/cattolica\\\/wp-content\\\/uploads\\\/2020\\\/03\\\/droga_cannabis.png\",\"contentUrl\":\"https:\\\/\\\/www.rassegnastampa-totustuus.it\\\/cattolica\\\/wp-content\\\/uploads\\\/2020\\\/03\\\/droga_cannabis.png\",\"width\":1700,\"height\":650},{\"@type\":\"BreadcrumbList\",\"@id\":\"https:\\\/\\\/www.rassegnastampa-totustuus.it\\\/cattolica\\\/quei-bimbi-positivi-alla-droga-cosi-i-casi-sono-raddoppiati\\\/#breadcrumb\",\"itemListElement\":[{\"@type\":\"ListItem\",\"position\":1,\"name\":\"Home\",\"item\":\"https:\\\/\\\/www.rassegnastampa-totustuus.it\\\/cattolica\\\/\"},{\"@type\":\"ListItem\",\"position\":2,\"name\":\"Quei bimbi positivi alla droga: &#8220;Cos\u00ec i casi sono raddoppiati&#8221;\"}]},{\"@type\":\"WebSite\",\"@id\":\"https:\\\/\\\/www.rassegnastampa-totustuus.it\\\/cattolica\\\/#website\",\"url\":\"https:\\\/\\\/www.rassegnastampa-totustuus.it\\\/cattolica\\\/\",\"name\":\"Rassegna Stampa Cattolica\",\"description\":\"Per una cultura che nasce dalla Rivelazione cristiana in conformit\u00e0 alla tradizione e al Magistero della Chiesa in opposizione ad ogni relativismo e totalitarismo\",\"publisher\":{\"@id\":\"https:\\\/\\\/www.rassegnastampa-totustuus.it\\\/cattolica\\\/#organization\"},\"alternateName\":\"Rass. Cattolica\",\"potentialAction\":[{\"@type\":\"SearchAction\",\"target\":{\"@type\":\"EntryPoint\",\"urlTemplate\":\"https:\\\/\\\/www.rassegnastampa-totustuus.it\\\/cattolica\\\/?s={search_term_string}\"},\"query-input\":{\"@type\":\"PropertyValueSpecification\",\"valueRequired\":true,\"valueName\":\"search_term_string\"}}],\"inLanguage\":\"it-IT\"},{\"@type\":\"Organization\",\"@id\":\"https:\\\/\\\/www.rassegnastampa-totustuus.it\\\/cattolica\\\/#organization\",\"name\":\"Rassegna Stampa Cattolica\",\"url\":\"https:\\\/\\\/www.rassegnastampa-totustuus.it\\\/cattolica\\\/\",\"logo\":{\"@type\":\"ImageObject\",\"inLanguage\":\"it-IT\",\"@id\":\"https:\\\/\\\/www.rassegnastampa-totustuus.it\\\/cattolica\\\/#\\\/schema\\\/logo\\\/image\\\/\",\"url\":\"https:\\\/\\\/www.rassegnastampa-totustuus.it\\\/cattolica\\\/wp-content\\\/uploads\\\/2014\\\/04\\\/logo-rassegna1.gif\",\"contentUrl\":\"https:\\\/\\\/www.rassegnastampa-totustuus.it\\\/cattolica\\\/wp-content\\\/uploads\\\/2014\\\/04\\\/logo-rassegna1.gif\",\"width\":600,\"height\":163,\"caption\":\"Rassegna Stampa Cattolica\"},\"image\":{\"@id\":\"https:\\\/\\\/www.rassegnastampa-totustuus.it\\\/cattolica\\\/#\\\/schema\\\/logo\\\/image\\\/\"},\"sameAs\":[\"https:\\\/\\\/www.facebook.com\\\/rassegnastampacattolica\",\"https:\\\/\\\/x.com\\\/rassegnastampa9\"]},{\"@type\":\"Person\",\"@id\":\"https:\\\/\\\/www.rassegnastampa-totustuus.it\\\/cattolica\\\/#\\\/schema\\\/person\\\/08f319d2bd1a0904ad9e2bfb7b15e5c3\",\"name\":\"Redazione\",\"image\":{\"@type\":\"ImageObject\",\"inLanguage\":\"it-IT\",\"@id\":\"https:\\\/\\\/secure.gravatar.com\\\/avatar\\\/2fcdf27c78ea025fbdb44e914cc63c72249ffec9dc8aafd5c82b26240ef3f346?s=96&d=mm&r=g\",\"url\":\"https:\\\/\\\/secure.gravatar.com\\\/avatar\\\/2fcdf27c78ea025fbdb44e914cc63c72249ffec9dc8aafd5c82b26240ef3f346?s=96&d=mm&r=g\",\"contentUrl\":\"https:\\\/\\\/secure.gravatar.com\\\/avatar\\\/2fcdf27c78ea025fbdb44e914cc63c72249ffec9dc8aafd5c82b26240ef3f346?s=96&d=mm&r=g\",\"caption\":\"Redazione\"},\"url\":\"https:\\\/\\\/www.rassegnastampa-totustuus.it\\\/cattolica\\\/author\\\/pietroelle\\\/\"}]}<\/script>\n<!-- \/ Yoast SEO plugin. -->","yoast_head_json":{"title":"Quei bimbi positivi alla droga: \"Cos\u00ec i casi sono raddoppiati\" - Rassegna Stampa Cattolica","description":"Rassegna Stampa Cattolica - Per una cultura che nasce dalla Rivelazione cristiana in conformit\u00e0 alla tradizione e al Magistero della Chiesa in opposizione ad ogni relativismo e totalitarismo","robots":{"index":"index","follow":"follow","max-snippet":"max-snippet:-1","max-image-preview":"max-image-preview:large","max-video-preview":"max-video-preview:-1"},"canonical":"https:\/\/www.rassegnastampa-totustuus.it\/cattolica\/quei-bimbi-positivi-alla-droga-cosi-i-casi-sono-raddoppiati\/","og_locale":"it_IT","og_type":"article","og_title":"Quei bimbi positivi alla droga: \"Cos\u00ec i casi sono raddoppiati\" - Rassegna Stampa Cattolica","og_description":"Rassegna Stampa Cattolica - Per una cultura che nasce dalla Rivelazione cristiana in conformit\u00e0 alla tradizione e al Magistero della Chiesa in opposizione ad ogni relativismo e totalitarismo","og_url":"https:\/\/www.rassegnastampa-totustuus.it\/cattolica\/quei-bimbi-positivi-alla-droga-cosi-i-casi-sono-raddoppiati\/","og_site_name":"Rassegna Stampa Cattolica","article_publisher":"https:\/\/www.facebook.com\/rassegnastampacattolica","article_published_time":"2020-10-28T23:00:12+00:00","og_image":[{"width":1700,"height":650,"url":"https:\/\/www.rassegnastampa-totustuus.it\/cattolica\/wp-content\/uploads\/2020\/03\/droga_cannabis.png","type":"image\/png"}],"author":"Redazione","twitter_card":"summary_large_image","twitter_creator":"@rassegnastampa9","twitter_site":"@rassegnastampa9","twitter_misc":{"Scritto da":"Redazione","Tempo di lettura stimato":"6 minuti"},"schema":{"@context":"https:\/\/schema.org","@graph":[{"@type":"Article","@id":"https:\/\/www.rassegnastampa-totustuus.it\/cattolica\/quei-bimbi-positivi-alla-droga-cosi-i-casi-sono-raddoppiati\/#article","isPartOf":{"@id":"https:\/\/www.rassegnastampa-totustuus.it\/cattolica\/quei-bimbi-positivi-alla-droga-cosi-i-casi-sono-raddoppiati\/"},"author":{"name":"Redazione","@id":"https:\/\/www.rassegnastampa-totustuus.it\/cattolica\/#\/schema\/person\/08f319d2bd1a0904ad9e2bfb7b15e5c3"},"headline":"Quei bimbi positivi alla droga: &#8220;Cos\u00ec i casi sono raddoppiati&#8221;","datePublished":"2020-10-28T23:00:12+00:00","mainEntityOfPage":{"@id":"https:\/\/www.rassegnastampa-totustuus.it\/cattolica\/quei-bimbi-positivi-alla-droga-cosi-i-casi-sono-raddoppiati\/"},"wordCount":1300,"publisher":{"@id":"https:\/\/www.rassegnastampa-totustuus.it\/cattolica\/#organization"},"image":{"@id":"https:\/\/www.rassegnastampa-totustuus.it\/cattolica\/quei-bimbi-positivi-alla-droga-cosi-i-casi-sono-raddoppiati\/#primaryimage"},"thumbnailUrl":"https:\/\/www.rassegnastampa-totustuus.it\/cattolica\/wp-content\/uploads\/2020\/03\/droga_cannabis.png","keywords":["bambini","droga","marijuana"],"articleSection":["Droga"],"inLanguage":"it-IT"},{"@type":"WebPage","@id":"https:\/\/www.rassegnastampa-totustuus.it\/cattolica\/quei-bimbi-positivi-alla-droga-cosi-i-casi-sono-raddoppiati\/","url":"https:\/\/www.rassegnastampa-totustuus.it\/cattolica\/quei-bimbi-positivi-alla-droga-cosi-i-casi-sono-raddoppiati\/","name":"Quei bimbi positivi alla droga: \"Cos\u00ec i casi sono raddoppiati\" - Rassegna Stampa Cattolica","isPartOf":{"@id":"https:\/\/www.rassegnastampa-totustuus.it\/cattolica\/#website"},"primaryImageOfPage":{"@id":"https:\/\/www.rassegnastampa-totustuus.it\/cattolica\/quei-bimbi-positivi-alla-droga-cosi-i-casi-sono-raddoppiati\/#primaryimage"},"image":{"@id":"https:\/\/www.rassegnastampa-totustuus.it\/cattolica\/quei-bimbi-positivi-alla-droga-cosi-i-casi-sono-raddoppiati\/#primaryimage"},"thumbnailUrl":"https:\/\/www.rassegnastampa-totustuus.it\/cattolica\/wp-content\/uploads\/2020\/03\/droga_cannabis.png","datePublished":"2020-10-28T23:00:12+00:00","description":"Rassegna Stampa Cattolica - Per una cultura che nasce dalla Rivelazione cristiana in conformit\u00e0 alla tradizione e al Magistero della Chiesa in opposizione ad ogni relativismo e totalitarismo","breadcrumb":{"@id":"https:\/\/www.rassegnastampa-totustuus.it\/cattolica\/quei-bimbi-positivi-alla-droga-cosi-i-casi-sono-raddoppiati\/#breadcrumb"},"inLanguage":"it-IT","potentialAction":[{"@type":"ReadAction","target":["https:\/\/www.rassegnastampa-totustuus.it\/cattolica\/quei-bimbi-positivi-alla-droga-cosi-i-casi-sono-raddoppiati\/"]}]},{"@type":"ImageObject","inLanguage":"it-IT","@id":"https:\/\/www.rassegnastampa-totustuus.it\/cattolica\/quei-bimbi-positivi-alla-droga-cosi-i-casi-sono-raddoppiati\/#primaryimage","url":"https:\/\/www.rassegnastampa-totustuus.it\/cattolica\/wp-content\/uploads\/2020\/03\/droga_cannabis.png","contentUrl":"https:\/\/www.rassegnastampa-totustuus.it\/cattolica\/wp-content\/uploads\/2020\/03\/droga_cannabis.png","width":1700,"height":650},{"@type":"BreadcrumbList","@id":"https:\/\/www.rassegnastampa-totustuus.it\/cattolica\/quei-bimbi-positivi-alla-droga-cosi-i-casi-sono-raddoppiati\/#breadcrumb","itemListElement":[{"@type":"ListItem","position":1,"name":"Home","item":"https:\/\/www.rassegnastampa-totustuus.it\/cattolica\/"},{"@type":"ListItem","position":2,"name":"Quei bimbi positivi alla droga: &#8220;Cos\u00ec i casi sono raddoppiati&#8221;"}]},{"@type":"WebSite","@id":"https:\/\/www.rassegnastampa-totustuus.it\/cattolica\/#website","url":"https:\/\/www.rassegnastampa-totustuus.it\/cattolica\/","name":"Rassegna Stampa Cattolica","description":"Per una cultura che nasce dalla Rivelazione cristiana in conformit\u00e0 alla tradizione e al Magistero della Chiesa in opposizione ad ogni relativismo e totalitarismo","publisher":{"@id":"https:\/\/www.rassegnastampa-totustuus.it\/cattolica\/#organization"},"alternateName":"Rass. Cattolica","potentialAction":[{"@type":"SearchAction","target":{"@type":"EntryPoint","urlTemplate":"https:\/\/www.rassegnastampa-totustuus.it\/cattolica\/?s={search_term_string}"},"query-input":{"@type":"PropertyValueSpecification","valueRequired":true,"valueName":"search_term_string"}}],"inLanguage":"it-IT"},{"@type":"Organization","@id":"https:\/\/www.rassegnastampa-totustuus.it\/cattolica\/#organization","name":"Rassegna Stampa Cattolica","url":"https:\/\/www.rassegnastampa-totustuus.it\/cattolica\/","logo":{"@type":"ImageObject","inLanguage":"it-IT","@id":"https:\/\/www.rassegnastampa-totustuus.it\/cattolica\/#\/schema\/logo\/image\/","url":"https:\/\/www.rassegnastampa-totustuus.it\/cattolica\/wp-content\/uploads\/2014\/04\/logo-rassegna1.gif","contentUrl":"https:\/\/www.rassegnastampa-totustuus.it\/cattolica\/wp-content\/uploads\/2014\/04\/logo-rassegna1.gif","width":600,"height":163,"caption":"Rassegna Stampa Cattolica"},"image":{"@id":"https:\/\/www.rassegnastampa-totustuus.it\/cattolica\/#\/schema\/logo\/image\/"},"sameAs":["https:\/\/www.facebook.com\/rassegnastampacattolica","https:\/\/x.com\/rassegnastampa9"]},{"@type":"Person","@id":"https:\/\/www.rassegnastampa-totustuus.it\/cattolica\/#\/schema\/person\/08f319d2bd1a0904ad9e2bfb7b15e5c3","name":"Redazione","image":{"@type":"ImageObject","inLanguage":"it-IT","@id":"https:\/\/secure.gravatar.com\/avatar\/2fcdf27c78ea025fbdb44e914cc63c72249ffec9dc8aafd5c82b26240ef3f346?s=96&d=mm&r=g","url":"https:\/\/secure.gravatar.com\/avatar\/2fcdf27c78ea025fbdb44e914cc63c72249ffec9dc8aafd5c82b26240ef3f346?s=96&d=mm&r=g","contentUrl":"https:\/\/secure.gravatar.com\/avatar\/2fcdf27c78ea025fbdb44e914cc63c72249ffec9dc8aafd5c82b26240ef3f346?s=96&d=mm&r=g","caption":"Redazione"},"url":"https:\/\/www.rassegnastampa-totustuus.it\/cattolica\/author\/pietroelle\/"}]}},"_links":{"self":[{"href":"https:\/\/www.rassegnastampa-totustuus.it\/cattolica\/wp-json\/wp\/v2\/posts\/48912","targetHints":{"allow":["GET"]}}],"collection":[{"href":"https:\/\/www.rassegnastampa-totustuus.it\/cattolica\/wp-json\/wp\/v2\/posts"}],"about":[{"href":"https:\/\/www.rassegnastampa-totustuus.it\/cattolica\/wp-json\/wp\/v2\/types\/post"}],"author":[{"embeddable":true,"href":"https:\/\/www.rassegnastampa-totustuus.it\/cattolica\/wp-json\/wp\/v2\/users\/6"}],"replies":[{"embeddable":true,"href":"https:\/\/www.rassegnastampa-totustuus.it\/cattolica\/wp-json\/wp\/v2\/comments?post=48912"}],"version-history":[{"count":1,"href":"https:\/\/www.rassegnastampa-totustuus.it\/cattolica\/wp-json\/wp\/v2\/posts\/48912\/revisions"}],"predecessor-version":[{"id":48918,"href":"https:\/\/www.rassegnastampa-totustuus.it\/cattolica\/wp-json\/wp\/v2\/posts\/48912\/revisions\/48918"}],"wp:featuredmedia":[{"embeddable":true,"href":"https:\/\/www.rassegnastampa-totustuus.it\/cattolica\/wp-json\/wp\/v2\/media\/46780"}],"wp:attachment":[{"href":"https:\/\/www.rassegnastampa-totustuus.it\/cattolica\/wp-json\/wp\/v2\/media?parent=48912"}],"wp:term":[{"taxonomy":"category","embeddable":true,"href":"https:\/\/www.rassegnastampa-totustuus.it\/cattolica\/wp-json\/wp\/v2\/categories?post=48912"},{"taxonomy":"post_tag","embeddable":true,"href":"https:\/\/www.rassegnastampa-totustuus.it\/cattolica\/wp-json\/wp\/v2\/tags?post=48912"}],"curies":[{"name":"wp","href":"https:\/\/api.w.org\/{rel}","templated":true}]}}