{"id":48889,"date":"2020-10-29T00:00:10","date_gmt":"2020-10-28T23:00:10","guid":{"rendered":"http:\/\/www.rassegnastampa-totustuus.it\/cattolica\/?p=48889"},"modified":"2020-10-23T12:58:36","modified_gmt":"2020-10-23T10:58:36","slug":"lo-sai-che-gesu-stesso-istrui-gli-apostoli-sulla-liturgia-ecco-perche-luomo-non-puo-creare-messe-per-i-suoi-gusti","status":"publish","type":"post","link":"https:\/\/www.rassegnastampa-totustuus.it\/cattolica\/lo-sai-che-gesu-stesso-istrui-gli-apostoli-sulla-liturgia-ecco-perche-luomo-non-puo-creare-messe-per-i-suoi-gusti\/","title":{"rendered":"Lo sai che Ges\u00f9 stesso istru\u00ec gli apostoli sulla liturgia? Ecco perch\u00e9 l\u2019uomo non pu\u00f2 creare Messe per i suoi gusti"},"content":{"rendered":"<p style=\"text-align: center;\"><span style=\"color: #0000ff;\"><strong><a style=\"color: #0000ff;\" href=\"http:\/\/itresentieri.it\/\" target=\"_blank\" rel=\"noopener noreferrer\">Il Cammino dei Tre Sentieri<\/a><\/strong><\/span> <span style=\"color: #000000;\">16 Ottobre 2020 <strong>\u00a0<\/strong><\/span><\/p>\n<p style=\"text-align: center;\"><span style=\"color: #000000;\">di <strong>Corrado Gnerre<\/strong> <\/span><\/p>\n<p><a href=\"https:\/\/www.rassegnastampa-totustuus.it\/cattolica\/wp-content\/uploads\/2019\/09\/messa_consacrazione_chiesa.jpg\"><img loading=\"lazy\" decoding=\"async\" class=\"size-medium wp-image-44215 aligncenter\" src=\"https:\/\/www.rassegnastampa-totustuus.it\/cattolica\/wp-content\/uploads\/2019\/09\/messa_consacrazione_chiesa-300x226.jpg\" alt=\"\" width=\"300\" height=\"226\" srcset=\"https:\/\/www.rassegnastampa-totustuus.it\/cattolica\/wp-content\/uploads\/2019\/09\/messa_consacrazione_chiesa-300x226.jpg 300w, https:\/\/www.rassegnastampa-totustuus.it\/cattolica\/wp-content\/uploads\/2019\/09\/messa_consacrazione_chiesa.jpg 400w\" sizes=\"auto, (max-width: 300px) 100vw, 300px\" \/><\/a><\/p>\n<p style=\"text-align: justify;\"><span style=\"color: #000000;\">La liturgia non deve esprimere il modo in cui il fedele desidera pregare Dio, bens\u00ec il modo che Dio ha in un certo qual modo scelto perch\u00e9 l\u2019uomo possa pregarlo, adorarlo e ringraziarlo.<\/span><\/p>\n<p><!--more--><\/p>\n<p style=\"text-align: justify;\"><span style=\"color: #000000;\">D\u2019altronde se la Messa \u00e8 principalmente ed essenzialmente la ri-attualizzazione del Sacrificio di Cristo sulla Croce, allora \u00e8 tenuta a riprodurre questo, non pu\u00f2 inventare qualcos\u2019altro; non pu\u00f2 essere soggetta alla creativit\u00e0 del celebrante o del fedele, cio\u00e8 dell\u2019uomo. <\/span><\/p>\n<p style=\"text-align: justify;\"><span style=\"color: #000000;\">La Chiesa parla di <em>ius divinum<\/em>, cio\u00e8 del diritto di Dio di essere adorato come Egli ha stabilito. Insomma, la liturgia \u00e8 l\u2019adempimento da parte del fedele di un suo dovere nei confronti di Dio, che il fedele stesso deve esprimere conformamente agli stessi insegnamenti divini.<\/span><\/p>\n<p><a href=\"https:\/\/www.rassegnastampa-totustuus.it\/cattolica\/wp-content\/uploads\/2009\/04\/messa_latino-1.jpg\"><img loading=\"lazy\" decoding=\"async\" class=\"size-full wp-image-32897 aligncenter\" src=\"https:\/\/www.rassegnastampa-totustuus.it\/cattolica\/wp-content\/uploads\/2009\/04\/messa_latino-1.jpg\" alt=\"\" width=\"136\" height=\"198\" \/><\/a><\/p>\n<p style=\"text-align: justify;\"><span style=\"color: #000000;\">C<\/span><span style=\"color: #000000;\">i sono testimonianze che attestano che le prime comunit\u00e0 cristiane erano convinte di quanto la liturgia fosse opera di Dio e che si dovesse accuratamente rispettare ci\u00f2 che Cristo stesso aveva detto agli Apostoli. <\/span><\/p>\n<p style=\"text-align: justify;\"><span style=\"color: #000000;\">Sant\u2019Eusebio di Cesarea racconta che sant\u2019Elena (la madre di Costantino) fece erigere una chiesa sul Monte degli Olivi nei pressi di una caverna dove si credeva che il Signore avesse istruito gli Apostoli sul modo come celebrare i Misteri.<\/span><\/p>\n<p><a href=\"https:\/\/www.rassegnastampa-totustuus.it\/cattolica\/wp-content\/uploads\/2009\/04\/S-Messa.jpg\"><img loading=\"lazy\" decoding=\"async\" class=\"size-full wp-image-18911 aligncenter\" src=\"https:\/\/www.rassegnastampa-totustuus.it\/cattolica\/wp-content\/uploads\/2009\/04\/S-Messa.jpg\" alt=\"\" width=\"194\" height=\"260\" \/><\/a><\/p>\n<p style=\"text-align: justify;\"><span style=\"color: #000000;\">Papa Sisto V parla esplicitamente del fatto che il Signore Ges\u00f9 nei quaranta giorni che separarono l\u2019Ascensione dalla Resurrezione abbia istruito gli Apostoli sulla liturgia. Nella sua bolla <em>Immensa, <\/em>scrive cos\u00ec: <em>\u201cQuella norma di credere e di pregare che Cristo ha insegnato ai suoi discepoli durante uno spazio di quaranta giorni, non c\u2019\u00e8 nessuno dei cattolici che ignori che Egli l\u2019ha affidata per loro tramite alla sua Chiesa perch\u00e9 fosse custodita e sviluppata.\u201d<\/em> <\/span><\/p>\n<p style=\"text-align: center;\"><span style=\"color: #000000;\"><strong><em>Dio \u00e8 Verit\u00e0, Bont\u00e0 e Bellezza<\/em><\/strong> <\/span><\/p>\n<p style=\"text-align: center;\"><span style=\"color: #000000;\"><strong><em>Il Cammino dei Tre Sentieri<\/em><\/strong><\/span><\/p>\n","protected":false},"excerpt":{"rendered":"<p>Il Cammino dei Tre Sentieri 16 Ottobre 2020 \u00a0 di Corrado Gnerre La liturgia non deve esprimere il modo in cui il fedele desidera pregare Dio, bens\u00ec il modo che Dio ha in un certo qual modo scelto perch\u00e9 l\u2019uomo possa pregarlo, adorarlo e ringraziarlo.<\/p><p><a class=\"more-link btn\" href=\"https:\/\/www.rassegnastampa-totustuus.it\/cattolica\/lo-sai-che-gesu-stesso-istrui-gli-apostoli-sulla-liturgia-ecco-perche-luomo-non-puo-creare-messe-per-i-suoi-gusti\/\">Continua a leggere<\/a><\/p>\n","protected":false},"author":6,"featured_media":48890,"comment_status":"closed","ping_status":"closed","sticky":false,"template":"","format":"standard","meta":{"footnotes":""},"categories":[5,115],"tags":[157,328,1094],"class_list":["post-48889","post","type-post","status-publish","format-standard","has-post-thumbnail","hentry","category-chiesa","category-liturgia","tag-chiesa-2","tag-liturgia-2","tag-s-messa","item-wrap"],"yoast_head":"<!-- This site is optimized with the Yoast SEO plugin v27.5 - https:\/\/yoast.com\/product\/yoast-seo-wordpress\/ -->\n<title>Lo sai che Ges\u00f9 stesso istru\u00ec gli apostoli sulla liturgia? Ecco perch\u00e9 l\u2019uomo non pu\u00f2 creare Messe per i suoi gusti - Rassegna Stampa Cattolica<\/title>\n<meta name=\"description\" content=\"Rassegna Stampa Cattolica - Per una cultura che nasce dalla Rivelazione cristiana in conformit\u00e0 alla tradizione e al Magistero della Chiesa in opposizione ad ogni relativismo e totalitarismo\" \/>\n<meta name=\"robots\" content=\"index, follow, max-snippet:-1, max-image-preview:large, max-video-preview:-1\" \/>\n<link rel=\"canonical\" href=\"https:\/\/www.rassegnastampa-totustuus.it\/cattolica\/lo-sai-che-gesu-stesso-istrui-gli-apostoli-sulla-liturgia-ecco-perche-luomo-non-puo-creare-messe-per-i-suoi-gusti\/\" \/>\n<meta property=\"og:locale\" content=\"it_IT\" \/>\n<meta property=\"og:type\" content=\"article\" \/>\n<meta property=\"og:title\" content=\"Lo sai che Ges\u00f9 stesso istru\u00ec gli apostoli sulla liturgia? Ecco perch\u00e9 l\u2019uomo non pu\u00f2 creare Messe per i suoi gusti - Rassegna Stampa Cattolica\" \/>\n<meta property=\"og:description\" content=\"Rassegna Stampa Cattolica - Per una cultura che nasce dalla Rivelazione cristiana in conformit\u00e0 alla tradizione e al Magistero della Chiesa in opposizione ad ogni relativismo e totalitarismo\" \/>\n<meta property=\"og:url\" content=\"https:\/\/www.rassegnastampa-totustuus.it\/cattolica\/lo-sai-che-gesu-stesso-istrui-gli-apostoli-sulla-liturgia-ecco-perche-luomo-non-puo-creare-messe-per-i-suoi-gusti\/\" \/>\n<meta property=\"og:site_name\" content=\"Rassegna Stampa Cattolica\" \/>\n<meta property=\"article:publisher\" content=\"https:\/\/www.facebook.com\/rassegnastampacattolica\" \/>\n<meta property=\"article:published_time\" content=\"2020-10-28T23:00:10+00:00\" \/>\n<meta property=\"og:image\" content=\"https:\/\/www.rassegnastampa-totustuus.it\/cattolica\/wp-content\/uploads\/2020\/10\/Messa_Chiesa.jpg\" \/>\n\t<meta property=\"og:image:width\" content=\"1296\" \/>\n\t<meta property=\"og:image:height\" content=\"972\" \/>\n\t<meta property=\"og:image:type\" content=\"image\/jpeg\" \/>\n<meta name=\"author\" content=\"Redazione\" \/>\n<meta name=\"twitter:card\" content=\"summary_large_image\" \/>\n<meta name=\"twitter:creator\" content=\"@rassegnastampa9\" \/>\n<meta name=\"twitter:site\" content=\"@rassegnastampa9\" \/>\n<meta name=\"twitter:label1\" content=\"Scritto da\" \/>\n\t<meta name=\"twitter:data1\" content=\"Redazione\" \/>\n\t<meta name=\"twitter:label2\" content=\"Tempo di lettura stimato\" \/>\n\t<meta name=\"twitter:data2\" content=\"1 minuto\" \/>\n<script type=\"application\/ld+json\" class=\"yoast-schema-graph\">{\"@context\":\"https:\\\/\\\/schema.org\",\"@graph\":[{\"@type\":\"Article\",\"@id\":\"https:\\\/\\\/www.rassegnastampa-totustuus.it\\\/cattolica\\\/lo-sai-che-gesu-stesso-istrui-gli-apostoli-sulla-liturgia-ecco-perche-luomo-non-puo-creare-messe-per-i-suoi-gusti\\\/#article\",\"isPartOf\":{\"@id\":\"https:\\\/\\\/www.rassegnastampa-totustuus.it\\\/cattolica\\\/lo-sai-che-gesu-stesso-istrui-gli-apostoli-sulla-liturgia-ecco-perche-luomo-non-puo-creare-messe-per-i-suoi-gusti\\\/\"},\"author\":{\"name\":\"Redazione\",\"@id\":\"https:\\\/\\\/www.rassegnastampa-totustuus.it\\\/cattolica\\\/#\\\/schema\\\/person\\\/08f319d2bd1a0904ad9e2bfb7b15e5c3\"},\"headline\":\"Lo sai che Ges\u00f9 stesso istru\u00ec gli apostoli sulla liturgia? Ecco perch\u00e9 l\u2019uomo non pu\u00f2 creare Messe per i suoi gusti\",\"datePublished\":\"2020-10-28T23:00:10+00:00\",\"mainEntityOfPage\":{\"@id\":\"https:\\\/\\\/www.rassegnastampa-totustuus.it\\\/cattolica\\\/lo-sai-che-gesu-stesso-istrui-gli-apostoli-sulla-liturgia-ecco-perche-luomo-non-puo-creare-messe-per-i-suoi-gusti\\\/\"},\"wordCount\":312,\"publisher\":{\"@id\":\"https:\\\/\\\/www.rassegnastampa-totustuus.it\\\/cattolica\\\/#organization\"},\"image\":{\"@id\":\"https:\\\/\\\/www.rassegnastampa-totustuus.it\\\/cattolica\\\/lo-sai-che-gesu-stesso-istrui-gli-apostoli-sulla-liturgia-ecco-perche-luomo-non-puo-creare-messe-per-i-suoi-gusti\\\/#primaryimage\"},\"thumbnailUrl\":\"https:\\\/\\\/www.rassegnastampa-totustuus.it\\\/cattolica\\\/wp-content\\\/uploads\\\/2020\\\/10\\\/Messa_Chiesa.jpg\",\"keywords\":[\"chiesa\",\"liturgia\",\"S Messa\"],\"articleSection\":[\"Chiesa\",\"Liturgia\"],\"inLanguage\":\"it-IT\"},{\"@type\":\"WebPage\",\"@id\":\"https:\\\/\\\/www.rassegnastampa-totustuus.it\\\/cattolica\\\/lo-sai-che-gesu-stesso-istrui-gli-apostoli-sulla-liturgia-ecco-perche-luomo-non-puo-creare-messe-per-i-suoi-gusti\\\/\",\"url\":\"https:\\\/\\\/www.rassegnastampa-totustuus.it\\\/cattolica\\\/lo-sai-che-gesu-stesso-istrui-gli-apostoli-sulla-liturgia-ecco-perche-luomo-non-puo-creare-messe-per-i-suoi-gusti\\\/\",\"name\":\"Lo sai che Ges\u00f9 stesso istru\u00ec gli apostoli sulla liturgia? Ecco perch\u00e9 l\u2019uomo non pu\u00f2 creare Messe per i suoi gusti - Rassegna Stampa Cattolica\",\"isPartOf\":{\"@id\":\"https:\\\/\\\/www.rassegnastampa-totustuus.it\\\/cattolica\\\/#website\"},\"primaryImageOfPage\":{\"@id\":\"https:\\\/\\\/www.rassegnastampa-totustuus.it\\\/cattolica\\\/lo-sai-che-gesu-stesso-istrui-gli-apostoli-sulla-liturgia-ecco-perche-luomo-non-puo-creare-messe-per-i-suoi-gusti\\\/#primaryimage\"},\"image\":{\"@id\":\"https:\\\/\\\/www.rassegnastampa-totustuus.it\\\/cattolica\\\/lo-sai-che-gesu-stesso-istrui-gli-apostoli-sulla-liturgia-ecco-perche-luomo-non-puo-creare-messe-per-i-suoi-gusti\\\/#primaryimage\"},\"thumbnailUrl\":\"https:\\\/\\\/www.rassegnastampa-totustuus.it\\\/cattolica\\\/wp-content\\\/uploads\\\/2020\\\/10\\\/Messa_Chiesa.jpg\",\"datePublished\":\"2020-10-28T23:00:10+00:00\",\"description\":\"Rassegna Stampa Cattolica - Per una cultura che nasce dalla Rivelazione cristiana in conformit\u00e0 alla tradizione e al Magistero della Chiesa in opposizione ad ogni relativismo e totalitarismo\",\"breadcrumb\":{\"@id\":\"https:\\\/\\\/www.rassegnastampa-totustuus.it\\\/cattolica\\\/lo-sai-che-gesu-stesso-istrui-gli-apostoli-sulla-liturgia-ecco-perche-luomo-non-puo-creare-messe-per-i-suoi-gusti\\\/#breadcrumb\"},\"inLanguage\":\"it-IT\",\"potentialAction\":[{\"@type\":\"ReadAction\",\"target\":[\"https:\\\/\\\/www.rassegnastampa-totustuus.it\\\/cattolica\\\/lo-sai-che-gesu-stesso-istrui-gli-apostoli-sulla-liturgia-ecco-perche-luomo-non-puo-creare-messe-per-i-suoi-gusti\\\/\"]}]},{\"@type\":\"ImageObject\",\"inLanguage\":\"it-IT\",\"@id\":\"https:\\\/\\\/www.rassegnastampa-totustuus.it\\\/cattolica\\\/lo-sai-che-gesu-stesso-istrui-gli-apostoli-sulla-liturgia-ecco-perche-luomo-non-puo-creare-messe-per-i-suoi-gusti\\\/#primaryimage\",\"url\":\"https:\\\/\\\/www.rassegnastampa-totustuus.it\\\/cattolica\\\/wp-content\\\/uploads\\\/2020\\\/10\\\/Messa_Chiesa.jpg\",\"contentUrl\":\"https:\\\/\\\/www.rassegnastampa-totustuus.it\\\/cattolica\\\/wp-content\\\/uploads\\\/2020\\\/10\\\/Messa_Chiesa.jpg\",\"width\":1296,\"height\":972},{\"@type\":\"BreadcrumbList\",\"@id\":\"https:\\\/\\\/www.rassegnastampa-totustuus.it\\\/cattolica\\\/lo-sai-che-gesu-stesso-istrui-gli-apostoli-sulla-liturgia-ecco-perche-luomo-non-puo-creare-messe-per-i-suoi-gusti\\\/#breadcrumb\",\"itemListElement\":[{\"@type\":\"ListItem\",\"position\":1,\"name\":\"Home\",\"item\":\"https:\\\/\\\/www.rassegnastampa-totustuus.it\\\/cattolica\\\/\"},{\"@type\":\"ListItem\",\"position\":2,\"name\":\"Lo sai che Ges\u00f9 stesso istru\u00ec gli apostoli sulla liturgia? Ecco perch\u00e9 l\u2019uomo non pu\u00f2 creare Messe per i suoi gusti\"}]},{\"@type\":\"WebSite\",\"@id\":\"https:\\\/\\\/www.rassegnastampa-totustuus.it\\\/cattolica\\\/#website\",\"url\":\"https:\\\/\\\/www.rassegnastampa-totustuus.it\\\/cattolica\\\/\",\"name\":\"Rassegna Stampa Cattolica\",\"description\":\"Per una cultura che nasce dalla Rivelazione cristiana in conformit\u00e0 alla tradizione e al Magistero della Chiesa in opposizione ad ogni relativismo e totalitarismo\",\"publisher\":{\"@id\":\"https:\\\/\\\/www.rassegnastampa-totustuus.it\\\/cattolica\\\/#organization\"},\"alternateName\":\"Rass. Cattolica\",\"potentialAction\":[{\"@type\":\"SearchAction\",\"target\":{\"@type\":\"EntryPoint\",\"urlTemplate\":\"https:\\\/\\\/www.rassegnastampa-totustuus.it\\\/cattolica\\\/?s={search_term_string}\"},\"query-input\":{\"@type\":\"PropertyValueSpecification\",\"valueRequired\":true,\"valueName\":\"search_term_string\"}}],\"inLanguage\":\"it-IT\"},{\"@type\":\"Organization\",\"@id\":\"https:\\\/\\\/www.rassegnastampa-totustuus.it\\\/cattolica\\\/#organization\",\"name\":\"Rassegna Stampa Cattolica\",\"url\":\"https:\\\/\\\/www.rassegnastampa-totustuus.it\\\/cattolica\\\/\",\"logo\":{\"@type\":\"ImageObject\",\"inLanguage\":\"it-IT\",\"@id\":\"https:\\\/\\\/www.rassegnastampa-totustuus.it\\\/cattolica\\\/#\\\/schema\\\/logo\\\/image\\\/\",\"url\":\"https:\\\/\\\/www.rassegnastampa-totustuus.it\\\/cattolica\\\/wp-content\\\/uploads\\\/2014\\\/04\\\/logo-rassegna1.gif\",\"contentUrl\":\"https:\\\/\\\/www.rassegnastampa-totustuus.it\\\/cattolica\\\/wp-content\\\/uploads\\\/2014\\\/04\\\/logo-rassegna1.gif\",\"width\":600,\"height\":163,\"caption\":\"Rassegna Stampa Cattolica\"},\"image\":{\"@id\":\"https:\\\/\\\/www.rassegnastampa-totustuus.it\\\/cattolica\\\/#\\\/schema\\\/logo\\\/image\\\/\"},\"sameAs\":[\"https:\\\/\\\/www.facebook.com\\\/rassegnastampacattolica\",\"https:\\\/\\\/x.com\\\/rassegnastampa9\"]},{\"@type\":\"Person\",\"@id\":\"https:\\\/\\\/www.rassegnastampa-totustuus.it\\\/cattolica\\\/#\\\/schema\\\/person\\\/08f319d2bd1a0904ad9e2bfb7b15e5c3\",\"name\":\"Redazione\",\"image\":{\"@type\":\"ImageObject\",\"inLanguage\":\"it-IT\",\"@id\":\"https:\\\/\\\/secure.gravatar.com\\\/avatar\\\/2fcdf27c78ea025fbdb44e914cc63c72249ffec9dc8aafd5c82b26240ef3f346?s=96&d=mm&r=g\",\"url\":\"https:\\\/\\\/secure.gravatar.com\\\/avatar\\\/2fcdf27c78ea025fbdb44e914cc63c72249ffec9dc8aafd5c82b26240ef3f346?s=96&d=mm&r=g\",\"contentUrl\":\"https:\\\/\\\/secure.gravatar.com\\\/avatar\\\/2fcdf27c78ea025fbdb44e914cc63c72249ffec9dc8aafd5c82b26240ef3f346?s=96&d=mm&r=g\",\"caption\":\"Redazione\"},\"url\":\"https:\\\/\\\/www.rassegnastampa-totustuus.it\\\/cattolica\\\/author\\\/pietroelle\\\/\"}]}<\/script>\n<!-- \/ Yoast SEO plugin. -->","yoast_head_json":{"title":"Lo sai che Ges\u00f9 stesso istru\u00ec gli apostoli sulla liturgia? Ecco perch\u00e9 l\u2019uomo non pu\u00f2 creare Messe per i suoi gusti - Rassegna Stampa Cattolica","description":"Rassegna Stampa Cattolica - Per una cultura che nasce dalla Rivelazione cristiana in conformit\u00e0 alla tradizione e al Magistero della Chiesa in opposizione ad ogni relativismo e totalitarismo","robots":{"index":"index","follow":"follow","max-snippet":"max-snippet:-1","max-image-preview":"max-image-preview:large","max-video-preview":"max-video-preview:-1"},"canonical":"https:\/\/www.rassegnastampa-totustuus.it\/cattolica\/lo-sai-che-gesu-stesso-istrui-gli-apostoli-sulla-liturgia-ecco-perche-luomo-non-puo-creare-messe-per-i-suoi-gusti\/","og_locale":"it_IT","og_type":"article","og_title":"Lo sai che Ges\u00f9 stesso istru\u00ec gli apostoli sulla liturgia? Ecco perch\u00e9 l\u2019uomo non pu\u00f2 creare Messe per i suoi gusti - Rassegna Stampa Cattolica","og_description":"Rassegna Stampa Cattolica - Per una cultura che nasce dalla Rivelazione cristiana in conformit\u00e0 alla tradizione e al Magistero della Chiesa in opposizione ad ogni relativismo e totalitarismo","og_url":"https:\/\/www.rassegnastampa-totustuus.it\/cattolica\/lo-sai-che-gesu-stesso-istrui-gli-apostoli-sulla-liturgia-ecco-perche-luomo-non-puo-creare-messe-per-i-suoi-gusti\/","og_site_name":"Rassegna Stampa Cattolica","article_publisher":"https:\/\/www.facebook.com\/rassegnastampacattolica","article_published_time":"2020-10-28T23:00:10+00:00","og_image":[{"width":1296,"height":972,"url":"https:\/\/www.rassegnastampa-totustuus.it\/cattolica\/wp-content\/uploads\/2020\/10\/Messa_Chiesa.jpg","type":"image\/jpeg"}],"author":"Redazione","twitter_card":"summary_large_image","twitter_creator":"@rassegnastampa9","twitter_site":"@rassegnastampa9","twitter_misc":{"Scritto da":"Redazione","Tempo di lettura stimato":"1 minuto"},"schema":{"@context":"https:\/\/schema.org","@graph":[{"@type":"Article","@id":"https:\/\/www.rassegnastampa-totustuus.it\/cattolica\/lo-sai-che-gesu-stesso-istrui-gli-apostoli-sulla-liturgia-ecco-perche-luomo-non-puo-creare-messe-per-i-suoi-gusti\/#article","isPartOf":{"@id":"https:\/\/www.rassegnastampa-totustuus.it\/cattolica\/lo-sai-che-gesu-stesso-istrui-gli-apostoli-sulla-liturgia-ecco-perche-luomo-non-puo-creare-messe-per-i-suoi-gusti\/"},"author":{"name":"Redazione","@id":"https:\/\/www.rassegnastampa-totustuus.it\/cattolica\/#\/schema\/person\/08f319d2bd1a0904ad9e2bfb7b15e5c3"},"headline":"Lo sai che Ges\u00f9 stesso istru\u00ec gli apostoli sulla liturgia? Ecco perch\u00e9 l\u2019uomo non pu\u00f2 creare Messe per i suoi gusti","datePublished":"2020-10-28T23:00:10+00:00","mainEntityOfPage":{"@id":"https:\/\/www.rassegnastampa-totustuus.it\/cattolica\/lo-sai-che-gesu-stesso-istrui-gli-apostoli-sulla-liturgia-ecco-perche-luomo-non-puo-creare-messe-per-i-suoi-gusti\/"},"wordCount":312,"publisher":{"@id":"https:\/\/www.rassegnastampa-totustuus.it\/cattolica\/#organization"},"image":{"@id":"https:\/\/www.rassegnastampa-totustuus.it\/cattolica\/lo-sai-che-gesu-stesso-istrui-gli-apostoli-sulla-liturgia-ecco-perche-luomo-non-puo-creare-messe-per-i-suoi-gusti\/#primaryimage"},"thumbnailUrl":"https:\/\/www.rassegnastampa-totustuus.it\/cattolica\/wp-content\/uploads\/2020\/10\/Messa_Chiesa.jpg","keywords":["chiesa","liturgia","S Messa"],"articleSection":["Chiesa","Liturgia"],"inLanguage":"it-IT"},{"@type":"WebPage","@id":"https:\/\/www.rassegnastampa-totustuus.it\/cattolica\/lo-sai-che-gesu-stesso-istrui-gli-apostoli-sulla-liturgia-ecco-perche-luomo-non-puo-creare-messe-per-i-suoi-gusti\/","url":"https:\/\/www.rassegnastampa-totustuus.it\/cattolica\/lo-sai-che-gesu-stesso-istrui-gli-apostoli-sulla-liturgia-ecco-perche-luomo-non-puo-creare-messe-per-i-suoi-gusti\/","name":"Lo sai che Ges\u00f9 stesso istru\u00ec gli apostoli sulla liturgia? Ecco perch\u00e9 l\u2019uomo non pu\u00f2 creare Messe per i suoi gusti - Rassegna Stampa Cattolica","isPartOf":{"@id":"https:\/\/www.rassegnastampa-totustuus.it\/cattolica\/#website"},"primaryImageOfPage":{"@id":"https:\/\/www.rassegnastampa-totustuus.it\/cattolica\/lo-sai-che-gesu-stesso-istrui-gli-apostoli-sulla-liturgia-ecco-perche-luomo-non-puo-creare-messe-per-i-suoi-gusti\/#primaryimage"},"image":{"@id":"https:\/\/www.rassegnastampa-totustuus.it\/cattolica\/lo-sai-che-gesu-stesso-istrui-gli-apostoli-sulla-liturgia-ecco-perche-luomo-non-puo-creare-messe-per-i-suoi-gusti\/#primaryimage"},"thumbnailUrl":"https:\/\/www.rassegnastampa-totustuus.it\/cattolica\/wp-content\/uploads\/2020\/10\/Messa_Chiesa.jpg","datePublished":"2020-10-28T23:00:10+00:00","description":"Rassegna Stampa Cattolica - Per una cultura che nasce dalla Rivelazione cristiana in conformit\u00e0 alla tradizione e al Magistero della Chiesa in opposizione ad ogni relativismo e totalitarismo","breadcrumb":{"@id":"https:\/\/www.rassegnastampa-totustuus.it\/cattolica\/lo-sai-che-gesu-stesso-istrui-gli-apostoli-sulla-liturgia-ecco-perche-luomo-non-puo-creare-messe-per-i-suoi-gusti\/#breadcrumb"},"inLanguage":"it-IT","potentialAction":[{"@type":"ReadAction","target":["https:\/\/www.rassegnastampa-totustuus.it\/cattolica\/lo-sai-che-gesu-stesso-istrui-gli-apostoli-sulla-liturgia-ecco-perche-luomo-non-puo-creare-messe-per-i-suoi-gusti\/"]}]},{"@type":"ImageObject","inLanguage":"it-IT","@id":"https:\/\/www.rassegnastampa-totustuus.it\/cattolica\/lo-sai-che-gesu-stesso-istrui-gli-apostoli-sulla-liturgia-ecco-perche-luomo-non-puo-creare-messe-per-i-suoi-gusti\/#primaryimage","url":"https:\/\/www.rassegnastampa-totustuus.it\/cattolica\/wp-content\/uploads\/2020\/10\/Messa_Chiesa.jpg","contentUrl":"https:\/\/www.rassegnastampa-totustuus.it\/cattolica\/wp-content\/uploads\/2020\/10\/Messa_Chiesa.jpg","width":1296,"height":972},{"@type":"BreadcrumbList","@id":"https:\/\/www.rassegnastampa-totustuus.it\/cattolica\/lo-sai-che-gesu-stesso-istrui-gli-apostoli-sulla-liturgia-ecco-perche-luomo-non-puo-creare-messe-per-i-suoi-gusti\/#breadcrumb","itemListElement":[{"@type":"ListItem","position":1,"name":"Home","item":"https:\/\/www.rassegnastampa-totustuus.it\/cattolica\/"},{"@type":"ListItem","position":2,"name":"Lo sai che Ges\u00f9 stesso istru\u00ec gli apostoli sulla liturgia? Ecco perch\u00e9 l\u2019uomo non pu\u00f2 creare Messe per i suoi gusti"}]},{"@type":"WebSite","@id":"https:\/\/www.rassegnastampa-totustuus.it\/cattolica\/#website","url":"https:\/\/www.rassegnastampa-totustuus.it\/cattolica\/","name":"Rassegna Stampa Cattolica","description":"Per una cultura che nasce dalla Rivelazione cristiana in conformit\u00e0 alla tradizione e al Magistero della Chiesa in opposizione ad ogni relativismo e totalitarismo","publisher":{"@id":"https:\/\/www.rassegnastampa-totustuus.it\/cattolica\/#organization"},"alternateName":"Rass. Cattolica","potentialAction":[{"@type":"SearchAction","target":{"@type":"EntryPoint","urlTemplate":"https:\/\/www.rassegnastampa-totustuus.it\/cattolica\/?s={search_term_string}"},"query-input":{"@type":"PropertyValueSpecification","valueRequired":true,"valueName":"search_term_string"}}],"inLanguage":"it-IT"},{"@type":"Organization","@id":"https:\/\/www.rassegnastampa-totustuus.it\/cattolica\/#organization","name":"Rassegna Stampa Cattolica","url":"https:\/\/www.rassegnastampa-totustuus.it\/cattolica\/","logo":{"@type":"ImageObject","inLanguage":"it-IT","@id":"https:\/\/www.rassegnastampa-totustuus.it\/cattolica\/#\/schema\/logo\/image\/","url":"https:\/\/www.rassegnastampa-totustuus.it\/cattolica\/wp-content\/uploads\/2014\/04\/logo-rassegna1.gif","contentUrl":"https:\/\/www.rassegnastampa-totustuus.it\/cattolica\/wp-content\/uploads\/2014\/04\/logo-rassegna1.gif","width":600,"height":163,"caption":"Rassegna Stampa Cattolica"},"image":{"@id":"https:\/\/www.rassegnastampa-totustuus.it\/cattolica\/#\/schema\/logo\/image\/"},"sameAs":["https:\/\/www.facebook.com\/rassegnastampacattolica","https:\/\/x.com\/rassegnastampa9"]},{"@type":"Person","@id":"https:\/\/www.rassegnastampa-totustuus.it\/cattolica\/#\/schema\/person\/08f319d2bd1a0904ad9e2bfb7b15e5c3","name":"Redazione","image":{"@type":"ImageObject","inLanguage":"it-IT","@id":"https:\/\/secure.gravatar.com\/avatar\/2fcdf27c78ea025fbdb44e914cc63c72249ffec9dc8aafd5c82b26240ef3f346?s=96&d=mm&r=g","url":"https:\/\/secure.gravatar.com\/avatar\/2fcdf27c78ea025fbdb44e914cc63c72249ffec9dc8aafd5c82b26240ef3f346?s=96&d=mm&r=g","contentUrl":"https:\/\/secure.gravatar.com\/avatar\/2fcdf27c78ea025fbdb44e914cc63c72249ffec9dc8aafd5c82b26240ef3f346?s=96&d=mm&r=g","caption":"Redazione"},"url":"https:\/\/www.rassegnastampa-totustuus.it\/cattolica\/author\/pietroelle\/"}]}},"_links":{"self":[{"href":"https:\/\/www.rassegnastampa-totustuus.it\/cattolica\/wp-json\/wp\/v2\/posts\/48889","targetHints":{"allow":["GET"]}}],"collection":[{"href":"https:\/\/www.rassegnastampa-totustuus.it\/cattolica\/wp-json\/wp\/v2\/posts"}],"about":[{"href":"https:\/\/www.rassegnastampa-totustuus.it\/cattolica\/wp-json\/wp\/v2\/types\/post"}],"author":[{"embeddable":true,"href":"https:\/\/www.rassegnastampa-totustuus.it\/cattolica\/wp-json\/wp\/v2\/users\/6"}],"replies":[{"embeddable":true,"href":"https:\/\/www.rassegnastampa-totustuus.it\/cattolica\/wp-json\/wp\/v2\/comments?post=48889"}],"version-history":[{"count":1,"href":"https:\/\/www.rassegnastampa-totustuus.it\/cattolica\/wp-json\/wp\/v2\/posts\/48889\/revisions"}],"predecessor-version":[{"id":48891,"href":"https:\/\/www.rassegnastampa-totustuus.it\/cattolica\/wp-json\/wp\/v2\/posts\/48889\/revisions\/48891"}],"wp:featuredmedia":[{"embeddable":true,"href":"https:\/\/www.rassegnastampa-totustuus.it\/cattolica\/wp-json\/wp\/v2\/media\/48890"}],"wp:attachment":[{"href":"https:\/\/www.rassegnastampa-totustuus.it\/cattolica\/wp-json\/wp\/v2\/media?parent=48889"}],"wp:term":[{"taxonomy":"category","embeddable":true,"href":"https:\/\/www.rassegnastampa-totustuus.it\/cattolica\/wp-json\/wp\/v2\/categories?post=48889"},{"taxonomy":"post_tag","embeddable":true,"href":"https:\/\/www.rassegnastampa-totustuus.it\/cattolica\/wp-json\/wp\/v2\/tags?post=48889"}],"curies":[{"name":"wp","href":"https:\/\/api.w.org\/{rel}","templated":true}]}}