{"id":4872,"date":"2012-01-12T00:00:00","date_gmt":"2012-01-11T23:00:00","guid":{"rendered":""},"modified":"2015-04-20T20:17:51","modified_gmt":"2015-04-20T18:17:51","slug":"marshall-mcluhan-profeta-dimenticato","status":"publish","type":"post","link":"https:\/\/www.rassegnastampa-totustuus.it\/cattolica\/marshall-mcluhan-profeta-dimenticato\/","title":{"rendered":"Marshall McLuhan profeta dimenticato"},"content":{"rendered":"<div style=\"text-align: center;\"><strong><a href=\"https:\/\/www.rassegnastampa-totustuus.it\/cattolica\/wp-content\/uploads\/2012\/01\/Marshall_McLuhan.jpg\"><img loading=\"lazy\" decoding=\"async\" class=\"alignright wp-image-23443\" src=\"https:\/\/www.rassegnastampa-totustuus.it\/cattolica\/wp-content\/uploads\/2012\/01\/Marshall_McLuhan.jpg\" alt=\"Marshall_McLuhan\" width=\"250\" height=\"183\" \/><\/a>Nuova Umanit\u00e0<\/strong> n.198 novembre-dicembre 2011<\/div>\n<p style=\"text-align: center;\"><strong>Michele Zanzucchi<\/strong><\/p>\n<p style=\"text-align: center;\">SUMMARY<\/p>\n<p style=\"text-align: justify;\"><em>It is one hundred years since th\u00e8 birth of Mar shall McLuhan the person who predicted the digital revolution and th\u00e8 overwhelming influence of the\u00e8 mass media, including the internet and th\u00e8 iPhone, fifty years before they happened. In examining the main stages of his life and his multifaceted Works, we can see some elements that influenced his views and his enthusiasm regarding the mass media. Especiatty important were his engineering and literary background, and a\/so his Catholicism, which seems to have had more than a little influence on his thought. The strong criticisms directed at his eclectic theory of mass media &#8211; some of which are justified, others more o fan ideological nature &#8211; have led to its premature decline. His prophetic inspiration ought to be re-evaluated, as well as his profound belief in the ability of human beings to adapt to changing social and techno-logical situations.<\/em><\/p>\n<p><!--more--><\/p>\n<div style=\"text-align: justify;\">Era diventato un mito ancora da vivo, grazie alla sua produzione libraria ma ancor pi\u00f9 alla sua straordinaria vena retorica, che lo port\u00f2 a mantenere per alcuni decenni un ritmo massacrante di lezioni e conferenze in ogni angolo del mondo. Un mito cos\u00ec fulgido da morire della sua stessa luce, perso com&#8217;era (il mito) in quella cultura consumistica (all&#8217;epoca chiamata cultura-pop, col trattino) che McLuhan stesso aveva contribuito a svelare e smascherare.<\/div>\n<p style=\"text-align: justify;\">\u00c8 stato in fondo l&#8217;epigono di quella non-civilt\u00e0 che lui stesso aveva denunciato come avventurosa, il simbolo di una cultura nascente che aveva trovato nei mass media non solo i pro-pri strumenti, ma la sua stessa centralit\u00e0 e perfino la sua ragion d&#8217;essere.Nel marzo del 1969 McLuhan concesse un&#8217;intervista a \u00abPlayboy\u00bb, suscitando non poche critiche negli ambienti accademici (e cattolici) da lui frequentati.<\/p>\n<p style=\"text-align: justify;\">Non disdegnava in effetti &#8220;offrirsi criticamente&#8221; nei luoghi e nelle situazioni pi\u00f9 originali e al limite della eccentricit\u00e0, luoghi e situazioni in cui pi\u00f9 si esprimeva la nuova cultura-pop. Vi si prestava con spirito in qualche modo proselita, ma senza mai perdere il senso critico e un certo humour. In quella stessa intervista con la rivista della &#8220;libert\u00e0 sessuale&#8221;, sferr\u00f2 attacchi vigorosi proprio contro di essa.<\/p>\n<p style=\"text-align: justify;\">Disse ad esempio all&#8217;intervistatore: \u00abMentre assistiamo al crollo dei vecchi valori e a una vivificante liberazione dalle frustrazioni di una sessualit\u00e0 repressa, l&#8217;enfasi sulla sessualit\u00e0 ci travolge come un&#8217;ondata in piena. Comunque, lungi dal liberare la libidine, tale assalto sembra aver indotto atteggiamenti di stanchezza e una specie di Weltschmerz psicosessuale\u00bb (1). Non a caso l&#8217;intervista fu pubblicata col titolo <em>Candida conversazione con il sommo sacerdote della cultura-pop e metafisico dei media.<\/em><\/p>\n<p style=\"text-align: justify;\">Come le eff\u00ecmere icone pop di oggi, McLuhan \u00e8 stato &#8220;massacrato&#8221; gi\u00e0 da vivo. Non solo perch\u00e9 tanti intellettuali, dopo averlo esaltato e osannato anche senza conoscerne a fondo il pensiero, lo abbandonarono al suo destino non appena manifest\u00f2 segni di squilibrio per via di una serie di ictus che lo colpirono, ma anche e soprattutto perch\u00e9 il suo pensiero \u00e8 stato sottoposto a una operazione di sbriciolamento tale da ridurre la sua enorme creativit\u00e0 in aforismi monchi.<\/p>\n<p style=\"text-align: justify;\">Come la sua pi\u00f9 celebre frase &#8211; \u00abil <em>medium <\/em>\u00e8 il messaggio\u00bb (2) -, incomprensibile nei fatti senza l&#8217;aggiunta elaborata nella fase finale della sua vita dallo stesso McLuhan: \u00abL&#8217;utente \u00e8 il messaggio\u00bb (3), che nessuno o quasi per\u00f2 vuole o pu\u00f2 ricordare.<\/p>\n<p style=\"text-align: justify;\">La vasta produzione accademica del vate dei mass media \u00e8 stata nei fatti ridotta (in particolare dai giornalisti) a una serie di slogan senza spiegazioni esaurienti, che ne hanno minato la credibilit\u00e0. Si \u00e8 criticata cos\u00ec la sua creativit\u00e0 senza limiti e senza &#8220;paletti&#8221; accademici, teoricamente saldi, ma non si riesce pi\u00f9 ad apprezzare abbastanza la sua straordinaria preveggenza, che lo port\u00f2 ad immaginare il mondo digitale ancor prima che esso vedesse la luce.<\/p>\n<p style=\"text-align: justify;\">Ecco, di McLuhan \u00e8 stato sottovalutato e al limite dimenticato quello spirito profetico (4) che lo ha portato, ad esempio, a immaginare la Rete, cio\u00e8 Internet, ben prima che gli albori dell&#8217;Arpa \u2013 la rete di collegamento militare Usa &#8211; ne lasciassero appena intuire l&#8217;impetuoso futuro.<\/p>\n<p style=\"text-align: center;\">ECLETTICO<\/p>\n<p style=\"text-align: justify;\">Herbert Marshall McLuhan, nacque il 21 luglio 1911 (5) a Edmonton in Canada, da Herbert e Elsie (6). Il padre era impegnato nel settore immobiliare mentre la madre era pi\u00f9 portata per l&#8217;arte, teatro e letteratura in particolare. Non si pu\u00f2 dire che la sua sia stata una famiglia particolarmente unita; la madre, in particolare, era presa dalla sua passione teatrale e per lunghi periodi lasci\u00f2 la cura della prole alle governanti di turno.<\/p>\n<p style=\"text-align: justify;\">Gli studi del giovane Marshall in qualche modo svelarono da subito il suo carattere eclettico e la sua mente geniale: dall&#8217;ingegneria pass\u00f2 alla letteratura inglese, studi che complet\u00f2 con un dottorato a Cambridge.<\/p>\n<p style=\"text-align: justify;\">Solo dai primi anni Cinquanta, McLuhan vir\u00f2 decisamente verso l&#8217;approfondimento dei mass media e della comunicazione mediatica, mettendo a frutto la sua duplice passione per la tecnologia e per la letteratura. Lo fece con una serie di lavori accademici che, pi\u00f9 che concentrarsi sui media stessi, si fecalizzarono sulla &#8220;nuova cultura&#8221; che stava nascendo.<\/p>\n<p style=\"text-align: justify;\">In particolare \u00e8 da ricordare uno studio del 1951,<em> La spo<\/em><em>sa meccanica. Il folklore dell&#8217;uomo industriale <\/em>(7)<em>, <\/em>nel quale con testi e molte immagini, paragonando la donna all&#8217;automobile come oggetti della passione umana, McLuhan cercava di dimostrare come l&#8217;approccio alla &#8220;nuova cultura&#8221; non potesse essere solo libresca e nemmeno potesse solo seguire le categorie filosofiche o antropologiche allora conosciute.<\/p>\n<p style=\"text-align: justify;\">La tecnologia in rapidissima evoluzione obbligava a capire che l&#8217;uomo non era pi\u00f9 quello antico (l&#8217;uomo guthenberghiano), ma si manifestava sempre pi\u00f9 assetato di novit\u00e0, di dati, di immagini, di icone popolari, di stereotipi consumabili.<\/p>\n<p style=\"text-align: justify;\">Le opere principali di McLuhan sulla massmediologia sono due: <em>La galassia Gutenberg <\/em>del 1962, nella quale l&#8217;autore proponeva un fiume ininterrotto di idee, immagini e metafore proiettate nel futuro &#8220;non cartaceo&#8221;, o &#8220;non pi\u00f9 solo cartaceo&#8221;, pur nel rispetto del passato, con una genialit\u00e0 fuori dal comune: \u00abLungi dallo sminuire la cultura meccanica di Gutenberg &#8211; scriveva \u2014, dobbiamo sforzarci di conservarne i reali valori\u00bb (8). \u00c8 in questo libro che McLuhan evidenzia chiaramente il ruolo prioritario dei media nella trasformazione sociale, nell&#8217;investire sia la sfera psico-percettiva del singolo che quella collettiva.<\/p>\n<p style=\"text-align: justify;\">L&#8217;altra sua opera fondamentale, pubblicata due anni pi\u00f9 tardi, aveva come titolo: <em>Gli strumenti del comunicare <\/em>(9)<em>. <\/em>\u00c8 questo, forse, il suo libro pi\u00f9 completo, quello che ha saputo pi\u00f9 di altri scavare nel nascente mondo digitale, suffragando le intenzioni profetiche con un&#8217;analisi serrata. \u00c8 in quest&#8217;opera che McLuhan analizza a fondo la condizione inedita dell&#8217;uomo contemporaneo, immerso e avviluppato in una rete di comunicazioni che rendono il mondo come un unico villaggio planetario, globale.<\/p>\n<p style=\"text-align: justify;\">Mi sembra utile riprendere un breve passaggio di quest&#8217;opera, a conclusione del capitolo <em>I media sono dei traduttori: <\/em>\u00abAbbiamo gi\u00e0 tradotto o prolungato il nostro sistema nervoso centrale nella tecnologia elettromagnetica: non avremmo che un passo supplementare da fare per trasferire anche la nostra coscienza al mondo dei computer. In questo caso, saremmo alla fine capaci di programmare la coscienza in modo che essa non sia ingolfata o distratta dalle illusioni narcisistiche del mondo del <em>divertissement <\/em>che ossessionano l&#8217;umanit\u00e0 quando essa viene prolungata in tutti i suoi trucchi e le sue trappole\u00bb (10).<\/p>\n<p style=\"text-align: justify;\">Parole che mi sembrano essere oltremodo profetiche, perch\u00e9 suggerivano &#8211; trent&#8217;anni prima del trionfo di Internet e degli iPhone &#8211; l&#8217;insuggeribile, cio\u00e8 il fatto che i media rischiavano di prendere il posto della coscienza di tanti uomini, riempiendola d&#8217;effimero. Riprendeva inoltre Pascal e la sua critica al <em>divertissement, <\/em>con le sue derive narcisistiche che purtroppo sperimentiamo ogni giorno, ma notando come la coscienza umana avrebbe potuto opporvisi (11).<\/p>\n<p style=\"text-align: justify;\">Con queste due opere apparve chiaro come Marshall McLuhan non avesse una &#8220;teoria&#8221; sui media rigidamente elaborata, che avrebbe confermato e approfondito con opere successive. Egli proponeva piuttosto un metodo, un approccio al mondo dei mezzi di comunicazione di massa assai innovativo, certamente criticabile ma affascinante. Un suo celebre testo, citato tra gli altri da Gianpiero Gamaleri nel suo <em>La Galassia McLuhan. Il mondo <\/em><em>plasmato dai media, <\/em>evidenzia questa sua disarmante visione delle &#8220;cose mediatiche&#8221;: \u00abSono un ricercatore. Getto la mia sonda.<\/p>\n<p style=\"text-align: justify;\">Non ho punti di vista pregiudiziali. Non mi attengo a un&#8217;unica posizione. Finch\u00e9 uno, nella nostra cultura, rimane nella stessa posizione, lo si considera bene accetto. Ma appena si mette a camminare in lungo <em>e <\/em>in largo e comincia a superare i limiti stabiliti, \u00e8 un delinquente, bisogna arrestarlo. L&#8217;esploratore \u00e8 un essere assolutamente illogico. Non conosce mai il momento in cui sta per fare qualche scoperta straordinaria.<\/p>\n<p style=\"text-align: justify;\">\u00a0E la logica \u00e8 un termine privo di significato se lo si applica all&#8217;esploratore. Se avesse voluto essere logico con s\u00e9 stesso avrebbe cominciato col restare a casa. La propaganda co\u00admincia quando cessa il dialogo. Io dialogo con i media, mi getto alla ventura nell&#8217;esplorazione. Io non spiego nulla. Esploro\u00bb(12).<\/p>\n<p style=\"text-align: center;\">CATTOLICO<\/p>\n<p style=\"text-align: justify;\">Nel determinare questo atteggiamento dialogante e inclusivo, certamente in McLuhan non era secondaria la fede cristiana, cattolica in particolare. In realt\u00e0 egli non era originariamente cattolico, anzi era cresciuto in un ambente cristiano ma risolutamente anti-cattolico: lo divenne solo nel periodo che va dal 1934 al 1935, mantenendo peraltro per tutta la vita il timbro e l&#8217;entusiasmo del convertito, con i suoi massimalismi e le sue fobie. La conversione fu un fatto per lui epocale, certamente il principale avvenimento della sua esistenza adulta.<\/p>\n<p style=\"text-align: justify;\">Tuttavia McLuhan non amava parlare e tantomeno scrivere di questa sua conversione, e le fonti per studiarla sono scarse. Esiste per\u00f2 una lettera scritta alla madre Elsie (fervente protestante, contrarissima quindi al cambiamento spirituale del figlio) che getta un fascio di luce su questa sua fondamentale esperienza.<\/p>\n<p style=\"text-align: justify;\">Scrive tra l&#8217;altro: \u00ab\u00c8 inutile insistere sul fatto che l&#8217;entusiasmo religioso (in cui sono deplorevolmente debole) ha raramente diretto il cammino incerto e barcollante dei beoni lungo il sentiero arduo e lento che porta dall&#8217;osteria alla Chiesa &#8211; intendo la Chiesa cattolica e universale, il corpo visibile di Cristo. Ebbene, la caccia alla religione, anche nelle sue fasi peggiori, \u00e8 pur sempre una testimonianza del fatto pi\u00f9 grande riguardante l&#8217;uomo, e cio\u00e8 che \u00e8 una creatura e un&#8217;immagine a somiglianza del suo Creatore, ma non autonoma\u00bb (13). La prova della sincerit\u00e0 della sua conversione \u00e8 il fatto che &#8211; finch\u00e9 le forze glielo consentirono, cio\u00e8 fino all&#8217;ultima malattia \u2014 si rec\u00f2 quotidianamente alla messa.<\/p>\n<p style=\"text-align: justify;\">Taluni si stupivano per\u00f2 che, pur professandosi cattolico, Marshall McLuhan trattasse spesso rudemente i suoi interlocutori. Lo faceva non per volont\u00e0 &#8211; \u00abtrattava sempre le persone come individui dotati di anima\u00bb, scrive Douglas Coupland, guru di Internet, in una recente biografia su McLuhan (14) &#8211; ma semplicemente perch\u00e9 non riusciva a non andare dietro al flusso continuo di immagini, citazioni, suoni &#8211; come in un&#8217;immensa &#8220;nuvola internettiana&#8221; <em>ante litteram, <\/em>ben prima della &#8220;invenzione&#8221; di Steve Jobs &#8211; che si affollavano nel suo cervello.<\/p>\n<p style=\"text-align: justify;\">Le sue conferenze confermavano tale impressionante affollarsi di <em>input <\/em>cerebrali: se si unisce questa sua disposizione eclettica naturale ad una sorta di &#8220;sindrome da abuso di cervello&#8221; &#8211; soffriva in effetti per una circolazione sanguigna eccessiva che lo esponeva costantemente al pericolo di ictus &#8211; si possono capire tante delle difficolt\u00e0 di integrazione patite da McLuhan.<\/p>\n<p style=\"text-align: justify;\">Era cattolico, dunque, ma non sbandierava la sua fede a ogni passo &#8211; e in questo era sicuramente un &#8220;laico conciliare&#8221; prima del tempo -, preferendo mantenere la religione non tanto nella sfera privata quanto nello zoccolo culturale e umano che sorreggeva e motivava le sue elaborazioni.<\/p>\n<p style=\"text-align: justify;\">Confid\u00f2 la moglie Corinne nel 1984: \u00abEgli viveva la religione senza tante parole. Si era convertito pochi anni prima che lo conoscessi e tutto quello che faceva scaturiva dalla religione: essa era per lui una sorgente di vita\u00bb(15). Il suo cattolicesimo era incarnato (addirittura &#8220;carnale&#8221;) e molto centrato sulla comunione dei credenti, unica via per stemperare l&#8217;individualismo dilagante, e quindi per contrastare uno dei principali fattori di destabilizzazione portati dai nuovi mass media dell&#8217;era elettronica.<\/p>\n<p style=\"text-align: center;\">FONDATORE<\/p>\n<p style=\"text-align: justify;\">McLuhan \u00e8 stato per tutto ci\u00f2 un grande della massmediologia, anzi ne \u00e8 stato il fondatore, assieme forse a un altro canadese, lo storico Harold Adams Innis, molto meno conosciuto ma non per questo meno importante. \u00c8 stato per\u00f2 ridotto, come gi\u00e0 detto, a mera figura rappresentativa, come purtroppo spesso accade ai pionieri. Andrebbe riscoperto non pi\u00f9 come una rappresentazione del massmediologo-tipo, una <em>icona <\/em>appunto del nostro computer, ma come una <em>app, <\/em>cio\u00e8 come un simbolo dinamico, un rimando che ogni giorno permette di accedere a qualcosa di nuovo, di dimenticato e di sorprendente.<\/p>\n<p style=\"text-align: justify;\">Per ricordarci che i mass media vanno sempre e comunque inseriti in un orizzonte antropologico, quello dell&#8217;uomo libero e cosciente, non intrappolabile nelle trame del consumo <em>e <\/em>delle tecnologie. Le catastrofi predette da McLuhan &#8211; \u00abguardiamo il presente in uno specchietto retrovisore. Arretriamo nel futuro\u00bb (16)- non saranno allora ineluttabili. Ma possibili [o quanto possibili!?].<\/p>\n<p style=\"text-align: justify;\">Un ulteriore risvolto culturale messo in luce da McLuhan \u00e8 la congiunzione tra studi umanistici e letterari e studi ingegneristici nell&#8217;affrontare la nascente rivoluzione digitale. Egli era un grande esperto di letteratura inglese, giungendo solo attraverso di essa alle straordinarie profezie del digitale. Si dice spesso ai ragazzi di buone speranze e promettenti capacit\u00e0 intellettuali di frequentare il liceo classico, \u00abperch\u00e9 ti former\u00e0 a ogni professione\u00bb; McLuhan ci conferma che greco, latino e classicit\u00e0 varie \u00abaiutano &#8211; come si dice &#8211; a mettere in prospettiva\u00bb.<\/p>\n<p style=\"text-align: justify;\">McLuhan \u00e8 stato infine un antesignano dello studio delle reti e dei sistemi di reti. Col suo immaginifico linguaggio &#8211; anch&#8217;esso una rete che avvolgeva gli interlocutori con nuovi fili e nuovi nodi continuamente tenuti assieme dal suo cervello troppo acuto &#8211; riusciva a dimostrare come la rete fosse quel che pu\u00f2 tenere assieme pensiero <em>e <\/em>relazioni umane(17).<\/p>\n<p style=\"text-align: center;\">CRITICATO<\/p>\n<p style=\"text-align: justify;\">Marshall McLuhan ha raggiunto certamente un record ineguagliato: quello di essersi fatto leggere da milioni di persone, affascinate dalle sue elucubrazioni perspicaci e originali sui mass media, ma nel contempo di aver attirato su di s\u00e9 una quantit\u00e0 impressionante di critiche, materializzatesi negli anni Sessanta e Settanta, per poi lasciare spazio sostanzialmente all&#8217;oblio.<\/p>\n<p style=\"text-align: justify;\">In particolare la ventata di critiche \u00e8 partita dagli ambienti accademici che avevano elaborato la cosiddetta teoria della &#8220;industria culturale&#8221;, che nella sostanza applicavano la teoria <em>marxiana <\/em>al mondo della cultura di massa e dei <em>mass media. <\/em>Per semplificare in poche righe la natura di queste critiche mosse a McLuhan, possiamo riprendere quanto detto e scritto da Umberto Eco al riguardo, con due testi assai noti (18).<\/p>\n<p style=\"text-align: justify;\">Da una parte, in effetti, si criticava lo studioso canadese per non aver saputo codificare la sua teoria, come dimostra il fatto che, con il termine &#8220;mass media&#8221;, McLuhan intendeva indicare l&#8217;elettricit\u00e0 come il telefono, la televisione come le vie di comunicazione: \u00abDire che l&#8217;alfabeto e la strada sono &#8220;media&#8221; &#8211; scriveva Eco -, significa mettere assieme un codice con un canale. Dire che la geometria euclidea e un vestito sono &#8220;media&#8221; significa mettere assieme un codice [..,] con un messaggio [&#8230;]. Dire che la luce \u00e8 medium significa non rendersi conto che esistono almeno tre accezioni di &#8220;luce&#8221;\u00bb (19). Quindi il primo ordine di critiche rivolte a McLuhan riguardavano l&#8217;approssimazione nell&#8217;elaborazione della sua teoria (20).<\/p>\n<p style=\"text-align: justify;\">Dall&#8217;altra, ed era questa nei fatti la critica pi\u00f9 feroce, si sosteneva come McLuhan fosse un inguaribile ottimista. Scriveva ancora Eco, riprendendo l&#8217;idea, sostenuta dai teorici della &#8220;industria culturale&#8221; (da lui definiti &#8220;apocalittici&#8221;), che i mezzi di comunicazione di massa sarebbero non tanto veicoli di ideologia, ma essi stessi ideologia: \u00abQuesta \u00e8 anche la nota posizione espressa da Marshall McLuhan [,..]. Salvo che per i cosiddetti &#8220;apocalittici&#8221; questa convinzione si traduceva in una conseguenza tragica: svincolato dai contenuti della comunicazione il destinatario dei messaggi dei mass media riceve soltanto una lezione ideologica globale, il richiamo narcotico alla passivit\u00e0. Quando trionfano i mezzi di massa, l&#8217;uomo muore.<\/p>\n<p style=\"text-align: justify;\">Invece Marshall McLuhan, partendo dalle sue premesse, conclude che, quando trionfano i mezzi di massa, muore l&#8217;uomo gutemberghiano e nasce un uomo diverso, abituato a &#8220;sentire&#8221; il mondo in altro modo. Non sappiamo se quest&#8217;uomo sar\u00e0 migliore o peggiore, ma sappiamo che \u00e8 un uomo nuovo. L\u00e0 dove gli <em>apocalittici <\/em>vedevano la fine della storia, McLuhan vede l&#8217;inizio di una nuova fase storica\u00bb (21).<\/p>\n<p style=\"text-align: justify;\">In effetti, nelle sue due opere principali appena ricordate, McLuhan analizza a pi\u00f9 riprese il passaggio da una societ\u00e0 statica &#8211; rappresentata da Gutemberg e dall&#8217;alfabetizzazione scritta e stampata \u2014 ad una invece molto pi\u00f9 dinamica &#8211; rappresentata al contrario dai nuovi mass media (presenti e futuri) partecipativi, multimediali e sintetici.<\/p>\n<p style=\"text-align: justify;\">McLuhan intuiva come l&#8217;alfabetizzazione tradizionale fosse essenzialmente legata alla vista, monosensoriale quindi, mentre la nuova alfabetizzazione (ancora da inventare all&#8217;epoca) avrebbe coinvolto tutti e cinque i sensi, diventando plurisensoriale. Evidente era allora l&#8217;importanza del momento educativo che, secondo McLuhan, non poteva essere pi\u00f9 appaltato all&#8217;istituzione scolastica, ma doveva coinvolgere tutta la citt\u00e0 dell&#8217;uomo. Non a caso il suo scritto pedagogico pi\u00f9 importante si intitola <em>La citt\u00e0 come aula <\/em>(22)<em>.<\/em><\/p>\n<p style=\"text-align: justify;\">Le due critiche rivolte allo studioso canadese &#8211; quella dell&#8217;approssimazione dei concetti usati, e quella dell&#8217;irenismo della sua posizione antropologica &#8211; appaiono certamente fondate su dati di fatto. Ma, mentre sul primo ordine di critiche si pu\u00f2 essere comunque consenzienti, sul secondo ordine non lo si pu\u00f2 essere cos\u00ec facilmente, perch\u00e9 la posizione di coloro che avanzavano tali critiche appare estremamente ideologica, basandosi su un presupposto negativo della natura umana, tutto da dimostrare.<\/p>\n<p style=\"text-align: justify;\">Restano alcune perplessit\u00e0 sulla visione &#8220;cattolica&#8221; di McLuhan, in particolare legate alla sua visione &#8220;carnale&#8221; della vita cristiana. Scriveva ad esempio il gesuita Enrico Baragli nel 1981: \u00abCerte sue posizioni mentali oggettivamente non si conciliano n\u00e9 col cattolicesimo n\u00e9 con la religione <em>tout court. <\/em>Ad esempio il suo determinismo ed il suo sensismo: se l&#8217;uomo si comporta esclusivamente condizionato dal suo sensorio, questa proposta gnoseologica di McLuhan non pu\u00f2 quadrare con la concezione cristiana dell&#8217;uomo, visto non solo come sensibilit\u00e0, ma anche come intelligenza e libera volont\u00e0\u00bb(23).<\/p>\n<p style=\"text-align: justify;\">La critica di Baragli, grande conoscitore di McLuhan, mi sembra tuttavia eccessiva, in quanto non tiene in conto la natura provocatoria dello studioso canadese, che con questo suo insistere sulla corporeit\u00e0 degli utenti dei media voleva probabilmente contrastare la ben nota idiosincrasia di tanti ambienti cattolici per il &#8220;sensorio&#8221;. La visione antropologica di McLuhan, a una lettura complessiva della sua opera, appare invece relativamente equilibrata.<\/p>\n<p style=\"text-align: center;\">SALVATO<\/p>\n<p style=\"text-align: justify;\">Per tutto questo Marshall McLuhan non deve essere dimenticato, sarebbe una perdita per tutti coloro che studiano i <em>mass me<\/em><em>dia <\/em>e i suoi effetti sociali. Certamente la sua opera non deve nemmeno essere ridotta a pochi <em>slogan, <\/em>come fanno molti che spesso e volentieri hanno parlato e parlano di McLuhan senza averne letto nemmeno una pagina. Mi sembra piuttosto che McLuhan debba essere &#8220;messo in rete&#8221;.<\/p>\n<p style=\"text-align: justify;\">E debba essere compreso, soprattutto, alla luce dell&#8217;ultimissima fase della sua vita, quella in cui, colpito da ictus, perse l&#8217;uso della parola (riusciva solo a intonare un inno religioso!). Lui, maestro indiscusso della parola, era stato ridotto al silenzio. Mostrando come la comunicazione, ogni comunicazione, sia fatta di silenzio e di parole, E come ogni parola si nutra di silenzio. E ogni silenzio racchiuda una parola.<\/p>\n<p style=\"text-align: justify;\"><strong>Note<br \/>\n<\/strong><br \/>\n<strong>1) <\/strong>[Weltschmerz: dolore cosmico, stanchezza del mondo, N.d.R]; Citato in M. McLuhan (a cura di G. Gamaleri), <em>Percezioni per un dizionario mediologico, <\/em>Armando Editore, Roma 1998, p, 104.<br \/>\n<strong>2)<\/strong> Citato tra l&#8217;altro criticamente in E. McLuhan &#8211; E Zingrone, <em>La cultura come <\/em><em>business, <\/em>Armando Editore, Roma 1998, pp. 58.<br \/>\n<strong>3)<\/strong> M. McLuhan, <em>The Gutemberg Galaxy. The Making of Typograpbic Man, <\/em>University of Toronto Press, Toronto 1962, p. 134 (trad. it. <em>La Galassia Gutem<\/em><em>berg. Nascita dell&#8217;uomo tipografico, <\/em>Armando Editore, Roma 1988).<br \/>\n<strong>4)<\/strong> In molti hanno riconosciuto in effetti la dimensione profetica dell&#8217;opera di McLuhan, soprattutto in occasione della sua morte. Tra gli altri, ricordiamo A. Bourdin, <em>McLuhan, profeta o mistificatore, <\/em>Sei, Torino 1974; M. Morcellini, \/\/ <em>profeta dimenticato, <\/em>in <em>Problemi dell&#8217;informazione, <\/em>il Mulino, Bologna 1997; G. Nascimbeni, <em>Scompare un altro profeta dimenticato, <\/em>in \u00abCorriere della sera\u00bb, 3 gennaio 1981; A. Withman, <em>Marshall McLuhan, Media Prophet, <\/em>in \u00abThe New York Times\u00bb, 2 gennaio 1981.<br \/>\n<strong>5)<\/strong> Esiste un &#8220;giallo&#8221; anche sulla data di nascita di McLuhan; 20 o 21 luglio 1911?<br \/>\n<strong>6)<\/strong> Per la biografia di McLuhan, cf. in particolare il recente ed esauriente volume di G. Gamaleri, <em>Understanding McLuhan, <\/em>Edizioni Kappa, Roma 2006.<br \/>\n<strong>7)<\/strong> M. McLuhan, <em>The Mechanical Bride. Folklore of the Industrial Man, <\/em>Vanguard Press, New York 1951 (trad. it. <em>La sposa meccanica. Il folklore dell&#8217;uomo in<\/em><em>dustriale, <\/em>SugarCo, Milano 1984).<br \/>\n<strong>8)<\/strong> M. McLuhan, <em>La Galassia Gutemberg, <\/em>cit. p. 324.<br \/>\n<strong>9)<\/strong> M. McLuhan, <em>Understanding Media, The extensions ofMan, <\/em>Signet, New York 1964 (trad. ir. <em>Gli strumenti del comunicare, <\/em>il Saggiatore, Milano 1967).<br \/>\n<strong>10)<\/strong> M. McLuhan, <em>UnderstandingMedia, The extensions ofMan, <\/em>cit., p. 84 (traduzione nostra)<br \/>\n<strong>11)<\/strong> Cf. M. Zanzucchi, <em>Media tra tentazioni e speranze, <\/em>in \u00abNuova Umanit\u00e0\u00bb, XXVI (2004\/3-4) 153-154, pp. 315- 326.<br \/>\n<strong>12)<\/strong> G. Gamaleri, <em>La Galassia McLuhan. Il mondo plasmato dai media, <\/em>Armando editore, Roma 1976, p. 52.<br \/>\n<strong>13)<\/strong> Cit. in E. McLuhan &#8211; E Zingrone, <em>Le radici del cambiamento. Platone, Shakespeare e la tv<\/em>, Armando Editore, Roma 1998, pp. 191-192.<br \/>\n<strong>14)<\/strong> D. Coupland, <em>Marshall McLuhan<\/em>, Isbn edizioni, Milano 2009, p. 182.<br \/>\n<strong>15)<\/strong> G. Gamaleri, <em>II villaggio elettronico di McLuhan, <\/em>Capone, Lecce 1985, p. 85.<br \/>\n<strong>16)<\/strong> M. McLuhan, <em>La Galassia Gutemberg, <\/em>cit., p. 211.<br \/>\n<strong>17)<\/strong> Su quest&#8217;argomento, cf. soprattutto il capitolo \u00abL&#8217;energie hybride. Les liaisons dangereuses\u00bb, in M. McLuhan, <em>Gli strumenti del comunicare <\/em>cit pp 69-78.<br \/>\n<strong>18)<\/strong> U. <em>Eco, II medium \u00e8 il messaggio, <\/em>in \u00abMarcatre\u00bb, n. 37-40, maggio 1968 e \/\/ <em>Cogito interruptus, <\/em>in \u00abQuindici\u00bb, n. 5, 15 ottobre-15 novembre 1967.<br \/>\n<strong>19)<\/strong> U. Eco, <em>Il\u00a0 medium \u00e8 il messaggio, <\/em>cit., p. 29.<br \/>\n<strong>20)<\/strong> Cf. anche G. Sartori, <em>Homo videns, <\/em>Laterza, Bari 1999, pp. 87-97.<br \/>\n<strong>21)<\/strong> <em>lbid.,p.27.<\/em><br \/>\n<strong>22)<\/strong> M. McLuhan, <em>City as Classroom. Understanding Language and Media, <\/em>Book Society of Canada, Agincourt (Ontario) 1977 (trad. it. <em>La citt\u00e0 come aula. Per capire il linguaggio e i media, <\/em>Armando, Roma 1980). Mi sembra importante riprendere a questo proposito una frase di Derrick de Kerckhove (&#8220;erede&#8221; di McLuhan, anche perch\u00e9 a capo del progetto &#8220;Programma McLuhan&#8221; promosso dall&#8217;Universit\u00e0 di Toronto): \u00abLa metacitt\u00e0 non ha cancellato le citt\u00e0 reali. Anzi, forse le ha risvegliate [&#8230;]. La cultura crea cultura. La cultura \u00e8 una funzione esponenziale\u00bb (\u00abil Giornale\u00bb, 8 settembre 2005, p. 28).<\/p>\n<div><strong>23)<\/strong> Cit. in G. Gamaleri, <em>Understanding McLuhan, <\/em>Edizioni Kappa, Roma 2006, p. 198.<\/div>\n","protected":false},"excerpt":{"rendered":"<p>Nuova Umanit\u00e0 n.198 novembre-dicembre 2011 Michele Zanzucchi SUMMARY It is one hundred years since th\u00e8 birth of Mar shall McLuhan the person who predicted the digital revolution and th\u00e8 overwhelming influence of the\u00e8 mass media, including the internet and th\u00e8 iPhone, fifty years before they happened. In examining the main stages of his life and &hellip; <\/p>\n<p><a class=\"more-link btn\" href=\"https:\/\/www.rassegnastampa-totustuus.it\/cattolica\/marshall-mcluhan-profeta-dimenticato\/\">Continua a leggere<\/a><\/p>\n","protected":false},"author":6,"featured_media":23443,"comment_status":"closed","ping_status":"open","sticky":false,"template":"","format":"standard","meta":{"footnotes":""},"categories":[18],"tags":[2019,2018],"class_list":["post-4872","post","type-post","status-publish","format-standard","has-post-thumbnail","hentry","category-personaggi","tag-marshall-mcluhan","tag-mass-media","item-wrap"],"yoast_head":"<!-- This site is optimized with the Yoast SEO plugin v27.5 - https:\/\/yoast.com\/product\/yoast-seo-wordpress\/ -->\n<title>Marshall McLuhan profeta dimenticato - Rassegna Stampa Cattolica<\/title>\n<meta name=\"description\" content=\"Rassegna Stampa Cattolica - Per una cultura che nasce dalla Rivelazione cristiana in conformit\u00e0 alla tradizione e al Magistero della Chiesa in opposizione ad ogni relativismo e totalitarismo\" \/>\n<meta name=\"robots\" content=\"index, follow, max-snippet:-1, max-image-preview:large, max-video-preview:-1\" \/>\n<link rel=\"canonical\" href=\"https:\/\/www.rassegnastampa-totustuus.it\/cattolica\/marshall-mcluhan-profeta-dimenticato\/\" \/>\n<meta property=\"og:locale\" content=\"it_IT\" \/>\n<meta property=\"og:type\" content=\"article\" \/>\n<meta property=\"og:title\" content=\"Marshall McLuhan profeta dimenticato - Rassegna Stampa Cattolica\" \/>\n<meta property=\"og:description\" content=\"Rassegna Stampa Cattolica - Per una cultura che nasce dalla Rivelazione cristiana in conformit\u00e0 alla tradizione e al Magistero della Chiesa in opposizione ad ogni relativismo e totalitarismo\" \/>\n<meta property=\"og:url\" content=\"https:\/\/www.rassegnastampa-totustuus.it\/cattolica\/marshall-mcluhan-profeta-dimenticato\/\" \/>\n<meta property=\"og:site_name\" content=\"Rassegna Stampa Cattolica\" \/>\n<meta property=\"article:publisher\" content=\"https:\/\/www.facebook.com\/rassegnastampacattolica\" \/>\n<meta property=\"article:published_time\" content=\"2012-01-11T23:00:00+00:00\" \/>\n<meta property=\"article:modified_time\" content=\"2015-04-20T18:17:51+00:00\" \/>\n<meta property=\"og:image\" content=\"https:\/\/www.rassegnastampa-totustuus.it\/cattolica\/wp-content\/uploads\/2012\/01\/Marshall_McLuhan.jpg\" \/>\n\t<meta property=\"og:image:width\" content=\"262\" \/>\n\t<meta property=\"og:image:height\" content=\"192\" \/>\n\t<meta property=\"og:image:type\" content=\"image\/jpeg\" \/>\n<meta name=\"author\" content=\"Redazione\" \/>\n<meta name=\"twitter:card\" content=\"summary_large_image\" \/>\n<meta name=\"twitter:creator\" content=\"@rassegnastampa9\" \/>\n<meta name=\"twitter:site\" content=\"@rassegnastampa9\" \/>\n<meta name=\"twitter:label1\" content=\"Scritto da\" \/>\n\t<meta name=\"twitter:data1\" content=\"Redazione\" \/>\n\t<meta name=\"twitter:label2\" content=\"Tempo di lettura stimato\" \/>\n\t<meta name=\"twitter:data2\" content=\"18 minuti\" \/>\n<script type=\"application\/ld+json\" class=\"yoast-schema-graph\">{\"@context\":\"https:\\\/\\\/schema.org\",\"@graph\":[{\"@type\":\"Article\",\"@id\":\"https:\\\/\\\/www.rassegnastampa-totustuus.it\\\/cattolica\\\/marshall-mcluhan-profeta-dimenticato\\\/#article\",\"isPartOf\":{\"@id\":\"https:\\\/\\\/www.rassegnastampa-totustuus.it\\\/cattolica\\\/marshall-mcluhan-profeta-dimenticato\\\/\"},\"author\":{\"name\":\"Redazione\",\"@id\":\"https:\\\/\\\/www.rassegnastampa-totustuus.it\\\/cattolica\\\/#\\\/schema\\\/person\\\/08f319d2bd1a0904ad9e2bfb7b15e5c3\"},\"headline\":\"Marshall McLuhan profeta dimenticato\",\"datePublished\":\"2012-01-11T23:00:00+00:00\",\"dateModified\":\"2015-04-20T18:17:51+00:00\",\"mainEntityOfPage\":{\"@id\":\"https:\\\/\\\/www.rassegnastampa-totustuus.it\\\/cattolica\\\/marshall-mcluhan-profeta-dimenticato\\\/\"},\"wordCount\":3628,\"publisher\":{\"@id\":\"https:\\\/\\\/www.rassegnastampa-totustuus.it\\\/cattolica\\\/#organization\"},\"image\":{\"@id\":\"https:\\\/\\\/www.rassegnastampa-totustuus.it\\\/cattolica\\\/marshall-mcluhan-profeta-dimenticato\\\/#primaryimage\"},\"thumbnailUrl\":\"https:\\\/\\\/www.rassegnastampa-totustuus.it\\\/cattolica\\\/wp-content\\\/uploads\\\/2012\\\/01\\\/Marshall_McLuhan.jpg\",\"keywords\":[\"Marshall McLuhan\",\"mass-media\"],\"articleSection\":[\"Personaggi\"],\"inLanguage\":\"it-IT\"},{\"@type\":\"WebPage\",\"@id\":\"https:\\\/\\\/www.rassegnastampa-totustuus.it\\\/cattolica\\\/marshall-mcluhan-profeta-dimenticato\\\/\",\"url\":\"https:\\\/\\\/www.rassegnastampa-totustuus.it\\\/cattolica\\\/marshall-mcluhan-profeta-dimenticato\\\/\",\"name\":\"Marshall McLuhan profeta dimenticato - Rassegna Stampa Cattolica\",\"isPartOf\":{\"@id\":\"https:\\\/\\\/www.rassegnastampa-totustuus.it\\\/cattolica\\\/#website\"},\"primaryImageOfPage\":{\"@id\":\"https:\\\/\\\/www.rassegnastampa-totustuus.it\\\/cattolica\\\/marshall-mcluhan-profeta-dimenticato\\\/#primaryimage\"},\"image\":{\"@id\":\"https:\\\/\\\/www.rassegnastampa-totustuus.it\\\/cattolica\\\/marshall-mcluhan-profeta-dimenticato\\\/#primaryimage\"},\"thumbnailUrl\":\"https:\\\/\\\/www.rassegnastampa-totustuus.it\\\/cattolica\\\/wp-content\\\/uploads\\\/2012\\\/01\\\/Marshall_McLuhan.jpg\",\"datePublished\":\"2012-01-11T23:00:00+00:00\",\"dateModified\":\"2015-04-20T18:17:51+00:00\",\"description\":\"Rassegna Stampa Cattolica - Per una cultura che nasce dalla Rivelazione cristiana in conformit\u00e0 alla tradizione e al Magistero della Chiesa in opposizione ad ogni relativismo e totalitarismo\",\"breadcrumb\":{\"@id\":\"https:\\\/\\\/www.rassegnastampa-totustuus.it\\\/cattolica\\\/marshall-mcluhan-profeta-dimenticato\\\/#breadcrumb\"},\"inLanguage\":\"it-IT\",\"potentialAction\":[{\"@type\":\"ReadAction\",\"target\":[\"https:\\\/\\\/www.rassegnastampa-totustuus.it\\\/cattolica\\\/marshall-mcluhan-profeta-dimenticato\\\/\"]}]},{\"@type\":\"ImageObject\",\"inLanguage\":\"it-IT\",\"@id\":\"https:\\\/\\\/www.rassegnastampa-totustuus.it\\\/cattolica\\\/marshall-mcluhan-profeta-dimenticato\\\/#primaryimage\",\"url\":\"https:\\\/\\\/www.rassegnastampa-totustuus.it\\\/cattolica\\\/wp-content\\\/uploads\\\/2012\\\/01\\\/Marshall_McLuhan.jpg\",\"contentUrl\":\"https:\\\/\\\/www.rassegnastampa-totustuus.it\\\/cattolica\\\/wp-content\\\/uploads\\\/2012\\\/01\\\/Marshall_McLuhan.jpg\",\"width\":262,\"height\":192},{\"@type\":\"BreadcrumbList\",\"@id\":\"https:\\\/\\\/www.rassegnastampa-totustuus.it\\\/cattolica\\\/marshall-mcluhan-profeta-dimenticato\\\/#breadcrumb\",\"itemListElement\":[{\"@type\":\"ListItem\",\"position\":1,\"name\":\"Home\",\"item\":\"https:\\\/\\\/www.rassegnastampa-totustuus.it\\\/cattolica\\\/\"},{\"@type\":\"ListItem\",\"position\":2,\"name\":\"Marshall McLuhan profeta dimenticato\"}]},{\"@type\":\"WebSite\",\"@id\":\"https:\\\/\\\/www.rassegnastampa-totustuus.it\\\/cattolica\\\/#website\",\"url\":\"https:\\\/\\\/www.rassegnastampa-totustuus.it\\\/cattolica\\\/\",\"name\":\"Rassegna Stampa Cattolica\",\"description\":\"Per una cultura che nasce dalla Rivelazione cristiana in conformit\u00e0 alla tradizione e al Magistero della Chiesa in opposizione ad ogni relativismo e totalitarismo\",\"publisher\":{\"@id\":\"https:\\\/\\\/www.rassegnastampa-totustuus.it\\\/cattolica\\\/#organization\"},\"alternateName\":\"Rass. Cattolica\",\"potentialAction\":[{\"@type\":\"SearchAction\",\"target\":{\"@type\":\"EntryPoint\",\"urlTemplate\":\"https:\\\/\\\/www.rassegnastampa-totustuus.it\\\/cattolica\\\/?s={search_term_string}\"},\"query-input\":{\"@type\":\"PropertyValueSpecification\",\"valueRequired\":true,\"valueName\":\"search_term_string\"}}],\"inLanguage\":\"it-IT\"},{\"@type\":\"Organization\",\"@id\":\"https:\\\/\\\/www.rassegnastampa-totustuus.it\\\/cattolica\\\/#organization\",\"name\":\"Rassegna Stampa Cattolica\",\"url\":\"https:\\\/\\\/www.rassegnastampa-totustuus.it\\\/cattolica\\\/\",\"logo\":{\"@type\":\"ImageObject\",\"inLanguage\":\"it-IT\",\"@id\":\"https:\\\/\\\/www.rassegnastampa-totustuus.it\\\/cattolica\\\/#\\\/schema\\\/logo\\\/image\\\/\",\"url\":\"https:\\\/\\\/www.rassegnastampa-totustuus.it\\\/cattolica\\\/wp-content\\\/uploads\\\/2014\\\/04\\\/logo-rassegna1.gif\",\"contentUrl\":\"https:\\\/\\\/www.rassegnastampa-totustuus.it\\\/cattolica\\\/wp-content\\\/uploads\\\/2014\\\/04\\\/logo-rassegna1.gif\",\"width\":600,\"height\":163,\"caption\":\"Rassegna Stampa Cattolica\"},\"image\":{\"@id\":\"https:\\\/\\\/www.rassegnastampa-totustuus.it\\\/cattolica\\\/#\\\/schema\\\/logo\\\/image\\\/\"},\"sameAs\":[\"https:\\\/\\\/www.facebook.com\\\/rassegnastampacattolica\",\"https:\\\/\\\/x.com\\\/rassegnastampa9\"]},{\"@type\":\"Person\",\"@id\":\"https:\\\/\\\/www.rassegnastampa-totustuus.it\\\/cattolica\\\/#\\\/schema\\\/person\\\/08f319d2bd1a0904ad9e2bfb7b15e5c3\",\"name\":\"Redazione\",\"image\":{\"@type\":\"ImageObject\",\"inLanguage\":\"it-IT\",\"@id\":\"https:\\\/\\\/secure.gravatar.com\\\/avatar\\\/2fcdf27c78ea025fbdb44e914cc63c72249ffec9dc8aafd5c82b26240ef3f346?s=96&d=mm&r=g\",\"url\":\"https:\\\/\\\/secure.gravatar.com\\\/avatar\\\/2fcdf27c78ea025fbdb44e914cc63c72249ffec9dc8aafd5c82b26240ef3f346?s=96&d=mm&r=g\",\"contentUrl\":\"https:\\\/\\\/secure.gravatar.com\\\/avatar\\\/2fcdf27c78ea025fbdb44e914cc63c72249ffec9dc8aafd5c82b26240ef3f346?s=96&d=mm&r=g\",\"caption\":\"Redazione\"},\"url\":\"https:\\\/\\\/www.rassegnastampa-totustuus.it\\\/cattolica\\\/author\\\/pietroelle\\\/\"}]}<\/script>\n<!-- \/ Yoast SEO plugin. -->","yoast_head_json":{"title":"Marshall McLuhan profeta dimenticato - Rassegna Stampa Cattolica","description":"Rassegna Stampa Cattolica - Per una cultura che nasce dalla Rivelazione cristiana in conformit\u00e0 alla tradizione e al Magistero della Chiesa in opposizione ad ogni relativismo e totalitarismo","robots":{"index":"index","follow":"follow","max-snippet":"max-snippet:-1","max-image-preview":"max-image-preview:large","max-video-preview":"max-video-preview:-1"},"canonical":"https:\/\/www.rassegnastampa-totustuus.it\/cattolica\/marshall-mcluhan-profeta-dimenticato\/","og_locale":"it_IT","og_type":"article","og_title":"Marshall McLuhan profeta dimenticato - Rassegna Stampa Cattolica","og_description":"Rassegna Stampa Cattolica - Per una cultura che nasce dalla Rivelazione cristiana in conformit\u00e0 alla tradizione e al Magistero della Chiesa in opposizione ad ogni relativismo e totalitarismo","og_url":"https:\/\/www.rassegnastampa-totustuus.it\/cattolica\/marshall-mcluhan-profeta-dimenticato\/","og_site_name":"Rassegna Stampa Cattolica","article_publisher":"https:\/\/www.facebook.com\/rassegnastampacattolica","article_published_time":"2012-01-11T23:00:00+00:00","article_modified_time":"2015-04-20T18:17:51+00:00","og_image":[{"width":262,"height":192,"url":"https:\/\/www.rassegnastampa-totustuus.it\/cattolica\/wp-content\/uploads\/2012\/01\/Marshall_McLuhan.jpg","type":"image\/jpeg"}],"author":"Redazione","twitter_card":"summary_large_image","twitter_creator":"@rassegnastampa9","twitter_site":"@rassegnastampa9","twitter_misc":{"Scritto da":"Redazione","Tempo di lettura stimato":"18 minuti"},"schema":{"@context":"https:\/\/schema.org","@graph":[{"@type":"Article","@id":"https:\/\/www.rassegnastampa-totustuus.it\/cattolica\/marshall-mcluhan-profeta-dimenticato\/#article","isPartOf":{"@id":"https:\/\/www.rassegnastampa-totustuus.it\/cattolica\/marshall-mcluhan-profeta-dimenticato\/"},"author":{"name":"Redazione","@id":"https:\/\/www.rassegnastampa-totustuus.it\/cattolica\/#\/schema\/person\/08f319d2bd1a0904ad9e2bfb7b15e5c3"},"headline":"Marshall McLuhan profeta dimenticato","datePublished":"2012-01-11T23:00:00+00:00","dateModified":"2015-04-20T18:17:51+00:00","mainEntityOfPage":{"@id":"https:\/\/www.rassegnastampa-totustuus.it\/cattolica\/marshall-mcluhan-profeta-dimenticato\/"},"wordCount":3628,"publisher":{"@id":"https:\/\/www.rassegnastampa-totustuus.it\/cattolica\/#organization"},"image":{"@id":"https:\/\/www.rassegnastampa-totustuus.it\/cattolica\/marshall-mcluhan-profeta-dimenticato\/#primaryimage"},"thumbnailUrl":"https:\/\/www.rassegnastampa-totustuus.it\/cattolica\/wp-content\/uploads\/2012\/01\/Marshall_McLuhan.jpg","keywords":["Marshall McLuhan","mass-media"],"articleSection":["Personaggi"],"inLanguage":"it-IT"},{"@type":"WebPage","@id":"https:\/\/www.rassegnastampa-totustuus.it\/cattolica\/marshall-mcluhan-profeta-dimenticato\/","url":"https:\/\/www.rassegnastampa-totustuus.it\/cattolica\/marshall-mcluhan-profeta-dimenticato\/","name":"Marshall McLuhan profeta dimenticato - Rassegna Stampa Cattolica","isPartOf":{"@id":"https:\/\/www.rassegnastampa-totustuus.it\/cattolica\/#website"},"primaryImageOfPage":{"@id":"https:\/\/www.rassegnastampa-totustuus.it\/cattolica\/marshall-mcluhan-profeta-dimenticato\/#primaryimage"},"image":{"@id":"https:\/\/www.rassegnastampa-totustuus.it\/cattolica\/marshall-mcluhan-profeta-dimenticato\/#primaryimage"},"thumbnailUrl":"https:\/\/www.rassegnastampa-totustuus.it\/cattolica\/wp-content\/uploads\/2012\/01\/Marshall_McLuhan.jpg","datePublished":"2012-01-11T23:00:00+00:00","dateModified":"2015-04-20T18:17:51+00:00","description":"Rassegna Stampa Cattolica - Per una cultura che nasce dalla Rivelazione cristiana in conformit\u00e0 alla tradizione e al Magistero della Chiesa in opposizione ad ogni relativismo e totalitarismo","breadcrumb":{"@id":"https:\/\/www.rassegnastampa-totustuus.it\/cattolica\/marshall-mcluhan-profeta-dimenticato\/#breadcrumb"},"inLanguage":"it-IT","potentialAction":[{"@type":"ReadAction","target":["https:\/\/www.rassegnastampa-totustuus.it\/cattolica\/marshall-mcluhan-profeta-dimenticato\/"]}]},{"@type":"ImageObject","inLanguage":"it-IT","@id":"https:\/\/www.rassegnastampa-totustuus.it\/cattolica\/marshall-mcluhan-profeta-dimenticato\/#primaryimage","url":"https:\/\/www.rassegnastampa-totustuus.it\/cattolica\/wp-content\/uploads\/2012\/01\/Marshall_McLuhan.jpg","contentUrl":"https:\/\/www.rassegnastampa-totustuus.it\/cattolica\/wp-content\/uploads\/2012\/01\/Marshall_McLuhan.jpg","width":262,"height":192},{"@type":"BreadcrumbList","@id":"https:\/\/www.rassegnastampa-totustuus.it\/cattolica\/marshall-mcluhan-profeta-dimenticato\/#breadcrumb","itemListElement":[{"@type":"ListItem","position":1,"name":"Home","item":"https:\/\/www.rassegnastampa-totustuus.it\/cattolica\/"},{"@type":"ListItem","position":2,"name":"Marshall McLuhan profeta dimenticato"}]},{"@type":"WebSite","@id":"https:\/\/www.rassegnastampa-totustuus.it\/cattolica\/#website","url":"https:\/\/www.rassegnastampa-totustuus.it\/cattolica\/","name":"Rassegna Stampa Cattolica","description":"Per una cultura che nasce dalla Rivelazione cristiana in conformit\u00e0 alla tradizione e al Magistero della Chiesa in opposizione ad ogni relativismo e totalitarismo","publisher":{"@id":"https:\/\/www.rassegnastampa-totustuus.it\/cattolica\/#organization"},"alternateName":"Rass. Cattolica","potentialAction":[{"@type":"SearchAction","target":{"@type":"EntryPoint","urlTemplate":"https:\/\/www.rassegnastampa-totustuus.it\/cattolica\/?s={search_term_string}"},"query-input":{"@type":"PropertyValueSpecification","valueRequired":true,"valueName":"search_term_string"}}],"inLanguage":"it-IT"},{"@type":"Organization","@id":"https:\/\/www.rassegnastampa-totustuus.it\/cattolica\/#organization","name":"Rassegna Stampa Cattolica","url":"https:\/\/www.rassegnastampa-totustuus.it\/cattolica\/","logo":{"@type":"ImageObject","inLanguage":"it-IT","@id":"https:\/\/www.rassegnastampa-totustuus.it\/cattolica\/#\/schema\/logo\/image\/","url":"https:\/\/www.rassegnastampa-totustuus.it\/cattolica\/wp-content\/uploads\/2014\/04\/logo-rassegna1.gif","contentUrl":"https:\/\/www.rassegnastampa-totustuus.it\/cattolica\/wp-content\/uploads\/2014\/04\/logo-rassegna1.gif","width":600,"height":163,"caption":"Rassegna Stampa Cattolica"},"image":{"@id":"https:\/\/www.rassegnastampa-totustuus.it\/cattolica\/#\/schema\/logo\/image\/"},"sameAs":["https:\/\/www.facebook.com\/rassegnastampacattolica","https:\/\/x.com\/rassegnastampa9"]},{"@type":"Person","@id":"https:\/\/www.rassegnastampa-totustuus.it\/cattolica\/#\/schema\/person\/08f319d2bd1a0904ad9e2bfb7b15e5c3","name":"Redazione","image":{"@type":"ImageObject","inLanguage":"it-IT","@id":"https:\/\/secure.gravatar.com\/avatar\/2fcdf27c78ea025fbdb44e914cc63c72249ffec9dc8aafd5c82b26240ef3f346?s=96&d=mm&r=g","url":"https:\/\/secure.gravatar.com\/avatar\/2fcdf27c78ea025fbdb44e914cc63c72249ffec9dc8aafd5c82b26240ef3f346?s=96&d=mm&r=g","contentUrl":"https:\/\/secure.gravatar.com\/avatar\/2fcdf27c78ea025fbdb44e914cc63c72249ffec9dc8aafd5c82b26240ef3f346?s=96&d=mm&r=g","caption":"Redazione"},"url":"https:\/\/www.rassegnastampa-totustuus.it\/cattolica\/author\/pietroelle\/"}]}},"_links":{"self":[{"href":"https:\/\/www.rassegnastampa-totustuus.it\/cattolica\/wp-json\/wp\/v2\/posts\/4872","targetHints":{"allow":["GET"]}}],"collection":[{"href":"https:\/\/www.rassegnastampa-totustuus.it\/cattolica\/wp-json\/wp\/v2\/posts"}],"about":[{"href":"https:\/\/www.rassegnastampa-totustuus.it\/cattolica\/wp-json\/wp\/v2\/types\/post"}],"author":[{"embeddable":true,"href":"https:\/\/www.rassegnastampa-totustuus.it\/cattolica\/wp-json\/wp\/v2\/users\/6"}],"replies":[{"embeddable":true,"href":"https:\/\/www.rassegnastampa-totustuus.it\/cattolica\/wp-json\/wp\/v2\/comments?post=4872"}],"version-history":[{"count":3,"href":"https:\/\/www.rassegnastampa-totustuus.it\/cattolica\/wp-json\/wp\/v2\/posts\/4872\/revisions"}],"predecessor-version":[{"id":23444,"href":"https:\/\/www.rassegnastampa-totustuus.it\/cattolica\/wp-json\/wp\/v2\/posts\/4872\/revisions\/23444"}],"wp:featuredmedia":[{"embeddable":true,"href":"https:\/\/www.rassegnastampa-totustuus.it\/cattolica\/wp-json\/wp\/v2\/media\/23443"}],"wp:attachment":[{"href":"https:\/\/www.rassegnastampa-totustuus.it\/cattolica\/wp-json\/wp\/v2\/media?parent=4872"}],"wp:term":[{"taxonomy":"category","embeddable":true,"href":"https:\/\/www.rassegnastampa-totustuus.it\/cattolica\/wp-json\/wp\/v2\/categories?post=4872"},{"taxonomy":"post_tag","embeddable":true,"href":"https:\/\/www.rassegnastampa-totustuus.it\/cattolica\/wp-json\/wp\/v2\/tags?post=4872"}],"curies":[{"name":"wp","href":"https:\/\/api.w.org\/{rel}","templated":true}]}}