{"id":4867,"date":"2012-01-09T09:16:28","date_gmt":"2012-01-09T08:16:28","guid":{"rendered":""},"modified":"2017-01-29T12:47:27","modified_gmt":"2017-01-29T11:47:27","slug":"nel-mondo-arabo-siamo-di-nuovo-al-perverso-inganno-della-liberazione","status":"publish","type":"post","link":"https:\/\/www.rassegnastampa-totustuus.it\/cattolica\/nel-mondo-arabo-siamo-di-nuovo-al-perverso-inganno-della-liberazione\/","title":{"rendered":"Nel mondo arabo siamo di nuovo al perverso inganno della liberazione"},"content":{"rendered":"<div style=\"text-align: center;\"><strong><img loading=\"lazy\" decoding=\"async\" class=\"alignleft wp-image-37096\" src=\"https:\/\/www.rassegnastampa-totustuus.it\/cattolica\/wp-content\/uploads\/2012\/01\/Egitto_manifestaz.jpg\" alt=\"Egitto_manifestaz\" width=\"250\" height=\"140\" \/>l\u2019Occidentale<\/strong> 6 dicembre 2011<\/div>\n<p style=\"text-align: center;\">di <strong>Souad Sbai<\/strong><\/p>\n<p style=\"text-align: justify;\">L\u2019autunno egiziano. Lo descriveva, nel 1962, il premio Nobel egiziano Najib Mahfouz, capace come pochi di rappresentare la realt\u00e0 in maniera realistica e straordinariamente concreta. Mahfouz scriveva della rivoluzione del 1952, che sprofondava l\u2019Egitto in quel caos che avrebbe avuto il suo compimento nell\u2019assassinio di Sadat e la dittatura di Mubarak.<\/p>\n<p><!--more--><\/p>\n<div style=\"text-align: justify;\">Oggi, mentre Mahfouz viene definito un eretico dai salafiti, siamo qui a descrivere non un autunno, termine che ben si addiceva a quel periodo, bens\u00ec un inverno le cui temperature si fanno sempre pi\u00f9 rigide. Un inverno le cui ombre sinistre affondano le mani sull\u2019Egitto e su tutto il Nordafrica, sempre pi\u00f9 alla merc\u00e9 di un gioco ben congegnato e difficile ormai da stoppare.<\/div>\n<p style=\"text-align: justify;\">Le urne del Cairo sono l\u2019esempio pi\u00f9 lampante di una strategia che nessuno ha saputo n\u00e9 voluto contrastare. Analizziamo il voto. I Fratelli Musulmani spopolano, come era prevedibile, ma chi c\u2019\u00e8 dietro di loro era tutt\u2019altro che prevedibile: i salafiti con il 26% sono senza alcun dubbio l\u2019amara sorpresa di questa tornata elettorale egiziana. Ragioniamo di come questo \u00e8 accaduto, ma soprattutto del perch\u00e9 sia accaduto.<\/p>\n<p style=\"text-align: justify;\">La fratellanza non \u00e8 un gruppo che ama sporcarsi le mani pi\u00f9 di tanto, ma non perch\u00e9 abbia un certo senso dell\u2019umano in grado di guidarlo verso un consenso pacifico, ma piuttosto perch\u00e9 ama far fare il lavoro sporco ad altri. Ed ecco i salafiti, strumento di minaccia costante verso il popolo, nel caso in cui non dovesse subito genuflettersi ai suoi comandi. E lo sappiamo bene che la lama salafita corre veloce sul collo di chi alza la testa.<\/p>\n<p style=\"text-align: justify;\">Il popolo egiziano \u00e8 ormai prono alle decisioni di un gruppo che procede a passo serrato verso il progressivo abbassamento della tensione e la conseguente presa di possesso del paese. Il deserto che avanza inarrestabile, fagocitando nelle sue sabbie la vita e il pensiero anche di chi vorrebbe rimanere libero. Ma non pu\u00f2, perch\u00e9 gli si pone dinnanzi il bivio: libero di vivere, libero di morire.<\/p>\n<p style=\"text-align: justify;\">Ne siano esempio i blogger che hanno conferito il fondamento della libert\u00e0 alla rivoluzione, la cui met\u00e0 marcisce in carcere oppure nelle fosse comuni dei \u201cliberatori\u201d dell\u2019Egitto. Che demonizzano il pensiero libero per scardinare anche le radici pi\u00f9 profonde di un passato che non torner\u00e0 pi\u00f9.<\/p>\n<p style=\"text-align: justify;\">Ma lo stesso accade in Marocco, con undici giornalisti cacciati perch\u00e9 dissentivano sulla vittoria del Pjd (Parti de la justice et du d\u00e9veloppement) e un\u2019attrice nel mirino del fondamentalismo perch\u00e9 libera oppure in Tunisia, dove le donne sono cortesemente \u201cinvitate\u201d ad andare in piazza a manifestare per il velo e se non lo fanno finiscono lapidate in piazza, come puntualmente accaduto oggi.<\/p>\n<p style=\"text-align: justify;\">Chiudo gli occhi con amarezza pensando ad un nord africa che muore, lentamente e con atroce sofferenza; e negli occhi dei moderati che bruciano nelle fiamme dell\u2019integralismo iconoclasta della libert\u00e0, risento il grido delle donne algerine del 1998, allorch\u00e9 il buio stava calando sul paese e si apprestavano a vivere e combattere nell\u2019ombra. Anche allora le lame correvano veloci, in sella al perverso inganno di falsa liberazione.<\/p>\n","protected":false},"excerpt":{"rendered":"<p>l\u2019Occidentale 6 dicembre 2011 di Souad Sbai L\u2019autunno egiziano. Lo descriveva, nel 1962, il premio Nobel egiziano Najib Mahfouz, capace come pochi di rappresentare la realt\u00e0 in maniera realistica e straordinariamente concreta. Mahfouz scriveva della rivoluzione del 1952, che sprofondava l\u2019Egitto in quel caos che avrebbe avuto il suo compimento nell\u2019assassinio di Sadat e la &hellip; <\/p>\n<p><a class=\"more-link btn\" href=\"https:\/\/www.rassegnastampa-totustuus.it\/cattolica\/nel-mondo-arabo-siamo-di-nuovo-al-perverso-inganno-della-liberazione\/\">Continua a leggere<\/a><\/p>\n","protected":false},"author":6,"featured_media":37096,"comment_status":"closed","ping_status":"open","sticky":false,"template":"","format":"standard","meta":{"footnotes":""},"categories":[16],"tags":[1148,2020,1919],"class_list":["post-4867","post","type-post","status-publish","format-standard","has-post-thumbnail","hentry","category-islam","tag-egitto","tag-marocco","tag-primavere-arabe","item-wrap"],"yoast_head":"<!-- This site is optimized with the Yoast SEO plugin v27.5 - https:\/\/yoast.com\/product\/yoast-seo-wordpress\/ -->\n<title>Nel mondo arabo siamo di nuovo al perverso inganno della liberazione - Rassegna Stampa Cattolica<\/title>\n<meta name=\"description\" content=\"Rassegna Stampa Cattolica - Per una cultura che nasce dalla Rivelazione cristiana in conformit\u00e0 alla tradizione e al Magistero della Chiesa in opposizione ad ogni relativismo e totalitarismo\" \/>\n<meta name=\"robots\" content=\"index, follow, max-snippet:-1, max-image-preview:large, max-video-preview:-1\" \/>\n<link rel=\"canonical\" href=\"https:\/\/www.rassegnastampa-totustuus.it\/cattolica\/nel-mondo-arabo-siamo-di-nuovo-al-perverso-inganno-della-liberazione\/\" \/>\n<meta property=\"og:locale\" content=\"it_IT\" \/>\n<meta property=\"og:type\" content=\"article\" \/>\n<meta property=\"og:title\" content=\"Nel mondo arabo siamo di nuovo al perverso inganno della liberazione - Rassegna Stampa Cattolica\" \/>\n<meta property=\"og:description\" content=\"Rassegna Stampa Cattolica - Per una cultura che nasce dalla Rivelazione cristiana in conformit\u00e0 alla tradizione e al Magistero della Chiesa in opposizione ad ogni relativismo e totalitarismo\" \/>\n<meta property=\"og:url\" content=\"https:\/\/www.rassegnastampa-totustuus.it\/cattolica\/nel-mondo-arabo-siamo-di-nuovo-al-perverso-inganno-della-liberazione\/\" \/>\n<meta property=\"og:site_name\" content=\"Rassegna Stampa Cattolica\" \/>\n<meta property=\"article:publisher\" content=\"https:\/\/www.facebook.com\/rassegnastampacattolica\" \/>\n<meta property=\"article:published_time\" content=\"2012-01-09T08:16:28+00:00\" \/>\n<meta property=\"article:modified_time\" content=\"2017-01-29T11:47:27+00:00\" \/>\n<meta property=\"og:image\" content=\"https:\/\/www.rassegnastampa-totustuus.it\/cattolica\/wp-content\/uploads\/2012\/01\/Egitto_manifestaz.jpg\" \/>\n\t<meta property=\"og:image:width\" content=\"300\" \/>\n\t<meta property=\"og:image:height\" content=\"168\" \/>\n\t<meta property=\"og:image:type\" content=\"image\/jpeg\" \/>\n<meta name=\"author\" content=\"Redazione\" \/>\n<meta name=\"twitter:card\" content=\"summary_large_image\" \/>\n<meta name=\"twitter:creator\" content=\"@rassegnastampa9\" \/>\n<meta name=\"twitter:site\" content=\"@rassegnastampa9\" \/>\n<meta name=\"twitter:label1\" content=\"Scritto da\" \/>\n\t<meta name=\"twitter:data1\" content=\"Redazione\" \/>\n\t<meta name=\"twitter:label2\" content=\"Tempo di lettura stimato\" \/>\n\t<meta name=\"twitter:data2\" content=\"3 minuti\" \/>\n<script type=\"application\/ld+json\" class=\"yoast-schema-graph\">{\"@context\":\"https:\\\/\\\/schema.org\",\"@graph\":[{\"@type\":\"Article\",\"@id\":\"https:\\\/\\\/www.rassegnastampa-totustuus.it\\\/cattolica\\\/nel-mondo-arabo-siamo-di-nuovo-al-perverso-inganno-della-liberazione\\\/#article\",\"isPartOf\":{\"@id\":\"https:\\\/\\\/www.rassegnastampa-totustuus.it\\\/cattolica\\\/nel-mondo-arabo-siamo-di-nuovo-al-perverso-inganno-della-liberazione\\\/\"},\"author\":{\"name\":\"Redazione\",\"@id\":\"https:\\\/\\\/www.rassegnastampa-totustuus.it\\\/cattolica\\\/#\\\/schema\\\/person\\\/08f319d2bd1a0904ad9e2bfb7b15e5c3\"},\"headline\":\"Nel mondo arabo siamo di nuovo al perverso inganno della liberazione\",\"datePublished\":\"2012-01-09T08:16:28+00:00\",\"dateModified\":\"2017-01-29T11:47:27+00:00\",\"mainEntityOfPage\":{\"@id\":\"https:\\\/\\\/www.rassegnastampa-totustuus.it\\\/cattolica\\\/nel-mondo-arabo-siamo-di-nuovo-al-perverso-inganno-della-liberazione\\\/\"},\"wordCount\":525,\"publisher\":{\"@id\":\"https:\\\/\\\/www.rassegnastampa-totustuus.it\\\/cattolica\\\/#organization\"},\"image\":{\"@id\":\"https:\\\/\\\/www.rassegnastampa-totustuus.it\\\/cattolica\\\/nel-mondo-arabo-siamo-di-nuovo-al-perverso-inganno-della-liberazione\\\/#primaryimage\"},\"thumbnailUrl\":\"https:\\\/\\\/www.rassegnastampa-totustuus.it\\\/cattolica\\\/wp-content\\\/uploads\\\/2012\\\/01\\\/Egitto_manifestaz.jpg\",\"keywords\":[\"Egitto\",\"marocco\",\"primavere arabe\"],\"articleSection\":[\"Islam\"],\"inLanguage\":\"it-IT\"},{\"@type\":\"WebPage\",\"@id\":\"https:\\\/\\\/www.rassegnastampa-totustuus.it\\\/cattolica\\\/nel-mondo-arabo-siamo-di-nuovo-al-perverso-inganno-della-liberazione\\\/\",\"url\":\"https:\\\/\\\/www.rassegnastampa-totustuus.it\\\/cattolica\\\/nel-mondo-arabo-siamo-di-nuovo-al-perverso-inganno-della-liberazione\\\/\",\"name\":\"Nel mondo arabo siamo di nuovo al perverso inganno della liberazione - Rassegna Stampa Cattolica\",\"isPartOf\":{\"@id\":\"https:\\\/\\\/www.rassegnastampa-totustuus.it\\\/cattolica\\\/#website\"},\"primaryImageOfPage\":{\"@id\":\"https:\\\/\\\/www.rassegnastampa-totustuus.it\\\/cattolica\\\/nel-mondo-arabo-siamo-di-nuovo-al-perverso-inganno-della-liberazione\\\/#primaryimage\"},\"image\":{\"@id\":\"https:\\\/\\\/www.rassegnastampa-totustuus.it\\\/cattolica\\\/nel-mondo-arabo-siamo-di-nuovo-al-perverso-inganno-della-liberazione\\\/#primaryimage\"},\"thumbnailUrl\":\"https:\\\/\\\/www.rassegnastampa-totustuus.it\\\/cattolica\\\/wp-content\\\/uploads\\\/2012\\\/01\\\/Egitto_manifestaz.jpg\",\"datePublished\":\"2012-01-09T08:16:28+00:00\",\"dateModified\":\"2017-01-29T11:47:27+00:00\",\"description\":\"Rassegna Stampa Cattolica - Per una cultura che nasce dalla Rivelazione cristiana in conformit\u00e0 alla tradizione e al Magistero della Chiesa in opposizione ad ogni relativismo e totalitarismo\",\"breadcrumb\":{\"@id\":\"https:\\\/\\\/www.rassegnastampa-totustuus.it\\\/cattolica\\\/nel-mondo-arabo-siamo-di-nuovo-al-perverso-inganno-della-liberazione\\\/#breadcrumb\"},\"inLanguage\":\"it-IT\",\"potentialAction\":[{\"@type\":\"ReadAction\",\"target\":[\"https:\\\/\\\/www.rassegnastampa-totustuus.it\\\/cattolica\\\/nel-mondo-arabo-siamo-di-nuovo-al-perverso-inganno-della-liberazione\\\/\"]}]},{\"@type\":\"ImageObject\",\"inLanguage\":\"it-IT\",\"@id\":\"https:\\\/\\\/www.rassegnastampa-totustuus.it\\\/cattolica\\\/nel-mondo-arabo-siamo-di-nuovo-al-perverso-inganno-della-liberazione\\\/#primaryimage\",\"url\":\"https:\\\/\\\/www.rassegnastampa-totustuus.it\\\/cattolica\\\/wp-content\\\/uploads\\\/2012\\\/01\\\/Egitto_manifestaz.jpg\",\"contentUrl\":\"https:\\\/\\\/www.rassegnastampa-totustuus.it\\\/cattolica\\\/wp-content\\\/uploads\\\/2012\\\/01\\\/Egitto_manifestaz.jpg\",\"width\":300,\"height\":168},{\"@type\":\"BreadcrumbList\",\"@id\":\"https:\\\/\\\/www.rassegnastampa-totustuus.it\\\/cattolica\\\/nel-mondo-arabo-siamo-di-nuovo-al-perverso-inganno-della-liberazione\\\/#breadcrumb\",\"itemListElement\":[{\"@type\":\"ListItem\",\"position\":1,\"name\":\"Home\",\"item\":\"https:\\\/\\\/www.rassegnastampa-totustuus.it\\\/cattolica\\\/\"},{\"@type\":\"ListItem\",\"position\":2,\"name\":\"Nel mondo arabo siamo di nuovo al perverso inganno della liberazione\"}]},{\"@type\":\"WebSite\",\"@id\":\"https:\\\/\\\/www.rassegnastampa-totustuus.it\\\/cattolica\\\/#website\",\"url\":\"https:\\\/\\\/www.rassegnastampa-totustuus.it\\\/cattolica\\\/\",\"name\":\"Rassegna Stampa Cattolica\",\"description\":\"Per una cultura che nasce dalla Rivelazione cristiana in conformit\u00e0 alla tradizione e al Magistero della Chiesa in opposizione ad ogni relativismo e totalitarismo\",\"publisher\":{\"@id\":\"https:\\\/\\\/www.rassegnastampa-totustuus.it\\\/cattolica\\\/#organization\"},\"alternateName\":\"Rass. Cattolica\",\"potentialAction\":[{\"@type\":\"SearchAction\",\"target\":{\"@type\":\"EntryPoint\",\"urlTemplate\":\"https:\\\/\\\/www.rassegnastampa-totustuus.it\\\/cattolica\\\/?s={search_term_string}\"},\"query-input\":{\"@type\":\"PropertyValueSpecification\",\"valueRequired\":true,\"valueName\":\"search_term_string\"}}],\"inLanguage\":\"it-IT\"},{\"@type\":\"Organization\",\"@id\":\"https:\\\/\\\/www.rassegnastampa-totustuus.it\\\/cattolica\\\/#organization\",\"name\":\"Rassegna Stampa Cattolica\",\"url\":\"https:\\\/\\\/www.rassegnastampa-totustuus.it\\\/cattolica\\\/\",\"logo\":{\"@type\":\"ImageObject\",\"inLanguage\":\"it-IT\",\"@id\":\"https:\\\/\\\/www.rassegnastampa-totustuus.it\\\/cattolica\\\/#\\\/schema\\\/logo\\\/image\\\/\",\"url\":\"https:\\\/\\\/www.rassegnastampa-totustuus.it\\\/cattolica\\\/wp-content\\\/uploads\\\/2014\\\/04\\\/logo-rassegna1.gif\",\"contentUrl\":\"https:\\\/\\\/www.rassegnastampa-totustuus.it\\\/cattolica\\\/wp-content\\\/uploads\\\/2014\\\/04\\\/logo-rassegna1.gif\",\"width\":600,\"height\":163,\"caption\":\"Rassegna Stampa Cattolica\"},\"image\":{\"@id\":\"https:\\\/\\\/www.rassegnastampa-totustuus.it\\\/cattolica\\\/#\\\/schema\\\/logo\\\/image\\\/\"},\"sameAs\":[\"https:\\\/\\\/www.facebook.com\\\/rassegnastampacattolica\",\"https:\\\/\\\/x.com\\\/rassegnastampa9\"]},{\"@type\":\"Person\",\"@id\":\"https:\\\/\\\/www.rassegnastampa-totustuus.it\\\/cattolica\\\/#\\\/schema\\\/person\\\/08f319d2bd1a0904ad9e2bfb7b15e5c3\",\"name\":\"Redazione\",\"image\":{\"@type\":\"ImageObject\",\"inLanguage\":\"it-IT\",\"@id\":\"https:\\\/\\\/secure.gravatar.com\\\/avatar\\\/2fcdf27c78ea025fbdb44e914cc63c72249ffec9dc8aafd5c82b26240ef3f346?s=96&d=mm&r=g\",\"url\":\"https:\\\/\\\/secure.gravatar.com\\\/avatar\\\/2fcdf27c78ea025fbdb44e914cc63c72249ffec9dc8aafd5c82b26240ef3f346?s=96&d=mm&r=g\",\"contentUrl\":\"https:\\\/\\\/secure.gravatar.com\\\/avatar\\\/2fcdf27c78ea025fbdb44e914cc63c72249ffec9dc8aafd5c82b26240ef3f346?s=96&d=mm&r=g\",\"caption\":\"Redazione\"},\"url\":\"https:\\\/\\\/www.rassegnastampa-totustuus.it\\\/cattolica\\\/author\\\/pietroelle\\\/\"}]}<\/script>\n<!-- \/ Yoast SEO plugin. -->","yoast_head_json":{"title":"Nel mondo arabo siamo di nuovo al perverso inganno della liberazione - Rassegna Stampa Cattolica","description":"Rassegna Stampa Cattolica - Per una cultura che nasce dalla Rivelazione cristiana in conformit\u00e0 alla tradizione e al Magistero della Chiesa in opposizione ad ogni relativismo e totalitarismo","robots":{"index":"index","follow":"follow","max-snippet":"max-snippet:-1","max-image-preview":"max-image-preview:large","max-video-preview":"max-video-preview:-1"},"canonical":"https:\/\/www.rassegnastampa-totustuus.it\/cattolica\/nel-mondo-arabo-siamo-di-nuovo-al-perverso-inganno-della-liberazione\/","og_locale":"it_IT","og_type":"article","og_title":"Nel mondo arabo siamo di nuovo al perverso inganno della liberazione - Rassegna Stampa Cattolica","og_description":"Rassegna Stampa Cattolica - Per una cultura che nasce dalla Rivelazione cristiana in conformit\u00e0 alla tradizione e al Magistero della Chiesa in opposizione ad ogni relativismo e totalitarismo","og_url":"https:\/\/www.rassegnastampa-totustuus.it\/cattolica\/nel-mondo-arabo-siamo-di-nuovo-al-perverso-inganno-della-liberazione\/","og_site_name":"Rassegna Stampa Cattolica","article_publisher":"https:\/\/www.facebook.com\/rassegnastampacattolica","article_published_time":"2012-01-09T08:16:28+00:00","article_modified_time":"2017-01-29T11:47:27+00:00","og_image":[{"width":300,"height":168,"url":"https:\/\/www.rassegnastampa-totustuus.it\/cattolica\/wp-content\/uploads\/2012\/01\/Egitto_manifestaz.jpg","type":"image\/jpeg"}],"author":"Redazione","twitter_card":"summary_large_image","twitter_creator":"@rassegnastampa9","twitter_site":"@rassegnastampa9","twitter_misc":{"Scritto da":"Redazione","Tempo di lettura stimato":"3 minuti"},"schema":{"@context":"https:\/\/schema.org","@graph":[{"@type":"Article","@id":"https:\/\/www.rassegnastampa-totustuus.it\/cattolica\/nel-mondo-arabo-siamo-di-nuovo-al-perverso-inganno-della-liberazione\/#article","isPartOf":{"@id":"https:\/\/www.rassegnastampa-totustuus.it\/cattolica\/nel-mondo-arabo-siamo-di-nuovo-al-perverso-inganno-della-liberazione\/"},"author":{"name":"Redazione","@id":"https:\/\/www.rassegnastampa-totustuus.it\/cattolica\/#\/schema\/person\/08f319d2bd1a0904ad9e2bfb7b15e5c3"},"headline":"Nel mondo arabo siamo di nuovo al perverso inganno della liberazione","datePublished":"2012-01-09T08:16:28+00:00","dateModified":"2017-01-29T11:47:27+00:00","mainEntityOfPage":{"@id":"https:\/\/www.rassegnastampa-totustuus.it\/cattolica\/nel-mondo-arabo-siamo-di-nuovo-al-perverso-inganno-della-liberazione\/"},"wordCount":525,"publisher":{"@id":"https:\/\/www.rassegnastampa-totustuus.it\/cattolica\/#organization"},"image":{"@id":"https:\/\/www.rassegnastampa-totustuus.it\/cattolica\/nel-mondo-arabo-siamo-di-nuovo-al-perverso-inganno-della-liberazione\/#primaryimage"},"thumbnailUrl":"https:\/\/www.rassegnastampa-totustuus.it\/cattolica\/wp-content\/uploads\/2012\/01\/Egitto_manifestaz.jpg","keywords":["Egitto","marocco","primavere arabe"],"articleSection":["Islam"],"inLanguage":"it-IT"},{"@type":"WebPage","@id":"https:\/\/www.rassegnastampa-totustuus.it\/cattolica\/nel-mondo-arabo-siamo-di-nuovo-al-perverso-inganno-della-liberazione\/","url":"https:\/\/www.rassegnastampa-totustuus.it\/cattolica\/nel-mondo-arabo-siamo-di-nuovo-al-perverso-inganno-della-liberazione\/","name":"Nel mondo arabo siamo di nuovo al perverso inganno della liberazione - Rassegna Stampa Cattolica","isPartOf":{"@id":"https:\/\/www.rassegnastampa-totustuus.it\/cattolica\/#website"},"primaryImageOfPage":{"@id":"https:\/\/www.rassegnastampa-totustuus.it\/cattolica\/nel-mondo-arabo-siamo-di-nuovo-al-perverso-inganno-della-liberazione\/#primaryimage"},"image":{"@id":"https:\/\/www.rassegnastampa-totustuus.it\/cattolica\/nel-mondo-arabo-siamo-di-nuovo-al-perverso-inganno-della-liberazione\/#primaryimage"},"thumbnailUrl":"https:\/\/www.rassegnastampa-totustuus.it\/cattolica\/wp-content\/uploads\/2012\/01\/Egitto_manifestaz.jpg","datePublished":"2012-01-09T08:16:28+00:00","dateModified":"2017-01-29T11:47:27+00:00","description":"Rassegna Stampa Cattolica - Per una cultura che nasce dalla Rivelazione cristiana in conformit\u00e0 alla tradizione e al Magistero della Chiesa in opposizione ad ogni relativismo e totalitarismo","breadcrumb":{"@id":"https:\/\/www.rassegnastampa-totustuus.it\/cattolica\/nel-mondo-arabo-siamo-di-nuovo-al-perverso-inganno-della-liberazione\/#breadcrumb"},"inLanguage":"it-IT","potentialAction":[{"@type":"ReadAction","target":["https:\/\/www.rassegnastampa-totustuus.it\/cattolica\/nel-mondo-arabo-siamo-di-nuovo-al-perverso-inganno-della-liberazione\/"]}]},{"@type":"ImageObject","inLanguage":"it-IT","@id":"https:\/\/www.rassegnastampa-totustuus.it\/cattolica\/nel-mondo-arabo-siamo-di-nuovo-al-perverso-inganno-della-liberazione\/#primaryimage","url":"https:\/\/www.rassegnastampa-totustuus.it\/cattolica\/wp-content\/uploads\/2012\/01\/Egitto_manifestaz.jpg","contentUrl":"https:\/\/www.rassegnastampa-totustuus.it\/cattolica\/wp-content\/uploads\/2012\/01\/Egitto_manifestaz.jpg","width":300,"height":168},{"@type":"BreadcrumbList","@id":"https:\/\/www.rassegnastampa-totustuus.it\/cattolica\/nel-mondo-arabo-siamo-di-nuovo-al-perverso-inganno-della-liberazione\/#breadcrumb","itemListElement":[{"@type":"ListItem","position":1,"name":"Home","item":"https:\/\/www.rassegnastampa-totustuus.it\/cattolica\/"},{"@type":"ListItem","position":2,"name":"Nel mondo arabo siamo di nuovo al perverso inganno della liberazione"}]},{"@type":"WebSite","@id":"https:\/\/www.rassegnastampa-totustuus.it\/cattolica\/#website","url":"https:\/\/www.rassegnastampa-totustuus.it\/cattolica\/","name":"Rassegna Stampa Cattolica","description":"Per una cultura che nasce dalla Rivelazione cristiana in conformit\u00e0 alla tradizione e al Magistero della Chiesa in opposizione ad ogni relativismo e totalitarismo","publisher":{"@id":"https:\/\/www.rassegnastampa-totustuus.it\/cattolica\/#organization"},"alternateName":"Rass. Cattolica","potentialAction":[{"@type":"SearchAction","target":{"@type":"EntryPoint","urlTemplate":"https:\/\/www.rassegnastampa-totustuus.it\/cattolica\/?s={search_term_string}"},"query-input":{"@type":"PropertyValueSpecification","valueRequired":true,"valueName":"search_term_string"}}],"inLanguage":"it-IT"},{"@type":"Organization","@id":"https:\/\/www.rassegnastampa-totustuus.it\/cattolica\/#organization","name":"Rassegna Stampa Cattolica","url":"https:\/\/www.rassegnastampa-totustuus.it\/cattolica\/","logo":{"@type":"ImageObject","inLanguage":"it-IT","@id":"https:\/\/www.rassegnastampa-totustuus.it\/cattolica\/#\/schema\/logo\/image\/","url":"https:\/\/www.rassegnastampa-totustuus.it\/cattolica\/wp-content\/uploads\/2014\/04\/logo-rassegna1.gif","contentUrl":"https:\/\/www.rassegnastampa-totustuus.it\/cattolica\/wp-content\/uploads\/2014\/04\/logo-rassegna1.gif","width":600,"height":163,"caption":"Rassegna Stampa Cattolica"},"image":{"@id":"https:\/\/www.rassegnastampa-totustuus.it\/cattolica\/#\/schema\/logo\/image\/"},"sameAs":["https:\/\/www.facebook.com\/rassegnastampacattolica","https:\/\/x.com\/rassegnastampa9"]},{"@type":"Person","@id":"https:\/\/www.rassegnastampa-totustuus.it\/cattolica\/#\/schema\/person\/08f319d2bd1a0904ad9e2bfb7b15e5c3","name":"Redazione","image":{"@type":"ImageObject","inLanguage":"it-IT","@id":"https:\/\/secure.gravatar.com\/avatar\/2fcdf27c78ea025fbdb44e914cc63c72249ffec9dc8aafd5c82b26240ef3f346?s=96&d=mm&r=g","url":"https:\/\/secure.gravatar.com\/avatar\/2fcdf27c78ea025fbdb44e914cc63c72249ffec9dc8aafd5c82b26240ef3f346?s=96&d=mm&r=g","contentUrl":"https:\/\/secure.gravatar.com\/avatar\/2fcdf27c78ea025fbdb44e914cc63c72249ffec9dc8aafd5c82b26240ef3f346?s=96&d=mm&r=g","caption":"Redazione"},"url":"https:\/\/www.rassegnastampa-totustuus.it\/cattolica\/author\/pietroelle\/"}]}},"_links":{"self":[{"href":"https:\/\/www.rassegnastampa-totustuus.it\/cattolica\/wp-json\/wp\/v2\/posts\/4867","targetHints":{"allow":["GET"]}}],"collection":[{"href":"https:\/\/www.rassegnastampa-totustuus.it\/cattolica\/wp-json\/wp\/v2\/posts"}],"about":[{"href":"https:\/\/www.rassegnastampa-totustuus.it\/cattolica\/wp-json\/wp\/v2\/types\/post"}],"author":[{"embeddable":true,"href":"https:\/\/www.rassegnastampa-totustuus.it\/cattolica\/wp-json\/wp\/v2\/users\/6"}],"replies":[{"embeddable":true,"href":"https:\/\/www.rassegnastampa-totustuus.it\/cattolica\/wp-json\/wp\/v2\/comments?post=4867"}],"version-history":[{"count":4,"href":"https:\/\/www.rassegnastampa-totustuus.it\/cattolica\/wp-json\/wp\/v2\/posts\/4867\/revisions"}],"predecessor-version":[{"id":37097,"href":"https:\/\/www.rassegnastampa-totustuus.it\/cattolica\/wp-json\/wp\/v2\/posts\/4867\/revisions\/37097"}],"wp:featuredmedia":[{"embeddable":true,"href":"https:\/\/www.rassegnastampa-totustuus.it\/cattolica\/wp-json\/wp\/v2\/media\/37096"}],"wp:attachment":[{"href":"https:\/\/www.rassegnastampa-totustuus.it\/cattolica\/wp-json\/wp\/v2\/media?parent=4867"}],"wp:term":[{"taxonomy":"category","embeddable":true,"href":"https:\/\/www.rassegnastampa-totustuus.it\/cattolica\/wp-json\/wp\/v2\/categories?post=4867"},{"taxonomy":"post_tag","embeddable":true,"href":"https:\/\/www.rassegnastampa-totustuus.it\/cattolica\/wp-json\/wp\/v2\/tags?post=4867"}],"curies":[{"name":"wp","href":"https:\/\/api.w.org\/{rel}","templated":true}]}}