{"id":48616,"date":"2020-10-01T00:00:31","date_gmt":"2020-09-30T22:00:31","guid":{"rendered":"http:\/\/www.rassegnastampa-totustuus.it\/cattolica\/?p=48616"},"modified":"2020-10-01T10:22:00","modified_gmt":"2020-10-01T08:22:00","slug":"solo-il-cristianesimo-ci-dice-chi-siamo","status":"publish","type":"post","link":"https:\/\/www.rassegnastampa-totustuus.it\/cattolica\/solo-il-cristianesimo-ci-dice-chi-siamo\/","title":{"rendered":"Solo il cristianesimo ci dice chi siamo"},"content":{"rendered":"<p style=\"text-align: center;\"><span style=\"color: #000000;\"><strong> <a href=\"https:\/\/www.rassegnastampa-totustuus.it\/cattolica\/wp-content\/uploads\/2016\/01\/Vandea1.jpg\"><img loading=\"lazy\" decoding=\"async\" class=\"size-full wp-image-29468 alignleft\" src=\"https:\/\/www.rassegnastampa-totustuus.it\/cattolica\/wp-content\/uploads\/2016\/01\/Vandea1.jpg\" alt=\"\" width=\"248\" height=\"203\" \/><\/a><\/strong>di <strong>Marco Respinti <\/strong><\/span><\/p>\n<p style=\"text-align: justify;\"><span style=\"color: #000000;\"><em>Versione completa e originale dell\u2019articolo pubblicato su l\u2019Indipendente Giornale d\u2019opinione dal Nord, Milano 18 Maggio 2015 con il titolo: \u201cCrisi dell\u2019Occidente\/2 \u2013 No, solo il cristianesimo ci dice chi siamo\u201d<strong>.<\/strong><\/em><\/span><\/p>\n<p style=\"text-align: justify;\"><span style=\"color: #000000;\">I socialisti utopisti e romantici dell\u2019Ottocento, e i guevaristi della domenica della seconda met\u00e0 del secolo XX, amavano definire Ges\u00f9 \u201cil primo rivoluzionario della storia\u201d. Poi Karl Marx ha spazzato via tutto con la scientifizzazione del socialismo e i suoi attuatori hanno sbattuto nel Gulag gli ultimi epigoni di quell\u2019antica scempiaggine.<\/span><\/p>\n<p><!--more--><\/p>\n<p style=\"text-align: justify;\"><span style=\"color: #000000;\">Da allora paragonare Ges\u00f9 a Marx \u00e8 come paragonare Adolf Hitler a un rabbino. Basta un giro nei cimiteri dei troppi Paesi schiantati dal totalitarismo comunista per sincerarsene, ma non farlo porta a quei gravi scompensi del pensiero che immaginano un cristianesimo nichilista fondato su un annullamento di s\u00e9 para buddista e su un pauperismo da chiliasmo ereticale d\u2019antan. <\/span><\/p>\n<p style=\"text-align: justify;\"><span style=\"color: #000000;\"><a href=\"https:\/\/www.rassegnastampa-totustuus.it\/cattolica\/wp-content\/uploads\/2019\/03\/Cristo_Marx_cattocomunismo.jpg\"><img loading=\"lazy\" decoding=\"async\" class=\"size-medium wp-image-42584 alignright\" src=\"https:\/\/www.rassegnastampa-totustuus.it\/cattolica\/wp-content\/uploads\/2019\/03\/Cristo_Marx_cattocomunismo-300x185.jpg\" alt=\"\" width=\"300\" height=\"185\" srcset=\"https:\/\/www.rassegnastampa-totustuus.it\/cattolica\/wp-content\/uploads\/2019\/03\/Cristo_Marx_cattocomunismo-300x185.jpg 300w, https:\/\/www.rassegnastampa-totustuus.it\/cattolica\/wp-content\/uploads\/2019\/03\/Cristo_Marx_cattocomunismo-768x475.jpg 768w, https:\/\/www.rassegnastampa-totustuus.it\/cattolica\/wp-content\/uploads\/2019\/03\/Cristo_Marx_cattocomunismo-1024x633.jpg 1024w, https:\/\/www.rassegnastampa-totustuus.it\/cattolica\/wp-content\/uploads\/2019\/03\/Cristo_Marx_cattocomunismo.jpg 1577w\" sizes=\"auto, (max-width: 300px) 100vw, 300px\" \/><\/a>Sono tesi peraltro vecchie. Ci hanno gi\u00e0 fatto carriera Friedrich Nietzsche, Julius Evola e l\u2019intera compagnia del GRECE di Alain deBenoist. La vecchia tiritera sul cristianesimo che avrebbe debosciato e poi piegato la virtuosa civilt\u00e0 greco-romana incanta infatti solo quelli con gli scaffali della biblioteca li tengono vuoti.<\/span><\/p>\n<p style=\"text-align: justify;\"><span style=\"color: #000000;\"> A parte il fatto che i virtuosi greco-romani, oltre a regalarci cose eccelse come la metafisica dell\u2019essere e il diritto, ogni tanto se lo mettevano volentieri nel sette proprio come amava fare un buon numero di nazionalsocialisti, la qualcosa cristiani o non cristiani non \u00e8 mai una bella cosa, forse bisognerebbe ripassare la storia dei ceti senatoriali, dell\u2019esercito e della <em>cr\u00e8me<\/em> della societ\u00e0 romana che restarono affascinati subito dal cristianesimo, e come, dice bene lo storico francese Jean Dumont (1923-2001), pi\u00f9 che altro rafforzarono quel che ancora c\u2019era da rafforzare nel mondo antico invece di ucciderlo. <\/span><\/p>\n<p style=\"text-align: justify;\"><span style=\"color: #000000;\">Rileggere dunque Gustave Bardy (1881-1955) o Marta Sordi (1925-2009),Rodney Stark o Ilaria Ramelli. <\/span><\/p>\n<p style=\"text-align: justify;\"><span style=\"color: #000000;\"><a href=\"https:\/\/www.rassegnastampa-totustuus.it\/cattolica\/wp-content\/uploads\/2020\/09\/martiri_Maurizio_legione_Tebea.jpg\"><img loading=\"lazy\" decoding=\"async\" class=\"size-full wp-image-48617 alignleft\" src=\"https:\/\/www.rassegnastampa-totustuus.it\/cattolica\/wp-content\/uploads\/2020\/09\/martiri_Maurizio_legione_Tebea.jpg\" alt=\"\" width=\"206\" height=\"245\" \/><\/a>Pensiamo alla Legione tebea, ai tanti santi militari, all\u2019indefessa fedelt\u00e0 dei cristiani verso l\u2019impero salvo la bestemmia, ovvero quando gl\u2019imperatori, facendo torto a se stessi e al meglio della <em>latinitas,<\/em> imposero l\u2019assurda e orientale adorazione divina di s\u00e9. Quella cio\u00e8 che manda in sollucchero i nietzscheani e gli evoliani amanti delle satrapie orientali; che,secondo la lezione di Karl A. Wittfogel, alligna nel DNA dell\u2019utopia autocratica del socialcomunismo ieri e nella pulsioni autoritarie della Russia odierna; \u00e8 che \u00e8 pure alla base del sogno del califfato universale. <\/span><span style=\"color: #000000;\">Il contrario esatto, insomma, dell\u2019ideale della <em>monarchia univeralis<\/em> cristiana. <\/span><\/p>\n<p style=\"text-align: justify;\"><span style=\"color: #000000;\">Perch\u00e9 il cristianesimo ha dato, a noi e al mondo, tutto: dalla partita doppia inventata in un convento francescano (si studi Oreste Bazzicchi) agli occhiali con cui si leggeva nel Medioevo, dai mulini che hanno estinto la schiavit\u00f9 ai vertici pi\u00f9 raffinati del pensiero. Tant\u2019\u00e8 che i suoi avversari sono sempre antioccidentalisti smaccati. <\/span><\/p>\n<p style=\"text-align: justify;\"><span style=\"color: #000000;\"><a href=\"https:\/\/www.rassegnastampa-totustuus.it\/cattolica\/wp-content\/uploads\/2020\/08\/Isis.jpg\"><img loading=\"lazy\" decoding=\"async\" class=\"size-full wp-image-48071 alignright\" src=\"https:\/\/www.rassegnastampa-totustuus.it\/cattolica\/wp-content\/uploads\/2020\/08\/Isis.jpg\" alt=\"\" width=\"256\" height=\"180\" \/><\/a>Non \u00e8 una tesi noialtri originale nemmeno questa. Giuliano Ferrara, ai tempi d\u2019oro de <em>Il Foglio<\/em>, parl\u00f2 di stanchezza dell\u2019Occidente. Vero, verissimo. Una stanchezza che \u00e8 figlia del suo ventre molle, la democrazia, quel mito incapacitante che oggi ci ammutolisce, ostaggi della tolleranza e del garantismo davanti ai vari al Qaeda o ISIS. Suona <em>neocon<\/em>? Menomale. La stanchezza dell\u2019Occidente democratico \u00e8 per\u00f2 roba illuminista, eresia sporca del cristianesimo. Non del cristianesimo. <\/span><\/p>\n<p style=\"text-align: justify;\"><span style=\"color: #000000;\">Non sappiamo (pi\u00f9) reagire perch\u00e9 del cristianesimo abbiamo preso solo l\u2019eresia, non la verit\u00e0. E l\u2019eresia non \u00e8 una devianza, \u00e8 il capovolgimento della dottrina. In vetta non c\u2019\u00e8 pi\u00f9 Cristo ma Voltaire. Altrimenti avremmo ancora i crociati, i vandeani, i maroniti libanesi. Quel che fa ben sperare sono gli assiri cristiani che rispondono colpo su colpo al nemico mentre noialtri neoilluministi facciamo gli occhioni dolci all\u2019ONU. \u00a0<\/span><\/p>\n<p style=\"text-align: justify;\"><span style=\"color: #000000;\"><a href=\"https:\/\/www.rassegnastampa-totustuus.it\/cattolica\/wp-content\/uploads\/2012\/09\/crociate.jpg\"><img loading=\"lazy\" decoding=\"async\" class=\"size-full wp-image-27311 alignleft\" src=\"https:\/\/www.rassegnastampa-totustuus.it\/cattolica\/wp-content\/uploads\/2012\/09\/crociate.jpg\" alt=\"\" width=\"192\" height=\"263\" \/><\/a>Del resto l\u2019islamismo non \u00e8 imbattibile. La teologia cristiana fondata sulla metafisica greca ne \u00e8 un solvente potente. La risposta militare, quando serve, a una teologia che \u00e8 aggressiva sin dal secolo VII pure. Ma soprattutto \u00e8 il nichilismo, questo s\u00ec, insito nelle frange pi\u00f9 estremiste e assetate di morte dell\u2019islam a consumarlo inesorabilmente da dentro. <\/span><\/p>\n<p style=\"text-align: justify;\"><span style=\"color: #000000;\">I molti sussulti estremistici che da secoli lo attraversano sono stati tutti sempre e inesorabilmente riassorbiti dalle masse musulmane stesse, umane sin troppo umane pure esse. \u00c8 un falso mito caro alla mentalit\u00e0 superomista e un po\u2019 antisemita (quella che punta l\u2019indice contro \u201cil socialismo ebraico\u201d) degli antioccidentalisti di professione l\u2019idea che l\u2019islam sia puro e imbattibile. <\/span><\/p>\n<p style=\"text-align: justify;\"><span style=\"color: #000000;\">Anche l\u2019islamismo si smorza, con i petrodollari e l\u2019acqua di fuoco. <\/span><span style=\"color: #000000;\">Infatti la recrudescenza del terrorismo islamico dal 2000 in qua \u00e8 principalmente una guerra civile intraislamica, una guerra civile che va avanti da che islam \u00e8 islam. L\u2019Occidente? Ha gi\u00e0 dato prova sufficiente di antinichilismo con la Reconquista nella Penisola iberica. Appena smetter\u00e0 di piangersi illuministicamente addosso e di commiserare la propria depressione giacobina torner\u00e0 a smagliare e a guidare il mondo come faro di civilt\u00e0. <\/span><\/p>\n<p style=\"text-align: justify;\"><span style=\"color: #000000;\"><a href=\"https:\/\/www.rassegnastampa-totustuus.it\/cattolica\/wp-content\/uploads\/2005\/08\/Carlisti_Spagna.jpg\"><img loading=\"lazy\" decoding=\"async\" class=\"size-full wp-image-28094 alignright\" src=\"https:\/\/www.rassegnastampa-totustuus.it\/cattolica\/wp-content\/uploads\/2005\/08\/Carlisti_Spagna.jpg\" alt=\"\" width=\"188\" height=\"268\" \/><\/a>Gli sproni esterni servono. La prima volta che gli europei si sono riconosciuti e sono stati riconosciuti come tali fu alla battaglia di Poitiers con Carlo Martello, per contrasto a quelli che, musulmani, un nome-identit\u00e0 gi\u00e0 l\u2019avevano. Erano i cristiani, quelli interi, non le mammolette che si contrabbandano per tali. <\/span><\/p>\n<p style=\"text-align: justify;\"><span style=\"color: #000000;\">Viva dunque, se il Direttore me lo permette, l\u2019Occidente, cristiano, anche quando in ginocchio e flaccido. L\u2019uomo non \u00e8 mai stato un problema, ma sempre la soluzione. Accadr\u00e0 anche stavolta; ci siamo solo impigriti un attimo per colpa di Voltaire.<\/span><\/p>\n","protected":false},"excerpt":{"rendered":"<p>di Marco Respinti Versione completa e originale dell\u2019articolo pubblicato su l\u2019Indipendente Giornale d\u2019opinione dal Nord, Milano 18 Maggio 2015 con il titolo: \u201cCrisi dell\u2019Occidente\/2 \u2013 No, solo il cristianesimo ci dice chi siamo\u201d. I socialisti utopisti e romantici dell\u2019Ottocento, e i guevaristi della domenica della seconda met\u00e0 del secolo XX, amavano definire Ges\u00f9 \u201cil primo &hellip; <\/p>\n<p><a class=\"more-link btn\" href=\"https:\/\/www.rassegnastampa-totustuus.it\/cattolica\/solo-il-cristianesimo-ci-dice-chi-siamo\/\">Continua a leggere<\/a><\/p>\n","protected":false},"author":6,"featured_media":48618,"comment_status":"closed","ping_status":"closed","sticky":false,"template":"","format":"standard","meta":{"footnotes":""},"categories":[14],"tags":[166,878],"class_list":["post-48616","post","type-post","status-publish","format-standard","has-post-thumbnail","hentry","category-europa-e-ue","tag-europa","tag-radici-europa","item-wrap"],"yoast_head":"<!-- This site is optimized with the Yoast SEO plugin v27.4 - https:\/\/yoast.com\/product\/yoast-seo-wordpress\/ -->\n<title>Solo il cristianesimo ci dice chi siamo - Rassegna Stampa Cattolica<\/title>\n<meta name=\"description\" content=\"Rassegna Stampa Cattolica - Per una cultura che nasce dalla Rivelazione cristiana in conformit\u00e0 alla tradizione e al Magistero della Chiesa in opposizione ad ogni relativismo e totalitarismo\" \/>\n<meta name=\"robots\" content=\"index, follow, max-snippet:-1, max-image-preview:large, max-video-preview:-1\" \/>\n<link rel=\"canonical\" href=\"https:\/\/www.rassegnastampa-totustuus.it\/cattolica\/solo-il-cristianesimo-ci-dice-chi-siamo\/\" \/>\n<meta property=\"og:locale\" content=\"it_IT\" \/>\n<meta property=\"og:type\" content=\"article\" \/>\n<meta property=\"og:title\" content=\"Solo il cristianesimo ci dice chi siamo - Rassegna Stampa Cattolica\" \/>\n<meta property=\"og:description\" content=\"Rassegna Stampa Cattolica - Per una cultura che nasce dalla Rivelazione cristiana in conformit\u00e0 alla tradizione e al Magistero della Chiesa in opposizione ad ogni relativismo e totalitarismo\" \/>\n<meta property=\"og:url\" content=\"https:\/\/www.rassegnastampa-totustuus.it\/cattolica\/solo-il-cristianesimo-ci-dice-chi-siamo\/\" \/>\n<meta property=\"og:site_name\" content=\"Rassegna Stampa Cattolica\" \/>\n<meta property=\"article:publisher\" content=\"https:\/\/www.facebook.com\/rassegnastampacattolica\" \/>\n<meta property=\"article:published_time\" content=\"2020-09-30T22:00:31+00:00\" \/>\n<meta property=\"article:modified_time\" content=\"2020-10-01T08:22:00+00:00\" \/>\n<meta property=\"og:image\" content=\"https:\/\/www.rassegnastampa-totustuus.it\/cattolica\/wp-content\/uploads\/2020\/09\/tercio_Spagna.jpg\" \/>\n\t<meta property=\"og:image:width\" content=\"1280\" \/>\n\t<meta property=\"og:image:height\" content=\"850\" \/>\n\t<meta property=\"og:image:type\" content=\"image\/jpeg\" \/>\n<meta name=\"author\" content=\"Redazione\" \/>\n<meta name=\"twitter:card\" content=\"summary_large_image\" \/>\n<meta name=\"twitter:creator\" content=\"@rassegnastampa9\" \/>\n<meta name=\"twitter:site\" content=\"@rassegnastampa9\" \/>\n<meta name=\"twitter:label1\" content=\"Scritto da\" \/>\n\t<meta name=\"twitter:data1\" content=\"Redazione\" \/>\n\t<meta name=\"twitter:label2\" content=\"Tempo di lettura stimato\" \/>\n\t<meta name=\"twitter:data2\" content=\"4 minuti\" \/>\n<script type=\"application\/ld+json\" class=\"yoast-schema-graph\">{\"@context\":\"https:\\\/\\\/schema.org\",\"@graph\":[{\"@type\":\"Article\",\"@id\":\"https:\\\/\\\/www.rassegnastampa-totustuus.it\\\/cattolica\\\/solo-il-cristianesimo-ci-dice-chi-siamo\\\/#article\",\"isPartOf\":{\"@id\":\"https:\\\/\\\/www.rassegnastampa-totustuus.it\\\/cattolica\\\/solo-il-cristianesimo-ci-dice-chi-siamo\\\/\"},\"author\":{\"name\":\"Redazione\",\"@id\":\"https:\\\/\\\/www.rassegnastampa-totustuus.it\\\/cattolica\\\/#\\\/schema\\\/person\\\/08f319d2bd1a0904ad9e2bfb7b15e5c3\"},\"headline\":\"Solo il cristianesimo ci dice chi siamo\",\"datePublished\":\"2020-09-30T22:00:31+00:00\",\"dateModified\":\"2020-10-01T08:22:00+00:00\",\"mainEntityOfPage\":{\"@id\":\"https:\\\/\\\/www.rassegnastampa-totustuus.it\\\/cattolica\\\/solo-il-cristianesimo-ci-dice-chi-siamo\\\/\"},\"wordCount\":889,\"publisher\":{\"@id\":\"https:\\\/\\\/www.rassegnastampa-totustuus.it\\\/cattolica\\\/#organization\"},\"image\":{\"@id\":\"https:\\\/\\\/www.rassegnastampa-totustuus.it\\\/cattolica\\\/solo-il-cristianesimo-ci-dice-chi-siamo\\\/#primaryimage\"},\"thumbnailUrl\":\"https:\\\/\\\/www.rassegnastampa-totustuus.it\\\/cattolica\\\/wp-content\\\/uploads\\\/2020\\\/09\\\/tercio_Spagna.jpg\",\"keywords\":[\"Europa\",\"radici Europa\"],\"articleSection\":[\"Europa e UE\"],\"inLanguage\":\"it-IT\"},{\"@type\":\"WebPage\",\"@id\":\"https:\\\/\\\/www.rassegnastampa-totustuus.it\\\/cattolica\\\/solo-il-cristianesimo-ci-dice-chi-siamo\\\/\",\"url\":\"https:\\\/\\\/www.rassegnastampa-totustuus.it\\\/cattolica\\\/solo-il-cristianesimo-ci-dice-chi-siamo\\\/\",\"name\":\"Solo il cristianesimo ci dice chi siamo - Rassegna Stampa Cattolica\",\"isPartOf\":{\"@id\":\"https:\\\/\\\/www.rassegnastampa-totustuus.it\\\/cattolica\\\/#website\"},\"primaryImageOfPage\":{\"@id\":\"https:\\\/\\\/www.rassegnastampa-totustuus.it\\\/cattolica\\\/solo-il-cristianesimo-ci-dice-chi-siamo\\\/#primaryimage\"},\"image\":{\"@id\":\"https:\\\/\\\/www.rassegnastampa-totustuus.it\\\/cattolica\\\/solo-il-cristianesimo-ci-dice-chi-siamo\\\/#primaryimage\"},\"thumbnailUrl\":\"https:\\\/\\\/www.rassegnastampa-totustuus.it\\\/cattolica\\\/wp-content\\\/uploads\\\/2020\\\/09\\\/tercio_Spagna.jpg\",\"datePublished\":\"2020-09-30T22:00:31+00:00\",\"dateModified\":\"2020-10-01T08:22:00+00:00\",\"description\":\"Rassegna Stampa Cattolica - Per una cultura che nasce dalla Rivelazione cristiana in conformit\u00e0 alla tradizione e al Magistero della Chiesa in opposizione ad ogni relativismo e totalitarismo\",\"breadcrumb\":{\"@id\":\"https:\\\/\\\/www.rassegnastampa-totustuus.it\\\/cattolica\\\/solo-il-cristianesimo-ci-dice-chi-siamo\\\/#breadcrumb\"},\"inLanguage\":\"it-IT\",\"potentialAction\":[{\"@type\":\"ReadAction\",\"target\":[\"https:\\\/\\\/www.rassegnastampa-totustuus.it\\\/cattolica\\\/solo-il-cristianesimo-ci-dice-chi-siamo\\\/\"]}]},{\"@type\":\"ImageObject\",\"inLanguage\":\"it-IT\",\"@id\":\"https:\\\/\\\/www.rassegnastampa-totustuus.it\\\/cattolica\\\/solo-il-cristianesimo-ci-dice-chi-siamo\\\/#primaryimage\",\"url\":\"https:\\\/\\\/www.rassegnastampa-totustuus.it\\\/cattolica\\\/wp-content\\\/uploads\\\/2020\\\/09\\\/tercio_Spagna.jpg\",\"contentUrl\":\"https:\\\/\\\/www.rassegnastampa-totustuus.it\\\/cattolica\\\/wp-content\\\/uploads\\\/2020\\\/09\\\/tercio_Spagna.jpg\",\"width\":1280,\"height\":850},{\"@type\":\"BreadcrumbList\",\"@id\":\"https:\\\/\\\/www.rassegnastampa-totustuus.it\\\/cattolica\\\/solo-il-cristianesimo-ci-dice-chi-siamo\\\/#breadcrumb\",\"itemListElement\":[{\"@type\":\"ListItem\",\"position\":1,\"name\":\"Home\",\"item\":\"https:\\\/\\\/www.rassegnastampa-totustuus.it\\\/cattolica\\\/\"},{\"@type\":\"ListItem\",\"position\":2,\"name\":\"Solo il cristianesimo ci dice chi siamo\"}]},{\"@type\":\"WebSite\",\"@id\":\"https:\\\/\\\/www.rassegnastampa-totustuus.it\\\/cattolica\\\/#website\",\"url\":\"https:\\\/\\\/www.rassegnastampa-totustuus.it\\\/cattolica\\\/\",\"name\":\"Rassegna Stampa Cattolica\",\"description\":\"Per una cultura che nasce dalla Rivelazione cristiana in conformit\u00e0 alla tradizione e al Magistero della Chiesa in opposizione ad ogni relativismo e totalitarismo\",\"publisher\":{\"@id\":\"https:\\\/\\\/www.rassegnastampa-totustuus.it\\\/cattolica\\\/#organization\"},\"alternateName\":\"Rass. Cattolica\",\"potentialAction\":[{\"@type\":\"SearchAction\",\"target\":{\"@type\":\"EntryPoint\",\"urlTemplate\":\"https:\\\/\\\/www.rassegnastampa-totustuus.it\\\/cattolica\\\/?s={search_term_string}\"},\"query-input\":{\"@type\":\"PropertyValueSpecification\",\"valueRequired\":true,\"valueName\":\"search_term_string\"}}],\"inLanguage\":\"it-IT\"},{\"@type\":\"Organization\",\"@id\":\"https:\\\/\\\/www.rassegnastampa-totustuus.it\\\/cattolica\\\/#organization\",\"name\":\"Rassegna Stampa Cattolica\",\"url\":\"https:\\\/\\\/www.rassegnastampa-totustuus.it\\\/cattolica\\\/\",\"logo\":{\"@type\":\"ImageObject\",\"inLanguage\":\"it-IT\",\"@id\":\"https:\\\/\\\/www.rassegnastampa-totustuus.it\\\/cattolica\\\/#\\\/schema\\\/logo\\\/image\\\/\",\"url\":\"https:\\\/\\\/www.rassegnastampa-totustuus.it\\\/cattolica\\\/wp-content\\\/uploads\\\/2014\\\/04\\\/logo-rassegna1.gif\",\"contentUrl\":\"https:\\\/\\\/www.rassegnastampa-totustuus.it\\\/cattolica\\\/wp-content\\\/uploads\\\/2014\\\/04\\\/logo-rassegna1.gif\",\"width\":600,\"height\":163,\"caption\":\"Rassegna Stampa Cattolica\"},\"image\":{\"@id\":\"https:\\\/\\\/www.rassegnastampa-totustuus.it\\\/cattolica\\\/#\\\/schema\\\/logo\\\/image\\\/\"},\"sameAs\":[\"https:\\\/\\\/www.facebook.com\\\/rassegnastampacattolica\",\"https:\\\/\\\/x.com\\\/rassegnastampa9\"]},{\"@type\":\"Person\",\"@id\":\"https:\\\/\\\/www.rassegnastampa-totustuus.it\\\/cattolica\\\/#\\\/schema\\\/person\\\/08f319d2bd1a0904ad9e2bfb7b15e5c3\",\"name\":\"Redazione\",\"image\":{\"@type\":\"ImageObject\",\"inLanguage\":\"it-IT\",\"@id\":\"https:\\\/\\\/secure.gravatar.com\\\/avatar\\\/2fcdf27c78ea025fbdb44e914cc63c72249ffec9dc8aafd5c82b26240ef3f346?s=96&d=mm&r=g\",\"url\":\"https:\\\/\\\/secure.gravatar.com\\\/avatar\\\/2fcdf27c78ea025fbdb44e914cc63c72249ffec9dc8aafd5c82b26240ef3f346?s=96&d=mm&r=g\",\"contentUrl\":\"https:\\\/\\\/secure.gravatar.com\\\/avatar\\\/2fcdf27c78ea025fbdb44e914cc63c72249ffec9dc8aafd5c82b26240ef3f346?s=96&d=mm&r=g\",\"caption\":\"Redazione\"},\"url\":\"https:\\\/\\\/www.rassegnastampa-totustuus.it\\\/cattolica\\\/author\\\/pietroelle\\\/\"}]}<\/script>\n<!-- \/ Yoast SEO plugin. -->","yoast_head_json":{"title":"Solo il cristianesimo ci dice chi siamo - Rassegna Stampa Cattolica","description":"Rassegna Stampa Cattolica - Per una cultura che nasce dalla Rivelazione cristiana in conformit\u00e0 alla tradizione e al Magistero della Chiesa in opposizione ad ogni relativismo e totalitarismo","robots":{"index":"index","follow":"follow","max-snippet":"max-snippet:-1","max-image-preview":"max-image-preview:large","max-video-preview":"max-video-preview:-1"},"canonical":"https:\/\/www.rassegnastampa-totustuus.it\/cattolica\/solo-il-cristianesimo-ci-dice-chi-siamo\/","og_locale":"it_IT","og_type":"article","og_title":"Solo il cristianesimo ci dice chi siamo - Rassegna Stampa Cattolica","og_description":"Rassegna Stampa Cattolica - Per una cultura che nasce dalla Rivelazione cristiana in conformit\u00e0 alla tradizione e al Magistero della Chiesa in opposizione ad ogni relativismo e totalitarismo","og_url":"https:\/\/www.rassegnastampa-totustuus.it\/cattolica\/solo-il-cristianesimo-ci-dice-chi-siamo\/","og_site_name":"Rassegna Stampa Cattolica","article_publisher":"https:\/\/www.facebook.com\/rassegnastampacattolica","article_published_time":"2020-09-30T22:00:31+00:00","article_modified_time":"2020-10-01T08:22:00+00:00","og_image":[{"width":1280,"height":850,"url":"https:\/\/www.rassegnastampa-totustuus.it\/cattolica\/wp-content\/uploads\/2020\/09\/tercio_Spagna.jpg","type":"image\/jpeg"}],"author":"Redazione","twitter_card":"summary_large_image","twitter_creator":"@rassegnastampa9","twitter_site":"@rassegnastampa9","twitter_misc":{"Scritto da":"Redazione","Tempo di lettura stimato":"4 minuti"},"schema":{"@context":"https:\/\/schema.org","@graph":[{"@type":"Article","@id":"https:\/\/www.rassegnastampa-totustuus.it\/cattolica\/solo-il-cristianesimo-ci-dice-chi-siamo\/#article","isPartOf":{"@id":"https:\/\/www.rassegnastampa-totustuus.it\/cattolica\/solo-il-cristianesimo-ci-dice-chi-siamo\/"},"author":{"name":"Redazione","@id":"https:\/\/www.rassegnastampa-totustuus.it\/cattolica\/#\/schema\/person\/08f319d2bd1a0904ad9e2bfb7b15e5c3"},"headline":"Solo il cristianesimo ci dice chi siamo","datePublished":"2020-09-30T22:00:31+00:00","dateModified":"2020-10-01T08:22:00+00:00","mainEntityOfPage":{"@id":"https:\/\/www.rassegnastampa-totustuus.it\/cattolica\/solo-il-cristianesimo-ci-dice-chi-siamo\/"},"wordCount":889,"publisher":{"@id":"https:\/\/www.rassegnastampa-totustuus.it\/cattolica\/#organization"},"image":{"@id":"https:\/\/www.rassegnastampa-totustuus.it\/cattolica\/solo-il-cristianesimo-ci-dice-chi-siamo\/#primaryimage"},"thumbnailUrl":"https:\/\/www.rassegnastampa-totustuus.it\/cattolica\/wp-content\/uploads\/2020\/09\/tercio_Spagna.jpg","keywords":["Europa","radici Europa"],"articleSection":["Europa e UE"],"inLanguage":"it-IT"},{"@type":"WebPage","@id":"https:\/\/www.rassegnastampa-totustuus.it\/cattolica\/solo-il-cristianesimo-ci-dice-chi-siamo\/","url":"https:\/\/www.rassegnastampa-totustuus.it\/cattolica\/solo-il-cristianesimo-ci-dice-chi-siamo\/","name":"Solo il cristianesimo ci dice chi siamo - Rassegna Stampa Cattolica","isPartOf":{"@id":"https:\/\/www.rassegnastampa-totustuus.it\/cattolica\/#website"},"primaryImageOfPage":{"@id":"https:\/\/www.rassegnastampa-totustuus.it\/cattolica\/solo-il-cristianesimo-ci-dice-chi-siamo\/#primaryimage"},"image":{"@id":"https:\/\/www.rassegnastampa-totustuus.it\/cattolica\/solo-il-cristianesimo-ci-dice-chi-siamo\/#primaryimage"},"thumbnailUrl":"https:\/\/www.rassegnastampa-totustuus.it\/cattolica\/wp-content\/uploads\/2020\/09\/tercio_Spagna.jpg","datePublished":"2020-09-30T22:00:31+00:00","dateModified":"2020-10-01T08:22:00+00:00","description":"Rassegna Stampa Cattolica - Per una cultura che nasce dalla Rivelazione cristiana in conformit\u00e0 alla tradizione e al Magistero della Chiesa in opposizione ad ogni relativismo e totalitarismo","breadcrumb":{"@id":"https:\/\/www.rassegnastampa-totustuus.it\/cattolica\/solo-il-cristianesimo-ci-dice-chi-siamo\/#breadcrumb"},"inLanguage":"it-IT","potentialAction":[{"@type":"ReadAction","target":["https:\/\/www.rassegnastampa-totustuus.it\/cattolica\/solo-il-cristianesimo-ci-dice-chi-siamo\/"]}]},{"@type":"ImageObject","inLanguage":"it-IT","@id":"https:\/\/www.rassegnastampa-totustuus.it\/cattolica\/solo-il-cristianesimo-ci-dice-chi-siamo\/#primaryimage","url":"https:\/\/www.rassegnastampa-totustuus.it\/cattolica\/wp-content\/uploads\/2020\/09\/tercio_Spagna.jpg","contentUrl":"https:\/\/www.rassegnastampa-totustuus.it\/cattolica\/wp-content\/uploads\/2020\/09\/tercio_Spagna.jpg","width":1280,"height":850},{"@type":"BreadcrumbList","@id":"https:\/\/www.rassegnastampa-totustuus.it\/cattolica\/solo-il-cristianesimo-ci-dice-chi-siamo\/#breadcrumb","itemListElement":[{"@type":"ListItem","position":1,"name":"Home","item":"https:\/\/www.rassegnastampa-totustuus.it\/cattolica\/"},{"@type":"ListItem","position":2,"name":"Solo il cristianesimo ci dice chi siamo"}]},{"@type":"WebSite","@id":"https:\/\/www.rassegnastampa-totustuus.it\/cattolica\/#website","url":"https:\/\/www.rassegnastampa-totustuus.it\/cattolica\/","name":"Rassegna Stampa Cattolica","description":"Per una cultura che nasce dalla Rivelazione cristiana in conformit\u00e0 alla tradizione e al Magistero della Chiesa in opposizione ad ogni relativismo e totalitarismo","publisher":{"@id":"https:\/\/www.rassegnastampa-totustuus.it\/cattolica\/#organization"},"alternateName":"Rass. Cattolica","potentialAction":[{"@type":"SearchAction","target":{"@type":"EntryPoint","urlTemplate":"https:\/\/www.rassegnastampa-totustuus.it\/cattolica\/?s={search_term_string}"},"query-input":{"@type":"PropertyValueSpecification","valueRequired":true,"valueName":"search_term_string"}}],"inLanguage":"it-IT"},{"@type":"Organization","@id":"https:\/\/www.rassegnastampa-totustuus.it\/cattolica\/#organization","name":"Rassegna Stampa Cattolica","url":"https:\/\/www.rassegnastampa-totustuus.it\/cattolica\/","logo":{"@type":"ImageObject","inLanguage":"it-IT","@id":"https:\/\/www.rassegnastampa-totustuus.it\/cattolica\/#\/schema\/logo\/image\/","url":"https:\/\/www.rassegnastampa-totustuus.it\/cattolica\/wp-content\/uploads\/2014\/04\/logo-rassegna1.gif","contentUrl":"https:\/\/www.rassegnastampa-totustuus.it\/cattolica\/wp-content\/uploads\/2014\/04\/logo-rassegna1.gif","width":600,"height":163,"caption":"Rassegna Stampa Cattolica"},"image":{"@id":"https:\/\/www.rassegnastampa-totustuus.it\/cattolica\/#\/schema\/logo\/image\/"},"sameAs":["https:\/\/www.facebook.com\/rassegnastampacattolica","https:\/\/x.com\/rassegnastampa9"]},{"@type":"Person","@id":"https:\/\/www.rassegnastampa-totustuus.it\/cattolica\/#\/schema\/person\/08f319d2bd1a0904ad9e2bfb7b15e5c3","name":"Redazione","image":{"@type":"ImageObject","inLanguage":"it-IT","@id":"https:\/\/secure.gravatar.com\/avatar\/2fcdf27c78ea025fbdb44e914cc63c72249ffec9dc8aafd5c82b26240ef3f346?s=96&d=mm&r=g","url":"https:\/\/secure.gravatar.com\/avatar\/2fcdf27c78ea025fbdb44e914cc63c72249ffec9dc8aafd5c82b26240ef3f346?s=96&d=mm&r=g","contentUrl":"https:\/\/secure.gravatar.com\/avatar\/2fcdf27c78ea025fbdb44e914cc63c72249ffec9dc8aafd5c82b26240ef3f346?s=96&d=mm&r=g","caption":"Redazione"},"url":"https:\/\/www.rassegnastampa-totustuus.it\/cattolica\/author\/pietroelle\/"}]}},"_links":{"self":[{"href":"https:\/\/www.rassegnastampa-totustuus.it\/cattolica\/wp-json\/wp\/v2\/posts\/48616","targetHints":{"allow":["GET"]}}],"collection":[{"href":"https:\/\/www.rassegnastampa-totustuus.it\/cattolica\/wp-json\/wp\/v2\/posts"}],"about":[{"href":"https:\/\/www.rassegnastampa-totustuus.it\/cattolica\/wp-json\/wp\/v2\/types\/post"}],"author":[{"embeddable":true,"href":"https:\/\/www.rassegnastampa-totustuus.it\/cattolica\/wp-json\/wp\/v2\/users\/6"}],"replies":[{"embeddable":true,"href":"https:\/\/www.rassegnastampa-totustuus.it\/cattolica\/wp-json\/wp\/v2\/comments?post=48616"}],"version-history":[{"count":2,"href":"https:\/\/www.rassegnastampa-totustuus.it\/cattolica\/wp-json\/wp\/v2\/posts\/48616\/revisions"}],"predecessor-version":[{"id":48667,"href":"https:\/\/www.rassegnastampa-totustuus.it\/cattolica\/wp-json\/wp\/v2\/posts\/48616\/revisions\/48667"}],"wp:featuredmedia":[{"embeddable":true,"href":"https:\/\/www.rassegnastampa-totustuus.it\/cattolica\/wp-json\/wp\/v2\/media\/48618"}],"wp:attachment":[{"href":"https:\/\/www.rassegnastampa-totustuus.it\/cattolica\/wp-json\/wp\/v2\/media?parent=48616"}],"wp:term":[{"taxonomy":"category","embeddable":true,"href":"https:\/\/www.rassegnastampa-totustuus.it\/cattolica\/wp-json\/wp\/v2\/categories?post=48616"},{"taxonomy":"post_tag","embeddable":true,"href":"https:\/\/www.rassegnastampa-totustuus.it\/cattolica\/wp-json\/wp\/v2\/tags?post=48616"}],"curies":[{"name":"wp","href":"https:\/\/api.w.org\/{rel}","templated":true}]}}