{"id":4861,"date":"2012-01-05T00:00:00","date_gmt":"2012-01-04T23:00:00","guid":{"rendered":""},"modified":"2015-04-21T09:19:51","modified_gmt":"2015-04-21T07:19:51","slug":"una-nuova-ricerca-dellenea-sul-sacro-lino-custodito-a-torino","status":"publish","type":"post","link":"https:\/\/www.rassegnastampa-totustuus.it\/cattolica\/una-nuova-ricerca-dellenea-sul-sacro-lino-custodito-a-torino\/","title":{"rendered":"Una nuova ricerca dell&#8217;Enea sul sacro Lino custodito a Torino"},"content":{"rendered":"<div style=\"text-align: center;\"><strong><a href=\"https:\/\/www.rassegnastampa-totustuus.it\/cattolica\/wp-content\/uploads\/2012\/01\/Sindone.jpg\"><img loading=\"lazy\" decoding=\"async\" class=\"alignleft wp-image-23464\" src=\"https:\/\/www.rassegnastampa-totustuus.it\/cattolica\/wp-content\/uploads\/2012\/01\/Sindone.jpg\" alt=\"Sindone\" width=\"236\" height=\"250\" \/><\/a>La Stampa.it<\/strong> 20 dicembre 2011<\/div>\n<p style=\"text-align: center;\">di <span class=\"autore-girata\"><span class=\"autore-girata\"><strong>Marco Tosatti <\/strong><\/span><\/span><\/p>\n<p style=\"text-align: justify;\">Roma _ L\u2019Enea, l\u2019agenzia nazionale per le nuove tecnologie, l\u2019energia e lo sviluppo economico sostenibile, ha pubblicato un rapporto sui cinque anni di esperimenti svolti nel centro Enea di Frascati sulla \u201ccolorazione simil-sindonica di tessuti di lino tramite radiazione nel lontano ultravioletto\u201d.<\/p>\n<p style=\"text-align: justify;\">In parole povere: si \u00e8 cercato di capire come si \u00e8 impressa sul telo di lino della Sindone di Torino l\u2019immagine cos\u00ec particolare che ne costituisce il fascino, e il pi\u00f9 grande e radicale interrogativo, di \u201cindividuare i processi fisici e chimici in grado di generare una colorazione simile a quella dell\u2019immagine sindonica\u201d.<\/p>\n<p style=\"text-align: justify;\"><!--more--><\/p>\n<p style=\"text-align: justify;\"><a href=\"http:\/\/opac.bologna.enea.it:8991\/RT\/2011\/2011_14_ENEA.pdf\" target=\"_blank\">Nell\u2019articolo linkato<\/a> si trova lo sviluppo della ricerca. Gli scienziati (Di Lazzaro, Murra, Santoni, Nichelatti e Baldacchini) partono dall\u2019ultimo (e unico) esame completo interdisciplinare del lenzuolo, compiuto nel 1978 dalla squadra degli scienziati americani dello STURP (Shroud of Turin Reasearch Project).<\/p>\n<p style=\"text-align: justify;\">Una base di partenza di cui troppo spesso chi scrive e discetta di Sindone preferisce non tenere conto, a dispetto dell\u2019evidenza dei dati, verificati da un accurato controllo su riviste \u201cpeer rewieved\u201d, cio\u00e8 approvate da altri scienziati in modo oggettivo e indipendente.Il rapporto dell\u2019Enea smentisce, con molto fair play, quasi \u201cen passant\u201d, ma con molta chiarezza, l\u2019ipotesi che la Sindone di Torino possa essere opera di un falsario medievale.<\/p>\n<p style=\"text-align: justify;\">L\u2019ipotesi \u00e8 stata avvalorata \u2013 contro molte argomentazioni di peso \u2013 dall\u2019esito delle discusse, e probabilmente falsate \u2013 misurazioni al C14; un esame la cui credibilit\u00e0 \u00e8 stata resa molto fragile oltrech\u00e9 dalla difficolt\u00e0 oggettiva (le possibilit\u00e0 di contaminazione di un tessuto di cui non si conosce che in parte il percorso storico sono altissime), anche da errori fattuali di calcolo, dimostrati, e dall\u2019impossibilit\u00e0 di ottenere per i controlli necessari i \u201cdati grezzi\u201d dai laboratori. A dispetto delle reiterate richieste. Un\u2019omissione che basta da sola a gettare un\u2019ombra pesante sulla correttezza scientifica dell\u2019episodio.<\/p>\n<p style=\"text-align: justify;\">Scrive il rapporto: \u201cLa doppia immagine (frontale e dorsale) di un uomo flagellato e crocifisso, visibile a malapena sul lenzuolo di lino della Sindone di Torino presenta numerose caratteristiche fisiche e chimiche talmente peculiari che rendono ad oggi impossibile ottenere in laboratorio una colorazione identica in tutte le sue sfaccettature, come discusso in numerosi articoli, elencati nelle referenze.<\/p>\n<p style=\"text-align: justify;\">Questa incapacit\u00e0 di replicare (e quindi falsificare) l\u2019immagine sindonica impedisce di formulare un\u2019ipotesi attendibile sul meccanismo di formazione dell\u2019impronta.\u00a0 Di fatto, ad oggi la Scienza non \u00e8 ancora in grado di spiegare come si sia formata l\u2019immagine corporea sulla Sindone.<\/p>\n<p style=\"text-align: justify;\">A parziale giustificazione, gli Scienziati lamentano l\u2019impossibilit\u00e0 di effettuare misure dirette sul lenzuolo sindonico. Infatti, l\u2019ultima analisi sperimentale in situ delle propriet\u00e0 fisiche e chimiche dell\u2019immagine corporea della Sindone fu effettuata nel lontano 1978 da un gruppo di 31 scienziati sotto l\u2019egida dello Shroud of Turin Research Project, Inc. (STURP).<\/p>\n<p style=\"text-align: justify;\">Gli scienziati utilizzarono strumentazione all\u2019avanguardia per l\u2019epoca, messa a disposizione da diverse ditte produttrici per un valore commerciale di due milioni e mezzo di dollari, ed effettuarono numerose misure non distruttive di spettroscopia infrarossa, visibile e ultravioletta, di fluorescenza a raggi X, di termografia e pirolisi, di spettrometria di massa, di analisi micro-Raman, fotografia in trasmissione, microscopia, prelievo di fibrille e test microchimici\u201d.<\/p>\n<p style=\"text-align: justify;\">Le analisi effettuate sul telo sindonico non trovarono quantit\u00e0 significative di pigmenti (coloranti, vernici) n\u00e9 tracce di disegni. Sulla base dei risultati delle decine di misure effettuate, i ricercatori STURP conclusero che l\u2019immagine corporea non \u00e8 dipinta, n\u00e9 stampata, n\u00e9 ottenuta tramite riscaldamento.<\/p>\n<p style=\"text-align: justify;\">Inoltre, la colorazione dell\u2019immagine risiede nella parte pi\u00f9 esterna e superficiale delle fibrille che costituiscono i fili del tessuto di lino, e misure effettuate recentemente su frammenti di telo sindonico dimostrano che lo spessore di colorazione \u00e8 estremamente sottile, pari a circa 200 nm = 200 miliardesimi di metro, ovvero un quinto di millesimo di millimetro, corrispondente allo spessore della cosiddetta parete cellulare primaria della singola fibrilla di lino. Ricordiamo che un singolo filo di lino \u00e8 formato da circa 200 fibrille.<\/p>\n<p style=\"text-align: justify;\">Altre importanti informazioni derivate dai risultati delle misure STURP sono le seguenti: Il sangue \u00e8 umano, e non c\u2019\u00e8 immagine sotto le macchie di sangue; la sfumatura del colore contiene informazioni tridimensionali del corpo; le fibre colorate (di immagine) sono pi\u00f9 fragili delle fibre non colorate; la colorazione superficiale delle fibrille di immagine deriva da un processo sconosciuto che ha causato ossidazione, disidratazione e coniugazione della struttura della cellulosa del lino. \u201cIn altre parole, la colorazione \u00e8 conseguenza di un processo di invecchiamento accelerato del lino\u201d.<\/p>\n<p style=\"text-align: justify;\">Come gi\u00e0 accennato, fino ad oggi tutti i tentativi di riprodurre un\u2019immagine su lino avente le medesime caratteristiche sono falliti. Alcuni ricercatori hanno ottenuto immagini aventi un aspetto simile all\u2019immagine sindonica, ma nessuno \u00e8 mai riuscito a riprodurre simultaneamente tutte le caratteristiche microscopiche e macroscopiche. \u201cIn questo senso, l\u2019origine dell\u2019immagine sindonica \u00e8 ancora sconosciuta.<\/p>\n<p style=\"text-align: justify;\">Questo sembra essere il nodo centrale del cosiddetto \u201cmistero della Sindone\u201d: indipendentemente dall\u2019et\u00e0 del lenzuolo sindonico, che sia medioevale (1260 &#8211; 1390) come risulta dalla controversa datazione al radiocarbonio o pi\u00f9 antico come risulta da altre indagini, e indipendentemente dalla reale portata dei controversi documenti storici sull\u2019esistenza della Sindone negli anni precedenti il 1260, la domanda pi\u00f9 importante, la \u201cdomanda delle domande\u201d rimane la stessa: come \u00e8 stata generate l\u2019immagine corporea sulla Sindone?\u201d.<\/p>\n<p style=\"text-align: justify;\">Ci sono due possibilit\u00e0, scrivono gli scienziati, su come il lenzuolo sindonico sia stato posto intorno al cadavere: posato sotto e sopra (non completamente a contatto con tutto il corpo irrigidito dal rigor mortis) oppure pigiato sul corpo e legato in modo da avere un contatto con quasi tutta la superficie corporea.<\/p>\n<p style=\"text-align: justify;\">\u201cLa prima modalit\u00e0 \u00e8 avvalorata dal fatto che esiste una precisa relazione tra l\u2019intensit\u00e0 (sfumatura) dell\u2019immagine e la distanza fra corpo e telo. Inoltre, l\u2019immagine \u00e8 presente anche nelle zone del corpo non a contatto con il telo, ad esempio immediatamente sopra e sotto le mani, e intorno la punta del naso. La seconda modalit\u00e0 \u00e8 meno probabile perch\u00e9 sono assenti le deformazioni geometriche tipiche di un corpo a tre dimensioni riportato a contatto su un lenzuolo a due dimensioni. Inoltre, manca l\u2019impronta dei fianchi del corpo. Di conseguenza, possiamo dedurre che l\u2019immagine non si \u00e8 formata dal contatto del lino con il corpo\u201d.<\/p>\n<p style=\"text-align: justify;\">E\u2019 proprio questa osservazione, \u201cunita alla estrema superficialit\u00e0 della colorazione e all\u2019assenza di pigmenti\u201d che \u201crende estremamente improbabile ottenere una immagine simil-sindonica tramite metodi chimici a contatto, sia in un moderno laboratorio, sia a maggior ragione da parte di un ipotetico falsario medioevale\u201d. Sotto le macchie di sangue non c\u2019\u00e8 immagine. Questo significa che le tracce di sangue si sono depositate prima dell\u2019immagine.<\/p>\n<p style=\"text-align: justify;\">Quindi l\u2019immagine si form\u00f2 in un momento successivo alla deposizione del cadavere. Inoltre tutte le macchie di sangue hanno contorni ben definiti, senza sbavature, quindi si pu\u00f2 ipotizzare che il cadavere non fu asportato dal lenzuolo. \u201cMancano segni di putrefazione in corrispondenza degli orifizi, che si manifestano dopo circa 40 ore dalla morte. Di conseguenza, l\u2019immagine non dipende dai gas di putrefazione e il cadavere non rimase nel lenzuolo per pi\u00f9 due giorni\u201d.<\/p>\n<p style=\"text-align: justify;\">Una della ipotesi relative alla formazione dell\u2019immagine era quella di una forma di energia elettromagnetica (ad esempio un lampo di luce a corta lunghezza d\u2019onda), che potrebbe avere i requisiti adatti a riprodurre le caratteristiche dell\u2019immagine sindonica, quali la superficialit\u00e0 della colorazione, la sfumatura del colore, l\u2019immagine anche nelle zone del corpo non a contatto con il telo e l\u2019assenza di pigmenti sul telo.<\/p>\n<p style=\"text-align: justify;\">I primi tentativi di riprodurre il volto sindonico tramite radiazione, utilizzarono un laser CO2 che hanno prodotto una immagine su un tessuto di lino simile a livello macroscopico. Tuttavia, l\u2019analisi microscopica ha evidenziato una colorazione troppo profonda e molti fili di lino carbonizzati, caratteristiche incompatibili con l\u2019immagine sindonica.<\/p>\n<p style=\"text-align: justify;\">Invece i risultati dell\u2019Enea \u201cdimostrano che un brevissimo e intenso lampo di radiazione VUV direzionale pu\u00f2 colorare un tessuto di lino in modo da riprodurre molte delle peculiari caratteristiche della immagine corporea della Sindone di Torino, incluse la tonalit\u00e0 del colore, la colorazione superficiale delle fibrille pi\u00f9 esterne della trama del lino, e l\u2019assenza di fluorescenza\u201d.<\/p>\n<p style=\"text-align: justify;\">Tuttavia, avvertono gli scienziati dell\u2019Enea, \u201cva sottolineato che la potenza totale della radiazione VUV richiesta per colorare istantaneamente la superficie di un lino corrispondente ad un corpo umano di statura media, pari a IT superficie corporea = 2000 MW\/cm2 17000 cm2 = 34mila miliardi di Watt rende oggi impraticabile la riproduzione dell\u2019intera immagine sindonica usando un singolo laser eccimero, poich\u00e9 questa potenza non pu\u00f2 essere prodotta da nessuna sorgente di luce VUV costruita fino ad oggi (le pi\u00f9 potenti reperibili sul mercato arrivano ad alcuni miliardi di Watt)\u201d.<\/p>\n<p style=\"text-align: justify;\">Per\u00f2 l\u2019\u2019immagine sindonica &#8220;presenta alcune caratteristiche che non siamo ancora riusciti a riprodurre, &#8211; ammettono &#8211; per esempio la sfumatura dell\u2019immagine dovuta ad una diversa concentrazione di fibrille colorate gialle alternate a fibrille non colorate&#8221;. E avvertono: \u201cNon siamo alla conclusione, stiamo componendo i tasselli di un puzzle scientifico affascinante e complesso\u201d. L\u2019enigma dell\u2019origine dell\u2019immagine della Sindone di Torino rimane ancora \u201cuna provocazione all\u2019intelligenza\u201d, come aveva detto Giovanni Paolo II.<\/p>\n","protected":false},"excerpt":{"rendered":"<p>La Stampa.it 20 dicembre 2011 di Marco Tosatti Roma _ L\u2019Enea, l\u2019agenzia nazionale per le nuove tecnologie, l\u2019energia e lo sviluppo economico sostenibile, ha pubblicato un rapporto sui cinque anni di esperimenti svolti nel centro Enea di Frascati sulla \u201ccolorazione simil-sindonica di tessuti di lino tramite radiazione nel lontano ultravioletto\u201d. In parole povere: si \u00e8 &hellip; <\/p>\n<p><a class=\"more-link btn\" href=\"https:\/\/www.rassegnastampa-totustuus.it\/cattolica\/una-nuova-ricerca-dellenea-sul-sacro-lino-custodito-a-torino\/\">Continua a leggere<\/a><\/p>\n","protected":false},"author":6,"featured_media":23464,"comment_status":"closed","ping_status":"open","sticky":false,"template":"","format":"standard","meta":{"footnotes":""},"categories":[5],"tags":[1735],"class_list":["post-4861","post","type-post","status-publish","format-standard","has-post-thumbnail","hentry","category-chiesa","tag-sindone","item-wrap"],"yoast_head":"<!-- This site is optimized with the Yoast SEO plugin v27.5 - https:\/\/yoast.com\/product\/yoast-seo-wordpress\/ -->\n<title>Una nuova ricerca dell&#039;Enea sul sacro Lino custodito a Torino - Rassegna Stampa Cattolica<\/title>\n<meta name=\"description\" content=\"Rassegna Stampa Cattolica - Per una cultura che nasce dalla Rivelazione cristiana in conformit\u00e0 alla tradizione e al Magistero della Chiesa in opposizione ad ogni relativismo e totalitarismo\" \/>\n<meta name=\"robots\" content=\"index, follow, max-snippet:-1, max-image-preview:large, max-video-preview:-1\" \/>\n<link rel=\"canonical\" href=\"https:\/\/www.rassegnastampa-totustuus.it\/cattolica\/una-nuova-ricerca-dellenea-sul-sacro-lino-custodito-a-torino\/\" \/>\n<meta property=\"og:locale\" content=\"it_IT\" \/>\n<meta property=\"og:type\" content=\"article\" \/>\n<meta property=\"og:title\" content=\"Una nuova ricerca dell&#039;Enea sul sacro Lino custodito a Torino - Rassegna Stampa Cattolica\" \/>\n<meta property=\"og:description\" content=\"Rassegna Stampa Cattolica - Per una cultura che nasce dalla Rivelazione cristiana in conformit\u00e0 alla tradizione e al Magistero della Chiesa in opposizione ad ogni relativismo e totalitarismo\" \/>\n<meta property=\"og:url\" content=\"https:\/\/www.rassegnastampa-totustuus.it\/cattolica\/una-nuova-ricerca-dellenea-sul-sacro-lino-custodito-a-torino\/\" \/>\n<meta property=\"og:site_name\" content=\"Rassegna Stampa Cattolica\" \/>\n<meta property=\"article:publisher\" content=\"https:\/\/www.facebook.com\/rassegnastampacattolica\" \/>\n<meta property=\"article:published_time\" content=\"2012-01-04T23:00:00+00:00\" \/>\n<meta property=\"article:modified_time\" content=\"2015-04-21T07:19:51+00:00\" \/>\n<meta property=\"og:image\" content=\"https:\/\/www.rassegnastampa-totustuus.it\/cattolica\/wp-content\/uploads\/2012\/01\/Sindone.jpg\" \/>\n\t<meta property=\"og:image:width\" content=\"218\" \/>\n\t<meta property=\"og:image:height\" content=\"231\" \/>\n\t<meta property=\"og:image:type\" content=\"image\/jpeg\" \/>\n<meta name=\"author\" content=\"Redazione\" \/>\n<meta name=\"twitter:card\" content=\"summary_large_image\" \/>\n<meta name=\"twitter:creator\" content=\"@rassegnastampa9\" \/>\n<meta name=\"twitter:site\" content=\"@rassegnastampa9\" \/>\n<meta name=\"twitter:label1\" content=\"Scritto da\" \/>\n\t<meta name=\"twitter:data1\" content=\"Redazione\" \/>\n\t<meta name=\"twitter:label2\" content=\"Tempo di lettura stimato\" \/>\n\t<meta name=\"twitter:data2\" content=\"7 minuti\" \/>\n<script type=\"application\/ld+json\" class=\"yoast-schema-graph\">{\"@context\":\"https:\\\/\\\/schema.org\",\"@graph\":[{\"@type\":\"Article\",\"@id\":\"https:\\\/\\\/www.rassegnastampa-totustuus.it\\\/cattolica\\\/una-nuova-ricerca-dellenea-sul-sacro-lino-custodito-a-torino\\\/#article\",\"isPartOf\":{\"@id\":\"https:\\\/\\\/www.rassegnastampa-totustuus.it\\\/cattolica\\\/una-nuova-ricerca-dellenea-sul-sacro-lino-custodito-a-torino\\\/\"},\"author\":{\"name\":\"Redazione\",\"@id\":\"https:\\\/\\\/www.rassegnastampa-totustuus.it\\\/cattolica\\\/#\\\/schema\\\/person\\\/08f319d2bd1a0904ad9e2bfb7b15e5c3\"},\"headline\":\"Una nuova ricerca dell&#8217;Enea sul sacro Lino custodito a Torino\",\"datePublished\":\"2012-01-04T23:00:00+00:00\",\"dateModified\":\"2015-04-21T07:19:51+00:00\",\"mainEntityOfPage\":{\"@id\":\"https:\\\/\\\/www.rassegnastampa-totustuus.it\\\/cattolica\\\/una-nuova-ricerca-dellenea-sul-sacro-lino-custodito-a-torino\\\/\"},\"wordCount\":1510,\"publisher\":{\"@id\":\"https:\\\/\\\/www.rassegnastampa-totustuus.it\\\/cattolica\\\/#organization\"},\"image\":{\"@id\":\"https:\\\/\\\/www.rassegnastampa-totustuus.it\\\/cattolica\\\/una-nuova-ricerca-dellenea-sul-sacro-lino-custodito-a-torino\\\/#primaryimage\"},\"thumbnailUrl\":\"https:\\\/\\\/www.rassegnastampa-totustuus.it\\\/cattolica\\\/wp-content\\\/uploads\\\/2012\\\/01\\\/Sindone.jpg\",\"keywords\":[\"Sindone\"],\"articleSection\":[\"Chiesa\"],\"inLanguage\":\"it-IT\"},{\"@type\":\"WebPage\",\"@id\":\"https:\\\/\\\/www.rassegnastampa-totustuus.it\\\/cattolica\\\/una-nuova-ricerca-dellenea-sul-sacro-lino-custodito-a-torino\\\/\",\"url\":\"https:\\\/\\\/www.rassegnastampa-totustuus.it\\\/cattolica\\\/una-nuova-ricerca-dellenea-sul-sacro-lino-custodito-a-torino\\\/\",\"name\":\"Una nuova ricerca dell'Enea sul sacro Lino custodito a Torino - Rassegna Stampa Cattolica\",\"isPartOf\":{\"@id\":\"https:\\\/\\\/www.rassegnastampa-totustuus.it\\\/cattolica\\\/#website\"},\"primaryImageOfPage\":{\"@id\":\"https:\\\/\\\/www.rassegnastampa-totustuus.it\\\/cattolica\\\/una-nuova-ricerca-dellenea-sul-sacro-lino-custodito-a-torino\\\/#primaryimage\"},\"image\":{\"@id\":\"https:\\\/\\\/www.rassegnastampa-totustuus.it\\\/cattolica\\\/una-nuova-ricerca-dellenea-sul-sacro-lino-custodito-a-torino\\\/#primaryimage\"},\"thumbnailUrl\":\"https:\\\/\\\/www.rassegnastampa-totustuus.it\\\/cattolica\\\/wp-content\\\/uploads\\\/2012\\\/01\\\/Sindone.jpg\",\"datePublished\":\"2012-01-04T23:00:00+00:00\",\"dateModified\":\"2015-04-21T07:19:51+00:00\",\"description\":\"Rassegna Stampa Cattolica - Per una cultura che nasce dalla Rivelazione cristiana in conformit\u00e0 alla tradizione e al Magistero della Chiesa in opposizione ad ogni relativismo e totalitarismo\",\"breadcrumb\":{\"@id\":\"https:\\\/\\\/www.rassegnastampa-totustuus.it\\\/cattolica\\\/una-nuova-ricerca-dellenea-sul-sacro-lino-custodito-a-torino\\\/#breadcrumb\"},\"inLanguage\":\"it-IT\",\"potentialAction\":[{\"@type\":\"ReadAction\",\"target\":[\"https:\\\/\\\/www.rassegnastampa-totustuus.it\\\/cattolica\\\/una-nuova-ricerca-dellenea-sul-sacro-lino-custodito-a-torino\\\/\"]}]},{\"@type\":\"ImageObject\",\"inLanguage\":\"it-IT\",\"@id\":\"https:\\\/\\\/www.rassegnastampa-totustuus.it\\\/cattolica\\\/una-nuova-ricerca-dellenea-sul-sacro-lino-custodito-a-torino\\\/#primaryimage\",\"url\":\"https:\\\/\\\/www.rassegnastampa-totustuus.it\\\/cattolica\\\/wp-content\\\/uploads\\\/2012\\\/01\\\/Sindone.jpg\",\"contentUrl\":\"https:\\\/\\\/www.rassegnastampa-totustuus.it\\\/cattolica\\\/wp-content\\\/uploads\\\/2012\\\/01\\\/Sindone.jpg\",\"width\":218,\"height\":231},{\"@type\":\"BreadcrumbList\",\"@id\":\"https:\\\/\\\/www.rassegnastampa-totustuus.it\\\/cattolica\\\/una-nuova-ricerca-dellenea-sul-sacro-lino-custodito-a-torino\\\/#breadcrumb\",\"itemListElement\":[{\"@type\":\"ListItem\",\"position\":1,\"name\":\"Home\",\"item\":\"https:\\\/\\\/www.rassegnastampa-totustuus.it\\\/cattolica\\\/\"},{\"@type\":\"ListItem\",\"position\":2,\"name\":\"Una nuova ricerca dell&#8217;Enea sul sacro Lino custodito a Torino\"}]},{\"@type\":\"WebSite\",\"@id\":\"https:\\\/\\\/www.rassegnastampa-totustuus.it\\\/cattolica\\\/#website\",\"url\":\"https:\\\/\\\/www.rassegnastampa-totustuus.it\\\/cattolica\\\/\",\"name\":\"Rassegna Stampa Cattolica\",\"description\":\"Per una cultura che nasce dalla Rivelazione cristiana in conformit\u00e0 alla tradizione e al Magistero della Chiesa in opposizione ad ogni relativismo e totalitarismo\",\"publisher\":{\"@id\":\"https:\\\/\\\/www.rassegnastampa-totustuus.it\\\/cattolica\\\/#organization\"},\"alternateName\":\"Rass. Cattolica\",\"potentialAction\":[{\"@type\":\"SearchAction\",\"target\":{\"@type\":\"EntryPoint\",\"urlTemplate\":\"https:\\\/\\\/www.rassegnastampa-totustuus.it\\\/cattolica\\\/?s={search_term_string}\"},\"query-input\":{\"@type\":\"PropertyValueSpecification\",\"valueRequired\":true,\"valueName\":\"search_term_string\"}}],\"inLanguage\":\"it-IT\"},{\"@type\":\"Organization\",\"@id\":\"https:\\\/\\\/www.rassegnastampa-totustuus.it\\\/cattolica\\\/#organization\",\"name\":\"Rassegna Stampa Cattolica\",\"url\":\"https:\\\/\\\/www.rassegnastampa-totustuus.it\\\/cattolica\\\/\",\"logo\":{\"@type\":\"ImageObject\",\"inLanguage\":\"it-IT\",\"@id\":\"https:\\\/\\\/www.rassegnastampa-totustuus.it\\\/cattolica\\\/#\\\/schema\\\/logo\\\/image\\\/\",\"url\":\"https:\\\/\\\/www.rassegnastampa-totustuus.it\\\/cattolica\\\/wp-content\\\/uploads\\\/2014\\\/04\\\/logo-rassegna1.gif\",\"contentUrl\":\"https:\\\/\\\/www.rassegnastampa-totustuus.it\\\/cattolica\\\/wp-content\\\/uploads\\\/2014\\\/04\\\/logo-rassegna1.gif\",\"width\":600,\"height\":163,\"caption\":\"Rassegna Stampa Cattolica\"},\"image\":{\"@id\":\"https:\\\/\\\/www.rassegnastampa-totustuus.it\\\/cattolica\\\/#\\\/schema\\\/logo\\\/image\\\/\"},\"sameAs\":[\"https:\\\/\\\/www.facebook.com\\\/rassegnastampacattolica\",\"https:\\\/\\\/x.com\\\/rassegnastampa9\"]},{\"@type\":\"Person\",\"@id\":\"https:\\\/\\\/www.rassegnastampa-totustuus.it\\\/cattolica\\\/#\\\/schema\\\/person\\\/08f319d2bd1a0904ad9e2bfb7b15e5c3\",\"name\":\"Redazione\",\"image\":{\"@type\":\"ImageObject\",\"inLanguage\":\"it-IT\",\"@id\":\"https:\\\/\\\/secure.gravatar.com\\\/avatar\\\/2fcdf27c78ea025fbdb44e914cc63c72249ffec9dc8aafd5c82b26240ef3f346?s=96&d=mm&r=g\",\"url\":\"https:\\\/\\\/secure.gravatar.com\\\/avatar\\\/2fcdf27c78ea025fbdb44e914cc63c72249ffec9dc8aafd5c82b26240ef3f346?s=96&d=mm&r=g\",\"contentUrl\":\"https:\\\/\\\/secure.gravatar.com\\\/avatar\\\/2fcdf27c78ea025fbdb44e914cc63c72249ffec9dc8aafd5c82b26240ef3f346?s=96&d=mm&r=g\",\"caption\":\"Redazione\"},\"url\":\"https:\\\/\\\/www.rassegnastampa-totustuus.it\\\/cattolica\\\/author\\\/pietroelle\\\/\"}]}<\/script>\n<!-- \/ Yoast SEO plugin. -->","yoast_head_json":{"title":"Una nuova ricerca dell'Enea sul sacro Lino custodito a Torino - Rassegna Stampa Cattolica","description":"Rassegna Stampa Cattolica - Per una cultura che nasce dalla Rivelazione cristiana in conformit\u00e0 alla tradizione e al Magistero della Chiesa in opposizione ad ogni relativismo e totalitarismo","robots":{"index":"index","follow":"follow","max-snippet":"max-snippet:-1","max-image-preview":"max-image-preview:large","max-video-preview":"max-video-preview:-1"},"canonical":"https:\/\/www.rassegnastampa-totustuus.it\/cattolica\/una-nuova-ricerca-dellenea-sul-sacro-lino-custodito-a-torino\/","og_locale":"it_IT","og_type":"article","og_title":"Una nuova ricerca dell'Enea sul sacro Lino custodito a Torino - Rassegna Stampa Cattolica","og_description":"Rassegna Stampa Cattolica - Per una cultura che nasce dalla Rivelazione cristiana in conformit\u00e0 alla tradizione e al Magistero della Chiesa in opposizione ad ogni relativismo e totalitarismo","og_url":"https:\/\/www.rassegnastampa-totustuus.it\/cattolica\/una-nuova-ricerca-dellenea-sul-sacro-lino-custodito-a-torino\/","og_site_name":"Rassegna Stampa Cattolica","article_publisher":"https:\/\/www.facebook.com\/rassegnastampacattolica","article_published_time":"2012-01-04T23:00:00+00:00","article_modified_time":"2015-04-21T07:19:51+00:00","og_image":[{"width":218,"height":231,"url":"https:\/\/www.rassegnastampa-totustuus.it\/cattolica\/wp-content\/uploads\/2012\/01\/Sindone.jpg","type":"image\/jpeg"}],"author":"Redazione","twitter_card":"summary_large_image","twitter_creator":"@rassegnastampa9","twitter_site":"@rassegnastampa9","twitter_misc":{"Scritto da":"Redazione","Tempo di lettura stimato":"7 minuti"},"schema":{"@context":"https:\/\/schema.org","@graph":[{"@type":"Article","@id":"https:\/\/www.rassegnastampa-totustuus.it\/cattolica\/una-nuova-ricerca-dellenea-sul-sacro-lino-custodito-a-torino\/#article","isPartOf":{"@id":"https:\/\/www.rassegnastampa-totustuus.it\/cattolica\/una-nuova-ricerca-dellenea-sul-sacro-lino-custodito-a-torino\/"},"author":{"name":"Redazione","@id":"https:\/\/www.rassegnastampa-totustuus.it\/cattolica\/#\/schema\/person\/08f319d2bd1a0904ad9e2bfb7b15e5c3"},"headline":"Una nuova ricerca dell&#8217;Enea sul sacro Lino custodito a Torino","datePublished":"2012-01-04T23:00:00+00:00","dateModified":"2015-04-21T07:19:51+00:00","mainEntityOfPage":{"@id":"https:\/\/www.rassegnastampa-totustuus.it\/cattolica\/una-nuova-ricerca-dellenea-sul-sacro-lino-custodito-a-torino\/"},"wordCount":1510,"publisher":{"@id":"https:\/\/www.rassegnastampa-totustuus.it\/cattolica\/#organization"},"image":{"@id":"https:\/\/www.rassegnastampa-totustuus.it\/cattolica\/una-nuova-ricerca-dellenea-sul-sacro-lino-custodito-a-torino\/#primaryimage"},"thumbnailUrl":"https:\/\/www.rassegnastampa-totustuus.it\/cattolica\/wp-content\/uploads\/2012\/01\/Sindone.jpg","keywords":["Sindone"],"articleSection":["Chiesa"],"inLanguage":"it-IT"},{"@type":"WebPage","@id":"https:\/\/www.rassegnastampa-totustuus.it\/cattolica\/una-nuova-ricerca-dellenea-sul-sacro-lino-custodito-a-torino\/","url":"https:\/\/www.rassegnastampa-totustuus.it\/cattolica\/una-nuova-ricerca-dellenea-sul-sacro-lino-custodito-a-torino\/","name":"Una nuova ricerca dell'Enea sul sacro Lino custodito a Torino - Rassegna Stampa Cattolica","isPartOf":{"@id":"https:\/\/www.rassegnastampa-totustuus.it\/cattolica\/#website"},"primaryImageOfPage":{"@id":"https:\/\/www.rassegnastampa-totustuus.it\/cattolica\/una-nuova-ricerca-dellenea-sul-sacro-lino-custodito-a-torino\/#primaryimage"},"image":{"@id":"https:\/\/www.rassegnastampa-totustuus.it\/cattolica\/una-nuova-ricerca-dellenea-sul-sacro-lino-custodito-a-torino\/#primaryimage"},"thumbnailUrl":"https:\/\/www.rassegnastampa-totustuus.it\/cattolica\/wp-content\/uploads\/2012\/01\/Sindone.jpg","datePublished":"2012-01-04T23:00:00+00:00","dateModified":"2015-04-21T07:19:51+00:00","description":"Rassegna Stampa Cattolica - Per una cultura che nasce dalla Rivelazione cristiana in conformit\u00e0 alla tradizione e al Magistero della Chiesa in opposizione ad ogni relativismo e totalitarismo","breadcrumb":{"@id":"https:\/\/www.rassegnastampa-totustuus.it\/cattolica\/una-nuova-ricerca-dellenea-sul-sacro-lino-custodito-a-torino\/#breadcrumb"},"inLanguage":"it-IT","potentialAction":[{"@type":"ReadAction","target":["https:\/\/www.rassegnastampa-totustuus.it\/cattolica\/una-nuova-ricerca-dellenea-sul-sacro-lino-custodito-a-torino\/"]}]},{"@type":"ImageObject","inLanguage":"it-IT","@id":"https:\/\/www.rassegnastampa-totustuus.it\/cattolica\/una-nuova-ricerca-dellenea-sul-sacro-lino-custodito-a-torino\/#primaryimage","url":"https:\/\/www.rassegnastampa-totustuus.it\/cattolica\/wp-content\/uploads\/2012\/01\/Sindone.jpg","contentUrl":"https:\/\/www.rassegnastampa-totustuus.it\/cattolica\/wp-content\/uploads\/2012\/01\/Sindone.jpg","width":218,"height":231},{"@type":"BreadcrumbList","@id":"https:\/\/www.rassegnastampa-totustuus.it\/cattolica\/una-nuova-ricerca-dellenea-sul-sacro-lino-custodito-a-torino\/#breadcrumb","itemListElement":[{"@type":"ListItem","position":1,"name":"Home","item":"https:\/\/www.rassegnastampa-totustuus.it\/cattolica\/"},{"@type":"ListItem","position":2,"name":"Una nuova ricerca dell&#8217;Enea sul sacro Lino custodito a Torino"}]},{"@type":"WebSite","@id":"https:\/\/www.rassegnastampa-totustuus.it\/cattolica\/#website","url":"https:\/\/www.rassegnastampa-totustuus.it\/cattolica\/","name":"Rassegna Stampa Cattolica","description":"Per una cultura che nasce dalla Rivelazione cristiana in conformit\u00e0 alla tradizione e al Magistero della Chiesa in opposizione ad ogni relativismo e totalitarismo","publisher":{"@id":"https:\/\/www.rassegnastampa-totustuus.it\/cattolica\/#organization"},"alternateName":"Rass. Cattolica","potentialAction":[{"@type":"SearchAction","target":{"@type":"EntryPoint","urlTemplate":"https:\/\/www.rassegnastampa-totustuus.it\/cattolica\/?s={search_term_string}"},"query-input":{"@type":"PropertyValueSpecification","valueRequired":true,"valueName":"search_term_string"}}],"inLanguage":"it-IT"},{"@type":"Organization","@id":"https:\/\/www.rassegnastampa-totustuus.it\/cattolica\/#organization","name":"Rassegna Stampa Cattolica","url":"https:\/\/www.rassegnastampa-totustuus.it\/cattolica\/","logo":{"@type":"ImageObject","inLanguage":"it-IT","@id":"https:\/\/www.rassegnastampa-totustuus.it\/cattolica\/#\/schema\/logo\/image\/","url":"https:\/\/www.rassegnastampa-totustuus.it\/cattolica\/wp-content\/uploads\/2014\/04\/logo-rassegna1.gif","contentUrl":"https:\/\/www.rassegnastampa-totustuus.it\/cattolica\/wp-content\/uploads\/2014\/04\/logo-rassegna1.gif","width":600,"height":163,"caption":"Rassegna Stampa Cattolica"},"image":{"@id":"https:\/\/www.rassegnastampa-totustuus.it\/cattolica\/#\/schema\/logo\/image\/"},"sameAs":["https:\/\/www.facebook.com\/rassegnastampacattolica","https:\/\/x.com\/rassegnastampa9"]},{"@type":"Person","@id":"https:\/\/www.rassegnastampa-totustuus.it\/cattolica\/#\/schema\/person\/08f319d2bd1a0904ad9e2bfb7b15e5c3","name":"Redazione","image":{"@type":"ImageObject","inLanguage":"it-IT","@id":"https:\/\/secure.gravatar.com\/avatar\/2fcdf27c78ea025fbdb44e914cc63c72249ffec9dc8aafd5c82b26240ef3f346?s=96&d=mm&r=g","url":"https:\/\/secure.gravatar.com\/avatar\/2fcdf27c78ea025fbdb44e914cc63c72249ffec9dc8aafd5c82b26240ef3f346?s=96&d=mm&r=g","contentUrl":"https:\/\/secure.gravatar.com\/avatar\/2fcdf27c78ea025fbdb44e914cc63c72249ffec9dc8aafd5c82b26240ef3f346?s=96&d=mm&r=g","caption":"Redazione"},"url":"https:\/\/www.rassegnastampa-totustuus.it\/cattolica\/author\/pietroelle\/"}]}},"_links":{"self":[{"href":"https:\/\/www.rassegnastampa-totustuus.it\/cattolica\/wp-json\/wp\/v2\/posts\/4861","targetHints":{"allow":["GET"]}}],"collection":[{"href":"https:\/\/www.rassegnastampa-totustuus.it\/cattolica\/wp-json\/wp\/v2\/posts"}],"about":[{"href":"https:\/\/www.rassegnastampa-totustuus.it\/cattolica\/wp-json\/wp\/v2\/types\/post"}],"author":[{"embeddable":true,"href":"https:\/\/www.rassegnastampa-totustuus.it\/cattolica\/wp-json\/wp\/v2\/users\/6"}],"replies":[{"embeddable":true,"href":"https:\/\/www.rassegnastampa-totustuus.it\/cattolica\/wp-json\/wp\/v2\/comments?post=4861"}],"version-history":[{"count":3,"href":"https:\/\/www.rassegnastampa-totustuus.it\/cattolica\/wp-json\/wp\/v2\/posts\/4861\/revisions"}],"predecessor-version":[{"id":23465,"href":"https:\/\/www.rassegnastampa-totustuus.it\/cattolica\/wp-json\/wp\/v2\/posts\/4861\/revisions\/23465"}],"wp:featuredmedia":[{"embeddable":true,"href":"https:\/\/www.rassegnastampa-totustuus.it\/cattolica\/wp-json\/wp\/v2\/media\/23464"}],"wp:attachment":[{"href":"https:\/\/www.rassegnastampa-totustuus.it\/cattolica\/wp-json\/wp\/v2\/media?parent=4861"}],"wp:term":[{"taxonomy":"category","embeddable":true,"href":"https:\/\/www.rassegnastampa-totustuus.it\/cattolica\/wp-json\/wp\/v2\/categories?post=4861"},{"taxonomy":"post_tag","embeddable":true,"href":"https:\/\/www.rassegnastampa-totustuus.it\/cattolica\/wp-json\/wp\/v2\/tags?post=4861"}],"curies":[{"name":"wp","href":"https:\/\/api.w.org\/{rel}","templated":true}]}}