{"id":4860,"date":"2011-12-23T09:26:16","date_gmt":"2011-12-23T08:26:16","guid":{"rendered":""},"modified":"2014-12-29T10:42:45","modified_gmt":"2014-12-29T09:42:45","slug":"grazie-a-dio-ancora-natale","status":"publish","type":"post","link":"https:\/\/www.rassegnastampa-totustuus.it\/cattolica\/grazie-a-dio-ancora-natale\/","title":{"rendered":"Grazie a Dio &egrave; ancora Natale"},"content":{"rendered":"<div style=\"text-align: center;\"><strong><a href=\"https:\/\/www.rassegnastampa-totustuus.it\/cattolica\/wp-content\/uploads\/2011\/12\/presepe.png\"><img loading=\"lazy\" decoding=\"async\" class=\"alignleft wp-image-15869\" src=\"https:\/\/www.rassegnastampa-totustuus.it\/cattolica\/wp-content\/uploads\/2011\/12\/presepe.png\" alt=\"presepe\" width=\"250\" height=\"187\" \/><\/a>Il Foglio<\/strong> 24 dicembre 2009<\/div>\n<p style=\"text-align: center;\"><strong>Alessandro Gnocchi<\/strong> e <strong>Mario Palmaro<\/strong><\/p>\n<p style=\"text-align: justify;\">Cari ragazzi, \u00e8 Natale ancora, grazie a Dio. Prima di avviarci verso il presepe, bisogna che conosciate una perla della vita di santa Teresa di Ges\u00f9 Bambino. Un giorno, durante la malattia che la accompagn\u00f2 alla morte, ebbe in dono dalle consorelle una rosa. Invece che deporla in un vaso, la sfogli\u00f2 sul Crocefisso con piet\u00e0 e amore, quasi a lenire le piaghe di Cristo.<\/p>\n<p><!--more--><\/p>\n<div style=\"text-align: justify;\">\u201cNel mese di settembre\u201d disse accompagnando il suo gesto \u201cla piccola Teresa sfoglia ancora una rosa di primavera. Sfogliando per Te la rosa primaverile, vorrei asciugarti le lacrime\u201d.<\/div>\n<p style=\"text-align: justify;\">Nessuno sarebbe in grado di raccontare qualche cosa di altrettanto bello che non abbia a che fare con un gesto di adorazione. Perch\u00e9, lo dovete sapere, sfogliando quella rosa di primavera santa Teresina, in punto di morte, adorava Ges\u00f9. Non dava sfogo a un sentimento poetico. Se l\u2019oggetto dell\u2019amore adorante di quella creatura fosse stato qualche cosa di meno che il Figlio di Dio, la sua vita sarebbe naufragata nella disperazione di una tragedia greca. Invece, si \u00e8 incamminata verso la gloria di una fiaba cristiana.<\/p>\n<p style=\"text-align: justify;\">Capite, ora, Chi abbiamo deposto in quella mangiatoia? Capite perch\u00e9 tutte le statuette del presepe guardano verso la luce che sprigiona da quella grotta e a nessuno viene fatto di orientarle altrimenti? Anche i briganti, i ladroni, i soldati\u2026<\/p>\n<p style=\"text-align: justify;\">Pensate che i pastori fossero damerini firmati Prada usciti da qualche salotto? Tra di loro c\u2019erano senz\u2019altro dei tagliagola facili a maneggiare il coltello. Eppure, eccoli tutti l\u00ec, in adorazione, davanti allo stesso Dio rivestito di petali di rosa da santa Teresina.<\/p>\n<p style=\"text-align: justify;\">Ricordate i racconti in cui Guareschi costringe Peppone e la sua ciurma comunista a inciampare nel Natale? Ricordate che il figlio del Lungo si rifugia nel solaio della Casa del Popolo per costruirsi il suo presepe. E, la notte di Natale, Peppone e gli altri sciamannati, dopo aver tentato di decristianizzare il Natale, se ne stanno l\u00e0 fuori, col naso verso il solaio della Casa del Popolo, in contemplazione della luce accesa dal figlio del Lungo.<\/p>\n<p style=\"text-align: justify;\">E vi ricorderete di quel solaio nascosto nel convento dove era cresciuto Marcellino pane e vino. Lass\u00f9 non c\u2019era il presepe. \u201cC\u2019\u00e8 un uomo\u201d dicevano i frati per intimorire Marcellino \u201cche se ti vede ti porta subito via con s\u00e9\u201d. E dicevano il vero, perch\u00e9 in quel misterioso solaio Marcellino avrebbe incontrato Ges\u00f9 crocefisso. E a Ges\u00f9 avrebbe portato la sua rosa, ogni giorno, rubando di nascosto dalla dispensa il pane e il vino, per portarlo all\u2019Uomo della Croce.<\/p>\n<p style=\"text-align: justify;\">Insomma, ragazzi, la faccenda \u00e8 questa: che Presepe e Croce, Natale e Passione e Resurrezione, o stanno insieme, o non hanno nessun senso. Solo l\u2019uomo che riesce a contemplarle insieme ne \u00e8 pacificato.<\/p>\n<p style=\"text-align: justify;\">E\u2019 ci\u00f2 che accade a Peppone quando, in canonica con don Camillo a pitturare le statuine del presepe, si trova tra le mani il Bambinello. \u201cLo guard\u00f2 e gli parve di sentire sulla palma il tepore di quel piccolo corpo\u201d. E, una volta uscito nella notte, si incanta pensando alla poesia che il suo bambino gli reciter\u00e0.<\/p>\n<p style=\"text-align: justify;\">Gregorio di Nissa insegnava che i concetti creano gli idoli e solo lo stupore conosce. E\u2019 il ritratto del sindaco comunista che pregusta la poesia del suo bambino. Ma anche il nostro, mentre attendiamo che declamiate le vostre. E sar\u00e0 pure il vostro ritratto, quando sarete padri e madri e avrete dei figli che si incanteranno davanti al presepe.<\/p>\n<p style=\"text-align: justify;\">Una volta giunti fino a qui, cari ragazzi, fate attenzione ai presepi alternativi che vanno di moda e piacciono anche a certi porporati. Presepi demitizzati e demistificati in cui Ges\u00f9 diventa il profeta della raccolta differenziata. State attenti perch\u00e9 ci sar\u00e0 sempre qualche cultore del teologicamente corretto che vi inviter\u00e0 a fare marcia indietro.<\/p>\n<p style=\"text-align: justify;\">Dopo che vi sarete trovati davanti al mistero del Verbo incarnato, vi diranno che \u00e8 sbagliato perch\u00e9 non si pu\u00f2 sbattere la verit\u00e0 in faccia ai bambini, ma neppure ai ragazzi pi\u00f9 grandi. Suggeriranno che bisogna partire dall\u2019esperienza e, piano piano, risalire dal vissuto fino allo sbocciare di una consapevolezza sincera, di una fede adulta insomma.<\/p>\n<p style=\"text-align: justify;\">Ges\u00f9, secondo questa bizzarra pedagogia religiosa, sarebbe la fine e non l\u2019inizio del cristianesimo. Non date retta a questi falsi profeti, o vi troverete nella condizione pi\u00f9 disperata in cui si possa trovare un essere umano: quella in cui, pur sentendone il bisogno, non sa davanti a chi inginocchiarsi.<\/p>\n<p style=\"text-align: justify;\">Rimiriamoci il presepe di casa nostra. Quella composizione insieme esotica e domestica, infantile e gigantesca. Quel luogo che accoglie e compone figure di reciproca e bizzarra estraneit\u00e0. Pastori e re, ladri e soldati, vagabondi e magi, contemplatori dei cieli e uomini della terra, pii pellegrini e predoni.<\/p>\n<p style=\"text-align: justify;\">Quel luogo concreto e metafisico in cui fisica e prospettiva si arrendono alla convivenza di pecore enormi come i cammelli dei Re Magi e casette con porticine dalle quali nessuna statuina potrebbe passare. Quel luogo dove il deserto cede il posto a colline di muschio, dove le piante si affastellano con furore sacro e antiscientifico in filari di faggi, di palme, di abeti e di rovi. Dove animali miti si mescolano alle belve.<\/p>\n<p style=\"text-align: justify;\">Il segreto di questa gran macchina allegorica \u00e8 il fascino poderoso e gentile dell\u2019infanzia divina che si manifesta, tenera e indifesa, per chiedere adorazione. \u201cTutta la letteratura, che cresce sempre e non finir\u00e0 mai\u201d scrive Chesterton \u201caveva cantato le trasformazioni di quel semplice paradosso: che le mani che avevano fatto il sole e le stelle erano troppo piccole per accarezzare le grosse teste degli animali\u201d.<\/p>\n<p style=\"text-align: justify;\">Cari ragazzi, quelle mani sono le stesse che vedete trafitte sulla croce, sono le stesse su cui santa Teresina sfogliava i petali di rosa. Sono le mani in cui \u00e8 racchiusa la signoria dell\u2019universo. Pensate quanti gesti, quante vite hanno trovato compimento in questa. Pensate ai bambini vissuti nell\u2019Inghilterra anticattolica dei secoli scorsi. Esserini svegliati in piena notte per partecipare alla messa interdetta dal furore antipapista e celebrata in segreto, e costretti, qualche giorno dopo, ad assistere al martirio del sacerdote a cui avevano porto i paramenti.<\/p>\n<p style=\"text-align: justify;\">Al di fuori della signoria di Cristo le loro storie non avrebbero senso, non potrebbero essere concepite. Una grazia cos\u00ec grande in gesti cos\u00ec piccoli pu\u00f2 sussistere solo al cospetto del Verbo fatto uomo. \u201cIn principio era il Verbo, e il Verbo era presso Dio e il Verbo era Dio\u201d.<\/p>\n<p style=\"text-align: justify;\">Quanto \u00e8 grande l\u2019incipit del Vangelo di Giovanni. Le eresie che da sempre scuotono la chiesa tentano di mistificare la figura di Ges\u00f9 distorcendo i concetti giovannei. Fotino sostenne che Ges\u00f9 era figlio di Dio al pari degli altri uomini che fanno la volont\u00e0 del Padre. Sabellio predic\u00f2 che Padre e Figlio sono la stessa Persona. Ario che il Figlio non era della stessa sostanza del Padre.<\/p>\n<p style=\"text-align: justify;\">A questo proposito, fu definitivo san Tommaso: \u201cCos\u00ec parlando, san Giovanni confut\u00f2 le tre eresie. L\u2019eresia fotiniana, dicendo: In principio era il Verbo; l\u2019eresia sabelliana, dicendo: e il Verbo era presso Dio; l\u2019eresia ariana, dicendo: e il Verbo era Dio\u201d.<\/p>\n<p style=\"text-align: justify;\">Rigore e precisione che Guareschi riassume cos\u00ec: \u201cE fra mille anni la gente correr\u00e0 a seimila chilometri l\u2019ora su macchine a razzo superatomico e per far cosa? Per arrivare in fondo all\u2019anno e rimanere a bocca aperta davanti allo stesso Bambinello di gesso che, una di queste sere, il compagno Peppone ha ripitturato col pennellino\u201d.<\/p>\n","protected":false},"excerpt":{"rendered":"<p>Il Foglio 24 dicembre 2009 Alessandro Gnocchi e Mario Palmaro Cari ragazzi, \u00e8 Natale ancora, grazie a Dio. Prima di avviarci verso il presepe, bisogna che conosciate una perla della vita di santa Teresa di Ges\u00f9 Bambino. Un giorno, durante la malattia che la accompagn\u00f2 alla morte, ebbe in dono dalle consorelle una rosa. Invece &hellip; <\/p>\n<p><a class=\"more-link btn\" href=\"https:\/\/www.rassegnastampa-totustuus.it\/cattolica\/grazie-a-dio-ancora-natale\/\">Continua a leggere<\/a><\/p>\n","protected":false},"author":6,"featured_media":15869,"comment_status":"closed","ping_status":"open","sticky":false,"template":"","format":"standard","meta":{"footnotes":""},"categories":[5],"tags":[1283],"class_list":["post-4860","post","type-post","status-publish","format-standard","has-post-thumbnail","hentry","category-chiesa","tag-natale","item-wrap"],"yoast_head":"<!-- This site is optimized with the Yoast SEO plugin v27.5 - https:\/\/yoast.com\/product\/yoast-seo-wordpress\/ -->\n<title>Grazie a Dio &egrave; ancora Natale - Rassegna Stampa Cattolica<\/title>\n<meta name=\"description\" content=\"Rassegna Stampa Cattolica - Per una cultura che nasce dalla Rivelazione cristiana in conformit\u00e0 alla tradizione e al Magistero della Chiesa in opposizione ad ogni relativismo e totalitarismo\" \/>\n<meta name=\"robots\" content=\"index, follow, max-snippet:-1, max-image-preview:large, max-video-preview:-1\" \/>\n<link rel=\"canonical\" href=\"https:\/\/www.rassegnastampa-totustuus.it\/cattolica\/grazie-a-dio-ancora-natale\/\" \/>\n<meta property=\"og:locale\" content=\"it_IT\" \/>\n<meta property=\"og:type\" content=\"article\" \/>\n<meta property=\"og:title\" content=\"Grazie a Dio &egrave; ancora Natale - Rassegna Stampa Cattolica\" \/>\n<meta property=\"og:description\" content=\"Rassegna Stampa Cattolica - Per una cultura che nasce dalla Rivelazione cristiana in conformit\u00e0 alla tradizione e al Magistero della Chiesa in opposizione ad ogni relativismo e totalitarismo\" \/>\n<meta property=\"og:url\" content=\"https:\/\/www.rassegnastampa-totustuus.it\/cattolica\/grazie-a-dio-ancora-natale\/\" \/>\n<meta property=\"og:site_name\" content=\"Rassegna Stampa Cattolica\" \/>\n<meta property=\"article:publisher\" content=\"https:\/\/www.facebook.com\/rassegnastampacattolica\" \/>\n<meta property=\"article:published_time\" content=\"2011-12-23T08:26:16+00:00\" \/>\n<meta property=\"article:modified_time\" content=\"2014-12-29T09:42:45+00:00\" \/>\n<meta property=\"og:image\" content=\"https:\/\/www.rassegnastampa-totustuus.it\/cattolica\/wp-content\/uploads\/2011\/12\/presepe.png\" \/>\n\t<meta property=\"og:image:width\" content=\"259\" \/>\n\t<meta property=\"og:image:height\" content=\"194\" \/>\n\t<meta property=\"og:image:type\" content=\"image\/png\" \/>\n<meta name=\"author\" content=\"Redazione\" \/>\n<meta name=\"twitter:card\" content=\"summary_large_image\" \/>\n<meta name=\"twitter:creator\" content=\"@rassegnastampa9\" \/>\n<meta name=\"twitter:site\" content=\"@rassegnastampa9\" \/>\n<meta name=\"twitter:label1\" content=\"Scritto da\" \/>\n\t<meta name=\"twitter:data1\" content=\"Redazione\" \/>\n\t<meta name=\"twitter:label2\" content=\"Tempo di lettura stimato\" \/>\n\t<meta name=\"twitter:data2\" content=\"6 minuti\" \/>\n<script type=\"application\/ld+json\" class=\"yoast-schema-graph\">{\"@context\":\"https:\\\/\\\/schema.org\",\"@graph\":[{\"@type\":\"Article\",\"@id\":\"https:\\\/\\\/www.rassegnastampa-totustuus.it\\\/cattolica\\\/grazie-a-dio-ancora-natale\\\/#article\",\"isPartOf\":{\"@id\":\"https:\\\/\\\/www.rassegnastampa-totustuus.it\\\/cattolica\\\/grazie-a-dio-ancora-natale\\\/\"},\"author\":{\"name\":\"Redazione\",\"@id\":\"https:\\\/\\\/www.rassegnastampa-totustuus.it\\\/cattolica\\\/#\\\/schema\\\/person\\\/08f319d2bd1a0904ad9e2bfb7b15e5c3\"},\"headline\":\"Grazie a Dio &egrave; ancora Natale\",\"datePublished\":\"2011-12-23T08:26:16+00:00\",\"dateModified\":\"2014-12-29T09:42:45+00:00\",\"mainEntityOfPage\":{\"@id\":\"https:\\\/\\\/www.rassegnastampa-totustuus.it\\\/cattolica\\\/grazie-a-dio-ancora-natale\\\/\"},\"wordCount\":1231,\"publisher\":{\"@id\":\"https:\\\/\\\/www.rassegnastampa-totustuus.it\\\/cattolica\\\/#organization\"},\"image\":{\"@id\":\"https:\\\/\\\/www.rassegnastampa-totustuus.it\\\/cattolica\\\/grazie-a-dio-ancora-natale\\\/#primaryimage\"},\"thumbnailUrl\":\"https:\\\/\\\/www.rassegnastampa-totustuus.it\\\/cattolica\\\/wp-content\\\/uploads\\\/2011\\\/12\\\/presepe.png\",\"keywords\":[\"Natale\"],\"articleSection\":[\"Chiesa\"],\"inLanguage\":\"it-IT\"},{\"@type\":\"WebPage\",\"@id\":\"https:\\\/\\\/www.rassegnastampa-totustuus.it\\\/cattolica\\\/grazie-a-dio-ancora-natale\\\/\",\"url\":\"https:\\\/\\\/www.rassegnastampa-totustuus.it\\\/cattolica\\\/grazie-a-dio-ancora-natale\\\/\",\"name\":\"Grazie a Dio &egrave; ancora Natale - Rassegna Stampa Cattolica\",\"isPartOf\":{\"@id\":\"https:\\\/\\\/www.rassegnastampa-totustuus.it\\\/cattolica\\\/#website\"},\"primaryImageOfPage\":{\"@id\":\"https:\\\/\\\/www.rassegnastampa-totustuus.it\\\/cattolica\\\/grazie-a-dio-ancora-natale\\\/#primaryimage\"},\"image\":{\"@id\":\"https:\\\/\\\/www.rassegnastampa-totustuus.it\\\/cattolica\\\/grazie-a-dio-ancora-natale\\\/#primaryimage\"},\"thumbnailUrl\":\"https:\\\/\\\/www.rassegnastampa-totustuus.it\\\/cattolica\\\/wp-content\\\/uploads\\\/2011\\\/12\\\/presepe.png\",\"datePublished\":\"2011-12-23T08:26:16+00:00\",\"dateModified\":\"2014-12-29T09:42:45+00:00\",\"description\":\"Rassegna Stampa Cattolica - Per una cultura che nasce dalla Rivelazione cristiana in conformit\u00e0 alla tradizione e al Magistero della Chiesa in opposizione ad ogni relativismo e totalitarismo\",\"breadcrumb\":{\"@id\":\"https:\\\/\\\/www.rassegnastampa-totustuus.it\\\/cattolica\\\/grazie-a-dio-ancora-natale\\\/#breadcrumb\"},\"inLanguage\":\"it-IT\",\"potentialAction\":[{\"@type\":\"ReadAction\",\"target\":[\"https:\\\/\\\/www.rassegnastampa-totustuus.it\\\/cattolica\\\/grazie-a-dio-ancora-natale\\\/\"]}]},{\"@type\":\"ImageObject\",\"inLanguage\":\"it-IT\",\"@id\":\"https:\\\/\\\/www.rassegnastampa-totustuus.it\\\/cattolica\\\/grazie-a-dio-ancora-natale\\\/#primaryimage\",\"url\":\"https:\\\/\\\/www.rassegnastampa-totustuus.it\\\/cattolica\\\/wp-content\\\/uploads\\\/2011\\\/12\\\/presepe.png\",\"contentUrl\":\"https:\\\/\\\/www.rassegnastampa-totustuus.it\\\/cattolica\\\/wp-content\\\/uploads\\\/2011\\\/12\\\/presepe.png\",\"width\":259,\"height\":194},{\"@type\":\"BreadcrumbList\",\"@id\":\"https:\\\/\\\/www.rassegnastampa-totustuus.it\\\/cattolica\\\/grazie-a-dio-ancora-natale\\\/#breadcrumb\",\"itemListElement\":[{\"@type\":\"ListItem\",\"position\":1,\"name\":\"Home\",\"item\":\"https:\\\/\\\/www.rassegnastampa-totustuus.it\\\/cattolica\\\/\"},{\"@type\":\"ListItem\",\"position\":2,\"name\":\"Grazie a Dio &egrave; ancora Natale\"}]},{\"@type\":\"WebSite\",\"@id\":\"https:\\\/\\\/www.rassegnastampa-totustuus.it\\\/cattolica\\\/#website\",\"url\":\"https:\\\/\\\/www.rassegnastampa-totustuus.it\\\/cattolica\\\/\",\"name\":\"Rassegna Stampa Cattolica\",\"description\":\"Per una cultura che nasce dalla Rivelazione cristiana in conformit\u00e0 alla tradizione e al Magistero della Chiesa in opposizione ad ogni relativismo e totalitarismo\",\"publisher\":{\"@id\":\"https:\\\/\\\/www.rassegnastampa-totustuus.it\\\/cattolica\\\/#organization\"},\"alternateName\":\"Rass. Cattolica\",\"potentialAction\":[{\"@type\":\"SearchAction\",\"target\":{\"@type\":\"EntryPoint\",\"urlTemplate\":\"https:\\\/\\\/www.rassegnastampa-totustuus.it\\\/cattolica\\\/?s={search_term_string}\"},\"query-input\":{\"@type\":\"PropertyValueSpecification\",\"valueRequired\":true,\"valueName\":\"search_term_string\"}}],\"inLanguage\":\"it-IT\"},{\"@type\":\"Organization\",\"@id\":\"https:\\\/\\\/www.rassegnastampa-totustuus.it\\\/cattolica\\\/#organization\",\"name\":\"Rassegna Stampa Cattolica\",\"url\":\"https:\\\/\\\/www.rassegnastampa-totustuus.it\\\/cattolica\\\/\",\"logo\":{\"@type\":\"ImageObject\",\"inLanguage\":\"it-IT\",\"@id\":\"https:\\\/\\\/www.rassegnastampa-totustuus.it\\\/cattolica\\\/#\\\/schema\\\/logo\\\/image\\\/\",\"url\":\"https:\\\/\\\/www.rassegnastampa-totustuus.it\\\/cattolica\\\/wp-content\\\/uploads\\\/2014\\\/04\\\/logo-rassegna1.gif\",\"contentUrl\":\"https:\\\/\\\/www.rassegnastampa-totustuus.it\\\/cattolica\\\/wp-content\\\/uploads\\\/2014\\\/04\\\/logo-rassegna1.gif\",\"width\":600,\"height\":163,\"caption\":\"Rassegna Stampa Cattolica\"},\"image\":{\"@id\":\"https:\\\/\\\/www.rassegnastampa-totustuus.it\\\/cattolica\\\/#\\\/schema\\\/logo\\\/image\\\/\"},\"sameAs\":[\"https:\\\/\\\/www.facebook.com\\\/rassegnastampacattolica\",\"https:\\\/\\\/x.com\\\/rassegnastampa9\"]},{\"@type\":\"Person\",\"@id\":\"https:\\\/\\\/www.rassegnastampa-totustuus.it\\\/cattolica\\\/#\\\/schema\\\/person\\\/08f319d2bd1a0904ad9e2bfb7b15e5c3\",\"name\":\"Redazione\",\"image\":{\"@type\":\"ImageObject\",\"inLanguage\":\"it-IT\",\"@id\":\"https:\\\/\\\/secure.gravatar.com\\\/avatar\\\/2fcdf27c78ea025fbdb44e914cc63c72249ffec9dc8aafd5c82b26240ef3f346?s=96&d=mm&r=g\",\"url\":\"https:\\\/\\\/secure.gravatar.com\\\/avatar\\\/2fcdf27c78ea025fbdb44e914cc63c72249ffec9dc8aafd5c82b26240ef3f346?s=96&d=mm&r=g\",\"contentUrl\":\"https:\\\/\\\/secure.gravatar.com\\\/avatar\\\/2fcdf27c78ea025fbdb44e914cc63c72249ffec9dc8aafd5c82b26240ef3f346?s=96&d=mm&r=g\",\"caption\":\"Redazione\"},\"url\":\"https:\\\/\\\/www.rassegnastampa-totustuus.it\\\/cattolica\\\/author\\\/pietroelle\\\/\"}]}<\/script>\n<!-- \/ Yoast SEO plugin. -->","yoast_head_json":{"title":"Grazie a Dio &egrave; ancora Natale - Rassegna Stampa Cattolica","description":"Rassegna Stampa Cattolica - Per una cultura che nasce dalla Rivelazione cristiana in conformit\u00e0 alla tradizione e al Magistero della Chiesa in opposizione ad ogni relativismo e totalitarismo","robots":{"index":"index","follow":"follow","max-snippet":"max-snippet:-1","max-image-preview":"max-image-preview:large","max-video-preview":"max-video-preview:-1"},"canonical":"https:\/\/www.rassegnastampa-totustuus.it\/cattolica\/grazie-a-dio-ancora-natale\/","og_locale":"it_IT","og_type":"article","og_title":"Grazie a Dio &egrave; ancora Natale - Rassegna Stampa Cattolica","og_description":"Rassegna Stampa Cattolica - Per una cultura che nasce dalla Rivelazione cristiana in conformit\u00e0 alla tradizione e al Magistero della Chiesa in opposizione ad ogni relativismo e totalitarismo","og_url":"https:\/\/www.rassegnastampa-totustuus.it\/cattolica\/grazie-a-dio-ancora-natale\/","og_site_name":"Rassegna Stampa Cattolica","article_publisher":"https:\/\/www.facebook.com\/rassegnastampacattolica","article_published_time":"2011-12-23T08:26:16+00:00","article_modified_time":"2014-12-29T09:42:45+00:00","og_image":[{"width":259,"height":194,"url":"https:\/\/www.rassegnastampa-totustuus.it\/cattolica\/wp-content\/uploads\/2011\/12\/presepe.png","type":"image\/png"}],"author":"Redazione","twitter_card":"summary_large_image","twitter_creator":"@rassegnastampa9","twitter_site":"@rassegnastampa9","twitter_misc":{"Scritto da":"Redazione","Tempo di lettura stimato":"6 minuti"},"schema":{"@context":"https:\/\/schema.org","@graph":[{"@type":"Article","@id":"https:\/\/www.rassegnastampa-totustuus.it\/cattolica\/grazie-a-dio-ancora-natale\/#article","isPartOf":{"@id":"https:\/\/www.rassegnastampa-totustuus.it\/cattolica\/grazie-a-dio-ancora-natale\/"},"author":{"name":"Redazione","@id":"https:\/\/www.rassegnastampa-totustuus.it\/cattolica\/#\/schema\/person\/08f319d2bd1a0904ad9e2bfb7b15e5c3"},"headline":"Grazie a Dio &egrave; ancora Natale","datePublished":"2011-12-23T08:26:16+00:00","dateModified":"2014-12-29T09:42:45+00:00","mainEntityOfPage":{"@id":"https:\/\/www.rassegnastampa-totustuus.it\/cattolica\/grazie-a-dio-ancora-natale\/"},"wordCount":1231,"publisher":{"@id":"https:\/\/www.rassegnastampa-totustuus.it\/cattolica\/#organization"},"image":{"@id":"https:\/\/www.rassegnastampa-totustuus.it\/cattolica\/grazie-a-dio-ancora-natale\/#primaryimage"},"thumbnailUrl":"https:\/\/www.rassegnastampa-totustuus.it\/cattolica\/wp-content\/uploads\/2011\/12\/presepe.png","keywords":["Natale"],"articleSection":["Chiesa"],"inLanguage":"it-IT"},{"@type":"WebPage","@id":"https:\/\/www.rassegnastampa-totustuus.it\/cattolica\/grazie-a-dio-ancora-natale\/","url":"https:\/\/www.rassegnastampa-totustuus.it\/cattolica\/grazie-a-dio-ancora-natale\/","name":"Grazie a Dio &egrave; ancora Natale - Rassegna Stampa Cattolica","isPartOf":{"@id":"https:\/\/www.rassegnastampa-totustuus.it\/cattolica\/#website"},"primaryImageOfPage":{"@id":"https:\/\/www.rassegnastampa-totustuus.it\/cattolica\/grazie-a-dio-ancora-natale\/#primaryimage"},"image":{"@id":"https:\/\/www.rassegnastampa-totustuus.it\/cattolica\/grazie-a-dio-ancora-natale\/#primaryimage"},"thumbnailUrl":"https:\/\/www.rassegnastampa-totustuus.it\/cattolica\/wp-content\/uploads\/2011\/12\/presepe.png","datePublished":"2011-12-23T08:26:16+00:00","dateModified":"2014-12-29T09:42:45+00:00","description":"Rassegna Stampa Cattolica - Per una cultura che nasce dalla Rivelazione cristiana in conformit\u00e0 alla tradizione e al Magistero della Chiesa in opposizione ad ogni relativismo e totalitarismo","breadcrumb":{"@id":"https:\/\/www.rassegnastampa-totustuus.it\/cattolica\/grazie-a-dio-ancora-natale\/#breadcrumb"},"inLanguage":"it-IT","potentialAction":[{"@type":"ReadAction","target":["https:\/\/www.rassegnastampa-totustuus.it\/cattolica\/grazie-a-dio-ancora-natale\/"]}]},{"@type":"ImageObject","inLanguage":"it-IT","@id":"https:\/\/www.rassegnastampa-totustuus.it\/cattolica\/grazie-a-dio-ancora-natale\/#primaryimage","url":"https:\/\/www.rassegnastampa-totustuus.it\/cattolica\/wp-content\/uploads\/2011\/12\/presepe.png","contentUrl":"https:\/\/www.rassegnastampa-totustuus.it\/cattolica\/wp-content\/uploads\/2011\/12\/presepe.png","width":259,"height":194},{"@type":"BreadcrumbList","@id":"https:\/\/www.rassegnastampa-totustuus.it\/cattolica\/grazie-a-dio-ancora-natale\/#breadcrumb","itemListElement":[{"@type":"ListItem","position":1,"name":"Home","item":"https:\/\/www.rassegnastampa-totustuus.it\/cattolica\/"},{"@type":"ListItem","position":2,"name":"Grazie a Dio &egrave; ancora Natale"}]},{"@type":"WebSite","@id":"https:\/\/www.rassegnastampa-totustuus.it\/cattolica\/#website","url":"https:\/\/www.rassegnastampa-totustuus.it\/cattolica\/","name":"Rassegna Stampa Cattolica","description":"Per una cultura che nasce dalla Rivelazione cristiana in conformit\u00e0 alla tradizione e al Magistero della Chiesa in opposizione ad ogni relativismo e totalitarismo","publisher":{"@id":"https:\/\/www.rassegnastampa-totustuus.it\/cattolica\/#organization"},"alternateName":"Rass. Cattolica","potentialAction":[{"@type":"SearchAction","target":{"@type":"EntryPoint","urlTemplate":"https:\/\/www.rassegnastampa-totustuus.it\/cattolica\/?s={search_term_string}"},"query-input":{"@type":"PropertyValueSpecification","valueRequired":true,"valueName":"search_term_string"}}],"inLanguage":"it-IT"},{"@type":"Organization","@id":"https:\/\/www.rassegnastampa-totustuus.it\/cattolica\/#organization","name":"Rassegna Stampa Cattolica","url":"https:\/\/www.rassegnastampa-totustuus.it\/cattolica\/","logo":{"@type":"ImageObject","inLanguage":"it-IT","@id":"https:\/\/www.rassegnastampa-totustuus.it\/cattolica\/#\/schema\/logo\/image\/","url":"https:\/\/www.rassegnastampa-totustuus.it\/cattolica\/wp-content\/uploads\/2014\/04\/logo-rassegna1.gif","contentUrl":"https:\/\/www.rassegnastampa-totustuus.it\/cattolica\/wp-content\/uploads\/2014\/04\/logo-rassegna1.gif","width":600,"height":163,"caption":"Rassegna Stampa Cattolica"},"image":{"@id":"https:\/\/www.rassegnastampa-totustuus.it\/cattolica\/#\/schema\/logo\/image\/"},"sameAs":["https:\/\/www.facebook.com\/rassegnastampacattolica","https:\/\/x.com\/rassegnastampa9"]},{"@type":"Person","@id":"https:\/\/www.rassegnastampa-totustuus.it\/cattolica\/#\/schema\/person\/08f319d2bd1a0904ad9e2bfb7b15e5c3","name":"Redazione","image":{"@type":"ImageObject","inLanguage":"it-IT","@id":"https:\/\/secure.gravatar.com\/avatar\/2fcdf27c78ea025fbdb44e914cc63c72249ffec9dc8aafd5c82b26240ef3f346?s=96&d=mm&r=g","url":"https:\/\/secure.gravatar.com\/avatar\/2fcdf27c78ea025fbdb44e914cc63c72249ffec9dc8aafd5c82b26240ef3f346?s=96&d=mm&r=g","contentUrl":"https:\/\/secure.gravatar.com\/avatar\/2fcdf27c78ea025fbdb44e914cc63c72249ffec9dc8aafd5c82b26240ef3f346?s=96&d=mm&r=g","caption":"Redazione"},"url":"https:\/\/www.rassegnastampa-totustuus.it\/cattolica\/author\/pietroelle\/"}]}},"_links":{"self":[{"href":"https:\/\/www.rassegnastampa-totustuus.it\/cattolica\/wp-json\/wp\/v2\/posts\/4860","targetHints":{"allow":["GET"]}}],"collection":[{"href":"https:\/\/www.rassegnastampa-totustuus.it\/cattolica\/wp-json\/wp\/v2\/posts"}],"about":[{"href":"https:\/\/www.rassegnastampa-totustuus.it\/cattolica\/wp-json\/wp\/v2\/types\/post"}],"author":[{"embeddable":true,"href":"https:\/\/www.rassegnastampa-totustuus.it\/cattolica\/wp-json\/wp\/v2\/users\/6"}],"replies":[{"embeddable":true,"href":"https:\/\/www.rassegnastampa-totustuus.it\/cattolica\/wp-json\/wp\/v2\/comments?post=4860"}],"version-history":[{"count":3,"href":"https:\/\/www.rassegnastampa-totustuus.it\/cattolica\/wp-json\/wp\/v2\/posts\/4860\/revisions"}],"predecessor-version":[{"id":15870,"href":"https:\/\/www.rassegnastampa-totustuus.it\/cattolica\/wp-json\/wp\/v2\/posts\/4860\/revisions\/15870"}],"wp:featuredmedia":[{"embeddable":true,"href":"https:\/\/www.rassegnastampa-totustuus.it\/cattolica\/wp-json\/wp\/v2\/media\/15869"}],"wp:attachment":[{"href":"https:\/\/www.rassegnastampa-totustuus.it\/cattolica\/wp-json\/wp\/v2\/media?parent=4860"}],"wp:term":[{"taxonomy":"category","embeddable":true,"href":"https:\/\/www.rassegnastampa-totustuus.it\/cattolica\/wp-json\/wp\/v2\/categories?post=4860"},{"taxonomy":"post_tag","embeddable":true,"href":"https:\/\/www.rassegnastampa-totustuus.it\/cattolica\/wp-json\/wp\/v2\/tags?post=4860"}],"curies":[{"name":"wp","href":"https:\/\/api.w.org\/{rel}","templated":true}]}}