{"id":4857,"date":"2011-12-22T00:00:00","date_gmt":"2011-12-21T23:00:00","guid":{"rendered":""},"modified":"2015-11-12T09:32:40","modified_gmt":"2015-11-12T08:32:40","slug":"presentato-a-trieste-il-libro-di-giorgio-mion-sullimpresa-metaprofit","status":"publish","type":"post","link":"https:\/\/www.rassegnastampa-totustuus.it\/cattolica\/presentato-a-trieste-il-libro-di-giorgio-mion-sullimpresa-metaprofit\/","title":{"rendered":"Presentato a Trieste il libro di Giorgio Mion sull\u2019impresa metaprofit"},"content":{"rendered":"<div style=\"text-align: center;\"><strong><a href=\"https:\/\/www.rassegnastampa-totustuus.it\/cattolica\/wp-content\/uploads\/2011\/12\/Mion_cover.jpg\"><img loading=\"lazy\" decoding=\"async\" class=\"alignright wp-image-27512\" src=\"https:\/\/www.rassegnastampa-totustuus.it\/cattolica\/wp-content\/uploads\/2011\/12\/Mion_cover.jpg\" alt=\"Mion_cover\" width=\"133\" height=\"200\" \/><\/a>Osservatorio Internazionale Cardinale Van Thuan,<\/strong><\/div>\n<div style=\"text-align: center;\">newsletter n. 383 del 15 dicembre 2011<\/div>\n<p style=\"text-align: justify;\">C&#8217;\u00e8 un&#8217;etica nel profitto? Non \u00e8 una provocazione: per Giorgio Mion, docente di Economia aziendale all&#8217;Universit\u00e0 di Verona, questi due concetti possono convivere, eccome. \u00c8 il punto caldo attorno a cui si snoda \u201cVerso il metaprofit. Gratuit\u00e0 e profitto nella gestione d&#8217;impresa\u201d presentato la scorsa settimana al Savoia Excelsior nell&#8217;incontro organizzato dall&#8217;Unione cristiana imprenditori e dirigenti di Trieste.<\/p>\n<p style=\"text-align: justify;\">Uno studio realizzato da Mion e Cristian Loza Adaui che pu\u00f2 trovare immediata attualit\u00e0 nelle contingenze odierne, se \u00e8 vero che la crisi sistemica fa vacillare i \u201cvecchi\u201d punti fermi e invita a ripensare la realt\u00e0 da nuove prospettive.<!--more--><\/p>\n<div style=\"text-align: justify;\">La nuova prospettiva di Mion e Loza Adaui si condensa in questa espressione, <em>metaprofit<\/em>, e muove da un ripensamento della nozione di profitto: \u00ab\u00c8 un concetto che risulta fortemente conflittuale anche in teorie economiche opposte \u2013 spiega Mion -. Per Marx \u00e8 una sorta di sottrazione di valore a chi l&#8217;ha generato, per cui massimizzarlo genera conflitto tra imprenditore e lavoratore.<\/div>\n<p style=\"text-align: justify;\">Ugualmente, nelle teorie neo-liberiste come quella di Milton Friedman, l&#8217;unico obiettivo che guida il manager \u00e8 massimizzare il profitto\u00bb. Un concetto che si ritrova sempre connotato, che manca di neutralit\u00e0 e che sta a indicare il guadagno, l&#8217;arricchimento pecuniario. Un&#8217;accezione riduttiva per gli autori che suggeriscono di considerarlo il presupposto necessario allo sviluppo, un bene non individuale ma collettivo: \u00abIl profitto \u00e8 la parte di raccolto che serve per la semina successiva. In questo modo pu\u00f2 esser superata la dimensione conflittuale ed esserci comunione d&#8217;interessi fra l&#8217;impresa e l&#8217;ambiente, la comunit\u00e0 sociale, i lavoratori\u00bb rileva Mion.<\/p>\n<p style=\"text-align: justify;\">Un punto su cui \u00e8 convenuto il segretario della Cisl Trieste Luciano Bordin, intervenuto all&#8217;incontro: \u00abIl profitto deve esser legato all&#8217;investimento e l&#8217;investimento allo sviluppo. La scelta della Cisl sul caso Fiat ha questo significato\u00bb.<\/p>\n<p style=\"text-align: justify;\">Profitto \u00e8 un concetto conflittuale di per s\u00e9, ma sta anche alla base della tassonomia che scinde tra l&#8217;universo delle imprese <em>non-profit <\/em>e quello delle imprese <em>profit.<\/em> \u00abCi pare che non si possa pi\u00f9 ragionare solo in termini di un mondo buono, <em>non-profit<\/em>, e di quello <em>profit<\/em> degli individualismi. C&#8217;\u00e8 una fenomenologia molto pi\u00f9 vasta e frastagliata ed \u00e8 pensando a essa che abbiamo formulato l&#8217;idea di <em>metaprofit<\/em>\u00bb nota Mion.<\/p>\n<p style=\"text-align: justify;\">Una fenomenologia citata dal Papa nell&#8217;Enciclica <em>Caritas Veritate<\/em>, in cui la pluralit\u00e0 di forme aziendali viene indicata come soluzione innovativa per lo sviluppo economico. \u00ab\u00c8 stata colta la sfida espressa nell&#8217;Enciclica \u2013 evidenzia Monsignor Crepaldi -. Il Papa ci dice che l&#8217;approccio che abbiamo adottato finora \u00e8 ormai superato e che c&#8217;\u00e8 un&#8217;altra realt\u00e0, al di l\u00e0 di quella delle imprese <em>profit<\/em> e <em>non-profit<\/em>, su cui \u00e8 necessaria una riflessione. Gli autori hanno colto un&#8217;istanza di carattere morale \u00e8 l&#8217;hanno articolata con una rigorosa impostazione scientifica\u00bb.<\/p>\n<p style=\"text-align: justify;\">Un&#8217;argomentazione sviluppata seguendo un filo rosso, quello dei principi indicati dalla Dottrina Sociale della Chiesa \u00abmolto pi\u00f9 calata nella realt\u00e0 di alcune teorie economiche, spesso insufficienti a comprendere nella loro complessit\u00e0 gli stessi fenomeni economici\u00bb.\u00a0 Chiarisce Mion. \u00abL&#8217;economia come unit\u00e0 di misura delle dinamiche economiche non funziona \u2013 aggiunge l&#8217;imprenditore Nicola Pangher, TBS Group -.<\/p>\n<p style=\"text-align: justify;\">Il rapporto numerico del bilancio \u00e8 il frutto di rapporti umani complessi. \u00c8 indispensabile uscire da questa visione, riconoscere l&#8217;umanit\u00e0 delle persone e valorizzare i loro talenti e il loro contributo\u00bb. Il vulnus della pura economia sta, pertanto, nell&#8217;incapacit\u00e0 di aprirsi alla dimensione antropologica e di cogliere il perch\u00e9 dell&#8217;agire umano.<\/p>\n<p style=\"text-align: justify;\">\u00abUn&#8217;autoreferenzialit\u00e0 economica tutta chiusa in se stessa che non tiene conto di questioni di pi\u00f9 ampio respiro pu\u00f2 creare enormi problemi \u2013 conclude Monsignor Crepaldi -. Ed \u00e8 qui che interviene l&#8217;etica, la scienza che risponde alle domande sulla ricerca di senso\u00bb.<\/p>\n","protected":false},"excerpt":{"rendered":"<p>Osservatorio Internazionale Cardinale Van Thuan, newsletter n. 383 del 15 dicembre 2011 C&#8217;\u00e8 un&#8217;etica nel profitto? Non \u00e8 una provocazione: per Giorgio Mion, docente di Economia aziendale all&#8217;Universit\u00e0 di Verona, questi due concetti possono convivere, eccome. \u00c8 il punto caldo attorno a cui si snoda \u201cVerso il metaprofit. Gratuit\u00e0 e profitto nella gestione d&#8217;impresa\u201d presentato &hellip; <\/p>\n<p><a class=\"more-link btn\" href=\"https:\/\/www.rassegnastampa-totustuus.it\/cattolica\/presentato-a-trieste-il-libro-di-giorgio-mion-sullimpresa-metaprofit\/\">Continua a leggere<\/a><\/p>\n","protected":false},"author":6,"featured_media":27512,"comment_status":"closed","ping_status":"open","sticky":false,"template":"","format":"standard","meta":{"footnotes":""},"categories":[11,13],"tags":[2006,2007],"class_list":["post-4857","post","type-post","status-publish","format-standard","has-post-thumbnail","hentry","category-dottrina-sociale","category-economia","tag-metaprofit","tag-profitto","item-wrap"],"yoast_head":"<!-- This site is optimized with the Yoast SEO plugin v27.5 - https:\/\/yoast.com\/product\/yoast-seo-wordpress\/ -->\n<title>Presentato a Trieste il libro di Giorgio Mion sull\u2019impresa metaprofit - Rassegna Stampa Cattolica<\/title>\n<meta name=\"description\" content=\"Rassegna Stampa Cattolica - Per una cultura che nasce dalla Rivelazione cristiana in conformit\u00e0 alla tradizione e al Magistero della Chiesa in opposizione ad ogni relativismo e totalitarismo\" \/>\n<meta name=\"robots\" content=\"index, follow, max-snippet:-1, max-image-preview:large, max-video-preview:-1\" \/>\n<link rel=\"canonical\" href=\"https:\/\/www.rassegnastampa-totustuus.it\/cattolica\/presentato-a-trieste-il-libro-di-giorgio-mion-sullimpresa-metaprofit\/\" \/>\n<meta property=\"og:locale\" content=\"it_IT\" \/>\n<meta property=\"og:type\" content=\"article\" \/>\n<meta property=\"og:title\" content=\"Presentato a Trieste il libro di Giorgio Mion sull\u2019impresa metaprofit - Rassegna Stampa Cattolica\" \/>\n<meta property=\"og:description\" content=\"Rassegna Stampa Cattolica - Per una cultura che nasce dalla Rivelazione cristiana in conformit\u00e0 alla tradizione e al Magistero della Chiesa in opposizione ad ogni relativismo e totalitarismo\" \/>\n<meta property=\"og:url\" content=\"https:\/\/www.rassegnastampa-totustuus.it\/cattolica\/presentato-a-trieste-il-libro-di-giorgio-mion-sullimpresa-metaprofit\/\" \/>\n<meta property=\"og:site_name\" content=\"Rassegna Stampa Cattolica\" \/>\n<meta property=\"article:publisher\" content=\"https:\/\/www.facebook.com\/rassegnastampacattolica\" \/>\n<meta property=\"article:published_time\" content=\"2011-12-21T23:00:00+00:00\" \/>\n<meta property=\"article:modified_time\" content=\"2015-11-12T08:32:40+00:00\" \/>\n<meta property=\"og:image\" content=\"https:\/\/www.rassegnastampa-totustuus.it\/cattolica\/wp-content\/uploads\/2011\/12\/Mion_cover.jpg\" \/>\n\t<meta property=\"og:image:width\" content=\"183\" \/>\n\t<meta property=\"og:image:height\" content=\"276\" \/>\n\t<meta property=\"og:image:type\" content=\"image\/jpeg\" \/>\n<meta name=\"author\" content=\"Redazione\" \/>\n<meta name=\"twitter:card\" content=\"summary_large_image\" \/>\n<meta name=\"twitter:creator\" content=\"@rassegnastampa9\" \/>\n<meta name=\"twitter:site\" content=\"@rassegnastampa9\" \/>\n<meta name=\"twitter:label1\" content=\"Scritto da\" \/>\n\t<meta name=\"twitter:data1\" content=\"Redazione\" \/>\n\t<meta name=\"twitter:label2\" content=\"Tempo di lettura stimato\" \/>\n\t<meta name=\"twitter:data2\" content=\"3 minuti\" \/>\n<script type=\"application\/ld+json\" class=\"yoast-schema-graph\">{\"@context\":\"https:\\\/\\\/schema.org\",\"@graph\":[{\"@type\":\"Article\",\"@id\":\"https:\\\/\\\/www.rassegnastampa-totustuus.it\\\/cattolica\\\/presentato-a-trieste-il-libro-di-giorgio-mion-sullimpresa-metaprofit\\\/#article\",\"isPartOf\":{\"@id\":\"https:\\\/\\\/www.rassegnastampa-totustuus.it\\\/cattolica\\\/presentato-a-trieste-il-libro-di-giorgio-mion-sullimpresa-metaprofit\\\/\"},\"author\":{\"name\":\"Redazione\",\"@id\":\"https:\\\/\\\/www.rassegnastampa-totustuus.it\\\/cattolica\\\/#\\\/schema\\\/person\\\/08f319d2bd1a0904ad9e2bfb7b15e5c3\"},\"headline\":\"Presentato a Trieste il libro di Giorgio Mion sull\u2019impresa metaprofit\",\"datePublished\":\"2011-12-21T23:00:00+00:00\",\"dateModified\":\"2015-11-12T08:32:40+00:00\",\"mainEntityOfPage\":{\"@id\":\"https:\\\/\\\/www.rassegnastampa-totustuus.it\\\/cattolica\\\/presentato-a-trieste-il-libro-di-giorgio-mion-sullimpresa-metaprofit\\\/\"},\"wordCount\":623,\"publisher\":{\"@id\":\"https:\\\/\\\/www.rassegnastampa-totustuus.it\\\/cattolica\\\/#organization\"},\"image\":{\"@id\":\"https:\\\/\\\/www.rassegnastampa-totustuus.it\\\/cattolica\\\/presentato-a-trieste-il-libro-di-giorgio-mion-sullimpresa-metaprofit\\\/#primaryimage\"},\"thumbnailUrl\":\"https:\\\/\\\/www.rassegnastampa-totustuus.it\\\/cattolica\\\/wp-content\\\/uploads\\\/2011\\\/12\\\/Mion_cover.jpg\",\"keywords\":[\"metaprofit\",\"profitto\"],\"articleSection\":[\"Dottrina sociale\",\"Economia\"],\"inLanguage\":\"it-IT\"},{\"@type\":\"WebPage\",\"@id\":\"https:\\\/\\\/www.rassegnastampa-totustuus.it\\\/cattolica\\\/presentato-a-trieste-il-libro-di-giorgio-mion-sullimpresa-metaprofit\\\/\",\"url\":\"https:\\\/\\\/www.rassegnastampa-totustuus.it\\\/cattolica\\\/presentato-a-trieste-il-libro-di-giorgio-mion-sullimpresa-metaprofit\\\/\",\"name\":\"Presentato a Trieste il libro di Giorgio Mion sull\u2019impresa metaprofit - Rassegna Stampa Cattolica\",\"isPartOf\":{\"@id\":\"https:\\\/\\\/www.rassegnastampa-totustuus.it\\\/cattolica\\\/#website\"},\"primaryImageOfPage\":{\"@id\":\"https:\\\/\\\/www.rassegnastampa-totustuus.it\\\/cattolica\\\/presentato-a-trieste-il-libro-di-giorgio-mion-sullimpresa-metaprofit\\\/#primaryimage\"},\"image\":{\"@id\":\"https:\\\/\\\/www.rassegnastampa-totustuus.it\\\/cattolica\\\/presentato-a-trieste-il-libro-di-giorgio-mion-sullimpresa-metaprofit\\\/#primaryimage\"},\"thumbnailUrl\":\"https:\\\/\\\/www.rassegnastampa-totustuus.it\\\/cattolica\\\/wp-content\\\/uploads\\\/2011\\\/12\\\/Mion_cover.jpg\",\"datePublished\":\"2011-12-21T23:00:00+00:00\",\"dateModified\":\"2015-11-12T08:32:40+00:00\",\"description\":\"Rassegna Stampa Cattolica - Per una cultura che nasce dalla Rivelazione cristiana in conformit\u00e0 alla tradizione e al Magistero della Chiesa in opposizione ad ogni relativismo e totalitarismo\",\"breadcrumb\":{\"@id\":\"https:\\\/\\\/www.rassegnastampa-totustuus.it\\\/cattolica\\\/presentato-a-trieste-il-libro-di-giorgio-mion-sullimpresa-metaprofit\\\/#breadcrumb\"},\"inLanguage\":\"it-IT\",\"potentialAction\":[{\"@type\":\"ReadAction\",\"target\":[\"https:\\\/\\\/www.rassegnastampa-totustuus.it\\\/cattolica\\\/presentato-a-trieste-il-libro-di-giorgio-mion-sullimpresa-metaprofit\\\/\"]}]},{\"@type\":\"ImageObject\",\"inLanguage\":\"it-IT\",\"@id\":\"https:\\\/\\\/www.rassegnastampa-totustuus.it\\\/cattolica\\\/presentato-a-trieste-il-libro-di-giorgio-mion-sullimpresa-metaprofit\\\/#primaryimage\",\"url\":\"https:\\\/\\\/www.rassegnastampa-totustuus.it\\\/cattolica\\\/wp-content\\\/uploads\\\/2011\\\/12\\\/Mion_cover.jpg\",\"contentUrl\":\"https:\\\/\\\/www.rassegnastampa-totustuus.it\\\/cattolica\\\/wp-content\\\/uploads\\\/2011\\\/12\\\/Mion_cover.jpg\",\"width\":183,\"height\":276},{\"@type\":\"BreadcrumbList\",\"@id\":\"https:\\\/\\\/www.rassegnastampa-totustuus.it\\\/cattolica\\\/presentato-a-trieste-il-libro-di-giorgio-mion-sullimpresa-metaprofit\\\/#breadcrumb\",\"itemListElement\":[{\"@type\":\"ListItem\",\"position\":1,\"name\":\"Home\",\"item\":\"https:\\\/\\\/www.rassegnastampa-totustuus.it\\\/cattolica\\\/\"},{\"@type\":\"ListItem\",\"position\":2,\"name\":\"Presentato a Trieste il libro di Giorgio Mion sull\u2019impresa metaprofit\"}]},{\"@type\":\"WebSite\",\"@id\":\"https:\\\/\\\/www.rassegnastampa-totustuus.it\\\/cattolica\\\/#website\",\"url\":\"https:\\\/\\\/www.rassegnastampa-totustuus.it\\\/cattolica\\\/\",\"name\":\"Rassegna Stampa Cattolica\",\"description\":\"Per una cultura che nasce dalla Rivelazione cristiana in conformit\u00e0 alla tradizione e al Magistero della Chiesa in opposizione ad ogni relativismo e totalitarismo\",\"publisher\":{\"@id\":\"https:\\\/\\\/www.rassegnastampa-totustuus.it\\\/cattolica\\\/#organization\"},\"alternateName\":\"Rass. Cattolica\",\"potentialAction\":[{\"@type\":\"SearchAction\",\"target\":{\"@type\":\"EntryPoint\",\"urlTemplate\":\"https:\\\/\\\/www.rassegnastampa-totustuus.it\\\/cattolica\\\/?s={search_term_string}\"},\"query-input\":{\"@type\":\"PropertyValueSpecification\",\"valueRequired\":true,\"valueName\":\"search_term_string\"}}],\"inLanguage\":\"it-IT\"},{\"@type\":\"Organization\",\"@id\":\"https:\\\/\\\/www.rassegnastampa-totustuus.it\\\/cattolica\\\/#organization\",\"name\":\"Rassegna Stampa Cattolica\",\"url\":\"https:\\\/\\\/www.rassegnastampa-totustuus.it\\\/cattolica\\\/\",\"logo\":{\"@type\":\"ImageObject\",\"inLanguage\":\"it-IT\",\"@id\":\"https:\\\/\\\/www.rassegnastampa-totustuus.it\\\/cattolica\\\/#\\\/schema\\\/logo\\\/image\\\/\",\"url\":\"https:\\\/\\\/www.rassegnastampa-totustuus.it\\\/cattolica\\\/wp-content\\\/uploads\\\/2014\\\/04\\\/logo-rassegna1.gif\",\"contentUrl\":\"https:\\\/\\\/www.rassegnastampa-totustuus.it\\\/cattolica\\\/wp-content\\\/uploads\\\/2014\\\/04\\\/logo-rassegna1.gif\",\"width\":600,\"height\":163,\"caption\":\"Rassegna Stampa Cattolica\"},\"image\":{\"@id\":\"https:\\\/\\\/www.rassegnastampa-totustuus.it\\\/cattolica\\\/#\\\/schema\\\/logo\\\/image\\\/\"},\"sameAs\":[\"https:\\\/\\\/www.facebook.com\\\/rassegnastampacattolica\",\"https:\\\/\\\/x.com\\\/rassegnastampa9\"]},{\"@type\":\"Person\",\"@id\":\"https:\\\/\\\/www.rassegnastampa-totustuus.it\\\/cattolica\\\/#\\\/schema\\\/person\\\/08f319d2bd1a0904ad9e2bfb7b15e5c3\",\"name\":\"Redazione\",\"image\":{\"@type\":\"ImageObject\",\"inLanguage\":\"it-IT\",\"@id\":\"https:\\\/\\\/secure.gravatar.com\\\/avatar\\\/2fcdf27c78ea025fbdb44e914cc63c72249ffec9dc8aafd5c82b26240ef3f346?s=96&d=mm&r=g\",\"url\":\"https:\\\/\\\/secure.gravatar.com\\\/avatar\\\/2fcdf27c78ea025fbdb44e914cc63c72249ffec9dc8aafd5c82b26240ef3f346?s=96&d=mm&r=g\",\"contentUrl\":\"https:\\\/\\\/secure.gravatar.com\\\/avatar\\\/2fcdf27c78ea025fbdb44e914cc63c72249ffec9dc8aafd5c82b26240ef3f346?s=96&d=mm&r=g\",\"caption\":\"Redazione\"},\"url\":\"https:\\\/\\\/www.rassegnastampa-totustuus.it\\\/cattolica\\\/author\\\/pietroelle\\\/\"}]}<\/script>\n<!-- \/ Yoast SEO plugin. -->","yoast_head_json":{"title":"Presentato a Trieste il libro di Giorgio Mion sull\u2019impresa metaprofit - Rassegna Stampa Cattolica","description":"Rassegna Stampa Cattolica - Per una cultura che nasce dalla Rivelazione cristiana in conformit\u00e0 alla tradizione e al Magistero della Chiesa in opposizione ad ogni relativismo e totalitarismo","robots":{"index":"index","follow":"follow","max-snippet":"max-snippet:-1","max-image-preview":"max-image-preview:large","max-video-preview":"max-video-preview:-1"},"canonical":"https:\/\/www.rassegnastampa-totustuus.it\/cattolica\/presentato-a-trieste-il-libro-di-giorgio-mion-sullimpresa-metaprofit\/","og_locale":"it_IT","og_type":"article","og_title":"Presentato a Trieste il libro di Giorgio Mion sull\u2019impresa metaprofit - Rassegna Stampa Cattolica","og_description":"Rassegna Stampa Cattolica - Per una cultura che nasce dalla Rivelazione cristiana in conformit\u00e0 alla tradizione e al Magistero della Chiesa in opposizione ad ogni relativismo e totalitarismo","og_url":"https:\/\/www.rassegnastampa-totustuus.it\/cattolica\/presentato-a-trieste-il-libro-di-giorgio-mion-sullimpresa-metaprofit\/","og_site_name":"Rassegna Stampa Cattolica","article_publisher":"https:\/\/www.facebook.com\/rassegnastampacattolica","article_published_time":"2011-12-21T23:00:00+00:00","article_modified_time":"2015-11-12T08:32:40+00:00","og_image":[{"width":183,"height":276,"url":"https:\/\/www.rassegnastampa-totustuus.it\/cattolica\/wp-content\/uploads\/2011\/12\/Mion_cover.jpg","type":"image\/jpeg"}],"author":"Redazione","twitter_card":"summary_large_image","twitter_creator":"@rassegnastampa9","twitter_site":"@rassegnastampa9","twitter_misc":{"Scritto da":"Redazione","Tempo di lettura stimato":"3 minuti"},"schema":{"@context":"https:\/\/schema.org","@graph":[{"@type":"Article","@id":"https:\/\/www.rassegnastampa-totustuus.it\/cattolica\/presentato-a-trieste-il-libro-di-giorgio-mion-sullimpresa-metaprofit\/#article","isPartOf":{"@id":"https:\/\/www.rassegnastampa-totustuus.it\/cattolica\/presentato-a-trieste-il-libro-di-giorgio-mion-sullimpresa-metaprofit\/"},"author":{"name":"Redazione","@id":"https:\/\/www.rassegnastampa-totustuus.it\/cattolica\/#\/schema\/person\/08f319d2bd1a0904ad9e2bfb7b15e5c3"},"headline":"Presentato a Trieste il libro di Giorgio Mion sull\u2019impresa metaprofit","datePublished":"2011-12-21T23:00:00+00:00","dateModified":"2015-11-12T08:32:40+00:00","mainEntityOfPage":{"@id":"https:\/\/www.rassegnastampa-totustuus.it\/cattolica\/presentato-a-trieste-il-libro-di-giorgio-mion-sullimpresa-metaprofit\/"},"wordCount":623,"publisher":{"@id":"https:\/\/www.rassegnastampa-totustuus.it\/cattolica\/#organization"},"image":{"@id":"https:\/\/www.rassegnastampa-totustuus.it\/cattolica\/presentato-a-trieste-il-libro-di-giorgio-mion-sullimpresa-metaprofit\/#primaryimage"},"thumbnailUrl":"https:\/\/www.rassegnastampa-totustuus.it\/cattolica\/wp-content\/uploads\/2011\/12\/Mion_cover.jpg","keywords":["metaprofit","profitto"],"articleSection":["Dottrina sociale","Economia"],"inLanguage":"it-IT"},{"@type":"WebPage","@id":"https:\/\/www.rassegnastampa-totustuus.it\/cattolica\/presentato-a-trieste-il-libro-di-giorgio-mion-sullimpresa-metaprofit\/","url":"https:\/\/www.rassegnastampa-totustuus.it\/cattolica\/presentato-a-trieste-il-libro-di-giorgio-mion-sullimpresa-metaprofit\/","name":"Presentato a Trieste il libro di Giorgio Mion sull\u2019impresa metaprofit - Rassegna Stampa Cattolica","isPartOf":{"@id":"https:\/\/www.rassegnastampa-totustuus.it\/cattolica\/#website"},"primaryImageOfPage":{"@id":"https:\/\/www.rassegnastampa-totustuus.it\/cattolica\/presentato-a-trieste-il-libro-di-giorgio-mion-sullimpresa-metaprofit\/#primaryimage"},"image":{"@id":"https:\/\/www.rassegnastampa-totustuus.it\/cattolica\/presentato-a-trieste-il-libro-di-giorgio-mion-sullimpresa-metaprofit\/#primaryimage"},"thumbnailUrl":"https:\/\/www.rassegnastampa-totustuus.it\/cattolica\/wp-content\/uploads\/2011\/12\/Mion_cover.jpg","datePublished":"2011-12-21T23:00:00+00:00","dateModified":"2015-11-12T08:32:40+00:00","description":"Rassegna Stampa Cattolica - Per una cultura che nasce dalla Rivelazione cristiana in conformit\u00e0 alla tradizione e al Magistero della Chiesa in opposizione ad ogni relativismo e totalitarismo","breadcrumb":{"@id":"https:\/\/www.rassegnastampa-totustuus.it\/cattolica\/presentato-a-trieste-il-libro-di-giorgio-mion-sullimpresa-metaprofit\/#breadcrumb"},"inLanguage":"it-IT","potentialAction":[{"@type":"ReadAction","target":["https:\/\/www.rassegnastampa-totustuus.it\/cattolica\/presentato-a-trieste-il-libro-di-giorgio-mion-sullimpresa-metaprofit\/"]}]},{"@type":"ImageObject","inLanguage":"it-IT","@id":"https:\/\/www.rassegnastampa-totustuus.it\/cattolica\/presentato-a-trieste-il-libro-di-giorgio-mion-sullimpresa-metaprofit\/#primaryimage","url":"https:\/\/www.rassegnastampa-totustuus.it\/cattolica\/wp-content\/uploads\/2011\/12\/Mion_cover.jpg","contentUrl":"https:\/\/www.rassegnastampa-totustuus.it\/cattolica\/wp-content\/uploads\/2011\/12\/Mion_cover.jpg","width":183,"height":276},{"@type":"BreadcrumbList","@id":"https:\/\/www.rassegnastampa-totustuus.it\/cattolica\/presentato-a-trieste-il-libro-di-giorgio-mion-sullimpresa-metaprofit\/#breadcrumb","itemListElement":[{"@type":"ListItem","position":1,"name":"Home","item":"https:\/\/www.rassegnastampa-totustuus.it\/cattolica\/"},{"@type":"ListItem","position":2,"name":"Presentato a Trieste il libro di Giorgio Mion sull\u2019impresa metaprofit"}]},{"@type":"WebSite","@id":"https:\/\/www.rassegnastampa-totustuus.it\/cattolica\/#website","url":"https:\/\/www.rassegnastampa-totustuus.it\/cattolica\/","name":"Rassegna Stampa Cattolica","description":"Per una cultura che nasce dalla Rivelazione cristiana in conformit\u00e0 alla tradizione e al Magistero della Chiesa in opposizione ad ogni relativismo e totalitarismo","publisher":{"@id":"https:\/\/www.rassegnastampa-totustuus.it\/cattolica\/#organization"},"alternateName":"Rass. Cattolica","potentialAction":[{"@type":"SearchAction","target":{"@type":"EntryPoint","urlTemplate":"https:\/\/www.rassegnastampa-totustuus.it\/cattolica\/?s={search_term_string}"},"query-input":{"@type":"PropertyValueSpecification","valueRequired":true,"valueName":"search_term_string"}}],"inLanguage":"it-IT"},{"@type":"Organization","@id":"https:\/\/www.rassegnastampa-totustuus.it\/cattolica\/#organization","name":"Rassegna Stampa Cattolica","url":"https:\/\/www.rassegnastampa-totustuus.it\/cattolica\/","logo":{"@type":"ImageObject","inLanguage":"it-IT","@id":"https:\/\/www.rassegnastampa-totustuus.it\/cattolica\/#\/schema\/logo\/image\/","url":"https:\/\/www.rassegnastampa-totustuus.it\/cattolica\/wp-content\/uploads\/2014\/04\/logo-rassegna1.gif","contentUrl":"https:\/\/www.rassegnastampa-totustuus.it\/cattolica\/wp-content\/uploads\/2014\/04\/logo-rassegna1.gif","width":600,"height":163,"caption":"Rassegna Stampa Cattolica"},"image":{"@id":"https:\/\/www.rassegnastampa-totustuus.it\/cattolica\/#\/schema\/logo\/image\/"},"sameAs":["https:\/\/www.facebook.com\/rassegnastampacattolica","https:\/\/x.com\/rassegnastampa9"]},{"@type":"Person","@id":"https:\/\/www.rassegnastampa-totustuus.it\/cattolica\/#\/schema\/person\/08f319d2bd1a0904ad9e2bfb7b15e5c3","name":"Redazione","image":{"@type":"ImageObject","inLanguage":"it-IT","@id":"https:\/\/secure.gravatar.com\/avatar\/2fcdf27c78ea025fbdb44e914cc63c72249ffec9dc8aafd5c82b26240ef3f346?s=96&d=mm&r=g","url":"https:\/\/secure.gravatar.com\/avatar\/2fcdf27c78ea025fbdb44e914cc63c72249ffec9dc8aafd5c82b26240ef3f346?s=96&d=mm&r=g","contentUrl":"https:\/\/secure.gravatar.com\/avatar\/2fcdf27c78ea025fbdb44e914cc63c72249ffec9dc8aafd5c82b26240ef3f346?s=96&d=mm&r=g","caption":"Redazione"},"url":"https:\/\/www.rassegnastampa-totustuus.it\/cattolica\/author\/pietroelle\/"}]}},"_links":{"self":[{"href":"https:\/\/www.rassegnastampa-totustuus.it\/cattolica\/wp-json\/wp\/v2\/posts\/4857","targetHints":{"allow":["GET"]}}],"collection":[{"href":"https:\/\/www.rassegnastampa-totustuus.it\/cattolica\/wp-json\/wp\/v2\/posts"}],"about":[{"href":"https:\/\/www.rassegnastampa-totustuus.it\/cattolica\/wp-json\/wp\/v2\/types\/post"}],"author":[{"embeddable":true,"href":"https:\/\/www.rassegnastampa-totustuus.it\/cattolica\/wp-json\/wp\/v2\/users\/6"}],"replies":[{"embeddable":true,"href":"https:\/\/www.rassegnastampa-totustuus.it\/cattolica\/wp-json\/wp\/v2\/comments?post=4857"}],"version-history":[{"count":4,"href":"https:\/\/www.rassegnastampa-totustuus.it\/cattolica\/wp-json\/wp\/v2\/posts\/4857\/revisions"}],"predecessor-version":[{"id":27513,"href":"https:\/\/www.rassegnastampa-totustuus.it\/cattolica\/wp-json\/wp\/v2\/posts\/4857\/revisions\/27513"}],"wp:featuredmedia":[{"embeddable":true,"href":"https:\/\/www.rassegnastampa-totustuus.it\/cattolica\/wp-json\/wp\/v2\/media\/27512"}],"wp:attachment":[{"href":"https:\/\/www.rassegnastampa-totustuus.it\/cattolica\/wp-json\/wp\/v2\/media?parent=4857"}],"wp:term":[{"taxonomy":"category","embeddable":true,"href":"https:\/\/www.rassegnastampa-totustuus.it\/cattolica\/wp-json\/wp\/v2\/categories?post=4857"},{"taxonomy":"post_tag","embeddable":true,"href":"https:\/\/www.rassegnastampa-totustuus.it\/cattolica\/wp-json\/wp\/v2\/tags?post=4857"}],"curies":[{"name":"wp","href":"https:\/\/api.w.org\/{rel}","templated":true}]}}