{"id":4853,"date":"2011-12-15T00:00:00","date_gmt":"2011-12-14T23:00:00","guid":{"rendered":""},"modified":"2016-06-06T12:54:32","modified_gmt":"2016-06-06T10:54:32","slug":"i-beni-pi-preziosi","status":"publish","type":"post","link":"https:\/\/www.rassegnastampa-totustuus.it\/cattolica\/i-beni-pi-preziosi\/","title":{"rendered":"I beni pi&ugrave; preziosi"},"content":{"rendered":"<div style=\"text-align: center;\"><strong><img loading=\"lazy\" decoding=\"async\" class=\"alignleft wp-image-34234\" src=\"https:\/\/www.rassegnastampa-totustuus.it\/cattolica\/wp-content\/uploads\/2011\/12\/famiglia-1.jpg\" alt=\"famiglia\" width=\"250\" height=\"150\" \/>La Bussola Quotidiana<strong>,<\/strong><\/strong> 6 dicembre 2011<\/div>\n<p style=\"text-align: center;\">di <strong>Giacomo Samek Lodovici<\/strong><\/p>\n<p style=\"text-align: justify;\">Per quale ragione i beni non negoziabili \u2013 cio\u00e8 la vita, la famiglia, la libert\u00e0 di educazione e la libert\u00e0 religiosa \u2013 devono essere considerati gerarchicamente preminenti rispetto ad altri beni come la giustizia sociale, l\u2019eliminazione della povert\u00e0, la solidariet\u00e0, l\u2019accoglienza degli stranieri, la pace, ecc.?<\/p>\n<p><!--more--><\/p>\n<div style=\"text-align: justify;\"><strong>Essi sono preminenti perch\u00e9 sono pi\u00f9 preziosi degli altri valori,<\/strong> che sono decisamente importanti, ma non come quelli non negoziabili. Dunque questi ultimi non si possono mettere su un piatto della bilancia collocando sull\u2019altro piatto gli altri valori. Sarebbe come pesare con una bilancia a due piatti l\u2019oro e l\u2019argento: sono entrambi preziosi, ma l\u2019oro lo \u00e8 di pi\u00f9.<\/div>\n<p style=\"text-align: justify;\"><strong>Ma perch\u00e9 i beni non negoziabili sono pi\u00f9 preziosi?<\/strong> I motivi sono diversi e qui ne consideriamo solo uno (per un approfondimento sul tema cfr. G. Samek Lodovici, Vita, \u00abil Timone\u00bb, 108, dicembre 2011, pp. 36-38). Il fatto \u00e8 che negando i beni non negoziabili si negano anche gli altri beni. Questo \u00e8 un punto fondamentale e cruciale, ma raramente colto, anche dai cattolici. Infatti, come ha detto davvero efficacemente il card. Angelo Bagnasco (che \u00e8 un ecclesiastico, ma che citiamo perch\u00e9 si \u00e8 espresso con argomenti pienamente laici) il 17 ottobre 2011 a Todi, con i beni non negoziabili \u00abSono in gioco [\u2026] le sorgenti\u00bb dell\u2019uomo e degli altri valori.<\/p>\n<p style=\"text-align: justify;\"><strong>Lo stesso Bagnasco ha fatto alcuni esempi<\/strong> (il primo ripreso da Benedetto XVI) circa l\u2019inaridimento degli altri valori prodotto dalla negazione della loro sorgente, che consiste appunto nei valori non negoziabili: \u00ab\u201cSe si perde la sensibilit\u00e0 personale e sociale verso l\u2019accoglienza di una nuova vita, anche altre forme di accoglienza utili alla vita sociale si inaridiscono\u201d (Benedetto XVI, <em>Caritas in veritate<\/em>, \u00a7. 28)\u00bb. Infatti, che senso ha parlare di accoglienza degli immigrati (per es.) se non si accoglie la vita, cosa che avviene tralasciando di combattere l\u2019aborto e l\u2019eutanasia, o (peggio ancora) praticandoli, i quali uccidono l\u2019essere umano nel grembo materno, o il malato o il disabile?<\/p>\n<p style=\"text-align: justify;\">E, similmente, che senso ha parlare di difesa dei deboli, poveri e indifesi se non si difendono o (peggio ancora) si uccidono gli esseri umani pi\u00f9 deboli, poveri e indifesi, cio\u00e8 quelli nel grembo materno (sul concepito come essere umano cfr. G. Samek Lodovici, <a href=\"http:\/\/www.iltimone.org\/index.php?option=com_user&amp;view=login&amp;return=aHR0cDovL3d3dy5pbHRpbW9uZS5vcmcvaW5kZXgucGhwP29wdGlvbj1jb21fY29udGVudCZ2aWV3PWFydGljbGUmaWQ9MTc3MjphYm9ydG8tdW5hLXZhbHV0YXppb25lLWZpbG9zb2ZpY2E\">Aborto: una valutazione filosofica<\/a>) o in stato di incoscienza? Infatti, come ha detto Bagnasco, \u00abchi \u00e8 pi\u00f9 debole e fragile, pi\u00f9 povero, [\u2026] pi\u00f9 indifeso di chi non ha voce perch\u00e9 non l\u2019ha ancora [cio\u00e8 l\u2019embrione] o, forse, non l\u2019ha pi\u00f9 [cio\u00e8 chi \u00e8 in stato cosiddetto \u201cvegetativo\u201d]?\u00bb.<\/p>\n<p style=\"text-align: justify;\"><strong>Ancora, una societ\u00e0 che promuove la solidariet\u00e0, ma non tutela la vita e la famiglia,<\/strong> in realt\u00e0 non \u00e8 solidale con l\u2019uomo, bens\u00ec lo abbandona nei momenti di maggiore fragilit\u00e0. Infatti, esplicitiamo noi, non solo abbandona il concepito e l\u2019essere umano incosciente, che hanno massimamente bisogno di essere protetti da coloro che li vogliono uccidere, ma abbandona anche il bambino ed il ragazzino, che hanno bisogno di un padre e di una madre uniti con il legame il pi\u00f9 forte possibile: nonostante i molti matrimoni che si sfasciano, ci sono dati inoppugnabili sulla maggiore tenuta del matrimonio rispetto alle convivenze, cosicch\u00e9 i pacs (o i dico progettati dall\u2019allora ministro Rosy Bindi) non solo terminano molto pi\u00f9 facilmente dei matrimoni, ma inoltre indeboliscono il matrimonio stesso, perch\u00e9 creano una forma di relazione pi\u00f9 attraente (dato che comporta per i conviventi quasi gli stessi diritti dei coniugi, senza quasi nessuno dei loro doveri), che gli \u00e8 alternativa e concorrenziale.<\/p>\n<p style=\"text-align: justify;\"><strong>Similmente, chi promuove la lotta contro la povert\u00e0 e l\u2019emarginazione<\/strong> entra in contraddizione con se stesso se colpisce o non difende la famiglia edificata sul matrimonio tra uomo e donna. Infatti, come anche in questo caso certificano numerosissimi studi, quando si sfasciano le famiglie, la povert\u00e0, l\u2019emarginazione, la sofferenza psichica e la delinquenza aumentano spaventosamente.<\/p>\n<p style=\"text-align: justify;\">Limitiamoci a citare pochi dati tra gli innumerevoli disponibili. Per es., la ricercatrice R. O\u2019Neill (2002) ha rilevato che se il 40 % dei bambini inglesi vive in famiglie a basso reddito complessivo, la percentuale sale al 75 % tra quelli che vivono con un solo genitore.<\/p>\n<p style=\"text-align: justify;\"><strong>Tali bambini con un solo genitore hanno il triplo di probabilit\u00e0<\/strong> di ottenere cattivi risultati a scuola, il doppio dei rischi di contrarre malattie psicosomatiche e di avere la depressione o di comportarsi in modo antisociale, il triplo di probabilit\u00e0 di avere problemi nelle relazioni amicali e il 22 % assume droghe contro il 10 % dei figli degli sposati (cfr. anche Sweeting \u2013 West \u2013 Richards 1998; cfr. anche Mauldon 1990). Inoltre (cfr. Pesenti 2004) negli Usa 3 suicidi su 4 in et\u00e0 adolescenziale coinvolgono ragazzini che vivono con un solo genitore.<\/p>\n<p style=\"text-align: justify;\">In Gran Bretagna <a href=\"http:\/\/labussolaquotidiana.it\/admin\/genericoArticoli\/%28http:\/www.difenderelavita.org\/modules.php?name=News&amp;file=article&amp;sid=96\" target=\"_blank\">il 70% dei giovani criminali proviene da famiglie monoparentali<\/a>. La causa principale della criminalit\u00e0 non \u00e8 la povert\u00e0: \u00abAl contrario, la criminalit\u00e0 \u00e8 aumentata in America durante il lungo periodo di crescita economica: dal 1905 al 1933. Quando subentr\u00f2 la Grande depressione calarono i redditi ed anche la criminalit\u00e0. Che ricrebbe di nuovo dal 1965 al 1974 quando i redditi crebbero notevolmente\u00bb (Fagan 1995). E la criminalit\u00e0 \u00e8 pi\u00f9 alta tra i neri \u00abperch\u00e9 l\u2019incidenza della dissoluzione della famiglie \u00e8 pi\u00f9 alta tra di loro\u00bb (ibidem).<\/p>\n<p style=\"text-align: justify;\"><strong>Ancora, che senso ha spendersi per la pace e contro la guerra<\/strong> quando si \u00e8 indifferenti all\u2019aborto o (peggio ancora) quando lo si pratica? Infatti, come ha detto coraggiosamente Madre Teresa di Calcutta (una donna che \u00e8 stata maestra \u2013 indefessa e quasi per tutti insuperabile \u2013 di accoglienza, solidariet\u00e0 e di pace) mentre riceveva il Premio Nobel per la Pace nel 1979, l\u2019aborto \u00ab\u00e8 oggigiorno il pi\u00f9 grande distruttore di pace perch\u00e9 \u00e8 una guerra diretta, una diretta uccisione, un diretto omicidio per mano della madre stessa. [&#8230;] Perch\u00e9 se una madre pu\u00f2 uccidere il suo proprio figlio, non c&#8217;\u00e8 pi\u00f9 niente che impedisce a me di uccidere te, e a te di uccidere me\u00bb.<\/p>\n<p style=\"text-align: justify;\"><strong>Potremmo fare molti altri esempi,<\/strong> ma questi bastano per affermare, citando di nuovo il ragionamento pienamente laico di Bagnasco, che \u00abOgni altro valore necessario al bene della persona e della societ\u00e0 [\u2026] germoglia e prende linfa dai primi\u00bb, dai valori non negoziabili. Ed \u00abEcco perch\u00e9 nel \u2018corpus\u2019 del bene comune non vi \u00e8 un groviglio di equivalenze valoriali da scegliere a piacimento, ma esiste un ordine e una gerarchia costitutiva\u00bb.<\/p>\n","protected":false},"excerpt":{"rendered":"<p>La Bussola Quotidiana, 6 dicembre 2011 di Giacomo Samek Lodovici Per quale ragione i beni non negoziabili \u2013 cio\u00e8 la vita, la famiglia, la libert\u00e0 di educazione e la libert\u00e0 religiosa \u2013 devono essere considerati gerarchicamente preminenti rispetto ad altri beni come la giustizia sociale, l\u2019eliminazione della povert\u00e0, la solidariet\u00e0, l\u2019accoglienza degli stranieri, la pace, &hellip; <\/p>\n<p><a class=\"more-link btn\" href=\"https:\/\/www.rassegnastampa-totustuus.it\/cattolica\/i-beni-pi-preziosi\/\">Continua a leggere<\/a><\/p>\n","protected":false},"author":6,"featured_media":34234,"comment_status":"closed","ping_status":"open","sticky":false,"template":"","format":"standard","meta":{"footnotes":""},"categories":[11],"tags":[372],"class_list":["post-4853","post","type-post","status-publish","format-standard","has-post-thumbnail","hentry","category-dottrina-sociale","tag-principi-non-negoziabili","item-wrap"],"yoast_head":"<!-- This site is optimized with the Yoast SEO plugin v27.5 - https:\/\/yoast.com\/product\/yoast-seo-wordpress\/ -->\n<title>I beni pi&ugrave; preziosi - Rassegna Stampa Cattolica<\/title>\n<meta name=\"description\" content=\"Rassegna Stampa Cattolica - Per una cultura che nasce dalla Rivelazione cristiana in conformit\u00e0 alla tradizione e al Magistero della Chiesa in opposizione ad ogni relativismo e totalitarismo\" \/>\n<meta name=\"robots\" content=\"index, follow, max-snippet:-1, max-image-preview:large, max-video-preview:-1\" \/>\n<link rel=\"canonical\" href=\"https:\/\/www.rassegnastampa-totustuus.it\/cattolica\/i-beni-pi-preziosi\/\" \/>\n<meta property=\"og:locale\" content=\"it_IT\" \/>\n<meta property=\"og:type\" content=\"article\" \/>\n<meta property=\"og:title\" content=\"I beni pi&ugrave; preziosi - Rassegna Stampa Cattolica\" \/>\n<meta property=\"og:description\" content=\"Rassegna Stampa Cattolica - Per una cultura che nasce dalla Rivelazione cristiana in conformit\u00e0 alla tradizione e al Magistero della Chiesa in opposizione ad ogni relativismo e totalitarismo\" \/>\n<meta property=\"og:url\" content=\"https:\/\/www.rassegnastampa-totustuus.it\/cattolica\/i-beni-pi-preziosi\/\" \/>\n<meta property=\"og:site_name\" content=\"Rassegna Stampa Cattolica\" \/>\n<meta property=\"article:publisher\" content=\"https:\/\/www.facebook.com\/rassegnastampacattolica\" \/>\n<meta property=\"article:published_time\" content=\"2011-12-14T23:00:00+00:00\" \/>\n<meta property=\"article:modified_time\" content=\"2016-06-06T10:54:32+00:00\" \/>\n<meta property=\"og:image\" content=\"https:\/\/www.rassegnastampa-totustuus.it\/cattolica\/wp-content\/uploads\/2011\/12\/famiglia-1.jpg\" \/>\n\t<meta property=\"og:image:width\" content=\"290\" \/>\n\t<meta property=\"og:image:height\" content=\"174\" \/>\n\t<meta property=\"og:image:type\" content=\"image\/jpeg\" \/>\n<meta name=\"author\" content=\"Redazione\" \/>\n<meta name=\"twitter:card\" content=\"summary_large_image\" \/>\n<meta name=\"twitter:creator\" content=\"@rassegnastampa9\" \/>\n<meta name=\"twitter:site\" content=\"@rassegnastampa9\" \/>\n<meta name=\"twitter:label1\" content=\"Scritto da\" \/>\n\t<meta name=\"twitter:data1\" content=\"Redazione\" \/>\n\t<meta name=\"twitter:label2\" content=\"Tempo di lettura stimato\" \/>\n\t<meta name=\"twitter:data2\" content=\"5 minuti\" \/>\n<script type=\"application\/ld+json\" class=\"yoast-schema-graph\">{\"@context\":\"https:\\\/\\\/schema.org\",\"@graph\":[{\"@type\":\"Article\",\"@id\":\"https:\\\/\\\/www.rassegnastampa-totustuus.it\\\/cattolica\\\/i-beni-pi-preziosi\\\/#article\",\"isPartOf\":{\"@id\":\"https:\\\/\\\/www.rassegnastampa-totustuus.it\\\/cattolica\\\/i-beni-pi-preziosi\\\/\"},\"author\":{\"name\":\"Redazione\",\"@id\":\"https:\\\/\\\/www.rassegnastampa-totustuus.it\\\/cattolica\\\/#\\\/schema\\\/person\\\/08f319d2bd1a0904ad9e2bfb7b15e5c3\"},\"headline\":\"I beni pi&ugrave; preziosi\",\"datePublished\":\"2011-12-14T23:00:00+00:00\",\"dateModified\":\"2016-06-06T10:54:32+00:00\",\"mainEntityOfPage\":{\"@id\":\"https:\\\/\\\/www.rassegnastampa-totustuus.it\\\/cattolica\\\/i-beni-pi-preziosi\\\/\"},\"wordCount\":1024,\"publisher\":{\"@id\":\"https:\\\/\\\/www.rassegnastampa-totustuus.it\\\/cattolica\\\/#organization\"},\"image\":{\"@id\":\"https:\\\/\\\/www.rassegnastampa-totustuus.it\\\/cattolica\\\/i-beni-pi-preziosi\\\/#primaryimage\"},\"thumbnailUrl\":\"https:\\\/\\\/www.rassegnastampa-totustuus.it\\\/cattolica\\\/wp-content\\\/uploads\\\/2011\\\/12\\\/famiglia-1.jpg\",\"keywords\":[\"principi non negoziabili\"],\"articleSection\":[\"Dottrina sociale\"],\"inLanguage\":\"it-IT\"},{\"@type\":\"WebPage\",\"@id\":\"https:\\\/\\\/www.rassegnastampa-totustuus.it\\\/cattolica\\\/i-beni-pi-preziosi\\\/\",\"url\":\"https:\\\/\\\/www.rassegnastampa-totustuus.it\\\/cattolica\\\/i-beni-pi-preziosi\\\/\",\"name\":\"I beni pi&ugrave; preziosi - Rassegna Stampa Cattolica\",\"isPartOf\":{\"@id\":\"https:\\\/\\\/www.rassegnastampa-totustuus.it\\\/cattolica\\\/#website\"},\"primaryImageOfPage\":{\"@id\":\"https:\\\/\\\/www.rassegnastampa-totustuus.it\\\/cattolica\\\/i-beni-pi-preziosi\\\/#primaryimage\"},\"image\":{\"@id\":\"https:\\\/\\\/www.rassegnastampa-totustuus.it\\\/cattolica\\\/i-beni-pi-preziosi\\\/#primaryimage\"},\"thumbnailUrl\":\"https:\\\/\\\/www.rassegnastampa-totustuus.it\\\/cattolica\\\/wp-content\\\/uploads\\\/2011\\\/12\\\/famiglia-1.jpg\",\"datePublished\":\"2011-12-14T23:00:00+00:00\",\"dateModified\":\"2016-06-06T10:54:32+00:00\",\"description\":\"Rassegna Stampa Cattolica - Per una cultura che nasce dalla Rivelazione cristiana in conformit\u00e0 alla tradizione e al Magistero della Chiesa in opposizione ad ogni relativismo e totalitarismo\",\"breadcrumb\":{\"@id\":\"https:\\\/\\\/www.rassegnastampa-totustuus.it\\\/cattolica\\\/i-beni-pi-preziosi\\\/#breadcrumb\"},\"inLanguage\":\"it-IT\",\"potentialAction\":[{\"@type\":\"ReadAction\",\"target\":[\"https:\\\/\\\/www.rassegnastampa-totustuus.it\\\/cattolica\\\/i-beni-pi-preziosi\\\/\"]}]},{\"@type\":\"ImageObject\",\"inLanguage\":\"it-IT\",\"@id\":\"https:\\\/\\\/www.rassegnastampa-totustuus.it\\\/cattolica\\\/i-beni-pi-preziosi\\\/#primaryimage\",\"url\":\"https:\\\/\\\/www.rassegnastampa-totustuus.it\\\/cattolica\\\/wp-content\\\/uploads\\\/2011\\\/12\\\/famiglia-1.jpg\",\"contentUrl\":\"https:\\\/\\\/www.rassegnastampa-totustuus.it\\\/cattolica\\\/wp-content\\\/uploads\\\/2011\\\/12\\\/famiglia-1.jpg\",\"width\":290,\"height\":174},{\"@type\":\"BreadcrumbList\",\"@id\":\"https:\\\/\\\/www.rassegnastampa-totustuus.it\\\/cattolica\\\/i-beni-pi-preziosi\\\/#breadcrumb\",\"itemListElement\":[{\"@type\":\"ListItem\",\"position\":1,\"name\":\"Home\",\"item\":\"https:\\\/\\\/www.rassegnastampa-totustuus.it\\\/cattolica\\\/\"},{\"@type\":\"ListItem\",\"position\":2,\"name\":\"I beni pi&ugrave; preziosi\"}]},{\"@type\":\"WebSite\",\"@id\":\"https:\\\/\\\/www.rassegnastampa-totustuus.it\\\/cattolica\\\/#website\",\"url\":\"https:\\\/\\\/www.rassegnastampa-totustuus.it\\\/cattolica\\\/\",\"name\":\"Rassegna Stampa Cattolica\",\"description\":\"Per una cultura che nasce dalla Rivelazione cristiana in conformit\u00e0 alla tradizione e al Magistero della Chiesa in opposizione ad ogni relativismo e totalitarismo\",\"publisher\":{\"@id\":\"https:\\\/\\\/www.rassegnastampa-totustuus.it\\\/cattolica\\\/#organization\"},\"alternateName\":\"Rass. Cattolica\",\"potentialAction\":[{\"@type\":\"SearchAction\",\"target\":{\"@type\":\"EntryPoint\",\"urlTemplate\":\"https:\\\/\\\/www.rassegnastampa-totustuus.it\\\/cattolica\\\/?s={search_term_string}\"},\"query-input\":{\"@type\":\"PropertyValueSpecification\",\"valueRequired\":true,\"valueName\":\"search_term_string\"}}],\"inLanguage\":\"it-IT\"},{\"@type\":\"Organization\",\"@id\":\"https:\\\/\\\/www.rassegnastampa-totustuus.it\\\/cattolica\\\/#organization\",\"name\":\"Rassegna Stampa Cattolica\",\"url\":\"https:\\\/\\\/www.rassegnastampa-totustuus.it\\\/cattolica\\\/\",\"logo\":{\"@type\":\"ImageObject\",\"inLanguage\":\"it-IT\",\"@id\":\"https:\\\/\\\/www.rassegnastampa-totustuus.it\\\/cattolica\\\/#\\\/schema\\\/logo\\\/image\\\/\",\"url\":\"https:\\\/\\\/www.rassegnastampa-totustuus.it\\\/cattolica\\\/wp-content\\\/uploads\\\/2014\\\/04\\\/logo-rassegna1.gif\",\"contentUrl\":\"https:\\\/\\\/www.rassegnastampa-totustuus.it\\\/cattolica\\\/wp-content\\\/uploads\\\/2014\\\/04\\\/logo-rassegna1.gif\",\"width\":600,\"height\":163,\"caption\":\"Rassegna Stampa Cattolica\"},\"image\":{\"@id\":\"https:\\\/\\\/www.rassegnastampa-totustuus.it\\\/cattolica\\\/#\\\/schema\\\/logo\\\/image\\\/\"},\"sameAs\":[\"https:\\\/\\\/www.facebook.com\\\/rassegnastampacattolica\",\"https:\\\/\\\/x.com\\\/rassegnastampa9\"]},{\"@type\":\"Person\",\"@id\":\"https:\\\/\\\/www.rassegnastampa-totustuus.it\\\/cattolica\\\/#\\\/schema\\\/person\\\/08f319d2bd1a0904ad9e2bfb7b15e5c3\",\"name\":\"Redazione\",\"image\":{\"@type\":\"ImageObject\",\"inLanguage\":\"it-IT\",\"@id\":\"https:\\\/\\\/secure.gravatar.com\\\/avatar\\\/2fcdf27c78ea025fbdb44e914cc63c72249ffec9dc8aafd5c82b26240ef3f346?s=96&d=mm&r=g\",\"url\":\"https:\\\/\\\/secure.gravatar.com\\\/avatar\\\/2fcdf27c78ea025fbdb44e914cc63c72249ffec9dc8aafd5c82b26240ef3f346?s=96&d=mm&r=g\",\"contentUrl\":\"https:\\\/\\\/secure.gravatar.com\\\/avatar\\\/2fcdf27c78ea025fbdb44e914cc63c72249ffec9dc8aafd5c82b26240ef3f346?s=96&d=mm&r=g\",\"caption\":\"Redazione\"},\"url\":\"https:\\\/\\\/www.rassegnastampa-totustuus.it\\\/cattolica\\\/author\\\/pietroelle\\\/\"}]}<\/script>\n<!-- \/ Yoast SEO plugin. -->","yoast_head_json":{"title":"I beni pi&ugrave; preziosi - Rassegna Stampa Cattolica","description":"Rassegna Stampa Cattolica - Per una cultura che nasce dalla Rivelazione cristiana in conformit\u00e0 alla tradizione e al Magistero della Chiesa in opposizione ad ogni relativismo e totalitarismo","robots":{"index":"index","follow":"follow","max-snippet":"max-snippet:-1","max-image-preview":"max-image-preview:large","max-video-preview":"max-video-preview:-1"},"canonical":"https:\/\/www.rassegnastampa-totustuus.it\/cattolica\/i-beni-pi-preziosi\/","og_locale":"it_IT","og_type":"article","og_title":"I beni pi&ugrave; preziosi - Rassegna Stampa Cattolica","og_description":"Rassegna Stampa Cattolica - Per una cultura che nasce dalla Rivelazione cristiana in conformit\u00e0 alla tradizione e al Magistero della Chiesa in opposizione ad ogni relativismo e totalitarismo","og_url":"https:\/\/www.rassegnastampa-totustuus.it\/cattolica\/i-beni-pi-preziosi\/","og_site_name":"Rassegna Stampa Cattolica","article_publisher":"https:\/\/www.facebook.com\/rassegnastampacattolica","article_published_time":"2011-12-14T23:00:00+00:00","article_modified_time":"2016-06-06T10:54:32+00:00","og_image":[{"width":290,"height":174,"url":"https:\/\/www.rassegnastampa-totustuus.it\/cattolica\/wp-content\/uploads\/2011\/12\/famiglia-1.jpg","type":"image\/jpeg"}],"author":"Redazione","twitter_card":"summary_large_image","twitter_creator":"@rassegnastampa9","twitter_site":"@rassegnastampa9","twitter_misc":{"Scritto da":"Redazione","Tempo di lettura stimato":"5 minuti"},"schema":{"@context":"https:\/\/schema.org","@graph":[{"@type":"Article","@id":"https:\/\/www.rassegnastampa-totustuus.it\/cattolica\/i-beni-pi-preziosi\/#article","isPartOf":{"@id":"https:\/\/www.rassegnastampa-totustuus.it\/cattolica\/i-beni-pi-preziosi\/"},"author":{"name":"Redazione","@id":"https:\/\/www.rassegnastampa-totustuus.it\/cattolica\/#\/schema\/person\/08f319d2bd1a0904ad9e2bfb7b15e5c3"},"headline":"I beni pi&ugrave; preziosi","datePublished":"2011-12-14T23:00:00+00:00","dateModified":"2016-06-06T10:54:32+00:00","mainEntityOfPage":{"@id":"https:\/\/www.rassegnastampa-totustuus.it\/cattolica\/i-beni-pi-preziosi\/"},"wordCount":1024,"publisher":{"@id":"https:\/\/www.rassegnastampa-totustuus.it\/cattolica\/#organization"},"image":{"@id":"https:\/\/www.rassegnastampa-totustuus.it\/cattolica\/i-beni-pi-preziosi\/#primaryimage"},"thumbnailUrl":"https:\/\/www.rassegnastampa-totustuus.it\/cattolica\/wp-content\/uploads\/2011\/12\/famiglia-1.jpg","keywords":["principi non negoziabili"],"articleSection":["Dottrina sociale"],"inLanguage":"it-IT"},{"@type":"WebPage","@id":"https:\/\/www.rassegnastampa-totustuus.it\/cattolica\/i-beni-pi-preziosi\/","url":"https:\/\/www.rassegnastampa-totustuus.it\/cattolica\/i-beni-pi-preziosi\/","name":"I beni pi&ugrave; preziosi - Rassegna Stampa Cattolica","isPartOf":{"@id":"https:\/\/www.rassegnastampa-totustuus.it\/cattolica\/#website"},"primaryImageOfPage":{"@id":"https:\/\/www.rassegnastampa-totustuus.it\/cattolica\/i-beni-pi-preziosi\/#primaryimage"},"image":{"@id":"https:\/\/www.rassegnastampa-totustuus.it\/cattolica\/i-beni-pi-preziosi\/#primaryimage"},"thumbnailUrl":"https:\/\/www.rassegnastampa-totustuus.it\/cattolica\/wp-content\/uploads\/2011\/12\/famiglia-1.jpg","datePublished":"2011-12-14T23:00:00+00:00","dateModified":"2016-06-06T10:54:32+00:00","description":"Rassegna Stampa Cattolica - Per una cultura che nasce dalla Rivelazione cristiana in conformit\u00e0 alla tradizione e al Magistero della Chiesa in opposizione ad ogni relativismo e totalitarismo","breadcrumb":{"@id":"https:\/\/www.rassegnastampa-totustuus.it\/cattolica\/i-beni-pi-preziosi\/#breadcrumb"},"inLanguage":"it-IT","potentialAction":[{"@type":"ReadAction","target":["https:\/\/www.rassegnastampa-totustuus.it\/cattolica\/i-beni-pi-preziosi\/"]}]},{"@type":"ImageObject","inLanguage":"it-IT","@id":"https:\/\/www.rassegnastampa-totustuus.it\/cattolica\/i-beni-pi-preziosi\/#primaryimage","url":"https:\/\/www.rassegnastampa-totustuus.it\/cattolica\/wp-content\/uploads\/2011\/12\/famiglia-1.jpg","contentUrl":"https:\/\/www.rassegnastampa-totustuus.it\/cattolica\/wp-content\/uploads\/2011\/12\/famiglia-1.jpg","width":290,"height":174},{"@type":"BreadcrumbList","@id":"https:\/\/www.rassegnastampa-totustuus.it\/cattolica\/i-beni-pi-preziosi\/#breadcrumb","itemListElement":[{"@type":"ListItem","position":1,"name":"Home","item":"https:\/\/www.rassegnastampa-totustuus.it\/cattolica\/"},{"@type":"ListItem","position":2,"name":"I beni pi&ugrave; preziosi"}]},{"@type":"WebSite","@id":"https:\/\/www.rassegnastampa-totustuus.it\/cattolica\/#website","url":"https:\/\/www.rassegnastampa-totustuus.it\/cattolica\/","name":"Rassegna Stampa Cattolica","description":"Per una cultura che nasce dalla Rivelazione cristiana in conformit\u00e0 alla tradizione e al Magistero della Chiesa in opposizione ad ogni relativismo e totalitarismo","publisher":{"@id":"https:\/\/www.rassegnastampa-totustuus.it\/cattolica\/#organization"},"alternateName":"Rass. Cattolica","potentialAction":[{"@type":"SearchAction","target":{"@type":"EntryPoint","urlTemplate":"https:\/\/www.rassegnastampa-totustuus.it\/cattolica\/?s={search_term_string}"},"query-input":{"@type":"PropertyValueSpecification","valueRequired":true,"valueName":"search_term_string"}}],"inLanguage":"it-IT"},{"@type":"Organization","@id":"https:\/\/www.rassegnastampa-totustuus.it\/cattolica\/#organization","name":"Rassegna Stampa Cattolica","url":"https:\/\/www.rassegnastampa-totustuus.it\/cattolica\/","logo":{"@type":"ImageObject","inLanguage":"it-IT","@id":"https:\/\/www.rassegnastampa-totustuus.it\/cattolica\/#\/schema\/logo\/image\/","url":"https:\/\/www.rassegnastampa-totustuus.it\/cattolica\/wp-content\/uploads\/2014\/04\/logo-rassegna1.gif","contentUrl":"https:\/\/www.rassegnastampa-totustuus.it\/cattolica\/wp-content\/uploads\/2014\/04\/logo-rassegna1.gif","width":600,"height":163,"caption":"Rassegna Stampa Cattolica"},"image":{"@id":"https:\/\/www.rassegnastampa-totustuus.it\/cattolica\/#\/schema\/logo\/image\/"},"sameAs":["https:\/\/www.facebook.com\/rassegnastampacattolica","https:\/\/x.com\/rassegnastampa9"]},{"@type":"Person","@id":"https:\/\/www.rassegnastampa-totustuus.it\/cattolica\/#\/schema\/person\/08f319d2bd1a0904ad9e2bfb7b15e5c3","name":"Redazione","image":{"@type":"ImageObject","inLanguage":"it-IT","@id":"https:\/\/secure.gravatar.com\/avatar\/2fcdf27c78ea025fbdb44e914cc63c72249ffec9dc8aafd5c82b26240ef3f346?s=96&d=mm&r=g","url":"https:\/\/secure.gravatar.com\/avatar\/2fcdf27c78ea025fbdb44e914cc63c72249ffec9dc8aafd5c82b26240ef3f346?s=96&d=mm&r=g","contentUrl":"https:\/\/secure.gravatar.com\/avatar\/2fcdf27c78ea025fbdb44e914cc63c72249ffec9dc8aafd5c82b26240ef3f346?s=96&d=mm&r=g","caption":"Redazione"},"url":"https:\/\/www.rassegnastampa-totustuus.it\/cattolica\/author\/pietroelle\/"}]}},"_links":{"self":[{"href":"https:\/\/www.rassegnastampa-totustuus.it\/cattolica\/wp-json\/wp\/v2\/posts\/4853","targetHints":{"allow":["GET"]}}],"collection":[{"href":"https:\/\/www.rassegnastampa-totustuus.it\/cattolica\/wp-json\/wp\/v2\/posts"}],"about":[{"href":"https:\/\/www.rassegnastampa-totustuus.it\/cattolica\/wp-json\/wp\/v2\/types\/post"}],"author":[{"embeddable":true,"href":"https:\/\/www.rassegnastampa-totustuus.it\/cattolica\/wp-json\/wp\/v2\/users\/6"}],"replies":[{"embeddable":true,"href":"https:\/\/www.rassegnastampa-totustuus.it\/cattolica\/wp-json\/wp\/v2\/comments?post=4853"}],"version-history":[{"count":4,"href":"https:\/\/www.rassegnastampa-totustuus.it\/cattolica\/wp-json\/wp\/v2\/posts\/4853\/revisions"}],"predecessor-version":[{"id":34235,"href":"https:\/\/www.rassegnastampa-totustuus.it\/cattolica\/wp-json\/wp\/v2\/posts\/4853\/revisions\/34235"}],"wp:featuredmedia":[{"embeddable":true,"href":"https:\/\/www.rassegnastampa-totustuus.it\/cattolica\/wp-json\/wp\/v2\/media\/34234"}],"wp:attachment":[{"href":"https:\/\/www.rassegnastampa-totustuus.it\/cattolica\/wp-json\/wp\/v2\/media?parent=4853"}],"wp:term":[{"taxonomy":"category","embeddable":true,"href":"https:\/\/www.rassegnastampa-totustuus.it\/cattolica\/wp-json\/wp\/v2\/categories?post=4853"},{"taxonomy":"post_tag","embeddable":true,"href":"https:\/\/www.rassegnastampa-totustuus.it\/cattolica\/wp-json\/wp\/v2\/tags?post=4853"}],"curies":[{"name":"wp","href":"https:\/\/api.w.org\/{rel}","templated":true}]}}