{"id":485,"date":"2005-05-12T00:00:00","date_gmt":"2005-05-11T22:00:00","guid":{"rendered":""},"modified":"2016-01-23T19:56:43","modified_gmt":"2016-01-23T18:56:43","slug":"il-razzismo-darwin-pi-teosofia","status":"publish","type":"post","link":"https:\/\/www.rassegnastampa-totustuus.it\/cattolica\/il-razzismo-darwin-pi-teosofia\/","title":{"rendered":"Il razzismo? Darwin pi&ugrave; teosofia"},"content":{"rendered":"<div style=\"text-align: center;\"><a href=\"https:\/\/www.rassegnastampa-totustuus.it\/cattolica\/wp-content\/uploads\/2005\/05\/razzismo.jpg\"><img loading=\"lazy\" decoding=\"async\" class=\"alignleft wp-image-29756\" src=\"https:\/\/www.rassegnastampa-totustuus.it\/cattolica\/wp-content\/uploads\/2005\/05\/razzismo.jpg\" alt=\"razzismo\" width=\"250\" height=\"163\" \/><\/a>pubblicato su \u00a9 <strong>Il Timone<\/strong> n. 31<\/div>\n<div style=\"text-align: center;\">Marzo 2004<\/div>\n<p style=\"text-align: justify;\"><em>Le radici del razzismo sono nel cuore delle correnti culturali della modernit\u00e0: l\u2019illuminismo, il positivismo scientifico e la critica della civilt\u00e0 cristiana medievale e della Chiesa cattolica<\/em><\/p>\n<p style=\"text-align: center;\">di <strong>Adolfo Morganti<\/strong><\/p>\n<p><!--more--><\/p>\n<div style=\"text-align: justify;\">Dopo il 1945 lo spettro del razzismo si aggira per l\u2019Europa. L\u2019impatto del genocidio degli ebrei e di altre minoranze etniche perpetrato a cavallo della seconda guerra mondiale ha segnato in profondit\u00e0 la cultura europea dell\u2019ultima met\u00e0 del \u2018900, e oggi i mass media hanno volgarizzato l\u2019uso del termine &#8220;razzismo&#8221; estendendolo ad una serie di usi sempre pi\u00f9 distanti dalla sua realt\u00e0 originaria: il linguaggio comune, plasmato dal gergo giornalistico, oggi tende ad utilizzare come sinonimi termini quali &#8220;xenofobia&#8221;, &#8220;razzismo&#8221;, &#8220;intolleranza&#8221;, &#8220;antisemitismo&#8221;.<\/div>\n<p style=\"text-align: justify;\">In tal modo la parola \u2018razzismo&#8221; significa cosi tante cose da non significarne pi\u00f9 alcuna, e il suo utilizzo rischia di farla diventare un termine puramente retorico, il cui significato \u00e8 di volta in volta imposto dal potere politico e mediale: per cui &#8220;razzisti&#8221; sono sempre e comunque &#8220;gli altri&#8221;.<\/p>\n<p style=\"text-align: justify;\">\u00c8 importante, per capire questo fenomeno, ricostruire la storia del razzismo, le sue radici filosofiche e scientifiche, il clima culturale che ha reso possibile prima pensare e poi applicare il razzismo alla cultura e alla societ\u00e0.<\/p>\n<p style=\"text-align: justify;\">Se apriamo il Dizionario enciclopedico Treccani della lingua italiana, alla voce &#8220;razzismo&#8221; leggiamo: \u00abTermine, diffuso in Italia soprattutto dal 1938, usato per indicare da una parte le dottrine che postulano quale presupposto del divenire storico l\u2019esistenza di &#8220;razze superiori&#8221; e &#8220;inferiori&#8221;, le prime destinate al comando, le seconde alla sottomissione, e dall\u2019altra l\u2019azione tendente a ottenere la &#8220;purezza&#8221; e il miglioramento delle razze superiori\u00bb.<\/p>\n<p style=\"text-align: justify;\">Il lettore pu\u00f2 constatare da un lato la riduzione nel pensiero razzista dell\u2019umanit\u00e0 a specie zoologica &#8211; una fra le tante esistenti, e pertanto sottoposta agli stessi processi di valutazione e selezione riservati ai bovini da latte a al suini da carne -, e nel contempo l\u2019impressione profondamente errata che il razzismo sia un fenomeno novecentesco, connesso al dilagare del nazismo in Europa ed albo sterminio degli ebrei, e pertanto cessato nel 1945.<\/p>\n<p style=\"text-align: justify;\">Questa interpretazione del razzismo come breve parentesi inspiegabile e barbarica all\u2019interno del percorso progressivo della cultura europea del \u2018900 \u00e8 esattamente parallela &#8211; e ne condivide le fonti ispirative &#8211; alla definizione crociana del nazismo come parentesi inspiegabile e irrazionale della cultura politica europea, e come questa e autoconsolatoria e sbagliata.<\/p>\n<p style=\"text-align: justify;\">Chi voglia studiare direttamente i &#8220;testi sacri&#8221; del pensiero razzista otto-novecentesco vi scopre infatti una singolare coesistenza di filoni culturali apparentemente diversi e che la nostra sensibilit\u00e0 troverebbe oggi razionalmente incompatibili fra loro, ma che nella cultura degli albori della modernit\u00e0 si fusero assieme:<\/p>\n<p style=\"text-align: justify;\"><strong>a) <\/strong>l\u2019utilizzo entusiasta delle conoscenze scientifiche derivanti dalla genetica, dalla teoria dell\u2019evoluzione e dall\u2019antropologia scientifica: gi\u00e0 Ia generazione successiva a Charles Darwin inizi\u00f2 ad usare l\u2019evoluzionismo per &#8220;interpretare&#8221; le differenze fra culture e razze in modo da sottolineare la superiorit\u00e0 della <em>razza wasp<\/em> (bianca, anglosassone e protestante) e giustificarne il colonialismo.<\/p>\n<p style=\"text-align: justify;\"><strong>b) <\/strong>la cultura materialista e positivista allora egemone fece si che queste teorie scientifiche si mescolassero assieme alla critica illuministica alla societ\u00e0 organica e all\u2019universalismo cattolico e medievale, per cui non tanto un generico cristianesimo, ma soprattutto il Cattolicesimo romano divenne il &#8220;nemico principale&#8221; delle teorie razziste, e tale \u00e8 rimasto fino ad oggi.<\/p>\n<p style=\"text-align: justify;\"><strong>c)<\/strong> l\u2019alternativa al Cattolicesimo venne cercata sviluppando i temi tipicamente romantici (e puritani) della &#8220;mistica del popolo&#8221;, inteso come comunit\u00e0 dei portatori della stessa eredit\u00e0 simultaneamente biologica e spirituale, fino a generare nel corso del \u2018900 una impressionante serie di sette nazionaliste sospese fra il luteranesimo e il neopaganesimo pi\u00f9 estremi come ad esempio la Teosofia, in cui il razzismo biologico si mescolava con deliri neospiritualisti di ogni tipo.<\/p>\n<p style=\"text-align: justify;\"><strong>d)<\/strong> infine, il culto giacobino dell\u2019onnipotenza dello Stato divenne l\u2019obbligata cornice politica e giuridica del razzismo, come di ogni totalitarismo moderno. Allo Stato venne affidato il compito di &#8220;rigenerare&#8221; la societ\u00e0 distruggendo ogni resistenza: il sogno giacobino di Saint-Just diveniva realt\u00e0 con pi\u00f9 di un secolo di ritardo.<\/p>\n<p style=\"text-align: justify;\">Il razzismo non \u00e8 stato quindi un\u2019anomalia inspiegabile nel cammino ascendente della societ\u00e0 europea verso le sognate &#8220;radiose sorti, e progressive&#8221;: al contrario, anche in quest\u2019ambito il \u2018900 si \u00e8 limitato a realizzare quanto \u00e8 stato a lungo pensato e discusso nel secolo precedente e nello stesso tempo, senza il lungo percorso di costruzione non solo di una pseudo-scienza, ma anche di una pseudo-filosofia ed anche di una pseudo-religiosit\u00e0 razzista, percorso che si \u00e8 dipanato per ben due secoli, il XVIII e il XIX, i genocidi del 900 non avrebbero potuto essere pensati e realizzati.<\/p>\n<p style=\"text-align: justify;\">Le radici sette-ottocentesche del razzismo non sono cresciute fuori, ma nel cuore delle grandi correnti culturali che hanno costruito la modernit\u00e0: in primo luogo l\u2019illuminismo e il positivismo scientifico e il derivante clima di critica serrata e caustica del patrimonio culturale e spirituale dell\u2019Europa anteriore alla rivoluzione politica, scientifica ed industriale del XVIII-XIX secolo; tale critica ebbe il suo massimo bersaglio nella civilt\u00e0 cristiana medievale e soprattutto nella Chiesa cattolica, e i razzisti avevano ben chiara la coscienza di continuare a combattere una &#8220;battaglia di civilt\u00e0&#8221; che da Voltaire e dal <em>kulturkampf<\/em> bismarkiano sembra condurre direttamente ai Lager (e per via simmetrica, ai GuLag), in nome del progresso della scienza e della lotta contro Ia superstizione cristiana e, massimamente, cattolica.<\/p>\n<p style=\"text-align: justify;\">In questo cammino il 1945 rappresenta un punto di svolta, ma non la fine della strada. Smettendo di coprirsi gli occhi si constata che il razzismo, nelle sue componenti pseudo-scientifiche e pseudo-religiose, \u00e8 ampiamente sopravvissuto alla fine del Terzo Reich, dimostrando una vitalit\u00e0 ed una capacit\u00e0 di convivere con sistemi politici e culturali variegati solo apparentemente paradossale, semplicemente rivestendosi di panni maggiormente <em>politically correct<\/em>.<\/p>\n<p style=\"text-align: justify;\">La tragedia cambogiana, le recenti polemiche attorno alla riapertura del processo contro l\u2019ex-premier serbo Slobodan Milosevic, accusato dal Tribunale Penale Internazionale di genocidio, e la continuazione dei &#8220;genocidi nascosti&#8221; contro i Cristiani in Sudan e i Tibetani in Cina, costituiscono un ulteriore motivo per ricordare come, dall\u2019abbandono delle radici culturali e spirituali cattoliche, la modernit\u00e0 occidentale abbia ricavato solamente allucinazioni ideologiche, dolore e distruzione.<\/p>\n<p style=\"text-align: justify;\"><strong>Bibliografia<\/strong><\/p>\n<p style=\"text-align: justify;\"><strong>Adolfo Morganti,<\/strong> <em>Il razzismo. Storia di una malattia della cultura europea<\/em>, Il Cerchio, collana &#8220;L\u2019Altrotesto&#8221;, Rimini 2003.<\/p>\n","protected":false},"excerpt":{"rendered":"<p>pubblicato su \u00a9 Il Timone n. 31 Marzo 2004 Le radici del razzismo sono nel cuore delle correnti culturali della modernit\u00e0: l\u2019illuminismo, il positivismo scientifico e la critica della civilt\u00e0 cristiana medievale e della Chiesa cattolica di Adolfo Morganti<\/p><p><a class=\"more-link btn\" href=\"https:\/\/www.rassegnastampa-totustuus.it\/cattolica\/il-razzismo-darwin-pi-teosofia\/\">Continua a leggere<\/a><\/p>\n","protected":false},"author":6,"featured_media":29756,"comment_status":"closed","ping_status":"open","sticky":false,"template":"","format":"standard","meta":{"footnotes":""},"categories":[25],"tags":[585],"class_list":["post-485","post","type-post","status-publish","format-standard","has-post-thumbnail","hentry","category-sguardo-sul-nostro-tempo","tag-razzismo-2","item-wrap"],"yoast_head":"<!-- This site is optimized with the Yoast SEO plugin v27.5 - https:\/\/yoast.com\/product\/yoast-seo-wordpress\/ -->\n<title>Il razzismo? Darwin pi&ugrave; teosofia - Rassegna Stampa Cattolica<\/title>\n<meta name=\"description\" content=\"Rassegna Stampa Cattolica - Per una cultura che nasce dalla Rivelazione cristiana in conformit\u00e0 alla tradizione e al Magistero della Chiesa in opposizione ad ogni relativismo e totalitarismo\" \/>\n<meta name=\"robots\" content=\"index, follow, max-snippet:-1, max-image-preview:large, max-video-preview:-1\" \/>\n<link rel=\"canonical\" href=\"https:\/\/www.rassegnastampa-totustuus.it\/cattolica\/il-razzismo-darwin-pi-teosofia\/\" \/>\n<meta property=\"og:locale\" content=\"it_IT\" \/>\n<meta property=\"og:type\" content=\"article\" \/>\n<meta property=\"og:title\" content=\"Il razzismo? Darwin pi&ugrave; teosofia - Rassegna Stampa Cattolica\" \/>\n<meta property=\"og:description\" content=\"Rassegna Stampa Cattolica - Per una cultura che nasce dalla Rivelazione cristiana in conformit\u00e0 alla tradizione e al Magistero della Chiesa in opposizione ad ogni relativismo e totalitarismo\" \/>\n<meta property=\"og:url\" content=\"https:\/\/www.rassegnastampa-totustuus.it\/cattolica\/il-razzismo-darwin-pi-teosofia\/\" \/>\n<meta property=\"og:site_name\" content=\"Rassegna Stampa Cattolica\" \/>\n<meta property=\"article:publisher\" content=\"https:\/\/www.facebook.com\/rassegnastampacattolica\" \/>\n<meta property=\"article:published_time\" content=\"2005-05-11T22:00:00+00:00\" \/>\n<meta property=\"article:modified_time\" content=\"2016-01-23T18:56:43+00:00\" \/>\n<meta property=\"og:image\" content=\"https:\/\/www.rassegnastampa-totustuus.it\/cattolica\/wp-content\/uploads\/2005\/05\/razzismo.jpg\" \/>\n\t<meta property=\"og:image:width\" content=\"278\" \/>\n\t<meta property=\"og:image:height\" content=\"181\" \/>\n\t<meta property=\"og:image:type\" content=\"image\/jpeg\" \/>\n<meta name=\"author\" content=\"Redazione\" \/>\n<meta name=\"twitter:card\" content=\"summary_large_image\" \/>\n<meta name=\"twitter:creator\" content=\"@rassegnastampa9\" \/>\n<meta name=\"twitter:site\" content=\"@rassegnastampa9\" \/>\n<meta name=\"twitter:label1\" content=\"Scritto da\" \/>\n\t<meta name=\"twitter:data1\" content=\"Redazione\" \/>\n\t<meta name=\"twitter:label2\" content=\"Tempo di lettura stimato\" \/>\n\t<meta name=\"twitter:data2\" content=\"5 minuti\" \/>\n<script type=\"application\/ld+json\" class=\"yoast-schema-graph\">{\"@context\":\"https:\\\/\\\/schema.org\",\"@graph\":[{\"@type\":\"Article\",\"@id\":\"https:\\\/\\\/www.rassegnastampa-totustuus.it\\\/cattolica\\\/il-razzismo-darwin-pi-teosofia\\\/#article\",\"isPartOf\":{\"@id\":\"https:\\\/\\\/www.rassegnastampa-totustuus.it\\\/cattolica\\\/il-razzismo-darwin-pi-teosofia\\\/\"},\"author\":{\"name\":\"Redazione\",\"@id\":\"https:\\\/\\\/www.rassegnastampa-totustuus.it\\\/cattolica\\\/#\\\/schema\\\/person\\\/08f319d2bd1a0904ad9e2bfb7b15e5c3\"},\"headline\":\"Il razzismo? Darwin pi&ugrave; teosofia\",\"datePublished\":\"2005-05-11T22:00:00+00:00\",\"dateModified\":\"2016-01-23T18:56:43+00:00\",\"mainEntityOfPage\":{\"@id\":\"https:\\\/\\\/www.rassegnastampa-totustuus.it\\\/cattolica\\\/il-razzismo-darwin-pi-teosofia\\\/\"},\"wordCount\":1032,\"publisher\":{\"@id\":\"https:\\\/\\\/www.rassegnastampa-totustuus.it\\\/cattolica\\\/#organization\"},\"image\":{\"@id\":\"https:\\\/\\\/www.rassegnastampa-totustuus.it\\\/cattolica\\\/il-razzismo-darwin-pi-teosofia\\\/#primaryimage\"},\"thumbnailUrl\":\"https:\\\/\\\/www.rassegnastampa-totustuus.it\\\/cattolica\\\/wp-content\\\/uploads\\\/2005\\\/05\\\/razzismo.jpg\",\"keywords\":[\"razzismo\"],\"articleSection\":[\"Sguardo sul nostro tempo\"],\"inLanguage\":\"it-IT\"},{\"@type\":\"WebPage\",\"@id\":\"https:\\\/\\\/www.rassegnastampa-totustuus.it\\\/cattolica\\\/il-razzismo-darwin-pi-teosofia\\\/\",\"url\":\"https:\\\/\\\/www.rassegnastampa-totustuus.it\\\/cattolica\\\/il-razzismo-darwin-pi-teosofia\\\/\",\"name\":\"Il razzismo? Darwin pi&ugrave; teosofia - Rassegna Stampa Cattolica\",\"isPartOf\":{\"@id\":\"https:\\\/\\\/www.rassegnastampa-totustuus.it\\\/cattolica\\\/#website\"},\"primaryImageOfPage\":{\"@id\":\"https:\\\/\\\/www.rassegnastampa-totustuus.it\\\/cattolica\\\/il-razzismo-darwin-pi-teosofia\\\/#primaryimage\"},\"image\":{\"@id\":\"https:\\\/\\\/www.rassegnastampa-totustuus.it\\\/cattolica\\\/il-razzismo-darwin-pi-teosofia\\\/#primaryimage\"},\"thumbnailUrl\":\"https:\\\/\\\/www.rassegnastampa-totustuus.it\\\/cattolica\\\/wp-content\\\/uploads\\\/2005\\\/05\\\/razzismo.jpg\",\"datePublished\":\"2005-05-11T22:00:00+00:00\",\"dateModified\":\"2016-01-23T18:56:43+00:00\",\"description\":\"Rassegna Stampa Cattolica - Per una cultura che nasce dalla Rivelazione cristiana in conformit\u00e0 alla tradizione e al Magistero della Chiesa in opposizione ad ogni relativismo e totalitarismo\",\"breadcrumb\":{\"@id\":\"https:\\\/\\\/www.rassegnastampa-totustuus.it\\\/cattolica\\\/il-razzismo-darwin-pi-teosofia\\\/#breadcrumb\"},\"inLanguage\":\"it-IT\",\"potentialAction\":[{\"@type\":\"ReadAction\",\"target\":[\"https:\\\/\\\/www.rassegnastampa-totustuus.it\\\/cattolica\\\/il-razzismo-darwin-pi-teosofia\\\/\"]}]},{\"@type\":\"ImageObject\",\"inLanguage\":\"it-IT\",\"@id\":\"https:\\\/\\\/www.rassegnastampa-totustuus.it\\\/cattolica\\\/il-razzismo-darwin-pi-teosofia\\\/#primaryimage\",\"url\":\"https:\\\/\\\/www.rassegnastampa-totustuus.it\\\/cattolica\\\/wp-content\\\/uploads\\\/2005\\\/05\\\/razzismo.jpg\",\"contentUrl\":\"https:\\\/\\\/www.rassegnastampa-totustuus.it\\\/cattolica\\\/wp-content\\\/uploads\\\/2005\\\/05\\\/razzismo.jpg\",\"width\":278,\"height\":181},{\"@type\":\"BreadcrumbList\",\"@id\":\"https:\\\/\\\/www.rassegnastampa-totustuus.it\\\/cattolica\\\/il-razzismo-darwin-pi-teosofia\\\/#breadcrumb\",\"itemListElement\":[{\"@type\":\"ListItem\",\"position\":1,\"name\":\"Home\",\"item\":\"https:\\\/\\\/www.rassegnastampa-totustuus.it\\\/cattolica\\\/\"},{\"@type\":\"ListItem\",\"position\":2,\"name\":\"Il razzismo? Darwin pi&ugrave; teosofia\"}]},{\"@type\":\"WebSite\",\"@id\":\"https:\\\/\\\/www.rassegnastampa-totustuus.it\\\/cattolica\\\/#website\",\"url\":\"https:\\\/\\\/www.rassegnastampa-totustuus.it\\\/cattolica\\\/\",\"name\":\"Rassegna Stampa Cattolica\",\"description\":\"Per una cultura che nasce dalla Rivelazione cristiana in conformit\u00e0 alla tradizione e al Magistero della Chiesa in opposizione ad ogni relativismo e totalitarismo\",\"publisher\":{\"@id\":\"https:\\\/\\\/www.rassegnastampa-totustuus.it\\\/cattolica\\\/#organization\"},\"alternateName\":\"Rass. Cattolica\",\"potentialAction\":[{\"@type\":\"SearchAction\",\"target\":{\"@type\":\"EntryPoint\",\"urlTemplate\":\"https:\\\/\\\/www.rassegnastampa-totustuus.it\\\/cattolica\\\/?s={search_term_string}\"},\"query-input\":{\"@type\":\"PropertyValueSpecification\",\"valueRequired\":true,\"valueName\":\"search_term_string\"}}],\"inLanguage\":\"it-IT\"},{\"@type\":\"Organization\",\"@id\":\"https:\\\/\\\/www.rassegnastampa-totustuus.it\\\/cattolica\\\/#organization\",\"name\":\"Rassegna Stampa Cattolica\",\"url\":\"https:\\\/\\\/www.rassegnastampa-totustuus.it\\\/cattolica\\\/\",\"logo\":{\"@type\":\"ImageObject\",\"inLanguage\":\"it-IT\",\"@id\":\"https:\\\/\\\/www.rassegnastampa-totustuus.it\\\/cattolica\\\/#\\\/schema\\\/logo\\\/image\\\/\",\"url\":\"https:\\\/\\\/www.rassegnastampa-totustuus.it\\\/cattolica\\\/wp-content\\\/uploads\\\/2014\\\/04\\\/logo-rassegna1.gif\",\"contentUrl\":\"https:\\\/\\\/www.rassegnastampa-totustuus.it\\\/cattolica\\\/wp-content\\\/uploads\\\/2014\\\/04\\\/logo-rassegna1.gif\",\"width\":600,\"height\":163,\"caption\":\"Rassegna Stampa Cattolica\"},\"image\":{\"@id\":\"https:\\\/\\\/www.rassegnastampa-totustuus.it\\\/cattolica\\\/#\\\/schema\\\/logo\\\/image\\\/\"},\"sameAs\":[\"https:\\\/\\\/www.facebook.com\\\/rassegnastampacattolica\",\"https:\\\/\\\/x.com\\\/rassegnastampa9\"]},{\"@type\":\"Person\",\"@id\":\"https:\\\/\\\/www.rassegnastampa-totustuus.it\\\/cattolica\\\/#\\\/schema\\\/person\\\/08f319d2bd1a0904ad9e2bfb7b15e5c3\",\"name\":\"Redazione\",\"image\":{\"@type\":\"ImageObject\",\"inLanguage\":\"it-IT\",\"@id\":\"https:\\\/\\\/secure.gravatar.com\\\/avatar\\\/2fcdf27c78ea025fbdb44e914cc63c72249ffec9dc8aafd5c82b26240ef3f346?s=96&d=mm&r=g\",\"url\":\"https:\\\/\\\/secure.gravatar.com\\\/avatar\\\/2fcdf27c78ea025fbdb44e914cc63c72249ffec9dc8aafd5c82b26240ef3f346?s=96&d=mm&r=g\",\"contentUrl\":\"https:\\\/\\\/secure.gravatar.com\\\/avatar\\\/2fcdf27c78ea025fbdb44e914cc63c72249ffec9dc8aafd5c82b26240ef3f346?s=96&d=mm&r=g\",\"caption\":\"Redazione\"},\"url\":\"https:\\\/\\\/www.rassegnastampa-totustuus.it\\\/cattolica\\\/author\\\/pietroelle\\\/\"}]}<\/script>\n<!-- \/ Yoast SEO plugin. -->","yoast_head_json":{"title":"Il razzismo? Darwin pi&ugrave; teosofia - Rassegna Stampa Cattolica","description":"Rassegna Stampa Cattolica - Per una cultura che nasce dalla Rivelazione cristiana in conformit\u00e0 alla tradizione e al Magistero della Chiesa in opposizione ad ogni relativismo e totalitarismo","robots":{"index":"index","follow":"follow","max-snippet":"max-snippet:-1","max-image-preview":"max-image-preview:large","max-video-preview":"max-video-preview:-1"},"canonical":"https:\/\/www.rassegnastampa-totustuus.it\/cattolica\/il-razzismo-darwin-pi-teosofia\/","og_locale":"it_IT","og_type":"article","og_title":"Il razzismo? Darwin pi&ugrave; teosofia - Rassegna Stampa Cattolica","og_description":"Rassegna Stampa Cattolica - Per una cultura che nasce dalla Rivelazione cristiana in conformit\u00e0 alla tradizione e al Magistero della Chiesa in opposizione ad ogni relativismo e totalitarismo","og_url":"https:\/\/www.rassegnastampa-totustuus.it\/cattolica\/il-razzismo-darwin-pi-teosofia\/","og_site_name":"Rassegna Stampa Cattolica","article_publisher":"https:\/\/www.facebook.com\/rassegnastampacattolica","article_published_time":"2005-05-11T22:00:00+00:00","article_modified_time":"2016-01-23T18:56:43+00:00","og_image":[{"width":278,"height":181,"url":"https:\/\/www.rassegnastampa-totustuus.it\/cattolica\/wp-content\/uploads\/2005\/05\/razzismo.jpg","type":"image\/jpeg"}],"author":"Redazione","twitter_card":"summary_large_image","twitter_creator":"@rassegnastampa9","twitter_site":"@rassegnastampa9","twitter_misc":{"Scritto da":"Redazione","Tempo di lettura stimato":"5 minuti"},"schema":{"@context":"https:\/\/schema.org","@graph":[{"@type":"Article","@id":"https:\/\/www.rassegnastampa-totustuus.it\/cattolica\/il-razzismo-darwin-pi-teosofia\/#article","isPartOf":{"@id":"https:\/\/www.rassegnastampa-totustuus.it\/cattolica\/il-razzismo-darwin-pi-teosofia\/"},"author":{"name":"Redazione","@id":"https:\/\/www.rassegnastampa-totustuus.it\/cattolica\/#\/schema\/person\/08f319d2bd1a0904ad9e2bfb7b15e5c3"},"headline":"Il razzismo? Darwin pi&ugrave; teosofia","datePublished":"2005-05-11T22:00:00+00:00","dateModified":"2016-01-23T18:56:43+00:00","mainEntityOfPage":{"@id":"https:\/\/www.rassegnastampa-totustuus.it\/cattolica\/il-razzismo-darwin-pi-teosofia\/"},"wordCount":1032,"publisher":{"@id":"https:\/\/www.rassegnastampa-totustuus.it\/cattolica\/#organization"},"image":{"@id":"https:\/\/www.rassegnastampa-totustuus.it\/cattolica\/il-razzismo-darwin-pi-teosofia\/#primaryimage"},"thumbnailUrl":"https:\/\/www.rassegnastampa-totustuus.it\/cattolica\/wp-content\/uploads\/2005\/05\/razzismo.jpg","keywords":["razzismo"],"articleSection":["Sguardo sul nostro tempo"],"inLanguage":"it-IT"},{"@type":"WebPage","@id":"https:\/\/www.rassegnastampa-totustuus.it\/cattolica\/il-razzismo-darwin-pi-teosofia\/","url":"https:\/\/www.rassegnastampa-totustuus.it\/cattolica\/il-razzismo-darwin-pi-teosofia\/","name":"Il razzismo? Darwin pi&ugrave; teosofia - Rassegna Stampa Cattolica","isPartOf":{"@id":"https:\/\/www.rassegnastampa-totustuus.it\/cattolica\/#website"},"primaryImageOfPage":{"@id":"https:\/\/www.rassegnastampa-totustuus.it\/cattolica\/il-razzismo-darwin-pi-teosofia\/#primaryimage"},"image":{"@id":"https:\/\/www.rassegnastampa-totustuus.it\/cattolica\/il-razzismo-darwin-pi-teosofia\/#primaryimage"},"thumbnailUrl":"https:\/\/www.rassegnastampa-totustuus.it\/cattolica\/wp-content\/uploads\/2005\/05\/razzismo.jpg","datePublished":"2005-05-11T22:00:00+00:00","dateModified":"2016-01-23T18:56:43+00:00","description":"Rassegna Stampa Cattolica - Per una cultura che nasce dalla Rivelazione cristiana in conformit\u00e0 alla tradizione e al Magistero della Chiesa in opposizione ad ogni relativismo e totalitarismo","breadcrumb":{"@id":"https:\/\/www.rassegnastampa-totustuus.it\/cattolica\/il-razzismo-darwin-pi-teosofia\/#breadcrumb"},"inLanguage":"it-IT","potentialAction":[{"@type":"ReadAction","target":["https:\/\/www.rassegnastampa-totustuus.it\/cattolica\/il-razzismo-darwin-pi-teosofia\/"]}]},{"@type":"ImageObject","inLanguage":"it-IT","@id":"https:\/\/www.rassegnastampa-totustuus.it\/cattolica\/il-razzismo-darwin-pi-teosofia\/#primaryimage","url":"https:\/\/www.rassegnastampa-totustuus.it\/cattolica\/wp-content\/uploads\/2005\/05\/razzismo.jpg","contentUrl":"https:\/\/www.rassegnastampa-totustuus.it\/cattolica\/wp-content\/uploads\/2005\/05\/razzismo.jpg","width":278,"height":181},{"@type":"BreadcrumbList","@id":"https:\/\/www.rassegnastampa-totustuus.it\/cattolica\/il-razzismo-darwin-pi-teosofia\/#breadcrumb","itemListElement":[{"@type":"ListItem","position":1,"name":"Home","item":"https:\/\/www.rassegnastampa-totustuus.it\/cattolica\/"},{"@type":"ListItem","position":2,"name":"Il razzismo? Darwin pi&ugrave; teosofia"}]},{"@type":"WebSite","@id":"https:\/\/www.rassegnastampa-totustuus.it\/cattolica\/#website","url":"https:\/\/www.rassegnastampa-totustuus.it\/cattolica\/","name":"Rassegna Stampa Cattolica","description":"Per una cultura che nasce dalla Rivelazione cristiana in conformit\u00e0 alla tradizione e al Magistero della Chiesa in opposizione ad ogni relativismo e totalitarismo","publisher":{"@id":"https:\/\/www.rassegnastampa-totustuus.it\/cattolica\/#organization"},"alternateName":"Rass. Cattolica","potentialAction":[{"@type":"SearchAction","target":{"@type":"EntryPoint","urlTemplate":"https:\/\/www.rassegnastampa-totustuus.it\/cattolica\/?s={search_term_string}"},"query-input":{"@type":"PropertyValueSpecification","valueRequired":true,"valueName":"search_term_string"}}],"inLanguage":"it-IT"},{"@type":"Organization","@id":"https:\/\/www.rassegnastampa-totustuus.it\/cattolica\/#organization","name":"Rassegna Stampa Cattolica","url":"https:\/\/www.rassegnastampa-totustuus.it\/cattolica\/","logo":{"@type":"ImageObject","inLanguage":"it-IT","@id":"https:\/\/www.rassegnastampa-totustuus.it\/cattolica\/#\/schema\/logo\/image\/","url":"https:\/\/www.rassegnastampa-totustuus.it\/cattolica\/wp-content\/uploads\/2014\/04\/logo-rassegna1.gif","contentUrl":"https:\/\/www.rassegnastampa-totustuus.it\/cattolica\/wp-content\/uploads\/2014\/04\/logo-rassegna1.gif","width":600,"height":163,"caption":"Rassegna Stampa Cattolica"},"image":{"@id":"https:\/\/www.rassegnastampa-totustuus.it\/cattolica\/#\/schema\/logo\/image\/"},"sameAs":["https:\/\/www.facebook.com\/rassegnastampacattolica","https:\/\/x.com\/rassegnastampa9"]},{"@type":"Person","@id":"https:\/\/www.rassegnastampa-totustuus.it\/cattolica\/#\/schema\/person\/08f319d2bd1a0904ad9e2bfb7b15e5c3","name":"Redazione","image":{"@type":"ImageObject","inLanguage":"it-IT","@id":"https:\/\/secure.gravatar.com\/avatar\/2fcdf27c78ea025fbdb44e914cc63c72249ffec9dc8aafd5c82b26240ef3f346?s=96&d=mm&r=g","url":"https:\/\/secure.gravatar.com\/avatar\/2fcdf27c78ea025fbdb44e914cc63c72249ffec9dc8aafd5c82b26240ef3f346?s=96&d=mm&r=g","contentUrl":"https:\/\/secure.gravatar.com\/avatar\/2fcdf27c78ea025fbdb44e914cc63c72249ffec9dc8aafd5c82b26240ef3f346?s=96&d=mm&r=g","caption":"Redazione"},"url":"https:\/\/www.rassegnastampa-totustuus.it\/cattolica\/author\/pietroelle\/"}]}},"_links":{"self":[{"href":"https:\/\/www.rassegnastampa-totustuus.it\/cattolica\/wp-json\/wp\/v2\/posts\/485","targetHints":{"allow":["GET"]}}],"collection":[{"href":"https:\/\/www.rassegnastampa-totustuus.it\/cattolica\/wp-json\/wp\/v2\/posts"}],"about":[{"href":"https:\/\/www.rassegnastampa-totustuus.it\/cattolica\/wp-json\/wp\/v2\/types\/post"}],"author":[{"embeddable":true,"href":"https:\/\/www.rassegnastampa-totustuus.it\/cattolica\/wp-json\/wp\/v2\/users\/6"}],"replies":[{"embeddable":true,"href":"https:\/\/www.rassegnastampa-totustuus.it\/cattolica\/wp-json\/wp\/v2\/comments?post=485"}],"version-history":[{"count":4,"href":"https:\/\/www.rassegnastampa-totustuus.it\/cattolica\/wp-json\/wp\/v2\/posts\/485\/revisions"}],"predecessor-version":[{"id":29757,"href":"https:\/\/www.rassegnastampa-totustuus.it\/cattolica\/wp-json\/wp\/v2\/posts\/485\/revisions\/29757"}],"wp:featuredmedia":[{"embeddable":true,"href":"https:\/\/www.rassegnastampa-totustuus.it\/cattolica\/wp-json\/wp\/v2\/media\/29756"}],"wp:attachment":[{"href":"https:\/\/www.rassegnastampa-totustuus.it\/cattolica\/wp-json\/wp\/v2\/media?parent=485"}],"wp:term":[{"taxonomy":"category","embeddable":true,"href":"https:\/\/www.rassegnastampa-totustuus.it\/cattolica\/wp-json\/wp\/v2\/categories?post=485"},{"taxonomy":"post_tag","embeddable":true,"href":"https:\/\/www.rassegnastampa-totustuus.it\/cattolica\/wp-json\/wp\/v2\/tags?post=485"}],"curies":[{"name":"wp","href":"https:\/\/api.w.org\/{rel}","templated":true}]}}