{"id":4848,"date":"2011-12-07T11:03:01","date_gmt":"2011-12-07T10:03:01","guid":{"rendered":""},"modified":"2016-03-11T10:28:42","modified_gmt":"2016-03-11T09:28:42","slug":"luigi-sturzo-meriterebbe-il-premio-nobel-per-leconomia","status":"publish","type":"post","link":"https:\/\/www.rassegnastampa-totustuus.it\/cattolica\/luigi-sturzo-meriterebbe-il-premio-nobel-per-leconomia\/","title":{"rendered":"Luigi Sturzo meriterebbe il premio nobel per l\u2019economia"},"content":{"rendered":"<div style=\"text-align: center;\"><strong><img loading=\"lazy\" decoding=\"async\" class=\"alignright wp-image-31700\" src=\"https:\/\/www.rassegnastampa-totustuus.it\/cattolica\/wp-content\/uploads\/2011\/12\/Sturzo.jpg\" alt=\"Sturzo\" width=\"178\" height=\"200\" \/>Rinascimento popolare<\/strong> n.2 aprile-settembre 2011<\/div>\n<p style=\"text-align: justify;\"><em>\u00abDi don Luigi Sturzo \u00e8 in corso la causa di beatificazione, lo lo proporrei anche per il Nobel per l&#8217;economia\u00bb lo ha scritto il Presidente dello IOR (Istituto per le \u00d2pere di Religione) in un articolo <\/em><em>pubblicato su II Sole-24 Ore il 29 aprile scorso. Ricordiamo che dal 1905 al 1920, alla guida amministrativa di Caltagirone, don Sturzo non fece altro che applicare i principi della dottrina sociale della Chiesa. \u00abQuesta dottrina &#8211; sostiene Gotti Tedeschi &#8211; pu\u00f2 rappresentare la terza via tra capitalismo e socialismo\u00bb.<\/em><\/p>\n<p style=\"text-align: center;\">di <strong>Ettore Gotti Tedeschi<\/strong><\/p>\n<p><!--more--><\/p>\n<div style=\"text-align: justify;\">Quest&#8217;anno ricorrono i 140 anni dalla nascita di don Luigi Sturzo (1871-1959). Vorrei ricordarlo, perch\u00e9 \u00e8 stato profeta in economia e perch\u00e9 meriterebbe il Nobel per la stessa, e non solo la beatificazione.\u00c8 fin troppo facile iniziare affermando che se si fosse ascoltato don Sturzo i nostri problemi oggi non sarebbero cos\u00ec gravi. Non avremmo infatti accettato e sostenuto il processo di statalizzazione dell&#8217;economia con le conseguenze inefficientistiche e assistenzialistiche che hanno drogato il sistema economico e il modello sociale del nostro Paese.<\/div>\n<p style=\"text-align: justify;\"><strong>Si ricordi solo che fino all&#8217;inizio degli anni 90 il peso dell&#8217;economia, direttamente e indirettamente gestita dallo Stato, era dominante (si stima intorno al 60% del Pil), inefficiente e deficitario. Le necessarie privatizzazioni e liberalizzazioni (per entrare nell&#8217;euro) si sono quindi rivelate difficili<\/strong> <strong>e persine indebolenti il siste<\/strong><strong>ma. Ci\u00f2 perch\u00e9, come don <\/strong><strong>Sturzo insegnava, in un sistema <\/strong><strong>troppo statalista e assistenzialista, l&#8217;iniziativa privata stenta a crescere se non trainata dalle imprese statali. <\/strong>Stenta anche a nascere l&#8217;imprenditore privato in grado di assorbire le privatizzazioni in termini di reciproco beneficio (Stato e imprenditore).<\/p>\n<p style=\"text-align: justify;\">Cos\u00ec il passaggio tra il pubblico e il privato (soprattutto per le grandi imprese e le banche) diventa un problema. Come \u00e8 successo. In queste condizioni il rapporto tra classe economica e politica resta ancora stretto (finanziariamente soprattutto) e difficilmente &#8220;slegabile&#8221;. Economia di mercato &#8220;disordinata&#8221;; classe dirigente troppo implicata in economia; popolazione illusa e viziata da un benessere insostenibile; imprenditoria privata mortificata; idea della politica soccorritrice in economia sbagliata; risparmio illuso dalle remunerazioni &#8220;artificiali&#8221; in titoli di Stato ad altissimo rendimento per raccogliere sottoscrizioni; conseguente crollo dei rendimenti e dissipazione del risparmio alla ricerca di investimenti alternativi (ad alto rischio, tipo bond argentini), eccetera.<\/p>\n<p style=\"text-align: justify;\"><strong>Ecco le conseguenze del<\/strong><strong>lo &#8220;statalismo interrotto&#8221; che <\/strong><strong>cos\u00ec tanto allarmava don Stur<\/strong><strong>zo. <\/strong>Per non ricordare la crescita conseguente della spesa pubblica e la conseguente crescita del peso delle imposte sul Pil che peggioravano sempre pi\u00f9 la situazione. E spesso con la scusa insostenibile di salvare l&#8217;occupazione e rafforzare lo Stato sociale. E quando, grazie al crollo dello sviluppo reale, conseguenza del crollo delle nascite, i costi fissi del Paese esplosero, crebbero ancor pi\u00f9 la spesa pubblica e le tasse sulla ricchezza prodotta (quasi raddoppiando in trent&#8217;anni).<\/p>\n<p style=\"text-align: justify;\"><strong>Ma oltre a questo si cre\u00f2 confusione sui valori cristiani, confusi in altre ideologie e negli stessi principi di ordine sociale. Per questi principi cristiani originali, l&#8217;ordine \u00e8 adattare i mezzi ai fini, non sprecare le risorse, produrre uno sviluppo non solo materiale, distribuire la ricchezza. Non solo \u00e8 avvenuto il contrario, ma si \u00e8 persine messa in discussione la possibilit\u00e0 di realizzare la dottrina sociale di mercato proposta dalla Chiesa.<\/strong><\/p>\n<p style=\"text-align: justify;\">Questa dottrina, come intu\u00ec Einaudi, poteva rappresentare la terza via tra capitalismo e socialismo, in grado di assicurare la libert\u00e0 personale con la necessaria sussidiariet\u00e0. Ma per realizzarsi non poteva coesistere con uno Stato avido in economia. Cos\u00ec oggi non dovremmo meravigliarci della conseguente debolezza competitiva del Paese nel mondo globale. E neppure delle opportune manovre economiche necessarie per correggere errori e ristabilire, quanto possibile, criteri seri di bilancio.<\/p>\n<p style=\"text-align: justify;\">Scriveva don Sturzo: <strong>&#8220;Stata<\/strong><strong>lismo \u00e8 disordine, disarmonia, sopraffazione, violazione della personalit\u00e0 umana, rottura dell&#8217;organismo statale. Statalismo non \u00e8 lo Stato, ma contro lo Stato&#8221;. E ancora: &#8220;L&#8217;Italia, se continua la finanza spende-reccia di oggi ne sentir\u00e0 ben presto gli effetti&#8221; <\/strong>(23 gennaio 1959, tratto da <strong>&#8220;Attenti ai <\/strong><strong>mali passi&#8221;, <\/strong>opuscolo edito dal C.I.S.S. &#8211; 2011).<\/p>\n<p style=\"text-align: justify;\">Di don Luigi Sturzo \u00e8 in corso la causa di beatificazione. Io lo proporrei anche per il Nobel per l&#8217;economia<\/p>\n","protected":false},"excerpt":{"rendered":"<p>Rinascimento popolare n.2 aprile-settembre 2011 \u00abDi don Luigi Sturzo \u00e8 in corso la causa di beatificazione, lo lo proporrei anche per il Nobel per l&#8217;economia\u00bb lo ha scritto il Presidente dello IOR (Istituto per le \u00d2pere di Religione) in un articolo pubblicato su II Sole-24 Ore il 29 aprile scorso. Ricordiamo che dal 1905 al &hellip; <\/p>\n<p><a class=\"more-link btn\" href=\"https:\/\/www.rassegnastampa-totustuus.it\/cattolica\/luigi-sturzo-meriterebbe-il-premio-nobel-per-leconomia\/\">Continua a leggere<\/a><\/p>\n","protected":false},"author":6,"featured_media":31700,"comment_status":"closed","ping_status":"open","sticky":false,"template":"","format":"standard","meta":{"footnotes":""},"categories":[11,13,18],"tags":[810,160],"class_list":["post-4848","post","type-post","status-publish","format-standard","has-post-thumbnail","hentry","category-dottrina-sociale","category-economia","category-personaggi","tag-luigi-sturzo","tag-statalismo","item-wrap"],"yoast_head":"<!-- This site is optimized with the Yoast SEO plugin v27.5 - https:\/\/yoast.com\/product\/yoast-seo-wordpress\/ -->\n<title>Luigi Sturzo meriterebbe il premio nobel per l\u2019economia - Rassegna Stampa Cattolica<\/title>\n<meta name=\"description\" content=\"Rassegna Stampa Cattolica - Per una cultura che nasce dalla Rivelazione cristiana in conformit\u00e0 alla tradizione e al Magistero della Chiesa in opposizione ad ogni relativismo e totalitarismo\" \/>\n<meta name=\"robots\" content=\"index, follow, max-snippet:-1, max-image-preview:large, max-video-preview:-1\" \/>\n<link rel=\"canonical\" href=\"https:\/\/www.rassegnastampa-totustuus.it\/cattolica\/luigi-sturzo-meriterebbe-il-premio-nobel-per-leconomia\/\" \/>\n<meta property=\"og:locale\" content=\"it_IT\" \/>\n<meta property=\"og:type\" content=\"article\" \/>\n<meta property=\"og:title\" content=\"Luigi Sturzo meriterebbe il premio nobel per l\u2019economia - Rassegna Stampa Cattolica\" \/>\n<meta property=\"og:description\" content=\"Rassegna Stampa Cattolica - Per una cultura che nasce dalla Rivelazione cristiana in conformit\u00e0 alla tradizione e al Magistero della Chiesa in opposizione ad ogni relativismo e totalitarismo\" \/>\n<meta property=\"og:url\" content=\"https:\/\/www.rassegnastampa-totustuus.it\/cattolica\/luigi-sturzo-meriterebbe-il-premio-nobel-per-leconomia\/\" \/>\n<meta property=\"og:site_name\" content=\"Rassegna Stampa Cattolica\" \/>\n<meta property=\"article:publisher\" content=\"https:\/\/www.facebook.com\/rassegnastampacattolica\" \/>\n<meta property=\"article:published_time\" content=\"2011-12-07T10:03:01+00:00\" \/>\n<meta property=\"article:modified_time\" content=\"2016-03-11T09:28:42+00:00\" \/>\n<meta property=\"og:image\" content=\"https:\/\/www.rassegnastampa-totustuus.it\/cattolica\/wp-content\/uploads\/2011\/12\/Sturzo.jpg\" \/>\n\t<meta property=\"og:image:width\" content=\"212\" \/>\n\t<meta property=\"og:image:height\" content=\"238\" \/>\n\t<meta property=\"og:image:type\" content=\"image\/jpeg\" \/>\n<meta name=\"author\" content=\"Redazione\" \/>\n<meta name=\"twitter:card\" content=\"summary_large_image\" \/>\n<meta name=\"twitter:creator\" content=\"@rassegnastampa9\" \/>\n<meta name=\"twitter:site\" content=\"@rassegnastampa9\" \/>\n<meta name=\"twitter:label1\" content=\"Scritto da\" \/>\n\t<meta name=\"twitter:data1\" content=\"Redazione\" \/>\n\t<meta name=\"twitter:label2\" content=\"Tempo di lettura stimato\" \/>\n\t<meta name=\"twitter:data2\" content=\"3 minuti\" \/>\n<script type=\"application\/ld+json\" class=\"yoast-schema-graph\">{\"@context\":\"https:\\\/\\\/schema.org\",\"@graph\":[{\"@type\":\"Article\",\"@id\":\"https:\\\/\\\/www.rassegnastampa-totustuus.it\\\/cattolica\\\/luigi-sturzo-meriterebbe-il-premio-nobel-per-leconomia\\\/#article\",\"isPartOf\":{\"@id\":\"https:\\\/\\\/www.rassegnastampa-totustuus.it\\\/cattolica\\\/luigi-sturzo-meriterebbe-il-premio-nobel-per-leconomia\\\/\"},\"author\":{\"name\":\"Redazione\",\"@id\":\"https:\\\/\\\/www.rassegnastampa-totustuus.it\\\/cattolica\\\/#\\\/schema\\\/person\\\/08f319d2bd1a0904ad9e2bfb7b15e5c3\"},\"headline\":\"Luigi Sturzo meriterebbe il premio nobel per l\u2019economia\",\"datePublished\":\"2011-12-07T10:03:01+00:00\",\"dateModified\":\"2016-03-11T09:28:42+00:00\",\"mainEntityOfPage\":{\"@id\":\"https:\\\/\\\/www.rassegnastampa-totustuus.it\\\/cattolica\\\/luigi-sturzo-meriterebbe-il-premio-nobel-per-leconomia\\\/\"},\"wordCount\":686,\"publisher\":{\"@id\":\"https:\\\/\\\/www.rassegnastampa-totustuus.it\\\/cattolica\\\/#organization\"},\"image\":{\"@id\":\"https:\\\/\\\/www.rassegnastampa-totustuus.it\\\/cattolica\\\/luigi-sturzo-meriterebbe-il-premio-nobel-per-leconomia\\\/#primaryimage\"},\"thumbnailUrl\":\"https:\\\/\\\/www.rassegnastampa-totustuus.it\\\/cattolica\\\/wp-content\\\/uploads\\\/2011\\\/12\\\/Sturzo.jpg\",\"keywords\":[\"Luigi Sturzo\",\"statalismo\"],\"articleSection\":[\"Dottrina sociale\",\"Economia\",\"Personaggi\"],\"inLanguage\":\"it-IT\"},{\"@type\":\"WebPage\",\"@id\":\"https:\\\/\\\/www.rassegnastampa-totustuus.it\\\/cattolica\\\/luigi-sturzo-meriterebbe-il-premio-nobel-per-leconomia\\\/\",\"url\":\"https:\\\/\\\/www.rassegnastampa-totustuus.it\\\/cattolica\\\/luigi-sturzo-meriterebbe-il-premio-nobel-per-leconomia\\\/\",\"name\":\"Luigi Sturzo meriterebbe il premio nobel per l\u2019economia - Rassegna Stampa Cattolica\",\"isPartOf\":{\"@id\":\"https:\\\/\\\/www.rassegnastampa-totustuus.it\\\/cattolica\\\/#website\"},\"primaryImageOfPage\":{\"@id\":\"https:\\\/\\\/www.rassegnastampa-totustuus.it\\\/cattolica\\\/luigi-sturzo-meriterebbe-il-premio-nobel-per-leconomia\\\/#primaryimage\"},\"image\":{\"@id\":\"https:\\\/\\\/www.rassegnastampa-totustuus.it\\\/cattolica\\\/luigi-sturzo-meriterebbe-il-premio-nobel-per-leconomia\\\/#primaryimage\"},\"thumbnailUrl\":\"https:\\\/\\\/www.rassegnastampa-totustuus.it\\\/cattolica\\\/wp-content\\\/uploads\\\/2011\\\/12\\\/Sturzo.jpg\",\"datePublished\":\"2011-12-07T10:03:01+00:00\",\"dateModified\":\"2016-03-11T09:28:42+00:00\",\"description\":\"Rassegna Stampa Cattolica - Per una cultura che nasce dalla Rivelazione cristiana in conformit\u00e0 alla tradizione e al Magistero della Chiesa in opposizione ad ogni relativismo e totalitarismo\",\"breadcrumb\":{\"@id\":\"https:\\\/\\\/www.rassegnastampa-totustuus.it\\\/cattolica\\\/luigi-sturzo-meriterebbe-il-premio-nobel-per-leconomia\\\/#breadcrumb\"},\"inLanguage\":\"it-IT\",\"potentialAction\":[{\"@type\":\"ReadAction\",\"target\":[\"https:\\\/\\\/www.rassegnastampa-totustuus.it\\\/cattolica\\\/luigi-sturzo-meriterebbe-il-premio-nobel-per-leconomia\\\/\"]}]},{\"@type\":\"ImageObject\",\"inLanguage\":\"it-IT\",\"@id\":\"https:\\\/\\\/www.rassegnastampa-totustuus.it\\\/cattolica\\\/luigi-sturzo-meriterebbe-il-premio-nobel-per-leconomia\\\/#primaryimage\",\"url\":\"https:\\\/\\\/www.rassegnastampa-totustuus.it\\\/cattolica\\\/wp-content\\\/uploads\\\/2011\\\/12\\\/Sturzo.jpg\",\"contentUrl\":\"https:\\\/\\\/www.rassegnastampa-totustuus.it\\\/cattolica\\\/wp-content\\\/uploads\\\/2011\\\/12\\\/Sturzo.jpg\",\"width\":212,\"height\":238},{\"@type\":\"BreadcrumbList\",\"@id\":\"https:\\\/\\\/www.rassegnastampa-totustuus.it\\\/cattolica\\\/luigi-sturzo-meriterebbe-il-premio-nobel-per-leconomia\\\/#breadcrumb\",\"itemListElement\":[{\"@type\":\"ListItem\",\"position\":1,\"name\":\"Home\",\"item\":\"https:\\\/\\\/www.rassegnastampa-totustuus.it\\\/cattolica\\\/\"},{\"@type\":\"ListItem\",\"position\":2,\"name\":\"Luigi Sturzo meriterebbe il premio nobel per l\u2019economia\"}]},{\"@type\":\"WebSite\",\"@id\":\"https:\\\/\\\/www.rassegnastampa-totustuus.it\\\/cattolica\\\/#website\",\"url\":\"https:\\\/\\\/www.rassegnastampa-totustuus.it\\\/cattolica\\\/\",\"name\":\"Rassegna Stampa Cattolica\",\"description\":\"Per una cultura che nasce dalla Rivelazione cristiana in conformit\u00e0 alla tradizione e al Magistero della Chiesa in opposizione ad ogni relativismo e totalitarismo\",\"publisher\":{\"@id\":\"https:\\\/\\\/www.rassegnastampa-totustuus.it\\\/cattolica\\\/#organization\"},\"alternateName\":\"Rass. Cattolica\",\"potentialAction\":[{\"@type\":\"SearchAction\",\"target\":{\"@type\":\"EntryPoint\",\"urlTemplate\":\"https:\\\/\\\/www.rassegnastampa-totustuus.it\\\/cattolica\\\/?s={search_term_string}\"},\"query-input\":{\"@type\":\"PropertyValueSpecification\",\"valueRequired\":true,\"valueName\":\"search_term_string\"}}],\"inLanguage\":\"it-IT\"},{\"@type\":\"Organization\",\"@id\":\"https:\\\/\\\/www.rassegnastampa-totustuus.it\\\/cattolica\\\/#organization\",\"name\":\"Rassegna Stampa Cattolica\",\"url\":\"https:\\\/\\\/www.rassegnastampa-totustuus.it\\\/cattolica\\\/\",\"logo\":{\"@type\":\"ImageObject\",\"inLanguage\":\"it-IT\",\"@id\":\"https:\\\/\\\/www.rassegnastampa-totustuus.it\\\/cattolica\\\/#\\\/schema\\\/logo\\\/image\\\/\",\"url\":\"https:\\\/\\\/www.rassegnastampa-totustuus.it\\\/cattolica\\\/wp-content\\\/uploads\\\/2014\\\/04\\\/logo-rassegna1.gif\",\"contentUrl\":\"https:\\\/\\\/www.rassegnastampa-totustuus.it\\\/cattolica\\\/wp-content\\\/uploads\\\/2014\\\/04\\\/logo-rassegna1.gif\",\"width\":600,\"height\":163,\"caption\":\"Rassegna Stampa Cattolica\"},\"image\":{\"@id\":\"https:\\\/\\\/www.rassegnastampa-totustuus.it\\\/cattolica\\\/#\\\/schema\\\/logo\\\/image\\\/\"},\"sameAs\":[\"https:\\\/\\\/www.facebook.com\\\/rassegnastampacattolica\",\"https:\\\/\\\/x.com\\\/rassegnastampa9\"]},{\"@type\":\"Person\",\"@id\":\"https:\\\/\\\/www.rassegnastampa-totustuus.it\\\/cattolica\\\/#\\\/schema\\\/person\\\/08f319d2bd1a0904ad9e2bfb7b15e5c3\",\"name\":\"Redazione\",\"image\":{\"@type\":\"ImageObject\",\"inLanguage\":\"it-IT\",\"@id\":\"https:\\\/\\\/secure.gravatar.com\\\/avatar\\\/2fcdf27c78ea025fbdb44e914cc63c72249ffec9dc8aafd5c82b26240ef3f346?s=96&d=mm&r=g\",\"url\":\"https:\\\/\\\/secure.gravatar.com\\\/avatar\\\/2fcdf27c78ea025fbdb44e914cc63c72249ffec9dc8aafd5c82b26240ef3f346?s=96&d=mm&r=g\",\"contentUrl\":\"https:\\\/\\\/secure.gravatar.com\\\/avatar\\\/2fcdf27c78ea025fbdb44e914cc63c72249ffec9dc8aafd5c82b26240ef3f346?s=96&d=mm&r=g\",\"caption\":\"Redazione\"},\"url\":\"https:\\\/\\\/www.rassegnastampa-totustuus.it\\\/cattolica\\\/author\\\/pietroelle\\\/\"}]}<\/script>\n<!-- \/ Yoast SEO plugin. -->","yoast_head_json":{"title":"Luigi Sturzo meriterebbe il premio nobel per l\u2019economia - Rassegna Stampa Cattolica","description":"Rassegna Stampa Cattolica - Per una cultura che nasce dalla Rivelazione cristiana in conformit\u00e0 alla tradizione e al Magistero della Chiesa in opposizione ad ogni relativismo e totalitarismo","robots":{"index":"index","follow":"follow","max-snippet":"max-snippet:-1","max-image-preview":"max-image-preview:large","max-video-preview":"max-video-preview:-1"},"canonical":"https:\/\/www.rassegnastampa-totustuus.it\/cattolica\/luigi-sturzo-meriterebbe-il-premio-nobel-per-leconomia\/","og_locale":"it_IT","og_type":"article","og_title":"Luigi Sturzo meriterebbe il premio nobel per l\u2019economia - Rassegna Stampa Cattolica","og_description":"Rassegna Stampa Cattolica - Per una cultura che nasce dalla Rivelazione cristiana in conformit\u00e0 alla tradizione e al Magistero della Chiesa in opposizione ad ogni relativismo e totalitarismo","og_url":"https:\/\/www.rassegnastampa-totustuus.it\/cattolica\/luigi-sturzo-meriterebbe-il-premio-nobel-per-leconomia\/","og_site_name":"Rassegna Stampa Cattolica","article_publisher":"https:\/\/www.facebook.com\/rassegnastampacattolica","article_published_time":"2011-12-07T10:03:01+00:00","article_modified_time":"2016-03-11T09:28:42+00:00","og_image":[{"width":212,"height":238,"url":"https:\/\/www.rassegnastampa-totustuus.it\/cattolica\/wp-content\/uploads\/2011\/12\/Sturzo.jpg","type":"image\/jpeg"}],"author":"Redazione","twitter_card":"summary_large_image","twitter_creator":"@rassegnastampa9","twitter_site":"@rassegnastampa9","twitter_misc":{"Scritto da":"Redazione","Tempo di lettura stimato":"3 minuti"},"schema":{"@context":"https:\/\/schema.org","@graph":[{"@type":"Article","@id":"https:\/\/www.rassegnastampa-totustuus.it\/cattolica\/luigi-sturzo-meriterebbe-il-premio-nobel-per-leconomia\/#article","isPartOf":{"@id":"https:\/\/www.rassegnastampa-totustuus.it\/cattolica\/luigi-sturzo-meriterebbe-il-premio-nobel-per-leconomia\/"},"author":{"name":"Redazione","@id":"https:\/\/www.rassegnastampa-totustuus.it\/cattolica\/#\/schema\/person\/08f319d2bd1a0904ad9e2bfb7b15e5c3"},"headline":"Luigi Sturzo meriterebbe il premio nobel per l\u2019economia","datePublished":"2011-12-07T10:03:01+00:00","dateModified":"2016-03-11T09:28:42+00:00","mainEntityOfPage":{"@id":"https:\/\/www.rassegnastampa-totustuus.it\/cattolica\/luigi-sturzo-meriterebbe-il-premio-nobel-per-leconomia\/"},"wordCount":686,"publisher":{"@id":"https:\/\/www.rassegnastampa-totustuus.it\/cattolica\/#organization"},"image":{"@id":"https:\/\/www.rassegnastampa-totustuus.it\/cattolica\/luigi-sturzo-meriterebbe-il-premio-nobel-per-leconomia\/#primaryimage"},"thumbnailUrl":"https:\/\/www.rassegnastampa-totustuus.it\/cattolica\/wp-content\/uploads\/2011\/12\/Sturzo.jpg","keywords":["Luigi Sturzo","statalismo"],"articleSection":["Dottrina sociale","Economia","Personaggi"],"inLanguage":"it-IT"},{"@type":"WebPage","@id":"https:\/\/www.rassegnastampa-totustuus.it\/cattolica\/luigi-sturzo-meriterebbe-il-premio-nobel-per-leconomia\/","url":"https:\/\/www.rassegnastampa-totustuus.it\/cattolica\/luigi-sturzo-meriterebbe-il-premio-nobel-per-leconomia\/","name":"Luigi Sturzo meriterebbe il premio nobel per l\u2019economia - Rassegna Stampa Cattolica","isPartOf":{"@id":"https:\/\/www.rassegnastampa-totustuus.it\/cattolica\/#website"},"primaryImageOfPage":{"@id":"https:\/\/www.rassegnastampa-totustuus.it\/cattolica\/luigi-sturzo-meriterebbe-il-premio-nobel-per-leconomia\/#primaryimage"},"image":{"@id":"https:\/\/www.rassegnastampa-totustuus.it\/cattolica\/luigi-sturzo-meriterebbe-il-premio-nobel-per-leconomia\/#primaryimage"},"thumbnailUrl":"https:\/\/www.rassegnastampa-totustuus.it\/cattolica\/wp-content\/uploads\/2011\/12\/Sturzo.jpg","datePublished":"2011-12-07T10:03:01+00:00","dateModified":"2016-03-11T09:28:42+00:00","description":"Rassegna Stampa Cattolica - Per una cultura che nasce dalla Rivelazione cristiana in conformit\u00e0 alla tradizione e al Magistero della Chiesa in opposizione ad ogni relativismo e totalitarismo","breadcrumb":{"@id":"https:\/\/www.rassegnastampa-totustuus.it\/cattolica\/luigi-sturzo-meriterebbe-il-premio-nobel-per-leconomia\/#breadcrumb"},"inLanguage":"it-IT","potentialAction":[{"@type":"ReadAction","target":["https:\/\/www.rassegnastampa-totustuus.it\/cattolica\/luigi-sturzo-meriterebbe-il-premio-nobel-per-leconomia\/"]}]},{"@type":"ImageObject","inLanguage":"it-IT","@id":"https:\/\/www.rassegnastampa-totustuus.it\/cattolica\/luigi-sturzo-meriterebbe-il-premio-nobel-per-leconomia\/#primaryimage","url":"https:\/\/www.rassegnastampa-totustuus.it\/cattolica\/wp-content\/uploads\/2011\/12\/Sturzo.jpg","contentUrl":"https:\/\/www.rassegnastampa-totustuus.it\/cattolica\/wp-content\/uploads\/2011\/12\/Sturzo.jpg","width":212,"height":238},{"@type":"BreadcrumbList","@id":"https:\/\/www.rassegnastampa-totustuus.it\/cattolica\/luigi-sturzo-meriterebbe-il-premio-nobel-per-leconomia\/#breadcrumb","itemListElement":[{"@type":"ListItem","position":1,"name":"Home","item":"https:\/\/www.rassegnastampa-totustuus.it\/cattolica\/"},{"@type":"ListItem","position":2,"name":"Luigi Sturzo meriterebbe il premio nobel per l\u2019economia"}]},{"@type":"WebSite","@id":"https:\/\/www.rassegnastampa-totustuus.it\/cattolica\/#website","url":"https:\/\/www.rassegnastampa-totustuus.it\/cattolica\/","name":"Rassegna Stampa Cattolica","description":"Per una cultura che nasce dalla Rivelazione cristiana in conformit\u00e0 alla tradizione e al Magistero della Chiesa in opposizione ad ogni relativismo e totalitarismo","publisher":{"@id":"https:\/\/www.rassegnastampa-totustuus.it\/cattolica\/#organization"},"alternateName":"Rass. Cattolica","potentialAction":[{"@type":"SearchAction","target":{"@type":"EntryPoint","urlTemplate":"https:\/\/www.rassegnastampa-totustuus.it\/cattolica\/?s={search_term_string}"},"query-input":{"@type":"PropertyValueSpecification","valueRequired":true,"valueName":"search_term_string"}}],"inLanguage":"it-IT"},{"@type":"Organization","@id":"https:\/\/www.rassegnastampa-totustuus.it\/cattolica\/#organization","name":"Rassegna Stampa Cattolica","url":"https:\/\/www.rassegnastampa-totustuus.it\/cattolica\/","logo":{"@type":"ImageObject","inLanguage":"it-IT","@id":"https:\/\/www.rassegnastampa-totustuus.it\/cattolica\/#\/schema\/logo\/image\/","url":"https:\/\/www.rassegnastampa-totustuus.it\/cattolica\/wp-content\/uploads\/2014\/04\/logo-rassegna1.gif","contentUrl":"https:\/\/www.rassegnastampa-totustuus.it\/cattolica\/wp-content\/uploads\/2014\/04\/logo-rassegna1.gif","width":600,"height":163,"caption":"Rassegna Stampa Cattolica"},"image":{"@id":"https:\/\/www.rassegnastampa-totustuus.it\/cattolica\/#\/schema\/logo\/image\/"},"sameAs":["https:\/\/www.facebook.com\/rassegnastampacattolica","https:\/\/x.com\/rassegnastampa9"]},{"@type":"Person","@id":"https:\/\/www.rassegnastampa-totustuus.it\/cattolica\/#\/schema\/person\/08f319d2bd1a0904ad9e2bfb7b15e5c3","name":"Redazione","image":{"@type":"ImageObject","inLanguage":"it-IT","@id":"https:\/\/secure.gravatar.com\/avatar\/2fcdf27c78ea025fbdb44e914cc63c72249ffec9dc8aafd5c82b26240ef3f346?s=96&d=mm&r=g","url":"https:\/\/secure.gravatar.com\/avatar\/2fcdf27c78ea025fbdb44e914cc63c72249ffec9dc8aafd5c82b26240ef3f346?s=96&d=mm&r=g","contentUrl":"https:\/\/secure.gravatar.com\/avatar\/2fcdf27c78ea025fbdb44e914cc63c72249ffec9dc8aafd5c82b26240ef3f346?s=96&d=mm&r=g","caption":"Redazione"},"url":"https:\/\/www.rassegnastampa-totustuus.it\/cattolica\/author\/pietroelle\/"}]}},"_links":{"self":[{"href":"https:\/\/www.rassegnastampa-totustuus.it\/cattolica\/wp-json\/wp\/v2\/posts\/4848","targetHints":{"allow":["GET"]}}],"collection":[{"href":"https:\/\/www.rassegnastampa-totustuus.it\/cattolica\/wp-json\/wp\/v2\/posts"}],"about":[{"href":"https:\/\/www.rassegnastampa-totustuus.it\/cattolica\/wp-json\/wp\/v2\/types\/post"}],"author":[{"embeddable":true,"href":"https:\/\/www.rassegnastampa-totustuus.it\/cattolica\/wp-json\/wp\/v2\/users\/6"}],"replies":[{"embeddable":true,"href":"https:\/\/www.rassegnastampa-totustuus.it\/cattolica\/wp-json\/wp\/v2\/comments?post=4848"}],"version-history":[{"count":4,"href":"https:\/\/www.rassegnastampa-totustuus.it\/cattolica\/wp-json\/wp\/v2\/posts\/4848\/revisions"}],"predecessor-version":[{"id":31701,"href":"https:\/\/www.rassegnastampa-totustuus.it\/cattolica\/wp-json\/wp\/v2\/posts\/4848\/revisions\/31701"}],"wp:featuredmedia":[{"embeddable":true,"href":"https:\/\/www.rassegnastampa-totustuus.it\/cattolica\/wp-json\/wp\/v2\/media\/31700"}],"wp:attachment":[{"href":"https:\/\/www.rassegnastampa-totustuus.it\/cattolica\/wp-json\/wp\/v2\/media?parent=4848"}],"wp:term":[{"taxonomy":"category","embeddable":true,"href":"https:\/\/www.rassegnastampa-totustuus.it\/cattolica\/wp-json\/wp\/v2\/categories?post=4848"},{"taxonomy":"post_tag","embeddable":true,"href":"https:\/\/www.rassegnastampa-totustuus.it\/cattolica\/wp-json\/wp\/v2\/tags?post=4848"}],"curies":[{"name":"wp","href":"https:\/\/api.w.org\/{rel}","templated":true}]}}