{"id":48441,"date":"2020-09-24T00:00:20","date_gmt":"2020-09-23T22:00:20","guid":{"rendered":"http:\/\/www.rassegnastampa-totustuus.it\/cattolica\/?p=48441"},"modified":"2020-09-19T18:35:07","modified_gmt":"2020-09-19T16:35:07","slug":"il-disinteresse-del-mondo-cattolico-sulla-strage-degli-innocenti","status":"publish","type":"post","link":"https:\/\/www.rassegnastampa-totustuus.it\/cattolica\/il-disinteresse-del-mondo-cattolico-sulla-strage-degli-innocenti\/","title":{"rendered":"Il disinteresse del mondo cattolico sulla strage degli innocenti"},"content":{"rendered":"<p style=\"text-align: center;\">Osservatorio Internazionale Cardinale Van Th\u00e2n<\/p>\n<p style=\"text-align: center;\">sulla Dottrina sociale della Chiesa<\/p>\n<p style=\"text-align: center;\"><strong>Newsletter<\/strong> 1114 del 18 Settembre 2020<\/p>\n<p><a href=\"https:\/\/www.rassegnastampa-totustuus.it\/cattolica\/wp-content\/uploads\/2020\/09\/chiesa_Gualtiero_Bassetti.jpg\"><img loading=\"lazy\" decoding=\"async\" class=\" wp-image-48442 aligncenter\" src=\"https:\/\/www.rassegnastampa-totustuus.it\/cattolica\/wp-content\/uploads\/2020\/09\/chiesa_Gualtiero_Bassetti.jpg\" alt=\"\" width=\"168\" height=\"224\"><\/a><\/p>\n<p style=\"text-align: center;\"><strong>al cardinale Bassetti, presidente Cei<\/strong><\/p>\n<p><!--more--><\/p>\n<p style=\"text-align: justify;\">Eminenza,<\/p>\n<p style=\"text-align: justify;\">siamo un gruppo di sacerdoti e di fedeli di varie citt\u00e0 italiane, da tempo impegnati nella battaglia culturale e politica perch\u00e9 abbia termine lo sterminio dei nascituri nel nostro Paese. Le scriviamo per confidarLe anzitutto il nostro sconforto e il nostro sconcerto, che perdura ormai da molto tempo, di fronte al pressoch\u00e9 totale disinteresse del mondo cattolico italiano verso la strage degli innocenti che viene portata avanti da 42 anni con accanimento ideologico, politico e giudiziario nella nostra Nazione.<\/p>\n<p style=\"text-align: justify;\"><a href=\"https:\/\/www.rassegnastampa-totustuus.it\/cattolica\/wp-content\/uploads\/2009\/03\/Bonino_aborto.jpg\"><img loading=\"lazy\" decoding=\"async\" class=\"size-full wp-image-18058 alignleft\" src=\"https:\/\/www.rassegnastampa-totustuus.it\/cattolica\/wp-content\/uploads\/2009\/03\/Bonino_aborto.jpg\" alt=\"\" width=\"255\" height=\"197\"><\/a>Tutti i movimenti, le associazioni e le nuove comunit\u00e0 laicali non intervengono pi\u00f9 pubblicamente da decenni, non intraprendono iniziative pubbliche, non mobilitano i loro aderenti, non interpellano la politica, non scrivono sui giornali, non fanno conferenze o azioni pubbliche, non fanno insomma assolutamente nulla di fronte a questo massacro. Solo alcuni piccoli gruppi pro-life, di cui anche noi facciamo parte, si dibattono disperatamente per fare tutto ci\u00f2 che possono in questo silenzio generale, come <em>voces clamantium in deserto.<\/em><\/p>\n<p style=\"text-align: justify;\">Lei sicuramente conoscer\u00e0 le cifre di questo genocidio, che, con lo sviluppo dell\u2019aborto farmacologico (pillole e spirale), ha superato ormai nella sola Italia il milione di feti o embrioni uccisi ogni anno, pari a 2700 bambini nascituri uccisi ogni giorno.<\/p>\n<p style=\"text-align: justify;\">Negli anni Sessanta nascevano di media in Italia 953 mila bambini all\u2019anno; l\u2019anno scorso i nati da italiani sono stati meno di 350 mila: un terzo. Se facciamo il conto di quanti italiani mancano dal 1969 ad oggi \u2013 cio\u00e8 di quanti ne sarebbero nati in pi\u00f9 se si fosse continuato come negli anni Cinquanta e Sessanta \u2013 il totale \u00e8 di 19 milioni, di et\u00e0 compresa tra 0 e 50 anni: uccisi dall\u2019aborto chirurgico e farmacologico o non concepiti con la contraccezione.<\/p>\n<p style=\"text-align: justify;\"><a href=\"https:\/\/www.rassegnastampa-totustuus.it\/cattolica\/wp-content\/uploads\/2016\/03\/anziani.jpg\"><img loading=\"lazy\" decoding=\"async\" class=\"size-full wp-image-31164 alignright\" src=\"https:\/\/www.rassegnastampa-totustuus.it\/cattolica\/wp-content\/uploads\/2016\/03\/anziani.jpg\" alt=\"\" width=\"265\" height=\"190\"><\/a>Non fa meraviglia che l\u2019Italia sia un ricovero per anziani a cielo aperto e costringa i sessantasettenni a lavorare ancora per mancanza di base giovanile contribuente. Ma queste cifre spaventose, che farebbero inorridire anche il pi\u00f9 freddo e insensibile osservatore, lasciano del tutto indifferente il mondo cattolico, che si dimostra persino infastidito e sdegnato verso chi osa sollevare il problema dell\u2019aborto e della contraccezione e rompere cos\u00ec il bel clima di intesa con il mondo contemporaneo.<\/p>\n<p style=\"text-align: justify;\">A fronte di questo vergognoso silenzio, che per varie ragioni supera di gran lunga quello imputato a torto o a ragione ai cattolici tedeschi verso la Shoah (per loro parlare costava la vita, per noi non costerebbe nulla, salvo qualche protesta isterica), sta la furia ideologica e omicida dei gruppi e partiti abortisti, che non perdono occasione per promuovere l\u2019educazione sessuale opposta a quella cristiana, la contraccezione, l\u2019aborto chirurgico, l\u2019aborto farmacologico, l\u2019aborto post partum \u2013 legalizzato in alcuni stati americani \u2013, la fecondazione artificiale (che comporta la soppressione di 163 mila embrioni all\u2019anno ), l\u2019eutanasia, il suicidio assistito, il divorzio lampo, le \u2018famiglie omosessuali\u2019, l\u2019educazione gender e via dicendo.<\/p>\n<p style=\"text-align: justify;\"><a href=\"https:\/\/www.rassegnastampa-totustuus.it\/cattolica\/wp-content\/uploads\/2009\/04\/aborto.jpg\"><img loading=\"lazy\" decoding=\"async\" class=\"size-full wp-image-33969 alignleft\" src=\"https:\/\/www.rassegnastampa-totustuus.it\/cattolica\/wp-content\/uploads\/2009\/04\/aborto.jpg\" alt=\"\" width=\"272\" height=\"185\"><\/a>Alla loro base non sta semplicemente qualche anima peccatrice che diffonde l\u2019immoralit\u00e0, ma una operazione ideologica enorme, che pone le sue basi nella visione materialistica dell\u2019uomo, nelle dottrine marxiste, nell\u2019immanentismo hegeliano, nel progressismo culturale e politico, nel relativismo, nel nichilismo e nell\u2019egoismo pratico di tutti.<\/p>\n<p style=\"text-align: justify;\">Non a caso questa operazione ideologica \u00e8 sostenuta con incrollabile determinazione e vigilanza dai partiti materialisti e progressisti (in Italia soprattutto dal PD ed anche dal M5S), nonch\u00e9 da certi sindacati di tradizione marxista (soprattutto la CGIL). E i cattolici non esitano a dare ad essi il loro voto e persino a fare propaganda per essi.<\/p>\n<p style=\"text-align: justify;\">E\u2019 poi del tutto probabile che, oltre che da questi gruppi essoterici, questa enorme operazione ideologica sia voluta e sostenuta anche da potenti gruppi esoterici, cio\u00e8 fondamentalmente dalla massoneria.<\/p>\n<p style=\"text-align: justify;\"><a href=\"https:\/\/www.rassegnastampa-totustuus.it\/cattolica\/wp-content\/uploads\/2005\/07\/legge_194.jpg\"><img loading=\"lazy\" decoding=\"async\" class=\"size-full wp-image-34874 alignright\" src=\"https:\/\/www.rassegnastampa-totustuus.it\/cattolica\/wp-content\/uploads\/2005\/07\/legge_194.jpg\" alt=\"\" width=\"281\" height=\"180\"><\/a>Tutto questo fronte ideologico domina ormai sulla quasi totalit\u00e0 delle coscienze grazie al fatto che non incontra nessuna resistenza rilevante sul suo cammino. I suoi assiomi fondamentali risuonano indiscussi e scontati per tutti i cittadini evoluti: \u201cdifendiamo il diritto della donna ad una maternit\u00e0 libera e consapevole\u201d, \u201cla societ\u00e0 si fonda sulla libert\u00e0 di scelta dei cittadini\u201d, \u201clo Stato non pu\u00f2 imporre alla donna di trascinare una gravidanza che non vuole\u201d, \u201csiamo gi\u00e0 troppi in questo mondo\u201d, \u201cfar nascere un figlio disabile significa condannarlo all\u2019infelicit\u00e0\u201d, \u201cla societ\u00e0 democratica promulga leggi che tutelano la laicit\u00e0 dello Stato e la libert\u00e0 di tutti i cittadini\u201d, \u201cla vita umana comincia quando c\u2019\u00e8 uno stato di coscienza e di autonomia\u201d, \u201cimporre di continuare una gravidanza \u00e8 fascismo\u201d, e via dicendo.<\/p>\n<p style=\"text-align: justify;\">I cattolici non condividono esplicitamente tutti questi assiomi, ma sono giunti a farsene degli altri molto favorevoli ad essi se non addirittura peggiori: \u201cDio non toglie all\u2019uomo la libert\u00e0 di compiere il male\u201d, \u201cla legge civile non pu\u00f2 imporre la morale cristiana\u201d, \u201cogni persona va rispettata nella sua libert\u00e0 di scelta personale\u201d, \u201cla legge 194 \u00e8 una legge fatta bene, che concede quello che \u00e8 <a href=\"https:\/\/www.rassegnastampa-totustuus.it\/cattolica\/wp-content\/uploads\/2010\/10\/legge-194.jpg\"><img loading=\"lazy\" decoding=\"async\" class=\"size-full wp-image-28665 alignleft\" src=\"https:\/\/www.rassegnastampa-totustuus.it\/cattolica\/wp-content\/uploads\/2010\/10\/legge-194.jpg\" alt=\"\" width=\"275\" height=\"183\"><\/a>strettamente necessario per evitare il peggio, cio\u00e8 l\u2019aborto clandestino\u201d, \u201cci sono problemi pi\u00f9 importanti dell\u2019aborto\u201d, \u201cnoi cattolici dobbiamo dare testimonianza con l\u2019esempio e non con i proclami ideologici\u201d, \u201cdobbiamo occuparci della formazione religiosa e lasciare allo Stato le sue responsabilit\u00e0 sulla societ\u00e0\u201d, \u201cnon \u00e8 questo il momento di intervenire sulle questioni etiche, perch\u00e9 sono crollate tutte le evidenze morali\u201d, \u201cil Regno di Dio non \u00e8 di questo mondo\u201d, \u201cnon dobbiamo allontanare la gente con la nostra rigidit\u00e0 dottrinale\u201d, \u201cnon \u00e8 con i divieti che si converte il mondo\u201d, \u201cil Cristianesimo non \u00e8 una morale ma una vita\u201d, \u201cil Vangelo non parla di aborto, omosessualit\u00e0, embrioni\u201d, e via di seguito.<\/p>\n<p style=\"text-align: justify;\">Questi pseudo-assiomi-cattolici, che non sono per nulla cristiani ma del tutto mondani, denotano una ignoranza molto triste e grave nei cattolici della Dottrina Sociale della Chiesa, particolarmente rispetto al ruolo dell\u2019autorit\u00e0 civile e della legge civile in difesa della persona umana innocente.<\/p>\n<p style=\"text-align: justify;\"><a href=\"https:\/\/www.rassegnastampa-totustuus.it\/cattolica\/wp-content\/uploads\/2011\/10\/Avvenire.jpg\"><img loading=\"lazy\" decoding=\"async\" class=\"size-full wp-image-27660 alignright\" src=\"https:\/\/www.rassegnastampa-totustuus.it\/cattolica\/wp-content\/uploads\/2011\/10\/Avvenire.jpg\" alt=\"\" width=\"224\" height=\"225\" srcset=\"https:\/\/www.rassegnastampa-totustuus.it\/cattolica\/wp-content\/uploads\/2011\/10\/Avvenire.jpg 224w, https:\/\/www.rassegnastampa-totustuus.it\/cattolica\/wp-content\/uploads\/2011\/10\/Avvenire-150x150.jpg 150w\" sizes=\"auto, (max-width: 224px) 100vw, 224px\" \/><\/a>E\u2019 l\u2019ignoranza di tutto il rapporto tra legge civile e legge morale, descritto perfettamente da San Tommaso e ripreso sistematicamente dalle encicliche sociali. Ci\u00f2 che rende ancora pi\u00f9 grave la questione \u00e8 il fatto che questa ignoranza si manifesta in tanti pastori e in tanti leader di associazioni cattoliche. Basti pensare all\u2019articolo di Angelo Moretti (presidente di varie realt\u00e0 cattoliche) pubblicato sul quotidiano della CEI, <em>Avvenire<\/em>, il 27 agosto, in cui si sostiene ripetutamente <em>apertis verbis<\/em> che \u201cla legge 194 non \u00e8 una legge contro la vita e pu\u00f2 essere accettata dai cattolici\u201d, senza alcun commento o correzione da parte del direttore.<\/p>\n<p style=\"text-align: justify;\">Di pi\u00f9, questi assiomi segnano il gravissimo cedimento su un principio fondamentale della morale cattolica e universale, ribadito da San Paolo VI: In verit\u00e0, se \u00e8 lecito, talvolta, tollerare un minor male morale al fine di evitare un male maggiore o di promuovere un bene pi\u00f9 grande, non \u00e8 lecito, neppure per ragioni gravissime, fare il male, affinch\u00e9 ne venga il bene, cio\u00e8 fare oggetto di un atto positivo di volont\u00e0 ci\u00f2 che \u00e8 intrinsecamente disordine e quindi indegno della persona umana, anche se nell\u2019intento di salvaguardare o promuovere beni individuali, familiari o sociali. (Enc. <em>Humanae vitae<\/em>, n. 14)<\/p>\n<p style=\"text-align: justify;\">Non si pu\u00f2 in nessun modo legittimare l\u2019uccisione di un bambino, per evitare che venga ucciso clandestinamente:<\/p>\n<p style=\"text-align: justify;\">\u2013 primo, perch\u00e9 \u00e8 ignobile, mostruoso e demoniaco farlo; l\u2019aborto clandestino \u00e8 un omicidio e lo si deve impedire, non autorizzare, cos\u00ec come si deve impedire la violenza sulle donne e non legalizzarla per il fatto che continua a essere praticata illegalmente;<\/p>\n<p style=\"text-align: justify;\">\u2013 secondo, perch\u00e9 la legalizzazione dell\u2019aborto non solo ha legalizzato gli omicidi clandestini, ma li ha moltiplicati a dismisura, come dimostrano le curve demografiche (dal 1978 in poi si \u00e8 verificato in pochissimo tempo un crollo enorme delle nascite da 750 mila a 550 mila, senza pi\u00f9 riprese: se la legge avesse solamente \u2018sistemato\u2019 gli aborti clandestini, la curva delle nascite sarebbe continuata come prima, a 750 mila all\u2019anno; e invece la mattanza si \u00e8 estesa spaventosamente, con grande soddisfazione dei promotori della legge).<\/p>\n<p style=\"text-align: justify;\"><a href=\"https:\/\/www.rassegnastampa-totustuus.it\/cattolica\/wp-content\/uploads\/2013\/11\/aborto.jpg\"><img loading=\"lazy\" decoding=\"async\" class=\"size-full wp-image-7135 alignleft\" src=\"https:\/\/www.rassegnastampa-totustuus.it\/cattolica\/wp-content\/uploads\/2013\/11\/aborto.jpg\" alt=\"\" width=\"218\" height=\"231\"><\/a>Il risultato, come si \u00e8 accennato sopra, \u00e8 che la suddetta enorme operazione ideologica non trova obiezioni, proteste e resistenze da parte del mondo cattolico, n\u00e9 tantomeno da parte del resto della societ\u00e0 che non aderisce alla verit\u00e0 del Vangelo.<\/p>\n<p style=\"text-align: justify;\">Gli interventi del Santo Padre contro l\u2019aborto sono chiari, ma i cattolici in Italia non ne tirano nessuna conseguenza. Ci\u00f2 vale non solo per la questione dell\u2019aborto, che \u00e8 la pi\u00f9 grave e tragica, ma anche per le altre ad essa connesse, come l\u2019educazione sistematica della giovent\u00f9 all\u2019utilizzo degli anticoncezionali (anche abortivi, ovviamente) e alla sessualit\u00e0 totalmente separata dal matrimonio.<\/p>\n<p style=\"text-align: justify;\">Lo Stato, infrangendo la sua conclamata neutralit\u00e0, ha fatto una opzione ideologica ben precisa \u2013 promossa e sostenuta dalle forze sopra menzionate \u2013, imponendo a tutti gli studenti italiani un certo tipo di educazione sessuale in netto contrasto con la fede cattolica di milioni di famiglie.<\/p>\n<p style=\"text-align: justify;\"><a href=\"https:\/\/www.rassegnastampa-totustuus.it\/cattolica\/wp-content\/uploads\/2013\/05\/aborto.jpg\"><img loading=\"lazy\" decoding=\"async\" class=\" wp-image-14816 alignright\" src=\"https:\/\/www.rassegnastampa-totustuus.it\/cattolica\/wp-content\/uploads\/2013\/05\/aborto.jpg\" alt=\"\" width=\"304\" height=\"189\"><\/a>Contro questo abuso, che viola il dovere del rispetto delle diverse posizioni culturali e religiose e i diritti delle minoranze, il mondo cattolico non ha nulla da dire, limitandosi \u2013 quando va bene \u2013 a organizzare degli incontri alternativi di educazione affettiva negli oratori che non raggiungono nemmeno un decimo degli studenti italiani e non mettono minimamente in discussione la determinazione dello Stato di imporre a tutti una visione opposta delle cose.<\/p>\n<p style=\"text-align: justify;\">Un altro esempio del disinteresse del mondo cattolico verso l\u2019operazione ideologica contro la vita e la famiglia \u00e8 quello della legge sul divorzio breve, che ha reso il divorzio facile e rapido: questa legge nell\u2019aprile 2015 ha avuto alla Camera 398 voti favorevoli e solo 28 voti contrari, nel pressoch\u00e9 totale disinteresse delle associazioni e dei movimenti cattolici.<\/p>\n<p style=\"text-align: justify;\"><a href=\"https:\/\/www.rassegnastampa-totustuus.it\/cattolica\/wp-content\/uploads\/2020\/09\/pillola_abortiva.jpg\"><img loading=\"lazy\" decoding=\"async\" class=\"size-medium wp-image-48280 alignleft\" src=\"https:\/\/www.rassegnastampa-totustuus.it\/cattolica\/wp-content\/uploads\/2020\/09\/pillola_abortiva-300x171.jpg\" alt=\"\" width=\"300\" height=\"171\" srcset=\"https:\/\/www.rassegnastampa-totustuus.it\/cattolica\/wp-content\/uploads\/2020\/09\/pillola_abortiva-300x171.jpg 300w, https:\/\/www.rassegnastampa-totustuus.it\/cattolica\/wp-content\/uploads\/2020\/09\/pillola_abortiva-768x437.jpg 768w, https:\/\/www.rassegnastampa-totustuus.it\/cattolica\/wp-content\/uploads\/2020\/09\/pillola_abortiva-1024x582.jpg 1024w, https:\/\/www.rassegnastampa-totustuus.it\/cattolica\/wp-content\/uploads\/2020\/09\/pillola_abortiva.jpg 1500w\" sizes=\"auto, (max-width: 300px) 100vw, 300px\" \/><\/a>L\u2019ultimo gravissimo passo di incremento del genocidio abortista \u00e8 stato fatto, come \u00e8 noto, dal ministro della salute Speranza, con una ulteriore liberalizzazione dei farmaci abortivi. Speranza \u00e8 cresciuto nel mondo marxista italiano: non stupisce quindi il suo provvedimento contro la vita umana nascente, che egli ha preso con la massima naturalezza e tranquillit\u00e0.<\/p>\n<p style=\"text-align: justify;\">Ci\u00f2 che ancora una volta stupisce sono le reazioni da parte cattolica: poche e deboli, per di pi\u00f9 improntate a far rispettare la legge abortista 194 invece che a proclamare le verit\u00e0 fondamentali sulla vita umana esposte con la massima chiarezza nell\u2019Enciclica <em>Evangelium vitae<\/em>, che il Papa ha anche recentemente raccomandato di riprendere.<\/p>\n<p style=\"text-align: justify;\"><a href=\"https:\/\/www.rassegnastampa-totustuus.it\/cattolica\/wp-content\/uploads\/2018\/05\/aborto_Irlanda.jpg\"><img loading=\"lazy\" decoding=\"async\" class=\"size-full wp-image-40452 alignright\" src=\"https:\/\/www.rassegnastampa-totustuus.it\/cattolica\/wp-content\/uploads\/2018\/05\/aborto_Irlanda.jpg\" alt=\"\" width=\"279\" height=\"181\"><\/a>La preoccupazione di molti cattolici \u00e8 quella che l\u2019uccisione del proprio figlio non venga fatta in solitudine dalla donna: perch\u00e9, se viene fatta in compagnia, non \u00e8 pi\u00f9 un abominevole delitto? E\u2019 bene evitare un equivoco: chi scrive e firma questa lettera non parte da una posizione politica o partitica, n\u00e9 di destra, n\u00e9 di sinistra, n\u00e9 di centro. Siamo cristiani, semplicemente cristiani, umilmente ma appassionatamente cristiani. Non vogliamo la morte dei peccatori, ma che si convertano e vivano. Non vogliamo condannare il mondo, ma salvare il mondo. Appunto per questo non accettiamo di vederlo autore di crimini orrendi e assurdi, che distruggono le societ\u00e0 e le anime.<\/p>\n<p style=\"text-align: justify;\">Che ci siano sempre stati gli assassini, lo sappiamo. Il realismo cristiano ci impedisce di essere sognatori. La nostra epoca non \u00e8 peggiore delle altre perch\u00e9 abitata da queste bande di sanguinari e di nemici di Dio e dell\u2019umanit\u00e0, ma \u00e8 in una posizione molto pi\u00f9 grave delle altre epoche perch\u00e9 per la prima volta nella storia gli sterminatori di bambini e i sanguinari vengono approvati e autorizzati dal popolo nei referendum, dalla legge nei parlamenti, dallo Stato democratico, dalle coscienze libere, dalla cultura, dai mass media, dalla societ\u00e0.<\/p>\n<p style=\"text-align: justify;\"><a href=\"https:\/\/www.rassegnastampa-totustuus.it\/cattolica\/wp-content\/uploads\/2009\/05\/aborto.jpg\"><img loading=\"lazy\" decoding=\"async\" class=\"size-full wp-image-33964 alignleft\" src=\"https:\/\/www.rassegnastampa-totustuus.it\/cattolica\/wp-content\/uploads\/2009\/05\/aborto.jpg\" alt=\"\" width=\"275\" height=\"183\"><\/a>Questo fenomeno, in queste proporzioni, non si era mai realizzato prima nella storia dell\u2019umanit\u00e0: i popoli hanno sempre subito la violenza e gli assassini, ma mai li hanno approvati a suon di maggioranze e di milioni di morti. Venticinque anni or sono l\u2019Enciclica <em>Evangelium Vitae<\/em>, che recentemente il Santo Padre ha raccomandato nuovamente come punto di riferimento pi\u00f9 che mai attuale, ha riassunto cos\u00ec la situazione: Il ventesimo secolo verr\u00e0 considerato un\u2019epoca di attacchi massicci contro la vita, un\u2019interminabile serie di guerre e un massacro permanente di vite umane innocenti.<\/p>\n<p style=\"text-align: justify;\">I falsi profeti e i falsi maestri hanno conosciuto il maggior successo possibile. Al di l\u00e0 delle intenzioni, che possono essere varie e magari assumere forme suadenti persino in nome della solidariet\u00e0, siamo in realt\u00e0 di fronte a una oggettiva \u00abcongiura contro la vita\u00bb che vede implicate anche Istituzioni internazionali, impegnate a incoraggiare e programmare vere e proprie campagne per diffondere la contraccezione, la sterilizzazione e l\u2019aborto.<\/p>\n<p style=\"text-align: justify;\"><a href=\"https:\/\/www.rassegnastampa-totustuus.it\/cattolica\/wp-content\/uploads\/2015\/09\/contraccettivi.jpg\"><img loading=\"lazy\" decoding=\"async\" class=\"size-full wp-image-26813 alignright\" src=\"https:\/\/www.rassegnastampa-totustuus.it\/cattolica\/wp-content\/uploads\/2015\/09\/contraccettivi.jpg\" alt=\"\" width=\"216\" height=\"233\"><\/a>Non si pu\u00f2, infine, negare che i mass media sono spesso complici di questa congiura, accreditando nell\u2019opinione pubblica quella cultura che presenta il ricorso alla contraccezione, alla sterilizzazione, all\u2019aborto e alla stessa eutanasia come segno di progresso e conquista di libert\u00e0, mentre dipinge come nemiche della libert\u00e0 e del progresso le posizioni incondizionatamente a favore della vita. (EV 17)<\/p>\n<p style=\"text-align: justify;\">Davanti a tutto questo non \u00e8 forse necessaria pi\u00f9 che mai la voce forte e coraggiosa dei discepoli di Cristo? Non \u00e8 forse pi\u00f9 urgente che mai il richiamo autorevole della Chiesa alla verit\u00e0 e al bene? Non \u00e8 forse pi\u00f9 unico che mai il messaggio cristiano che smaschera i falsi profeti e gli operatori di iniquit\u00e0 e indica la strada del vero bene?<\/p>\n<p style=\"text-align: justify;\"><a href=\"https:\/\/www.rassegnastampa-totustuus.it\/cattolica\/wp-content\/uploads\/2017\/05\/papa_Francesco.jpg\"><img loading=\"lazy\" decoding=\"async\" class=\"size-full wp-image-37649 alignleft\" src=\"https:\/\/www.rassegnastampa-totustuus.it\/cattolica\/wp-content\/uploads\/2017\/05\/papa_Francesco.jpg\" alt=\"\" width=\"259\" height=\"194\"><\/a>Come scriveva il Santo Padre all\u2019inizio del suo pontificato: [\u2026] la conversione cristiana esige di riconsiderare \u00abspecialmente tutto ci\u00f2 che concerne l\u2019ordine sociale ed il conseguimento del bene comune\u00bb. Di conseguenza, nessuno pu\u00f2 esigere da noi che releghiamo la religione alla segreta intimit\u00e0 delle persone, senza alcuna influenza sulla vita sociale e nazionale, senza preoccuparci per la salute delle istituzioni della societ\u00e0 civile, senza esprimersi sugli avvenimenti che interessano i cittadini. Chi oserebbe rinchiudere in un tempio e far tacere il messaggio di san Francesco di Assisi e della beata Teresa di Calcutta? Essi non potrebbero accettarlo.<\/p>\n<p style=\"text-align: justify;\">Una fede autentica \u2013 che non \u00e8 mai comoda e individualista \u2013 implica sempre un profondo desiderio di cambiare il mondo, di trasmettere valori, di lasciare qualcosa di migliore dopo il nostro passaggio sulla terra. Amiamo questo magnifico pianeta dove Dio ci ha posto, e amiamo l\u2019umanit\u00e0 che lo abita, con tutti i suoi drammi e le sue stanchezze, con i suoi aneliti e le sue speranze, con i suoi valori e le sue fragilit\u00e0. La terra \u00e8 la nostra casa comune e tutti siamo fratelli.<\/p>\n<p style=\"text-align: justify;\"><a href=\"https:\/\/www.rassegnastampa-totustuus.it\/cattolica\/wp-content\/uploads\/2009\/03\/strage_innocenti.jpg\"><img loading=\"lazy\" decoding=\"async\" class=\"size-full wp-image-18054 alignright\" src=\"https:\/\/www.rassegnastampa-totustuus.it\/cattolica\/wp-content\/uploads\/2009\/03\/strage_innocenti.jpg\" alt=\"\" width=\"300\" height=\"216\"><\/a>Sebbene \u00abil giusto ordine della societ\u00e0 e dello Stato sia il compito principale della politica\u00bb, la Chiesa \u00abnon pu\u00f2 n\u00e9 deve rimanere ai margini della lotta per la giustizia\u00bb. Tutti i cristiani, anche i Pastori, sono chiamati a preoccuparsi della costruzione di un mondo migliore. (<em>Evangelii Gaudium,<\/em> 182-184)<\/p>\n<p style=\"text-align: justify;\">Possiamo dire che questa voce, questo richiamo e questo messaggio risuoni sulla tragedia dello sterminio degli innocenti nel nostro Paese? No, onestamente, in nome di Dio, non possiamo dirlo. Dobbiamo piuttosto confessare l\u2019opposto, che il silenzio domina. Un silenzio voluto, purtroppo, deliberatamente voluto, nonostante anche le recenti numerose condanne dell\u2019aborto da parte del Santo Padre.<\/p>\n<p style=\"text-align: justify;\"><a href=\"https:\/\/www.rassegnastampa-totustuus.it\/cattolica\/wp-content\/uploads\/2005\/10\/Massimo-Camisasca.jpg\"><img loading=\"lazy\" decoding=\"async\" class=\"size-full wp-image-35683 alignleft\" src=\"https:\/\/www.rassegnastampa-totustuus.it\/cattolica\/wp-content\/uploads\/2005\/10\/Massimo-Camisasca.jpg\" alt=\"\" width=\"260\" height=\"194\"><\/a>Monsignor Camisasca lo ha riconosciuto recentemente scrivendo ad <em>Avvenire il<\/em> 25 agosto 2020: \u201cCaro Direttore, un buon numero di fedeli mi scrive: \u201cPerch\u00e9 voi vescovi parlate cos\u00ec poco, intervenite cos\u00ec raramente sulle questioni che turbano la nostra coscienza, sulla deriva anti-umanistica che in tema di aborto, eutanasia, identit\u00e0 sessuale ecc. sta producendo un cambiamento antropologico devastante?\u201d. Naturalmente \u00e8 un mio riassunto, ma veritiero, delle lettere e dei messaggi che ricevo. Non si tratta di credenti ai confini dell\u2019ortodossia, di vittime di polarizzazioni (come oggi purtroppo accade), di oppositori del Papa. No, sono credenti che pongono una domanda a cui dobbiamo rispondere\u201d.<\/p>\n<p style=\"text-align: justify;\">Non ci si dica che in realt\u00e0 la comunit\u00e0 ecclesiale agisce con l\u2019educazione delle coscienze che viene portata avanti in tutte le nostre parrocchie e associazioni, preparando cos\u00ec un futuro migliore. Questa educazione \u00e8 un dovere e un\u2019ottima cosa, ma non basta: se ci fossero ancora i campi di sterminio degli Ebrei, potremmo noi disinteressarcene dicendo che noi provvediamo gi\u00e0 ad educare i ragazzi nella catechesi al rispetto degli altri?<\/p>\n<p style=\"text-align: justify;\"><a href=\"https:\/\/www.rassegnastampa-totustuus.it\/cattolica\/wp-content\/uploads\/2004\/11\/aborto_genocidio.jpg\"><img loading=\"lazy\" decoding=\"async\" class=\" wp-image-34877 alignright\" src=\"https:\/\/www.rassegnastampa-totustuus.it\/cattolica\/wp-content\/uploads\/2004\/11\/aborto_genocidio.jpg\" alt=\"\" width=\"178\" height=\"214\"><\/a>Non saremmo come il sacerdote e il levita della parabola del Buon Samaritano, troppo impegnati a fare le nostre predicazioni per fermarci a raccogliere l\u2019uomo ferito dai briganti? O non saremmo come quelli a cui il Giudice dir\u00e0 \u201ctutto quello che non avete fatto a uno di questi miei fratelli pi\u00f9 piccoli non l\u2019avete fatto a me\u201d?<\/p>\n<p style=\"text-align: justify;\">L\u2019Enciclica <em>Evangelium Vitae<\/em> indica quattro compiti irrinunciabili per porre fine a questo orrore:<\/p>\n<p style=\"text-align: justify;\">\u2013 l\u2019evangelizzazione, che insegna le verit\u00e0 grandiose danno la giusta visione della vita;<\/p>\n<p style=\"text-align: justify;\">\u2013 la battaglia culturale, che confuta la cultura della morte e sostiene le ragioni della vita;<\/p>\n<p style=\"text-align: justify;\">\u2013 la battaglia politica, per far abrogare le leggi abortiste e far promulgare leggi a difesa della vita e della famiglia;<\/p>\n<p style=\"text-align: justify;\">\u2013 il lavoro caritativo, per correre in soccorso alle donne incinte.<\/p>\n<p style=\"text-align: justify;\">Il mondo cattolico ha accettato di portare avanti solo il quarto compito (delegandolo per la verit\u00e0 al Movimento per la Vita, assai poco considerato), perch\u00e9 nemmeno l\u2019opera di evangelizzazione \u00e8 stata fatta su queste questioni bioetiche, se non da una minoranza volenterosa. Pare che persino nella Giornata annuale per la Vita alla prima domenica di febbraio in quasi nessuna chiesa si ricordi la strage dei nascituri e si inviti a impegnarsi per porvi fine.<\/p>\n<p style=\"text-align: justify;\">In ogni caso resta il fatto imponente che il secondo e terzo compito sono stati totalmente rifiutati e respinti al mittente.<\/p>\n<p style=\"text-align: justify;\"><a href=\"https:\/\/www.rassegnastampa-totustuus.it\/cattolica\/wp-content\/uploads\/2010\/05\/legge_194.jpg\"><img loading=\"lazy\" decoding=\"async\" class=\" wp-image-33952 alignleft\" src=\"https:\/\/www.rassegnastampa-totustuus.it\/cattolica\/wp-content\/uploads\/2010\/05\/legge_194.jpg\" alt=\"\" width=\"306\" height=\"204\"><\/a>Di pi\u00f9: come si \u00e8 detto sopra, si \u00e8 veramente diffusa tra i cattolici la convinzione odiosa che la legge 194, che ha permesso lo sterminio chirurgico di 6.300.000 bambini \u2013 fatti letteralmente a pezzi e buttati nelle immondizie \u2013, sia una buona legge, necessaria per evitare l\u2019aborto clandestino, doverosa per rispettare la libert\u00e0 di tutti, semmai (dicono timidamente alcuni) da applicare un po\u2019 meglio nella prima parte.<\/p>\n<p style=\"text-align: justify;\">Ma quale cattolico pu\u00f2 dire, in nome di tutta la Dottrina Sociale della Chiesa e di tutto l\u2019insegnamento del Magistero, che l\u2019uomo ha diritto alla libert\u00e0 di uccidere e che la societ\u00e0 deve garantire questo diritto? Quale uomo di buona volont\u00e0 pu\u00f2 dire che bisogna rispettare la libert\u00e0 delle madri di uccidere i propri figli?<\/p>\n<p style=\"text-align: justify;\">Possiamo noi cattolici condividere una opinione cos\u00ec infame condannata da qualsiasi coscienza non delirante e ancor pi\u00f9 da S. Giovanni Paolo II con una formula tipica del pronunciamento infallibile ex-Cathedra (cfr <em>Evangelium vitae<\/em> n. 62)?<\/p>\n<p style=\"text-align: justify;\"><a href=\"https:\/\/www.rassegnastampa-totustuus.it\/cattolica\/wp-content\/uploads\/2020\/01\/il_Giornale_quotidiano.jpg\"><img loading=\"lazy\" decoding=\"async\" class=\"size-full wp-image-45993 alignright\" src=\"https:\/\/www.rassegnastampa-totustuus.it\/cattolica\/wp-content\/uploads\/2020\/01\/il_Giornale_quotidiano.jpg\" alt=\"\" width=\"225\" height=\"225\" srcset=\"https:\/\/www.rassegnastampa-totustuus.it\/cattolica\/wp-content\/uploads\/2020\/01\/il_Giornale_quotidiano.jpg 225w, https:\/\/www.rassegnastampa-totustuus.it\/cattolica\/wp-content\/uploads\/2020\/01\/il_Giornale_quotidiano-150x150.jpg 150w\" sizes=\"auto, (max-width: 225px) 100vw, 225px\" \/><\/a>In un articolo apparso su \u201cIl Giornale\u201d del 9 aprile, in cui lodevolmente si stigmatizza l\u2019ostinazione degli abortisti durante l\u2019emergenza Covid, il bravo articolista Felice Manti esordisce con queste parole: \u201cL\u2019aborto \u00e8 un dramma e un diritto. Nessuno lo nega\u201d. Ora, se un bravo giornalista che si oppone agli abortisti, arriva a dire che l\u2019aborto \u00e8 un diritto e che nessuno lo nega, significa evidentemente che non ha mai avuto sentore del fatto che la Chiesa nega assolutamente che l\u2019aborto sia un diritto e afferma che sia necessario abrogare la legge che lo permette.<\/p>\n<p style=\"text-align: justify;\">Al massimo ha sentito dire che la Chiesa raccomanda ai suoi fedeli di non usufruire del diritto civile ad abortire, ma non ha mai sentito dire che la Chiesa grida alla societ\u00e0 che:<\/p>\n<p style=\"text-align: justify;\">\u2013 questo diritto \u00e8 in realt\u00e0 un delitto (Ev. vitae n. 11),<\/p>\n<p style=\"text-align: justify;\">\u2013 un \u2018abominevole delitto\u2019 (Conc. Vat. II, Gaudium et Spes, n. 51 e Ev. vitae n. 58),<\/p>\n<p style=\"text-align: justify;\">\u2013 la legge che lo approva \u00e8 un \u201csopruso\u201d e \u201cun atto di violenza\u201d (Ev. vitae n. 72), \u201cdestituito d\u2019ogni valore giuridico\u201d (Ev. vitae n.71),<\/p>\n<p style=\"text-align: justify;\">\u2013 \u201cl\u2019aborto e l\u2019eutanasia sono crimini che nessuna legge umana pu\u00f2 pretendere di legittimare\u201d (Ev. vitae n. 73),<\/p>\n<p style=\"text-align: justify;\">\u2013 \u201cnessuna circostanza, nessuna finalit\u00e0, nessuna legge al mondo potr\u00e0 mai rendere lecito un atto che \u00e8 intrinsecamente illecito, perch\u00e9 contrario alla Legge di Dio, scritta nel cuore di ogni uomo, riconoscibile dalla ragione stessa, e proclamata dalla Chiesa\u201d (Ev. vitae n. 62).<\/p>\n<p style=\"text-align: justify;\"><a href=\"https:\/\/www.rassegnastampa-totustuus.it\/cattolica\/wp-content\/uploads\/2009\/09\/papa_Benedetto.jpg\"><img loading=\"lazy\" decoding=\"async\" class=\"size-medium wp-image-35291 alignleft\" src=\"https:\/\/www.rassegnastampa-totustuus.it\/cattolica\/wp-content\/uploads\/2009\/09\/papa_Benedetto-300x166.jpg\" alt=\"\" width=\"300\" height=\"166\" srcset=\"https:\/\/www.rassegnastampa-totustuus.it\/cattolica\/wp-content\/uploads\/2009\/09\/papa_Benedetto-300x166.jpg 300w, https:\/\/www.rassegnastampa-totustuus.it\/cattolica\/wp-content\/uploads\/2009\/09\/papa_Benedetto.jpg 301w\" sizes=\"auto, (max-width: 300px) 100vw, 300px\" \/><\/a>Anche Papa Benedetto e Papa Francesco hanno ribadito pi\u00f9 volte la condanna delle leggi civili abortiste, ma i loro interventi sono rimasti totalmente inascoltati dai cattolici, impegnati e non impegnati che siano.<\/p>\n<p style=\"text-align: justify;\">S\u00ec, questa \u00e8 la verit\u00e0: n\u00e9 i cattolici, n\u00e9 i laici hanno mai sentito dire che la Chiesa proclama queste verit\u00e0 sulle leggi civili che autorizzano l\u2019aborto (e pure lo finanziano e lo fanno eseguire gratuitamente nelle strutture sanitarie pubbliche), sia chirurgico che farmacologico.<\/p>\n<p style=\"text-align: justify;\">Ma come possono il mondo laico, la societ\u00e0 civile e la politica arrivare a togliere queste leggi criminali (n. 194\/1978 e le altre che autorizzano l\u2019uso di farmaci abortivi e la fecondazione artificiale) dal loro ordinamento se nemmeno la comunit\u00e0 cattolica, che \u00e8 la massima autorit\u00e0 morale al mondo, le condanna a gran voce e richiama tutti alle verit\u00e0 fondamentali di cui \u00e8 custode e promotrice?<\/p>\n<p><a href=\"https:\/\/www.rassegnastampa-totustuus.it\/cattolica\/wp-content\/uploads\/2019\/08\/immigrazione.jpg\"><img loading=\"lazy\" decoding=\"async\" class=\"alignright wp-image-44009 size-medium\" src=\"https:\/\/www.rassegnastampa-totustuus.it\/cattolica\/wp-content\/uploads\/2019\/08\/immigrazione-300x200.jpg\" alt=\"\" width=\"300\" height=\"200\" srcset=\"https:\/\/www.rassegnastampa-totustuus.it\/cattolica\/wp-content\/uploads\/2019\/08\/immigrazione-300x200.jpg 300w, https:\/\/www.rassegnastampa-totustuus.it\/cattolica\/wp-content\/uploads\/2019\/08\/immigrazione-768x512.jpg 768w, https:\/\/www.rassegnastampa-totustuus.it\/cattolica\/wp-content\/uploads\/2019\/08\/immigrazione-1024x683.jpg 1024w\" sizes=\"auto, (max-width: 300px) 100vw, 300px\" \/><\/a><\/p>\n<p style=\"text-align: justify;\">Il mondo cattolico interviene con prontezza e a volte con furore contro certi politici che frenano o bloccano l\u2019immigrazione (anche noi siamo impegnati concretamente nell\u2019accoglienza agli immigrati, sia chiaro a scanso di equivoci): come mai invece esso mantiene l\u2019assoluto silenzio sulla strage spaventosa dei nascituri, i cui numeri sono matematicamente 10 mila volte superiori alle vittime del mare?<\/p>\n<p style=\"text-align: justify;\">Oltretutto si noti che non esiste in Italia nessuna legge che consenta di uccidere gli immigrati e che non \u00e8 mai stata mandata la marina militare a sparare contro i poveri barconi dei disperati, mentre nel caso dell\u2019aborto siamo di fronte a uccisioni dirette e violente, a esecuzioni capitali previste da una legge civile e firmate dai funzionari dello Stato, a stragi quotidiane dei pi\u00f9 indifesi tra gli esseri umani legalizzate e volute deliberatamente, alla negazione persino della sepoltura dei cadaveri dei condannati, alla proclamazione di tutto ci\u00f2 come di un diritto umano fondamentale e inviolabile, alla volont\u00e0 di proseguire incrementando ancora di pi\u00f9 il numero delle vittime.<\/p>\n<p style=\"text-align: justify;\">Il nostro silenzio di fronte a tutto questo \u00e8 abominevole, esattamente come il delitto di cui non vogliamo parlare.<\/p>\n<p style=\"text-align: justify;\"><a href=\"https:\/\/www.rassegnastampa-totustuus.it\/cattolica\/wp-content\/uploads\/2009\/03\/194_omicida.jpg\"><img loading=\"lazy\" decoding=\"async\" class=\" wp-image-34879 alignleft\" src=\"https:\/\/www.rassegnastampa-totustuus.it\/cattolica\/wp-content\/uploads\/2009\/03\/194_omicida-300x156.jpg\" alt=\"\" width=\"367\" height=\"191\" srcset=\"https:\/\/www.rassegnastampa-totustuus.it\/cattolica\/wp-content\/uploads\/2009\/03\/194_omicida-300x156.jpg 300w, https:\/\/www.rassegnastampa-totustuus.it\/cattolica\/wp-content\/uploads\/2009\/03\/194_omicida.jpg 311w\" sizes=\"auto, (max-width: 367px) 100vw, 367px\" \/><\/a>Si noti ancora che l\u2019esistenza di una legge che sancisce il diritto ad uccidere gli innocenti \u00e8 talmente odiosa che bisognerebbe farla abrogare immediatamente anche se non fosse applicata da nessuno e non procurasse nessun morto. Il motivo \u00e8 evidente: sarebbe comunque una affermazione solenne e collettiva di un principio malvagio e orrendo, in totale opposizione al bene comune, alla coscienza pi\u00f9 elementare, alla legge morale naturale, al senso di umanit\u00e0 minimale di tutti i popoli e alla legge religiosa condivisa da moltissimi cittadini.<\/p>\n<p style=\"text-align: justify;\">Esattamente come le leggi razziali contro gli Ebrei: se fossero ancora in vigore, senza essere applicate da nessuno, non esiteremmo un istante a chiederne l\u2019immediata cancellazione. E invece, nel caso dell\u2019aborto, stiamo zitti di fronte non solo all\u2019odiosit\u00e0 in s\u00e9 della legge, ma anche ai milioni di morti che procura.<\/p>\n<p style=\"text-align: justify;\"><a href=\"https:\/\/www.rassegnastampa-totustuus.it\/cattolica\/wp-content\/uploads\/2004\/11\/feto.jpg\"><img loading=\"lazy\" decoding=\"async\" class=\" wp-image-15304 alignright\" src=\"https:\/\/www.rassegnastampa-totustuus.it\/cattolica\/wp-content\/uploads\/2004\/11\/feto.jpg\" alt=\"\" width=\"245\" height=\"245\" srcset=\"https:\/\/www.rassegnastampa-totustuus.it\/cattolica\/wp-content\/uploads\/2004\/11\/feto.jpg 225w, https:\/\/www.rassegnastampa-totustuus.it\/cattolica\/wp-content\/uploads\/2004\/11\/feto-150x150.jpg 150w\" sizes=\"auto, (max-width: 245px) 100vw, 245px\" \/><\/a>La verit\u00e0 \u00e8 che una cultura non cristiana, che riduce l\u2019uomo a un grumo di cellule e afferma il diritto della maggioranza di decidere il bene e il male, \u00e8 entrata anche nelle coscienze dei cattolici e li porta ad affermare l\u2019opposto di ci\u00f2 che dice la fede della Chiesa.<\/p>\n<p style=\"text-align: justify;\">Ma possono i Pastori permettere questa impostura su una materia tanto grave? Possono i Pastori accettare silenziosamente che i cattolici siano in cos\u00ec grande errore e in disinteresse o complicit\u00e0 con il male pi\u00f9 orribile?<\/p>\n<p style=\"text-align: justify;\">Il Decreto Conciliare <em>Apostolicam Actuositatem i<\/em>nsiste oltre 15 volte nel dire che il compito dei fedeli laici \u00e8 quello di plasmare secondo gli ideali cristiani la realt\u00e0 temporale, e al numero 6 fa una affermazione che pi\u00f9 chiara non potrebbe essere sul loro compito in questo tragico sterminio: Siccome in questo nostro tempo nascono nuove questioni e si diffondono gravissimi errori che cercano di abbattere dalle fondamenta la religione, l\u2019ordine morale e la stessa societ\u00e0 umana, questo sacro Concilio esorta vivamente tutti i laici, perch\u00e9 secondo la misura dei loro talenti e della loro formazione dottrinale, e seguendo il pensiero della Chiesa, adempiano con diligenza anche maggiore la parte loro spettante nell\u2019enucleare, difendere e rettamente applicare i principi cristiani ai problemi attuali.<\/p>\n<p style=\"text-align: justify;\"><a href=\"https:\/\/www.rassegnastampa-totustuus.it\/cattolica\/wp-content\/uploads\/2020\/09\/chiesa_Apostolicam_Actuositatem.jpg\"><img loading=\"lazy\" decoding=\"async\" class=\" wp-image-48443 alignleft\" src=\"https:\/\/www.rassegnastampa-totustuus.it\/cattolica\/wp-content\/uploads\/2020\/09\/chiesa_Apostolicam_Actuositatem.jpg\" alt=\"\" width=\"253\" height=\"253\" srcset=\"https:\/\/www.rassegnastampa-totustuus.it\/cattolica\/wp-content\/uploads\/2020\/09\/chiesa_Apostolicam_Actuositatem.jpg 225w, https:\/\/www.rassegnastampa-totustuus.it\/cattolica\/wp-content\/uploads\/2020\/09\/chiesa_Apostolicam_Actuositatem-150x150.jpg 150w\" sizes=\"auto, (max-width: 253px) 100vw, 253px\" \/><\/a>E non possiamo non citare altre espressioni di questo Decreto tanto dimenticato dal nostro laicato contemporaneo:<\/p>\n<p style=\"text-align: justify;\">4 con animo generoso si dedicano totalmente ad estendere il regno di Dio e ad animare e perfezionare con lo spirito cristiano l\u2019ordine delle realt\u00e0 temporali. \u2026 cercano di piacere pi\u00f9 a Dio che agli uomini, sempre pronti a lasciare tutto per Cristo (cfr. Lc 14,26) e a soffrire persecuzione per la giustizia (cfr. Mt 5,10)<\/p>\n<p style=\"text-align: justify;\">5 L\u2019apostolato dell\u2019ambiente sociale, cio\u00e8 l\u2019impegno nel permeare di spirito cristiano la mentalit\u00e0 e i costumi, le leggi e le strutture della comunit\u00e0 in cui uno vive, \u00e8 un compito e un obbligo talmente proprio dei laici, che nessun altro pu\u00f2 mai debitamente compierlo al loro posto. In questo campo i laici possono esercitare l\u2019apostolato del simile verso il simile. Qui completano la testimonianza della vita con la testimonianza della parola<\/p>\n<p style=\"text-align: justify;\">6 Immenso \u00e8 il campo di apostolato che si apre nell\u2019ordine nazionale e internazionale \u2026 i cattolici si sentano obbligati a promuovere il vero bene comune e facciano valere il peso della propria opinione in maniera tale che il potere civile venga esercitato secondo giustizia e le leggi corrispondano ai precetti morali e al bene comune.<\/p>\n<p style=\"text-align: justify;\">7 Il sacro Concilio scongiura perci\u00f2 nel Signore tutti i laici a rispondere volentieri, con generosit\u00e0 e con slancio alla voce di Cristo, che in quest\u2019ora li invita con maggiore insistenza, e all\u2019impulso dello Spirito Santo. In modo speciale sentano questo appello come rivolto a se stessi i pi\u00f9 giovani e l\u2019accolgano con gioia e magnanimit\u00e0.<\/p>\n<p style=\"text-align: justify;\"><a href=\"https:\/\/www.rassegnastampa-totustuus.it\/cattolica\/wp-content\/uploads\/2019\/04\/no_aborto.png\"><img loading=\"lazy\" decoding=\"async\" class=\"size-full wp-image-42694 alignright\" src=\"https:\/\/www.rassegnastampa-totustuus.it\/cattolica\/wp-content\/uploads\/2019\/04\/no_aborto.png\" alt=\"\" width=\"219\" height=\"230\"><\/a>Eminenza, conoscendo la Sua grande sensibilit\u00e0 verso la vita dei cristiani nella societ\u00e0 italiana, dopo aver esposto a grandi linee la situazione ci rivolgiamo a Lei con fiducia di fedeli e di figli. Crediamo che Lei possa fare molto per risvegliare le coscienze del mondo cattolico italiano su questo problema cos\u00ec grave.<\/p>\n<p style=\"text-align: justify;\">Ogni ora che passa lo sterminio avanza.<\/p>\n<p style=\"text-align: justify;\">E come potrebbe Dio ascoltare le nostre preghiere per la pandemia se il nostro desiderio fosse quello di riavere la salute per continuare ad andare avanti come prima, cio\u00e8 a fare il male pi\u00f9 atroce o ad essere consenzienti di fronte ad esso?<\/p>\n<p style=\"text-align: justify;\">Le parole di Dio attraverso il profeta Isaia risuonano chiare: 13 Smettete di presentare offerte inutili; l\u2019incenso per me \u00e8 un abominio, i noviluni, i sabati e le assemblee sacre: non posso sopportare delitto e solennit\u00e0. 14 Io detesto i vostri noviluni e le vostre feste; per me sono un peso, sono stanco di sopportarli. 15 Quando stendete le mani, io distolgo gli occhi da voi. Anche se moltiplicaste le preghiere, io non ascolterei: le vostre mani grondano sangue. 16 Lavatevi, purificatevi, allontanate dai miei occhi il male delle vostre azioni. Cessate di fare il male, 17 imparate a fare il bene, cercate la giustizia, soccorrete l\u2019oppresso, rendete giustizia all\u2019orfano, difendete la causa della vedova. (Isaia 1)<\/p>\n<p style=\"text-align: justify;\"><a href=\"https:\/\/www.rassegnastampa-totustuus.it\/cattolica\/wp-content\/uploads\/2018\/06\/movimento_vita.png\"><img loading=\"lazy\" decoding=\"async\" class=\" wp-image-40496 alignleft\" src=\"https:\/\/www.rassegnastampa-totustuus.it\/cattolica\/wp-content\/uploads\/2018\/06\/movimento_vita.png\" alt=\"\" width=\"308\" height=\"178\"><\/a>In questo momento, mentre noi siamo silenziosi, gli attivisti pro-aborto stanno lavorando per promuovere \u201cl\u2019aborto chimico a domicilio\u201d in tutto il mondo. Si sono gi\u00e0 coordinati per attuarlo in Olanda, Francia, Germania, Inghilterra. In Italia, la piattaforma Pro-choice, sostenuta dalla deputata Laura Boldrini (PD) e dallo scrittore Roberto Saviano, ha promosso una petizione rivolta al nostro governo affinch\u00e9 sostenga l\u2019aborto chimico a domicilio.<\/p>\n<p style=\"text-align: justify;\">In sostanza non tollerano che con la scusa dell\u2019emergenza covid ci sia un solo bambino che possa sfuggire alla soppressione a cui sarebbe stato destinato in tempi di normalit\u00e0: uno zelo per la morte che fa ghiacciare il sangue e che non trova da parte nostra uno zelo n\u00e9 maggiore n\u00e9 uguale per la vita.<\/p>\n<p style=\"text-align: justify;\"><a href=\"https:\/\/www.rassegnastampa-totustuus.it\/cattolica\/wp-content\/uploads\/2009\/03\/pro_life.jpg\"><img loading=\"lazy\" decoding=\"async\" class=\" wp-image-32176 alignright\" src=\"https:\/\/www.rassegnastampa-totustuus.it\/cattolica\/wp-content\/uploads\/2009\/03\/pro_life.jpg\" alt=\"\" width=\"288\" height=\"216\"><\/a>A reagire a questa iniziativa \u00e8 stato il mondo cattolico? Neanche una parola, ovviamente. Solo il piccolo gruppo di pro-life, ancora una volta, pronto a raccogliere firme, a non arrendersi agli assassini.<\/p>\n<p style=\"text-align: justify;\">Ma perch\u00e9 non \u00e8 l\u2019intera Chiesa italiana ad alzare la sua voce? Perch\u00e9 non sono i Pastori insieme ai fedeli laici a pronunciarsi per la pi\u00f9 sacrosanta giustizia come vorrebbe la <em>Evangelii Gaudium<\/em>? Perch\u00e9 devono essere pochi fedeli sparsi per l\u2019Italia a reagire da soli, come se fosse un loro problema o una loro fissazione, contro un male orrendo che dovrebbe far alzare in piedi l\u2019intera comunit\u00e0 ecclesiale a cui \u00e8 stata affidata la verit\u00e0 del Vangelo?<\/p>\n<p style=\"text-align: justify;\">C\u2019\u00e8 anche un\u2019altra notizia che sta circolando e che \u00e8 confermata da molte fonti. Pare certo che per il vaccino anti-covid si stia lavorando in alcuni grandi laboratori anche sui feti abortiti. Se le cose stanno cos\u00ec, per i cattolici sarebbe in arrivo una prova durissima. Tanto pi\u00f9 \u00e8 necessario che essi si diano da fare subito per orientare la societ\u00e0 sulla strada della verit\u00e0 e del bene. Come vorremmo che le parole sacrosante di San Giovanni Paolo II fossero lo Statuto permanente delle associazioni laicali cattoliche:<\/p>\n<p style=\"text-align: justify;\"><a href=\"https:\/\/www.rassegnastampa-totustuus.it\/cattolica\/wp-content\/uploads\/2017\/03\/pro_life.jpg\"><img loading=\"lazy\" decoding=\"async\" class=\" wp-image-37355 alignleft\" src=\"https:\/\/www.rassegnastampa-totustuus.it\/cattolica\/wp-content\/uploads\/2017\/03\/pro_life.jpg\" alt=\"\" width=\"306\" height=\"199\"><\/a>\u201cQuindi ci alzeremo in piedi ogni volta che la vita umana \u00e8 minacciata.<\/p>\n<p style=\"text-align: justify;\">Quando il carattere sacro della vita prima della nascita viene attaccato, noi ci alzeremo in piedi per proclamare che nessuno ha il diritto di distruggere la vita prima della nascita.<\/p>\n<p style=\"text-align: justify;\">Quando si parla di un bambino come un peso o lo si considera come mezzo per soddisfare un bisogno emozionale, noi ci alzeremo in piedi per insistere che ogni bambino \u00e8 dono unico e irripetibile di Dio, che ha diritto ad una famiglia unita nell\u2019amore.<\/p>\n<p style=\"text-align: justify;\">Quando l\u2019istituzione del matrimonio \u00e8 abbandonata all\u2019egoismo umano e ridotta ad un accordo temporaneo e condizionale che si pu\u00f2 rescindere facilmente, noi ci alzeremo in piedi affermando l\u2019indissolubilit\u00e0 del vincolo matrimoniale.<\/p>\n<p style=\"text-align: justify;\">Quando il valore della famiglia \u00e8 minacciato da pressioni sociali ed economiche, noi ci alzeremo in piedi riaffermando che la famiglia \u00e8 necessaria non solo per il bene privato di ogni persona, ma anche per il bene comune di ogni societ\u00e0, nazione e stato.<\/p>\n<p style=\"text-align: justify;\"><a href=\"https:\/\/www.rassegnastampa-totustuus.it\/cattolica\/wp-content\/uploads\/2013\/05\/marcia-vita_2013.jpg\"><img loading=\"lazy\" decoding=\"async\" class=\" wp-image-28213 alignright\" src=\"https:\/\/www.rassegnastampa-totustuus.it\/cattolica\/wp-content\/uploads\/2013\/05\/marcia-vita_2013.jpg\" alt=\"\" width=\"330\" height=\"221\"><\/a>Quando poi la libert\u00e0 viene usata per dominare i deboli, per sperperare le ricchezze naturali e l\u2019energia, e per negare agli uomini le necessit\u00e0 essenziali, noi ci alzeremo in piedi per riaffermare i principi della giustizia e dell\u2019amore sociale.<\/p>\n<p style=\"text-align: justify;\">Quando i malati, gli anziani o i moribondi sono abbandonati, noi ci alzeremo in piedi proclamando che essi sono degni di amore, di sollecitudine e di rispetto\u201d. (S. Giovanni Paolo II, Omelia nella S. Messa a Washington, 7 ottobre 1979, a Capitol Mall, la spianata davanti alla Casa Bianca)<\/p>\n<p style=\"text-align: justify;\">Eminenza, le abbiamo aperto con franchezza il nostro cuore. Vogliamo sperare, con tutta la nostra anima, che con il suo aiuto i Vescovi italiani alzino la loro voce e scuotano le coscienze dei fedeli laici, perch\u00e9 agiscano concretamente nella societ\u00e0 civile per porre fine al genocidio pi\u00f9 grande e orrendo di tutta la storia umana.<\/p>\n<p style=\"text-align: justify;\"><a href=\"https:\/\/www.rassegnastampa-totustuus.it\/cattolica\/wp-content\/uploads\/2020\/09\/aborto_pro_life_persecuzione.jpg\"><img loading=\"lazy\" decoding=\"async\" class=\" wp-image-48438 alignright\" src=\"https:\/\/www.rassegnastampa-totustuus.it\/cattolica\/wp-content\/uploads\/2020\/09\/aborto_pro_life_persecuzione-300x168.jpg\" alt=\"\" width=\"343\" height=\"192\"><\/a>Una Chiesa coraggiosa, che parla chiaro, desta sicuramente reazioni avverse e forse anche persecuzioni di vario genere, ma suscita ancor pi\u00f9 l\u2019ammirazione di coloro che hanno ancora un po\u2019 di amore alla verit\u00e0: \u201cChiunque \u00e8 dalla verit\u00e0, ascolta la mia voce\u201d, ha detto Ges\u00f9 a Pilato (Gv 18,37).<\/p>\n<p style=\"text-align: justify;\">Da questa ammirazione viene il riavvicinamento alla Chiesa per molte anime disperse. Come ha scritto recentemente il Papa emerito Benedetto, occorre smascherare la \u201cdittatura mondiale di ideologie apparentemente umanistiche\u201d, con le quali si sta \u201cformulando una fede anticristica, cui non ci si pu\u00f2 opporre senza essere puniti con la scomunica sociale\u201d.<\/p>\n<p style=\"text-align: justify;\">E\u2019 esattamente la \u201ccolonizzazione ideologica\u201d di cui ha parlato molte volte Papa Francesco. Smascherare la menzogna di queste ideologie \u00e8 il pi\u00f9 grande servizio che la Chiesa possa fare oggi ai poveri del nostro tempo, vale a dire ai giovani, plagiati profondamente nelle loro coscienze da queste ideologie e resi incapaci di accorgersi della loro iniquit\u00e0.<\/p>\n<p style=\"text-align: justify;\"><a href=\"https:\/\/www.rassegnastampa-totustuus.it\/cattolica\/wp-content\/uploads\/2019\/06\/vescovi_africa.jpg\"><img loading=\"lazy\" decoding=\"async\" class=\" wp-image-43156 alignleft\" src=\"https:\/\/www.rassegnastampa-totustuus.it\/cattolica\/wp-content\/uploads\/2019\/06\/vescovi_africa.jpg\" alt=\"\" width=\"304\" height=\"202\"><\/a>Solo la voce forte della Chiesa li pu\u00f2 liberare e pu\u00f2 aprire a loro un orizzonte ben diverso da quello della cultura della morte, dello scarto, dell\u2019egoismo, dell\u2019ateismo, della negazione della famiglia e della comunit\u00e0. Ci consideri a Sua disposizione per approfondire in un dialogo questi temi e per qualsiasi azione volesse intraprendere col nostro ausilio e la Sua benedizione.<\/p>\n<p style=\"text-align: justify;\">Assicurandole la nostra costante preghiera e contando sulla Sua per noi, invochiamo la Sua benedizione e La salutiamo cordialmente.<\/p>\n<p style=\"text-align: justify;\"><strong>Don Gabriele Mangiarotti, <\/strong><strong>Ufficio <\/strong><em>Diocesano per la cultura, la scuola e l\u2019insegnamento della religione cattolica (IRC)<\/em><strong>, <\/strong>Diocesi San Marino-Montefeltro <strong>Dott. Giuliana Ruggieri, <\/strong>Medico chirurgo<\/p>\n<p style=\"text-align: justify;\"><strong>E altri 14 firmatari<\/strong><\/p>\n<p style=\"text-align: justify;\">30 agosto, 2020<\/p>\n","protected":false},"excerpt":{"rendered":"<p>Osservatorio Internazionale Cardinale Van Th\u00e2n sulla Dottrina sociale della Chiesa Newsletter 1114 del 18 Settembre 2020 al cardinale Bassetti, presidente Cei<\/p><p><a class=\"more-link btn\" href=\"https:\/\/www.rassegnastampa-totustuus.it\/cattolica\/il-disinteresse-del-mondo-cattolico-sulla-strage-degli-innocenti\/\">Continua a leggere<\/a><\/p>\n","protected":false},"author":6,"featured_media":48451,"comment_status":"closed","ping_status":"closed","sticky":false,"template":"","format":"standard","meta":{"footnotes":""},"categories":[2,4,5],"tags":[2386,2388,157],"class_list":["post-48441","post","type-post","status-publish","format-standard","has-post-thumbnail","hentry","category-aborto","category-bioetica","category-chiesa","tag-aborto","tag-bioetica","tag-chiesa-2","item-wrap"],"yoast_head":"<!-- This site is optimized with the Yoast SEO plugin v27.5 - https:\/\/yoast.com\/product\/yoast-seo-wordpress\/ -->\n<title>Il disinteresse del mondo cattolico sulla strage degli innocenti - Rassegna Stampa Cattolica<\/title>\n<meta name=\"description\" content=\"Rassegna Stampa Cattolica - Per una cultura che nasce dalla Rivelazione cristiana in conformit\u00e0 alla tradizione e al Magistero della Chiesa in opposizione ad ogni relativismo e totalitarismo\" \/>\n<meta name=\"robots\" content=\"index, follow, max-snippet:-1, max-image-preview:large, max-video-preview:-1\" \/>\n<link rel=\"canonical\" href=\"https:\/\/www.rassegnastampa-totustuus.it\/cattolica\/il-disinteresse-del-mondo-cattolico-sulla-strage-degli-innocenti\/\" \/>\n<meta property=\"og:locale\" content=\"it_IT\" \/>\n<meta property=\"og:type\" content=\"article\" \/>\n<meta property=\"og:title\" content=\"Il disinteresse del mondo cattolico sulla strage degli innocenti - Rassegna Stampa Cattolica\" \/>\n<meta property=\"og:description\" content=\"Rassegna Stampa Cattolica - Per una cultura che nasce dalla Rivelazione cristiana in conformit\u00e0 alla tradizione e al Magistero della Chiesa in opposizione ad ogni relativismo e totalitarismo\" \/>\n<meta property=\"og:url\" content=\"https:\/\/www.rassegnastampa-totustuus.it\/cattolica\/il-disinteresse-del-mondo-cattolico-sulla-strage-degli-innocenti\/\" \/>\n<meta property=\"og:site_name\" content=\"Rassegna Stampa Cattolica\" \/>\n<meta property=\"article:publisher\" content=\"https:\/\/www.facebook.com\/rassegnastampacattolica\" \/>\n<meta property=\"article:published_time\" content=\"2020-09-23T22:00:20+00:00\" \/>\n<meta property=\"og:image\" content=\"https:\/\/www.rassegnastampa-totustuus.it\/cattolica\/wp-content\/uploads\/2020\/09\/aborto_pro_life.jpg\" \/>\n\t<meta property=\"og:image:width\" content=\"1280\" \/>\n\t<meta property=\"og:image:height\" content=\"720\" \/>\n\t<meta property=\"og:image:type\" content=\"image\/jpeg\" \/>\n<meta name=\"author\" content=\"Redazione\" \/>\n<meta name=\"twitter:card\" content=\"summary_large_image\" \/>\n<meta name=\"twitter:creator\" content=\"@rassegnastampa9\" \/>\n<meta name=\"twitter:site\" content=\"@rassegnastampa9\" \/>\n<meta name=\"twitter:label1\" content=\"Scritto da\" \/>\n\t<meta name=\"twitter:data1\" content=\"Redazione\" \/>\n\t<meta name=\"twitter:label2\" content=\"Tempo di lettura stimato\" \/>\n\t<meta name=\"twitter:data2\" content=\"26 minuti\" \/>\n<script type=\"application\/ld+json\" class=\"yoast-schema-graph\">{\"@context\":\"https:\\\/\\\/schema.org\",\"@graph\":[{\"@type\":\"Article\",\"@id\":\"https:\\\/\\\/www.rassegnastampa-totustuus.it\\\/cattolica\\\/il-disinteresse-del-mondo-cattolico-sulla-strage-degli-innocenti\\\/#article\",\"isPartOf\":{\"@id\":\"https:\\\/\\\/www.rassegnastampa-totustuus.it\\\/cattolica\\\/il-disinteresse-del-mondo-cattolico-sulla-strage-degli-innocenti\\\/\"},\"author\":{\"name\":\"Redazione\",\"@id\":\"https:\\\/\\\/www.rassegnastampa-totustuus.it\\\/cattolica\\\/#\\\/schema\\\/person\\\/08f319d2bd1a0904ad9e2bfb7b15e5c3\"},\"headline\":\"Il disinteresse del mondo cattolico sulla strage degli innocenti\",\"datePublished\":\"2020-09-23T22:00:20+00:00\",\"mainEntityOfPage\":{\"@id\":\"https:\\\/\\\/www.rassegnastampa-totustuus.it\\\/cattolica\\\/il-disinteresse-del-mondo-cattolico-sulla-strage-degli-innocenti\\\/\"},\"wordCount\":5243,\"publisher\":{\"@id\":\"https:\\\/\\\/www.rassegnastampa-totustuus.it\\\/cattolica\\\/#organization\"},\"image\":{\"@id\":\"https:\\\/\\\/www.rassegnastampa-totustuus.it\\\/cattolica\\\/il-disinteresse-del-mondo-cattolico-sulla-strage-degli-innocenti\\\/#primaryimage\"},\"thumbnailUrl\":\"https:\\\/\\\/www.rassegnastampa-totustuus.it\\\/cattolica\\\/wp-content\\\/uploads\\\/2020\\\/09\\\/aborto_pro_life.jpg\",\"keywords\":[\"Aborto\",\"Bioetica\",\"chiesa\"],\"articleSection\":[\"Aborto\",\"Bioetica\",\"Chiesa\"],\"inLanguage\":\"it-IT\"},{\"@type\":\"WebPage\",\"@id\":\"https:\\\/\\\/www.rassegnastampa-totustuus.it\\\/cattolica\\\/il-disinteresse-del-mondo-cattolico-sulla-strage-degli-innocenti\\\/\",\"url\":\"https:\\\/\\\/www.rassegnastampa-totustuus.it\\\/cattolica\\\/il-disinteresse-del-mondo-cattolico-sulla-strage-degli-innocenti\\\/\",\"name\":\"Il disinteresse del mondo cattolico sulla strage degli innocenti - Rassegna Stampa Cattolica\",\"isPartOf\":{\"@id\":\"https:\\\/\\\/www.rassegnastampa-totustuus.it\\\/cattolica\\\/#website\"},\"primaryImageOfPage\":{\"@id\":\"https:\\\/\\\/www.rassegnastampa-totustuus.it\\\/cattolica\\\/il-disinteresse-del-mondo-cattolico-sulla-strage-degli-innocenti\\\/#primaryimage\"},\"image\":{\"@id\":\"https:\\\/\\\/www.rassegnastampa-totustuus.it\\\/cattolica\\\/il-disinteresse-del-mondo-cattolico-sulla-strage-degli-innocenti\\\/#primaryimage\"},\"thumbnailUrl\":\"https:\\\/\\\/www.rassegnastampa-totustuus.it\\\/cattolica\\\/wp-content\\\/uploads\\\/2020\\\/09\\\/aborto_pro_life.jpg\",\"datePublished\":\"2020-09-23T22:00:20+00:00\",\"description\":\"Rassegna Stampa Cattolica - Per una cultura che nasce dalla Rivelazione cristiana in conformit\u00e0 alla tradizione e al Magistero della Chiesa in opposizione ad ogni relativismo e totalitarismo\",\"breadcrumb\":{\"@id\":\"https:\\\/\\\/www.rassegnastampa-totustuus.it\\\/cattolica\\\/il-disinteresse-del-mondo-cattolico-sulla-strage-degli-innocenti\\\/#breadcrumb\"},\"inLanguage\":\"it-IT\",\"potentialAction\":[{\"@type\":\"ReadAction\",\"target\":[\"https:\\\/\\\/www.rassegnastampa-totustuus.it\\\/cattolica\\\/il-disinteresse-del-mondo-cattolico-sulla-strage-degli-innocenti\\\/\"]}]},{\"@type\":\"ImageObject\",\"inLanguage\":\"it-IT\",\"@id\":\"https:\\\/\\\/www.rassegnastampa-totustuus.it\\\/cattolica\\\/il-disinteresse-del-mondo-cattolico-sulla-strage-degli-innocenti\\\/#primaryimage\",\"url\":\"https:\\\/\\\/www.rassegnastampa-totustuus.it\\\/cattolica\\\/wp-content\\\/uploads\\\/2020\\\/09\\\/aborto_pro_life.jpg\",\"contentUrl\":\"https:\\\/\\\/www.rassegnastampa-totustuus.it\\\/cattolica\\\/wp-content\\\/uploads\\\/2020\\\/09\\\/aborto_pro_life.jpg\",\"width\":1280,\"height\":720},{\"@type\":\"BreadcrumbList\",\"@id\":\"https:\\\/\\\/www.rassegnastampa-totustuus.it\\\/cattolica\\\/il-disinteresse-del-mondo-cattolico-sulla-strage-degli-innocenti\\\/#breadcrumb\",\"itemListElement\":[{\"@type\":\"ListItem\",\"position\":1,\"name\":\"Home\",\"item\":\"https:\\\/\\\/www.rassegnastampa-totustuus.it\\\/cattolica\\\/\"},{\"@type\":\"ListItem\",\"position\":2,\"name\":\"Il disinteresse del mondo cattolico sulla strage degli innocenti\"}]},{\"@type\":\"WebSite\",\"@id\":\"https:\\\/\\\/www.rassegnastampa-totustuus.it\\\/cattolica\\\/#website\",\"url\":\"https:\\\/\\\/www.rassegnastampa-totustuus.it\\\/cattolica\\\/\",\"name\":\"Rassegna Stampa Cattolica\",\"description\":\"Per una cultura che nasce dalla Rivelazione cristiana in conformit\u00e0 alla tradizione e al Magistero della Chiesa in opposizione ad ogni relativismo e totalitarismo\",\"publisher\":{\"@id\":\"https:\\\/\\\/www.rassegnastampa-totustuus.it\\\/cattolica\\\/#organization\"},\"alternateName\":\"Rass. Cattolica\",\"potentialAction\":[{\"@type\":\"SearchAction\",\"target\":{\"@type\":\"EntryPoint\",\"urlTemplate\":\"https:\\\/\\\/www.rassegnastampa-totustuus.it\\\/cattolica\\\/?s={search_term_string}\"},\"query-input\":{\"@type\":\"PropertyValueSpecification\",\"valueRequired\":true,\"valueName\":\"search_term_string\"}}],\"inLanguage\":\"it-IT\"},{\"@type\":\"Organization\",\"@id\":\"https:\\\/\\\/www.rassegnastampa-totustuus.it\\\/cattolica\\\/#organization\",\"name\":\"Rassegna Stampa Cattolica\",\"url\":\"https:\\\/\\\/www.rassegnastampa-totustuus.it\\\/cattolica\\\/\",\"logo\":{\"@type\":\"ImageObject\",\"inLanguage\":\"it-IT\",\"@id\":\"https:\\\/\\\/www.rassegnastampa-totustuus.it\\\/cattolica\\\/#\\\/schema\\\/logo\\\/image\\\/\",\"url\":\"https:\\\/\\\/www.rassegnastampa-totustuus.it\\\/cattolica\\\/wp-content\\\/uploads\\\/2014\\\/04\\\/logo-rassegna1.gif\",\"contentUrl\":\"https:\\\/\\\/www.rassegnastampa-totustuus.it\\\/cattolica\\\/wp-content\\\/uploads\\\/2014\\\/04\\\/logo-rassegna1.gif\",\"width\":600,\"height\":163,\"caption\":\"Rassegna Stampa Cattolica\"},\"image\":{\"@id\":\"https:\\\/\\\/www.rassegnastampa-totustuus.it\\\/cattolica\\\/#\\\/schema\\\/logo\\\/image\\\/\"},\"sameAs\":[\"https:\\\/\\\/www.facebook.com\\\/rassegnastampacattolica\",\"https:\\\/\\\/x.com\\\/rassegnastampa9\"]},{\"@type\":\"Person\",\"@id\":\"https:\\\/\\\/www.rassegnastampa-totustuus.it\\\/cattolica\\\/#\\\/schema\\\/person\\\/08f319d2bd1a0904ad9e2bfb7b15e5c3\",\"name\":\"Redazione\",\"image\":{\"@type\":\"ImageObject\",\"inLanguage\":\"it-IT\",\"@id\":\"https:\\\/\\\/secure.gravatar.com\\\/avatar\\\/2fcdf27c78ea025fbdb44e914cc63c72249ffec9dc8aafd5c82b26240ef3f346?s=96&d=mm&r=g\",\"url\":\"https:\\\/\\\/secure.gravatar.com\\\/avatar\\\/2fcdf27c78ea025fbdb44e914cc63c72249ffec9dc8aafd5c82b26240ef3f346?s=96&d=mm&r=g\",\"contentUrl\":\"https:\\\/\\\/secure.gravatar.com\\\/avatar\\\/2fcdf27c78ea025fbdb44e914cc63c72249ffec9dc8aafd5c82b26240ef3f346?s=96&d=mm&r=g\",\"caption\":\"Redazione\"},\"url\":\"https:\\\/\\\/www.rassegnastampa-totustuus.it\\\/cattolica\\\/author\\\/pietroelle\\\/\"}]}<\/script>\n<!-- \/ Yoast SEO plugin. -->","yoast_head_json":{"title":"Il disinteresse del mondo cattolico sulla strage degli innocenti - Rassegna Stampa Cattolica","description":"Rassegna Stampa Cattolica - Per una cultura che nasce dalla Rivelazione cristiana in conformit\u00e0 alla tradizione e al Magistero della Chiesa in opposizione ad ogni relativismo e totalitarismo","robots":{"index":"index","follow":"follow","max-snippet":"max-snippet:-1","max-image-preview":"max-image-preview:large","max-video-preview":"max-video-preview:-1"},"canonical":"https:\/\/www.rassegnastampa-totustuus.it\/cattolica\/il-disinteresse-del-mondo-cattolico-sulla-strage-degli-innocenti\/","og_locale":"it_IT","og_type":"article","og_title":"Il disinteresse del mondo cattolico sulla strage degli innocenti - Rassegna Stampa Cattolica","og_description":"Rassegna Stampa Cattolica - Per una cultura che nasce dalla Rivelazione cristiana in conformit\u00e0 alla tradizione e al Magistero della Chiesa in opposizione ad ogni relativismo e totalitarismo","og_url":"https:\/\/www.rassegnastampa-totustuus.it\/cattolica\/il-disinteresse-del-mondo-cattolico-sulla-strage-degli-innocenti\/","og_site_name":"Rassegna Stampa Cattolica","article_publisher":"https:\/\/www.facebook.com\/rassegnastampacattolica","article_published_time":"2020-09-23T22:00:20+00:00","og_image":[{"width":1280,"height":720,"url":"https:\/\/www.rassegnastampa-totustuus.it\/cattolica\/wp-content\/uploads\/2020\/09\/aborto_pro_life.jpg","type":"image\/jpeg"}],"author":"Redazione","twitter_card":"summary_large_image","twitter_creator":"@rassegnastampa9","twitter_site":"@rassegnastampa9","twitter_misc":{"Scritto da":"Redazione","Tempo di lettura stimato":"26 minuti"},"schema":{"@context":"https:\/\/schema.org","@graph":[{"@type":"Article","@id":"https:\/\/www.rassegnastampa-totustuus.it\/cattolica\/il-disinteresse-del-mondo-cattolico-sulla-strage-degli-innocenti\/#article","isPartOf":{"@id":"https:\/\/www.rassegnastampa-totustuus.it\/cattolica\/il-disinteresse-del-mondo-cattolico-sulla-strage-degli-innocenti\/"},"author":{"name":"Redazione","@id":"https:\/\/www.rassegnastampa-totustuus.it\/cattolica\/#\/schema\/person\/08f319d2bd1a0904ad9e2bfb7b15e5c3"},"headline":"Il disinteresse del mondo cattolico sulla strage degli innocenti","datePublished":"2020-09-23T22:00:20+00:00","mainEntityOfPage":{"@id":"https:\/\/www.rassegnastampa-totustuus.it\/cattolica\/il-disinteresse-del-mondo-cattolico-sulla-strage-degli-innocenti\/"},"wordCount":5243,"publisher":{"@id":"https:\/\/www.rassegnastampa-totustuus.it\/cattolica\/#organization"},"image":{"@id":"https:\/\/www.rassegnastampa-totustuus.it\/cattolica\/il-disinteresse-del-mondo-cattolico-sulla-strage-degli-innocenti\/#primaryimage"},"thumbnailUrl":"https:\/\/www.rassegnastampa-totustuus.it\/cattolica\/wp-content\/uploads\/2020\/09\/aborto_pro_life.jpg","keywords":["Aborto","Bioetica","chiesa"],"articleSection":["Aborto","Bioetica","Chiesa"],"inLanguage":"it-IT"},{"@type":"WebPage","@id":"https:\/\/www.rassegnastampa-totustuus.it\/cattolica\/il-disinteresse-del-mondo-cattolico-sulla-strage-degli-innocenti\/","url":"https:\/\/www.rassegnastampa-totustuus.it\/cattolica\/il-disinteresse-del-mondo-cattolico-sulla-strage-degli-innocenti\/","name":"Il disinteresse del mondo cattolico sulla strage degli innocenti - Rassegna Stampa Cattolica","isPartOf":{"@id":"https:\/\/www.rassegnastampa-totustuus.it\/cattolica\/#website"},"primaryImageOfPage":{"@id":"https:\/\/www.rassegnastampa-totustuus.it\/cattolica\/il-disinteresse-del-mondo-cattolico-sulla-strage-degli-innocenti\/#primaryimage"},"image":{"@id":"https:\/\/www.rassegnastampa-totustuus.it\/cattolica\/il-disinteresse-del-mondo-cattolico-sulla-strage-degli-innocenti\/#primaryimage"},"thumbnailUrl":"https:\/\/www.rassegnastampa-totustuus.it\/cattolica\/wp-content\/uploads\/2020\/09\/aborto_pro_life.jpg","datePublished":"2020-09-23T22:00:20+00:00","description":"Rassegna Stampa Cattolica - Per una cultura che nasce dalla Rivelazione cristiana in conformit\u00e0 alla tradizione e al Magistero della Chiesa in opposizione ad ogni relativismo e totalitarismo","breadcrumb":{"@id":"https:\/\/www.rassegnastampa-totustuus.it\/cattolica\/il-disinteresse-del-mondo-cattolico-sulla-strage-degli-innocenti\/#breadcrumb"},"inLanguage":"it-IT","potentialAction":[{"@type":"ReadAction","target":["https:\/\/www.rassegnastampa-totustuus.it\/cattolica\/il-disinteresse-del-mondo-cattolico-sulla-strage-degli-innocenti\/"]}]},{"@type":"ImageObject","inLanguage":"it-IT","@id":"https:\/\/www.rassegnastampa-totustuus.it\/cattolica\/il-disinteresse-del-mondo-cattolico-sulla-strage-degli-innocenti\/#primaryimage","url":"https:\/\/www.rassegnastampa-totustuus.it\/cattolica\/wp-content\/uploads\/2020\/09\/aborto_pro_life.jpg","contentUrl":"https:\/\/www.rassegnastampa-totustuus.it\/cattolica\/wp-content\/uploads\/2020\/09\/aborto_pro_life.jpg","width":1280,"height":720},{"@type":"BreadcrumbList","@id":"https:\/\/www.rassegnastampa-totustuus.it\/cattolica\/il-disinteresse-del-mondo-cattolico-sulla-strage-degli-innocenti\/#breadcrumb","itemListElement":[{"@type":"ListItem","position":1,"name":"Home","item":"https:\/\/www.rassegnastampa-totustuus.it\/cattolica\/"},{"@type":"ListItem","position":2,"name":"Il disinteresse del mondo cattolico sulla strage degli innocenti"}]},{"@type":"WebSite","@id":"https:\/\/www.rassegnastampa-totustuus.it\/cattolica\/#website","url":"https:\/\/www.rassegnastampa-totustuus.it\/cattolica\/","name":"Rassegna Stampa Cattolica","description":"Per una cultura che nasce dalla Rivelazione cristiana in conformit\u00e0 alla tradizione e al Magistero della Chiesa in opposizione ad ogni relativismo e totalitarismo","publisher":{"@id":"https:\/\/www.rassegnastampa-totustuus.it\/cattolica\/#organization"},"alternateName":"Rass. Cattolica","potentialAction":[{"@type":"SearchAction","target":{"@type":"EntryPoint","urlTemplate":"https:\/\/www.rassegnastampa-totustuus.it\/cattolica\/?s={search_term_string}"},"query-input":{"@type":"PropertyValueSpecification","valueRequired":true,"valueName":"search_term_string"}}],"inLanguage":"it-IT"},{"@type":"Organization","@id":"https:\/\/www.rassegnastampa-totustuus.it\/cattolica\/#organization","name":"Rassegna Stampa Cattolica","url":"https:\/\/www.rassegnastampa-totustuus.it\/cattolica\/","logo":{"@type":"ImageObject","inLanguage":"it-IT","@id":"https:\/\/www.rassegnastampa-totustuus.it\/cattolica\/#\/schema\/logo\/image\/","url":"https:\/\/www.rassegnastampa-totustuus.it\/cattolica\/wp-content\/uploads\/2014\/04\/logo-rassegna1.gif","contentUrl":"https:\/\/www.rassegnastampa-totustuus.it\/cattolica\/wp-content\/uploads\/2014\/04\/logo-rassegna1.gif","width":600,"height":163,"caption":"Rassegna Stampa Cattolica"},"image":{"@id":"https:\/\/www.rassegnastampa-totustuus.it\/cattolica\/#\/schema\/logo\/image\/"},"sameAs":["https:\/\/www.facebook.com\/rassegnastampacattolica","https:\/\/x.com\/rassegnastampa9"]},{"@type":"Person","@id":"https:\/\/www.rassegnastampa-totustuus.it\/cattolica\/#\/schema\/person\/08f319d2bd1a0904ad9e2bfb7b15e5c3","name":"Redazione","image":{"@type":"ImageObject","inLanguage":"it-IT","@id":"https:\/\/secure.gravatar.com\/avatar\/2fcdf27c78ea025fbdb44e914cc63c72249ffec9dc8aafd5c82b26240ef3f346?s=96&d=mm&r=g","url":"https:\/\/secure.gravatar.com\/avatar\/2fcdf27c78ea025fbdb44e914cc63c72249ffec9dc8aafd5c82b26240ef3f346?s=96&d=mm&r=g","contentUrl":"https:\/\/secure.gravatar.com\/avatar\/2fcdf27c78ea025fbdb44e914cc63c72249ffec9dc8aafd5c82b26240ef3f346?s=96&d=mm&r=g","caption":"Redazione"},"url":"https:\/\/www.rassegnastampa-totustuus.it\/cattolica\/author\/pietroelle\/"}]}},"_links":{"self":[{"href":"https:\/\/www.rassegnastampa-totustuus.it\/cattolica\/wp-json\/wp\/v2\/posts\/48441","targetHints":{"allow":["GET"]}}],"collection":[{"href":"https:\/\/www.rassegnastampa-totustuus.it\/cattolica\/wp-json\/wp\/v2\/posts"}],"about":[{"href":"https:\/\/www.rassegnastampa-totustuus.it\/cattolica\/wp-json\/wp\/v2\/types\/post"}],"author":[{"embeddable":true,"href":"https:\/\/www.rassegnastampa-totustuus.it\/cattolica\/wp-json\/wp\/v2\/users\/6"}],"replies":[{"embeddable":true,"href":"https:\/\/www.rassegnastampa-totustuus.it\/cattolica\/wp-json\/wp\/v2\/comments?post=48441"}],"version-history":[{"count":6,"href":"https:\/\/www.rassegnastampa-totustuus.it\/cattolica\/wp-json\/wp\/v2\/posts\/48441\/revisions"}],"predecessor-version":[{"id":48452,"href":"https:\/\/www.rassegnastampa-totustuus.it\/cattolica\/wp-json\/wp\/v2\/posts\/48441\/revisions\/48452"}],"wp:featuredmedia":[{"embeddable":true,"href":"https:\/\/www.rassegnastampa-totustuus.it\/cattolica\/wp-json\/wp\/v2\/media\/48451"}],"wp:attachment":[{"href":"https:\/\/www.rassegnastampa-totustuus.it\/cattolica\/wp-json\/wp\/v2\/media?parent=48441"}],"wp:term":[{"taxonomy":"category","embeddable":true,"href":"https:\/\/www.rassegnastampa-totustuus.it\/cattolica\/wp-json\/wp\/v2\/categories?post=48441"},{"taxonomy":"post_tag","embeddable":true,"href":"https:\/\/www.rassegnastampa-totustuus.it\/cattolica\/wp-json\/wp\/v2\/tags?post=48441"}],"curies":[{"name":"wp","href":"https:\/\/api.w.org\/{rel}","templated":true}]}}