{"id":48436,"date":"2020-09-24T00:00:01","date_gmt":"2020-09-23T22:00:01","guid":{"rendered":"http:\/\/www.rassegnastampa-totustuus.it\/cattolica\/?p=48436"},"modified":"2020-09-19T11:55:04","modified_gmt":"2020-09-19T09:55:04","slug":"i-globalisti-e-il-coronavirus","status":"publish","type":"post","link":"https:\/\/www.rassegnastampa-totustuus.it\/cattolica\/i-globalisti-e-il-coronavirus\/","title":{"rendered":"I globalisti e il coronavirus"},"content":{"rendered":"<p style=\"text-align: center;\"><span style=\"color: #0000ff;\"><strong><a href=\"https:\/\/www.rassegnastampa-totustuus.it\/cattolica\/wp-content\/uploads\/2020\/03\/corova_virus.jpg\"><img loading=\"lazy\" decoding=\"async\" class=\"size-full wp-image-46569 alignleft\" src=\"https:\/\/www.rassegnastampa-totustuus.it\/cattolica\/wp-content\/uploads\/2020\/03\/corova_virus.jpg\" alt=\"\" width=\"299\" height=\"168\" \/><\/a><a style=\"color: #0000ff;\" href=\"http:\/\/www.vitaumanainternazionale.org\/\" target=\"_blank\" rel=\"noopener noreferrer\">VUI Vita umana internazionale<\/a><\/strong><\/span><\/p>\n<p style=\"text-align: center;\"><span style=\"color: #000000;\">23 Luglio 2020 di don<\/span><\/p>\n<p style=\"text-align: center;\"><span style=\"color: #000000;\"><strong>Shenan Boquet<\/strong><\/span><\/p>\n<p style=\"text-align: center;\"><span style=\"color: #000000;\">(Originale in<\/span> <a href=\"https:\/\/www.hli.org\/2020\/04\/globalists-and-corona\/\" target=\"_blank\" rel=\"noopener noreferrer\"><span style=\"color: #0000ff;\">Inglese<\/span><\/a>)<\/p>\n<p><!--more--><\/p>\n<p style=\"text-align: justify;\"><span style=\"color: #000000;\"><strong>Essere vigilanti in tempo di crisi<\/strong><\/span><\/p>\n<p style=\"text-align: justify;\"><span style=\"color: #000000;\">\u00c8 sconcertante leggere l\u2019affermazione di Henry Kissinger nel<\/span> <span style=\"color: #0000ff;\"><em><a style=\"color: #0000ff;\" href=\"https:\/\/thehill.com\/opinion\/international\/491777-kissingers-post-pandemic-world-order-and-the-demise-of-the-chinese\" target=\"_blank\" rel=\"noopener noreferrer\">Wall Street Journal<\/a><\/em> <\/span><span style=\"color: #000000;\">secondo cui un fallimento nel \u201cpassaggio a un ordine post-coronavirus\u201d potrebbe \u201cmettere il mondo a ferro e a fuoco\u201d. Kissinger \u00e8 piuttosto vago su come sarebbe precisamente questo \u201cordine\u201d post-coronavirus, ma<\/span> <span style=\"color: #0000ff;\"><a style=\"color: #0000ff;\" href=\"https:\/\/thehill.com\/opinion\/international\/491777-kissingers-post-pandemic-world-order-and-the-demise-of-the-chinese\" target=\"_blank\" rel=\"noopener noreferrer\">come ha osservato qualcuno<\/a>,<\/span> <span style=\"color: #000000;\">la lunga storia di amicizia tra Kissinger e la Cina insieme all\u2019assenza di qualsiasi menzione nel suo articolo della responsabilit\u00e0 della Cina nel provocare questa pandemia non \u00e8 per niente confortante.<\/span><\/p>\n<div id=\"attachment_48437\" style=\"width: 150px\" class=\"wp-caption alignright\"><a href=\"https:\/\/www.rassegnastampa-totustuus.it\/cattolica\/wp-content\/uploads\/2020\/09\/Shenan_Boquet.jpg\"><img loading=\"lazy\" decoding=\"async\" aria-describedby=\"caption-attachment-48437\" class=\"wp-image-48437 size-full\" src=\"https:\/\/www.rassegnastampa-totustuus.it\/cattolica\/wp-content\/uploads\/2020\/09\/Shenan_Boquet.jpg\" alt=\"\" width=\"150\" height=\"180\" \/><\/a><p id=\"caption-attachment-48437\" class=\"wp-caption-text\">Shenan Boquet<\/p><\/div>\n<p style=\"text-align: justify;\"><span style=\"color: #000000;\">Ma per i pro-vita e i pro-famiglia ci sono molti altri motivi di preoccupazione circa un \u201cordine post-coronavirus\u201d inaugurato o condotto da Kissinger o ispirato alla sua visione del mondo. Dopo tutto, Kissinger \u00e8 l\u2019ideatore del\u00a0<em>NSSM-200<\/em>\u00a0(il piano statunitense per combattere una presunta sovrappopolazione, N.d.T.), conosciuto anche come \u201cRapporto Kissinger\u201d. Come<\/span> <span style=\"color: #0000ff;\"><a style=\"color: #0000ff;\" href=\"https:\/\/www.hli.org\/2020\/02\/time-for-the-trump-administration-to-formally-rescind-nssm-200\/\" target=\"_blank\" rel=\"noopener noreferrer\">ho scritto di recente<\/a>,<\/span> <span style=\"color: #000000;\">questo nefasto documento ha reso nota a tutti la politica ufficiale degli Stati Uniti attraverso la quale imporre il controllo della popolazione alle nazioni in via di sviluppo con la scusa della sicurezza nazionale e degli interessi finanziari degli Stati Uniti.<\/span><\/p>\n<p style=\"text-align: justify;\"><span style=\"color: #000000;\">Questo documento machiavellico illustra come il governo degli Stati Uniti potrebbe esercitare pressioni sui paesi in via di sviluppo per persuaderli a ricorrere alla contraccezione (con riferimenti sottintesi sulla necessit\u00e0 di promuovere anche l\u2019aborto) facendo sembrare che sia principalmente preoccupato per il benessere di questi paesi.<\/span><\/p>\n<p style=\"text-align: justify;\"><span style=\"color: #000000;\"><strong>Mai sprecare una bella crisi<\/strong><\/span><\/p>\n<p style=\"text-align: justify;\"><span style=\"color: #000000;\"><a href=\"https:\/\/www.rassegnastampa-totustuus.it\/cattolica\/wp-content\/uploads\/2020\/03\/sanit\u00e0_virus.jpg\"><img loading=\"lazy\" decoding=\"async\" class=\"size-medium wp-image-46586 alignleft\" src=\"https:\/\/www.rassegnastampa-totustuus.it\/cattolica\/wp-content\/uploads\/2020\/03\/sanit\u00e0_virus-300x169.jpg\" alt=\"\" width=\"300\" height=\"169\" srcset=\"https:\/\/www.rassegnastampa-totustuus.it\/cattolica\/wp-content\/uploads\/2020\/03\/sanit\u00e0_virus-300x169.jpg 300w, https:\/\/www.rassegnastampa-totustuus.it\/cattolica\/wp-content\/uploads\/2020\/03\/sanit\u00e0_virus-768x432.jpg 768w, https:\/\/www.rassegnastampa-totustuus.it\/cattolica\/wp-content\/uploads\/2020\/03\/sanit\u00e0_virus-1024x576.jpg 1024w\" sizes=\"auto, (max-width: 300px) 100vw, 300px\" \/><\/a>C\u2019\u00e8 un vecchio detto, talvolta erroneamente attribuito a Churchill: \u201cMai sprecare una bella crisi\u201d. Chi ha una strategia e sete di potere, ha da tempo compreso che i periodi di difficolt\u00e0 rappresentano delle occasioni. In tempi di crisi, le strutture vecchie e consolidate spesso vanno in crisi o addirittura crollano, mentre la gente \u00e8 spesso molto pi\u00f9 aperta a cambiamenti radicali proposti in nome di una soluzione o \u00e8 semplicemente troppo distratta per accorgersi od opporsi quando questi cambiamenti sono posti in atto. Questa pandemia globale non \u00e8 diversa.<\/span><\/p>\n<p style=\"text-align: justify;\"><span style=\"color: #000000;\">Per questo motivo, i militanti pro-vita e pro-famiglia \u2013 e tutti quelli che hanno a cuore la fede e la libert\u00e0 \u2013 hanno tutte le ragioni per essere sospettosi quando i globalisti antipatriottici di lunga data, i simpatizzanti del governo comunista e autoritario della Cina, gli entusiasti fautori del controllo della popolazione e i sostenitori dell\u2019aborto legale e finanziato dal governo e della contraccezione, si fanno avanti sostenendo di avere\u00a0<em>loro<\/em>\u00a0la soluzione al nostro attuale problema.<\/span><\/p>\n<p style=\"text-align: justify;\"><span style=\"color: #000000;\"><a href=\"https:\/\/www.rassegnastampa-totustuus.it\/cattolica\/wp-content\/uploads\/2020\/05\/Bill_Gates.jpg\"><img loading=\"lazy\" decoding=\"async\" class=\" wp-image-47236 alignright\" src=\"https:\/\/www.rassegnastampa-totustuus.it\/cattolica\/wp-content\/uploads\/2020\/05\/Bill_Gates.jpg\" alt=\"\" width=\"191\" height=\"191\" srcset=\"https:\/\/www.rassegnastampa-totustuus.it\/cattolica\/wp-content\/uploads\/2020\/05\/Bill_Gates.jpg 225w, https:\/\/www.rassegnastampa-totustuus.it\/cattolica\/wp-content\/uploads\/2020\/05\/Bill_Gates-150x150.jpg 150w\" sizes=\"auto, (max-width: 191px) 100vw, 191px\" \/><\/a>In effetti, molte delle prove a sostegno delle nostre preoccupazioni sono cos\u00ec evidenti e palesi che non c\u2019\u00e8 bisogno di ricorrere a complesse teorie complottiste. N\u00e9 c\u2019\u00e8 bisogno di discutere le motivazioni. Persone come Bill Gates potrebbero essere assolutamente sincere quando sostengono di voler usare i loro soldi, potere e competenza per trovare una soluzione a questa pandemia che salver\u00e0 molte vite.<\/span><\/p>\n<p style=\"text-align: justify;\"><span style=\"color: #000000;\">Potrebbero essere sinceri, ma noi siamo anche consapevoli che, al di l\u00e0 di ogni ombra di dubbio, i loro principi etici e politici sono pericolosamente sbagliati. Ad esempio, Bill e Melinda Gates hanno affermato apertamente che il controllo della popolazione \u00e8 in cima alla lista delle loro priorit\u00e0. (\u201cOra se facciamo davvero un buon lavoro con i nuovi vaccini, l\u2019assistenza sanitaria, i servizi per la salute riproduttiva, abbassiamo quella forse del 10 o 15 percento\u201d, ha detto Bill Gates al\u00a0<em>TED talk<\/em>\u00a0del 2010). E hanno fatto seguire i fatti alle parole, spendendo miliardi di dollari affinch\u00e9 i paesi in via di sviluppo usino i contraccettivi.<\/span><\/p>\n<p style=\"text-align: justify;\"><span style=\"color: #000000;\"><a href=\"https:\/\/www.rassegnastampa-totustuus.it\/cattolica\/wp-content\/uploads\/2020\/04\/Planned_Parenthood_Aborto.jpg\"><img loading=\"lazy\" decoding=\"async\" class=\"size-full wp-image-47042 alignleft\" src=\"https:\/\/www.rassegnastampa-totustuus.it\/cattolica\/wp-content\/uploads\/2020\/04\/Planned_Parenthood_Aborto.jpg\" alt=\"\" width=\"284\" height=\"177\" \/><\/a>Facciamo bene ad essere sospettosi, poich\u00e9 sarebbe il colmo dell\u2019ingenuit\u00e0 pensare che qualsiasi soluzione proposta da Gates all\u2019attuale crisi possa non essere contaminata dalla sua visione del mondo antinatalista, laicista ed elitaria. Naturalmente, la gente potrebbe obiettare che la pandemia di coronavirus non ha nulla a che fare con i problemi relativi alla difesa della vita, e che quindi ci siano poche possibilit\u00e0 per i capi globali della Cultura della morte di strumentalizzarla per i loro progetti contro la vita.<\/span><\/p>\n<p style=\"text-align: justify;\"><span style=\"color: #000000;\">A questo rispondo: lo hanno gi\u00e0 fatto. Prendiamo in esame il Canada, dove<\/span> <a href=\"https:\/\/www.lifesitenews.com\/news\/trudeau-to-fund-abortion-as-part-of-159-million-pledge-to-fight-covid-19-overseas\" target=\"_blank\" rel=\"noopener noreferrer\">il <span style=\"color: #0000ff;\">governo Trudeau ha stanziato<\/span><\/a> <span style=\"color: #000000;\">aiuti per 150 milioni di dollari con la scusa di contrastare il coronavirus per assicurare ancora <em>pi\u00f9 <\/em>soldi per la promozione del cosiddetti \u201cdiritti \u2026 sessuali e riproduttivi\u201d, inclusi ovviamente il sostegno all\u2019aborto e alla contraccezione.<\/span><\/p>\n<p style=\"text-align: justify;\"><span style=\"color: #000000;\">Questo si aggiunge ai<\/span> <span style=\"color: #0000ff;\"><a style=\"color: #0000ff;\" href=\"https:\/\/www.lifesitenews.com\/opinion\/trudeaus-international-abortion-agenda-will-cost-canadian-taxpayers-7.1-billion\" target=\"_blank\" rel=\"noopener noreferrer\">miliardi<\/a> <\/span><span style=\"color: #000000;\"><span style=\"color: #0000ff;\">c<\/span>he il Canada aveva gi\u00e0 stanziato per finanziare l\u2019agenda internazionale antinatalista. Nel frattempo, il Fondo delle Nazioni Unite per la Popolazione (UNFPA)<\/span> <span style=\"color: #0000ff;\"><a style=\"color: #0000ff;\" href=\"https:\/\/c-fam.org\/friday_fax\/unfpa-still-praises-chinas-coercive-onechild-policy\/\" target=\"_blank\" rel=\"noopener noreferrer\">si mostra preoccupato<\/a> <\/span>p<span style=\"color: #000000;\">er l\u2019impatto del coronavirus sui \u201cservizi per salute sessuale e riproduttiva\u201d, che nel lessico dell\u2019ONU comprende la contraccezione e l\u2019aborto.<\/span><\/p>\n<p style=\"text-align: justify;\"><span style=\"color: #000000;\"><a href=\"https:\/\/www.rassegnastampa-totustuus.it\/cattolica\/wp-content\/uploads\/2006\/09\/Onu.jpg\"><img loading=\"lazy\" decoding=\"async\" class=\"size-full wp-image-30150 alignright\" src=\"https:\/\/www.rassegnastampa-totustuus.it\/cattolica\/wp-content\/uploads\/2006\/09\/Onu.jpg\" alt=\"\" width=\"270\" height=\"187\" \/><\/a>Questa \u00e8 la stessa organizzazione<\/span><span style=\"color: #0000ff;\"> <a style=\"color: #0000ff;\" href=\"https:\/\/www.unfpa.org\/news\/how-much-it-will-cost-realize-world-we-want\" target=\"_blank\" rel=\"noopener noreferrer\">secondo la quale<\/a> <\/span><span style=\"color: #000000;\">dobbiamo spendere 68,5 miliardi di dollari in contraccezione e aborto e che, come noto<span style=\"color: #0000ff;\">,<\/span><\/span><span style=\"color: #0000ff;\"> <a style=\"color: #0000ff;\" href=\"https:\/\/c-fam.org\/friday_fax\/unfpa-still-praises-chinas-coercive-onechild-policy\/\" target=\"_blank\" rel=\"noopener noreferrer\">ha collaborato<\/a><\/span> <span style=\"color: #000000;\">con la Cina alla brutale applicazione della politica del figlio unico. Nel frattempo, in tutto il mondo, i militanti abortisti sfruttano la pandemia come scusa per allentare le restrizioni sull\u2019aborto chimico. Olivier V\u00e9ran, Ministro francese per Solidariet\u00e0 e Salute,<\/span> <span style=\"color: #0000ff;\"><a style=\"color: #0000ff;\" href=\"https:\/\/www.lifesitenews.com\/news\/french-health-minister-decries-alarming-drop-in-abortion-as-country-grapples-with-pandemic\" target=\"_blank\" rel=\"noopener noreferrer\">si \u00e8 recentemente lamentato<\/a> <\/span><span style=\"color: #000000;\">per l\u2019\u201callarmante\u201d diminuzione degli aborti durante la pandemia di coronavirus e ha affermato che gli aborti farmacologici \u201cdevono essere incoraggiati e resi pi\u00f9 facili\u201d. \u201cIncoraggiati\u201d!<\/span><\/p>\n<p style=\"text-align: justify;\"><span style=\"color: #000000;\">Purtroppo, anche l\u2019Irlanda un tempo cattolica, che di recente ha voltato le spalle agli innocenti bambini non ancora nati e ha legalizzato l\u2019aborto,<\/span> <span style=\"color: #0000ff;\"><a style=\"color: #0000ff;\" href=\"https:\/\/www.lifesitenews.com\/news\/irish-govt-allows-women-to-abort-babies-at-home-during-pandemic-without-seeing-a-doctor\" target=\"_blank\" rel=\"noopener noreferrer\">ha allentato le regole<\/a>,<\/span><span style=\"color: #000000;\"> permettendo alle donne di abortire chimicamente i loro figli a casa, senza nemmeno aver mai incontrato un medico. Ci si chiede: quando la pandemia sar\u00e0 passata, verranno ripristinate le restrizioni sugli aborti farmacologici? Ne dubito.<\/span><\/p>\n<p style=\"text-align: justify;\"><span style=\"color: #000000;\"><strong>Diffidare degli attacchi alle nostre libert\u00e0<\/strong><\/span><\/p>\n<p style=\"text-align: justify;\"><span style=\"color: #000000;\">Infine, sebbene non sia un problema\u00a0<em>direttamente<\/em>\u00a0legato alla vita e alla famiglia, si dovrebbe ragionare sulla possibile strumentalizzazione dell\u2019attuale crisi per minare i diritti e le libert\u00e0 individuali a causa dell\u2019eccessivo incremento del potere e del controllo da parte del governo. Negli ultimi mesi e settimane, numerosi Stati, soprattutto la Cina, hanno messo in atto misure di sorveglianza straordinariamente invasive apparentemente pensate per tracciare e controllare la diffusione del virus.<\/span><\/p>\n<p style=\"text-align: justify;\"><span style=\"color: #000000;\"><a href=\"https:\/\/www.rassegnastampa-totustuus.it\/cattolica\/wp-content\/uploads\/2020\/02\/Cina_censura.png\"><img loading=\"lazy\" decoding=\"async\" class=\"size-medium wp-image-46417 alignleft\" src=\"https:\/\/www.rassegnastampa-totustuus.it\/cattolica\/wp-content\/uploads\/2020\/02\/Cina_censura-300x187.png\" alt=\"\" width=\"300\" height=\"187\" srcset=\"https:\/\/www.rassegnastampa-totustuus.it\/cattolica\/wp-content\/uploads\/2020\/02\/Cina_censura-300x187.png 300w, https:\/\/www.rassegnastampa-totustuus.it\/cattolica\/wp-content\/uploads\/2020\/02\/Cina_censura-768x478.png 768w, https:\/\/www.rassegnastampa-totustuus.it\/cattolica\/wp-content\/uploads\/2020\/02\/Cina_censura-1024x638.png 1024w, https:\/\/www.rassegnastampa-totustuus.it\/cattolica\/wp-content\/uploads\/2020\/02\/Cina_censura.png 1352w\" sizes=\"auto, (max-width: 300px) 100vw, 300px\" \/><\/a>Inoltre, in tutto il mondo stiamo assistendo all\u2019imposizione e all\u2019applicazione di blocchi totali delle attivit\u00e0. Alcune di queste misure sono senza dubbio temporaneamente giustificabili al fine di prevenire una catastrofe peggiore. Ma, d\u2019altra parte, la storia ha dimostrato che in un momento di crisi i governi spesso impongono misure straordinarie che poi, una volta superata la crisi, non sono revocate, come invece sarebbe giusto fare. Non \u00e8 necessario<\/span> <a href=\"https:\/\/www.dailywire.com\/news\/walsh-we-have-become-a-police-state-and-none-of-us-should-be-okay-with-that\" target=\"_blank\" rel=\"noopener noreferrer\"><span style=\"color: #0000ff;\">cercare chiss\u00e0<\/span> <span style=\"color: #0000ff;\">dove<\/span><\/a> <span style=\"color: #000000;\">per imbattersi in casi reali \u2013 e talvolta assurdi \u2013 in cui le autorit\u00e0 legali degli Stati Uniti hanno superato di gran lunga quello che \u00e8 ragionevole o costituzionale, imponendo regole e infliggendo multe per comportamenti che non provocavano il minimo rischio per nessuno.<\/span><\/p>\n<p style=\"text-align: justify;\"><span style=\"color: #000000;\">Si pensi, ad esempio, <\/span><span style=\"color: #0000ff;\"><a style=\"color: #0000ff;\" href=\"https:\/\/www.foxnews.com\/us\/coronavirus-arrest-abortion-north-carolina-clinic-prolife\" target=\"_blank\" rel=\"noopener noreferrer\">alle multe e agli arresti<\/a><\/span> <span style=\"color: #000000;\">di attivisti pro-vita che pregavano o che parlavano con le donne davanti alle cliniche abortiste, a volte per aver \u201cviolato\u201d un ordine di rimanere a casa che<\/span><span style=\"color: #0000ff;\"> <a style=\"color: #0000ff;\" href=\"https:\/\/www.lifesitenews.com\/news\/pro-life-activist-cited-for-violating-stay-at-home-order-that-wasnt-in-effect-yet\">non era ancora in vigore<\/a>!<\/span> <span style=\"color: #000000;\">E cosa dobbiamo pensare delle terribili osservazioni di un burocrate dell\u2019Organizzazione Mondiale della Sanit\u00e0 che<\/span> <span style=\"color: #0000ff;\"><a style=\"color: #0000ff;\" href=\"https:\/\/www.lifesitenews.com\/news\/tucker-carlson-rips-who-emergency-expert-for-call-to-raid-homes-remove-sick-family-members\">suggerisce<\/a> <\/span><span style=\"color: #000000;\">pacatamente che le autorit\u00e0 dovrebbero \u201candare a cercare nelle famiglie le persone che sono malate, portarle via e metterle in isolamento?\u201d. <\/span><\/p>\n<p style=\"text-align: justify;\"><span style=\"color: #000000;\"><a href=\"https:\/\/www.rassegnastampa-totustuus.it\/cattolica\/wp-content\/uploads\/2020\/09\/aborto_pro_life_persecuzione.jpg\"><img loading=\"lazy\" decoding=\"async\" class=\"size-medium wp-image-48438 alignright\" src=\"https:\/\/www.rassegnastampa-totustuus.it\/cattolica\/wp-content\/uploads\/2020\/09\/aborto_pro_life_persecuzione-300x168.jpg\" alt=\"\" width=\"300\" height=\"168\" \/><\/a>Negli ultimi anni, i militanti pro-vita e pro-famiglia hanno sperimentato in prima persona cosa succede quando tecnologi abortisti e ostili alla famiglia sviluppano e controllano le tecnologie che governano la loro vita. I giganti dei <em>social media<\/em> hanno imposto regole per i contenuti alle quali gli utenti devono attenersi, pena l\u2019essere bannati. <\/span><\/p>\n<p style=\"text-align: justify;\"><span style=\"color: #000000;\">Le infrazioni che meritano l\u2019espulsione possono essere estremamente semplici, come affermare pubblicamente che il genere di una persona \u00e8 determinato biologicamente. Abbiamo buone ragioni per essere preoccupati che i tecnocrati e le autorit\u00e0 governative<\/span> <span style=\"color: #0000ff;\"><a style=\"color: #0000ff;\" href=\"https:\/\/www.lifesitenews.com\/news\/ag-barr-very-concerned-about-personal-liberty-after-gates-proposes-digital-vaccine-certificates\">sfruttino la pandemia del coronavirus<\/a><\/span> <span style=\"color: #000000;\">come un\u2019opportunit\u00e0 per impadronirsi di un potere pi\u00f9 grande. <\/span><\/p>\n<p style=\"text-align: justify;\"><span style=\"color: #000000;\"><a href=\"https:\/\/www.rassegnastampa-totustuus.it\/cattolica\/wp-content\/uploads\/2020\/09\/Cina_laogai.jpg\"><img loading=\"lazy\" decoding=\"async\" class=\"size-medium wp-image-48341 alignleft\" src=\"https:\/\/www.rassegnastampa-totustuus.it\/cattolica\/wp-content\/uploads\/2020\/09\/Cina_laogai-300x169.jpg\" alt=\"\" width=\"300\" height=\"169\" srcset=\"https:\/\/www.rassegnastampa-totustuus.it\/cattolica\/wp-content\/uploads\/2020\/09\/Cina_laogai-300x169.jpg 300w, https:\/\/www.rassegnastampa-totustuus.it\/cattolica\/wp-content\/uploads\/2020\/09\/Cina_laogai-768x432.jpg 768w, https:\/\/www.rassegnastampa-totustuus.it\/cattolica\/wp-content\/uploads\/2020\/09\/Cina_laogai-1024x576.jpg 1024w, https:\/\/www.rassegnastampa-totustuus.it\/cattolica\/wp-content\/uploads\/2020\/09\/Cina_laogai.jpg 1280w\" sizes=\"auto, (max-width: 300px) 100vw, 300px\" \/><\/a>Dovremmo preoccuparci che uomini come Bill Gates spesso<\/span> <span style=\"color: #0000ff;\"><a style=\"color: #0000ff;\" href=\"https:\/\/www.technocracy.news\/technocratic-agenda-dominates-covid-19-panic\/\">sembrino stranamente ottimisti<\/a> <\/span><span style=\"color: #000000;\">riguardo alle<\/span> <span style=\"color: #0000ff;\"><a style=\"color: #0000ff;\" href=\"https:\/\/www.lifesitenews.com\/news\/ag-barr-very-concerned-about-personal-liberty-after-gates-proposes-digital-vaccine-certificates\">questioni etiche<\/a><\/span> <span style=\"color: #000000;\">poste dall\u2019uso delle nuove tecnologie per tracciare le abitudini e i movimenti dei cittadini, apparentemente per un bene superiore. E non \u00e8 necessario cercare chiss\u00e0 dove per<\/span> <span style=\"color: #0000ff;\"><a style=\"color: #0000ff;\" href=\"https:\/\/www.cbc.ca\/news\/canada\/toronto\/justin-trudeau-s-foolish-china-remarks-spark-anger-1.2421351\">trovare<\/a> <\/span><span style=\"color: #000000;\">politici globalisti che esprimano ammirazione per quello che la Cina \u00e8 in grado di \u201crealizzare\u201d grazie alla sua struttura di potere autoritaria e verticale. <\/span><\/p>\n<p style=\"text-align: justify;\"><span style=\"color: #000000;\">Fare attenzione alle conseguenze di come il coronavirus potrebbe essere sfruttato per erodere il diritto alla\u00a0<em>privacy<\/em>\u00a0\u2013 a scapito, a lungo andare, della libert\u00e0 religiosa e della causa pro-vita e pro-famiglia \u2013 non \u00e8 complottismo; \u00e8 solo buon senso. Di nuovo, alcune misure straordinarie possono essere temporaneamente giustificate per salvare vite umane. <\/span><\/p>\n<p style=\"text-align: justify;\"><span style=\"color: #000000;\">La virt\u00f9 civica esige un\u2019accondiscendenza responsabile a misure ragionevoli che tutelino il bene comune. Ma\u00a0<em>ora<\/em>\u00a0c\u2019\u00e8 bisogno di un discorso serio su quali siano esattamente i limiti costituzionali e morali e su come monitorare che queste misure siano revocate nel momento in cui la crisi sar\u00e0 alle nostre spalle. <\/span><\/p>\n<p style=\"text-align: justify;\"><span style=\"color: #000000;\"><strong>Siamo il Popolo della Pasqua<\/strong> <\/span><\/p>\n<p style=\"text-align: justify;\"><span style=\"color: #000000;\"><a href=\"https:\/\/www.rassegnastampa-totustuus.it\/cattolica\/wp-content\/uploads\/2020\/06\/Aborto_planned_parenthood.jpg\"><img loading=\"lazy\" decoding=\"async\" class=\"size-medium wp-image-47431 alignright\" src=\"https:\/\/www.rassegnastampa-totustuus.it\/cattolica\/wp-content\/uploads\/2020\/06\/Aborto_planned_parenthood-300x169.jpg\" alt=\"\" width=\"300\" height=\"169\" srcset=\"https:\/\/www.rassegnastampa-totustuus.it\/cattolica\/wp-content\/uploads\/2020\/06\/Aborto_planned_parenthood-300x169.jpg 300w, https:\/\/www.rassegnastampa-totustuus.it\/cattolica\/wp-content\/uploads\/2020\/06\/Aborto_planned_parenthood-768x432.jpg 768w, https:\/\/www.rassegnastampa-totustuus.it\/cattolica\/wp-content\/uploads\/2020\/06\/Aborto_planned_parenthood-1024x576.jpg 1024w, https:\/\/www.rassegnastampa-totustuus.it\/cattolica\/wp-content\/uploads\/2020\/06\/Aborto_planned_parenthood.jpg 1200w\" sizes=\"auto, (max-width: 300px) 100vw, 300px\" \/><\/a>Certo,<\/span> <span style=\"color: #0000ff;\"><a style=\"color: #0000ff;\" href=\"http:\/\/www.vitaumanainternazionale.org\/2020\/05\/27\/anche-pandemia-la-battaglia-la-cultura-della-morte-continua\/\">come ho sottolineato<\/a> <\/span><span style=\"color: #000000;\">qualche settimana fa, ci sono anche molte buone notizie che emergono nel mezzo della crisi. Di recente, ad esempio, il Texas ha effettivamente bandito temporaneamente tutti gli aborti durante la crisi del coronavirus, escludendo giustamente l\u2019aborto dal novero dei servizi \u201cfondamentali\u201d. Ovviamente,\u00a0<em>Planned Parenthood<\/em>\u00a0ha subito fatto ricorso contro questa decisione. Ma finora, i tribunali si sono schierati con il Texas. <\/span><\/p>\n<p style=\"text-align: justify;\"><span style=\"color: #000000;\">Abbiamo motivo di sperare che la Corte Suprema riaffermer\u00e0 anche le decisioni del tribunale inferiore e la linea politica dello stato. Nel frattempo, \u00e8 molto probabile che le vite di numerosi bambini siano salvate, poich\u00e9 alle loro madri viene data l\u2019opportunit\u00e0 di ripensare una decisione spesso presa avventatamente per paura o a causa della pressione di\u00a0<em>partner\u00a0<\/em>che non le sostengono. <\/span><\/p>\n<p style=\"text-align: justify;\"><span style=\"color: #000000;\">Questa pandemia \u00e8 una tragedia, perch\u00e9 provoca la perdita di tante vite. Ma Dio \u00e8 un grande Dio, che pu\u00f2 trarre il bene da queste situazioni. In realt\u00e0, vorrei mettere bene in chiaro che nulla di quello che ho scritto in questo articolo deve essere letto come se fosse espressione di paura o disperazione o addirittura di una mentalit\u00e0 troppo sospettosa. <\/span><\/p>\n<p style=\"text-align: justify;\"><span style=\"color: #000000;\"><a href=\"https:\/\/www.rassegnastampa-totustuus.it\/cattolica\/wp-content\/uploads\/2009\/03\/marcia-per-la-vita.jpg\"><img loading=\"lazy\" decoding=\"async\" class=\"size-full wp-image-18064 alignleft\" src=\"https:\/\/www.rassegnastampa-totustuus.it\/cattolica\/wp-content\/uploads\/2009\/03\/marcia-per-la-vita.jpg\" alt=\"\" width=\"275\" height=\"183\" \/><\/a>\u00c8 logico aspettarsi che vari poteri \u2013 alcuni dei quali incauti o malvagi \u2013 sfrutteranno questa crisi a loro vantaggio, promuovendo programmi che minacciano le nostre famiglie, la dignit\u00e0 intrinseca della persona umana e la libert\u00e0 religiosa. <\/span><\/p>\n<p style=\"text-align: justify;\"><span style=\"color: #000000;\">Tuttavia, come afferma<\/span> <span style=\"color: #0000ff;\"><a style=\"color: #0000ff;\" href=\"https:\/\/weareaneasterpeople.com\/\">una recente campagna<\/a><\/span> <span style=\"color: #000000;\">di cattolici laici, \u201cSiamo il Popolo della Pasqua\u201d. E come Popolo della Pasqua, il nostro atteggiamento fondamentale \u00e8 di speranza, poich\u00e9 sappiamo che qualunque prova e tribolazione dobbiamo affrontare, Cristo ha gi\u00e0 ottenuto la vittoria.<\/span><\/p>\n<p style=\"text-align: justify;\"><span style=\"color: #000000;\">Come recita il tradizionale saluto di Pasqua: \u201cKhrist\u00f3s An\u00e9sti! Alith\u00f3s An\u00e9sti! \u201d (Cristo \u00e8 risorto! \u00c8 veramente risorto!)<\/span><\/p>\n","protected":false},"excerpt":{"rendered":"<p>VUI Vita umana internazionale 23 Luglio 2020 di don Shenan Boquet (Originale in Inglese)<\/p><p><a class=\"more-link btn\" href=\"https:\/\/www.rassegnastampa-totustuus.it\/cattolica\/i-globalisti-e-il-coronavirus\/\">Continua a leggere<\/a><\/p>\n","protected":false},"author":6,"featured_media":48439,"comment_status":"closed","ping_status":"closed","sticky":false,"template":"","format":"standard","meta":{"footnotes":""},"categories":[2,61,80],"tags":[2386,648,271,237],"class_list":["post-48436","post","type-post","status-publish","format-standard","has-post-thumbnail","hentry","category-aborto","category-mondialismo-e-globalizzazione","category-totalitarismo","tag-aborto","tag-globalizzazione","tag-mondialismo","tag-totalitarismo-2","item-wrap"],"yoast_head":"<!-- This site is optimized with the Yoast SEO plugin v27.4 - https:\/\/yoast.com\/product\/yoast-seo-wordpress\/ -->\n<title>I globalisti e il coronavirus - Rassegna Stampa Cattolica<\/title>\n<meta name=\"description\" content=\"Rassegna Stampa Cattolica - Per una cultura che nasce dalla Rivelazione cristiana in conformit\u00e0 alla tradizione e al Magistero della Chiesa in opposizione ad ogni relativismo e totalitarismo\" \/>\n<meta name=\"robots\" content=\"index, follow, max-snippet:-1, max-image-preview:large, max-video-preview:-1\" \/>\n<link rel=\"canonical\" href=\"https:\/\/www.rassegnastampa-totustuus.it\/cattolica\/i-globalisti-e-il-coronavirus\/\" \/>\n<meta property=\"og:locale\" content=\"it_IT\" \/>\n<meta property=\"og:type\" content=\"article\" \/>\n<meta property=\"og:title\" content=\"I globalisti e il coronavirus - Rassegna Stampa Cattolica\" \/>\n<meta property=\"og:description\" content=\"Rassegna Stampa Cattolica - Per una cultura che nasce dalla Rivelazione cristiana in conformit\u00e0 alla tradizione e al Magistero della Chiesa in opposizione ad ogni relativismo e totalitarismo\" \/>\n<meta property=\"og:url\" content=\"https:\/\/www.rassegnastampa-totustuus.it\/cattolica\/i-globalisti-e-il-coronavirus\/\" \/>\n<meta property=\"og:site_name\" content=\"Rassegna Stampa Cattolica\" \/>\n<meta property=\"article:publisher\" content=\"https:\/\/www.facebook.com\/rassegnastampacattolica\" \/>\n<meta property=\"article:published_time\" content=\"2020-09-23T22:00:01+00:00\" \/>\n<meta property=\"og:image\" content=\"https:\/\/www.rassegnastampa-totustuus.it\/cattolica\/wp-content\/uploads\/2020\/09\/totalitarismo_dittatura.jpg\" \/>\n\t<meta property=\"og:image:width\" content=\"1920\" \/>\n\t<meta property=\"og:image:height\" content=\"1080\" \/>\n\t<meta property=\"og:image:type\" content=\"image\/jpeg\" \/>\n<meta name=\"author\" content=\"Redazione\" \/>\n<meta name=\"twitter:card\" content=\"summary_large_image\" \/>\n<meta name=\"twitter:creator\" content=\"@rassegnastampa9\" \/>\n<meta name=\"twitter:site\" content=\"@rassegnastampa9\" \/>\n<meta name=\"twitter:label1\" content=\"Scritto da\" \/>\n\t<meta name=\"twitter:data1\" content=\"Redazione\" \/>\n\t<meta name=\"twitter:label2\" content=\"Tempo di lettura stimato\" \/>\n\t<meta name=\"twitter:data2\" content=\"9 minuti\" \/>\n<script type=\"application\/ld+json\" class=\"yoast-schema-graph\">{\"@context\":\"https:\\\/\\\/schema.org\",\"@graph\":[{\"@type\":\"Article\",\"@id\":\"https:\\\/\\\/www.rassegnastampa-totustuus.it\\\/cattolica\\\/i-globalisti-e-il-coronavirus\\\/#article\",\"isPartOf\":{\"@id\":\"https:\\\/\\\/www.rassegnastampa-totustuus.it\\\/cattolica\\\/i-globalisti-e-il-coronavirus\\\/\"},\"author\":{\"name\":\"Redazione\",\"@id\":\"https:\\\/\\\/www.rassegnastampa-totustuus.it\\\/cattolica\\\/#\\\/schema\\\/person\\\/08f319d2bd1a0904ad9e2bfb7b15e5c3\"},\"headline\":\"I globalisti e il coronavirus\",\"datePublished\":\"2020-09-23T22:00:01+00:00\",\"mainEntityOfPage\":{\"@id\":\"https:\\\/\\\/www.rassegnastampa-totustuus.it\\\/cattolica\\\/i-globalisti-e-il-coronavirus\\\/\"},\"wordCount\":1755,\"publisher\":{\"@id\":\"https:\\\/\\\/www.rassegnastampa-totustuus.it\\\/cattolica\\\/#organization\"},\"image\":{\"@id\":\"https:\\\/\\\/www.rassegnastampa-totustuus.it\\\/cattolica\\\/i-globalisti-e-il-coronavirus\\\/#primaryimage\"},\"thumbnailUrl\":\"https:\\\/\\\/www.rassegnastampa-totustuus.it\\\/cattolica\\\/wp-content\\\/uploads\\\/2020\\\/09\\\/totalitarismo_dittatura.jpg\",\"keywords\":[\"Aborto\",\"globalizzazione\",\"mondialismo\",\"totalitarismo\"],\"articleSection\":[\"Aborto\",\"Mondialismo\",\"Totalitarismo\"],\"inLanguage\":\"it-IT\"},{\"@type\":\"WebPage\",\"@id\":\"https:\\\/\\\/www.rassegnastampa-totustuus.it\\\/cattolica\\\/i-globalisti-e-il-coronavirus\\\/\",\"url\":\"https:\\\/\\\/www.rassegnastampa-totustuus.it\\\/cattolica\\\/i-globalisti-e-il-coronavirus\\\/\",\"name\":\"I globalisti e il coronavirus - Rassegna Stampa Cattolica\",\"isPartOf\":{\"@id\":\"https:\\\/\\\/www.rassegnastampa-totustuus.it\\\/cattolica\\\/#website\"},\"primaryImageOfPage\":{\"@id\":\"https:\\\/\\\/www.rassegnastampa-totustuus.it\\\/cattolica\\\/i-globalisti-e-il-coronavirus\\\/#primaryimage\"},\"image\":{\"@id\":\"https:\\\/\\\/www.rassegnastampa-totustuus.it\\\/cattolica\\\/i-globalisti-e-il-coronavirus\\\/#primaryimage\"},\"thumbnailUrl\":\"https:\\\/\\\/www.rassegnastampa-totustuus.it\\\/cattolica\\\/wp-content\\\/uploads\\\/2020\\\/09\\\/totalitarismo_dittatura.jpg\",\"datePublished\":\"2020-09-23T22:00:01+00:00\",\"description\":\"Rassegna Stampa Cattolica - Per una cultura che nasce dalla Rivelazione cristiana in conformit\u00e0 alla tradizione e al Magistero della Chiesa in opposizione ad ogni relativismo e totalitarismo\",\"breadcrumb\":{\"@id\":\"https:\\\/\\\/www.rassegnastampa-totustuus.it\\\/cattolica\\\/i-globalisti-e-il-coronavirus\\\/#breadcrumb\"},\"inLanguage\":\"it-IT\",\"potentialAction\":[{\"@type\":\"ReadAction\",\"target\":[\"https:\\\/\\\/www.rassegnastampa-totustuus.it\\\/cattolica\\\/i-globalisti-e-il-coronavirus\\\/\"]}]},{\"@type\":\"ImageObject\",\"inLanguage\":\"it-IT\",\"@id\":\"https:\\\/\\\/www.rassegnastampa-totustuus.it\\\/cattolica\\\/i-globalisti-e-il-coronavirus\\\/#primaryimage\",\"url\":\"https:\\\/\\\/www.rassegnastampa-totustuus.it\\\/cattolica\\\/wp-content\\\/uploads\\\/2020\\\/09\\\/totalitarismo_dittatura.jpg\",\"contentUrl\":\"https:\\\/\\\/www.rassegnastampa-totustuus.it\\\/cattolica\\\/wp-content\\\/uploads\\\/2020\\\/09\\\/totalitarismo_dittatura.jpg\",\"width\":1920,\"height\":1080},{\"@type\":\"BreadcrumbList\",\"@id\":\"https:\\\/\\\/www.rassegnastampa-totustuus.it\\\/cattolica\\\/i-globalisti-e-il-coronavirus\\\/#breadcrumb\",\"itemListElement\":[{\"@type\":\"ListItem\",\"position\":1,\"name\":\"Home\",\"item\":\"https:\\\/\\\/www.rassegnastampa-totustuus.it\\\/cattolica\\\/\"},{\"@type\":\"ListItem\",\"position\":2,\"name\":\"I globalisti e il coronavirus\"}]},{\"@type\":\"WebSite\",\"@id\":\"https:\\\/\\\/www.rassegnastampa-totustuus.it\\\/cattolica\\\/#website\",\"url\":\"https:\\\/\\\/www.rassegnastampa-totustuus.it\\\/cattolica\\\/\",\"name\":\"Rassegna Stampa Cattolica\",\"description\":\"Per una cultura che nasce dalla Rivelazione cristiana in conformit\u00e0 alla tradizione e al Magistero della Chiesa in opposizione ad ogni relativismo e totalitarismo\",\"publisher\":{\"@id\":\"https:\\\/\\\/www.rassegnastampa-totustuus.it\\\/cattolica\\\/#organization\"},\"alternateName\":\"Rass. Cattolica\",\"potentialAction\":[{\"@type\":\"SearchAction\",\"target\":{\"@type\":\"EntryPoint\",\"urlTemplate\":\"https:\\\/\\\/www.rassegnastampa-totustuus.it\\\/cattolica\\\/?s={search_term_string}\"},\"query-input\":{\"@type\":\"PropertyValueSpecification\",\"valueRequired\":true,\"valueName\":\"search_term_string\"}}],\"inLanguage\":\"it-IT\"},{\"@type\":\"Organization\",\"@id\":\"https:\\\/\\\/www.rassegnastampa-totustuus.it\\\/cattolica\\\/#organization\",\"name\":\"Rassegna Stampa Cattolica\",\"url\":\"https:\\\/\\\/www.rassegnastampa-totustuus.it\\\/cattolica\\\/\",\"logo\":{\"@type\":\"ImageObject\",\"inLanguage\":\"it-IT\",\"@id\":\"https:\\\/\\\/www.rassegnastampa-totustuus.it\\\/cattolica\\\/#\\\/schema\\\/logo\\\/image\\\/\",\"url\":\"https:\\\/\\\/www.rassegnastampa-totustuus.it\\\/cattolica\\\/wp-content\\\/uploads\\\/2014\\\/04\\\/logo-rassegna1.gif\",\"contentUrl\":\"https:\\\/\\\/www.rassegnastampa-totustuus.it\\\/cattolica\\\/wp-content\\\/uploads\\\/2014\\\/04\\\/logo-rassegna1.gif\",\"width\":600,\"height\":163,\"caption\":\"Rassegna Stampa Cattolica\"},\"image\":{\"@id\":\"https:\\\/\\\/www.rassegnastampa-totustuus.it\\\/cattolica\\\/#\\\/schema\\\/logo\\\/image\\\/\"},\"sameAs\":[\"https:\\\/\\\/www.facebook.com\\\/rassegnastampacattolica\",\"https:\\\/\\\/x.com\\\/rassegnastampa9\"]},{\"@type\":\"Person\",\"@id\":\"https:\\\/\\\/www.rassegnastampa-totustuus.it\\\/cattolica\\\/#\\\/schema\\\/person\\\/08f319d2bd1a0904ad9e2bfb7b15e5c3\",\"name\":\"Redazione\",\"image\":{\"@type\":\"ImageObject\",\"inLanguage\":\"it-IT\",\"@id\":\"https:\\\/\\\/secure.gravatar.com\\\/avatar\\\/2fcdf27c78ea025fbdb44e914cc63c72249ffec9dc8aafd5c82b26240ef3f346?s=96&d=mm&r=g\",\"url\":\"https:\\\/\\\/secure.gravatar.com\\\/avatar\\\/2fcdf27c78ea025fbdb44e914cc63c72249ffec9dc8aafd5c82b26240ef3f346?s=96&d=mm&r=g\",\"contentUrl\":\"https:\\\/\\\/secure.gravatar.com\\\/avatar\\\/2fcdf27c78ea025fbdb44e914cc63c72249ffec9dc8aafd5c82b26240ef3f346?s=96&d=mm&r=g\",\"caption\":\"Redazione\"},\"url\":\"https:\\\/\\\/www.rassegnastampa-totustuus.it\\\/cattolica\\\/author\\\/pietroelle\\\/\"}]}<\/script>\n<!-- \/ Yoast SEO plugin. -->","yoast_head_json":{"title":"I globalisti e il coronavirus - Rassegna Stampa Cattolica","description":"Rassegna Stampa Cattolica - Per una cultura che nasce dalla Rivelazione cristiana in conformit\u00e0 alla tradizione e al Magistero della Chiesa in opposizione ad ogni relativismo e totalitarismo","robots":{"index":"index","follow":"follow","max-snippet":"max-snippet:-1","max-image-preview":"max-image-preview:large","max-video-preview":"max-video-preview:-1"},"canonical":"https:\/\/www.rassegnastampa-totustuus.it\/cattolica\/i-globalisti-e-il-coronavirus\/","og_locale":"it_IT","og_type":"article","og_title":"I globalisti e il coronavirus - Rassegna Stampa Cattolica","og_description":"Rassegna Stampa Cattolica - Per una cultura che nasce dalla Rivelazione cristiana in conformit\u00e0 alla tradizione e al Magistero della Chiesa in opposizione ad ogni relativismo e totalitarismo","og_url":"https:\/\/www.rassegnastampa-totustuus.it\/cattolica\/i-globalisti-e-il-coronavirus\/","og_site_name":"Rassegna Stampa Cattolica","article_publisher":"https:\/\/www.facebook.com\/rassegnastampacattolica","article_published_time":"2020-09-23T22:00:01+00:00","og_image":[{"width":1920,"height":1080,"url":"https:\/\/www.rassegnastampa-totustuus.it\/cattolica\/wp-content\/uploads\/2020\/09\/totalitarismo_dittatura.jpg","type":"image\/jpeg"}],"author":"Redazione","twitter_card":"summary_large_image","twitter_creator":"@rassegnastampa9","twitter_site":"@rassegnastampa9","twitter_misc":{"Scritto da":"Redazione","Tempo di lettura stimato":"9 minuti"},"schema":{"@context":"https:\/\/schema.org","@graph":[{"@type":"Article","@id":"https:\/\/www.rassegnastampa-totustuus.it\/cattolica\/i-globalisti-e-il-coronavirus\/#article","isPartOf":{"@id":"https:\/\/www.rassegnastampa-totustuus.it\/cattolica\/i-globalisti-e-il-coronavirus\/"},"author":{"name":"Redazione","@id":"https:\/\/www.rassegnastampa-totustuus.it\/cattolica\/#\/schema\/person\/08f319d2bd1a0904ad9e2bfb7b15e5c3"},"headline":"I globalisti e il coronavirus","datePublished":"2020-09-23T22:00:01+00:00","mainEntityOfPage":{"@id":"https:\/\/www.rassegnastampa-totustuus.it\/cattolica\/i-globalisti-e-il-coronavirus\/"},"wordCount":1755,"publisher":{"@id":"https:\/\/www.rassegnastampa-totustuus.it\/cattolica\/#organization"},"image":{"@id":"https:\/\/www.rassegnastampa-totustuus.it\/cattolica\/i-globalisti-e-il-coronavirus\/#primaryimage"},"thumbnailUrl":"https:\/\/www.rassegnastampa-totustuus.it\/cattolica\/wp-content\/uploads\/2020\/09\/totalitarismo_dittatura.jpg","keywords":["Aborto","globalizzazione","mondialismo","totalitarismo"],"articleSection":["Aborto","Mondialismo","Totalitarismo"],"inLanguage":"it-IT"},{"@type":"WebPage","@id":"https:\/\/www.rassegnastampa-totustuus.it\/cattolica\/i-globalisti-e-il-coronavirus\/","url":"https:\/\/www.rassegnastampa-totustuus.it\/cattolica\/i-globalisti-e-il-coronavirus\/","name":"I globalisti e il coronavirus - Rassegna Stampa Cattolica","isPartOf":{"@id":"https:\/\/www.rassegnastampa-totustuus.it\/cattolica\/#website"},"primaryImageOfPage":{"@id":"https:\/\/www.rassegnastampa-totustuus.it\/cattolica\/i-globalisti-e-il-coronavirus\/#primaryimage"},"image":{"@id":"https:\/\/www.rassegnastampa-totustuus.it\/cattolica\/i-globalisti-e-il-coronavirus\/#primaryimage"},"thumbnailUrl":"https:\/\/www.rassegnastampa-totustuus.it\/cattolica\/wp-content\/uploads\/2020\/09\/totalitarismo_dittatura.jpg","datePublished":"2020-09-23T22:00:01+00:00","description":"Rassegna Stampa Cattolica - Per una cultura che nasce dalla Rivelazione cristiana in conformit\u00e0 alla tradizione e al Magistero della Chiesa in opposizione ad ogni relativismo e totalitarismo","breadcrumb":{"@id":"https:\/\/www.rassegnastampa-totustuus.it\/cattolica\/i-globalisti-e-il-coronavirus\/#breadcrumb"},"inLanguage":"it-IT","potentialAction":[{"@type":"ReadAction","target":["https:\/\/www.rassegnastampa-totustuus.it\/cattolica\/i-globalisti-e-il-coronavirus\/"]}]},{"@type":"ImageObject","inLanguage":"it-IT","@id":"https:\/\/www.rassegnastampa-totustuus.it\/cattolica\/i-globalisti-e-il-coronavirus\/#primaryimage","url":"https:\/\/www.rassegnastampa-totustuus.it\/cattolica\/wp-content\/uploads\/2020\/09\/totalitarismo_dittatura.jpg","contentUrl":"https:\/\/www.rassegnastampa-totustuus.it\/cattolica\/wp-content\/uploads\/2020\/09\/totalitarismo_dittatura.jpg","width":1920,"height":1080},{"@type":"BreadcrumbList","@id":"https:\/\/www.rassegnastampa-totustuus.it\/cattolica\/i-globalisti-e-il-coronavirus\/#breadcrumb","itemListElement":[{"@type":"ListItem","position":1,"name":"Home","item":"https:\/\/www.rassegnastampa-totustuus.it\/cattolica\/"},{"@type":"ListItem","position":2,"name":"I globalisti e il coronavirus"}]},{"@type":"WebSite","@id":"https:\/\/www.rassegnastampa-totustuus.it\/cattolica\/#website","url":"https:\/\/www.rassegnastampa-totustuus.it\/cattolica\/","name":"Rassegna Stampa Cattolica","description":"Per una cultura che nasce dalla Rivelazione cristiana in conformit\u00e0 alla tradizione e al Magistero della Chiesa in opposizione ad ogni relativismo e totalitarismo","publisher":{"@id":"https:\/\/www.rassegnastampa-totustuus.it\/cattolica\/#organization"},"alternateName":"Rass. Cattolica","potentialAction":[{"@type":"SearchAction","target":{"@type":"EntryPoint","urlTemplate":"https:\/\/www.rassegnastampa-totustuus.it\/cattolica\/?s={search_term_string}"},"query-input":{"@type":"PropertyValueSpecification","valueRequired":true,"valueName":"search_term_string"}}],"inLanguage":"it-IT"},{"@type":"Organization","@id":"https:\/\/www.rassegnastampa-totustuus.it\/cattolica\/#organization","name":"Rassegna Stampa Cattolica","url":"https:\/\/www.rassegnastampa-totustuus.it\/cattolica\/","logo":{"@type":"ImageObject","inLanguage":"it-IT","@id":"https:\/\/www.rassegnastampa-totustuus.it\/cattolica\/#\/schema\/logo\/image\/","url":"https:\/\/www.rassegnastampa-totustuus.it\/cattolica\/wp-content\/uploads\/2014\/04\/logo-rassegna1.gif","contentUrl":"https:\/\/www.rassegnastampa-totustuus.it\/cattolica\/wp-content\/uploads\/2014\/04\/logo-rassegna1.gif","width":600,"height":163,"caption":"Rassegna Stampa Cattolica"},"image":{"@id":"https:\/\/www.rassegnastampa-totustuus.it\/cattolica\/#\/schema\/logo\/image\/"},"sameAs":["https:\/\/www.facebook.com\/rassegnastampacattolica","https:\/\/x.com\/rassegnastampa9"]},{"@type":"Person","@id":"https:\/\/www.rassegnastampa-totustuus.it\/cattolica\/#\/schema\/person\/08f319d2bd1a0904ad9e2bfb7b15e5c3","name":"Redazione","image":{"@type":"ImageObject","inLanguage":"it-IT","@id":"https:\/\/secure.gravatar.com\/avatar\/2fcdf27c78ea025fbdb44e914cc63c72249ffec9dc8aafd5c82b26240ef3f346?s=96&d=mm&r=g","url":"https:\/\/secure.gravatar.com\/avatar\/2fcdf27c78ea025fbdb44e914cc63c72249ffec9dc8aafd5c82b26240ef3f346?s=96&d=mm&r=g","contentUrl":"https:\/\/secure.gravatar.com\/avatar\/2fcdf27c78ea025fbdb44e914cc63c72249ffec9dc8aafd5c82b26240ef3f346?s=96&d=mm&r=g","caption":"Redazione"},"url":"https:\/\/www.rassegnastampa-totustuus.it\/cattolica\/author\/pietroelle\/"}]}},"_links":{"self":[{"href":"https:\/\/www.rassegnastampa-totustuus.it\/cattolica\/wp-json\/wp\/v2\/posts\/48436","targetHints":{"allow":["GET"]}}],"collection":[{"href":"https:\/\/www.rassegnastampa-totustuus.it\/cattolica\/wp-json\/wp\/v2\/posts"}],"about":[{"href":"https:\/\/www.rassegnastampa-totustuus.it\/cattolica\/wp-json\/wp\/v2\/types\/post"}],"author":[{"embeddable":true,"href":"https:\/\/www.rassegnastampa-totustuus.it\/cattolica\/wp-json\/wp\/v2\/users\/6"}],"replies":[{"embeddable":true,"href":"https:\/\/www.rassegnastampa-totustuus.it\/cattolica\/wp-json\/wp\/v2\/comments?post=48436"}],"version-history":[{"count":1,"href":"https:\/\/www.rassegnastampa-totustuus.it\/cattolica\/wp-json\/wp\/v2\/posts\/48436\/revisions"}],"predecessor-version":[{"id":48440,"href":"https:\/\/www.rassegnastampa-totustuus.it\/cattolica\/wp-json\/wp\/v2\/posts\/48436\/revisions\/48440"}],"wp:featuredmedia":[{"embeddable":true,"href":"https:\/\/www.rassegnastampa-totustuus.it\/cattolica\/wp-json\/wp\/v2\/media\/48439"}],"wp:attachment":[{"href":"https:\/\/www.rassegnastampa-totustuus.it\/cattolica\/wp-json\/wp\/v2\/media?parent=48436"}],"wp:term":[{"taxonomy":"category","embeddable":true,"href":"https:\/\/www.rassegnastampa-totustuus.it\/cattolica\/wp-json\/wp\/v2\/categories?post=48436"},{"taxonomy":"post_tag","embeddable":true,"href":"https:\/\/www.rassegnastampa-totustuus.it\/cattolica\/wp-json\/wp\/v2\/tags?post=48436"}],"curies":[{"name":"wp","href":"https:\/\/api.w.org\/{rel}","templated":true}]}}