{"id":4843,"date":"2011-12-07T00:00:00","date_gmt":"2011-12-06T23:00:00","guid":{"rendered":""},"modified":"2015-11-12T10:41:47","modified_gmt":"2015-11-12T09:41:47","slug":"separazioni-pap-sempre-pi-soli","status":"publish","type":"post","link":"https:\/\/www.rassegnastampa-totustuus.it\/cattolica\/separazioni-pap-sempre-pi-soli\/","title":{"rendered":"Separazioni, pap&agrave; sempre pi&ugrave; soli"},"content":{"rendered":"<div style=\"text-align: center;\"><strong><a href=\"https:\/\/www.rassegnastampa-totustuus.it\/cattolica\/wp-content\/uploads\/2011\/12\/affido-condiviso.jpg\"><img loading=\"lazy\" decoding=\"async\" class=\"alignleft wp-image-27532\" src=\"https:\/\/www.rassegnastampa-totustuus.it\/cattolica\/wp-content\/uploads\/2011\/12\/affido-condiviso.jpg\" alt=\"affido condiviso\" width=\"250\" height=\"163\" \/><\/a>Il Messaggero<\/strong> venerd\u00ec 2 dicembre 2011<\/div>\n<p style=\"text-align: center;\">\u00a0<em>L\u2019affido condiviso si rivela un flop<\/em><\/p>\n<p style=\"text-align: center;\"><strong>Maria Lombardi<\/strong><\/p>\n<p style=\"text-align: justify;\"><!--more--><br \/>\nROMA &#8211; \u00abCaro pap\u00e0, mi sono iscritta su facebook per seguire <em>la <\/em>tua vita, per sapere cosa fai e come vivi senza me. Perch\u00e9 non vieni pi\u00f9 a scuola a prendermi? Perch\u00e9 devo sentirmi sola e umiliata dalla tua indifferenza?\u00bb. Cos\u00ec scrive una figlia di 15 anni che si sente ex, proprio come la madre.<\/p>\n<p style=\"text-align: justify;\">Solo che lei non ha deciso nulla. Non ha firmato nessuna carta in tribunale e fatica a capire perch\u00e9 adesso si ritrova con un genitore soltanto.Come tanti figli costretti a rinunciare a una met\u00e0 della vita: un milione e mezzo in <em>dieci <\/em>anni i bambini e i ragazzi coinvolti nelle liti. Poco o niente \u00e8 cambiato con l&#8217;affido condiviso.<\/p>\n<p style=\"text-align: justify;\">La legge 54 del <em>2006 <\/em>che avrebbe dovuto segnare la rivincita dei padri &#8211; quasi sempre tagliati fuori dalla famiglia dopo la rottura &#8211; e il tanto sperato trionfo della \u00abbigenitorialit\u00e0\u00bb: mamma e pap\u00e0 che si prendono insieme cura dei figli, dividono tempo, spese e impegno anche se non sono pi\u00f9 marito e moglie. Un fallimento, dicono a distanza di qualche anno, avvocati e psicologi.<\/p>\n<p style=\"text-align: justify;\">\u00abQuella legge \u00e8 una scatola vuota priva di contenuti\u00bb, Gian Ettore Gassani, presidente dell&#8217;Ami (l&#8217;associazione avvocati matrimonialisti italiani) ha dedicato al naufragio della normativa pi\u00f9 di un capitolo del suo libro sul mondo dei matrimoni che finiscono in tribunale, \u00abI perplessi sposi\u00bb (Aliberti editore).<\/p>\n<p style=\"text-align: justify;\">Eppure l&#8217;affido condiviso \u00e8 applicato nell&#8217;ottanta per cento dei casi in Italia, altrove in Europa funziona benissimo. \u00abMa la nostra cultura ancora tradizionalista e l&#8217;atteggiamento conservatore della magistratura e degli addetti ai lavori- aggiunge Gassani &#8211; hanno impedito finora il compimento delle nuove regole\u00bb. &#8230;. .<\/p>\n<p style=\"text-align: justify;\">Cos\u00ec l&#8217;affidamento condiviso \u00e8 stato finora un contentino dato ai padri. \u00abNella sostanza per\u00f2 i tempi concessi al genitore che non vive con il figlio sono sovrapponibili a quelli di quando era in vigore l&#8217;affidamento a un solo genitore\u00bb, spiega Gassani. Un paio di pomeriggi a settimana, un week-end ogni due, il mese di vacanza.<\/p>\n<p style=\"text-align: justify;\">Sono 950mila i padri che riescono a vedere i figli solo un giorno a settimana. Cos\u00ec le nuove norme diventano \u00abuna presa in giro\u00bb e chi non vive in casa &#8211; come prima, nella maggior parte dei casi il padre &#8211; resta confinato nel ruolo di accompagnatore al luna-park o al cinema. Tanto pi\u00f9 che le sanzioni per chi ostacola gli incontri \u00absono rare, simboliche e del tutto inutili\u00bb. Tante volte la scelta \u00e8 affidata ai figli, anche piccoli: \u00abvuoi vedere pap\u00e0?\u00bb oppure \u00abvuoi vedere mamma?\u00bb. come se un bambino potesse decidere.<\/p>\n<p style=\"text-align: justify;\">\u00abPurtroppo nel nostro paese esiste la cultura del matrimonio ma non quelladella genitorialit\u00e0\u00bb, Maria Beatrice Toro .psicologa e psicoterapeuta, \u00e8 esperta di mediazione. \u00abCapita di proporla a qualche coppia particolarmente in contrasto e di sentirsi rispondere: ma io non quello non voglio parlare. Il che tradisce una visione che mette al centro l&#8217;adulto e non il bambino.<\/p>\n<p style=\"text-align: justify;\">Se si accetta un percorso di questo genere \u00e8 per evitare danni fisici e psichici ai figli non per se stessi\u00bb. Difficile farlo capire a genitori \u00absempre pi\u00f9 adolescenti che regrediscono, soprattutto nel primo anno della separazione, verso la litigiosit\u00e0, si lasciano in modo indecoroso, vanno via da casa con un senso di ribellione nei confronti del partner come giovani in cerca di affermazione della propria identit\u00e0.<\/p>\n<p style=\"text-align: justify;\">Non \u00e8 un caso \u00abse la violenza in famiglia \u00e8 in aumento\u00bb, dice Gassani, Violenza invisibile, \u00absolo nel 7 per cento dei casi si arriva alla denuncia\u00bb. Cos\u00ec come cresce la schiera dei nuovi poveri, padri che una separazione ha mandato sul lastrico, 90mila solo a Roma. \u00abChi dorme in macchina, chi ha comprato un camper, chi vive con <em>300 <\/em>euro <em>al <\/em>mese e non pu\u00f2 vedere i figli perch\u00e9 non ha dove ospitarli\u00bb, aggiunge il presidente dell&#8217;Ami. Proprio come il protagonista della miniserie di Raiuno.<\/p>\n<p style=\"text-align: justify;\">\u00abIl diritto di famiglia \u00e8 un malato terminale senza regola certe &#8211; commenta Gassani &#8211; si dovrebbe stabilire che un genitore non pu\u00f2 versare per il mantenimento pi\u00f9 del 50 per cento della busta paga. Bisogna tutelare i figli ma anche i padri\u00bb. In 250mila vivono in condizioni di indigenza, \u00abda barboni, impossibilitati ormai a essere genitori\u00bb.<\/p>\n","protected":false},"excerpt":{"rendered":"<p>Il Messaggero venerd\u00ec 2 dicembre 2011 \u00a0L\u2019affido condiviso si rivela un flop Maria Lombardi<\/p><p><a class=\"more-link btn\" href=\"https:\/\/www.rassegnastampa-totustuus.it\/cattolica\/separazioni-pap-sempre-pi-soli\/\">Continua a leggere<\/a><\/p>\n","protected":false},"author":6,"featured_media":27532,"comment_status":"closed","ping_status":"open","sticky":false,"template":"","format":"standard","meta":{"footnotes":""},"categories":[15],"tags":[2017,2016],"class_list":["post-4843","post","type-post","status-publish","format-standard","has-post-thumbnail","hentry","category-famiglia","tag-affido-condiviso","tag-separazioni","item-wrap"],"yoast_head":"<!-- This site is optimized with the Yoast SEO plugin v27.5 - https:\/\/yoast.com\/product\/yoast-seo-wordpress\/ -->\n<title>Separazioni, pap&agrave; sempre pi&ugrave; soli - Rassegna Stampa Cattolica<\/title>\n<meta name=\"description\" content=\"Rassegna Stampa Cattolica - Per una cultura che nasce dalla Rivelazione cristiana in conformit\u00e0 alla tradizione e al Magistero della Chiesa in opposizione ad ogni relativismo e totalitarismo\" \/>\n<meta name=\"robots\" content=\"index, follow, max-snippet:-1, max-image-preview:large, max-video-preview:-1\" \/>\n<link rel=\"canonical\" href=\"https:\/\/www.rassegnastampa-totustuus.it\/cattolica\/separazioni-pap-sempre-pi-soli\/\" \/>\n<meta property=\"og:locale\" content=\"it_IT\" \/>\n<meta property=\"og:type\" content=\"article\" \/>\n<meta property=\"og:title\" content=\"Separazioni, pap&agrave; sempre pi&ugrave; soli - Rassegna Stampa Cattolica\" \/>\n<meta property=\"og:description\" content=\"Rassegna Stampa Cattolica - Per una cultura che nasce dalla Rivelazione cristiana in conformit\u00e0 alla tradizione e al Magistero della Chiesa in opposizione ad ogni relativismo e totalitarismo\" \/>\n<meta property=\"og:url\" content=\"https:\/\/www.rassegnastampa-totustuus.it\/cattolica\/separazioni-pap-sempre-pi-soli\/\" \/>\n<meta property=\"og:site_name\" content=\"Rassegna Stampa Cattolica\" \/>\n<meta property=\"article:publisher\" content=\"https:\/\/www.facebook.com\/rassegnastampacattolica\" \/>\n<meta property=\"article:published_time\" content=\"2011-12-06T23:00:00+00:00\" \/>\n<meta property=\"article:modified_time\" content=\"2015-11-12T09:41:47+00:00\" \/>\n<meta property=\"og:image\" content=\"https:\/\/www.rassegnastampa-totustuus.it\/cattolica\/wp-content\/uploads\/2011\/12\/affido-condiviso.jpg\" \/>\n\t<meta property=\"og:image:width\" content=\"278\" \/>\n\t<meta property=\"og:image:height\" content=\"181\" \/>\n\t<meta property=\"og:image:type\" content=\"image\/jpeg\" \/>\n<meta name=\"author\" content=\"Redazione\" \/>\n<meta name=\"twitter:card\" content=\"summary_large_image\" \/>\n<meta name=\"twitter:creator\" content=\"@rassegnastampa9\" \/>\n<meta name=\"twitter:site\" content=\"@rassegnastampa9\" \/>\n<meta name=\"twitter:label1\" content=\"Scritto da\" \/>\n\t<meta name=\"twitter:data1\" content=\"Redazione\" \/>\n\t<meta name=\"twitter:label2\" content=\"Tempo di lettura stimato\" \/>\n\t<meta name=\"twitter:data2\" content=\"3 minuti\" \/>\n<script type=\"application\/ld+json\" class=\"yoast-schema-graph\">{\"@context\":\"https:\\\/\\\/schema.org\",\"@graph\":[{\"@type\":\"Article\",\"@id\":\"https:\\\/\\\/www.rassegnastampa-totustuus.it\\\/cattolica\\\/separazioni-pap-sempre-pi-soli\\\/#article\",\"isPartOf\":{\"@id\":\"https:\\\/\\\/www.rassegnastampa-totustuus.it\\\/cattolica\\\/separazioni-pap-sempre-pi-soli\\\/\"},\"author\":{\"name\":\"Redazione\",\"@id\":\"https:\\\/\\\/www.rassegnastampa-totustuus.it\\\/cattolica\\\/#\\\/schema\\\/person\\\/08f319d2bd1a0904ad9e2bfb7b15e5c3\"},\"headline\":\"Separazioni, pap&agrave; sempre pi&ugrave; soli\",\"datePublished\":\"2011-12-06T23:00:00+00:00\",\"dateModified\":\"2015-11-12T09:41:47+00:00\",\"mainEntityOfPage\":{\"@id\":\"https:\\\/\\\/www.rassegnastampa-totustuus.it\\\/cattolica\\\/separazioni-pap-sempre-pi-soli\\\/\"},\"wordCount\":696,\"publisher\":{\"@id\":\"https:\\\/\\\/www.rassegnastampa-totustuus.it\\\/cattolica\\\/#organization\"},\"image\":{\"@id\":\"https:\\\/\\\/www.rassegnastampa-totustuus.it\\\/cattolica\\\/separazioni-pap-sempre-pi-soli\\\/#primaryimage\"},\"thumbnailUrl\":\"https:\\\/\\\/www.rassegnastampa-totustuus.it\\\/cattolica\\\/wp-content\\\/uploads\\\/2011\\\/12\\\/affido-condiviso.jpg\",\"keywords\":[\"affido condiviso\",\"separazioni\"],\"articleSection\":[\"Famiglia\"],\"inLanguage\":\"it-IT\"},{\"@type\":\"WebPage\",\"@id\":\"https:\\\/\\\/www.rassegnastampa-totustuus.it\\\/cattolica\\\/separazioni-pap-sempre-pi-soli\\\/\",\"url\":\"https:\\\/\\\/www.rassegnastampa-totustuus.it\\\/cattolica\\\/separazioni-pap-sempre-pi-soli\\\/\",\"name\":\"Separazioni, pap&agrave; sempre pi&ugrave; soli - Rassegna Stampa Cattolica\",\"isPartOf\":{\"@id\":\"https:\\\/\\\/www.rassegnastampa-totustuus.it\\\/cattolica\\\/#website\"},\"primaryImageOfPage\":{\"@id\":\"https:\\\/\\\/www.rassegnastampa-totustuus.it\\\/cattolica\\\/separazioni-pap-sempre-pi-soli\\\/#primaryimage\"},\"image\":{\"@id\":\"https:\\\/\\\/www.rassegnastampa-totustuus.it\\\/cattolica\\\/separazioni-pap-sempre-pi-soli\\\/#primaryimage\"},\"thumbnailUrl\":\"https:\\\/\\\/www.rassegnastampa-totustuus.it\\\/cattolica\\\/wp-content\\\/uploads\\\/2011\\\/12\\\/affido-condiviso.jpg\",\"datePublished\":\"2011-12-06T23:00:00+00:00\",\"dateModified\":\"2015-11-12T09:41:47+00:00\",\"description\":\"Rassegna Stampa Cattolica - Per una cultura che nasce dalla Rivelazione cristiana in conformit\u00e0 alla tradizione e al Magistero della Chiesa in opposizione ad ogni relativismo e totalitarismo\",\"breadcrumb\":{\"@id\":\"https:\\\/\\\/www.rassegnastampa-totustuus.it\\\/cattolica\\\/separazioni-pap-sempre-pi-soli\\\/#breadcrumb\"},\"inLanguage\":\"it-IT\",\"potentialAction\":[{\"@type\":\"ReadAction\",\"target\":[\"https:\\\/\\\/www.rassegnastampa-totustuus.it\\\/cattolica\\\/separazioni-pap-sempre-pi-soli\\\/\"]}]},{\"@type\":\"ImageObject\",\"inLanguage\":\"it-IT\",\"@id\":\"https:\\\/\\\/www.rassegnastampa-totustuus.it\\\/cattolica\\\/separazioni-pap-sempre-pi-soli\\\/#primaryimage\",\"url\":\"https:\\\/\\\/www.rassegnastampa-totustuus.it\\\/cattolica\\\/wp-content\\\/uploads\\\/2011\\\/12\\\/affido-condiviso.jpg\",\"contentUrl\":\"https:\\\/\\\/www.rassegnastampa-totustuus.it\\\/cattolica\\\/wp-content\\\/uploads\\\/2011\\\/12\\\/affido-condiviso.jpg\",\"width\":278,\"height\":181},{\"@type\":\"BreadcrumbList\",\"@id\":\"https:\\\/\\\/www.rassegnastampa-totustuus.it\\\/cattolica\\\/separazioni-pap-sempre-pi-soli\\\/#breadcrumb\",\"itemListElement\":[{\"@type\":\"ListItem\",\"position\":1,\"name\":\"Home\",\"item\":\"https:\\\/\\\/www.rassegnastampa-totustuus.it\\\/cattolica\\\/\"},{\"@type\":\"ListItem\",\"position\":2,\"name\":\"Separazioni, pap&agrave; sempre pi&ugrave; soli\"}]},{\"@type\":\"WebSite\",\"@id\":\"https:\\\/\\\/www.rassegnastampa-totustuus.it\\\/cattolica\\\/#website\",\"url\":\"https:\\\/\\\/www.rassegnastampa-totustuus.it\\\/cattolica\\\/\",\"name\":\"Rassegna Stampa Cattolica\",\"description\":\"Per una cultura che nasce dalla Rivelazione cristiana in conformit\u00e0 alla tradizione e al Magistero della Chiesa in opposizione ad ogni relativismo e totalitarismo\",\"publisher\":{\"@id\":\"https:\\\/\\\/www.rassegnastampa-totustuus.it\\\/cattolica\\\/#organization\"},\"alternateName\":\"Rass. Cattolica\",\"potentialAction\":[{\"@type\":\"SearchAction\",\"target\":{\"@type\":\"EntryPoint\",\"urlTemplate\":\"https:\\\/\\\/www.rassegnastampa-totustuus.it\\\/cattolica\\\/?s={search_term_string}\"},\"query-input\":{\"@type\":\"PropertyValueSpecification\",\"valueRequired\":true,\"valueName\":\"search_term_string\"}}],\"inLanguage\":\"it-IT\"},{\"@type\":\"Organization\",\"@id\":\"https:\\\/\\\/www.rassegnastampa-totustuus.it\\\/cattolica\\\/#organization\",\"name\":\"Rassegna Stampa Cattolica\",\"url\":\"https:\\\/\\\/www.rassegnastampa-totustuus.it\\\/cattolica\\\/\",\"logo\":{\"@type\":\"ImageObject\",\"inLanguage\":\"it-IT\",\"@id\":\"https:\\\/\\\/www.rassegnastampa-totustuus.it\\\/cattolica\\\/#\\\/schema\\\/logo\\\/image\\\/\",\"url\":\"https:\\\/\\\/www.rassegnastampa-totustuus.it\\\/cattolica\\\/wp-content\\\/uploads\\\/2014\\\/04\\\/logo-rassegna1.gif\",\"contentUrl\":\"https:\\\/\\\/www.rassegnastampa-totustuus.it\\\/cattolica\\\/wp-content\\\/uploads\\\/2014\\\/04\\\/logo-rassegna1.gif\",\"width\":600,\"height\":163,\"caption\":\"Rassegna Stampa Cattolica\"},\"image\":{\"@id\":\"https:\\\/\\\/www.rassegnastampa-totustuus.it\\\/cattolica\\\/#\\\/schema\\\/logo\\\/image\\\/\"},\"sameAs\":[\"https:\\\/\\\/www.facebook.com\\\/rassegnastampacattolica\",\"https:\\\/\\\/x.com\\\/rassegnastampa9\"]},{\"@type\":\"Person\",\"@id\":\"https:\\\/\\\/www.rassegnastampa-totustuus.it\\\/cattolica\\\/#\\\/schema\\\/person\\\/08f319d2bd1a0904ad9e2bfb7b15e5c3\",\"name\":\"Redazione\",\"image\":{\"@type\":\"ImageObject\",\"inLanguage\":\"it-IT\",\"@id\":\"https:\\\/\\\/secure.gravatar.com\\\/avatar\\\/2fcdf27c78ea025fbdb44e914cc63c72249ffec9dc8aafd5c82b26240ef3f346?s=96&d=mm&r=g\",\"url\":\"https:\\\/\\\/secure.gravatar.com\\\/avatar\\\/2fcdf27c78ea025fbdb44e914cc63c72249ffec9dc8aafd5c82b26240ef3f346?s=96&d=mm&r=g\",\"contentUrl\":\"https:\\\/\\\/secure.gravatar.com\\\/avatar\\\/2fcdf27c78ea025fbdb44e914cc63c72249ffec9dc8aafd5c82b26240ef3f346?s=96&d=mm&r=g\",\"caption\":\"Redazione\"},\"url\":\"https:\\\/\\\/www.rassegnastampa-totustuus.it\\\/cattolica\\\/author\\\/pietroelle\\\/\"}]}<\/script>\n<!-- \/ Yoast SEO plugin. -->","yoast_head_json":{"title":"Separazioni, pap&agrave; sempre pi&ugrave; soli - Rassegna Stampa Cattolica","description":"Rassegna Stampa Cattolica - Per una cultura che nasce dalla Rivelazione cristiana in conformit\u00e0 alla tradizione e al Magistero della Chiesa in opposizione ad ogni relativismo e totalitarismo","robots":{"index":"index","follow":"follow","max-snippet":"max-snippet:-1","max-image-preview":"max-image-preview:large","max-video-preview":"max-video-preview:-1"},"canonical":"https:\/\/www.rassegnastampa-totustuus.it\/cattolica\/separazioni-pap-sempre-pi-soli\/","og_locale":"it_IT","og_type":"article","og_title":"Separazioni, pap&agrave; sempre pi&ugrave; soli - Rassegna Stampa Cattolica","og_description":"Rassegna Stampa Cattolica - Per una cultura che nasce dalla Rivelazione cristiana in conformit\u00e0 alla tradizione e al Magistero della Chiesa in opposizione ad ogni relativismo e totalitarismo","og_url":"https:\/\/www.rassegnastampa-totustuus.it\/cattolica\/separazioni-pap-sempre-pi-soli\/","og_site_name":"Rassegna Stampa Cattolica","article_publisher":"https:\/\/www.facebook.com\/rassegnastampacattolica","article_published_time":"2011-12-06T23:00:00+00:00","article_modified_time":"2015-11-12T09:41:47+00:00","og_image":[{"width":278,"height":181,"url":"https:\/\/www.rassegnastampa-totustuus.it\/cattolica\/wp-content\/uploads\/2011\/12\/affido-condiviso.jpg","type":"image\/jpeg"}],"author":"Redazione","twitter_card":"summary_large_image","twitter_creator":"@rassegnastampa9","twitter_site":"@rassegnastampa9","twitter_misc":{"Scritto da":"Redazione","Tempo di lettura stimato":"3 minuti"},"schema":{"@context":"https:\/\/schema.org","@graph":[{"@type":"Article","@id":"https:\/\/www.rassegnastampa-totustuus.it\/cattolica\/separazioni-pap-sempre-pi-soli\/#article","isPartOf":{"@id":"https:\/\/www.rassegnastampa-totustuus.it\/cattolica\/separazioni-pap-sempre-pi-soli\/"},"author":{"name":"Redazione","@id":"https:\/\/www.rassegnastampa-totustuus.it\/cattolica\/#\/schema\/person\/08f319d2bd1a0904ad9e2bfb7b15e5c3"},"headline":"Separazioni, pap&agrave; sempre pi&ugrave; soli","datePublished":"2011-12-06T23:00:00+00:00","dateModified":"2015-11-12T09:41:47+00:00","mainEntityOfPage":{"@id":"https:\/\/www.rassegnastampa-totustuus.it\/cattolica\/separazioni-pap-sempre-pi-soli\/"},"wordCount":696,"publisher":{"@id":"https:\/\/www.rassegnastampa-totustuus.it\/cattolica\/#organization"},"image":{"@id":"https:\/\/www.rassegnastampa-totustuus.it\/cattolica\/separazioni-pap-sempre-pi-soli\/#primaryimage"},"thumbnailUrl":"https:\/\/www.rassegnastampa-totustuus.it\/cattolica\/wp-content\/uploads\/2011\/12\/affido-condiviso.jpg","keywords":["affido condiviso","separazioni"],"articleSection":["Famiglia"],"inLanguage":"it-IT"},{"@type":"WebPage","@id":"https:\/\/www.rassegnastampa-totustuus.it\/cattolica\/separazioni-pap-sempre-pi-soli\/","url":"https:\/\/www.rassegnastampa-totustuus.it\/cattolica\/separazioni-pap-sempre-pi-soli\/","name":"Separazioni, pap&agrave; sempre pi&ugrave; soli - Rassegna Stampa Cattolica","isPartOf":{"@id":"https:\/\/www.rassegnastampa-totustuus.it\/cattolica\/#website"},"primaryImageOfPage":{"@id":"https:\/\/www.rassegnastampa-totustuus.it\/cattolica\/separazioni-pap-sempre-pi-soli\/#primaryimage"},"image":{"@id":"https:\/\/www.rassegnastampa-totustuus.it\/cattolica\/separazioni-pap-sempre-pi-soli\/#primaryimage"},"thumbnailUrl":"https:\/\/www.rassegnastampa-totustuus.it\/cattolica\/wp-content\/uploads\/2011\/12\/affido-condiviso.jpg","datePublished":"2011-12-06T23:00:00+00:00","dateModified":"2015-11-12T09:41:47+00:00","description":"Rassegna Stampa Cattolica - Per una cultura che nasce dalla Rivelazione cristiana in conformit\u00e0 alla tradizione e al Magistero della Chiesa in opposizione ad ogni relativismo e totalitarismo","breadcrumb":{"@id":"https:\/\/www.rassegnastampa-totustuus.it\/cattolica\/separazioni-pap-sempre-pi-soli\/#breadcrumb"},"inLanguage":"it-IT","potentialAction":[{"@type":"ReadAction","target":["https:\/\/www.rassegnastampa-totustuus.it\/cattolica\/separazioni-pap-sempre-pi-soli\/"]}]},{"@type":"ImageObject","inLanguage":"it-IT","@id":"https:\/\/www.rassegnastampa-totustuus.it\/cattolica\/separazioni-pap-sempre-pi-soli\/#primaryimage","url":"https:\/\/www.rassegnastampa-totustuus.it\/cattolica\/wp-content\/uploads\/2011\/12\/affido-condiviso.jpg","contentUrl":"https:\/\/www.rassegnastampa-totustuus.it\/cattolica\/wp-content\/uploads\/2011\/12\/affido-condiviso.jpg","width":278,"height":181},{"@type":"BreadcrumbList","@id":"https:\/\/www.rassegnastampa-totustuus.it\/cattolica\/separazioni-pap-sempre-pi-soli\/#breadcrumb","itemListElement":[{"@type":"ListItem","position":1,"name":"Home","item":"https:\/\/www.rassegnastampa-totustuus.it\/cattolica\/"},{"@type":"ListItem","position":2,"name":"Separazioni, pap&agrave; sempre pi&ugrave; soli"}]},{"@type":"WebSite","@id":"https:\/\/www.rassegnastampa-totustuus.it\/cattolica\/#website","url":"https:\/\/www.rassegnastampa-totustuus.it\/cattolica\/","name":"Rassegna Stampa Cattolica","description":"Per una cultura che nasce dalla Rivelazione cristiana in conformit\u00e0 alla tradizione e al Magistero della Chiesa in opposizione ad ogni relativismo e totalitarismo","publisher":{"@id":"https:\/\/www.rassegnastampa-totustuus.it\/cattolica\/#organization"},"alternateName":"Rass. Cattolica","potentialAction":[{"@type":"SearchAction","target":{"@type":"EntryPoint","urlTemplate":"https:\/\/www.rassegnastampa-totustuus.it\/cattolica\/?s={search_term_string}"},"query-input":{"@type":"PropertyValueSpecification","valueRequired":true,"valueName":"search_term_string"}}],"inLanguage":"it-IT"},{"@type":"Organization","@id":"https:\/\/www.rassegnastampa-totustuus.it\/cattolica\/#organization","name":"Rassegna Stampa Cattolica","url":"https:\/\/www.rassegnastampa-totustuus.it\/cattolica\/","logo":{"@type":"ImageObject","inLanguage":"it-IT","@id":"https:\/\/www.rassegnastampa-totustuus.it\/cattolica\/#\/schema\/logo\/image\/","url":"https:\/\/www.rassegnastampa-totustuus.it\/cattolica\/wp-content\/uploads\/2014\/04\/logo-rassegna1.gif","contentUrl":"https:\/\/www.rassegnastampa-totustuus.it\/cattolica\/wp-content\/uploads\/2014\/04\/logo-rassegna1.gif","width":600,"height":163,"caption":"Rassegna Stampa Cattolica"},"image":{"@id":"https:\/\/www.rassegnastampa-totustuus.it\/cattolica\/#\/schema\/logo\/image\/"},"sameAs":["https:\/\/www.facebook.com\/rassegnastampacattolica","https:\/\/x.com\/rassegnastampa9"]},{"@type":"Person","@id":"https:\/\/www.rassegnastampa-totustuus.it\/cattolica\/#\/schema\/person\/08f319d2bd1a0904ad9e2bfb7b15e5c3","name":"Redazione","image":{"@type":"ImageObject","inLanguage":"it-IT","@id":"https:\/\/secure.gravatar.com\/avatar\/2fcdf27c78ea025fbdb44e914cc63c72249ffec9dc8aafd5c82b26240ef3f346?s=96&d=mm&r=g","url":"https:\/\/secure.gravatar.com\/avatar\/2fcdf27c78ea025fbdb44e914cc63c72249ffec9dc8aafd5c82b26240ef3f346?s=96&d=mm&r=g","contentUrl":"https:\/\/secure.gravatar.com\/avatar\/2fcdf27c78ea025fbdb44e914cc63c72249ffec9dc8aafd5c82b26240ef3f346?s=96&d=mm&r=g","caption":"Redazione"},"url":"https:\/\/www.rassegnastampa-totustuus.it\/cattolica\/author\/pietroelle\/"}]}},"_links":{"self":[{"href":"https:\/\/www.rassegnastampa-totustuus.it\/cattolica\/wp-json\/wp\/v2\/posts\/4843","targetHints":{"allow":["GET"]}}],"collection":[{"href":"https:\/\/www.rassegnastampa-totustuus.it\/cattolica\/wp-json\/wp\/v2\/posts"}],"about":[{"href":"https:\/\/www.rassegnastampa-totustuus.it\/cattolica\/wp-json\/wp\/v2\/types\/post"}],"author":[{"embeddable":true,"href":"https:\/\/www.rassegnastampa-totustuus.it\/cattolica\/wp-json\/wp\/v2\/users\/6"}],"replies":[{"embeddable":true,"href":"https:\/\/www.rassegnastampa-totustuus.it\/cattolica\/wp-json\/wp\/v2\/comments?post=4843"}],"version-history":[{"count":4,"href":"https:\/\/www.rassegnastampa-totustuus.it\/cattolica\/wp-json\/wp\/v2\/posts\/4843\/revisions"}],"predecessor-version":[{"id":27533,"href":"https:\/\/www.rassegnastampa-totustuus.it\/cattolica\/wp-json\/wp\/v2\/posts\/4843\/revisions\/27533"}],"wp:featuredmedia":[{"embeddable":true,"href":"https:\/\/www.rassegnastampa-totustuus.it\/cattolica\/wp-json\/wp\/v2\/media\/27532"}],"wp:attachment":[{"href":"https:\/\/www.rassegnastampa-totustuus.it\/cattolica\/wp-json\/wp\/v2\/media?parent=4843"}],"wp:term":[{"taxonomy":"category","embeddable":true,"href":"https:\/\/www.rassegnastampa-totustuus.it\/cattolica\/wp-json\/wp\/v2\/categories?post=4843"},{"taxonomy":"post_tag","embeddable":true,"href":"https:\/\/www.rassegnastampa-totustuus.it\/cattolica\/wp-json\/wp\/v2\/tags?post=4843"}],"curies":[{"name":"wp","href":"https:\/\/api.w.org\/{rel}","templated":true}]}}