{"id":48381,"date":"2020-09-17T00:00:11","date_gmt":"2020-09-16T22:00:11","guid":{"rendered":"http:\/\/www.rassegnastampa-totustuus.it\/cattolica\/?p=48381"},"modified":"2020-09-14T13:36:44","modified_gmt":"2020-09-14T11:36:44","slug":"trump-i-suoi-peggiori-critici-e-la-diagnosi-al-di-fuori-di-un-contesto-clinico-2020","status":"publish","type":"post","link":"https:\/\/www.rassegnastampa-totustuus.it\/cattolica\/trump-i-suoi-peggiori-critici-e-la-diagnosi-al-di-fuori-di-un-contesto-clinico-2020\/","title":{"rendered":"Trump, i suoi peggiori critici e la diagnosi al di fuori di un contesto clinico (2020)"},"content":{"rendered":"<p style=\"text-align: center;\"><strong><a href=\"https:\/\/www.rassegnastampa-totustuus.it\/cattolica\/wp-content\/uploads\/2020\/06\/psichiatria_mente.jpg\"><img loading=\"lazy\" decoding=\"async\" class=\"size-full wp-image-47568 alignright\" src=\"https:\/\/www.rassegnastampa-totustuus.it\/cattolica\/wp-content\/uploads\/2020\/06\/psichiatria_mente.jpg\" alt=\"\" width=\"259\" height=\"194\" \/><\/a>PsyPolitics<\/strong> A blog about the psy disciplines and politics<\/p>\n<p style=\"text-align: center;\">20 Settembre 2020<\/p>\n<p style=\"text-align: center;\"><em>Opposti che giocano allo stesso gioco?<\/em><\/p>\n<p style=\"text-align: center;\">di <strong>Federico Soldani<\/strong><\/p>\n<p><!--more--><\/p>\n<p style=\"text-align: justify;\">Qual \u00e8 l\u2019ultima cosa a cui un paziente costretto a essere ricoverato in ospedale per ragioni di salute mentale non pu\u00f2 essere legalmente costretto? Secondo i diversi contesti legali, con significative variazioni nazionali e statali, come ultima risorsa, un paziente pu\u00f2 essere costretto al ricovero stesso, per osservazione o cura.<\/p>\n<p style=\"text-align: justify;\">Se necessario, anche il trattamento fisico per la salute mentale pu\u00f2 diventare obbligatorio: farmaci o, pi\u00f9 raramente, procedure come il trattamento elettro-convulsivo. Tuttavia, i pazienti non possono essere costretti ad aprirsi contro la loro volont\u00e0, o a \u201cconfessare\u201d, per usare un termine foucaultiano in un contesto clinico [1].<\/p>\n<p style=\"text-align: justify;\"><a href=\"https:\/\/www.rassegnastampa-totustuus.it\/cattolica\/wp-content\/uploads\/2019\/10\/ospedale_psichiatrico.jpg\"><img loading=\"lazy\" decoding=\"async\" class=\"size-full wp-image-44534 alignleft\" src=\"https:\/\/www.rassegnastampa-totustuus.it\/cattolica\/wp-content\/uploads\/2019\/10\/ospedale_psichiatrico.jpg\" alt=\"\" width=\"264\" height=\"191\" \/><\/a>Ancor meno, nessuno pu\u00f2 essere legalmente obbligato a fare psicoterapia. Alla fine, tali decisioni relative all\u2019apertura rimangono una prerogativa di ogni paziente, indipendentemente dalle circostanze. La collaborazione del paziente pu\u00f2 essere raggiunta indirettamente, forse pi\u00f9 facilmente in un contesto forense in cui i soggiorni sono molto pi\u00f9 lunghi, ma in ultima analisi, se un paziente non vuole parlare o aprirsi non pu\u00f2 essere costretto legalmente.<\/p>\n<p style=\"text-align: justify;\">A riprova di ci\u00f2, come gi\u00e0 accennato, contrariamente a medicinali o dispositivi \/ procedure, i trattamenti psicologici non possono essere forniti come misure obbligatorie. Richiedono una collaborazione volontaria come prerequisito. Anche nella fase in cui sono coinvolte solo l\u2019osservazione, la valutazione del rischio e la diagnosi, prima che qualsiasi trattamento sia contemplato o deciso, un paziente \u00e8 consapevole dell\u2019ambiente clinico e pu\u00f2 presentare ricorso contro il ricovero; o su una decisione clinica; oppure pu\u00f2 prendere misure per chiedere di considerare altre diagnosi, se giustificato da una sintomatologia non ponderata in precedenza, ad esempio; oppure pu\u00f2 adottare misure affinch\u00e9 la valutazione del rischio tenga conto delle proprie opinioni.<\/p>\n<p style=\"text-align: justify;\"><a href=\"https:\/\/www.rassegnastampa-totustuus.it\/cattolica\/wp-content\/uploads\/2005\/07\/psichiatria.jpg\"><img loading=\"lazy\" decoding=\"async\" class=\"size-full wp-image-28113 alignright\" src=\"https:\/\/www.rassegnastampa-totustuus.it\/cattolica\/wp-content\/uploads\/2005\/07\/psichiatria.jpg\" alt=\"\" width=\"241\" height=\"209\" \/><\/a>Le diagnosi psichiatriche si basano su un classico, e fino ad oggi considerato inequivocabilmente essenziale, colloquio faccia a faccia. Questo \u00e8 in aggiunta alle precedenti cartelle cliniche e alla storia collaterale da terze parti. Pi\u00f9 l\u2019intervista \u00e8 collaborativa e aperta, meglio \u00e8 dal punto di vista diagnostico e prognostico. In un contesto clinico, quando viene adottata l\u2019opzione di ultima istanza del ricovero obbligatorio, la diagnosi e la valutazione del rischio possono avvenire dopo un colloquio faccia a faccia.<\/p>\n<p style=\"text-align: justify;\">Ad un certo livello il paziente pu\u00f2 avere ancora voce in capitolo, anche se ricoverato involontariamente in ospedale per ragioni di salute mentale. Oltre a un senso di libert\u00e0 di azione sul fatto che la collaborazione rimane una propria prerogativa, pu\u00f2 effettivamente e in ogni circostanza decidere se collaborare, aprirsi, impegnarsi. O meno.<\/p>\n<p style=\"text-align: justify;\">Ma cosa succede se il requisito di base per un colloquio faccia a faccia per la valutazione diventa obsoleto a seguito del progresso tecnologico e dei corrispondenti cambiamenti culturali? E se, per esempio, potessimo diagnosticare e valutare il rischio non solo senza il consenso dei pazienti ma anche a loro insaputa? O ancora di pi\u00f9, senza che un cittadino sappia di essere, o di essere visto come, un paziente psichiatrico in primo luogo?<\/p>\n<p style=\"text-align: justify;\"><a href=\"https:\/\/www.rassegnastampa-totustuus.it\/cattolica\/wp-content\/uploads\/2020\/09\/psichiatria.jpg\"><img loading=\"lazy\" decoding=\"async\" class=\"size-full wp-image-48384 alignleft\" src=\"https:\/\/www.rassegnastampa-totustuus.it\/cattolica\/wp-content\/uploads\/2020\/09\/psichiatria.jpg\" alt=\"\" width=\"257\" height=\"196\" \/><\/a>E se tale processo diagnostico venisse accettato nel tempo come effettivamente pi\u00f9 accurato di quello che coinvolge coscientemente e consapevolmente il paziente attraverso un classico colloquio clinico? E se potessimo potenzialmente valutare e diagnosticare su scala di massa tutti i cittadini, trattati in questo modo non solo come pazienti, ma in realt\u00e0 non avendo alcuna voce in questo processo? Che sarebbero effettivamente, per certi versi almeno, in una situazione anche peggiore di un paziente ricoverato involontariamente in ospedale?<\/p>\n<p style=\"text-align: justify;\">Un cittadino che rimarrebbe inconsapevole del processo diagnostico, o che forse saprebbe con pi\u00f9 o meno chiarezza che a livello di popolazione tale processo \u00e8 potenzialmente in corso, ma non avrebbe scelta e nessuna voce in capitolo, forse a causa di presunte ragioni di sicurezza pubblica, sul suo caso specifico o su tale fenomeno collettivo, eminentemente politico?<\/p>\n<p style=\"text-align: justify;\">Alcuni dei peggiori critici del 45\u00b0 presidente degli Stati Uniti d\u2019America, Donald .J. Trump, del cosiddetto movimento \u201cDuty to Warn\u201d (\u201cDovere di Allertare\u201d), hanno sostenuto che la collaborazione del presidente non \u00e8 necessaria per una diagnosi e forse ancora di pi\u00f9 per una valutazione della pericolosit\u00e0 [2].<\/p>\n<p style=\"text-align: justify;\"><a href=\"https:\/\/www.rassegnastampa-totustuus.it\/cattolica\/wp-content\/uploads\/2018\/01\/Donald_Trump.jpg\"><img loading=\"lazy\" decoding=\"async\" class=\"size-full wp-image-39536 alignright\" src=\"https:\/\/www.rassegnastampa-totustuus.it\/cattolica\/wp-content\/uploads\/2018\/01\/Donald_Trump.jpg\" alt=\"\" width=\"259\" height=\"194\" \/><\/a>Secondo tale punto di vista, i fatti noti esistenti sarebbero sufficienti e offrirebbero effettivamente un quadro diagnostico pi\u00f9 accurato rispetto a un colloquio psichiatrico standard, compreso uno per la valutazione del rischio. I sostenitori di tale punto di vista implicano, tra le altre cose, che un paziente potrebbe, ad esempio, mentire durante un colloquio; al contrario, fatti esistenti abbondanti e gi\u00e0 documentati sarebbero difficili da cambiare opportunamente post-hoc qualora venga eseguita una valutazione psichiatrica.<\/p>\n<p style=\"text-align: justify;\">\u00c8 un fatto in gran parte sconosciuto e dimenticato, che ho appreso di recente nelle mie letture storiche, che uno dei due fondatori del bolscevismo, insieme a Lenin, era il medico e psichiatra <a href=\"https:\/\/it.wikipedia.org\/wiki\/Aleksandr_Aleksandrovi%C4%8D_Bogdanov\" target=\"_blank\" rel=\"noreferrer noopener\">Alexander Bogdanov, all\u2019anagrafe Malinovsky.<\/a> Bogdanov scrisse la prima utopia bolscevica, \u201cStella Rossa\u201d, e svilupp\u00f2 una disciplina di organizzazione generale chiamata <a href=\"https:\/\/it.wikipedia.org\/wiki\/Aleksandr_Aleksandrovi%C4%8D_Bogdanov#Filosofo:_l'Empiriomonismo_e_la_Tectologia\" target=\"_blank\" rel=\"noreferrer noopener\">tectologia<\/a>, che fu usata per la pianificazione economica quinquennale dell\u2019URSS; la tectologia oggi \u00e8 considerata un precursore della teoria dei sistemi e della <a href=\"https:\/\/it.wikipedia.org\/wiki\/Cibernetica\" target=\"_blank\" rel=\"noreferrer noopener\">cibernetica<\/a>, il fondamento della <a href=\"https:\/\/it.wikipedia.org\/wiki\/Industria_4.0#:~:text=Il%20termine%20Industria%204.0%20indica,la%20qualit%C3%A0%20produttiva%20degli%20impianti\" target=\"_blank\" rel=\"noreferrer noopener\">rivoluzione dell\u2019automazione<\/a> in corso.<\/p>\n<div id=\"attachment_48386\" style=\"width: 142px\" class=\"wp-caption alignleft\"><a href=\"https:\/\/www.rassegnastampa-totustuus.it\/cattolica\/wp-content\/uploads\/2020\/09\/Alexander_Bogdanov_Urss.jpg\"><img loading=\"lazy\" decoding=\"async\" aria-describedby=\"caption-attachment-48386\" class=\"wp-image-48386\" src=\"https:\/\/www.rassegnastampa-totustuus.it\/cattolica\/wp-content\/uploads\/2020\/09\/Alexander_Bogdanov_Urss.jpg\" alt=\"\" width=\"142\" height=\"190\" \/><\/a><p id=\"caption-attachment-48386\" class=\"wp-caption-text\">Alexander Bogdanov_<\/p><\/div>\n<p style=\"text-align: justify;\">Mezzo secolo dopo la nascita dell\u2019URSS, durante l\u2019era Breznev, si diffuse la <a href=\"https:\/\/it.wikipedia.org\/wiki\/Utilizzo_della_psichiatria_a_fini_politici_in_Unione_Sovietica\" target=\"_blank\" rel=\"noreferrer noopener\">psichiatria politica<\/a>: i dissidenti venivano diagnosticati e ricoverati contro la loro volont\u00e0, tipicamente etichettati come <a href=\"https:\/\/it.wikipedia.org\/wiki\/Utilizzo_della_psichiatria_a_fini_politici_in_Unione_Sovietica#Basi_teoriche\" target=\"_blank\" rel=\"noreferrer noopener\">\u201cschizofrenia sotto-soglia\u201d<\/a>. Bogdanov ha avuto un ruolo di primo piano nella rivoluzione bolscevica. Nei suoi scritti ha chiarito come non ci fosse bisogno di garanzie legali per affrontare i \u201cmalati mentali\u201d.<\/p>\n<p style=\"text-align: justify;\">In un passaggio notevole sull\u2019<a href=\"https:\/\/www.marxists.org\/archive\/bogdanov\/1919\/socialism.htm\" target=\"_blank\" rel=\"noreferrer noopener\">organizzazione della societ\u00e0 socialista<\/a>, ha scritto: \u201c<em>Quando la societ\u00e0 cesser\u00e0 di essere anarchica e si svilupper\u00e0 nella forma armoniosa di un\u2019organizzazione simmetrica, le contraddizioni vitali nel suo ambiente cesseranno di essere un fenomeno fondamentale e permanente e diventeranno parziali e casuali. Le norme obbligatorie sono una sorta di \u201clegge\u201d nel senso che devono regolare i fenomeni ripetuti che derivano dalla struttura stessa della societ\u00e0; ovviamente con il nuovo sistema perderanno questo significato. Le contraddizioni casuali e parziali in mezzo a un senso sociale altamente sviluppato e con una conoscenza altamente sviluppata possono essere facilmente superate senza l\u2019ausilio di \u201cleggi\u201d speciali obbligatoriamente eseguite dall&#8217;\u201dautorit\u00e0<\/em>\u201d.<\/p>\n<p style=\"text-align: justify;\"><a href=\"https:\/\/www.rassegnastampa-totustuus.it\/cattolica\/wp-content\/uploads\/2019\/11\/Urss_manicomi.jpg\"><img loading=\"lazy\" decoding=\"async\" class=\"size-full wp-image-45086 alignright\" src=\"https:\/\/www.rassegnastampa-totustuus.it\/cattolica\/wp-content\/uploads\/2019\/11\/Urss_manicomi.jpg\" alt=\"\" width=\"242\" height=\"208\" \/><\/a>Ad esempio, se una persona con disturbi mentali minaccia un pericolo e un danno ad altri, non \u00e8 necessario disporre di \u201cleggi\u201d e organi di \u201cautorit\u00e0\u201d speciali per rimuovere tale contraddizione; gli insegnamenti della scienza sono sufficienti per indicare le misure con cui curare quella persona, e il senso sociale delle persone che lo circondano sar\u00e0 sufficiente per prevenire qualsiasi esplosione di violenza da parte sua, applicandogli il minimo di violenza.<\/p>\n<p style=\"text-align: justify;\">Tutto il significato delle norme obbligatorie in una forma pi\u00f9 elevata di societ\u00e0 si perde.\u201d [3] Quindi, in una societ\u00e0 altamente sviluppata e organizzata, la scienza ha la meglio sul diritto, rendendo il diritto non necessario; dal punto di vista di Bogdanov, la costrizione diventerebbe non pi\u00f9 una vera costrizione. I dissidenti politici apparentemente non sono contemplati da tale visione; nel peggiore dei casi potrebbero qualificarsi come una \u201ccontraddizione parziale e casuale\u201d in un sistema altrimenti armonioso \u201caltamente sviluppato\u201d.<\/p>\n<p style=\"text-align: justify;\">Il filosofo <a href=\"https:\/\/it.wikipedia.org\/wiki\/Nikolaj_Aleksandrovi%C4%8D_Berdjaev\" target=\"_blank\" rel=\"noreferrer noopener\">Berdyev<\/a> ha ricordato nelle sue memorie come Bodganov tendesse a non prestare molta attenzione al contenuto delle loro discussioni filosofiche. Invece, Bogdanov sembrava concentrarsi sullo stato mentale e sulla valutazione del comportamento, su azioni e reazioni, come se il suo collega filosofo Berdyev fosse una macchina biologica che necessita di osservazione esterna, controllo e possibile riparazione.<\/p>\n<div id=\"attachment_48388\" style=\"width: 264px\" class=\"wp-caption alignleft\"><a href=\"https:\/\/www.rassegnastampa-totustuus.it\/cattolica\/wp-content\/uploads\/2020\/09\/Bogdanov_Lenin_Urss.jpg\"><img loading=\"lazy\" decoding=\"async\" aria-describedby=\"caption-attachment-48388\" class=\"wp-image-48388 size-full\" src=\"https:\/\/www.rassegnastampa-totustuus.it\/cattolica\/wp-content\/uploads\/2020\/09\/Bogdanov_Lenin_Urss.jpg\" alt=\"\" width=\"264\" height=\"191\" \/><\/a><p id=\"caption-attachment-48388\" class=\"wp-caption-text\">Bogdanov e Lenin a Capri nel 1909<\/p><\/div>\n<p style=\"text-align: justify;\">\u201c<em>In qualche modo curiosi erano i miei rapporti con Bogdanov\u201d<\/em> \u2013 scrive Berdyev \u2013 \u201c<em>Ero considerato un \u201cidealista\u201d intriso di ricerche metafisiche. Per Bogdanov questo era un fenomeno completamente anormale. Originariamente si era qualificato come psichiatra. Cominci\u00f2 a farmi visita spesso. Notai che mi poneva sistematicamente domande incomprensibili: come mi sentivo al mattino; come avevo dormito; quali erano state le mie reazioni a questo e quello e cos\u00ec via. Emerse che la mia inclinazione verso l\u2019idealismo e la metafisica, erano da lui considerate i sintomi di un disturbo mentale incipiente, e voleva stabilire fino a che punto questa malattia fosse progredita<\/em>\u201d. [4]<\/p>\n<p style=\"text-align: justify;\">Dall\u2019altra parte dello spettro politico rispetto a Bogdanov, c\u2019era lo psichiatra tedesco <a href=\"https:\/\/it.wikipedia.org\/wiki\/Emil_Kraepelin\" target=\"_blank\" rel=\"noreferrer noopener\">Emil Kraepelin<\/a>, ampiamente considerato la figura di maggior spicco nella storia della psichiatria biologica. Fece la distinzione fondamentale, fino ad oggi ritenuta valida, tra \u201cdemenza precoce\u201d (pi\u00f9 o meno quella che chiamiamo schizofrenia) e psicosi maniaco-depressive.<\/p>\n<p style=\"text-align: justify;\"><a href=\"https:\/\/www.rassegnastampa-totustuus.it\/cattolica\/wp-content\/uploads\/2020\/09\/Emil_Kraepelin_psichiatria.jpg\"><img loading=\"lazy\" decoding=\"async\" class=\"size-full wp-image-48389 alignright\" src=\"https:\/\/www.rassegnastampa-totustuus.it\/cattolica\/wp-content\/uploads\/2020\/09\/Emil_Kraepelin_psichiatria.jpg\" alt=\"\" width=\"260\" height=\"193\" \/><\/a>Nella misura in cui non \u00e8 richiesta un\u2019intervista per la valutazione o la classificazione diagnostica in psichiatria, ci\u00f2 potrebbe ricordare Kraepelin, che aveva lavorato in gran parte osservando e registrando il comportamento dei pazienti nel tempo. Infatti, non era in grado di parlare la lingua, l\u2019estone, della maggior parte dei suoi pazienti quando lavorava sulla sua distinzione fondamentale.<\/p>\n<p style=\"text-align: justify;\">Da notare, Kraepelin era anche un sostenitore dell\u2019uso politico della psichiatria, poich\u00e9 secondo le sue opinioni <a href=\"https:\/\/www.ncbi.nlm.nih.gov\/pmc\/articles\/PMC2927892\/#CIT7\" target=\"_blank\" rel=\"noreferrer noopener\">i socialisti e gli oppositori della prima guerra mondiale erano giudicati malati di mente<\/a>. [5]<\/p>\n<p style=\"text-align: justify;\">Al giorno d\u2019oggi, all\u2019inizio del decennio degli anni \u201920, il linguaggio \u201ccontagioso\u201d della psichiatria applicato alla politica potrebbe essere definito \u201cpsyspeak\u201d (<strong>\u201cpsico-lingua\u201d<\/strong>) o <strong>\u201clessico ideopatologico\u201d<\/strong>, come ho recentemente proposto all\u2019inizio di settembre 2019 durante <a href=\"https:\/\/youtu.be\/l_yyv_jzfI0\" target=\"_blank\" rel=\"noreferrer noopener\">una relazione tenuta al Royal College of Psychiatrists di Londra<\/a>. [6]<\/p>\n<p style=\"text-align: justify;\"><a href=\"https:\/\/www.rassegnastampa-totustuus.it\/cattolica\/wp-content\/uploads\/2020\/09\/Bernie_Sanders_Usa.jpg\"><img loading=\"lazy\" decoding=\"async\" class=\"size-medium wp-image-48390 alignleft\" src=\"https:\/\/www.rassegnastampa-totustuus.it\/cattolica\/wp-content\/uploads\/2020\/09\/Bernie_Sanders_Usa-300x150.jpg\" alt=\"\" width=\"300\" height=\"150\" srcset=\"https:\/\/www.rassegnastampa-totustuus.it\/cattolica\/wp-content\/uploads\/2020\/09\/Bernie_Sanders_Usa-300x150.jpg 300w, https:\/\/www.rassegnastampa-totustuus.it\/cattolica\/wp-content\/uploads\/2020\/09\/Bernie_Sanders_Usa.jpg 318w\" sizes=\"auto, (max-width: 300px) 100vw, 300px\" \/><\/a>L\u2019ultimo esempio, tra i troppi per essere contato, \u00e8 la rivista libertarian Reason che definisce le proposte politiche del <a href=\"https:\/\/reason.com\/2020\/02\/19\/the-socialist-delusions-of-bernie-sanders\/\" target=\"_blank\" rel=\"noreferrer noopener\">candidato alle primarie presidenziali Sanders \u201cdeliri socialisti\u201d<\/a>. [7] Trump sta infatti prendendo seriamente in considerazione l\u2019agenda \u00c8 interessante notare che l\u2019idea di diagnosticare e valutare il rischio senza la partecipazione volontaria, il consenso o persino la conoscenza di qualcuno, forse inconsapevole anche del fatto stesso di essere visto come un \u201cpaziente\u201d, viene ora ripresa dall\u2019amministrazione Trump.<\/p>\n<p style=\"text-align: justify;\">L\u2019amministrazione di un presidente che dovrebbe essere contrario, almeno in teoria, ad alcuni degli stessi metodi proposti dai suoi critici per diagnosticarlo. Metodi che ha rifiutato per se stesso, figura politica eletta democraticamente; vale a dire, valutare e diagnosticare senza un colloquio necessario in un contesto clinico.<\/p>\n<p style=\"text-align: justify;\"><a href=\"https:\/\/www.rassegnastampa-totustuus.it\/cattolica\/wp-content\/uploads\/2018\/08\/uomo-massa.jpg\"><img loading=\"lazy\" decoding=\"async\" class=\"size-medium wp-image-40846 alignright\" src=\"https:\/\/www.rassegnastampa-totustuus.it\/cattolica\/wp-content\/uploads\/2018\/08\/uomo-massa-300x136.jpg\" alt=\"\" width=\"300\" height=\"136\" srcset=\"https:\/\/www.rassegnastampa-totustuus.it\/cattolica\/wp-content\/uploads\/2018\/08\/uomo-massa-300x136.jpg 300w, https:\/\/www.rassegnastampa-totustuus.it\/cattolica\/wp-content\/uploads\/2018\/08\/uomo-massa.jpg 334w\" sizes=\"auto, (max-width: 300px) 100vw, 300px\" \/><\/a>L\u2019amministrazione della <a href=\"https:\/\/www.washingtonpost.com\/politics\/2019\/08\/22\/white-house-considers-new-project-seeking-links-between-mental-health-violent-behavior\/\" target=\"_blank\" rel=\"noreferrer noopener\">\u201cdiagnosi digitale\u201d per i cittadini<\/a>, forse attraverso una nuova agenzia federale che potrebbe andare sotto il nome di HARPA (Health Advanced Research Projects Agency), secondo tra le altre fonti il Washington Post. Secondo una copia della proposta, un\u2019agenzia del genere svilupperebbe \u201ctecnologie innovative con elevata specificit\u00e0 e sensibilit\u00e0 per la diagnosi precoce della violenza neuropsichiatrica\u201d.<\/p>\n<p style=\"text-align: justify;\">\u201cUna soluzione multi-modalit\u00e0, insieme all\u2019analisi dei dati in tempo reale, \u00e8 necessaria per ottenere una diagnosi cos\u00ec accurata.\u201d [8] Inoltre, in qualche modo rilevante per tali tecnologie, la cosiddetta <a href=\"https:\/\/en.wikipedia.org\/wiki\/Digital_phenotyping\" target=\"_blank\" rel=\"noreferrer noopener\">\u201cfenotipizzazione digitale\u201d<\/a> [9] \u00e8 attualmente una nuovissima area di ricerca e business. Ci sono start-up californiane dedicate, come quella dell\u2019<a href=\"https:\/\/en.wikipedia.org\/wiki\/Thomas_R._Insel\" target=\"_blank\" rel=\"noreferrer noopener\">ex direttore del NIMH Thomas Insel<\/a> (N.B.: il National Institute of Mental Health \u00e8 il pi\u00f9 grande centro di ricerche psichiatriche al mondo), uno psichiatra che ha studiato in modo prominente i modelli animali del cervello sociale, l\u2019ansia di separazione e il ruolo di molecole come la vasopressina e l\u2019ossitocina.<\/p>\n<p style=\"text-align: justify;\"><a href=\"https:\/\/www.rassegnastampa-totustuus.it\/cattolica\/wp-content\/uploads\/2019\/10\/google_logo.jpg\"><img loading=\"lazy\" decoding=\"async\" class=\"size-medium wp-image-44898 alignleft\" src=\"https:\/\/www.rassegnastampa-totustuus.it\/cattolica\/wp-content\/uploads\/2019\/10\/google_logo-300x162.jpg\" alt=\"\" width=\"300\" height=\"162\" srcset=\"https:\/\/www.rassegnastampa-totustuus.it\/cattolica\/wp-content\/uploads\/2019\/10\/google_logo-300x162.jpg 300w, https:\/\/www.rassegnastampa-totustuus.it\/cattolica\/wp-content\/uploads\/2019\/10\/google_logo.jpg 305w\" sizes=\"auto, (max-width: 300px) 100vw, 300px\" \/><\/a>Dopo quasi 15 anni come direttore del NIMH \u00e8 andato a lavorare per Google, fondando in seguito la sua societ\u00e0 per la \u201cfenotipizzazione digitale\u201d. In un clima simile di progressi tecnologici, secondo le proposte di una nuova agenzia federale riportate dalla stampa, i fatti noti esistenti, codificati come dati, potrebbero essere utilizzati dal governo per diagnosticare i cittadini e prevedere il comportamento; valutare il rischio e la pericolosit\u00e0 tramite qualsiasi fonte di dati digitali disponibile, dagli smartphone, ai dispositivi per il benessere \/ fitness e cos\u00ec via.<\/p>\n<p style=\"text-align: justify;\">Una volta inseriti i dati, il consenso e la collaborazione dei cittadini non sarebbero necessari per archiviare, replicare, conservare i dati e, cruciale, per eseguire una valutazione diagnostica o sul rischio. Se, ad esempio, le persone potessero optare per essere escluse da tali database in primo luogo, individualmente o collettivamente, ci\u00f2 vanificherebbe lo scopo di classificare, \u201ctaggare\u201d o etichettare elettronicamente gli individui e prevederne patterns comportamentali rischiosi in base ad algoritmi e informazioni digitali disponibili.<\/p>\n<p style=\"text-align: justify;\"><a href=\"https:\/\/www.rassegnastampa-totustuus.it\/cattolica\/wp-content\/uploads\/2019\/10\/manicomio_pazzia.jpg\"><img loading=\"lazy\" decoding=\"async\" class=\"size-full wp-image-44529 alignright\" src=\"https:\/\/www.rassegnastampa-totustuus.it\/cattolica\/wp-content\/uploads\/2019\/10\/manicomio_pazzia.jpg\" alt=\"\" width=\"240\" height=\"210\" \/><\/a>Non sarebbe necessario il consenso o la conoscenza di una valutazione a distanza di questo tipo da parte dei <strong>cittadini-diventati-pazienti<\/strong>. Tra i tanti aspri disaccordi in un paese polarizzato come mai prima d\u2019ora, almeno su una questione Trump e i suoi peggiori critici sembrerebbero concordare a un certo livello: diagnosi e valutazione del rischio basate sul coinvolgimento conscio, consapevole, preferibilmente volontario di un soggetto che sa di essere un paziente, e che implichino un colloquio necessario in un contesto clinico, sembrano sempre pi\u00f9 istituzioni appartenenti al passato.<\/p>\n<p style=\"text-align: justify;\">Il rischio reale \u00e8 politico e democratico. Ovvero che un tale nuovo contesto tecnico \u201cclinico\u201d si estenda a tutta la societ\u00e0, aggirando efficacemente i diritti e le garanzie legali e costituzionali dei cittadini.<\/p>\n<p style=\"text-align: justify;\">_____________________<\/p>\n<p style=\"text-align: justify;\">[1] Foucault, M. (2003). <em>Le pouvoir psychiatrique\u202f: cours au Coll\u00e8ge de France, 1973-1974<\/em>. Paris Seuil Gallimard.<\/p>\n<p style=\"text-align: justify;\">[2] Gartner, J., Langford, A. and O\u2019Brien, A. (2018). It is ethical to diagnose a public figure one has not personally examined. <em>The British Journal of Psychiatry<\/em>, 213, pp.633\u2013637. Available at: <a href=\"https:\/\/www.ncbi.nlm.nih.gov\/pubmed\/30236170\" target=\"_blank\" rel=\"noopener noreferrer\">https:\/\/www.ncbi.nlm.nih.gov\/pubmed\/30236170<\/a>.<\/p>\n<p style=\"text-align: justify;\">[3] <a href=\"http:\/\/www.marxists.org\/\" target=\"_blank\" rel=\"noopener noreferrer\">http:\/\/www.marxists.org<\/a>. (n.d.). <em>Socially Organised Society: Socialist Society by Alexander Bogdanov 1919<\/em>. [online] Available at: <a href=\"https:\/\/www.marxists.org\/archive\/bogdanov\/1919\/socialism.htm\" target=\"_blank\" rel=\"noopener noreferrer\">https:\/\/www.marxists.org\/archive\/bogdanov\/1919\/socialism.htm<\/a> [Accessed 27 Jun. 2020].<\/p>\n<p style=\"text-align: justify;\">[4] White, J.D. (2019). <em>Red Hamlet\u202f: the life and ideas of Alexander Bogdanov<\/em>. Leiden\u202f; Boston: Brill.<\/p>\n<p style=\"text-align: justify;\">[5] Bar, K.-J. and Ebert, A. (2010). Emil Kraepelin: A pioneer of scientific understanding of psychiatry and psychopharmacology.\u00a0<em>Indian Journal of Psychiatry<\/em>, [online] 52, p.191. Available at: <a href=\"https:\/\/www.ncbi.nlm.nih.gov\/pmc\/articles\/PMC2927892\/\" target=\"_blank\" rel=\"noopener noreferrer\">https:\/\/www.ncbi.nlm.nih.gov\/pmc\/articles\/PMC2927892\/<\/a>.<\/p>\n<p style=\"text-align: justify;\">[6] Soldani, F. (2019). <em>Are we witnessing the emergence of a new global psychiatric power? (2019)<\/em>. [online] Foucault News. Available at: <a href=\"https:\/\/michel-foucault.com\/2019\/12\/19\/are-we-witnessing-the-emergence-of-a-new-global-psychiatric-power-2019\/\" target=\"_blank\" rel=\"noopener noreferrer\">https:\/\/michel-foucault.com\/2019\/12\/19\/are-we-witnessing-the-emergence-of-a-new-global-psychiatric-power-2019\/<\/a> [Accessed 27 Jun. 2020].<\/p>\n<p style=\"text-align: justify;\">[7] Stossel, J. (2020). <em>The Socialist Delusions of Bernie Sanders<\/em>. [online] Reason.com. Available at: <a href=\"https:\/\/reason.com\/2020\/02\/19\/the-socialist-delusions-of-bernie-sanders\/\" target=\"_blank\" rel=\"noopener noreferrer\">https:\/\/reason.com\/2020\/02\/19\/the-socialist-delusions-of-bernie-sanders\/<\/a> [Accessed 27 Jun. 2020].<\/p>\n<p style=\"text-align: justify;\">[8] Alemany, J. (2019).\u00a0<em>White House considers new project seeking links between mental health and violent behavior<\/em>. [online] Washington Post. Available at: <a href=\"https:\/\/www.washingtonpost.com\/politics\/2019\/08\/22\/white-house-considers-new-project-seeking-links-between-mental-health-violent-behavior\/\" target=\"_blank\" rel=\"noopener noreferrer\">https:\/\/www.washingtonpost.com\/politics\/2019\/08\/22\/white-house-considers-new-project-seeking-links-between-mental-health-violent-behavior\/<\/a> [Accessed 27 Jun. 2020].<\/p>\n<p style=\"text-align: justify;\">[9] Insel, T.R. (2018). Digital phenotyping: a global tool for psychiatry.\u00a0<em>World Psychiatry<\/em>, [online] 17, pp.276\u2013277. Available at: <a href=\"https:\/\/onlinelibrary.wiley.com\/doi\/full\/10.1002\/wps.20550\" target=\"_blank\" rel=\"noopener noreferrer\">https:\/\/onlinelibrary.wiley.com\/doi\/full\/10.1002\/wps.20550<\/a> [Accessed 24 Apr. 2020].<\/p>\n<p style=\"text-align: center;\">* * *<\/p>\n<p style=\"text-align: justify;\"><em>Questo articolo era destinato al blog \u201cMad in America\u201d, che lo ha richiesto, inizialmente accettato, e dopo l\u2019ultima revisione e aggiunta della parte su Bogdanov, ha deciso infine di non pubblicarlo. \u00c8 stato pubblicato in modo indipendente dall\u2019autore tramite social media il 15 marzo 2020 e pubblicato sul blog PsyPolitics.org il 27 giugno.<\/em><\/p>\n","protected":false},"excerpt":{"rendered":"<p>PsyPolitics A blog about the psy disciplines and politics 20 Settembre 2020 Opposti che giocano allo stesso gioco? di Federico Soldani<\/p><p><a class=\"more-link btn\" href=\"https:\/\/www.rassegnastampa-totustuus.it\/cattolica\/trump-i-suoi-peggiori-critici-e-la-diagnosi-al-di-fuori-di-un-contesto-clinico-2020\/\">Continua a leggere<\/a><\/p>\n","protected":false},"author":6,"featured_media":48382,"comment_status":"closed","ping_status":"closed","sticky":false,"template":"","format":"standard","meta":{"footnotes":""},"categories":[105,25,80],"tags":[309,558,237],"class_list":["post-48381","post","type-post","status-publish","format-standard","has-post-thumbnail","hentry","category-psichiatria-e-psicanalisi","category-sguardo-sul-nostro-tempo","category-totalitarismo","tag-psichiatria","tag-sguardo-sul-nostro-tempo-2","tag-totalitarismo-2","item-wrap"],"yoast_head":"<!-- This site is optimized with the Yoast SEO plugin v27.5 - https:\/\/yoast.com\/product\/yoast-seo-wordpress\/ -->\n<title>Trump, i suoi peggiori critici e la diagnosi al di fuori di un contesto clinico (2020) - Rassegna Stampa Cattolica<\/title>\n<meta name=\"description\" content=\"Rassegna Stampa Cattolica - Per una cultura che nasce dalla Rivelazione cristiana in conformit\u00e0 alla tradizione e al Magistero della Chiesa in opposizione ad ogni relativismo e totalitarismo\" \/>\n<meta name=\"robots\" content=\"index, follow, max-snippet:-1, max-image-preview:large, max-video-preview:-1\" \/>\n<link rel=\"canonical\" href=\"https:\/\/www.rassegnastampa-totustuus.it\/cattolica\/trump-i-suoi-peggiori-critici-e-la-diagnosi-al-di-fuori-di-un-contesto-clinico-2020\/\" \/>\n<meta property=\"og:locale\" content=\"it_IT\" \/>\n<meta property=\"og:type\" content=\"article\" \/>\n<meta property=\"og:title\" content=\"Trump, i suoi peggiori critici e la diagnosi al di fuori di un contesto clinico (2020) - Rassegna Stampa Cattolica\" \/>\n<meta property=\"og:description\" content=\"Rassegna Stampa Cattolica - Per una cultura che nasce dalla Rivelazione cristiana in conformit\u00e0 alla tradizione e al Magistero della Chiesa in opposizione ad ogni relativismo e totalitarismo\" \/>\n<meta property=\"og:url\" content=\"https:\/\/www.rassegnastampa-totustuus.it\/cattolica\/trump-i-suoi-peggiori-critici-e-la-diagnosi-al-di-fuori-di-un-contesto-clinico-2020\/\" \/>\n<meta property=\"og:site_name\" content=\"Rassegna Stampa Cattolica\" \/>\n<meta property=\"article:publisher\" content=\"https:\/\/www.facebook.com\/rassegnastampacattolica\" \/>\n<meta property=\"article:published_time\" content=\"2020-09-16T22:00:11+00:00\" \/>\n<meta property=\"og:image\" content=\"https:\/\/www.rassegnastampa-totustuus.it\/cattolica\/wp-content\/uploads\/2020\/09\/psichiatria_labirinto.jpg\" \/>\n\t<meta property=\"og:image:width\" content=\"1920\" \/>\n\t<meta property=\"og:image:height\" content=\"600\" \/>\n\t<meta property=\"og:image:type\" content=\"image\/jpeg\" \/>\n<meta name=\"author\" content=\"Redazione\" \/>\n<meta name=\"twitter:card\" content=\"summary_large_image\" \/>\n<meta name=\"twitter:creator\" content=\"@rassegnastampa9\" \/>\n<meta name=\"twitter:site\" content=\"@rassegnastampa9\" \/>\n<meta name=\"twitter:label1\" content=\"Scritto da\" \/>\n\t<meta name=\"twitter:data1\" content=\"Redazione\" \/>\n\t<meta name=\"twitter:label2\" content=\"Tempo di lettura stimato\" \/>\n\t<meta name=\"twitter:data2\" content=\"12 minuti\" \/>\n<script type=\"application\/ld+json\" class=\"yoast-schema-graph\">{\"@context\":\"https:\\\/\\\/schema.org\",\"@graph\":[{\"@type\":\"Article\",\"@id\":\"https:\\\/\\\/www.rassegnastampa-totustuus.it\\\/cattolica\\\/trump-i-suoi-peggiori-critici-e-la-diagnosi-al-di-fuori-di-un-contesto-clinico-2020\\\/#article\",\"isPartOf\":{\"@id\":\"https:\\\/\\\/www.rassegnastampa-totustuus.it\\\/cattolica\\\/trump-i-suoi-peggiori-critici-e-la-diagnosi-al-di-fuori-di-un-contesto-clinico-2020\\\/\"},\"author\":{\"name\":\"Redazione\",\"@id\":\"https:\\\/\\\/www.rassegnastampa-totustuus.it\\\/cattolica\\\/#\\\/schema\\\/person\\\/08f319d2bd1a0904ad9e2bfb7b15e5c3\"},\"headline\":\"Trump, i suoi peggiori critici e la diagnosi al di fuori di un contesto clinico (2020)\",\"datePublished\":\"2020-09-16T22:00:11+00:00\",\"mainEntityOfPage\":{\"@id\":\"https:\\\/\\\/www.rassegnastampa-totustuus.it\\\/cattolica\\\/trump-i-suoi-peggiori-critici-e-la-diagnosi-al-di-fuori-di-un-contesto-clinico-2020\\\/\"},\"wordCount\":2364,\"publisher\":{\"@id\":\"https:\\\/\\\/www.rassegnastampa-totustuus.it\\\/cattolica\\\/#organization\"},\"image\":{\"@id\":\"https:\\\/\\\/www.rassegnastampa-totustuus.it\\\/cattolica\\\/trump-i-suoi-peggiori-critici-e-la-diagnosi-al-di-fuori-di-un-contesto-clinico-2020\\\/#primaryimage\"},\"thumbnailUrl\":\"https:\\\/\\\/www.rassegnastampa-totustuus.it\\\/cattolica\\\/wp-content\\\/uploads\\\/2020\\\/09\\\/psichiatria_labirinto.jpg\",\"keywords\":[\"psichiatria\",\"sguardo sul nostro tempo\",\"totalitarismo\"],\"articleSection\":[\"Psichiatria\",\"Sguardo sul nostro tempo\",\"Totalitarismo\"],\"inLanguage\":\"it-IT\"},{\"@type\":\"WebPage\",\"@id\":\"https:\\\/\\\/www.rassegnastampa-totustuus.it\\\/cattolica\\\/trump-i-suoi-peggiori-critici-e-la-diagnosi-al-di-fuori-di-un-contesto-clinico-2020\\\/\",\"url\":\"https:\\\/\\\/www.rassegnastampa-totustuus.it\\\/cattolica\\\/trump-i-suoi-peggiori-critici-e-la-diagnosi-al-di-fuori-di-un-contesto-clinico-2020\\\/\",\"name\":\"Trump, i suoi peggiori critici e la diagnosi al di fuori di un contesto clinico (2020) - Rassegna Stampa Cattolica\",\"isPartOf\":{\"@id\":\"https:\\\/\\\/www.rassegnastampa-totustuus.it\\\/cattolica\\\/#website\"},\"primaryImageOfPage\":{\"@id\":\"https:\\\/\\\/www.rassegnastampa-totustuus.it\\\/cattolica\\\/trump-i-suoi-peggiori-critici-e-la-diagnosi-al-di-fuori-di-un-contesto-clinico-2020\\\/#primaryimage\"},\"image\":{\"@id\":\"https:\\\/\\\/www.rassegnastampa-totustuus.it\\\/cattolica\\\/trump-i-suoi-peggiori-critici-e-la-diagnosi-al-di-fuori-di-un-contesto-clinico-2020\\\/#primaryimage\"},\"thumbnailUrl\":\"https:\\\/\\\/www.rassegnastampa-totustuus.it\\\/cattolica\\\/wp-content\\\/uploads\\\/2020\\\/09\\\/psichiatria_labirinto.jpg\",\"datePublished\":\"2020-09-16T22:00:11+00:00\",\"description\":\"Rassegna Stampa Cattolica - Per una cultura che nasce dalla Rivelazione cristiana in conformit\u00e0 alla tradizione e al Magistero della Chiesa in opposizione ad ogni relativismo e totalitarismo\",\"breadcrumb\":{\"@id\":\"https:\\\/\\\/www.rassegnastampa-totustuus.it\\\/cattolica\\\/trump-i-suoi-peggiori-critici-e-la-diagnosi-al-di-fuori-di-un-contesto-clinico-2020\\\/#breadcrumb\"},\"inLanguage\":\"it-IT\",\"potentialAction\":[{\"@type\":\"ReadAction\",\"target\":[\"https:\\\/\\\/www.rassegnastampa-totustuus.it\\\/cattolica\\\/trump-i-suoi-peggiori-critici-e-la-diagnosi-al-di-fuori-di-un-contesto-clinico-2020\\\/\"]}]},{\"@type\":\"ImageObject\",\"inLanguage\":\"it-IT\",\"@id\":\"https:\\\/\\\/www.rassegnastampa-totustuus.it\\\/cattolica\\\/trump-i-suoi-peggiori-critici-e-la-diagnosi-al-di-fuori-di-un-contesto-clinico-2020\\\/#primaryimage\",\"url\":\"https:\\\/\\\/www.rassegnastampa-totustuus.it\\\/cattolica\\\/wp-content\\\/uploads\\\/2020\\\/09\\\/psichiatria_labirinto.jpg\",\"contentUrl\":\"https:\\\/\\\/www.rassegnastampa-totustuus.it\\\/cattolica\\\/wp-content\\\/uploads\\\/2020\\\/09\\\/psichiatria_labirinto.jpg\",\"width\":1920,\"height\":600},{\"@type\":\"BreadcrumbList\",\"@id\":\"https:\\\/\\\/www.rassegnastampa-totustuus.it\\\/cattolica\\\/trump-i-suoi-peggiori-critici-e-la-diagnosi-al-di-fuori-di-un-contesto-clinico-2020\\\/#breadcrumb\",\"itemListElement\":[{\"@type\":\"ListItem\",\"position\":1,\"name\":\"Home\",\"item\":\"https:\\\/\\\/www.rassegnastampa-totustuus.it\\\/cattolica\\\/\"},{\"@type\":\"ListItem\",\"position\":2,\"name\":\"Trump, i suoi peggiori critici e la diagnosi al di fuori di un contesto clinico (2020)\"}]},{\"@type\":\"WebSite\",\"@id\":\"https:\\\/\\\/www.rassegnastampa-totustuus.it\\\/cattolica\\\/#website\",\"url\":\"https:\\\/\\\/www.rassegnastampa-totustuus.it\\\/cattolica\\\/\",\"name\":\"Rassegna Stampa Cattolica\",\"description\":\"Per una cultura che nasce dalla Rivelazione cristiana in conformit\u00e0 alla tradizione e al Magistero della Chiesa in opposizione ad ogni relativismo e totalitarismo\",\"publisher\":{\"@id\":\"https:\\\/\\\/www.rassegnastampa-totustuus.it\\\/cattolica\\\/#organization\"},\"alternateName\":\"Rass. Cattolica\",\"potentialAction\":[{\"@type\":\"SearchAction\",\"target\":{\"@type\":\"EntryPoint\",\"urlTemplate\":\"https:\\\/\\\/www.rassegnastampa-totustuus.it\\\/cattolica\\\/?s={search_term_string}\"},\"query-input\":{\"@type\":\"PropertyValueSpecification\",\"valueRequired\":true,\"valueName\":\"search_term_string\"}}],\"inLanguage\":\"it-IT\"},{\"@type\":\"Organization\",\"@id\":\"https:\\\/\\\/www.rassegnastampa-totustuus.it\\\/cattolica\\\/#organization\",\"name\":\"Rassegna Stampa Cattolica\",\"url\":\"https:\\\/\\\/www.rassegnastampa-totustuus.it\\\/cattolica\\\/\",\"logo\":{\"@type\":\"ImageObject\",\"inLanguage\":\"it-IT\",\"@id\":\"https:\\\/\\\/www.rassegnastampa-totustuus.it\\\/cattolica\\\/#\\\/schema\\\/logo\\\/image\\\/\",\"url\":\"https:\\\/\\\/www.rassegnastampa-totustuus.it\\\/cattolica\\\/wp-content\\\/uploads\\\/2014\\\/04\\\/logo-rassegna1.gif\",\"contentUrl\":\"https:\\\/\\\/www.rassegnastampa-totustuus.it\\\/cattolica\\\/wp-content\\\/uploads\\\/2014\\\/04\\\/logo-rassegna1.gif\",\"width\":600,\"height\":163,\"caption\":\"Rassegna Stampa Cattolica\"},\"image\":{\"@id\":\"https:\\\/\\\/www.rassegnastampa-totustuus.it\\\/cattolica\\\/#\\\/schema\\\/logo\\\/image\\\/\"},\"sameAs\":[\"https:\\\/\\\/www.facebook.com\\\/rassegnastampacattolica\",\"https:\\\/\\\/x.com\\\/rassegnastampa9\"]},{\"@type\":\"Person\",\"@id\":\"https:\\\/\\\/www.rassegnastampa-totustuus.it\\\/cattolica\\\/#\\\/schema\\\/person\\\/08f319d2bd1a0904ad9e2bfb7b15e5c3\",\"name\":\"Redazione\",\"image\":{\"@type\":\"ImageObject\",\"inLanguage\":\"it-IT\",\"@id\":\"https:\\\/\\\/secure.gravatar.com\\\/avatar\\\/2fcdf27c78ea025fbdb44e914cc63c72249ffec9dc8aafd5c82b26240ef3f346?s=96&d=mm&r=g\",\"url\":\"https:\\\/\\\/secure.gravatar.com\\\/avatar\\\/2fcdf27c78ea025fbdb44e914cc63c72249ffec9dc8aafd5c82b26240ef3f346?s=96&d=mm&r=g\",\"contentUrl\":\"https:\\\/\\\/secure.gravatar.com\\\/avatar\\\/2fcdf27c78ea025fbdb44e914cc63c72249ffec9dc8aafd5c82b26240ef3f346?s=96&d=mm&r=g\",\"caption\":\"Redazione\"},\"url\":\"https:\\\/\\\/www.rassegnastampa-totustuus.it\\\/cattolica\\\/author\\\/pietroelle\\\/\"}]}<\/script>\n<!-- \/ Yoast SEO plugin. -->","yoast_head_json":{"title":"Trump, i suoi peggiori critici e la diagnosi al di fuori di un contesto clinico (2020) - Rassegna Stampa Cattolica","description":"Rassegna Stampa Cattolica - Per una cultura che nasce dalla Rivelazione cristiana in conformit\u00e0 alla tradizione e al Magistero della Chiesa in opposizione ad ogni relativismo e totalitarismo","robots":{"index":"index","follow":"follow","max-snippet":"max-snippet:-1","max-image-preview":"max-image-preview:large","max-video-preview":"max-video-preview:-1"},"canonical":"https:\/\/www.rassegnastampa-totustuus.it\/cattolica\/trump-i-suoi-peggiori-critici-e-la-diagnosi-al-di-fuori-di-un-contesto-clinico-2020\/","og_locale":"it_IT","og_type":"article","og_title":"Trump, i suoi peggiori critici e la diagnosi al di fuori di un contesto clinico (2020) - Rassegna Stampa Cattolica","og_description":"Rassegna Stampa Cattolica - Per una cultura che nasce dalla Rivelazione cristiana in conformit\u00e0 alla tradizione e al Magistero della Chiesa in opposizione ad ogni relativismo e totalitarismo","og_url":"https:\/\/www.rassegnastampa-totustuus.it\/cattolica\/trump-i-suoi-peggiori-critici-e-la-diagnosi-al-di-fuori-di-un-contesto-clinico-2020\/","og_site_name":"Rassegna Stampa Cattolica","article_publisher":"https:\/\/www.facebook.com\/rassegnastampacattolica","article_published_time":"2020-09-16T22:00:11+00:00","og_image":[{"width":1920,"height":600,"url":"https:\/\/www.rassegnastampa-totustuus.it\/cattolica\/wp-content\/uploads\/2020\/09\/psichiatria_labirinto.jpg","type":"image\/jpeg"}],"author":"Redazione","twitter_card":"summary_large_image","twitter_creator":"@rassegnastampa9","twitter_site":"@rassegnastampa9","twitter_misc":{"Scritto da":"Redazione","Tempo di lettura stimato":"12 minuti"},"schema":{"@context":"https:\/\/schema.org","@graph":[{"@type":"Article","@id":"https:\/\/www.rassegnastampa-totustuus.it\/cattolica\/trump-i-suoi-peggiori-critici-e-la-diagnosi-al-di-fuori-di-un-contesto-clinico-2020\/#article","isPartOf":{"@id":"https:\/\/www.rassegnastampa-totustuus.it\/cattolica\/trump-i-suoi-peggiori-critici-e-la-diagnosi-al-di-fuori-di-un-contesto-clinico-2020\/"},"author":{"name":"Redazione","@id":"https:\/\/www.rassegnastampa-totustuus.it\/cattolica\/#\/schema\/person\/08f319d2bd1a0904ad9e2bfb7b15e5c3"},"headline":"Trump, i suoi peggiori critici e la diagnosi al di fuori di un contesto clinico (2020)","datePublished":"2020-09-16T22:00:11+00:00","mainEntityOfPage":{"@id":"https:\/\/www.rassegnastampa-totustuus.it\/cattolica\/trump-i-suoi-peggiori-critici-e-la-diagnosi-al-di-fuori-di-un-contesto-clinico-2020\/"},"wordCount":2364,"publisher":{"@id":"https:\/\/www.rassegnastampa-totustuus.it\/cattolica\/#organization"},"image":{"@id":"https:\/\/www.rassegnastampa-totustuus.it\/cattolica\/trump-i-suoi-peggiori-critici-e-la-diagnosi-al-di-fuori-di-un-contesto-clinico-2020\/#primaryimage"},"thumbnailUrl":"https:\/\/www.rassegnastampa-totustuus.it\/cattolica\/wp-content\/uploads\/2020\/09\/psichiatria_labirinto.jpg","keywords":["psichiatria","sguardo sul nostro tempo","totalitarismo"],"articleSection":["Psichiatria","Sguardo sul nostro tempo","Totalitarismo"],"inLanguage":"it-IT"},{"@type":"WebPage","@id":"https:\/\/www.rassegnastampa-totustuus.it\/cattolica\/trump-i-suoi-peggiori-critici-e-la-diagnosi-al-di-fuori-di-un-contesto-clinico-2020\/","url":"https:\/\/www.rassegnastampa-totustuus.it\/cattolica\/trump-i-suoi-peggiori-critici-e-la-diagnosi-al-di-fuori-di-un-contesto-clinico-2020\/","name":"Trump, i suoi peggiori critici e la diagnosi al di fuori di un contesto clinico (2020) - Rassegna Stampa Cattolica","isPartOf":{"@id":"https:\/\/www.rassegnastampa-totustuus.it\/cattolica\/#website"},"primaryImageOfPage":{"@id":"https:\/\/www.rassegnastampa-totustuus.it\/cattolica\/trump-i-suoi-peggiori-critici-e-la-diagnosi-al-di-fuori-di-un-contesto-clinico-2020\/#primaryimage"},"image":{"@id":"https:\/\/www.rassegnastampa-totustuus.it\/cattolica\/trump-i-suoi-peggiori-critici-e-la-diagnosi-al-di-fuori-di-un-contesto-clinico-2020\/#primaryimage"},"thumbnailUrl":"https:\/\/www.rassegnastampa-totustuus.it\/cattolica\/wp-content\/uploads\/2020\/09\/psichiatria_labirinto.jpg","datePublished":"2020-09-16T22:00:11+00:00","description":"Rassegna Stampa Cattolica - Per una cultura che nasce dalla Rivelazione cristiana in conformit\u00e0 alla tradizione e al Magistero della Chiesa in opposizione ad ogni relativismo e totalitarismo","breadcrumb":{"@id":"https:\/\/www.rassegnastampa-totustuus.it\/cattolica\/trump-i-suoi-peggiori-critici-e-la-diagnosi-al-di-fuori-di-un-contesto-clinico-2020\/#breadcrumb"},"inLanguage":"it-IT","potentialAction":[{"@type":"ReadAction","target":["https:\/\/www.rassegnastampa-totustuus.it\/cattolica\/trump-i-suoi-peggiori-critici-e-la-diagnosi-al-di-fuori-di-un-contesto-clinico-2020\/"]}]},{"@type":"ImageObject","inLanguage":"it-IT","@id":"https:\/\/www.rassegnastampa-totustuus.it\/cattolica\/trump-i-suoi-peggiori-critici-e-la-diagnosi-al-di-fuori-di-un-contesto-clinico-2020\/#primaryimage","url":"https:\/\/www.rassegnastampa-totustuus.it\/cattolica\/wp-content\/uploads\/2020\/09\/psichiatria_labirinto.jpg","contentUrl":"https:\/\/www.rassegnastampa-totustuus.it\/cattolica\/wp-content\/uploads\/2020\/09\/psichiatria_labirinto.jpg","width":1920,"height":600},{"@type":"BreadcrumbList","@id":"https:\/\/www.rassegnastampa-totustuus.it\/cattolica\/trump-i-suoi-peggiori-critici-e-la-diagnosi-al-di-fuori-di-un-contesto-clinico-2020\/#breadcrumb","itemListElement":[{"@type":"ListItem","position":1,"name":"Home","item":"https:\/\/www.rassegnastampa-totustuus.it\/cattolica\/"},{"@type":"ListItem","position":2,"name":"Trump, i suoi peggiori critici e la diagnosi al di fuori di un contesto clinico (2020)"}]},{"@type":"WebSite","@id":"https:\/\/www.rassegnastampa-totustuus.it\/cattolica\/#website","url":"https:\/\/www.rassegnastampa-totustuus.it\/cattolica\/","name":"Rassegna Stampa Cattolica","description":"Per una cultura che nasce dalla Rivelazione cristiana in conformit\u00e0 alla tradizione e al Magistero della Chiesa in opposizione ad ogni relativismo e totalitarismo","publisher":{"@id":"https:\/\/www.rassegnastampa-totustuus.it\/cattolica\/#organization"},"alternateName":"Rass. Cattolica","potentialAction":[{"@type":"SearchAction","target":{"@type":"EntryPoint","urlTemplate":"https:\/\/www.rassegnastampa-totustuus.it\/cattolica\/?s={search_term_string}"},"query-input":{"@type":"PropertyValueSpecification","valueRequired":true,"valueName":"search_term_string"}}],"inLanguage":"it-IT"},{"@type":"Organization","@id":"https:\/\/www.rassegnastampa-totustuus.it\/cattolica\/#organization","name":"Rassegna Stampa Cattolica","url":"https:\/\/www.rassegnastampa-totustuus.it\/cattolica\/","logo":{"@type":"ImageObject","inLanguage":"it-IT","@id":"https:\/\/www.rassegnastampa-totustuus.it\/cattolica\/#\/schema\/logo\/image\/","url":"https:\/\/www.rassegnastampa-totustuus.it\/cattolica\/wp-content\/uploads\/2014\/04\/logo-rassegna1.gif","contentUrl":"https:\/\/www.rassegnastampa-totustuus.it\/cattolica\/wp-content\/uploads\/2014\/04\/logo-rassegna1.gif","width":600,"height":163,"caption":"Rassegna Stampa Cattolica"},"image":{"@id":"https:\/\/www.rassegnastampa-totustuus.it\/cattolica\/#\/schema\/logo\/image\/"},"sameAs":["https:\/\/www.facebook.com\/rassegnastampacattolica","https:\/\/x.com\/rassegnastampa9"]},{"@type":"Person","@id":"https:\/\/www.rassegnastampa-totustuus.it\/cattolica\/#\/schema\/person\/08f319d2bd1a0904ad9e2bfb7b15e5c3","name":"Redazione","image":{"@type":"ImageObject","inLanguage":"it-IT","@id":"https:\/\/secure.gravatar.com\/avatar\/2fcdf27c78ea025fbdb44e914cc63c72249ffec9dc8aafd5c82b26240ef3f346?s=96&d=mm&r=g","url":"https:\/\/secure.gravatar.com\/avatar\/2fcdf27c78ea025fbdb44e914cc63c72249ffec9dc8aafd5c82b26240ef3f346?s=96&d=mm&r=g","contentUrl":"https:\/\/secure.gravatar.com\/avatar\/2fcdf27c78ea025fbdb44e914cc63c72249ffec9dc8aafd5c82b26240ef3f346?s=96&d=mm&r=g","caption":"Redazione"},"url":"https:\/\/www.rassegnastampa-totustuus.it\/cattolica\/author\/pietroelle\/"}]}},"_links":{"self":[{"href":"https:\/\/www.rassegnastampa-totustuus.it\/cattolica\/wp-json\/wp\/v2\/posts\/48381","targetHints":{"allow":["GET"]}}],"collection":[{"href":"https:\/\/www.rassegnastampa-totustuus.it\/cattolica\/wp-json\/wp\/v2\/posts"}],"about":[{"href":"https:\/\/www.rassegnastampa-totustuus.it\/cattolica\/wp-json\/wp\/v2\/types\/post"}],"author":[{"embeddable":true,"href":"https:\/\/www.rassegnastampa-totustuus.it\/cattolica\/wp-json\/wp\/v2\/users\/6"}],"replies":[{"embeddable":true,"href":"https:\/\/www.rassegnastampa-totustuus.it\/cattolica\/wp-json\/wp\/v2\/comments?post=48381"}],"version-history":[{"count":3,"href":"https:\/\/www.rassegnastampa-totustuus.it\/cattolica\/wp-json\/wp\/v2\/posts\/48381\/revisions"}],"predecessor-version":[{"id":48392,"href":"https:\/\/www.rassegnastampa-totustuus.it\/cattolica\/wp-json\/wp\/v2\/posts\/48381\/revisions\/48392"}],"wp:featuredmedia":[{"embeddable":true,"href":"https:\/\/www.rassegnastampa-totustuus.it\/cattolica\/wp-json\/wp\/v2\/media\/48382"}],"wp:attachment":[{"href":"https:\/\/www.rassegnastampa-totustuus.it\/cattolica\/wp-json\/wp\/v2\/media?parent=48381"}],"wp:term":[{"taxonomy":"category","embeddable":true,"href":"https:\/\/www.rassegnastampa-totustuus.it\/cattolica\/wp-json\/wp\/v2\/categories?post=48381"},{"taxonomy":"post_tag","embeddable":true,"href":"https:\/\/www.rassegnastampa-totustuus.it\/cattolica\/wp-json\/wp\/v2\/tags?post=48381"}],"curies":[{"name":"wp","href":"https:\/\/api.w.org\/{rel}","templated":true}]}}