{"id":4833,"date":"2011-12-01T09:18:47","date_gmt":"2011-12-01T08:18:47","guid":{"rendered":""},"modified":"2015-11-13T12:20:04","modified_gmt":"2015-11-13T11:20:04","slug":"la-causa-del-possibile-crollo-e-perch-pu-salvarci-il-papa","status":"publish","type":"post","link":"https:\/\/www.rassegnastampa-totustuus.it\/cattolica\/la-causa-del-possibile-crollo-e-perch-pu-salvarci-il-papa\/","title":{"rendered":"La causa del possibile crollo e perch&eacute; pu&ograve; salvarci il Papa\u2026"},"content":{"rendered":"<div style=\"text-align: center;\"><strong><a href=\"https:\/\/www.rassegnastampa-totustuus.it\/cattolica\/wp-content\/uploads\/2011\/12\/euro_crack.jpg\"><img loading=\"lazy\" decoding=\"async\" class=\"alignleft wp-image-27711\" src=\"https:\/\/www.rassegnastampa-totustuus.it\/cattolica\/wp-content\/uploads\/2011\/12\/euro_crack.jpg\" alt=\"euro_crack\" width=\"234\" height=\"125\" srcset=\"https:\/\/www.rassegnastampa-totustuus.it\/cattolica\/wp-content\/uploads\/2011\/12\/euro_crack.jpg 307w, https:\/\/www.rassegnastampa-totustuus.it\/cattolica\/wp-content\/uploads\/2011\/12\/euro_crack-300x160.jpg 300w\" sizes=\"auto, (max-width: 234px) 100vw, 234px\" \/><\/a>Libero,<\/strong> 27 novembre 2011<\/div>\n<p style=\"text-align: center;\">di <strong>Antonio Socci<\/strong><\/p>\n<p style=\"text-align: justify;\">Dove sono finiti tutti i mistici dell\u2019euro \u2013 economisti, giornalisti, politici, intellettuali \u2013 che dieci anni fa imperversavano su tutti i pulpiti per decantare le virt\u00f9 taumaturgiche della moneta unica e \u201cle magnifiche sorti e progressive\u201d dell\u2019Italia nell\u2019euro?<\/p>\n<p><!--more--><\/p>\n<div style=\"text-align: justify;\">Sarebbe interessante pure andarsi a rileggere gli scritti dell\u2019attuale premier e dei tecnici che compongono la sua squadra di governo chiamata a evitare il disastro. Io spero che ce la facciano, ma non ricordo che, a quel tempo, ci abbiano messo in guardia sull\u2019euro.<\/div>\n<p style=\"text-align: justify;\">Anzi\u2026 E dov\u2019\u00e8 finito il centrosinistra dei Ciampi, dei Prodi, dei D\u2019Alema, degli Amato che da anni rivendica come proprio merito storico \u201cl\u2019aver portato l\u2019Italia nell\u2019euro\u201d? I post-comunisti per far dimenticare di essere stati antieuropei col Pci, quando si doveva essere europeisti, vollero primeggiare nello zelo sulla moneta unica sulla quale invece bisognava essere dubbiosi. Riuscendo cos\u00ec a sbagliare due volte.<\/p>\n<p style=\"text-align: justify;\">D\u2019altra parte la \u201creligione dell\u2019euro\u201d non ammetteva dissidenti. Era un\u2019ortodossia ferrea che rendeva obbligatorio cantare nel coro.<\/p>\n<p style=\"text-align: justify;\"><strong>Dogma imposto<\/strong><\/p>\n<p style=\"text-align: justify;\">L\u2019anticonformismo era considerato boicottaggio. Ricordate come venivano trattati da trogloditi o da reazionari provinciali i pochissimi che avevano l\u2019ardire di esprimere dubbi sull\u2019operazione euro? Antonio Martino \u2013 per esempio \u2013 veniva giudicato un bizzarro mattocchio, un isolato. Il governatore di Bankitalia Antonio Fazio, per i suoi dubbi, era considerato uno che remava contro.<\/p>\n<p style=\"text-align: justify;\">Eppure c\u2019erano fior di paesi europei \u2013 come la Gran Bretagna \u2013 che nell\u2019euro preferirono non entrare. Quindi i dubbi erano pi\u00f9 che fondati. Ma in Italia non avevano neanche diritto di cittadinanza. Gli italiani non hanno nemmeno potuto esprimersi con un voto. L\u2019euro infatti era un dogma di fede e i dogmi non si discutono.<\/p>\n<p style=\"text-align: justify;\">I cittadini italiani cos\u00ec hanno dovuto subire senza discutere una serie di stangate finalizzate alla moneta unica, un cambio lira\/euro penalizzante, un micidiale raddoppio dei prezzi che li ha impoveriti tutti, la fine della crescita dell\u2019economia nazionale (con annessa disoccupazione giovanile), il ribaltamento dall\u2019attivo al passivo della bilancia dei pagamenti e \u2013 come premio per questo bagno di sangue \u2013 adesso addirittura la prospettiva infernale del fallimento (quando invece era stato promesso il paradiso).<\/p>\n<p style=\"text-align: justify;\">Complimenti! Chi dobbiamo ringraziare? E\u2019 vero che l\u2019Italia non \u00e8 stata virtuosa come doveva e questo \u00e8 grave. Ma ormai \u00e8 chiaro che il tema non \u00e8 il crollo dell\u2019Italia, ma quello dell\u2019Europa dell\u2019euro.Per questo oggi l\u2019operazione moneta unica, la follia costruttivista di imporre dal nulla una moneta inventata ai nostri popoli, \u00e8 figlia di nessuno.<\/p>\n<p style=\"text-align: justify;\"><strong>Di chi la colpa?<\/strong><\/p>\n<p style=\"text-align: justify;\">Sugli stessi giornali su cui ieri si alzavano inni all\u2019euro, oggi tutti ammettono che \u00e8 un\u2019assurdit\u00e0 il creare una moneta senza avere dietro uno Stato, senza una banca nazionale, senza un governo federale, con politiche fiscali e monetarie contrapposte e senza nemmeno una lingua comune.<\/p>\n<p style=\"text-align: justify;\">In effetti i popoli europei hanno una sola cosa in comune, il cristianesimo, ma le \u00e9lite che hanno creato l\u2019euro hanno visto bene di cancellare ogni riferimento ad esso in quel delirio che \u00e8 la Costituzione europea: la moneta unica doveva soppiantare superbamente anche Dio, la storia e la cultura<strong>.<\/strong> Ma, dicevo, oggi a quanto pare l\u2019euro \u00e8 figlio di nessuno. Ai pochi audaci che allora chiamavano \u201cneuro\u201d la nuova moneta, prendendosi il disprezzo delle caste dominanti, nessuno riconosce di aver avuto ragione. E nessuno fa autocritica.<\/p>\n<p style=\"text-align: justify;\">Invita a farla, invece, un leale articolo di Guido Tabellini, rettore della Bocconi, che sul Sole 24 ore ha scritto: \u201cBisogna ammettere che abbiamo sbagliato\u201d.Ma i politici che dicono? D\u2019altronde occorre riconoscere che i politici italiani sono stati solo \u2013 come sempre \u2013 truppe di complemento. La vera causa del disastro euro \u00e8 il secolare e devastante conflitto fra Francia e Germania per l\u2019egemonia sul continente europeo.<\/p>\n<p style=\"text-align: justify;\">Infatti la moneta unica nacque come condizione della Francia di Mitterrand alla Germania di Kohl, per dare l\u2019avallo all\u2019unificazione. Se i tedeschi rinunciavano al marco, i francesi si illudevano di egemonizzare l\u2019area euro. In realt\u00e0 i tedeschi posero tali condizioni capestro sulla moneta unica a tutti gli altri paesi che invece di europeizzare la Germania si \u00e8 germanizzata l\u2019Europa. Cosicch\u00e9 oggi il leader tedesco Volker Kauder pu\u00f2 proclamare: \u201cfinalmente l\u2019Europa parla tedesco\u201d E\u2019 un\u2019esultanza miope, che non vede il baratro in cui l\u2019inflessibilit\u00e0 germanica ci sta portando.<\/p>\n<p style=\"text-align: justify;\">E non si venga a dire \u2013 come fa la Merkel \u2013 che le virtuose formiche tedesche non vogliono pagare i debiti delle irresponsabili cicale latine. Perch\u00e9 il rigore del patto di stabilit\u00e0 che i tedeschi pretendono di applicare agli altri (insieme ai francesi) non lo applicano a se stessi: nel 2003 infatti sono stati proprio Germania e Francia a sforare sul disavanzo.<\/p>\n<p style=\"text-align: justify;\">Pretendendo che nessuno eccepisse. Cos\u00ec come la Bundesbank \u00e8 andata a comprare i bund invenduti alla recente asta, mentre proibisce che la Bce faccia altrettanto. Per gli altri le leggi si applicano, per se stessi si interpretano.E\u2019 cos\u00ec che l\u2019euro si \u00e8 risolto in un colossale affare per la Germania e in un disastro per tutti gli altri.<\/p>\n<p style=\"text-align: justify;\"><strong>Napoleone e Hitler<\/strong><\/p>\n<p style=\"text-align: justify;\">Il fatto \u00e8 che l\u2019operazione euro \u00e8 nata male. E\u2019 nata infatti come ennesimo braccio di ferro fra Francia e Germania, come una prosecuzione della loro guerra con altri mezzi. E\u2019 da secoli che i due contendenti si combattono. Si potrebbero trovare le radici pi\u00f9 antiche addirittura nella divisione del Sacro Romano Impero, col trattato di Verdun dell\u2019843. Ma \u00e8 soprattutto dal XVI secolo che francesi e germanici si contendono l\u2019impero e inseguono lo stesso ambizioso sogno: trasformare l\u2019Europa in un proprio impero.<\/p>\n<p style=\"text-align: justify;\">Nei tempi moderni ci prov\u00f2 Napoleone e poi ci ha riprovato Hitler. L\u2019esito \u00e8 stato la devastazione dell\u2019Europa in entrambi i casi. A questo ciclo di guerre durato almeno 400 anni \u2013 che chiamerei \u201cle guerre d\u2019irreligione\u201d, perch\u00e9 sono conseguenti alla distruzione della koin\u00e9 cattolica europea \u2013 vollero mettere fine, dopo il 1945, tre statisti, che non a caso erano cattolici praticanti, cio\u00e8 Konrad Adenauer, Alcide De Gasperi e Robert Schuman.<\/p>\n<p style=\"text-align: justify;\"><strong>La Chiesa \u00e8 la salvezza<\/strong><\/p>\n<p style=\"text-align: justify;\">Da loro nacque il pacifico progetto di unificazione europea, che in nome delle radici cristiane del continente, unico vero cemento dei nostri popoli, pose fine alle guerre imperiali franco-tedesche. L\u2019operazione euro invece va esattamente nella direzione opposta. Nasce dal rinnegamento di questa identit\u00e0 cristiana dell\u2019Europa e segna la ripresa dell\u2019ostilit\u00e0 fra Francia e Germania. Sembra addirittura una replica della storia. Infatti la guerra della Francia alla Prussia del 1870, paradossalmente port\u00f2 all\u2019unione della Germania, cos\u00ec la guerra monetaria della Francia al marco, di venti anni fa, ha portato a un\u2019Europa germanizzata. Complimenti ai galletti di Parigi.<\/p>\n<p style=\"text-align: justify;\">Anche oggi come allora la ripresa della guerra franco-tedesca pu\u00f2 portare solo alla catastrofe dell\u2019Europa. A meno di un rinsavimento generale sull\u2019orlo dell\u2019abisso. Forse l\u2019unica voce che oggi potrebbe energicamente richiamare tutte le \u00e9lite di governo (a partire da quella tedesca) al senso di responsabilit\u00e0 \u00e8 quella del Papa, vero custode dello spirito europeo. La sua intelligenza cristiana della storia ci pu\u00f2 salvare perch\u00e9 il papa \u00e8 un tedesco che ha meditato sulla tragedia in cui la Germania ha trascinato l\u2019Europa nel 1939.<\/p>\n<p style=\"text-align: justify;\">Benedetto XVI sa bene e insegna da anni che a produrre il nazismo non fu l\u2019inflazione della repubblica di Weimar, come pensano la Merkel e la Bundesbank, ma fu una malattia spirituale e culturale che aveva radici pi\u00f9 antiche e perverse.\u00a0 E\u2019 da quelle che occorre guardarsi, non dall\u2019inflazione. Oggi la solidariet\u00e0 fra tutti i paesi \u00e8 la salvezza dell\u2019Europa.<\/p>\n<p style=\"text-align: justify;\">Il grande Adenauer diceva: \u201cSignore, tu che hai posto un limite all\u2019intelligenza dell\u2019uomo, ponilo anche alla sua idiozia\u201d. Vale per tutti.<\/p>\n","protected":false},"excerpt":{"rendered":"<p>Libero, 27 novembre 2011 di Antonio Socci Dove sono finiti tutti i mistici dell\u2019euro \u2013 economisti, giornalisti, politici, intellettuali \u2013 che dieci anni fa imperversavano su tutti i pulpiti per decantare le virt\u00f9 taumaturgiche della moneta unica e \u201cle magnifiche sorti e progressive\u201d dell\u2019Italia nell\u2019euro?<\/p><p><a class=\"more-link btn\" href=\"https:\/\/www.rassegnastampa-totustuus.it\/cattolica\/la-causa-del-possibile-crollo-e-perch-pu-salvarci-il-papa\/\">Continua a leggere<\/a><\/p>\n","protected":false},"author":6,"featured_media":27711,"comment_status":"closed","ping_status":"open","sticky":false,"template":"","format":"standard","meta":{"footnotes":""},"categories":[13,14],"tags":[285],"class_list":["post-4833","post","type-post","status-publish","format-standard","has-post-thumbnail","hentry","category-economia","category-europa-e-ue","tag-euro","item-wrap"],"yoast_head":"<!-- This site is optimized with the Yoast SEO plugin v27.5 - https:\/\/yoast.com\/product\/yoast-seo-wordpress\/ -->\n<title>La causa del possibile crollo e perch&eacute; pu&ograve; salvarci il Papa\u2026 - Rassegna Stampa Cattolica<\/title>\n<meta name=\"description\" content=\"Rassegna Stampa Cattolica - Per una cultura che nasce dalla Rivelazione cristiana in conformit\u00e0 alla tradizione e al Magistero della Chiesa in opposizione ad ogni relativismo e totalitarismo\" \/>\n<meta name=\"robots\" content=\"index, follow, max-snippet:-1, max-image-preview:large, max-video-preview:-1\" \/>\n<link rel=\"canonical\" href=\"https:\/\/www.rassegnastampa-totustuus.it\/cattolica\/la-causa-del-possibile-crollo-e-perch-pu-salvarci-il-papa\/\" \/>\n<meta property=\"og:locale\" content=\"it_IT\" \/>\n<meta property=\"og:type\" content=\"article\" \/>\n<meta property=\"og:title\" content=\"La causa del possibile crollo e perch&eacute; pu&ograve; salvarci il Papa\u2026 - Rassegna Stampa Cattolica\" \/>\n<meta property=\"og:description\" content=\"Rassegna Stampa Cattolica - Per una cultura che nasce dalla Rivelazione cristiana in conformit\u00e0 alla tradizione e al Magistero della Chiesa in opposizione ad ogni relativismo e totalitarismo\" \/>\n<meta property=\"og:url\" content=\"https:\/\/www.rassegnastampa-totustuus.it\/cattolica\/la-causa-del-possibile-crollo-e-perch-pu-salvarci-il-papa\/\" \/>\n<meta property=\"og:site_name\" content=\"Rassegna Stampa Cattolica\" \/>\n<meta property=\"article:publisher\" content=\"https:\/\/www.facebook.com\/rassegnastampacattolica\" \/>\n<meta property=\"article:published_time\" content=\"2011-12-01T08:18:47+00:00\" \/>\n<meta property=\"article:modified_time\" content=\"2015-11-13T11:20:04+00:00\" \/>\n<meta property=\"og:image\" content=\"https:\/\/www.rassegnastampa-totustuus.it\/cattolica\/wp-content\/uploads\/2011\/12\/euro_crack.jpg\" \/>\n\t<meta property=\"og:image:width\" content=\"307\" \/>\n\t<meta property=\"og:image:height\" content=\"164\" \/>\n\t<meta property=\"og:image:type\" content=\"image\/jpeg\" \/>\n<meta name=\"author\" content=\"Redazione\" \/>\n<meta name=\"twitter:card\" content=\"summary_large_image\" \/>\n<meta name=\"twitter:creator\" content=\"@rassegnastampa9\" \/>\n<meta name=\"twitter:site\" content=\"@rassegnastampa9\" \/>\n<meta name=\"twitter:label1\" content=\"Scritto da\" \/>\n\t<meta name=\"twitter:data1\" content=\"Redazione\" \/>\n\t<meta name=\"twitter:label2\" content=\"Tempo di lettura stimato\" \/>\n\t<meta name=\"twitter:data2\" content=\"6 minuti\" \/>\n<script type=\"application\/ld+json\" class=\"yoast-schema-graph\">{\"@context\":\"https:\\\/\\\/schema.org\",\"@graph\":[{\"@type\":\"Article\",\"@id\":\"https:\\\/\\\/www.rassegnastampa-totustuus.it\\\/cattolica\\\/la-causa-del-possibile-crollo-e-perch-pu-salvarci-il-papa\\\/#article\",\"isPartOf\":{\"@id\":\"https:\\\/\\\/www.rassegnastampa-totustuus.it\\\/cattolica\\\/la-causa-del-possibile-crollo-e-perch-pu-salvarci-il-papa\\\/\"},\"author\":{\"name\":\"Redazione\",\"@id\":\"https:\\\/\\\/www.rassegnastampa-totustuus.it\\\/cattolica\\\/#\\\/schema\\\/person\\\/08f319d2bd1a0904ad9e2bfb7b15e5c3\"},\"headline\":\"La causa del possibile crollo e perch&eacute; pu&ograve; salvarci il Papa\u2026\",\"datePublished\":\"2011-12-01T08:18:47+00:00\",\"dateModified\":\"2015-11-13T11:20:04+00:00\",\"mainEntityOfPage\":{\"@id\":\"https:\\\/\\\/www.rassegnastampa-totustuus.it\\\/cattolica\\\/la-causa-del-possibile-crollo-e-perch-pu-salvarci-il-papa\\\/\"},\"wordCount\":1276,\"publisher\":{\"@id\":\"https:\\\/\\\/www.rassegnastampa-totustuus.it\\\/cattolica\\\/#organization\"},\"image\":{\"@id\":\"https:\\\/\\\/www.rassegnastampa-totustuus.it\\\/cattolica\\\/la-causa-del-possibile-crollo-e-perch-pu-salvarci-il-papa\\\/#primaryimage\"},\"thumbnailUrl\":\"https:\\\/\\\/www.rassegnastampa-totustuus.it\\\/cattolica\\\/wp-content\\\/uploads\\\/2011\\\/12\\\/euro_crack.jpg\",\"keywords\":[\"euro\"],\"articleSection\":[\"Economia\",\"Europa e UE\"],\"inLanguage\":\"it-IT\"},{\"@type\":\"WebPage\",\"@id\":\"https:\\\/\\\/www.rassegnastampa-totustuus.it\\\/cattolica\\\/la-causa-del-possibile-crollo-e-perch-pu-salvarci-il-papa\\\/\",\"url\":\"https:\\\/\\\/www.rassegnastampa-totustuus.it\\\/cattolica\\\/la-causa-del-possibile-crollo-e-perch-pu-salvarci-il-papa\\\/\",\"name\":\"La causa del possibile crollo e perch&eacute; pu&ograve; salvarci il Papa\u2026 - Rassegna Stampa Cattolica\",\"isPartOf\":{\"@id\":\"https:\\\/\\\/www.rassegnastampa-totustuus.it\\\/cattolica\\\/#website\"},\"primaryImageOfPage\":{\"@id\":\"https:\\\/\\\/www.rassegnastampa-totustuus.it\\\/cattolica\\\/la-causa-del-possibile-crollo-e-perch-pu-salvarci-il-papa\\\/#primaryimage\"},\"image\":{\"@id\":\"https:\\\/\\\/www.rassegnastampa-totustuus.it\\\/cattolica\\\/la-causa-del-possibile-crollo-e-perch-pu-salvarci-il-papa\\\/#primaryimage\"},\"thumbnailUrl\":\"https:\\\/\\\/www.rassegnastampa-totustuus.it\\\/cattolica\\\/wp-content\\\/uploads\\\/2011\\\/12\\\/euro_crack.jpg\",\"datePublished\":\"2011-12-01T08:18:47+00:00\",\"dateModified\":\"2015-11-13T11:20:04+00:00\",\"description\":\"Rassegna Stampa Cattolica - Per una cultura che nasce dalla Rivelazione cristiana in conformit\u00e0 alla tradizione e al Magistero della Chiesa in opposizione ad ogni relativismo e totalitarismo\",\"breadcrumb\":{\"@id\":\"https:\\\/\\\/www.rassegnastampa-totustuus.it\\\/cattolica\\\/la-causa-del-possibile-crollo-e-perch-pu-salvarci-il-papa\\\/#breadcrumb\"},\"inLanguage\":\"it-IT\",\"potentialAction\":[{\"@type\":\"ReadAction\",\"target\":[\"https:\\\/\\\/www.rassegnastampa-totustuus.it\\\/cattolica\\\/la-causa-del-possibile-crollo-e-perch-pu-salvarci-il-papa\\\/\"]}]},{\"@type\":\"ImageObject\",\"inLanguage\":\"it-IT\",\"@id\":\"https:\\\/\\\/www.rassegnastampa-totustuus.it\\\/cattolica\\\/la-causa-del-possibile-crollo-e-perch-pu-salvarci-il-papa\\\/#primaryimage\",\"url\":\"https:\\\/\\\/www.rassegnastampa-totustuus.it\\\/cattolica\\\/wp-content\\\/uploads\\\/2011\\\/12\\\/euro_crack.jpg\",\"contentUrl\":\"https:\\\/\\\/www.rassegnastampa-totustuus.it\\\/cattolica\\\/wp-content\\\/uploads\\\/2011\\\/12\\\/euro_crack.jpg\",\"width\":307,\"height\":164},{\"@type\":\"BreadcrumbList\",\"@id\":\"https:\\\/\\\/www.rassegnastampa-totustuus.it\\\/cattolica\\\/la-causa-del-possibile-crollo-e-perch-pu-salvarci-il-papa\\\/#breadcrumb\",\"itemListElement\":[{\"@type\":\"ListItem\",\"position\":1,\"name\":\"Home\",\"item\":\"https:\\\/\\\/www.rassegnastampa-totustuus.it\\\/cattolica\\\/\"},{\"@type\":\"ListItem\",\"position\":2,\"name\":\"La causa del possibile crollo e perch&eacute; pu&ograve; salvarci il Papa\u2026\"}]},{\"@type\":\"WebSite\",\"@id\":\"https:\\\/\\\/www.rassegnastampa-totustuus.it\\\/cattolica\\\/#website\",\"url\":\"https:\\\/\\\/www.rassegnastampa-totustuus.it\\\/cattolica\\\/\",\"name\":\"Rassegna Stampa Cattolica\",\"description\":\"Per una cultura che nasce dalla Rivelazione cristiana in conformit\u00e0 alla tradizione e al Magistero della Chiesa in opposizione ad ogni relativismo e totalitarismo\",\"publisher\":{\"@id\":\"https:\\\/\\\/www.rassegnastampa-totustuus.it\\\/cattolica\\\/#organization\"},\"alternateName\":\"Rass. Cattolica\",\"potentialAction\":[{\"@type\":\"SearchAction\",\"target\":{\"@type\":\"EntryPoint\",\"urlTemplate\":\"https:\\\/\\\/www.rassegnastampa-totustuus.it\\\/cattolica\\\/?s={search_term_string}\"},\"query-input\":{\"@type\":\"PropertyValueSpecification\",\"valueRequired\":true,\"valueName\":\"search_term_string\"}}],\"inLanguage\":\"it-IT\"},{\"@type\":\"Organization\",\"@id\":\"https:\\\/\\\/www.rassegnastampa-totustuus.it\\\/cattolica\\\/#organization\",\"name\":\"Rassegna Stampa Cattolica\",\"url\":\"https:\\\/\\\/www.rassegnastampa-totustuus.it\\\/cattolica\\\/\",\"logo\":{\"@type\":\"ImageObject\",\"inLanguage\":\"it-IT\",\"@id\":\"https:\\\/\\\/www.rassegnastampa-totustuus.it\\\/cattolica\\\/#\\\/schema\\\/logo\\\/image\\\/\",\"url\":\"https:\\\/\\\/www.rassegnastampa-totustuus.it\\\/cattolica\\\/wp-content\\\/uploads\\\/2014\\\/04\\\/logo-rassegna1.gif\",\"contentUrl\":\"https:\\\/\\\/www.rassegnastampa-totustuus.it\\\/cattolica\\\/wp-content\\\/uploads\\\/2014\\\/04\\\/logo-rassegna1.gif\",\"width\":600,\"height\":163,\"caption\":\"Rassegna Stampa Cattolica\"},\"image\":{\"@id\":\"https:\\\/\\\/www.rassegnastampa-totustuus.it\\\/cattolica\\\/#\\\/schema\\\/logo\\\/image\\\/\"},\"sameAs\":[\"https:\\\/\\\/www.facebook.com\\\/rassegnastampacattolica\",\"https:\\\/\\\/x.com\\\/rassegnastampa9\"]},{\"@type\":\"Person\",\"@id\":\"https:\\\/\\\/www.rassegnastampa-totustuus.it\\\/cattolica\\\/#\\\/schema\\\/person\\\/08f319d2bd1a0904ad9e2bfb7b15e5c3\",\"name\":\"Redazione\",\"image\":{\"@type\":\"ImageObject\",\"inLanguage\":\"it-IT\",\"@id\":\"https:\\\/\\\/secure.gravatar.com\\\/avatar\\\/2fcdf27c78ea025fbdb44e914cc63c72249ffec9dc8aafd5c82b26240ef3f346?s=96&d=mm&r=g\",\"url\":\"https:\\\/\\\/secure.gravatar.com\\\/avatar\\\/2fcdf27c78ea025fbdb44e914cc63c72249ffec9dc8aafd5c82b26240ef3f346?s=96&d=mm&r=g\",\"contentUrl\":\"https:\\\/\\\/secure.gravatar.com\\\/avatar\\\/2fcdf27c78ea025fbdb44e914cc63c72249ffec9dc8aafd5c82b26240ef3f346?s=96&d=mm&r=g\",\"caption\":\"Redazione\"},\"url\":\"https:\\\/\\\/www.rassegnastampa-totustuus.it\\\/cattolica\\\/author\\\/pietroelle\\\/\"}]}<\/script>\n<!-- \/ Yoast SEO plugin. -->","yoast_head_json":{"title":"La causa del possibile crollo e perch&eacute; pu&ograve; salvarci il Papa\u2026 - Rassegna Stampa Cattolica","description":"Rassegna Stampa Cattolica - Per una cultura che nasce dalla Rivelazione cristiana in conformit\u00e0 alla tradizione e al Magistero della Chiesa in opposizione ad ogni relativismo e totalitarismo","robots":{"index":"index","follow":"follow","max-snippet":"max-snippet:-1","max-image-preview":"max-image-preview:large","max-video-preview":"max-video-preview:-1"},"canonical":"https:\/\/www.rassegnastampa-totustuus.it\/cattolica\/la-causa-del-possibile-crollo-e-perch-pu-salvarci-il-papa\/","og_locale":"it_IT","og_type":"article","og_title":"La causa del possibile crollo e perch&eacute; pu&ograve; salvarci il Papa\u2026 - Rassegna Stampa Cattolica","og_description":"Rassegna Stampa Cattolica - Per una cultura che nasce dalla Rivelazione cristiana in conformit\u00e0 alla tradizione e al Magistero della Chiesa in opposizione ad ogni relativismo e totalitarismo","og_url":"https:\/\/www.rassegnastampa-totustuus.it\/cattolica\/la-causa-del-possibile-crollo-e-perch-pu-salvarci-il-papa\/","og_site_name":"Rassegna Stampa Cattolica","article_publisher":"https:\/\/www.facebook.com\/rassegnastampacattolica","article_published_time":"2011-12-01T08:18:47+00:00","article_modified_time":"2015-11-13T11:20:04+00:00","og_image":[{"width":307,"height":164,"url":"https:\/\/www.rassegnastampa-totustuus.it\/cattolica\/wp-content\/uploads\/2011\/12\/euro_crack.jpg","type":"image\/jpeg"}],"author":"Redazione","twitter_card":"summary_large_image","twitter_creator":"@rassegnastampa9","twitter_site":"@rassegnastampa9","twitter_misc":{"Scritto da":"Redazione","Tempo di lettura stimato":"6 minuti"},"schema":{"@context":"https:\/\/schema.org","@graph":[{"@type":"Article","@id":"https:\/\/www.rassegnastampa-totustuus.it\/cattolica\/la-causa-del-possibile-crollo-e-perch-pu-salvarci-il-papa\/#article","isPartOf":{"@id":"https:\/\/www.rassegnastampa-totustuus.it\/cattolica\/la-causa-del-possibile-crollo-e-perch-pu-salvarci-il-papa\/"},"author":{"name":"Redazione","@id":"https:\/\/www.rassegnastampa-totustuus.it\/cattolica\/#\/schema\/person\/08f319d2bd1a0904ad9e2bfb7b15e5c3"},"headline":"La causa del possibile crollo e perch&eacute; pu&ograve; salvarci il Papa\u2026","datePublished":"2011-12-01T08:18:47+00:00","dateModified":"2015-11-13T11:20:04+00:00","mainEntityOfPage":{"@id":"https:\/\/www.rassegnastampa-totustuus.it\/cattolica\/la-causa-del-possibile-crollo-e-perch-pu-salvarci-il-papa\/"},"wordCount":1276,"publisher":{"@id":"https:\/\/www.rassegnastampa-totustuus.it\/cattolica\/#organization"},"image":{"@id":"https:\/\/www.rassegnastampa-totustuus.it\/cattolica\/la-causa-del-possibile-crollo-e-perch-pu-salvarci-il-papa\/#primaryimage"},"thumbnailUrl":"https:\/\/www.rassegnastampa-totustuus.it\/cattolica\/wp-content\/uploads\/2011\/12\/euro_crack.jpg","keywords":["euro"],"articleSection":["Economia","Europa e UE"],"inLanguage":"it-IT"},{"@type":"WebPage","@id":"https:\/\/www.rassegnastampa-totustuus.it\/cattolica\/la-causa-del-possibile-crollo-e-perch-pu-salvarci-il-papa\/","url":"https:\/\/www.rassegnastampa-totustuus.it\/cattolica\/la-causa-del-possibile-crollo-e-perch-pu-salvarci-il-papa\/","name":"La causa del possibile crollo e perch&eacute; pu&ograve; salvarci il Papa\u2026 - Rassegna Stampa Cattolica","isPartOf":{"@id":"https:\/\/www.rassegnastampa-totustuus.it\/cattolica\/#website"},"primaryImageOfPage":{"@id":"https:\/\/www.rassegnastampa-totustuus.it\/cattolica\/la-causa-del-possibile-crollo-e-perch-pu-salvarci-il-papa\/#primaryimage"},"image":{"@id":"https:\/\/www.rassegnastampa-totustuus.it\/cattolica\/la-causa-del-possibile-crollo-e-perch-pu-salvarci-il-papa\/#primaryimage"},"thumbnailUrl":"https:\/\/www.rassegnastampa-totustuus.it\/cattolica\/wp-content\/uploads\/2011\/12\/euro_crack.jpg","datePublished":"2011-12-01T08:18:47+00:00","dateModified":"2015-11-13T11:20:04+00:00","description":"Rassegna Stampa Cattolica - Per una cultura che nasce dalla Rivelazione cristiana in conformit\u00e0 alla tradizione e al Magistero della Chiesa in opposizione ad ogni relativismo e totalitarismo","breadcrumb":{"@id":"https:\/\/www.rassegnastampa-totustuus.it\/cattolica\/la-causa-del-possibile-crollo-e-perch-pu-salvarci-il-papa\/#breadcrumb"},"inLanguage":"it-IT","potentialAction":[{"@type":"ReadAction","target":["https:\/\/www.rassegnastampa-totustuus.it\/cattolica\/la-causa-del-possibile-crollo-e-perch-pu-salvarci-il-papa\/"]}]},{"@type":"ImageObject","inLanguage":"it-IT","@id":"https:\/\/www.rassegnastampa-totustuus.it\/cattolica\/la-causa-del-possibile-crollo-e-perch-pu-salvarci-il-papa\/#primaryimage","url":"https:\/\/www.rassegnastampa-totustuus.it\/cattolica\/wp-content\/uploads\/2011\/12\/euro_crack.jpg","contentUrl":"https:\/\/www.rassegnastampa-totustuus.it\/cattolica\/wp-content\/uploads\/2011\/12\/euro_crack.jpg","width":307,"height":164},{"@type":"BreadcrumbList","@id":"https:\/\/www.rassegnastampa-totustuus.it\/cattolica\/la-causa-del-possibile-crollo-e-perch-pu-salvarci-il-papa\/#breadcrumb","itemListElement":[{"@type":"ListItem","position":1,"name":"Home","item":"https:\/\/www.rassegnastampa-totustuus.it\/cattolica\/"},{"@type":"ListItem","position":2,"name":"La causa del possibile crollo e perch&eacute; pu&ograve; salvarci il Papa\u2026"}]},{"@type":"WebSite","@id":"https:\/\/www.rassegnastampa-totustuus.it\/cattolica\/#website","url":"https:\/\/www.rassegnastampa-totustuus.it\/cattolica\/","name":"Rassegna Stampa Cattolica","description":"Per una cultura che nasce dalla Rivelazione cristiana in conformit\u00e0 alla tradizione e al Magistero della Chiesa in opposizione ad ogni relativismo e totalitarismo","publisher":{"@id":"https:\/\/www.rassegnastampa-totustuus.it\/cattolica\/#organization"},"alternateName":"Rass. Cattolica","potentialAction":[{"@type":"SearchAction","target":{"@type":"EntryPoint","urlTemplate":"https:\/\/www.rassegnastampa-totustuus.it\/cattolica\/?s={search_term_string}"},"query-input":{"@type":"PropertyValueSpecification","valueRequired":true,"valueName":"search_term_string"}}],"inLanguage":"it-IT"},{"@type":"Organization","@id":"https:\/\/www.rassegnastampa-totustuus.it\/cattolica\/#organization","name":"Rassegna Stampa Cattolica","url":"https:\/\/www.rassegnastampa-totustuus.it\/cattolica\/","logo":{"@type":"ImageObject","inLanguage":"it-IT","@id":"https:\/\/www.rassegnastampa-totustuus.it\/cattolica\/#\/schema\/logo\/image\/","url":"https:\/\/www.rassegnastampa-totustuus.it\/cattolica\/wp-content\/uploads\/2014\/04\/logo-rassegna1.gif","contentUrl":"https:\/\/www.rassegnastampa-totustuus.it\/cattolica\/wp-content\/uploads\/2014\/04\/logo-rassegna1.gif","width":600,"height":163,"caption":"Rassegna Stampa Cattolica"},"image":{"@id":"https:\/\/www.rassegnastampa-totustuus.it\/cattolica\/#\/schema\/logo\/image\/"},"sameAs":["https:\/\/www.facebook.com\/rassegnastampacattolica","https:\/\/x.com\/rassegnastampa9"]},{"@type":"Person","@id":"https:\/\/www.rassegnastampa-totustuus.it\/cattolica\/#\/schema\/person\/08f319d2bd1a0904ad9e2bfb7b15e5c3","name":"Redazione","image":{"@type":"ImageObject","inLanguage":"it-IT","@id":"https:\/\/secure.gravatar.com\/avatar\/2fcdf27c78ea025fbdb44e914cc63c72249ffec9dc8aafd5c82b26240ef3f346?s=96&d=mm&r=g","url":"https:\/\/secure.gravatar.com\/avatar\/2fcdf27c78ea025fbdb44e914cc63c72249ffec9dc8aafd5c82b26240ef3f346?s=96&d=mm&r=g","contentUrl":"https:\/\/secure.gravatar.com\/avatar\/2fcdf27c78ea025fbdb44e914cc63c72249ffec9dc8aafd5c82b26240ef3f346?s=96&d=mm&r=g","caption":"Redazione"},"url":"https:\/\/www.rassegnastampa-totustuus.it\/cattolica\/author\/pietroelle\/"}]}},"_links":{"self":[{"href":"https:\/\/www.rassegnastampa-totustuus.it\/cattolica\/wp-json\/wp\/v2\/posts\/4833","targetHints":{"allow":["GET"]}}],"collection":[{"href":"https:\/\/www.rassegnastampa-totustuus.it\/cattolica\/wp-json\/wp\/v2\/posts"}],"about":[{"href":"https:\/\/www.rassegnastampa-totustuus.it\/cattolica\/wp-json\/wp\/v2\/types\/post"}],"author":[{"embeddable":true,"href":"https:\/\/www.rassegnastampa-totustuus.it\/cattolica\/wp-json\/wp\/v2\/users\/6"}],"replies":[{"embeddable":true,"href":"https:\/\/www.rassegnastampa-totustuus.it\/cattolica\/wp-json\/wp\/v2\/comments?post=4833"}],"version-history":[{"count":4,"href":"https:\/\/www.rassegnastampa-totustuus.it\/cattolica\/wp-json\/wp\/v2\/posts\/4833\/revisions"}],"predecessor-version":[{"id":27712,"href":"https:\/\/www.rassegnastampa-totustuus.it\/cattolica\/wp-json\/wp\/v2\/posts\/4833\/revisions\/27712"}],"wp:featuredmedia":[{"embeddable":true,"href":"https:\/\/www.rassegnastampa-totustuus.it\/cattolica\/wp-json\/wp\/v2\/media\/27711"}],"wp:attachment":[{"href":"https:\/\/www.rassegnastampa-totustuus.it\/cattolica\/wp-json\/wp\/v2\/media?parent=4833"}],"wp:term":[{"taxonomy":"category","embeddable":true,"href":"https:\/\/www.rassegnastampa-totustuus.it\/cattolica\/wp-json\/wp\/v2\/categories?post=4833"},{"taxonomy":"post_tag","embeddable":true,"href":"https:\/\/www.rassegnastampa-totustuus.it\/cattolica\/wp-json\/wp\/v2\/tags?post=4833"}],"curies":[{"name":"wp","href":"https:\/\/api.w.org\/{rel}","templated":true}]}}