{"id":48233,"date":"2020-09-03T00:00:38","date_gmt":"2020-09-02T22:00:38","guid":{"rendered":"http:\/\/www.rassegnastampa-totustuus.it\/cattolica\/?p=48233"},"modified":"2020-09-03T10:55:31","modified_gmt":"2020-09-03T08:55:31","slug":"li-chiamano-anti-titini-ma-sono-vittime-del-comunismo","status":"publish","type":"post","link":"https:\/\/www.rassegnastampa-totustuus.it\/cattolica\/li-chiamano-anti-titini-ma-sono-vittime-del-comunismo\/","title":{"rendered":"Li chiamano &#8220;anti titini&#8221;, ma sono vittime del comunismo"},"content":{"rendered":"<p style=\"text-align: center;\"><strong><a href=\"https:\/\/www.rassegnastampa-totustuus.it\/cattolica\/wp-content\/uploads\/2020\/09\/foibe_comunismo.jpg\"><img loading=\"lazy\" decoding=\"async\" class=\"size-full wp-image-48234 alignright\" src=\"https:\/\/www.rassegnastampa-totustuus.it\/cattolica\/wp-content\/uploads\/2020\/09\/foibe_comunismo.jpg\" alt=\"\" width=\"275\" height=\"183\" \/><\/a>la Nuova Bussola quotidiana<\/strong><\/p>\n<p style=\"text-align: center;\">30 Agosto 2020<\/p>\n<p style=\"text-align: justify;\"><em>Chi oggi titola sugli &#8220;anti titini&#8221; per i resti degli adolescenti ritrovati nella foresta di Kocevski, \u00e8 uguale a quei comunisti che aggredirono gli esuli italiani: sta sputando, ancora, sulla storia\u00a0di un popolo.\u00a0Quando si parla di &#8220;titini&#8221; sparisce la storia. Non esistevano, infatti, i &#8220;titini&#8221; ma i comunisti. Quegli stessi &#8220;rossi&#8221; che sventolando la bandiera della CGIL e del PCI tirarono sassi e sputarono al treno dei poveri esuli italiani. <\/em><\/p>\n<p style=\"text-align: center;\">di <strong>Lorenza Formicola <\/strong><\/p>\n<p><!--more--><\/p>\n<p style=\"text-align: justify;\">Il ritrovamento dei resti di duecentocinquanta nuove vittime del comunismo non ha fatto, al solito, il giro del mondo. Al massimo qualcuno ha potuto leggere di alcuni \u201canti titini\u201d raccontati come la promozione di un anti calcare di scarsa qualit\u00e0.<\/p>\n<p style=\"text-align: justify;\"><strong>Sono quel che resta di giovani adolescenti<\/strong> \u2013 le analisi dicono che erano oltre un centinaio, tra i duecentocinquanta, i quindicenni e diciassettenni \u2013 vittime del <a href=\"https:\/\/www.rassegnastampa-totustuus.it\/cattolica\/wp-content\/uploads\/2018\/02\/Foibe.jpg\"><img loading=\"lazy\" decoding=\"async\" class=\"size-full wp-image-39699 alignleft\" src=\"https:\/\/www.rassegnastampa-totustuus.it\/cattolica\/wp-content\/uploads\/2018\/02\/Foibe.jpg\" alt=\"\" width=\"277\" height=\"182\" \/><\/a>comunismo sloveno a guerra finita. Trucidati e infoibati, sono stati appena riesumati in una foiba nella foresta di Kocevski, ma senza troppe cerimonie. Le foto di ossa e crani trapanati da proiettili, i bottoni e le piccole croci, non sono la trama del re dei gialli. Ma una pagina di storia che \u00e8 ancora la grande assente dei manuali e che resta un thriller reale. Se in questi giorni di fine estate viene fuori ancora un orrore tra gli infiniti del boia Tito, ci si domanda perch\u00e9 si parli solo di &#8220;titini&#8221; e mai di chi fossero e perch\u00e9 andassero a caccia, soprattutto, di italiani, oltre che ai partigiani cetnici anti comunisti.<\/p>\n<p style=\"text-align: justify;\"><strong>Il sangue degli innocenti che hanno incontrato il comunismo<\/strong> non si asciuga mai. Adesso, per\u00f2, sarebbe anche il caso di battezzarlo con il proprio nome, perch\u00e9 &#8220;titini&#8221; non significa nulla. L&#8217;Unione degli istriani, associazione degli esuli italiani costretti alla fuga dalle violenze del generale comunista Tito, ha pubblicato le foto dell&#8217;ultimo orrore ritrovato. La riesumazione \u00e8 stata organizzata dalla Commissione governativa slovena per l&#8217;individuazione delle fosse comuni, con a capo lo storico Joe Deman.<\/p>\n<p style=\"text-align: justify;\"><strong>Le analisi dei resti \u2013 trovai a quattordici metri sotto terra &#8211;<\/strong> dimostrano il <a href=\"https:\/\/www.rassegnastampa-totustuus.it\/cattolica\/wp-content\/uploads\/2019\/11\/comunismo_Italia_pci.jpg\"><img loading=\"lazy\" decoding=\"async\" class=\"size-medium wp-image-45209 alignright\" src=\"https:\/\/www.rassegnastampa-totustuus.it\/cattolica\/wp-content\/uploads\/2019\/11\/comunismo_Italia_pci-300x169.jpg\" alt=\"\" width=\"300\" height=\"169\" srcset=\"https:\/\/www.rassegnastampa-totustuus.it\/cattolica\/wp-content\/uploads\/2019\/11\/comunismo_Italia_pci-300x169.jpg 300w, https:\/\/www.rassegnastampa-totustuus.it\/cattolica\/wp-content\/uploads\/2019\/11\/comunismo_Italia_pci-768x432.jpg 768w, https:\/\/www.rassegnastampa-totustuus.it\/cattolica\/wp-content\/uploads\/2019\/11\/comunismo_Italia_pci-1024x576.jpg 1024w, https:\/\/www.rassegnastampa-totustuus.it\/cattolica\/wp-content\/uploads\/2019\/11\/comunismo_Italia_pci.jpg 1920w\" sizes=\"auto, (max-width: 300px) 100vw, 300px\" \/><\/a>consueto modus operandi destinato agli infoibati: molti di quei ragazzini furono uccisi con un colpo alla nuca e quindi fatti cadere nelle foiba, trascinando magari altri di loro legati ad essi e ancora vivi.<\/p>\n<p style=\"text-align: justify;\"><strong>Pavel Jamnik \u00e8 il responsabile delle indagini:<\/strong> per lui ad organizzare quell\u2019eccidio fu la polizia segreta jugoslava. C\u2019erano da \u201cripulire\u201d dagli italiani le zone liberate. La pulizia etnica in quelle zone inizi\u00f2 il 24 giugno del \u201945.<\/p>\n<p style=\"text-align: justify;\"><strong>Mitja Ribicic, il nume<\/strong><strong>ro due <\/strong><strong>della polizia segreta comunista in Slovenia,<\/strong> nel \u201969 venne anche decorato dal Quirinale con l&#8217;alta onorificenza di Cavaliere di Gran Croce della Repubblica italiana. A suo carico nel 2005 a Lubiana venne aperta un&#8217;inchiesta per crimini di guerra, ma incredibilmente non si trovarono prove sufficienti. Solo dopo la sua morte venne fuori che era lui a decidere chi dovesse morire.<\/p>\n<p style=\"text-align: justify;\"><strong><a href=\"https:\/\/www.rassegnastampa-totustuus.it\/cattolica\/wp-content\/uploads\/2007\/02\/esuli_fiume.jpg\"><img loading=\"lazy\" decoding=\"async\" class=\"wp-image-33676 alignleft\" src=\"https:\/\/www.rassegnastampa-totustuus.it\/cattolica\/wp-content\/uploads\/2007\/02\/esuli_fiume.jpg\" alt=\"\" width=\"161\" height=\"237\" \/><\/a>Nella foresta di Kocevski sono state individuate 750 fosse comuni,<\/strong> la maggior parte ancora da esplorare. Vicino al confine con l&#8217;Italia sono un&#8217;ottantina.\u00a0 E chiss\u00e0 quanti italiani sono nascosti l\u00ec in fondo. Quando si parla di &#8220;titini&#8221; sparisce la storia. La narrazione della dominazione del comunismo sloveno tra deportazioni e infoibamenti diventa incoerente.<\/p>\n<p style=\"text-align: justify;\"><strong>Era Ragusa, \u201cla perla dell\u2019Adriatico\u201d,<\/strong> la Dubrovnik dove oggi gli italiani vanno a villeggiare vantando di essere in Croazia. E se oggi la maggioranza degli italiani ignora come sarebbe, senza il comunismo, la nostra cartina geografica, \u00e8 colpa dei &#8220;trinariciuti&#8221; e dei loro nuovi discepoli che mistificano ancora la storia giocando con gli aggettivi.<\/p>\n<p style=\"text-align: justify;\"><strong>Non esistevano, infatti, i &#8220;titini&#8221; ma i comunisti.<\/strong> Quegli stessi &#8220;rossi&#8221; che sventolando la bandiera della CGIL e del PCI, consapevoli molto bene di quel momento storico, la domenica del 16 febbraio 1947, pronti a sassate e sputi, aspettarono il treno dei poveri esuli italiani che provavano a scappare dalle grinfie del comunista Tito, colpevoli di essere italiani. Erano partiti da Pola &#8211; l\u2019italianissima citt\u00e0 di Pola &#8211; con una piccola valigia, il resto dei loro beni se l\u2019erano gi\u00e0 presi i comunisti sloveni, e una bandiera italiana. Alla stazione di Bologna vennero accolti da altri italiani, quelli comunisti, che diedero loro di fascisti.<\/p>\n<p style=\"text-align: justify;\"><strong>Quel giorno dai microfoni di certi ferrovier<\/strong><strong>i sindacalisti <\/strong><strong>della CGIL<\/strong> e iscritti al <a href=\"https:\/\/www.rassegnastampa-totustuus.it\/cattolica\/wp-content\/uploads\/2005\/07\/partigiani_Tito.jpg\"><img loading=\"lazy\" decoding=\"async\" class=\"size-full wp-image-30840 alignright\" src=\"https:\/\/www.rassegnastampa-totustuus.it\/cattolica\/wp-content\/uploads\/2005\/07\/partigiani_Tito.jpg\" alt=\"\" width=\"244\" height=\"207\" \/><\/a>partito comunista italiano, fu annunciato: \u201cSe i profughi si fermano per mangiare, lo sciopero bloccher\u00e0 la stazione\u201d. Poi arrivarono i giovani rossi che da una parte avevano la bandiera con la falce e martello, nell\u2019altra sassi, pomodori e sputi. E gettarono sulle rotaie persino il latte destinato ai bambini in grave stato di disidratazione e il cibo nella spazzatura.<\/p>\n<p style=\"text-align: justify;\"><strong>L&#8217;Unit\u00e0, gi\u00e0 nell&#8217;edizione del 30 novembre 1946,<\/strong> in un articolo di Piero Montagnani, si scagliava contro gli esuli dal dittatore comunista Josip Broz Tito, scrivendo: \u201cAncora si parla di &#8220;profughi&#8221;. [\u2026] I gerarchi, i briganti neri, i profittatori che hanno trovato rifugio nelle citt\u00e0 e vi sperperano le ricchezze rapinate e forniscono reclute alla delinquenza comune, non meritano davvero la nostra solidariet\u00e0 n\u00e9 hanno diritto a rubarci pane e spazio che sono gi\u00e0 cos\u00ec scarsi\u201d. Quella domenica del \u201947, sempre l\u2019Unit\u00e0, scriver\u00e0 del \u201ctreno dei fascisti\u201d.<\/p>\n<p style=\"text-align: justify;\"><strong>Chi <\/strong><strong>oggi titola sugli &#8220;anti titini&#8221; <\/strong><strong>per i resti degli adolescenti ritrovati<\/strong> nella foresta di Kocevski, \u00e8 uguale a quei comunisti che aggredirono gli esuli italiani: sta sputando, ancora, sulla storia, sull\u2019onore, sulla verit\u00e0 di un popolo. Ignorare e mentire sulla realt\u00e0 della storia significa perdere quelle chiavi di lettura che di fatto ci lasciano vittime di burattinai. Significa continuare ad allevare una generazione ignorante e inconsapevole, quindi sempre pi\u00f9 vulnerabile.<\/p>\n","protected":false},"excerpt":{"rendered":"<p>la Nuova Bussola quotidiana 30 Agosto 2020 Chi oggi titola sugli &#8220;anti titini&#8221; per i resti degli adolescenti ritrovati nella foresta di Kocevski, \u00e8 uguale a quei comunisti che aggredirono gli esuli italiani: sta sputando, ancora, sulla storia\u00a0di un popolo.\u00a0Quando si parla di &#8220;titini&#8221; sparisce la storia. Non esistevano, infatti, i &#8220;titini&#8221; ma i comunisti. &hellip; <\/p>\n<p><a class=\"more-link btn\" href=\"https:\/\/www.rassegnastampa-totustuus.it\/cattolica\/li-chiamano-anti-titini-ma-sono-vittime-del-comunismo\/\">Continua a leggere<\/a><\/p>\n","protected":false},"author":6,"featured_media":48241,"comment_status":"closed","ping_status":"closed","sticky":false,"template":"","format":"standard","meta":{"footnotes":""},"categories":[32,82,24,96],"tags":[139,424,858,162,404],"class_list":["post-48233","post","type-post","status-publish","format-standard","has-post-thumbnail","hentry","category-filosofia-del-comunismo","category-comunismo-in-italia","category-storia","category-storia-italiana","tag-comunismo","tag-comunismo-in-italia-2","tag-foibe","tag-storia-2","tag-storia-italiana-2","item-wrap"],"yoast_head":"<!-- This site is optimized with the Yoast SEO plugin v27.5 - https:\/\/yoast.com\/product\/yoast-seo-wordpress\/ -->\n<title>Li chiamano &quot;anti titini&quot;, ma sono vittime del comunismo - Rassegna Stampa Cattolica<\/title>\n<meta name=\"description\" content=\"Rassegna Stampa Cattolica - Per una cultura che nasce dalla Rivelazione cristiana in conformit\u00e0 alla tradizione e al Magistero della Chiesa in opposizione ad ogni relativismo e totalitarismo\" \/>\n<meta name=\"robots\" content=\"index, follow, max-snippet:-1, max-image-preview:large, max-video-preview:-1\" \/>\n<link rel=\"canonical\" href=\"https:\/\/www.rassegnastampa-totustuus.it\/cattolica\/li-chiamano-anti-titini-ma-sono-vittime-del-comunismo\/\" \/>\n<meta property=\"og:locale\" content=\"it_IT\" \/>\n<meta property=\"og:type\" content=\"article\" \/>\n<meta property=\"og:title\" content=\"Li chiamano &quot;anti titini&quot;, ma sono vittime del comunismo - Rassegna Stampa Cattolica\" \/>\n<meta property=\"og:description\" content=\"Rassegna Stampa Cattolica - Per una cultura che nasce dalla Rivelazione cristiana in conformit\u00e0 alla tradizione e al Magistero della Chiesa in opposizione ad ogni relativismo e totalitarismo\" \/>\n<meta property=\"og:url\" content=\"https:\/\/www.rassegnastampa-totustuus.it\/cattolica\/li-chiamano-anti-titini-ma-sono-vittime-del-comunismo\/\" \/>\n<meta property=\"og:site_name\" content=\"Rassegna Stampa Cattolica\" \/>\n<meta property=\"article:publisher\" content=\"https:\/\/www.facebook.com\/rassegnastampacattolica\" \/>\n<meta property=\"article:published_time\" content=\"2020-09-02T22:00:38+00:00\" \/>\n<meta property=\"article:modified_time\" content=\"2020-09-03T08:55:31+00:00\" \/>\n<meta property=\"og:image\" content=\"https:\/\/www.rassegnastampa-totustuus.it\/cattolica\/wp-content\/uploads\/2020\/09\/foibe_comunismo-1.jpg\" \/>\n\t<meta property=\"og:image:width\" content=\"1552\" \/>\n\t<meta property=\"og:image:height\" content=\"880\" \/>\n\t<meta property=\"og:image:type\" content=\"image\/jpeg\" \/>\n<meta name=\"author\" content=\"Redazione\" \/>\n<meta name=\"twitter:card\" content=\"summary_large_image\" \/>\n<meta name=\"twitter:creator\" content=\"@rassegnastampa9\" \/>\n<meta name=\"twitter:site\" content=\"@rassegnastampa9\" \/>\n<meta name=\"twitter:label1\" content=\"Scritto da\" \/>\n\t<meta name=\"twitter:data1\" content=\"Redazione\" \/>\n\t<meta name=\"twitter:label2\" content=\"Tempo di lettura stimato\" \/>\n\t<meta name=\"twitter:data2\" content=\"5 minuti\" \/>\n<script type=\"application\/ld+json\" class=\"yoast-schema-graph\">{\"@context\":\"https:\\\/\\\/schema.org\",\"@graph\":[{\"@type\":\"Article\",\"@id\":\"https:\\\/\\\/www.rassegnastampa-totustuus.it\\\/cattolica\\\/li-chiamano-anti-titini-ma-sono-vittime-del-comunismo\\\/#article\",\"isPartOf\":{\"@id\":\"https:\\\/\\\/www.rassegnastampa-totustuus.it\\\/cattolica\\\/li-chiamano-anti-titini-ma-sono-vittime-del-comunismo\\\/\"},\"author\":{\"name\":\"Redazione\",\"@id\":\"https:\\\/\\\/www.rassegnastampa-totustuus.it\\\/cattolica\\\/#\\\/schema\\\/person\\\/08f319d2bd1a0904ad9e2bfb7b15e5c3\"},\"headline\":\"Li chiamano &#8220;anti titini&#8221;, ma sono vittime del comunismo\",\"datePublished\":\"2020-09-02T22:00:38+00:00\",\"dateModified\":\"2020-09-03T08:55:31+00:00\",\"mainEntityOfPage\":{\"@id\":\"https:\\\/\\\/www.rassegnastampa-totustuus.it\\\/cattolica\\\/li-chiamano-anti-titini-ma-sono-vittime-del-comunismo\\\/\"},\"wordCount\":930,\"publisher\":{\"@id\":\"https:\\\/\\\/www.rassegnastampa-totustuus.it\\\/cattolica\\\/#organization\"},\"image\":{\"@id\":\"https:\\\/\\\/www.rassegnastampa-totustuus.it\\\/cattolica\\\/li-chiamano-anti-titini-ma-sono-vittime-del-comunismo\\\/#primaryimage\"},\"thumbnailUrl\":\"https:\\\/\\\/www.rassegnastampa-totustuus.it\\\/cattolica\\\/wp-content\\\/uploads\\\/2020\\\/09\\\/foibe_comunismo-1.jpg\",\"keywords\":[\"comunismo\",\"comunismo in Italia\",\"foibe\",\"storia\",\"storia italiana\"],\"articleSection\":[\"Comunismo\",\"Comunismo in Italia\",\"Storia\",\"Storia italiana\"],\"inLanguage\":\"it-IT\"},{\"@type\":\"WebPage\",\"@id\":\"https:\\\/\\\/www.rassegnastampa-totustuus.it\\\/cattolica\\\/li-chiamano-anti-titini-ma-sono-vittime-del-comunismo\\\/\",\"url\":\"https:\\\/\\\/www.rassegnastampa-totustuus.it\\\/cattolica\\\/li-chiamano-anti-titini-ma-sono-vittime-del-comunismo\\\/\",\"name\":\"Li chiamano \\\"anti titini\\\", ma sono vittime del comunismo - Rassegna Stampa Cattolica\",\"isPartOf\":{\"@id\":\"https:\\\/\\\/www.rassegnastampa-totustuus.it\\\/cattolica\\\/#website\"},\"primaryImageOfPage\":{\"@id\":\"https:\\\/\\\/www.rassegnastampa-totustuus.it\\\/cattolica\\\/li-chiamano-anti-titini-ma-sono-vittime-del-comunismo\\\/#primaryimage\"},\"image\":{\"@id\":\"https:\\\/\\\/www.rassegnastampa-totustuus.it\\\/cattolica\\\/li-chiamano-anti-titini-ma-sono-vittime-del-comunismo\\\/#primaryimage\"},\"thumbnailUrl\":\"https:\\\/\\\/www.rassegnastampa-totustuus.it\\\/cattolica\\\/wp-content\\\/uploads\\\/2020\\\/09\\\/foibe_comunismo-1.jpg\",\"datePublished\":\"2020-09-02T22:00:38+00:00\",\"dateModified\":\"2020-09-03T08:55:31+00:00\",\"description\":\"Rassegna Stampa Cattolica - Per una cultura che nasce dalla Rivelazione cristiana in conformit\u00e0 alla tradizione e al Magistero della Chiesa in opposizione ad ogni relativismo e totalitarismo\",\"breadcrumb\":{\"@id\":\"https:\\\/\\\/www.rassegnastampa-totustuus.it\\\/cattolica\\\/li-chiamano-anti-titini-ma-sono-vittime-del-comunismo\\\/#breadcrumb\"},\"inLanguage\":\"it-IT\",\"potentialAction\":[{\"@type\":\"ReadAction\",\"target\":[\"https:\\\/\\\/www.rassegnastampa-totustuus.it\\\/cattolica\\\/li-chiamano-anti-titini-ma-sono-vittime-del-comunismo\\\/\"]}]},{\"@type\":\"ImageObject\",\"inLanguage\":\"it-IT\",\"@id\":\"https:\\\/\\\/www.rassegnastampa-totustuus.it\\\/cattolica\\\/li-chiamano-anti-titini-ma-sono-vittime-del-comunismo\\\/#primaryimage\",\"url\":\"https:\\\/\\\/www.rassegnastampa-totustuus.it\\\/cattolica\\\/wp-content\\\/uploads\\\/2020\\\/09\\\/foibe_comunismo-1.jpg\",\"contentUrl\":\"https:\\\/\\\/www.rassegnastampa-totustuus.it\\\/cattolica\\\/wp-content\\\/uploads\\\/2020\\\/09\\\/foibe_comunismo-1.jpg\",\"width\":1552,\"height\":880},{\"@type\":\"BreadcrumbList\",\"@id\":\"https:\\\/\\\/www.rassegnastampa-totustuus.it\\\/cattolica\\\/li-chiamano-anti-titini-ma-sono-vittime-del-comunismo\\\/#breadcrumb\",\"itemListElement\":[{\"@type\":\"ListItem\",\"position\":1,\"name\":\"Home\",\"item\":\"https:\\\/\\\/www.rassegnastampa-totustuus.it\\\/cattolica\\\/\"},{\"@type\":\"ListItem\",\"position\":2,\"name\":\"Li chiamano &#8220;anti titini&#8221;, ma sono vittime del comunismo\"}]},{\"@type\":\"WebSite\",\"@id\":\"https:\\\/\\\/www.rassegnastampa-totustuus.it\\\/cattolica\\\/#website\",\"url\":\"https:\\\/\\\/www.rassegnastampa-totustuus.it\\\/cattolica\\\/\",\"name\":\"Rassegna Stampa Cattolica\",\"description\":\"Per una cultura che nasce dalla Rivelazione cristiana in conformit\u00e0 alla tradizione e al Magistero della Chiesa in opposizione ad ogni relativismo e totalitarismo\",\"publisher\":{\"@id\":\"https:\\\/\\\/www.rassegnastampa-totustuus.it\\\/cattolica\\\/#organization\"},\"alternateName\":\"Rass. Cattolica\",\"potentialAction\":[{\"@type\":\"SearchAction\",\"target\":{\"@type\":\"EntryPoint\",\"urlTemplate\":\"https:\\\/\\\/www.rassegnastampa-totustuus.it\\\/cattolica\\\/?s={search_term_string}\"},\"query-input\":{\"@type\":\"PropertyValueSpecification\",\"valueRequired\":true,\"valueName\":\"search_term_string\"}}],\"inLanguage\":\"it-IT\"},{\"@type\":\"Organization\",\"@id\":\"https:\\\/\\\/www.rassegnastampa-totustuus.it\\\/cattolica\\\/#organization\",\"name\":\"Rassegna Stampa Cattolica\",\"url\":\"https:\\\/\\\/www.rassegnastampa-totustuus.it\\\/cattolica\\\/\",\"logo\":{\"@type\":\"ImageObject\",\"inLanguage\":\"it-IT\",\"@id\":\"https:\\\/\\\/www.rassegnastampa-totustuus.it\\\/cattolica\\\/#\\\/schema\\\/logo\\\/image\\\/\",\"url\":\"https:\\\/\\\/www.rassegnastampa-totustuus.it\\\/cattolica\\\/wp-content\\\/uploads\\\/2014\\\/04\\\/logo-rassegna1.gif\",\"contentUrl\":\"https:\\\/\\\/www.rassegnastampa-totustuus.it\\\/cattolica\\\/wp-content\\\/uploads\\\/2014\\\/04\\\/logo-rassegna1.gif\",\"width\":600,\"height\":163,\"caption\":\"Rassegna Stampa Cattolica\"},\"image\":{\"@id\":\"https:\\\/\\\/www.rassegnastampa-totustuus.it\\\/cattolica\\\/#\\\/schema\\\/logo\\\/image\\\/\"},\"sameAs\":[\"https:\\\/\\\/www.facebook.com\\\/rassegnastampacattolica\",\"https:\\\/\\\/x.com\\\/rassegnastampa9\"]},{\"@type\":\"Person\",\"@id\":\"https:\\\/\\\/www.rassegnastampa-totustuus.it\\\/cattolica\\\/#\\\/schema\\\/person\\\/08f319d2bd1a0904ad9e2bfb7b15e5c3\",\"name\":\"Redazione\",\"image\":{\"@type\":\"ImageObject\",\"inLanguage\":\"it-IT\",\"@id\":\"https:\\\/\\\/secure.gravatar.com\\\/avatar\\\/2fcdf27c78ea025fbdb44e914cc63c72249ffec9dc8aafd5c82b26240ef3f346?s=96&d=mm&r=g\",\"url\":\"https:\\\/\\\/secure.gravatar.com\\\/avatar\\\/2fcdf27c78ea025fbdb44e914cc63c72249ffec9dc8aafd5c82b26240ef3f346?s=96&d=mm&r=g\",\"contentUrl\":\"https:\\\/\\\/secure.gravatar.com\\\/avatar\\\/2fcdf27c78ea025fbdb44e914cc63c72249ffec9dc8aafd5c82b26240ef3f346?s=96&d=mm&r=g\",\"caption\":\"Redazione\"},\"url\":\"https:\\\/\\\/www.rassegnastampa-totustuus.it\\\/cattolica\\\/author\\\/pietroelle\\\/\"}]}<\/script>\n<!-- \/ Yoast SEO plugin. -->","yoast_head_json":{"title":"Li chiamano \"anti titini\", ma sono vittime del comunismo - Rassegna Stampa Cattolica","description":"Rassegna Stampa Cattolica - Per una cultura che nasce dalla Rivelazione cristiana in conformit\u00e0 alla tradizione e al Magistero della Chiesa in opposizione ad ogni relativismo e totalitarismo","robots":{"index":"index","follow":"follow","max-snippet":"max-snippet:-1","max-image-preview":"max-image-preview:large","max-video-preview":"max-video-preview:-1"},"canonical":"https:\/\/www.rassegnastampa-totustuus.it\/cattolica\/li-chiamano-anti-titini-ma-sono-vittime-del-comunismo\/","og_locale":"it_IT","og_type":"article","og_title":"Li chiamano \"anti titini\", ma sono vittime del comunismo - Rassegna Stampa Cattolica","og_description":"Rassegna Stampa Cattolica - Per una cultura che nasce dalla Rivelazione cristiana in conformit\u00e0 alla tradizione e al Magistero della Chiesa in opposizione ad ogni relativismo e totalitarismo","og_url":"https:\/\/www.rassegnastampa-totustuus.it\/cattolica\/li-chiamano-anti-titini-ma-sono-vittime-del-comunismo\/","og_site_name":"Rassegna Stampa Cattolica","article_publisher":"https:\/\/www.facebook.com\/rassegnastampacattolica","article_published_time":"2020-09-02T22:00:38+00:00","article_modified_time":"2020-09-03T08:55:31+00:00","og_image":[{"width":1552,"height":880,"url":"https:\/\/www.rassegnastampa-totustuus.it\/cattolica\/wp-content\/uploads\/2020\/09\/foibe_comunismo-1.jpg","type":"image\/jpeg"}],"author":"Redazione","twitter_card":"summary_large_image","twitter_creator":"@rassegnastampa9","twitter_site":"@rassegnastampa9","twitter_misc":{"Scritto da":"Redazione","Tempo di lettura stimato":"5 minuti"},"schema":{"@context":"https:\/\/schema.org","@graph":[{"@type":"Article","@id":"https:\/\/www.rassegnastampa-totustuus.it\/cattolica\/li-chiamano-anti-titini-ma-sono-vittime-del-comunismo\/#article","isPartOf":{"@id":"https:\/\/www.rassegnastampa-totustuus.it\/cattolica\/li-chiamano-anti-titini-ma-sono-vittime-del-comunismo\/"},"author":{"name":"Redazione","@id":"https:\/\/www.rassegnastampa-totustuus.it\/cattolica\/#\/schema\/person\/08f319d2bd1a0904ad9e2bfb7b15e5c3"},"headline":"Li chiamano &#8220;anti titini&#8221;, ma sono vittime del comunismo","datePublished":"2020-09-02T22:00:38+00:00","dateModified":"2020-09-03T08:55:31+00:00","mainEntityOfPage":{"@id":"https:\/\/www.rassegnastampa-totustuus.it\/cattolica\/li-chiamano-anti-titini-ma-sono-vittime-del-comunismo\/"},"wordCount":930,"publisher":{"@id":"https:\/\/www.rassegnastampa-totustuus.it\/cattolica\/#organization"},"image":{"@id":"https:\/\/www.rassegnastampa-totustuus.it\/cattolica\/li-chiamano-anti-titini-ma-sono-vittime-del-comunismo\/#primaryimage"},"thumbnailUrl":"https:\/\/www.rassegnastampa-totustuus.it\/cattolica\/wp-content\/uploads\/2020\/09\/foibe_comunismo-1.jpg","keywords":["comunismo","comunismo in Italia","foibe","storia","storia italiana"],"articleSection":["Comunismo","Comunismo in Italia","Storia","Storia italiana"],"inLanguage":"it-IT"},{"@type":"WebPage","@id":"https:\/\/www.rassegnastampa-totustuus.it\/cattolica\/li-chiamano-anti-titini-ma-sono-vittime-del-comunismo\/","url":"https:\/\/www.rassegnastampa-totustuus.it\/cattolica\/li-chiamano-anti-titini-ma-sono-vittime-del-comunismo\/","name":"Li chiamano \"anti titini\", ma sono vittime del comunismo - Rassegna Stampa Cattolica","isPartOf":{"@id":"https:\/\/www.rassegnastampa-totustuus.it\/cattolica\/#website"},"primaryImageOfPage":{"@id":"https:\/\/www.rassegnastampa-totustuus.it\/cattolica\/li-chiamano-anti-titini-ma-sono-vittime-del-comunismo\/#primaryimage"},"image":{"@id":"https:\/\/www.rassegnastampa-totustuus.it\/cattolica\/li-chiamano-anti-titini-ma-sono-vittime-del-comunismo\/#primaryimage"},"thumbnailUrl":"https:\/\/www.rassegnastampa-totustuus.it\/cattolica\/wp-content\/uploads\/2020\/09\/foibe_comunismo-1.jpg","datePublished":"2020-09-02T22:00:38+00:00","dateModified":"2020-09-03T08:55:31+00:00","description":"Rassegna Stampa Cattolica - Per una cultura che nasce dalla Rivelazione cristiana in conformit\u00e0 alla tradizione e al Magistero della Chiesa in opposizione ad ogni relativismo e totalitarismo","breadcrumb":{"@id":"https:\/\/www.rassegnastampa-totustuus.it\/cattolica\/li-chiamano-anti-titini-ma-sono-vittime-del-comunismo\/#breadcrumb"},"inLanguage":"it-IT","potentialAction":[{"@type":"ReadAction","target":["https:\/\/www.rassegnastampa-totustuus.it\/cattolica\/li-chiamano-anti-titini-ma-sono-vittime-del-comunismo\/"]}]},{"@type":"ImageObject","inLanguage":"it-IT","@id":"https:\/\/www.rassegnastampa-totustuus.it\/cattolica\/li-chiamano-anti-titini-ma-sono-vittime-del-comunismo\/#primaryimage","url":"https:\/\/www.rassegnastampa-totustuus.it\/cattolica\/wp-content\/uploads\/2020\/09\/foibe_comunismo-1.jpg","contentUrl":"https:\/\/www.rassegnastampa-totustuus.it\/cattolica\/wp-content\/uploads\/2020\/09\/foibe_comunismo-1.jpg","width":1552,"height":880},{"@type":"BreadcrumbList","@id":"https:\/\/www.rassegnastampa-totustuus.it\/cattolica\/li-chiamano-anti-titini-ma-sono-vittime-del-comunismo\/#breadcrumb","itemListElement":[{"@type":"ListItem","position":1,"name":"Home","item":"https:\/\/www.rassegnastampa-totustuus.it\/cattolica\/"},{"@type":"ListItem","position":2,"name":"Li chiamano &#8220;anti titini&#8221;, ma sono vittime del comunismo"}]},{"@type":"WebSite","@id":"https:\/\/www.rassegnastampa-totustuus.it\/cattolica\/#website","url":"https:\/\/www.rassegnastampa-totustuus.it\/cattolica\/","name":"Rassegna Stampa Cattolica","description":"Per una cultura che nasce dalla Rivelazione cristiana in conformit\u00e0 alla tradizione e al Magistero della Chiesa in opposizione ad ogni relativismo e totalitarismo","publisher":{"@id":"https:\/\/www.rassegnastampa-totustuus.it\/cattolica\/#organization"},"alternateName":"Rass. Cattolica","potentialAction":[{"@type":"SearchAction","target":{"@type":"EntryPoint","urlTemplate":"https:\/\/www.rassegnastampa-totustuus.it\/cattolica\/?s={search_term_string}"},"query-input":{"@type":"PropertyValueSpecification","valueRequired":true,"valueName":"search_term_string"}}],"inLanguage":"it-IT"},{"@type":"Organization","@id":"https:\/\/www.rassegnastampa-totustuus.it\/cattolica\/#organization","name":"Rassegna Stampa Cattolica","url":"https:\/\/www.rassegnastampa-totustuus.it\/cattolica\/","logo":{"@type":"ImageObject","inLanguage":"it-IT","@id":"https:\/\/www.rassegnastampa-totustuus.it\/cattolica\/#\/schema\/logo\/image\/","url":"https:\/\/www.rassegnastampa-totustuus.it\/cattolica\/wp-content\/uploads\/2014\/04\/logo-rassegna1.gif","contentUrl":"https:\/\/www.rassegnastampa-totustuus.it\/cattolica\/wp-content\/uploads\/2014\/04\/logo-rassegna1.gif","width":600,"height":163,"caption":"Rassegna Stampa Cattolica"},"image":{"@id":"https:\/\/www.rassegnastampa-totustuus.it\/cattolica\/#\/schema\/logo\/image\/"},"sameAs":["https:\/\/www.facebook.com\/rassegnastampacattolica","https:\/\/x.com\/rassegnastampa9"]},{"@type":"Person","@id":"https:\/\/www.rassegnastampa-totustuus.it\/cattolica\/#\/schema\/person\/08f319d2bd1a0904ad9e2bfb7b15e5c3","name":"Redazione","image":{"@type":"ImageObject","inLanguage":"it-IT","@id":"https:\/\/secure.gravatar.com\/avatar\/2fcdf27c78ea025fbdb44e914cc63c72249ffec9dc8aafd5c82b26240ef3f346?s=96&d=mm&r=g","url":"https:\/\/secure.gravatar.com\/avatar\/2fcdf27c78ea025fbdb44e914cc63c72249ffec9dc8aafd5c82b26240ef3f346?s=96&d=mm&r=g","contentUrl":"https:\/\/secure.gravatar.com\/avatar\/2fcdf27c78ea025fbdb44e914cc63c72249ffec9dc8aafd5c82b26240ef3f346?s=96&d=mm&r=g","caption":"Redazione"},"url":"https:\/\/www.rassegnastampa-totustuus.it\/cattolica\/author\/pietroelle\/"}]}},"_links":{"self":[{"href":"https:\/\/www.rassegnastampa-totustuus.it\/cattolica\/wp-json\/wp\/v2\/posts\/48233","targetHints":{"allow":["GET"]}}],"collection":[{"href":"https:\/\/www.rassegnastampa-totustuus.it\/cattolica\/wp-json\/wp\/v2\/posts"}],"about":[{"href":"https:\/\/www.rassegnastampa-totustuus.it\/cattolica\/wp-json\/wp\/v2\/types\/post"}],"author":[{"embeddable":true,"href":"https:\/\/www.rassegnastampa-totustuus.it\/cattolica\/wp-json\/wp\/v2\/users\/6"}],"replies":[{"embeddable":true,"href":"https:\/\/www.rassegnastampa-totustuus.it\/cattolica\/wp-json\/wp\/v2\/comments?post=48233"}],"version-history":[{"count":5,"href":"https:\/\/www.rassegnastampa-totustuus.it\/cattolica\/wp-json\/wp\/v2\/posts\/48233\/revisions"}],"predecessor-version":[{"id":48268,"href":"https:\/\/www.rassegnastampa-totustuus.it\/cattolica\/wp-json\/wp\/v2\/posts\/48233\/revisions\/48268"}],"wp:featuredmedia":[{"embeddable":true,"href":"https:\/\/www.rassegnastampa-totustuus.it\/cattolica\/wp-json\/wp\/v2\/media\/48241"}],"wp:attachment":[{"href":"https:\/\/www.rassegnastampa-totustuus.it\/cattolica\/wp-json\/wp\/v2\/media?parent=48233"}],"wp:term":[{"taxonomy":"category","embeddable":true,"href":"https:\/\/www.rassegnastampa-totustuus.it\/cattolica\/wp-json\/wp\/v2\/categories?post=48233"},{"taxonomy":"post_tag","embeddable":true,"href":"https:\/\/www.rassegnastampa-totustuus.it\/cattolica\/wp-json\/wp\/v2\/tags?post=48233"}],"curies":[{"name":"wp","href":"https:\/\/api.w.org\/{rel}","templated":true}]}}