{"id":48201,"date":"2020-09-03T00:00:06","date_gmt":"2020-09-02T22:00:06","guid":{"rendered":"http:\/\/www.rassegnastampa-totustuus.it\/cattolica\/?p=48201"},"modified":"2020-08-30T12:05:18","modified_gmt":"2020-08-30T10:05:18","slug":"gianfranco-miglio-e-la-fine-dello-stato-risorgimentale-ottocentesco","status":"publish","type":"post","link":"https:\/\/www.rassegnastampa-totustuus.it\/cattolica\/gianfranco-miglio-e-la-fine-dello-stato-risorgimentale-ottocentesco\/","title":{"rendered":"Gianfranco Miglio e la fine dello Stato risorgimentale ottocentesco"},"content":{"rendered":"<p style=\"text-align: center;\"><strong><a href=\"https:\/\/www.rassegnastampa-totustuus.it\/cattolica\/wp-content\/uploads\/2010\/06\/bandiera_Italia.jpg\"><img loading=\"lazy\" decoding=\"async\" class=\"size-full wp-image-21098 alignright\" src=\"https:\/\/www.rassegnastampa-totustuus.it\/cattolica\/wp-content\/uploads\/2010\/06\/bandiera_Italia.jpg\" alt=\"\" width=\"260\" height=\"194\" \/><\/a>Cultura cattolica<\/strong> luned\u00ec 24 agosto 2020<\/p>\n<p style=\"text-align: center;\">di <strong>Gianfranco Amato<\/strong><\/p>\n<p style=\"text-align: justify;\">Assurdo \u00e8 il pregiudizio ideologico che tende a precludere aprioristicamente la messa in discussione del modello di stato unitario ottocentesco, risorgimentale, accentratore e napoleonico, gi\u00e0 in fase di decomposizione e comunque destinato inevitabilmente all\u2019implosione.<\/p>\n<p><!--more--><\/p>\n<p style=\"text-align: justify;\">Non \u00e8 con la logica dello struzzo che si affrontano i cambiamenti, e non \u00e8 razionale restare sentimentalmente ancorati a modelli istituzionali ormai superati dal tempo e dalla storia.<\/p>\n<p style=\"text-align: justify;\">Rilanciamo \u00abPi\u00f9 societ\u00e0 e meno stato\u00bb!<\/p>\n<p style=\"text-align: justify;\">Diciannove anni fa moriva a Como Gianfranco Miglio, \u00abil maggior tecnico delle istituzioni e l\u2019uomo pi\u00f9 colto d\u2019Europa\u00bb, secondo la definizione che di lui diede il grande giurista tedesco Carl Schmitt.<\/p>\n<div id=\"attachment_48205\" style=\"width: 259px\" class=\"wp-caption alignleft\"><a href=\"https:\/\/www.rassegnastampa-totustuus.it\/cattolica\/wp-content\/uploads\/2020\/09\/Gianfranco_Miglio.jpg\"><img loading=\"lazy\" decoding=\"async\" aria-describedby=\"caption-attachment-48205\" class=\"wp-image-48205 size-full\" src=\"https:\/\/www.rassegnastampa-totustuus.it\/cattolica\/wp-content\/uploads\/2020\/09\/Gianfranco_Miglio.jpg\" alt=\"\" width=\"259\" height=\"194\" \/><\/a><p id=\"caption-attachment-48205\" class=\"wp-caption-text\">Gianfranco Miglio<\/p><\/div>\n<p style=\"text-align: justify;\">Pi\u00f9 volte mi \u00e8 capitato, nei primi anni \u201980, di incrociarlo nei chiostri del Bramante che ospitano l\u2019Universit\u00e0 Cattolica del Sacro Cuore di Milano. Allora io frequentavo la facolt\u00e0 di Giurisprudenza e lui insegnava Storia delle dottrine politiche alla facolt\u00e0 di Scienze Politiche, di cui \u00e8 stato preside. Ricordo anche di averlo incontrato pi\u00f9 volte alla stazione Cadorna quando scendeva dal treno per recarsi in universit\u00e0. Era certamente un personaggio fuori dal comune.<\/p>\n<p style=\"text-align: justify;\">Qualcuno lo ha paragonato ad un gentiluomo mitteleuropeo, anche per l\u2019abbigliamento impeccabile e squisitamente <em>demod\u00e9.<\/em> \u00a0Durante le sessioni d\u2019esame metteva sempre un papillon e d\u2019inverno indossava cappotti con pelliccia e copricapi alquanto eccentrici. Con il colbacco assomigliava molto a Roald Amundsen il noto esploratore norvegese delle regioni polari. Comunque sia, era uno degli uomini pi\u00f9 intelligenti che abbia conosciuto.<\/p>\n<p style=\"text-align: justify;\">Confesso che durante il tempo libero mi capitava qualche volta di andare a sentire le sue lezioni, per curiosit\u00e0 e interesse personale, dato che non insegnava nella mia facolt\u00e0. Mi affascinava la sua critica allo Stato moderno, le cui origini identificava in un\u2019esigenza molto prosaica: fare la guerra.<\/p>\n<p style=\"text-align: justify;\"><a href=\"https:\/\/www.rassegnastampa-totustuus.it\/cattolica\/wp-content\/uploads\/2020\/09\/guerra_cavalleria_Francia.jpg\"><img loading=\"lazy\" decoding=\"async\" class=\"size-full wp-image-48206 alignright\" src=\"https:\/\/www.rassegnastampa-totustuus.it\/cattolica\/wp-content\/uploads\/2020\/09\/guerra_cavalleria_Francia.jpg\" alt=\"\" width=\"285\" height=\"177\" \/><\/a>Il Fisco \u00e8 nato, secondo Miglio, principalmente per recuperare soldi e consentire al Sovrano di guerreggiare. Il venir meno di questo scopo avrebbe alla lunga fatto cessare una delle funzioni principali dello stato moderno. Profetizz\u00f2 la fine del parlamento su base nazionale, il cui destino sarebbe stato quello di un organismo dotato di una sempre pi\u00f9 ridotta capacit\u00e0 decisionale e, soprattutto, scavalcato sulle questioni politicamente ed economicamente pi\u00f9 importanti da istituzioni che agiscono dall\u2019esterno.<\/p>\n<p style=\"text-align: justify;\">Profetizz\u00f2 anche la scomparsa dei grandi partiti di massa, sostituiti da quelle che lui definir\u00e0 \u00abaggregazioni di interessi, nelle quali non conta pi\u00f9 l\u2019ideologia ma il carisma dei capi e l\u2019uso scientifico della propaganda\u00bb.<\/p>\n<p style=\"text-align: justify;\">Profetizz\u00f2 la fine delle Costituzioni nate sul modello del diritto pubblico europeo soprattutto ottocentesco, intese come <em>totem<\/em> sacri intoccabili ed immodificabili, e la loro sostituzione con strumenti molto pi\u00f9 flessibili, dinamici e variabili di generazione in generazione.<\/p>\n<p style=\"text-align: justify;\"><a href=\"https:\/\/www.rassegnastampa-totustuus.it\/cattolica\/wp-content\/uploads\/2019\/11\/computer.jpg\"><img loading=\"lazy\" decoding=\"async\" class=\"size-medium wp-image-45232 alignleft\" src=\"https:\/\/www.rassegnastampa-totustuus.it\/cattolica\/wp-content\/uploads\/2019\/11\/computer-300x168.jpg\" alt=\"\" width=\"300\" height=\"168\" \/><\/a>Profetizz\u00f2, soprattutto, che il progresso tecnologico e l\u2019avanzata dei processi di automazione avrebbero assestato un colpo ferale ad un altro fondamentale pilastro dello Stato moderno: l\u2019apparato burocratico. Soprattutto l\u2019innovazione digitale avrebbe rivoluzionato la vecchia struttura amministrativa napoleonica, con la conseguente eliminazione di decine di migliaia di funzionari di ogni livello.<\/p>\n<p style=\"text-align: justify;\">Profetizz\u00f2, infine, che l\u2019avanzata tecnologica, soprattutto nel settore bellico con gli armamenti atomici, avrebbe definitivamente fatto tramontare l\u2019idea della guerra convenzionale di confine e il concetto di forze armate come lo si poteva immaginare fino al XX secolo. Un esercito di pochi professionisti che svolge compiti di polizia e simboliche missioni di pace all\u2019estero non \u00e8 certo l\u2019esercito da guerra dello stato nazionale novecentesco.<\/p>\n<p style=\"text-align: justify;\">Ora, di fronte a questo inesorabile scenario profetico, in gran parte gi\u00e0 realizzato, Gianfranco Miglio ebbe il coraggio di formulare alcune proposte di ristrutturazione istituzionale in senso federale e autonomista.<\/p>\n<p style=\"text-align: justify;\"><a href=\"https:\/\/www.rassegnastampa-totustuus.it\/cattolica\/wp-content\/uploads\/2020\/09\/Macroregioni_Miglio_federalismo.jpg\"><img loading=\"lazy\" decoding=\"async\" class=\" wp-image-48207 alignright\" src=\"https:\/\/www.rassegnastampa-totustuus.it\/cattolica\/wp-content\/uploads\/2020\/09\/Macroregioni_Miglio_federalismo.jpg\" alt=\"\" width=\"221\" height=\"291\" \/><\/a>Ricordiamo, per esempio, l\u2019idea delle tre macroregioni e i principi indicati nel cosiddetto \u201cDecalogo di Assago\u201d del 1993. Sono ipotesi che si possono condividere o meno, ma che certo prima o poi dovranno inesorabilmente essere oggetto di dibattito.<\/p>\n<p style=\"text-align: justify;\">Quello che reputo assurdo \u00e8 il pregiudizio ideologico che tende a precludere aprioristicamente la messa in discussione del modello di stato unitario ottocentesco, risorgimentale, accentratore e napoleonico, gi\u00e0 in fase di decomposizione e comunque destinato inevitabilmente all\u2019implosione.<\/p>\n<p style=\"text-align: justify;\">Non \u00e8 con la logica dello struzzo che si affrontano i cambiamenti, e non \u00e8 razionale restare sentimentalmente ancorati a modelli istituzionali ormai superati dal tempo e dalla storia. \u00a0La stessa emergenza pandemica del Covid-19, peraltro, ha chiaramente evidenziato l\u2019assoluta esigenza di una vera e concreta autonomia dei territori e delle diverse comunit\u00e0 locali.<\/p>\n<p style=\"text-align: justify;\">La realt\u00e0, dando ragione a Miglio, ci ha purtroppo insegnato che gli stati unitari, centralisti e burocratici sono diventati oramai macchine fiscali insaziabili, indebitate e fuori controllo, destinate ineluttabilmente a bruciare le ricchezze prodotte dalla societ\u00e0, e incapaci di rispondere alle concrete e diverse esigenze delle comunit\u00e0 locali.<\/p>\n<p style=\"text-align: justify;\"><a href=\"https:\/\/www.rassegnastampa-totustuus.it\/cattolica\/wp-content\/uploads\/2012\/11\/burocrazia.jpg\"><img loading=\"lazy\" decoding=\"async\" class=\"size-medium wp-image-31683 alignleft\" src=\"https:\/\/www.rassegnastampa-totustuus.it\/cattolica\/wp-content\/uploads\/2012\/11\/burocrazia-300x168.jpg\" alt=\"\" width=\"300\" height=\"168\" \/><\/a>Solo dei politici irresponsabili e criminali possono ignorare quest\u2019altra grande verit\u00e0 evidenziata da Miglio: non \u00e8 possibile migliorare la macchina statale lasciando intatta la sua struttura di fondo. Solo un incosciente oggi potrebbe non rendersi conto che lo Stato italiano \u00e8 ormai irriformabile.<\/p>\n<p style=\"text-align: justify;\"><a href=\"https:\/\/www.rassegnastampa-totustuus.it\/cattolica\/wp-content\/uploads\/2010\/03\/fisco.jpg\"><img loading=\"lazy\" decoding=\"async\" class=\"size-full wp-image-20601 alignright\" src=\"https:\/\/www.rassegnastampa-totustuus.it\/cattolica\/wp-content\/uploads\/2010\/03\/fisco.jpg\" alt=\"\" width=\"266\" height=\"190\" \/><\/a>La burocrazia, la giustizia, il fisco \u2013 solo per citare alcuni esempi \u2013 non sono pi\u00f9 riformabili. E qualunque tentativo di miglioramento, avrebbe gli stessi effetti dei classici pannicelli caldi. \u00a0La struttura istituzionale del nostro Paese nel suo complesso \u00e8 come un\u2019automobile con un motore fuso. Non \u00e8 sostituendo lo spinterogeno o il carburatore che un motore fuso pu\u00f2 ripartire. E non \u00e8 neppure un problema di pilota. Anche il campione mondiale di Formula Uno non sarebbe in grado di guidare un\u2019auto con un motore grippato.<\/p>\n<p style=\"text-align: justify;\"><a href=\"https:\/\/www.rassegnastampa-totustuus.it\/cattolica\/wp-content\/uploads\/2020\/06\/magistratura_giustizia_diritto.jpg\"><img loading=\"lazy\" decoding=\"async\" class=\"size-medium wp-image-47412 alignleft\" src=\"https:\/\/www.rassegnastampa-totustuus.it\/cattolica\/wp-content\/uploads\/2020\/06\/magistratura_giustizia_diritto-300x109.jpg\" alt=\"\" width=\"300\" height=\"109\" srcset=\"https:\/\/www.rassegnastampa-totustuus.it\/cattolica\/wp-content\/uploads\/2020\/06\/magistratura_giustizia_diritto-300x109.jpg 300w, https:\/\/www.rassegnastampa-totustuus.it\/cattolica\/wp-content\/uploads\/2020\/06\/magistratura_giustizia_diritto-768x280.jpg 768w, https:\/\/www.rassegnastampa-totustuus.it\/cattolica\/wp-content\/uploads\/2020\/06\/magistratura_giustizia_diritto-1024x373.jpg 1024w, https:\/\/www.rassegnastampa-totustuus.it\/cattolica\/wp-content\/uploads\/2020\/06\/magistratura_giustizia_diritto.jpg 1920w\" sizes=\"auto, (max-width: 300px) 100vw, 300px\" \/><\/a>Chiunque aspiri, dunque, ad amministrare questo Paese come fa a non porsi il problema della sostituzione del motore? \u00a0L\u2019opposizione pensa davvero di poter governare l\u2019Italia con l\u2019attuale sistema istituzionale? Con l\u2019attuale struttura amministrativo-burocratica? Con l\u2019attuale regime fiscale? Con l\u2019attuale sistema della giustizia?<\/p>\n<p style=\"text-align: justify;\">C\u2019\u00e8 un solo modo per essere credibili ed \u00e8 quello di ipotizzare un <em>reset<\/em> totale, un azzeramento completo ed una ricostruzione <em>ex novo<\/em> sulla base di un diverso assetto istituzionale non pi\u00f9 rivolto agli schemi ottocenteschi ma orientato al futuro, verso modelli pi\u00f9 moderni, in cui sia ridotta la presenza pervasiva dello Stato a vantaggio della societ\u00e0 e di una vera autonomia delle comunit\u00e0 locali.<\/p>\n<p style=\"text-align: justify;\">Chi ha la pretesa di candidarsi a guidare la nostra nazione ha il dovere morale di dire agli elettori con quale nuovo motore vuol sostituire quello fuso.<\/p>\n","protected":false},"excerpt":{"rendered":"<p>Cultura cattolica luned\u00ec 24 agosto 2020 di Gianfranco Amato Assurdo \u00e8 il pregiudizio ideologico che tende a precludere aprioristicamente la messa in discussione del modello di stato unitario ottocentesco, risorgimentale, accentratore e napoleonico, gi\u00e0 in fase di decomposizione e comunque destinato inevitabilmente all\u2019implosione.<\/p><p><a class=\"more-link btn\" href=\"https:\/\/www.rassegnastampa-totustuus.it\/cattolica\/gianfranco-miglio-e-la-fine-dello-stato-risorgimentale-ottocentesco\/\">Continua a leggere<\/a><\/p>\n","protected":false},"author":6,"featured_media":48202,"comment_status":"closed","ping_status":"closed","sticky":false,"template":"","format":"standard","meta":{"footnotes":""},"categories":[20],"tags":[737,297,2827,1432],"class_list":["post-48201","post","type-post","status-publish","format-standard","has-post-thumbnail","hentry","category-politica-nazionale","tag-federalismo","tag-politica-nazionale-2","tag-riforma-dello-stato","tag-stato-moderno","item-wrap"],"yoast_head":"<!-- This site is optimized with the Yoast SEO plugin v27.5 - https:\/\/yoast.com\/product\/yoast-seo-wordpress\/ -->\n<title>Gianfranco Miglio e la fine dello Stato risorgimentale ottocentesco - Rassegna Stampa Cattolica<\/title>\n<meta name=\"description\" content=\"Rassegna Stampa Cattolica - Per una cultura che nasce dalla Rivelazione cristiana in conformit\u00e0 alla tradizione e al Magistero della Chiesa in opposizione ad ogni relativismo e totalitarismo\" \/>\n<meta name=\"robots\" content=\"index, follow, max-snippet:-1, max-image-preview:large, max-video-preview:-1\" \/>\n<link rel=\"canonical\" href=\"https:\/\/www.rassegnastampa-totustuus.it\/cattolica\/gianfranco-miglio-e-la-fine-dello-stato-risorgimentale-ottocentesco\/\" \/>\n<meta property=\"og:locale\" content=\"it_IT\" \/>\n<meta property=\"og:type\" content=\"article\" \/>\n<meta property=\"og:title\" content=\"Gianfranco Miglio e la fine dello Stato risorgimentale ottocentesco - Rassegna Stampa Cattolica\" \/>\n<meta property=\"og:description\" content=\"Rassegna Stampa Cattolica - Per una cultura che nasce dalla Rivelazione cristiana in conformit\u00e0 alla tradizione e al Magistero della Chiesa in opposizione ad ogni relativismo e totalitarismo\" \/>\n<meta property=\"og:url\" content=\"https:\/\/www.rassegnastampa-totustuus.it\/cattolica\/gianfranco-miglio-e-la-fine-dello-stato-risorgimentale-ottocentesco\/\" \/>\n<meta property=\"og:site_name\" content=\"Rassegna Stampa Cattolica\" \/>\n<meta property=\"article:publisher\" content=\"https:\/\/www.facebook.com\/rassegnastampacattolica\" \/>\n<meta property=\"article:published_time\" content=\"2020-09-02T22:00:06+00:00\" \/>\n<meta property=\"og:image\" content=\"https:\/\/www.rassegnastampa-totustuus.it\/cattolica\/wp-content\/uploads\/2020\/08\/Italia_crisi.jpg\" \/>\n\t<meta property=\"og:image:width\" content=\"1419\" \/>\n\t<meta property=\"og:image:height\" content=\"900\" \/>\n\t<meta property=\"og:image:type\" content=\"image\/jpeg\" \/>\n<meta name=\"author\" content=\"Redazione\" \/>\n<meta name=\"twitter:card\" content=\"summary_large_image\" \/>\n<meta name=\"twitter:creator\" content=\"@rassegnastampa9\" \/>\n<meta name=\"twitter:site\" content=\"@rassegnastampa9\" \/>\n<meta name=\"twitter:label1\" content=\"Scritto da\" \/>\n\t<meta name=\"twitter:data1\" content=\"Redazione\" \/>\n\t<meta name=\"twitter:label2\" content=\"Tempo di lettura stimato\" \/>\n\t<meta name=\"twitter:data2\" content=\"5 minuti\" \/>\n<script type=\"application\/ld+json\" class=\"yoast-schema-graph\">{\"@context\":\"https:\\\/\\\/schema.org\",\"@graph\":[{\"@type\":\"Article\",\"@id\":\"https:\\\/\\\/www.rassegnastampa-totustuus.it\\\/cattolica\\\/gianfranco-miglio-e-la-fine-dello-stato-risorgimentale-ottocentesco\\\/#article\",\"isPartOf\":{\"@id\":\"https:\\\/\\\/www.rassegnastampa-totustuus.it\\\/cattolica\\\/gianfranco-miglio-e-la-fine-dello-stato-risorgimentale-ottocentesco\\\/\"},\"author\":{\"name\":\"Redazione\",\"@id\":\"https:\\\/\\\/www.rassegnastampa-totustuus.it\\\/cattolica\\\/#\\\/schema\\\/person\\\/08f319d2bd1a0904ad9e2bfb7b15e5c3\"},\"headline\":\"Gianfranco Miglio e la fine dello Stato risorgimentale ottocentesco\",\"datePublished\":\"2020-09-02T22:00:06+00:00\",\"mainEntityOfPage\":{\"@id\":\"https:\\\/\\\/www.rassegnastampa-totustuus.it\\\/cattolica\\\/gianfranco-miglio-e-la-fine-dello-stato-risorgimentale-ottocentesco\\\/\"},\"wordCount\":1044,\"publisher\":{\"@id\":\"https:\\\/\\\/www.rassegnastampa-totustuus.it\\\/cattolica\\\/#organization\"},\"image\":{\"@id\":\"https:\\\/\\\/www.rassegnastampa-totustuus.it\\\/cattolica\\\/gianfranco-miglio-e-la-fine-dello-stato-risorgimentale-ottocentesco\\\/#primaryimage\"},\"thumbnailUrl\":\"https:\\\/\\\/www.rassegnastampa-totustuus.it\\\/cattolica\\\/wp-content\\\/uploads\\\/2020\\\/08\\\/Italia_crisi.jpg\",\"keywords\":[\"federalismo\",\"politica nazionale\",\"riforma dello stato\",\"stato moderno\"],\"articleSection\":[\"Politica nazionale\"],\"inLanguage\":\"it-IT\"},{\"@type\":\"WebPage\",\"@id\":\"https:\\\/\\\/www.rassegnastampa-totustuus.it\\\/cattolica\\\/gianfranco-miglio-e-la-fine-dello-stato-risorgimentale-ottocentesco\\\/\",\"url\":\"https:\\\/\\\/www.rassegnastampa-totustuus.it\\\/cattolica\\\/gianfranco-miglio-e-la-fine-dello-stato-risorgimentale-ottocentesco\\\/\",\"name\":\"Gianfranco Miglio e la fine dello Stato risorgimentale ottocentesco - Rassegna Stampa Cattolica\",\"isPartOf\":{\"@id\":\"https:\\\/\\\/www.rassegnastampa-totustuus.it\\\/cattolica\\\/#website\"},\"primaryImageOfPage\":{\"@id\":\"https:\\\/\\\/www.rassegnastampa-totustuus.it\\\/cattolica\\\/gianfranco-miglio-e-la-fine-dello-stato-risorgimentale-ottocentesco\\\/#primaryimage\"},\"image\":{\"@id\":\"https:\\\/\\\/www.rassegnastampa-totustuus.it\\\/cattolica\\\/gianfranco-miglio-e-la-fine-dello-stato-risorgimentale-ottocentesco\\\/#primaryimage\"},\"thumbnailUrl\":\"https:\\\/\\\/www.rassegnastampa-totustuus.it\\\/cattolica\\\/wp-content\\\/uploads\\\/2020\\\/08\\\/Italia_crisi.jpg\",\"datePublished\":\"2020-09-02T22:00:06+00:00\",\"description\":\"Rassegna Stampa Cattolica - Per una cultura che nasce dalla Rivelazione cristiana in conformit\u00e0 alla tradizione e al Magistero della Chiesa in opposizione ad ogni relativismo e totalitarismo\",\"breadcrumb\":{\"@id\":\"https:\\\/\\\/www.rassegnastampa-totustuus.it\\\/cattolica\\\/gianfranco-miglio-e-la-fine-dello-stato-risorgimentale-ottocentesco\\\/#breadcrumb\"},\"inLanguage\":\"it-IT\",\"potentialAction\":[{\"@type\":\"ReadAction\",\"target\":[\"https:\\\/\\\/www.rassegnastampa-totustuus.it\\\/cattolica\\\/gianfranco-miglio-e-la-fine-dello-stato-risorgimentale-ottocentesco\\\/\"]}]},{\"@type\":\"ImageObject\",\"inLanguage\":\"it-IT\",\"@id\":\"https:\\\/\\\/www.rassegnastampa-totustuus.it\\\/cattolica\\\/gianfranco-miglio-e-la-fine-dello-stato-risorgimentale-ottocentesco\\\/#primaryimage\",\"url\":\"https:\\\/\\\/www.rassegnastampa-totustuus.it\\\/cattolica\\\/wp-content\\\/uploads\\\/2020\\\/08\\\/Italia_crisi.jpg\",\"contentUrl\":\"https:\\\/\\\/www.rassegnastampa-totustuus.it\\\/cattolica\\\/wp-content\\\/uploads\\\/2020\\\/08\\\/Italia_crisi.jpg\",\"width\":1419,\"height\":900},{\"@type\":\"BreadcrumbList\",\"@id\":\"https:\\\/\\\/www.rassegnastampa-totustuus.it\\\/cattolica\\\/gianfranco-miglio-e-la-fine-dello-stato-risorgimentale-ottocentesco\\\/#breadcrumb\",\"itemListElement\":[{\"@type\":\"ListItem\",\"position\":1,\"name\":\"Home\",\"item\":\"https:\\\/\\\/www.rassegnastampa-totustuus.it\\\/cattolica\\\/\"},{\"@type\":\"ListItem\",\"position\":2,\"name\":\"Gianfranco Miglio e la fine dello Stato risorgimentale ottocentesco\"}]},{\"@type\":\"WebSite\",\"@id\":\"https:\\\/\\\/www.rassegnastampa-totustuus.it\\\/cattolica\\\/#website\",\"url\":\"https:\\\/\\\/www.rassegnastampa-totustuus.it\\\/cattolica\\\/\",\"name\":\"Rassegna Stampa Cattolica\",\"description\":\"Per una cultura che nasce dalla Rivelazione cristiana in conformit\u00e0 alla tradizione e al Magistero della Chiesa in opposizione ad ogni relativismo e totalitarismo\",\"publisher\":{\"@id\":\"https:\\\/\\\/www.rassegnastampa-totustuus.it\\\/cattolica\\\/#organization\"},\"alternateName\":\"Rass. Cattolica\",\"potentialAction\":[{\"@type\":\"SearchAction\",\"target\":{\"@type\":\"EntryPoint\",\"urlTemplate\":\"https:\\\/\\\/www.rassegnastampa-totustuus.it\\\/cattolica\\\/?s={search_term_string}\"},\"query-input\":{\"@type\":\"PropertyValueSpecification\",\"valueRequired\":true,\"valueName\":\"search_term_string\"}}],\"inLanguage\":\"it-IT\"},{\"@type\":\"Organization\",\"@id\":\"https:\\\/\\\/www.rassegnastampa-totustuus.it\\\/cattolica\\\/#organization\",\"name\":\"Rassegna Stampa Cattolica\",\"url\":\"https:\\\/\\\/www.rassegnastampa-totustuus.it\\\/cattolica\\\/\",\"logo\":{\"@type\":\"ImageObject\",\"inLanguage\":\"it-IT\",\"@id\":\"https:\\\/\\\/www.rassegnastampa-totustuus.it\\\/cattolica\\\/#\\\/schema\\\/logo\\\/image\\\/\",\"url\":\"https:\\\/\\\/www.rassegnastampa-totustuus.it\\\/cattolica\\\/wp-content\\\/uploads\\\/2014\\\/04\\\/logo-rassegna1.gif\",\"contentUrl\":\"https:\\\/\\\/www.rassegnastampa-totustuus.it\\\/cattolica\\\/wp-content\\\/uploads\\\/2014\\\/04\\\/logo-rassegna1.gif\",\"width\":600,\"height\":163,\"caption\":\"Rassegna Stampa Cattolica\"},\"image\":{\"@id\":\"https:\\\/\\\/www.rassegnastampa-totustuus.it\\\/cattolica\\\/#\\\/schema\\\/logo\\\/image\\\/\"},\"sameAs\":[\"https:\\\/\\\/www.facebook.com\\\/rassegnastampacattolica\",\"https:\\\/\\\/x.com\\\/rassegnastampa9\"]},{\"@type\":\"Person\",\"@id\":\"https:\\\/\\\/www.rassegnastampa-totustuus.it\\\/cattolica\\\/#\\\/schema\\\/person\\\/08f319d2bd1a0904ad9e2bfb7b15e5c3\",\"name\":\"Redazione\",\"image\":{\"@type\":\"ImageObject\",\"inLanguage\":\"it-IT\",\"@id\":\"https:\\\/\\\/secure.gravatar.com\\\/avatar\\\/2fcdf27c78ea025fbdb44e914cc63c72249ffec9dc8aafd5c82b26240ef3f346?s=96&d=mm&r=g\",\"url\":\"https:\\\/\\\/secure.gravatar.com\\\/avatar\\\/2fcdf27c78ea025fbdb44e914cc63c72249ffec9dc8aafd5c82b26240ef3f346?s=96&d=mm&r=g\",\"contentUrl\":\"https:\\\/\\\/secure.gravatar.com\\\/avatar\\\/2fcdf27c78ea025fbdb44e914cc63c72249ffec9dc8aafd5c82b26240ef3f346?s=96&d=mm&r=g\",\"caption\":\"Redazione\"},\"url\":\"https:\\\/\\\/www.rassegnastampa-totustuus.it\\\/cattolica\\\/author\\\/pietroelle\\\/\"}]}<\/script>\n<!-- \/ Yoast SEO plugin. -->","yoast_head_json":{"title":"Gianfranco Miglio e la fine dello Stato risorgimentale ottocentesco - Rassegna Stampa Cattolica","description":"Rassegna Stampa Cattolica - Per una cultura che nasce dalla Rivelazione cristiana in conformit\u00e0 alla tradizione e al Magistero della Chiesa in opposizione ad ogni relativismo e totalitarismo","robots":{"index":"index","follow":"follow","max-snippet":"max-snippet:-1","max-image-preview":"max-image-preview:large","max-video-preview":"max-video-preview:-1"},"canonical":"https:\/\/www.rassegnastampa-totustuus.it\/cattolica\/gianfranco-miglio-e-la-fine-dello-stato-risorgimentale-ottocentesco\/","og_locale":"it_IT","og_type":"article","og_title":"Gianfranco Miglio e la fine dello Stato risorgimentale ottocentesco - Rassegna Stampa Cattolica","og_description":"Rassegna Stampa Cattolica - Per una cultura che nasce dalla Rivelazione cristiana in conformit\u00e0 alla tradizione e al Magistero della Chiesa in opposizione ad ogni relativismo e totalitarismo","og_url":"https:\/\/www.rassegnastampa-totustuus.it\/cattolica\/gianfranco-miglio-e-la-fine-dello-stato-risorgimentale-ottocentesco\/","og_site_name":"Rassegna Stampa Cattolica","article_publisher":"https:\/\/www.facebook.com\/rassegnastampacattolica","article_published_time":"2020-09-02T22:00:06+00:00","og_image":[{"width":1419,"height":900,"url":"https:\/\/www.rassegnastampa-totustuus.it\/cattolica\/wp-content\/uploads\/2020\/08\/Italia_crisi.jpg","type":"image\/jpeg"}],"author":"Redazione","twitter_card":"summary_large_image","twitter_creator":"@rassegnastampa9","twitter_site":"@rassegnastampa9","twitter_misc":{"Scritto da":"Redazione","Tempo di lettura stimato":"5 minuti"},"schema":{"@context":"https:\/\/schema.org","@graph":[{"@type":"Article","@id":"https:\/\/www.rassegnastampa-totustuus.it\/cattolica\/gianfranco-miglio-e-la-fine-dello-stato-risorgimentale-ottocentesco\/#article","isPartOf":{"@id":"https:\/\/www.rassegnastampa-totustuus.it\/cattolica\/gianfranco-miglio-e-la-fine-dello-stato-risorgimentale-ottocentesco\/"},"author":{"name":"Redazione","@id":"https:\/\/www.rassegnastampa-totustuus.it\/cattolica\/#\/schema\/person\/08f319d2bd1a0904ad9e2bfb7b15e5c3"},"headline":"Gianfranco Miglio e la fine dello Stato risorgimentale ottocentesco","datePublished":"2020-09-02T22:00:06+00:00","mainEntityOfPage":{"@id":"https:\/\/www.rassegnastampa-totustuus.it\/cattolica\/gianfranco-miglio-e-la-fine-dello-stato-risorgimentale-ottocentesco\/"},"wordCount":1044,"publisher":{"@id":"https:\/\/www.rassegnastampa-totustuus.it\/cattolica\/#organization"},"image":{"@id":"https:\/\/www.rassegnastampa-totustuus.it\/cattolica\/gianfranco-miglio-e-la-fine-dello-stato-risorgimentale-ottocentesco\/#primaryimage"},"thumbnailUrl":"https:\/\/www.rassegnastampa-totustuus.it\/cattolica\/wp-content\/uploads\/2020\/08\/Italia_crisi.jpg","keywords":["federalismo","politica nazionale","riforma dello stato","stato moderno"],"articleSection":["Politica nazionale"],"inLanguage":"it-IT"},{"@type":"WebPage","@id":"https:\/\/www.rassegnastampa-totustuus.it\/cattolica\/gianfranco-miglio-e-la-fine-dello-stato-risorgimentale-ottocentesco\/","url":"https:\/\/www.rassegnastampa-totustuus.it\/cattolica\/gianfranco-miglio-e-la-fine-dello-stato-risorgimentale-ottocentesco\/","name":"Gianfranco Miglio e la fine dello Stato risorgimentale ottocentesco - Rassegna Stampa Cattolica","isPartOf":{"@id":"https:\/\/www.rassegnastampa-totustuus.it\/cattolica\/#website"},"primaryImageOfPage":{"@id":"https:\/\/www.rassegnastampa-totustuus.it\/cattolica\/gianfranco-miglio-e-la-fine-dello-stato-risorgimentale-ottocentesco\/#primaryimage"},"image":{"@id":"https:\/\/www.rassegnastampa-totustuus.it\/cattolica\/gianfranco-miglio-e-la-fine-dello-stato-risorgimentale-ottocentesco\/#primaryimage"},"thumbnailUrl":"https:\/\/www.rassegnastampa-totustuus.it\/cattolica\/wp-content\/uploads\/2020\/08\/Italia_crisi.jpg","datePublished":"2020-09-02T22:00:06+00:00","description":"Rassegna Stampa Cattolica - Per una cultura che nasce dalla Rivelazione cristiana in conformit\u00e0 alla tradizione e al Magistero della Chiesa in opposizione ad ogni relativismo e totalitarismo","breadcrumb":{"@id":"https:\/\/www.rassegnastampa-totustuus.it\/cattolica\/gianfranco-miglio-e-la-fine-dello-stato-risorgimentale-ottocentesco\/#breadcrumb"},"inLanguage":"it-IT","potentialAction":[{"@type":"ReadAction","target":["https:\/\/www.rassegnastampa-totustuus.it\/cattolica\/gianfranco-miglio-e-la-fine-dello-stato-risorgimentale-ottocentesco\/"]}]},{"@type":"ImageObject","inLanguage":"it-IT","@id":"https:\/\/www.rassegnastampa-totustuus.it\/cattolica\/gianfranco-miglio-e-la-fine-dello-stato-risorgimentale-ottocentesco\/#primaryimage","url":"https:\/\/www.rassegnastampa-totustuus.it\/cattolica\/wp-content\/uploads\/2020\/08\/Italia_crisi.jpg","contentUrl":"https:\/\/www.rassegnastampa-totustuus.it\/cattolica\/wp-content\/uploads\/2020\/08\/Italia_crisi.jpg","width":1419,"height":900},{"@type":"BreadcrumbList","@id":"https:\/\/www.rassegnastampa-totustuus.it\/cattolica\/gianfranco-miglio-e-la-fine-dello-stato-risorgimentale-ottocentesco\/#breadcrumb","itemListElement":[{"@type":"ListItem","position":1,"name":"Home","item":"https:\/\/www.rassegnastampa-totustuus.it\/cattolica\/"},{"@type":"ListItem","position":2,"name":"Gianfranco Miglio e la fine dello Stato risorgimentale ottocentesco"}]},{"@type":"WebSite","@id":"https:\/\/www.rassegnastampa-totustuus.it\/cattolica\/#website","url":"https:\/\/www.rassegnastampa-totustuus.it\/cattolica\/","name":"Rassegna Stampa Cattolica","description":"Per una cultura che nasce dalla Rivelazione cristiana in conformit\u00e0 alla tradizione e al Magistero della Chiesa in opposizione ad ogni relativismo e totalitarismo","publisher":{"@id":"https:\/\/www.rassegnastampa-totustuus.it\/cattolica\/#organization"},"alternateName":"Rass. Cattolica","potentialAction":[{"@type":"SearchAction","target":{"@type":"EntryPoint","urlTemplate":"https:\/\/www.rassegnastampa-totustuus.it\/cattolica\/?s={search_term_string}"},"query-input":{"@type":"PropertyValueSpecification","valueRequired":true,"valueName":"search_term_string"}}],"inLanguage":"it-IT"},{"@type":"Organization","@id":"https:\/\/www.rassegnastampa-totustuus.it\/cattolica\/#organization","name":"Rassegna Stampa Cattolica","url":"https:\/\/www.rassegnastampa-totustuus.it\/cattolica\/","logo":{"@type":"ImageObject","inLanguage":"it-IT","@id":"https:\/\/www.rassegnastampa-totustuus.it\/cattolica\/#\/schema\/logo\/image\/","url":"https:\/\/www.rassegnastampa-totustuus.it\/cattolica\/wp-content\/uploads\/2014\/04\/logo-rassegna1.gif","contentUrl":"https:\/\/www.rassegnastampa-totustuus.it\/cattolica\/wp-content\/uploads\/2014\/04\/logo-rassegna1.gif","width":600,"height":163,"caption":"Rassegna Stampa Cattolica"},"image":{"@id":"https:\/\/www.rassegnastampa-totustuus.it\/cattolica\/#\/schema\/logo\/image\/"},"sameAs":["https:\/\/www.facebook.com\/rassegnastampacattolica","https:\/\/x.com\/rassegnastampa9"]},{"@type":"Person","@id":"https:\/\/www.rassegnastampa-totustuus.it\/cattolica\/#\/schema\/person\/08f319d2bd1a0904ad9e2bfb7b15e5c3","name":"Redazione","image":{"@type":"ImageObject","inLanguage":"it-IT","@id":"https:\/\/secure.gravatar.com\/avatar\/2fcdf27c78ea025fbdb44e914cc63c72249ffec9dc8aafd5c82b26240ef3f346?s=96&d=mm&r=g","url":"https:\/\/secure.gravatar.com\/avatar\/2fcdf27c78ea025fbdb44e914cc63c72249ffec9dc8aafd5c82b26240ef3f346?s=96&d=mm&r=g","contentUrl":"https:\/\/secure.gravatar.com\/avatar\/2fcdf27c78ea025fbdb44e914cc63c72249ffec9dc8aafd5c82b26240ef3f346?s=96&d=mm&r=g","caption":"Redazione"},"url":"https:\/\/www.rassegnastampa-totustuus.it\/cattolica\/author\/pietroelle\/"}]}},"_links":{"self":[{"href":"https:\/\/www.rassegnastampa-totustuus.it\/cattolica\/wp-json\/wp\/v2\/posts\/48201","targetHints":{"allow":["GET"]}}],"collection":[{"href":"https:\/\/www.rassegnastampa-totustuus.it\/cattolica\/wp-json\/wp\/v2\/posts"}],"about":[{"href":"https:\/\/www.rassegnastampa-totustuus.it\/cattolica\/wp-json\/wp\/v2\/types\/post"}],"author":[{"embeddable":true,"href":"https:\/\/www.rassegnastampa-totustuus.it\/cattolica\/wp-json\/wp\/v2\/users\/6"}],"replies":[{"embeddable":true,"href":"https:\/\/www.rassegnastampa-totustuus.it\/cattolica\/wp-json\/wp\/v2\/comments?post=48201"}],"version-history":[{"count":2,"href":"https:\/\/www.rassegnastampa-totustuus.it\/cattolica\/wp-json\/wp\/v2\/posts\/48201\/revisions"}],"predecessor-version":[{"id":48208,"href":"https:\/\/www.rassegnastampa-totustuus.it\/cattolica\/wp-json\/wp\/v2\/posts\/48201\/revisions\/48208"}],"wp:featuredmedia":[{"embeddable":true,"href":"https:\/\/www.rassegnastampa-totustuus.it\/cattolica\/wp-json\/wp\/v2\/media\/48202"}],"wp:attachment":[{"href":"https:\/\/www.rassegnastampa-totustuus.it\/cattolica\/wp-json\/wp\/v2\/media?parent=48201"}],"wp:term":[{"taxonomy":"category","embeddable":true,"href":"https:\/\/www.rassegnastampa-totustuus.it\/cattolica\/wp-json\/wp\/v2\/categories?post=48201"},{"taxonomy":"post_tag","embeddable":true,"href":"https:\/\/www.rassegnastampa-totustuus.it\/cattolica\/wp-json\/wp\/v2\/tags?post=48201"}],"curies":[{"name":"wp","href":"https:\/\/api.w.org\/{rel}","templated":true}]}}