{"id":48183,"date":"2020-09-03T00:00:20","date_gmt":"2020-09-02T22:00:20","guid":{"rendered":"http:\/\/www.rassegnastampa-totustuus.it\/cattolica\/?p=48183"},"modified":"2020-09-03T10:59:04","modified_gmt":"2020-09-03T08:59:04","slug":"perche-black-lives-matter-sbaglia-e-promuovera-una-rivoluzione-per-distruggere-lamerica","status":"publish","type":"post","link":"https:\/\/www.rassegnastampa-totustuus.it\/cattolica\/perche-black-lives-matter-sbaglia-e-promuovera-una-rivoluzione-per-distruggere-lamerica\/","title":{"rendered":"Perch\u00e9 Black lives matter sbaglia e promuover\u00e0 una rivoluzione per distruggere l\u2019America"},"content":{"rendered":"<p style=\"text-align: center;\"><strong><a href=\"https:\/\/www.rassegnastampa-totustuus.it\/cattolica\/wp-content\/uploads\/2020\/06\/Usa_disordini-2.jpg\"><img loading=\"lazy\" decoding=\"async\" class=\"size-medium wp-image-47643 alignright\" src=\"https:\/\/www.rassegnastampa-totustuus.it\/cattolica\/wp-content\/uploads\/2020\/06\/Usa_disordini-2-300x168.jpg\" alt=\"\" width=\"300\" height=\"168\" \/><\/a><a href=\"https:\/\/www.tfp.org\/\">Tradition, Family and Property<\/a><\/strong><\/p>\n<p style=\"text-align: center;\">11 Agosto 2020 <strong>\u00a0<\/strong><\/p>\n<p style=\"text-align: center;\">di<strong> John Horvat II <\/strong><\/p>\n<p style=\"text-align: justify;\">Una rivoluzione imperversa in America. Se un\u2019immagine potesse caratterizzare questa rivoluzione, essa potrebbe essere la scena recente del rogo della bandiera americana e della Bibbia in una delle rivolte notturne di Portland. Il rogo \u00e8 una chiara provocazione, intesa a offendere e indignare.<\/p>\n<p><!--more--><\/p>\n<p style=\"text-align: justify;\">Il suo obiettivo \u00e8 attaccare quelle cose che hanno ancora un significato per innumerevoli americani: Dio, nazione, famiglia. L\u2019atto incendiario \u00e8 simbolico dell\u2019auspicio di vedere queste cose ridotte in cenere. Il movimento <em>Black Lives Matter<\/em> (BLM) \u00e8 l\u2019ombrello sotto il quale tutto questo sta accadendo in America. I suoi militanti partecipano a queste proteste.<\/p>\n<p style=\"text-align: justify;\">Lo slogan <em>\u201cle vite dei neri contano\u201d<\/em> viene dovunque dipinto e cantato dai rivoltosi. Il presidente di <em>Black Lives Matter<\/em> per la zona della Grande New York, Hawk Newsome, ha minacciato di <em>\u201cbruciare il sistema e sostituirlo\u201d<\/em>, se le loro richieste non saranno esaudite.<\/p>\n<p style=\"text-align: justify;\"><strong>Perch\u00e9 ci sono quelli che simpatizzano con BLM<\/strong><\/p>\n<p style=\"text-align: justify;\"><a href=\"https:\/\/www.rassegnastampa-totustuus.it\/cattolica\/wp-content\/uploads\/2020\/07\/Usa_protesta.jpg\"><img loading=\"lazy\" decoding=\"async\" class=\"size-full wp-image-47853 alignleft\" src=\"https:\/\/www.rassegnastampa-totustuus.it\/cattolica\/wp-content\/uploads\/2020\/07\/Usa_protesta.jpg\" alt=\"\" width=\"224\" height=\"225\" srcset=\"https:\/\/www.rassegnastampa-totustuus.it\/cattolica\/wp-content\/uploads\/2020\/07\/Usa_protesta.jpg 224w, https:\/\/www.rassegnastampa-totustuus.it\/cattolica\/wp-content\/uploads\/2020\/07\/Usa_protesta-150x150.jpg 150w\" sizes=\"auto, (max-width: 224px) 100vw, 224px\" \/><\/a>La maggior parte delle persone pensa che il movimento BLM si occupi solo di coloro che soffrono a causa del razzismo. Molte persone sono sentimentalmente dispiaciute per le vittime dell\u2019ingiustizia e aderiscono all\u2019indignazione che dilaga. Alcuni di loro potrebbero persino non essere a conoscenza del rogo della Bibbia e della bandiera americana a Portland.<\/p>\n<p style=\"text-align: justify;\">Questi sostenitori superficiali del BLM scusano la violenza come un mero eccesso da parte di coloro che esprimono la loro giusta rabbia contro un sistema \u201crazzista\u201d e contro la brutalit\u00e0 della polizia. I media, nel riferire le proteste, potenziano e supportano questo mito. Sono pochissimi quelli che si prendono la briga di scavare pi\u00f9 a fondo.<\/p>\n<p style=\"text-align: justify;\">Se lo facessero, vedrebbero che il movimento BLM non corrisponde all\u2019immagine promossa dai media. Le co-fondatrici di BLM, Patrisse Cullors e Alicia Garza, si dichiarano \u201cmarxiste provette\u201d e non fanno alcun mistero del loro programma di distruggere l\u2019America, per come la maggioranza delle persone la conosce.<\/p>\n<p style=\"text-align: justify;\"><strong>\u00c8 necessario approfondire<\/strong><\/p>\n<p style=\"text-align: justify;\"><a href=\"https:\/\/www.rassegnastampa-totustuus.it\/cattolica\/wp-content\/uploads\/2020\/06\/Usa_razzismo.jpg\"><img loading=\"lazy\" decoding=\"async\" class=\"size-full wp-image-47610 alignright\" src=\"https:\/\/www.rassegnastampa-totustuus.it\/cattolica\/wp-content\/uploads\/2020\/06\/Usa_razzismo.jpg\" alt=\"\" width=\"299\" height=\"168\" \/><\/a>Se si va a indagare pi\u00f9 a fondo i loro obiettivi radicali possono essere trovati sul sito web del BLM e in numerosi articoli, tweet e interviste e vanno ben oltre la vecchia lotta per i diritti civili. Il credo del BLM professa il rovesciamento dell\u2019attuale societ\u00e0 \u201crazzista\u201d e la sua sostituzione con una societ\u00e0 egualitaria e socialista che abbracci tutte le identit\u00e0 e tutti i gruppi \u201coppressi\u201d, includendo classe, identit\u00e0 di genere, orientamento sessuale e lo status d\u2019immigrante.<\/p>\n<p style=\"text-align: justify;\">Ad esempio, il movimento pretende \u201csostituire il requisito della struttura familiare nucleare di stampo occidentale con famiglie allargate che si sostengono vicendevolmente e con \u201cvillaggi\u201d dove collettivamente ci si prende cura l\u2019uno dell\u2019altro\u201d.<\/p>\n<p style=\"text-align: justify;\">La loro \u00e8 \u201cuna rete di impronta <em>queer<\/em>. Quando ci riuniamo, lo facciamo con l\u2019intenzione di liberarci dalla stretta presa del pensiero eteronormativo \u201c. Forse la convinzione pi\u00f9 pericolosa del movimento \u00e8 la sua ostinata adesione all\u2019ideologia della lotta di classe, applicata in modo radicale. Nel caso specifico, riduce tutti i problemi a un razzismo \u201csistemico\u201d che va contrastato in tutte le strutture e istituzioni sociali. Creando cos\u00ec una falsa divisione della societ\u00e0 e mettendo tutte le categorie razziali e identitarie in guerra con l\u2019attuale ordine stabilito.<\/p>\n<p style=\"text-align: justify;\"><a href=\"https:\/\/www.rassegnastampa-totustuus.it\/cattolica\/wp-content\/uploads\/2020\/06\/Usa_manifestazione.jpg\"><img loading=\"lazy\" decoding=\"async\" class=\"size-medium wp-image-47575 alignleft\" src=\"https:\/\/www.rassegnastampa-totustuus.it\/cattolica\/wp-content\/uploads\/2020\/06\/Usa_manifestazione-300x168.jpg\" alt=\"\" width=\"300\" height=\"168\" \/><\/a>Talch\u00e9, ad esempio, il movimento BLM vuole abolire la polizia e le carceri come strumenti dell\u2019 \u201cimperialismo suprematista bianco di stampo capitalista eteropatriarcale\u201d e bersaglia tutte le manifestazioni del capitalismo come strumenti di oppressione, cercando di differire e, alla fine, abolire l\u2019affitto, i mutui e i pagamenti dovuti.<\/p>\n<p style=\"text-align: justify;\">La sua posizione religiosa ricorre a quella <em>teologia della liberazione<\/em> riciclata all\u2019infinito, che applica il Vangelo alla narrativa marxista della lotta di classe. Cristo si trasforma nel redentore degli oppressi contro l\u2019establishment oppressore. Patrisse Cullors, la cofondatrice, adopera antichi rituali pagani rivolti agli antenati e agli spiriti per chiedere aiuto nella lotta.<\/p>\n<p style=\"text-align: justify;\">L\u2019idea di lotta del BLM prende di mira anche la Chiesa tradizionale e gerarchica che vede come uno strumento di oppressione bianca, cosicch\u00e9 militanti e simpatizzanti come Shaun King chiedono l\u2019abbattimento delle rappresentazioni del Ges\u00f9 \u201cbianco\u201d, dei santi e delle vetrate. Tutte le cose che tradizionalmente rappresentano Dio e la Sua legge morale devono scomparire.<\/p>\n<p style=\"text-align: justify;\"><strong>Un falso dilemma<\/strong><\/p>\n<p style=\"text-align: justify;\"><a href=\"https:\/\/www.rassegnastampa-totustuus.it\/cattolica\/wp-content\/uploads\/2020\/06\/Usa_razzismo_sinistra.png\"><img loading=\"lazy\" decoding=\"async\" class=\"size-medium wp-image-47576 alignright\" src=\"https:\/\/www.rassegnastampa-totustuus.it\/cattolica\/wp-content\/uploads\/2020\/06\/Usa_razzismo_sinistra-300x169.png\" alt=\"\" width=\"300\" height=\"169\" srcset=\"https:\/\/www.rassegnastampa-totustuus.it\/cattolica\/wp-content\/uploads\/2020\/06\/Usa_razzismo_sinistra-300x169.png 300w, https:\/\/www.rassegnastampa-totustuus.it\/cattolica\/wp-content\/uploads\/2020\/06\/Usa_razzismo_sinistra-768x432.png 768w, https:\/\/www.rassegnastampa-totustuus.it\/cattolica\/wp-content\/uploads\/2020\/06\/Usa_razzismo_sinistra-1024x576.png 1024w, https:\/\/www.rassegnastampa-totustuus.it\/cattolica\/wp-content\/uploads\/2020\/06\/Usa_razzismo_sinistra.png 1280w\" sizes=\"auto, (max-width: 300px) 100vw, 300px\" \/><\/a>Con obiettivi cos\u00ec radicali, riesce difficile immaginare perch\u00e9 il pubblico dovrebbe simpatizzare con tale movimento. Ancora pi\u00f9 sconcertante \u00e8 il sostegno di quell\u2019establishment \u201crazzista\u201d che il BLM vuole indubbiamente distruggere. Personaggi sportivi, AD delle compagnie High-Tech ed ecclesiastici sembrano sgomitare per vedere chi pu\u00f2 superare l\u2019altro nell\u2019accattivarsi e coccolare la causa del BLM. BLM ha avuto successo nell\u2019inquadrare il dibattito suscitando il sostegno dei molti americani contrari al razzismo.<\/p>\n<p style=\"text-align: justify;\">BLM e la sinistra attribuiscono al razzismo le sofferenze di tutti i neri. Inoltre, hanno reso il razzismo \u201csistemico\u201d, in modo che solo un cambiamento radicale del sistema americano produrr\u00e0 effetto. Nessun individuo pu\u00f2 fare nulla al riguardo, eccetto chiedere perdono per avere partecipato al sistema. Agli americani viene offerta la scelta di sostenere la lotta \u201cantirazzista\u201d o di rischiare di essere etichettati come razzisti.<\/p>\n<p style=\"text-align: justify;\">Come succede sempre con le alternative che presenta la sinistra, entrambe le opzioni costituiscono un falso dilemma. Finch\u00e9 questo falso dilemma non verr\u00e0 denunciato e respinto, la causa di BLM continuer\u00e0 ad avanzare.<\/p>\n<p style=\"text-align: justify;\"><strong>Perch\u00e9 la narrativa del BLM \u00e8 falsa<\/strong><\/p>\n<p style=\"text-align: justify;\"><a href=\"https:\/\/www.rassegnastampa-totustuus.it\/cattolica\/wp-content\/uploads\/2020\/06\/Usa_manifestaz_razzismo.jpg\"><img loading=\"lazy\" decoding=\"async\" class=\"size-full wp-image-47572 alignleft\" src=\"https:\/\/www.rassegnastampa-totustuus.it\/cattolica\/wp-content\/uploads\/2020\/06\/Usa_manifestaz_razzismo.jpg\" alt=\"\" width=\"299\" height=\"168\" \/><\/a>Gli americani devono fare al pi\u00f9 presto i conti con il fatto che questa narrativa di BLM \u00e8 falsa. Non corrisponde alla realt\u00e0 e distrugger\u00e0 l\u2019America cristiana. La narrativa di BLM \u00e8 falsa perch\u00e9 la causa principale della sofferenza della comunit\u00e0 nera non \u00e8 il razzismo. Il razzismo pu\u00f2 influenzare il problema ma non \u00e8 la causa principale della difficile situazione di gran parte della comunit\u00e0 nera.<\/p>\n<p style=\"text-align: justify;\">Ci\u00f2 che sprofonda nella povert\u00e0 gli americani di qualsiasi colore \u00e8 il crollo della famiglia e della vita morale. In modo speciale, la comunit\u00e0 nera americana soffre di padri assenti, ragazze madri in difficolt\u00e0 e bambini privi di una vita familiare stabile e morale. Questa disgregazione familiare e morale crea un ciclo di povert\u00e0 e sofferenza che rende difficile, ma non impossibile, crescere bene i bambini. In generale, gli individui di qualsiasi razza che mettono su una vita familiare stabile e seguono fedelmente il codice morale cristiano, possono prosperare nella societ\u00e0 americana.<\/p>\n<p style=\"text-align: justify;\"><a href=\"https:\/\/www.rassegnastampa-totustuus.it\/cattolica\/wp-content\/uploads\/2012\/12\/cattolici-Usa.jpg\"><img loading=\"lazy\" decoding=\"async\" class=\"size-full wp-image-28563 alignright\" src=\"https:\/\/www.rassegnastampa-totustuus.it\/cattolica\/wp-content\/uploads\/2012\/12\/cattolici-Usa.jpg\" alt=\"\" width=\"280\" height=\"180\" \/><\/a>Tutti gli studi confermano questa conclusione. Qualsiasi azione tesa a indebolire questi due fattori aggiunge benzina al fuoco della spaventosa crisi all\u2019interno della comunit\u00e0 nera, cos\u00ec come di tutte le comunit\u00e0 americane. La narrativa di BLM \u00e8 falsa dal momento che prende questo problema morale e lo trasforma in un problema razziale. Cos\u00ec facendo, l\u2019individuo che si comporta male viene assolto dall\u2019obbligo di vivere moralmente e da tutti i doveri verso la famiglia, la comunit\u00e0, la nazione e Dio.<\/p>\n<p style=\"text-align: justify;\">Tutta la colpa \u00e8 attribuita a un sistema razzista imposto dalla maggioranza bianca. Ancora peggio, la narrativa di BLM \u00e8 sbagliata perch\u00e9 si propone di distruggere le istituzioni, le tradizioni e le strutture sociali necessarie per aiutare a risolvere il problema. Invece di rafforzare la famiglia, BLM mira a \u201csostituire il requisito della struttura familiare nucleare di stampo occidentale \u201d a favore di modi pi\u00f9 fluidi di convivenza. Invece di lavorare all\u2019interno di un sistema collaudato che porta prosperit\u00e0,<\/p>\n<p style=\"text-align: justify;\"><a href=\"https:\/\/www.rassegnastampa-totustuus.it\/cattolica\/wp-content\/uploads\/2020\/07\/Usa_sinistra_protesta.jpg\"><img loading=\"lazy\" decoding=\"async\" class=\"size-medium wp-image-47961 alignleft\" src=\"https:\/\/www.rassegnastampa-totustuus.it\/cattolica\/wp-content\/uploads\/2020\/07\/Usa_sinistra_protesta-300x169.jpg\" alt=\"\" width=\"300\" height=\"169\" srcset=\"https:\/\/www.rassegnastampa-totustuus.it\/cattolica\/wp-content\/uploads\/2020\/07\/Usa_sinistra_protesta-300x169.jpg 300w, https:\/\/www.rassegnastampa-totustuus.it\/cattolica\/wp-content\/uploads\/2020\/07\/Usa_sinistra_protesta-768x432.jpg 768w, https:\/\/www.rassegnastampa-totustuus.it\/cattolica\/wp-content\/uploads\/2020\/07\/Usa_sinistra_protesta-1024x576.jpg 1024w, https:\/\/www.rassegnastampa-totustuus.it\/cattolica\/wp-content\/uploads\/2020\/07\/Usa_sinistra_protesta.jpg 1480w\" sizes=\"auto, (max-width: 300px) 100vw, 300px\" \/><\/a>BLM propone schemi socialisti e marxisti, che hanno tutti dimostrato di essere fallimentari. Il comunismo ha portato miseria e morte indescrivibili a centinaia di milioni durante il ventesimo secolo e lo fa ancora oggi. BLM favorisce l\u2019agenda LGBTQ+ che sovverte la cos\u00ec necessaria struttura familiare tradizionale. Il movimento BLM sostiene l\u2019aborto che uccide i bambini neri nel grembo materno e distrugge la fibra morale degli individui e delle comunit\u00e0.<\/p>\n<p style=\"text-align: justify;\">La narrativa di BLM \u00e8 sbagliata anche perch\u00e9 non riflette i veri sentimenti della comunit\u00e0 nera che \u00e8, in genere, religiosa, patriottica e manifesta una maggiore \u00a0disapprovazione per l\u2019omosessualit\u00e0 rispetto ad altri gruppi.<\/p>\n<p style=\"text-align: justify;\"><strong>Un attacco alla legge morale<\/strong><\/p>\n<p style=\"text-align: justify;\">Gli obiettivi dei movimenti marxisti sono sempre gli stessi. Vogliono abbattere ogni manifestazione della legge morale naturale e stabilire una societ\u00e0 egualitaria e immorale, in cui gli individui non sono responsabili delle loro azioni. Per questa ragione si ribellano a Dio che \u00e8 l\u2019autore di questa legge e i marxisti finiscono per attaccare la Chiesa; la Chiesa insegna alle persone a conoscere, amare e servire Dio. L\u2019America non \u00e8 mai stata e non \u00e8 perfetta.<\/p>\n<p style=\"text-align: justify;\"><a href=\"https:\/\/www.rassegnastampa-totustuus.it\/cattolica\/wp-content\/uploads\/2020\/05\/queer_Lgbt_gender.jpg\"><img loading=\"lazy\" decoding=\"async\" class=\"size-medium wp-image-47201 alignright\" src=\"https:\/\/www.rassegnastampa-totustuus.it\/cattolica\/wp-content\/uploads\/2020\/05\/queer_Lgbt_gender-300x168.jpg\" alt=\"\" width=\"300\" height=\"168\" \/><\/a>Tuttavia conserva alcuni preziosi resti della civilt\u00e0 cristiana. La pi\u00f9 grande minaccia per l\u2019America \u00e8 la distruzione di ci\u00f2 che resta della legge morale cristiana. Se ci\u00f2 dovesse accadere, la nazione sar\u00e0 sopraffatta dal caos. Questo pericolo mette in pericolo tutta l\u2019America, non solo la comunit\u00e0 nera.<\/p>\n<p style=\"text-align: justify;\">Tutta l\u2019America \u00e8 in uno stato di decadenza morale e soffre di famiglie distrutte, comunit\u00e0 disgregate e chiese vuote. Tutti, tutte le razze, dovrebbero unirsi per combattere questi mali comuni. Invece, BLM persegue una politica di divisione, odio e lotta di classe che mette in pericolo la nazione in questo momento di crisi suprema.<\/p>\n<p style=\"text-align: justify;\">Quindi, non \u00e8 una sorpresa che Bibbie e bandiere americane vengano date alle fiamme, giacch\u00e9 rappresentano l\u2019ordine da rovesciare nella rivoluzione che sta arrivando. Gli americani devono rendersi conto che la narrativa di BLM fatta dai media \u00e8 una grande bugia che va respinta. Il movimento \u00e8 radicalmente marxista e omosessualista e lavora per la distruzione di un\u2019America cristiana. Il futuro della nazione \u00e8 a rischio. Solo un ritorno a Dio e alla Sua legge potr\u00e0 evitare il disastro.<\/p>\n","protected":false},"excerpt":{"rendered":"<p>Tradition, Family and Property 11 Agosto 2020 \u00a0 di John Horvat II Una rivoluzione imperversa in America. Se un\u2019immagine potesse caratterizzare questa rivoluzione, essa potrebbe essere la scena recente del rogo della bandiera americana e della Bibbia in una delle rivolte notturne di Portland. Il rogo \u00e8 una chiara provocazione, intesa a offendere e indignare.<\/p><p><a class=\"more-link btn\" href=\"https:\/\/www.rassegnastampa-totustuus.it\/cattolica\/perche-black-lives-matter-sbaglia-e-promuovera-una-rivoluzione-per-distruggere-lamerica\/\">Continua a leggere<\/a><\/p>\n","protected":false},"author":6,"featured_media":48184,"comment_status":"closed","ping_status":"closed","sticky":false,"template":"","format":"standard","meta":{"footnotes":""},"categories":[32,108,83,76],"tags":[2826,139,545,525,2401],"class_list":["post-48183","post","type-post","status-publish","format-standard","has-post-thumbnail","hentry","category-filosofia-del-comunismo","category-paesi-e-continenti","category-post-comunismo","category-stati-uniti","tag-black-lives-matter","tag-comunismo","tag-paesi-e-continenti-2","tag-post-comunismo-3","tag-stati-uniti","item-wrap"],"yoast_head":"<!-- This site is optimized with the Yoast SEO plugin v27.5 - https:\/\/yoast.com\/product\/yoast-seo-wordpress\/ -->\n<title>Perch\u00e9 Black lives matter sbaglia e promuover\u00e0 una rivoluzione per distruggere l\u2019America - Rassegna Stampa Cattolica<\/title>\n<meta name=\"description\" content=\"Rassegna Stampa Cattolica - Per una cultura che nasce dalla Rivelazione cristiana in conformit\u00e0 alla tradizione e al Magistero della Chiesa in opposizione ad ogni relativismo e totalitarismo\" \/>\n<meta name=\"robots\" content=\"index, follow, max-snippet:-1, max-image-preview:large, max-video-preview:-1\" \/>\n<link rel=\"canonical\" href=\"https:\/\/www.rassegnastampa-totustuus.it\/cattolica\/perche-black-lives-matter-sbaglia-e-promuovera-una-rivoluzione-per-distruggere-lamerica\/\" \/>\n<meta property=\"og:locale\" content=\"it_IT\" \/>\n<meta property=\"og:type\" content=\"article\" \/>\n<meta property=\"og:title\" content=\"Perch\u00e9 Black lives matter sbaglia e promuover\u00e0 una rivoluzione per distruggere l\u2019America - Rassegna Stampa Cattolica\" \/>\n<meta property=\"og:description\" content=\"Rassegna Stampa Cattolica - Per una cultura che nasce dalla Rivelazione cristiana in conformit\u00e0 alla tradizione e al Magistero della Chiesa in opposizione ad ogni relativismo e totalitarismo\" \/>\n<meta property=\"og:url\" content=\"https:\/\/www.rassegnastampa-totustuus.it\/cattolica\/perche-black-lives-matter-sbaglia-e-promuovera-una-rivoluzione-per-distruggere-lamerica\/\" \/>\n<meta property=\"og:site_name\" content=\"Rassegna Stampa Cattolica\" \/>\n<meta property=\"article:publisher\" content=\"https:\/\/www.facebook.com\/rassegnastampacattolica\" \/>\n<meta property=\"article:published_time\" content=\"2020-09-02T22:00:20+00:00\" \/>\n<meta property=\"article:modified_time\" content=\"2020-09-03T08:59:04+00:00\" \/>\n<meta property=\"og:image\" content=\"https:\/\/www.rassegnastampa-totustuus.it\/cattolica\/wp-content\/uploads\/2020\/08\/Usa_Black_Lives_Matter.jpg\" \/>\n\t<meta property=\"og:image:width\" content=\"1280\" \/>\n\t<meta property=\"og:image:height\" content=\"646\" \/>\n\t<meta property=\"og:image:type\" content=\"image\/jpeg\" \/>\n<meta name=\"author\" content=\"Redazione\" \/>\n<meta name=\"twitter:card\" content=\"summary_large_image\" \/>\n<meta name=\"twitter:creator\" content=\"@rassegnastampa9\" \/>\n<meta name=\"twitter:site\" content=\"@rassegnastampa9\" \/>\n<meta name=\"twitter:label1\" content=\"Scritto da\" \/>\n\t<meta name=\"twitter:data1\" content=\"Redazione\" \/>\n\t<meta name=\"twitter:label2\" content=\"Tempo di lettura stimato\" \/>\n\t<meta name=\"twitter:data2\" content=\"8 minuti\" \/>\n<script type=\"application\/ld+json\" class=\"yoast-schema-graph\">{\"@context\":\"https:\\\/\\\/schema.org\",\"@graph\":[{\"@type\":\"Article\",\"@id\":\"https:\\\/\\\/www.rassegnastampa-totustuus.it\\\/cattolica\\\/perche-black-lives-matter-sbaglia-e-promuovera-una-rivoluzione-per-distruggere-lamerica\\\/#article\",\"isPartOf\":{\"@id\":\"https:\\\/\\\/www.rassegnastampa-totustuus.it\\\/cattolica\\\/perche-black-lives-matter-sbaglia-e-promuovera-una-rivoluzione-per-distruggere-lamerica\\\/\"},\"author\":{\"name\":\"Redazione\",\"@id\":\"https:\\\/\\\/www.rassegnastampa-totustuus.it\\\/cattolica\\\/#\\\/schema\\\/person\\\/08f319d2bd1a0904ad9e2bfb7b15e5c3\"},\"headline\":\"Perch\u00e9 Black lives matter sbaglia e promuover\u00e0 una rivoluzione per distruggere l\u2019America\",\"datePublished\":\"2020-09-02T22:00:20+00:00\",\"dateModified\":\"2020-09-03T08:59:04+00:00\",\"mainEntityOfPage\":{\"@id\":\"https:\\\/\\\/www.rassegnastampa-totustuus.it\\\/cattolica\\\/perche-black-lives-matter-sbaglia-e-promuovera-una-rivoluzione-per-distruggere-lamerica\\\/\"},\"wordCount\":1549,\"publisher\":{\"@id\":\"https:\\\/\\\/www.rassegnastampa-totustuus.it\\\/cattolica\\\/#organization\"},\"image\":{\"@id\":\"https:\\\/\\\/www.rassegnastampa-totustuus.it\\\/cattolica\\\/perche-black-lives-matter-sbaglia-e-promuovera-una-rivoluzione-per-distruggere-lamerica\\\/#primaryimage\"},\"thumbnailUrl\":\"https:\\\/\\\/www.rassegnastampa-totustuus.it\\\/cattolica\\\/wp-content\\\/uploads\\\/2020\\\/08\\\/Usa_Black_Lives_Matter.jpg\",\"keywords\":[\"black lives matter\",\"comunismo\",\"paesi e continenti\",\"post-comunismo\",\"Stati Uniti\"],\"articleSection\":[\"Comunismo\",\"Paesi e continenti\",\"Post-comunismo\",\"Stati Uniti\"],\"inLanguage\":\"it-IT\"},{\"@type\":\"WebPage\",\"@id\":\"https:\\\/\\\/www.rassegnastampa-totustuus.it\\\/cattolica\\\/perche-black-lives-matter-sbaglia-e-promuovera-una-rivoluzione-per-distruggere-lamerica\\\/\",\"url\":\"https:\\\/\\\/www.rassegnastampa-totustuus.it\\\/cattolica\\\/perche-black-lives-matter-sbaglia-e-promuovera-una-rivoluzione-per-distruggere-lamerica\\\/\",\"name\":\"Perch\u00e9 Black lives matter sbaglia e promuover\u00e0 una rivoluzione per distruggere l\u2019America - Rassegna Stampa Cattolica\",\"isPartOf\":{\"@id\":\"https:\\\/\\\/www.rassegnastampa-totustuus.it\\\/cattolica\\\/#website\"},\"primaryImageOfPage\":{\"@id\":\"https:\\\/\\\/www.rassegnastampa-totustuus.it\\\/cattolica\\\/perche-black-lives-matter-sbaglia-e-promuovera-una-rivoluzione-per-distruggere-lamerica\\\/#primaryimage\"},\"image\":{\"@id\":\"https:\\\/\\\/www.rassegnastampa-totustuus.it\\\/cattolica\\\/perche-black-lives-matter-sbaglia-e-promuovera-una-rivoluzione-per-distruggere-lamerica\\\/#primaryimage\"},\"thumbnailUrl\":\"https:\\\/\\\/www.rassegnastampa-totustuus.it\\\/cattolica\\\/wp-content\\\/uploads\\\/2020\\\/08\\\/Usa_Black_Lives_Matter.jpg\",\"datePublished\":\"2020-09-02T22:00:20+00:00\",\"dateModified\":\"2020-09-03T08:59:04+00:00\",\"description\":\"Rassegna Stampa Cattolica - Per una cultura che nasce dalla Rivelazione cristiana in conformit\u00e0 alla tradizione e al Magistero della Chiesa in opposizione ad ogni relativismo e totalitarismo\",\"breadcrumb\":{\"@id\":\"https:\\\/\\\/www.rassegnastampa-totustuus.it\\\/cattolica\\\/perche-black-lives-matter-sbaglia-e-promuovera-una-rivoluzione-per-distruggere-lamerica\\\/#breadcrumb\"},\"inLanguage\":\"it-IT\",\"potentialAction\":[{\"@type\":\"ReadAction\",\"target\":[\"https:\\\/\\\/www.rassegnastampa-totustuus.it\\\/cattolica\\\/perche-black-lives-matter-sbaglia-e-promuovera-una-rivoluzione-per-distruggere-lamerica\\\/\"]}]},{\"@type\":\"ImageObject\",\"inLanguage\":\"it-IT\",\"@id\":\"https:\\\/\\\/www.rassegnastampa-totustuus.it\\\/cattolica\\\/perche-black-lives-matter-sbaglia-e-promuovera-una-rivoluzione-per-distruggere-lamerica\\\/#primaryimage\",\"url\":\"https:\\\/\\\/www.rassegnastampa-totustuus.it\\\/cattolica\\\/wp-content\\\/uploads\\\/2020\\\/08\\\/Usa_Black_Lives_Matter.jpg\",\"contentUrl\":\"https:\\\/\\\/www.rassegnastampa-totustuus.it\\\/cattolica\\\/wp-content\\\/uploads\\\/2020\\\/08\\\/Usa_Black_Lives_Matter.jpg\",\"width\":1280,\"height\":646},{\"@type\":\"BreadcrumbList\",\"@id\":\"https:\\\/\\\/www.rassegnastampa-totustuus.it\\\/cattolica\\\/perche-black-lives-matter-sbaglia-e-promuovera-una-rivoluzione-per-distruggere-lamerica\\\/#breadcrumb\",\"itemListElement\":[{\"@type\":\"ListItem\",\"position\":1,\"name\":\"Home\",\"item\":\"https:\\\/\\\/www.rassegnastampa-totustuus.it\\\/cattolica\\\/\"},{\"@type\":\"ListItem\",\"position\":2,\"name\":\"Perch\u00e9 Black lives matter sbaglia e promuover\u00e0 una rivoluzione per distruggere l\u2019America\"}]},{\"@type\":\"WebSite\",\"@id\":\"https:\\\/\\\/www.rassegnastampa-totustuus.it\\\/cattolica\\\/#website\",\"url\":\"https:\\\/\\\/www.rassegnastampa-totustuus.it\\\/cattolica\\\/\",\"name\":\"Rassegna Stampa Cattolica\",\"description\":\"Per una cultura che nasce dalla Rivelazione cristiana in conformit\u00e0 alla tradizione e al Magistero della Chiesa in opposizione ad ogni relativismo e totalitarismo\",\"publisher\":{\"@id\":\"https:\\\/\\\/www.rassegnastampa-totustuus.it\\\/cattolica\\\/#organization\"},\"alternateName\":\"Rass. Cattolica\",\"potentialAction\":[{\"@type\":\"SearchAction\",\"target\":{\"@type\":\"EntryPoint\",\"urlTemplate\":\"https:\\\/\\\/www.rassegnastampa-totustuus.it\\\/cattolica\\\/?s={search_term_string}\"},\"query-input\":{\"@type\":\"PropertyValueSpecification\",\"valueRequired\":true,\"valueName\":\"search_term_string\"}}],\"inLanguage\":\"it-IT\"},{\"@type\":\"Organization\",\"@id\":\"https:\\\/\\\/www.rassegnastampa-totustuus.it\\\/cattolica\\\/#organization\",\"name\":\"Rassegna Stampa Cattolica\",\"url\":\"https:\\\/\\\/www.rassegnastampa-totustuus.it\\\/cattolica\\\/\",\"logo\":{\"@type\":\"ImageObject\",\"inLanguage\":\"it-IT\",\"@id\":\"https:\\\/\\\/www.rassegnastampa-totustuus.it\\\/cattolica\\\/#\\\/schema\\\/logo\\\/image\\\/\",\"url\":\"https:\\\/\\\/www.rassegnastampa-totustuus.it\\\/cattolica\\\/wp-content\\\/uploads\\\/2014\\\/04\\\/logo-rassegna1.gif\",\"contentUrl\":\"https:\\\/\\\/www.rassegnastampa-totustuus.it\\\/cattolica\\\/wp-content\\\/uploads\\\/2014\\\/04\\\/logo-rassegna1.gif\",\"width\":600,\"height\":163,\"caption\":\"Rassegna Stampa Cattolica\"},\"image\":{\"@id\":\"https:\\\/\\\/www.rassegnastampa-totustuus.it\\\/cattolica\\\/#\\\/schema\\\/logo\\\/image\\\/\"},\"sameAs\":[\"https:\\\/\\\/www.facebook.com\\\/rassegnastampacattolica\",\"https:\\\/\\\/x.com\\\/rassegnastampa9\"]},{\"@type\":\"Person\",\"@id\":\"https:\\\/\\\/www.rassegnastampa-totustuus.it\\\/cattolica\\\/#\\\/schema\\\/person\\\/08f319d2bd1a0904ad9e2bfb7b15e5c3\",\"name\":\"Redazione\",\"image\":{\"@type\":\"ImageObject\",\"inLanguage\":\"it-IT\",\"@id\":\"https:\\\/\\\/secure.gravatar.com\\\/avatar\\\/2fcdf27c78ea025fbdb44e914cc63c72249ffec9dc8aafd5c82b26240ef3f346?s=96&d=mm&r=g\",\"url\":\"https:\\\/\\\/secure.gravatar.com\\\/avatar\\\/2fcdf27c78ea025fbdb44e914cc63c72249ffec9dc8aafd5c82b26240ef3f346?s=96&d=mm&r=g\",\"contentUrl\":\"https:\\\/\\\/secure.gravatar.com\\\/avatar\\\/2fcdf27c78ea025fbdb44e914cc63c72249ffec9dc8aafd5c82b26240ef3f346?s=96&d=mm&r=g\",\"caption\":\"Redazione\"},\"url\":\"https:\\\/\\\/www.rassegnastampa-totustuus.it\\\/cattolica\\\/author\\\/pietroelle\\\/\"}]}<\/script>\n<!-- \/ Yoast SEO plugin. -->","yoast_head_json":{"title":"Perch\u00e9 Black lives matter sbaglia e promuover\u00e0 una rivoluzione per distruggere l\u2019America - Rassegna Stampa Cattolica","description":"Rassegna Stampa Cattolica - Per una cultura che nasce dalla Rivelazione cristiana in conformit\u00e0 alla tradizione e al Magistero della Chiesa in opposizione ad ogni relativismo e totalitarismo","robots":{"index":"index","follow":"follow","max-snippet":"max-snippet:-1","max-image-preview":"max-image-preview:large","max-video-preview":"max-video-preview:-1"},"canonical":"https:\/\/www.rassegnastampa-totustuus.it\/cattolica\/perche-black-lives-matter-sbaglia-e-promuovera-una-rivoluzione-per-distruggere-lamerica\/","og_locale":"it_IT","og_type":"article","og_title":"Perch\u00e9 Black lives matter sbaglia e promuover\u00e0 una rivoluzione per distruggere l\u2019America - Rassegna Stampa Cattolica","og_description":"Rassegna Stampa Cattolica - Per una cultura che nasce dalla Rivelazione cristiana in conformit\u00e0 alla tradizione e al Magistero della Chiesa in opposizione ad ogni relativismo e totalitarismo","og_url":"https:\/\/www.rassegnastampa-totustuus.it\/cattolica\/perche-black-lives-matter-sbaglia-e-promuovera-una-rivoluzione-per-distruggere-lamerica\/","og_site_name":"Rassegna Stampa Cattolica","article_publisher":"https:\/\/www.facebook.com\/rassegnastampacattolica","article_published_time":"2020-09-02T22:00:20+00:00","article_modified_time":"2020-09-03T08:59:04+00:00","og_image":[{"width":1280,"height":646,"url":"https:\/\/www.rassegnastampa-totustuus.it\/cattolica\/wp-content\/uploads\/2020\/08\/Usa_Black_Lives_Matter.jpg","type":"image\/jpeg"}],"author":"Redazione","twitter_card":"summary_large_image","twitter_creator":"@rassegnastampa9","twitter_site":"@rassegnastampa9","twitter_misc":{"Scritto da":"Redazione","Tempo di lettura stimato":"8 minuti"},"schema":{"@context":"https:\/\/schema.org","@graph":[{"@type":"Article","@id":"https:\/\/www.rassegnastampa-totustuus.it\/cattolica\/perche-black-lives-matter-sbaglia-e-promuovera-una-rivoluzione-per-distruggere-lamerica\/#article","isPartOf":{"@id":"https:\/\/www.rassegnastampa-totustuus.it\/cattolica\/perche-black-lives-matter-sbaglia-e-promuovera-una-rivoluzione-per-distruggere-lamerica\/"},"author":{"name":"Redazione","@id":"https:\/\/www.rassegnastampa-totustuus.it\/cattolica\/#\/schema\/person\/08f319d2bd1a0904ad9e2bfb7b15e5c3"},"headline":"Perch\u00e9 Black lives matter sbaglia e promuover\u00e0 una rivoluzione per distruggere l\u2019America","datePublished":"2020-09-02T22:00:20+00:00","dateModified":"2020-09-03T08:59:04+00:00","mainEntityOfPage":{"@id":"https:\/\/www.rassegnastampa-totustuus.it\/cattolica\/perche-black-lives-matter-sbaglia-e-promuovera-una-rivoluzione-per-distruggere-lamerica\/"},"wordCount":1549,"publisher":{"@id":"https:\/\/www.rassegnastampa-totustuus.it\/cattolica\/#organization"},"image":{"@id":"https:\/\/www.rassegnastampa-totustuus.it\/cattolica\/perche-black-lives-matter-sbaglia-e-promuovera-una-rivoluzione-per-distruggere-lamerica\/#primaryimage"},"thumbnailUrl":"https:\/\/www.rassegnastampa-totustuus.it\/cattolica\/wp-content\/uploads\/2020\/08\/Usa_Black_Lives_Matter.jpg","keywords":["black lives matter","comunismo","paesi e continenti","post-comunismo","Stati Uniti"],"articleSection":["Comunismo","Paesi e continenti","Post-comunismo","Stati Uniti"],"inLanguage":"it-IT"},{"@type":"WebPage","@id":"https:\/\/www.rassegnastampa-totustuus.it\/cattolica\/perche-black-lives-matter-sbaglia-e-promuovera-una-rivoluzione-per-distruggere-lamerica\/","url":"https:\/\/www.rassegnastampa-totustuus.it\/cattolica\/perche-black-lives-matter-sbaglia-e-promuovera-una-rivoluzione-per-distruggere-lamerica\/","name":"Perch\u00e9 Black lives matter sbaglia e promuover\u00e0 una rivoluzione per distruggere l\u2019America - Rassegna Stampa Cattolica","isPartOf":{"@id":"https:\/\/www.rassegnastampa-totustuus.it\/cattolica\/#website"},"primaryImageOfPage":{"@id":"https:\/\/www.rassegnastampa-totustuus.it\/cattolica\/perche-black-lives-matter-sbaglia-e-promuovera-una-rivoluzione-per-distruggere-lamerica\/#primaryimage"},"image":{"@id":"https:\/\/www.rassegnastampa-totustuus.it\/cattolica\/perche-black-lives-matter-sbaglia-e-promuovera-una-rivoluzione-per-distruggere-lamerica\/#primaryimage"},"thumbnailUrl":"https:\/\/www.rassegnastampa-totustuus.it\/cattolica\/wp-content\/uploads\/2020\/08\/Usa_Black_Lives_Matter.jpg","datePublished":"2020-09-02T22:00:20+00:00","dateModified":"2020-09-03T08:59:04+00:00","description":"Rassegna Stampa Cattolica - Per una cultura che nasce dalla Rivelazione cristiana in conformit\u00e0 alla tradizione e al Magistero della Chiesa in opposizione ad ogni relativismo e totalitarismo","breadcrumb":{"@id":"https:\/\/www.rassegnastampa-totustuus.it\/cattolica\/perche-black-lives-matter-sbaglia-e-promuovera-una-rivoluzione-per-distruggere-lamerica\/#breadcrumb"},"inLanguage":"it-IT","potentialAction":[{"@type":"ReadAction","target":["https:\/\/www.rassegnastampa-totustuus.it\/cattolica\/perche-black-lives-matter-sbaglia-e-promuovera-una-rivoluzione-per-distruggere-lamerica\/"]}]},{"@type":"ImageObject","inLanguage":"it-IT","@id":"https:\/\/www.rassegnastampa-totustuus.it\/cattolica\/perche-black-lives-matter-sbaglia-e-promuovera-una-rivoluzione-per-distruggere-lamerica\/#primaryimage","url":"https:\/\/www.rassegnastampa-totustuus.it\/cattolica\/wp-content\/uploads\/2020\/08\/Usa_Black_Lives_Matter.jpg","contentUrl":"https:\/\/www.rassegnastampa-totustuus.it\/cattolica\/wp-content\/uploads\/2020\/08\/Usa_Black_Lives_Matter.jpg","width":1280,"height":646},{"@type":"BreadcrumbList","@id":"https:\/\/www.rassegnastampa-totustuus.it\/cattolica\/perche-black-lives-matter-sbaglia-e-promuovera-una-rivoluzione-per-distruggere-lamerica\/#breadcrumb","itemListElement":[{"@type":"ListItem","position":1,"name":"Home","item":"https:\/\/www.rassegnastampa-totustuus.it\/cattolica\/"},{"@type":"ListItem","position":2,"name":"Perch\u00e9 Black lives matter sbaglia e promuover\u00e0 una rivoluzione per distruggere l\u2019America"}]},{"@type":"WebSite","@id":"https:\/\/www.rassegnastampa-totustuus.it\/cattolica\/#website","url":"https:\/\/www.rassegnastampa-totustuus.it\/cattolica\/","name":"Rassegna Stampa Cattolica","description":"Per una cultura che nasce dalla Rivelazione cristiana in conformit\u00e0 alla tradizione e al Magistero della Chiesa in opposizione ad ogni relativismo e totalitarismo","publisher":{"@id":"https:\/\/www.rassegnastampa-totustuus.it\/cattolica\/#organization"},"alternateName":"Rass. Cattolica","potentialAction":[{"@type":"SearchAction","target":{"@type":"EntryPoint","urlTemplate":"https:\/\/www.rassegnastampa-totustuus.it\/cattolica\/?s={search_term_string}"},"query-input":{"@type":"PropertyValueSpecification","valueRequired":true,"valueName":"search_term_string"}}],"inLanguage":"it-IT"},{"@type":"Organization","@id":"https:\/\/www.rassegnastampa-totustuus.it\/cattolica\/#organization","name":"Rassegna Stampa Cattolica","url":"https:\/\/www.rassegnastampa-totustuus.it\/cattolica\/","logo":{"@type":"ImageObject","inLanguage":"it-IT","@id":"https:\/\/www.rassegnastampa-totustuus.it\/cattolica\/#\/schema\/logo\/image\/","url":"https:\/\/www.rassegnastampa-totustuus.it\/cattolica\/wp-content\/uploads\/2014\/04\/logo-rassegna1.gif","contentUrl":"https:\/\/www.rassegnastampa-totustuus.it\/cattolica\/wp-content\/uploads\/2014\/04\/logo-rassegna1.gif","width":600,"height":163,"caption":"Rassegna Stampa Cattolica"},"image":{"@id":"https:\/\/www.rassegnastampa-totustuus.it\/cattolica\/#\/schema\/logo\/image\/"},"sameAs":["https:\/\/www.facebook.com\/rassegnastampacattolica","https:\/\/x.com\/rassegnastampa9"]},{"@type":"Person","@id":"https:\/\/www.rassegnastampa-totustuus.it\/cattolica\/#\/schema\/person\/08f319d2bd1a0904ad9e2bfb7b15e5c3","name":"Redazione","image":{"@type":"ImageObject","inLanguage":"it-IT","@id":"https:\/\/secure.gravatar.com\/avatar\/2fcdf27c78ea025fbdb44e914cc63c72249ffec9dc8aafd5c82b26240ef3f346?s=96&d=mm&r=g","url":"https:\/\/secure.gravatar.com\/avatar\/2fcdf27c78ea025fbdb44e914cc63c72249ffec9dc8aafd5c82b26240ef3f346?s=96&d=mm&r=g","contentUrl":"https:\/\/secure.gravatar.com\/avatar\/2fcdf27c78ea025fbdb44e914cc63c72249ffec9dc8aafd5c82b26240ef3f346?s=96&d=mm&r=g","caption":"Redazione"},"url":"https:\/\/www.rassegnastampa-totustuus.it\/cattolica\/author\/pietroelle\/"}]}},"_links":{"self":[{"href":"https:\/\/www.rassegnastampa-totustuus.it\/cattolica\/wp-json\/wp\/v2\/posts\/48183","targetHints":{"allow":["GET"]}}],"collection":[{"href":"https:\/\/www.rassegnastampa-totustuus.it\/cattolica\/wp-json\/wp\/v2\/posts"}],"about":[{"href":"https:\/\/www.rassegnastampa-totustuus.it\/cattolica\/wp-json\/wp\/v2\/types\/post"}],"author":[{"embeddable":true,"href":"https:\/\/www.rassegnastampa-totustuus.it\/cattolica\/wp-json\/wp\/v2\/users\/6"}],"replies":[{"embeddable":true,"href":"https:\/\/www.rassegnastampa-totustuus.it\/cattolica\/wp-json\/wp\/v2\/comments?post=48183"}],"version-history":[{"count":3,"href":"https:\/\/www.rassegnastampa-totustuus.it\/cattolica\/wp-json\/wp\/v2\/posts\/48183\/revisions"}],"predecessor-version":[{"id":48269,"href":"https:\/\/www.rassegnastampa-totustuus.it\/cattolica\/wp-json\/wp\/v2\/posts\/48183\/revisions\/48269"}],"wp:featuredmedia":[{"embeddable":true,"href":"https:\/\/www.rassegnastampa-totustuus.it\/cattolica\/wp-json\/wp\/v2\/media\/48184"}],"wp:attachment":[{"href":"https:\/\/www.rassegnastampa-totustuus.it\/cattolica\/wp-json\/wp\/v2\/media?parent=48183"}],"wp:term":[{"taxonomy":"category","embeddable":true,"href":"https:\/\/www.rassegnastampa-totustuus.it\/cattolica\/wp-json\/wp\/v2\/categories?post=48183"},{"taxonomy":"post_tag","embeddable":true,"href":"https:\/\/www.rassegnastampa-totustuus.it\/cattolica\/wp-json\/wp\/v2\/tags?post=48183"}],"curies":[{"name":"wp","href":"https:\/\/api.w.org\/{rel}","templated":true}]}}