{"id":48098,"date":"2020-08-27T00:00:48","date_gmt":"2020-08-26T22:00:48","guid":{"rendered":"http:\/\/www.rassegnastampa-totustuus.it\/cattolica\/?p=48098"},"modified":"2020-08-13T19:29:24","modified_gmt":"2020-08-13T17:29:24","slug":"il-reddito-universale-la-civilta-cattolica-e-la-dsc","status":"publish","type":"post","link":"https:\/\/www.rassegnastampa-totustuus.it\/cattolica\/il-reddito-universale-la-civilta-cattolica-e-la-dsc\/","title":{"rendered":"\u00a0Il reddito universale, la Civilt\u00e0 Cattolica e la DSC."},"content":{"rendered":"<p style=\"text-align: center;\">Osservatorio Internazionale cardinale Van Thu\u00e2n<\/p>\n<p style=\"text-align: center;\">sulla Dottrina sociale della Chiesa<\/p>\n<p style=\"text-align: center;\">6 agosto 2020<\/p>\n<p><a href=\"https:\/\/www.rassegnastampa-totustuus.it\/cattolica\/wp-content\/uploads\/2020\/08\/civilt\u00e0_cattolica.jpg\"><img loading=\"lazy\" decoding=\"async\" class=\"size-full wp-image-48099 aligncenter\" src=\"https:\/\/www.rassegnastampa-totustuus.it\/cattolica\/wp-content\/uploads\/2020\/08\/civilt\u00e0_cattolica.jpg\" alt=\"\" width=\"245\" height=\"180\" \/><\/a><\/p>\n<p style=\"text-align: center;\">di<strong> Stefano Fontana<br \/>\n<\/strong><\/p>\n<p><!--more--><\/p>\n<p style=\"text-align: justify;\">Nel numero in distribuzione la <em>Civilt\u00e0 Cattolica<\/em> dedica un lungo articolo alla proposta di una \u201cretribuzione universale\u201d (o reddito universale), in riferimento alla chiara proposta fatta da papa Francesco in questo senso nella sua Lettera ai Movimenti Popolari del 12 aprile scorso. Secondo il padre gesuita autore dell\u2019articolo \u2013 Ga\u00ebl Giraud (nella foto) \u2013 la cosa \u00e8 fattibile e ci sarebbero le risorse per farla. Ci sono per\u00f2 varie teorie su come realizzarla che stanno dividendo i promotori del <em>basic income<\/em>. Ecco perch\u00e9 egli propone una sua strada che consiste nello \u201csfruttamento fiscale dei beni comuni\u201d.<\/p>\n<p style=\"text-align: justify;\"><strong><a href=\"https:\/\/www.rassegnastampa-totustuus.it\/cattolica\/wp-content\/uploads\/2019\/10\/petrolio_energia.jpg\"><img loading=\"lazy\" decoding=\"async\" class=\"size-full wp-image-44702 alignleft\" src=\"https:\/\/www.rassegnastampa-totustuus.it\/cattolica\/wp-content\/uploads\/2019\/10\/petrolio_energia.jpg\" alt=\"\" width=\"260\" height=\"194\" \/><\/a>Lo Stato dell\u2019Alaska<\/strong> ha riconosciuto ai suoi abitanti una compensazione al diritto di sfruttamento del bene comune del petrolio. Una frazione dei dividendi petroliferi viene distribuita ai residenti incondizionatamente e su base individuale. Ne deriva un reddito di base che si attesta sulla soglia di povert\u00e0. Secondo l\u2019autore questo \u00e8 un buon esempio da cui partire per correggere la privatizzazione dei beni comuni e per incentivare invece i benefici comunitari.<\/p>\n<p style=\"text-align: justify;\"><strong>Partendo da questo esempio<\/strong>, l\u2019articolo ricorda quando nel Medioevo esistevano le terre comuni, dove ognuno poteva andare a fare legna o a caccia, e come questo garantisse una specie di reddito universale al di fuori delle terre di propriet\u00e0 del signore. Il fenomeno delle <em>enclosures <\/em>(recinzioni) cambi\u00f2 il paesaggio, prima di tutto inglese, con siepi e steccati che dividevano le propriet\u00e0 agrarie privatizzate. Da quel momento i poveri non ebbero pi\u00f9 la possibilit\u00e0 di attingere a delle risorse di base e divennero miseri salariati.<\/p>\n<p style=\"text-align: justify;\"><strong><a href=\"https:\/\/www.rassegnastampa-totustuus.it\/cattolica\/wp-content\/uploads\/2019\/09\/ambiente_CO2.jpg\"><img loading=\"lazy\" decoding=\"async\" class=\"size-full wp-image-44226 alignright\" src=\"https:\/\/www.rassegnastampa-totustuus.it\/cattolica\/wp-content\/uploads\/2019\/09\/ambiente_CO2.jpg\" alt=\"\" width=\"289\" height=\"174\" \/><\/a>La fiscalizzazione dei beni comuni pu\u00f2 essere una forma di destinazione universale dei beni<\/strong> \u2013 continua padre Ga\u00ebl \u2013 e, per esempio, ritenendo l\u2019atmosfera un bene comune, un\u2019imposta globale sul carbonio sulla base della CO2 prodotta potrebbe finanziare, almeno parzialmente, un reddito di cittadinanza per i pi\u00f9 poveri (si tratta della nota proposta del Nobel Joseph Stiglitz). La stessa cosa si potrebbe fare per le propriet\u00e0 di terreni, foreste e rifiuti.<\/p>\n<p style=\"text-align: justify;\"><strong>La proposta della <em>Civilt\u00e0 Cattolica<\/em> merita qualche osservazione<\/strong>. La prima \u00e8 che il confronto con la situazione delle terre comuni nel Medioevo cristiano non calza fino in fondo. L\u2019uso di quelle terre era libero, la gente del villaggio vi accedeva godendone dei frutti, non c\u2019era nessuna tassazione poi distribuita. Nel caso proposto dalla rivista dei gesuiti, invece, ci deve essere un\u2019imposizione fiscale centralizzata che raccoglie e poi redistribuisce le risorse cos\u00ec accumulate.<\/p>\n<p style=\"text-align: justify;\"><a href=\"https:\/\/www.rassegnastampa-totustuus.it\/cattolica\/wp-content\/uploads\/2020\/08\/medioevo_agricoltura_contadini.jpg\"><img loading=\"lazy\" decoding=\"async\" class=\"size-medium wp-image-48100 alignleft\" src=\"https:\/\/www.rassegnastampa-totustuus.it\/cattolica\/wp-content\/uploads\/2020\/08\/medioevo_agricoltura_contadini.jpg\" alt=\"\" width=\"245\" height=\"204\" \/><\/a>Mentre la situazione medievale nasceva dal basso e rimaneva in un ordine orizzontale di sapiente organizzazione fondata sul buon senso e su una solidariet\u00e0 elementare, quella della fiscalizzazione dei beni comuni richiede un potere centrale forte e un grande apparato di gestione amministrativa e finanziaria. Nel Medioevo il potere era variamente articolato in modo sussidiario e in questa articolazione trovavano spazio anche le terre di uso comune come del resto altre forme di solidariet\u00e0. Ma nella proposta dei gesuiti il potere viene accentrato per avere la forza di imporre una tassa universale e per poi gestirla.<\/p>\n<p style=\"text-align: justify;\"><strong>Un altro punto riguarda la destinazione universale dei beni<\/strong>. Questo principio non richiede una propriet\u00e0 politica universale dei beni comuni, come quelli del sottosuolo oppure dell\u2019atmosfera. Per fiscalizzare questi beni comuni bisogna esercitare su di essi una propriet\u00e0 politica. <strong>Invece, per la Dottrina sociale della Chiesa<\/strong> il modo per realizzare la destinazione universale dei beni \u00e8 la diffusione della propriet\u00e0 privata a sfondo familiare.<\/p>\n<p style=\"text-align: justify;\"><a href=\"https:\/\/www.rassegnastampa-totustuus.it\/cattolica\/wp-content\/uploads\/2005\/05\/Rerum-novarum.jpg\"><img loading=\"lazy\" decoding=\"async\" class=\"size-full wp-image-28154 alignright\" src=\"https:\/\/www.rassegnastampa-totustuus.it\/cattolica\/wp-content\/uploads\/2005\/05\/Rerum-novarum.jpg\" alt=\"\" width=\"264\" height=\"152\" \/><\/a>La proposta della <em>Civilt\u00e0 Cattolica<\/em> esula da questa visuale, perch\u00e9 mantiene nei confronti della propriet\u00e0 privata un\u2019obiezione aprioristica e assoluta. Va invece distinta la propriet\u00e0 eccessivamente accentrata dalla propriet\u00e0 diffusa, e fin dalla <em>Rerum novarum<\/em> la Chiesa ha sempre indicato quest\u2019ultima strada come la migliore. Nella proposta che stiamo esaminando, il povero riceve un sussidio, come da un grande Welfare State globale, ma non riceve un aiuto a lavorare e a conseguire una sua propriet\u00e0 come consolidamento del suo lavoro e sostegno per il futuro della famiglia.<\/p>\n<p style=\"text-align: justify;\"><strong>In questo momento non \u00e8 il caso di aumentare la presenza fiscale ma semmai di ridurla<\/strong>, non \u00e8 il caso di creare forti poteri globali capaci di imporre nuove tasse che comporterebbero una forma di \u201cprivatizzazione collettiva\u201d dei cosiddetti beni comuni; va ricordato che il bene comune non significa il possesso in comune dei beni perch\u00e9 si creerebbero forme diseconomiche di collettivismo. Inoltre va maneggiata con molta cautela la leva del sussidio, che spesso sostituisce il lavoro come l\u2019attivit\u00e0 umana naturalmente connessa con la famiglia e la propriet\u00e0.<\/p>\n","protected":false},"excerpt":{"rendered":"<p>Osservatorio Internazionale cardinale Van Thu\u00e2n sulla Dottrina sociale della Chiesa 6 agosto 2020 di Stefano Fontana<\/p><p><a class=\"more-link btn\" href=\"https:\/\/www.rassegnastampa-totustuus.it\/cattolica\/il-reddito-universale-la-civilta-cattolica-e-la-dsc\/\">Continua a leggere<\/a><\/p>\n","protected":false},"author":6,"featured_media":48101,"comment_status":"closed","ping_status":"closed","sticky":false,"template":"","format":"standard","meta":{"footnotes":""},"categories":[5,11,13],"tags":[157,146,2824],"class_list":["post-48098","post","type-post","status-publish","format-standard","has-post-thumbnail","hentry","category-chiesa","category-dottrina-sociale","category-economia","tag-chiesa-2","tag-dottrina-sociale-2","tag-reddito-universale","item-wrap"],"yoast_head":"<!-- This site is optimized with the Yoast SEO plugin v27.5 - https:\/\/yoast.com\/product\/yoast-seo-wordpress\/ -->\n<title>\u00a0Il reddito universale, la Civilt\u00e0 Cattolica e la DSC. - Rassegna Stampa Cattolica<\/title>\n<meta name=\"description\" content=\"Rassegna Stampa Cattolica - Per una cultura che nasce dalla Rivelazione cristiana in conformit\u00e0 alla tradizione e al Magistero della Chiesa in opposizione ad ogni relativismo e totalitarismo\" \/>\n<meta name=\"robots\" content=\"index, follow, max-snippet:-1, max-image-preview:large, max-video-preview:-1\" \/>\n<link rel=\"canonical\" href=\"https:\/\/www.rassegnastampa-totustuus.it\/cattolica\/il-reddito-universale-la-civilta-cattolica-e-la-dsc\/\" \/>\n<meta property=\"og:locale\" content=\"it_IT\" \/>\n<meta property=\"og:type\" content=\"article\" \/>\n<meta property=\"og:title\" content=\"\u00a0Il reddito universale, la Civilt\u00e0 Cattolica e la DSC. - Rassegna Stampa Cattolica\" \/>\n<meta property=\"og:description\" content=\"Rassegna Stampa Cattolica - Per una cultura che nasce dalla Rivelazione cristiana in conformit\u00e0 alla tradizione e al Magistero della Chiesa in opposizione ad ogni relativismo e totalitarismo\" \/>\n<meta property=\"og:url\" content=\"https:\/\/www.rassegnastampa-totustuus.it\/cattolica\/il-reddito-universale-la-civilta-cattolica-e-la-dsc\/\" \/>\n<meta property=\"og:site_name\" content=\"Rassegna Stampa Cattolica\" \/>\n<meta property=\"article:publisher\" content=\"https:\/\/www.facebook.com\/rassegnastampacattolica\" \/>\n<meta property=\"article:published_time\" content=\"2020-08-26T22:00:48+00:00\" \/>\n<meta property=\"og:image\" content=\"https:\/\/www.rassegnastampa-totustuus.it\/cattolica\/wp-content\/uploads\/2020\/08\/reddito_universale.jpg\" \/>\n\t<meta property=\"og:image:width\" content=\"1280\" \/>\n\t<meta property=\"og:image:height\" content=\"720\" \/>\n\t<meta property=\"og:image:type\" content=\"image\/jpeg\" \/>\n<meta name=\"author\" content=\"Redazione\" \/>\n<meta name=\"twitter:card\" content=\"summary_large_image\" \/>\n<meta name=\"twitter:creator\" content=\"@rassegnastampa9\" \/>\n<meta name=\"twitter:site\" content=\"@rassegnastampa9\" \/>\n<meta name=\"twitter:label1\" content=\"Scritto da\" \/>\n\t<meta name=\"twitter:data1\" content=\"Redazione\" \/>\n\t<meta name=\"twitter:label2\" content=\"Tempo di lettura stimato\" \/>\n\t<meta name=\"twitter:data2\" content=\"4 minuti\" \/>\n<script type=\"application\/ld+json\" class=\"yoast-schema-graph\">{\"@context\":\"https:\\\/\\\/schema.org\",\"@graph\":[{\"@type\":\"Article\",\"@id\":\"https:\\\/\\\/www.rassegnastampa-totustuus.it\\\/cattolica\\\/il-reddito-universale-la-civilta-cattolica-e-la-dsc\\\/#article\",\"isPartOf\":{\"@id\":\"https:\\\/\\\/www.rassegnastampa-totustuus.it\\\/cattolica\\\/il-reddito-universale-la-civilta-cattolica-e-la-dsc\\\/\"},\"author\":{\"name\":\"Redazione\",\"@id\":\"https:\\\/\\\/www.rassegnastampa-totustuus.it\\\/cattolica\\\/#\\\/schema\\\/person\\\/08f319d2bd1a0904ad9e2bfb7b15e5c3\"},\"headline\":\"\u00a0Il reddito universale, la Civilt\u00e0 Cattolica e la DSC.\",\"datePublished\":\"2020-08-26T22:00:48+00:00\",\"mainEntityOfPage\":{\"@id\":\"https:\\\/\\\/www.rassegnastampa-totustuus.it\\\/cattolica\\\/il-reddito-universale-la-civilta-cattolica-e-la-dsc\\\/\"},\"wordCount\":756,\"publisher\":{\"@id\":\"https:\\\/\\\/www.rassegnastampa-totustuus.it\\\/cattolica\\\/#organization\"},\"image\":{\"@id\":\"https:\\\/\\\/www.rassegnastampa-totustuus.it\\\/cattolica\\\/il-reddito-universale-la-civilta-cattolica-e-la-dsc\\\/#primaryimage\"},\"thumbnailUrl\":\"https:\\\/\\\/www.rassegnastampa-totustuus.it\\\/cattolica\\\/wp-content\\\/uploads\\\/2020\\\/08\\\/reddito_universale.jpg\",\"keywords\":[\"chiesa\",\"dottrina sociale\",\"reddito universale\"],\"articleSection\":[\"Chiesa\",\"Dottrina sociale\",\"Economia\"],\"inLanguage\":\"it-IT\"},{\"@type\":\"WebPage\",\"@id\":\"https:\\\/\\\/www.rassegnastampa-totustuus.it\\\/cattolica\\\/il-reddito-universale-la-civilta-cattolica-e-la-dsc\\\/\",\"url\":\"https:\\\/\\\/www.rassegnastampa-totustuus.it\\\/cattolica\\\/il-reddito-universale-la-civilta-cattolica-e-la-dsc\\\/\",\"name\":\"\u00a0Il reddito universale, la Civilt\u00e0 Cattolica e la DSC. - Rassegna Stampa Cattolica\",\"isPartOf\":{\"@id\":\"https:\\\/\\\/www.rassegnastampa-totustuus.it\\\/cattolica\\\/#website\"},\"primaryImageOfPage\":{\"@id\":\"https:\\\/\\\/www.rassegnastampa-totustuus.it\\\/cattolica\\\/il-reddito-universale-la-civilta-cattolica-e-la-dsc\\\/#primaryimage\"},\"image\":{\"@id\":\"https:\\\/\\\/www.rassegnastampa-totustuus.it\\\/cattolica\\\/il-reddito-universale-la-civilta-cattolica-e-la-dsc\\\/#primaryimage\"},\"thumbnailUrl\":\"https:\\\/\\\/www.rassegnastampa-totustuus.it\\\/cattolica\\\/wp-content\\\/uploads\\\/2020\\\/08\\\/reddito_universale.jpg\",\"datePublished\":\"2020-08-26T22:00:48+00:00\",\"description\":\"Rassegna Stampa Cattolica - Per una cultura che nasce dalla Rivelazione cristiana in conformit\u00e0 alla tradizione e al Magistero della Chiesa in opposizione ad ogni relativismo e totalitarismo\",\"breadcrumb\":{\"@id\":\"https:\\\/\\\/www.rassegnastampa-totustuus.it\\\/cattolica\\\/il-reddito-universale-la-civilta-cattolica-e-la-dsc\\\/#breadcrumb\"},\"inLanguage\":\"it-IT\",\"potentialAction\":[{\"@type\":\"ReadAction\",\"target\":[\"https:\\\/\\\/www.rassegnastampa-totustuus.it\\\/cattolica\\\/il-reddito-universale-la-civilta-cattolica-e-la-dsc\\\/\"]}]},{\"@type\":\"ImageObject\",\"inLanguage\":\"it-IT\",\"@id\":\"https:\\\/\\\/www.rassegnastampa-totustuus.it\\\/cattolica\\\/il-reddito-universale-la-civilta-cattolica-e-la-dsc\\\/#primaryimage\",\"url\":\"https:\\\/\\\/www.rassegnastampa-totustuus.it\\\/cattolica\\\/wp-content\\\/uploads\\\/2020\\\/08\\\/reddito_universale.jpg\",\"contentUrl\":\"https:\\\/\\\/www.rassegnastampa-totustuus.it\\\/cattolica\\\/wp-content\\\/uploads\\\/2020\\\/08\\\/reddito_universale.jpg\",\"width\":1280,\"height\":720},{\"@type\":\"BreadcrumbList\",\"@id\":\"https:\\\/\\\/www.rassegnastampa-totustuus.it\\\/cattolica\\\/il-reddito-universale-la-civilta-cattolica-e-la-dsc\\\/#breadcrumb\",\"itemListElement\":[{\"@type\":\"ListItem\",\"position\":1,\"name\":\"Home\",\"item\":\"https:\\\/\\\/www.rassegnastampa-totustuus.it\\\/cattolica\\\/\"},{\"@type\":\"ListItem\",\"position\":2,\"name\":\"\u00a0Il reddito universale, la Civilt\u00e0 Cattolica e la DSC.\"}]},{\"@type\":\"WebSite\",\"@id\":\"https:\\\/\\\/www.rassegnastampa-totustuus.it\\\/cattolica\\\/#website\",\"url\":\"https:\\\/\\\/www.rassegnastampa-totustuus.it\\\/cattolica\\\/\",\"name\":\"Rassegna Stampa Cattolica\",\"description\":\"Per una cultura che nasce dalla Rivelazione cristiana in conformit\u00e0 alla tradizione e al Magistero della Chiesa in opposizione ad ogni relativismo e totalitarismo\",\"publisher\":{\"@id\":\"https:\\\/\\\/www.rassegnastampa-totustuus.it\\\/cattolica\\\/#organization\"},\"alternateName\":\"Rass. Cattolica\",\"potentialAction\":[{\"@type\":\"SearchAction\",\"target\":{\"@type\":\"EntryPoint\",\"urlTemplate\":\"https:\\\/\\\/www.rassegnastampa-totustuus.it\\\/cattolica\\\/?s={search_term_string}\"},\"query-input\":{\"@type\":\"PropertyValueSpecification\",\"valueRequired\":true,\"valueName\":\"search_term_string\"}}],\"inLanguage\":\"it-IT\"},{\"@type\":\"Organization\",\"@id\":\"https:\\\/\\\/www.rassegnastampa-totustuus.it\\\/cattolica\\\/#organization\",\"name\":\"Rassegna Stampa Cattolica\",\"url\":\"https:\\\/\\\/www.rassegnastampa-totustuus.it\\\/cattolica\\\/\",\"logo\":{\"@type\":\"ImageObject\",\"inLanguage\":\"it-IT\",\"@id\":\"https:\\\/\\\/www.rassegnastampa-totustuus.it\\\/cattolica\\\/#\\\/schema\\\/logo\\\/image\\\/\",\"url\":\"https:\\\/\\\/www.rassegnastampa-totustuus.it\\\/cattolica\\\/wp-content\\\/uploads\\\/2014\\\/04\\\/logo-rassegna1.gif\",\"contentUrl\":\"https:\\\/\\\/www.rassegnastampa-totustuus.it\\\/cattolica\\\/wp-content\\\/uploads\\\/2014\\\/04\\\/logo-rassegna1.gif\",\"width\":600,\"height\":163,\"caption\":\"Rassegna Stampa Cattolica\"},\"image\":{\"@id\":\"https:\\\/\\\/www.rassegnastampa-totustuus.it\\\/cattolica\\\/#\\\/schema\\\/logo\\\/image\\\/\"},\"sameAs\":[\"https:\\\/\\\/www.facebook.com\\\/rassegnastampacattolica\",\"https:\\\/\\\/x.com\\\/rassegnastampa9\"]},{\"@type\":\"Person\",\"@id\":\"https:\\\/\\\/www.rassegnastampa-totustuus.it\\\/cattolica\\\/#\\\/schema\\\/person\\\/08f319d2bd1a0904ad9e2bfb7b15e5c3\",\"name\":\"Redazione\",\"image\":{\"@type\":\"ImageObject\",\"inLanguage\":\"it-IT\",\"@id\":\"https:\\\/\\\/secure.gravatar.com\\\/avatar\\\/2fcdf27c78ea025fbdb44e914cc63c72249ffec9dc8aafd5c82b26240ef3f346?s=96&d=mm&r=g\",\"url\":\"https:\\\/\\\/secure.gravatar.com\\\/avatar\\\/2fcdf27c78ea025fbdb44e914cc63c72249ffec9dc8aafd5c82b26240ef3f346?s=96&d=mm&r=g\",\"contentUrl\":\"https:\\\/\\\/secure.gravatar.com\\\/avatar\\\/2fcdf27c78ea025fbdb44e914cc63c72249ffec9dc8aafd5c82b26240ef3f346?s=96&d=mm&r=g\",\"caption\":\"Redazione\"},\"url\":\"https:\\\/\\\/www.rassegnastampa-totustuus.it\\\/cattolica\\\/author\\\/pietroelle\\\/\"}]}<\/script>\n<!-- \/ Yoast SEO plugin. -->","yoast_head_json":{"title":"\u00a0Il reddito universale, la Civilt\u00e0 Cattolica e la DSC. - Rassegna Stampa Cattolica","description":"Rassegna Stampa Cattolica - Per una cultura che nasce dalla Rivelazione cristiana in conformit\u00e0 alla tradizione e al Magistero della Chiesa in opposizione ad ogni relativismo e totalitarismo","robots":{"index":"index","follow":"follow","max-snippet":"max-snippet:-1","max-image-preview":"max-image-preview:large","max-video-preview":"max-video-preview:-1"},"canonical":"https:\/\/www.rassegnastampa-totustuus.it\/cattolica\/il-reddito-universale-la-civilta-cattolica-e-la-dsc\/","og_locale":"it_IT","og_type":"article","og_title":"\u00a0Il reddito universale, la Civilt\u00e0 Cattolica e la DSC. - Rassegna Stampa Cattolica","og_description":"Rassegna Stampa Cattolica - Per una cultura che nasce dalla Rivelazione cristiana in conformit\u00e0 alla tradizione e al Magistero della Chiesa in opposizione ad ogni relativismo e totalitarismo","og_url":"https:\/\/www.rassegnastampa-totustuus.it\/cattolica\/il-reddito-universale-la-civilta-cattolica-e-la-dsc\/","og_site_name":"Rassegna Stampa Cattolica","article_publisher":"https:\/\/www.facebook.com\/rassegnastampacattolica","article_published_time":"2020-08-26T22:00:48+00:00","og_image":[{"width":1280,"height":720,"url":"https:\/\/www.rassegnastampa-totustuus.it\/cattolica\/wp-content\/uploads\/2020\/08\/reddito_universale.jpg","type":"image\/jpeg"}],"author":"Redazione","twitter_card":"summary_large_image","twitter_creator":"@rassegnastampa9","twitter_site":"@rassegnastampa9","twitter_misc":{"Scritto da":"Redazione","Tempo di lettura stimato":"4 minuti"},"schema":{"@context":"https:\/\/schema.org","@graph":[{"@type":"Article","@id":"https:\/\/www.rassegnastampa-totustuus.it\/cattolica\/il-reddito-universale-la-civilta-cattolica-e-la-dsc\/#article","isPartOf":{"@id":"https:\/\/www.rassegnastampa-totustuus.it\/cattolica\/il-reddito-universale-la-civilta-cattolica-e-la-dsc\/"},"author":{"name":"Redazione","@id":"https:\/\/www.rassegnastampa-totustuus.it\/cattolica\/#\/schema\/person\/08f319d2bd1a0904ad9e2bfb7b15e5c3"},"headline":"\u00a0Il reddito universale, la Civilt\u00e0 Cattolica e la DSC.","datePublished":"2020-08-26T22:00:48+00:00","mainEntityOfPage":{"@id":"https:\/\/www.rassegnastampa-totustuus.it\/cattolica\/il-reddito-universale-la-civilta-cattolica-e-la-dsc\/"},"wordCount":756,"publisher":{"@id":"https:\/\/www.rassegnastampa-totustuus.it\/cattolica\/#organization"},"image":{"@id":"https:\/\/www.rassegnastampa-totustuus.it\/cattolica\/il-reddito-universale-la-civilta-cattolica-e-la-dsc\/#primaryimage"},"thumbnailUrl":"https:\/\/www.rassegnastampa-totustuus.it\/cattolica\/wp-content\/uploads\/2020\/08\/reddito_universale.jpg","keywords":["chiesa","dottrina sociale","reddito universale"],"articleSection":["Chiesa","Dottrina sociale","Economia"],"inLanguage":"it-IT"},{"@type":"WebPage","@id":"https:\/\/www.rassegnastampa-totustuus.it\/cattolica\/il-reddito-universale-la-civilta-cattolica-e-la-dsc\/","url":"https:\/\/www.rassegnastampa-totustuus.it\/cattolica\/il-reddito-universale-la-civilta-cattolica-e-la-dsc\/","name":"\u00a0Il reddito universale, la Civilt\u00e0 Cattolica e la DSC. - Rassegna Stampa Cattolica","isPartOf":{"@id":"https:\/\/www.rassegnastampa-totustuus.it\/cattolica\/#website"},"primaryImageOfPage":{"@id":"https:\/\/www.rassegnastampa-totustuus.it\/cattolica\/il-reddito-universale-la-civilta-cattolica-e-la-dsc\/#primaryimage"},"image":{"@id":"https:\/\/www.rassegnastampa-totustuus.it\/cattolica\/il-reddito-universale-la-civilta-cattolica-e-la-dsc\/#primaryimage"},"thumbnailUrl":"https:\/\/www.rassegnastampa-totustuus.it\/cattolica\/wp-content\/uploads\/2020\/08\/reddito_universale.jpg","datePublished":"2020-08-26T22:00:48+00:00","description":"Rassegna Stampa Cattolica - Per una cultura che nasce dalla Rivelazione cristiana in conformit\u00e0 alla tradizione e al Magistero della Chiesa in opposizione ad ogni relativismo e totalitarismo","breadcrumb":{"@id":"https:\/\/www.rassegnastampa-totustuus.it\/cattolica\/il-reddito-universale-la-civilta-cattolica-e-la-dsc\/#breadcrumb"},"inLanguage":"it-IT","potentialAction":[{"@type":"ReadAction","target":["https:\/\/www.rassegnastampa-totustuus.it\/cattolica\/il-reddito-universale-la-civilta-cattolica-e-la-dsc\/"]}]},{"@type":"ImageObject","inLanguage":"it-IT","@id":"https:\/\/www.rassegnastampa-totustuus.it\/cattolica\/il-reddito-universale-la-civilta-cattolica-e-la-dsc\/#primaryimage","url":"https:\/\/www.rassegnastampa-totustuus.it\/cattolica\/wp-content\/uploads\/2020\/08\/reddito_universale.jpg","contentUrl":"https:\/\/www.rassegnastampa-totustuus.it\/cattolica\/wp-content\/uploads\/2020\/08\/reddito_universale.jpg","width":1280,"height":720},{"@type":"BreadcrumbList","@id":"https:\/\/www.rassegnastampa-totustuus.it\/cattolica\/il-reddito-universale-la-civilta-cattolica-e-la-dsc\/#breadcrumb","itemListElement":[{"@type":"ListItem","position":1,"name":"Home","item":"https:\/\/www.rassegnastampa-totustuus.it\/cattolica\/"},{"@type":"ListItem","position":2,"name":"\u00a0Il reddito universale, la Civilt\u00e0 Cattolica e la DSC."}]},{"@type":"WebSite","@id":"https:\/\/www.rassegnastampa-totustuus.it\/cattolica\/#website","url":"https:\/\/www.rassegnastampa-totustuus.it\/cattolica\/","name":"Rassegna Stampa Cattolica","description":"Per una cultura che nasce dalla Rivelazione cristiana in conformit\u00e0 alla tradizione e al Magistero della Chiesa in opposizione ad ogni relativismo e totalitarismo","publisher":{"@id":"https:\/\/www.rassegnastampa-totustuus.it\/cattolica\/#organization"},"alternateName":"Rass. Cattolica","potentialAction":[{"@type":"SearchAction","target":{"@type":"EntryPoint","urlTemplate":"https:\/\/www.rassegnastampa-totustuus.it\/cattolica\/?s={search_term_string}"},"query-input":{"@type":"PropertyValueSpecification","valueRequired":true,"valueName":"search_term_string"}}],"inLanguage":"it-IT"},{"@type":"Organization","@id":"https:\/\/www.rassegnastampa-totustuus.it\/cattolica\/#organization","name":"Rassegna Stampa Cattolica","url":"https:\/\/www.rassegnastampa-totustuus.it\/cattolica\/","logo":{"@type":"ImageObject","inLanguage":"it-IT","@id":"https:\/\/www.rassegnastampa-totustuus.it\/cattolica\/#\/schema\/logo\/image\/","url":"https:\/\/www.rassegnastampa-totustuus.it\/cattolica\/wp-content\/uploads\/2014\/04\/logo-rassegna1.gif","contentUrl":"https:\/\/www.rassegnastampa-totustuus.it\/cattolica\/wp-content\/uploads\/2014\/04\/logo-rassegna1.gif","width":600,"height":163,"caption":"Rassegna Stampa Cattolica"},"image":{"@id":"https:\/\/www.rassegnastampa-totustuus.it\/cattolica\/#\/schema\/logo\/image\/"},"sameAs":["https:\/\/www.facebook.com\/rassegnastampacattolica","https:\/\/x.com\/rassegnastampa9"]},{"@type":"Person","@id":"https:\/\/www.rassegnastampa-totustuus.it\/cattolica\/#\/schema\/person\/08f319d2bd1a0904ad9e2bfb7b15e5c3","name":"Redazione","image":{"@type":"ImageObject","inLanguage":"it-IT","@id":"https:\/\/secure.gravatar.com\/avatar\/2fcdf27c78ea025fbdb44e914cc63c72249ffec9dc8aafd5c82b26240ef3f346?s=96&d=mm&r=g","url":"https:\/\/secure.gravatar.com\/avatar\/2fcdf27c78ea025fbdb44e914cc63c72249ffec9dc8aafd5c82b26240ef3f346?s=96&d=mm&r=g","contentUrl":"https:\/\/secure.gravatar.com\/avatar\/2fcdf27c78ea025fbdb44e914cc63c72249ffec9dc8aafd5c82b26240ef3f346?s=96&d=mm&r=g","caption":"Redazione"},"url":"https:\/\/www.rassegnastampa-totustuus.it\/cattolica\/author\/pietroelle\/"}]}},"_links":{"self":[{"href":"https:\/\/www.rassegnastampa-totustuus.it\/cattolica\/wp-json\/wp\/v2\/posts\/48098","targetHints":{"allow":["GET"]}}],"collection":[{"href":"https:\/\/www.rassegnastampa-totustuus.it\/cattolica\/wp-json\/wp\/v2\/posts"}],"about":[{"href":"https:\/\/www.rassegnastampa-totustuus.it\/cattolica\/wp-json\/wp\/v2\/types\/post"}],"author":[{"embeddable":true,"href":"https:\/\/www.rassegnastampa-totustuus.it\/cattolica\/wp-json\/wp\/v2\/users\/6"}],"replies":[{"embeddable":true,"href":"https:\/\/www.rassegnastampa-totustuus.it\/cattolica\/wp-json\/wp\/v2\/comments?post=48098"}],"version-history":[{"count":2,"href":"https:\/\/www.rassegnastampa-totustuus.it\/cattolica\/wp-json\/wp\/v2\/posts\/48098\/revisions"}],"predecessor-version":[{"id":48104,"href":"https:\/\/www.rassegnastampa-totustuus.it\/cattolica\/wp-json\/wp\/v2\/posts\/48098\/revisions\/48104"}],"wp:featuredmedia":[{"embeddable":true,"href":"https:\/\/www.rassegnastampa-totustuus.it\/cattolica\/wp-json\/wp\/v2\/media\/48101"}],"wp:attachment":[{"href":"https:\/\/www.rassegnastampa-totustuus.it\/cattolica\/wp-json\/wp\/v2\/media?parent=48098"}],"wp:term":[{"taxonomy":"category","embeddable":true,"href":"https:\/\/www.rassegnastampa-totustuus.it\/cattolica\/wp-json\/wp\/v2\/categories?post=48098"},{"taxonomy":"post_tag","embeddable":true,"href":"https:\/\/www.rassegnastampa-totustuus.it\/cattolica\/wp-json\/wp\/v2\/tags?post=48098"}],"curies":[{"name":"wp","href":"https:\/\/api.w.org\/{rel}","templated":true}]}}