{"id":47976,"date":"2020-07-30T00:00:33","date_gmt":"2020-07-29T22:00:33","guid":{"rendered":"http:\/\/www.rassegnastampa-totustuus.it\/cattolica\/?p=47976"},"modified":"2020-07-29T12:32:13","modified_gmt":"2020-07-29T10:32:13","slug":"comunione-in-mano-attacco-dei-protestanti-al-sacerdozio","status":"publish","type":"post","link":"https:\/\/www.rassegnastampa-totustuus.it\/cattolica\/comunione-in-mano-attacco-dei-protestanti-al-sacerdozio\/","title":{"rendered":"Comunione in mano, attacco dei protestanti al sacerdozio"},"content":{"rendered":"<p style=\"text-align: center;\"><strong><a href=\"https:\/\/www.rassegnastampa-totustuus.it\/cattolica\/wp-content\/uploads\/2009\/02\/comunione_mano.jpg\"><img loading=\"lazy\" decoding=\"async\" class=\"size-full wp-image-32936 alignright\" src=\"https:\/\/www.rassegnastampa-totustuus.it\/cattolica\/wp-content\/uploads\/2009\/02\/comunione_mano.jpg\" alt=\"\" width=\"229\" height=\"220\" \/><\/a>La Nuova Bussola quotidiana <\/strong>27 Luglio 2020 <strong>\u00a0<\/strong><\/p>\n<p style=\"text-align: justify;\"><em>L&#8217;uso di comunicarsi sulla mano, \u201cneutro\u201d nell&#8217;et\u00e0 patristica, fu ripreso dai riformatori protestanti con una chiara connotazione dottrinale. Secondo Martino Bucero, promotore della riforma anglicana,\u00a0la pratica di non dare la Comunione sulla mano si doveva a due \u201csuperstizioni\u201d: il \u201cfalso onore\u201d che si pretende attribuire a questo Sacramento e la \u201cperversa credenza\u201d che le mani dei ministri, a causa dell\u2019unzione ricevuta nell\u2019ordinazione, siano pi\u00f9 sante delle mani dei laici. A partire da questo momento, il gesto di ricevere la Comunione sulla mano ha un senso marcatamente polemico per attaccare\u00a0la Presenza reale e il sacerdozio. <\/em><\/p>\n<p style=\"text-align: center;\">di <strong>Nicola Bux <\/strong><\/p>\n<p><!--more--><\/p>\n<p style=\"text-align: justify;\">Nel libro <a href=\"https:\/\/www.lanuovabq.it\/it\/comunione-sulla-mano-una-disobbedienza-legittimata\" target=\"_blank\" rel=\"noopener noreferrer\">sull\u2019introduzione della comunione in mano<\/a> di cui abbiamo parlato nell\u2019articolo precdente, mons. Laise riprende i dettagli di questa ricostruzione storica, dal prezioso racconto dei fatti che fa, nel suo libro di memorie <em>La Riforma liturgica 1948-1975<\/em>, mons. Annibale Bugnini, che non solo fu testimone ma anche protagonista di essi.<\/p>\n<p style=\"text-align: justify;\"><a href=\"https:\/\/www.rassegnastampa-totustuus.it\/cattolica\/wp-content\/uploads\/2020\/03\/Ges\u00f9_comunione.jpg\"><img loading=\"lazy\" decoding=\"async\" class=\"size-full wp-image-46601 alignleft\" src=\"https:\/\/www.rassegnastampa-totustuus.it\/cattolica\/wp-content\/uploads\/2020\/03\/Ges\u00f9_comunione.jpg\" alt=\"\" width=\"225\" height=\"225\" srcset=\"https:\/\/www.rassegnastampa-totustuus.it\/cattolica\/wp-content\/uploads\/2020\/03\/Ges\u00f9_comunione.jpg 225w, https:\/\/www.rassegnastampa-totustuus.it\/cattolica\/wp-content\/uploads\/2020\/03\/Ges\u00f9_comunione-150x150.jpg 150w\" sizes=\"auto, (max-width: 225px) 100vw, 225px\" \/><\/a>Secondo i documenti trascritti da questo libro, con questa concessione si mirava soprattutto ad evitare che \u00abin questi tempi di forte contestazione (&#8230;) l\u2019autorit\u00e0 non venga battuta sulla breccia, mantenendo una proibizione che difficilmente avrebbe seguito nella pratica\u00bb. Infatti, quando si considerarono le diverse soluzioni possibili, si tenne conto che \u00ab\u00e8 da prevedere anche una reazione violenta in alcune zone e una disubbidienza piuttosto diffusa dove l\u2019uso \u00e8 stato gi\u00e0 introdotto\u00bb.<\/p>\n<p style=\"text-align: justify;\">La volont\u00e0 chiaramente restrittiva del legislatore, palesemente manifestata nel documento, avrebbe dovuto far s\u00ec, d&#8217;altra parte, che la concessione fosse interpretata e applicata in modo tale da favorirne la diffusione il meno possibile.<\/p>\n<p style=\"text-align: justify;\"><strong>Questa legislazione non venne successivamente mai modificata<\/strong>, n\u00e9 le possibilit\u00e0 di introdurre la comunione sulla mano vennero ampliate, eppure: le richieste delle conferenze episcopali \u2013 bench\u00e9 non ci fossero le condizioni richieste per domandare l\u2019indulto \u2013; l\u2019insistenza nel riconsiderare il problema in luoghi dove gi\u00e0 era stata previamente verificata l\u2019assenza di quelle restrittive condizioni; la sua fin troppo facile concessione da parte del dicastero pertinente e, soprattutto, l\u2019assoluto silenzio che posteriormente si fece sulla disubbidienza irriducibile che, come spiega chiaramente Mons. Laise, era esattamente l\u2019unico motivo per cui \u00e8 stato concesso l\u2019indulto, fecero si che la prassi si estendesse quasi universalmente.<\/p>\n<p style=\"text-align: justify;\"><strong><a href=\"https:\/\/www.rassegnastampa-totustuus.it\/cattolica\/wp-content\/uploads\/2009\/03\/comunione_ginocchio-1.jpg\"><img loading=\"lazy\" decoding=\"async\" class=\"size-full wp-image-32925 alignright\" src=\"https:\/\/www.rassegnastampa-totustuus.it\/cattolica\/wp-content\/uploads\/2009\/03\/comunione_ginocchio-1.jpg\" alt=\"\" width=\"185\" height=\"272\" \/><\/a>Un secondo punto dello studio di mons. Laise<\/strong> che richiama l\u2019attenzione, \u00e8 dove dimostra che la nuova prassi non sarebbe stata davvero una \u00abriscoperta\u00bb di una \u00abantica tradizione\u00bb, \u00abnel tornare a ricevere la Comunione come nella Chiesa delle origini e dei padri\u00bb come si sente dire spesso. In proposito, esposi davanti a Mons. Laise la convinzione che il Vangelo di Giovanni e gli scritti di alcuni padri, oltre che il codice purpureo di Rossano (V secolo), di provenienza siriaca, dimostrino invece che Ges\u00f9 ha dato la Comunione agli Apostoli in bocca.<\/p>\n<p style=\"text-align: justify;\"><strong>Nell\u2019Istruzione<\/strong> <em><strong>Memoriale Domini<\/strong><\/em> si dice chiaramente che, sebbene nel cristianesimo primitivo la S.Comunione si riceveva normalmente sulla mano, \u00abcol passare del tempo si approfond\u00ec la conoscenza del mistero eucaristico, della sua efficacia e della presenza di Ges\u00f9 Cristo in esso, in modo che, sia per il senso di riverenza verso questo Sacramento che per il senso di umilt\u00e0 col quale bisogna riceverlo, si introdusse la pratica di collocare sulla lingua del comunicante la Sacra Specie\u00bb.<\/p>\n<p style=\"text-align: justify;\"><strong>Cos\u00ec fu che, a un determinato momento<\/strong>, un uso fin\u00ec per sostituire l\u2019altro, al punto che quello di prima non fu soltanto abbandonato ma addirittura esplicitamente proibito. Dal contesto si vede chiaramente che, per Paolo VI, quel cambiamento della pratica costituiva il passaggio da un modo imperfetto a uno pi\u00f9 perfetto.<\/p>\n<p style=\"text-align: justify;\"><strong><a href=\"https:\/\/www.rassegnastampa-totustuus.it\/cattolica\/wp-content\/uploads\/2009\/03\/comunione-mano.jpg\"><img loading=\"lazy\" decoding=\"async\" class=\"size-full wp-image-32921 alignleft\" src=\"https:\/\/www.rassegnastampa-totustuus.it\/cattolica\/wp-content\/uploads\/2009\/03\/comunione-mano.jpg\" alt=\"\" width=\"225\" height=\"224\" srcset=\"https:\/\/www.rassegnastampa-totustuus.it\/cattolica\/wp-content\/uploads\/2009\/03\/comunione-mano.jpg 225w, https:\/\/www.rassegnastampa-totustuus.it\/cattolica\/wp-content\/uploads\/2009\/03\/comunione-mano-150x150.jpg 150w\" sizes=\"auto, (max-width: 225px) 100vw, 225px\" \/><\/a>Infatti, nei testi antichi non si menziona mai che i Padri della Chiesa<\/strong> abbiano trovato alcun vantaggio nel comunicarsi sulla mano, n\u00e9 che essi abbiano mai elogiato questa prassi in quanto tale, ma semplicemente descrivono l&#8217;unico modo da loro conosciuto. Anzi, come dice Mons. Laise, nell\u2019allertare ripetutamente sui pericoli ad essa collegati, i Padri evidenziano una imperfezione inerente a questa modalit\u00e0 di ricevere la Comunione. Perci\u00f2, l\u2019autore ritiene si possa affermare che la Comunione sulla mano fu, certamente, il modo di comunicarsi che hanno avuto i santi Padri, ma che la Comunione in bocca \u00e8 il modo che avrebbero desiderato.<\/p>\n<p style=\"text-align: justify;\"><strong>Parecchi secoli pi\u00f9 tardi l\u2019uso di comunicarsi sulla mano<\/strong>, \u201cneutro\u201d nella et\u00e0 patristica, fu ripreso dai riformatori protestanti con una chiara connotazione dottrinale. Per esempio, secondo Martino Bucero, promotore della riforma anglicana, asserisce che la pratica di non dare la Comunione sulla mano si doveva a due \u201csuperstizioni\u201d: il \u201cfalso onore\u201d che si pretende attribuire a questo Sacramento e la \u201cperversa credenza\u201d che le mani dei ministri, a causa dell\u2019unzione ricevuta nell\u2019 ordinazione, siano pi\u00f9 sante delle mani dei laici.<\/p>\n<p style=\"text-align: justify;\">A partire da questo momento, il gesto di ricevere la Comunione sulla mano ha un senso marcatamente polemico che si contrappone alla Comunione in bocca come espressione di una dottrina opposta, e questo in due punti fondamentali che contraddistinguono la posizione protestante da quella cattolica: la presenza reale e il sacerdozio. Da quel tempo in poi questa implicazione non pu\u00f2 essere ignorata.<\/p>\n<p style=\"text-align: justify;\"><strong><a href=\"https:\/\/www.rassegnastampa-totustuus.it\/cattolica\/wp-content\/uploads\/2013\/06\/comunione_mano.jpg\"><img loading=\"lazy\" decoding=\"async\" class=\"size-full wp-image-25510 alignright\" src=\"https:\/\/www.rassegnastampa-totustuus.it\/cattolica\/wp-content\/uploads\/2013\/06\/comunione_mano.jpg\" alt=\"\" width=\"263\" height=\"192\" \/><\/a>Perci\u00f2, quando nella seconda met\u00e0 del secolo XX la Comunione<\/strong> sulla mano inizi\u00f2 a penetrare negli ambienti cattolici, non si trattava pi\u00f9 di un mero ritorno ad un uso primitivo. Dunque, non \u00e8 un caso, come evidenzia Monsignor Laise, che proprio in uno dei primi luoghi dove la Comunione sulla mano venne introdotto abusivamente, fosse stato pubblicato poco tempo prima un \u201c<em>Nuovo Catechismo<\/em>\u201d (il noto \u201c<em>Catechismo Olandese<\/em>\u201d) a cui la Santa Sede dovette imporre numerose modifiche (14 principali e 45 minori) per correggere gravi errori dottrinali.<\/p>\n<p style=\"text-align: justify;\">In questo testo, commissionato dall\u2019episcopato olandese e presentato mediante una \u201clettera pastorale collettiva\u201d, si metteva in dubbio la presenza reale e sostanziale di Cristo nell\u2019Eucaristia, si dava una spiegazione inammissibile della transustanziazione e si negava qualsiasi forma di presenza di Ges\u00f9 Cristo nelle particelle o frammenti staccatisi dall\u2019Ostia dopo la Consacrazione. D\u2019altra parte si faceva confusione fra il sacerdozio comune dei fedeli e il sacerdozio gerarchico.<\/p>\n<p style=\"text-align: justify;\"><strong>Terzo aspetto che il compianto presule argentino<\/strong> mette opportunamente in evidenza \u00e8 che, persino dove \u00e8 permesso l\u2019uso della Comunione sulla mano, non si tratta di un\u2019opzione in pi\u00f9 proposta dalla Chiesa, di pari valore rispetto all\u2019altro uso vigente.<\/p>\n<p style=\"text-align: justify;\"><strong><a href=\"https:\/\/www.rassegnastampa-totustuus.it\/cattolica\/wp-content\/uploads\/2013\/10\/comunione.jpg\"><img loading=\"lazy\" decoding=\"async\" class=\"size-full wp-image-15317 alignleft\" src=\"https:\/\/www.rassegnastampa-totustuus.it\/cattolica\/wp-content\/uploads\/2013\/10\/comunione.jpg\" alt=\"\" width=\"259\" height=\"194\" \/><\/a>Infatti, la posizione della Santa Sede riguardo alla maniera di comunicarsi<\/strong> non \u00e8 indifferente: anche per quei posti dove si \u00e8 recepito l\u2019indulto, la Comunione in bocca \u00e8 il unico modo autorizzato dalla legge della Chiesa ed \u00e8 stato sempre chiaramente raccomandato, mentre l\u2019altro modo \u00e8 soltanto tollerato (e ci\u00f2 come conseguenza di quello che Laise definisce la \u00abdisobbedienza pi\u00f9 grave all\u2019autorit\u00e0 papale negli ultimi tempi\u00bb), dovendosi inoltre prendere una serie di precauzioni, specialmente per ci\u00f2 che riguarda la pulizia delle mani e la cura attenta delle particelle (prescrizioni che, del resto, sono di rado tenute in conto nella pratica).<\/p>\n<p style=\"text-align: justify;\"><strong>Secondo quanto afferma l\u2019Istruzione<\/strong> <em><strong>Memoriale Domini<\/strong><\/em>, la modalit\u00e0 di comunicarsi in bocca che da pi\u00f9 di un millennio ha sostituito universalmente la pratica di ricevere la Comunione sulla mano \u201c\u00e8 propria alla preparazione che si richiede per ricevere il Corpo del Signore nel modo pi\u00f9 fruttuoso possibile e assicura pi\u00f9 efficacemente che la Sacra Comunione sia distribuita con riverenza, decoro e dignit\u00e0, allontanando cos\u00ec ogni pericolo di profanare le sacre Specie Eucaristiche\u201d, facendo attenzione con diligenza alla cura che la Chiesa ha sempre raccomandato anche nei riguardi delle particelle stesse del pane consacrato (con la Comunione sulla mano invece ci vorrebbe ogni volta un miracolo, perch\u00e9 non cada per terra una particella o non rimanga un piccolo frammento sulla pelle).<\/p>\n<p style=\"text-align: justify;\"><strong><a href=\"https:\/\/www.rassegnastampa-totustuus.it\/cattolica\/wp-content\/uploads\/2014\/06\/comunione.jpg\"><img loading=\"lazy\" decoding=\"async\" class=\"size-full wp-image-7638 alignright\" src=\"https:\/\/www.rassegnastampa-totustuus.it\/cattolica\/wp-content\/uploads\/2014\/06\/comunione.jpg\" alt=\"\" width=\"271\" height=\"186\" \/><\/a>Perci\u00f2 Paolo VI ricordava<\/strong> &#8211; nella enciclica <em>Mysterium Fidei<\/em> &#8211; come Origene raccontasse che \u00abi fedeli si credevano in colpa, (\u201ce giustamente\u201d, aggiunge il Papa), se, ricevuto il corpo del Signore, pur conservandolo con ogni cautela e venerazione, ne cadesse per negligenza qualche frammento\u00bb.<\/p>\n<p style=\"text-align: justify;\"><strong>Le espressioni dei Padri<\/strong>, il cambiamento nel modo di ricevere la Comunione alla fine del primo millennio e gli argomenti di Paolo VI per negare la reintroduzione del modo arcaico, riflettono tutti l\u2019unica fede della Chiesa nella presenza reale, sostanziale e permanente, anche nelle pi\u00f9 piccole particelle, le quali esigono attenzione e adorazione.<\/p>\n","protected":false},"excerpt":{"rendered":"<p>La Nuova Bussola quotidiana 27 Luglio 2020 \u00a0 L&#8217;uso di comunicarsi sulla mano, \u201cneutro\u201d nell&#8217;et\u00e0 patristica, fu ripreso dai riformatori protestanti con una chiara connotazione dottrinale. Secondo Martino Bucero, promotore della riforma anglicana,\u00a0la pratica di non dare la Comunione sulla mano si doveva a due \u201csuperstizioni\u201d: il \u201cfalso onore\u201d che si pretende attribuire a questo &hellip; <\/p>\n<p><a class=\"more-link btn\" href=\"https:\/\/www.rassegnastampa-totustuus.it\/cattolica\/comunione-in-mano-attacco-dei-protestanti-al-sacerdozio\/\">Continua a leggere<\/a><\/p>\n","protected":false},"author":6,"featured_media":47977,"comment_status":"closed","ping_status":"closed","sticky":false,"template":"","format":"standard","meta":{"footnotes":""},"categories":[5,115],"tags":[157,1487,2197,328],"class_list":["post-47976","post","type-post","status-publish","format-standard","has-post-thumbnail","hentry","category-chiesa","category-liturgia","tag-chiesa-2","tag-comunione-sulla-mano","tag-eucaristia","tag-liturgia-2","item-wrap"],"yoast_head":"<!-- This site is optimized with the Yoast SEO plugin v27.5 - https:\/\/yoast.com\/product\/yoast-seo-wordpress\/ -->\n<title>Comunione in mano, attacco dei protestanti al sacerdozio - Rassegna Stampa Cattolica<\/title>\n<meta name=\"description\" content=\"Rassegna Stampa Cattolica - Per una cultura che nasce dalla Rivelazione cristiana in conformit\u00e0 alla tradizione e al Magistero della Chiesa in opposizione ad ogni relativismo e totalitarismo\" \/>\n<meta name=\"robots\" content=\"index, follow, max-snippet:-1, max-image-preview:large, max-video-preview:-1\" \/>\n<link rel=\"canonical\" href=\"https:\/\/www.rassegnastampa-totustuus.it\/cattolica\/comunione-in-mano-attacco-dei-protestanti-al-sacerdozio\/\" \/>\n<meta property=\"og:locale\" content=\"it_IT\" \/>\n<meta property=\"og:type\" content=\"article\" \/>\n<meta property=\"og:title\" content=\"Comunione in mano, attacco dei protestanti al sacerdozio - Rassegna Stampa Cattolica\" \/>\n<meta property=\"og:description\" content=\"Rassegna Stampa Cattolica - Per una cultura che nasce dalla Rivelazione cristiana in conformit\u00e0 alla tradizione e al Magistero della Chiesa in opposizione ad ogni relativismo e totalitarismo\" \/>\n<meta property=\"og:url\" content=\"https:\/\/www.rassegnastampa-totustuus.it\/cattolica\/comunione-in-mano-attacco-dei-protestanti-al-sacerdozio\/\" \/>\n<meta property=\"og:site_name\" content=\"Rassegna Stampa Cattolica\" \/>\n<meta property=\"article:publisher\" content=\"https:\/\/www.facebook.com\/rassegnastampacattolica\" \/>\n<meta property=\"article:published_time\" content=\"2020-07-29T22:00:33+00:00\" \/>\n<meta property=\"og:image\" content=\"https:\/\/www.rassegnastampa-totustuus.it\/cattolica\/wp-content\/uploads\/2020\/07\/Comunione_mano.jpg\" \/>\n\t<meta property=\"og:image:width\" content=\"1280\" \/>\n\t<meta property=\"og:image:height\" content=\"720\" \/>\n\t<meta property=\"og:image:type\" content=\"image\/jpeg\" \/>\n<meta name=\"author\" content=\"Redazione\" \/>\n<meta name=\"twitter:card\" content=\"summary_large_image\" \/>\n<meta name=\"twitter:creator\" content=\"@rassegnastampa9\" \/>\n<meta name=\"twitter:site\" content=\"@rassegnastampa9\" \/>\n<meta name=\"twitter:label1\" content=\"Scritto da\" \/>\n\t<meta name=\"twitter:data1\" content=\"Redazione\" \/>\n\t<meta name=\"twitter:label2\" content=\"Tempo di lettura stimato\" \/>\n\t<meta name=\"twitter:data2\" content=\"7 minuti\" \/>\n<script type=\"application\/ld+json\" class=\"yoast-schema-graph\">{\"@context\":\"https:\\\/\\\/schema.org\",\"@graph\":[{\"@type\":\"Article\",\"@id\":\"https:\\\/\\\/www.rassegnastampa-totustuus.it\\\/cattolica\\\/comunione-in-mano-attacco-dei-protestanti-al-sacerdozio\\\/#article\",\"isPartOf\":{\"@id\":\"https:\\\/\\\/www.rassegnastampa-totustuus.it\\\/cattolica\\\/comunione-in-mano-attacco-dei-protestanti-al-sacerdozio\\\/\"},\"author\":{\"name\":\"Redazione\",\"@id\":\"https:\\\/\\\/www.rassegnastampa-totustuus.it\\\/cattolica\\\/#\\\/schema\\\/person\\\/08f319d2bd1a0904ad9e2bfb7b15e5c3\"},\"headline\":\"Comunione in mano, attacco dei protestanti al sacerdozio\",\"datePublished\":\"2020-07-29T22:00:33+00:00\",\"mainEntityOfPage\":{\"@id\":\"https:\\\/\\\/www.rassegnastampa-totustuus.it\\\/cattolica\\\/comunione-in-mano-attacco-dei-protestanti-al-sacerdozio\\\/\"},\"wordCount\":1352,\"publisher\":{\"@id\":\"https:\\\/\\\/www.rassegnastampa-totustuus.it\\\/cattolica\\\/#organization\"},\"image\":{\"@id\":\"https:\\\/\\\/www.rassegnastampa-totustuus.it\\\/cattolica\\\/comunione-in-mano-attacco-dei-protestanti-al-sacerdozio\\\/#primaryimage\"},\"thumbnailUrl\":\"https:\\\/\\\/www.rassegnastampa-totustuus.it\\\/cattolica\\\/wp-content\\\/uploads\\\/2020\\\/07\\\/Comunione_mano.jpg\",\"keywords\":[\"chiesa\",\"comunione sulla mano\",\"eucaristia\",\"liturgia\"],\"articleSection\":[\"Chiesa\",\"Liturgia\"],\"inLanguage\":\"it-IT\"},{\"@type\":\"WebPage\",\"@id\":\"https:\\\/\\\/www.rassegnastampa-totustuus.it\\\/cattolica\\\/comunione-in-mano-attacco-dei-protestanti-al-sacerdozio\\\/\",\"url\":\"https:\\\/\\\/www.rassegnastampa-totustuus.it\\\/cattolica\\\/comunione-in-mano-attacco-dei-protestanti-al-sacerdozio\\\/\",\"name\":\"Comunione in mano, attacco dei protestanti al sacerdozio - Rassegna Stampa Cattolica\",\"isPartOf\":{\"@id\":\"https:\\\/\\\/www.rassegnastampa-totustuus.it\\\/cattolica\\\/#website\"},\"primaryImageOfPage\":{\"@id\":\"https:\\\/\\\/www.rassegnastampa-totustuus.it\\\/cattolica\\\/comunione-in-mano-attacco-dei-protestanti-al-sacerdozio\\\/#primaryimage\"},\"image\":{\"@id\":\"https:\\\/\\\/www.rassegnastampa-totustuus.it\\\/cattolica\\\/comunione-in-mano-attacco-dei-protestanti-al-sacerdozio\\\/#primaryimage\"},\"thumbnailUrl\":\"https:\\\/\\\/www.rassegnastampa-totustuus.it\\\/cattolica\\\/wp-content\\\/uploads\\\/2020\\\/07\\\/Comunione_mano.jpg\",\"datePublished\":\"2020-07-29T22:00:33+00:00\",\"description\":\"Rassegna Stampa Cattolica - Per una cultura che nasce dalla Rivelazione cristiana in conformit\u00e0 alla tradizione e al Magistero della Chiesa in opposizione ad ogni relativismo e totalitarismo\",\"breadcrumb\":{\"@id\":\"https:\\\/\\\/www.rassegnastampa-totustuus.it\\\/cattolica\\\/comunione-in-mano-attacco-dei-protestanti-al-sacerdozio\\\/#breadcrumb\"},\"inLanguage\":\"it-IT\",\"potentialAction\":[{\"@type\":\"ReadAction\",\"target\":[\"https:\\\/\\\/www.rassegnastampa-totustuus.it\\\/cattolica\\\/comunione-in-mano-attacco-dei-protestanti-al-sacerdozio\\\/\"]}]},{\"@type\":\"ImageObject\",\"inLanguage\":\"it-IT\",\"@id\":\"https:\\\/\\\/www.rassegnastampa-totustuus.it\\\/cattolica\\\/comunione-in-mano-attacco-dei-protestanti-al-sacerdozio\\\/#primaryimage\",\"url\":\"https:\\\/\\\/www.rassegnastampa-totustuus.it\\\/cattolica\\\/wp-content\\\/uploads\\\/2020\\\/07\\\/Comunione_mano.jpg\",\"contentUrl\":\"https:\\\/\\\/www.rassegnastampa-totustuus.it\\\/cattolica\\\/wp-content\\\/uploads\\\/2020\\\/07\\\/Comunione_mano.jpg\",\"width\":1280,\"height\":720},{\"@type\":\"BreadcrumbList\",\"@id\":\"https:\\\/\\\/www.rassegnastampa-totustuus.it\\\/cattolica\\\/comunione-in-mano-attacco-dei-protestanti-al-sacerdozio\\\/#breadcrumb\",\"itemListElement\":[{\"@type\":\"ListItem\",\"position\":1,\"name\":\"Home\",\"item\":\"https:\\\/\\\/www.rassegnastampa-totustuus.it\\\/cattolica\\\/\"},{\"@type\":\"ListItem\",\"position\":2,\"name\":\"Comunione in mano, attacco dei protestanti al sacerdozio\"}]},{\"@type\":\"WebSite\",\"@id\":\"https:\\\/\\\/www.rassegnastampa-totustuus.it\\\/cattolica\\\/#website\",\"url\":\"https:\\\/\\\/www.rassegnastampa-totustuus.it\\\/cattolica\\\/\",\"name\":\"Rassegna Stampa Cattolica\",\"description\":\"Per una cultura che nasce dalla Rivelazione cristiana in conformit\u00e0 alla tradizione e al Magistero della Chiesa in opposizione ad ogni relativismo e totalitarismo\",\"publisher\":{\"@id\":\"https:\\\/\\\/www.rassegnastampa-totustuus.it\\\/cattolica\\\/#organization\"},\"alternateName\":\"Rass. Cattolica\",\"potentialAction\":[{\"@type\":\"SearchAction\",\"target\":{\"@type\":\"EntryPoint\",\"urlTemplate\":\"https:\\\/\\\/www.rassegnastampa-totustuus.it\\\/cattolica\\\/?s={search_term_string}\"},\"query-input\":{\"@type\":\"PropertyValueSpecification\",\"valueRequired\":true,\"valueName\":\"search_term_string\"}}],\"inLanguage\":\"it-IT\"},{\"@type\":\"Organization\",\"@id\":\"https:\\\/\\\/www.rassegnastampa-totustuus.it\\\/cattolica\\\/#organization\",\"name\":\"Rassegna Stampa Cattolica\",\"url\":\"https:\\\/\\\/www.rassegnastampa-totustuus.it\\\/cattolica\\\/\",\"logo\":{\"@type\":\"ImageObject\",\"inLanguage\":\"it-IT\",\"@id\":\"https:\\\/\\\/www.rassegnastampa-totustuus.it\\\/cattolica\\\/#\\\/schema\\\/logo\\\/image\\\/\",\"url\":\"https:\\\/\\\/www.rassegnastampa-totustuus.it\\\/cattolica\\\/wp-content\\\/uploads\\\/2014\\\/04\\\/logo-rassegna1.gif\",\"contentUrl\":\"https:\\\/\\\/www.rassegnastampa-totustuus.it\\\/cattolica\\\/wp-content\\\/uploads\\\/2014\\\/04\\\/logo-rassegna1.gif\",\"width\":600,\"height\":163,\"caption\":\"Rassegna Stampa Cattolica\"},\"image\":{\"@id\":\"https:\\\/\\\/www.rassegnastampa-totustuus.it\\\/cattolica\\\/#\\\/schema\\\/logo\\\/image\\\/\"},\"sameAs\":[\"https:\\\/\\\/www.facebook.com\\\/rassegnastampacattolica\",\"https:\\\/\\\/x.com\\\/rassegnastampa9\"]},{\"@type\":\"Person\",\"@id\":\"https:\\\/\\\/www.rassegnastampa-totustuus.it\\\/cattolica\\\/#\\\/schema\\\/person\\\/08f319d2bd1a0904ad9e2bfb7b15e5c3\",\"name\":\"Redazione\",\"image\":{\"@type\":\"ImageObject\",\"inLanguage\":\"it-IT\",\"@id\":\"https:\\\/\\\/secure.gravatar.com\\\/avatar\\\/2fcdf27c78ea025fbdb44e914cc63c72249ffec9dc8aafd5c82b26240ef3f346?s=96&d=mm&r=g\",\"url\":\"https:\\\/\\\/secure.gravatar.com\\\/avatar\\\/2fcdf27c78ea025fbdb44e914cc63c72249ffec9dc8aafd5c82b26240ef3f346?s=96&d=mm&r=g\",\"contentUrl\":\"https:\\\/\\\/secure.gravatar.com\\\/avatar\\\/2fcdf27c78ea025fbdb44e914cc63c72249ffec9dc8aafd5c82b26240ef3f346?s=96&d=mm&r=g\",\"caption\":\"Redazione\"},\"url\":\"https:\\\/\\\/www.rassegnastampa-totustuus.it\\\/cattolica\\\/author\\\/pietroelle\\\/\"}]}<\/script>\n<!-- \/ Yoast SEO plugin. -->","yoast_head_json":{"title":"Comunione in mano, attacco dei protestanti al sacerdozio - Rassegna Stampa Cattolica","description":"Rassegna Stampa Cattolica - Per una cultura che nasce dalla Rivelazione cristiana in conformit\u00e0 alla tradizione e al Magistero della Chiesa in opposizione ad ogni relativismo e totalitarismo","robots":{"index":"index","follow":"follow","max-snippet":"max-snippet:-1","max-image-preview":"max-image-preview:large","max-video-preview":"max-video-preview:-1"},"canonical":"https:\/\/www.rassegnastampa-totustuus.it\/cattolica\/comunione-in-mano-attacco-dei-protestanti-al-sacerdozio\/","og_locale":"it_IT","og_type":"article","og_title":"Comunione in mano, attacco dei protestanti al sacerdozio - Rassegna Stampa Cattolica","og_description":"Rassegna Stampa Cattolica - Per una cultura che nasce dalla Rivelazione cristiana in conformit\u00e0 alla tradizione e al Magistero della Chiesa in opposizione ad ogni relativismo e totalitarismo","og_url":"https:\/\/www.rassegnastampa-totustuus.it\/cattolica\/comunione-in-mano-attacco-dei-protestanti-al-sacerdozio\/","og_site_name":"Rassegna Stampa Cattolica","article_publisher":"https:\/\/www.facebook.com\/rassegnastampacattolica","article_published_time":"2020-07-29T22:00:33+00:00","og_image":[{"width":1280,"height":720,"url":"https:\/\/www.rassegnastampa-totustuus.it\/cattolica\/wp-content\/uploads\/2020\/07\/Comunione_mano.jpg","type":"image\/jpeg"}],"author":"Redazione","twitter_card":"summary_large_image","twitter_creator":"@rassegnastampa9","twitter_site":"@rassegnastampa9","twitter_misc":{"Scritto da":"Redazione","Tempo di lettura stimato":"7 minuti"},"schema":{"@context":"https:\/\/schema.org","@graph":[{"@type":"Article","@id":"https:\/\/www.rassegnastampa-totustuus.it\/cattolica\/comunione-in-mano-attacco-dei-protestanti-al-sacerdozio\/#article","isPartOf":{"@id":"https:\/\/www.rassegnastampa-totustuus.it\/cattolica\/comunione-in-mano-attacco-dei-protestanti-al-sacerdozio\/"},"author":{"name":"Redazione","@id":"https:\/\/www.rassegnastampa-totustuus.it\/cattolica\/#\/schema\/person\/08f319d2bd1a0904ad9e2bfb7b15e5c3"},"headline":"Comunione in mano, attacco dei protestanti al sacerdozio","datePublished":"2020-07-29T22:00:33+00:00","mainEntityOfPage":{"@id":"https:\/\/www.rassegnastampa-totustuus.it\/cattolica\/comunione-in-mano-attacco-dei-protestanti-al-sacerdozio\/"},"wordCount":1352,"publisher":{"@id":"https:\/\/www.rassegnastampa-totustuus.it\/cattolica\/#organization"},"image":{"@id":"https:\/\/www.rassegnastampa-totustuus.it\/cattolica\/comunione-in-mano-attacco-dei-protestanti-al-sacerdozio\/#primaryimage"},"thumbnailUrl":"https:\/\/www.rassegnastampa-totustuus.it\/cattolica\/wp-content\/uploads\/2020\/07\/Comunione_mano.jpg","keywords":["chiesa","comunione sulla mano","eucaristia","liturgia"],"articleSection":["Chiesa","Liturgia"],"inLanguage":"it-IT"},{"@type":"WebPage","@id":"https:\/\/www.rassegnastampa-totustuus.it\/cattolica\/comunione-in-mano-attacco-dei-protestanti-al-sacerdozio\/","url":"https:\/\/www.rassegnastampa-totustuus.it\/cattolica\/comunione-in-mano-attacco-dei-protestanti-al-sacerdozio\/","name":"Comunione in mano, attacco dei protestanti al sacerdozio - Rassegna Stampa Cattolica","isPartOf":{"@id":"https:\/\/www.rassegnastampa-totustuus.it\/cattolica\/#website"},"primaryImageOfPage":{"@id":"https:\/\/www.rassegnastampa-totustuus.it\/cattolica\/comunione-in-mano-attacco-dei-protestanti-al-sacerdozio\/#primaryimage"},"image":{"@id":"https:\/\/www.rassegnastampa-totustuus.it\/cattolica\/comunione-in-mano-attacco-dei-protestanti-al-sacerdozio\/#primaryimage"},"thumbnailUrl":"https:\/\/www.rassegnastampa-totustuus.it\/cattolica\/wp-content\/uploads\/2020\/07\/Comunione_mano.jpg","datePublished":"2020-07-29T22:00:33+00:00","description":"Rassegna Stampa Cattolica - Per una cultura che nasce dalla Rivelazione cristiana in conformit\u00e0 alla tradizione e al Magistero della Chiesa in opposizione ad ogni relativismo e totalitarismo","breadcrumb":{"@id":"https:\/\/www.rassegnastampa-totustuus.it\/cattolica\/comunione-in-mano-attacco-dei-protestanti-al-sacerdozio\/#breadcrumb"},"inLanguage":"it-IT","potentialAction":[{"@type":"ReadAction","target":["https:\/\/www.rassegnastampa-totustuus.it\/cattolica\/comunione-in-mano-attacco-dei-protestanti-al-sacerdozio\/"]}]},{"@type":"ImageObject","inLanguage":"it-IT","@id":"https:\/\/www.rassegnastampa-totustuus.it\/cattolica\/comunione-in-mano-attacco-dei-protestanti-al-sacerdozio\/#primaryimage","url":"https:\/\/www.rassegnastampa-totustuus.it\/cattolica\/wp-content\/uploads\/2020\/07\/Comunione_mano.jpg","contentUrl":"https:\/\/www.rassegnastampa-totustuus.it\/cattolica\/wp-content\/uploads\/2020\/07\/Comunione_mano.jpg","width":1280,"height":720},{"@type":"BreadcrumbList","@id":"https:\/\/www.rassegnastampa-totustuus.it\/cattolica\/comunione-in-mano-attacco-dei-protestanti-al-sacerdozio\/#breadcrumb","itemListElement":[{"@type":"ListItem","position":1,"name":"Home","item":"https:\/\/www.rassegnastampa-totustuus.it\/cattolica\/"},{"@type":"ListItem","position":2,"name":"Comunione in mano, attacco dei protestanti al sacerdozio"}]},{"@type":"WebSite","@id":"https:\/\/www.rassegnastampa-totustuus.it\/cattolica\/#website","url":"https:\/\/www.rassegnastampa-totustuus.it\/cattolica\/","name":"Rassegna Stampa Cattolica","description":"Per una cultura che nasce dalla Rivelazione cristiana in conformit\u00e0 alla tradizione e al Magistero della Chiesa in opposizione ad ogni relativismo e totalitarismo","publisher":{"@id":"https:\/\/www.rassegnastampa-totustuus.it\/cattolica\/#organization"},"alternateName":"Rass. Cattolica","potentialAction":[{"@type":"SearchAction","target":{"@type":"EntryPoint","urlTemplate":"https:\/\/www.rassegnastampa-totustuus.it\/cattolica\/?s={search_term_string}"},"query-input":{"@type":"PropertyValueSpecification","valueRequired":true,"valueName":"search_term_string"}}],"inLanguage":"it-IT"},{"@type":"Organization","@id":"https:\/\/www.rassegnastampa-totustuus.it\/cattolica\/#organization","name":"Rassegna Stampa Cattolica","url":"https:\/\/www.rassegnastampa-totustuus.it\/cattolica\/","logo":{"@type":"ImageObject","inLanguage":"it-IT","@id":"https:\/\/www.rassegnastampa-totustuus.it\/cattolica\/#\/schema\/logo\/image\/","url":"https:\/\/www.rassegnastampa-totustuus.it\/cattolica\/wp-content\/uploads\/2014\/04\/logo-rassegna1.gif","contentUrl":"https:\/\/www.rassegnastampa-totustuus.it\/cattolica\/wp-content\/uploads\/2014\/04\/logo-rassegna1.gif","width":600,"height":163,"caption":"Rassegna Stampa Cattolica"},"image":{"@id":"https:\/\/www.rassegnastampa-totustuus.it\/cattolica\/#\/schema\/logo\/image\/"},"sameAs":["https:\/\/www.facebook.com\/rassegnastampacattolica","https:\/\/x.com\/rassegnastampa9"]},{"@type":"Person","@id":"https:\/\/www.rassegnastampa-totustuus.it\/cattolica\/#\/schema\/person\/08f319d2bd1a0904ad9e2bfb7b15e5c3","name":"Redazione","image":{"@type":"ImageObject","inLanguage":"it-IT","@id":"https:\/\/secure.gravatar.com\/avatar\/2fcdf27c78ea025fbdb44e914cc63c72249ffec9dc8aafd5c82b26240ef3f346?s=96&d=mm&r=g","url":"https:\/\/secure.gravatar.com\/avatar\/2fcdf27c78ea025fbdb44e914cc63c72249ffec9dc8aafd5c82b26240ef3f346?s=96&d=mm&r=g","contentUrl":"https:\/\/secure.gravatar.com\/avatar\/2fcdf27c78ea025fbdb44e914cc63c72249ffec9dc8aafd5c82b26240ef3f346?s=96&d=mm&r=g","caption":"Redazione"},"url":"https:\/\/www.rassegnastampa-totustuus.it\/cattolica\/author\/pietroelle\/"}]}},"_links":{"self":[{"href":"https:\/\/www.rassegnastampa-totustuus.it\/cattolica\/wp-json\/wp\/v2\/posts\/47976","targetHints":{"allow":["GET"]}}],"collection":[{"href":"https:\/\/www.rassegnastampa-totustuus.it\/cattolica\/wp-json\/wp\/v2\/posts"}],"about":[{"href":"https:\/\/www.rassegnastampa-totustuus.it\/cattolica\/wp-json\/wp\/v2\/types\/post"}],"author":[{"embeddable":true,"href":"https:\/\/www.rassegnastampa-totustuus.it\/cattolica\/wp-json\/wp\/v2\/users\/6"}],"replies":[{"embeddable":true,"href":"https:\/\/www.rassegnastampa-totustuus.it\/cattolica\/wp-json\/wp\/v2\/comments?post=47976"}],"version-history":[{"count":1,"href":"https:\/\/www.rassegnastampa-totustuus.it\/cattolica\/wp-json\/wp\/v2\/posts\/47976\/revisions"}],"predecessor-version":[{"id":47978,"href":"https:\/\/www.rassegnastampa-totustuus.it\/cattolica\/wp-json\/wp\/v2\/posts\/47976\/revisions\/47978"}],"wp:featuredmedia":[{"embeddable":true,"href":"https:\/\/www.rassegnastampa-totustuus.it\/cattolica\/wp-json\/wp\/v2\/media\/47977"}],"wp:attachment":[{"href":"https:\/\/www.rassegnastampa-totustuus.it\/cattolica\/wp-json\/wp\/v2\/media?parent=47976"}],"wp:term":[{"taxonomy":"category","embeddable":true,"href":"https:\/\/www.rassegnastampa-totustuus.it\/cattolica\/wp-json\/wp\/v2\/categories?post=47976"},{"taxonomy":"post_tag","embeddable":true,"href":"https:\/\/www.rassegnastampa-totustuus.it\/cattolica\/wp-json\/wp\/v2\/tags?post=47976"}],"curies":[{"name":"wp","href":"https:\/\/api.w.org\/{rel}","templated":true}]}}