{"id":47911,"date":"2020-07-23T00:00:50","date_gmt":"2020-07-22T22:00:50","guid":{"rendered":"http:\/\/www.rassegnastampa-totustuus.it\/cattolica\/?p=47911"},"modified":"2020-07-20T14:24:22","modified_gmt":"2020-07-20T12:24:22","slug":"un-esercito-di-sottomessi-servi-volontari-nascosti-dietro-le-mascherine","status":"publish","type":"post","link":"https:\/\/www.rassegnastampa-totustuus.it\/cattolica\/un-esercito-di-sottomessi-servi-volontari-nascosti-dietro-le-mascherine\/","title":{"rendered":"Un esercito di sottomessi: servi volontari nascosti dietro le mascherine"},"content":{"rendered":"<p style=\"text-align: center;\"><strong><a href=\"https:\/\/www.rassegnastampa-totustuus.it\/cattolica\/wp-content\/uploads\/2020\/07\/virus.jpg\"><img loading=\"lazy\" decoding=\"async\" class=\"size-medium wp-image-47912 alignleft\" src=\"https:\/\/www.rassegnastampa-totustuus.it\/cattolica\/wp-content\/uploads\/2020\/07\/virus-300x168.jpg\" alt=\"\" width=\"300\" height=\"168\" \/><\/a>La Verit\u00e0<\/strong> &#8211; 19 luglio 2020<\/p>\n<p style=\"text-align: justify;\"><em>Molti italiani hanno deciso di tenere il viso coperto anche se la legge non glielo impone pi\u00f9. Una forma di asservimento sanitario prodotto dallo stato di emergenza infinito. Ma, oltre alla faccia, l&#8217;individuo perde la personalit\u00e0, diventando un burattino del potere<\/em><\/p>\n<p style=\"text-align: center;\">di<strong> Claudio Ris\u00e9<\/strong><\/p>\n<p><!--more--><\/p>\n<p style=\"text-align: justify;\">Diciamo la sgradevole verit\u00e0: a diversi nostri compatrioti, a parte le ragioni o sragioni sanitarie, mettersi una maschera in questi mesi piace, anche molto. Non per\u00f2 per mostrare la propria autentica personalit\u00e0, nascosta dalle convenzioni abituali, come accadeva nella Commedia dell&#8217;arte italiana ma per nasconderla del tutto, anzi fingere di non averne alcuna. Neppure per innovare coraggiosamente, con nuove idee e volti, ma per obbedire al supponente capo, l&#8217;\u00abavvocato degli italiani\u00bb.<\/p>\n<p style=\"text-align: justify;\"><a href=\"https:\/\/www.rassegnastampa-totustuus.it\/cattolica\/wp-content\/uploads\/2020\/05\/famiglia_virus.jpg\"><img loading=\"lazy\" decoding=\"async\" class=\"size-full wp-image-47243 alignright\" src=\"https:\/\/www.rassegnastampa-totustuus.it\/cattolica\/wp-content\/uploads\/2020\/05\/famiglia_virus.jpg\" alt=\"\" width=\"275\" height=\"183\" \/><\/a>Si vedono cos\u00ec giovani e anziani in ottima salute avanzare guardinghi in territori a zero Covid 19, nascosti dietro alle loro cupe e impersonali maschere d&#8217;ordinanza. Pronti a reagire a nuove \u00abesplosioni infettive\u00bb come dicono i media pro-emergenza.<\/p>\n<p style=\"text-align: justify;\">Non risulta che siano i medici a stimolare questi comportamenti ansiogeni e clinicamente privi di senso. Certo, le settimane di trasmissioni televisive con aggiornamento in tempo reale del numero dei morti da parte di commissari in maglione scuro con stampato sopra il logo dell&#8217;emergenza e il tono di voce dolente e preoccupato, hanno avuto il loro effetto sugli utenti confinati in casa, impensierendoli a dovere.<\/p>\n<p style=\"text-align: justify;\"><a href=\"https:\/\/www.rassegnastampa-totustuus.it\/cattolica\/wp-content\/uploads\/2020\/05\/virus.jpg\"><img loading=\"lazy\" decoding=\"async\" class=\"size-full wp-image-47281 alignleft\" src=\"https:\/\/www.rassegnastampa-totustuus.it\/cattolica\/wp-content\/uploads\/2020\/05\/virus.jpg\" alt=\"\" width=\"275\" height=\"183\" \/><\/a>La paura della morte, una volta risvegliata, diventa una compagna pi\u00f9 assidua e insistente della stoica tranquillit\u00e0, che si lascia sloggiare dall&#8217;ansia senza opporre troppa resistenza. Il fatto che a pi\u00f9 di un mese dalla fine della fase attiva dell&#8217;epidemia la paura della morte la faccia ancora da padrona dimostra comunque l&#8217;ambigua gestione psicologica che ad essa \u00e8 stata data dal governo.<\/p>\n<p style=\"text-align: justify;\">Fa inoltre capire come nel caso di eventuali future emergenze non convenga affidarsi a persone e istituzioni che in poche settimane hanno trasformato un Paese attivo e operoso in una nazione spaventata e disorientata, a rischio fallimento. Condizione psicologica questa, che, per governanti spregiudicati e senza veri programmi, ha per\u00f2 il pregio di essere molto pi\u00f9 principi n\u00e9 idee.<\/p>\n<p style=\"text-align: justify;\">Come mai allora molti sono disponibili a indossare la maschera, come chiede il potere costituito?<\/p>\n<p style=\"text-align: justify;\"><a href=\"https:\/\/www.rassegnastampa-totustuus.it\/cattolica\/wp-content\/uploads\/2018\/08\/uomo-massa.jpg\"><img loading=\"lazy\" decoding=\"async\" class=\"size-medium wp-image-40846 alignright\" src=\"https:\/\/www.rassegnastampa-totustuus.it\/cattolica\/wp-content\/uploads\/2018\/08\/uomo-massa-300x136.jpg\" alt=\"\" width=\"300\" height=\"136\" srcset=\"https:\/\/www.rassegnastampa-totustuus.it\/cattolica\/wp-content\/uploads\/2018\/08\/uomo-massa-300x136.jpg 300w, https:\/\/www.rassegnastampa-totustuus.it\/cattolica\/wp-content\/uploads\/2018\/08\/uomo-massa.jpg 334w\" sizes=\"auto, (max-width: 300px) 100vw, 300px\" \/><\/a>Il fatto, banale, \u00e8 che purtroppo molte persone non vedono l&#8217;ora di obbedire a qualcuno che le comandi, senza do versi prendere la responsabilit\u00e0 di s\u00e9. Che poi costui, oltre a dire di portare la mascherina perch\u00e9 siamo in emergenza, faccia altri e contraddittori discorsi, non pesa granch\u00e9, anche perch\u00e9 sono frasi sconnesse, che cambiano anche pi\u00f9 volte al giorno e la gente non le segue.<\/p>\n<p style=\"text-align: justify;\">Ma l&#8217;indicazione che rimandano gli obbedienti mascherati sembra chiara: va bene, dicci cosa fare e lo faremo. Molti dei famosi fan di Giuseppi, sbandierati dai sondaggisti, sono anche in ci\u00f2 tipici seguaci degli aspiranti tiranni: persone contenti di obbedire a qualcuno che ami esercitare il potere su di loro, esigendo qualcosa di molto personale e significativo come addirittura coprirsi il volto.<\/p>\n<div id=\"attachment_47913\" style=\"width: 300px\" class=\"wp-caption alignleft\"><a href=\"https:\/\/www.rassegnastampa-totustuus.it\/cattolica\/wp-content\/uploads\/2020\/07\/Giuseppe_Conte_virus.jpg\"><img loading=\"lazy\" decoding=\"async\" aria-describedby=\"caption-attachment-47913\" class=\"wp-image-47913 size-medium\" src=\"https:\/\/www.rassegnastampa-totustuus.it\/cattolica\/wp-content\/uploads\/2020\/07\/Giuseppe_Conte_virus-300x168.jpg\" alt=\"\" width=\"300\" height=\"168\" \/><\/a><p id=\"caption-attachment-47913\" class=\"wp-caption-text\">Giuseppe Conte<\/p><\/div>\n<p style=\"text-align: justify;\">Pronti a nascondere perfi\u00adno l&#8217;impronta della loro identit\u00e0, unica e irripetibile: la faccia. Mostrarla \u00e8 ormai diventato un atto di coraggio. L&#8217;identit\u00e0 personale ha cos\u00ec ricevuto una mazzata durissima nell&#8217;umiliante esperienza del terrorismo sanitario, praticato per continuare l&#8217;emergenza e lasciare in piedi il governo. Una situazione apprezzata dai fan della mascherina, cugini delle sardine e spesso sardine essi stessi: persone che (per ora) non vogliono tanto aderire o presentare programmi definiti, quanto obbedire a un potere che si presenta come salvifico e, come prima misura, ne cancella il volto, li fa sparire con i loro specifici connotati.<\/p>\n<p style=\"text-align: justify;\">Liberandoli cos\u00ec della responsabilit\u00e0 di essere s\u00e9 stessi e gratificandoli dell&#8217;appartenenza a una massa indistinta, un intero banco di individui indifferenziati, in cui sardinamente confondersi. Pu\u00f2 sembrare strano, ma quella di appartenere a qualcuno che ti sollevi dalle responsabilit\u00e0 e scelte personali \u00e8 una delle pulsioni pi\u00f9&#8217; costanti dell&#8217;uomo, presenti lungo tutta la sua storia.<\/p>\n<p style=\"text-align: justify;\"><a href=\"https:\/\/www.rassegnastampa-totustuus.it\/cattolica\/wp-content\/uploads\/2009\/03\/schiavi-2.jpg\"><img loading=\"lazy\" decoding=\"async\" class=\"size-full wp-image-41178 alignright\" src=\"https:\/\/www.rassegnastampa-totustuus.it\/cattolica\/wp-content\/uploads\/2009\/03\/schiavi-2.jpg\" alt=\"\" width=\"269\" height=\"187\" \/><\/a>Il testo che la descrive pi\u00f9 lucidamente \u00e8 il Discorso <em>sulla servit\u00f9 volontaria, <\/em>scritto nel 1576 da Etienne de la Boetie, grande amico del filosofo Montaigne. Vi si racconta come -da sempre- non tutti amino essere padroni di s\u00e9: molti preferiscono essere servi di un padrone che si occupi di loro impartendo ordini e compiti e cos\u00ec li aiuti a vivere, in un modo o nell&#8217;altro (Hegel approfondir\u00e0 poi il tema, due secoli dopo).<\/p>\n<p style=\"text-align: justify;\">Lo Stato moderno anzi, nasce anche per rispondere adeguatamente a questa esigenza. Il bisogno di guida e di comando era per\u00f2 gi\u00e0 presente fin dalla notte dei secoli, come mostrano le narrazioni pi\u00f9 antiche dell&#8217;umanit\u00e0. Un bisogno, quello di essere posseduti e diretti, che continua anche, in modo diverso, nelle democrazie industrializzate. In Italia, oggi, la maggioranza delle persone lavora in modo diretto o indiretto per lo Stato, che (come il governo giallo-rosso sa benissimo, e ne approfitta), li rappresenta ma \u00e8 anche, in parte, il \u00abpadrone\u00bb loro e dei loro voti.<\/p>\n<p style=\"text-align: justify;\"><a href=\"https:\/\/www.rassegnastampa-totustuus.it\/cattolica\/wp-content\/uploads\/2020\/04\/polizia_chiesa.jpg\"><img loading=\"lazy\" decoding=\"async\" class=\"size-full wp-image-46911 alignleft\" src=\"https:\/\/www.rassegnastampa-totustuus.it\/cattolica\/wp-content\/uploads\/2020\/04\/polizia_chiesa.jpg\" alt=\"\" width=\"275\" height=\"183\" \/><\/a>Il confino obbligatorio nelle case e la sostanziale sospensione di ogni attivit\u00e0 per un lungo periodo, assieme al potere statale gestito in chiave dark, per far crescere la paura e l\u2019obbedienza nelle persone, ha cos\u00ec prodotto una sorta di collasso nel senso di S\u00e9, nell&#8217;autonomia degli individui. Molti sono cos\u00ec divenuti incapaci di sciogliersi dall&#8217;abbraccio appiccicoso con un potere malato che ha come unica prospettiva per rimanere in sella la continuazione dell&#8217;emergenza.<\/p>\n<p style=\"text-align: justify;\">Anche se in realt\u00e0 quella sanitaria era ormai finita, sostituita per\u00f2 da un&#8217;altra, gravissima e reale (anche se poco menzionata): la rovina economica provocata dalla dissennata gestione della pandemia, con l&#8217;arresto per quasi due mesi di ogni vita e attivit\u00e0 nel Paese, e dalla mancanza di conoscenza reale dei problemi in campo.<\/p>\n<p style=\"text-align: justify;\">La maschera sanitaria, divenuta quasi obbligatoria nel governo dell&#8217;emergenza infinita, ha dunque un&#8217;importanza storica, anche se i <em>Giuseppi<\/em> forse lo ignorano (come tutto il resto).<\/p>\n<p style=\"text-align: justify;\"><a href=\"https:\/\/www.rassegnastampa-totustuus.it\/cattolica\/wp-content\/uploads\/2016\/11\/teatro_tragedia.jpg\"><img loading=\"lazy\" decoding=\"async\" class=\"size-full wp-image-36654 alignright\" src=\"https:\/\/www.rassegnastampa-totustuus.it\/cattolica\/wp-content\/uploads\/2016\/11\/teatro_tragedia.jpg\" alt=\"\" width=\"259\" height=\"195\" \/><\/a>Nella lunga storia della Maschera-Persona ci\u00f2 che ci si mette addosso e in faccia, il \u00abvestito\u00bb, ha sempre rappresentato dalla cultura romana in poi la carta d&#8217;identit\u00e0, il segno che dice chi siamo e quindi quali sono i nostri diritti. La maschera, come spiega il filosofo stoico Panezio, rivela \u00abil significato della personalit\u00e0 individuale\u00bb, sottraendola all&#8217;uniformit\u00e0 della massa informe, e attribuendo ad ognuno la sua fisionomia e le sue specifiche particolarit\u00e0 (da qui le maschere di guerrieri, animali, e altro).<\/p>\n<p style=\"text-align: justify;\">Il governo giallorosso \u00e8 il primo ad aver imposto una Maschera-Persona che, invece di rivelare chi sei o a chi o cosa ti ispiri, cancella la tua identit\u00e0 dietro quella del conformista sanitario, pronto a dimenticare, come gli chiede il capo, ogni fede, identit\u00e0 e entusiasmo pur di salvare la pelle (che peraltro nessuno minaccia, per ora). Una maschera di paura e vilt\u00e0, per cancellare ogni possibilit\u00e0 di sviluppo come Persona libera.<\/p>\n","protected":false},"excerpt":{"rendered":"<p>La Verit\u00e0 &#8211; 19 luglio 2020 Molti italiani hanno deciso di tenere il viso coperto anche se la legge non glielo impone pi\u00f9. Una forma di asservimento sanitario prodotto dallo stato di emergenza infinito. Ma, oltre alla faccia, l&#8217;individuo perde la personalit\u00e0, diventando un burattino del potere di Claudio Ris\u00e9<\/p><p><a class=\"more-link btn\" href=\"https:\/\/www.rassegnastampa-totustuus.it\/cattolica\/un-esercito-di-sottomessi-servi-volontari-nascosti-dietro-le-mascherine\/\">Continua a leggere<\/a><\/p>\n","protected":false},"author":6,"featured_media":47918,"comment_status":"closed","ping_status":"closed","sticky":false,"template":"","format":"standard","meta":{"footnotes":""},"categories":[102,25,80],"tags":[2802,2821,558,237],"class_list":["post-47911","post","type-post","status-publish","format-standard","has-post-thumbnail","hentry","category-italia-contemporanea","category-sguardo-sul-nostro-tempo","category-totalitarismo","tag-epidemie","tag-italia-contemporanea","tag-sguardo-sul-nostro-tempo-2","tag-totalitarismo-2","item-wrap"],"yoast_head":"<!-- This site is optimized with the Yoast SEO plugin v27.5 - https:\/\/yoast.com\/product\/yoast-seo-wordpress\/ -->\n<title>Un esercito di sottomessi: servi volontari nascosti dietro le mascherine - Rassegna Stampa Cattolica<\/title>\n<meta name=\"description\" content=\"Rassegna Stampa Cattolica - Per una cultura che nasce dalla Rivelazione cristiana in conformit\u00e0 alla tradizione e al Magistero della Chiesa in opposizione ad ogni relativismo e totalitarismo\" \/>\n<meta name=\"robots\" content=\"index, follow, max-snippet:-1, max-image-preview:large, max-video-preview:-1\" \/>\n<link rel=\"canonical\" href=\"https:\/\/www.rassegnastampa-totustuus.it\/cattolica\/un-esercito-di-sottomessi-servi-volontari-nascosti-dietro-le-mascherine\/\" \/>\n<meta property=\"og:locale\" content=\"it_IT\" \/>\n<meta property=\"og:type\" content=\"article\" \/>\n<meta property=\"og:title\" content=\"Un esercito di sottomessi: servi volontari nascosti dietro le mascherine - Rassegna Stampa Cattolica\" \/>\n<meta property=\"og:description\" content=\"Rassegna Stampa Cattolica - Per una cultura che nasce dalla Rivelazione cristiana in conformit\u00e0 alla tradizione e al Magistero della Chiesa in opposizione ad ogni relativismo e totalitarismo\" \/>\n<meta property=\"og:url\" content=\"https:\/\/www.rassegnastampa-totustuus.it\/cattolica\/un-esercito-di-sottomessi-servi-volontari-nascosti-dietro-le-mascherine\/\" \/>\n<meta property=\"og:site_name\" content=\"Rassegna Stampa Cattolica\" \/>\n<meta property=\"article:publisher\" content=\"https:\/\/www.facebook.com\/rassegnastampacattolica\" \/>\n<meta property=\"article:published_time\" content=\"2020-07-22T22:00:50+00:00\" \/>\n<meta property=\"og:image\" content=\"https:\/\/www.rassegnastampa-totustuus.it\/cattolica\/wp-content\/uploads\/2020\/07\/virus-1.jpg\" \/>\n\t<meta property=\"og:image:width\" content=\"1280\" \/>\n\t<meta property=\"og:image:height\" content=\"853\" \/>\n\t<meta property=\"og:image:type\" content=\"image\/jpeg\" \/>\n<meta name=\"author\" content=\"Redazione\" \/>\n<meta name=\"twitter:card\" content=\"summary_large_image\" \/>\n<meta name=\"twitter:creator\" content=\"@rassegnastampa9\" \/>\n<meta name=\"twitter:site\" content=\"@rassegnastampa9\" \/>\n<meta name=\"twitter:label1\" content=\"Scritto da\" \/>\n\t<meta name=\"twitter:data1\" content=\"Redazione\" \/>\n\t<meta name=\"twitter:label2\" content=\"Tempo di lettura stimato\" \/>\n\t<meta name=\"twitter:data2\" content=\"6 minuti\" \/>\n<script type=\"application\/ld+json\" class=\"yoast-schema-graph\">{\"@context\":\"https:\\\/\\\/schema.org\",\"@graph\":[{\"@type\":\"Article\",\"@id\":\"https:\\\/\\\/www.rassegnastampa-totustuus.it\\\/cattolica\\\/un-esercito-di-sottomessi-servi-volontari-nascosti-dietro-le-mascherine\\\/#article\",\"isPartOf\":{\"@id\":\"https:\\\/\\\/www.rassegnastampa-totustuus.it\\\/cattolica\\\/un-esercito-di-sottomessi-servi-volontari-nascosti-dietro-le-mascherine\\\/\"},\"author\":{\"name\":\"Redazione\",\"@id\":\"https:\\\/\\\/www.rassegnastampa-totustuus.it\\\/cattolica\\\/#\\\/schema\\\/person\\\/08f319d2bd1a0904ad9e2bfb7b15e5c3\"},\"headline\":\"Un esercito di sottomessi: servi volontari nascosti dietro le mascherine\",\"datePublished\":\"2020-07-22T22:00:50+00:00\",\"mainEntityOfPage\":{\"@id\":\"https:\\\/\\\/www.rassegnastampa-totustuus.it\\\/cattolica\\\/un-esercito-di-sottomessi-servi-volontari-nascosti-dietro-le-mascherine\\\/\"},\"wordCount\":1143,\"publisher\":{\"@id\":\"https:\\\/\\\/www.rassegnastampa-totustuus.it\\\/cattolica\\\/#organization\"},\"image\":{\"@id\":\"https:\\\/\\\/www.rassegnastampa-totustuus.it\\\/cattolica\\\/un-esercito-di-sottomessi-servi-volontari-nascosti-dietro-le-mascherine\\\/#primaryimage\"},\"thumbnailUrl\":\"https:\\\/\\\/www.rassegnastampa-totustuus.it\\\/cattolica\\\/wp-content\\\/uploads\\\/2020\\\/07\\\/virus-1.jpg\",\"keywords\":[\"epidemie\",\"Italia contemporanea\",\"sguardo sul nostro tempo\",\"totalitarismo\"],\"articleSection\":[\"Italia contemporanea\",\"Sguardo sul nostro tempo\",\"Totalitarismo\"],\"inLanguage\":\"it-IT\"},{\"@type\":\"WebPage\",\"@id\":\"https:\\\/\\\/www.rassegnastampa-totustuus.it\\\/cattolica\\\/un-esercito-di-sottomessi-servi-volontari-nascosti-dietro-le-mascherine\\\/\",\"url\":\"https:\\\/\\\/www.rassegnastampa-totustuus.it\\\/cattolica\\\/un-esercito-di-sottomessi-servi-volontari-nascosti-dietro-le-mascherine\\\/\",\"name\":\"Un esercito di sottomessi: servi volontari nascosti dietro le mascherine - Rassegna Stampa Cattolica\",\"isPartOf\":{\"@id\":\"https:\\\/\\\/www.rassegnastampa-totustuus.it\\\/cattolica\\\/#website\"},\"primaryImageOfPage\":{\"@id\":\"https:\\\/\\\/www.rassegnastampa-totustuus.it\\\/cattolica\\\/un-esercito-di-sottomessi-servi-volontari-nascosti-dietro-le-mascherine\\\/#primaryimage\"},\"image\":{\"@id\":\"https:\\\/\\\/www.rassegnastampa-totustuus.it\\\/cattolica\\\/un-esercito-di-sottomessi-servi-volontari-nascosti-dietro-le-mascherine\\\/#primaryimage\"},\"thumbnailUrl\":\"https:\\\/\\\/www.rassegnastampa-totustuus.it\\\/cattolica\\\/wp-content\\\/uploads\\\/2020\\\/07\\\/virus-1.jpg\",\"datePublished\":\"2020-07-22T22:00:50+00:00\",\"description\":\"Rassegna Stampa Cattolica - Per una cultura che nasce dalla Rivelazione cristiana in conformit\u00e0 alla tradizione e al Magistero della Chiesa in opposizione ad ogni relativismo e totalitarismo\",\"breadcrumb\":{\"@id\":\"https:\\\/\\\/www.rassegnastampa-totustuus.it\\\/cattolica\\\/un-esercito-di-sottomessi-servi-volontari-nascosti-dietro-le-mascherine\\\/#breadcrumb\"},\"inLanguage\":\"it-IT\",\"potentialAction\":[{\"@type\":\"ReadAction\",\"target\":[\"https:\\\/\\\/www.rassegnastampa-totustuus.it\\\/cattolica\\\/un-esercito-di-sottomessi-servi-volontari-nascosti-dietro-le-mascherine\\\/\"]}]},{\"@type\":\"ImageObject\",\"inLanguage\":\"it-IT\",\"@id\":\"https:\\\/\\\/www.rassegnastampa-totustuus.it\\\/cattolica\\\/un-esercito-di-sottomessi-servi-volontari-nascosti-dietro-le-mascherine\\\/#primaryimage\",\"url\":\"https:\\\/\\\/www.rassegnastampa-totustuus.it\\\/cattolica\\\/wp-content\\\/uploads\\\/2020\\\/07\\\/virus-1.jpg\",\"contentUrl\":\"https:\\\/\\\/www.rassegnastampa-totustuus.it\\\/cattolica\\\/wp-content\\\/uploads\\\/2020\\\/07\\\/virus-1.jpg\",\"width\":1280,\"height\":853},{\"@type\":\"BreadcrumbList\",\"@id\":\"https:\\\/\\\/www.rassegnastampa-totustuus.it\\\/cattolica\\\/un-esercito-di-sottomessi-servi-volontari-nascosti-dietro-le-mascherine\\\/#breadcrumb\",\"itemListElement\":[{\"@type\":\"ListItem\",\"position\":1,\"name\":\"Home\",\"item\":\"https:\\\/\\\/www.rassegnastampa-totustuus.it\\\/cattolica\\\/\"},{\"@type\":\"ListItem\",\"position\":2,\"name\":\"Un esercito di sottomessi: servi volontari nascosti dietro le mascherine\"}]},{\"@type\":\"WebSite\",\"@id\":\"https:\\\/\\\/www.rassegnastampa-totustuus.it\\\/cattolica\\\/#website\",\"url\":\"https:\\\/\\\/www.rassegnastampa-totustuus.it\\\/cattolica\\\/\",\"name\":\"Rassegna Stampa Cattolica\",\"description\":\"Per una cultura che nasce dalla Rivelazione cristiana in conformit\u00e0 alla tradizione e al Magistero della Chiesa in opposizione ad ogni relativismo e totalitarismo\",\"publisher\":{\"@id\":\"https:\\\/\\\/www.rassegnastampa-totustuus.it\\\/cattolica\\\/#organization\"},\"alternateName\":\"Rass. Cattolica\",\"potentialAction\":[{\"@type\":\"SearchAction\",\"target\":{\"@type\":\"EntryPoint\",\"urlTemplate\":\"https:\\\/\\\/www.rassegnastampa-totustuus.it\\\/cattolica\\\/?s={search_term_string}\"},\"query-input\":{\"@type\":\"PropertyValueSpecification\",\"valueRequired\":true,\"valueName\":\"search_term_string\"}}],\"inLanguage\":\"it-IT\"},{\"@type\":\"Organization\",\"@id\":\"https:\\\/\\\/www.rassegnastampa-totustuus.it\\\/cattolica\\\/#organization\",\"name\":\"Rassegna Stampa Cattolica\",\"url\":\"https:\\\/\\\/www.rassegnastampa-totustuus.it\\\/cattolica\\\/\",\"logo\":{\"@type\":\"ImageObject\",\"inLanguage\":\"it-IT\",\"@id\":\"https:\\\/\\\/www.rassegnastampa-totustuus.it\\\/cattolica\\\/#\\\/schema\\\/logo\\\/image\\\/\",\"url\":\"https:\\\/\\\/www.rassegnastampa-totustuus.it\\\/cattolica\\\/wp-content\\\/uploads\\\/2014\\\/04\\\/logo-rassegna1.gif\",\"contentUrl\":\"https:\\\/\\\/www.rassegnastampa-totustuus.it\\\/cattolica\\\/wp-content\\\/uploads\\\/2014\\\/04\\\/logo-rassegna1.gif\",\"width\":600,\"height\":163,\"caption\":\"Rassegna Stampa Cattolica\"},\"image\":{\"@id\":\"https:\\\/\\\/www.rassegnastampa-totustuus.it\\\/cattolica\\\/#\\\/schema\\\/logo\\\/image\\\/\"},\"sameAs\":[\"https:\\\/\\\/www.facebook.com\\\/rassegnastampacattolica\",\"https:\\\/\\\/x.com\\\/rassegnastampa9\"]},{\"@type\":\"Person\",\"@id\":\"https:\\\/\\\/www.rassegnastampa-totustuus.it\\\/cattolica\\\/#\\\/schema\\\/person\\\/08f319d2bd1a0904ad9e2bfb7b15e5c3\",\"name\":\"Redazione\",\"image\":{\"@type\":\"ImageObject\",\"inLanguage\":\"it-IT\",\"@id\":\"https:\\\/\\\/secure.gravatar.com\\\/avatar\\\/2fcdf27c78ea025fbdb44e914cc63c72249ffec9dc8aafd5c82b26240ef3f346?s=96&d=mm&r=g\",\"url\":\"https:\\\/\\\/secure.gravatar.com\\\/avatar\\\/2fcdf27c78ea025fbdb44e914cc63c72249ffec9dc8aafd5c82b26240ef3f346?s=96&d=mm&r=g\",\"contentUrl\":\"https:\\\/\\\/secure.gravatar.com\\\/avatar\\\/2fcdf27c78ea025fbdb44e914cc63c72249ffec9dc8aafd5c82b26240ef3f346?s=96&d=mm&r=g\",\"caption\":\"Redazione\"},\"url\":\"https:\\\/\\\/www.rassegnastampa-totustuus.it\\\/cattolica\\\/author\\\/pietroelle\\\/\"}]}<\/script>\n<!-- \/ Yoast SEO plugin. -->","yoast_head_json":{"title":"Un esercito di sottomessi: servi volontari nascosti dietro le mascherine - Rassegna Stampa Cattolica","description":"Rassegna Stampa Cattolica - Per una cultura che nasce dalla Rivelazione cristiana in conformit\u00e0 alla tradizione e al Magistero della Chiesa in opposizione ad ogni relativismo e totalitarismo","robots":{"index":"index","follow":"follow","max-snippet":"max-snippet:-1","max-image-preview":"max-image-preview:large","max-video-preview":"max-video-preview:-1"},"canonical":"https:\/\/www.rassegnastampa-totustuus.it\/cattolica\/un-esercito-di-sottomessi-servi-volontari-nascosti-dietro-le-mascherine\/","og_locale":"it_IT","og_type":"article","og_title":"Un esercito di sottomessi: servi volontari nascosti dietro le mascherine - Rassegna Stampa Cattolica","og_description":"Rassegna Stampa Cattolica - Per una cultura che nasce dalla Rivelazione cristiana in conformit\u00e0 alla tradizione e al Magistero della Chiesa in opposizione ad ogni relativismo e totalitarismo","og_url":"https:\/\/www.rassegnastampa-totustuus.it\/cattolica\/un-esercito-di-sottomessi-servi-volontari-nascosti-dietro-le-mascherine\/","og_site_name":"Rassegna Stampa Cattolica","article_publisher":"https:\/\/www.facebook.com\/rassegnastampacattolica","article_published_time":"2020-07-22T22:00:50+00:00","og_image":[{"width":1280,"height":853,"url":"https:\/\/www.rassegnastampa-totustuus.it\/cattolica\/wp-content\/uploads\/2020\/07\/virus-1.jpg","type":"image\/jpeg"}],"author":"Redazione","twitter_card":"summary_large_image","twitter_creator":"@rassegnastampa9","twitter_site":"@rassegnastampa9","twitter_misc":{"Scritto da":"Redazione","Tempo di lettura stimato":"6 minuti"},"schema":{"@context":"https:\/\/schema.org","@graph":[{"@type":"Article","@id":"https:\/\/www.rassegnastampa-totustuus.it\/cattolica\/un-esercito-di-sottomessi-servi-volontari-nascosti-dietro-le-mascherine\/#article","isPartOf":{"@id":"https:\/\/www.rassegnastampa-totustuus.it\/cattolica\/un-esercito-di-sottomessi-servi-volontari-nascosti-dietro-le-mascherine\/"},"author":{"name":"Redazione","@id":"https:\/\/www.rassegnastampa-totustuus.it\/cattolica\/#\/schema\/person\/08f319d2bd1a0904ad9e2bfb7b15e5c3"},"headline":"Un esercito di sottomessi: servi volontari nascosti dietro le mascherine","datePublished":"2020-07-22T22:00:50+00:00","mainEntityOfPage":{"@id":"https:\/\/www.rassegnastampa-totustuus.it\/cattolica\/un-esercito-di-sottomessi-servi-volontari-nascosti-dietro-le-mascherine\/"},"wordCount":1143,"publisher":{"@id":"https:\/\/www.rassegnastampa-totustuus.it\/cattolica\/#organization"},"image":{"@id":"https:\/\/www.rassegnastampa-totustuus.it\/cattolica\/un-esercito-di-sottomessi-servi-volontari-nascosti-dietro-le-mascherine\/#primaryimage"},"thumbnailUrl":"https:\/\/www.rassegnastampa-totustuus.it\/cattolica\/wp-content\/uploads\/2020\/07\/virus-1.jpg","keywords":["epidemie","Italia contemporanea","sguardo sul nostro tempo","totalitarismo"],"articleSection":["Italia contemporanea","Sguardo sul nostro tempo","Totalitarismo"],"inLanguage":"it-IT"},{"@type":"WebPage","@id":"https:\/\/www.rassegnastampa-totustuus.it\/cattolica\/un-esercito-di-sottomessi-servi-volontari-nascosti-dietro-le-mascherine\/","url":"https:\/\/www.rassegnastampa-totustuus.it\/cattolica\/un-esercito-di-sottomessi-servi-volontari-nascosti-dietro-le-mascherine\/","name":"Un esercito di sottomessi: servi volontari nascosti dietro le mascherine - Rassegna Stampa Cattolica","isPartOf":{"@id":"https:\/\/www.rassegnastampa-totustuus.it\/cattolica\/#website"},"primaryImageOfPage":{"@id":"https:\/\/www.rassegnastampa-totustuus.it\/cattolica\/un-esercito-di-sottomessi-servi-volontari-nascosti-dietro-le-mascherine\/#primaryimage"},"image":{"@id":"https:\/\/www.rassegnastampa-totustuus.it\/cattolica\/un-esercito-di-sottomessi-servi-volontari-nascosti-dietro-le-mascherine\/#primaryimage"},"thumbnailUrl":"https:\/\/www.rassegnastampa-totustuus.it\/cattolica\/wp-content\/uploads\/2020\/07\/virus-1.jpg","datePublished":"2020-07-22T22:00:50+00:00","description":"Rassegna Stampa Cattolica - Per una cultura che nasce dalla Rivelazione cristiana in conformit\u00e0 alla tradizione e al Magistero della Chiesa in opposizione ad ogni relativismo e totalitarismo","breadcrumb":{"@id":"https:\/\/www.rassegnastampa-totustuus.it\/cattolica\/un-esercito-di-sottomessi-servi-volontari-nascosti-dietro-le-mascherine\/#breadcrumb"},"inLanguage":"it-IT","potentialAction":[{"@type":"ReadAction","target":["https:\/\/www.rassegnastampa-totustuus.it\/cattolica\/un-esercito-di-sottomessi-servi-volontari-nascosti-dietro-le-mascherine\/"]}]},{"@type":"ImageObject","inLanguage":"it-IT","@id":"https:\/\/www.rassegnastampa-totustuus.it\/cattolica\/un-esercito-di-sottomessi-servi-volontari-nascosti-dietro-le-mascherine\/#primaryimage","url":"https:\/\/www.rassegnastampa-totustuus.it\/cattolica\/wp-content\/uploads\/2020\/07\/virus-1.jpg","contentUrl":"https:\/\/www.rassegnastampa-totustuus.it\/cattolica\/wp-content\/uploads\/2020\/07\/virus-1.jpg","width":1280,"height":853},{"@type":"BreadcrumbList","@id":"https:\/\/www.rassegnastampa-totustuus.it\/cattolica\/un-esercito-di-sottomessi-servi-volontari-nascosti-dietro-le-mascherine\/#breadcrumb","itemListElement":[{"@type":"ListItem","position":1,"name":"Home","item":"https:\/\/www.rassegnastampa-totustuus.it\/cattolica\/"},{"@type":"ListItem","position":2,"name":"Un esercito di sottomessi: servi volontari nascosti dietro le mascherine"}]},{"@type":"WebSite","@id":"https:\/\/www.rassegnastampa-totustuus.it\/cattolica\/#website","url":"https:\/\/www.rassegnastampa-totustuus.it\/cattolica\/","name":"Rassegna Stampa Cattolica","description":"Per una cultura che nasce dalla Rivelazione cristiana in conformit\u00e0 alla tradizione e al Magistero della Chiesa in opposizione ad ogni relativismo e totalitarismo","publisher":{"@id":"https:\/\/www.rassegnastampa-totustuus.it\/cattolica\/#organization"},"alternateName":"Rass. Cattolica","potentialAction":[{"@type":"SearchAction","target":{"@type":"EntryPoint","urlTemplate":"https:\/\/www.rassegnastampa-totustuus.it\/cattolica\/?s={search_term_string}"},"query-input":{"@type":"PropertyValueSpecification","valueRequired":true,"valueName":"search_term_string"}}],"inLanguage":"it-IT"},{"@type":"Organization","@id":"https:\/\/www.rassegnastampa-totustuus.it\/cattolica\/#organization","name":"Rassegna Stampa Cattolica","url":"https:\/\/www.rassegnastampa-totustuus.it\/cattolica\/","logo":{"@type":"ImageObject","inLanguage":"it-IT","@id":"https:\/\/www.rassegnastampa-totustuus.it\/cattolica\/#\/schema\/logo\/image\/","url":"https:\/\/www.rassegnastampa-totustuus.it\/cattolica\/wp-content\/uploads\/2014\/04\/logo-rassegna1.gif","contentUrl":"https:\/\/www.rassegnastampa-totustuus.it\/cattolica\/wp-content\/uploads\/2014\/04\/logo-rassegna1.gif","width":600,"height":163,"caption":"Rassegna Stampa Cattolica"},"image":{"@id":"https:\/\/www.rassegnastampa-totustuus.it\/cattolica\/#\/schema\/logo\/image\/"},"sameAs":["https:\/\/www.facebook.com\/rassegnastampacattolica","https:\/\/x.com\/rassegnastampa9"]},{"@type":"Person","@id":"https:\/\/www.rassegnastampa-totustuus.it\/cattolica\/#\/schema\/person\/08f319d2bd1a0904ad9e2bfb7b15e5c3","name":"Redazione","image":{"@type":"ImageObject","inLanguage":"it-IT","@id":"https:\/\/secure.gravatar.com\/avatar\/2fcdf27c78ea025fbdb44e914cc63c72249ffec9dc8aafd5c82b26240ef3f346?s=96&d=mm&r=g","url":"https:\/\/secure.gravatar.com\/avatar\/2fcdf27c78ea025fbdb44e914cc63c72249ffec9dc8aafd5c82b26240ef3f346?s=96&d=mm&r=g","contentUrl":"https:\/\/secure.gravatar.com\/avatar\/2fcdf27c78ea025fbdb44e914cc63c72249ffec9dc8aafd5c82b26240ef3f346?s=96&d=mm&r=g","caption":"Redazione"},"url":"https:\/\/www.rassegnastampa-totustuus.it\/cattolica\/author\/pietroelle\/"}]}},"_links":{"self":[{"href":"https:\/\/www.rassegnastampa-totustuus.it\/cattolica\/wp-json\/wp\/v2\/posts\/47911","targetHints":{"allow":["GET"]}}],"collection":[{"href":"https:\/\/www.rassegnastampa-totustuus.it\/cattolica\/wp-json\/wp\/v2\/posts"}],"about":[{"href":"https:\/\/www.rassegnastampa-totustuus.it\/cattolica\/wp-json\/wp\/v2\/types\/post"}],"author":[{"embeddable":true,"href":"https:\/\/www.rassegnastampa-totustuus.it\/cattolica\/wp-json\/wp\/v2\/users\/6"}],"replies":[{"embeddable":true,"href":"https:\/\/www.rassegnastampa-totustuus.it\/cattolica\/wp-json\/wp\/v2\/comments?post=47911"}],"version-history":[{"count":3,"href":"https:\/\/www.rassegnastampa-totustuus.it\/cattolica\/wp-json\/wp\/v2\/posts\/47911\/revisions"}],"predecessor-version":[{"id":47921,"href":"https:\/\/www.rassegnastampa-totustuus.it\/cattolica\/wp-json\/wp\/v2\/posts\/47911\/revisions\/47921"}],"wp:featuredmedia":[{"embeddable":true,"href":"https:\/\/www.rassegnastampa-totustuus.it\/cattolica\/wp-json\/wp\/v2\/media\/47918"}],"wp:attachment":[{"href":"https:\/\/www.rassegnastampa-totustuus.it\/cattolica\/wp-json\/wp\/v2\/media?parent=47911"}],"wp:term":[{"taxonomy":"category","embeddable":true,"href":"https:\/\/www.rassegnastampa-totustuus.it\/cattolica\/wp-json\/wp\/v2\/categories?post=47911"},{"taxonomy":"post_tag","embeddable":true,"href":"https:\/\/www.rassegnastampa-totustuus.it\/cattolica\/wp-json\/wp\/v2\/tags?post=47911"}],"curies":[{"name":"wp","href":"https:\/\/api.w.org\/{rel}","templated":true}]}}