{"id":47895,"date":"2020-07-23T00:00:31","date_gmt":"2020-07-22T22:00:31","guid":{"rendered":"http:\/\/www.rassegnastampa-totustuus.it\/cattolica\/?p=47895"},"modified":"2020-07-18T17:26:28","modified_gmt":"2020-07-18T15:26:28","slug":"il-vaticano-ii-e-il-calvario-della-chiesa","status":"publish","type":"post","link":"https:\/\/www.rassegnastampa-totustuus.it\/cattolica\/il-vaticano-ii-e-il-calvario-della-chiesa\/","title":{"rendered":"Il Vaticano II e il Calvario della Chiesa"},"content":{"rendered":"<p style=\"text-align: center;\"><strong><a href=\"https:\/\/www.rassegnastampa-totustuus.it\/cattolica\/wp-content\/uploads\/2020\/07\/Chiesa_concilio_vaticano.jpg\"><img loading=\"lazy\" decoding=\"async\" class=\"size-full wp-image-47897 alignright\" src=\"https:\/\/www.rassegnastampa-totustuus.it\/cattolica\/wp-content\/uploads\/2020\/07\/Chiesa_concilio_vaticano.jpg\" alt=\"\" width=\"276\" height=\"183\"><\/a><a href=\"https:\/\/www.aldomariavalli.it\/\" target=\"_blank\" rel=\"noopener noreferrer\">Duc in Altum<\/a><\/strong> &#8211; blog di Aldo Maria Valli \u2013 13 Luglio 2020<\/p>\n<p style=\"text-align: justify;\"><em>Cari amici di <\/em>Duc in altum<em>, nel dibattito in corso sul Concilio Vaticano II si inserisce padre Serafino Maria Lanzetta con un autorevole contributo che mi ha inviato e che volentieri vi propongo.<\/em><\/p>\n<p style=\"text-align: center;\">By <strong>Aldo Maria Valli <\/strong><\/p>\n<p><!--more--><\/p>\n<div id=\"attachment_47898\" style=\"width: 271px\" class=\"wp-caption alignleft\"><a href=\"https:\/\/www.rassegnastampa-totustuus.it\/cattolica\/wp-content\/uploads\/2020\/07\/Serafino_Lanzetta.jpg\"><img loading=\"lazy\" decoding=\"async\" aria-describedby=\"caption-attachment-47898\" class=\"wp-image-47898 size-full\" src=\"https:\/\/www.rassegnastampa-totustuus.it\/cattolica\/wp-content\/uploads\/2020\/07\/Serafino_Lanzetta.jpg\" alt=\"\" width=\"271\" height=\"186\"><\/a><p id=\"caption-attachment-47898\" class=\"wp-caption-text\">p. Serafino Lanzetta<\/p><\/div>\n<p style=\"text-align: justify;\">Si \u00e8 riacceso di recente il dibattito sulla corretta interpretazione del Concilio Vaticano II. \u00c8 vero che ogni concilio porta con s\u00e9 problemi interpretativi e molto spesso ne apre di nuovi anzich\u00e9 risolvere quelli prefissatisi. Il mistero porta sempre con s\u00e9 una tensione tra il detto e l\u2019indicibile. Basti rammentare che la consustanzialit\u00e0 del Figlio con il Padre del Concilio di Nicea (325), contro Ario, fu stabilita in modo inconcusso solo sessant\u2019anni dopo con il Concilio di Costantinopoli (385), quando fu definita anche la divinit\u00e0 dello Spirito Santo.<\/p>\n<p style=\"text-align: justify;\">Venendo a noi, dopo circa sessant\u2019anni dal Concilio Vaticano II abbiamo non la chiarificazione di qualche dottrina di fede ma un ulteriore obnubilamento. La Dichiarazione di Abu Dhabi (4 febbraio 2019) stabilisce con tutta sicurezza che Dio vuole la pluralit\u00e0 delle religioni come vuole la diversit\u00e0 di colore, di sesso, di razza e di lingua.<\/p>\n<p style=\"text-align: justify;\"><a href=\"https:\/\/www.rassegnastampa-totustuus.it\/cattolica\/wp-content\/uploads\/2018\/07\/Francesco_comunicazione.jpg\"><img loading=\"lazy\" decoding=\"async\" class=\"size-full wp-image-40652 alignright\" src=\"https:\/\/www.rassegnastampa-totustuus.it\/cattolica\/wp-content\/uploads\/2018\/07\/Francesco_comunicazione.jpg\" alt=\"\" width=\"275\" height=\"183\"><\/a>Al dire di Papa Francesco, sul volo di ritorno dopo la firma del documento, \u00abdal punto di vista cattolico il documento non \u00e8 andato di un millimetro oltre il Concilio Vaticano II\u00bb. Certo si tratta pi\u00f9 di un legame simbolico con lo spirito del Concilio che echeggia nel testo della Dichiarazione sulla Fratellanza Umana. Eppure, un legame c\u2019\u00e8 e non \u00e8 certamente l\u2019unico con l\u2019oggi ecclesiale. Segno che tra il Concilio di Nicea a il Vaticano II c\u2019\u00e8 una differenza che bisogna tenere in considerazione.<\/p>\n<p style=\"text-align: justify;\">L\u2019ermeneutica della continuit\u00e0 e della riforma ci ha dato la speranza di poter leggere le dottrine nuove del Vaticano II in continuit\u00e0 con il magistero precedente in nome del principio secondo cui un concilio, se celebrato con i dovuti crismi canonici, \u00e8 assistito dallo Spirito Santo. E se l\u2019ortodossia non la si vede la si ricerca.<\/p>\n<p style=\"text-align: justify;\"><a href=\"https:\/\/www.rassegnastampa-totustuus.it\/cattolica\/wp-content\/uploads\/2010\/06\/Concilio.jpg\"><img loading=\"lazy\" decoding=\"async\" class=\"size-full wp-image-21106 alignleft\" src=\"https:\/\/www.rassegnastampa-totustuus.it\/cattolica\/wp-content\/uploads\/2010\/06\/Concilio.jpg\" alt=\"\" width=\"244\" height=\"206\"><\/a>Intanto per\u00f2 gi\u00e0 qui si pone un problema non secondario. Affidarsi all\u2019ermeneutica per risolvere il problema della continuit\u00e0 \u00e8 gi\u00e0 un problema in s\u00e9 stesso.&nbsp;<em>In claris non fit interpretatio<\/em>, recita un noto adagio, per cui se la continuit\u00e0 non dovesse essere dimostrata con l\u2019interpretazione non ci sarebbe bisogno dell\u2019ermeneutica come tale. La continuit\u00e0 non \u00e8 evidente, ma va dimostrata o piuttosto interpretata.<\/p>\n<p style=\"text-align: justify;\">Dal momento che si fa ricorso all\u2019ermeneutica, ci si immette in un processo crescente di interpretazione della continuit\u00e0, un processo coinvolgente che non si arresta. Finch\u00e9 ci saranno degli interpreti ci sar\u00e0 anche il processo interpretativo e ci sar\u00e0 la possibilit\u00e0 che tale interpretazione sia avvalorata o smentita perch\u00e9 adeguata o pregiudiziale agli occhi dell\u2019interprete successivo.<\/p>\n<p style=\"text-align: justify;\">L\u2019ermeneutica \u00e8 un processo, \u00e8 il processo della modernit\u00e0 che pone l\u2019uomo come esistente e lo coglie nel raggio dell\u2019esserci qui ed ora. Eco di ci\u00f2 \u00e8 il problema del Concilio che prova a dialogare con la modernit\u00e0 che a sua volta \u00e8 un processo esistenziale non facilmente risolvibile nei circoli ermeneutici.<\/p>\n<p style=\"text-align: justify;\"><a href=\"https:\/\/www.rassegnastampa-totustuus.it\/cattolica\/wp-content\/uploads\/2013\/10\/Concilio.jpg\"><img loading=\"lazy\" decoding=\"async\" class=\" wp-image-29762 alignright\" src=\"https:\/\/www.rassegnastampa-totustuus.it\/cattolica\/wp-content\/uploads\/2013\/10\/Concilio.jpg\" alt=\"\" width=\"139\" height=\"143\"><\/a>Se ci si affida solo all\u2019ermeneutica per risolvere il problema della continuit\u00e0 si rischia di avvilupparsi in un sistema che pone la continuit\u00e0 come esistente (o da parte opposta la rottura), ma di fatto non la raggiunge. E non sembra che l\u2019abbiamo raggiunta tutt\u2019oggi, a quasi sessant\u2019anni dal Vaticano II.<\/p>\n<p style=\"text-align: justify;\">C\u2019\u00e8 bisogno non di un\u2019ermeneutica che ci dia la garanzia della continuit\u00e0, ma di un principio primo che ci dica se l\u2019ermeneutica utilizzata \u00e8 valida o meno: la fede della Chiesa. Non meraviglia che a tanta distanza dal Vaticano II stiamo ancora disputando sull\u2019ermeneutica della continuit\u00e0 di un concilio rispetto ai precedenti e rispetto alla fede della Chiesa, quando la stessa fede ci ha lasciato da molti anni a questa parte e non accenna per ora a ritornare.<\/p>\n<p style=\"text-align: justify;\"><a href=\"https:\/\/www.rassegnastampa-totustuus.it\/cattolica\/wp-content\/uploads\/2006\/10\/Benedetto_XVI.jpg\"><img loading=\"lazy\" decoding=\"async\" class=\"size-full wp-image-35325 alignleft\" src=\"https:\/\/www.rassegnastampa-totustuus.it\/cattolica\/wp-content\/uploads\/2006\/10\/Benedetto_XVI.jpg\" alt=\"\" width=\"258\" height=\"195\"><\/a>L\u2019ermeneutica della continuit\u00e0 lasci\u00f2 avvertire qualche scricchiolio sin dall\u2019inizio; pi\u00f9 di recente sembra che lo stesso Joseph Ratzinger se ne sia alquanto distanziato. Infatti, nei suoi appunti relativi alle radici degli abusi sessuali nella Chiesa (pubblicati in esclusiva per l\u2019Italia dal&nbsp;<em>Corriere della sera<\/em>, l\u201911 aprile 2019), si chiama in causa ripetute volte il Concilio Vaticano II.<\/p>\n<p style=\"text-align: justify;\">Con pi\u00f9 libert\u00e0 teologica e non in veste ufficiale, Benedetto XVI addita in una sorta di biblicismo promanante da&nbsp;<em>Dei Verbum<\/em>&nbsp;la radice dottrinale principale della crisi morale della Chiesa. Nella lotta ingaggiata al Concilio, si prov\u00f2 a liberarsi del fondamento naturale della morale per fondare quest\u2019ultima esclusivamente sulla Bibbia.<\/p>\n<p style=\"text-align: justify;\">L\u2019impianto della Costituzione sulla Divina Rivelazione \u2013 che non volle far cenno al ruolo della&nbsp;<em>Traditio constitutiva<\/em>, seppur imperato da Paolo VI \u2013 si riflett\u00e9 nel dettato di&nbsp;<em>Optatam totius<\/em>&nbsp;16, che di fatto venne poi declinato con il sospetto nei confronti di una morale presto definita \u201cpreconciliare\u201d, spregiativamente identificata come manualistica perch\u00e9 giusnaturalista.<\/p>\n<p><a href=\"https:\/\/www.rassegnastampa-totustuus.it\/cattolica\/wp-content\/uploads\/2010\/11\/Benedetto-XVI_vescovi.jpg\"><img loading=\"lazy\" decoding=\"async\" class=\"alignright wp-image-34764 size-medium\" src=\"https:\/\/www.rassegnastampa-totustuus.it\/cattolica\/wp-content\/uploads\/2010\/11\/Benedetto-XVI_vescovi-300x228.jpg\" alt=\"\" width=\"300\" height=\"228\" srcset=\"https:\/\/www.rassegnastampa-totustuus.it\/cattolica\/wp-content\/uploads\/2010\/11\/Benedetto-XVI_vescovi-300x228.jpg 300w, https:\/\/www.rassegnastampa-totustuus.it\/cattolica\/wp-content\/uploads\/2010\/11\/Benedetto-XVI_vescovi.jpg 312w\" sizes=\"auto, (max-width: 300px) 100vw, 300px\" \/><\/a><\/p>\n<p style=\"text-align: justify;\">Gli effetti negativi di tale riposizionamento non tardarono a farsi sentire e sono ancora sotto i nostri occhi attoniti. Nei medesimi appunti di Ratzinger si legge anche una denuncia della cosiddetta \u201cconciliarit\u00e0\u201d ertasi come&nbsp;<em>discrimen<\/em>&nbsp;di ci\u00f2 che era veramente accettabile e proponibile, fino a portare alcuni vescovi a rifiutare la tradizione cattolica.<\/p>\n<p style=\"text-align: justify;\">Nei vari documenti post-conciliari che hanno cercato di correggere il tiro, dando la giusta interpretazione della dottrina, non si \u00e8 mai preso in seria considerazione questo problema teologico-fondamentale inaugurato dalla \u201cconciliarit\u00e0\u201d, che difatti apre a tutti gli altri problemi e soprattutto diventa uno spirito libero che si aggira e che sporge sempre rispetto al testo e soprattutto rispetto alla Chiesa. Se ne parl\u00f2 durante il Sinodo dei vescovi del 1985, ma non si \u00e8 mai concretizzato in una chiara presa di distanza.<\/p>\n<p style=\"text-align: justify;\"><a href=\"https:\/\/www.rassegnastampa-totustuus.it\/cattolica\/wp-content\/uploads\/2010\/12\/Concilio.jpg\"><img loading=\"lazy\" decoding=\"async\" class=\" wp-image-28632 alignleft\" src=\"https:\/\/www.rassegnastampa-totustuus.it\/cattolica\/wp-content\/uploads\/2010\/12\/Concilio.jpg\" alt=\"\" width=\"316\" height=\"207\"><\/a>Il problema ermeneutico del Vaticano II \u00e8 destinato a non finire se non affrontiamo un punto centrale e radicale da cui dipende la chiara comprensione delle dottrine e la loro valutazione magisteriale. Il Vaticano II si pone come concilio con un fine squisitamente pastorale. Tutti i concili precedenti sono stati pastorali nella misura in cui hanno affermato la verit\u00e0 della fede e hanno combattuto gli errori. Il Vaticano II per un fine pastorale sceglie un metodo nuovo, il metodo appunto pastorale che diventa un vero programma d\u2019azione.<\/p>\n<p style=\"text-align: justify;\">Dichiarandolo a pi\u00f9 riprese, ma senza mai dare una definizione di cosa intendesse per \u201cpastorale\u201d, il Vaticano II si pone cos\u00ec in modo nuovo rispetto agli altri concili. \u00c8 il concilio pastorale che pi\u00f9 di ogni altro ha proposto nuove dottrine, ma avendo scelto di non definire nuovi dogmi, n\u00e9 di reiterare in modo definitivo alcunch\u00e9 (forse la sacramentalit\u00e0 dell\u2019episcopato, ma non c\u2019\u00e8 unanimit\u00e0). La pastoralit\u00e0 prevedeva un\u2019assenza di condanne e una non definizione della fede, ma solo un modo nuovo di insegnarla per il tempo di oggi. Un modo nuovo che influ\u00ec sulla formazione di dottrine nuove e viceversa.<\/p>\n<p style=\"text-align: justify;\"><a href=\"https:\/\/www.rassegnastampa-totustuus.it\/cattolica\/wp-content\/uploads\/2019\/12\/Chiesa_Pietro.jpg\"><img loading=\"lazy\" decoding=\"async\" class=\"size-medium wp-image-45337 alignright\" src=\"https:\/\/www.rassegnastampa-totustuus.it\/cattolica\/wp-content\/uploads\/2019\/12\/Chiesa_Pietro-300x180.jpg\" alt=\"\" width=\"300\" height=\"180\" srcset=\"https:\/\/www.rassegnastampa-totustuus.it\/cattolica\/wp-content\/uploads\/2019\/12\/Chiesa_Pietro-300x180.jpg 300w, https:\/\/www.rassegnastampa-totustuus.it\/cattolica\/wp-content\/uploads\/2019\/12\/Chiesa_Pietro-768x461.jpg 768w, https:\/\/www.rassegnastampa-totustuus.it\/cattolica\/wp-content\/uploads\/2019\/12\/Chiesa_Pietro-1024x614.jpg 1024w, https:\/\/www.rassegnastampa-totustuus.it\/cattolica\/wp-content\/uploads\/2019\/12\/Chiesa_Pietro.jpg 2000w\" sizes=\"auto, (max-width: 300px) 100vw, 300px\" \/><\/a>Un problema che avvertiamo con tutta la sua virulenza oggi, quando si preferisce lasciare la dottrina da parte per motivi pastorali, senza per\u00f2 poter fare a meno di insegnare un\u2019altra dottrina. Il metodo pastorale (si tratt\u00f2 di metodo) svolge un ruolo di prim\u2019ordine in Concilio. Dirige l\u2019agenda conciliare. Stabilisce ci\u00f2 che \u00e8 da essere discusso e di rifare alcuni schemi centrali perch\u00e9 poco pastorali; di tralasciare dottrine comuni (come ad esempio il limbo e l\u2019insufficienza materiale delle Scritture, reiterata dal magistero ordinario dei catechismi) perch\u00e9 ancora disputate e di abbracciare e di insegnare dottrine nuovissime che non godevano di nessuna disputa teologica (come ad esempio la collegialit\u00e0 episcopale e la restaurazione del diaconato permanente uxorato).<\/p>\n<p style=\"text-align: justify;\">Addirittura, la pastorale viene ad assurgere al rango di costituzione con&nbsp;<em>Gaudium et spes<\/em>&nbsp;(si era abituati a una costituzione che fosse tale in relazione alla fede), un documento cos\u00ec malmesso da far rizzare i capelli anche a Karl Rahner, il quale consiglier\u00e0 al cardinale D\u00f6pfner di far dichiarare al testo fin dall\u2019inizio la sua imperfezione. Ci\u00f2 soprattutto per il fatto che l\u2019ordine creato non appariva finalizzato a Dio. Eppure, Rahner era il promotore di una pastorale trascendentale.<\/p>\n<p style=\"text-align: justify;\"><a href=\"https:\/\/www.rassegnastampa-totustuus.it\/cattolica\/wp-content\/uploads\/2009\/11\/Karl_Rahner.jpg\"><img loading=\"lazy\" decoding=\"async\" class=\"size-full wp-image-33182 alignleft\" src=\"https:\/\/www.rassegnastampa-totustuus.it\/cattolica\/wp-content\/uploads\/2009\/11\/Karl_Rahner.jpg\" alt=\"\" width=\"211\" height=\"239\"><\/a>Cos\u00ec il Concilio poneva il problema di s\u00e9 stesso, della sua interpretazione, e ci\u00f2 non a partire dalla fase ricettiva, ma sin dalle discussioni in aula conciliare. Capire il grado di qualificazione teologica delle dottrine conciliari fu impresa non facile agli stessi Padri che ripetutamente ne fecero richiesta alla Segreteria del Concilio.<\/p>\n<p style=\"text-align: justify;\">La pastoralit\u00e0 poi entra anche nella redazione del nuovo schema sulla Chiesa. Per molti Padri il mistero della Chiesa (aspetto invisibile) era pi\u00f9 ampio del suo manifestarsi storico e gerarchico (aspetto visibile), e ci\u00f2 fino al punto di ritenere una non co-estensivit\u00e0 del Corpo mistico di Cristo con la Chiesa cattolica romana.<\/p>\n<p style=\"text-align: justify;\">Due Chiese giustapposte? Una Chiesa di Cristo da un lato e la Chiesa cattolica dall\u2019altro? Questo rischio deriv\u00f2 non dal cambio verbale con il \u201c<em>subsistit in<\/em>\u201d, ma fondamentalmente dall\u2019aver rinunciato alla dottrina dei membri della Chiesa (si pass\u00f2 dal&nbsp;<em>de membris<\/em>&nbsp;al&nbsp;<em>de populo<\/em>) per non offendere i protestanti, membri imperfetti. Oggi sembra che tutti pi\u00f9 o meno appartengano alla Chiesa.<\/p>\n<p style=\"text-align: justify;\"><a href=\"https:\/\/www.rassegnastampa-totustuus.it\/cattolica\/wp-content\/uploads\/2019\/10\/chiesa_scisma.jpg\"><img loading=\"lazy\" decoding=\"async\" class=\"size-medium wp-image-44661 alignright\" src=\"https:\/\/www.rassegnastampa-totustuus.it\/cattolica\/wp-content\/uploads\/2019\/10\/chiesa_scisma-300x225.jpg\" alt=\"\" width=\"300\" height=\"225\" srcset=\"https:\/\/www.rassegnastampa-totustuus.it\/cattolica\/wp-content\/uploads\/2019\/10\/chiesa_scisma-300x225.jpg 300w, https:\/\/www.rassegnastampa-totustuus.it\/cattolica\/wp-content\/uploads\/2019\/10\/chiesa_scisma-768x576.jpg 768w, https:\/\/www.rassegnastampa-totustuus.it\/cattolica\/wp-content\/uploads\/2019\/10\/chiesa_scisma-1024x768.jpg 1024w, https:\/\/www.rassegnastampa-totustuus.it\/cattolica\/wp-content\/uploads\/2019\/10\/chiesa_scisma.jpg 1200w\" sizes=\"auto, (max-width: 300px) 100vw, 300px\" \/><\/a>Se formulassimo una domanda: \u00abI Padri ritengono che il Corpo mistico di Cristo \u00e8 la Chiesa cattolica?\u00bb, molti cosa risponderebbero? Diversi Padri conciliari risposero di no, per questo siamo dove siamo. Lo spirito del Concilio nasce dunque nel Concilio. Si libra per mezzo del Vaticano II e dei suoi testi; \u00e8 riflesso spesso di uno spirito pastorale non chiaramente identificabile, che costruisce o demolisce in nome della conciliarit\u00e0, cio\u00e8 spesso del sentire teologico del momento che aveva pi\u00f9 presa perch\u00e9 pi\u00f9 forte era la voce di chi parlava, non tanto attraverso i media, ma in aula e in Commissione dottrinale.<\/p>\n<p style=\"text-align: justify;\">Un\u2019ermeneutica che non appura ci\u00f2 finisce col prestare il fianco a un problema che si aggira tutt\u2019oggi irrisolto: il Vaticano II come assoluto della fede, come identit\u00e0 del cristiano, come&nbsp;<em>passe-partout<\/em>&nbsp;nella Chiesa \u201cpost-conciliare\u201d. La Chiesa \u00e8 divisa perch\u00e9 dipende dal Concilio e non viceversa. Questo pu\u00f2 generare poi un altro problema. Prima il concilio come assoluto della fede e poi il papa come assoluto della Chiesa difatti sono due facce della stessa medaglia, dello stesso problema di assolutizzare ora l\u2019uno ora l\u2019altro, ma dimenticando che prima c\u2019\u00e8 la Chiesa, poi il papa con il suo magistero pontificio e poi un concilio con il suo magistero conciliare.<\/p>\n<p style=\"text-align: justify;\"><a href=\"https:\/\/www.rassegnastampa-totustuus.it\/cattolica\/wp-content\/uploads\/2019\/01\/papa_Francesco.jpg\"><img loading=\"lazy\" decoding=\"async\" class=\"size-full wp-image-41924 alignleft\" src=\"https:\/\/www.rassegnastampa-totustuus.it\/cattolica\/wp-content\/uploads\/2019\/01\/papa_Francesco.jpg\" alt=\"\" width=\"299\" height=\"168\"><\/a>Il problema di questi giorni di un papa visto come un assoluto nasce quale eco del concilio come&nbsp;<em>ab-solutus<\/em>&nbsp;e ci\u00f2 per il fatto che uno spirito del concilio, cio\u00e8 l\u2019evento superiore ai testi e soprattutto al contesto, viene enfatizzato come criterio di misura chiave. \u00c8 un caso che chi cerca di blindare il magistero di Francesco faccia continuo appello al Vaticano II, vedendo le ragioni delle critiche in un rifiuto del Vaticano II?<\/p>\n<p style=\"text-align: justify;\">Sta di fatto per\u00f2 che tra Francesco e il Vaticano II c\u2019\u00e8 piuttosto un legame simbolico e quasi mai testuale. I papi del Concilio e del post-concilio sono santi (o lo saranno presto) mentre la Chiesa langue, piombata in un silente deserto. Questo non ci dice niente? Quanto poi alle ultime prese di posizione, paradossalmente, non mi sembra che le ragioni di sua eccellenza monsignor Vigan\u00f2 e del cardinale Brandm\u00fcller siano poi cos\u00ec lontane.<\/p>\n<div id=\"attachment_47899\" style=\"width: 210px\" class=\"wp-caption alignright\"><a href=\"https:\/\/www.rassegnastampa-totustuus.it\/cattolica\/wp-content\/uploads\/2020\/07\/Carlo_Maria_Vigan\u00f2.jpg\"><img loading=\"lazy\" decoding=\"async\" aria-describedby=\"caption-attachment-47899\" class=\"wp-image-47899\" src=\"https:\/\/www.rassegnastampa-totustuus.it\/cattolica\/wp-content\/uploads\/2020\/07\/Carlo_Maria_Vigan\u00f2.jpg\" alt=\"\" width=\"210\" height=\"210\" srcset=\"https:\/\/www.rassegnastampa-totustuus.it\/cattolica\/wp-content\/uploads\/2020\/07\/Carlo_Maria_Vigan\u00f2.jpg 225w, https:\/\/www.rassegnastampa-totustuus.it\/cattolica\/wp-content\/uploads\/2020\/07\/Carlo_Maria_Vigan\u00f2-150x150.jpg 150w\" sizes=\"auto, (max-width: 210px) 100vw, 210px\" \/><\/a><p id=\"caption-attachment-47899\" class=\"wp-caption-text\">mons. Carlo Maria Vigan\u00f2<\/p><\/div>\n<p style=\"text-align: justify;\">Vigan\u00f2 preferisce dimenticare il Vaticano II; non pensa che la correzione delle sue dottrine ambigue sia una soluzione perch\u00e9 a suo modo di vedere nel Vaticano II c\u2019\u00e8 un problema embrionale, un colpo di mano modernista iniziale che ne ha pregiudicato non la validit\u00e0 ma la cattolicit\u00e0.<\/p>\n<p style=\"text-align: justify;\">Brandm\u00fcller invece preferisce adottare il metodo della lettura storica dei documenti del Concilio, specialmente per quelle dottrine pi\u00f9 difficili da leggere in linea con la Tradizione. Questo gli permette di affermare che documenti come&nbsp;<em>Nostra aetate<\/em>, a cui si potrebbe aggiungere anche&nbsp;<em>Unitatis redintegratio<\/em>&nbsp;e&nbsp;<em>Dignitatis humanae<\/em>, hanno ormai solo un interesse storico, anche perch\u00e9 la corretta interpretazione del loro valore teologico \u00e8 stata data dal magistero successivo, specialmente da&nbsp;<em>Dominus Iesus<\/em>.<\/p>\n<div id=\"attachment_40122\" style=\"width: 219px\" class=\"wp-caption alignleft\"><a href=\"https:\/\/www.rassegnastampa-totustuus.it\/cattolica\/wp-content\/uploads\/2018\/04\/Walter-Brandm\u00fcller.jpg\"><img loading=\"lazy\" decoding=\"async\" aria-describedby=\"caption-attachment-40122\" class=\"wp-image-40122 size-full\" src=\"https:\/\/www.rassegnastampa-totustuus.it\/cattolica\/wp-content\/uploads\/2018\/04\/Walter-Brandm\u00fcller.jpg\" alt=\"\" width=\"219\" height=\"230\"><\/a><p id=\"caption-attachment-40122\" class=\"wp-caption-text\">mons. Walter Brandm\u00fcller<\/p><\/div>\n<p style=\"text-align: justify;\">Se Vigan\u00f2 preferisce dimenticare il Concilio e Brandm\u00fcller suggerisce di storicizzarlo e cos\u00ec di superarlo senza colpo ferire, evitando una correzione magisteriale&nbsp;<em>ad hoc<\/em>&nbsp;e che si tralasci l\u2019ermeneutica della continuit\u00e0, sembra che la distanza sia sulle modalit\u00e0. Tuttavia, si potrebbe obiettare che sar\u00e0 difficile che con la sola ermeneutica storicizzante, quantunque necessaria, in un nuovo <em>Enchiridion<\/em> dei Concili, aggiornato a questa recente discussione storico-teologica, il Vaticano II appia solo come un concilio dall\u2019interesse storico.<\/p>\n<p style=\"text-align: justify;\">E nulla vieter\u00e0 a un\u2019Abu Dhabi 2.0 di riferirsi esplicitamente a&nbsp;<em>Nostra aetate<\/em>, ignorando di nuovo&nbsp;<em>Dominus Iesus<\/em>, o ad&nbsp;<em>Amoris laetitia<\/em>&nbsp;di agganciarsi a&nbsp;<em>Gaudium et spes&nbsp;<\/em>bypassando&nbsp;<em>Humanae vitae<\/em>. Non si dimentichi che la Scuola di Bologna ha provato a fare qualcosa del genere con il Concilio di Trento, ritenendolo ormai solo un Concilio generale e non pi\u00f9 ecumenico, di rango inferiore dal punto di vista teologico. Il Vaticano II certo non \u00e8 Trento, ma ci\u00f2 solo dal punto di vista teologico e non storico.<\/p>\n<p style=\"text-align: justify;\">Bisogna anche essere consapevoli del fatto che l\u2019ermeneutica storica, che lascia il testo nel suo contesto e alle idee del redattore, si adatta bene al Vaticano II in quanto concilio pastorale pienamente immerso nel suo tempo. La medesima ermeneutica per\u00f2 non funziona con il Concilio di Trento, ad esempio. Se infatti provassimo a storicizzare la dottrina e i canoni del Santo Sacrificio della Messa, ci troveremmo a fare il medesimo lavoro di Lutero rispetto alla tradizione dottrinale e favoriremmo l\u2019opera dei neo-protestanti che vedono nella Messa niente di pi\u00f9 che una cena.<\/p>\n<div id=\"attachment_42500\" style=\"width: 286px\" class=\"wp-caption alignleft\"><a href=\"https:\/\/www.rassegnastampa-totustuus.it\/cattolica\/wp-content\/uploads\/2019\/03\/Athanasius_Schneider.jpg\"><img loading=\"lazy\" decoding=\"async\" aria-describedby=\"caption-attachment-42500\" class=\"wp-image-42500 size-full\" src=\"https:\/\/www.rassegnastampa-totustuus.it\/cattolica\/wp-content\/uploads\/2019\/03\/Athanasius_Schneider.jpg\" alt=\"\" width=\"286\" height=\"176\"><\/a><p id=\"caption-attachment-42500\" class=\"wp-caption-text\">mons. Athanasius Schneider<\/p><\/div>\n<p style=\"text-align: justify;\">Tra queste due posizioni si colloca quella di monsignor Schneider che sembra pi\u00f9 percorribile: correggere le espressioni e le dottrine ambigue presenti nei testi conciliari che hanno dato occasione a innumerevoli errori accumulatisi nel corso di questi anni, non ignorando i tanti insegnamenti virtuosi e profetici, come la santit\u00e0 laicale e il sacerdozio comune dei fedeli.<\/p>\n<p style=\"text-align: justify;\">Monsignor Schneider indica come \u201cquadratura del cerchio\u201d l\u2019operazione di chi vede tutto in continuit\u00e0 in nome dell\u2019ermeneutica giusta. Bisognerebbe partire da un sincero atto di umilt\u00e0 proposto da monsignor Vigan\u00f2, riconoscendo che ci siamo lasciati ingannare dalla presunzione di risolvere tutti i problemi in nome dell\u2019autorit\u00e0, sia in buona che in cattiva fede. O l\u2019autorit\u00e0 poggia sulla verit\u00e0 o non sta in piedi.<\/p>\n<p style=\"text-align: justify;\">Non si tratta di ripudiare o di cancellare il Vaticano II, che rimane un concilio della Santa Chiesa, ma tutte le storpiature, sia per eccesso che per difetto. Non si tratta neppure di darla vinta ai tradizionalisti, ma di riconoscere la verit\u00e0. Quando il Vaticano II sar\u00e0 liberato da tutta la politica che lo circonda allora saremo su una buona strada.<\/p>\n<p style=\"text-align: right;\"><strong>Padre Serafino Maria Lanzetta<\/strong><\/p>\n","protected":false},"excerpt":{"rendered":"<p>Duc in Altum &#8211; blog di Aldo Maria Valli \u2013 13 Luglio 2020 Cari amici di Duc in altum, nel dibattito in corso sul Concilio Vaticano II si inserisce padre Serafino Maria Lanzetta con un autorevole contributo che mi ha inviato e che volentieri vi propongo. By Aldo Maria Valli<\/p><p><a class=\"more-link btn\" href=\"https:\/\/www.rassegnastampa-totustuus.it\/cattolica\/il-vaticano-ii-e-il-calvario-della-chiesa\/\">Continua a leggere<\/a><\/p>\n","protected":false},"author":6,"featured_media":47902,"comment_status":"closed","ping_status":"closed","sticky":false,"template":"","format":"standard","meta":{"footnotes":""},"categories":[5],"tags":[157,344,1152],"class_list":["post-47895","post","type-post","status-publish","format-standard","has-post-thumbnail","hentry","category-chiesa","tag-chiesa-2","tag-concilio-vaticano-ii","tag-ermeneutica-del-concilio","item-wrap"],"yoast_head":"<!-- This site is optimized with the Yoast SEO plugin v27.5 - https:\/\/yoast.com\/product\/yoast-seo-wordpress\/ -->\n<title>Il Vaticano II e il Calvario della Chiesa - Rassegna Stampa Cattolica<\/title>\n<meta name=\"description\" content=\"Rassegna Stampa Cattolica - Per una cultura che nasce dalla Rivelazione cristiana in conformit\u00e0 alla tradizione e al Magistero della Chiesa in opposizione ad ogni relativismo e totalitarismo\" \/>\n<meta name=\"robots\" content=\"index, follow, max-snippet:-1, max-image-preview:large, max-video-preview:-1\" \/>\n<link rel=\"canonical\" href=\"https:\/\/www.rassegnastampa-totustuus.it\/cattolica\/il-vaticano-ii-e-il-calvario-della-chiesa\/\" \/>\n<meta property=\"og:locale\" content=\"it_IT\" \/>\n<meta property=\"og:type\" content=\"article\" \/>\n<meta property=\"og:title\" content=\"Il Vaticano II e il Calvario della Chiesa - Rassegna Stampa Cattolica\" \/>\n<meta property=\"og:description\" content=\"Rassegna Stampa Cattolica - Per una cultura che nasce dalla Rivelazione cristiana in conformit\u00e0 alla tradizione e al Magistero della Chiesa in opposizione ad ogni relativismo e totalitarismo\" \/>\n<meta property=\"og:url\" content=\"https:\/\/www.rassegnastampa-totustuus.it\/cattolica\/il-vaticano-ii-e-il-calvario-della-chiesa\/\" \/>\n<meta property=\"og:site_name\" content=\"Rassegna Stampa Cattolica\" \/>\n<meta property=\"article:publisher\" content=\"https:\/\/www.facebook.com\/rassegnastampacattolica\" \/>\n<meta property=\"article:published_time\" content=\"2020-07-22T22:00:31+00:00\" \/>\n<meta property=\"og:image\" content=\"https:\/\/www.rassegnastampa-totustuus.it\/cattolica\/wp-content\/uploads\/2020\/07\/chiesa_concilio_vaticano.jpg\" \/>\n\t<meta property=\"og:image:width\" content=\"1588\" \/>\n\t<meta property=\"og:image:height\" content=\"768\" \/>\n\t<meta property=\"og:image:type\" content=\"image\/jpeg\" \/>\n<meta name=\"author\" content=\"Redazione\" \/>\n<meta name=\"twitter:card\" content=\"summary_large_image\" \/>\n<meta name=\"twitter:creator\" content=\"@rassegnastampa9\" \/>\n<meta name=\"twitter:site\" content=\"@rassegnastampa9\" \/>\n<meta name=\"twitter:label1\" content=\"Scritto da\" \/>\n\t<meta name=\"twitter:data1\" content=\"Redazione\" \/>\n\t<meta name=\"twitter:label2\" content=\"Tempo di lettura stimato\" \/>\n\t<meta name=\"twitter:data2\" content=\"12 minuti\" \/>\n<script type=\"application\/ld+json\" class=\"yoast-schema-graph\">{\"@context\":\"https:\\\/\\\/schema.org\",\"@graph\":[{\"@type\":\"Article\",\"@id\":\"https:\\\/\\\/www.rassegnastampa-totustuus.it\\\/cattolica\\\/il-vaticano-ii-e-il-calvario-della-chiesa\\\/#article\",\"isPartOf\":{\"@id\":\"https:\\\/\\\/www.rassegnastampa-totustuus.it\\\/cattolica\\\/il-vaticano-ii-e-il-calvario-della-chiesa\\\/\"},\"author\":{\"name\":\"Redazione\",\"@id\":\"https:\\\/\\\/www.rassegnastampa-totustuus.it\\\/cattolica\\\/#\\\/schema\\\/person\\\/08f319d2bd1a0904ad9e2bfb7b15e5c3\"},\"headline\":\"Il Vaticano II e il Calvario della Chiesa\",\"datePublished\":\"2020-07-22T22:00:31+00:00\",\"mainEntityOfPage\":{\"@id\":\"https:\\\/\\\/www.rassegnastampa-totustuus.it\\\/cattolica\\\/il-vaticano-ii-e-il-calvario-della-chiesa\\\/\"},\"wordCount\":2488,\"publisher\":{\"@id\":\"https:\\\/\\\/www.rassegnastampa-totustuus.it\\\/cattolica\\\/#organization\"},\"image\":{\"@id\":\"https:\\\/\\\/www.rassegnastampa-totustuus.it\\\/cattolica\\\/il-vaticano-ii-e-il-calvario-della-chiesa\\\/#primaryimage\"},\"thumbnailUrl\":\"https:\\\/\\\/www.rassegnastampa-totustuus.it\\\/cattolica\\\/wp-content\\\/uploads\\\/2020\\\/07\\\/chiesa_concilio_vaticano.jpg\",\"keywords\":[\"chiesa\",\"Concilio Vaticano II\",\"ermeneutica del Concilio\"],\"articleSection\":[\"Chiesa\"],\"inLanguage\":\"it-IT\"},{\"@type\":\"WebPage\",\"@id\":\"https:\\\/\\\/www.rassegnastampa-totustuus.it\\\/cattolica\\\/il-vaticano-ii-e-il-calvario-della-chiesa\\\/\",\"url\":\"https:\\\/\\\/www.rassegnastampa-totustuus.it\\\/cattolica\\\/il-vaticano-ii-e-il-calvario-della-chiesa\\\/\",\"name\":\"Il Vaticano II e il Calvario della Chiesa - Rassegna Stampa Cattolica\",\"isPartOf\":{\"@id\":\"https:\\\/\\\/www.rassegnastampa-totustuus.it\\\/cattolica\\\/#website\"},\"primaryImageOfPage\":{\"@id\":\"https:\\\/\\\/www.rassegnastampa-totustuus.it\\\/cattolica\\\/il-vaticano-ii-e-il-calvario-della-chiesa\\\/#primaryimage\"},\"image\":{\"@id\":\"https:\\\/\\\/www.rassegnastampa-totustuus.it\\\/cattolica\\\/il-vaticano-ii-e-il-calvario-della-chiesa\\\/#primaryimage\"},\"thumbnailUrl\":\"https:\\\/\\\/www.rassegnastampa-totustuus.it\\\/cattolica\\\/wp-content\\\/uploads\\\/2020\\\/07\\\/chiesa_concilio_vaticano.jpg\",\"datePublished\":\"2020-07-22T22:00:31+00:00\",\"description\":\"Rassegna Stampa Cattolica - Per una cultura che nasce dalla Rivelazione cristiana in conformit\u00e0 alla tradizione e al Magistero della Chiesa in opposizione ad ogni relativismo e totalitarismo\",\"breadcrumb\":{\"@id\":\"https:\\\/\\\/www.rassegnastampa-totustuus.it\\\/cattolica\\\/il-vaticano-ii-e-il-calvario-della-chiesa\\\/#breadcrumb\"},\"inLanguage\":\"it-IT\",\"potentialAction\":[{\"@type\":\"ReadAction\",\"target\":[\"https:\\\/\\\/www.rassegnastampa-totustuus.it\\\/cattolica\\\/il-vaticano-ii-e-il-calvario-della-chiesa\\\/\"]}]},{\"@type\":\"ImageObject\",\"inLanguage\":\"it-IT\",\"@id\":\"https:\\\/\\\/www.rassegnastampa-totustuus.it\\\/cattolica\\\/il-vaticano-ii-e-il-calvario-della-chiesa\\\/#primaryimage\",\"url\":\"https:\\\/\\\/www.rassegnastampa-totustuus.it\\\/cattolica\\\/wp-content\\\/uploads\\\/2020\\\/07\\\/chiesa_concilio_vaticano.jpg\",\"contentUrl\":\"https:\\\/\\\/www.rassegnastampa-totustuus.it\\\/cattolica\\\/wp-content\\\/uploads\\\/2020\\\/07\\\/chiesa_concilio_vaticano.jpg\",\"width\":1588,\"height\":768},{\"@type\":\"BreadcrumbList\",\"@id\":\"https:\\\/\\\/www.rassegnastampa-totustuus.it\\\/cattolica\\\/il-vaticano-ii-e-il-calvario-della-chiesa\\\/#breadcrumb\",\"itemListElement\":[{\"@type\":\"ListItem\",\"position\":1,\"name\":\"Home\",\"item\":\"https:\\\/\\\/www.rassegnastampa-totustuus.it\\\/cattolica\\\/\"},{\"@type\":\"ListItem\",\"position\":2,\"name\":\"Il Vaticano II e il Calvario della Chiesa\"}]},{\"@type\":\"WebSite\",\"@id\":\"https:\\\/\\\/www.rassegnastampa-totustuus.it\\\/cattolica\\\/#website\",\"url\":\"https:\\\/\\\/www.rassegnastampa-totustuus.it\\\/cattolica\\\/\",\"name\":\"Rassegna Stampa Cattolica\",\"description\":\"Per una cultura che nasce dalla Rivelazione cristiana in conformit\u00e0 alla tradizione e al Magistero della Chiesa in opposizione ad ogni relativismo e totalitarismo\",\"publisher\":{\"@id\":\"https:\\\/\\\/www.rassegnastampa-totustuus.it\\\/cattolica\\\/#organization\"},\"alternateName\":\"Rass. Cattolica\",\"potentialAction\":[{\"@type\":\"SearchAction\",\"target\":{\"@type\":\"EntryPoint\",\"urlTemplate\":\"https:\\\/\\\/www.rassegnastampa-totustuus.it\\\/cattolica\\\/?s={search_term_string}\"},\"query-input\":{\"@type\":\"PropertyValueSpecification\",\"valueRequired\":true,\"valueName\":\"search_term_string\"}}],\"inLanguage\":\"it-IT\"},{\"@type\":\"Organization\",\"@id\":\"https:\\\/\\\/www.rassegnastampa-totustuus.it\\\/cattolica\\\/#organization\",\"name\":\"Rassegna Stampa Cattolica\",\"url\":\"https:\\\/\\\/www.rassegnastampa-totustuus.it\\\/cattolica\\\/\",\"logo\":{\"@type\":\"ImageObject\",\"inLanguage\":\"it-IT\",\"@id\":\"https:\\\/\\\/www.rassegnastampa-totustuus.it\\\/cattolica\\\/#\\\/schema\\\/logo\\\/image\\\/\",\"url\":\"https:\\\/\\\/www.rassegnastampa-totustuus.it\\\/cattolica\\\/wp-content\\\/uploads\\\/2014\\\/04\\\/logo-rassegna1.gif\",\"contentUrl\":\"https:\\\/\\\/www.rassegnastampa-totustuus.it\\\/cattolica\\\/wp-content\\\/uploads\\\/2014\\\/04\\\/logo-rassegna1.gif\",\"width\":600,\"height\":163,\"caption\":\"Rassegna Stampa Cattolica\"},\"image\":{\"@id\":\"https:\\\/\\\/www.rassegnastampa-totustuus.it\\\/cattolica\\\/#\\\/schema\\\/logo\\\/image\\\/\"},\"sameAs\":[\"https:\\\/\\\/www.facebook.com\\\/rassegnastampacattolica\",\"https:\\\/\\\/x.com\\\/rassegnastampa9\"]},{\"@type\":\"Person\",\"@id\":\"https:\\\/\\\/www.rassegnastampa-totustuus.it\\\/cattolica\\\/#\\\/schema\\\/person\\\/08f319d2bd1a0904ad9e2bfb7b15e5c3\",\"name\":\"Redazione\",\"image\":{\"@type\":\"ImageObject\",\"inLanguage\":\"it-IT\",\"@id\":\"https:\\\/\\\/secure.gravatar.com\\\/avatar\\\/2fcdf27c78ea025fbdb44e914cc63c72249ffec9dc8aafd5c82b26240ef3f346?s=96&d=mm&r=g\",\"url\":\"https:\\\/\\\/secure.gravatar.com\\\/avatar\\\/2fcdf27c78ea025fbdb44e914cc63c72249ffec9dc8aafd5c82b26240ef3f346?s=96&d=mm&r=g\",\"contentUrl\":\"https:\\\/\\\/secure.gravatar.com\\\/avatar\\\/2fcdf27c78ea025fbdb44e914cc63c72249ffec9dc8aafd5c82b26240ef3f346?s=96&d=mm&r=g\",\"caption\":\"Redazione\"},\"url\":\"https:\\\/\\\/www.rassegnastampa-totustuus.it\\\/cattolica\\\/author\\\/pietroelle\\\/\"}]}<\/script>\n<!-- \/ Yoast SEO plugin. -->","yoast_head_json":{"title":"Il Vaticano II e il Calvario della Chiesa - Rassegna Stampa Cattolica","description":"Rassegna Stampa Cattolica - Per una cultura che nasce dalla Rivelazione cristiana in conformit\u00e0 alla tradizione e al Magistero della Chiesa in opposizione ad ogni relativismo e totalitarismo","robots":{"index":"index","follow":"follow","max-snippet":"max-snippet:-1","max-image-preview":"max-image-preview:large","max-video-preview":"max-video-preview:-1"},"canonical":"https:\/\/www.rassegnastampa-totustuus.it\/cattolica\/il-vaticano-ii-e-il-calvario-della-chiesa\/","og_locale":"it_IT","og_type":"article","og_title":"Il Vaticano II e il Calvario della Chiesa - Rassegna Stampa Cattolica","og_description":"Rassegna Stampa Cattolica - Per una cultura che nasce dalla Rivelazione cristiana in conformit\u00e0 alla tradizione e al Magistero della Chiesa in opposizione ad ogni relativismo e totalitarismo","og_url":"https:\/\/www.rassegnastampa-totustuus.it\/cattolica\/il-vaticano-ii-e-il-calvario-della-chiesa\/","og_site_name":"Rassegna Stampa Cattolica","article_publisher":"https:\/\/www.facebook.com\/rassegnastampacattolica","article_published_time":"2020-07-22T22:00:31+00:00","og_image":[{"width":1588,"height":768,"url":"https:\/\/www.rassegnastampa-totustuus.it\/cattolica\/wp-content\/uploads\/2020\/07\/chiesa_concilio_vaticano.jpg","type":"image\/jpeg"}],"author":"Redazione","twitter_card":"summary_large_image","twitter_creator":"@rassegnastampa9","twitter_site":"@rassegnastampa9","twitter_misc":{"Scritto da":"Redazione","Tempo di lettura stimato":"12 minuti"},"schema":{"@context":"https:\/\/schema.org","@graph":[{"@type":"Article","@id":"https:\/\/www.rassegnastampa-totustuus.it\/cattolica\/il-vaticano-ii-e-il-calvario-della-chiesa\/#article","isPartOf":{"@id":"https:\/\/www.rassegnastampa-totustuus.it\/cattolica\/il-vaticano-ii-e-il-calvario-della-chiesa\/"},"author":{"name":"Redazione","@id":"https:\/\/www.rassegnastampa-totustuus.it\/cattolica\/#\/schema\/person\/08f319d2bd1a0904ad9e2bfb7b15e5c3"},"headline":"Il Vaticano II e il Calvario della Chiesa","datePublished":"2020-07-22T22:00:31+00:00","mainEntityOfPage":{"@id":"https:\/\/www.rassegnastampa-totustuus.it\/cattolica\/il-vaticano-ii-e-il-calvario-della-chiesa\/"},"wordCount":2488,"publisher":{"@id":"https:\/\/www.rassegnastampa-totustuus.it\/cattolica\/#organization"},"image":{"@id":"https:\/\/www.rassegnastampa-totustuus.it\/cattolica\/il-vaticano-ii-e-il-calvario-della-chiesa\/#primaryimage"},"thumbnailUrl":"https:\/\/www.rassegnastampa-totustuus.it\/cattolica\/wp-content\/uploads\/2020\/07\/chiesa_concilio_vaticano.jpg","keywords":["chiesa","Concilio Vaticano II","ermeneutica del Concilio"],"articleSection":["Chiesa"],"inLanguage":"it-IT"},{"@type":"WebPage","@id":"https:\/\/www.rassegnastampa-totustuus.it\/cattolica\/il-vaticano-ii-e-il-calvario-della-chiesa\/","url":"https:\/\/www.rassegnastampa-totustuus.it\/cattolica\/il-vaticano-ii-e-il-calvario-della-chiesa\/","name":"Il Vaticano II e il Calvario della Chiesa - Rassegna Stampa Cattolica","isPartOf":{"@id":"https:\/\/www.rassegnastampa-totustuus.it\/cattolica\/#website"},"primaryImageOfPage":{"@id":"https:\/\/www.rassegnastampa-totustuus.it\/cattolica\/il-vaticano-ii-e-il-calvario-della-chiesa\/#primaryimage"},"image":{"@id":"https:\/\/www.rassegnastampa-totustuus.it\/cattolica\/il-vaticano-ii-e-il-calvario-della-chiesa\/#primaryimage"},"thumbnailUrl":"https:\/\/www.rassegnastampa-totustuus.it\/cattolica\/wp-content\/uploads\/2020\/07\/chiesa_concilio_vaticano.jpg","datePublished":"2020-07-22T22:00:31+00:00","description":"Rassegna Stampa Cattolica - Per una cultura che nasce dalla Rivelazione cristiana in conformit\u00e0 alla tradizione e al Magistero della Chiesa in opposizione ad ogni relativismo e totalitarismo","breadcrumb":{"@id":"https:\/\/www.rassegnastampa-totustuus.it\/cattolica\/il-vaticano-ii-e-il-calvario-della-chiesa\/#breadcrumb"},"inLanguage":"it-IT","potentialAction":[{"@type":"ReadAction","target":["https:\/\/www.rassegnastampa-totustuus.it\/cattolica\/il-vaticano-ii-e-il-calvario-della-chiesa\/"]}]},{"@type":"ImageObject","inLanguage":"it-IT","@id":"https:\/\/www.rassegnastampa-totustuus.it\/cattolica\/il-vaticano-ii-e-il-calvario-della-chiesa\/#primaryimage","url":"https:\/\/www.rassegnastampa-totustuus.it\/cattolica\/wp-content\/uploads\/2020\/07\/chiesa_concilio_vaticano.jpg","contentUrl":"https:\/\/www.rassegnastampa-totustuus.it\/cattolica\/wp-content\/uploads\/2020\/07\/chiesa_concilio_vaticano.jpg","width":1588,"height":768},{"@type":"BreadcrumbList","@id":"https:\/\/www.rassegnastampa-totustuus.it\/cattolica\/il-vaticano-ii-e-il-calvario-della-chiesa\/#breadcrumb","itemListElement":[{"@type":"ListItem","position":1,"name":"Home","item":"https:\/\/www.rassegnastampa-totustuus.it\/cattolica\/"},{"@type":"ListItem","position":2,"name":"Il Vaticano II e il Calvario della Chiesa"}]},{"@type":"WebSite","@id":"https:\/\/www.rassegnastampa-totustuus.it\/cattolica\/#website","url":"https:\/\/www.rassegnastampa-totustuus.it\/cattolica\/","name":"Rassegna Stampa Cattolica","description":"Per una cultura che nasce dalla Rivelazione cristiana in conformit\u00e0 alla tradizione e al Magistero della Chiesa in opposizione ad ogni relativismo e totalitarismo","publisher":{"@id":"https:\/\/www.rassegnastampa-totustuus.it\/cattolica\/#organization"},"alternateName":"Rass. Cattolica","potentialAction":[{"@type":"SearchAction","target":{"@type":"EntryPoint","urlTemplate":"https:\/\/www.rassegnastampa-totustuus.it\/cattolica\/?s={search_term_string}"},"query-input":{"@type":"PropertyValueSpecification","valueRequired":true,"valueName":"search_term_string"}}],"inLanguage":"it-IT"},{"@type":"Organization","@id":"https:\/\/www.rassegnastampa-totustuus.it\/cattolica\/#organization","name":"Rassegna Stampa Cattolica","url":"https:\/\/www.rassegnastampa-totustuus.it\/cattolica\/","logo":{"@type":"ImageObject","inLanguage":"it-IT","@id":"https:\/\/www.rassegnastampa-totustuus.it\/cattolica\/#\/schema\/logo\/image\/","url":"https:\/\/www.rassegnastampa-totustuus.it\/cattolica\/wp-content\/uploads\/2014\/04\/logo-rassegna1.gif","contentUrl":"https:\/\/www.rassegnastampa-totustuus.it\/cattolica\/wp-content\/uploads\/2014\/04\/logo-rassegna1.gif","width":600,"height":163,"caption":"Rassegna Stampa Cattolica"},"image":{"@id":"https:\/\/www.rassegnastampa-totustuus.it\/cattolica\/#\/schema\/logo\/image\/"},"sameAs":["https:\/\/www.facebook.com\/rassegnastampacattolica","https:\/\/x.com\/rassegnastampa9"]},{"@type":"Person","@id":"https:\/\/www.rassegnastampa-totustuus.it\/cattolica\/#\/schema\/person\/08f319d2bd1a0904ad9e2bfb7b15e5c3","name":"Redazione","image":{"@type":"ImageObject","inLanguage":"it-IT","@id":"https:\/\/secure.gravatar.com\/avatar\/2fcdf27c78ea025fbdb44e914cc63c72249ffec9dc8aafd5c82b26240ef3f346?s=96&d=mm&r=g","url":"https:\/\/secure.gravatar.com\/avatar\/2fcdf27c78ea025fbdb44e914cc63c72249ffec9dc8aafd5c82b26240ef3f346?s=96&d=mm&r=g","contentUrl":"https:\/\/secure.gravatar.com\/avatar\/2fcdf27c78ea025fbdb44e914cc63c72249ffec9dc8aafd5c82b26240ef3f346?s=96&d=mm&r=g","caption":"Redazione"},"url":"https:\/\/www.rassegnastampa-totustuus.it\/cattolica\/author\/pietroelle\/"}]}},"_links":{"self":[{"href":"https:\/\/www.rassegnastampa-totustuus.it\/cattolica\/wp-json\/wp\/v2\/posts\/47895","targetHints":{"allow":["GET"]}}],"collection":[{"href":"https:\/\/www.rassegnastampa-totustuus.it\/cattolica\/wp-json\/wp\/v2\/posts"}],"about":[{"href":"https:\/\/www.rassegnastampa-totustuus.it\/cattolica\/wp-json\/wp\/v2\/types\/post"}],"author":[{"embeddable":true,"href":"https:\/\/www.rassegnastampa-totustuus.it\/cattolica\/wp-json\/wp\/v2\/users\/6"}],"replies":[{"embeddable":true,"href":"https:\/\/www.rassegnastampa-totustuus.it\/cattolica\/wp-json\/wp\/v2\/comments?post=47895"}],"version-history":[{"count":2,"href":"https:\/\/www.rassegnastampa-totustuus.it\/cattolica\/wp-json\/wp\/v2\/posts\/47895\/revisions"}],"predecessor-version":[{"id":47903,"href":"https:\/\/www.rassegnastampa-totustuus.it\/cattolica\/wp-json\/wp\/v2\/posts\/47895\/revisions\/47903"}],"wp:featuredmedia":[{"embeddable":true,"href":"https:\/\/www.rassegnastampa-totustuus.it\/cattolica\/wp-json\/wp\/v2\/media\/47902"}],"wp:attachment":[{"href":"https:\/\/www.rassegnastampa-totustuus.it\/cattolica\/wp-json\/wp\/v2\/media?parent=47895"}],"wp:term":[{"taxonomy":"category","embeddable":true,"href":"https:\/\/www.rassegnastampa-totustuus.it\/cattolica\/wp-json\/wp\/v2\/categories?post=47895"},{"taxonomy":"post_tag","embeddable":true,"href":"https:\/\/www.rassegnastampa-totustuus.it\/cattolica\/wp-json\/wp\/v2\/tags?post=47895"}],"curies":[{"name":"wp","href":"https:\/\/api.w.org\/{rel}","templated":true}]}}