{"id":4787,"date":"2011-11-17T10:19:49","date_gmt":"2011-11-17T09:19:49","guid":{"rendered":""},"modified":"2015-11-06T12:29:10","modified_gmt":"2015-11-06T11:29:10","slug":"il-ruolo-delleuropa-in-medio-oriente","status":"publish","type":"post","link":"https:\/\/www.rassegnastampa-totustuus.it\/cattolica\/il-ruolo-delleuropa-in-medio-oriente\/","title":{"rendered":"Il ruolo dell\u2019Europa in Medio Oriente"},"content":{"rendered":"<div style=\"text-align: center;\"><a href=\"https:\/\/www.rassegnastampa-totustuus.it\/cattolica\/wp-content\/uploads\/2011\/11\/Mediterraneo.jpg\"><img loading=\"lazy\" decoding=\"async\" class=\"alignright wp-image-27162\" src=\"https:\/\/www.rassegnastampa-totustuus.it\/cattolica\/wp-content\/uploads\/2011\/11\/Mediterraneo.jpg\" alt=\"Mediterraneo\" width=\"250\" height=\"169\" \/><\/a>dal sito\u00a0 <em><strong>Io amo l&#8217;Italia<\/strong><\/em> novembre 2011<\/div>\n<p style=\"text-align: center;\"><em>Relazione del presidente di Io amo l\u2019Italia al Parlamento Europeo<\/em><\/p>\n<p style=\"text-align: center;\">di<strong> Magdi Cristiano Allam<\/strong><\/p>\n<p><!--more--><\/p>\n<div style=\"text-align: justify;\">Magdi Cristiano Allam, Europarlamentare e Presidente di Io amo l\u2019Italia, \u00e8 intervenuto questa mattina al convegno \u201cIsraele e la primavera araba: come pu\u00f2 l\u2019Unione Europea promuovere la pace e la democrazia nel Medio Oriente?\u201d promosso da Sari Essayah in cooperazione con la European Coalition for Israel.<\/div>\n<p style=\"text-align: justify;\">La relazione verteva sul tema \u201cLa primavera araba, l\u2019Europa e Israele \u2013 quale dovrebbe essere il ruolo dell\u2019Unione Europea?\u201d.<\/p>\n<p style=\"text-align: justify;\">Cui prodest? A chi giovano le rivolte popolari esplose in Tunisia, Egitto, Libia, Yemen, Siria, Bahrain e che stanno contagiando gli altri paesi della sponda meridionale e orientale del Mediterraneo? La risposta \u00e8 netta: i principali beneficiari sono gli integralisti islamici affiliati al movimento internazionale dei Fratelli Musulmani, presenti con sigle diverse nei differenti paesi e che hanno individuato nella Turchia di Erdogan il referente politico da additare e all\u2019occorrenza il modello di democrazia a cui aspirare.<\/p>\n<p style=\"text-align: justify;\">Ovunque i Fratelli Musulmani sono stati pienamente legittimati e si ergono a garanti della stabilit\u00e0 e della sicurezza dello Stato, condividendo il potere con i militari che le rivolte popolari avrebbero dovuto estromettere quali responsabili del degrado economico e dell\u2019immoralit\u00e0 delle istituzioni. Tutto ci\u00f2 non \u00e8 accaduto per caso.<\/p>\n<p style=\"text-align: justify;\">Se milioni di persone occupano le piazze e manifestano unitariamente contro il regime al potere, succede perch\u00e9 c\u2019\u00e8 un leader, un movimento o un burattinaio che li ispira e li manovra. Nel caso specifico si tratta di un burattinaio e il burattinaio siamo noi, noi occidentali. Obama, Sarkozy e Cameron hanno promosso una strategia finalizzata all\u2019avvento al potere dei Fratelli Musulmani pur di avere in cambio la repressione del terrorismo islamico jihadista di cui Al Qaeda di bin Laden \u00e8 il principale rappresentante.<\/p>\n<p style=\"text-align: justify;\">Alla base della scelta suicida dell\u2019Occidente c\u2019\u00e8 il denaro. Gli Stati Uniti sono il primo Paese pi\u00f9 indebitato al mondo con un debito pubblico pari a 15.476 miliardi di dollari, pari a circa il 100% del Pil (Prodotto Interno Lordo). A incidere principalmente sulla crescita del debito pubblico \u00e8 la spesa militare che dal 2001 al 2011 \u00e8 stata complessivamente di 6.191 miliardi di dollari, con una crescita percentuale di circa l\u201983%. Vi \u00e8 stato un rapporto diretto tra la lotta al terrorismo islamico globalizzato e il deterioramento del debito pubblico.<\/p>\n<p style=\"text-align: justify;\">La repentina decisione di sferrando la guerra prima al regime dei Taliban in Afghanistan, roccaforte di Al Qaeda di Bin Laden nel 2001, e successivamente all\u2019Iraq nel 2003 contro i regime di Saddam Hussein, sponsor indiscusso del terrorismo islamico, hanno fatto impennare le spese belliche al punto da diventare vertiginose e incontrollabili. Se nel 1989, data che con il crollo del Muro di Berlino avvia la dissoluzione dell\u2019Unione Sovietica e del Blocco comunista, la spesa militare degli Stati Uniti era di 526,271 miliardi di dollari, da allora continua a calare fino a ridursi a 375,893 miliardi di dollari nel 2000. E\u2019 dal 2001 che riprende a salire fino a superare i 710 miliardi di dollari nel 2011.<\/p>\n<p style=\"text-align: justify;\">Ecco perch\u00e9 oggi la riduzione della spesa militare \u00e8 diventata la priorit\u00e0 per l\u2019amministrazione americana. Per poterlo fare gli Stati Uniti hanno scelto di accordarsi con i Fratelli Musulmani per contrastare Bin Laden e i jihadisti. In cambio hanno accettato di legittimarli come forze politiche democratiche e consentire loro di assumere il potere ovunque ci\u00f2 si renda possibile.<\/p>\n<p style=\"text-align: justify;\">E\u2019 evidente che la cosiddetta \u201cPrimavera araba\u201d sta peggiorando la realt\u00e0 di Israele. Persino i due Paesi definiti moderati che intrattengono rapporti diplomatici con Israele, la Turchia e l\u2019Egitto, hanno di fatto rotto i rapporti. Lo scorso 2 settembre Erdogan ha cacciato l\u2019ambasciatore israeliano e rotto tutti i rapporti con Israele per il rifiuto di Netanyahu di porgere delle scuse ufficiali per l&#8217;uccisione di 9 attivisti turchi pro-Hamas che il 31 maggio 2010 tentarono a bordo della nave Marmara di rompere il blocco navale per approdare a Gaza.<\/p>\n<p style=\"text-align: justify;\">Lo scorso 10 settembre al Cairo migliaia di manifestanti hanno assaltato e saccheggiato l\u2019ambasciata israeliana al Cairo issando la bandiera egiziana al posto di quella con la stella di David, costringendo l\u2019ambasciatore e i diplomatici alla fuga. Lo stesso esercito egiziano, coadiuvato da estremisti islamici, ha invece represso nel sangue la manifestazione di protesta dei giovani cristiani lo scorso 9 ottobre davanti alla sede della televisione di stato.<\/p>\n<p style=\"text-align: justify;\">Sono questi fatti che evidenziano l\u2019alleanza che si \u00e8 instaurata tra i militari che si sono prestati a far fuori il presidente Mubarak e gli islamici radicali appartenenti ai Fratelli Musulmani e ai movimenti salafiti. Le vittime sacrificali del sodalizio tra i militari e gli islamici sono i cristiani autoctoni e Israele, che fungono da efficientissime valvole di sfogo della rabbia popolare che vive sulla propria pelle il rapido deterioramento delle condizioni economiche e della sicurezza.<\/p>\n<p style=\"text-align: justify;\">I cristiani rappresentavano il 99% della popolazione sulla sponda meridionale e orientale del Mediterraneo nel settimo secolo. Oggi sono una minoranza in via di estinzione. Dal 1945 da quelle terre se ne sono andati circa 10 milioni di cristiani. Negli ultimi sei mesi in Egitto 93 mila cristiani sono fuggiti prevalentemente negli Stati Uniti.<\/p>\n<p style=\"text-align: justify;\">Se il totale delle vittime civili finora cadute in Siria, Yemen, Egitto, Tunisia e altrove nei Paesi arabi \u00e8 ormai superiore al totale dei caduti in tutte le guerre arabe sferrate contro Israele dal 1948 in poi, ci\u00f2 si deve al fatto che non si tratta affatto della semplice ed esclusiva repressione violenta di manifestazioni pacifiche promosse dalla popolazione civile<\/p>\n<p style=\"text-align: justify;\">La verit\u00e0 \u00e8 che questo bagno di sangue \u00e8 stato preordinato e concepito dai Fratelli Musulmani per screditare a tal punto i regimi militari e polizieschi al potere da costringere in particolar modo gli Stati Uniti e l\u2019Unione Europea a isolarli per favorirne la caduta. Aggiungo, inorridendo, che i Fratelli Musulmani stanno favorendo questo massacro con il beneplacito dell\u2019Occidente.<\/p>\n<p style=\"text-align: justify;\">In conclusione non si \u00e8 trattato affatto di una rivolta per la democrazia e la libert\u00e0 come ingenuamente e demagogicamente ci hanno voluto far credere gran parte dei mezzi di comunicazione di massa e dei politici ignoranti o ideologizzati, bens\u00ec un vero e proprio inganno della cosiddetta Primavera araba!<\/p>\n<p style=\"text-align: justify;\">L\u2019errore di fondo che abbiamo commesso in Occidente \u00e8 di immaginare automaticamente e acriticamente il prossimo a nostra immagine e somiglianza<strong>. <\/strong><span class=\"apple-style-span\">Abbiamo pertanto immaginato che se noi ragioniamo in termini razionali e aderiamo a valori non negoziabili, a partire dalla sacralit\u00e0 della vita, la centralit\u00e0 della dignit\u00e0 della persona, l\u2019inviolabilit\u00e0 della libert\u00e0 di scelta, i nostri dirimpettai sulle altre sponde del Mediterraneo condividono il medesimo patrimonio culturale e ideale.<\/span><\/p>\n<p style=\"text-align: justify;\">La verit\u00e0 \u00e8 che gli islamici ragionano in termini coranici e aderiscono a un\u2019ideologia che li porta a concepirsi come militanti di una Guerra santa finalizzata all\u2019imposizione dell\u2019islam ovunque nel mondo, dove pertanto la vita, la dignit\u00e0 e la libert\u00e0 sono variabili dipendenti e strumentali al conseguimento di questo traguardo, dove la persona viene sottomessa alla comunit\u00e0, dove la pace si avr\u00e0 soltanto quando prevarr\u00e0 l\u2019islam e le tregue sono contemplate come espedienti tattici per arginare il nemico nell\u2019attesa di sconfiggerlo.<\/p>\n<p style=\"text-align: justify;\">Gli islamici seguono alla lettera il dettame del Corano che ordina loro di combattere fino alla vittoria dell\u2019islam, cos\u00ec come hanno come referente supremo Maometto che nel 628 sgozz\u00f2 e decapit\u00f2 con le proprie mani circa 800 ebrei della trib\u00f9 dei Banu Qurayza alle porte di Medina e nello stesso anno stipul\u00f2 la hudna, una tregua, con i nemici meccani a Hudaibiya quando era in una posizione di inferiorit\u00e0, violandola nel gennaio del 630, una volta consolidate le proprie forze, con l\u2019occupazione della Mecca.<\/p>\n<p style=\"text-align: justify;\">Noi occidentali abbiamo voluto ostinatamente attribuire la connotazione di rivolte popolare per la libert\u00e0 e la democrazia laddove invece la stragrande maggioranza della popolazione soffre di povert\u00e0 e i giovani sono frustrati per l\u2019assensa di lavoro e quindi di una prospettiva futura. La realt\u00e0 evidenzia che tutti quei paesi, compresi quelli che vedono gli autoctoni godere di un buon reddito pro-capite, denunciano una spaventosa ingiustizia sociale legata a una profonda sperequazione nella distribuzione della ricchezza.<\/p>\n<p style=\"text-align: justify;\">Ovunque emerge che c\u2019\u00e8 una ristretta oligarchia che ha troppo e una maggioranza indigente che ha poco o nulla. Storicamente sono popolazioni che non hanno mai conosciuto la classe media ed economicamente si \u00e8 sempre imposta una gestione centralistica e autoritaria delle risorse.<\/p>\n<p style=\"text-align: justify;\">Noi occidentali ci siamo auto-ingannati focalizzando l\u2019attenzione su alcuni fotogrammi del film della rivolta popolare, enfatizzando la presenza di giovani che parlano le nostre lingue e si sentono partecipi del mondo della globalizzazione informatica navigando in Internet e comunicando attraverso Facebook e Twitter.<\/p>\n<p style=\"text-align: justify;\">E\u2019 chiaro che questi giovani ci sono e che dobbiamo aiutarli, ma nella consapevolezza che rappresentano una minoranza. Ma soprattutto i nostri leader ci hanno ingannato sostenendo il movimento dei Fratelli Musulmani e promuovendo la Turchia di Erdogan come potenza egemone nella regione, pur trattandosi di una realt\u00e0 sostanzialmente ostile ai nostri valori non negoziabili, che disprezza la nostra civilt\u00e0 laica e liberale dalle radici giudaico-cristiane, che usa la democrazia come strumento per imporre la dittatura islamica.<\/p>\n<p style=\"text-align: justify;\">Bene. E\u2019 arrivato il momento di recuperare l\u2019uso della ragione e di guardare in faccia alla realt\u00e0 dei fatti, di riscoprire l\u2019amore per noi stessi e di agire concretamente per il bene comune al fine di salvaguardare la nostra umanit\u00e0 e impedire il suicidio della nostra civilt\u00e0.<\/p>\n<p style=\"text-align: justify;\">Grazie per la vostra attenzione e auguro a tutti voi di diventare protagonisti di verit\u00e0 e libert\u00e0, testimoni di fede e ragione e costruttori di una civilt\u00e0 di valori non negoziabili e della certezza delle regole.<\/p>\n","protected":false},"excerpt":{"rendered":"<p>dal sito\u00a0 Io amo l&#8217;Italia novembre 2011 Relazione del presidente di Io amo l\u2019Italia al Parlamento Europeo di Magdi Cristiano Allam<\/p><p><a class=\"more-link btn\" href=\"https:\/\/www.rassegnastampa-totustuus.it\/cattolica\/il-ruolo-delleuropa-in-medio-oriente\/\">Continua a leggere<\/a><\/p>\n","protected":false},"author":6,"featured_media":27162,"comment_status":"closed","ping_status":"open","sticky":false,"template":"","format":"standard","meta":{"footnotes":""},"categories":[14,19],"tags":[161,1919],"class_list":["post-4787","post","type-post","status-publish","format-standard","has-post-thumbnail","hentry","category-europa-e-ue","category-politica-internazionale","tag-islam-2","tag-primavere-arabe","item-wrap"],"yoast_head":"<!-- This site is optimized with the Yoast SEO plugin v27.5 - https:\/\/yoast.com\/product\/yoast-seo-wordpress\/ -->\n<title>Il ruolo dell\u2019Europa in Medio Oriente - Rassegna Stampa Cattolica<\/title>\n<meta name=\"description\" content=\"Rassegna Stampa Cattolica - Per una cultura che nasce dalla Rivelazione cristiana in conformit\u00e0 alla tradizione e al Magistero della Chiesa in opposizione ad ogni relativismo e totalitarismo\" \/>\n<meta name=\"robots\" content=\"index, follow, max-snippet:-1, max-image-preview:large, max-video-preview:-1\" \/>\n<link rel=\"canonical\" href=\"https:\/\/www.rassegnastampa-totustuus.it\/cattolica\/il-ruolo-delleuropa-in-medio-oriente\/\" \/>\n<meta property=\"og:locale\" content=\"it_IT\" \/>\n<meta property=\"og:type\" content=\"article\" \/>\n<meta property=\"og:title\" content=\"Il ruolo dell\u2019Europa in Medio Oriente - Rassegna Stampa Cattolica\" \/>\n<meta property=\"og:description\" content=\"Rassegna Stampa Cattolica - Per una cultura che nasce dalla Rivelazione cristiana in conformit\u00e0 alla tradizione e al Magistero della Chiesa in opposizione ad ogni relativismo e totalitarismo\" \/>\n<meta property=\"og:url\" content=\"https:\/\/www.rassegnastampa-totustuus.it\/cattolica\/il-ruolo-delleuropa-in-medio-oriente\/\" \/>\n<meta property=\"og:site_name\" content=\"Rassegna Stampa Cattolica\" \/>\n<meta property=\"article:publisher\" content=\"https:\/\/www.facebook.com\/rassegnastampacattolica\" \/>\n<meta property=\"article:published_time\" content=\"2011-11-17T09:19:49+00:00\" \/>\n<meta property=\"article:modified_time\" content=\"2015-11-06T11:29:10+00:00\" \/>\n<meta property=\"og:image\" content=\"https:\/\/www.rassegnastampa-totustuus.it\/cattolica\/wp-content\/uploads\/2011\/11\/Mediterraneo.jpg\" \/>\n\t<meta property=\"og:image:width\" content=\"273\" \/>\n\t<meta property=\"og:image:height\" content=\"185\" \/>\n\t<meta property=\"og:image:type\" content=\"image\/jpeg\" \/>\n<meta name=\"author\" content=\"Redazione\" \/>\n<meta name=\"twitter:card\" content=\"summary_large_image\" \/>\n<meta name=\"twitter:creator\" content=\"@rassegnastampa9\" \/>\n<meta name=\"twitter:site\" content=\"@rassegnastampa9\" \/>\n<meta name=\"twitter:label1\" content=\"Scritto da\" \/>\n\t<meta name=\"twitter:data1\" content=\"Redazione\" \/>\n\t<meta name=\"twitter:label2\" content=\"Tempo di lettura stimato\" \/>\n\t<meta name=\"twitter:data2\" content=\"8 minuti\" \/>\n<script type=\"application\/ld+json\" class=\"yoast-schema-graph\">{\"@context\":\"https:\\\/\\\/schema.org\",\"@graph\":[{\"@type\":\"Article\",\"@id\":\"https:\\\/\\\/www.rassegnastampa-totustuus.it\\\/cattolica\\\/il-ruolo-delleuropa-in-medio-oriente\\\/#article\",\"isPartOf\":{\"@id\":\"https:\\\/\\\/www.rassegnastampa-totustuus.it\\\/cattolica\\\/il-ruolo-delleuropa-in-medio-oriente\\\/\"},\"author\":{\"name\":\"Redazione\",\"@id\":\"https:\\\/\\\/www.rassegnastampa-totustuus.it\\\/cattolica\\\/#\\\/schema\\\/person\\\/08f319d2bd1a0904ad9e2bfb7b15e5c3\"},\"headline\":\"Il ruolo dell\u2019Europa in Medio Oriente\",\"datePublished\":\"2011-11-17T09:19:49+00:00\",\"dateModified\":\"2015-11-06T11:29:10+00:00\",\"mainEntityOfPage\":{\"@id\":\"https:\\\/\\\/www.rassegnastampa-totustuus.it\\\/cattolica\\\/il-ruolo-delleuropa-in-medio-oriente\\\/\"},\"wordCount\":1565,\"publisher\":{\"@id\":\"https:\\\/\\\/www.rassegnastampa-totustuus.it\\\/cattolica\\\/#organization\"},\"image\":{\"@id\":\"https:\\\/\\\/www.rassegnastampa-totustuus.it\\\/cattolica\\\/il-ruolo-delleuropa-in-medio-oriente\\\/#primaryimage\"},\"thumbnailUrl\":\"https:\\\/\\\/www.rassegnastampa-totustuus.it\\\/cattolica\\\/wp-content\\\/uploads\\\/2011\\\/11\\\/Mediterraneo.jpg\",\"keywords\":[\"islam\",\"primavere arabe\"],\"articleSection\":[\"Europa e UE\",\"Politica internazionale\"],\"inLanguage\":\"it-IT\"},{\"@type\":\"WebPage\",\"@id\":\"https:\\\/\\\/www.rassegnastampa-totustuus.it\\\/cattolica\\\/il-ruolo-delleuropa-in-medio-oriente\\\/\",\"url\":\"https:\\\/\\\/www.rassegnastampa-totustuus.it\\\/cattolica\\\/il-ruolo-delleuropa-in-medio-oriente\\\/\",\"name\":\"Il ruolo dell\u2019Europa in Medio Oriente - Rassegna Stampa Cattolica\",\"isPartOf\":{\"@id\":\"https:\\\/\\\/www.rassegnastampa-totustuus.it\\\/cattolica\\\/#website\"},\"primaryImageOfPage\":{\"@id\":\"https:\\\/\\\/www.rassegnastampa-totustuus.it\\\/cattolica\\\/il-ruolo-delleuropa-in-medio-oriente\\\/#primaryimage\"},\"image\":{\"@id\":\"https:\\\/\\\/www.rassegnastampa-totustuus.it\\\/cattolica\\\/il-ruolo-delleuropa-in-medio-oriente\\\/#primaryimage\"},\"thumbnailUrl\":\"https:\\\/\\\/www.rassegnastampa-totustuus.it\\\/cattolica\\\/wp-content\\\/uploads\\\/2011\\\/11\\\/Mediterraneo.jpg\",\"datePublished\":\"2011-11-17T09:19:49+00:00\",\"dateModified\":\"2015-11-06T11:29:10+00:00\",\"description\":\"Rassegna Stampa Cattolica - Per una cultura che nasce dalla Rivelazione cristiana in conformit\u00e0 alla tradizione e al Magistero della Chiesa in opposizione ad ogni relativismo e totalitarismo\",\"breadcrumb\":{\"@id\":\"https:\\\/\\\/www.rassegnastampa-totustuus.it\\\/cattolica\\\/il-ruolo-delleuropa-in-medio-oriente\\\/#breadcrumb\"},\"inLanguage\":\"it-IT\",\"potentialAction\":[{\"@type\":\"ReadAction\",\"target\":[\"https:\\\/\\\/www.rassegnastampa-totustuus.it\\\/cattolica\\\/il-ruolo-delleuropa-in-medio-oriente\\\/\"]}]},{\"@type\":\"ImageObject\",\"inLanguage\":\"it-IT\",\"@id\":\"https:\\\/\\\/www.rassegnastampa-totustuus.it\\\/cattolica\\\/il-ruolo-delleuropa-in-medio-oriente\\\/#primaryimage\",\"url\":\"https:\\\/\\\/www.rassegnastampa-totustuus.it\\\/cattolica\\\/wp-content\\\/uploads\\\/2011\\\/11\\\/Mediterraneo.jpg\",\"contentUrl\":\"https:\\\/\\\/www.rassegnastampa-totustuus.it\\\/cattolica\\\/wp-content\\\/uploads\\\/2011\\\/11\\\/Mediterraneo.jpg\",\"width\":273,\"height\":185},{\"@type\":\"BreadcrumbList\",\"@id\":\"https:\\\/\\\/www.rassegnastampa-totustuus.it\\\/cattolica\\\/il-ruolo-delleuropa-in-medio-oriente\\\/#breadcrumb\",\"itemListElement\":[{\"@type\":\"ListItem\",\"position\":1,\"name\":\"Home\",\"item\":\"https:\\\/\\\/www.rassegnastampa-totustuus.it\\\/cattolica\\\/\"},{\"@type\":\"ListItem\",\"position\":2,\"name\":\"Il ruolo dell\u2019Europa in Medio Oriente\"}]},{\"@type\":\"WebSite\",\"@id\":\"https:\\\/\\\/www.rassegnastampa-totustuus.it\\\/cattolica\\\/#website\",\"url\":\"https:\\\/\\\/www.rassegnastampa-totustuus.it\\\/cattolica\\\/\",\"name\":\"Rassegna Stampa Cattolica\",\"description\":\"Per una cultura che nasce dalla Rivelazione cristiana in conformit\u00e0 alla tradizione e al Magistero della Chiesa in opposizione ad ogni relativismo e totalitarismo\",\"publisher\":{\"@id\":\"https:\\\/\\\/www.rassegnastampa-totustuus.it\\\/cattolica\\\/#organization\"},\"alternateName\":\"Rass. Cattolica\",\"potentialAction\":[{\"@type\":\"SearchAction\",\"target\":{\"@type\":\"EntryPoint\",\"urlTemplate\":\"https:\\\/\\\/www.rassegnastampa-totustuus.it\\\/cattolica\\\/?s={search_term_string}\"},\"query-input\":{\"@type\":\"PropertyValueSpecification\",\"valueRequired\":true,\"valueName\":\"search_term_string\"}}],\"inLanguage\":\"it-IT\"},{\"@type\":\"Organization\",\"@id\":\"https:\\\/\\\/www.rassegnastampa-totustuus.it\\\/cattolica\\\/#organization\",\"name\":\"Rassegna Stampa Cattolica\",\"url\":\"https:\\\/\\\/www.rassegnastampa-totustuus.it\\\/cattolica\\\/\",\"logo\":{\"@type\":\"ImageObject\",\"inLanguage\":\"it-IT\",\"@id\":\"https:\\\/\\\/www.rassegnastampa-totustuus.it\\\/cattolica\\\/#\\\/schema\\\/logo\\\/image\\\/\",\"url\":\"https:\\\/\\\/www.rassegnastampa-totustuus.it\\\/cattolica\\\/wp-content\\\/uploads\\\/2014\\\/04\\\/logo-rassegna1.gif\",\"contentUrl\":\"https:\\\/\\\/www.rassegnastampa-totustuus.it\\\/cattolica\\\/wp-content\\\/uploads\\\/2014\\\/04\\\/logo-rassegna1.gif\",\"width\":600,\"height\":163,\"caption\":\"Rassegna Stampa Cattolica\"},\"image\":{\"@id\":\"https:\\\/\\\/www.rassegnastampa-totustuus.it\\\/cattolica\\\/#\\\/schema\\\/logo\\\/image\\\/\"},\"sameAs\":[\"https:\\\/\\\/www.facebook.com\\\/rassegnastampacattolica\",\"https:\\\/\\\/x.com\\\/rassegnastampa9\"]},{\"@type\":\"Person\",\"@id\":\"https:\\\/\\\/www.rassegnastampa-totustuus.it\\\/cattolica\\\/#\\\/schema\\\/person\\\/08f319d2bd1a0904ad9e2bfb7b15e5c3\",\"name\":\"Redazione\",\"image\":{\"@type\":\"ImageObject\",\"inLanguage\":\"it-IT\",\"@id\":\"https:\\\/\\\/secure.gravatar.com\\\/avatar\\\/2fcdf27c78ea025fbdb44e914cc63c72249ffec9dc8aafd5c82b26240ef3f346?s=96&d=mm&r=g\",\"url\":\"https:\\\/\\\/secure.gravatar.com\\\/avatar\\\/2fcdf27c78ea025fbdb44e914cc63c72249ffec9dc8aafd5c82b26240ef3f346?s=96&d=mm&r=g\",\"contentUrl\":\"https:\\\/\\\/secure.gravatar.com\\\/avatar\\\/2fcdf27c78ea025fbdb44e914cc63c72249ffec9dc8aafd5c82b26240ef3f346?s=96&d=mm&r=g\",\"caption\":\"Redazione\"},\"url\":\"https:\\\/\\\/www.rassegnastampa-totustuus.it\\\/cattolica\\\/author\\\/pietroelle\\\/\"}]}<\/script>\n<!-- \/ Yoast SEO plugin. -->","yoast_head_json":{"title":"Il ruolo dell\u2019Europa in Medio Oriente - Rassegna Stampa Cattolica","description":"Rassegna Stampa Cattolica - Per una cultura che nasce dalla Rivelazione cristiana in conformit\u00e0 alla tradizione e al Magistero della Chiesa in opposizione ad ogni relativismo e totalitarismo","robots":{"index":"index","follow":"follow","max-snippet":"max-snippet:-1","max-image-preview":"max-image-preview:large","max-video-preview":"max-video-preview:-1"},"canonical":"https:\/\/www.rassegnastampa-totustuus.it\/cattolica\/il-ruolo-delleuropa-in-medio-oriente\/","og_locale":"it_IT","og_type":"article","og_title":"Il ruolo dell\u2019Europa in Medio Oriente - Rassegna Stampa Cattolica","og_description":"Rassegna Stampa Cattolica - Per una cultura che nasce dalla Rivelazione cristiana in conformit\u00e0 alla tradizione e al Magistero della Chiesa in opposizione ad ogni relativismo e totalitarismo","og_url":"https:\/\/www.rassegnastampa-totustuus.it\/cattolica\/il-ruolo-delleuropa-in-medio-oriente\/","og_site_name":"Rassegna Stampa Cattolica","article_publisher":"https:\/\/www.facebook.com\/rassegnastampacattolica","article_published_time":"2011-11-17T09:19:49+00:00","article_modified_time":"2015-11-06T11:29:10+00:00","og_image":[{"width":273,"height":185,"url":"https:\/\/www.rassegnastampa-totustuus.it\/cattolica\/wp-content\/uploads\/2011\/11\/Mediterraneo.jpg","type":"image\/jpeg"}],"author":"Redazione","twitter_card":"summary_large_image","twitter_creator":"@rassegnastampa9","twitter_site":"@rassegnastampa9","twitter_misc":{"Scritto da":"Redazione","Tempo di lettura stimato":"8 minuti"},"schema":{"@context":"https:\/\/schema.org","@graph":[{"@type":"Article","@id":"https:\/\/www.rassegnastampa-totustuus.it\/cattolica\/il-ruolo-delleuropa-in-medio-oriente\/#article","isPartOf":{"@id":"https:\/\/www.rassegnastampa-totustuus.it\/cattolica\/il-ruolo-delleuropa-in-medio-oriente\/"},"author":{"name":"Redazione","@id":"https:\/\/www.rassegnastampa-totustuus.it\/cattolica\/#\/schema\/person\/08f319d2bd1a0904ad9e2bfb7b15e5c3"},"headline":"Il ruolo dell\u2019Europa in Medio Oriente","datePublished":"2011-11-17T09:19:49+00:00","dateModified":"2015-11-06T11:29:10+00:00","mainEntityOfPage":{"@id":"https:\/\/www.rassegnastampa-totustuus.it\/cattolica\/il-ruolo-delleuropa-in-medio-oriente\/"},"wordCount":1565,"publisher":{"@id":"https:\/\/www.rassegnastampa-totustuus.it\/cattolica\/#organization"},"image":{"@id":"https:\/\/www.rassegnastampa-totustuus.it\/cattolica\/il-ruolo-delleuropa-in-medio-oriente\/#primaryimage"},"thumbnailUrl":"https:\/\/www.rassegnastampa-totustuus.it\/cattolica\/wp-content\/uploads\/2011\/11\/Mediterraneo.jpg","keywords":["islam","primavere arabe"],"articleSection":["Europa e UE","Politica internazionale"],"inLanguage":"it-IT"},{"@type":"WebPage","@id":"https:\/\/www.rassegnastampa-totustuus.it\/cattolica\/il-ruolo-delleuropa-in-medio-oriente\/","url":"https:\/\/www.rassegnastampa-totustuus.it\/cattolica\/il-ruolo-delleuropa-in-medio-oriente\/","name":"Il ruolo dell\u2019Europa in Medio Oriente - Rassegna Stampa Cattolica","isPartOf":{"@id":"https:\/\/www.rassegnastampa-totustuus.it\/cattolica\/#website"},"primaryImageOfPage":{"@id":"https:\/\/www.rassegnastampa-totustuus.it\/cattolica\/il-ruolo-delleuropa-in-medio-oriente\/#primaryimage"},"image":{"@id":"https:\/\/www.rassegnastampa-totustuus.it\/cattolica\/il-ruolo-delleuropa-in-medio-oriente\/#primaryimage"},"thumbnailUrl":"https:\/\/www.rassegnastampa-totustuus.it\/cattolica\/wp-content\/uploads\/2011\/11\/Mediterraneo.jpg","datePublished":"2011-11-17T09:19:49+00:00","dateModified":"2015-11-06T11:29:10+00:00","description":"Rassegna Stampa Cattolica - Per una cultura che nasce dalla Rivelazione cristiana in conformit\u00e0 alla tradizione e al Magistero della Chiesa in opposizione ad ogni relativismo e totalitarismo","breadcrumb":{"@id":"https:\/\/www.rassegnastampa-totustuus.it\/cattolica\/il-ruolo-delleuropa-in-medio-oriente\/#breadcrumb"},"inLanguage":"it-IT","potentialAction":[{"@type":"ReadAction","target":["https:\/\/www.rassegnastampa-totustuus.it\/cattolica\/il-ruolo-delleuropa-in-medio-oriente\/"]}]},{"@type":"ImageObject","inLanguage":"it-IT","@id":"https:\/\/www.rassegnastampa-totustuus.it\/cattolica\/il-ruolo-delleuropa-in-medio-oriente\/#primaryimage","url":"https:\/\/www.rassegnastampa-totustuus.it\/cattolica\/wp-content\/uploads\/2011\/11\/Mediterraneo.jpg","contentUrl":"https:\/\/www.rassegnastampa-totustuus.it\/cattolica\/wp-content\/uploads\/2011\/11\/Mediterraneo.jpg","width":273,"height":185},{"@type":"BreadcrumbList","@id":"https:\/\/www.rassegnastampa-totustuus.it\/cattolica\/il-ruolo-delleuropa-in-medio-oriente\/#breadcrumb","itemListElement":[{"@type":"ListItem","position":1,"name":"Home","item":"https:\/\/www.rassegnastampa-totustuus.it\/cattolica\/"},{"@type":"ListItem","position":2,"name":"Il ruolo dell\u2019Europa in Medio Oriente"}]},{"@type":"WebSite","@id":"https:\/\/www.rassegnastampa-totustuus.it\/cattolica\/#website","url":"https:\/\/www.rassegnastampa-totustuus.it\/cattolica\/","name":"Rassegna Stampa Cattolica","description":"Per una cultura che nasce dalla Rivelazione cristiana in conformit\u00e0 alla tradizione e al Magistero della Chiesa in opposizione ad ogni relativismo e totalitarismo","publisher":{"@id":"https:\/\/www.rassegnastampa-totustuus.it\/cattolica\/#organization"},"alternateName":"Rass. Cattolica","potentialAction":[{"@type":"SearchAction","target":{"@type":"EntryPoint","urlTemplate":"https:\/\/www.rassegnastampa-totustuus.it\/cattolica\/?s={search_term_string}"},"query-input":{"@type":"PropertyValueSpecification","valueRequired":true,"valueName":"search_term_string"}}],"inLanguage":"it-IT"},{"@type":"Organization","@id":"https:\/\/www.rassegnastampa-totustuus.it\/cattolica\/#organization","name":"Rassegna Stampa Cattolica","url":"https:\/\/www.rassegnastampa-totustuus.it\/cattolica\/","logo":{"@type":"ImageObject","inLanguage":"it-IT","@id":"https:\/\/www.rassegnastampa-totustuus.it\/cattolica\/#\/schema\/logo\/image\/","url":"https:\/\/www.rassegnastampa-totustuus.it\/cattolica\/wp-content\/uploads\/2014\/04\/logo-rassegna1.gif","contentUrl":"https:\/\/www.rassegnastampa-totustuus.it\/cattolica\/wp-content\/uploads\/2014\/04\/logo-rassegna1.gif","width":600,"height":163,"caption":"Rassegna Stampa Cattolica"},"image":{"@id":"https:\/\/www.rassegnastampa-totustuus.it\/cattolica\/#\/schema\/logo\/image\/"},"sameAs":["https:\/\/www.facebook.com\/rassegnastampacattolica","https:\/\/x.com\/rassegnastampa9"]},{"@type":"Person","@id":"https:\/\/www.rassegnastampa-totustuus.it\/cattolica\/#\/schema\/person\/08f319d2bd1a0904ad9e2bfb7b15e5c3","name":"Redazione","image":{"@type":"ImageObject","inLanguage":"it-IT","@id":"https:\/\/secure.gravatar.com\/avatar\/2fcdf27c78ea025fbdb44e914cc63c72249ffec9dc8aafd5c82b26240ef3f346?s=96&d=mm&r=g","url":"https:\/\/secure.gravatar.com\/avatar\/2fcdf27c78ea025fbdb44e914cc63c72249ffec9dc8aafd5c82b26240ef3f346?s=96&d=mm&r=g","contentUrl":"https:\/\/secure.gravatar.com\/avatar\/2fcdf27c78ea025fbdb44e914cc63c72249ffec9dc8aafd5c82b26240ef3f346?s=96&d=mm&r=g","caption":"Redazione"},"url":"https:\/\/www.rassegnastampa-totustuus.it\/cattolica\/author\/pietroelle\/"}]}},"_links":{"self":[{"href":"https:\/\/www.rassegnastampa-totustuus.it\/cattolica\/wp-json\/wp\/v2\/posts\/4787","targetHints":{"allow":["GET"]}}],"collection":[{"href":"https:\/\/www.rassegnastampa-totustuus.it\/cattolica\/wp-json\/wp\/v2\/posts"}],"about":[{"href":"https:\/\/www.rassegnastampa-totustuus.it\/cattolica\/wp-json\/wp\/v2\/types\/post"}],"author":[{"embeddable":true,"href":"https:\/\/www.rassegnastampa-totustuus.it\/cattolica\/wp-json\/wp\/v2\/users\/6"}],"replies":[{"embeddable":true,"href":"https:\/\/www.rassegnastampa-totustuus.it\/cattolica\/wp-json\/wp\/v2\/comments?post=4787"}],"version-history":[{"count":4,"href":"https:\/\/www.rassegnastampa-totustuus.it\/cattolica\/wp-json\/wp\/v2\/posts\/4787\/revisions"}],"predecessor-version":[{"id":27163,"href":"https:\/\/www.rassegnastampa-totustuus.it\/cattolica\/wp-json\/wp\/v2\/posts\/4787\/revisions\/27163"}],"wp:featuredmedia":[{"embeddable":true,"href":"https:\/\/www.rassegnastampa-totustuus.it\/cattolica\/wp-json\/wp\/v2\/media\/27162"}],"wp:attachment":[{"href":"https:\/\/www.rassegnastampa-totustuus.it\/cattolica\/wp-json\/wp\/v2\/media?parent=4787"}],"wp:term":[{"taxonomy":"category","embeddable":true,"href":"https:\/\/www.rassegnastampa-totustuus.it\/cattolica\/wp-json\/wp\/v2\/categories?post=4787"},{"taxonomy":"post_tag","embeddable":true,"href":"https:\/\/www.rassegnastampa-totustuus.it\/cattolica\/wp-json\/wp\/v2\/tags?post=4787"}],"curies":[{"name":"wp","href":"https:\/\/api.w.org\/{rel}","templated":true}]}}