{"id":4786,"date":"2011-11-17T00:00:00","date_gmt":"2011-11-16T23:00:00","guid":{"rendered":""},"modified":"2016-03-16T12:53:21","modified_gmt":"2016-03-16T11:53:21","slug":"ora-gli-eurocrati-capiranno-che-le-culture-non-sono-tutte-uguali","status":"publish","type":"post","link":"https:\/\/www.rassegnastampa-totustuus.it\/cattolica\/ora-gli-eurocrati-capiranno-che-le-culture-non-sono-tutte-uguali\/","title":{"rendered":"Ora gli eurocrati capiranno che le culture non sono tutte uguali"},"content":{"rendered":"<div style=\"text-align: center;\"><strong><img loading=\"lazy\" decoding=\"async\" class=\"alignright wp-image-31854\" src=\"https:\/\/www.rassegnastampa-totustuus.it\/cattolica\/wp-content\/uploads\/2011\/11\/Grecia.jpg\" alt=\"Grecia\" width=\"250\" height=\"166\" \/>L\u2019Occidentale<\/strong> 16 novembre 2011 <a href=\"http:\/\/spectator.org\/\">(Tratto da American Spectator<strong>)<\/strong><\/a><\/div>\n<p style=\"text-align: center;\">di <strong>Roger Scruton<\/strong><\/p>\n<p style=\"text-align: center;\"><em>Tradotto da<\/em> Enrico De Simone<\/p>\n<p style=\"text-align: justify;\">Il mio primo viaggio in Grecia risale a cinquant\u2019anni fa, ci arrivai dall\u2019Inghilterra facendo l\u2019autostop insieme a un compagno di scuola. Andavamo in cerca della mitica terra di Omero, Platone, Tucidide. Ovviamente, non la trovammo.<\/p>\n<p style=\"text-align: justify;\"><!--more--><\/p>\n<p style=\"text-align: justify;\">Per\u00f2 scoprimmo qualcosa di quasi altrettanto stupefacente: un posto in cui la chiesa e il clero dominavano la vita rurale e dove ogni paese di campagna era la casa di una comunit\u00e0 ben circoscritta, devota ai propri santi e alle proprie feste patronali, dove le antiche danze tradizionali continuavano ad essere ballate, gli uomini di qua e le donne di l\u00e0, tutti vestiti di abiti sopravvissuti all\u2019epoca ottomana; un ballo che invariabilmente si giocava sulla rappresentazione del classico dramma dei sessi, il matrimonio e i suoi conflitti.<\/p>\n<p style=\"text-align: justify;\">Era un paese che doveva ancora entrare nel mondo moderno. I suoi ritmi erano quelli dei villaggi contadini, i suoi diritti e doveri quelli della campagna, un paese dove ogni momento era buono per abbandonarsi al sole, al mare, a una siesta. Era semplicemente inconcepibile, agli occhi di un anglosassone, come un tale paese potesse essere valutato con gli stessi parametri con cui si valutano la Francia o la Germania, o che potesse avere un qualche ruolo in un gruppo economico di cui quei due paesi avessero fatto parte, tantomeno su base paritaria.<\/p>\n<p style=\"text-align: justify;\">Un giorno restai senza soldi e mi misi in fila a un ospedale di Atene dove si poteva donare sangue in cambio di qualche <em>dracma<\/em>. Il dottore di turno balz\u00f2 dalla sedia per dare il benvenuto all\u2019alto ragazzo dai capelli rossi che entrava nel suo studio; poi mand\u00f2 via i due uomini \u2013 entrambi mingherlini \u2013 che erano entrati con me, ritenendo che il loro sangue non servisse a nulla. I nomi dei miei sfortunati \u201crivali\u201d erano Eracle e Dioniso.<\/p>\n<p style=\"text-align: justify;\">Si tratt\u00f2 dell\u2019unico segno colto in quella mia prima visita, della discendenza di quella gente dai Greci ai quali dobbiamo la nostra civilt\u00e0.Non ho alcun desiderio di tornare in Grecia, ho paura di quello che i turisti e la speculazione hanno potuto farle. Per\u00f2 so che, qualunque cambiamento ci sia stato, \u00e8 impensabile che il paese abbia avuto uno sviluppo pari a quello della Francia o della Germania.<\/p>\n<p style=\"text-align: justify;\">E\u2019 ovvio che il paese si sia modernizzato, che siano state costruite strade e che le citt\u00e0 siano cresciute, che il turismo abbia spazzato via le antiche, buone maniere contadine. C\u2019\u00e8 stata anche la rivoluzione sessuale \u2013 probabilmente pi\u00f9 tardi del 1963, data indicata da Philip Larkin &#8211; ma con gli stessi, devastanti effetti sul matrimonio e la famiglia. Non c\u2019\u00e8 dubbio che le antiche canzoni siano andate perdute, o che le insegne delle multinazionali abbiano conquistato tanti negozi in tutto il paese. Ma \u00e8 altrettanto sicuro che la cultura locale non \u00e8 scomparsa.<\/p>\n<p style=\"text-align: justify;\">La gente continua a considerare il tempo libero pi\u00f9 importante del lavoro, i debiti come una cosa secondaria e i creditori come qualcosa di ancor pi\u00f9 remoto nella propria rete di rapporti sociali. Se non avete imparato queste cose nei vostri viaggi in Grecia, le potete comunque apprendere leggendo Kazantzakis, Ritzos, Seferis, o qualunque altro scrittore di quel felice momento della letteratura ellenica che coincise con il crollo dell\u2019Impero ottomano; altrimenti \u00e8 facile da rintracciarsi ne \u201cIl mandolino del capitano Corelli\u201d di Louis de Berni\u00e8res.<\/p>\n<p style=\"text-align: justify;\">Chiunque tenga gli occhi aperti e sia capace di un\u00a0giudizio sereno capirebbe che la Grecia \u00e8 il prodotto di una cultura particolare, e una tale cultura, comunque si sviluppi, non potr\u00e0 che portare il paese in una certa direzione, ad un certo ritmo.<\/p>\n<p style=\"text-align: justify;\">Ma sembra che gli architetti dell\u2019euro che non sapessero nulla di tutto ci\u00f2. Del resto, se l\u2019avessero saputo, avrebbero compreso anche che l\u2019effetto di imporre una stessa valuta a Grecia e Germania avrebbe incoraggiato la prima a trasferire i suoi debiti alla seconda, nella convinzione che pi\u00f9 ci \u00e8 lontano il creditore, meno stringente \u00e8 l\u2019obbligo a pagare.<\/p>\n<p style=\"text-align: justify;\">Avrebbero dovuto sapere che, se la classe politica greca pu\u00f2 usare il debito pubblico per pagare famiglie, amici e dipendenti e per comprare i voti che le servono per restare al potere, allora \u00e8 proprio cos\u00ec che si comporter\u00e0. Avrebbero riconosciuto che cose come leggi, obblighi e sovranit\u00e0 non hanno uno stesso significato andando dal Baltico al Mediterraneo, e che in una societ\u00e0 abituata a un governo cleptocratico la via d\u2019uscita pi\u00f9 ovvia da una crisi economica \u00e8 la svalutazione \u2013 vale a dire, rubare equamente da tutti.<\/p>\n<p style=\"text-align: justify;\">Perch\u00e9 mai gli architetti dell\u2019euro non erano al corrente di tutte queste cose? La risposta risiede nel profondo del progetto europeo. Un progetto che celava un programma segreto: distruggere, attraverso una lunga negazione, quella realt\u00e0 fattuale nota come \u201cnazionalit\u00e0\u201d. E dato che le nazioni sono portatrici di cultura, un tale progetto implicava, alla fine, negare l\u2019importanza delle culture nazionali. I fatti culturali sono sempre stati trascurati dagli eurocrati. Se si fossero permessi il lusso di considerarli, avrebbero corso il pericolo di rendersi conto che il loro progetto era irrealizzabile.<\/p>\n<p style=\"text-align: justify;\">Peraltro, una tale prospettiva non sarebbe apparsa poi cos\u00ec tremenda se solo ci fosse stata un\u2019altra ipotesi da seguire. Per\u00f2 \u2013 come tutti i progetti radicali \u2013 quello dell\u2019Unione europea venne concepito senza un \u201cpiano B\u201d. E adesso \u00e8 destinato a naufragare, e con lui tutto il continente. Attorno al progetto dell\u2019euro si \u00e8 accumulata un\u2019enorme massa di pretese, i cui confini vengono strenuamente difesi dall\u2019attuale classe politica, che tenta di rintuzzare i costanti attacchi inevitabilmente sferrati dalla realt\u00e0 delle cose. Ma questa mole di pretese \u00e8 una piaga purulenta nel cuore del sistema, e un giorno esploder\u00e0, sommergendo tutto e tutti con il suo veleno.<\/p>\n<p style=\"text-align: justify;\">Eravamo tenuti a pensare che l\u2019antichissima differenza tra Nord protestante e Sud cattolico e ortodosso non avesse alcun peso a livello economico. Era un fatto culturale e quindi irrilevante, nonostante le tesi di Weber che ne fece il cardine della sua storia economica dell\u2019Europa. La differenza tra la cultura della <em>common law<\/em> (diritto consuetudinario, ndr) e quella del Codice napoleonico, tra le eredit\u00e0 lasciate dall\u2019Impero romano e da quello ottomano, tra un paese dove la legge \u00e8 certa e i giudici incorruttibili e un paese dove la legge \u00e8 nient\u2019altro che l\u2019ultima risorsa quando tutte le possibili corruzioni hanno fallito \u2013 tutti questi fatti devono essere esclusi a priori. I tempi e le velocit\u00e0 del lavoro, il bilanciamento tra lavoro e tempo libero \u2013 fattori al centro della vita di ogni comunit\u00e0 \u2013 devono essere ignorati, o al massimo regolati da un futile editto emanato dal centro del sistema.<\/p>\n<p style=\"text-align: justify;\">E qualunque cosa deve essere messa in riga da due minacciosi organismi \u2013 la Corte di giustizia europea e la Corte europea dei diritti umani \u2013 dove siedono giudici non eletti che nessuno pu\u00f2 chiamare a rispondere delle loro decisioni, l\u2019agenda dei quali, improntata ai principi \u201cnessuna discriminazione\u201d e \u201cunione sempre pi\u00f9 stretta\u201d, \u00e8 costruita per spazzar via le residue tracce di orgoglio nazionale, moralit\u00e0 basata sulla famiglia, stili di vita tradizionali. Non sorprende affatto che un impero costruito su tali premesse divenga instabile.<\/p>\n<p style=\"text-align: justify;\">Fu Marx a sostenere che il fondamento dell\u2019ordine sociale, il meccanismo che lo muove, risiede nella struttura economica, e che la cultura non \u00e8 altro che una sovrastruttura, fatta di istituzioni e ideologie, le cui fondamenta poggiano sull\u2019economia. Dunque \u00e8 a Marx che dobbiamo questo primo, disastroso tentativo di organizzare la societ\u00e0 esclusivamente in base a principi economici, lasciando la cultura a se stessa.<\/p>\n<p style=\"text-align: justify;\">Invece \u00e8 la cultura che determina l\u2019economia, non il contrario; e se c\u2019\u00e8 bisogno di una prova, basti guardare ai risultati dell\u2019esperimento marxista. Ancora meglio, basta guardare alle economie di successo del primo mondo \u2013 per esempio, quella americana \u2013 e considerare quanto esse debbano, per la loro riuscita, al rispetto della legge, a contabilit\u00e0 oneste, all\u2019etica familiare, alle forme di interazione sociale. Per analizzare l\u2019intreccio di tutti i fili che formano la capacit\u00e0 dell\u2019America di sviluppare un\u2019economia virtuosa sul lungo periodo, si dovrebbe passare in rassegna la sua evoluzione culturale, fino alla sua fondazione e oltre.<\/p>\n<p style=\"text-align: justify;\">Si dovrebbe tener conto dell\u2019eredit\u00e0 protestante, della <em>common law<\/em>, di un\u2019istruzione superiore tradizionalmente affidata a college privati, ai tanti piccoli nuclei che formano la galassia del volontariato. Si dovrebbe comprendere lo spirito della frontiera, la profonda fedelt\u00e0 nazionale, il mix culturale da cui sono nati il jazz, Hollywood, i musical di Broadway.<\/p>\n<p style=\"text-align: justify;\">Naturalmente, condivido l\u2019opinione di tanti americani conservatori, secondo i quali una tale cultura \u00e8 andata perduta e il paese ha gi\u00e0 compiuto alcuni fatidici passi nella stessa direzione presa dall\u2019Europa. Quanto accaduto \u00e8 conseguenza di un cambio culturale. Lasciata a se stessa, l\u2019economia americana non sarebbe incorsa nel fantastico debito pubblico gonfiatosi a dismisura con le amministrazioni Bush e Obama.<\/p>\n<p style=\"text-align: justify;\">In entrambi i casi, sono stati fattori culturali a spingere la classe dirigente a fare del paese un ostaggio dei propri fini ideologici. Lo stesso accade in Europa. Non \u00e8 stata l\u2019economia, \u00e8 stata la cultura e dar vita all\u2019euro \u2013 la cultura di una classe dirigente in guerra con i popoli europei, ansiosa di stabilire ad ogni costo un governo transnazionale e speranzosa di cancellare qualunque traccia residua di sentimento nazionale.<\/p>\n<p style=\"text-align: justify;\">Distruggendo le antiche valute con le quali le diverse genti d\u2019Europa avevano gestito le rispettive peculiarit\u00e0, le el\u00ecte europee speravano di compiere un passo decisivo verso l\u2019Unione. Invece hanno caricato il continente di nuovi debiti, nuovi rancori, e della prospettiva di un disastro che non \u00e8 stato previsto semplicemente perch\u00e9 scartato a priori come impossibile<\/p>\n","protected":false},"excerpt":{"rendered":"<p>L\u2019Occidentale 16 novembre 2011 (Tratto da American Spectator) di Roger Scruton Tradotto da Enrico De Simone Il mio primo viaggio in Grecia risale a cinquant\u2019anni fa, ci arrivai dall\u2019Inghilterra facendo l\u2019autostop insieme a un compagno di scuola. Andavamo in cerca della mitica terra di Omero, Platone, Tucidide. Ovviamente, non la trovammo.<\/p><p><a class=\"more-link btn\" href=\"https:\/\/www.rassegnastampa-totustuus.it\/cattolica\/ora-gli-eurocrati-capiranno-che-le-culture-non-sono-tutte-uguali\/\">Continua a leggere<\/a><\/p>\n","protected":false},"author":6,"featured_media":31854,"comment_status":"closed","ping_status":"open","sticky":false,"template":"","format":"standard","meta":{"footnotes":""},"categories":[14],"tags":[285],"class_list":["post-4786","post","type-post","status-publish","format-standard","has-post-thumbnail","hentry","category-europa-e-ue","tag-euro","item-wrap"],"yoast_head":"<!-- This site is optimized with the Yoast SEO plugin v27.5 - https:\/\/yoast.com\/product\/yoast-seo-wordpress\/ -->\n<title>Ora gli eurocrati capiranno che le culture non sono tutte uguali - Rassegna Stampa Cattolica<\/title>\n<meta name=\"description\" content=\"Rassegna Stampa Cattolica - Per una cultura che nasce dalla Rivelazione cristiana in conformit\u00e0 alla tradizione e al Magistero della Chiesa in opposizione ad ogni relativismo e totalitarismo\" \/>\n<meta name=\"robots\" content=\"index, follow, max-snippet:-1, max-image-preview:large, max-video-preview:-1\" \/>\n<link rel=\"canonical\" href=\"https:\/\/www.rassegnastampa-totustuus.it\/cattolica\/ora-gli-eurocrati-capiranno-che-le-culture-non-sono-tutte-uguali\/\" \/>\n<meta property=\"og:locale\" content=\"it_IT\" \/>\n<meta property=\"og:type\" content=\"article\" \/>\n<meta property=\"og:title\" content=\"Ora gli eurocrati capiranno che le culture non sono tutte uguali - Rassegna Stampa Cattolica\" \/>\n<meta property=\"og:description\" content=\"Rassegna Stampa Cattolica - Per una cultura che nasce dalla Rivelazione cristiana in conformit\u00e0 alla tradizione e al Magistero della Chiesa in opposizione ad ogni relativismo e totalitarismo\" \/>\n<meta property=\"og:url\" content=\"https:\/\/www.rassegnastampa-totustuus.it\/cattolica\/ora-gli-eurocrati-capiranno-che-le-culture-non-sono-tutte-uguali\/\" \/>\n<meta property=\"og:site_name\" content=\"Rassegna Stampa Cattolica\" \/>\n<meta property=\"article:publisher\" content=\"https:\/\/www.facebook.com\/rassegnastampacattolica\" \/>\n<meta property=\"article:published_time\" content=\"2011-11-16T23:00:00+00:00\" \/>\n<meta property=\"article:modified_time\" content=\"2016-03-16T11:53:21+00:00\" \/>\n<meta property=\"og:image\" content=\"https:\/\/www.rassegnastampa-totustuus.it\/cattolica\/wp-content\/uploads\/2011\/11\/Grecia.jpg\" \/>\n\t<meta property=\"og:image:width\" content=\"275\" \/>\n\t<meta property=\"og:image:height\" content=\"183\" \/>\n\t<meta property=\"og:image:type\" content=\"image\/jpeg\" \/>\n<meta name=\"author\" content=\"Redazione\" \/>\n<meta name=\"twitter:card\" content=\"summary_large_image\" \/>\n<meta name=\"twitter:creator\" content=\"@rassegnastampa9\" \/>\n<meta name=\"twitter:site\" content=\"@rassegnastampa9\" \/>\n<meta name=\"twitter:label1\" content=\"Scritto da\" \/>\n\t<meta name=\"twitter:data1\" content=\"Redazione\" \/>\n\t<meta name=\"twitter:label2\" content=\"Tempo di lettura stimato\" \/>\n\t<meta name=\"twitter:data2\" content=\"8 minuti\" \/>\n<script type=\"application\/ld+json\" class=\"yoast-schema-graph\">{\"@context\":\"https:\\\/\\\/schema.org\",\"@graph\":[{\"@type\":\"Article\",\"@id\":\"https:\\\/\\\/www.rassegnastampa-totustuus.it\\\/cattolica\\\/ora-gli-eurocrati-capiranno-che-le-culture-non-sono-tutte-uguali\\\/#article\",\"isPartOf\":{\"@id\":\"https:\\\/\\\/www.rassegnastampa-totustuus.it\\\/cattolica\\\/ora-gli-eurocrati-capiranno-che-le-culture-non-sono-tutte-uguali\\\/\"},\"author\":{\"name\":\"Redazione\",\"@id\":\"https:\\\/\\\/www.rassegnastampa-totustuus.it\\\/cattolica\\\/#\\\/schema\\\/person\\\/08f319d2bd1a0904ad9e2bfb7b15e5c3\"},\"headline\":\"Ora gli eurocrati capiranno che le culture non sono tutte uguali\",\"datePublished\":\"2011-11-16T23:00:00+00:00\",\"dateModified\":\"2016-03-16T11:53:21+00:00\",\"mainEntityOfPage\":{\"@id\":\"https:\\\/\\\/www.rassegnastampa-totustuus.it\\\/cattolica\\\/ora-gli-eurocrati-capiranno-che-le-culture-non-sono-tutte-uguali\\\/\"},\"wordCount\":1593,\"publisher\":{\"@id\":\"https:\\\/\\\/www.rassegnastampa-totustuus.it\\\/cattolica\\\/#organization\"},\"image\":{\"@id\":\"https:\\\/\\\/www.rassegnastampa-totustuus.it\\\/cattolica\\\/ora-gli-eurocrati-capiranno-che-le-culture-non-sono-tutte-uguali\\\/#primaryimage\"},\"thumbnailUrl\":\"https:\\\/\\\/www.rassegnastampa-totustuus.it\\\/cattolica\\\/wp-content\\\/uploads\\\/2011\\\/11\\\/Grecia.jpg\",\"keywords\":[\"euro\"],\"articleSection\":[\"Europa e UE\"],\"inLanguage\":\"it-IT\"},{\"@type\":\"WebPage\",\"@id\":\"https:\\\/\\\/www.rassegnastampa-totustuus.it\\\/cattolica\\\/ora-gli-eurocrati-capiranno-che-le-culture-non-sono-tutte-uguali\\\/\",\"url\":\"https:\\\/\\\/www.rassegnastampa-totustuus.it\\\/cattolica\\\/ora-gli-eurocrati-capiranno-che-le-culture-non-sono-tutte-uguali\\\/\",\"name\":\"Ora gli eurocrati capiranno che le culture non sono tutte uguali - Rassegna Stampa Cattolica\",\"isPartOf\":{\"@id\":\"https:\\\/\\\/www.rassegnastampa-totustuus.it\\\/cattolica\\\/#website\"},\"primaryImageOfPage\":{\"@id\":\"https:\\\/\\\/www.rassegnastampa-totustuus.it\\\/cattolica\\\/ora-gli-eurocrati-capiranno-che-le-culture-non-sono-tutte-uguali\\\/#primaryimage\"},\"image\":{\"@id\":\"https:\\\/\\\/www.rassegnastampa-totustuus.it\\\/cattolica\\\/ora-gli-eurocrati-capiranno-che-le-culture-non-sono-tutte-uguali\\\/#primaryimage\"},\"thumbnailUrl\":\"https:\\\/\\\/www.rassegnastampa-totustuus.it\\\/cattolica\\\/wp-content\\\/uploads\\\/2011\\\/11\\\/Grecia.jpg\",\"datePublished\":\"2011-11-16T23:00:00+00:00\",\"dateModified\":\"2016-03-16T11:53:21+00:00\",\"description\":\"Rassegna Stampa Cattolica - Per una cultura che nasce dalla Rivelazione cristiana in conformit\u00e0 alla tradizione e al Magistero della Chiesa in opposizione ad ogni relativismo e totalitarismo\",\"breadcrumb\":{\"@id\":\"https:\\\/\\\/www.rassegnastampa-totustuus.it\\\/cattolica\\\/ora-gli-eurocrati-capiranno-che-le-culture-non-sono-tutte-uguali\\\/#breadcrumb\"},\"inLanguage\":\"it-IT\",\"potentialAction\":[{\"@type\":\"ReadAction\",\"target\":[\"https:\\\/\\\/www.rassegnastampa-totustuus.it\\\/cattolica\\\/ora-gli-eurocrati-capiranno-che-le-culture-non-sono-tutte-uguali\\\/\"]}]},{\"@type\":\"ImageObject\",\"inLanguage\":\"it-IT\",\"@id\":\"https:\\\/\\\/www.rassegnastampa-totustuus.it\\\/cattolica\\\/ora-gli-eurocrati-capiranno-che-le-culture-non-sono-tutte-uguali\\\/#primaryimage\",\"url\":\"https:\\\/\\\/www.rassegnastampa-totustuus.it\\\/cattolica\\\/wp-content\\\/uploads\\\/2011\\\/11\\\/Grecia.jpg\",\"contentUrl\":\"https:\\\/\\\/www.rassegnastampa-totustuus.it\\\/cattolica\\\/wp-content\\\/uploads\\\/2011\\\/11\\\/Grecia.jpg\",\"width\":275,\"height\":183},{\"@type\":\"BreadcrumbList\",\"@id\":\"https:\\\/\\\/www.rassegnastampa-totustuus.it\\\/cattolica\\\/ora-gli-eurocrati-capiranno-che-le-culture-non-sono-tutte-uguali\\\/#breadcrumb\",\"itemListElement\":[{\"@type\":\"ListItem\",\"position\":1,\"name\":\"Home\",\"item\":\"https:\\\/\\\/www.rassegnastampa-totustuus.it\\\/cattolica\\\/\"},{\"@type\":\"ListItem\",\"position\":2,\"name\":\"Ora gli eurocrati capiranno che le culture non sono tutte uguali\"}]},{\"@type\":\"WebSite\",\"@id\":\"https:\\\/\\\/www.rassegnastampa-totustuus.it\\\/cattolica\\\/#website\",\"url\":\"https:\\\/\\\/www.rassegnastampa-totustuus.it\\\/cattolica\\\/\",\"name\":\"Rassegna Stampa Cattolica\",\"description\":\"Per una cultura che nasce dalla Rivelazione cristiana in conformit\u00e0 alla tradizione e al Magistero della Chiesa in opposizione ad ogni relativismo e totalitarismo\",\"publisher\":{\"@id\":\"https:\\\/\\\/www.rassegnastampa-totustuus.it\\\/cattolica\\\/#organization\"},\"alternateName\":\"Rass. Cattolica\",\"potentialAction\":[{\"@type\":\"SearchAction\",\"target\":{\"@type\":\"EntryPoint\",\"urlTemplate\":\"https:\\\/\\\/www.rassegnastampa-totustuus.it\\\/cattolica\\\/?s={search_term_string}\"},\"query-input\":{\"@type\":\"PropertyValueSpecification\",\"valueRequired\":true,\"valueName\":\"search_term_string\"}}],\"inLanguage\":\"it-IT\"},{\"@type\":\"Organization\",\"@id\":\"https:\\\/\\\/www.rassegnastampa-totustuus.it\\\/cattolica\\\/#organization\",\"name\":\"Rassegna Stampa Cattolica\",\"url\":\"https:\\\/\\\/www.rassegnastampa-totustuus.it\\\/cattolica\\\/\",\"logo\":{\"@type\":\"ImageObject\",\"inLanguage\":\"it-IT\",\"@id\":\"https:\\\/\\\/www.rassegnastampa-totustuus.it\\\/cattolica\\\/#\\\/schema\\\/logo\\\/image\\\/\",\"url\":\"https:\\\/\\\/www.rassegnastampa-totustuus.it\\\/cattolica\\\/wp-content\\\/uploads\\\/2014\\\/04\\\/logo-rassegna1.gif\",\"contentUrl\":\"https:\\\/\\\/www.rassegnastampa-totustuus.it\\\/cattolica\\\/wp-content\\\/uploads\\\/2014\\\/04\\\/logo-rassegna1.gif\",\"width\":600,\"height\":163,\"caption\":\"Rassegna Stampa Cattolica\"},\"image\":{\"@id\":\"https:\\\/\\\/www.rassegnastampa-totustuus.it\\\/cattolica\\\/#\\\/schema\\\/logo\\\/image\\\/\"},\"sameAs\":[\"https:\\\/\\\/www.facebook.com\\\/rassegnastampacattolica\",\"https:\\\/\\\/x.com\\\/rassegnastampa9\"]},{\"@type\":\"Person\",\"@id\":\"https:\\\/\\\/www.rassegnastampa-totustuus.it\\\/cattolica\\\/#\\\/schema\\\/person\\\/08f319d2bd1a0904ad9e2bfb7b15e5c3\",\"name\":\"Redazione\",\"image\":{\"@type\":\"ImageObject\",\"inLanguage\":\"it-IT\",\"@id\":\"https:\\\/\\\/secure.gravatar.com\\\/avatar\\\/2fcdf27c78ea025fbdb44e914cc63c72249ffec9dc8aafd5c82b26240ef3f346?s=96&d=mm&r=g\",\"url\":\"https:\\\/\\\/secure.gravatar.com\\\/avatar\\\/2fcdf27c78ea025fbdb44e914cc63c72249ffec9dc8aafd5c82b26240ef3f346?s=96&d=mm&r=g\",\"contentUrl\":\"https:\\\/\\\/secure.gravatar.com\\\/avatar\\\/2fcdf27c78ea025fbdb44e914cc63c72249ffec9dc8aafd5c82b26240ef3f346?s=96&d=mm&r=g\",\"caption\":\"Redazione\"},\"url\":\"https:\\\/\\\/www.rassegnastampa-totustuus.it\\\/cattolica\\\/author\\\/pietroelle\\\/\"}]}<\/script>\n<!-- \/ Yoast SEO plugin. -->","yoast_head_json":{"title":"Ora gli eurocrati capiranno che le culture non sono tutte uguali - Rassegna Stampa Cattolica","description":"Rassegna Stampa Cattolica - Per una cultura che nasce dalla Rivelazione cristiana in conformit\u00e0 alla tradizione e al Magistero della Chiesa in opposizione ad ogni relativismo e totalitarismo","robots":{"index":"index","follow":"follow","max-snippet":"max-snippet:-1","max-image-preview":"max-image-preview:large","max-video-preview":"max-video-preview:-1"},"canonical":"https:\/\/www.rassegnastampa-totustuus.it\/cattolica\/ora-gli-eurocrati-capiranno-che-le-culture-non-sono-tutte-uguali\/","og_locale":"it_IT","og_type":"article","og_title":"Ora gli eurocrati capiranno che le culture non sono tutte uguali - Rassegna Stampa Cattolica","og_description":"Rassegna Stampa Cattolica - Per una cultura che nasce dalla Rivelazione cristiana in conformit\u00e0 alla tradizione e al Magistero della Chiesa in opposizione ad ogni relativismo e totalitarismo","og_url":"https:\/\/www.rassegnastampa-totustuus.it\/cattolica\/ora-gli-eurocrati-capiranno-che-le-culture-non-sono-tutte-uguali\/","og_site_name":"Rassegna Stampa Cattolica","article_publisher":"https:\/\/www.facebook.com\/rassegnastampacattolica","article_published_time":"2011-11-16T23:00:00+00:00","article_modified_time":"2016-03-16T11:53:21+00:00","og_image":[{"width":275,"height":183,"url":"https:\/\/www.rassegnastampa-totustuus.it\/cattolica\/wp-content\/uploads\/2011\/11\/Grecia.jpg","type":"image\/jpeg"}],"author":"Redazione","twitter_card":"summary_large_image","twitter_creator":"@rassegnastampa9","twitter_site":"@rassegnastampa9","twitter_misc":{"Scritto da":"Redazione","Tempo di lettura stimato":"8 minuti"},"schema":{"@context":"https:\/\/schema.org","@graph":[{"@type":"Article","@id":"https:\/\/www.rassegnastampa-totustuus.it\/cattolica\/ora-gli-eurocrati-capiranno-che-le-culture-non-sono-tutte-uguali\/#article","isPartOf":{"@id":"https:\/\/www.rassegnastampa-totustuus.it\/cattolica\/ora-gli-eurocrati-capiranno-che-le-culture-non-sono-tutte-uguali\/"},"author":{"name":"Redazione","@id":"https:\/\/www.rassegnastampa-totustuus.it\/cattolica\/#\/schema\/person\/08f319d2bd1a0904ad9e2bfb7b15e5c3"},"headline":"Ora gli eurocrati capiranno che le culture non sono tutte uguali","datePublished":"2011-11-16T23:00:00+00:00","dateModified":"2016-03-16T11:53:21+00:00","mainEntityOfPage":{"@id":"https:\/\/www.rassegnastampa-totustuus.it\/cattolica\/ora-gli-eurocrati-capiranno-che-le-culture-non-sono-tutte-uguali\/"},"wordCount":1593,"publisher":{"@id":"https:\/\/www.rassegnastampa-totustuus.it\/cattolica\/#organization"},"image":{"@id":"https:\/\/www.rassegnastampa-totustuus.it\/cattolica\/ora-gli-eurocrati-capiranno-che-le-culture-non-sono-tutte-uguali\/#primaryimage"},"thumbnailUrl":"https:\/\/www.rassegnastampa-totustuus.it\/cattolica\/wp-content\/uploads\/2011\/11\/Grecia.jpg","keywords":["euro"],"articleSection":["Europa e UE"],"inLanguage":"it-IT"},{"@type":"WebPage","@id":"https:\/\/www.rassegnastampa-totustuus.it\/cattolica\/ora-gli-eurocrati-capiranno-che-le-culture-non-sono-tutte-uguali\/","url":"https:\/\/www.rassegnastampa-totustuus.it\/cattolica\/ora-gli-eurocrati-capiranno-che-le-culture-non-sono-tutte-uguali\/","name":"Ora gli eurocrati capiranno che le culture non sono tutte uguali - Rassegna Stampa Cattolica","isPartOf":{"@id":"https:\/\/www.rassegnastampa-totustuus.it\/cattolica\/#website"},"primaryImageOfPage":{"@id":"https:\/\/www.rassegnastampa-totustuus.it\/cattolica\/ora-gli-eurocrati-capiranno-che-le-culture-non-sono-tutte-uguali\/#primaryimage"},"image":{"@id":"https:\/\/www.rassegnastampa-totustuus.it\/cattolica\/ora-gli-eurocrati-capiranno-che-le-culture-non-sono-tutte-uguali\/#primaryimage"},"thumbnailUrl":"https:\/\/www.rassegnastampa-totustuus.it\/cattolica\/wp-content\/uploads\/2011\/11\/Grecia.jpg","datePublished":"2011-11-16T23:00:00+00:00","dateModified":"2016-03-16T11:53:21+00:00","description":"Rassegna Stampa Cattolica - Per una cultura che nasce dalla Rivelazione cristiana in conformit\u00e0 alla tradizione e al Magistero della Chiesa in opposizione ad ogni relativismo e totalitarismo","breadcrumb":{"@id":"https:\/\/www.rassegnastampa-totustuus.it\/cattolica\/ora-gli-eurocrati-capiranno-che-le-culture-non-sono-tutte-uguali\/#breadcrumb"},"inLanguage":"it-IT","potentialAction":[{"@type":"ReadAction","target":["https:\/\/www.rassegnastampa-totustuus.it\/cattolica\/ora-gli-eurocrati-capiranno-che-le-culture-non-sono-tutte-uguali\/"]}]},{"@type":"ImageObject","inLanguage":"it-IT","@id":"https:\/\/www.rassegnastampa-totustuus.it\/cattolica\/ora-gli-eurocrati-capiranno-che-le-culture-non-sono-tutte-uguali\/#primaryimage","url":"https:\/\/www.rassegnastampa-totustuus.it\/cattolica\/wp-content\/uploads\/2011\/11\/Grecia.jpg","contentUrl":"https:\/\/www.rassegnastampa-totustuus.it\/cattolica\/wp-content\/uploads\/2011\/11\/Grecia.jpg","width":275,"height":183},{"@type":"BreadcrumbList","@id":"https:\/\/www.rassegnastampa-totustuus.it\/cattolica\/ora-gli-eurocrati-capiranno-che-le-culture-non-sono-tutte-uguali\/#breadcrumb","itemListElement":[{"@type":"ListItem","position":1,"name":"Home","item":"https:\/\/www.rassegnastampa-totustuus.it\/cattolica\/"},{"@type":"ListItem","position":2,"name":"Ora gli eurocrati capiranno che le culture non sono tutte uguali"}]},{"@type":"WebSite","@id":"https:\/\/www.rassegnastampa-totustuus.it\/cattolica\/#website","url":"https:\/\/www.rassegnastampa-totustuus.it\/cattolica\/","name":"Rassegna Stampa Cattolica","description":"Per una cultura che nasce dalla Rivelazione cristiana in conformit\u00e0 alla tradizione e al Magistero della Chiesa in opposizione ad ogni relativismo e totalitarismo","publisher":{"@id":"https:\/\/www.rassegnastampa-totustuus.it\/cattolica\/#organization"},"alternateName":"Rass. Cattolica","potentialAction":[{"@type":"SearchAction","target":{"@type":"EntryPoint","urlTemplate":"https:\/\/www.rassegnastampa-totustuus.it\/cattolica\/?s={search_term_string}"},"query-input":{"@type":"PropertyValueSpecification","valueRequired":true,"valueName":"search_term_string"}}],"inLanguage":"it-IT"},{"@type":"Organization","@id":"https:\/\/www.rassegnastampa-totustuus.it\/cattolica\/#organization","name":"Rassegna Stampa Cattolica","url":"https:\/\/www.rassegnastampa-totustuus.it\/cattolica\/","logo":{"@type":"ImageObject","inLanguage":"it-IT","@id":"https:\/\/www.rassegnastampa-totustuus.it\/cattolica\/#\/schema\/logo\/image\/","url":"https:\/\/www.rassegnastampa-totustuus.it\/cattolica\/wp-content\/uploads\/2014\/04\/logo-rassegna1.gif","contentUrl":"https:\/\/www.rassegnastampa-totustuus.it\/cattolica\/wp-content\/uploads\/2014\/04\/logo-rassegna1.gif","width":600,"height":163,"caption":"Rassegna Stampa Cattolica"},"image":{"@id":"https:\/\/www.rassegnastampa-totustuus.it\/cattolica\/#\/schema\/logo\/image\/"},"sameAs":["https:\/\/www.facebook.com\/rassegnastampacattolica","https:\/\/x.com\/rassegnastampa9"]},{"@type":"Person","@id":"https:\/\/www.rassegnastampa-totustuus.it\/cattolica\/#\/schema\/person\/08f319d2bd1a0904ad9e2bfb7b15e5c3","name":"Redazione","image":{"@type":"ImageObject","inLanguage":"it-IT","@id":"https:\/\/secure.gravatar.com\/avatar\/2fcdf27c78ea025fbdb44e914cc63c72249ffec9dc8aafd5c82b26240ef3f346?s=96&d=mm&r=g","url":"https:\/\/secure.gravatar.com\/avatar\/2fcdf27c78ea025fbdb44e914cc63c72249ffec9dc8aafd5c82b26240ef3f346?s=96&d=mm&r=g","contentUrl":"https:\/\/secure.gravatar.com\/avatar\/2fcdf27c78ea025fbdb44e914cc63c72249ffec9dc8aafd5c82b26240ef3f346?s=96&d=mm&r=g","caption":"Redazione"},"url":"https:\/\/www.rassegnastampa-totustuus.it\/cattolica\/author\/pietroelle\/"}]}},"_links":{"self":[{"href":"https:\/\/www.rassegnastampa-totustuus.it\/cattolica\/wp-json\/wp\/v2\/posts\/4786","targetHints":{"allow":["GET"]}}],"collection":[{"href":"https:\/\/www.rassegnastampa-totustuus.it\/cattolica\/wp-json\/wp\/v2\/posts"}],"about":[{"href":"https:\/\/www.rassegnastampa-totustuus.it\/cattolica\/wp-json\/wp\/v2\/types\/post"}],"author":[{"embeddable":true,"href":"https:\/\/www.rassegnastampa-totustuus.it\/cattolica\/wp-json\/wp\/v2\/users\/6"}],"replies":[{"embeddable":true,"href":"https:\/\/www.rassegnastampa-totustuus.it\/cattolica\/wp-json\/wp\/v2\/comments?post=4786"}],"version-history":[{"count":4,"href":"https:\/\/www.rassegnastampa-totustuus.it\/cattolica\/wp-json\/wp\/v2\/posts\/4786\/revisions"}],"predecessor-version":[{"id":31855,"href":"https:\/\/www.rassegnastampa-totustuus.it\/cattolica\/wp-json\/wp\/v2\/posts\/4786\/revisions\/31855"}],"wp:featuredmedia":[{"embeddable":true,"href":"https:\/\/www.rassegnastampa-totustuus.it\/cattolica\/wp-json\/wp\/v2\/media\/31854"}],"wp:attachment":[{"href":"https:\/\/www.rassegnastampa-totustuus.it\/cattolica\/wp-json\/wp\/v2\/media?parent=4786"}],"wp:term":[{"taxonomy":"category","embeddable":true,"href":"https:\/\/www.rassegnastampa-totustuus.it\/cattolica\/wp-json\/wp\/v2\/categories?post=4786"},{"taxonomy":"post_tag","embeddable":true,"href":"https:\/\/www.rassegnastampa-totustuus.it\/cattolica\/wp-json\/wp\/v2\/tags?post=4786"}],"curies":[{"name":"wp","href":"https:\/\/api.w.org\/{rel}","templated":true}]}}