{"id":47852,"date":"2020-07-23T00:00:01","date_gmt":"2020-07-22T22:00:01","guid":{"rendered":"http:\/\/www.rassegnastampa-totustuus.it\/cattolica\/?p=47852"},"modified":"2020-07-18T11:06:45","modified_gmt":"2020-07-18T09:06:45","slug":"contro-la-religione-progressista-non-solo-difendere-la-civilta-occidentale-ma-rivendicarne-con-orgoglio-le-realizzazioni","status":"publish","type":"post","link":"https:\/\/www.rassegnastampa-totustuus.it\/cattolica\/contro-la-religione-progressista-non-solo-difendere-la-civilta-occidentale-ma-rivendicarne-con-orgoglio-le-realizzazioni\/","title":{"rendered":"Contro la religione progressista: non solo difendere la civilt\u00e0 occidentale, ma rivendicarne con orgoglio le realizzazioni"},"content":{"rendered":"<p style=\"text-align: center;\"><strong><a href=\"https:\/\/www.rassegnastampa-totustuus.it\/cattolica\/wp-content\/uploads\/2020\/07\/Usa_protesta.jpg\"><img loading=\"lazy\" decoding=\"async\" class=\"size-full wp-image-47853 alignleft\" src=\"https:\/\/www.rassegnastampa-totustuus.it\/cattolica\/wp-content\/uploads\/2020\/07\/Usa_protesta.jpg\" alt=\"\" width=\"224\" height=\"225\" srcset=\"https:\/\/www.rassegnastampa-totustuus.it\/cattolica\/wp-content\/uploads\/2020\/07\/Usa_protesta.jpg 224w, https:\/\/www.rassegnastampa-totustuus.it\/cattolica\/wp-content\/uploads\/2020\/07\/Usa_protesta-150x150.jpg 150w\" sizes=\"auto, (max-width: 224px) 100vw, 224px\" \/><\/a>Atlantico <\/strong>17 Luglio 2020<strong> \u00a0<\/strong><\/p>\n<p style=\"text-align: center;\">di <strong>Umberto Camillo Iacoviello<\/strong><\/p>\n<p style=\"text-align: justify;\">Tra le idee dominanti della nostra epoca la pi\u00f9 caratterizzante \u00e8 quella della cieca fiducia nel progresso della storia, ovvero la convinzione che il presente (e il futuro) rappresenti il punto pi\u00f9 alto dell\u2019evoluzione storica umana.<\/p>\n<p><!--more--><\/p>\n<p style=\"text-align: justify;\">La concezione progressista della storia emerge nel XVIII secolo. In <em>\u201cConsiderazioni sulla storia universale\u201d<\/em> lo storico Jacob Burckhardt scrive: \u201c<em>Soltanto da Rousseau in poi, del resto, ci si \u00e8 ritenuti moralmente superiori al passato\u00a0en bloc, e nel far ci\u00f2 si partiva dal presupposto che l\u2019uomo in genere fosse sostanzialmente buono, come se la sua bont\u00e0 non avesse potuto fino a quel momento esprimersi e dovesse ora manifestarsi gloriosamente, col giungere infine al potere! Ci si arrog\u00f2 in tal modo (nella Rivoluzione francese) il diritto di intentare il processo a tutto il passato. Ma soltanto i nostri ultimi decenni credono con assoluta arroganza a questa superiorit\u00e0 morale dell\u2019epoca presente, non facendo neppure pi\u00f9 eccezione per l\u2019antichit\u00e0<\/em>\u201d.<\/p>\n<p style=\"text-align: justify;\"><a href=\"https:\/\/www.rassegnastampa-totustuus.it\/cattolica\/wp-content\/uploads\/2018\/11\/Rivoluzione_francese.jpg\"><img loading=\"lazy\" decoding=\"async\" class=\"size-full wp-image-41635 alignright\" src=\"https:\/\/www.rassegnastampa-totustuus.it\/cattolica\/wp-content\/uploads\/2018\/11\/Rivoluzione_francese.jpg\" alt=\"\" width=\"237\" height=\"212\" \/><\/a>Le parole dello storico elvetico rievocano lo spirito della Rivoluzione francese, lo stesso spirito di chi oggi con altrettanta arroganza pretende di portare in tribunale la storia e condannarla perch\u00e9 la ritiene moralmente inaccettabile. Lungi da noi paragonare la Rivoluzione francese alla teppaglia degli odierni terroristi antirazzisti\/antifascisti, mossi esclusivamente da ignoranza e violenza.<\/p>\n<p style=\"text-align: justify;\">La Rivoluzione francese aveva ben altre radici e figure di spessore, mentre oggi il movimento <em>Black Lives Matter<\/em> ci regala attivisti come Lorraine Jones che ha affermato in diretta tv di non aver mai \u201cincontrato personalmente\u201d Winston Churchill. In Italia gli echi del BLM sono stati raccolti da qualche sparuto gruppo di antifascisti che hanno pensato bene di imbrattare le statue di Vittorio Emanuele II e Indro Montanelli credendo di compiere un gesto rivoluzionario, ricevendo il plauso di Michela Murgia e Christian Raimo.<\/p>\n<p style=\"text-align: justify;\"><a href=\"https:\/\/www.rassegnastampa-totustuus.it\/cattolica\/wp-content\/uploads\/2020\/07\/Italia_vandali.jpg\"><img loading=\"lazy\" decoding=\"async\" class=\"size-full wp-image-47854 alignleft\" src=\"https:\/\/www.rassegnastampa-totustuus.it\/cattolica\/wp-content\/uploads\/2020\/07\/Italia_vandali.jpg\" alt=\"\" width=\"259\" height=\"194\" \/><\/a>Le nostre <em>Sardine<\/em> di strada non hanno esitato ad appoggiare il BLM, proprio loro che dicevano di essere contro la violenza, che conoscono cos\u00ec bene la storia da dire che Aldo Moro sia stato ucciso dalla mafia. Il progressismo odierno travalica i confini di una tendenza culturale e politica, entra nel campo di una religione monoteista laica particolarmente intollerante.<\/p>\n<p style=\"text-align: justify;\">Il delirio di onnipotenza storica dei progressisti \u00e8 all\u2019origine della decostruzione delle nostre societ\u00e0: tutto ci\u00f2 che rappresenta il passato, la tradizione, le categorie che abbiamo ereditato dalla nostra cultura, diventano ontologicamente maligne, qualcosa da abolire e superare.<\/p>\n<p style=\"text-align: justify;\">Per l\u2019ideologia progressista tutto si realizza e si risolve nella \u201cabolizione della tradizione\u201d (anche nel senso pi\u00f9 profano del termine), il richiamo ai valori tradizionali o il semplice rifiuto di alcuni assiomi dell\u2019ideologia progressista rappresenta un genere di \u201cpeccato laico\u201d. Financo l\u2019opinione non allineata, non \u00e8 solo duramente condannata, ma deve essere addirittura bandita, tanto che gli alfieri del progressismo osannano la censura e disprezzano la democrazia e la libert\u00e0 che a parole dicono di rappresentare e difendere (\u201cse non la pensi come noi, sei fascista e non puoi parlare\u201d).<\/p>\n<p style=\"text-align: justify;\"><a href=\"https:\/\/www.rassegnastampa-totustuus.it\/cattolica\/wp-content\/uploads\/2017\/01\/progressismo.jpg\"><img loading=\"lazy\" decoding=\"async\" class=\"size-medium wp-image-37090 alignright\" src=\"https:\/\/www.rassegnastampa-totustuus.it\/cattolica\/wp-content\/uploads\/2017\/01\/progressismo-300x160.jpg\" alt=\"\" width=\"300\" height=\"160\" srcset=\"https:\/\/www.rassegnastampa-totustuus.it\/cattolica\/wp-content\/uploads\/2017\/01\/progressismo-300x160.jpg 300w, https:\/\/www.rassegnastampa-totustuus.it\/cattolica\/wp-content\/uploads\/2017\/01\/progressismo.jpg 308w\" sizes=\"auto, (max-width: 300px) 100vw, 300px\" \/><\/a>La dimensione religiosa del progressismo \u00e8 testimoniata da dogmi che non possono essere messi in discussione (l\u2019identit\u00e0 non esiste, i confini non esistono, il sesso biologico non esiste) e da vere e proprie figure messianiche (George Floyd, Greta Thunberg, Carola Rackete, il movimento <em>metoo<\/em>) destinate a \u201csalvare il mondo\u201d.<\/p>\n<p style=\"text-align: justify;\">La grande intuizione del capitalismo fucsia \u00e8 quella di saper spacciare il conformismo per ribellione, occorre ricordare ai presunti rivoluzionari antifascisti che Marx ed Engels nel Manifesto del Partito Comunista hanno scritto: \u201cLe idee dominanti di un\u2019epoca, sono state in ogni momento, soltanto le idee della classe dominante\u201d.<\/p>\n<p style=\"text-align: justify;\">Se le idee dei movimenti progressisti fossero davvero rivoluzionarie, non verrebbero foraggiate e divulgate dalla classe dominante. Le idee del progressismo arcobaleno-<em>no border<\/em> vengono diffuse ossessivamente dalle universit\u00e0 a Hollywood, dai mainstream media alle serie tv modellate sui temi arcobaleno e da tutti i grandi marchi che continuamente propongono campagne antirazziste e pro-LGBT.<\/p>\n<p style=\"text-align: justify;\"><a href=\"https:\/\/www.rassegnastampa-totustuus.it\/cattolica\/wp-content\/uploads\/2020\/07\/Usa_media_Tv.jpg\"><img loading=\"lazy\" decoding=\"async\" class=\"size-full wp-image-47855 alignleft\" src=\"https:\/\/www.rassegnastampa-totustuus.it\/cattolica\/wp-content\/uploads\/2020\/07\/Usa_media_Tv.jpg\" alt=\"\" width=\"299\" height=\"168\" \/><\/a>Per farla breve, se hai le stesse idee di chi domina, probabilmente non sei un rivoluzionario. Ma si tratta veramente di \u201cprogresso\u201d? Analizzando anche solo superficialmente la realt\u00e0 contemporanea, che secondo i progressisti \u00e8 aprioristicamente migliore di ci\u00f2 che i nostri genitori o i nostri nonni hanno vissuto, ci accorgiamo che questo progresso \u00e8 solo illusorio: in una societ\u00e0 sempre pi\u00f9 depressa e narcotizzata, distaccata dalla realt\u00e0, lo sviluppo di nuove tecnologie viene abbracciato con cieco entusiasmo mentre ci privano delle nostre libert\u00e0; sempre pi\u00f9 condizionati da una visione economicistica della vita, non c\u2019\u00e8 pi\u00f9 spazio per la trascendenza.<\/p>\n<p style=\"text-align: justify;\"><a href=\"https:\/\/www.rassegnastampa-totustuus.it\/cattolica\/wp-content\/uploads\/2020\/07\/arte_massa_decadenza.jpg\"><img loading=\"lazy\" decoding=\"async\" class=\"size-full wp-image-47856 alignright\" src=\"https:\/\/www.rassegnastampa-totustuus.it\/cattolica\/wp-content\/uploads\/2020\/07\/arte_massa_decadenza.jpg\" alt=\"\" width=\"259\" height=\"194\" \/><\/a>La societ\u00e0 che ci viene promessa non \u00e8 affatto a misura d\u2019uomo, al contrario, ne \u00e8 la negazione. La societ\u00e0 agognata dai progressisti, spacciata per una societ\u00e0 \u201csenza conflitti\u201d, \u00e8 in realt\u00e0 il nichilismo pienamente realizzato, che intende ridurre l\u2019uomo a\u00a0<em>homo consumens<\/em>. La loro voglia di rifare tutto \u00e8 ben descritta da Leopardi nei suoi <em>\u201cPensieri\u201d<\/em>: \u201cV\u2019\u00e8 qualche secolo che, per tacere del resto, nelle arti e nelle discipline presume di rifar tutto perch\u00e9 nulla sa fare\u201d.<\/p>\n<p style=\"text-align: justify;\">Se l\u2019unica volont\u00e0 che muove la religione progressista \u00e8 la volont\u00e0 d\u2019impotenza, a questa serve contrapporre una narrazione. Nietzsche scrisse un secolo e mezzo fa: \u201c<em>Tutta la nostra cultura europea si muove gi\u00e0 da gran tempo con un tormento e una tensione che cresce di decennio in decennio, come se tendesse a una catastrofe: inquieta, violenta, impetuosa: come una corrente che vuol giungere alla fine, che non riflette pi\u00f9, che ha paura di riflettere<\/em>\u201d.<\/p>\n<p style=\"text-align: justify;\"><a href=\"https:\/\/www.rassegnastampa-totustuus.it\/cattolica\/wp-content\/uploads\/2020\/04\/Europa.jpeg\"><img loading=\"lazy\" decoding=\"async\" class=\" wp-image-46823 alignleft\" src=\"https:\/\/www.rassegnastampa-totustuus.it\/cattolica\/wp-content\/uploads\/2020\/04\/Europa-300x164.jpeg\" alt=\"\" width=\"379\" height=\"207\" srcset=\"https:\/\/www.rassegnastampa-totustuus.it\/cattolica\/wp-content\/uploads\/2020\/04\/Europa-300x164.jpeg 300w, https:\/\/www.rassegnastampa-totustuus.it\/cattolica\/wp-content\/uploads\/2020\/04\/Europa.jpeg 303w\" sizes=\"auto, (max-width: 379px) 100vw, 379px\" \/><\/a>Ci troviamo al bivio, l\u2019Europa si configura come un vecchio malato troppo stanco di tirare ancora a campare, come se l\u2019intero tessuto storico-culturale-religioso europeo fosse la somma di tanti errori e soprusi di cui \u00e8 finalmente giunto il momento di liberarsi, come se avessimo qualcosa da farci perdonare. Se lasciamo fare alla fortuna e non opponiamo la virt\u00f9, l\u2019Europa morir\u00e0.<\/p>\n<p style=\"text-align: justify;\">Lo storico A. J. Toynbee sosteneva che salvo poche eccezioni, non ci sono civilt\u00e0 che sono state uccise, ma solo civilt\u00e0 che si sono suicidate. Non solo difendere l\u2019Europa, l\u2019Occidente, ma rivendicarne con orgoglio le realizzazioni. John Hirst scrive: \u00a0\u201c<em>La civilt\u00e0 europea \u00e8 unica perch\u00e9 \u00e8 l\u2019unica a essersi imposta nel mondo. <a href=\"https:\/\/www.rassegnastampa-totustuus.it\/cattolica\/wp-content\/uploads\/2020\/04\/conquistador_Spagna.jpg\"><img loading=\"lazy\" decoding=\"async\" class=\"size-medium wp-image-47037 alignright\" src=\"https:\/\/www.rassegnastampa-totustuus.it\/cattolica\/wp-content\/uploads\/2020\/04\/conquistador_Spagna-300x197.jpg\" alt=\"\" width=\"300\" height=\"197\" srcset=\"https:\/\/www.rassegnastampa-totustuus.it\/cattolica\/wp-content\/uploads\/2020\/04\/conquistador_Spagna-300x197.jpg 300w, https:\/\/www.rassegnastampa-totustuus.it\/cattolica\/wp-content\/uploads\/2020\/04\/conquistador_Spagna-768x505.jpg 768w, https:\/\/www.rassegnastampa-totustuus.it\/cattolica\/wp-content\/uploads\/2020\/04\/conquistador_Spagna-1024x673.jpg 1024w\" sizes=\"auto, (max-width: 300px) 100vw, 300px\" \/><\/a>E questo \u00e8 avvenuto tramite la conquista e l\u2019insediamento; grazie alla sua potenza economica; grazie alla potenza delle sue idee; e perch\u00e9 possedeva cose che tutti gli altri desideravano. Oggi tutti i Paesi della Terra utilizzano le scoperte scientifiche e le tecnologie che ne sono derivate, e la scienza \u00e8 stata un\u2019invenzione europea<\/em>\u201d.<\/p>\n<p style=\"text-align: justify;\">All\u2019ingenuit\u00e0 di chi vorrebbe ridurre l\u2019Europa ad una razza di conquistatori occorre ribadire un concetto: l\u2019Europa ha dominato il mondo perch\u00e9 ha avuto i mezzi per farlo, se altri popoli avessero avuto gli stessi mezzi avrebbero fatto lo stesso e la storia lo dimostra. Tutto il mondo \u00e8 debitore nei confronti dell\u2019Europa. Il pensiero, l\u2019arte e la scienza europea hanno cambiato l\u2019umanit\u00e0.<\/p>\n","protected":false},"excerpt":{"rendered":"<p>Atlantico 17 Luglio 2020 \u00a0 di Umberto Camillo Iacoviello Tra le idee dominanti della nostra epoca la pi\u00f9 caratterizzante \u00e8 quella della cieca fiducia nel progresso della storia, ovvero la convinzione che il presente (e il futuro) rappresenti il punto pi\u00f9 alto dell\u2019evoluzione storica umana.<\/p><p><a class=\"more-link btn\" href=\"https:\/\/www.rassegnastampa-totustuus.it\/cattolica\/contro-la-religione-progressista-non-solo-difendere-la-civilta-occidentale-ma-rivendicarne-con-orgoglio-le-realizzazioni\/\">Continua a leggere<\/a><\/p>\n","protected":false},"author":6,"featured_media":47857,"comment_status":"closed","ping_status":"closed","sticky":false,"template":"","format":"standard","meta":{"footnotes":""},"categories":[25],"tags":[166,1113,558],"class_list":["post-47852","post","type-post","status-publish","format-standard","has-post-thumbnail","hentry","category-sguardo-sul-nostro-tempo","tag-europa","tag-identita-delloccidente","tag-sguardo-sul-nostro-tempo-2","item-wrap"],"yoast_head":"<!-- This site is optimized with the Yoast SEO plugin v27.5 - https:\/\/yoast.com\/product\/yoast-seo-wordpress\/ -->\n<title>Contro la religione progressista: non solo difendere la civilt\u00e0 occidentale, ma rivendicarne con orgoglio le realizzazioni - Rassegna Stampa Cattolica<\/title>\n<meta name=\"description\" content=\"Rassegna Stampa Cattolica - Per una cultura che nasce dalla Rivelazione cristiana in conformit\u00e0 alla tradizione e al Magistero della Chiesa in opposizione ad ogni relativismo e totalitarismo\" \/>\n<meta name=\"robots\" content=\"index, follow, max-snippet:-1, max-image-preview:large, max-video-preview:-1\" \/>\n<link rel=\"canonical\" href=\"https:\/\/www.rassegnastampa-totustuus.it\/cattolica\/contro-la-religione-progressista-non-solo-difendere-la-civilta-occidentale-ma-rivendicarne-con-orgoglio-le-realizzazioni\/\" \/>\n<meta property=\"og:locale\" content=\"it_IT\" \/>\n<meta property=\"og:type\" content=\"article\" \/>\n<meta property=\"og:title\" content=\"Contro la religione progressista: non solo difendere la civilt\u00e0 occidentale, ma rivendicarne con orgoglio le realizzazioni - Rassegna Stampa Cattolica\" \/>\n<meta property=\"og:description\" content=\"Rassegna Stampa Cattolica - Per una cultura che nasce dalla Rivelazione cristiana in conformit\u00e0 alla tradizione e al Magistero della Chiesa in opposizione ad ogni relativismo e totalitarismo\" \/>\n<meta property=\"og:url\" content=\"https:\/\/www.rassegnastampa-totustuus.it\/cattolica\/contro-la-religione-progressista-non-solo-difendere-la-civilta-occidentale-ma-rivendicarne-con-orgoglio-le-realizzazioni\/\" \/>\n<meta property=\"og:site_name\" content=\"Rassegna Stampa Cattolica\" \/>\n<meta property=\"article:publisher\" content=\"https:\/\/www.facebook.com\/rassegnastampacattolica\" \/>\n<meta property=\"article:published_time\" content=\"2020-07-22T22:00:01+00:00\" \/>\n<meta property=\"og:image\" content=\"https:\/\/www.rassegnastampa-totustuus.it\/cattolica\/wp-content\/uploads\/2020\/07\/statue_protesta.jpg\" \/>\n\t<meta property=\"og:image:width\" content=\"1919\" \/>\n\t<meta property=\"og:image:height\" content=\"732\" \/>\n\t<meta property=\"og:image:type\" content=\"image\/jpeg\" \/>\n<meta name=\"author\" content=\"Redazione\" \/>\n<meta name=\"twitter:card\" content=\"summary_large_image\" \/>\n<meta name=\"twitter:creator\" content=\"@rassegnastampa9\" \/>\n<meta name=\"twitter:site\" content=\"@rassegnastampa9\" \/>\n<meta name=\"twitter:label1\" content=\"Scritto da\" \/>\n\t<meta name=\"twitter:data1\" content=\"Redazione\" \/>\n\t<meta name=\"twitter:label2\" content=\"Tempo di lettura stimato\" \/>\n\t<meta name=\"twitter:data2\" content=\"6 minuti\" \/>\n<script type=\"application\/ld+json\" class=\"yoast-schema-graph\">{\"@context\":\"https:\\\/\\\/schema.org\",\"@graph\":[{\"@type\":\"Article\",\"@id\":\"https:\\\/\\\/www.rassegnastampa-totustuus.it\\\/cattolica\\\/contro-la-religione-progressista-non-solo-difendere-la-civilta-occidentale-ma-rivendicarne-con-orgoglio-le-realizzazioni\\\/#article\",\"isPartOf\":{\"@id\":\"https:\\\/\\\/www.rassegnastampa-totustuus.it\\\/cattolica\\\/contro-la-religione-progressista-non-solo-difendere-la-civilta-occidentale-ma-rivendicarne-con-orgoglio-le-realizzazioni\\\/\"},\"author\":{\"name\":\"Redazione\",\"@id\":\"https:\\\/\\\/www.rassegnastampa-totustuus.it\\\/cattolica\\\/#\\\/schema\\\/person\\\/08f319d2bd1a0904ad9e2bfb7b15e5c3\"},\"headline\":\"Contro la religione progressista: non solo difendere la civilt\u00e0 occidentale, ma rivendicarne con orgoglio le realizzazioni\",\"datePublished\":\"2020-07-22T22:00:01+00:00\",\"mainEntityOfPage\":{\"@id\":\"https:\\\/\\\/www.rassegnastampa-totustuus.it\\\/cattolica\\\/contro-la-religione-progressista-non-solo-difendere-la-civilta-occidentale-ma-rivendicarne-con-orgoglio-le-realizzazioni\\\/\"},\"wordCount\":1135,\"publisher\":{\"@id\":\"https:\\\/\\\/www.rassegnastampa-totustuus.it\\\/cattolica\\\/#organization\"},\"image\":{\"@id\":\"https:\\\/\\\/www.rassegnastampa-totustuus.it\\\/cattolica\\\/contro-la-religione-progressista-non-solo-difendere-la-civilta-occidentale-ma-rivendicarne-con-orgoglio-le-realizzazioni\\\/#primaryimage\"},\"thumbnailUrl\":\"https:\\\/\\\/www.rassegnastampa-totustuus.it\\\/cattolica\\\/wp-content\\\/uploads\\\/2020\\\/07\\\/statue_protesta.jpg\",\"keywords\":[\"Europa\",\"identit\u00e0 dell'occidente\",\"sguardo sul nostro tempo\"],\"articleSection\":[\"Sguardo sul nostro tempo\"],\"inLanguage\":\"it-IT\"},{\"@type\":\"WebPage\",\"@id\":\"https:\\\/\\\/www.rassegnastampa-totustuus.it\\\/cattolica\\\/contro-la-religione-progressista-non-solo-difendere-la-civilta-occidentale-ma-rivendicarne-con-orgoglio-le-realizzazioni\\\/\",\"url\":\"https:\\\/\\\/www.rassegnastampa-totustuus.it\\\/cattolica\\\/contro-la-religione-progressista-non-solo-difendere-la-civilta-occidentale-ma-rivendicarne-con-orgoglio-le-realizzazioni\\\/\",\"name\":\"Contro la religione progressista: non solo difendere la civilt\u00e0 occidentale, ma rivendicarne con orgoglio le realizzazioni - Rassegna Stampa Cattolica\",\"isPartOf\":{\"@id\":\"https:\\\/\\\/www.rassegnastampa-totustuus.it\\\/cattolica\\\/#website\"},\"primaryImageOfPage\":{\"@id\":\"https:\\\/\\\/www.rassegnastampa-totustuus.it\\\/cattolica\\\/contro-la-religione-progressista-non-solo-difendere-la-civilta-occidentale-ma-rivendicarne-con-orgoglio-le-realizzazioni\\\/#primaryimage\"},\"image\":{\"@id\":\"https:\\\/\\\/www.rassegnastampa-totustuus.it\\\/cattolica\\\/contro-la-religione-progressista-non-solo-difendere-la-civilta-occidentale-ma-rivendicarne-con-orgoglio-le-realizzazioni\\\/#primaryimage\"},\"thumbnailUrl\":\"https:\\\/\\\/www.rassegnastampa-totustuus.it\\\/cattolica\\\/wp-content\\\/uploads\\\/2020\\\/07\\\/statue_protesta.jpg\",\"datePublished\":\"2020-07-22T22:00:01+00:00\",\"description\":\"Rassegna Stampa Cattolica - Per una cultura che nasce dalla Rivelazione cristiana in conformit\u00e0 alla tradizione e al Magistero della Chiesa in opposizione ad ogni relativismo e totalitarismo\",\"breadcrumb\":{\"@id\":\"https:\\\/\\\/www.rassegnastampa-totustuus.it\\\/cattolica\\\/contro-la-religione-progressista-non-solo-difendere-la-civilta-occidentale-ma-rivendicarne-con-orgoglio-le-realizzazioni\\\/#breadcrumb\"},\"inLanguage\":\"it-IT\",\"potentialAction\":[{\"@type\":\"ReadAction\",\"target\":[\"https:\\\/\\\/www.rassegnastampa-totustuus.it\\\/cattolica\\\/contro-la-religione-progressista-non-solo-difendere-la-civilta-occidentale-ma-rivendicarne-con-orgoglio-le-realizzazioni\\\/\"]}]},{\"@type\":\"ImageObject\",\"inLanguage\":\"it-IT\",\"@id\":\"https:\\\/\\\/www.rassegnastampa-totustuus.it\\\/cattolica\\\/contro-la-religione-progressista-non-solo-difendere-la-civilta-occidentale-ma-rivendicarne-con-orgoglio-le-realizzazioni\\\/#primaryimage\",\"url\":\"https:\\\/\\\/www.rassegnastampa-totustuus.it\\\/cattolica\\\/wp-content\\\/uploads\\\/2020\\\/07\\\/statue_protesta.jpg\",\"contentUrl\":\"https:\\\/\\\/www.rassegnastampa-totustuus.it\\\/cattolica\\\/wp-content\\\/uploads\\\/2020\\\/07\\\/statue_protesta.jpg\",\"width\":1919,\"height\":732},{\"@type\":\"BreadcrumbList\",\"@id\":\"https:\\\/\\\/www.rassegnastampa-totustuus.it\\\/cattolica\\\/contro-la-religione-progressista-non-solo-difendere-la-civilta-occidentale-ma-rivendicarne-con-orgoglio-le-realizzazioni\\\/#breadcrumb\",\"itemListElement\":[{\"@type\":\"ListItem\",\"position\":1,\"name\":\"Home\",\"item\":\"https:\\\/\\\/www.rassegnastampa-totustuus.it\\\/cattolica\\\/\"},{\"@type\":\"ListItem\",\"position\":2,\"name\":\"Contro la religione progressista: non solo difendere la civilt\u00e0 occidentale, ma rivendicarne con orgoglio le realizzazioni\"}]},{\"@type\":\"WebSite\",\"@id\":\"https:\\\/\\\/www.rassegnastampa-totustuus.it\\\/cattolica\\\/#website\",\"url\":\"https:\\\/\\\/www.rassegnastampa-totustuus.it\\\/cattolica\\\/\",\"name\":\"Rassegna Stampa Cattolica\",\"description\":\"Per una cultura che nasce dalla Rivelazione cristiana in conformit\u00e0 alla tradizione e al Magistero della Chiesa in opposizione ad ogni relativismo e totalitarismo\",\"publisher\":{\"@id\":\"https:\\\/\\\/www.rassegnastampa-totustuus.it\\\/cattolica\\\/#organization\"},\"alternateName\":\"Rass. Cattolica\",\"potentialAction\":[{\"@type\":\"SearchAction\",\"target\":{\"@type\":\"EntryPoint\",\"urlTemplate\":\"https:\\\/\\\/www.rassegnastampa-totustuus.it\\\/cattolica\\\/?s={search_term_string}\"},\"query-input\":{\"@type\":\"PropertyValueSpecification\",\"valueRequired\":true,\"valueName\":\"search_term_string\"}}],\"inLanguage\":\"it-IT\"},{\"@type\":\"Organization\",\"@id\":\"https:\\\/\\\/www.rassegnastampa-totustuus.it\\\/cattolica\\\/#organization\",\"name\":\"Rassegna Stampa Cattolica\",\"url\":\"https:\\\/\\\/www.rassegnastampa-totustuus.it\\\/cattolica\\\/\",\"logo\":{\"@type\":\"ImageObject\",\"inLanguage\":\"it-IT\",\"@id\":\"https:\\\/\\\/www.rassegnastampa-totustuus.it\\\/cattolica\\\/#\\\/schema\\\/logo\\\/image\\\/\",\"url\":\"https:\\\/\\\/www.rassegnastampa-totustuus.it\\\/cattolica\\\/wp-content\\\/uploads\\\/2014\\\/04\\\/logo-rassegna1.gif\",\"contentUrl\":\"https:\\\/\\\/www.rassegnastampa-totustuus.it\\\/cattolica\\\/wp-content\\\/uploads\\\/2014\\\/04\\\/logo-rassegna1.gif\",\"width\":600,\"height\":163,\"caption\":\"Rassegna Stampa Cattolica\"},\"image\":{\"@id\":\"https:\\\/\\\/www.rassegnastampa-totustuus.it\\\/cattolica\\\/#\\\/schema\\\/logo\\\/image\\\/\"},\"sameAs\":[\"https:\\\/\\\/www.facebook.com\\\/rassegnastampacattolica\",\"https:\\\/\\\/x.com\\\/rassegnastampa9\"]},{\"@type\":\"Person\",\"@id\":\"https:\\\/\\\/www.rassegnastampa-totustuus.it\\\/cattolica\\\/#\\\/schema\\\/person\\\/08f319d2bd1a0904ad9e2bfb7b15e5c3\",\"name\":\"Redazione\",\"image\":{\"@type\":\"ImageObject\",\"inLanguage\":\"it-IT\",\"@id\":\"https:\\\/\\\/secure.gravatar.com\\\/avatar\\\/2fcdf27c78ea025fbdb44e914cc63c72249ffec9dc8aafd5c82b26240ef3f346?s=96&d=mm&r=g\",\"url\":\"https:\\\/\\\/secure.gravatar.com\\\/avatar\\\/2fcdf27c78ea025fbdb44e914cc63c72249ffec9dc8aafd5c82b26240ef3f346?s=96&d=mm&r=g\",\"contentUrl\":\"https:\\\/\\\/secure.gravatar.com\\\/avatar\\\/2fcdf27c78ea025fbdb44e914cc63c72249ffec9dc8aafd5c82b26240ef3f346?s=96&d=mm&r=g\",\"caption\":\"Redazione\"},\"url\":\"https:\\\/\\\/www.rassegnastampa-totustuus.it\\\/cattolica\\\/author\\\/pietroelle\\\/\"}]}<\/script>\n<!-- \/ Yoast SEO plugin. -->","yoast_head_json":{"title":"Contro la religione progressista: non solo difendere la civilt\u00e0 occidentale, ma rivendicarne con orgoglio le realizzazioni - Rassegna Stampa Cattolica","description":"Rassegna Stampa Cattolica - Per una cultura che nasce dalla Rivelazione cristiana in conformit\u00e0 alla tradizione e al Magistero della Chiesa in opposizione ad ogni relativismo e totalitarismo","robots":{"index":"index","follow":"follow","max-snippet":"max-snippet:-1","max-image-preview":"max-image-preview:large","max-video-preview":"max-video-preview:-1"},"canonical":"https:\/\/www.rassegnastampa-totustuus.it\/cattolica\/contro-la-religione-progressista-non-solo-difendere-la-civilta-occidentale-ma-rivendicarne-con-orgoglio-le-realizzazioni\/","og_locale":"it_IT","og_type":"article","og_title":"Contro la religione progressista: non solo difendere la civilt\u00e0 occidentale, ma rivendicarne con orgoglio le realizzazioni - Rassegna Stampa Cattolica","og_description":"Rassegna Stampa Cattolica - Per una cultura che nasce dalla Rivelazione cristiana in conformit\u00e0 alla tradizione e al Magistero della Chiesa in opposizione ad ogni relativismo e totalitarismo","og_url":"https:\/\/www.rassegnastampa-totustuus.it\/cattolica\/contro-la-religione-progressista-non-solo-difendere-la-civilta-occidentale-ma-rivendicarne-con-orgoglio-le-realizzazioni\/","og_site_name":"Rassegna Stampa Cattolica","article_publisher":"https:\/\/www.facebook.com\/rassegnastampacattolica","article_published_time":"2020-07-22T22:00:01+00:00","og_image":[{"width":1919,"height":732,"url":"https:\/\/www.rassegnastampa-totustuus.it\/cattolica\/wp-content\/uploads\/2020\/07\/statue_protesta.jpg","type":"image\/jpeg"}],"author":"Redazione","twitter_card":"summary_large_image","twitter_creator":"@rassegnastampa9","twitter_site":"@rassegnastampa9","twitter_misc":{"Scritto da":"Redazione","Tempo di lettura stimato":"6 minuti"},"schema":{"@context":"https:\/\/schema.org","@graph":[{"@type":"Article","@id":"https:\/\/www.rassegnastampa-totustuus.it\/cattolica\/contro-la-religione-progressista-non-solo-difendere-la-civilta-occidentale-ma-rivendicarne-con-orgoglio-le-realizzazioni\/#article","isPartOf":{"@id":"https:\/\/www.rassegnastampa-totustuus.it\/cattolica\/contro-la-religione-progressista-non-solo-difendere-la-civilta-occidentale-ma-rivendicarne-con-orgoglio-le-realizzazioni\/"},"author":{"name":"Redazione","@id":"https:\/\/www.rassegnastampa-totustuus.it\/cattolica\/#\/schema\/person\/08f319d2bd1a0904ad9e2bfb7b15e5c3"},"headline":"Contro la religione progressista: non solo difendere la civilt\u00e0 occidentale, ma rivendicarne con orgoglio le realizzazioni","datePublished":"2020-07-22T22:00:01+00:00","mainEntityOfPage":{"@id":"https:\/\/www.rassegnastampa-totustuus.it\/cattolica\/contro-la-religione-progressista-non-solo-difendere-la-civilta-occidentale-ma-rivendicarne-con-orgoglio-le-realizzazioni\/"},"wordCount":1135,"publisher":{"@id":"https:\/\/www.rassegnastampa-totustuus.it\/cattolica\/#organization"},"image":{"@id":"https:\/\/www.rassegnastampa-totustuus.it\/cattolica\/contro-la-religione-progressista-non-solo-difendere-la-civilta-occidentale-ma-rivendicarne-con-orgoglio-le-realizzazioni\/#primaryimage"},"thumbnailUrl":"https:\/\/www.rassegnastampa-totustuus.it\/cattolica\/wp-content\/uploads\/2020\/07\/statue_protesta.jpg","keywords":["Europa","identit\u00e0 dell'occidente","sguardo sul nostro tempo"],"articleSection":["Sguardo sul nostro tempo"],"inLanguage":"it-IT"},{"@type":"WebPage","@id":"https:\/\/www.rassegnastampa-totustuus.it\/cattolica\/contro-la-religione-progressista-non-solo-difendere-la-civilta-occidentale-ma-rivendicarne-con-orgoglio-le-realizzazioni\/","url":"https:\/\/www.rassegnastampa-totustuus.it\/cattolica\/contro-la-religione-progressista-non-solo-difendere-la-civilta-occidentale-ma-rivendicarne-con-orgoglio-le-realizzazioni\/","name":"Contro la religione progressista: non solo difendere la civilt\u00e0 occidentale, ma rivendicarne con orgoglio le realizzazioni - Rassegna Stampa Cattolica","isPartOf":{"@id":"https:\/\/www.rassegnastampa-totustuus.it\/cattolica\/#website"},"primaryImageOfPage":{"@id":"https:\/\/www.rassegnastampa-totustuus.it\/cattolica\/contro-la-religione-progressista-non-solo-difendere-la-civilta-occidentale-ma-rivendicarne-con-orgoglio-le-realizzazioni\/#primaryimage"},"image":{"@id":"https:\/\/www.rassegnastampa-totustuus.it\/cattolica\/contro-la-religione-progressista-non-solo-difendere-la-civilta-occidentale-ma-rivendicarne-con-orgoglio-le-realizzazioni\/#primaryimage"},"thumbnailUrl":"https:\/\/www.rassegnastampa-totustuus.it\/cattolica\/wp-content\/uploads\/2020\/07\/statue_protesta.jpg","datePublished":"2020-07-22T22:00:01+00:00","description":"Rassegna Stampa Cattolica - Per una cultura che nasce dalla Rivelazione cristiana in conformit\u00e0 alla tradizione e al Magistero della Chiesa in opposizione ad ogni relativismo e totalitarismo","breadcrumb":{"@id":"https:\/\/www.rassegnastampa-totustuus.it\/cattolica\/contro-la-religione-progressista-non-solo-difendere-la-civilta-occidentale-ma-rivendicarne-con-orgoglio-le-realizzazioni\/#breadcrumb"},"inLanguage":"it-IT","potentialAction":[{"@type":"ReadAction","target":["https:\/\/www.rassegnastampa-totustuus.it\/cattolica\/contro-la-religione-progressista-non-solo-difendere-la-civilta-occidentale-ma-rivendicarne-con-orgoglio-le-realizzazioni\/"]}]},{"@type":"ImageObject","inLanguage":"it-IT","@id":"https:\/\/www.rassegnastampa-totustuus.it\/cattolica\/contro-la-religione-progressista-non-solo-difendere-la-civilta-occidentale-ma-rivendicarne-con-orgoglio-le-realizzazioni\/#primaryimage","url":"https:\/\/www.rassegnastampa-totustuus.it\/cattolica\/wp-content\/uploads\/2020\/07\/statue_protesta.jpg","contentUrl":"https:\/\/www.rassegnastampa-totustuus.it\/cattolica\/wp-content\/uploads\/2020\/07\/statue_protesta.jpg","width":1919,"height":732},{"@type":"BreadcrumbList","@id":"https:\/\/www.rassegnastampa-totustuus.it\/cattolica\/contro-la-religione-progressista-non-solo-difendere-la-civilta-occidentale-ma-rivendicarne-con-orgoglio-le-realizzazioni\/#breadcrumb","itemListElement":[{"@type":"ListItem","position":1,"name":"Home","item":"https:\/\/www.rassegnastampa-totustuus.it\/cattolica\/"},{"@type":"ListItem","position":2,"name":"Contro la religione progressista: non solo difendere la civilt\u00e0 occidentale, ma rivendicarne con orgoglio le realizzazioni"}]},{"@type":"WebSite","@id":"https:\/\/www.rassegnastampa-totustuus.it\/cattolica\/#website","url":"https:\/\/www.rassegnastampa-totustuus.it\/cattolica\/","name":"Rassegna Stampa Cattolica","description":"Per una cultura che nasce dalla Rivelazione cristiana in conformit\u00e0 alla tradizione e al Magistero della Chiesa in opposizione ad ogni relativismo e totalitarismo","publisher":{"@id":"https:\/\/www.rassegnastampa-totustuus.it\/cattolica\/#organization"},"alternateName":"Rass. Cattolica","potentialAction":[{"@type":"SearchAction","target":{"@type":"EntryPoint","urlTemplate":"https:\/\/www.rassegnastampa-totustuus.it\/cattolica\/?s={search_term_string}"},"query-input":{"@type":"PropertyValueSpecification","valueRequired":true,"valueName":"search_term_string"}}],"inLanguage":"it-IT"},{"@type":"Organization","@id":"https:\/\/www.rassegnastampa-totustuus.it\/cattolica\/#organization","name":"Rassegna Stampa Cattolica","url":"https:\/\/www.rassegnastampa-totustuus.it\/cattolica\/","logo":{"@type":"ImageObject","inLanguage":"it-IT","@id":"https:\/\/www.rassegnastampa-totustuus.it\/cattolica\/#\/schema\/logo\/image\/","url":"https:\/\/www.rassegnastampa-totustuus.it\/cattolica\/wp-content\/uploads\/2014\/04\/logo-rassegna1.gif","contentUrl":"https:\/\/www.rassegnastampa-totustuus.it\/cattolica\/wp-content\/uploads\/2014\/04\/logo-rassegna1.gif","width":600,"height":163,"caption":"Rassegna Stampa Cattolica"},"image":{"@id":"https:\/\/www.rassegnastampa-totustuus.it\/cattolica\/#\/schema\/logo\/image\/"},"sameAs":["https:\/\/www.facebook.com\/rassegnastampacattolica","https:\/\/x.com\/rassegnastampa9"]},{"@type":"Person","@id":"https:\/\/www.rassegnastampa-totustuus.it\/cattolica\/#\/schema\/person\/08f319d2bd1a0904ad9e2bfb7b15e5c3","name":"Redazione","image":{"@type":"ImageObject","inLanguage":"it-IT","@id":"https:\/\/secure.gravatar.com\/avatar\/2fcdf27c78ea025fbdb44e914cc63c72249ffec9dc8aafd5c82b26240ef3f346?s=96&d=mm&r=g","url":"https:\/\/secure.gravatar.com\/avatar\/2fcdf27c78ea025fbdb44e914cc63c72249ffec9dc8aafd5c82b26240ef3f346?s=96&d=mm&r=g","contentUrl":"https:\/\/secure.gravatar.com\/avatar\/2fcdf27c78ea025fbdb44e914cc63c72249ffec9dc8aafd5c82b26240ef3f346?s=96&d=mm&r=g","caption":"Redazione"},"url":"https:\/\/www.rassegnastampa-totustuus.it\/cattolica\/author\/pietroelle\/"}]}},"_links":{"self":[{"href":"https:\/\/www.rassegnastampa-totustuus.it\/cattolica\/wp-json\/wp\/v2\/posts\/47852","targetHints":{"allow":["GET"]}}],"collection":[{"href":"https:\/\/www.rassegnastampa-totustuus.it\/cattolica\/wp-json\/wp\/v2\/posts"}],"about":[{"href":"https:\/\/www.rassegnastampa-totustuus.it\/cattolica\/wp-json\/wp\/v2\/types\/post"}],"author":[{"embeddable":true,"href":"https:\/\/www.rassegnastampa-totustuus.it\/cattolica\/wp-json\/wp\/v2\/users\/6"}],"replies":[{"embeddable":true,"href":"https:\/\/www.rassegnastampa-totustuus.it\/cattolica\/wp-json\/wp\/v2\/comments?post=47852"}],"version-history":[{"count":1,"href":"https:\/\/www.rassegnastampa-totustuus.it\/cattolica\/wp-json\/wp\/v2\/posts\/47852\/revisions"}],"predecessor-version":[{"id":47858,"href":"https:\/\/www.rassegnastampa-totustuus.it\/cattolica\/wp-json\/wp\/v2\/posts\/47852\/revisions\/47858"}],"wp:featuredmedia":[{"embeddable":true,"href":"https:\/\/www.rassegnastampa-totustuus.it\/cattolica\/wp-json\/wp\/v2\/media\/47857"}],"wp:attachment":[{"href":"https:\/\/www.rassegnastampa-totustuus.it\/cattolica\/wp-json\/wp\/v2\/media?parent=47852"}],"wp:term":[{"taxonomy":"category","embeddable":true,"href":"https:\/\/www.rassegnastampa-totustuus.it\/cattolica\/wp-json\/wp\/v2\/categories?post=47852"},{"taxonomy":"post_tag","embeddable":true,"href":"https:\/\/www.rassegnastampa-totustuus.it\/cattolica\/wp-json\/wp\/v2\/tags?post=47852"}],"curies":[{"name":"wp","href":"https:\/\/api.w.org\/{rel}","templated":true}]}}