{"id":4769,"date":"2011-11-14T14:26:51","date_gmt":"2011-11-14T13:26:51","guid":{"rendered":""},"modified":"2015-11-11T16:09:59","modified_gmt":"2015-11-11T15:09:59","slug":"il-golpe-dei-banchieri","status":"publish","type":"post","link":"https:\/\/www.rassegnastampa-totustuus.it\/cattolica\/il-golpe-dei-banchieri\/","title":{"rendered":"Il golpe dei banchieri"},"content":{"rendered":"<div style=\"text-align: center;\"><strong><a href=\"https:\/\/www.rassegnastampa-totustuus.it\/cattolica\/wp-content\/uploads\/2011\/11\/golpe.jpg\"><img loading=\"lazy\" decoding=\"async\" class=\"alignleft wp-image-27458\" src=\"https:\/\/www.rassegnastampa-totustuus.it\/cattolica\/wp-content\/uploads\/2011\/11\/golpe.jpg\" alt=\"golpe\" width=\"135\" height=\"181\" \/><\/a>La Bussola quotidiana <\/strong>11 novembre 2011<\/div>\n<p style=\"text-align: center;\">di<strong> Gianandrea Gaiani <\/strong><\/p>\n<p style=\"text-align: justify;\">Una volta i golpe li facevano, o li tentavano, i militari. Oggi li fanno i banchieri. Nel caos che sconvolge l\u2019Italia e l\u2019Europa, l\u2019unico elemento chiaro \u00e8 rappresentato dal crollo della democrazia, cio\u00e8 della legittimit\u00e0 dei governi eletti dai popoli di guidare alcuni Paesi.<\/p>\n<p style=\"text-align: justify;\">Oggi sembra anche pi\u00f9 chiaro l\u2019obiettivo di mesi e mesi di feroci attacchi mediatici alla &#8220;casta&#8221; politica Intendiamoci. La classe politica \u00e8 indifendibile e non brilla per parsimonia, capacit\u00e0 e competenza ma bench\u00e9 i suoi difetti siano noti da tempo solo recentemente attaccarla \u00e8 diventato lo sport nazionale pi\u00f9 diffuso.<\/p>\n<p><!--more--><\/p>\n<p style=\"text-align: justify;\">Le ragioni di questo assedio alla legittimit\u00e0 dei (pur spesso impresentabili) rappresentanti del popolo sembrano pi\u00f9 chiare oggi alla luce di quanto sta accadendo in Grecia e in Italia dove governi di espressione politica diversa (Centrodestra a Roma, Centrosinistra ad Atene) vengono fatti crollare e rimpiazzati dal direttorio politico-economico franco-tedesco composto da esponenti della grande finanza e della burocrazia dell&#8217;Unione Europea.<\/p>\n<p style=\"text-align: justify;\">La colpa pi\u00f9 grave della classe politica non \u00e8 solo di aver consentito questa nuova forma d\u2019invasione straniera ma, forse, di esserne in qualche modo complice. Le opposizioni e parte della stessa ex maggioranza non hanno fatto altro che ripetere che l\u2019Europa (parola pronunciata sempre con tono solenne, come faceva Romano Prodi quando ci fece entrare nell\u2019euro a suon di tasse) voleva le dimissioni di Silvio Berlusconi.<\/p>\n<p style=\"text-align: justify;\">Nessuno che abbia avuto il coraggio di rispondere che i governi italiani vengono fatti cadere dagli elettori italiani, non dalle banche, dagli speculatori e dai burocrati di Bruxelles. Invece sono tutti in ginocchio davanti a loro, divinit\u00e0 supreme capaci di cooptare le massime istituzioni del Paese, leader politici e opinionisti. Nella migliore tradizione italiana, gi\u00e0 nei secoli scorsi ci siamo divisi nel sostenere gli interessi stranieri in casa nostra fedeli al motto &#8220;Franza o Spagna purch\u00e9 se magna&#8221;.<\/p>\n<p style=\"text-align: justify;\">Certo, non \u00e8 la prima volta che la nostra sovranit\u00e0 appare limitata. Nell\u2019aprile scorso Washington con il supporto del Quirinale &#8220;impose&#8221; a Berlusconi di bombardare la Libia e nel 1998 con un &#8220;golpe parlamentare&#8221; venne rovesciato il governo di Romano Prodi la cui maggioranza non avrebbe mai accettato di condurre la guerra alla Serbia comunista di Slobodan Milosevic. Il conflitto kosovaro lo combattemmo in fatti con la Nato, in silenzio, ma guidati dal governo filoamericano di Massimo D\u2019Alema.<\/p>\n<p style=\"text-align: justify;\">Ora invece ci inginocchiamo davanti ai poteri forti della finanza e dei mercati, cio\u00e8 gli stessi che hanno causato la crisi finanziaria del 2008. Perch\u00e9 se ci sono molte riserve sulla qualit\u00e0 dell\u2019attuale classe politica (non solo in Italia) le cose non vanno certo meglio per i vertici del mondo bancario. Ve la ricordate la Bce quando, nel 2008, alz\u00f2 il costo del denaro nonostante gli evidenti sintomi di crisi dell\u2019economia per rallentare un\u2019inflazione immaginaria determinata in realt\u00e0 solo dal petrolio che aveva superato i 140 dollari al barile?<\/p>\n<p style=\"text-align: justify;\">Jean Claude Trichet ci ha riprovato nella primavera scorsa, ancora una volta confondendo l\u2019inflazione con il petrolio alle stelle a causa della guerra libica. Ha alzato di nuovo il costo del denaro (e dei nostri mutui) nonostante di ripresa si parlasse solo nelle preghiere. Giusto per dare un senso di continuit\u00e0 alle iniziative della Bce il nuovo presidente, Mario Draghi, ha deciso di riabbassarli dello 0,25 per cento la settimana scorsa.<\/p>\n<p style=\"text-align: justify;\">Chi ci impone regole, governi e programmi economici non brilla per competenza e autorevolezza. Per\u00f2 pretende che il governo italiano cada e si svenda tutto perch\u00e9 &#8220;lo vuole l\u2019Europa, lo vogliono i mercati&#8221;. Entit\u00e0 sovranazionali, quasi mistiche sull\u2019altare delle quali dovremmo sacrificare la nostra certo imperfetta democrazia? Giova ricordare che la costruzione dell\u2019Europa non ha mai avuto molto a che fare con il consenso popolare. Nessuno ha mai chiesto agli italiani e a molti altri popoli del Vecchio continente se volessero o meno l\u2019adesione all\u2019Unione o all\u2019euro. Nella storia non c\u2019\u00e8 mai stata una moneta unica diffusa in un\u2018area che non fosse gi\u00e0 stata unificata o con la forza o con una federazione di Stati (gli Usa).<\/p>\n<p style=\"text-align: justify;\">Senza unione politica istituire una moneta unica ha significato porre l\u2019Europa in mano alle banche e alle maggiori potenze finanziarie continentali: Germania e Francia. La Ue non \u00e8 riuscita neppure ad avere uno straccio di Costituzione poich\u00e9 quella messa a punto \u00e8 stara bocciata negli unici due referendum indetti in Olanda e Francia. Poco amate dagli elettori europei (che eleggono i parlamentari nazionali da inviare a Strasburgo ma non i membri della Commissione) le elefantiache e costosissime caste che guidano la Ue e la Bce detestano referendum e suffragi popolari.<\/p>\n<p style=\"text-align: justify;\">Ora per\u00f2 non ci sono pi\u00f9 remore neppure a compiere plateali azioni antidemocratiche. In Grecia il premier Papandreu ha &#8220;osato&#8221; proporre un referendum per chiedere ai cittadini se volevano i sacrifici per restare nell\u2019euro o se preferivano lasciare l\u2019allegra combriccola. \u00c8 stato &#8220;fucilato&#8221; simbolicamente da Angela Merkel e Nicolas Sarkozy, quest\u2019ultimo lo ha anche insultato in un fuori onda forse casuale o forse no.<\/p>\n<p style=\"text-align: justify;\">Pochi giorni dopo il premier greco \u00e8 stato costretto a dimettersi dalla defezione (casuale?) di quattro deputati del suo partito e a guidare il nuovo governo (ovviamente tecnico) \u00e8 stato chiamato un banchiere, Lucas Demetrios Papademos, ex governatore della Banca Centrale greca ed ex numero due della Bce. Dovr\u00e0 gestire un programma di austerity nel quale ai tagli sociali si affiancheranno privatizzazioni, vendita di imprese e persino di isole.<\/p>\n<p style=\"text-align: justify;\">Merce in saldo con le borse (e i debiti pubblici) di oggi. Ottimi affari in vista per la grande finanza, i grandi investitori, gli speculatori e i grandi gruppi internazionali, soprattutto quelli franco-tedeschi perch\u00e9 le banche di Parigi e Berlino detengono buona parte del debito greco.<\/p>\n<p style=\"text-align: justify;\">Nonostante l\u2019Italia rappresenti l\u2019ottava potenza economica mondiale non viene trattata meglio. Anche Berlusconi ha avuto i suoi &#8220;traditori&#8221; e i suoi &#8220;avvertimenti&#8221;. Come l\u2019attacco borsistico a Mediaset (meno 12% in un sol giorno) che ha &#8220;consigliato&#8221; il premier di ritirare l\u2019idea di posticipare le dimissioni e ad appoggiare la candidatura di Monti, nominato poche ore dopo senatore a vita dal Quirinale.<\/p>\n<p style=\"text-align: justify;\">Fino a pochi anni or sono sarebbe bastato molto meno per denunciare minacce alla democrazia o ingerenze esterne nella vita politica italiana. Ma oggi no. Sia fatta la volont\u00e0 dell\u2019Europa e dei mercati finanziari e chissenefrega dei cittadini che sono poi elettori e contribuenti spennati dalle manovre del governo come da quelle degli speculatori e dei banchieri &#8220;salvatori delle patrie&#8221;.<\/p>\n<p style=\"text-align: justify;\">Un accanimento contro l\u2019Italia giustificato non certo dall\u2019insofferenza nei confronti di Berlusconi ma dal fatto che i nostri bocconi sono ancora pi\u00f9 appetibili di quelli ellenici. I francesi forse non sono riusciti a prendersi i nostri ricchi contratti in Libia per ottenere i quali hanno scatenato la guerra pi\u00f9 stupida della storia ma contano ora di potersi comprare a prezzi di saldo le nostre migliori aziende.<\/p>\n<p style=\"text-align: justify;\">Il governo tecnico dovr\u00e0 privatizzare in tempi rapidi i beni dello Stato, cio\u00e8 svendere i &#8220;gioielli di famiglia&#8221; ai nuovi lanzichenecchi e ai Brenno del XXI secolo. Che non vedono l\u2019ora di acquistare per un tozzo di pane quote e societ\u00e0 di Eni, Finmeccanica, banche e altri gruppi fino a oggi temibili concorrenti per quei Paesi che solo chi \u00e8 in affari con loro pu\u00f2 continuare a chiamare partner.<\/p>\n","protected":false},"excerpt":{"rendered":"<p>La Bussola quotidiana 11 novembre 2011 di Gianandrea Gaiani Una volta i golpe li facevano, o li tentavano, i militari. Oggi li fanno i banchieri. Nel caos che sconvolge l\u2019Italia e l\u2019Europa, l\u2019unico elemento chiaro \u00e8 rappresentato dal crollo della democrazia, cio\u00e8 della legittimit\u00e0 dei governi eletti dai popoli di guidare alcuni Paesi. Oggi sembra &hellip; <\/p>\n<p><a class=\"more-link btn\" href=\"https:\/\/www.rassegnastampa-totustuus.it\/cattolica\/il-golpe-dei-banchieri\/\">Continua a leggere<\/a><\/p>\n","protected":false},"author":6,"featured_media":27458,"comment_status":"closed","ping_status":"open","sticky":false,"template":"","format":"standard","meta":{"footnotes":""},"categories":[13,20],"tags":[1752],"class_list":["post-4769","post","type-post","status-publish","format-standard","has-post-thumbnail","hentry","category-economia","category-politica-nazionale","tag-banche","item-wrap"],"yoast_head":"<!-- This site is optimized with the Yoast SEO plugin v27.5 - https:\/\/yoast.com\/product\/yoast-seo-wordpress\/ -->\n<title>Il golpe dei banchieri - Rassegna Stampa Cattolica<\/title>\n<meta name=\"description\" content=\"Rassegna Stampa Cattolica - Per una cultura che nasce dalla Rivelazione cristiana in conformit\u00e0 alla tradizione e al Magistero della Chiesa in opposizione ad ogni relativismo e totalitarismo\" \/>\n<meta name=\"robots\" content=\"index, follow, max-snippet:-1, max-image-preview:large, max-video-preview:-1\" \/>\n<link rel=\"canonical\" href=\"https:\/\/www.rassegnastampa-totustuus.it\/cattolica\/il-golpe-dei-banchieri\/\" \/>\n<meta property=\"og:locale\" content=\"it_IT\" \/>\n<meta property=\"og:type\" content=\"article\" \/>\n<meta property=\"og:title\" content=\"Il golpe dei banchieri - Rassegna Stampa Cattolica\" \/>\n<meta property=\"og:description\" content=\"Rassegna Stampa Cattolica - Per una cultura che nasce dalla Rivelazione cristiana in conformit\u00e0 alla tradizione e al Magistero della Chiesa in opposizione ad ogni relativismo e totalitarismo\" \/>\n<meta property=\"og:url\" content=\"https:\/\/www.rassegnastampa-totustuus.it\/cattolica\/il-golpe-dei-banchieri\/\" \/>\n<meta property=\"og:site_name\" content=\"Rassegna Stampa Cattolica\" \/>\n<meta property=\"article:publisher\" content=\"https:\/\/www.facebook.com\/rassegnastampacattolica\" \/>\n<meta property=\"article:published_time\" content=\"2011-11-14T13:26:51+00:00\" \/>\n<meta property=\"article:modified_time\" content=\"2015-11-11T15:09:59+00:00\" \/>\n<meta property=\"og:image\" content=\"https:\/\/www.rassegnastampa-totustuus.it\/cattolica\/wp-content\/uploads\/2011\/11\/golpe.jpg\" \/>\n\t<meta property=\"og:image:width\" content=\"194\" \/>\n\t<meta property=\"og:image:height\" content=\"260\" \/>\n\t<meta property=\"og:image:type\" content=\"image\/jpeg\" \/>\n<meta name=\"author\" content=\"Redazione\" \/>\n<meta name=\"twitter:card\" content=\"summary_large_image\" \/>\n<meta name=\"twitter:creator\" content=\"@rassegnastampa9\" \/>\n<meta name=\"twitter:site\" content=\"@rassegnastampa9\" \/>\n<meta name=\"twitter:label1\" content=\"Scritto da\" \/>\n\t<meta name=\"twitter:data1\" content=\"Redazione\" \/>\n\t<meta name=\"twitter:label2\" content=\"Tempo di lettura stimato\" \/>\n\t<meta name=\"twitter:data2\" content=\"6 minuti\" \/>\n<script type=\"application\/ld+json\" class=\"yoast-schema-graph\">{\"@context\":\"https:\\\/\\\/schema.org\",\"@graph\":[{\"@type\":\"Article\",\"@id\":\"https:\\\/\\\/www.rassegnastampa-totustuus.it\\\/cattolica\\\/il-golpe-dei-banchieri\\\/#article\",\"isPartOf\":{\"@id\":\"https:\\\/\\\/www.rassegnastampa-totustuus.it\\\/cattolica\\\/il-golpe-dei-banchieri\\\/\"},\"author\":{\"name\":\"Redazione\",\"@id\":\"https:\\\/\\\/www.rassegnastampa-totustuus.it\\\/cattolica\\\/#\\\/schema\\\/person\\\/08f319d2bd1a0904ad9e2bfb7b15e5c3\"},\"headline\":\"Il golpe dei banchieri\",\"datePublished\":\"2011-11-14T13:26:51+00:00\",\"dateModified\":\"2015-11-11T15:09:59+00:00\",\"mainEntityOfPage\":{\"@id\":\"https:\\\/\\\/www.rassegnastampa-totustuus.it\\\/cattolica\\\/il-golpe-dei-banchieri\\\/\"},\"wordCount\":1207,\"publisher\":{\"@id\":\"https:\\\/\\\/www.rassegnastampa-totustuus.it\\\/cattolica\\\/#organization\"},\"image\":{\"@id\":\"https:\\\/\\\/www.rassegnastampa-totustuus.it\\\/cattolica\\\/il-golpe-dei-banchieri\\\/#primaryimage\"},\"thumbnailUrl\":\"https:\\\/\\\/www.rassegnastampa-totustuus.it\\\/cattolica\\\/wp-content\\\/uploads\\\/2011\\\/11\\\/golpe.jpg\",\"keywords\":[\"banche\"],\"articleSection\":[\"Economia\",\"Politica nazionale\"],\"inLanguage\":\"it-IT\"},{\"@type\":\"WebPage\",\"@id\":\"https:\\\/\\\/www.rassegnastampa-totustuus.it\\\/cattolica\\\/il-golpe-dei-banchieri\\\/\",\"url\":\"https:\\\/\\\/www.rassegnastampa-totustuus.it\\\/cattolica\\\/il-golpe-dei-banchieri\\\/\",\"name\":\"Il golpe dei banchieri - Rassegna Stampa Cattolica\",\"isPartOf\":{\"@id\":\"https:\\\/\\\/www.rassegnastampa-totustuus.it\\\/cattolica\\\/#website\"},\"primaryImageOfPage\":{\"@id\":\"https:\\\/\\\/www.rassegnastampa-totustuus.it\\\/cattolica\\\/il-golpe-dei-banchieri\\\/#primaryimage\"},\"image\":{\"@id\":\"https:\\\/\\\/www.rassegnastampa-totustuus.it\\\/cattolica\\\/il-golpe-dei-banchieri\\\/#primaryimage\"},\"thumbnailUrl\":\"https:\\\/\\\/www.rassegnastampa-totustuus.it\\\/cattolica\\\/wp-content\\\/uploads\\\/2011\\\/11\\\/golpe.jpg\",\"datePublished\":\"2011-11-14T13:26:51+00:00\",\"dateModified\":\"2015-11-11T15:09:59+00:00\",\"description\":\"Rassegna Stampa Cattolica - Per una cultura che nasce dalla Rivelazione cristiana in conformit\u00e0 alla tradizione e al Magistero della Chiesa in opposizione ad ogni relativismo e totalitarismo\",\"breadcrumb\":{\"@id\":\"https:\\\/\\\/www.rassegnastampa-totustuus.it\\\/cattolica\\\/il-golpe-dei-banchieri\\\/#breadcrumb\"},\"inLanguage\":\"it-IT\",\"potentialAction\":[{\"@type\":\"ReadAction\",\"target\":[\"https:\\\/\\\/www.rassegnastampa-totustuus.it\\\/cattolica\\\/il-golpe-dei-banchieri\\\/\"]}]},{\"@type\":\"ImageObject\",\"inLanguage\":\"it-IT\",\"@id\":\"https:\\\/\\\/www.rassegnastampa-totustuus.it\\\/cattolica\\\/il-golpe-dei-banchieri\\\/#primaryimage\",\"url\":\"https:\\\/\\\/www.rassegnastampa-totustuus.it\\\/cattolica\\\/wp-content\\\/uploads\\\/2011\\\/11\\\/golpe.jpg\",\"contentUrl\":\"https:\\\/\\\/www.rassegnastampa-totustuus.it\\\/cattolica\\\/wp-content\\\/uploads\\\/2011\\\/11\\\/golpe.jpg\",\"width\":194,\"height\":260},{\"@type\":\"BreadcrumbList\",\"@id\":\"https:\\\/\\\/www.rassegnastampa-totustuus.it\\\/cattolica\\\/il-golpe-dei-banchieri\\\/#breadcrumb\",\"itemListElement\":[{\"@type\":\"ListItem\",\"position\":1,\"name\":\"Home\",\"item\":\"https:\\\/\\\/www.rassegnastampa-totustuus.it\\\/cattolica\\\/\"},{\"@type\":\"ListItem\",\"position\":2,\"name\":\"Il golpe dei banchieri\"}]},{\"@type\":\"WebSite\",\"@id\":\"https:\\\/\\\/www.rassegnastampa-totustuus.it\\\/cattolica\\\/#website\",\"url\":\"https:\\\/\\\/www.rassegnastampa-totustuus.it\\\/cattolica\\\/\",\"name\":\"Rassegna Stampa Cattolica\",\"description\":\"Per una cultura che nasce dalla Rivelazione cristiana in conformit\u00e0 alla tradizione e al Magistero della Chiesa in opposizione ad ogni relativismo e totalitarismo\",\"publisher\":{\"@id\":\"https:\\\/\\\/www.rassegnastampa-totustuus.it\\\/cattolica\\\/#organization\"},\"alternateName\":\"Rass. Cattolica\",\"potentialAction\":[{\"@type\":\"SearchAction\",\"target\":{\"@type\":\"EntryPoint\",\"urlTemplate\":\"https:\\\/\\\/www.rassegnastampa-totustuus.it\\\/cattolica\\\/?s={search_term_string}\"},\"query-input\":{\"@type\":\"PropertyValueSpecification\",\"valueRequired\":true,\"valueName\":\"search_term_string\"}}],\"inLanguage\":\"it-IT\"},{\"@type\":\"Organization\",\"@id\":\"https:\\\/\\\/www.rassegnastampa-totustuus.it\\\/cattolica\\\/#organization\",\"name\":\"Rassegna Stampa Cattolica\",\"url\":\"https:\\\/\\\/www.rassegnastampa-totustuus.it\\\/cattolica\\\/\",\"logo\":{\"@type\":\"ImageObject\",\"inLanguage\":\"it-IT\",\"@id\":\"https:\\\/\\\/www.rassegnastampa-totustuus.it\\\/cattolica\\\/#\\\/schema\\\/logo\\\/image\\\/\",\"url\":\"https:\\\/\\\/www.rassegnastampa-totustuus.it\\\/cattolica\\\/wp-content\\\/uploads\\\/2014\\\/04\\\/logo-rassegna1.gif\",\"contentUrl\":\"https:\\\/\\\/www.rassegnastampa-totustuus.it\\\/cattolica\\\/wp-content\\\/uploads\\\/2014\\\/04\\\/logo-rassegna1.gif\",\"width\":600,\"height\":163,\"caption\":\"Rassegna Stampa Cattolica\"},\"image\":{\"@id\":\"https:\\\/\\\/www.rassegnastampa-totustuus.it\\\/cattolica\\\/#\\\/schema\\\/logo\\\/image\\\/\"},\"sameAs\":[\"https:\\\/\\\/www.facebook.com\\\/rassegnastampacattolica\",\"https:\\\/\\\/x.com\\\/rassegnastampa9\"]},{\"@type\":\"Person\",\"@id\":\"https:\\\/\\\/www.rassegnastampa-totustuus.it\\\/cattolica\\\/#\\\/schema\\\/person\\\/08f319d2bd1a0904ad9e2bfb7b15e5c3\",\"name\":\"Redazione\",\"image\":{\"@type\":\"ImageObject\",\"inLanguage\":\"it-IT\",\"@id\":\"https:\\\/\\\/secure.gravatar.com\\\/avatar\\\/2fcdf27c78ea025fbdb44e914cc63c72249ffec9dc8aafd5c82b26240ef3f346?s=96&d=mm&r=g\",\"url\":\"https:\\\/\\\/secure.gravatar.com\\\/avatar\\\/2fcdf27c78ea025fbdb44e914cc63c72249ffec9dc8aafd5c82b26240ef3f346?s=96&d=mm&r=g\",\"contentUrl\":\"https:\\\/\\\/secure.gravatar.com\\\/avatar\\\/2fcdf27c78ea025fbdb44e914cc63c72249ffec9dc8aafd5c82b26240ef3f346?s=96&d=mm&r=g\",\"caption\":\"Redazione\"},\"url\":\"https:\\\/\\\/www.rassegnastampa-totustuus.it\\\/cattolica\\\/author\\\/pietroelle\\\/\"}]}<\/script>\n<!-- \/ Yoast SEO plugin. -->","yoast_head_json":{"title":"Il golpe dei banchieri - Rassegna Stampa Cattolica","description":"Rassegna Stampa Cattolica - Per una cultura che nasce dalla Rivelazione cristiana in conformit\u00e0 alla tradizione e al Magistero della Chiesa in opposizione ad ogni relativismo e totalitarismo","robots":{"index":"index","follow":"follow","max-snippet":"max-snippet:-1","max-image-preview":"max-image-preview:large","max-video-preview":"max-video-preview:-1"},"canonical":"https:\/\/www.rassegnastampa-totustuus.it\/cattolica\/il-golpe-dei-banchieri\/","og_locale":"it_IT","og_type":"article","og_title":"Il golpe dei banchieri - Rassegna Stampa Cattolica","og_description":"Rassegna Stampa Cattolica - Per una cultura che nasce dalla Rivelazione cristiana in conformit\u00e0 alla tradizione e al Magistero della Chiesa in opposizione ad ogni relativismo e totalitarismo","og_url":"https:\/\/www.rassegnastampa-totustuus.it\/cattolica\/il-golpe-dei-banchieri\/","og_site_name":"Rassegna Stampa Cattolica","article_publisher":"https:\/\/www.facebook.com\/rassegnastampacattolica","article_published_time":"2011-11-14T13:26:51+00:00","article_modified_time":"2015-11-11T15:09:59+00:00","og_image":[{"width":194,"height":260,"url":"https:\/\/www.rassegnastampa-totustuus.it\/cattolica\/wp-content\/uploads\/2011\/11\/golpe.jpg","type":"image\/jpeg"}],"author":"Redazione","twitter_card":"summary_large_image","twitter_creator":"@rassegnastampa9","twitter_site":"@rassegnastampa9","twitter_misc":{"Scritto da":"Redazione","Tempo di lettura stimato":"6 minuti"},"schema":{"@context":"https:\/\/schema.org","@graph":[{"@type":"Article","@id":"https:\/\/www.rassegnastampa-totustuus.it\/cattolica\/il-golpe-dei-banchieri\/#article","isPartOf":{"@id":"https:\/\/www.rassegnastampa-totustuus.it\/cattolica\/il-golpe-dei-banchieri\/"},"author":{"name":"Redazione","@id":"https:\/\/www.rassegnastampa-totustuus.it\/cattolica\/#\/schema\/person\/08f319d2bd1a0904ad9e2bfb7b15e5c3"},"headline":"Il golpe dei banchieri","datePublished":"2011-11-14T13:26:51+00:00","dateModified":"2015-11-11T15:09:59+00:00","mainEntityOfPage":{"@id":"https:\/\/www.rassegnastampa-totustuus.it\/cattolica\/il-golpe-dei-banchieri\/"},"wordCount":1207,"publisher":{"@id":"https:\/\/www.rassegnastampa-totustuus.it\/cattolica\/#organization"},"image":{"@id":"https:\/\/www.rassegnastampa-totustuus.it\/cattolica\/il-golpe-dei-banchieri\/#primaryimage"},"thumbnailUrl":"https:\/\/www.rassegnastampa-totustuus.it\/cattolica\/wp-content\/uploads\/2011\/11\/golpe.jpg","keywords":["banche"],"articleSection":["Economia","Politica nazionale"],"inLanguage":"it-IT"},{"@type":"WebPage","@id":"https:\/\/www.rassegnastampa-totustuus.it\/cattolica\/il-golpe-dei-banchieri\/","url":"https:\/\/www.rassegnastampa-totustuus.it\/cattolica\/il-golpe-dei-banchieri\/","name":"Il golpe dei banchieri - Rassegna Stampa Cattolica","isPartOf":{"@id":"https:\/\/www.rassegnastampa-totustuus.it\/cattolica\/#website"},"primaryImageOfPage":{"@id":"https:\/\/www.rassegnastampa-totustuus.it\/cattolica\/il-golpe-dei-banchieri\/#primaryimage"},"image":{"@id":"https:\/\/www.rassegnastampa-totustuus.it\/cattolica\/il-golpe-dei-banchieri\/#primaryimage"},"thumbnailUrl":"https:\/\/www.rassegnastampa-totustuus.it\/cattolica\/wp-content\/uploads\/2011\/11\/golpe.jpg","datePublished":"2011-11-14T13:26:51+00:00","dateModified":"2015-11-11T15:09:59+00:00","description":"Rassegna Stampa Cattolica - Per una cultura che nasce dalla Rivelazione cristiana in conformit\u00e0 alla tradizione e al Magistero della Chiesa in opposizione ad ogni relativismo e totalitarismo","breadcrumb":{"@id":"https:\/\/www.rassegnastampa-totustuus.it\/cattolica\/il-golpe-dei-banchieri\/#breadcrumb"},"inLanguage":"it-IT","potentialAction":[{"@type":"ReadAction","target":["https:\/\/www.rassegnastampa-totustuus.it\/cattolica\/il-golpe-dei-banchieri\/"]}]},{"@type":"ImageObject","inLanguage":"it-IT","@id":"https:\/\/www.rassegnastampa-totustuus.it\/cattolica\/il-golpe-dei-banchieri\/#primaryimage","url":"https:\/\/www.rassegnastampa-totustuus.it\/cattolica\/wp-content\/uploads\/2011\/11\/golpe.jpg","contentUrl":"https:\/\/www.rassegnastampa-totustuus.it\/cattolica\/wp-content\/uploads\/2011\/11\/golpe.jpg","width":194,"height":260},{"@type":"BreadcrumbList","@id":"https:\/\/www.rassegnastampa-totustuus.it\/cattolica\/il-golpe-dei-banchieri\/#breadcrumb","itemListElement":[{"@type":"ListItem","position":1,"name":"Home","item":"https:\/\/www.rassegnastampa-totustuus.it\/cattolica\/"},{"@type":"ListItem","position":2,"name":"Il golpe dei banchieri"}]},{"@type":"WebSite","@id":"https:\/\/www.rassegnastampa-totustuus.it\/cattolica\/#website","url":"https:\/\/www.rassegnastampa-totustuus.it\/cattolica\/","name":"Rassegna Stampa Cattolica","description":"Per una cultura che nasce dalla Rivelazione cristiana in conformit\u00e0 alla tradizione e al Magistero della Chiesa in opposizione ad ogni relativismo e totalitarismo","publisher":{"@id":"https:\/\/www.rassegnastampa-totustuus.it\/cattolica\/#organization"},"alternateName":"Rass. Cattolica","potentialAction":[{"@type":"SearchAction","target":{"@type":"EntryPoint","urlTemplate":"https:\/\/www.rassegnastampa-totustuus.it\/cattolica\/?s={search_term_string}"},"query-input":{"@type":"PropertyValueSpecification","valueRequired":true,"valueName":"search_term_string"}}],"inLanguage":"it-IT"},{"@type":"Organization","@id":"https:\/\/www.rassegnastampa-totustuus.it\/cattolica\/#organization","name":"Rassegna Stampa Cattolica","url":"https:\/\/www.rassegnastampa-totustuus.it\/cattolica\/","logo":{"@type":"ImageObject","inLanguage":"it-IT","@id":"https:\/\/www.rassegnastampa-totustuus.it\/cattolica\/#\/schema\/logo\/image\/","url":"https:\/\/www.rassegnastampa-totustuus.it\/cattolica\/wp-content\/uploads\/2014\/04\/logo-rassegna1.gif","contentUrl":"https:\/\/www.rassegnastampa-totustuus.it\/cattolica\/wp-content\/uploads\/2014\/04\/logo-rassegna1.gif","width":600,"height":163,"caption":"Rassegna Stampa Cattolica"},"image":{"@id":"https:\/\/www.rassegnastampa-totustuus.it\/cattolica\/#\/schema\/logo\/image\/"},"sameAs":["https:\/\/www.facebook.com\/rassegnastampacattolica","https:\/\/x.com\/rassegnastampa9"]},{"@type":"Person","@id":"https:\/\/www.rassegnastampa-totustuus.it\/cattolica\/#\/schema\/person\/08f319d2bd1a0904ad9e2bfb7b15e5c3","name":"Redazione","image":{"@type":"ImageObject","inLanguage":"it-IT","@id":"https:\/\/secure.gravatar.com\/avatar\/2fcdf27c78ea025fbdb44e914cc63c72249ffec9dc8aafd5c82b26240ef3f346?s=96&d=mm&r=g","url":"https:\/\/secure.gravatar.com\/avatar\/2fcdf27c78ea025fbdb44e914cc63c72249ffec9dc8aafd5c82b26240ef3f346?s=96&d=mm&r=g","contentUrl":"https:\/\/secure.gravatar.com\/avatar\/2fcdf27c78ea025fbdb44e914cc63c72249ffec9dc8aafd5c82b26240ef3f346?s=96&d=mm&r=g","caption":"Redazione"},"url":"https:\/\/www.rassegnastampa-totustuus.it\/cattolica\/author\/pietroelle\/"}]}},"_links":{"self":[{"href":"https:\/\/www.rassegnastampa-totustuus.it\/cattolica\/wp-json\/wp\/v2\/posts\/4769","targetHints":{"allow":["GET"]}}],"collection":[{"href":"https:\/\/www.rassegnastampa-totustuus.it\/cattolica\/wp-json\/wp\/v2\/posts"}],"about":[{"href":"https:\/\/www.rassegnastampa-totustuus.it\/cattolica\/wp-json\/wp\/v2\/types\/post"}],"author":[{"embeddable":true,"href":"https:\/\/www.rassegnastampa-totustuus.it\/cattolica\/wp-json\/wp\/v2\/users\/6"}],"replies":[{"embeddable":true,"href":"https:\/\/www.rassegnastampa-totustuus.it\/cattolica\/wp-json\/wp\/v2\/comments?post=4769"}],"version-history":[{"count":4,"href":"https:\/\/www.rassegnastampa-totustuus.it\/cattolica\/wp-json\/wp\/v2\/posts\/4769\/revisions"}],"predecessor-version":[{"id":27459,"href":"https:\/\/www.rassegnastampa-totustuus.it\/cattolica\/wp-json\/wp\/v2\/posts\/4769\/revisions\/27459"}],"wp:featuredmedia":[{"embeddable":true,"href":"https:\/\/www.rassegnastampa-totustuus.it\/cattolica\/wp-json\/wp\/v2\/media\/27458"}],"wp:attachment":[{"href":"https:\/\/www.rassegnastampa-totustuus.it\/cattolica\/wp-json\/wp\/v2\/media?parent=4769"}],"wp:term":[{"taxonomy":"category","embeddable":true,"href":"https:\/\/www.rassegnastampa-totustuus.it\/cattolica\/wp-json\/wp\/v2\/categories?post=4769"},{"taxonomy":"post_tag","embeddable":true,"href":"https:\/\/www.rassegnastampa-totustuus.it\/cattolica\/wp-json\/wp\/v2\/tags?post=4769"}],"curies":[{"name":"wp","href":"https:\/\/api.w.org\/{rel}","templated":true}]}}