{"id":4768,"date":"2011-11-10T00:00:00","date_gmt":"2011-11-09T23:00:00","guid":{"rendered":""},"modified":"2020-02-18T08:28:19","modified_gmt":"2020-02-18T07:28:19","slug":"per-combattere-la-piaga-dellaborto-serve-anche-un-piano-b","status":"publish","type":"post","link":"https:\/\/www.rassegnastampa-totustuus.it\/cattolica\/per-combattere-la-piaga-dellaborto-serve-anche-un-piano-b\/","title":{"rendered":"Per combattere la piaga dell\u2019aborto serve anche un Piano B"},"content":{"rendered":"<div style=\"text-align: center;\"><strong><a href=\"https:\/\/www.rassegnastampa-totustuus.it\/cattolica\/wp-content\/uploads\/2011\/11\/Aborto_assassinio.jpg\"><img loading=\"lazy\" decoding=\"async\" class=\"alignleft wp-image-23205\" src=\"https:\/\/www.rassegnastampa-totustuus.it\/cattolica\/wp-content\/uploads\/2011\/11\/Aborto_assassinio.jpg\" alt=\"Aborto_assassinio\" width=\"250\" height=\"193\" \/><\/a>Rassegna Stampa<\/strong> 7 novembre 2011<\/div>\n<p style=\"text-align: justify;\"><em>In attesa di vincere la guerra per l\u2019abrogazione della 194 niente pi\u00f9 interventi a carico del SSN. Chi abortisce paga, e si salvano delle vite.<\/em><\/p>\n<p style=\"text-align: center;\">di <strong>Pietro Licciardi<\/strong><\/p>\n<p style=\"text-align: justify;\"><!--more-->Tre anni fa il laico e darwinista Piero Angela, ha scritto un libro: <em>Perch\u00e9 dobbiamo fare pi\u00f9 figli<\/em><em>,<\/em> col quale in sostanza smentiva tutto quanto fino ad allora detto sui supposti pericoli della \u201cbomba\u201d demografica e della sovrappopolazione mondiale; ma, come era prevedibile, \u00e8 passato sotto silenzio.<\/p>\n<p style=\"text-align: justify;\"><a href=\"https:\/\/www.rassegnastampa-totustuus.it\/cattolica\/wp-content\/uploads\/2009\/03\/culle-vuote.jpg\"><img loading=\"lazy\" decoding=\"async\" class=\"wp-image-18062 alignright\" src=\"https:\/\/www.rassegnastampa-totustuus.it\/cattolica\/wp-content\/uploads\/2009\/03\/culle-vuote-300x200.jpg\" alt=\"\" width=\"255\" height=\"170\" srcset=\"https:\/\/www.rassegnastampa-totustuus.it\/cattolica\/wp-content\/uploads\/2009\/03\/culle-vuote-300x200.jpg 300w, https:\/\/www.rassegnastampa-totustuus.it\/cattolica\/wp-content\/uploads\/2009\/03\/culle-vuote.jpg 350w\" sizes=\"auto, (max-width: 255px) 100vw, 255px\" \/><\/a>Poi \u00e8 arrivata la crisi economica mondiale e qualche economista, ma sottovoce e senza urtare la suscettibilit\u00e0 delle potenti lobby malthusiane, ha cominciato a ventilare l\u2019ipotesi che potremmo non riprenderci tanto presto dall\u2019attuale tracollo globale poich\u00e9 sempre meno giovani entreranno nel ciclo produttivo e dei consumi; mentre il numero crescente degli anziani, bisognosi di cure mediche e di assistenza, far\u00e0 sicuramente aumentare la spesa pubblica.<\/p>\n<p style=\"text-align: justify;\">Insomma, il calo demografico generalizzato non porta pi\u00f9 benessere e non salva i paesi sottosviluppati dalla fame, come peraltro continuano a dire i \u201cguru\u201d ambientalisti, ma al contrario sono proprio i paesi che hanno avuto un boom delle nascite nei decenni precedenti a registrare oggi la maggiore crescita economica, come Cina e India; mentre la vecchia e stanca Europa sta gi\u00e0 confrontandosi con i guai procurati da un debito pubblico sempre pi\u00f9 fuori controllo dove, almeno per quanto riguarda l\u2019Italia, le voci che \u201cpesano\u201d maggiormente sono proprio quelle della spesa sanitaria e della previdenza.<\/p>\n<p style=\"text-align: justify;\"><a href=\"https:\/\/www.rassegnastampa-totustuus.it\/cattolica\/wp-content\/uploads\/2013\/01\/debito-pubblico.jpg\"><img loading=\"lazy\" decoding=\"async\" class=\"size-full wp-image-28608 alignleft\" src=\"https:\/\/www.rassegnastampa-totustuus.it\/cattolica\/wp-content\/uploads\/2013\/01\/debito-pubblico.jpg\" alt=\"\" width=\"198\" height=\"255\" \/><\/a>Nel 1970, il deficit pubblico nel nostro paese era al 5,5 per cento del prodotto interno lordo; nel 1980 si \u00e8 arrivati all\u201911 per cento; nel 1985 addirittura al 17,7 per cento, con l\u2019astronomico debito di oltre 121.000 miliardi. Da allora, il <em>trend<\/em> \u00e8 proseguito fino ad arrivare all\u2019attuale 103,7 per cento, a \u201crischio bancarotta\u201d come ci informano in questi giorni televisioni e giornali.<\/p>\n<p style=\"text-align: justify;\">Uno dei pochi che lo sta dicendo chiaro e tondo ogni volta che gli si presenta l\u2019occasione \u00e8 Ettore Gotti Tedeschi, attuale presidente dello Ior Vaticano. Secondo questo economista se la popolazione non aumenta per un lungo periodo si modifica la struttura sociale: cresce il numero degli anziani che escono dal ciclo della produzione e diminuiscono i giovani, ovvero coloro che producono ricchezza con il lavoro e i consumi, che a loro volta generano nuove imprese o garantiscono la sopravvivenza di quelle esistenti.<\/p>\n<p style=\"text-align: justify;\"><a href=\"https:\/\/www.rassegnastampa-totustuus.it\/cattolica\/wp-content\/uploads\/2006\/05\/anziani.jpg\"><img loading=\"lazy\" decoding=\"async\" class=\" wp-image-31361 alignright\" src=\"https:\/\/www.rassegnastampa-totustuus.it\/cattolica\/wp-content\/uploads\/2006\/05\/anziani.jpg\" alt=\"\" width=\"254\" height=\"157\" \/><\/a>Il ribaltamento del rapporto tra giovani e anziani sta mettendo in crisi l\u2019attuale sistema statalista di welfare rendendolo non pi\u00f9 sostenibile, al punto che Gotti Tedeschi giunge ad affermare: \u201cPi\u00f9 anziani, pi\u00f9 spesa pubblica e quindi pi\u00f9 tasse\u201d. Infatti, a suo dire, in Italia, il peso delle imposte sul Pil in trentacinque anni sarebbe pi\u00f9 che raddoppiato<\/p>\n<p style=\"text-align: justify;\">I demografi ci stanno avvertendo: ormai l\u2019Europa, e in particolare l\u2019Italia, rischiano di non avere pi\u00f9 un futuro avendo decisamente imboccato la via del suicidio etnico e culturale. Negli ultimi 25 anni infatti nella Ue il tasso di fertilit\u00e0 \u00e8 calato di circa tre volte, passando da 2,7 a 1,2 figli per donna. E&#8217; invece aumentata l&#8217;et\u00e0 della prima gravidanza (30-35 anni) e quella delle mamme che accedono alla fecondazione assistita (38 anni). In continua crescita il numero delle mamme over40: nel 2008 i bambini nati dalle ultraquarantenni erano il 6% contro il 2% del 1995. In Gran Bretagna \u00e8 raddoppiato negli ultimi 10 anni e triplicato nell&#8217;ultimo ventennio.<\/p>\n<p style=\"text-align: justify;\"><a href=\"https:\/\/www.rassegnastampa-totustuus.it\/cattolica\/wp-content\/uploads\/2019\/07\/demografia_denatalit\u00e0.jpg\"><img loading=\"lazy\" decoding=\"async\" class=\" wp-image-43609 alignleft\" src=\"https:\/\/www.rassegnastampa-totustuus.it\/cattolica\/wp-content\/uploads\/2019\/07\/demografia_denatalit\u00e0-197x300.jpg\" alt=\"\" width=\"177\" height=\"270\" srcset=\"https:\/\/www.rassegnastampa-totustuus.it\/cattolica\/wp-content\/uploads\/2019\/07\/demografia_denatalit\u00e0-197x300.jpg 197w, https:\/\/www.rassegnastampa-totustuus.it\/cattolica\/wp-content\/uploads\/2019\/07\/demografia_denatalit\u00e0.jpg 539w\" sizes=\"auto, (max-width: 177px) 100vw, 177px\" \/><\/a>Il guaio \u00e8 che questa drammatica mancanza di figli \u00e8 frutto di una cultura che dal dopoguerra a oggi ha fatto ampiamente breccia tra i ceti popolari, soprattutto grazie al potere di persuasione e condizionamento della Tv, che ha riversato in tutte le case una cultura antinatalista. Cultura che ha avuto anche un notevole supporto tecnico-scientifico con la massiccia diffusione di strumenti anticoncezionali sempre pi\u00f9 sofisticati e infallibili.<\/p>\n<p style=\"text-align: justify;\">Dal \u201ccappuccio\u201d di lattice, un po\u2019 rozzo e soggetto a rotture, si \u00e8 passati alla pillola, una sorta di castrazione chimica assai gettonata nonostante il \u201ctrascurabile\u201d inconveniente di un consistente rischio tumori alla cervice uterina e al seno, come confermato da recenti studi. Ma la ricerca in questo campo prosegue senza sosta e la cosiddetta pillola del giorno dopo \u00e8 gi\u00e0 in vendita in farmacia, mentre sta per arrivare anche in Italia la \u201cpillola dei cinque giorni dopo\u201d. A quel punto sar\u00e0 pronta la \u201csoluzione finale\u201d: eliminazione certa di ogni possibile gravidanza con un aborto domestico.<\/p>\n<p style=\"text-align: justify;\"><a href=\"https:\/\/www.rassegnastampa-totustuus.it\/cattolica\/wp-content\/uploads\/2019\/07\/Aborto_Repubblica.jpg\"><img loading=\"lazy\" decoding=\"async\" class=\" wp-image-43421 alignright\" src=\"https:\/\/www.rassegnastampa-totustuus.it\/cattolica\/wp-content\/uploads\/2019\/07\/Aborto_Repubblica-217x300.jpg\" alt=\"\" width=\"198\" height=\"272\" \/><\/a>Comunque una pietra miliare in questa vera e propria guerra alla procreazione \u00e8 stata la legalizzazione dell\u2019aborto. Se prima qualche esserino umano riusciva a vedere la luce dopo aver superato il terreno minato della contraccezione, con l\u2019\u201dinterruzione volontaria della gravidanza\u201d non pi\u00f9. Dal 1978 a oggi, come ci ricorda l\u2019Annuario statistico del Ministero della salute, solo in Italia sono stati cinque milioni i bambini uccisi, oltre centomila all\u2019anno nell\u2019ultimo decennio.<\/p>\n<p style=\"text-align: justify;\">All\u2019epoca del referendum che liberalizz\u00f2 questa barbara forma di omicidio nel nostro Paese si disse che l\u2019aborto \u201clegale\u201davrebbe sconfitto la piaga di quello \u201cclandestino\u201d. In realt\u00e0 quello che fino ad allora era stato un esecrando ma tutto sommato ancora circoscritto delitto, divent\u00f2 nel volgere di qualche anno un fenomeno di massa.<\/p>\n<p style=\"text-align: justify;\"><a href=\"https:\/\/www.rassegnastampa-totustuus.it\/cattolica\/wp-content\/uploads\/2006\/09\/aborto.jpg\"><img loading=\"lazy\" decoding=\"async\" class=\" wp-image-34867 alignleft\" src=\"https:\/\/www.rassegnastampa-totustuus.it\/cattolica\/wp-content\/uploads\/2006\/09\/aborto.jpg\" alt=\"\" width=\"245\" height=\"183\" \/><\/a>Oltretutto con l\u2019effetto di generalizzare quella clandestinit\u00e0 che si diceva di voler estirpare, dal momento che l\u2019attuale legge 194 d\u00e0 la possibilit\u00e0 a ciascuna donna di uccidere il proprio bambino all\u2019insaputa del proprio partner, marito, fidanzato o convivente, e se minorenne, ottenuta l\u2019autorizzazione del giudice tutelare, all\u2019insaputa degli stessi genitori.<\/p>\n<p style=\"text-align: justify;\">Per abortire ormai \u00e8 sufficiente recarsi in una qualsiasi Asl con regolare certificato, sottoporsi ad un breve intervento, dopo il quale si pu\u00f2 tornare a casa, magari in giornata.<\/p>\n<p style=\"text-align: justify;\">Ovviamente tutto deve essere a spese della collettivit\u00e0, perch\u00e9 ormai l\u2019omicidio \u00e8 stato elevato al rango di \u201cdiritto\u201d. Cos\u00ec chi va a farsi curare una qualsiasi malattia il pi\u00f9 delle volte deve svenarsi di ticket sanitari, mentre l\u2019aborto, che \u00e8 la soppressione di una vita umana oltretutto compiuta in seguito ad una scelta assolutamente privata e individuale della donna, \u00e8 gratuito.<\/p>\n<p style=\"text-align: justify;\"><a href=\"https:\/\/www.rassegnastampa-totustuus.it\/cattolica\/wp-content\/uploads\/2009\/03\/aborti.jpg\"><img loading=\"lazy\" decoding=\"async\" class=\"size-full wp-image-18061 alignright\" src=\"https:\/\/www.rassegnastampa-totustuus.it\/cattolica\/wp-content\/uploads\/2009\/03\/aborti.jpg\" alt=\"\" width=\"255\" height=\"197\" \/><\/a>Arriver\u00e0 sicuramente il momento in cui l\u2019aborto torner\u00e0 ad essere quello che realmente \u00e8: un reato contro la persona umana. Forse dovremmo aspettare l\u2019islamizzazione delle nostre societ\u00e0, quando gli <em>ulema <\/em>manderanno a morte chiunque oser\u00e0 sottrarre un figlio ad Allah e un <em>muslim <\/em>alla <em>umma. <\/em>Nel frattempo ben vengano tutte le iniziative che cercheranno di abrogare o almeno contenere una legislazione che in Europa ha un precedente nella Germania nazista e nell\u2019Unione sovietica di Stalin.<\/p>\n<p style=\"text-align: justify;\">Qualche dubbio sulla riuscita di tali benemeriti intenti \u00e8 comunque lecito, poich\u00e9 ormai sono relativamente pochi gli elettori che ancora sono certi dell\u2019identit\u00e0 umana di quello che viene eufemisticamente chiamato \u201cembrione\u201d. Cosa sia veramente quel \u201cgrumo di cellule\u201d, come ancora \u00e8 chiamata quel minuscolo essere vivente fin dal momento del concepimento, lo sanno invece molto bene i ginecologi, gli anestesisti e il personale medico in generale; tanto che nella laicissima Gran Bretagna oltre il 60% dei ginecologi obietta all\u2019aborto. Ma purtroppo non sono la maggioranza dell\u2019elettorato.<\/p>\n<p style=\"text-align: justify;\"><a href=\"https:\/\/www.rassegnastampa-totustuus.it\/cattolica\/wp-content\/uploads\/2006\/11\/Ospedale_Empoli.jpg\"><img loading=\"lazy\" decoding=\"async\" class=\" wp-image-34817 alignleft\" src=\"https:\/\/www.rassegnastampa-totustuus.it\/cattolica\/wp-content\/uploads\/2006\/11\/Ospedale_Empoli.jpg\" alt=\"\" width=\"263\" height=\"175\" \/><\/a>Per questo \u00e8 forse il caso di pensare ad una sorta di Piano B, che eviti lo scontro ideologico tra \u201cvalori\u201d \u2013 ormai non pi\u00f9 universalmente condivisi &#8211; e possa comunque porre le basi per un recupero del concetto di \u201cdiritto della persona\u201d. Non deve infatti sfuggire &#8211; neppure ai laici \u2013 la pericolosa china sulla quale ci siamo avviati, quando ai diritti per cos\u00ec dire tradizionali, ovvero quelli riconosciuti dalla Dichiarazione universale dei diritti dell\u2019uomo del 1948, si \u00e8 voluto affiancare o finanche sostituire altri \u201cdiritti\u201d non pi\u00f9 universali ma soggettivi. \u201cDiritti\u201d che ormai tendono a coincidere con i <em>desideri<\/em> individuali.<\/p>\n<p style=\"text-align: justify;\">Ecco cos\u00ec il \u201cdiritto\u201d alla \u201cfamiglia\u201d omosessuale, e se quello fra gay \u00e8 amore a tutti gli effetti, tanto da divenire oggetto di \u201cdiritto\u201d come non riconoscere pari \u201cdiritto\u201d all\u2019amore incestuoso o all\u2019amore pedofilo? Infatti, in Olanda, nel maggio 2006 \u00e8 nato il <em>Nvd<\/em>, il partito pedofilo dell\u2019amore del prossimo, della libert\u00e0 e della diversit\u00e0. Ma non dimentichiamo il \u201cdiritto\u201d a drogarsi, a suicidarsi \u2013 l\u2019eutanasia &#8211; e via elencando\u2026.<\/p>\n<p style=\"text-align: justify;\"><a href=\"https:\/\/www.rassegnastampa-totustuus.it\/cattolica\/wp-content\/uploads\/2019\/04\/no_aborto.png\"><img loading=\"lazy\" decoding=\"async\" class=\"size-full wp-image-42694 alignright\" src=\"https:\/\/www.rassegnastampa-totustuus.it\/cattolica\/wp-content\/uploads\/2019\/04\/no_aborto.png\" alt=\"\" width=\"219\" height=\"230\" \/><\/a>Insomma, la demolizione di tradizionali concetti e istituti giuridici fondamenti della comunit\u00e0 civile attraverso il riconoscimento legislativo di ogni desiderio e pulsione individuale, rischia di favorire una corsa verso la dissoluzione della convivenza sociale.<\/p>\n<p style=\"text-align: justify;\">Dunque, ecco in cosa potrebbe consistere questo Piano B. L\u2019aborto \u00e8 considerato un diritto individuale della donna? La donna deve avere il diritto di decidere in autonomia della sua vita, evitando i \u201ctraumi\u201d psicologici e materiali di una gravidanza indesiderata? Di questo diritto deve disporre solo ed esclusivamente la donna, libera di abortire in completa autonomia senza \u201cillecite\u201d ingerenze di mariti, fidanzati, partner e finanche genitori? Bene.<\/p>\n<p style=\"text-align: justify;\">Ma se l\u2019aborto \u00e8 un \u201cdiritto\u201d individuale, da esercitarsi in piena autonomia, perch\u00e9 scaricarne i costi sulla collettivit\u00e0? Peraltro quando la collettivit\u00e0 ne riporta un grave danno, in quanto viene privata di energie nuove, giovani; di persone che nascendo avrebbero dovuto concorrere al benessere comune con le proprie doti fisiche, intellettuali, morali e spirituali?<\/p>\n<p style=\"text-align: justify;\"><a href=\"https:\/\/www.rassegnastampa-totustuus.it\/cattolica\/wp-content\/uploads\/2004\/11\/aborto-1.jpg\"><img loading=\"lazy\" decoding=\"async\" class=\" wp-image-34741 alignleft\" src=\"https:\/\/www.rassegnastampa-totustuus.it\/cattolica\/wp-content\/uploads\/2004\/11\/aborto-1-300x156.jpg\" alt=\"\" width=\"269\" height=\"140\" srcset=\"https:\/\/www.rassegnastampa-totustuus.it\/cattolica\/wp-content\/uploads\/2004\/11\/aborto-1-300x156.jpg 300w, https:\/\/www.rassegnastampa-totustuus.it\/cattolica\/wp-content\/uploads\/2004\/11\/aborto-1.jpg 312w\" sizes=\"auto, (max-width: 269px) 100vw, 269px\" \/><\/a>Ogni aborto costa circa 5mila euro e in Italia lo scorso anno sono state effettuate 115.372 \u201cinterruzioni volontarie della gravidanza\u201d. Ovvero un aggravio per il gi\u00e0 disastrato servizio sanitario nazionale di oltre 576 milioni di euro, pi\u00f9 di mille miliardi delle vecchie lire. Una cifra che potrebbe benissimo essere risparmiata in un momento in cui si invocano tagli alla spesa pubblica e un riaggiustamento del welfare.<\/p>\n<p style=\"text-align: justify;\">Ci facciano un pensierino i nostri politici, specialmente i cattolici \u201cadulti\u201d, per i quali la mediazione viene prima di tutto anche prima della salvaguardia della vita innocente. Non \u00e8 questa una buona base per \u201cmediare\u201d? Se non \u00e8 possibile, allo stato, vietare l\u2019aborto in nome degli intoccabili \u201cdiritti soggettivi\u201d della donna; quantomeno ci\u00f2 non gravi pi\u00f9 sulla spesa pubblica. Potrebbe essere anche questo un modo per abbattere cos\u00ec la percentuale degli omicidi legali senza, per il momento, modificare l\u2019infame legge 194.<\/p>\n<p style=\"text-align: justify;\"><a href=\"https:\/\/www.rassegnastampa-totustuus.it\/cattolica\/wp-content\/uploads\/2005\/07\/aborto.jpg\"><img loading=\"lazy\" decoding=\"async\" class=\" wp-image-34684 alignright\" src=\"https:\/\/www.rassegnastampa-totustuus.it\/cattolica\/wp-content\/uploads\/2005\/07\/aborto.jpg\" alt=\"\" width=\"255\" height=\"153\" \/><\/a>Ma in questo modo si ricacciano nella clandestinit\u00e0 le donne che non possono pagarsi l\u2019intervento, si obietter\u00e0. Si potrebbe per\u00f2 polemicamente controbattere che ogni anno, come ci ricordano le pagine di cronaca nera dei quotidiani, parecchie donne muoiono perch\u00e9 volendosi sottoporre a interventi di chirurgia estetica e non potendo pagare un chirurgo decente si rivolgono a degli incompetenti o addirittura a persone che esercitano clandestinamente questo tipo di interventi.<\/p>\n<p style=\"text-align: justify;\">Dobbiamo allora avviare una campagna di \u201csensibilizzazione\u201d per far emergere la chirurgia estetica dalla clandestinit\u00e0 regalando a spese del Servizio sanitario nazionale a tutte le donne che lo desiderano un intervento gratuito al seno o ai glutei?<\/p>\n<p style=\"text-align: justify;\"><a href=\"https:\/\/www.rassegnastampa-totustuus.it\/cattolica\/wp-content\/uploads\/2010\/10\/bambini.jpg\"><img loading=\"lazy\" decoding=\"async\" class=\"size-full wp-image-29008 alignleft\" src=\"https:\/\/www.rassegnastampa-totustuus.it\/cattolica\/wp-content\/uploads\/2010\/10\/bambini.jpg\" alt=\"\" width=\"276\" height=\"183\" \/><\/a>Del resto avere un aspetto conforme ai canoni di bellezza correnti non pu\u00f2 forse essere considerato anch\u2019esso un diritto? Soprattutto in considerazione degli svantaggi che l\u2019esserne privi procura in termini di benessere psicofisico e di opportunit\u00e0 anche lavorative.<\/p>\n<p style=\"text-align: justify;\">Ma se la chirurgia estetica non \u00e8 contemplata dal prontuario medico nazionale, perch\u00e9 deve esserlo l\u2019aborto?<\/p>\n","protected":false},"excerpt":{"rendered":"<p>Rassegna Stampa 7 novembre 2011 In attesa di vincere la guerra per l\u2019abrogazione della 194 niente pi\u00f9 interventi a carico del SSN. Chi abortisce paga, e si salvano delle vite. di Pietro Licciardi<\/p><p><a class=\"more-link btn\" href=\"https:\/\/www.rassegnastampa-totustuus.it\/cattolica\/per-combattere-la-piaga-dellaborto-serve-anche-un-piano-b\/\">Continua a leggere<\/a><\/p>\n","protected":false},"author":6,"featured_media":23205,"comment_status":"closed","ping_status":"open","sticky":false,"template":"","format":"standard","meta":{"footnotes":""},"categories":[2],"tags":[2386],"class_list":["post-4768","post","type-post","status-publish","format-standard","has-post-thumbnail","hentry","category-aborto","tag-aborto","item-wrap"],"yoast_head":"<!-- This site is optimized with the Yoast SEO plugin v27.5 - https:\/\/yoast.com\/product\/yoast-seo-wordpress\/ -->\n<title>Per combattere la piaga dell\u2019aborto serve anche un Piano B - Rassegna Stampa Cattolica<\/title>\n<meta name=\"description\" content=\"Rassegna Stampa Cattolica - Per una cultura che nasce dalla Rivelazione cristiana in conformit\u00e0 alla tradizione e al Magistero della Chiesa in opposizione ad ogni relativismo e totalitarismo\" \/>\n<meta name=\"robots\" content=\"index, follow, max-snippet:-1, max-image-preview:large, max-video-preview:-1\" \/>\n<link rel=\"canonical\" href=\"https:\/\/www.rassegnastampa-totustuus.it\/cattolica\/per-combattere-la-piaga-dellaborto-serve-anche-un-piano-b\/\" \/>\n<meta property=\"og:locale\" content=\"it_IT\" \/>\n<meta property=\"og:type\" content=\"article\" \/>\n<meta property=\"og:title\" content=\"Per combattere la piaga dell\u2019aborto serve anche un Piano B - Rassegna Stampa Cattolica\" \/>\n<meta property=\"og:description\" content=\"Rassegna Stampa Cattolica - Per una cultura che nasce dalla Rivelazione cristiana in conformit\u00e0 alla tradizione e al Magistero della Chiesa in opposizione ad ogni relativismo e totalitarismo\" \/>\n<meta property=\"og:url\" content=\"https:\/\/www.rassegnastampa-totustuus.it\/cattolica\/per-combattere-la-piaga-dellaborto-serve-anche-un-piano-b\/\" \/>\n<meta property=\"og:site_name\" content=\"Rassegna Stampa Cattolica\" \/>\n<meta property=\"article:publisher\" content=\"https:\/\/www.facebook.com\/rassegnastampacattolica\" \/>\n<meta property=\"article:published_time\" content=\"2011-11-09T23:00:00+00:00\" \/>\n<meta property=\"article:modified_time\" content=\"2020-02-18T07:28:19+00:00\" \/>\n<meta property=\"og:image\" content=\"https:\/\/www.rassegnastampa-totustuus.it\/cattolica\/wp-content\/uploads\/2011\/11\/Aborto_assassinio.jpg\" \/>\n\t<meta property=\"og:image:width\" content=\"255\" \/>\n\t<meta property=\"og:image:height\" content=\"197\" \/>\n\t<meta property=\"og:image:type\" content=\"image\/jpeg\" \/>\n<meta name=\"author\" content=\"Redazione\" \/>\n<meta name=\"twitter:card\" content=\"summary_large_image\" \/>\n<meta name=\"twitter:creator\" content=\"@rassegnastampa9\" \/>\n<meta name=\"twitter:site\" content=\"@rassegnastampa9\" \/>\n<meta name=\"twitter:label1\" content=\"Scritto da\" \/>\n\t<meta name=\"twitter:data1\" content=\"Redazione\" \/>\n\t<meta name=\"twitter:label2\" content=\"Tempo di lettura stimato\" \/>\n\t<meta name=\"twitter:data2\" content=\"9 minuti\" \/>\n<script type=\"application\/ld+json\" class=\"yoast-schema-graph\">{\"@context\":\"https:\\\/\\\/schema.org\",\"@graph\":[{\"@type\":\"Article\",\"@id\":\"https:\\\/\\\/www.rassegnastampa-totustuus.it\\\/cattolica\\\/per-combattere-la-piaga-dellaborto-serve-anche-un-piano-b\\\/#article\",\"isPartOf\":{\"@id\":\"https:\\\/\\\/www.rassegnastampa-totustuus.it\\\/cattolica\\\/per-combattere-la-piaga-dellaborto-serve-anche-un-piano-b\\\/\"},\"author\":{\"name\":\"Redazione\",\"@id\":\"https:\\\/\\\/www.rassegnastampa-totustuus.it\\\/cattolica\\\/#\\\/schema\\\/person\\\/08f319d2bd1a0904ad9e2bfb7b15e5c3\"},\"headline\":\"Per combattere la piaga dell\u2019aborto serve anche un Piano B\",\"datePublished\":\"2011-11-09T23:00:00+00:00\",\"dateModified\":\"2020-02-18T07:28:19+00:00\",\"mainEntityOfPage\":{\"@id\":\"https:\\\/\\\/www.rassegnastampa-totustuus.it\\\/cattolica\\\/per-combattere-la-piaga-dellaborto-serve-anche-un-piano-b\\\/\"},\"wordCount\":1771,\"publisher\":{\"@id\":\"https:\\\/\\\/www.rassegnastampa-totustuus.it\\\/cattolica\\\/#organization\"},\"image\":{\"@id\":\"https:\\\/\\\/www.rassegnastampa-totustuus.it\\\/cattolica\\\/per-combattere-la-piaga-dellaborto-serve-anche-un-piano-b\\\/#primaryimage\"},\"thumbnailUrl\":\"https:\\\/\\\/www.rassegnastampa-totustuus.it\\\/cattolica\\\/wp-content\\\/uploads\\\/2011\\\/11\\\/Aborto_assassinio.jpg\",\"keywords\":[\"Aborto\"],\"articleSection\":[\"Aborto\"],\"inLanguage\":\"it-IT\"},{\"@type\":\"WebPage\",\"@id\":\"https:\\\/\\\/www.rassegnastampa-totustuus.it\\\/cattolica\\\/per-combattere-la-piaga-dellaborto-serve-anche-un-piano-b\\\/\",\"url\":\"https:\\\/\\\/www.rassegnastampa-totustuus.it\\\/cattolica\\\/per-combattere-la-piaga-dellaborto-serve-anche-un-piano-b\\\/\",\"name\":\"Per combattere la piaga dell\u2019aborto serve anche un Piano B - Rassegna Stampa Cattolica\",\"isPartOf\":{\"@id\":\"https:\\\/\\\/www.rassegnastampa-totustuus.it\\\/cattolica\\\/#website\"},\"primaryImageOfPage\":{\"@id\":\"https:\\\/\\\/www.rassegnastampa-totustuus.it\\\/cattolica\\\/per-combattere-la-piaga-dellaborto-serve-anche-un-piano-b\\\/#primaryimage\"},\"image\":{\"@id\":\"https:\\\/\\\/www.rassegnastampa-totustuus.it\\\/cattolica\\\/per-combattere-la-piaga-dellaborto-serve-anche-un-piano-b\\\/#primaryimage\"},\"thumbnailUrl\":\"https:\\\/\\\/www.rassegnastampa-totustuus.it\\\/cattolica\\\/wp-content\\\/uploads\\\/2011\\\/11\\\/Aborto_assassinio.jpg\",\"datePublished\":\"2011-11-09T23:00:00+00:00\",\"dateModified\":\"2020-02-18T07:28:19+00:00\",\"description\":\"Rassegna Stampa Cattolica - Per una cultura che nasce dalla Rivelazione cristiana in conformit\u00e0 alla tradizione e al Magistero della Chiesa in opposizione ad ogni relativismo e totalitarismo\",\"breadcrumb\":{\"@id\":\"https:\\\/\\\/www.rassegnastampa-totustuus.it\\\/cattolica\\\/per-combattere-la-piaga-dellaborto-serve-anche-un-piano-b\\\/#breadcrumb\"},\"inLanguage\":\"it-IT\",\"potentialAction\":[{\"@type\":\"ReadAction\",\"target\":[\"https:\\\/\\\/www.rassegnastampa-totustuus.it\\\/cattolica\\\/per-combattere-la-piaga-dellaborto-serve-anche-un-piano-b\\\/\"]}]},{\"@type\":\"ImageObject\",\"inLanguage\":\"it-IT\",\"@id\":\"https:\\\/\\\/www.rassegnastampa-totustuus.it\\\/cattolica\\\/per-combattere-la-piaga-dellaborto-serve-anche-un-piano-b\\\/#primaryimage\",\"url\":\"https:\\\/\\\/www.rassegnastampa-totustuus.it\\\/cattolica\\\/wp-content\\\/uploads\\\/2011\\\/11\\\/Aborto_assassinio.jpg\",\"contentUrl\":\"https:\\\/\\\/www.rassegnastampa-totustuus.it\\\/cattolica\\\/wp-content\\\/uploads\\\/2011\\\/11\\\/Aborto_assassinio.jpg\",\"width\":255,\"height\":197},{\"@type\":\"BreadcrumbList\",\"@id\":\"https:\\\/\\\/www.rassegnastampa-totustuus.it\\\/cattolica\\\/per-combattere-la-piaga-dellaborto-serve-anche-un-piano-b\\\/#breadcrumb\",\"itemListElement\":[{\"@type\":\"ListItem\",\"position\":1,\"name\":\"Home\",\"item\":\"https:\\\/\\\/www.rassegnastampa-totustuus.it\\\/cattolica\\\/\"},{\"@type\":\"ListItem\",\"position\":2,\"name\":\"Per combattere la piaga dell\u2019aborto serve anche un Piano B\"}]},{\"@type\":\"WebSite\",\"@id\":\"https:\\\/\\\/www.rassegnastampa-totustuus.it\\\/cattolica\\\/#website\",\"url\":\"https:\\\/\\\/www.rassegnastampa-totustuus.it\\\/cattolica\\\/\",\"name\":\"Rassegna Stampa Cattolica\",\"description\":\"Per una cultura che nasce dalla Rivelazione cristiana in conformit\u00e0 alla tradizione e al Magistero della Chiesa in opposizione ad ogni relativismo e totalitarismo\",\"publisher\":{\"@id\":\"https:\\\/\\\/www.rassegnastampa-totustuus.it\\\/cattolica\\\/#organization\"},\"alternateName\":\"Rass. Cattolica\",\"potentialAction\":[{\"@type\":\"SearchAction\",\"target\":{\"@type\":\"EntryPoint\",\"urlTemplate\":\"https:\\\/\\\/www.rassegnastampa-totustuus.it\\\/cattolica\\\/?s={search_term_string}\"},\"query-input\":{\"@type\":\"PropertyValueSpecification\",\"valueRequired\":true,\"valueName\":\"search_term_string\"}}],\"inLanguage\":\"it-IT\"},{\"@type\":\"Organization\",\"@id\":\"https:\\\/\\\/www.rassegnastampa-totustuus.it\\\/cattolica\\\/#organization\",\"name\":\"Rassegna Stampa Cattolica\",\"url\":\"https:\\\/\\\/www.rassegnastampa-totustuus.it\\\/cattolica\\\/\",\"logo\":{\"@type\":\"ImageObject\",\"inLanguage\":\"it-IT\",\"@id\":\"https:\\\/\\\/www.rassegnastampa-totustuus.it\\\/cattolica\\\/#\\\/schema\\\/logo\\\/image\\\/\",\"url\":\"https:\\\/\\\/www.rassegnastampa-totustuus.it\\\/cattolica\\\/wp-content\\\/uploads\\\/2014\\\/04\\\/logo-rassegna1.gif\",\"contentUrl\":\"https:\\\/\\\/www.rassegnastampa-totustuus.it\\\/cattolica\\\/wp-content\\\/uploads\\\/2014\\\/04\\\/logo-rassegna1.gif\",\"width\":600,\"height\":163,\"caption\":\"Rassegna Stampa Cattolica\"},\"image\":{\"@id\":\"https:\\\/\\\/www.rassegnastampa-totustuus.it\\\/cattolica\\\/#\\\/schema\\\/logo\\\/image\\\/\"},\"sameAs\":[\"https:\\\/\\\/www.facebook.com\\\/rassegnastampacattolica\",\"https:\\\/\\\/x.com\\\/rassegnastampa9\"]},{\"@type\":\"Person\",\"@id\":\"https:\\\/\\\/www.rassegnastampa-totustuus.it\\\/cattolica\\\/#\\\/schema\\\/person\\\/08f319d2bd1a0904ad9e2bfb7b15e5c3\",\"name\":\"Redazione\",\"image\":{\"@type\":\"ImageObject\",\"inLanguage\":\"it-IT\",\"@id\":\"https:\\\/\\\/secure.gravatar.com\\\/avatar\\\/2fcdf27c78ea025fbdb44e914cc63c72249ffec9dc8aafd5c82b26240ef3f346?s=96&d=mm&r=g\",\"url\":\"https:\\\/\\\/secure.gravatar.com\\\/avatar\\\/2fcdf27c78ea025fbdb44e914cc63c72249ffec9dc8aafd5c82b26240ef3f346?s=96&d=mm&r=g\",\"contentUrl\":\"https:\\\/\\\/secure.gravatar.com\\\/avatar\\\/2fcdf27c78ea025fbdb44e914cc63c72249ffec9dc8aafd5c82b26240ef3f346?s=96&d=mm&r=g\",\"caption\":\"Redazione\"},\"url\":\"https:\\\/\\\/www.rassegnastampa-totustuus.it\\\/cattolica\\\/author\\\/pietroelle\\\/\"}]}<\/script>\n<!-- \/ Yoast SEO plugin. -->","yoast_head_json":{"title":"Per combattere la piaga dell\u2019aborto serve anche un Piano B - Rassegna Stampa Cattolica","description":"Rassegna Stampa Cattolica - Per una cultura che nasce dalla Rivelazione cristiana in conformit\u00e0 alla tradizione e al Magistero della Chiesa in opposizione ad ogni relativismo e totalitarismo","robots":{"index":"index","follow":"follow","max-snippet":"max-snippet:-1","max-image-preview":"max-image-preview:large","max-video-preview":"max-video-preview:-1"},"canonical":"https:\/\/www.rassegnastampa-totustuus.it\/cattolica\/per-combattere-la-piaga-dellaborto-serve-anche-un-piano-b\/","og_locale":"it_IT","og_type":"article","og_title":"Per combattere la piaga dell\u2019aborto serve anche un Piano B - Rassegna Stampa Cattolica","og_description":"Rassegna Stampa Cattolica - Per una cultura che nasce dalla Rivelazione cristiana in conformit\u00e0 alla tradizione e al Magistero della Chiesa in opposizione ad ogni relativismo e totalitarismo","og_url":"https:\/\/www.rassegnastampa-totustuus.it\/cattolica\/per-combattere-la-piaga-dellaborto-serve-anche-un-piano-b\/","og_site_name":"Rassegna Stampa Cattolica","article_publisher":"https:\/\/www.facebook.com\/rassegnastampacattolica","article_published_time":"2011-11-09T23:00:00+00:00","article_modified_time":"2020-02-18T07:28:19+00:00","og_image":[{"width":255,"height":197,"url":"https:\/\/www.rassegnastampa-totustuus.it\/cattolica\/wp-content\/uploads\/2011\/11\/Aborto_assassinio.jpg","type":"image\/jpeg"}],"author":"Redazione","twitter_card":"summary_large_image","twitter_creator":"@rassegnastampa9","twitter_site":"@rassegnastampa9","twitter_misc":{"Scritto da":"Redazione","Tempo di lettura stimato":"9 minuti"},"schema":{"@context":"https:\/\/schema.org","@graph":[{"@type":"Article","@id":"https:\/\/www.rassegnastampa-totustuus.it\/cattolica\/per-combattere-la-piaga-dellaborto-serve-anche-un-piano-b\/#article","isPartOf":{"@id":"https:\/\/www.rassegnastampa-totustuus.it\/cattolica\/per-combattere-la-piaga-dellaborto-serve-anche-un-piano-b\/"},"author":{"name":"Redazione","@id":"https:\/\/www.rassegnastampa-totustuus.it\/cattolica\/#\/schema\/person\/08f319d2bd1a0904ad9e2bfb7b15e5c3"},"headline":"Per combattere la piaga dell\u2019aborto serve anche un Piano B","datePublished":"2011-11-09T23:00:00+00:00","dateModified":"2020-02-18T07:28:19+00:00","mainEntityOfPage":{"@id":"https:\/\/www.rassegnastampa-totustuus.it\/cattolica\/per-combattere-la-piaga-dellaborto-serve-anche-un-piano-b\/"},"wordCount":1771,"publisher":{"@id":"https:\/\/www.rassegnastampa-totustuus.it\/cattolica\/#organization"},"image":{"@id":"https:\/\/www.rassegnastampa-totustuus.it\/cattolica\/per-combattere-la-piaga-dellaborto-serve-anche-un-piano-b\/#primaryimage"},"thumbnailUrl":"https:\/\/www.rassegnastampa-totustuus.it\/cattolica\/wp-content\/uploads\/2011\/11\/Aborto_assassinio.jpg","keywords":["Aborto"],"articleSection":["Aborto"],"inLanguage":"it-IT"},{"@type":"WebPage","@id":"https:\/\/www.rassegnastampa-totustuus.it\/cattolica\/per-combattere-la-piaga-dellaborto-serve-anche-un-piano-b\/","url":"https:\/\/www.rassegnastampa-totustuus.it\/cattolica\/per-combattere-la-piaga-dellaborto-serve-anche-un-piano-b\/","name":"Per combattere la piaga dell\u2019aborto serve anche un Piano B - Rassegna Stampa Cattolica","isPartOf":{"@id":"https:\/\/www.rassegnastampa-totustuus.it\/cattolica\/#website"},"primaryImageOfPage":{"@id":"https:\/\/www.rassegnastampa-totustuus.it\/cattolica\/per-combattere-la-piaga-dellaborto-serve-anche-un-piano-b\/#primaryimage"},"image":{"@id":"https:\/\/www.rassegnastampa-totustuus.it\/cattolica\/per-combattere-la-piaga-dellaborto-serve-anche-un-piano-b\/#primaryimage"},"thumbnailUrl":"https:\/\/www.rassegnastampa-totustuus.it\/cattolica\/wp-content\/uploads\/2011\/11\/Aborto_assassinio.jpg","datePublished":"2011-11-09T23:00:00+00:00","dateModified":"2020-02-18T07:28:19+00:00","description":"Rassegna Stampa Cattolica - Per una cultura che nasce dalla Rivelazione cristiana in conformit\u00e0 alla tradizione e al Magistero della Chiesa in opposizione ad ogni relativismo e totalitarismo","breadcrumb":{"@id":"https:\/\/www.rassegnastampa-totustuus.it\/cattolica\/per-combattere-la-piaga-dellaborto-serve-anche-un-piano-b\/#breadcrumb"},"inLanguage":"it-IT","potentialAction":[{"@type":"ReadAction","target":["https:\/\/www.rassegnastampa-totustuus.it\/cattolica\/per-combattere-la-piaga-dellaborto-serve-anche-un-piano-b\/"]}]},{"@type":"ImageObject","inLanguage":"it-IT","@id":"https:\/\/www.rassegnastampa-totustuus.it\/cattolica\/per-combattere-la-piaga-dellaborto-serve-anche-un-piano-b\/#primaryimage","url":"https:\/\/www.rassegnastampa-totustuus.it\/cattolica\/wp-content\/uploads\/2011\/11\/Aborto_assassinio.jpg","contentUrl":"https:\/\/www.rassegnastampa-totustuus.it\/cattolica\/wp-content\/uploads\/2011\/11\/Aborto_assassinio.jpg","width":255,"height":197},{"@type":"BreadcrumbList","@id":"https:\/\/www.rassegnastampa-totustuus.it\/cattolica\/per-combattere-la-piaga-dellaborto-serve-anche-un-piano-b\/#breadcrumb","itemListElement":[{"@type":"ListItem","position":1,"name":"Home","item":"https:\/\/www.rassegnastampa-totustuus.it\/cattolica\/"},{"@type":"ListItem","position":2,"name":"Per combattere la piaga dell\u2019aborto serve anche un Piano B"}]},{"@type":"WebSite","@id":"https:\/\/www.rassegnastampa-totustuus.it\/cattolica\/#website","url":"https:\/\/www.rassegnastampa-totustuus.it\/cattolica\/","name":"Rassegna Stampa Cattolica","description":"Per una cultura che nasce dalla Rivelazione cristiana in conformit\u00e0 alla tradizione e al Magistero della Chiesa in opposizione ad ogni relativismo e totalitarismo","publisher":{"@id":"https:\/\/www.rassegnastampa-totustuus.it\/cattolica\/#organization"},"alternateName":"Rass. Cattolica","potentialAction":[{"@type":"SearchAction","target":{"@type":"EntryPoint","urlTemplate":"https:\/\/www.rassegnastampa-totustuus.it\/cattolica\/?s={search_term_string}"},"query-input":{"@type":"PropertyValueSpecification","valueRequired":true,"valueName":"search_term_string"}}],"inLanguage":"it-IT"},{"@type":"Organization","@id":"https:\/\/www.rassegnastampa-totustuus.it\/cattolica\/#organization","name":"Rassegna Stampa Cattolica","url":"https:\/\/www.rassegnastampa-totustuus.it\/cattolica\/","logo":{"@type":"ImageObject","inLanguage":"it-IT","@id":"https:\/\/www.rassegnastampa-totustuus.it\/cattolica\/#\/schema\/logo\/image\/","url":"https:\/\/www.rassegnastampa-totustuus.it\/cattolica\/wp-content\/uploads\/2014\/04\/logo-rassegna1.gif","contentUrl":"https:\/\/www.rassegnastampa-totustuus.it\/cattolica\/wp-content\/uploads\/2014\/04\/logo-rassegna1.gif","width":600,"height":163,"caption":"Rassegna Stampa Cattolica"},"image":{"@id":"https:\/\/www.rassegnastampa-totustuus.it\/cattolica\/#\/schema\/logo\/image\/"},"sameAs":["https:\/\/www.facebook.com\/rassegnastampacattolica","https:\/\/x.com\/rassegnastampa9"]},{"@type":"Person","@id":"https:\/\/www.rassegnastampa-totustuus.it\/cattolica\/#\/schema\/person\/08f319d2bd1a0904ad9e2bfb7b15e5c3","name":"Redazione","image":{"@type":"ImageObject","inLanguage":"it-IT","@id":"https:\/\/secure.gravatar.com\/avatar\/2fcdf27c78ea025fbdb44e914cc63c72249ffec9dc8aafd5c82b26240ef3f346?s=96&d=mm&r=g","url":"https:\/\/secure.gravatar.com\/avatar\/2fcdf27c78ea025fbdb44e914cc63c72249ffec9dc8aafd5c82b26240ef3f346?s=96&d=mm&r=g","contentUrl":"https:\/\/secure.gravatar.com\/avatar\/2fcdf27c78ea025fbdb44e914cc63c72249ffec9dc8aafd5c82b26240ef3f346?s=96&d=mm&r=g","caption":"Redazione"},"url":"https:\/\/www.rassegnastampa-totustuus.it\/cattolica\/author\/pietroelle\/"}]}},"_links":{"self":[{"href":"https:\/\/www.rassegnastampa-totustuus.it\/cattolica\/wp-json\/wp\/v2\/posts\/4768","targetHints":{"allow":["GET"]}}],"collection":[{"href":"https:\/\/www.rassegnastampa-totustuus.it\/cattolica\/wp-json\/wp\/v2\/posts"}],"about":[{"href":"https:\/\/www.rassegnastampa-totustuus.it\/cattolica\/wp-json\/wp\/v2\/types\/post"}],"author":[{"embeddable":true,"href":"https:\/\/www.rassegnastampa-totustuus.it\/cattolica\/wp-json\/wp\/v2\/users\/6"}],"replies":[{"embeddable":true,"href":"https:\/\/www.rassegnastampa-totustuus.it\/cattolica\/wp-json\/wp\/v2\/comments?post=4768"}],"version-history":[{"count":3,"href":"https:\/\/www.rassegnastampa-totustuus.it\/cattolica\/wp-json\/wp\/v2\/posts\/4768\/revisions"}],"predecessor-version":[{"id":46455,"href":"https:\/\/www.rassegnastampa-totustuus.it\/cattolica\/wp-json\/wp\/v2\/posts\/4768\/revisions\/46455"}],"wp:featuredmedia":[{"embeddable":true,"href":"https:\/\/www.rassegnastampa-totustuus.it\/cattolica\/wp-json\/wp\/v2\/media\/23205"}],"wp:attachment":[{"href":"https:\/\/www.rassegnastampa-totustuus.it\/cattolica\/wp-json\/wp\/v2\/media?parent=4768"}],"wp:term":[{"taxonomy":"category","embeddable":true,"href":"https:\/\/www.rassegnastampa-totustuus.it\/cattolica\/wp-json\/wp\/v2\/categories?post=4768"},{"taxonomy":"post_tag","embeddable":true,"href":"https:\/\/www.rassegnastampa-totustuus.it\/cattolica\/wp-json\/wp\/v2\/tags?post=4768"}],"curies":[{"name":"wp","href":"https:\/\/api.w.org\/{rel}","templated":true}]}}