{"id":47646,"date":"2020-06-25T00:00:15","date_gmt":"2020-06-24T22:00:15","guid":{"rendered":"http:\/\/www.rassegnastampa-totustuus.it\/cattolica\/?p=47646"},"modified":"2020-06-23T11:14:06","modified_gmt":"2020-06-23T09:14:06","slug":"magistratura-e-politica-in-italia-cosa-sta-succedendo-come-riparare","status":"publish","type":"post","link":"https:\/\/www.rassegnastampa-totustuus.it\/cattolica\/magistratura-e-politica-in-italia-cosa-sta-succedendo-come-riparare\/","title":{"rendered":"Magistratura e politica in Italia: cosa sta succedendo, come riparare?"},"content":{"rendered":"<p style=\"text-align: center;\"><strong><a href=\"https:\/\/www.rassegnastampa-totustuus.it\/cattolica\/wp-content\/uploads\/2009\/03\/magistratura.jpg\"><img loading=\"lazy\" decoding=\"async\" class=\"size-full wp-image-27362 alignright\" src=\"https:\/\/www.rassegnastampa-totustuus.it\/cattolica\/wp-content\/uploads\/2009\/03\/magistratura.jpg\" alt=\"\" width=\"276\" height=\"183\" \/><\/a>Informazione Cattolica<\/strong><\/p>\n<p style=\"text-align: center;\">22 Giugno 2020<strong> \u00a0<\/strong><\/p>\n<p style=\"text-align: center;\">di <strong>Mauro Rotellini<\/strong><\/p>\n<p style=\"text-align: justify;\">Il 20 giugno il Comitato direttivo centrale dell\u2019<em>Associazione Nazionale Magistrati<\/em> (ANM) ha decretato l\u2019espulsione del pm romano Luca Palamara, indagato a Perugia per corruzione.<\/p>\n<p><!--more--><\/p>\n<p style=\"text-align: justify;\">\u00c8 la prima volta che un provvedimento cos\u00ec drastico viene assunto nei confronti di un ex presidente dell\u2019ANM, al centro dell\u2019attenzione politico-mediatica negli ultimi mesi anche a causa delle intercettazioni con giudizi politici contro il leader della Lega Matteo Salvini.<\/p>\n<p style=\"text-align: justify;\"><a href=\"https:\/\/www.rassegnastampa-totustuus.it\/cattolica\/wp-content\/uploads\/2020\/06\/Palamara.jpg\"><img loading=\"lazy\" decoding=\"async\" class=\"size-full wp-image-47647 alignleft\" src=\"https:\/\/www.rassegnastampa-totustuus.it\/cattolica\/wp-content\/uploads\/2020\/06\/Palamara.jpg\" alt=\"\" width=\"275\" height=\"183\" \/><\/a>Palamara \u00e8 stato espulso dal del \u201csindacato delle toghe\u201d perch\u00e9 giudicato responsabile di gravi e reiterate violazioni del codice etico dei magistrati. Davanti a tale grave provvedimento, avverso il quale non ha potuto nemmeno minimamente difendersi, l\u2019interessato ha replicato: \u00ab<em>Non far\u00f2 il capro espiatorio di un sistema<\/em>\u00bb.<\/p>\n<p style=\"text-align: justify;\">Per capire quali danni all\u2019ordinamento democratico ha portato la collusione tra magistratura e politica sinistra in questi anni bisogna forse partire da almeno due fondamentali articoli in materia presenti nella Costituzione Italiana del 1948.<\/p>\n<p style=\"text-align: justify;\">Cominciamo dall\u2019art. 104, il quale costituisce la magistratura come \u00ab<em>un ordine autonomo e indipendente da ogni altro potere<\/em>\u00bb. Proseguiamo quindi con l\u2019art. 105, secondo il quale \u00ab<em>spettano al Consiglio Superiore della Magistratura, secondo le norme dell\u2019ordinamento giudiziario, le assunzioni, le assegnazioni ed i trasferimenti, le promozioni e i provvedimenti disciplinari nei riguardi dei magistrati<\/em>\u00bb.<\/p>\n<p style=\"text-align: justify;\"><a href=\"https:\/\/www.rassegnastampa-totustuus.it\/cattolica\/wp-content\/uploads\/2013\/09\/magistratura_democratica.png\"><img loading=\"lazy\" decoding=\"async\" class=\"size-full wp-image-25887 alignright\" src=\"https:\/\/www.rassegnastampa-totustuus.it\/cattolica\/wp-content\/uploads\/2013\/09\/magistratura_democratica.png\" alt=\"\" width=\"252\" height=\"200\" \/><\/a>Pensiamo ora solo per un attimo al rapporto che pu\u00f2 intercorrere tra un altissimo magistrato, peraltro esponente di una delle correnti di destra dell\u2019ANM come Palamara e il PD. La moglie del magistrato ha un incarico dalla Regione Lazio a guida piddina; il magistrato ha incontri notturni con un alto esponente del partito in cui discutono chi deve essere promosso e chi no; si complimenta con il neogovernatore piddino del Lazio Zingaretti; discute delle nomine alla procura di Napoli con altissimo esponente piddino; ha rapporti preferenziali con giornalisti di nome in giornali di sinistra di primissimo piano.<\/p>\n<p style=\"text-align: justify;\">Bisogna sgombrare il campo da dubbi. Non sembra che queste intercettazioni abbiano rilievo penale. Quindi, da una parte, esiste perfino la possibilit\u00e0 che quel magistrato possa un giorno tornare ad esercitare.<\/p>\n<p style=\"text-align: justify;\"><a href=\"https:\/\/www.rassegnastampa-totustuus.it\/cattolica\/wp-content\/uploads\/2009\/05\/Csm.jpg\"><img loading=\"lazy\" decoding=\"async\" class=\" wp-image-27543 alignleft\" src=\"https:\/\/www.rassegnastampa-totustuus.it\/cattolica\/wp-content\/uploads\/2009\/05\/Csm.jpg\" alt=\"\" width=\"307\" height=\"232\" \/><\/a>Ma, torniamo ai fatti, che ci pongono di fronte \u2013 chiaramente \u2013 ad un problema di mancanza di autonomia e indipendenza. E qui c\u2019\u00e8 il patatrac. Perch\u00e9, se questa situazione esiste \u2013 e non abbiamo dubbi al riguardo \u2013 ed esiste da anni, da decenni \u2013 ed anche in questo caso siamo sicuri \u2013 allora chi doveva garantire che questo non accadesse ha mancato.<\/p>\n<p style=\"text-align: justify;\">Il CSM ha mancato di garantire l\u2019autonomia e l\u2019indipendenza della magistratura, perch\u00e9 ne ha dato un\u2019interpretazione tale da disegnare il magistrato come una figura con un potere enorme a cui non \u00e8 correlato alcun dovere e nessuna sanzione (ci ricordiamo quando il PM Antonio Di Pietro disse che l\u2019errore del magistrato si configura solo se il \u201cdichiarato morto\u201d \u00e8 invece \u201cvivo\u201d?).<\/p>\n<p style=\"text-align: justify;\">Perch\u00e9 la responsabilit\u00e0 disciplinare fa capo al CSM, che la esercita in maniera tale da renderla vuota di ogni contenuto. Perch\u00e9 la assegnazione dei magistrati ai posti scoperti viene fatta con nomine che sono concordate in via preventiva all\u2019interno della quella grande camera di compensazione fra interessi contrapposti che \u00e8 l\u2019ANM.<\/p>\n<p style=\"text-align: justify;\"><a href=\"https:\/\/www.rassegnastampa-totustuus.it\/cattolica\/wp-content\/uploads\/2006\/07\/giudici.jpg\"><img loading=\"lazy\" decoding=\"async\" class=\"size-full wp-image-28962 alignright\" src=\"https:\/\/www.rassegnastampa-totustuus.it\/cattolica\/wp-content\/uploads\/2006\/07\/giudici.jpg\" alt=\"\" width=\"240\" height=\"202\" \/><\/a>E siccome la maggioranza dei componenti del CSM \u00e8 espresso dai magistrati che sono iscritti nella ANM, questa determina le decisioni di quello. In questi giorni c\u2019\u00e8 chi ha chiesto lo scioglimento dell\u2019ANM, individuando l\u00ec il problema, nei suoi giochi di potere, nelle logiche spartitorie correntizie, nella volont\u00e0 \u2013 proterva \u2013 di gestire il potere che caratterizza quel sindacato.<\/p>\n<p style=\"text-align: justify;\">Non vi \u00e8 dubbio che ci sia una parte di ragione in tutto ci\u00f2. Ma tuttavia, sebbene sia personalmente favorevole allo scioglimento della ANM, non credo che questo risolverebbe il problema. La ANM riunisce il 90% dei magistrati, con la pi\u00f9 alta percentuale di sindacalizzazione italiana. Troverebbero un altro modo di riunirsi, sotto altro nome.<\/p>\n<p style=\"text-align: justify;\">No. Il problema sta nel funzionamento del sistema. E qui intenderebbe incidere il ministro della Giustizia Bonafede. \u00c8 necessario \u2013 per il ministro \u2013 porre \u00ab<em>al centro del progetto<\/em>\u00a0[\u2026]\u00a0<em>un nuovo sistema elettorale sottratto alle degenerazioni del correntismo<\/em>\u00bb, individuare meccanismi \u00ab<em>per arrivare a nomine ispirate soltanto al merito<\/em>\u00bb ed introdurre la \u00ab<em>netta separazione tra politica e magistratura con il blocco delle cosiddette \u201cporte girevoli\u201d<\/em>\u00bb.<\/p>\n<p style=\"text-align: justify;\"><a href=\"https:\/\/www.rassegnastampa-totustuus.it\/cattolica\/wp-content\/uploads\/2009\/03\/giudici.jpg\"><img loading=\"lazy\" decoding=\"async\" class=\"size-full wp-image-31517 alignleft\" src=\"https:\/\/www.rassegnastampa-totustuus.it\/cattolica\/wp-content\/uploads\/2009\/03\/giudici.jpg\" alt=\"\" width=\"275\" height=\"183\" \/><\/a>Cosa significhino esattamente queste parole non \u00e8 dato ancora saperlo. Le uniche che sembrano in qualche maniera avere un contenuto di cui nei mesi scorsi si \u00e8 parlato sono quelle relative al nuovo sistema elettorale. Come sappiamo, il CSM deve essere eletto dai magistrati, lo dice la Costituzione.<\/p>\n<p style=\"text-align: justify;\">Una delle proposte in campo \u00e8 quella che prevede l\u2019elezione fra un certo numero di candidati estratti a sorte in precedenza. Questo artificio consentirebbe di spezzare il collegamento tra correnti ed eletti al CSM. Altra ipotesi, l\u2019introduzione di collegi uninominali con possibilit\u00e0 di ballottaggio (a questa soluzione sarebbe contraria la corrente davighiana di\u00a0<em>Autonomia e Indipendenza<\/em>, che \u00ab<em>auspica che la riforma della legge elettorale del CSM. venga attuata facendo ricorso ad un modello di tipo proporzionale<\/em>\u00bb, ma in realt\u00e0 se non si passa al sorteggio rester\u00e0 tutto inevitabilmente come prima.<\/p>\n<p style=\"text-align: justify;\">Questo perch\u00e9 le correnti si spartiranno i posti, le sedi, le candidature, esattamente come nel 1994 e nel 1996 i partiti si spartirono i collegi uninominali con gli accordi di desistenza. Il sorteggio \u00e8 l\u2019unico modo.<\/p>\n<p style=\"text-align: justify;\"><a href=\"https:\/\/www.rassegnastampa-totustuus.it\/cattolica\/wp-content\/uploads\/2018\/02\/giustizia.jpg\"><img loading=\"lazy\" decoding=\"async\" class=\" wp-image-39755 alignright\" src=\"https:\/\/www.rassegnastampa-totustuus.it\/cattolica\/wp-content\/uploads\/2018\/02\/giustizia.jpg\" alt=\"\" width=\"320\" height=\"212\" \/><\/a>Per quanto riguarda il merito, \u00e8 indiscutibile che non si possa prescindere dalla valutazione delle capacit\u00e0 dei magistrati che quello del magistrato \u00e8 un lavoro cos\u00ec fisiologicamente esposto agli errori, che sarebbe assurdo pretendere un risarcimento personale del danno.<\/p>\n<p style=\"text-align: justify;\">Ci sono due casi, per\u00f2, in cui secondo me il magistrato dovrebbe rispondere direttamente. Un primo caso \u00e8 quando il magistrato non si aggiorna e finisce per applicare una legge sbagliata, il secondo \u00e8 quando non conosce il processo, cio\u00e8 non legge le carte come dovrebbe.<\/p>\n<p style=\"text-align: justify;\">In questo caso siamo di fronte a errori non scusabili, ma sarebbe inutile pensare di poterli correggere facendo pagare in denaro il giudice che li ha commessi, anche perch\u00e9 il magistrato \u00e8 sempre assicurato, dunque non sarebbe neanche minimamente toccato in modo diretto nel portafogli. Andrebbe sanzionato severamente nella progressione della carriera, fino alla destituzione.<\/p>\n","protected":false},"excerpt":{"rendered":"<p>Informazione Cattolica 22 Giugno 2020 \u00a0 di Mauro Rotellini Il 20 giugno il Comitato direttivo centrale dell\u2019Associazione Nazionale Magistrati (ANM) ha decretato l\u2019espulsione del pm romano Luca Palamara, indagato a Perugia per corruzione.<\/p><p><a class=\"more-link btn\" href=\"https:\/\/www.rassegnastampa-totustuus.it\/cattolica\/magistratura-e-politica-in-italia-cosa-sta-succedendo-come-riparare\/\">Continua a leggere<\/a><\/p>\n","protected":false},"author":6,"featured_media":47648,"comment_status":"closed","ping_status":"closed","sticky":false,"template":"","format":"standard","meta":{"footnotes":""},"categories":[108,20],"tags":[1630,1251,1315,545,297],"class_list":["post-47646","post","type-post","status-publish","format-standard","has-post-thumbnail","hentry","category-paesi-e-continenti","category-politica-nazionale","tag-giustizia","tag-italia","tag-magistratura","tag-paesi-e-continenti-2","tag-politica-nazionale-2","item-wrap"],"yoast_head":"<!-- This site is optimized with the Yoast SEO plugin v27.5 - https:\/\/yoast.com\/product\/yoast-seo-wordpress\/ -->\n<title>Magistratura e politica in Italia: cosa sta succedendo, come riparare? - Rassegna Stampa Cattolica<\/title>\n<meta name=\"description\" content=\"Rassegna Stampa Cattolica - Per una cultura che nasce dalla Rivelazione cristiana in conformit\u00e0 alla tradizione e al Magistero della Chiesa in opposizione ad ogni relativismo e totalitarismo\" \/>\n<meta name=\"robots\" content=\"index, follow, max-snippet:-1, max-image-preview:large, max-video-preview:-1\" \/>\n<link rel=\"canonical\" href=\"https:\/\/www.rassegnastampa-totustuus.it\/cattolica\/magistratura-e-politica-in-italia-cosa-sta-succedendo-come-riparare\/\" \/>\n<meta property=\"og:locale\" content=\"it_IT\" \/>\n<meta property=\"og:type\" content=\"article\" \/>\n<meta property=\"og:title\" content=\"Magistratura e politica in Italia: cosa sta succedendo, come riparare? - Rassegna Stampa Cattolica\" \/>\n<meta property=\"og:description\" content=\"Rassegna Stampa Cattolica - Per una cultura che nasce dalla Rivelazione cristiana in conformit\u00e0 alla tradizione e al Magistero della Chiesa in opposizione ad ogni relativismo e totalitarismo\" \/>\n<meta property=\"og:url\" content=\"https:\/\/www.rassegnastampa-totustuus.it\/cattolica\/magistratura-e-politica-in-italia-cosa-sta-succedendo-come-riparare\/\" \/>\n<meta property=\"og:site_name\" content=\"Rassegna Stampa Cattolica\" \/>\n<meta property=\"article:publisher\" content=\"https:\/\/www.facebook.com\/rassegnastampacattolica\" \/>\n<meta property=\"article:published_time\" content=\"2020-06-24T22:00:15+00:00\" \/>\n<meta property=\"og:image\" content=\"https:\/\/www.rassegnastampa-totustuus.it\/cattolica\/wp-content\/uploads\/2020\/06\/magistratura_giustizia.jpg\" \/>\n\t<meta property=\"og:image:width\" content=\"1280\" \/>\n\t<meta property=\"og:image:height\" content=\"720\" \/>\n\t<meta property=\"og:image:type\" content=\"image\/jpeg\" \/>\n<meta name=\"author\" content=\"Redazione\" \/>\n<meta name=\"twitter:card\" content=\"summary_large_image\" \/>\n<meta name=\"twitter:creator\" content=\"@rassegnastampa9\" \/>\n<meta name=\"twitter:site\" content=\"@rassegnastampa9\" \/>\n<meta name=\"twitter:label1\" content=\"Scritto da\" \/>\n\t<meta name=\"twitter:data1\" content=\"Redazione\" \/>\n\t<meta name=\"twitter:label2\" content=\"Tempo di lettura stimato\" \/>\n\t<meta name=\"twitter:data2\" content=\"5 minuti\" \/>\n<script type=\"application\/ld+json\" class=\"yoast-schema-graph\">{\"@context\":\"https:\\\/\\\/schema.org\",\"@graph\":[{\"@type\":\"Article\",\"@id\":\"https:\\\/\\\/www.rassegnastampa-totustuus.it\\\/cattolica\\\/magistratura-e-politica-in-italia-cosa-sta-succedendo-come-riparare\\\/#article\",\"isPartOf\":{\"@id\":\"https:\\\/\\\/www.rassegnastampa-totustuus.it\\\/cattolica\\\/magistratura-e-politica-in-italia-cosa-sta-succedendo-come-riparare\\\/\"},\"author\":{\"name\":\"Redazione\",\"@id\":\"https:\\\/\\\/www.rassegnastampa-totustuus.it\\\/cattolica\\\/#\\\/schema\\\/person\\\/08f319d2bd1a0904ad9e2bfb7b15e5c3\"},\"headline\":\"Magistratura e politica in Italia: cosa sta succedendo, come riparare?\",\"datePublished\":\"2020-06-24T22:00:15+00:00\",\"mainEntityOfPage\":{\"@id\":\"https:\\\/\\\/www.rassegnastampa-totustuus.it\\\/cattolica\\\/magistratura-e-politica-in-italia-cosa-sta-succedendo-come-riparare\\\/\"},\"wordCount\":997,\"publisher\":{\"@id\":\"https:\\\/\\\/www.rassegnastampa-totustuus.it\\\/cattolica\\\/#organization\"},\"image\":{\"@id\":\"https:\\\/\\\/www.rassegnastampa-totustuus.it\\\/cattolica\\\/magistratura-e-politica-in-italia-cosa-sta-succedendo-come-riparare\\\/#primaryimage\"},\"thumbnailUrl\":\"https:\\\/\\\/www.rassegnastampa-totustuus.it\\\/cattolica\\\/wp-content\\\/uploads\\\/2020\\\/06\\\/magistratura_giustizia.jpg\",\"keywords\":[\"giustizia\",\"Italia\",\"magistratura\",\"paesi e continenti\",\"politica nazionale\"],\"articleSection\":[\"Paesi e continenti\",\"Politica nazionale\"],\"inLanguage\":\"it-IT\"},{\"@type\":\"WebPage\",\"@id\":\"https:\\\/\\\/www.rassegnastampa-totustuus.it\\\/cattolica\\\/magistratura-e-politica-in-italia-cosa-sta-succedendo-come-riparare\\\/\",\"url\":\"https:\\\/\\\/www.rassegnastampa-totustuus.it\\\/cattolica\\\/magistratura-e-politica-in-italia-cosa-sta-succedendo-come-riparare\\\/\",\"name\":\"Magistratura e politica in Italia: cosa sta succedendo, come riparare? - Rassegna Stampa Cattolica\",\"isPartOf\":{\"@id\":\"https:\\\/\\\/www.rassegnastampa-totustuus.it\\\/cattolica\\\/#website\"},\"primaryImageOfPage\":{\"@id\":\"https:\\\/\\\/www.rassegnastampa-totustuus.it\\\/cattolica\\\/magistratura-e-politica-in-italia-cosa-sta-succedendo-come-riparare\\\/#primaryimage\"},\"image\":{\"@id\":\"https:\\\/\\\/www.rassegnastampa-totustuus.it\\\/cattolica\\\/magistratura-e-politica-in-italia-cosa-sta-succedendo-come-riparare\\\/#primaryimage\"},\"thumbnailUrl\":\"https:\\\/\\\/www.rassegnastampa-totustuus.it\\\/cattolica\\\/wp-content\\\/uploads\\\/2020\\\/06\\\/magistratura_giustizia.jpg\",\"datePublished\":\"2020-06-24T22:00:15+00:00\",\"description\":\"Rassegna Stampa Cattolica - Per una cultura che nasce dalla Rivelazione cristiana in conformit\u00e0 alla tradizione e al Magistero della Chiesa in opposizione ad ogni relativismo e totalitarismo\",\"breadcrumb\":{\"@id\":\"https:\\\/\\\/www.rassegnastampa-totustuus.it\\\/cattolica\\\/magistratura-e-politica-in-italia-cosa-sta-succedendo-come-riparare\\\/#breadcrumb\"},\"inLanguage\":\"it-IT\",\"potentialAction\":[{\"@type\":\"ReadAction\",\"target\":[\"https:\\\/\\\/www.rassegnastampa-totustuus.it\\\/cattolica\\\/magistratura-e-politica-in-italia-cosa-sta-succedendo-come-riparare\\\/\"]}]},{\"@type\":\"ImageObject\",\"inLanguage\":\"it-IT\",\"@id\":\"https:\\\/\\\/www.rassegnastampa-totustuus.it\\\/cattolica\\\/magistratura-e-politica-in-italia-cosa-sta-succedendo-come-riparare\\\/#primaryimage\",\"url\":\"https:\\\/\\\/www.rassegnastampa-totustuus.it\\\/cattolica\\\/wp-content\\\/uploads\\\/2020\\\/06\\\/magistratura_giustizia.jpg\",\"contentUrl\":\"https:\\\/\\\/www.rassegnastampa-totustuus.it\\\/cattolica\\\/wp-content\\\/uploads\\\/2020\\\/06\\\/magistratura_giustizia.jpg\",\"width\":1280,\"height\":720},{\"@type\":\"BreadcrumbList\",\"@id\":\"https:\\\/\\\/www.rassegnastampa-totustuus.it\\\/cattolica\\\/magistratura-e-politica-in-italia-cosa-sta-succedendo-come-riparare\\\/#breadcrumb\",\"itemListElement\":[{\"@type\":\"ListItem\",\"position\":1,\"name\":\"Home\",\"item\":\"https:\\\/\\\/www.rassegnastampa-totustuus.it\\\/cattolica\\\/\"},{\"@type\":\"ListItem\",\"position\":2,\"name\":\"Magistratura e politica in Italia: cosa sta succedendo, come riparare?\"}]},{\"@type\":\"WebSite\",\"@id\":\"https:\\\/\\\/www.rassegnastampa-totustuus.it\\\/cattolica\\\/#website\",\"url\":\"https:\\\/\\\/www.rassegnastampa-totustuus.it\\\/cattolica\\\/\",\"name\":\"Rassegna Stampa Cattolica\",\"description\":\"Per una cultura che nasce dalla Rivelazione cristiana in conformit\u00e0 alla tradizione e al Magistero della Chiesa in opposizione ad ogni relativismo e totalitarismo\",\"publisher\":{\"@id\":\"https:\\\/\\\/www.rassegnastampa-totustuus.it\\\/cattolica\\\/#organization\"},\"alternateName\":\"Rass. Cattolica\",\"potentialAction\":[{\"@type\":\"SearchAction\",\"target\":{\"@type\":\"EntryPoint\",\"urlTemplate\":\"https:\\\/\\\/www.rassegnastampa-totustuus.it\\\/cattolica\\\/?s={search_term_string}\"},\"query-input\":{\"@type\":\"PropertyValueSpecification\",\"valueRequired\":true,\"valueName\":\"search_term_string\"}}],\"inLanguage\":\"it-IT\"},{\"@type\":\"Organization\",\"@id\":\"https:\\\/\\\/www.rassegnastampa-totustuus.it\\\/cattolica\\\/#organization\",\"name\":\"Rassegna Stampa Cattolica\",\"url\":\"https:\\\/\\\/www.rassegnastampa-totustuus.it\\\/cattolica\\\/\",\"logo\":{\"@type\":\"ImageObject\",\"inLanguage\":\"it-IT\",\"@id\":\"https:\\\/\\\/www.rassegnastampa-totustuus.it\\\/cattolica\\\/#\\\/schema\\\/logo\\\/image\\\/\",\"url\":\"https:\\\/\\\/www.rassegnastampa-totustuus.it\\\/cattolica\\\/wp-content\\\/uploads\\\/2014\\\/04\\\/logo-rassegna1.gif\",\"contentUrl\":\"https:\\\/\\\/www.rassegnastampa-totustuus.it\\\/cattolica\\\/wp-content\\\/uploads\\\/2014\\\/04\\\/logo-rassegna1.gif\",\"width\":600,\"height\":163,\"caption\":\"Rassegna Stampa Cattolica\"},\"image\":{\"@id\":\"https:\\\/\\\/www.rassegnastampa-totustuus.it\\\/cattolica\\\/#\\\/schema\\\/logo\\\/image\\\/\"},\"sameAs\":[\"https:\\\/\\\/www.facebook.com\\\/rassegnastampacattolica\",\"https:\\\/\\\/x.com\\\/rassegnastampa9\"]},{\"@type\":\"Person\",\"@id\":\"https:\\\/\\\/www.rassegnastampa-totustuus.it\\\/cattolica\\\/#\\\/schema\\\/person\\\/08f319d2bd1a0904ad9e2bfb7b15e5c3\",\"name\":\"Redazione\",\"image\":{\"@type\":\"ImageObject\",\"inLanguage\":\"it-IT\",\"@id\":\"https:\\\/\\\/secure.gravatar.com\\\/avatar\\\/2fcdf27c78ea025fbdb44e914cc63c72249ffec9dc8aafd5c82b26240ef3f346?s=96&d=mm&r=g\",\"url\":\"https:\\\/\\\/secure.gravatar.com\\\/avatar\\\/2fcdf27c78ea025fbdb44e914cc63c72249ffec9dc8aafd5c82b26240ef3f346?s=96&d=mm&r=g\",\"contentUrl\":\"https:\\\/\\\/secure.gravatar.com\\\/avatar\\\/2fcdf27c78ea025fbdb44e914cc63c72249ffec9dc8aafd5c82b26240ef3f346?s=96&d=mm&r=g\",\"caption\":\"Redazione\"},\"url\":\"https:\\\/\\\/www.rassegnastampa-totustuus.it\\\/cattolica\\\/author\\\/pietroelle\\\/\"}]}<\/script>\n<!-- \/ Yoast SEO plugin. -->","yoast_head_json":{"title":"Magistratura e politica in Italia: cosa sta succedendo, come riparare? - Rassegna Stampa Cattolica","description":"Rassegna Stampa Cattolica - Per una cultura che nasce dalla Rivelazione cristiana in conformit\u00e0 alla tradizione e al Magistero della Chiesa in opposizione ad ogni relativismo e totalitarismo","robots":{"index":"index","follow":"follow","max-snippet":"max-snippet:-1","max-image-preview":"max-image-preview:large","max-video-preview":"max-video-preview:-1"},"canonical":"https:\/\/www.rassegnastampa-totustuus.it\/cattolica\/magistratura-e-politica-in-italia-cosa-sta-succedendo-come-riparare\/","og_locale":"it_IT","og_type":"article","og_title":"Magistratura e politica in Italia: cosa sta succedendo, come riparare? - Rassegna Stampa Cattolica","og_description":"Rassegna Stampa Cattolica - Per una cultura che nasce dalla Rivelazione cristiana in conformit\u00e0 alla tradizione e al Magistero della Chiesa in opposizione ad ogni relativismo e totalitarismo","og_url":"https:\/\/www.rassegnastampa-totustuus.it\/cattolica\/magistratura-e-politica-in-italia-cosa-sta-succedendo-come-riparare\/","og_site_name":"Rassegna Stampa Cattolica","article_publisher":"https:\/\/www.facebook.com\/rassegnastampacattolica","article_published_time":"2020-06-24T22:00:15+00:00","og_image":[{"width":1280,"height":720,"url":"https:\/\/www.rassegnastampa-totustuus.it\/cattolica\/wp-content\/uploads\/2020\/06\/magistratura_giustizia.jpg","type":"image\/jpeg"}],"author":"Redazione","twitter_card":"summary_large_image","twitter_creator":"@rassegnastampa9","twitter_site":"@rassegnastampa9","twitter_misc":{"Scritto da":"Redazione","Tempo di lettura stimato":"5 minuti"},"schema":{"@context":"https:\/\/schema.org","@graph":[{"@type":"Article","@id":"https:\/\/www.rassegnastampa-totustuus.it\/cattolica\/magistratura-e-politica-in-italia-cosa-sta-succedendo-come-riparare\/#article","isPartOf":{"@id":"https:\/\/www.rassegnastampa-totustuus.it\/cattolica\/magistratura-e-politica-in-italia-cosa-sta-succedendo-come-riparare\/"},"author":{"name":"Redazione","@id":"https:\/\/www.rassegnastampa-totustuus.it\/cattolica\/#\/schema\/person\/08f319d2bd1a0904ad9e2bfb7b15e5c3"},"headline":"Magistratura e politica in Italia: cosa sta succedendo, come riparare?","datePublished":"2020-06-24T22:00:15+00:00","mainEntityOfPage":{"@id":"https:\/\/www.rassegnastampa-totustuus.it\/cattolica\/magistratura-e-politica-in-italia-cosa-sta-succedendo-come-riparare\/"},"wordCount":997,"publisher":{"@id":"https:\/\/www.rassegnastampa-totustuus.it\/cattolica\/#organization"},"image":{"@id":"https:\/\/www.rassegnastampa-totustuus.it\/cattolica\/magistratura-e-politica-in-italia-cosa-sta-succedendo-come-riparare\/#primaryimage"},"thumbnailUrl":"https:\/\/www.rassegnastampa-totustuus.it\/cattolica\/wp-content\/uploads\/2020\/06\/magistratura_giustizia.jpg","keywords":["giustizia","Italia","magistratura","paesi e continenti","politica nazionale"],"articleSection":["Paesi e continenti","Politica nazionale"],"inLanguage":"it-IT"},{"@type":"WebPage","@id":"https:\/\/www.rassegnastampa-totustuus.it\/cattolica\/magistratura-e-politica-in-italia-cosa-sta-succedendo-come-riparare\/","url":"https:\/\/www.rassegnastampa-totustuus.it\/cattolica\/magistratura-e-politica-in-italia-cosa-sta-succedendo-come-riparare\/","name":"Magistratura e politica in Italia: cosa sta succedendo, come riparare? - Rassegna Stampa Cattolica","isPartOf":{"@id":"https:\/\/www.rassegnastampa-totustuus.it\/cattolica\/#website"},"primaryImageOfPage":{"@id":"https:\/\/www.rassegnastampa-totustuus.it\/cattolica\/magistratura-e-politica-in-italia-cosa-sta-succedendo-come-riparare\/#primaryimage"},"image":{"@id":"https:\/\/www.rassegnastampa-totustuus.it\/cattolica\/magistratura-e-politica-in-italia-cosa-sta-succedendo-come-riparare\/#primaryimage"},"thumbnailUrl":"https:\/\/www.rassegnastampa-totustuus.it\/cattolica\/wp-content\/uploads\/2020\/06\/magistratura_giustizia.jpg","datePublished":"2020-06-24T22:00:15+00:00","description":"Rassegna Stampa Cattolica - Per una cultura che nasce dalla Rivelazione cristiana in conformit\u00e0 alla tradizione e al Magistero della Chiesa in opposizione ad ogni relativismo e totalitarismo","breadcrumb":{"@id":"https:\/\/www.rassegnastampa-totustuus.it\/cattolica\/magistratura-e-politica-in-italia-cosa-sta-succedendo-come-riparare\/#breadcrumb"},"inLanguage":"it-IT","potentialAction":[{"@type":"ReadAction","target":["https:\/\/www.rassegnastampa-totustuus.it\/cattolica\/magistratura-e-politica-in-italia-cosa-sta-succedendo-come-riparare\/"]}]},{"@type":"ImageObject","inLanguage":"it-IT","@id":"https:\/\/www.rassegnastampa-totustuus.it\/cattolica\/magistratura-e-politica-in-italia-cosa-sta-succedendo-come-riparare\/#primaryimage","url":"https:\/\/www.rassegnastampa-totustuus.it\/cattolica\/wp-content\/uploads\/2020\/06\/magistratura_giustizia.jpg","contentUrl":"https:\/\/www.rassegnastampa-totustuus.it\/cattolica\/wp-content\/uploads\/2020\/06\/magistratura_giustizia.jpg","width":1280,"height":720},{"@type":"BreadcrumbList","@id":"https:\/\/www.rassegnastampa-totustuus.it\/cattolica\/magistratura-e-politica-in-italia-cosa-sta-succedendo-come-riparare\/#breadcrumb","itemListElement":[{"@type":"ListItem","position":1,"name":"Home","item":"https:\/\/www.rassegnastampa-totustuus.it\/cattolica\/"},{"@type":"ListItem","position":2,"name":"Magistratura e politica in Italia: cosa sta succedendo, come riparare?"}]},{"@type":"WebSite","@id":"https:\/\/www.rassegnastampa-totustuus.it\/cattolica\/#website","url":"https:\/\/www.rassegnastampa-totustuus.it\/cattolica\/","name":"Rassegna Stampa Cattolica","description":"Per una cultura che nasce dalla Rivelazione cristiana in conformit\u00e0 alla tradizione e al Magistero della Chiesa in opposizione ad ogni relativismo e totalitarismo","publisher":{"@id":"https:\/\/www.rassegnastampa-totustuus.it\/cattolica\/#organization"},"alternateName":"Rass. Cattolica","potentialAction":[{"@type":"SearchAction","target":{"@type":"EntryPoint","urlTemplate":"https:\/\/www.rassegnastampa-totustuus.it\/cattolica\/?s={search_term_string}"},"query-input":{"@type":"PropertyValueSpecification","valueRequired":true,"valueName":"search_term_string"}}],"inLanguage":"it-IT"},{"@type":"Organization","@id":"https:\/\/www.rassegnastampa-totustuus.it\/cattolica\/#organization","name":"Rassegna Stampa Cattolica","url":"https:\/\/www.rassegnastampa-totustuus.it\/cattolica\/","logo":{"@type":"ImageObject","inLanguage":"it-IT","@id":"https:\/\/www.rassegnastampa-totustuus.it\/cattolica\/#\/schema\/logo\/image\/","url":"https:\/\/www.rassegnastampa-totustuus.it\/cattolica\/wp-content\/uploads\/2014\/04\/logo-rassegna1.gif","contentUrl":"https:\/\/www.rassegnastampa-totustuus.it\/cattolica\/wp-content\/uploads\/2014\/04\/logo-rassegna1.gif","width":600,"height":163,"caption":"Rassegna Stampa Cattolica"},"image":{"@id":"https:\/\/www.rassegnastampa-totustuus.it\/cattolica\/#\/schema\/logo\/image\/"},"sameAs":["https:\/\/www.facebook.com\/rassegnastampacattolica","https:\/\/x.com\/rassegnastampa9"]},{"@type":"Person","@id":"https:\/\/www.rassegnastampa-totustuus.it\/cattolica\/#\/schema\/person\/08f319d2bd1a0904ad9e2bfb7b15e5c3","name":"Redazione","image":{"@type":"ImageObject","inLanguage":"it-IT","@id":"https:\/\/secure.gravatar.com\/avatar\/2fcdf27c78ea025fbdb44e914cc63c72249ffec9dc8aafd5c82b26240ef3f346?s=96&d=mm&r=g","url":"https:\/\/secure.gravatar.com\/avatar\/2fcdf27c78ea025fbdb44e914cc63c72249ffec9dc8aafd5c82b26240ef3f346?s=96&d=mm&r=g","contentUrl":"https:\/\/secure.gravatar.com\/avatar\/2fcdf27c78ea025fbdb44e914cc63c72249ffec9dc8aafd5c82b26240ef3f346?s=96&d=mm&r=g","caption":"Redazione"},"url":"https:\/\/www.rassegnastampa-totustuus.it\/cattolica\/author\/pietroelle\/"}]}},"_links":{"self":[{"href":"https:\/\/www.rassegnastampa-totustuus.it\/cattolica\/wp-json\/wp\/v2\/posts\/47646","targetHints":{"allow":["GET"]}}],"collection":[{"href":"https:\/\/www.rassegnastampa-totustuus.it\/cattolica\/wp-json\/wp\/v2\/posts"}],"about":[{"href":"https:\/\/www.rassegnastampa-totustuus.it\/cattolica\/wp-json\/wp\/v2\/types\/post"}],"author":[{"embeddable":true,"href":"https:\/\/www.rassegnastampa-totustuus.it\/cattolica\/wp-json\/wp\/v2\/users\/6"}],"replies":[{"embeddable":true,"href":"https:\/\/www.rassegnastampa-totustuus.it\/cattolica\/wp-json\/wp\/v2\/comments?post=47646"}],"version-history":[{"count":1,"href":"https:\/\/www.rassegnastampa-totustuus.it\/cattolica\/wp-json\/wp\/v2\/posts\/47646\/revisions"}],"predecessor-version":[{"id":47649,"href":"https:\/\/www.rassegnastampa-totustuus.it\/cattolica\/wp-json\/wp\/v2\/posts\/47646\/revisions\/47649"}],"wp:featuredmedia":[{"embeddable":true,"href":"https:\/\/www.rassegnastampa-totustuus.it\/cattolica\/wp-json\/wp\/v2\/media\/47648"}],"wp:attachment":[{"href":"https:\/\/www.rassegnastampa-totustuus.it\/cattolica\/wp-json\/wp\/v2\/media?parent=47646"}],"wp:term":[{"taxonomy":"category","embeddable":true,"href":"https:\/\/www.rassegnastampa-totustuus.it\/cattolica\/wp-json\/wp\/v2\/categories?post=47646"},{"taxonomy":"post_tag","embeddable":true,"href":"https:\/\/www.rassegnastampa-totustuus.it\/cattolica\/wp-json\/wp\/v2\/tags?post=47646"}],"curies":[{"name":"wp","href":"https:\/\/api.w.org\/{rel}","templated":true}]}}