{"id":47630,"date":"2020-06-25T00:00:25","date_gmt":"2020-06-24T22:00:25","guid":{"rendered":"http:\/\/www.rassegnastampa-totustuus.it\/cattolica\/?p=47630"},"modified":"2020-06-22T13:02:59","modified_gmt":"2020-06-22T11:02:59","slug":"pubblicata-in-ritardo-la-relazione-sullattuazione-della-legge-194","status":"publish","type":"post","link":"https:\/\/www.rassegnastampa-totustuus.it\/cattolica\/pubblicata-in-ritardo-la-relazione-sullattuazione-della-legge-194\/","title":{"rendered":"Pubblicata (in ritardo) la relazione sull\u2019attuazione della legge 194"},"content":{"rendered":"<p style=\"text-align: center;\"><strong><a href=\"https:\/\/www.rassegnastampa-totustuus.it\/cattolica\/wp-content\/uploads\/2005\/11\/ministero_salute.jpg\"><img loading=\"lazy\" decoding=\"async\" class=\"size-full wp-image-34399 alignleft\" src=\"https:\/\/www.rassegnastampa-totustuus.it\/cattolica\/wp-content\/uploads\/2005\/11\/ministero_salute.jpg\" alt=\"\" width=\"269\" height=\"187\"><\/a>Centro Studi Rosario Livatino<\/strong><\/p>\n<p style=\"text-align: center;\">21 Giugno 2020<\/p>\n<p style=\"text-align: justify;\"><em>N<\/em><em>essuna incidenza dell\u2019obiezione, incremento dell\u2019aborto farmacologico, abbandono delle gestanti straniere<\/em><\/p>\n<p style=\"text-align: center;\">di <strong>Alfredo Mantovano<\/strong><\/p>\n<p><!--more--><\/p>\n<p style=\"text-align: justify;\">Nell\u2019indifferenza generale \u00e8 stata pubblicata la relazione annuale sull\u2019attuazione della legge 194\/1978, che disciplina l\u2019aborto: \u00e8 una relazione che arriva con consistente ritardo, poich\u00e9 utilizza i dati consolidati relativi all\u2019anno 2018.<\/p>\n<p style=\"text-align: justify;\">Riservando un esame pi\u00f9 approfondito di quanto da essa riportato, appaiono significativi, fra gli altri, tre dati: il primo riguarda il numero di Ivg realizzate nel periodo di riferimento, 76.328, che conferma la costante diminuzione del fenomeno (-5,5% rispetto al 2017) e si allontana dal picco del 1983, allorch\u00e9 fu riscontrata la quantit\u00e0 pi\u00f9 elevata in Italia, pari a 234.801 casi.<\/p>\n<p style=\"text-align: justify;\"><a href=\"https:\/\/www.rassegnastampa-totustuus.it\/cattolica\/wp-content\/uploads\/2009\/03\/194_omicida.jpg\"><img loading=\"lazy\" decoding=\"async\" class=\"size-medium wp-image-34879 alignright\" src=\"https:\/\/www.rassegnastampa-totustuus.it\/cattolica\/wp-content\/uploads\/2009\/03\/194_omicida-300x156.jpg\" alt=\"\" width=\"300\" height=\"156\" srcset=\"https:\/\/www.rassegnastampa-totustuus.it\/cattolica\/wp-content\/uploads\/2009\/03\/194_omicida-300x156.jpg 300w, https:\/\/www.rassegnastampa-totustuus.it\/cattolica\/wp-content\/uploads\/2009\/03\/194_omicida.jpg 311w\" sizes=\"auto, (max-width: 300px) 100vw, 300px\" \/><\/a>Il ministro Roberto Speranza, che firma una articolata introduzione alla relazione, precisa che ci\u00f2 costituisce un riflesso dell\u2019incremento dell\u2019uso della c.d. contraccezione di emergenza, cio\u00e8 dell\u2019assunzione di sostanze potenzialmente o attualmente abortive, al di fuori della registrazione da parte del Servizio sanitario; e aggiunge testualmente che \u201c<em>per tali farmaci, per i quali \u00e8 stato abolito l\u2019obbligo di prescrizione medica per le maggiorenni, \u00e8 indispensabile una corretta informazione alle donne per evitarne un uso inappropriato<\/em>\u201d: il che vuol dire che&nbsp; un\u2019informazione corretta ancora non \u00e8 diffusa, al pari di un uso non appropriato.<\/p>\n<p style=\"text-align: justify;\">Il secondo elemento di riflessione riguarda l\u2019obiezione di coscienza, oggetto di ricorrenti attacchi, che muovono dal presupposto che il presunto scarso numero di medici non obiettori costituirebbe un ostacolo alla pratica dell\u2019aborto \u201clegale\u201d.<\/p>\n<p style=\"text-align: justify;\"><a href=\"https:\/\/www.rassegnastampa-totustuus.it\/cattolica\/wp-content\/uploads\/2013\/11\/NOobiezione.jpg\"><img loading=\"lazy\" decoding=\"async\" class=\" wp-image-7120 alignleft\" src=\"https:\/\/www.rassegnastampa-totustuus.it\/cattolica\/wp-content\/uploads\/2013\/11\/NOobiezione.jpg\" alt=\"\" width=\"197\" height=\"194\"><\/a>Il ministro della Salute, presentando dati obiettivi, precisa che non \u00e8 cos\u00ec, sulla base di tre parametri: il primo si collega all\u2019\u201c<em>offerta del servizio IVG in relazione al numero assoluto di strutture disponibili<\/em>\u201d, e informa che \u201c<em>il numero totale di sedi fisiche (stabilimenti) delle strutture con reparto di ostetricia e\/o ginecologia, nel 2018, risulta pari a 558, mentre il numero di quelle che effettuano le IVG risulta pari a 362, cio\u00e8 il 64.9% del totale\u201d<\/em>; il che \u201c<em>conferma, anche per l\u2019anno 2018, l\u2019adeguata copertura della rete di offerta<\/em>\u201d.<\/p>\n<p style=\"text-align: justify;\">Il secondo prende in considerazione l\u2019\u201c<em>offerta del servizio IVG in relazione alla popolazione femminile in et\u00e0 fertile e ai punti nascita<\/em>\u201d e comunica che il rapporto \u201c<em>fra i punti nascita e punti IVG \u00e8 di 1,1 a 1 come per l\u2019anno precedente. (\u2026) A livello nazionale, ogni 100.000 donne in et\u00e0 fertile (15-49 anni), si contano 3,0 punti nascita, contro 2,9 punti IVG<\/em>\u201d. Ne consegue che \u201c<em>la numerosit\u00e0 dei punti IVG appare pi\u00f9 che adeguata<\/em>\u201d.<\/p>\n<p style=\"text-align: justify;\"><a href=\"https:\/\/www.rassegnastampa-totustuus.it\/cattolica\/wp-content\/uploads\/2010\/05\/aborto.jpg\"><img loading=\"lazy\" decoding=\"async\" class=\"size-full wp-image-27206 alignright\" src=\"https:\/\/www.rassegnastampa-totustuus.it\/cattolica\/wp-content\/uploads\/2010\/05\/aborto.jpg\" alt=\"\" width=\"252\" height=\"200\"><\/a>Il terzo parametro riferisce del \u201c<em>carico di lavoro medio settimanale di IVG per ogni ginecologo non obiettore<\/em>\u201d, che solo per due Regioni \u00e8 \u201c<em>superiore alle 9 IVG a settimana (14,6 in Puglia e 9,5 in Calabria)<\/em>\u201d. Discriminare i medici obiettori, oltre a confliggere con la legge 194 e con la Costituzione, non ha comunque alcuna necessit\u00e0 in fatto per la funzionalit\u00e0 della rete degli aborto \u201clegali\u201d.<\/p>\n<p style=\"text-align: justify;\">Il terzo elemento riguarda le gestanti straniere,o che \u201c<em>permangono (\u2026) una popolazione a maggior rischio di abortire rispetto alle italiane: per tutte le classi di et\u00e0 le straniere hanno tassi di abortivit\u00e0 pi\u00f9 elevati delle italiane di 2-3 volte<\/em>\u201d. Tante polemiche sull\u2019accoglienza e sull\u2019integrazione trascurano un elemento di non poco rilievo: la donna non italiana vive la gravidanza come una condizione di particolare abbandono e disagio, ma nessuno pare interessarsene.<\/p>\n<p style=\"text-align: justify;\">Ne riparleremo.<\/p>\n","protected":false},"excerpt":{"rendered":"<p>Centro Studi Rosario Livatino 21 Giugno 2020 Nessuna incidenza dell\u2019obiezione, incremento dell\u2019aborto farmacologico, abbandono delle gestanti straniere di Alfredo Mantovano<\/p><p><a class=\"more-link btn\" href=\"https:\/\/www.rassegnastampa-totustuus.it\/cattolica\/pubblicata-in-ritardo-la-relazione-sullattuazione-della-legge-194\/\">Continua a leggere<\/a><\/p>\n","protected":false},"author":6,"featured_media":47634,"comment_status":"closed","ping_status":"closed","sticky":false,"template":"","format":"standard","meta":{"footnotes":""},"categories":[2],"tags":[2386,242],"class_list":["post-47630","post","type-post","status-publish","format-standard","has-post-thumbnail","hentry","category-aborto","tag-aborto","tag-sanita","item-wrap"],"yoast_head":"<!-- This site is optimized with the Yoast SEO plugin v27.4 - https:\/\/yoast.com\/product\/yoast-seo-wordpress\/ -->\n<title>Pubblicata (in ritardo) la relazione sull\u2019attuazione della legge 194 - Rassegna Stampa Cattolica<\/title>\n<meta name=\"description\" content=\"Rassegna Stampa Cattolica - Per una cultura che nasce dalla Rivelazione cristiana in conformit\u00e0 alla tradizione e al Magistero della Chiesa in opposizione ad ogni relativismo e totalitarismo\" \/>\n<meta name=\"robots\" content=\"index, follow, max-snippet:-1, max-image-preview:large, max-video-preview:-1\" \/>\n<link rel=\"canonical\" href=\"https:\/\/www.rassegnastampa-totustuus.it\/cattolica\/pubblicata-in-ritardo-la-relazione-sullattuazione-della-legge-194\/\" \/>\n<meta property=\"og:locale\" content=\"it_IT\" \/>\n<meta property=\"og:type\" content=\"article\" \/>\n<meta property=\"og:title\" content=\"Pubblicata (in ritardo) la relazione sull\u2019attuazione della legge 194 - Rassegna Stampa Cattolica\" \/>\n<meta property=\"og:description\" content=\"Rassegna Stampa Cattolica - Per una cultura che nasce dalla Rivelazione cristiana in conformit\u00e0 alla tradizione e al Magistero della Chiesa in opposizione ad ogni relativismo e totalitarismo\" \/>\n<meta property=\"og:url\" content=\"https:\/\/www.rassegnastampa-totustuus.it\/cattolica\/pubblicata-in-ritardo-la-relazione-sullattuazione-della-legge-194\/\" \/>\n<meta property=\"og:site_name\" content=\"Rassegna Stampa Cattolica\" \/>\n<meta property=\"article:publisher\" content=\"https:\/\/www.facebook.com\/rassegnastampacattolica\" \/>\n<meta property=\"article:published_time\" content=\"2020-06-24T22:00:25+00:00\" \/>\n<meta property=\"og:image\" content=\"https:\/\/www.rassegnastampa-totustuus.it\/cattolica\/wp-content\/uploads\/2020\/06\/aborto.jpg\" \/>\n\t<meta property=\"og:image:width\" content=\"1280\" \/>\n\t<meta property=\"og:image:height\" content=\"720\" \/>\n\t<meta property=\"og:image:type\" content=\"image\/jpeg\" \/>\n<meta name=\"author\" content=\"Redazione\" \/>\n<meta name=\"twitter:card\" content=\"summary_large_image\" \/>\n<meta name=\"twitter:creator\" content=\"@rassegnastampa9\" \/>\n<meta name=\"twitter:site\" content=\"@rassegnastampa9\" \/>\n<meta name=\"twitter:label1\" content=\"Scritto da\" \/>\n\t<meta name=\"twitter:data1\" content=\"Redazione\" \/>\n\t<meta name=\"twitter:label2\" content=\"Tempo di lettura stimato\" \/>\n\t<meta name=\"twitter:data2\" content=\"3 minuti\" \/>\n<script type=\"application\/ld+json\" class=\"yoast-schema-graph\">{\"@context\":\"https:\\\/\\\/schema.org\",\"@graph\":[{\"@type\":\"Article\",\"@id\":\"https:\\\/\\\/www.rassegnastampa-totustuus.it\\\/cattolica\\\/pubblicata-in-ritardo-la-relazione-sullattuazione-della-legge-194\\\/#article\",\"isPartOf\":{\"@id\":\"https:\\\/\\\/www.rassegnastampa-totustuus.it\\\/cattolica\\\/pubblicata-in-ritardo-la-relazione-sullattuazione-della-legge-194\\\/\"},\"author\":{\"name\":\"Redazione\",\"@id\":\"https:\\\/\\\/www.rassegnastampa-totustuus.it\\\/cattolica\\\/#\\\/schema\\\/person\\\/08f319d2bd1a0904ad9e2bfb7b15e5c3\"},\"headline\":\"Pubblicata (in ritardo) la relazione sull\u2019attuazione della legge 194\",\"datePublished\":\"2020-06-24T22:00:25+00:00\",\"mainEntityOfPage\":{\"@id\":\"https:\\\/\\\/www.rassegnastampa-totustuus.it\\\/cattolica\\\/pubblicata-in-ritardo-la-relazione-sullattuazione-della-legge-194\\\/\"},\"wordCount\":540,\"publisher\":{\"@id\":\"https:\\\/\\\/www.rassegnastampa-totustuus.it\\\/cattolica\\\/#organization\"},\"image\":{\"@id\":\"https:\\\/\\\/www.rassegnastampa-totustuus.it\\\/cattolica\\\/pubblicata-in-ritardo-la-relazione-sullattuazione-della-legge-194\\\/#primaryimage\"},\"thumbnailUrl\":\"https:\\\/\\\/www.rassegnastampa-totustuus.it\\\/cattolica\\\/wp-content\\\/uploads\\\/2020\\\/06\\\/aborto.jpg\",\"keywords\":[\"Aborto\",\"sanit\u00e0\"],\"articleSection\":[\"Aborto\"],\"inLanguage\":\"it-IT\"},{\"@type\":\"WebPage\",\"@id\":\"https:\\\/\\\/www.rassegnastampa-totustuus.it\\\/cattolica\\\/pubblicata-in-ritardo-la-relazione-sullattuazione-della-legge-194\\\/\",\"url\":\"https:\\\/\\\/www.rassegnastampa-totustuus.it\\\/cattolica\\\/pubblicata-in-ritardo-la-relazione-sullattuazione-della-legge-194\\\/\",\"name\":\"Pubblicata (in ritardo) la relazione sull\u2019attuazione della legge 194 - Rassegna Stampa Cattolica\",\"isPartOf\":{\"@id\":\"https:\\\/\\\/www.rassegnastampa-totustuus.it\\\/cattolica\\\/#website\"},\"primaryImageOfPage\":{\"@id\":\"https:\\\/\\\/www.rassegnastampa-totustuus.it\\\/cattolica\\\/pubblicata-in-ritardo-la-relazione-sullattuazione-della-legge-194\\\/#primaryimage\"},\"image\":{\"@id\":\"https:\\\/\\\/www.rassegnastampa-totustuus.it\\\/cattolica\\\/pubblicata-in-ritardo-la-relazione-sullattuazione-della-legge-194\\\/#primaryimage\"},\"thumbnailUrl\":\"https:\\\/\\\/www.rassegnastampa-totustuus.it\\\/cattolica\\\/wp-content\\\/uploads\\\/2020\\\/06\\\/aborto.jpg\",\"datePublished\":\"2020-06-24T22:00:25+00:00\",\"description\":\"Rassegna Stampa Cattolica - Per una cultura che nasce dalla Rivelazione cristiana in conformit\u00e0 alla tradizione e al Magistero della Chiesa in opposizione ad ogni relativismo e totalitarismo\",\"breadcrumb\":{\"@id\":\"https:\\\/\\\/www.rassegnastampa-totustuus.it\\\/cattolica\\\/pubblicata-in-ritardo-la-relazione-sullattuazione-della-legge-194\\\/#breadcrumb\"},\"inLanguage\":\"it-IT\",\"potentialAction\":[{\"@type\":\"ReadAction\",\"target\":[\"https:\\\/\\\/www.rassegnastampa-totustuus.it\\\/cattolica\\\/pubblicata-in-ritardo-la-relazione-sullattuazione-della-legge-194\\\/\"]}]},{\"@type\":\"ImageObject\",\"inLanguage\":\"it-IT\",\"@id\":\"https:\\\/\\\/www.rassegnastampa-totustuus.it\\\/cattolica\\\/pubblicata-in-ritardo-la-relazione-sullattuazione-della-legge-194\\\/#primaryimage\",\"url\":\"https:\\\/\\\/www.rassegnastampa-totustuus.it\\\/cattolica\\\/wp-content\\\/uploads\\\/2020\\\/06\\\/aborto.jpg\",\"contentUrl\":\"https:\\\/\\\/www.rassegnastampa-totustuus.it\\\/cattolica\\\/wp-content\\\/uploads\\\/2020\\\/06\\\/aborto.jpg\",\"width\":1280,\"height\":720},{\"@type\":\"BreadcrumbList\",\"@id\":\"https:\\\/\\\/www.rassegnastampa-totustuus.it\\\/cattolica\\\/pubblicata-in-ritardo-la-relazione-sullattuazione-della-legge-194\\\/#breadcrumb\",\"itemListElement\":[{\"@type\":\"ListItem\",\"position\":1,\"name\":\"Home\",\"item\":\"https:\\\/\\\/www.rassegnastampa-totustuus.it\\\/cattolica\\\/\"},{\"@type\":\"ListItem\",\"position\":2,\"name\":\"Pubblicata (in ritardo) la relazione sull\u2019attuazione della legge 194\"}]},{\"@type\":\"WebSite\",\"@id\":\"https:\\\/\\\/www.rassegnastampa-totustuus.it\\\/cattolica\\\/#website\",\"url\":\"https:\\\/\\\/www.rassegnastampa-totustuus.it\\\/cattolica\\\/\",\"name\":\"Rassegna Stampa Cattolica\",\"description\":\"Per una cultura che nasce dalla Rivelazione cristiana in conformit\u00e0 alla tradizione e al Magistero della Chiesa in opposizione ad ogni relativismo e totalitarismo\",\"publisher\":{\"@id\":\"https:\\\/\\\/www.rassegnastampa-totustuus.it\\\/cattolica\\\/#organization\"},\"alternateName\":\"Rass. Cattolica\",\"potentialAction\":[{\"@type\":\"SearchAction\",\"target\":{\"@type\":\"EntryPoint\",\"urlTemplate\":\"https:\\\/\\\/www.rassegnastampa-totustuus.it\\\/cattolica\\\/?s={search_term_string}\"},\"query-input\":{\"@type\":\"PropertyValueSpecification\",\"valueRequired\":true,\"valueName\":\"search_term_string\"}}],\"inLanguage\":\"it-IT\"},{\"@type\":\"Organization\",\"@id\":\"https:\\\/\\\/www.rassegnastampa-totustuus.it\\\/cattolica\\\/#organization\",\"name\":\"Rassegna Stampa Cattolica\",\"url\":\"https:\\\/\\\/www.rassegnastampa-totustuus.it\\\/cattolica\\\/\",\"logo\":{\"@type\":\"ImageObject\",\"inLanguage\":\"it-IT\",\"@id\":\"https:\\\/\\\/www.rassegnastampa-totustuus.it\\\/cattolica\\\/#\\\/schema\\\/logo\\\/image\\\/\",\"url\":\"https:\\\/\\\/www.rassegnastampa-totustuus.it\\\/cattolica\\\/wp-content\\\/uploads\\\/2014\\\/04\\\/logo-rassegna1.gif\",\"contentUrl\":\"https:\\\/\\\/www.rassegnastampa-totustuus.it\\\/cattolica\\\/wp-content\\\/uploads\\\/2014\\\/04\\\/logo-rassegna1.gif\",\"width\":600,\"height\":163,\"caption\":\"Rassegna Stampa Cattolica\"},\"image\":{\"@id\":\"https:\\\/\\\/www.rassegnastampa-totustuus.it\\\/cattolica\\\/#\\\/schema\\\/logo\\\/image\\\/\"},\"sameAs\":[\"https:\\\/\\\/www.facebook.com\\\/rassegnastampacattolica\",\"https:\\\/\\\/x.com\\\/rassegnastampa9\"]},{\"@type\":\"Person\",\"@id\":\"https:\\\/\\\/www.rassegnastampa-totustuus.it\\\/cattolica\\\/#\\\/schema\\\/person\\\/08f319d2bd1a0904ad9e2bfb7b15e5c3\",\"name\":\"Redazione\",\"image\":{\"@type\":\"ImageObject\",\"inLanguage\":\"it-IT\",\"@id\":\"https:\\\/\\\/secure.gravatar.com\\\/avatar\\\/2fcdf27c78ea025fbdb44e914cc63c72249ffec9dc8aafd5c82b26240ef3f346?s=96&d=mm&r=g\",\"url\":\"https:\\\/\\\/secure.gravatar.com\\\/avatar\\\/2fcdf27c78ea025fbdb44e914cc63c72249ffec9dc8aafd5c82b26240ef3f346?s=96&d=mm&r=g\",\"contentUrl\":\"https:\\\/\\\/secure.gravatar.com\\\/avatar\\\/2fcdf27c78ea025fbdb44e914cc63c72249ffec9dc8aafd5c82b26240ef3f346?s=96&d=mm&r=g\",\"caption\":\"Redazione\"},\"url\":\"https:\\\/\\\/www.rassegnastampa-totustuus.it\\\/cattolica\\\/author\\\/pietroelle\\\/\"}]}<\/script>\n<!-- \/ Yoast SEO plugin. -->","yoast_head_json":{"title":"Pubblicata (in ritardo) la relazione sull\u2019attuazione della legge 194 - Rassegna Stampa Cattolica","description":"Rassegna Stampa Cattolica - Per una cultura che nasce dalla Rivelazione cristiana in conformit\u00e0 alla tradizione e al Magistero della Chiesa in opposizione ad ogni relativismo e totalitarismo","robots":{"index":"index","follow":"follow","max-snippet":"max-snippet:-1","max-image-preview":"max-image-preview:large","max-video-preview":"max-video-preview:-1"},"canonical":"https:\/\/www.rassegnastampa-totustuus.it\/cattolica\/pubblicata-in-ritardo-la-relazione-sullattuazione-della-legge-194\/","og_locale":"it_IT","og_type":"article","og_title":"Pubblicata (in ritardo) la relazione sull\u2019attuazione della legge 194 - Rassegna Stampa Cattolica","og_description":"Rassegna Stampa Cattolica - Per una cultura che nasce dalla Rivelazione cristiana in conformit\u00e0 alla tradizione e al Magistero della Chiesa in opposizione ad ogni relativismo e totalitarismo","og_url":"https:\/\/www.rassegnastampa-totustuus.it\/cattolica\/pubblicata-in-ritardo-la-relazione-sullattuazione-della-legge-194\/","og_site_name":"Rassegna Stampa Cattolica","article_publisher":"https:\/\/www.facebook.com\/rassegnastampacattolica","article_published_time":"2020-06-24T22:00:25+00:00","og_image":[{"width":1280,"height":720,"url":"https:\/\/www.rassegnastampa-totustuus.it\/cattolica\/wp-content\/uploads\/2020\/06\/aborto.jpg","type":"image\/jpeg"}],"author":"Redazione","twitter_card":"summary_large_image","twitter_creator":"@rassegnastampa9","twitter_site":"@rassegnastampa9","twitter_misc":{"Scritto da":"Redazione","Tempo di lettura stimato":"3 minuti"},"schema":{"@context":"https:\/\/schema.org","@graph":[{"@type":"Article","@id":"https:\/\/www.rassegnastampa-totustuus.it\/cattolica\/pubblicata-in-ritardo-la-relazione-sullattuazione-della-legge-194\/#article","isPartOf":{"@id":"https:\/\/www.rassegnastampa-totustuus.it\/cattolica\/pubblicata-in-ritardo-la-relazione-sullattuazione-della-legge-194\/"},"author":{"name":"Redazione","@id":"https:\/\/www.rassegnastampa-totustuus.it\/cattolica\/#\/schema\/person\/08f319d2bd1a0904ad9e2bfb7b15e5c3"},"headline":"Pubblicata (in ritardo) la relazione sull\u2019attuazione della legge 194","datePublished":"2020-06-24T22:00:25+00:00","mainEntityOfPage":{"@id":"https:\/\/www.rassegnastampa-totustuus.it\/cattolica\/pubblicata-in-ritardo-la-relazione-sullattuazione-della-legge-194\/"},"wordCount":540,"publisher":{"@id":"https:\/\/www.rassegnastampa-totustuus.it\/cattolica\/#organization"},"image":{"@id":"https:\/\/www.rassegnastampa-totustuus.it\/cattolica\/pubblicata-in-ritardo-la-relazione-sullattuazione-della-legge-194\/#primaryimage"},"thumbnailUrl":"https:\/\/www.rassegnastampa-totustuus.it\/cattolica\/wp-content\/uploads\/2020\/06\/aborto.jpg","keywords":["Aborto","sanit\u00e0"],"articleSection":["Aborto"],"inLanguage":"it-IT"},{"@type":"WebPage","@id":"https:\/\/www.rassegnastampa-totustuus.it\/cattolica\/pubblicata-in-ritardo-la-relazione-sullattuazione-della-legge-194\/","url":"https:\/\/www.rassegnastampa-totustuus.it\/cattolica\/pubblicata-in-ritardo-la-relazione-sullattuazione-della-legge-194\/","name":"Pubblicata (in ritardo) la relazione sull\u2019attuazione della legge 194 - Rassegna Stampa Cattolica","isPartOf":{"@id":"https:\/\/www.rassegnastampa-totustuus.it\/cattolica\/#website"},"primaryImageOfPage":{"@id":"https:\/\/www.rassegnastampa-totustuus.it\/cattolica\/pubblicata-in-ritardo-la-relazione-sullattuazione-della-legge-194\/#primaryimage"},"image":{"@id":"https:\/\/www.rassegnastampa-totustuus.it\/cattolica\/pubblicata-in-ritardo-la-relazione-sullattuazione-della-legge-194\/#primaryimage"},"thumbnailUrl":"https:\/\/www.rassegnastampa-totustuus.it\/cattolica\/wp-content\/uploads\/2020\/06\/aborto.jpg","datePublished":"2020-06-24T22:00:25+00:00","description":"Rassegna Stampa Cattolica - Per una cultura che nasce dalla Rivelazione cristiana in conformit\u00e0 alla tradizione e al Magistero della Chiesa in opposizione ad ogni relativismo e totalitarismo","breadcrumb":{"@id":"https:\/\/www.rassegnastampa-totustuus.it\/cattolica\/pubblicata-in-ritardo-la-relazione-sullattuazione-della-legge-194\/#breadcrumb"},"inLanguage":"it-IT","potentialAction":[{"@type":"ReadAction","target":["https:\/\/www.rassegnastampa-totustuus.it\/cattolica\/pubblicata-in-ritardo-la-relazione-sullattuazione-della-legge-194\/"]}]},{"@type":"ImageObject","inLanguage":"it-IT","@id":"https:\/\/www.rassegnastampa-totustuus.it\/cattolica\/pubblicata-in-ritardo-la-relazione-sullattuazione-della-legge-194\/#primaryimage","url":"https:\/\/www.rassegnastampa-totustuus.it\/cattolica\/wp-content\/uploads\/2020\/06\/aborto.jpg","contentUrl":"https:\/\/www.rassegnastampa-totustuus.it\/cattolica\/wp-content\/uploads\/2020\/06\/aborto.jpg","width":1280,"height":720},{"@type":"BreadcrumbList","@id":"https:\/\/www.rassegnastampa-totustuus.it\/cattolica\/pubblicata-in-ritardo-la-relazione-sullattuazione-della-legge-194\/#breadcrumb","itemListElement":[{"@type":"ListItem","position":1,"name":"Home","item":"https:\/\/www.rassegnastampa-totustuus.it\/cattolica\/"},{"@type":"ListItem","position":2,"name":"Pubblicata (in ritardo) la relazione sull\u2019attuazione della legge 194"}]},{"@type":"WebSite","@id":"https:\/\/www.rassegnastampa-totustuus.it\/cattolica\/#website","url":"https:\/\/www.rassegnastampa-totustuus.it\/cattolica\/","name":"Rassegna Stampa Cattolica","description":"Per una cultura che nasce dalla Rivelazione cristiana in conformit\u00e0 alla tradizione e al Magistero della Chiesa in opposizione ad ogni relativismo e totalitarismo","publisher":{"@id":"https:\/\/www.rassegnastampa-totustuus.it\/cattolica\/#organization"},"alternateName":"Rass. Cattolica","potentialAction":[{"@type":"SearchAction","target":{"@type":"EntryPoint","urlTemplate":"https:\/\/www.rassegnastampa-totustuus.it\/cattolica\/?s={search_term_string}"},"query-input":{"@type":"PropertyValueSpecification","valueRequired":true,"valueName":"search_term_string"}}],"inLanguage":"it-IT"},{"@type":"Organization","@id":"https:\/\/www.rassegnastampa-totustuus.it\/cattolica\/#organization","name":"Rassegna Stampa Cattolica","url":"https:\/\/www.rassegnastampa-totustuus.it\/cattolica\/","logo":{"@type":"ImageObject","inLanguage":"it-IT","@id":"https:\/\/www.rassegnastampa-totustuus.it\/cattolica\/#\/schema\/logo\/image\/","url":"https:\/\/www.rassegnastampa-totustuus.it\/cattolica\/wp-content\/uploads\/2014\/04\/logo-rassegna1.gif","contentUrl":"https:\/\/www.rassegnastampa-totustuus.it\/cattolica\/wp-content\/uploads\/2014\/04\/logo-rassegna1.gif","width":600,"height":163,"caption":"Rassegna Stampa Cattolica"},"image":{"@id":"https:\/\/www.rassegnastampa-totustuus.it\/cattolica\/#\/schema\/logo\/image\/"},"sameAs":["https:\/\/www.facebook.com\/rassegnastampacattolica","https:\/\/x.com\/rassegnastampa9"]},{"@type":"Person","@id":"https:\/\/www.rassegnastampa-totustuus.it\/cattolica\/#\/schema\/person\/08f319d2bd1a0904ad9e2bfb7b15e5c3","name":"Redazione","image":{"@type":"ImageObject","inLanguage":"it-IT","@id":"https:\/\/secure.gravatar.com\/avatar\/2fcdf27c78ea025fbdb44e914cc63c72249ffec9dc8aafd5c82b26240ef3f346?s=96&d=mm&r=g","url":"https:\/\/secure.gravatar.com\/avatar\/2fcdf27c78ea025fbdb44e914cc63c72249ffec9dc8aafd5c82b26240ef3f346?s=96&d=mm&r=g","contentUrl":"https:\/\/secure.gravatar.com\/avatar\/2fcdf27c78ea025fbdb44e914cc63c72249ffec9dc8aafd5c82b26240ef3f346?s=96&d=mm&r=g","caption":"Redazione"},"url":"https:\/\/www.rassegnastampa-totustuus.it\/cattolica\/author\/pietroelle\/"}]}},"_links":{"self":[{"href":"https:\/\/www.rassegnastampa-totustuus.it\/cattolica\/wp-json\/wp\/v2\/posts\/47630","targetHints":{"allow":["GET"]}}],"collection":[{"href":"https:\/\/www.rassegnastampa-totustuus.it\/cattolica\/wp-json\/wp\/v2\/posts"}],"about":[{"href":"https:\/\/www.rassegnastampa-totustuus.it\/cattolica\/wp-json\/wp\/v2\/types\/post"}],"author":[{"embeddable":true,"href":"https:\/\/www.rassegnastampa-totustuus.it\/cattolica\/wp-json\/wp\/v2\/users\/6"}],"replies":[{"embeddable":true,"href":"https:\/\/www.rassegnastampa-totustuus.it\/cattolica\/wp-json\/wp\/v2\/comments?post=47630"}],"version-history":[{"count":2,"href":"https:\/\/www.rassegnastampa-totustuus.it\/cattolica\/wp-json\/wp\/v2\/posts\/47630\/revisions"}],"predecessor-version":[{"id":47635,"href":"https:\/\/www.rassegnastampa-totustuus.it\/cattolica\/wp-json\/wp\/v2\/posts\/47630\/revisions\/47635"}],"wp:featuredmedia":[{"embeddable":true,"href":"https:\/\/www.rassegnastampa-totustuus.it\/cattolica\/wp-json\/wp\/v2\/media\/47634"}],"wp:attachment":[{"href":"https:\/\/www.rassegnastampa-totustuus.it\/cattolica\/wp-json\/wp\/v2\/media?parent=47630"}],"wp:term":[{"taxonomy":"category","embeddable":true,"href":"https:\/\/www.rassegnastampa-totustuus.it\/cattolica\/wp-json\/wp\/v2\/categories?post=47630"},{"taxonomy":"post_tag","embeddable":true,"href":"https:\/\/www.rassegnastampa-totustuus.it\/cattolica\/wp-json\/wp\/v2\/tags?post=47630"}],"curies":[{"name":"wp","href":"https:\/\/api.w.org\/{rel}","templated":true}]}}