{"id":47618,"date":"2020-06-25T00:00:23","date_gmt":"2020-06-24T22:00:23","guid":{"rendered":"http:\/\/www.rassegnastampa-totustuus.it\/cattolica\/?p=47618"},"modified":"2021-06-30T17:42:47","modified_gmt":"2021-06-30T15:42:47","slug":"usa-quando-i-democratici-difendevano-la-schiavitu","status":"publish","type":"post","link":"https:\/\/www.rassegnastampa-totustuus.it\/cattolica\/usa-quando-i-democratici-difendevano-la-schiavitu\/","title":{"rendered":"Usa: quando i Democratici difendevano la schiavit\u00f9"},"content":{"rendered":"<p style=\"text-align: center;\"><strong><a href=\"https:\/\/www.rassegnastampa-totustuus.it\/cattolica\/wp-content\/uploads\/2020\/06\/democratic_partito_Usa.png\"><img loading=\"lazy\" decoding=\"async\" class=\" wp-image-47619 alignleft\" src=\"https:\/\/www.rassegnastampa-totustuus.it\/cattolica\/wp-content\/uploads\/2020\/06\/democratic_partito_Usa.png\" alt=\"\" width=\"301\" height=\"218\" \/><\/a><span style=\"color: #000000;\">La Nuova Bussola quotidiana<\/span><\/strong><\/p>\n<p style=\"text-align: center;\"><span style=\"color: #000000;\">19 Giugno 2020<b> <\/b><\/span><\/p>\n<p style=\"text-align: justify;\"><span style=\"color: #000000;\"><em>Sudisti, secessionisti, schiavisti: questa era la base del Partito Democratico nell&#8217;Ottocento, quando difendeva gli interessi dei proprietari terrieri del Sud. La difesa o quantomeno la tolleranza della schiavit\u00f9 dei neri fu un peccato comune a tutti i primi presidenti degli Usa. Solo il nuovo Partito Repubblicano, con Lincoln, ebbe il coraggio di opporsi. <\/em><\/span><\/p>\n<p style=\"text-align: center;\"><span style=\"color: #000000;\">di <strong>Ermes Dovico<\/strong><\/span><\/p>\n<p><span style=\"color: #000000;\"><!--more--><\/span><\/p>\n<p style=\"text-align: justify;\"><span style=\"color: #000000;\">Il Partito Democratico americano \u00e8 il pi\u00f9 antico partito elettorale al mondo. \u00c8 ricco di una storia di cui si pu\u00f2 andare fieri, in alcuni casi, ma piena di lati oscuri. La peggior macchia nel passato del Partito Democratico si trova nel Diciannovesimo Secolo, con un programma agrario schiavista, per non parlare delle ambizioni al \u201cDestino Manifesto\u201d alla base della persecuzione dei nativi americani.<\/span><\/p>\n<p style=\"text-align: justify;\"><span style=\"color: #000000;\"><strong><a style=\"color: #000000;\" href=\"https:\/\/www.rassegnastampa-totustuus.it\/cattolica\/wp-content\/uploads\/2020\/06\/Usa_America_partiti.jpg\"><img loading=\"lazy\" decoding=\"async\" class=\" wp-image-47620 alignright\" src=\"https:\/\/www.rassegnastampa-totustuus.it\/cattolica\/wp-content\/uploads\/2020\/06\/Usa_America_partiti.jpg\" alt=\"\" width=\"369\" height=\"224\" \/><\/a>Il Partito Democratico contemporaneo nacque <\/strong>da una scissione dal gruppo Democratico-Repubblicano nel 1820. Si \u00e8 successivamente diviso ancora in due campi, uno \u201cunionista\u201d al Nord e l\u2019altro \u201csecessionista\u201d al Sud, poco prima della Guerra Civile. Il suo rivale tradizionale era il Partito Whig. Gli Whig furono poi rimpiazzati dal Partito Repubblicano, il cui programma conservatore mirava a preservare l\u2019Unione americana, difendere l\u2019ortodossia della Costituzione quale atto fondatore nazionale (compresi i diritti naturali donati da Dio e le libert\u00e0 civili che ne derivano), promuovere una societ\u00e0 industrializzata che poteva prosperare e commerciare in tutti gli Stati.<\/span><\/p>\n<p style=\"text-align: justify;\"><span style=\"color: #000000;\"><a style=\"color: #000000;\" href=\"https:\/\/www.rassegnastampa-totustuus.it\/cattolica\/wp-content\/uploads\/2013\/03\/schiavi.jpg\"><img loading=\"lazy\" decoding=\"async\" class=\" wp-image-25185 alignleft\" src=\"https:\/\/www.rassegnastampa-totustuus.it\/cattolica\/wp-content\/uploads\/2013\/03\/schiavi.jpg\" alt=\"\" width=\"352\" height=\"264\" \/><\/a>Entrambi i partiti favorivano un governo limitato, ma i Democratici vinsero il favore di una base elettorale fedele ergendosi a rappresentanti dell\u2019\u201cuomo comune\u201d. <\/span><\/p>\n<p style=\"text-align: justify;\"><span style=\"color: #000000;\">I Democratici conquistarono un seguito di simpatizzanti fra i coltivatori del tabacco e del cotone, fra gli allevatori di bestiame, i lavoratori urbanizzati e molti immigrati che svolgevano lavori a basso reddito. Il programma originario del Partito Democratico del Diciannovesimo Secolo, combatteva per \u201cgli umili\u201d e per i diritti di autonomia dei singoli Stati. Era scettico sull\u2019interventismo statale, sulle grandi banche e sulle lobby portatrici di interessi particolari che tessevano trame di interessi economici e politici.<\/span><\/p>\n<p style=\"text-align: justify;\"><span style=\"color: #000000;\"><strong>Nonostante quanto di buono rappresentasse <\/strong>il Partito Democratico sosteneva la conservazione dell\u2019istituzione della schiavit\u00f9, nella stragrande maggioranza dei casi, fra i suoi membri al Congresso degli Stati Uniti e nei parlamenti degli Stati del Sud, nelle regioni che dominava politicamente. In estrema sintesi, il Partito Democratico difendeva il diritto degli Stati di scegliere se liberare o meno gli schiavi, ma non si oppose universalmente alla schiavit\u00f9, non la consider\u00f2 anti-costituzionale, n\u00e9 come un male intrinseco.<\/span><\/p>\n<p style=\"text-align: justify;\"><span style=\"color: #000000;\"><strong><a style=\"color: #000000;\" href=\"https:\/\/www.rassegnastampa-totustuus.it\/cattolica\/wp-content\/uploads\/2020\/06\/Usa_schiavismo.jpg\"><img loading=\"lazy\" decoding=\"async\" class=\" wp-image-47621 alignright\" src=\"https:\/\/www.rassegnastampa-totustuus.it\/cattolica\/wp-content\/uploads\/2020\/06\/Usa_schiavismo.jpg\" alt=\"\" width=\"313\" height=\"286\" \/><\/a>Molti degli ex presidenti del Partito Democratico-Repubblicano erano padroni di schiavi<\/strong>. Ma in questo caso non possiamo dar la colpa ai soli Democratici. Questa sordida storia era bi-partisan e coinvolgeva tutti i primi presidenti americani. Una ventina di loro <a style=\"color: #000000;\" href=\"https:\/\/en.wikipedia.org\/wiki\/List_of_presidents_of_the_United_States_who_owned_slaves\" target=\"_blank\" rel=\"noopener noreferrer\">possedeva schiavi<\/a>, prima, durante o dopo aver ricoperto la pi\u00f9 alta carica dello Stato.<\/span><\/p>\n<p style=\"text-align: justify;\"><span style=\"color: #000000;\">Fra i presidenti padroni di schiavi figurano padri fondatori quali George Washington, Thomas Jefferson, James Madison, William Harrison, John Tyler, oltre al pi\u00f9 noto, per la sua infamia, primo presidente Democratico: <a style=\"color: #000000;\" href=\"https:\/\/it.wikipedia.org\/wiki\/Andrew_Jackson\" target=\"_blank\" rel=\"noopener noreferrer\">Andrew Jackson<\/a>. Jackson venne anche accusato di aver partecipato alla tratta degli schiavi e fu il pi\u00f9 attivo esecutore del programma del \u201cDestino Manifesto\u201d che port\u00f2 alla deportazione di milioni di nativi americani \u201cinferiori\u201d mentre la giovane nazione espandeva ambiziosamente la sua frontiera a tutto il Nord America.<\/span><\/p>\n<p style=\"text-align: justify;\"><span style=\"color: #000000;\"><strong><a style=\"color: #000000;\" href=\"https:\/\/www.rassegnastampa-totustuus.it\/cattolica\/wp-content\/uploads\/2005\/09\/Rivol_americana.jpg\"><img loading=\"lazy\" decoding=\"async\" class=\" wp-image-33409 alignleft\" src=\"https:\/\/www.rassegnastampa-totustuus.it\/cattolica\/wp-content\/uploads\/2005\/09\/Rivol_americana.jpg\" alt=\"\" width=\"371\" height=\"244\" \/><\/a>I Democratici ebbero l\u2019opportunit\u00e0 di ripulirsi da questo passato oscuro<\/strong> quando Martin Van Buren contribu\u00ec a fondare il nuovo Partito Democratico. Van Buren prese le distanze dal suo predecessore, Andrew Jackson (di cui era vicepresidente), e da buona parte dei colleghi Democratici del Sud, parlando contro l\u2019espansione degli Stati schiavisti.<\/span><\/p>\n<p style=\"text-align: justify;\"><span style=\"color: #000000;\">Per\u00f2 la sua aspirazione a riformare moralmente il programma del suo nuovo Partito Democratico sarebbe durata poco, finendo per essere ribattezzato sarcasticamente Presidente \u201cVan Ruin\u201d (rovina, ndr). Dopo un solo mandato presidenziale (1837-1841), Van Buren venne ben presto sostituito alla Convention Democratica da James Polk, che consolid\u00f2 fortemente il consenso degli anti-abolizionisti e venne eletto presidente.<\/span><\/p>\n<p style=\"text-align: justify;\"><span style=\"color: #000000;\"><a style=\"color: #000000;\" href=\"https:\/\/www.rassegnastampa-totustuus.it\/cattolica\/wp-content\/uploads\/2020\/06\/Usa_casa_bianca.jpg\"><img loading=\"lazy\" decoding=\"async\" class=\" wp-image-47622 alignright\" src=\"https:\/\/www.rassegnastampa-totustuus.it\/cattolica\/wp-content\/uploads\/2020\/06\/Usa_casa_bianca.jpg\" alt=\"\" width=\"367\" height=\"248\" \/><\/a>Si disse che Polk avesse schiavi <a style=\"color: #000000;\" href=\"https:\/\/www.whitehousehistory.org\/the-enslaved-households-of-james-k-polk\" target=\"_blank\" rel=\"noopener noreferrer\">anche nella Casa Bianca<\/a>. Nessuna sorpresa: quando Polk era presidente della Camera dei Rappresentanti, poneva il veto per fermare ogni richiesta popolare di aprire un dibattito sulla schiavit\u00f9. Questo peccato era ancora una volta comune ai partiti di allora, anche al successore di Polk, un presidente Whig, <a style=\"color: #000000;\" href=\"https:\/\/it.wikipedia.org\/wiki\/Zachary_Taylor\" target=\"_blank\" rel=\"noopener noreferrer\">Zachary Taylor<\/a>, un sudista che era proprietario di molti schiavi e che ancora una volta dimostr\u00f2 la scarsa volont\u00e0 politica a promuovere un\u2019Unione abolizionista.<\/span><\/p>\n<div id=\"attachment_47623\" style=\"width: 186px\" class=\"wp-caption alignleft\"><a style=\"color: #000000;\" href=\"https:\/\/www.rassegnastampa-totustuus.it\/cattolica\/wp-content\/uploads\/2020\/06\/James_Buchanan_Usa_presidente.jpg\"><img loading=\"lazy\" decoding=\"async\" aria-describedby=\"caption-attachment-47623\" class=\"wp-image-47623\" src=\"https:\/\/www.rassegnastampa-totustuus.it\/cattolica\/wp-content\/uploads\/2020\/06\/James_Buchanan_Usa_presidente.jpg\" alt=\"\" width=\"186\" height=\"238\" \/><\/a><p id=\"caption-attachment-47623\" class=\"wp-caption-text\"><span style=\"color: #000000;\">James Buchanan<\/span><\/p><\/div>\n<p style=\"text-align: justify;\"><span style=\"color: #000000;\"><strong>Fino al presidente Taylor, sia gli Whig che i Democratici erano entrambi tolleranti<\/strong> nei confronti degli Stati schiavisti, o erano almeno colpevoli di ipocrisia personale e di passivit\u00e0 morale. Lentamente, da allora in poi, il movimento abolizionista prese piede nel Nord libero. Dopo Taylor, i tre successori alla presidenza divennero sempre meno favorevoli alla schiavit\u00f9, fino a <a style=\"color: #000000;\" href=\"https:\/\/it.wikipedia.org\/wiki\/James_Buchanan\" target=\"_blank\" rel=\"noopener noreferrer\">James Buchanan<\/a>, un Democratico convinto che si insedi\u00f2 nel 1857.<\/span><\/p>\n<p style=\"text-align: justify;\"><span style=\"color: #000000;\">Alcuni atti fondamentali della sua amministrazione contribuirono a far scoppiare una nazione gi\u00e0 sull\u2019orlo della guerra: Buchanan appoggi\u00f2 la sentenza della Corte Suprema nel <a style=\"color: #000000;\" href=\"https:\/\/it.wikipedia.org\/wiki\/Dred_Scott_contro_Sandford\" target=\"_blank\" rel=\"noopener noreferrer\">caso Dred Scott contro Sandford<\/a> (che neg\u00f2 la cittadinanza e la libert\u00e0 agli ex schiavi e ai loro discendenti, anche se risiedevano in Stati e territori liberi dalla schiavit\u00f9) e sostenne l\u2019ingresso nell\u2019Unione del Kansas, uno Stato schiavista.<\/span><\/p>\n<p style=\"text-align: justify;\"><span style=\"color: #000000;\"><strong><a style=\"color: #000000;\" href=\"https:\/\/www.rassegnastampa-totustuus.it\/cattolica\/wp-content\/uploads\/2020\/06\/Usa_guerra_civile.jpg\"><img loading=\"lazy\" decoding=\"async\" class=\" wp-image-47625 alignright\" src=\"https:\/\/www.rassegnastampa-totustuus.it\/cattolica\/wp-content\/uploads\/2020\/06\/Usa_guerra_civile.jpg\" alt=\"\" width=\"263\" height=\"323\" \/><\/a>La scena politica americana, gi\u00e0 molto tesa negli anni precedenti la Guerra Civile<\/strong>, raggiunse il punto di rottura durante la presidenza del Democratico Buchanan. Quelle condizioni vennero determinate dalla decisione del Partito Democratico di appoggiare pienamente gli Stati del Sud, anti-abolizionisti e secessionisti, o la base elettorale dei Democratici del Nord, unionista, tollerante nei confronti della schiavit\u00f9 e favorevole al diritto all\u2019autonomia di scelta degli Stati.<\/span><\/p>\n<p style=\"text-align: justify;\"><span style=\"color: #000000;\"><strong>Quando Abraham Lincoln si candid\u00f2 presidente nel 1860<\/strong>, il primo in assoluto del Partito Repubblicano, il Partito Democratico si divise sostenendo due diversi candidati: <a style=\"color: #000000;\" href=\"https:\/\/it.wikipedia.org\/wiki\/Stephen_A._Douglas\" target=\"_blank\" rel=\"noopener noreferrer\">Stephen Douglas<\/a>, dell\u2019Illinois, nordista, unionista e sostenitore dei diritti degli Stati, e <a style=\"color: #000000;\" href=\"https:\/\/it.wikipedia.org\/wiki\/John_C._Breckinridge\" target=\"_blank\" rel=\"noopener noreferrer\">John Breckinridge<\/a>, del Kentucky, sudista e ideologicamente anti-abolizionista.<\/span><\/p>\n<p style=\"text-align: justify;\"><span style=\"color: #000000;\"><strong><a style=\"color: #000000;\" href=\"https:\/\/www.rassegnastampa-totustuus.it\/cattolica\/wp-content\/uploads\/2005\/08\/Lincoln.jpg\"><img loading=\"lazy\" decoding=\"async\" class=\" wp-image-28394 alignleft\" src=\"https:\/\/www.rassegnastampa-totustuus.it\/cattolica\/wp-content\/uploads\/2005\/08\/Lincoln.jpg\" alt=\"\" width=\"305\" height=\"279\" \/><\/a>Lincoln ottenne una vittoria decisiva con un programma <\/strong>chiaro che mirava alla preservazione dell\u2019Unione e si opponeva all\u2019espansione degli Stati schiavisti. I Democratici sudisti videro la sua vittoria come la prima minaccia concreta al loro presunto \u201cdiritto\u201d degli Stati alla schiavit\u00f9. Pochi giorni prima dell\u2019insediamento di Lincoln, nel marzo 1861, sette Stati sudisti governati dai Democratici, proclamarono ufficialmente la secessione. In aprile scoppi\u00f2 la Guerra Civile e 10 mesi dopo il senatore Democratico <a style=\"color: #000000;\" href=\"https:\/\/it.wikipedia.org\/wiki\/Jefferson_Davis\" target=\"_blank\" rel=\"noopener noreferrer\">Jefferson Davis<\/a>, filo-schiavista, del Mississippi, divenne il presidente della Confederazione degli Stati Americani.<\/span><\/p>\n<p style=\"text-align: justify;\"><span style=\"color: #000000;\"><strong>Quel che segu\u00ec fu una guerra sanguinosa di quattro anni,<\/strong> combattuta non solo per preservare una vera \u201cUnione\u201d degli Stati Uniti d\u2019America, ma anche per difendere un principio assoluto morale che riguardava la natura libera della persona, protetta dalla Costituzione. Il Partito Repubblicano scelse di difendere la libert\u00e0 umana universale fino in fondo. Fra il 1861 e il 1865, la guerra venne combattuta nel nome di una verit\u00e0 assoluta: \u201ctutti gli uomini sono creati uguali da Dio\u201d e cost\u00f2 pi\u00f9 vite americane (da 650mila al 750mila morti) di tutte le altre guerre nella storia dagli Stati Uniti messe assieme.<\/span><\/p>\n<p style=\"text-align: justify;\"><span style=\"color: #000000;\"><strong><a style=\"color: #000000;\" href=\"https:\/\/www.rassegnastampa-totustuus.it\/cattolica\/wp-content\/uploads\/2020\/06\/Usa_schiavismo-1.jpg\"><img loading=\"lazy\" decoding=\"async\" class=\" wp-image-47626 alignright\" src=\"https:\/\/www.rassegnastampa-totustuus.it\/cattolica\/wp-content\/uploads\/2020\/06\/Usa_schiavismo-1-300x168.jpg\" alt=\"\" width=\"370\" height=\"207\" \/><\/a>In conclusione, nessun partito politico statunitense delle origini \u00e8 nato da immacolata concezione<\/strong>, senza il peccato originale della difesa della schiavit\u00f9. Whigs, Federalisti, Democratici-Repubblicani erano formati da padroni di schiavi, mentre molti dei vertici del governo tolleravano politicamente la schiavit\u00f9, barattandola con la preservazione dell\u2019Unione. Altri uomini di Stato erano dei santi in pubblico, ma gravi peccatori in privato.<\/span><\/p>\n<p style=\"text-align: justify;\"><span style=\"color: #000000;\">Alla fine, la volont\u00e0 politica di abolire la schiavit\u00f9 arriv\u00f2 solo con il Partito Repubblicano, anche se Lincoln stesso non sanc\u00ec la sua abolizione fino alla <span style=\"color: #0000ff;\"><a style=\"color: #0000ff;\" href=\"https:\/\/www.archives.gov\/exhibits\/featured-documents\/emancipation-proclamation\" target=\"_blank\" rel=\"noopener noreferrer\">Proclamazione di Emancipazione del 1863<\/a><\/span>, quasi due anni dopo l\u2019inizio della Guerra Civile. Fu un Repubblicano, non un Democratico, che ebbe il coraggio morale definitivo di proclamare la libert\u00e0 donata da Dio agli uomini e alle donne di colore e agire per difenderla, in una battaglia epocale senza compromessi contro la pi\u00f9 immorale delle istituzioni della nazione.<\/span><\/p>\n","protected":false},"excerpt":{"rendered":"<p>La Nuova Bussola quotidiana 19 Giugno 2020 Sudisti, secessionisti, schiavisti: questa era la base del Partito Democratico nell&#8217;Ottocento, quando difendeva gli interessi dei proprietari terrieri del Sud. La difesa o quantomeno la tolleranza della schiavit\u00f9 dei neri fu un peccato comune a tutti i primi presidenti degli Usa. Solo il nuovo Partito Repubblicano, con Lincoln, &hellip; <\/p>\n<p><a class=\"more-link btn\" href=\"https:\/\/www.rassegnastampa-totustuus.it\/cattolica\/usa-quando-i-democratici-difendevano-la-schiavitu\/\">Continua a leggere<\/a><\/p>\n","protected":false},"author":6,"featured_media":47627,"comment_status":"closed","ping_status":"closed","sticky":false,"template":"","format":"standard","meta":{"footnotes":""},"categories":[76],"tags":[295,585,1403,2401],"class_list":["post-47618","post","type-post","status-publish","format-standard","has-post-thumbnail","hentry","category-stati-uniti","tag-partito-democratico","tag-razzismo-2","tag-schiavitu","tag-stati-uniti","item-wrap"],"yoast_head":"<!-- This site is optimized with the Yoast SEO plugin v27.5 - https:\/\/yoast.com\/product\/yoast-seo-wordpress\/ -->\n<title>Usa: quando i Democratici difendevano la schiavit\u00f9 - Rassegna Stampa Cattolica<\/title>\n<meta name=\"description\" content=\"Rassegna Stampa Cattolica - Per una cultura che nasce dalla Rivelazione cristiana in conformit\u00e0 alla tradizione e al Magistero della Chiesa in opposizione ad ogni relativismo e totalitarismo\" \/>\n<meta name=\"robots\" content=\"index, follow, max-snippet:-1, max-image-preview:large, max-video-preview:-1\" \/>\n<link rel=\"canonical\" href=\"https:\/\/www.rassegnastampa-totustuus.it\/cattolica\/usa-quando-i-democratici-difendevano-la-schiavitu\/\" \/>\n<meta property=\"og:locale\" content=\"it_IT\" \/>\n<meta property=\"og:type\" content=\"article\" \/>\n<meta property=\"og:title\" content=\"Usa: quando i Democratici difendevano la schiavit\u00f9 - Rassegna Stampa Cattolica\" \/>\n<meta property=\"og:description\" content=\"Rassegna Stampa Cattolica - Per una cultura che nasce dalla Rivelazione cristiana in conformit\u00e0 alla tradizione e al Magistero della Chiesa in opposizione ad ogni relativismo e totalitarismo\" \/>\n<meta property=\"og:url\" content=\"https:\/\/www.rassegnastampa-totustuus.it\/cattolica\/usa-quando-i-democratici-difendevano-la-schiavitu\/\" \/>\n<meta property=\"og:site_name\" content=\"Rassegna Stampa Cattolica\" \/>\n<meta property=\"article:publisher\" content=\"https:\/\/www.facebook.com\/rassegnastampacattolica\" \/>\n<meta property=\"article:published_time\" content=\"2020-06-24T22:00:23+00:00\" \/>\n<meta property=\"article:modified_time\" content=\"2021-06-30T15:42:47+00:00\" \/>\n<meta property=\"og:image\" content=\"https:\/\/www.rassegnastampa-totustuus.it\/cattolica\/wp-content\/uploads\/2020\/06\/Usa_democratic.jpg\" \/>\n\t<meta property=\"og:image:width\" content=\"2405\" \/>\n\t<meta property=\"og:image:height\" content=\"1090\" \/>\n\t<meta property=\"og:image:type\" content=\"image\/jpeg\" \/>\n<meta name=\"author\" content=\"Redazione\" \/>\n<meta name=\"twitter:card\" content=\"summary_large_image\" \/>\n<meta name=\"twitter:creator\" content=\"@rassegnastampa9\" \/>\n<meta name=\"twitter:site\" content=\"@rassegnastampa9\" \/>\n<meta name=\"twitter:label1\" content=\"Scritto da\" \/>\n\t<meta name=\"twitter:data1\" content=\"Redazione\" \/>\n\t<meta name=\"twitter:label2\" content=\"Tempo di lettura stimato\" \/>\n\t<meta name=\"twitter:data2\" content=\"6 minuti\" \/>\n<script type=\"application\/ld+json\" class=\"yoast-schema-graph\">{\"@context\":\"https:\\\/\\\/schema.org\",\"@graph\":[{\"@type\":\"Article\",\"@id\":\"https:\\\/\\\/www.rassegnastampa-totustuus.it\\\/cattolica\\\/usa-quando-i-democratici-difendevano-la-schiavitu\\\/#article\",\"isPartOf\":{\"@id\":\"https:\\\/\\\/www.rassegnastampa-totustuus.it\\\/cattolica\\\/usa-quando-i-democratici-difendevano-la-schiavitu\\\/\"},\"author\":{\"name\":\"Redazione\",\"@id\":\"https:\\\/\\\/www.rassegnastampa-totustuus.it\\\/cattolica\\\/#\\\/schema\\\/person\\\/08f319d2bd1a0904ad9e2bfb7b15e5c3\"},\"headline\":\"Usa: quando i Democratici difendevano la schiavit\u00f9\",\"datePublished\":\"2020-06-24T22:00:23+00:00\",\"dateModified\":\"2021-06-30T15:42:47+00:00\",\"mainEntityOfPage\":{\"@id\":\"https:\\\/\\\/www.rassegnastampa-totustuus.it\\\/cattolica\\\/usa-quando-i-democratici-difendevano-la-schiavitu\\\/\"},\"wordCount\":1300,\"publisher\":{\"@id\":\"https:\\\/\\\/www.rassegnastampa-totustuus.it\\\/cattolica\\\/#organization\"},\"image\":{\"@id\":\"https:\\\/\\\/www.rassegnastampa-totustuus.it\\\/cattolica\\\/usa-quando-i-democratici-difendevano-la-schiavitu\\\/#primaryimage\"},\"thumbnailUrl\":\"https:\\\/\\\/www.rassegnastampa-totustuus.it\\\/cattolica\\\/wp-content\\\/uploads\\\/2020\\\/06\\\/Usa_democratic.jpg\",\"keywords\":[\"Partito democratico\",\"razzismo\",\"schiavit\u00f9\",\"Stati Uniti\"],\"articleSection\":[\"Stati Uniti\"],\"inLanguage\":\"it-IT\"},{\"@type\":\"WebPage\",\"@id\":\"https:\\\/\\\/www.rassegnastampa-totustuus.it\\\/cattolica\\\/usa-quando-i-democratici-difendevano-la-schiavitu\\\/\",\"url\":\"https:\\\/\\\/www.rassegnastampa-totustuus.it\\\/cattolica\\\/usa-quando-i-democratici-difendevano-la-schiavitu\\\/\",\"name\":\"Usa: quando i Democratici difendevano la schiavit\u00f9 - Rassegna Stampa Cattolica\",\"isPartOf\":{\"@id\":\"https:\\\/\\\/www.rassegnastampa-totustuus.it\\\/cattolica\\\/#website\"},\"primaryImageOfPage\":{\"@id\":\"https:\\\/\\\/www.rassegnastampa-totustuus.it\\\/cattolica\\\/usa-quando-i-democratici-difendevano-la-schiavitu\\\/#primaryimage\"},\"image\":{\"@id\":\"https:\\\/\\\/www.rassegnastampa-totustuus.it\\\/cattolica\\\/usa-quando-i-democratici-difendevano-la-schiavitu\\\/#primaryimage\"},\"thumbnailUrl\":\"https:\\\/\\\/www.rassegnastampa-totustuus.it\\\/cattolica\\\/wp-content\\\/uploads\\\/2020\\\/06\\\/Usa_democratic.jpg\",\"datePublished\":\"2020-06-24T22:00:23+00:00\",\"dateModified\":\"2021-06-30T15:42:47+00:00\",\"description\":\"Rassegna Stampa Cattolica - Per una cultura che nasce dalla Rivelazione cristiana in conformit\u00e0 alla tradizione e al Magistero della Chiesa in opposizione ad ogni relativismo e totalitarismo\",\"breadcrumb\":{\"@id\":\"https:\\\/\\\/www.rassegnastampa-totustuus.it\\\/cattolica\\\/usa-quando-i-democratici-difendevano-la-schiavitu\\\/#breadcrumb\"},\"inLanguage\":\"it-IT\",\"potentialAction\":[{\"@type\":\"ReadAction\",\"target\":[\"https:\\\/\\\/www.rassegnastampa-totustuus.it\\\/cattolica\\\/usa-quando-i-democratici-difendevano-la-schiavitu\\\/\"]}]},{\"@type\":\"ImageObject\",\"inLanguage\":\"it-IT\",\"@id\":\"https:\\\/\\\/www.rassegnastampa-totustuus.it\\\/cattolica\\\/usa-quando-i-democratici-difendevano-la-schiavitu\\\/#primaryimage\",\"url\":\"https:\\\/\\\/www.rassegnastampa-totustuus.it\\\/cattolica\\\/wp-content\\\/uploads\\\/2020\\\/06\\\/Usa_democratic.jpg\",\"contentUrl\":\"https:\\\/\\\/www.rassegnastampa-totustuus.it\\\/cattolica\\\/wp-content\\\/uploads\\\/2020\\\/06\\\/Usa_democratic.jpg\",\"width\":2405,\"height\":1090},{\"@type\":\"BreadcrumbList\",\"@id\":\"https:\\\/\\\/www.rassegnastampa-totustuus.it\\\/cattolica\\\/usa-quando-i-democratici-difendevano-la-schiavitu\\\/#breadcrumb\",\"itemListElement\":[{\"@type\":\"ListItem\",\"position\":1,\"name\":\"Home\",\"item\":\"https:\\\/\\\/www.rassegnastampa-totustuus.it\\\/cattolica\\\/\"},{\"@type\":\"ListItem\",\"position\":2,\"name\":\"Usa: quando i Democratici difendevano la schiavit\u00f9\"}]},{\"@type\":\"WebSite\",\"@id\":\"https:\\\/\\\/www.rassegnastampa-totustuus.it\\\/cattolica\\\/#website\",\"url\":\"https:\\\/\\\/www.rassegnastampa-totustuus.it\\\/cattolica\\\/\",\"name\":\"Rassegna Stampa Cattolica\",\"description\":\"Per una cultura che nasce dalla Rivelazione cristiana in conformit\u00e0 alla tradizione e al Magistero della Chiesa in opposizione ad ogni relativismo e totalitarismo\",\"publisher\":{\"@id\":\"https:\\\/\\\/www.rassegnastampa-totustuus.it\\\/cattolica\\\/#organization\"},\"alternateName\":\"Rass. Cattolica\",\"potentialAction\":[{\"@type\":\"SearchAction\",\"target\":{\"@type\":\"EntryPoint\",\"urlTemplate\":\"https:\\\/\\\/www.rassegnastampa-totustuus.it\\\/cattolica\\\/?s={search_term_string}\"},\"query-input\":{\"@type\":\"PropertyValueSpecification\",\"valueRequired\":true,\"valueName\":\"search_term_string\"}}],\"inLanguage\":\"it-IT\"},{\"@type\":\"Organization\",\"@id\":\"https:\\\/\\\/www.rassegnastampa-totustuus.it\\\/cattolica\\\/#organization\",\"name\":\"Rassegna Stampa Cattolica\",\"url\":\"https:\\\/\\\/www.rassegnastampa-totustuus.it\\\/cattolica\\\/\",\"logo\":{\"@type\":\"ImageObject\",\"inLanguage\":\"it-IT\",\"@id\":\"https:\\\/\\\/www.rassegnastampa-totustuus.it\\\/cattolica\\\/#\\\/schema\\\/logo\\\/image\\\/\",\"url\":\"https:\\\/\\\/www.rassegnastampa-totustuus.it\\\/cattolica\\\/wp-content\\\/uploads\\\/2014\\\/04\\\/logo-rassegna1.gif\",\"contentUrl\":\"https:\\\/\\\/www.rassegnastampa-totustuus.it\\\/cattolica\\\/wp-content\\\/uploads\\\/2014\\\/04\\\/logo-rassegna1.gif\",\"width\":600,\"height\":163,\"caption\":\"Rassegna Stampa Cattolica\"},\"image\":{\"@id\":\"https:\\\/\\\/www.rassegnastampa-totustuus.it\\\/cattolica\\\/#\\\/schema\\\/logo\\\/image\\\/\"},\"sameAs\":[\"https:\\\/\\\/www.facebook.com\\\/rassegnastampacattolica\",\"https:\\\/\\\/x.com\\\/rassegnastampa9\"]},{\"@type\":\"Person\",\"@id\":\"https:\\\/\\\/www.rassegnastampa-totustuus.it\\\/cattolica\\\/#\\\/schema\\\/person\\\/08f319d2bd1a0904ad9e2bfb7b15e5c3\",\"name\":\"Redazione\",\"image\":{\"@type\":\"ImageObject\",\"inLanguage\":\"it-IT\",\"@id\":\"https:\\\/\\\/secure.gravatar.com\\\/avatar\\\/2fcdf27c78ea025fbdb44e914cc63c72249ffec9dc8aafd5c82b26240ef3f346?s=96&d=mm&r=g\",\"url\":\"https:\\\/\\\/secure.gravatar.com\\\/avatar\\\/2fcdf27c78ea025fbdb44e914cc63c72249ffec9dc8aafd5c82b26240ef3f346?s=96&d=mm&r=g\",\"contentUrl\":\"https:\\\/\\\/secure.gravatar.com\\\/avatar\\\/2fcdf27c78ea025fbdb44e914cc63c72249ffec9dc8aafd5c82b26240ef3f346?s=96&d=mm&r=g\",\"caption\":\"Redazione\"},\"url\":\"https:\\\/\\\/www.rassegnastampa-totustuus.it\\\/cattolica\\\/author\\\/pietroelle\\\/\"}]}<\/script>\n<!-- \/ Yoast SEO plugin. -->","yoast_head_json":{"title":"Usa: quando i Democratici difendevano la schiavit\u00f9 - Rassegna Stampa Cattolica","description":"Rassegna Stampa Cattolica - Per una cultura che nasce dalla Rivelazione cristiana in conformit\u00e0 alla tradizione e al Magistero della Chiesa in opposizione ad ogni relativismo e totalitarismo","robots":{"index":"index","follow":"follow","max-snippet":"max-snippet:-1","max-image-preview":"max-image-preview:large","max-video-preview":"max-video-preview:-1"},"canonical":"https:\/\/www.rassegnastampa-totustuus.it\/cattolica\/usa-quando-i-democratici-difendevano-la-schiavitu\/","og_locale":"it_IT","og_type":"article","og_title":"Usa: quando i Democratici difendevano la schiavit\u00f9 - Rassegna Stampa Cattolica","og_description":"Rassegna Stampa Cattolica - Per una cultura che nasce dalla Rivelazione cristiana in conformit\u00e0 alla tradizione e al Magistero della Chiesa in opposizione ad ogni relativismo e totalitarismo","og_url":"https:\/\/www.rassegnastampa-totustuus.it\/cattolica\/usa-quando-i-democratici-difendevano-la-schiavitu\/","og_site_name":"Rassegna Stampa Cattolica","article_publisher":"https:\/\/www.facebook.com\/rassegnastampacattolica","article_published_time":"2020-06-24T22:00:23+00:00","article_modified_time":"2021-06-30T15:42:47+00:00","og_image":[{"width":2405,"height":1090,"url":"https:\/\/www.rassegnastampa-totustuus.it\/cattolica\/wp-content\/uploads\/2020\/06\/Usa_democratic.jpg","type":"image\/jpeg"}],"author":"Redazione","twitter_card":"summary_large_image","twitter_creator":"@rassegnastampa9","twitter_site":"@rassegnastampa9","twitter_misc":{"Scritto da":"Redazione","Tempo di lettura stimato":"6 minuti"},"schema":{"@context":"https:\/\/schema.org","@graph":[{"@type":"Article","@id":"https:\/\/www.rassegnastampa-totustuus.it\/cattolica\/usa-quando-i-democratici-difendevano-la-schiavitu\/#article","isPartOf":{"@id":"https:\/\/www.rassegnastampa-totustuus.it\/cattolica\/usa-quando-i-democratici-difendevano-la-schiavitu\/"},"author":{"name":"Redazione","@id":"https:\/\/www.rassegnastampa-totustuus.it\/cattolica\/#\/schema\/person\/08f319d2bd1a0904ad9e2bfb7b15e5c3"},"headline":"Usa: quando i Democratici difendevano la schiavit\u00f9","datePublished":"2020-06-24T22:00:23+00:00","dateModified":"2021-06-30T15:42:47+00:00","mainEntityOfPage":{"@id":"https:\/\/www.rassegnastampa-totustuus.it\/cattolica\/usa-quando-i-democratici-difendevano-la-schiavitu\/"},"wordCount":1300,"publisher":{"@id":"https:\/\/www.rassegnastampa-totustuus.it\/cattolica\/#organization"},"image":{"@id":"https:\/\/www.rassegnastampa-totustuus.it\/cattolica\/usa-quando-i-democratici-difendevano-la-schiavitu\/#primaryimage"},"thumbnailUrl":"https:\/\/www.rassegnastampa-totustuus.it\/cattolica\/wp-content\/uploads\/2020\/06\/Usa_democratic.jpg","keywords":["Partito democratico","razzismo","schiavit\u00f9","Stati Uniti"],"articleSection":["Stati Uniti"],"inLanguage":"it-IT"},{"@type":"WebPage","@id":"https:\/\/www.rassegnastampa-totustuus.it\/cattolica\/usa-quando-i-democratici-difendevano-la-schiavitu\/","url":"https:\/\/www.rassegnastampa-totustuus.it\/cattolica\/usa-quando-i-democratici-difendevano-la-schiavitu\/","name":"Usa: quando i Democratici difendevano la schiavit\u00f9 - Rassegna Stampa Cattolica","isPartOf":{"@id":"https:\/\/www.rassegnastampa-totustuus.it\/cattolica\/#website"},"primaryImageOfPage":{"@id":"https:\/\/www.rassegnastampa-totustuus.it\/cattolica\/usa-quando-i-democratici-difendevano-la-schiavitu\/#primaryimage"},"image":{"@id":"https:\/\/www.rassegnastampa-totustuus.it\/cattolica\/usa-quando-i-democratici-difendevano-la-schiavitu\/#primaryimage"},"thumbnailUrl":"https:\/\/www.rassegnastampa-totustuus.it\/cattolica\/wp-content\/uploads\/2020\/06\/Usa_democratic.jpg","datePublished":"2020-06-24T22:00:23+00:00","dateModified":"2021-06-30T15:42:47+00:00","description":"Rassegna Stampa Cattolica - Per una cultura che nasce dalla Rivelazione cristiana in conformit\u00e0 alla tradizione e al Magistero della Chiesa in opposizione ad ogni relativismo e totalitarismo","breadcrumb":{"@id":"https:\/\/www.rassegnastampa-totustuus.it\/cattolica\/usa-quando-i-democratici-difendevano-la-schiavitu\/#breadcrumb"},"inLanguage":"it-IT","potentialAction":[{"@type":"ReadAction","target":["https:\/\/www.rassegnastampa-totustuus.it\/cattolica\/usa-quando-i-democratici-difendevano-la-schiavitu\/"]}]},{"@type":"ImageObject","inLanguage":"it-IT","@id":"https:\/\/www.rassegnastampa-totustuus.it\/cattolica\/usa-quando-i-democratici-difendevano-la-schiavitu\/#primaryimage","url":"https:\/\/www.rassegnastampa-totustuus.it\/cattolica\/wp-content\/uploads\/2020\/06\/Usa_democratic.jpg","contentUrl":"https:\/\/www.rassegnastampa-totustuus.it\/cattolica\/wp-content\/uploads\/2020\/06\/Usa_democratic.jpg","width":2405,"height":1090},{"@type":"BreadcrumbList","@id":"https:\/\/www.rassegnastampa-totustuus.it\/cattolica\/usa-quando-i-democratici-difendevano-la-schiavitu\/#breadcrumb","itemListElement":[{"@type":"ListItem","position":1,"name":"Home","item":"https:\/\/www.rassegnastampa-totustuus.it\/cattolica\/"},{"@type":"ListItem","position":2,"name":"Usa: quando i Democratici difendevano la schiavit\u00f9"}]},{"@type":"WebSite","@id":"https:\/\/www.rassegnastampa-totustuus.it\/cattolica\/#website","url":"https:\/\/www.rassegnastampa-totustuus.it\/cattolica\/","name":"Rassegna Stampa Cattolica","description":"Per una cultura che nasce dalla Rivelazione cristiana in conformit\u00e0 alla tradizione e al Magistero della Chiesa in opposizione ad ogni relativismo e totalitarismo","publisher":{"@id":"https:\/\/www.rassegnastampa-totustuus.it\/cattolica\/#organization"},"alternateName":"Rass. Cattolica","potentialAction":[{"@type":"SearchAction","target":{"@type":"EntryPoint","urlTemplate":"https:\/\/www.rassegnastampa-totustuus.it\/cattolica\/?s={search_term_string}"},"query-input":{"@type":"PropertyValueSpecification","valueRequired":true,"valueName":"search_term_string"}}],"inLanguage":"it-IT"},{"@type":"Organization","@id":"https:\/\/www.rassegnastampa-totustuus.it\/cattolica\/#organization","name":"Rassegna Stampa Cattolica","url":"https:\/\/www.rassegnastampa-totustuus.it\/cattolica\/","logo":{"@type":"ImageObject","inLanguage":"it-IT","@id":"https:\/\/www.rassegnastampa-totustuus.it\/cattolica\/#\/schema\/logo\/image\/","url":"https:\/\/www.rassegnastampa-totustuus.it\/cattolica\/wp-content\/uploads\/2014\/04\/logo-rassegna1.gif","contentUrl":"https:\/\/www.rassegnastampa-totustuus.it\/cattolica\/wp-content\/uploads\/2014\/04\/logo-rassegna1.gif","width":600,"height":163,"caption":"Rassegna Stampa Cattolica"},"image":{"@id":"https:\/\/www.rassegnastampa-totustuus.it\/cattolica\/#\/schema\/logo\/image\/"},"sameAs":["https:\/\/www.facebook.com\/rassegnastampacattolica","https:\/\/x.com\/rassegnastampa9"]},{"@type":"Person","@id":"https:\/\/www.rassegnastampa-totustuus.it\/cattolica\/#\/schema\/person\/08f319d2bd1a0904ad9e2bfb7b15e5c3","name":"Redazione","image":{"@type":"ImageObject","inLanguage":"it-IT","@id":"https:\/\/secure.gravatar.com\/avatar\/2fcdf27c78ea025fbdb44e914cc63c72249ffec9dc8aafd5c82b26240ef3f346?s=96&d=mm&r=g","url":"https:\/\/secure.gravatar.com\/avatar\/2fcdf27c78ea025fbdb44e914cc63c72249ffec9dc8aafd5c82b26240ef3f346?s=96&d=mm&r=g","contentUrl":"https:\/\/secure.gravatar.com\/avatar\/2fcdf27c78ea025fbdb44e914cc63c72249ffec9dc8aafd5c82b26240ef3f346?s=96&d=mm&r=g","caption":"Redazione"},"url":"https:\/\/www.rassegnastampa-totustuus.it\/cattolica\/author\/pietroelle\/"}]}},"_links":{"self":[{"href":"https:\/\/www.rassegnastampa-totustuus.it\/cattolica\/wp-json\/wp\/v2\/posts\/47618","targetHints":{"allow":["GET"]}}],"collection":[{"href":"https:\/\/www.rassegnastampa-totustuus.it\/cattolica\/wp-json\/wp\/v2\/posts"}],"about":[{"href":"https:\/\/www.rassegnastampa-totustuus.it\/cattolica\/wp-json\/wp\/v2\/types\/post"}],"author":[{"embeddable":true,"href":"https:\/\/www.rassegnastampa-totustuus.it\/cattolica\/wp-json\/wp\/v2\/users\/6"}],"replies":[{"embeddable":true,"href":"https:\/\/www.rassegnastampa-totustuus.it\/cattolica\/wp-json\/wp\/v2\/comments?post=47618"}],"version-history":[{"count":2,"href":"https:\/\/www.rassegnastampa-totustuus.it\/cattolica\/wp-json\/wp\/v2\/posts\/47618\/revisions"}],"predecessor-version":[{"id":51800,"href":"https:\/\/www.rassegnastampa-totustuus.it\/cattolica\/wp-json\/wp\/v2\/posts\/47618\/revisions\/51800"}],"wp:featuredmedia":[{"embeddable":true,"href":"https:\/\/www.rassegnastampa-totustuus.it\/cattolica\/wp-json\/wp\/v2\/media\/47627"}],"wp:attachment":[{"href":"https:\/\/www.rassegnastampa-totustuus.it\/cattolica\/wp-json\/wp\/v2\/media?parent=47618"}],"wp:term":[{"taxonomy":"category","embeddable":true,"href":"https:\/\/www.rassegnastampa-totustuus.it\/cattolica\/wp-json\/wp\/v2\/categories?post=47618"},{"taxonomy":"post_tag","embeddable":true,"href":"https:\/\/www.rassegnastampa-totustuus.it\/cattolica\/wp-json\/wp\/v2\/tags?post=47618"}],"curies":[{"name":"wp","href":"https:\/\/api.w.org\/{rel}","templated":true}]}}