{"id":47608,"date":"2020-06-25T00:00:14","date_gmt":"2020-06-24T22:00:14","guid":{"rendered":"http:\/\/www.rassegnastampa-totustuus.it\/cattolica\/?p=47608"},"modified":"2020-06-21T11:38:34","modified_gmt":"2020-06-21T09:38:34","slug":"il-continente-in-cui-piu-africani-sono-vittime-di-razzismo-e-lafrica","status":"publish","type":"post","link":"https:\/\/www.rassegnastampa-totustuus.it\/cattolica\/il-continente-in-cui-piu-africani-sono-vittime-di-razzismo-e-lafrica\/","title":{"rendered":"Il continente in cui pi\u00f9 africani sono vittime di razzismo \u00e8\u2026 l\u2019Africa"},"content":{"rendered":"<p style=\"text-align: center;\"><strong><a href=\"https:\/\/www.rassegnastampa-totustuus.it\/cattolica\/wp-content\/uploads\/2020\/06\/Africa_violenza.jpg\"><img loading=\"lazy\" decoding=\"async\" class=\"size-full wp-image-47609 alignleft\" src=\"https:\/\/www.rassegnastampa-totustuus.it\/cattolica\/wp-content\/uploads\/2020\/06\/Africa_violenza.jpg\" alt=\"\" width=\"298\" height=\"169\" \/><\/a>Atlantico<\/strong> 19 Giugno 2020<\/p>\n<p style=\"text-align: justify;\"><em>L\u2019ipocrisia dei funzionari africani dell\u2019Onu che puntano il dito contro gli Usa, mentre sanno che in Africa il razzismo, istituzionalizzato, si esercita, e nel modo pi\u00f9 doloroso, in tutte le sue accezioni. I diritti sono in parte determinati dallo status sociale, a sua volta definito da fattori ascritti: il sesso, l\u2019et\u00e0, oltre che la comunit\u00e0 di nascita. Lo status di donne e bambini \u00e8 inferiore a quello degli uomini <\/em><\/p>\n<p style=\"text-align: center;\">di <strong>Anna Bono<\/strong><\/p>\n<p><!--more--><\/p>\n<p style=\"text-align: justify;\">Il 14 giugno 22 alti funzionari delle Nazioni Unite hanno scritto una lettera per esprimere la loro indignazione per il razzismo che continua a pervadere gli Stati Uniti e il mondo. \u201cDobbiamo a George Floyd e a tutte le vittime della discriminazione razziale e della brutalit\u00e0 della polizia di abbattere le istituzioni razziste \u2013 si legge nel testo dai toni ieratici, in cui Floyd \u00e8 descritto come \u201cun mite gigante che lotta disperatamente per la vita\u201d \u2013 \u00e8 nostro dovere parlare per chi non ha voce e pretendere risposte concrete che consentano di lottare contro il razzismo, una piaga globale persistente nei secoli\u201d.<\/p>\n<p style=\"text-align: justify;\"><a href=\"https:\/\/www.rassegnastampa-totustuus.it\/cattolica\/wp-content\/uploads\/2020\/06\/Usa_razzismo.jpg\"><img loading=\"lazy\" decoding=\"async\" class=\"size-full wp-image-47610 alignright\" src=\"https:\/\/www.rassegnastampa-totustuus.it\/cattolica\/wp-content\/uploads\/2020\/06\/Usa_razzismo.jpg\" alt=\"\" width=\"299\" height=\"168\" \/><\/a>Gli autori della lettera affermano che l\u2019Onu deve fare di pi\u00f9 per rimuovere \u201cl\u2019onta del razzismo sull\u2019umanit\u00e0: non si dir\u00e0 mai abbastanza del profondo trauma e delle sofferenze intergenerazionali derivanti dall\u2019ingiustizia razziale perpetrata nei secoli in particolare contro le persone di origine africana. Limitarsi a condannare le espressioni e gli atti di razzismo non \u00e8 abbastanza. Dobbiamo andare oltre e fare di pi\u00f9\u201d.<\/p>\n<p style=\"text-align: justify;\">Si pu\u00f2 eccepire in merito al linguaggio usato, dissentire da alcune affermazioni, ma non dalla sostanza del messaggio: il razzismo, nell\u2019uso estensivo del termine che include qualsiasi discriminazione e ingiustizia basate su pregiudizi, \u00e8 davvero una piaga, fa torto all\u2019umanit\u00e0 e la umilia.<\/p>\n<p style=\"text-align: justify;\"><a href=\"https:\/\/www.rassegnastampa-totustuus.it\/cattolica\/wp-content\/uploads\/2019\/08\/Africa.jpg\"><img loading=\"lazy\" decoding=\"async\" class=\"size-full wp-image-44062 alignleft\" src=\"https:\/\/www.rassegnastampa-totustuus.it\/cattolica\/wp-content\/uploads\/2019\/08\/Africa.jpg\" alt=\"\" width=\"276\" height=\"183\" \/><\/a>Per\u00f2 i 22 alti funzionari Onu che hanno firmato la lettera sono tutti africani e sarebbero stati credibili se, dimostrando senso di dignit\u00e0 e preoccupazione autentica, invece di puntare il dito contro \u201cgli Stati Uniti e il mondo\u201d, avessero ammesso che anche nel loro continente, i loro connazionali devono impegnarsi ad abbattere le istituzioni razziste: gli africani sono tra i pi\u00f9 accaniti difensori addirittura del diritto di discriminare, ragione per cui l\u2019Africa nei secoli \u00e8 stata devastata dal tribalismo e lo \u00e8 tuttora nello scontro politico spesso spietato ed estremo, fino al genocidio.<\/p>\n<p style=\"text-align: justify;\">Ostilit\u00e0, diffidenza, disprezzo oppongono famiglie, lignaggi, clan, trib\u00f9, l\u2019appartenenza per nascita \u00e8 definitiva, l\u2019identit\u00e0 individuale e collettiva si completano nella distanza sociale e nell\u2019esclusione. Poich\u00e9 si stenta a riconoscere l\u2019esistenza di diritti universali, in Africa i diritti ancora sono in parte determinati dallo status sociale, a sua volta definito da fattori ascritti: il sesso, l\u2019et\u00e0, oltre che la comunit\u00e0 di nascita.<\/p>\n<p style=\"text-align: justify;\"><a href=\"https:\/\/www.rassegnastampa-totustuus.it\/cattolica\/wp-content\/uploads\/2020\/06\/Africa_donne_violenza.jpg\"><img loading=\"lazy\" decoding=\"async\" class=\"size-medium wp-image-47611 alignright\" src=\"https:\/\/www.rassegnastampa-totustuus.it\/cattolica\/wp-content\/uploads\/2020\/06\/Africa_donne_violenza.jpg\" alt=\"\" width=\"299\" height=\"168\" \/><\/a>Lo status di donne e bambini \u00e8 inferiore a quello degli uomini. Ne deriva che la loro vita e la loro volont\u00e0 sono tenute in minor conto. Per questo sopravvivono, ostinatamente praticate, istituzioni nate per disporre della loro esistenza in funzione del bene collettivo, cos\u00ec come veniva inteso e tutelato nelle societ\u00e0 tribali basate su economie di sussistenza: lavoro minorile, matrimoni combinati, matrimoni precoci, prezzo della sposa, mutilazioni genitali femminili\u2026<\/p>\n<p style=\"text-align: justify;\">In Africa il razzismo, istituzionalizzato, si esercita in tutte le sue accezioni. Cos\u00ec il posto al mondo in cui pi\u00f9 africani sono vittime di razzismo, e nel modo pi\u00f9 doloroso, \u00e8 proprio l\u2019Africa. Gli alti funzionari Onu della lettera contro il razzismo lo sanno: in particolare Adama Dieng, che \u00e8 consigliere particolare del segretario generale dell\u2019Onu per la prevenzione dei genocidi; Kingsley Mamabolo, capo <a href=\"https:\/\/www.rassegnastampa-totustuus.it\/cattolica\/wp-content\/uploads\/2020\/06\/Africa_violenza_guerra.jpg\"><img loading=\"lazy\" decoding=\"async\" class=\"size-medium wp-image-47612 alignleft\" src=\"https:\/\/www.rassegnastampa-totustuus.it\/cattolica\/wp-content\/uploads\/2020\/06\/Africa_violenza_guerra.jpg\" alt=\"\" width=\"298\" height=\"169\" \/><\/a>delle operazioni Onu nel Darfur, dove la conflittualit\u00e0 tribale ha decimato la popolazione; Mankeur Ndiaye, rappresentante speciale del segretario generale Onu per la Repubblica Centrafricana, dove lo scontro etnico-religioso esploso nel 2012 ha rischiato di trasformarsi in pulizia etnica; Leila Zerrougui, capo della\u00a0<em>Monusco<\/em>, l\u2019interminabile, e apparentemente inutile, missione Onu di\u00a0<em>peacekeeping<\/em>\u00a0nella Repubblica democratica del Congo, dove i delitti coloniali di cui \u00e8 accusato re Leopoldo del Belgio impallidiscono al confronto dei massacri e delle violenze attuali; e ancora, Phumzile Mlambo-Ngcuka, direttore esecutivo di UN Donne.<\/p>\n<p style=\"text-align: justify;\">Quanto alla brutalit\u00e0 delle forze dell\u2019ordine, non c\u2019\u00e8 stato africano in cui i cittadini si sentano al sicuro. Gli alti funzionari dell\u2019Onu sanno anche questo.<\/p>\n<p style=\"text-align: justify;\"><a href=\"https:\/\/www.rassegnastampa-totustuus.it\/cattolica\/wp-content\/uploads\/2020\/06\/Africa_violenza-1.jpg\"><img loading=\"lazy\" decoding=\"async\" class=\"size-full wp-image-47613 alignright\" src=\"https:\/\/www.rassegnastampa-totustuus.it\/cattolica\/wp-content\/uploads\/2020\/06\/Africa_violenza-1.jpg\" alt=\"\" width=\"263\" height=\"192\" \/><\/a>Uno dei firmatari \u00e8 Zainab Hawa Bangura, direttore generale dell\u2019ufficio Onu in Kenya. Proprio in Kenya, da quando il 25 marzo il governo ha adottato misure per contenere l\u2019epidemia, la polizia ha ucciso 15 persone e ne ha ferite 31 a colpi di arma da fuoco: per far rispettare il coprifuoco ha sparato ad altezza d\u2019uomo.<\/p>\n<p style=\"text-align: justify;\">Sempre in Kenya, l\u2019agenzia di stampa\u00a0<em>The New Humanitarian<\/em>\u00a0il 16 giugno ha pubblicato un reportage intitolato\u00a0<em>\u201cI civili nel nord est colpiti sia dai jihadisti che dallo stato\u201d<\/em>. L\u2019articolo inizia riportando la testimonianza di una donna: \u201cMio marito \u00e8 stato ucciso dagli\u00a0<em>al-Shabab<\/em>\u00a0(jihadisti somali,\u00a0<em>ndr<\/em>), mio cognato dalle forze di sicurezza. Siamo vittime di entrambi\u201d.<\/p>\n<p style=\"text-align: justify;\"><a href=\"https:\/\/www.rassegnastampa-totustuus.it\/cattolica\/wp-content\/uploads\/2020\/06\/Africa_razzismo.jpg\"><img loading=\"lazy\" decoding=\"async\" class=\"size-full wp-image-47614 alignleft\" src=\"https:\/\/www.rassegnastampa-totustuus.it\/cattolica\/wp-content\/uploads\/2020\/06\/Africa_razzismo.jpg\" alt=\"\" width=\"281\" height=\"180\" \/><\/a>Il reportage prosegue spiegando che la gente ha paura del governo, da anni denuncia violenze da parte delle forse di sicurezza. Una inchiesta condotta nel 2016 nel Wajir, al confine con la Somalia, ha scoperto che, a partire dal 2015, 34 persone, tra cui due donne, erano scomparse ed erano stati rinvenuti i cadaveri di almeno 11 persone: tutte erano state viste per l\u2019ultima volta mentre erano sotto custodia della polizia.<\/p>\n<p style=\"text-align: justify;\">Da allora sequestri e omicidi sono continuati. Tra le vittime della polizia che in Kenya ha ucciso per far rispettare il coprifuoco c\u2019\u00e8 anche un bambino di 13 anni, Yassin Hussein Moyo, colpito a morte nella capitale Nairobi.<\/p>\n<p style=\"text-align: justify;\">Nessuno in Africa si \u00e8 inginocchiato per piangere il piccolo Yassin o altre vittime della brutalit\u00e0 delle forze di sicurezza e per invocare giustizia.<\/p>\n","protected":false},"excerpt":{"rendered":"<p>Atlantico 19 Giugno 2020 L\u2019ipocrisia dei funzionari africani dell\u2019Onu che puntano il dito contro gli Usa, mentre sanno che in Africa il razzismo, istituzionalizzato, si esercita, e nel modo pi\u00f9 doloroso, in tutte le sue accezioni. I diritti sono in parte determinati dallo status sociale, a sua volta definito da fattori ascritti: il sesso, l\u2019et\u00e0, &hellip; <\/p>\n<p><a class=\"more-link btn\" href=\"https:\/\/www.rassegnastampa-totustuus.it\/cattolica\/il-continente-in-cui-piu-africani-sono-vittime-di-razzismo-e-lafrica\/\">Continua a leggere<\/a><\/p>\n","protected":false},"author":6,"featured_media":47615,"comment_status":"closed","ping_status":"closed","sticky":false,"template":"","format":"standard","meta":{"footnotes":""},"categories":[39],"tags":[2393,585],"class_list":["post-47608","post","type-post","status-publish","format-standard","has-post-thumbnail","hentry","category-africa","tag-africa","tag-razzismo-2","item-wrap"],"yoast_head":"<!-- This site is optimized with the Yoast SEO plugin v27.5 - https:\/\/yoast.com\/product\/yoast-seo-wordpress\/ -->\n<title>Il continente in cui pi\u00f9 africani sono vittime di razzismo \u00e8\u2026 l\u2019Africa - Rassegna Stampa Cattolica<\/title>\n<meta name=\"description\" content=\"Rassegna Stampa Cattolica - Per una cultura che nasce dalla Rivelazione cristiana in conformit\u00e0 alla tradizione e al Magistero della Chiesa in opposizione ad ogni relativismo e totalitarismo\" \/>\n<meta name=\"robots\" content=\"index, follow, max-snippet:-1, max-image-preview:large, max-video-preview:-1\" \/>\n<link rel=\"canonical\" href=\"https:\/\/www.rassegnastampa-totustuus.it\/cattolica\/il-continente-in-cui-piu-africani-sono-vittime-di-razzismo-e-lafrica\/\" \/>\n<meta property=\"og:locale\" content=\"it_IT\" \/>\n<meta property=\"og:type\" content=\"article\" \/>\n<meta property=\"og:title\" content=\"Il continente in cui pi\u00f9 africani sono vittime di razzismo \u00e8\u2026 l\u2019Africa - Rassegna Stampa Cattolica\" \/>\n<meta property=\"og:description\" content=\"Rassegna Stampa Cattolica - Per una cultura che nasce dalla Rivelazione cristiana in conformit\u00e0 alla tradizione e al Magistero della Chiesa in opposizione ad ogni relativismo e totalitarismo\" \/>\n<meta property=\"og:url\" content=\"https:\/\/www.rassegnastampa-totustuus.it\/cattolica\/il-continente-in-cui-piu-africani-sono-vittime-di-razzismo-e-lafrica\/\" \/>\n<meta property=\"og:site_name\" content=\"Rassegna Stampa Cattolica\" \/>\n<meta property=\"article:publisher\" content=\"https:\/\/www.facebook.com\/rassegnastampacattolica\" \/>\n<meta property=\"article:published_time\" content=\"2020-06-24T22:00:14+00:00\" \/>\n<meta property=\"og:image\" content=\"https:\/\/www.rassegnastampa-totustuus.it\/cattolica\/wp-content\/uploads\/2020\/06\/Africa_violenza-2.jpg\" \/>\n\t<meta property=\"og:image:width\" content=\"1280\" \/>\n\t<meta property=\"og:image:height\" content=\"853\" \/>\n\t<meta property=\"og:image:type\" content=\"image\/jpeg\" \/>\n<meta name=\"author\" content=\"Redazione\" \/>\n<meta name=\"twitter:card\" content=\"summary_large_image\" \/>\n<meta name=\"twitter:creator\" content=\"@rassegnastampa9\" \/>\n<meta name=\"twitter:site\" content=\"@rassegnastampa9\" \/>\n<meta name=\"twitter:label1\" content=\"Scritto da\" \/>\n\t<meta name=\"twitter:data1\" content=\"Redazione\" \/>\n\t<meta name=\"twitter:label2\" content=\"Tempo di lettura stimato\" \/>\n\t<meta name=\"twitter:data2\" content=\"5 minuti\" \/>\n<script type=\"application\/ld+json\" class=\"yoast-schema-graph\">{\"@context\":\"https:\\\/\\\/schema.org\",\"@graph\":[{\"@type\":\"Article\",\"@id\":\"https:\\\/\\\/www.rassegnastampa-totustuus.it\\\/cattolica\\\/il-continente-in-cui-piu-africani-sono-vittime-di-razzismo-e-lafrica\\\/#article\",\"isPartOf\":{\"@id\":\"https:\\\/\\\/www.rassegnastampa-totustuus.it\\\/cattolica\\\/il-continente-in-cui-piu-africani-sono-vittime-di-razzismo-e-lafrica\\\/\"},\"author\":{\"name\":\"Redazione\",\"@id\":\"https:\\\/\\\/www.rassegnastampa-totustuus.it\\\/cattolica\\\/#\\\/schema\\\/person\\\/08f319d2bd1a0904ad9e2bfb7b15e5c3\"},\"headline\":\"Il continente in cui pi\u00f9 africani sono vittime di razzismo \u00e8\u2026 l\u2019Africa\",\"datePublished\":\"2020-06-24T22:00:14+00:00\",\"mainEntityOfPage\":{\"@id\":\"https:\\\/\\\/www.rassegnastampa-totustuus.it\\\/cattolica\\\/il-continente-in-cui-piu-africani-sono-vittime-di-razzismo-e-lafrica\\\/\"},\"wordCount\":937,\"publisher\":{\"@id\":\"https:\\\/\\\/www.rassegnastampa-totustuus.it\\\/cattolica\\\/#organization\"},\"image\":{\"@id\":\"https:\\\/\\\/www.rassegnastampa-totustuus.it\\\/cattolica\\\/il-continente-in-cui-piu-africani-sono-vittime-di-razzismo-e-lafrica\\\/#primaryimage\"},\"thumbnailUrl\":\"https:\\\/\\\/www.rassegnastampa-totustuus.it\\\/cattolica\\\/wp-content\\\/uploads\\\/2020\\\/06\\\/Africa_violenza-2.jpg\",\"keywords\":[\"Africa\",\"razzismo\"],\"articleSection\":[\"Africa\"],\"inLanguage\":\"it-IT\"},{\"@type\":\"WebPage\",\"@id\":\"https:\\\/\\\/www.rassegnastampa-totustuus.it\\\/cattolica\\\/il-continente-in-cui-piu-africani-sono-vittime-di-razzismo-e-lafrica\\\/\",\"url\":\"https:\\\/\\\/www.rassegnastampa-totustuus.it\\\/cattolica\\\/il-continente-in-cui-piu-africani-sono-vittime-di-razzismo-e-lafrica\\\/\",\"name\":\"Il continente in cui pi\u00f9 africani sono vittime di razzismo \u00e8\u2026 l\u2019Africa - Rassegna Stampa Cattolica\",\"isPartOf\":{\"@id\":\"https:\\\/\\\/www.rassegnastampa-totustuus.it\\\/cattolica\\\/#website\"},\"primaryImageOfPage\":{\"@id\":\"https:\\\/\\\/www.rassegnastampa-totustuus.it\\\/cattolica\\\/il-continente-in-cui-piu-africani-sono-vittime-di-razzismo-e-lafrica\\\/#primaryimage\"},\"image\":{\"@id\":\"https:\\\/\\\/www.rassegnastampa-totustuus.it\\\/cattolica\\\/il-continente-in-cui-piu-africani-sono-vittime-di-razzismo-e-lafrica\\\/#primaryimage\"},\"thumbnailUrl\":\"https:\\\/\\\/www.rassegnastampa-totustuus.it\\\/cattolica\\\/wp-content\\\/uploads\\\/2020\\\/06\\\/Africa_violenza-2.jpg\",\"datePublished\":\"2020-06-24T22:00:14+00:00\",\"description\":\"Rassegna Stampa Cattolica - Per una cultura che nasce dalla Rivelazione cristiana in conformit\u00e0 alla tradizione e al Magistero della Chiesa in opposizione ad ogni relativismo e totalitarismo\",\"breadcrumb\":{\"@id\":\"https:\\\/\\\/www.rassegnastampa-totustuus.it\\\/cattolica\\\/il-continente-in-cui-piu-africani-sono-vittime-di-razzismo-e-lafrica\\\/#breadcrumb\"},\"inLanguage\":\"it-IT\",\"potentialAction\":[{\"@type\":\"ReadAction\",\"target\":[\"https:\\\/\\\/www.rassegnastampa-totustuus.it\\\/cattolica\\\/il-continente-in-cui-piu-africani-sono-vittime-di-razzismo-e-lafrica\\\/\"]}]},{\"@type\":\"ImageObject\",\"inLanguage\":\"it-IT\",\"@id\":\"https:\\\/\\\/www.rassegnastampa-totustuus.it\\\/cattolica\\\/il-continente-in-cui-piu-africani-sono-vittime-di-razzismo-e-lafrica\\\/#primaryimage\",\"url\":\"https:\\\/\\\/www.rassegnastampa-totustuus.it\\\/cattolica\\\/wp-content\\\/uploads\\\/2020\\\/06\\\/Africa_violenza-2.jpg\",\"contentUrl\":\"https:\\\/\\\/www.rassegnastampa-totustuus.it\\\/cattolica\\\/wp-content\\\/uploads\\\/2020\\\/06\\\/Africa_violenza-2.jpg\",\"width\":1280,\"height\":853},{\"@type\":\"BreadcrumbList\",\"@id\":\"https:\\\/\\\/www.rassegnastampa-totustuus.it\\\/cattolica\\\/il-continente-in-cui-piu-africani-sono-vittime-di-razzismo-e-lafrica\\\/#breadcrumb\",\"itemListElement\":[{\"@type\":\"ListItem\",\"position\":1,\"name\":\"Home\",\"item\":\"https:\\\/\\\/www.rassegnastampa-totustuus.it\\\/cattolica\\\/\"},{\"@type\":\"ListItem\",\"position\":2,\"name\":\"Il continente in cui pi\u00f9 africani sono vittime di razzismo \u00e8\u2026 l\u2019Africa\"}]},{\"@type\":\"WebSite\",\"@id\":\"https:\\\/\\\/www.rassegnastampa-totustuus.it\\\/cattolica\\\/#website\",\"url\":\"https:\\\/\\\/www.rassegnastampa-totustuus.it\\\/cattolica\\\/\",\"name\":\"Rassegna Stampa Cattolica\",\"description\":\"Per una cultura che nasce dalla Rivelazione cristiana in conformit\u00e0 alla tradizione e al Magistero della Chiesa in opposizione ad ogni relativismo e totalitarismo\",\"publisher\":{\"@id\":\"https:\\\/\\\/www.rassegnastampa-totustuus.it\\\/cattolica\\\/#organization\"},\"alternateName\":\"Rass. Cattolica\",\"potentialAction\":[{\"@type\":\"SearchAction\",\"target\":{\"@type\":\"EntryPoint\",\"urlTemplate\":\"https:\\\/\\\/www.rassegnastampa-totustuus.it\\\/cattolica\\\/?s={search_term_string}\"},\"query-input\":{\"@type\":\"PropertyValueSpecification\",\"valueRequired\":true,\"valueName\":\"search_term_string\"}}],\"inLanguage\":\"it-IT\"},{\"@type\":\"Organization\",\"@id\":\"https:\\\/\\\/www.rassegnastampa-totustuus.it\\\/cattolica\\\/#organization\",\"name\":\"Rassegna Stampa Cattolica\",\"url\":\"https:\\\/\\\/www.rassegnastampa-totustuus.it\\\/cattolica\\\/\",\"logo\":{\"@type\":\"ImageObject\",\"inLanguage\":\"it-IT\",\"@id\":\"https:\\\/\\\/www.rassegnastampa-totustuus.it\\\/cattolica\\\/#\\\/schema\\\/logo\\\/image\\\/\",\"url\":\"https:\\\/\\\/www.rassegnastampa-totustuus.it\\\/cattolica\\\/wp-content\\\/uploads\\\/2014\\\/04\\\/logo-rassegna1.gif\",\"contentUrl\":\"https:\\\/\\\/www.rassegnastampa-totustuus.it\\\/cattolica\\\/wp-content\\\/uploads\\\/2014\\\/04\\\/logo-rassegna1.gif\",\"width\":600,\"height\":163,\"caption\":\"Rassegna Stampa Cattolica\"},\"image\":{\"@id\":\"https:\\\/\\\/www.rassegnastampa-totustuus.it\\\/cattolica\\\/#\\\/schema\\\/logo\\\/image\\\/\"},\"sameAs\":[\"https:\\\/\\\/www.facebook.com\\\/rassegnastampacattolica\",\"https:\\\/\\\/x.com\\\/rassegnastampa9\"]},{\"@type\":\"Person\",\"@id\":\"https:\\\/\\\/www.rassegnastampa-totustuus.it\\\/cattolica\\\/#\\\/schema\\\/person\\\/08f319d2bd1a0904ad9e2bfb7b15e5c3\",\"name\":\"Redazione\",\"image\":{\"@type\":\"ImageObject\",\"inLanguage\":\"it-IT\",\"@id\":\"https:\\\/\\\/secure.gravatar.com\\\/avatar\\\/2fcdf27c78ea025fbdb44e914cc63c72249ffec9dc8aafd5c82b26240ef3f346?s=96&d=mm&r=g\",\"url\":\"https:\\\/\\\/secure.gravatar.com\\\/avatar\\\/2fcdf27c78ea025fbdb44e914cc63c72249ffec9dc8aafd5c82b26240ef3f346?s=96&d=mm&r=g\",\"contentUrl\":\"https:\\\/\\\/secure.gravatar.com\\\/avatar\\\/2fcdf27c78ea025fbdb44e914cc63c72249ffec9dc8aafd5c82b26240ef3f346?s=96&d=mm&r=g\",\"caption\":\"Redazione\"},\"url\":\"https:\\\/\\\/www.rassegnastampa-totustuus.it\\\/cattolica\\\/author\\\/pietroelle\\\/\"}]}<\/script>\n<!-- \/ Yoast SEO plugin. -->","yoast_head_json":{"title":"Il continente in cui pi\u00f9 africani sono vittime di razzismo \u00e8\u2026 l\u2019Africa - Rassegna Stampa Cattolica","description":"Rassegna Stampa Cattolica - Per una cultura che nasce dalla Rivelazione cristiana in conformit\u00e0 alla tradizione e al Magistero della Chiesa in opposizione ad ogni relativismo e totalitarismo","robots":{"index":"index","follow":"follow","max-snippet":"max-snippet:-1","max-image-preview":"max-image-preview:large","max-video-preview":"max-video-preview:-1"},"canonical":"https:\/\/www.rassegnastampa-totustuus.it\/cattolica\/il-continente-in-cui-piu-africani-sono-vittime-di-razzismo-e-lafrica\/","og_locale":"it_IT","og_type":"article","og_title":"Il continente in cui pi\u00f9 africani sono vittime di razzismo \u00e8\u2026 l\u2019Africa - Rassegna Stampa Cattolica","og_description":"Rassegna Stampa Cattolica - Per una cultura che nasce dalla Rivelazione cristiana in conformit\u00e0 alla tradizione e al Magistero della Chiesa in opposizione ad ogni relativismo e totalitarismo","og_url":"https:\/\/www.rassegnastampa-totustuus.it\/cattolica\/il-continente-in-cui-piu-africani-sono-vittime-di-razzismo-e-lafrica\/","og_site_name":"Rassegna Stampa Cattolica","article_publisher":"https:\/\/www.facebook.com\/rassegnastampacattolica","article_published_time":"2020-06-24T22:00:14+00:00","og_image":[{"width":1280,"height":853,"url":"https:\/\/www.rassegnastampa-totustuus.it\/cattolica\/wp-content\/uploads\/2020\/06\/Africa_violenza-2.jpg","type":"image\/jpeg"}],"author":"Redazione","twitter_card":"summary_large_image","twitter_creator":"@rassegnastampa9","twitter_site":"@rassegnastampa9","twitter_misc":{"Scritto da":"Redazione","Tempo di lettura stimato":"5 minuti"},"schema":{"@context":"https:\/\/schema.org","@graph":[{"@type":"Article","@id":"https:\/\/www.rassegnastampa-totustuus.it\/cattolica\/il-continente-in-cui-piu-africani-sono-vittime-di-razzismo-e-lafrica\/#article","isPartOf":{"@id":"https:\/\/www.rassegnastampa-totustuus.it\/cattolica\/il-continente-in-cui-piu-africani-sono-vittime-di-razzismo-e-lafrica\/"},"author":{"name":"Redazione","@id":"https:\/\/www.rassegnastampa-totustuus.it\/cattolica\/#\/schema\/person\/08f319d2bd1a0904ad9e2bfb7b15e5c3"},"headline":"Il continente in cui pi\u00f9 africani sono vittime di razzismo \u00e8\u2026 l\u2019Africa","datePublished":"2020-06-24T22:00:14+00:00","mainEntityOfPage":{"@id":"https:\/\/www.rassegnastampa-totustuus.it\/cattolica\/il-continente-in-cui-piu-africani-sono-vittime-di-razzismo-e-lafrica\/"},"wordCount":937,"publisher":{"@id":"https:\/\/www.rassegnastampa-totustuus.it\/cattolica\/#organization"},"image":{"@id":"https:\/\/www.rassegnastampa-totustuus.it\/cattolica\/il-continente-in-cui-piu-africani-sono-vittime-di-razzismo-e-lafrica\/#primaryimage"},"thumbnailUrl":"https:\/\/www.rassegnastampa-totustuus.it\/cattolica\/wp-content\/uploads\/2020\/06\/Africa_violenza-2.jpg","keywords":["Africa","razzismo"],"articleSection":["Africa"],"inLanguage":"it-IT"},{"@type":"WebPage","@id":"https:\/\/www.rassegnastampa-totustuus.it\/cattolica\/il-continente-in-cui-piu-africani-sono-vittime-di-razzismo-e-lafrica\/","url":"https:\/\/www.rassegnastampa-totustuus.it\/cattolica\/il-continente-in-cui-piu-africani-sono-vittime-di-razzismo-e-lafrica\/","name":"Il continente in cui pi\u00f9 africani sono vittime di razzismo \u00e8\u2026 l\u2019Africa - Rassegna Stampa Cattolica","isPartOf":{"@id":"https:\/\/www.rassegnastampa-totustuus.it\/cattolica\/#website"},"primaryImageOfPage":{"@id":"https:\/\/www.rassegnastampa-totustuus.it\/cattolica\/il-continente-in-cui-piu-africani-sono-vittime-di-razzismo-e-lafrica\/#primaryimage"},"image":{"@id":"https:\/\/www.rassegnastampa-totustuus.it\/cattolica\/il-continente-in-cui-piu-africani-sono-vittime-di-razzismo-e-lafrica\/#primaryimage"},"thumbnailUrl":"https:\/\/www.rassegnastampa-totustuus.it\/cattolica\/wp-content\/uploads\/2020\/06\/Africa_violenza-2.jpg","datePublished":"2020-06-24T22:00:14+00:00","description":"Rassegna Stampa Cattolica - Per una cultura che nasce dalla Rivelazione cristiana in conformit\u00e0 alla tradizione e al Magistero della Chiesa in opposizione ad ogni relativismo e totalitarismo","breadcrumb":{"@id":"https:\/\/www.rassegnastampa-totustuus.it\/cattolica\/il-continente-in-cui-piu-africani-sono-vittime-di-razzismo-e-lafrica\/#breadcrumb"},"inLanguage":"it-IT","potentialAction":[{"@type":"ReadAction","target":["https:\/\/www.rassegnastampa-totustuus.it\/cattolica\/il-continente-in-cui-piu-africani-sono-vittime-di-razzismo-e-lafrica\/"]}]},{"@type":"ImageObject","inLanguage":"it-IT","@id":"https:\/\/www.rassegnastampa-totustuus.it\/cattolica\/il-continente-in-cui-piu-africani-sono-vittime-di-razzismo-e-lafrica\/#primaryimage","url":"https:\/\/www.rassegnastampa-totustuus.it\/cattolica\/wp-content\/uploads\/2020\/06\/Africa_violenza-2.jpg","contentUrl":"https:\/\/www.rassegnastampa-totustuus.it\/cattolica\/wp-content\/uploads\/2020\/06\/Africa_violenza-2.jpg","width":1280,"height":853},{"@type":"BreadcrumbList","@id":"https:\/\/www.rassegnastampa-totustuus.it\/cattolica\/il-continente-in-cui-piu-africani-sono-vittime-di-razzismo-e-lafrica\/#breadcrumb","itemListElement":[{"@type":"ListItem","position":1,"name":"Home","item":"https:\/\/www.rassegnastampa-totustuus.it\/cattolica\/"},{"@type":"ListItem","position":2,"name":"Il continente in cui pi\u00f9 africani sono vittime di razzismo \u00e8\u2026 l\u2019Africa"}]},{"@type":"WebSite","@id":"https:\/\/www.rassegnastampa-totustuus.it\/cattolica\/#website","url":"https:\/\/www.rassegnastampa-totustuus.it\/cattolica\/","name":"Rassegna Stampa Cattolica","description":"Per una cultura che nasce dalla Rivelazione cristiana in conformit\u00e0 alla tradizione e al Magistero della Chiesa in opposizione ad ogni relativismo e totalitarismo","publisher":{"@id":"https:\/\/www.rassegnastampa-totustuus.it\/cattolica\/#organization"},"alternateName":"Rass. Cattolica","potentialAction":[{"@type":"SearchAction","target":{"@type":"EntryPoint","urlTemplate":"https:\/\/www.rassegnastampa-totustuus.it\/cattolica\/?s={search_term_string}"},"query-input":{"@type":"PropertyValueSpecification","valueRequired":true,"valueName":"search_term_string"}}],"inLanguage":"it-IT"},{"@type":"Organization","@id":"https:\/\/www.rassegnastampa-totustuus.it\/cattolica\/#organization","name":"Rassegna Stampa Cattolica","url":"https:\/\/www.rassegnastampa-totustuus.it\/cattolica\/","logo":{"@type":"ImageObject","inLanguage":"it-IT","@id":"https:\/\/www.rassegnastampa-totustuus.it\/cattolica\/#\/schema\/logo\/image\/","url":"https:\/\/www.rassegnastampa-totustuus.it\/cattolica\/wp-content\/uploads\/2014\/04\/logo-rassegna1.gif","contentUrl":"https:\/\/www.rassegnastampa-totustuus.it\/cattolica\/wp-content\/uploads\/2014\/04\/logo-rassegna1.gif","width":600,"height":163,"caption":"Rassegna Stampa Cattolica"},"image":{"@id":"https:\/\/www.rassegnastampa-totustuus.it\/cattolica\/#\/schema\/logo\/image\/"},"sameAs":["https:\/\/www.facebook.com\/rassegnastampacattolica","https:\/\/x.com\/rassegnastampa9"]},{"@type":"Person","@id":"https:\/\/www.rassegnastampa-totustuus.it\/cattolica\/#\/schema\/person\/08f319d2bd1a0904ad9e2bfb7b15e5c3","name":"Redazione","image":{"@type":"ImageObject","inLanguage":"it-IT","@id":"https:\/\/secure.gravatar.com\/avatar\/2fcdf27c78ea025fbdb44e914cc63c72249ffec9dc8aafd5c82b26240ef3f346?s=96&d=mm&r=g","url":"https:\/\/secure.gravatar.com\/avatar\/2fcdf27c78ea025fbdb44e914cc63c72249ffec9dc8aafd5c82b26240ef3f346?s=96&d=mm&r=g","contentUrl":"https:\/\/secure.gravatar.com\/avatar\/2fcdf27c78ea025fbdb44e914cc63c72249ffec9dc8aafd5c82b26240ef3f346?s=96&d=mm&r=g","caption":"Redazione"},"url":"https:\/\/www.rassegnastampa-totustuus.it\/cattolica\/author\/pietroelle\/"}]}},"_links":{"self":[{"href":"https:\/\/www.rassegnastampa-totustuus.it\/cattolica\/wp-json\/wp\/v2\/posts\/47608","targetHints":{"allow":["GET"]}}],"collection":[{"href":"https:\/\/www.rassegnastampa-totustuus.it\/cattolica\/wp-json\/wp\/v2\/posts"}],"about":[{"href":"https:\/\/www.rassegnastampa-totustuus.it\/cattolica\/wp-json\/wp\/v2\/types\/post"}],"author":[{"embeddable":true,"href":"https:\/\/www.rassegnastampa-totustuus.it\/cattolica\/wp-json\/wp\/v2\/users\/6"}],"replies":[{"embeddable":true,"href":"https:\/\/www.rassegnastampa-totustuus.it\/cattolica\/wp-json\/wp\/v2\/comments?post=47608"}],"version-history":[{"count":1,"href":"https:\/\/www.rassegnastampa-totustuus.it\/cattolica\/wp-json\/wp\/v2\/posts\/47608\/revisions"}],"predecessor-version":[{"id":47616,"href":"https:\/\/www.rassegnastampa-totustuus.it\/cattolica\/wp-json\/wp\/v2\/posts\/47608\/revisions\/47616"}],"wp:featuredmedia":[{"embeddable":true,"href":"https:\/\/www.rassegnastampa-totustuus.it\/cattolica\/wp-json\/wp\/v2\/media\/47615"}],"wp:attachment":[{"href":"https:\/\/www.rassegnastampa-totustuus.it\/cattolica\/wp-json\/wp\/v2\/media?parent=47608"}],"wp:term":[{"taxonomy":"category","embeddable":true,"href":"https:\/\/www.rassegnastampa-totustuus.it\/cattolica\/wp-json\/wp\/v2\/categories?post=47608"},{"taxonomy":"post_tag","embeddable":true,"href":"https:\/\/www.rassegnastampa-totustuus.it\/cattolica\/wp-json\/wp\/v2\/tags?post=47608"}],"curies":[{"name":"wp","href":"https:\/\/api.w.org\/{rel}","templated":true}]}}