{"id":47603,"date":"2020-06-25T00:00:33","date_gmt":"2020-06-24T22:00:33","guid":{"rendered":"http:\/\/www.rassegnastampa-totustuus.it\/cattolica\/?p=47603"},"modified":"2020-06-21T10:55:15","modified_gmt":"2020-06-21T08:55:15","slug":"la-liberta-il-pesante-fardello-dellessere-uomini-a-proposito-del-grande-inquisitore","status":"publish","type":"post","link":"https:\/\/www.rassegnastampa-totustuus.it\/cattolica\/la-liberta-il-pesante-fardello-dellessere-uomini-a-proposito-del-grande-inquisitore\/","title":{"rendered":"La libert\u00e0: il pesante fardello dell\u2019essere uomini. A proposito del Grande Inquisitore"},"content":{"rendered":"<p style=\"text-align: center;\"><a href=\"https:\/\/www.rassegnastampa-totustuus.it\/cattolica\/wp-content\/uploads\/2020\/06\/Dostojevsky_cover.jpg\"><img loading=\"lazy\" decoding=\"async\" class=\"size-full wp-image-47604 alignright\" src=\"https:\/\/www.rassegnastampa-totustuus.it\/cattolica\/wp-content\/uploads\/2020\/06\/Dostojevsky_cover.jpg\" alt=\"\" width=\"248\" height=\"203\" \/><\/a>Dal blog di <strong><a href=\"https:\/\/www.danilobreschi.com\/\" target=\"_blank\" rel=\"noopener noreferrer\">Danilo Breschi<\/a><\/strong> 20 Giugno 2020<\/p>\n<p style=\"text-align: center;\">di <strong>Carlo Marsonet <\/strong><\/p>\n<p style=\"text-align: justify;\">Tra i molteplici pregi che hanno i classici della letteratura vi \u00e8 anche quello di non essere semplicemente opere di narrativa. Essi racchiudono riflessioni che possono abbracciare molteplici campi del sapere e, in tal modo, fornire insegnamenti stratificati.<\/p>\n<p><!--more--><\/p>\n<p style=\"text-align: justify;\">Del resto, a ben guardare, siamo noi contemporanei che tendiamo a separare rigidamente i settori disciplinari, come se la conoscenza si lasciasse imbrigliare in ottusi schemi e non fosse qualcosa che, al contrario, travalica i confini ad essa posti dall\u2019uomo. <em>Il Grande Inquisitore<\/em>\u00a0di F\u00ebdor Dostoevskij (1821-1881) rispetta plasticamente quanto sopra detto. E\u00a0<a href=\"https:\/\/www.ibs.it\/leggenda-del-grande-inquisitore-libro-fedor-dostoevskij\/e\/9788893730372?inventoryId=220681449\" target=\"_blank\" rel=\"noreferrer noopener\">l\u2019edizione curata e introdotta da Danilo Breschi<\/a> per le <a href=\"http:\/\/www.sanleolino.org\/hcm\/hcm52425-0-La_leggenda_del_Grande_Inquisitore.html\" target=\"_blank\" rel=\"noreferrer noopener\">Edizioni Feeria \u2013 Comunit\u00e0 di San Leolino (2020, pp. 94, \u20ac 10)<\/a> lo dimostra con profondit\u00e0 e acume.<\/p>\n<p style=\"text-align: justify;\"><a href=\"https:\/\/www.rassegnastampa-totustuus.it\/cattolica\/wp-content\/uploads\/2015\/04\/Fedor_Dostoevskij.jpg\"><img loading=\"lazy\" decoding=\"async\" class=\" wp-image-22774 alignleft\" src=\"https:\/\/www.rassegnastampa-totustuus.it\/cattolica\/wp-content\/uploads\/2015\/04\/Fedor_Dostoevskij-237x300.jpg\" alt=\"\" width=\"190\" height=\"241\" srcset=\"https:\/\/www.rassegnastampa-totustuus.it\/cattolica\/wp-content\/uploads\/2015\/04\/Fedor_Dostoevskij-237x300.jpg 237w, https:\/\/www.rassegnastampa-totustuus.it\/cattolica\/wp-content\/uploads\/2015\/04\/Fedor_Dostoevskij.jpg 305w\" sizes=\"auto, (max-width: 190px) 100vw, 190px\" \/><\/a>Infatti, si tratta di un testo che, pur nella sua brevit\u00e0 \u2013 si noti che esso costituisce il capitolo V del V libro de <em>I fratelli Karamazov<\/em> (1880): l\u2019edizione introdotta e curata dallo storico delle dottrine politiche toscano \u00e8, inoltre, arricchita dalla conclusione del capitolo II (<em>Smerdjakov suona la chitarra<\/em>), dal capitolo III (<em>I fratelli fanno conoscenza<\/em>) nonch\u00e9 dal capitolo IV (<em>Ribellione<\/em>) al fine di immergere pienamente dentro la vicenda il lettore \u2013 \u00e8 impregnato di un\u2019impressionante quantit\u00e0 di onerosi problemi per l\u2019uomo: il fulcro \u00e8 rappresentato dal tema della libert\u00e0 nei suoi ramificati (e complicati) rapporti con la fede, la servit\u00f9, il potere, la felicit\u00e0, la sicurezza (fisica e materiale).<\/p>\n<p style=\"text-align: justify;\">Si spazia, in altre parole, dalla filosofia morale alla teoria politica, dall\u2019antropologia alla sociologia, fino ad arrivare, com\u2019\u00e8 evidente, al tema della teodicea: un vero e proprio \u2013 seppur modesto nelle dimensioni \u2013 trattato sulla natura umana. La densa e precisa introduzione di Breschi costituisce, in tal senso, un imprescindibile strumento orientativo per l\u2019interpretazione e la comprensione del testo.<\/p>\n<p style=\"text-align: justify;\"><a href=\"https:\/\/www.rassegnastampa-totustuus.it\/cattolica\/wp-content\/uploads\/2019\/07\/massone_inquisitore_Dostoevskij.jpg\"><img loading=\"lazy\" decoding=\"async\" class=\"size-full wp-image-43515 alignright\" src=\"https:\/\/www.rassegnastampa-totustuus.it\/cattolica\/wp-content\/uploads\/2019\/07\/massone_inquisitore_Dostoevskij.jpg\" alt=\"\" width=\"275\" height=\"183\" \/><\/a>Il capitolo qui in esame de <em>I fratelli Karamazov<\/em> \u2013 ultimo romanzo dello scrittore russo, pubblicato a puntate, dal gennaio 1879 al novembre 1880, sulla rivista \u00abIl messaggero russo\u00bb \u2013 vede come protagonisti due dei fratelli (della famiglia da cui l\u2019opera trae il nome): il ventitreenne Ivan e il diciannovenne Alioscia.<\/p>\n<p style=\"text-align: justify;\">Il primo \u00e8 ateo e in radicale ostilit\u00e0 col mondo creato da Dio: la libert\u00e0 che \u00e8 stata fatta dono alle creature terrene \u00e8 un peso insopportabilmente gravoso per \u00abun animale selvaggio e cattivo come l\u2019uomo\u00bb (sono parole dello stesso Ivan). Ovunque vi sono ingiustizie e bruttezze, meschinit\u00e0 e sofferenze, tali per cui il giovane e tormentato ateo si ribella a quello che il Signore ha riservato ai suoi figli sulla terra.<\/p>\n<p style=\"text-align: justify;\"><a href=\"https:\/\/www.rassegnastampa-totustuus.it\/cattolica\/wp-content\/uploads\/2005\/01\/Ges\u00f9_icona.jpg\"><img loading=\"lazy\" decoding=\"async\" class=\"size-full wp-image-31467 alignleft\" src=\"https:\/\/www.rassegnastampa-totustuus.it\/cattolica\/wp-content\/uploads\/2005\/01\/Ges\u00f9_icona.jpg\" alt=\"\" width=\"198\" height=\"255\" \/><\/a>Come pu\u00f2 Dio consentire, si chiede ad esempio Ivan, che vi siano cos\u00ec tanti bambini che soffrono? Essi rappresentano la primigenia e assoluta purezza ed Egli, il Misericordioso, lascia che soffrano per colpe di cui i padri soli possono essere imputati. Se cos\u00ec stanno le cose, allora, Ivan rifiuta categoricamente il biglietto per l\u2019aldil\u00e0: non ne vale il prezzo richiesto in terra.<\/p>\n<p style=\"text-align: justify;\">Alioscia, monaco novizio, ha trovato invece la pace interiore: ha fede e sa che le sofferenze terrene \u2013 che sono tanto il frutto delle scelte dell\u2019uomo e della sua libert\u00e0, quanto di qualcosa al di fuori del suo controllo: Robert Spaemann direbbe che \u00abl\u2019agire responsabile presuppone sempre una ben definita, limitata responsabilit\u00e0, perci\u00f2 una certa misura di irresponsabilit\u00e0\u00bb \u2013 troveranno armonia e serenit\u00e0 una volta giunta la redenzione finale.<\/p>\n<p style=\"text-align: justify;\">Vi sono disegni che l\u2019uomo pu\u00f2 non comprendere: l\u2019imperscrutabilit\u00e0 degli schemi divini non pu\u00f2 essere dissipata. Comincia cos\u00ec il poema che il pi\u00f9 grande dei due racconta all\u2019altro: <em>Il Grande Inquisitore<\/em>. Si svolge nel sedicesimo secolo, a Siviglia, il giorno dopo che sono stati arsi un centinaio di eretici per ordine del tribunale della Santa Inquisizione. Ges\u00f9 Cristo \u2013 sebbene mai venga esplicitato si tratti di Lui \u2013 torna sulla terra.<\/p>\n<p style=\"text-align: justify;\"><a href=\"https:\/\/www.rassegnastampa-totustuus.it\/cattolica\/wp-content\/uploads\/2020\/06\/Fedor_-Dostojevsky.jpg\"><img loading=\"lazy\" decoding=\"async\" class=\" wp-image-47605 alignright\" src=\"https:\/\/www.rassegnastampa-totustuus.it\/cattolica\/wp-content\/uploads\/2020\/06\/Fedor_-Dostojevsky.jpg\" alt=\"\" width=\"137\" height=\"201\" \/><\/a>Immediatamente la folla accorre rivolgendo richieste, anzi, miracoli: ne compie due. Non appena, per\u00f2, il Grande Inquisitore giunge nella piazza la massa si prostra ai suoi piedi: da esso e dalla Chiesa il popolo trae il pane. Portato in prigione, il cardinale gesuita lo interroga, senza tuttavia avere mai risposta: \u00e8 un monologo, non un dialogo.<\/p>\n<p style=\"text-align: justify;\">Come nota Breschi, \u00ababbiamo qui raffigurati il silenzio del Bene e il rumore del Male. Il Bene tace perch\u00e9 \u201c\u00e8\u201d, \u201csta\u201d, \u00e8 l\u2019Essere in s\u00e9 compiuto. Il Bene non ha bisogno di difendersi, perch\u00e9 ha in se stesso tutta la sua forza. \u00c8 concentrazione, non dissipazione. Invece il Male \u00e8 rumoroso, si agita, perch\u00e9 \u00e8 non-essere, \u00e8 parvenza di essere. Prova a prendere consistenza agitandosi, facendo rumore. Il silenzio \u00e8 anche segno\u00bb.<\/p>\n","protected":false},"excerpt":{"rendered":"<p>Dal blog di Danilo Breschi 20 Giugno 2020 di Carlo Marsonet Tra i molteplici pregi che hanno i classici della letteratura vi \u00e8 anche quello di non essere semplicemente opere di narrativa. Essi racchiudono riflessioni che possono abbracciare molteplici campi del sapere e, in tal modo, fornire insegnamenti stratificati.<\/p><p><a class=\"more-link btn\" href=\"https:\/\/www.rassegnastampa-totustuus.it\/cattolica\/la-liberta-il-pesante-fardello-dellessere-uomini-a-proposito-del-grande-inquisitore\/\">Continua a leggere<\/a><\/p>\n","protected":false},"author":6,"featured_media":47606,"comment_status":"closed","ping_status":"closed","sticky":false,"template":"","format":"standard","meta":{"footnotes":""},"categories":[17],"tags":[767,265],"class_list":["post-47603","post","type-post","status-publish","format-standard","has-post-thumbnail","hentry","category-libri","tag-liberta","tag-libri-2","item-wrap"],"yoast_head":"<!-- This site is optimized with the Yoast SEO plugin v27.5 - https:\/\/yoast.com\/product\/yoast-seo-wordpress\/ -->\n<title>La libert\u00e0: il pesante fardello dell\u2019essere uomini. A proposito del Grande Inquisitore - Rassegna Stampa Cattolica<\/title>\n<meta name=\"description\" content=\"Rassegna Stampa Cattolica - Per una cultura che nasce dalla Rivelazione cristiana in conformit\u00e0 alla tradizione e al Magistero della Chiesa in opposizione ad ogni relativismo e totalitarismo\" \/>\n<meta name=\"robots\" content=\"index, follow, max-snippet:-1, max-image-preview:large, max-video-preview:-1\" \/>\n<link rel=\"canonical\" href=\"https:\/\/www.rassegnastampa-totustuus.it\/cattolica\/la-liberta-il-pesante-fardello-dellessere-uomini-a-proposito-del-grande-inquisitore\/\" \/>\n<meta property=\"og:locale\" content=\"it_IT\" \/>\n<meta property=\"og:type\" content=\"article\" \/>\n<meta property=\"og:title\" content=\"La libert\u00e0: il pesante fardello dell\u2019essere uomini. A proposito del Grande Inquisitore - Rassegna Stampa Cattolica\" \/>\n<meta property=\"og:description\" content=\"Rassegna Stampa Cattolica - Per una cultura che nasce dalla Rivelazione cristiana in conformit\u00e0 alla tradizione e al Magistero della Chiesa in opposizione ad ogni relativismo e totalitarismo\" \/>\n<meta property=\"og:url\" content=\"https:\/\/www.rassegnastampa-totustuus.it\/cattolica\/la-liberta-il-pesante-fardello-dellessere-uomini-a-proposito-del-grande-inquisitore\/\" \/>\n<meta property=\"og:site_name\" content=\"Rassegna Stampa Cattolica\" \/>\n<meta property=\"article:publisher\" content=\"https:\/\/www.facebook.com\/rassegnastampacattolica\" \/>\n<meta property=\"article:published_time\" content=\"2020-06-24T22:00:33+00:00\" \/>\n<meta property=\"og:image\" content=\"https:\/\/www.rassegnastampa-totustuus.it\/cattolica\/wp-content\/uploads\/2020\/06\/Cristo.jpg\" \/>\n\t<meta property=\"og:image:width\" content=\"1280\" \/>\n\t<meta property=\"og:image:height\" content=\"720\" \/>\n\t<meta property=\"og:image:type\" content=\"image\/jpeg\" \/>\n<meta name=\"author\" content=\"Redazione\" \/>\n<meta name=\"twitter:card\" content=\"summary_large_image\" \/>\n<meta name=\"twitter:creator\" content=\"@rassegnastampa9\" \/>\n<meta name=\"twitter:site\" content=\"@rassegnastampa9\" \/>\n<meta name=\"twitter:label1\" content=\"Scritto da\" \/>\n\t<meta name=\"twitter:data1\" content=\"Redazione\" \/>\n\t<meta name=\"twitter:label2\" content=\"Tempo di lettura stimato\" \/>\n\t<meta name=\"twitter:data2\" content=\"4 minuti\" \/>\n<script type=\"application\/ld+json\" class=\"yoast-schema-graph\">{\"@context\":\"https:\\\/\\\/schema.org\",\"@graph\":[{\"@type\":\"Article\",\"@id\":\"https:\\\/\\\/www.rassegnastampa-totustuus.it\\\/cattolica\\\/la-liberta-il-pesante-fardello-dellessere-uomini-a-proposito-del-grande-inquisitore\\\/#article\",\"isPartOf\":{\"@id\":\"https:\\\/\\\/www.rassegnastampa-totustuus.it\\\/cattolica\\\/la-liberta-il-pesante-fardello-dellessere-uomini-a-proposito-del-grande-inquisitore\\\/\"},\"author\":{\"name\":\"Redazione\",\"@id\":\"https:\\\/\\\/www.rassegnastampa-totustuus.it\\\/cattolica\\\/#\\\/schema\\\/person\\\/08f319d2bd1a0904ad9e2bfb7b15e5c3\"},\"headline\":\"La libert\u00e0: il pesante fardello dell\u2019essere uomini. A proposito del Grande Inquisitore\",\"datePublished\":\"2020-06-24T22:00:33+00:00\",\"mainEntityOfPage\":{\"@id\":\"https:\\\/\\\/www.rassegnastampa-totustuus.it\\\/cattolica\\\/la-liberta-il-pesante-fardello-dellessere-uomini-a-proposito-del-grande-inquisitore\\\/\"},\"wordCount\":747,\"publisher\":{\"@id\":\"https:\\\/\\\/www.rassegnastampa-totustuus.it\\\/cattolica\\\/#organization\"},\"image\":{\"@id\":\"https:\\\/\\\/www.rassegnastampa-totustuus.it\\\/cattolica\\\/la-liberta-il-pesante-fardello-dellessere-uomini-a-proposito-del-grande-inquisitore\\\/#primaryimage\"},\"thumbnailUrl\":\"https:\\\/\\\/www.rassegnastampa-totustuus.it\\\/cattolica\\\/wp-content\\\/uploads\\\/2020\\\/06\\\/Cristo.jpg\",\"keywords\":[\"libert\u00e0\",\"libri\"],\"articleSection\":[\"Libri\"],\"inLanguage\":\"it-IT\"},{\"@type\":\"WebPage\",\"@id\":\"https:\\\/\\\/www.rassegnastampa-totustuus.it\\\/cattolica\\\/la-liberta-il-pesante-fardello-dellessere-uomini-a-proposito-del-grande-inquisitore\\\/\",\"url\":\"https:\\\/\\\/www.rassegnastampa-totustuus.it\\\/cattolica\\\/la-liberta-il-pesante-fardello-dellessere-uomini-a-proposito-del-grande-inquisitore\\\/\",\"name\":\"La libert\u00e0: il pesante fardello dell\u2019essere uomini. A proposito del Grande Inquisitore - Rassegna Stampa Cattolica\",\"isPartOf\":{\"@id\":\"https:\\\/\\\/www.rassegnastampa-totustuus.it\\\/cattolica\\\/#website\"},\"primaryImageOfPage\":{\"@id\":\"https:\\\/\\\/www.rassegnastampa-totustuus.it\\\/cattolica\\\/la-liberta-il-pesante-fardello-dellessere-uomini-a-proposito-del-grande-inquisitore\\\/#primaryimage\"},\"image\":{\"@id\":\"https:\\\/\\\/www.rassegnastampa-totustuus.it\\\/cattolica\\\/la-liberta-il-pesante-fardello-dellessere-uomini-a-proposito-del-grande-inquisitore\\\/#primaryimage\"},\"thumbnailUrl\":\"https:\\\/\\\/www.rassegnastampa-totustuus.it\\\/cattolica\\\/wp-content\\\/uploads\\\/2020\\\/06\\\/Cristo.jpg\",\"datePublished\":\"2020-06-24T22:00:33+00:00\",\"description\":\"Rassegna Stampa Cattolica - Per una cultura che nasce dalla Rivelazione cristiana in conformit\u00e0 alla tradizione e al Magistero della Chiesa in opposizione ad ogni relativismo e totalitarismo\",\"breadcrumb\":{\"@id\":\"https:\\\/\\\/www.rassegnastampa-totustuus.it\\\/cattolica\\\/la-liberta-il-pesante-fardello-dellessere-uomini-a-proposito-del-grande-inquisitore\\\/#breadcrumb\"},\"inLanguage\":\"it-IT\",\"potentialAction\":[{\"@type\":\"ReadAction\",\"target\":[\"https:\\\/\\\/www.rassegnastampa-totustuus.it\\\/cattolica\\\/la-liberta-il-pesante-fardello-dellessere-uomini-a-proposito-del-grande-inquisitore\\\/\"]}]},{\"@type\":\"ImageObject\",\"inLanguage\":\"it-IT\",\"@id\":\"https:\\\/\\\/www.rassegnastampa-totustuus.it\\\/cattolica\\\/la-liberta-il-pesante-fardello-dellessere-uomini-a-proposito-del-grande-inquisitore\\\/#primaryimage\",\"url\":\"https:\\\/\\\/www.rassegnastampa-totustuus.it\\\/cattolica\\\/wp-content\\\/uploads\\\/2020\\\/06\\\/Cristo.jpg\",\"contentUrl\":\"https:\\\/\\\/www.rassegnastampa-totustuus.it\\\/cattolica\\\/wp-content\\\/uploads\\\/2020\\\/06\\\/Cristo.jpg\",\"width\":1280,\"height\":720},{\"@type\":\"BreadcrumbList\",\"@id\":\"https:\\\/\\\/www.rassegnastampa-totustuus.it\\\/cattolica\\\/la-liberta-il-pesante-fardello-dellessere-uomini-a-proposito-del-grande-inquisitore\\\/#breadcrumb\",\"itemListElement\":[{\"@type\":\"ListItem\",\"position\":1,\"name\":\"Home\",\"item\":\"https:\\\/\\\/www.rassegnastampa-totustuus.it\\\/cattolica\\\/\"},{\"@type\":\"ListItem\",\"position\":2,\"name\":\"La libert\u00e0: il pesante fardello dell\u2019essere uomini. A proposito del Grande Inquisitore\"}]},{\"@type\":\"WebSite\",\"@id\":\"https:\\\/\\\/www.rassegnastampa-totustuus.it\\\/cattolica\\\/#website\",\"url\":\"https:\\\/\\\/www.rassegnastampa-totustuus.it\\\/cattolica\\\/\",\"name\":\"Rassegna Stampa Cattolica\",\"description\":\"Per una cultura che nasce dalla Rivelazione cristiana in conformit\u00e0 alla tradizione e al Magistero della Chiesa in opposizione ad ogni relativismo e totalitarismo\",\"publisher\":{\"@id\":\"https:\\\/\\\/www.rassegnastampa-totustuus.it\\\/cattolica\\\/#organization\"},\"alternateName\":\"Rass. Cattolica\",\"potentialAction\":[{\"@type\":\"SearchAction\",\"target\":{\"@type\":\"EntryPoint\",\"urlTemplate\":\"https:\\\/\\\/www.rassegnastampa-totustuus.it\\\/cattolica\\\/?s={search_term_string}\"},\"query-input\":{\"@type\":\"PropertyValueSpecification\",\"valueRequired\":true,\"valueName\":\"search_term_string\"}}],\"inLanguage\":\"it-IT\"},{\"@type\":\"Organization\",\"@id\":\"https:\\\/\\\/www.rassegnastampa-totustuus.it\\\/cattolica\\\/#organization\",\"name\":\"Rassegna Stampa Cattolica\",\"url\":\"https:\\\/\\\/www.rassegnastampa-totustuus.it\\\/cattolica\\\/\",\"logo\":{\"@type\":\"ImageObject\",\"inLanguage\":\"it-IT\",\"@id\":\"https:\\\/\\\/www.rassegnastampa-totustuus.it\\\/cattolica\\\/#\\\/schema\\\/logo\\\/image\\\/\",\"url\":\"https:\\\/\\\/www.rassegnastampa-totustuus.it\\\/cattolica\\\/wp-content\\\/uploads\\\/2014\\\/04\\\/logo-rassegna1.gif\",\"contentUrl\":\"https:\\\/\\\/www.rassegnastampa-totustuus.it\\\/cattolica\\\/wp-content\\\/uploads\\\/2014\\\/04\\\/logo-rassegna1.gif\",\"width\":600,\"height\":163,\"caption\":\"Rassegna Stampa Cattolica\"},\"image\":{\"@id\":\"https:\\\/\\\/www.rassegnastampa-totustuus.it\\\/cattolica\\\/#\\\/schema\\\/logo\\\/image\\\/\"},\"sameAs\":[\"https:\\\/\\\/www.facebook.com\\\/rassegnastampacattolica\",\"https:\\\/\\\/x.com\\\/rassegnastampa9\"]},{\"@type\":\"Person\",\"@id\":\"https:\\\/\\\/www.rassegnastampa-totustuus.it\\\/cattolica\\\/#\\\/schema\\\/person\\\/08f319d2bd1a0904ad9e2bfb7b15e5c3\",\"name\":\"Redazione\",\"image\":{\"@type\":\"ImageObject\",\"inLanguage\":\"it-IT\",\"@id\":\"https:\\\/\\\/secure.gravatar.com\\\/avatar\\\/2fcdf27c78ea025fbdb44e914cc63c72249ffec9dc8aafd5c82b26240ef3f346?s=96&d=mm&r=g\",\"url\":\"https:\\\/\\\/secure.gravatar.com\\\/avatar\\\/2fcdf27c78ea025fbdb44e914cc63c72249ffec9dc8aafd5c82b26240ef3f346?s=96&d=mm&r=g\",\"contentUrl\":\"https:\\\/\\\/secure.gravatar.com\\\/avatar\\\/2fcdf27c78ea025fbdb44e914cc63c72249ffec9dc8aafd5c82b26240ef3f346?s=96&d=mm&r=g\",\"caption\":\"Redazione\"},\"url\":\"https:\\\/\\\/www.rassegnastampa-totustuus.it\\\/cattolica\\\/author\\\/pietroelle\\\/\"}]}<\/script>\n<!-- \/ Yoast SEO plugin. -->","yoast_head_json":{"title":"La libert\u00e0: il pesante fardello dell\u2019essere uomini. A proposito del Grande Inquisitore - Rassegna Stampa Cattolica","description":"Rassegna Stampa Cattolica - Per una cultura che nasce dalla Rivelazione cristiana in conformit\u00e0 alla tradizione e al Magistero della Chiesa in opposizione ad ogni relativismo e totalitarismo","robots":{"index":"index","follow":"follow","max-snippet":"max-snippet:-1","max-image-preview":"max-image-preview:large","max-video-preview":"max-video-preview:-1"},"canonical":"https:\/\/www.rassegnastampa-totustuus.it\/cattolica\/la-liberta-il-pesante-fardello-dellessere-uomini-a-proposito-del-grande-inquisitore\/","og_locale":"it_IT","og_type":"article","og_title":"La libert\u00e0: il pesante fardello dell\u2019essere uomini. A proposito del Grande Inquisitore - Rassegna Stampa Cattolica","og_description":"Rassegna Stampa Cattolica - Per una cultura che nasce dalla Rivelazione cristiana in conformit\u00e0 alla tradizione e al Magistero della Chiesa in opposizione ad ogni relativismo e totalitarismo","og_url":"https:\/\/www.rassegnastampa-totustuus.it\/cattolica\/la-liberta-il-pesante-fardello-dellessere-uomini-a-proposito-del-grande-inquisitore\/","og_site_name":"Rassegna Stampa Cattolica","article_publisher":"https:\/\/www.facebook.com\/rassegnastampacattolica","article_published_time":"2020-06-24T22:00:33+00:00","og_image":[{"width":1280,"height":720,"url":"https:\/\/www.rassegnastampa-totustuus.it\/cattolica\/wp-content\/uploads\/2020\/06\/Cristo.jpg","type":"image\/jpeg"}],"author":"Redazione","twitter_card":"summary_large_image","twitter_creator":"@rassegnastampa9","twitter_site":"@rassegnastampa9","twitter_misc":{"Scritto da":"Redazione","Tempo di lettura stimato":"4 minuti"},"schema":{"@context":"https:\/\/schema.org","@graph":[{"@type":"Article","@id":"https:\/\/www.rassegnastampa-totustuus.it\/cattolica\/la-liberta-il-pesante-fardello-dellessere-uomini-a-proposito-del-grande-inquisitore\/#article","isPartOf":{"@id":"https:\/\/www.rassegnastampa-totustuus.it\/cattolica\/la-liberta-il-pesante-fardello-dellessere-uomini-a-proposito-del-grande-inquisitore\/"},"author":{"name":"Redazione","@id":"https:\/\/www.rassegnastampa-totustuus.it\/cattolica\/#\/schema\/person\/08f319d2bd1a0904ad9e2bfb7b15e5c3"},"headline":"La libert\u00e0: il pesante fardello dell\u2019essere uomini. A proposito del Grande Inquisitore","datePublished":"2020-06-24T22:00:33+00:00","mainEntityOfPage":{"@id":"https:\/\/www.rassegnastampa-totustuus.it\/cattolica\/la-liberta-il-pesante-fardello-dellessere-uomini-a-proposito-del-grande-inquisitore\/"},"wordCount":747,"publisher":{"@id":"https:\/\/www.rassegnastampa-totustuus.it\/cattolica\/#organization"},"image":{"@id":"https:\/\/www.rassegnastampa-totustuus.it\/cattolica\/la-liberta-il-pesante-fardello-dellessere-uomini-a-proposito-del-grande-inquisitore\/#primaryimage"},"thumbnailUrl":"https:\/\/www.rassegnastampa-totustuus.it\/cattolica\/wp-content\/uploads\/2020\/06\/Cristo.jpg","keywords":["libert\u00e0","libri"],"articleSection":["Libri"],"inLanguage":"it-IT"},{"@type":"WebPage","@id":"https:\/\/www.rassegnastampa-totustuus.it\/cattolica\/la-liberta-il-pesante-fardello-dellessere-uomini-a-proposito-del-grande-inquisitore\/","url":"https:\/\/www.rassegnastampa-totustuus.it\/cattolica\/la-liberta-il-pesante-fardello-dellessere-uomini-a-proposito-del-grande-inquisitore\/","name":"La libert\u00e0: il pesante fardello dell\u2019essere uomini. A proposito del Grande Inquisitore - Rassegna Stampa Cattolica","isPartOf":{"@id":"https:\/\/www.rassegnastampa-totustuus.it\/cattolica\/#website"},"primaryImageOfPage":{"@id":"https:\/\/www.rassegnastampa-totustuus.it\/cattolica\/la-liberta-il-pesante-fardello-dellessere-uomini-a-proposito-del-grande-inquisitore\/#primaryimage"},"image":{"@id":"https:\/\/www.rassegnastampa-totustuus.it\/cattolica\/la-liberta-il-pesante-fardello-dellessere-uomini-a-proposito-del-grande-inquisitore\/#primaryimage"},"thumbnailUrl":"https:\/\/www.rassegnastampa-totustuus.it\/cattolica\/wp-content\/uploads\/2020\/06\/Cristo.jpg","datePublished":"2020-06-24T22:00:33+00:00","description":"Rassegna Stampa Cattolica - Per una cultura che nasce dalla Rivelazione cristiana in conformit\u00e0 alla tradizione e al Magistero della Chiesa in opposizione ad ogni relativismo e totalitarismo","breadcrumb":{"@id":"https:\/\/www.rassegnastampa-totustuus.it\/cattolica\/la-liberta-il-pesante-fardello-dellessere-uomini-a-proposito-del-grande-inquisitore\/#breadcrumb"},"inLanguage":"it-IT","potentialAction":[{"@type":"ReadAction","target":["https:\/\/www.rassegnastampa-totustuus.it\/cattolica\/la-liberta-il-pesante-fardello-dellessere-uomini-a-proposito-del-grande-inquisitore\/"]}]},{"@type":"ImageObject","inLanguage":"it-IT","@id":"https:\/\/www.rassegnastampa-totustuus.it\/cattolica\/la-liberta-il-pesante-fardello-dellessere-uomini-a-proposito-del-grande-inquisitore\/#primaryimage","url":"https:\/\/www.rassegnastampa-totustuus.it\/cattolica\/wp-content\/uploads\/2020\/06\/Cristo.jpg","contentUrl":"https:\/\/www.rassegnastampa-totustuus.it\/cattolica\/wp-content\/uploads\/2020\/06\/Cristo.jpg","width":1280,"height":720},{"@type":"BreadcrumbList","@id":"https:\/\/www.rassegnastampa-totustuus.it\/cattolica\/la-liberta-il-pesante-fardello-dellessere-uomini-a-proposito-del-grande-inquisitore\/#breadcrumb","itemListElement":[{"@type":"ListItem","position":1,"name":"Home","item":"https:\/\/www.rassegnastampa-totustuus.it\/cattolica\/"},{"@type":"ListItem","position":2,"name":"La libert\u00e0: il pesante fardello dell\u2019essere uomini. A proposito del Grande Inquisitore"}]},{"@type":"WebSite","@id":"https:\/\/www.rassegnastampa-totustuus.it\/cattolica\/#website","url":"https:\/\/www.rassegnastampa-totustuus.it\/cattolica\/","name":"Rassegna Stampa Cattolica","description":"Per una cultura che nasce dalla Rivelazione cristiana in conformit\u00e0 alla tradizione e al Magistero della Chiesa in opposizione ad ogni relativismo e totalitarismo","publisher":{"@id":"https:\/\/www.rassegnastampa-totustuus.it\/cattolica\/#organization"},"alternateName":"Rass. Cattolica","potentialAction":[{"@type":"SearchAction","target":{"@type":"EntryPoint","urlTemplate":"https:\/\/www.rassegnastampa-totustuus.it\/cattolica\/?s={search_term_string}"},"query-input":{"@type":"PropertyValueSpecification","valueRequired":true,"valueName":"search_term_string"}}],"inLanguage":"it-IT"},{"@type":"Organization","@id":"https:\/\/www.rassegnastampa-totustuus.it\/cattolica\/#organization","name":"Rassegna Stampa Cattolica","url":"https:\/\/www.rassegnastampa-totustuus.it\/cattolica\/","logo":{"@type":"ImageObject","inLanguage":"it-IT","@id":"https:\/\/www.rassegnastampa-totustuus.it\/cattolica\/#\/schema\/logo\/image\/","url":"https:\/\/www.rassegnastampa-totustuus.it\/cattolica\/wp-content\/uploads\/2014\/04\/logo-rassegna1.gif","contentUrl":"https:\/\/www.rassegnastampa-totustuus.it\/cattolica\/wp-content\/uploads\/2014\/04\/logo-rassegna1.gif","width":600,"height":163,"caption":"Rassegna Stampa Cattolica"},"image":{"@id":"https:\/\/www.rassegnastampa-totustuus.it\/cattolica\/#\/schema\/logo\/image\/"},"sameAs":["https:\/\/www.facebook.com\/rassegnastampacattolica","https:\/\/x.com\/rassegnastampa9"]},{"@type":"Person","@id":"https:\/\/www.rassegnastampa-totustuus.it\/cattolica\/#\/schema\/person\/08f319d2bd1a0904ad9e2bfb7b15e5c3","name":"Redazione","image":{"@type":"ImageObject","inLanguage":"it-IT","@id":"https:\/\/secure.gravatar.com\/avatar\/2fcdf27c78ea025fbdb44e914cc63c72249ffec9dc8aafd5c82b26240ef3f346?s=96&d=mm&r=g","url":"https:\/\/secure.gravatar.com\/avatar\/2fcdf27c78ea025fbdb44e914cc63c72249ffec9dc8aafd5c82b26240ef3f346?s=96&d=mm&r=g","contentUrl":"https:\/\/secure.gravatar.com\/avatar\/2fcdf27c78ea025fbdb44e914cc63c72249ffec9dc8aafd5c82b26240ef3f346?s=96&d=mm&r=g","caption":"Redazione"},"url":"https:\/\/www.rassegnastampa-totustuus.it\/cattolica\/author\/pietroelle\/"}]}},"_links":{"self":[{"href":"https:\/\/www.rassegnastampa-totustuus.it\/cattolica\/wp-json\/wp\/v2\/posts\/47603","targetHints":{"allow":["GET"]}}],"collection":[{"href":"https:\/\/www.rassegnastampa-totustuus.it\/cattolica\/wp-json\/wp\/v2\/posts"}],"about":[{"href":"https:\/\/www.rassegnastampa-totustuus.it\/cattolica\/wp-json\/wp\/v2\/types\/post"}],"author":[{"embeddable":true,"href":"https:\/\/www.rassegnastampa-totustuus.it\/cattolica\/wp-json\/wp\/v2\/users\/6"}],"replies":[{"embeddable":true,"href":"https:\/\/www.rassegnastampa-totustuus.it\/cattolica\/wp-json\/wp\/v2\/comments?post=47603"}],"version-history":[{"count":1,"href":"https:\/\/www.rassegnastampa-totustuus.it\/cattolica\/wp-json\/wp\/v2\/posts\/47603\/revisions"}],"predecessor-version":[{"id":47607,"href":"https:\/\/www.rassegnastampa-totustuus.it\/cattolica\/wp-json\/wp\/v2\/posts\/47603\/revisions\/47607"}],"wp:featuredmedia":[{"embeddable":true,"href":"https:\/\/www.rassegnastampa-totustuus.it\/cattolica\/wp-json\/wp\/v2\/media\/47606"}],"wp:attachment":[{"href":"https:\/\/www.rassegnastampa-totustuus.it\/cattolica\/wp-json\/wp\/v2\/media?parent=47603"}],"wp:term":[{"taxonomy":"category","embeddable":true,"href":"https:\/\/www.rassegnastampa-totustuus.it\/cattolica\/wp-json\/wp\/v2\/categories?post=47603"},{"taxonomy":"post_tag","embeddable":true,"href":"https:\/\/www.rassegnastampa-totustuus.it\/cattolica\/wp-json\/wp\/v2\/tags?post=47603"}],"curies":[{"name":"wp","href":"https:\/\/api.w.org\/{rel}","templated":true}]}}