{"id":476,"date":"2005-05-16T00:00:00","date_gmt":"2005-05-15T22:00:00","guid":{"rendered":""},"modified":"2016-05-14T11:44:42","modified_gmt":"2016-05-14T09:44:42","slug":"rinasce-la-metafisica-ma-quale","status":"publish","type":"post","link":"https:\/\/www.rassegnastampa-totustuus.it\/cattolica\/rinasce-la-metafisica-ma-quale\/","title":{"rendered":"Rinasce la metafisica: ma quale?"},"content":{"rendered":"<div style=\"text-align: center;\"><img loading=\"lazy\" decoding=\"async\" class=\"alignleft wp-image-34067\" src=\"https:\/\/www.rassegnastampa-totustuus.it\/cattolica\/wp-content\/uploads\/2005\/05\/metafisica.jpg\" alt=\"metafisica\" width=\"161\" height=\"200\" \/>Articolo pubblicato sul <strong>Corriere del Sud<\/strong>,<\/div>\n<div style=\"text-align: center;\">15-31 luglio 2001<\/div>\n<div style=\"text-align: center;\">di <strong>Oscar Sanguinetti<\/strong><\/div>\n<p style=\"text-align: justify;\">Pare che nei corsi per manager i guru della formazione abbiano da qualche tempo iniziato a considerare &#8211; e a veicolare &#8211; soluzioni in senso lato \u00abcristiane\u00bb come \u00abricette\u00bb atte a garantire modi efficienti di organizzazione alle imprese, ai gruppi e, forse in prospettiva, a segmenti sempre pi\u00f9 ampi della societ\u00e0 umana. Proprio per la loro indole pacifica e per il loro orientamento alla soluzione \u00abindolore\u00bb dei problemi e dei conflitti umani, per il clima \u00abdisteso\u00bb che creerebbero, per la giusta impostazione dei diritti\/doveri che darebbero, i valori cristiani, in questa ottica, sarebbero in sostanza un collante sociale tenace e dalla durata lunga e garantita<\/p>\n<p><!--more--><\/p>\n<div style=\"text-align: justify;\">Com\u2019\u00e8 evidente si tratta di una visione parziale e strumentale, che \u00abtaglia\u00bb orizzontalmente o \u00abritaglia\u00bb il sistema dei riferimenti cristiani per evincerne formule da applicare a questo o a quel problema contingente. Ma, come si sa, i valori cristiani divelti dalla loro radice, che \u00e8 la vita di grazia in Cristo Ges\u00f9, Verbo incarnato, rischiano di diventare \u00abschegge impazzite\u00bb e di produrre effetti insospettati e indesiderati.<\/div>\n<p style=\"text-align: justify;\">In questa linea si \u00e8 recentemente situato un filosofo italiano, Sebastiano Maffettone, gi\u00e0 noto per le sue idee non convenzionali in materia di diritti umani. Nel suo ultimo libro egli analizza la grave crisi di significato che affligge il pensiero nell\u2019attuale epoca \u00abpost-moderna\u00bb e inizia ad intravedere una possibilit\u00e0 di uscita da tale impasse nel ricupero, almeno settoriale e per scopi ben definiti, di alcuni valori gi\u00e0 propri della metafisica classica &#8211; che \u00e8 lo studio di quanto sta al di l\u00e0 della realt\u00e0 sperimentabile con i sensi: in termini \u00abtecnici\u00bb, dell\u2019essere in quanto essere -, i quali dovrebbero garantire almeno una base di discussione comune, se non delle soluzioni.<\/p>\n<p style=\"text-align: justify;\">Quali sarebbero questi elementi che si possono attingere dall\u2019ampio \u00abpaniere\u00bb della filosofia che un giorno fu <em>la<\/em> filosofia <em>tout court<\/em>?<\/p>\n<p style=\"text-align: justify;\">Innanzitutto si distingue fra \u00abmetafisica speculativa\u00bb, individuale, con implicazioni religiose e sostanzialmente da lasciare alla sfera individuale, e \u00abmetafisica pubblica\u00bb, quella che dovrebbe intervenire in seno al dibattito su temi etici generali particolarmente controversi, come la genetica, l\u2019obiettivit\u00e0 delle comunicazioni sociali, l\u2019integrit\u00e0 della condotta d\u2019affari, i limiti del profitto, i diritti umani.<\/p>\n<p style=\"text-align: justify;\">Non si tratterebbe per\u00f2, si badi bene, di riconoscere valori morali universali e vincolanti per tutti come nella metafisica cristiana, bens\u00ec di individuare valori comuni, pi\u00f9 o meno stabili, dedotti non tanto dalla struttura dell\u2019essere ma dal consenso umano pi\u00f9 o meno esteso. Ci\u00f2 senza alcuna pretesa d\u2019intaccare il carattere liberale e pluralistico di fondo della societ\u00e0 occidentale, ma sobbarcandosi il \u00abrischio\u00bb di dare un po\u2019 pi\u00f9 di voce alla principale &#8211; anche se la meno ascoltata &#8211; agenzia di elaborazione e di impiego del pensiero metafisico, privato e pubblico, nonch\u00e9 protagonista per essenza e per storia dell\u2019intervento sui temi sociali: la Chiesa cattolica.<\/p>\n<p style=\"text-align: justify;\">Che dire di questa proposta, di certo originale, almeno dati i tempi?<\/p>\n<p style=\"text-align: justify;\">In primis, si coglie subito il carattere cauto e guardingo dell\u2019apertura, che rivela il desiderio di non contrapporsi oltre misura ai tutori del pensiero \u00abpost-moderno\u00bb dal cui orizzonte sostanzialmente non intende uscire. Cos\u00ec come l\u2019ingenuit\u00e0 della pretesa di prelevare estemporaneamente \u00abscampoli\u00bb di etica metafisica da applicare come suture alle lacerazioni che il pluralismo ideologico crea. Cos\u00ec come, infine, la difficolt\u00e0 di capire la distinzione fra le due \u00abmetafisiche\u00bb ipotizzate.<\/p>\n<p style=\"text-align: justify;\">Per altro aspetto essa \u00e8 la spia che la crisi del pensiero moderno \u00e8 profonda. Se \u00e8 vero che la modernit\u00e0 inizia a definirsi infatti, almeno in negativo, proprio dal rigetto scettico &#8211; che trover\u00e0 formulazione compiuta nel sistema kantiano e rilancio nell\u2019epistemologia moderna &#8211; di \u00abogni futura metafisica\u00bb, riparlare di metafisica da parte di un \u00abmoderno\u00bb significa ammettere una sconfitta.<\/p>\n<p style=\"text-align: justify;\">E cos\u00ec attraverso questa pur parziale riscoperta si rivela il limite della cosiddetta \u00abpost-modernit\u00e0\u00bb, incapace di trovare approdi e in grado solo di affermare l\u2019obbligatoriet\u00e0 di rifiutare tutto ci\u00f2 che &#8211; sia esso di tipo \u00abpre-moderno\u00bb o \u00abmoderno\u00bb &#8211; si presenti con la pur minima pretesa di verit\u00e0.<\/p>\n<p style=\"text-align: justify;\">La sortita del filosofo della LUISS &#8211; a parte le reminiscenze \u00abmaurrassiane\u00bb, che far\u00e0 balenare in qualcuno &#8211; riecheggia una tendenza e un progetto &#8211; lasciando da parte le forme pi\u00f9 politicizzate, alla \u00abcristiani per il socialismo\u00bb &#8211; coltivati gi\u00e0 negli scorsi decenni e volti a \u00abcannibalizzare\u00bb il patrimonio di esperienza, di valori, di volontariato, d\u2019istituzioni d\u2019ispirazione cristiana &#8211; senza sfiorarne nemmeno il livello dottrinale &#8211; per risolvere le carenze strutturali delle moderne e pletoriche democrazie \u00absociali\u00bb.<\/p>\n<p style=\"text-align: justify;\">\u00c8 comunque un fatto non privo di rilievo, che va valutato per ci\u00f2, come segnale di una crisi senza sbocchi, che va anche letto come un\u2019opportunit\u00e0 di rilancio &#8211; le insufficienze della prospettiva emergeranno inevitabilmente nel tempo &#8211; della metafisica autentica e integrale.<\/p>\n<p style=\"text-align: justify;\">Occorre capire e spiegare che, se non si ripercorre all\u2019indietro <em>tutto <\/em>l\u2019itinerario del pensiero moderno &#8211; non basta rinnegare il comunismo &#8211; fino alla biforcazione in cui ha imboccato la strada del razionalismo e dell\u2019idealismo, abbandonando la filosofia perenne, la cultura contemporanea non potr\u00e0 uscire dalla crisi che l\u2019affligge.<\/p>\n","protected":false},"excerpt":{"rendered":"<p>Articolo pubblicato sul Corriere del Sud, 15-31 luglio 2001 di Oscar Sanguinetti Pare che nei corsi per manager i guru della formazione abbiano da qualche tempo iniziato a considerare &#8211; e a veicolare &#8211; soluzioni in senso lato \u00abcristiane\u00bb come \u00abricette\u00bb atte a garantire modi efficienti di organizzazione alle imprese, ai gruppi e, forse in &hellip; <\/p>\n<p><a class=\"more-link btn\" href=\"https:\/\/www.rassegnastampa-totustuus.it\/cattolica\/rinasce-la-metafisica-ma-quale\/\">Continua a leggere<\/a><\/p>\n","protected":false},"author":6,"featured_media":34067,"comment_status":"closed","ping_status":"open","sticky":false,"template":"","format":"standard","meta":{"footnotes":""},"categories":[25],"tags":[558],"class_list":["post-476","post","type-post","status-publish","format-standard","has-post-thumbnail","hentry","category-sguardo-sul-nostro-tempo","tag-sguardo-sul-nostro-tempo-2","item-wrap"],"yoast_head":"<!-- This site is optimized with the Yoast SEO plugin v27.4 - https:\/\/yoast.com\/product\/yoast-seo-wordpress\/ -->\n<title>Rinasce la metafisica: ma quale? - Rassegna Stampa Cattolica<\/title>\n<meta name=\"description\" content=\"Rassegna Stampa Cattolica - Per una cultura che nasce dalla Rivelazione cristiana in conformit\u00e0 alla tradizione e al Magistero della Chiesa in opposizione ad ogni relativismo e totalitarismo\" \/>\n<meta name=\"robots\" content=\"index, follow, max-snippet:-1, max-image-preview:large, max-video-preview:-1\" \/>\n<link rel=\"canonical\" href=\"https:\/\/www.rassegnastampa-totustuus.it\/cattolica\/rinasce-la-metafisica-ma-quale\/\" \/>\n<meta property=\"og:locale\" content=\"it_IT\" \/>\n<meta property=\"og:type\" content=\"article\" \/>\n<meta property=\"og:title\" content=\"Rinasce la metafisica: ma quale? - Rassegna Stampa Cattolica\" \/>\n<meta property=\"og:description\" content=\"Rassegna Stampa Cattolica - Per una cultura che nasce dalla Rivelazione cristiana in conformit\u00e0 alla tradizione e al Magistero della Chiesa in opposizione ad ogni relativismo e totalitarismo\" \/>\n<meta property=\"og:url\" content=\"https:\/\/www.rassegnastampa-totustuus.it\/cattolica\/rinasce-la-metafisica-ma-quale\/\" \/>\n<meta property=\"og:site_name\" content=\"Rassegna Stampa Cattolica\" \/>\n<meta property=\"article:publisher\" content=\"https:\/\/www.facebook.com\/rassegnastampacattolica\" \/>\n<meta property=\"article:published_time\" content=\"2005-05-15T22:00:00+00:00\" \/>\n<meta property=\"article:modified_time\" content=\"2016-05-14T09:44:42+00:00\" \/>\n<meta property=\"og:image\" content=\"https:\/\/www.rassegnastampa-totustuus.it\/cattolica\/wp-content\/uploads\/2005\/05\/metafisica.jpg\" \/>\n\t<meta property=\"og:image:width\" content=\"201\" \/>\n\t<meta property=\"og:image:height\" content=\"250\" \/>\n\t<meta property=\"og:image:type\" content=\"image\/jpeg\" \/>\n<meta name=\"author\" content=\"Redazione\" \/>\n<meta name=\"twitter:card\" content=\"summary_large_image\" \/>\n<meta name=\"twitter:creator\" content=\"@rassegnastampa9\" \/>\n<meta name=\"twitter:site\" content=\"@rassegnastampa9\" \/>\n<meta name=\"twitter:label1\" content=\"Scritto da\" \/>\n\t<meta name=\"twitter:data1\" content=\"Redazione\" \/>\n\t<meta name=\"twitter:label2\" content=\"Tempo di lettura stimato\" \/>\n\t<meta name=\"twitter:data2\" content=\"4 minuti\" \/>\n<script type=\"application\/ld+json\" class=\"yoast-schema-graph\">{\"@context\":\"https:\\\/\\\/schema.org\",\"@graph\":[{\"@type\":\"Article\",\"@id\":\"https:\\\/\\\/www.rassegnastampa-totustuus.it\\\/cattolica\\\/rinasce-la-metafisica-ma-quale\\\/#article\",\"isPartOf\":{\"@id\":\"https:\\\/\\\/www.rassegnastampa-totustuus.it\\\/cattolica\\\/rinasce-la-metafisica-ma-quale\\\/\"},\"author\":{\"name\":\"Redazione\",\"@id\":\"https:\\\/\\\/www.rassegnastampa-totustuus.it\\\/cattolica\\\/#\\\/schema\\\/person\\\/08f319d2bd1a0904ad9e2bfb7b15e5c3\"},\"headline\":\"Rinasce la metafisica: ma quale?\",\"datePublished\":\"2005-05-15T22:00:00+00:00\",\"dateModified\":\"2016-05-14T09:44:42+00:00\",\"mainEntityOfPage\":{\"@id\":\"https:\\\/\\\/www.rassegnastampa-totustuus.it\\\/cattolica\\\/rinasce-la-metafisica-ma-quale\\\/\"},\"wordCount\":846,\"publisher\":{\"@id\":\"https:\\\/\\\/www.rassegnastampa-totustuus.it\\\/cattolica\\\/#organization\"},\"image\":{\"@id\":\"https:\\\/\\\/www.rassegnastampa-totustuus.it\\\/cattolica\\\/rinasce-la-metafisica-ma-quale\\\/#primaryimage\"},\"thumbnailUrl\":\"https:\\\/\\\/www.rassegnastampa-totustuus.it\\\/cattolica\\\/wp-content\\\/uploads\\\/2005\\\/05\\\/metafisica.jpg\",\"keywords\":[\"sguardo sul nostro tempo\"],\"articleSection\":[\"Sguardo sul nostro tempo\"],\"inLanguage\":\"it-IT\"},{\"@type\":\"WebPage\",\"@id\":\"https:\\\/\\\/www.rassegnastampa-totustuus.it\\\/cattolica\\\/rinasce-la-metafisica-ma-quale\\\/\",\"url\":\"https:\\\/\\\/www.rassegnastampa-totustuus.it\\\/cattolica\\\/rinasce-la-metafisica-ma-quale\\\/\",\"name\":\"Rinasce la metafisica: ma quale? - Rassegna Stampa Cattolica\",\"isPartOf\":{\"@id\":\"https:\\\/\\\/www.rassegnastampa-totustuus.it\\\/cattolica\\\/#website\"},\"primaryImageOfPage\":{\"@id\":\"https:\\\/\\\/www.rassegnastampa-totustuus.it\\\/cattolica\\\/rinasce-la-metafisica-ma-quale\\\/#primaryimage\"},\"image\":{\"@id\":\"https:\\\/\\\/www.rassegnastampa-totustuus.it\\\/cattolica\\\/rinasce-la-metafisica-ma-quale\\\/#primaryimage\"},\"thumbnailUrl\":\"https:\\\/\\\/www.rassegnastampa-totustuus.it\\\/cattolica\\\/wp-content\\\/uploads\\\/2005\\\/05\\\/metafisica.jpg\",\"datePublished\":\"2005-05-15T22:00:00+00:00\",\"dateModified\":\"2016-05-14T09:44:42+00:00\",\"description\":\"Rassegna Stampa Cattolica - Per una cultura che nasce dalla Rivelazione cristiana in conformit\u00e0 alla tradizione e al Magistero della Chiesa in opposizione ad ogni relativismo e totalitarismo\",\"breadcrumb\":{\"@id\":\"https:\\\/\\\/www.rassegnastampa-totustuus.it\\\/cattolica\\\/rinasce-la-metafisica-ma-quale\\\/#breadcrumb\"},\"inLanguage\":\"it-IT\",\"potentialAction\":[{\"@type\":\"ReadAction\",\"target\":[\"https:\\\/\\\/www.rassegnastampa-totustuus.it\\\/cattolica\\\/rinasce-la-metafisica-ma-quale\\\/\"]}]},{\"@type\":\"ImageObject\",\"inLanguage\":\"it-IT\",\"@id\":\"https:\\\/\\\/www.rassegnastampa-totustuus.it\\\/cattolica\\\/rinasce-la-metafisica-ma-quale\\\/#primaryimage\",\"url\":\"https:\\\/\\\/www.rassegnastampa-totustuus.it\\\/cattolica\\\/wp-content\\\/uploads\\\/2005\\\/05\\\/metafisica.jpg\",\"contentUrl\":\"https:\\\/\\\/www.rassegnastampa-totustuus.it\\\/cattolica\\\/wp-content\\\/uploads\\\/2005\\\/05\\\/metafisica.jpg\",\"width\":201,\"height\":250},{\"@type\":\"BreadcrumbList\",\"@id\":\"https:\\\/\\\/www.rassegnastampa-totustuus.it\\\/cattolica\\\/rinasce-la-metafisica-ma-quale\\\/#breadcrumb\",\"itemListElement\":[{\"@type\":\"ListItem\",\"position\":1,\"name\":\"Home\",\"item\":\"https:\\\/\\\/www.rassegnastampa-totustuus.it\\\/cattolica\\\/\"},{\"@type\":\"ListItem\",\"position\":2,\"name\":\"Rinasce la metafisica: ma quale?\"}]},{\"@type\":\"WebSite\",\"@id\":\"https:\\\/\\\/www.rassegnastampa-totustuus.it\\\/cattolica\\\/#website\",\"url\":\"https:\\\/\\\/www.rassegnastampa-totustuus.it\\\/cattolica\\\/\",\"name\":\"Rassegna Stampa Cattolica\",\"description\":\"Per una cultura che nasce dalla Rivelazione cristiana in conformit\u00e0 alla tradizione e al Magistero della Chiesa in opposizione ad ogni relativismo e totalitarismo\",\"publisher\":{\"@id\":\"https:\\\/\\\/www.rassegnastampa-totustuus.it\\\/cattolica\\\/#organization\"},\"alternateName\":\"Rass. Cattolica\",\"potentialAction\":[{\"@type\":\"SearchAction\",\"target\":{\"@type\":\"EntryPoint\",\"urlTemplate\":\"https:\\\/\\\/www.rassegnastampa-totustuus.it\\\/cattolica\\\/?s={search_term_string}\"},\"query-input\":{\"@type\":\"PropertyValueSpecification\",\"valueRequired\":true,\"valueName\":\"search_term_string\"}}],\"inLanguage\":\"it-IT\"},{\"@type\":\"Organization\",\"@id\":\"https:\\\/\\\/www.rassegnastampa-totustuus.it\\\/cattolica\\\/#organization\",\"name\":\"Rassegna Stampa Cattolica\",\"url\":\"https:\\\/\\\/www.rassegnastampa-totustuus.it\\\/cattolica\\\/\",\"logo\":{\"@type\":\"ImageObject\",\"inLanguage\":\"it-IT\",\"@id\":\"https:\\\/\\\/www.rassegnastampa-totustuus.it\\\/cattolica\\\/#\\\/schema\\\/logo\\\/image\\\/\",\"url\":\"https:\\\/\\\/www.rassegnastampa-totustuus.it\\\/cattolica\\\/wp-content\\\/uploads\\\/2014\\\/04\\\/logo-rassegna1.gif\",\"contentUrl\":\"https:\\\/\\\/www.rassegnastampa-totustuus.it\\\/cattolica\\\/wp-content\\\/uploads\\\/2014\\\/04\\\/logo-rassegna1.gif\",\"width\":600,\"height\":163,\"caption\":\"Rassegna Stampa Cattolica\"},\"image\":{\"@id\":\"https:\\\/\\\/www.rassegnastampa-totustuus.it\\\/cattolica\\\/#\\\/schema\\\/logo\\\/image\\\/\"},\"sameAs\":[\"https:\\\/\\\/www.facebook.com\\\/rassegnastampacattolica\",\"https:\\\/\\\/x.com\\\/rassegnastampa9\"]},{\"@type\":\"Person\",\"@id\":\"https:\\\/\\\/www.rassegnastampa-totustuus.it\\\/cattolica\\\/#\\\/schema\\\/person\\\/08f319d2bd1a0904ad9e2bfb7b15e5c3\",\"name\":\"Redazione\",\"image\":{\"@type\":\"ImageObject\",\"inLanguage\":\"it-IT\",\"@id\":\"https:\\\/\\\/secure.gravatar.com\\\/avatar\\\/2fcdf27c78ea025fbdb44e914cc63c72249ffec9dc8aafd5c82b26240ef3f346?s=96&d=mm&r=g\",\"url\":\"https:\\\/\\\/secure.gravatar.com\\\/avatar\\\/2fcdf27c78ea025fbdb44e914cc63c72249ffec9dc8aafd5c82b26240ef3f346?s=96&d=mm&r=g\",\"contentUrl\":\"https:\\\/\\\/secure.gravatar.com\\\/avatar\\\/2fcdf27c78ea025fbdb44e914cc63c72249ffec9dc8aafd5c82b26240ef3f346?s=96&d=mm&r=g\",\"caption\":\"Redazione\"},\"url\":\"https:\\\/\\\/www.rassegnastampa-totustuus.it\\\/cattolica\\\/author\\\/pietroelle\\\/\"}]}<\/script>\n<!-- \/ Yoast SEO plugin. -->","yoast_head_json":{"title":"Rinasce la metafisica: ma quale? - Rassegna Stampa Cattolica","description":"Rassegna Stampa Cattolica - Per una cultura che nasce dalla Rivelazione cristiana in conformit\u00e0 alla tradizione e al Magistero della Chiesa in opposizione ad ogni relativismo e totalitarismo","robots":{"index":"index","follow":"follow","max-snippet":"max-snippet:-1","max-image-preview":"max-image-preview:large","max-video-preview":"max-video-preview:-1"},"canonical":"https:\/\/www.rassegnastampa-totustuus.it\/cattolica\/rinasce-la-metafisica-ma-quale\/","og_locale":"it_IT","og_type":"article","og_title":"Rinasce la metafisica: ma quale? - Rassegna Stampa Cattolica","og_description":"Rassegna Stampa Cattolica - Per una cultura che nasce dalla Rivelazione cristiana in conformit\u00e0 alla tradizione e al Magistero della Chiesa in opposizione ad ogni relativismo e totalitarismo","og_url":"https:\/\/www.rassegnastampa-totustuus.it\/cattolica\/rinasce-la-metafisica-ma-quale\/","og_site_name":"Rassegna Stampa Cattolica","article_publisher":"https:\/\/www.facebook.com\/rassegnastampacattolica","article_published_time":"2005-05-15T22:00:00+00:00","article_modified_time":"2016-05-14T09:44:42+00:00","og_image":[{"width":201,"height":250,"url":"https:\/\/www.rassegnastampa-totustuus.it\/cattolica\/wp-content\/uploads\/2005\/05\/metafisica.jpg","type":"image\/jpeg"}],"author":"Redazione","twitter_card":"summary_large_image","twitter_creator":"@rassegnastampa9","twitter_site":"@rassegnastampa9","twitter_misc":{"Scritto da":"Redazione","Tempo di lettura stimato":"4 minuti"},"schema":{"@context":"https:\/\/schema.org","@graph":[{"@type":"Article","@id":"https:\/\/www.rassegnastampa-totustuus.it\/cattolica\/rinasce-la-metafisica-ma-quale\/#article","isPartOf":{"@id":"https:\/\/www.rassegnastampa-totustuus.it\/cattolica\/rinasce-la-metafisica-ma-quale\/"},"author":{"name":"Redazione","@id":"https:\/\/www.rassegnastampa-totustuus.it\/cattolica\/#\/schema\/person\/08f319d2bd1a0904ad9e2bfb7b15e5c3"},"headline":"Rinasce la metafisica: ma quale?","datePublished":"2005-05-15T22:00:00+00:00","dateModified":"2016-05-14T09:44:42+00:00","mainEntityOfPage":{"@id":"https:\/\/www.rassegnastampa-totustuus.it\/cattolica\/rinasce-la-metafisica-ma-quale\/"},"wordCount":846,"publisher":{"@id":"https:\/\/www.rassegnastampa-totustuus.it\/cattolica\/#organization"},"image":{"@id":"https:\/\/www.rassegnastampa-totustuus.it\/cattolica\/rinasce-la-metafisica-ma-quale\/#primaryimage"},"thumbnailUrl":"https:\/\/www.rassegnastampa-totustuus.it\/cattolica\/wp-content\/uploads\/2005\/05\/metafisica.jpg","keywords":["sguardo sul nostro tempo"],"articleSection":["Sguardo sul nostro tempo"],"inLanguage":"it-IT"},{"@type":"WebPage","@id":"https:\/\/www.rassegnastampa-totustuus.it\/cattolica\/rinasce-la-metafisica-ma-quale\/","url":"https:\/\/www.rassegnastampa-totustuus.it\/cattolica\/rinasce-la-metafisica-ma-quale\/","name":"Rinasce la metafisica: ma quale? - Rassegna Stampa Cattolica","isPartOf":{"@id":"https:\/\/www.rassegnastampa-totustuus.it\/cattolica\/#website"},"primaryImageOfPage":{"@id":"https:\/\/www.rassegnastampa-totustuus.it\/cattolica\/rinasce-la-metafisica-ma-quale\/#primaryimage"},"image":{"@id":"https:\/\/www.rassegnastampa-totustuus.it\/cattolica\/rinasce-la-metafisica-ma-quale\/#primaryimage"},"thumbnailUrl":"https:\/\/www.rassegnastampa-totustuus.it\/cattolica\/wp-content\/uploads\/2005\/05\/metafisica.jpg","datePublished":"2005-05-15T22:00:00+00:00","dateModified":"2016-05-14T09:44:42+00:00","description":"Rassegna Stampa Cattolica - Per una cultura che nasce dalla Rivelazione cristiana in conformit\u00e0 alla tradizione e al Magistero della Chiesa in opposizione ad ogni relativismo e totalitarismo","breadcrumb":{"@id":"https:\/\/www.rassegnastampa-totustuus.it\/cattolica\/rinasce-la-metafisica-ma-quale\/#breadcrumb"},"inLanguage":"it-IT","potentialAction":[{"@type":"ReadAction","target":["https:\/\/www.rassegnastampa-totustuus.it\/cattolica\/rinasce-la-metafisica-ma-quale\/"]}]},{"@type":"ImageObject","inLanguage":"it-IT","@id":"https:\/\/www.rassegnastampa-totustuus.it\/cattolica\/rinasce-la-metafisica-ma-quale\/#primaryimage","url":"https:\/\/www.rassegnastampa-totustuus.it\/cattolica\/wp-content\/uploads\/2005\/05\/metafisica.jpg","contentUrl":"https:\/\/www.rassegnastampa-totustuus.it\/cattolica\/wp-content\/uploads\/2005\/05\/metafisica.jpg","width":201,"height":250},{"@type":"BreadcrumbList","@id":"https:\/\/www.rassegnastampa-totustuus.it\/cattolica\/rinasce-la-metafisica-ma-quale\/#breadcrumb","itemListElement":[{"@type":"ListItem","position":1,"name":"Home","item":"https:\/\/www.rassegnastampa-totustuus.it\/cattolica\/"},{"@type":"ListItem","position":2,"name":"Rinasce la metafisica: ma quale?"}]},{"@type":"WebSite","@id":"https:\/\/www.rassegnastampa-totustuus.it\/cattolica\/#website","url":"https:\/\/www.rassegnastampa-totustuus.it\/cattolica\/","name":"Rassegna Stampa Cattolica","description":"Per una cultura che nasce dalla Rivelazione cristiana in conformit\u00e0 alla tradizione e al Magistero della Chiesa in opposizione ad ogni relativismo e totalitarismo","publisher":{"@id":"https:\/\/www.rassegnastampa-totustuus.it\/cattolica\/#organization"},"alternateName":"Rass. Cattolica","potentialAction":[{"@type":"SearchAction","target":{"@type":"EntryPoint","urlTemplate":"https:\/\/www.rassegnastampa-totustuus.it\/cattolica\/?s={search_term_string}"},"query-input":{"@type":"PropertyValueSpecification","valueRequired":true,"valueName":"search_term_string"}}],"inLanguage":"it-IT"},{"@type":"Organization","@id":"https:\/\/www.rassegnastampa-totustuus.it\/cattolica\/#organization","name":"Rassegna Stampa Cattolica","url":"https:\/\/www.rassegnastampa-totustuus.it\/cattolica\/","logo":{"@type":"ImageObject","inLanguage":"it-IT","@id":"https:\/\/www.rassegnastampa-totustuus.it\/cattolica\/#\/schema\/logo\/image\/","url":"https:\/\/www.rassegnastampa-totustuus.it\/cattolica\/wp-content\/uploads\/2014\/04\/logo-rassegna1.gif","contentUrl":"https:\/\/www.rassegnastampa-totustuus.it\/cattolica\/wp-content\/uploads\/2014\/04\/logo-rassegna1.gif","width":600,"height":163,"caption":"Rassegna Stampa Cattolica"},"image":{"@id":"https:\/\/www.rassegnastampa-totustuus.it\/cattolica\/#\/schema\/logo\/image\/"},"sameAs":["https:\/\/www.facebook.com\/rassegnastampacattolica","https:\/\/x.com\/rassegnastampa9"]},{"@type":"Person","@id":"https:\/\/www.rassegnastampa-totustuus.it\/cattolica\/#\/schema\/person\/08f319d2bd1a0904ad9e2bfb7b15e5c3","name":"Redazione","image":{"@type":"ImageObject","inLanguage":"it-IT","@id":"https:\/\/secure.gravatar.com\/avatar\/2fcdf27c78ea025fbdb44e914cc63c72249ffec9dc8aafd5c82b26240ef3f346?s=96&d=mm&r=g","url":"https:\/\/secure.gravatar.com\/avatar\/2fcdf27c78ea025fbdb44e914cc63c72249ffec9dc8aafd5c82b26240ef3f346?s=96&d=mm&r=g","contentUrl":"https:\/\/secure.gravatar.com\/avatar\/2fcdf27c78ea025fbdb44e914cc63c72249ffec9dc8aafd5c82b26240ef3f346?s=96&d=mm&r=g","caption":"Redazione"},"url":"https:\/\/www.rassegnastampa-totustuus.it\/cattolica\/author\/pietroelle\/"}]}},"_links":{"self":[{"href":"https:\/\/www.rassegnastampa-totustuus.it\/cattolica\/wp-json\/wp\/v2\/posts\/476","targetHints":{"allow":["GET"]}}],"collection":[{"href":"https:\/\/www.rassegnastampa-totustuus.it\/cattolica\/wp-json\/wp\/v2\/posts"}],"about":[{"href":"https:\/\/www.rassegnastampa-totustuus.it\/cattolica\/wp-json\/wp\/v2\/types\/post"}],"author":[{"embeddable":true,"href":"https:\/\/www.rassegnastampa-totustuus.it\/cattolica\/wp-json\/wp\/v2\/users\/6"}],"replies":[{"embeddable":true,"href":"https:\/\/www.rassegnastampa-totustuus.it\/cattolica\/wp-json\/wp\/v2\/comments?post=476"}],"version-history":[{"count":4,"href":"https:\/\/www.rassegnastampa-totustuus.it\/cattolica\/wp-json\/wp\/v2\/posts\/476\/revisions"}],"predecessor-version":[{"id":34068,"href":"https:\/\/www.rassegnastampa-totustuus.it\/cattolica\/wp-json\/wp\/v2\/posts\/476\/revisions\/34068"}],"wp:featuredmedia":[{"embeddable":true,"href":"https:\/\/www.rassegnastampa-totustuus.it\/cattolica\/wp-json\/wp\/v2\/media\/34067"}],"wp:attachment":[{"href":"https:\/\/www.rassegnastampa-totustuus.it\/cattolica\/wp-json\/wp\/v2\/media?parent=476"}],"wp:term":[{"taxonomy":"category","embeddable":true,"href":"https:\/\/www.rassegnastampa-totustuus.it\/cattolica\/wp-json\/wp\/v2\/categories?post=476"},{"taxonomy":"post_tag","embeddable":true,"href":"https:\/\/www.rassegnastampa-totustuus.it\/cattolica\/wp-json\/wp\/v2\/tags?post=476"}],"curies":[{"name":"wp","href":"https:\/\/api.w.org\/{rel}","templated":true}]}}