{"id":4753,"date":"2011-11-03T00:00:00","date_gmt":"2011-11-02T23:00:00","guid":{"rendered":""},"modified":"2021-07-24T12:37:52","modified_gmt":"2021-07-24T10:37:52","slug":"le-cattedrali","status":"publish","type":"post","link":"https:\/\/www.rassegnastampa-totustuus.it\/cattolica\/le-cattedrali\/","title":{"rendered":"Le Cattedrali"},"content":{"rendered":"<div style=\"text-align: center;\"><a href=\"https:\/\/www.rassegnastampa-totustuus.it\/cattolica\/wp-content\/uploads\/2015\/04\/chartre.jpg\"><img loading=\"lazy\" decoding=\"async\" class=\"alignright wp-image-23011\" src=\"https:\/\/www.rassegnastampa-totustuus.it\/cattolica\/wp-content\/uploads\/2015\/04\/chartre.jpg\" alt=\"chartre\" width=\"213\" height=\"308\" \/><\/a><span style=\"color: #000000;\">\u00a0<strong>Il Timone <\/strong>n.106 Settembre-Ottobre 2011<\/span><\/div>\n<p style=\"text-align: justify;\"><span style=\"color: #000000;\"><em>Che cos\u2019\u00e8 una cattedrale? Qual \u00e8 il suo valore supremo? Elevare socialmente, culturalmente e spiritualmente l\u2019uomo verso l\u2019altro, verso il divino<\/em><\/span><\/p>\n<p style=\"text-align: center;\"><span style=\"color: #000000;\">di <strong>Marco Meschini<\/strong><\/span><\/p>\n<p><!--more--><\/p>\n<p style=\"text-align: justify;\"><span style=\"color: #000000;\"><strong>La casa di Dio <\/strong>La parola &#8220;cattedrale&#8221; deriva dal latino <em>cathedra, <\/em>che nel IV secolo d.C. designa la &#8220;cattedra&#8221; o &#8220;seggio&#8221; del vescovo. La &#8220;cattedrale&#8221; \u00e8 dunque la chiesa che ospita la cattedra del vescovo, ne \u00e8 la sede ufficiale, ed \u00e8 pertanto anche il centro della diocesi ecclesiastica.<\/span><\/p>\n<p style=\"text-align: justify;\"><span style=\"color: #000000;\">In questo senso la &#8220;cattedrale&#8221; si distingue dalla basilica: questa \u00e8 infatti una tipologia architettonica &#8211; una chiesa &#8220;regale&#8221; (dal greco <em>basil\u00e8us, <\/em>&#8220;re&#8221;), con le sue navate e la &#8220;testa&#8221; sul fondo, ovvero l&#8217;abside -, mentre il termine &#8220;cattedrale&#8221; indica il rango ecclesiastico dell&#8217;edificio che solitamente, ma non necessariamente, \u00e8 di tipo basilicale.<\/span><\/p>\n<p><span style=\"color: #000000;\"><!--more--><\/span><\/p>\n<p style=\"text-align: justify;\"><span style=\"color: #000000;\">In italiano (e in tedesco) vi \u00e8 poi un sinonimo &#8220;concorrente&#8221; della parola cattedrale, ovvero &#8220;duomo&#8221; <em>(Dom), <\/em>dal latino <em>domus, <\/em>&#8220;casa&#8221;, che in questa accezione indica la &#8220;casa di Dio&#8221;.<\/span><\/p>\n<p style=\"text-align: justify;\"><span style=\"color: #000000;\"><strong><a style=\"color: #000000;\" href=\"https:\/\/www.rassegnastampa-totustuus.it\/cattolica\/wp-content\/uploads\/2015\/04\/cattedrale_Amien.jpg\"><img loading=\"lazy\" decoding=\"async\" class=\"alignleft wp-image-22867\" src=\"https:\/\/www.rassegnastampa-totustuus.it\/cattolica\/wp-content\/uploads\/2015\/04\/cattedrale_Amien.jpg\" alt=\"cattedrale_Amien\" width=\"328\" height=\"245\" \/><\/a>La casa del potere <\/strong>Nulla di scandaloso, dunque, se a questo punto definiamo la cattedrale come la &#8220;casa del potere&#8221;, ovviamente di natura divina ed ecclesiastica. Il potere di Dio \u00e8 quello della Parola &#8211; cio\u00e8 Cristo stesso &#8211; e dei sacramenti, che redimono e santificano l&#8217;uomo. Quello del vescovo \u00e8 triplice: il ministero per impartire i sacramenti, l&#8217;insegnamento per predicare ed educare, e la giurisdizione, per governare il popolo cristiano.<\/span><\/p>\n<p style=\"text-align: justify;\"><span style=\"color: #000000;\">Ne deriva anche un potere politico: come dimenticare che furono spesso i vescovi a garantire sicurezza e amministrazione al momento del crollo dell&#8217;Impero romano nel V secolo? E che furono sempre i vescovi a costituire parte strutturante della gestione comunale nel Medioevo e oltre? E perch\u00e9 altrimenti re Enrico II (1133-1189) avrebbe fatto uccidere l&#8217;arcivescovo di Canterbury Tommaso Becket (1118-1170), se non per provare a troncarne il potere, che non voleva piegarsi al suo volere? ;<\/span><\/p>\n<p style=\"text-align: justify;\"><span style=\"color: #000000;\">E un potere economico: tra introiti per donazioni e pellegrinaggi, rendite, gestione e investimenti, i beni e le somme di danaro che gravitavano attorno alla cattedrale determinavano non poco l&#8217;economia di intere regioni. Non solo: la ricerca dei finanziamenti per la progettazione e l&#8217;esecuzione coinvolgeva tutta la comunit\u00e0, dalle istituzioni ai singoli, dai poteri ecclesiastici a quelli laici, sino al popolo comune. Studi recenti hanno mostrato come le voci di finanziamento pi\u00f9 importanti del duomo di Milano per l&#8217;anno 1400 (quasi l&#8217;85% del totale) erano costituite dalle offerte e micro-offerte del popolo. E cos\u00ec, si creava lavoro per diverse generazioni.<\/span><\/p>\n<p style=\"text-align: justify;\"><span style=\"color: #000000;\"><strong>La casa dell&#8217;arte e della tecnica <\/strong>Circondata da cos\u00ec grande &#8220;attenzione&#8221;, una cattedrale tende a diventare naturalmente anche un capolavoro artistico. Lo studio degli &#8220;stili&#8221; maggiori &#8211; il romanico e il gotico, per essere sintetici &#8211; con le loro caratteristiche tecniche mostra chiaramente come i medievali fossero ormai padroni di un&#8217;altissima tecnica artistica.<\/span><\/p>\n<p style=\"text-align: justify;\"><span style=\"color: #000000;\"><a style=\"color: #000000;\" href=\"https:\/\/www.rassegnastampa-totustuus.it\/cattolica\/wp-content\/uploads\/2014\/11\/Pisa_cattedrale.jpg\"><img loading=\"lazy\" decoding=\"async\" class=\"alignright wp-image-13696\" src=\"https:\/\/www.rassegnastampa-totustuus.it\/cattolica\/wp-content\/uploads\/2014\/11\/Pisa_cattedrale.jpg\" alt=\"Pisa_cattedrale\" width=\"377\" height=\"282\" \/><\/a>Circa 6-700 anni dopo il crollo dell&#8217;Impero romano d&#8217;Occidente e la perdita della grande tradizione artistico-architettonica del mondo antico, i popoli d&#8217;Europa avevano colmato l&#8217;abisso tecnico e culturale che li separava, concettualmente pi\u00f9 che cronologicamente, da Atene e Roma. Gli eredi di franchi, longobardi, sassoni, normanni, capaci un tempo di lavorare solo il legno e l&#8217;oro in modeste quantit\u00e0, erano ormai padroni dell&#8217;eccellenza artistica &#8211; quindi anche tecnica &#8211; in senso compiuto.<\/span><\/p>\n<p style=\"text-align: justify;\"><span style=\"color: #000000;\">C&#8217;\u00e8 poi un altro aspetto artistico che non va dimenticato: perch\u00e9 fu dentro le cattedrali che si form\u00f2 la grande musica polifonica occidentale. La maggior parte delle cattedrali prevedeva un edificio adiacente dedicato alla formazione dei &#8220;cantori&#8221;, che permise l&#8217;elaborazione e lo sviluppo di un&#8217;arte dell&#8217;armonia e del canto unica al mondo: e senza questa tradizione musicale, geni come Bach (1685-1750) o Mozart (1756-1791) non sarebbero mai esistiti.<\/span><\/p>\n<p style=\"text-align: justify;\"><span style=\"color: #000000;\"><strong>La casa della cultura e della ragione <\/strong>Le cattedrali furono inoltre per secoli &#8211; insieme ai monasteri &#8211; i centri di studio e produzione culturale dell&#8217;Occidente, per poi passare il testimone alle universit\u00e0 nel XII-XIII secolo: e da dove provenivano all&#8217;inizio i professori universitari, se non appunto dalle scuole cattedrali?<\/span><\/p>\n<p style=\"text-align: justify;\"><span style=\"color: #000000;\"><img loading=\"lazy\" decoding=\"async\" class=\" wp-image-48459 alignleft\" src=\"https:\/\/www.rassegnastampa-totustuus.it\/cattolica\/wp-content\/uploads\/2020\/09\/chiesa_cattedrali.jpg\" alt=\"\" width=\"334\" height=\"250\" \/>Ma c&#8217;\u00e8 un altro punto essenziale da considerare: noi godiamo della cattedrale nel suo essere opera compiuta; tuttavia in origine essa non \u00e8 che un&#8217;idea nella mente del progettista: \u00e8 l&#8217;architetto che riesce a immaginare cosa dovr\u00e0 esservi esattamente, di l\u00ec a qualche mese o anno, a una determinata altezza e larghezza (spazi pieni e spazi vuoti, elementi portanti o accessori&#8230;). Ma che cosa rende possibile la &#8220;coerenza&#8221; finale di un gigante come una cattedrale? Radding e Clark hanno analizzato l&#8217;architettura dei secoli XI-XIII in parallelo con lo sviluppo della filosofia e della cultura medievali per capire il &#8220;modo di pensare&#8221; degli architetti del tempo.<\/span><\/p>\n<p style=\"text-align: justify;\"><span style=\"color: #000000;\">Se nell&#8217;Alto Medioevo l&#8217;architettura era sostanzialmente &#8220;di mestiere&#8221;, \u00abin cui la costruzione di sviluppa copiando strutture note, con scarse o nessuna modifica\u00bb, con i secoli XI e XII tutto cambia: si comincia infatti \u00abad articolare i volumi spaziali\u00bb. Il passaggio mentale sotteso &#8211; e notevole &#8211; \u00e8 la capacit\u00e0 di ragionare in termini tridimensionali e non pi\u00f9 bidimensionali: mentre \u00able superfici sono sempre le stesse da qualunque angolazione le si guardi, i volumi [tridimensionali] appaiono diversi a seconda di dove ci si trovi\u00bb.<\/span><\/p>\n<p style=\"text-align: justify;\"><span style=\"color: #000000;\"><a style=\"color: #000000;\" href=\"https:\/\/www.rassegnastampa-totustuus.it\/cattolica\/wp-content\/uploads\/2011\/11\/Chartres.jpg\"><img loading=\"lazy\" decoding=\"async\" class=\"wp-image-23219 alignright\" src=\"https:\/\/www.rassegnastampa-totustuus.it\/cattolica\/wp-content\/uploads\/2011\/11\/Chartres.jpg\" alt=\"Chartres\" width=\"314\" height=\"239\" \/><\/a>Questo &#8220;salto&#8221; qualitativo nella fase di progettazione ha un parallelo nell&#8217;ambito dell&#8217;insegnamento filosofico del tempo: proprio in quei decenni, infatti, si comincia a prendere in considerazione il punto di vista dell&#8217;interlocutore, per esempio nelle polemiche, per trovare una soluzione all&#8217;interno del suo orizzonte mentale, e non contro di esso. \u00abGli intellettuali [si misero] nella posizione religiosa, sociale o politica di un&#8217;altra persona, non [tanto] nella sua posizione nello spazio fisico [come gli architetti]\u00bb.<\/span><\/p>\n<p style=\"text-align: justify;\"><span style=\"color: #000000;\">Esempio sommo di questo nuovo modo di pensare \u00e8 s. Anselmo d&#8217;Aosta (1033-1109), il quale vuole provare l&#8217;esistenza di Dio con ragionamenti solo umani e logici, dunque al di fuori della &#8220;protezione&#8221; della fede e della Sacra Scrittura. Il secondo passo viene compiuto da un altro personaggio eccezionale, Abelardo (1079-1142). Per il filosofo bretone si pu\u00f2 accettare come vera una frase solo se essa &#8220;sta in piedi&#8221; all&#8217;interno di una teoria logica generale. Dopo di lui, agli uomini del XII secolo non basta pi\u00f9 la coerenza del pensiero su un singolo problema; si vuole che la ragione sia coerente in ogni ambito, e cio\u00e8 che i presupposti che fanno vera un&#8217;affermazione rimangano veri sempre, anche su un diverso argomento.<\/span><\/p>\n<p style=\"text-align: justify;\"><span style=\"color: #000000;\"><img loading=\"lazy\" decoding=\"async\" class=\" wp-image-52051 alignleft\" src=\"https:\/\/www.rassegnastampa-totustuus.it\/cattolica\/wp-content\/uploads\/2011\/11\/cattedrali.jpg\" alt=\"\" width=\"378\" height=\"225\" \/>Ebbene, questa esigenza di erigere un sistema di pensiero coerente e ordinato si ritrova parallelamente anche in campo architettonico. Il cantiere-guida in questo processo \u00e8 Saint-Denis, nel nord della Francia, da cui prese origine proprio il gotico per volont\u00e0 dell&#8217;abate Sugero (1080-1151). L&#8217;architetto (anonimo, purtroppo) che ne ricostru\u00ec la chiesa abbaziale &#8211; modello poi per tutte le cattedrali gotiche &#8211; fece nell&#8217;architettura proprio come Abelardo in filosofia: progett\u00f2 una serie di interventi volti a \u00abgenerare un senso unificato\u00bb dello spazio, cos\u00ec che ogni parte venne pensata in correlazione con le altre.<\/span><\/p>\n<p style=\"text-align: justify;\"><span style=\"color: #000000;\">Era ormai nato un nuovo &#8220;paradigma&#8221;, architettonico e culturale insieme, che ebbe la forza di imporsi in tutta Europa non per imitazione ma per rielaborazione.<\/span><\/p>\n<p style=\"text-align: justify;\"><span style=\"color: #000000;\"><strong><img loading=\"lazy\" decoding=\"async\" class=\" wp-image-52052 alignright\" src=\"https:\/\/www.rassegnastampa-totustuus.it\/cattolica\/wp-content\/uploads\/2011\/11\/cattedrale_Reims.jpg\" alt=\"\" width=\"335\" height=\"223\" \/>L&#8217;importanza della cattedrale <\/strong>Ecco dunque il valore supremo delle cattedrali: elevare socialmente, culturalmente e spiritualmente l&#8217;uomo verso l&#8217;alto, verso il divino. Cos\u00ec, quando qualcuno mi obietta che, in fondo, gi\u00e0 i romani pagani erano stati capaci di costruire una meraviglia come il Colosseo, rispondo con letizia che, certo, la tecnica \u00e8 molto, ma non tutto: perch\u00e9 c&#8217;\u00e8 pur sempre una certa differenza tra un luogo stupefacente dove si scannano uomini e bestie per il piacere di altri uomini e una cattedrale, dove si prova a mostrare agli uomini che Dio \u00e8 Luce, Ordine e Proporzione&#8230; A ciascuno ci\u00f2 che predilige.<\/span><\/p>\n<p style=\"text-align: justify;\"><span style=\"color: #000000;\"><strong>Per saperne di pi\u00f9&#8230;<\/strong><\/span><\/p>\n<p style=\"text-align: justify;\"><span style=\"color: #000000;\"><strong>Charles M. Radding &#8211; William W. Clark, <\/strong><em>Ar<\/em><em>chitettura <\/em><em>e sapere nel Medioevo, <\/em>Vita e Pensiero, 1997.<\/span><\/p>\n<p style=\"text-align: justify;\"><span style=\"color: #000000;\"><strong>Jean Gimpel, <\/strong><em>Costruttori di cattedrali, <\/em>Jaca Book, 1982.<\/span><\/p>\n<p style=\"text-align: justify;\"><span style=\"color: #000000;\"><strong>Bernhard Schutz, <\/strong><em>L&#8217;Europa delle cattedrali, <\/em>Jaca Book, 2005<\/span><\/p>\n<p style=\"text-align: justify;\"><span style=\"color: #000000;\"><strong>Erwin Panofsky, <\/strong><em>Architettura gotica e filoso<\/em><em>fia scolastica, <\/em>Liguori, 1986.<\/span><\/p>\n<p style=\"text-align: justify;\"><span style=\"color: #000000;\"><strong>Otto von Simson, <\/strong><em>La cattedrale gotica. Il concetto medievale di ordine, <\/em>II Mulino, 1988.<\/span><\/p>\n<p><span style=\"color: #000000;\"><strong>M. Meschini, <\/strong><em>Le pietre e la luce. La cattedrale del Medioevo, <\/em>Sellerie, 2011.<\/span><\/p>\n","protected":false},"excerpt":{"rendered":"<p>\u00a0Il Timone n.106 Settembre-Ottobre 2011 Che cos\u2019\u00e8 una cattedrale? Qual \u00e8 il suo valore supremo? Elevare socialmente, culturalmente e spiritualmente l\u2019uomo verso l\u2019altro, verso il divino di Marco Meschini<\/p><p><a class=\"more-link btn\" href=\"https:\/\/www.rassegnastampa-totustuus.it\/cattolica\/le-cattedrali\/\">Continua a leggere<\/a><\/p>\n","protected":false},"author":6,"featured_media":23011,"comment_status":"closed","ping_status":"open","sticky":false,"template":"","format":"standard","meta":{"footnotes":""},"categories":[119,5,91],"tags":[557],"class_list":["post-4753","post","type-post","status-publish","format-standard","has-post-thumbnail","hentry","category-arte-sacra","category-chiesa","category-medioevo","tag-cattedrali","item-wrap"],"yoast_head":"<!-- This site is optimized with the Yoast SEO plugin v27.5 - https:\/\/yoast.com\/product\/yoast-seo-wordpress\/ -->\n<title>Le Cattedrali - Rassegna Stampa Cattolica<\/title>\n<meta name=\"description\" content=\"Rassegna Stampa Cattolica - Per una cultura che nasce dalla Rivelazione cristiana in conformit\u00e0 alla tradizione e al Magistero della Chiesa in opposizione ad ogni relativismo e totalitarismo\" \/>\n<meta name=\"robots\" content=\"index, follow, max-snippet:-1, max-image-preview:large, max-video-preview:-1\" \/>\n<link rel=\"canonical\" href=\"https:\/\/www.rassegnastampa-totustuus.it\/cattolica\/le-cattedrali\/\" \/>\n<meta property=\"og:locale\" content=\"it_IT\" \/>\n<meta property=\"og:type\" content=\"article\" \/>\n<meta property=\"og:title\" content=\"Le Cattedrali - Rassegna Stampa Cattolica\" \/>\n<meta property=\"og:description\" content=\"Rassegna Stampa Cattolica - Per una cultura che nasce dalla Rivelazione cristiana in conformit\u00e0 alla tradizione e al Magistero della Chiesa in opposizione ad ogni relativismo e totalitarismo\" \/>\n<meta property=\"og:url\" content=\"https:\/\/www.rassegnastampa-totustuus.it\/cattolica\/le-cattedrali\/\" \/>\n<meta property=\"og:site_name\" content=\"Rassegna Stampa Cattolica\" \/>\n<meta property=\"article:publisher\" content=\"https:\/\/www.facebook.com\/rassegnastampacattolica\" \/>\n<meta property=\"article:published_time\" content=\"2011-11-02T23:00:00+00:00\" \/>\n<meta property=\"article:modified_time\" content=\"2021-07-24T10:37:52+00:00\" \/>\n<meta property=\"og:image\" content=\"https:\/\/www.rassegnastampa-totustuus.it\/cattolica\/wp-content\/uploads\/2015\/04\/chartre.jpg\" \/>\n\t<meta property=\"og:image:width\" content=\"187\" \/>\n\t<meta property=\"og:image:height\" content=\"270\" \/>\n\t<meta property=\"og:image:type\" content=\"image\/jpeg\" \/>\n<meta name=\"author\" content=\"Redazione\" \/>\n<meta name=\"twitter:card\" content=\"summary_large_image\" \/>\n<meta name=\"twitter:creator\" content=\"@rassegnastampa9\" \/>\n<meta name=\"twitter:site\" content=\"@rassegnastampa9\" \/>\n<meta name=\"twitter:label1\" content=\"Scritto da\" \/>\n\t<meta name=\"twitter:data1\" content=\"Redazione\" \/>\n\t<meta name=\"twitter:label2\" content=\"Tempo di lettura stimato\" \/>\n\t<meta name=\"twitter:data2\" content=\"6 minuti\" \/>\n<script type=\"application\/ld+json\" class=\"yoast-schema-graph\">{\"@context\":\"https:\\\/\\\/schema.org\",\"@graph\":[{\"@type\":\"Article\",\"@id\":\"https:\\\/\\\/www.rassegnastampa-totustuus.it\\\/cattolica\\\/le-cattedrali\\\/#article\",\"isPartOf\":{\"@id\":\"https:\\\/\\\/www.rassegnastampa-totustuus.it\\\/cattolica\\\/le-cattedrali\\\/\"},\"author\":{\"name\":\"Redazione\",\"@id\":\"https:\\\/\\\/www.rassegnastampa-totustuus.it\\\/cattolica\\\/#\\\/schema\\\/person\\\/08f319d2bd1a0904ad9e2bfb7b15e5c3\"},\"headline\":\"Le Cattedrali\",\"datePublished\":\"2011-11-02T23:00:00+00:00\",\"dateModified\":\"2021-07-24T10:37:52+00:00\",\"mainEntityOfPage\":{\"@id\":\"https:\\\/\\\/www.rassegnastampa-totustuus.it\\\/cattolica\\\/le-cattedrali\\\/\"},\"wordCount\":1345,\"publisher\":{\"@id\":\"https:\\\/\\\/www.rassegnastampa-totustuus.it\\\/cattolica\\\/#organization\"},\"image\":{\"@id\":\"https:\\\/\\\/www.rassegnastampa-totustuus.it\\\/cattolica\\\/le-cattedrali\\\/#primaryimage\"},\"thumbnailUrl\":\"https:\\\/\\\/www.rassegnastampa-totustuus.it\\\/cattolica\\\/wp-content\\\/uploads\\\/2015\\\/04\\\/chartre.jpg\",\"keywords\":[\"cattedrali\"],\"articleSection\":[\"Arte sacra\",\"Chiesa\",\"Medioevo\"],\"inLanguage\":\"it-IT\"},{\"@type\":\"WebPage\",\"@id\":\"https:\\\/\\\/www.rassegnastampa-totustuus.it\\\/cattolica\\\/le-cattedrali\\\/\",\"url\":\"https:\\\/\\\/www.rassegnastampa-totustuus.it\\\/cattolica\\\/le-cattedrali\\\/\",\"name\":\"Le Cattedrali - Rassegna Stampa Cattolica\",\"isPartOf\":{\"@id\":\"https:\\\/\\\/www.rassegnastampa-totustuus.it\\\/cattolica\\\/#website\"},\"primaryImageOfPage\":{\"@id\":\"https:\\\/\\\/www.rassegnastampa-totustuus.it\\\/cattolica\\\/le-cattedrali\\\/#primaryimage\"},\"image\":{\"@id\":\"https:\\\/\\\/www.rassegnastampa-totustuus.it\\\/cattolica\\\/le-cattedrali\\\/#primaryimage\"},\"thumbnailUrl\":\"https:\\\/\\\/www.rassegnastampa-totustuus.it\\\/cattolica\\\/wp-content\\\/uploads\\\/2015\\\/04\\\/chartre.jpg\",\"datePublished\":\"2011-11-02T23:00:00+00:00\",\"dateModified\":\"2021-07-24T10:37:52+00:00\",\"description\":\"Rassegna Stampa Cattolica - Per una cultura che nasce dalla Rivelazione cristiana in conformit\u00e0 alla tradizione e al Magistero della Chiesa in opposizione ad ogni relativismo e totalitarismo\",\"breadcrumb\":{\"@id\":\"https:\\\/\\\/www.rassegnastampa-totustuus.it\\\/cattolica\\\/le-cattedrali\\\/#breadcrumb\"},\"inLanguage\":\"it-IT\",\"potentialAction\":[{\"@type\":\"ReadAction\",\"target\":[\"https:\\\/\\\/www.rassegnastampa-totustuus.it\\\/cattolica\\\/le-cattedrali\\\/\"]}]},{\"@type\":\"ImageObject\",\"inLanguage\":\"it-IT\",\"@id\":\"https:\\\/\\\/www.rassegnastampa-totustuus.it\\\/cattolica\\\/le-cattedrali\\\/#primaryimage\",\"url\":\"https:\\\/\\\/www.rassegnastampa-totustuus.it\\\/cattolica\\\/wp-content\\\/uploads\\\/2015\\\/04\\\/chartre.jpg\",\"contentUrl\":\"https:\\\/\\\/www.rassegnastampa-totustuus.it\\\/cattolica\\\/wp-content\\\/uploads\\\/2015\\\/04\\\/chartre.jpg\",\"width\":187,\"height\":270},{\"@type\":\"BreadcrumbList\",\"@id\":\"https:\\\/\\\/www.rassegnastampa-totustuus.it\\\/cattolica\\\/le-cattedrali\\\/#breadcrumb\",\"itemListElement\":[{\"@type\":\"ListItem\",\"position\":1,\"name\":\"Home\",\"item\":\"https:\\\/\\\/www.rassegnastampa-totustuus.it\\\/cattolica\\\/\"},{\"@type\":\"ListItem\",\"position\":2,\"name\":\"Le Cattedrali\"}]},{\"@type\":\"WebSite\",\"@id\":\"https:\\\/\\\/www.rassegnastampa-totustuus.it\\\/cattolica\\\/#website\",\"url\":\"https:\\\/\\\/www.rassegnastampa-totustuus.it\\\/cattolica\\\/\",\"name\":\"Rassegna Stampa Cattolica\",\"description\":\"Per una cultura che nasce dalla Rivelazione cristiana in conformit\u00e0 alla tradizione e al Magistero della Chiesa in opposizione ad ogni relativismo e totalitarismo\",\"publisher\":{\"@id\":\"https:\\\/\\\/www.rassegnastampa-totustuus.it\\\/cattolica\\\/#organization\"},\"alternateName\":\"Rass. Cattolica\",\"potentialAction\":[{\"@type\":\"SearchAction\",\"target\":{\"@type\":\"EntryPoint\",\"urlTemplate\":\"https:\\\/\\\/www.rassegnastampa-totustuus.it\\\/cattolica\\\/?s={search_term_string}\"},\"query-input\":{\"@type\":\"PropertyValueSpecification\",\"valueRequired\":true,\"valueName\":\"search_term_string\"}}],\"inLanguage\":\"it-IT\"},{\"@type\":\"Organization\",\"@id\":\"https:\\\/\\\/www.rassegnastampa-totustuus.it\\\/cattolica\\\/#organization\",\"name\":\"Rassegna Stampa Cattolica\",\"url\":\"https:\\\/\\\/www.rassegnastampa-totustuus.it\\\/cattolica\\\/\",\"logo\":{\"@type\":\"ImageObject\",\"inLanguage\":\"it-IT\",\"@id\":\"https:\\\/\\\/www.rassegnastampa-totustuus.it\\\/cattolica\\\/#\\\/schema\\\/logo\\\/image\\\/\",\"url\":\"https:\\\/\\\/www.rassegnastampa-totustuus.it\\\/cattolica\\\/wp-content\\\/uploads\\\/2014\\\/04\\\/logo-rassegna1.gif\",\"contentUrl\":\"https:\\\/\\\/www.rassegnastampa-totustuus.it\\\/cattolica\\\/wp-content\\\/uploads\\\/2014\\\/04\\\/logo-rassegna1.gif\",\"width\":600,\"height\":163,\"caption\":\"Rassegna Stampa Cattolica\"},\"image\":{\"@id\":\"https:\\\/\\\/www.rassegnastampa-totustuus.it\\\/cattolica\\\/#\\\/schema\\\/logo\\\/image\\\/\"},\"sameAs\":[\"https:\\\/\\\/www.facebook.com\\\/rassegnastampacattolica\",\"https:\\\/\\\/x.com\\\/rassegnastampa9\"]},{\"@type\":\"Person\",\"@id\":\"https:\\\/\\\/www.rassegnastampa-totustuus.it\\\/cattolica\\\/#\\\/schema\\\/person\\\/08f319d2bd1a0904ad9e2bfb7b15e5c3\",\"name\":\"Redazione\",\"image\":{\"@type\":\"ImageObject\",\"inLanguage\":\"it-IT\",\"@id\":\"https:\\\/\\\/secure.gravatar.com\\\/avatar\\\/2fcdf27c78ea025fbdb44e914cc63c72249ffec9dc8aafd5c82b26240ef3f346?s=96&d=mm&r=g\",\"url\":\"https:\\\/\\\/secure.gravatar.com\\\/avatar\\\/2fcdf27c78ea025fbdb44e914cc63c72249ffec9dc8aafd5c82b26240ef3f346?s=96&d=mm&r=g\",\"contentUrl\":\"https:\\\/\\\/secure.gravatar.com\\\/avatar\\\/2fcdf27c78ea025fbdb44e914cc63c72249ffec9dc8aafd5c82b26240ef3f346?s=96&d=mm&r=g\",\"caption\":\"Redazione\"},\"url\":\"https:\\\/\\\/www.rassegnastampa-totustuus.it\\\/cattolica\\\/author\\\/pietroelle\\\/\"}]}<\/script>\n<!-- \/ Yoast SEO plugin. -->","yoast_head_json":{"title":"Le Cattedrali - Rassegna Stampa Cattolica","description":"Rassegna Stampa Cattolica - Per una cultura che nasce dalla Rivelazione cristiana in conformit\u00e0 alla tradizione e al Magistero della Chiesa in opposizione ad ogni relativismo e totalitarismo","robots":{"index":"index","follow":"follow","max-snippet":"max-snippet:-1","max-image-preview":"max-image-preview:large","max-video-preview":"max-video-preview:-1"},"canonical":"https:\/\/www.rassegnastampa-totustuus.it\/cattolica\/le-cattedrali\/","og_locale":"it_IT","og_type":"article","og_title":"Le Cattedrali - Rassegna Stampa Cattolica","og_description":"Rassegna Stampa Cattolica - Per una cultura che nasce dalla Rivelazione cristiana in conformit\u00e0 alla tradizione e al Magistero della Chiesa in opposizione ad ogni relativismo e totalitarismo","og_url":"https:\/\/www.rassegnastampa-totustuus.it\/cattolica\/le-cattedrali\/","og_site_name":"Rassegna Stampa Cattolica","article_publisher":"https:\/\/www.facebook.com\/rassegnastampacattolica","article_published_time":"2011-11-02T23:00:00+00:00","article_modified_time":"2021-07-24T10:37:52+00:00","og_image":[{"width":187,"height":270,"url":"https:\/\/www.rassegnastampa-totustuus.it\/cattolica\/wp-content\/uploads\/2015\/04\/chartre.jpg","type":"image\/jpeg"}],"author":"Redazione","twitter_card":"summary_large_image","twitter_creator":"@rassegnastampa9","twitter_site":"@rassegnastampa9","twitter_misc":{"Scritto da":"Redazione","Tempo di lettura stimato":"6 minuti"},"schema":{"@context":"https:\/\/schema.org","@graph":[{"@type":"Article","@id":"https:\/\/www.rassegnastampa-totustuus.it\/cattolica\/le-cattedrali\/#article","isPartOf":{"@id":"https:\/\/www.rassegnastampa-totustuus.it\/cattolica\/le-cattedrali\/"},"author":{"name":"Redazione","@id":"https:\/\/www.rassegnastampa-totustuus.it\/cattolica\/#\/schema\/person\/08f319d2bd1a0904ad9e2bfb7b15e5c3"},"headline":"Le Cattedrali","datePublished":"2011-11-02T23:00:00+00:00","dateModified":"2021-07-24T10:37:52+00:00","mainEntityOfPage":{"@id":"https:\/\/www.rassegnastampa-totustuus.it\/cattolica\/le-cattedrali\/"},"wordCount":1345,"publisher":{"@id":"https:\/\/www.rassegnastampa-totustuus.it\/cattolica\/#organization"},"image":{"@id":"https:\/\/www.rassegnastampa-totustuus.it\/cattolica\/le-cattedrali\/#primaryimage"},"thumbnailUrl":"https:\/\/www.rassegnastampa-totustuus.it\/cattolica\/wp-content\/uploads\/2015\/04\/chartre.jpg","keywords":["cattedrali"],"articleSection":["Arte sacra","Chiesa","Medioevo"],"inLanguage":"it-IT"},{"@type":"WebPage","@id":"https:\/\/www.rassegnastampa-totustuus.it\/cattolica\/le-cattedrali\/","url":"https:\/\/www.rassegnastampa-totustuus.it\/cattolica\/le-cattedrali\/","name":"Le Cattedrali - Rassegna Stampa Cattolica","isPartOf":{"@id":"https:\/\/www.rassegnastampa-totustuus.it\/cattolica\/#website"},"primaryImageOfPage":{"@id":"https:\/\/www.rassegnastampa-totustuus.it\/cattolica\/le-cattedrali\/#primaryimage"},"image":{"@id":"https:\/\/www.rassegnastampa-totustuus.it\/cattolica\/le-cattedrali\/#primaryimage"},"thumbnailUrl":"https:\/\/www.rassegnastampa-totustuus.it\/cattolica\/wp-content\/uploads\/2015\/04\/chartre.jpg","datePublished":"2011-11-02T23:00:00+00:00","dateModified":"2021-07-24T10:37:52+00:00","description":"Rassegna Stampa Cattolica - Per una cultura che nasce dalla Rivelazione cristiana in conformit\u00e0 alla tradizione e al Magistero della Chiesa in opposizione ad ogni relativismo e totalitarismo","breadcrumb":{"@id":"https:\/\/www.rassegnastampa-totustuus.it\/cattolica\/le-cattedrali\/#breadcrumb"},"inLanguage":"it-IT","potentialAction":[{"@type":"ReadAction","target":["https:\/\/www.rassegnastampa-totustuus.it\/cattolica\/le-cattedrali\/"]}]},{"@type":"ImageObject","inLanguage":"it-IT","@id":"https:\/\/www.rassegnastampa-totustuus.it\/cattolica\/le-cattedrali\/#primaryimage","url":"https:\/\/www.rassegnastampa-totustuus.it\/cattolica\/wp-content\/uploads\/2015\/04\/chartre.jpg","contentUrl":"https:\/\/www.rassegnastampa-totustuus.it\/cattolica\/wp-content\/uploads\/2015\/04\/chartre.jpg","width":187,"height":270},{"@type":"BreadcrumbList","@id":"https:\/\/www.rassegnastampa-totustuus.it\/cattolica\/le-cattedrali\/#breadcrumb","itemListElement":[{"@type":"ListItem","position":1,"name":"Home","item":"https:\/\/www.rassegnastampa-totustuus.it\/cattolica\/"},{"@type":"ListItem","position":2,"name":"Le Cattedrali"}]},{"@type":"WebSite","@id":"https:\/\/www.rassegnastampa-totustuus.it\/cattolica\/#website","url":"https:\/\/www.rassegnastampa-totustuus.it\/cattolica\/","name":"Rassegna Stampa Cattolica","description":"Per una cultura che nasce dalla Rivelazione cristiana in conformit\u00e0 alla tradizione e al Magistero della Chiesa in opposizione ad ogni relativismo e totalitarismo","publisher":{"@id":"https:\/\/www.rassegnastampa-totustuus.it\/cattolica\/#organization"},"alternateName":"Rass. Cattolica","potentialAction":[{"@type":"SearchAction","target":{"@type":"EntryPoint","urlTemplate":"https:\/\/www.rassegnastampa-totustuus.it\/cattolica\/?s={search_term_string}"},"query-input":{"@type":"PropertyValueSpecification","valueRequired":true,"valueName":"search_term_string"}}],"inLanguage":"it-IT"},{"@type":"Organization","@id":"https:\/\/www.rassegnastampa-totustuus.it\/cattolica\/#organization","name":"Rassegna Stampa Cattolica","url":"https:\/\/www.rassegnastampa-totustuus.it\/cattolica\/","logo":{"@type":"ImageObject","inLanguage":"it-IT","@id":"https:\/\/www.rassegnastampa-totustuus.it\/cattolica\/#\/schema\/logo\/image\/","url":"https:\/\/www.rassegnastampa-totustuus.it\/cattolica\/wp-content\/uploads\/2014\/04\/logo-rassegna1.gif","contentUrl":"https:\/\/www.rassegnastampa-totustuus.it\/cattolica\/wp-content\/uploads\/2014\/04\/logo-rassegna1.gif","width":600,"height":163,"caption":"Rassegna Stampa Cattolica"},"image":{"@id":"https:\/\/www.rassegnastampa-totustuus.it\/cattolica\/#\/schema\/logo\/image\/"},"sameAs":["https:\/\/www.facebook.com\/rassegnastampacattolica","https:\/\/x.com\/rassegnastampa9"]},{"@type":"Person","@id":"https:\/\/www.rassegnastampa-totustuus.it\/cattolica\/#\/schema\/person\/08f319d2bd1a0904ad9e2bfb7b15e5c3","name":"Redazione","image":{"@type":"ImageObject","inLanguage":"it-IT","@id":"https:\/\/secure.gravatar.com\/avatar\/2fcdf27c78ea025fbdb44e914cc63c72249ffec9dc8aafd5c82b26240ef3f346?s=96&d=mm&r=g","url":"https:\/\/secure.gravatar.com\/avatar\/2fcdf27c78ea025fbdb44e914cc63c72249ffec9dc8aafd5c82b26240ef3f346?s=96&d=mm&r=g","contentUrl":"https:\/\/secure.gravatar.com\/avatar\/2fcdf27c78ea025fbdb44e914cc63c72249ffec9dc8aafd5c82b26240ef3f346?s=96&d=mm&r=g","caption":"Redazione"},"url":"https:\/\/www.rassegnastampa-totustuus.it\/cattolica\/author\/pietroelle\/"}]}},"_links":{"self":[{"href":"https:\/\/www.rassegnastampa-totustuus.it\/cattolica\/wp-json\/wp\/v2\/posts\/4753","targetHints":{"allow":["GET"]}}],"collection":[{"href":"https:\/\/www.rassegnastampa-totustuus.it\/cattolica\/wp-json\/wp\/v2\/posts"}],"about":[{"href":"https:\/\/www.rassegnastampa-totustuus.it\/cattolica\/wp-json\/wp\/v2\/types\/post"}],"author":[{"embeddable":true,"href":"https:\/\/www.rassegnastampa-totustuus.it\/cattolica\/wp-json\/wp\/v2\/users\/6"}],"replies":[{"embeddable":true,"href":"https:\/\/www.rassegnastampa-totustuus.it\/cattolica\/wp-json\/wp\/v2\/comments?post=4753"}],"version-history":[{"count":3,"href":"https:\/\/www.rassegnastampa-totustuus.it\/cattolica\/wp-json\/wp\/v2\/posts\/4753\/revisions"}],"predecessor-version":[{"id":52053,"href":"https:\/\/www.rassegnastampa-totustuus.it\/cattolica\/wp-json\/wp\/v2\/posts\/4753\/revisions\/52053"}],"wp:featuredmedia":[{"embeddable":true,"href":"https:\/\/www.rassegnastampa-totustuus.it\/cattolica\/wp-json\/wp\/v2\/media\/23011"}],"wp:attachment":[{"href":"https:\/\/www.rassegnastampa-totustuus.it\/cattolica\/wp-json\/wp\/v2\/media?parent=4753"}],"wp:term":[{"taxonomy":"category","embeddable":true,"href":"https:\/\/www.rassegnastampa-totustuus.it\/cattolica\/wp-json\/wp\/v2\/categories?post=4753"},{"taxonomy":"post_tag","embeddable":true,"href":"https:\/\/www.rassegnastampa-totustuus.it\/cattolica\/wp-json\/wp\/v2\/tags?post=4753"}],"curies":[{"name":"wp","href":"https:\/\/api.w.org\/{rel}","templated":true}]}}